{"id":1045240,"date":"2022-10-24T18:50:00","date_gmt":"2022-10-24T21:50:00","guid":{"rendered":"https:\/\/www.estrategiaconcursos.com.br\/blog\/?p=1045240"},"modified":"2022-10-24T19:00:16","modified_gmt":"2022-10-24T22:00:16","slug":"concurso-tj-rn-ultimo-edital","status":"publish","type":"post","link":"https:\/\/www.estrategiaconcursos.com.br\/blog\/concurso-tj-rn-ultimo-edital\/","title":{"rendered":"Concurso TJ RN: confira informa\u00e7\u00f5es do \u00faltimo edital"},"content":{"rendered":"\n<p>Voc\u00ea que tem interesse no concurso do<a href=\"https:\/\/www.trt9.jus.br\/portal\/\" target=\"_blank\" rel=\"noreferrer noopener\"> <\/a><a href=\"https:\/\/www.estrategiaconcursos.com.br\/cursosPorConcurso\/tribunal-de-justica-do-rio-grande-do-norte-tj-rn\/\" target=\"_blank\" rel=\"noreferrer noopener\">Tribunal de Justi\u00e7a do Rio Grande do Norte<\/a>&nbsp;(TJ RN)&nbsp; confira neste artigo tudo sobre o \u00faltimo edital publicado pelo \u00f3rg\u00e3o!<\/p>\n\n\n\n<p>Segundo a autoriza\u00e7\u00e3o oficial publicada no dia 20 de outubro de 2022, a sele\u00e7\u00e3o ofertar\u00e1 ao todo\u00a0<strong>229 vagas<\/strong>\u00a0mais forma\u00e7\u00e3o em cadastro de reserva para os cargos de\u00a0<strong>T\u00e9cnico<\/strong>\u00a0Judici\u00e1rio,\u00a0<strong>Analista<\/strong>\u00a0Judici\u00e1rio e\u00a0<strong>Oficial de Justi\u00e7a<\/strong>, sendo:<\/p>\n\n\n\n<ul class=\"wp-block-list\"><li><strong>160 + CR&nbsp;<\/strong>para T\u00e9cnico Judici\u00e1rio; e<\/li><li><strong>69 + CR<\/strong>&nbsp;para Oficial de Justi\u00e7a e Analista Judici\u00e1rio.<\/li><\/ul>\n\n\n\n<p>As oportunidades ser\u00e3o de n\u00edveis m\u00e9dio e superior de escolaridade, em diversas especialidades e \u00e1reas, e a sele\u00e7\u00e3o visa ofertar cargos para lota\u00e7\u00e3o de trabalho nas Secretarias das comarcas.<\/p>\n\n\n\n<h2 class=\"wp-block-heading\" id=\"h-concurso-tj-rn-ultimo-edital\">Concurso TJ RN: \u00faltimo edital<\/h2>\n\n\n\n<p>O \u00faltimo edital do concurso TJ RN, publicado em 2020, ofertou&nbsp;<strong>33 vagas<\/strong>&nbsp;para&nbsp;<em>sete fun\u00e7\u00f5es diferentes<\/em>, todas na \u00e1rea de T.I., para regime de 40 horas semanais. A organiza\u00e7\u00e3o do certame ficou a cargo da banca UFRN\/COMPERVE.<\/p>\n\n\n\n<p>As remunera\u00e7\u00f5es variavam entre R$ 2.676,61 e R$ 5.520,16. Confira abaixo!<\/p>\n\n\n\n<figure class=\"wp-block-table is-style-stripes\"><table class=\"has-background\" style=\"background-color:#9b51e063\"><tbody><tr><td class=\"has-text-align-center\" data-align=\"center\"><strong>Cargos<\/strong><\/td><td class=\"has-text-align-center\" data-align=\"center\"><strong>Vagas<\/strong><\/td><td class=\"has-text-align-center\" data-align=\"center\"><strong>N\u00edvel<\/strong><\/td><td class=\"has-text-align-center\" data-align=\"center\"><strong>Remunera\u00e7\u00f5es<\/strong><\/td><\/tr><tr><td class=\"has-text-align-center\" data-align=\"center\">Analista de suporte pleno \u2013 Infraestrutura<\/td><td class=\"has-text-align-center\" data-align=\"center\">6<\/td><td class=\"has-text-align-center\" data-align=\"center\">Superior na \u00e1rea de tecnologia da informa\u00e7\u00e3o e comunica\u00e7\u00e3o.<\/td><td class=\"has-text-align-center\" data-align=\"center\">R$ 5.142,80<\/td><\/tr><tr><td class=\"has-text-align-center\" data-align=\"center\">Coordenador t\u00e9cnico de atendimento e suporte<\/td><td class=\"has-text-align-center\" data-align=\"center\">1<\/td><td class=\"has-text-align-center\" data-align=\"center\">Superior na \u00e1rea de tecnologia da informa\u00e7\u00e3o e comunica\u00e7\u00e3o.<\/td><td class=\"has-text-align-center\" data-align=\"center\">R$ 4.811,28<\/td><\/tr><tr><td class=\"has-text-align-center\" data-align=\"center\">Analista de suporte pleno \u2013 Banco de dados<\/td><td class=\"has-text-align-center\" data-align=\"center\">6<\/td><td class=\"has-text-align-center\" data-align=\"center\">Superior na \u00e1rea de tecnologia da informa\u00e7\u00e3o e comunica\u00e7\u00e3o.<\/td><td class=\"has-text-align-center\" data-align=\"center\">R$ 5.142,80<\/td><\/tr><tr><td class=\"has-text-align-center\" data-align=\"center\">Analista de sistemas s\u00eanior<\/td><td class=\"has-text-align-center\" data-align=\"center\">5<\/td><td class=\"has-text-align-center\" data-align=\"center\">Superior na \u00e1rea de tecnologia da informa\u00e7\u00e3o e comunica\u00e7\u00e3o.<\/td><td class=\"has-text-align-center\" data-align=\"center\">R$ 5.520,16<\/td><\/tr><tr><td class=\"has-text-align-center\" data-align=\"center\">Administrador de Sites (Web Master)<\/td><td class=\"has-text-align-center\" data-align=\"center\">3<\/td><td class=\"has-text-align-center\" data-align=\"center\">Superior na \u00e1rea de tecnologia da informa\u00e7\u00e3o e comunica\u00e7\u00e3o.<\/td><td class=\"has-text-align-center\" data-align=\"center\">R$ 5.520,16<\/td><\/tr><tr><td class=\"has-text-align-center\" data-align=\"center\">T\u00e9cnico de suporte s\u00eanior<\/td><td class=\"has-text-align-center\" data-align=\"center\">12<\/td><td class=\"has-text-align-center\" data-align=\"center\">M\u00e9dio<\/td><td class=\"has-text-align-center\" data-align=\"center\">R$ 2.676,61<\/td><\/tr><\/tbody><\/table><figcaption><strong>Cargos, vagas e remunera\u00e7\u00f5es<\/strong> \u00faltimo edital TJ RN<\/figcaption><\/figure>\n\n\n\n<p>Vale ressaltar que os valores apresentados n\u00e3o est\u00e3o acrescidos das poss\u00edveis gratifica\u00e7\u00f5es. Al\u00e9m da remunera\u00e7\u00e3o, os aprovados t\u00eam direito a aux\u00edlio-alimenta\u00e7\u00e3o (atualmente de R$ 1.700) e aux\u00edlio-sa\u00fade (o qual varia de R$ 800 a R$ 1.200, dependendo da idade do benefici\u00e1rio).<\/p>\n\n\n\n<p><strong>Gratifica\u00e7\u00e3o adicional por tempo de servi\u00e7o<\/strong>&nbsp;(<strong>Quinqu\u00eanios<\/strong>): 5%, 10%, 15%, 20%, 25% , 30% e 35%.<\/p>\n\n\n\n<h3 class=\"wp-block-heading\" id=\"etapas-concurso\">Concurso TJ RN: Etapas de provas<\/h3>\n\n\n\n<p>O \u00faltimo concurso TJ RN foi dividido nas seguintes fases:<\/p>\n\n\n\n<ul class=\"wp-block-list\"><li><strong><em>Prova Objetiva<\/em>:<\/strong>&nbsp;car\u00e1ter eliminat\u00f3rio e classificat\u00f3rio<\/li><li><em><strong>An\u00e1lise Profissional<\/strong><\/em>: car\u00e1ter classificat\u00f3rio<\/li><\/ul>\n\n\n\n<h4 class=\"wp-block-heading\" id=\"objetiva\">Prova Objetiva<\/h4>\n\n\n\n<p>A prova objetiva de m\u00faltipla escolha foi composta de&nbsp;<strong>50 quest\u00f5es<\/strong>, a serem resolvidas no per\u00edodo m\u00e1ximo de&nbsp;<strong>4 horas<\/strong>, sendo assim divididas:<\/p>\n\n\n\n<ul class=\"wp-block-list\"><li>10 quest\u00f5es de&nbsp;<em>L\u00edngua Portuguesa<\/em>;<\/li><li>10 quest\u00f5es sobre&nbsp;<em>Lei de Organiza\u00e7\u00e3o Judici\u00e1ria<\/em>&nbsp;e<\/li><li>30 quest\u00f5es de&nbsp;<em>Conhecimentos Espec\u00edficos<\/em>.<\/li><\/ul>\n\n\n\n<p>Cada quest\u00e3o valeu um ponto. Os classificados para a segunda etapa, de an\u00e1lise profissional espec\u00edfica, obtiveram, pelo menos, 50% de acertos das quest\u00f5es v\u00e1lidas da prova objetiva de m\u00faltipla escolha.<\/p>\n\n\n\n<h4 class=\"wp-block-heading\" id=\"an\u00e1lise\">An\u00e1lise Profissional<\/h4>\n\n\n\n<p>A an\u00e1lise profissional espec\u00edfica, para todos os cargos oferecidos, teve duas categorias:<\/p>\n\n\n\n<ol class=\"wp-block-list\"><li>Experi\u00eancia profissional espec\u00edfica na \u00e1rea de Tecnologia da Informa\u00e7\u00e3o e Comunica\u00e7\u00e3o;<\/li><li>Experi\u00eancia profissional espec\u00edfica em ferramentas judiciais.<\/li><\/ol>\n\n\n\n<p>A prova de an\u00e1lise profissional espec\u00edfica, de car\u00e1ter classificat\u00f3rio, foi realizada por meio da comprova\u00e7\u00e3o de experi\u00eancia profissional espec\u00edfica, constando:<\/p>\n\n\n\n<ul class=\"wp-block-list\"><li>Atestado pessoal de atividade t\u00e9cnica relacionada \u00e0 Tecnologia da Informa\u00e7\u00e3o e Comunica\u00e7\u00e3o, em \u00f3rg\u00e3o p\u00fablico, constando o per\u00edodo e o tempo (em anos, meses e dias).<\/li><li>Atestado pessoal de atividade t\u00e9cnica relacionada \u00e0 Tecnologia da Informa\u00e7\u00e3o e Comunica\u00e7\u00e3o em ferramentas judiciais, em \u00f3rg\u00e3o p\u00fablico, constando o per\u00edodo e o tempo (em anos, meses e dias).<\/li><\/ul>\n\n\n\n<p>O c\u00e1lculo da pontua\u00e7\u00e3o dos candidatos que comprovarem tempo de experi\u00eancia profissional, em ambos os casos, foi realizado conforme os crit\u00e9rios abaixo:<\/p>\n\n\n\n<figure class=\"wp-block-table is-style-stripes\"><table class=\"has-background\" style=\"background-color:#9b51e070\"><tbody><tr><td class=\"has-text-align-center\" data-align=\"center\"><strong>Tempo de experi\u00eancia espec\u00edfica no Poder P\u00fablico<\/strong>&nbsp;<strong>(em ferramentas judiciais ou n\u00e3o)<\/strong><\/td><td class=\"has-text-align-center\" data-align=\"center\"><strong>Atividade no Poder Judici\u00e1rio<\/strong><\/td><td class=\"has-text-align-center\" data-align=\"center\"><strong>Atividade em outros poderes<\/strong><\/td><\/tr><tr><td class=\"has-text-align-center\" data-align=\"center\">At\u00e9 1 ano<\/td><td class=\"has-text-align-center\" data-align=\"center\">2<\/td><td class=\"has-text-align-center\" data-align=\"center\">&#8212;<\/td><\/tr><tr><td class=\"has-text-align-center\" data-align=\"center\">De 1 ano e 1 dia at\u00e9 2 anos<\/td><td class=\"has-text-align-center\" data-align=\"center\">4<\/td><td class=\"has-text-align-center\" data-align=\"center\">2<\/td><\/tr><tr><td class=\"has-text-align-center\" data-align=\"center\">De 2 anos e 1 dia at\u00e9 3 anos<\/td><td class=\"has-text-align-center\" data-align=\"center\">6<\/td><td class=\"has-text-align-center\" data-align=\"center\">3<\/td><\/tr><tr><td class=\"has-text-align-center\" data-align=\"center\">De 3 anos e 1 dia at\u00e9 4 anos<\/td><td class=\"has-text-align-center\" data-align=\"center\">8<\/td><td class=\"has-text-align-center\" data-align=\"center\">4<\/td><\/tr><tr><td class=\"has-text-align-center\" data-align=\"center\">De 4 anos e 1 dia at\u00e9 5 anos<\/td><td class=\"has-text-align-center\" data-align=\"center\">10<\/td><td class=\"has-text-align-center\" data-align=\"center\">5<\/td><\/tr><tr><td class=\"has-text-align-center\" data-align=\"center\">Mais de 5 anos<\/td><td class=\"has-text-align-center\" data-align=\"center\">12<\/td><td class=\"has-text-align-center\" data-align=\"center\">6<\/td><\/tr><\/tbody><\/table><\/figure>\n\n\n\n<p>Foi permitida a<em><strong>&nbsp;acumula\u00e7\u00e3o dos pontos referentes \u00e0s atividades apresentadas nos dois crit\u00e9rios<\/strong><\/em>, sendo a pontua\u00e7\u00e3o final limitada ao m\u00e1ximo de<strong>&nbsp;30 pontos<\/strong>.<\/p>\n\n\n\n<p>O envio da documenta\u00e7\u00e3o comprobat\u00f3ria para a prova de an\u00e1lise profissional foi feita, exclusivamente, via internet.<\/p>\n\n\n\n<h4 class=\"wp-block-heading\" id=\"final\">Classifica\u00e7\u00e3o Final<\/h4>\n\n\n\n<p>A nota final foi calculada pela soma dos pontos obtidos na prova de m\u00faltipla escolha com os obtidos na prova de an\u00e1lise profissional espec\u00edfica. A classifica\u00e7\u00e3o final, por cargo, foi feita em ordem decrescente da nota final dos candidatos.<\/p>\n\n\n\n<p>Quer saber mais atualiza\u00e7\u00f5es e novidades sobre o <strong>concurso TJ RN<\/strong>, cujo \u00faltimo edital voc\u00ea acabou de conferir? Elaboramos um artigo completo para voc\u00ea se informar!<\/p>\n\n\n\n<p class=\"has-text-align-center has-background has-medium-font-size\" style=\"background-color:#9b51e059\"><strong>Saiba mais: <a href=\"https:\/\/www.estrategiaconcursos.com.br\/blog\/concurso-tj-rn\/\" target=\"_blank\" rel=\"noreferrer noopener\">concurso TJ RN<\/a><\/strong><\/p>\n\n\n\n<h2 class=\"has-text-align-center wp-block-heading\" id=\"h-quer-saber-tudo-sobre-concursos-previstos-confira-nossos-artigos\">Quer saber tudo sobre concursos previstos?<br \/>Confira nossos artigos!<\/h2>\n\n\n\n<ul class=\"wp-block-list\"><li><a href=\"https:\/\/www.estrategiaconcursos.com.br\/blog\/concursos-abertos\/\" target=\"_blank\" rel=\"noreferrer noopener\">Concursos abertos<\/a><\/li><li><a href=\"https:\/\/www.estrategiaconcursos.com.br\/blog\/concursos-2022\/\" target=\"_blank\" rel=\"noreferrer noopener\">Concursos 2022<\/a><\/li><li><a href=\"https:\/\/www.estrategiaconcursos.com.br\/blog\/concursos-2023\/\" target=\"_blank\" rel=\"noreferrer noopener\">Concursos 2023<\/a><\/li><\/ul>\n\n\n\n<h2 class=\"has-text-align-center wp-block-heading\" id=\"curso-tj-rn\"><strong><em>Quer estudar para o Concurso TJ RN?<\/em><\/strong><\/h2>\n\n\n\n<div class=\"container\" id=\"boxes\">\n  <div class=\"row\">\n\n    <div class=\"col-sm\">\n      <div class=\"banner-tribunal\" id=\"box-assinatura\">\n        <h3 class=\"titulo-assinatura\">Cursos para TJ RN<\/h3>\n        <p class=\"subtitulo-assinatura\">Conhe\u00e7a os cursos<\/p>\n        <div class=\"box-botao\">\n          <a class=\"btn-assinatura\" target=\"_blank\" href=\"https:\/\/www.estrategiaconcursos.com.br\/cursosPorConcurso\/tribunal-de-justica-do-rio-grande-do-norte-tj-rn\/\" role=\"button\" rel=\"noopener noreferrer\">Conhe\u00e7a mais<\/a>\n        <\/div>\n      <\/div>\n      <p class=\"texto-auxiliar\">Prepare-se com o melhor material e com quem mais aprova em Concursos P\u00fablicos em todo o pa\u00eds.<\/p>\n    <\/div>\n\n  <\/div>\n<\/div>\n\n\n\n<div class=\"container\" id=\"boxes\">\n  <div class=\"row\">\n\n    <div class=\"col-sm\">\n      <div class=\"estrategia\" id=\"box-assinatura\">\n        <h3 class=\"titulo-assinatura\">Assinatura Concursos<\/h3>\n        <p class=\"subtitulo-assinatura\">Assinatura de 1 ano ou 2 anos<\/p>\n        <div class=\"box-botao\">\n          <a class=\"btn-assinatura\" target=\"_blank\" href=\"https:\/\/www.estrategiaconcursos.com.br\/assinaturas\/\" role=\"button\" rel=\"noopener noreferrer\">ASSINE AGORA<\/a>\n        <\/div>\n      <\/div>\n     \n    <\/div><\/div><\/div>\n","protected":false},"excerpt":{"rendered":"<p>Voc\u00ea que tem interesse no concurso do Tribunal de Justi\u00e7a do Rio Grande do Norte&nbsp;(TJ RN)&nbsp; confira neste artigo tudo sobre o \u00faltimo edital publicado pelo \u00f3rg\u00e3o! Segundo a autoriza\u00e7\u00e3o oficial publicada no dia 20 de outubro de 2022, a sele\u00e7\u00e3o ofertar\u00e1 ao todo\u00a0229 vagas\u00a0mais forma\u00e7\u00e3o em cadastro de reserva para os cargos de\u00a0T\u00e9cnico\u00a0Judici\u00e1rio,\u00a0Analista\u00a0Judici\u00e1rio e\u00a0Oficial [&hellip;]<\/p>\n","protected":false},"author":2402,"featured_media":832737,"comment_status":"open","ping_status":"closed","sticky":false,"template":"","format":"standard","meta":{"post_tipo":"news","footnotes":""},"categories":[1984,220219],"tags":[],"tax_estado":[219983],"class_list":["post-1045240","post","type-post","status-publish","format-standard","has-post-thumbnail","hentry","category-tribunais","category-noticias","tax_estado-rn"],"acf":[],"yoast_head":"<!-- This site is optimized with the Yoast SEO Premium plugin v27.2 (Yoast SEO v27.2) - https:\/\/yoast.com\/product\/yoast-seo-premium-wordpress\/ -->\n<title>Concurso TJ RN: confira informa\u00e7\u00f5es do \u00faltimo edital<\/title>\n<meta name=\"description\" content=\"Concurso TJ RN: saiba aqui no site do Estrat\u00e9gia Concursos os detalhes do \u00faltimo edital publicado pelo \u00f3rg\u00e3o!\" \/>\n<meta name=\"robots\" content=\"index, follow, max-snippet:-1, max-image-preview:large, max-video-preview:-1\" \/>\n<link rel=\"canonical\" href=\"https:\/\/www.estrategiaconcursos.com.br\/blog\/concurso-tj-rn-ultimo-edital\/\" \/>\n<meta property=\"og:locale\" content=\"pt_BR\" \/>\n<meta property=\"og:type\" content=\"article\" \/>\n<meta property=\"og:title\" content=\"Concurso TJ RN: confira informa\u00e7\u00f5es do \u00faltimo edital\" \/>\n<meta property=\"og:description\" content=\"Concurso TJ RN: saiba aqui no site do Estrat\u00e9gia Concursos os detalhes do \u00faltimo edital publicado pelo \u00f3rg\u00e3o!\" \/>\n<meta property=\"og:url\" content=\"https:\/\/www.estrategiaconcursos.com.br\/blog\/concurso-tj-rn-ultimo-edital\/\" \/>\n<meta property=\"og:site_name\" content=\"Estrat\u00e9gia Concursos\" \/>\n<meta property=\"article:published_time\" content=\"2022-10-24T21:50:00+00:00\" \/>\n<meta property=\"article:modified_time\" content=\"2022-10-24T22:00:16+00:00\" \/>\n<meta property=\"og:image\" content=\"https:\/\/dhg1h5j42swfq.cloudfront.net\/2021\/07\/10170945\/tj-rn.jpeg\" \/>\n\t<meta property=\"og:image:width\" content=\"768\" \/>\n\t<meta property=\"og:image:height\" content=\"432\" \/>\n\t<meta property=\"og:image:type\" content=\"image\/jpeg\" \/>\n<meta name=\"author\" content=\"Daniela Santos Nascimento\" \/>\n<meta name=\"twitter:card\" content=\"summary_large_image\" \/>\n<meta name=\"twitter:creator\" content=\"@EstratConcursos\" \/>\n<meta name=\"twitter:site\" content=\"@EstratConcursos\" \/>\n<meta name=\"twitter:label1\" content=\"Escrito por\" \/>\n\t<meta name=\"twitter:data1\" content=\"Daniela Santos Nascimento\" \/>\n\t<meta name=\"twitter:label2\" content=\"Est. tempo de leitura\" \/>\n\t<meta name=\"twitter:data2\" content=\"5 minutos\" \/>\n<script type=\"application\/ld+json\" class=\"yoast-schema-graph\">{\"@context\":\"https:\/\/schema.org\",\"@graph\":[{\"@type\":\"NewsArticle\",\"@id\":\"https:\/\/www.estrategiaconcursos.com.br\/blog\/concurso-tj-rn-ultimo-edital\/#article\",\"isPartOf\":{\"@id\":\"https:\/\/www.estrategiaconcursos.com.br\/blog\/concurso-tj-rn-ultimo-edital\/\"},\"author\":{\"name\":\"Daniela Santos Nascimento\",\"@id\":\"https:\/\/www.estrategiaconcursos.com.br\/blog\/#\/schema\/person\/399990d02336f200766707b881aee98f\"},\"headline\":\"Concurso TJ RN: confira informa\u00e7\u00f5es do \u00faltimo edital\",\"datePublished\":\"2022-10-24T21:50:00+00:00\",\"dateModified\":\"2022-10-24T22:00:16+00:00\",\"mainEntityOfPage\":{\"@id\":\"https:\/\/www.estrategiaconcursos.com.br\/blog\/concurso-tj-rn-ultimo-edital\/\"},\"wordCount\":889,\"commentCount\":0,\"publisher\":{\"@id\":\"https:\/\/www.estrategiaconcursos.com.br\/blog\/#organization\"},\"image\":{\"@id\":\"https:\/\/www.estrategiaconcursos.com.br\/blog\/concurso-tj-rn-ultimo-edital\/#primaryimage\"},\"thumbnailUrl\":\"https:\/\/dhg1h5j42swfq.cloudfront.net\/2021\/07\/10170945\/tj-rn.jpeg\",\"articleSection\":[\"Tribunais\",\"\u00daltimas not\u00edcias\"],\"inLanguage\":\"pt-BR\",\"potentialAction\":[{\"@type\":\"CommentAction\",\"name\":\"Comment\",\"target\":[\"https:\/\/www.estrategiaconcursos.com.br\/blog\/concurso-tj-rn-ultimo-edital\/#respond\"]}],\"copyrightYear\":\"2022\",\"copyrightHolder\":{\"@id\":\"https:\/\/www.estrategiaconcursos.com.br\/blog\/#organization\"}},{\"@type\":\"WebPage\",\"@id\":\"https:\/\/www.estrategiaconcursos.com.br\/blog\/concurso-tj-rn-ultimo-edital\/\",\"url\":\"https:\/\/www.estrategiaconcursos.com.br\/blog\/concurso-tj-rn-ultimo-edital\/\",\"name\":\"Concurso TJ RN: confira informa\u00e7\u00f5es do \u00faltimo edital\",\"isPartOf\":{\"@id\":\"https:\/\/www.estrategiaconcursos.com.br\/blog\/#website\"},\"primaryImageOfPage\":{\"@id\":\"https:\/\/www.estrategiaconcursos.com.br\/blog\/concurso-tj-rn-ultimo-edital\/#primaryimage\"},\"image\":{\"@id\":\"https:\/\/www.estrategiaconcursos.com.br\/blog\/concurso-tj-rn-ultimo-edital\/#primaryimage\"},\"thumbnailUrl\":\"https:\/\/dhg1h5j42swfq.cloudfront.net\/2021\/07\/10170945\/tj-rn.jpeg\",\"datePublished\":\"2022-10-24T21:50:00+00:00\",\"dateModified\":\"2022-10-24T22:00:16+00:00\",\"description\":\"Concurso TJ RN: saiba aqui no site do Estrat\u00e9gia Concursos os detalhes do \u00faltimo edital publicado pelo \u00f3rg\u00e3o!\",\"breadcrumb\":{\"@id\":\"https:\/\/www.estrategiaconcursos.com.br\/blog\/concurso-tj-rn-ultimo-edital\/#breadcrumb\"},\"inLanguage\":\"pt-BR\",\"potentialAction\":[{\"@type\":\"ReadAction\",\"target\":[\"https:\/\/www.estrategiaconcursos.com.br\/blog\/concurso-tj-rn-ultimo-edital\/\"]}]},{\"@type\":\"ImageObject\",\"inLanguage\":\"pt-BR\",\"@id\":\"https:\/\/www.estrategiaconcursos.com.br\/blog\/concurso-tj-rn-ultimo-edital\/#primaryimage\",\"url\":\"https:\/\/dhg1h5j42swfq.cloudfront.net\/2021\/07\/10170945\/tj-rn.jpeg\",\"contentUrl\":\"https:\/\/dhg1h5j42swfq.cloudfront.net\/2021\/07\/10170945\/tj-rn.jpeg\",\"width\":768,\"height\":432},{\"@type\":\"BreadcrumbList\",\"@id\":\"https:\/\/www.estrategiaconcursos.com.br\/blog\/concurso-tj-rn-ultimo-edital\/#breadcrumb\",\"itemListElement\":[{\"@type\":\"ListItem\",\"position\":1,\"name\":\"In\u00edcio\",\"item\":\"https:\/\/www.estrategiaconcursos.com.br\/blog\/\"},{\"@type\":\"ListItem\",\"position\":2,\"name\":\"Concurso TJ RN: confira informa\u00e7\u00f5es do \u00faltimo edital\"}]},{\"@type\":\"WebSite\",\"@id\":\"https:\/\/www.estrategiaconcursos.com.br\/blog\/#website\",\"url\":\"https:\/\/www.estrategiaconcursos.com.br\/blog\/\",\"name\":\"Estrat\u00e9gia Concursos\",\"description\":\"O blog da Estrat\u00e9gia Concursos traz not\u00edcias sobre concursos e artigos de professores oferecendo cursos para concursos (pdf + videaulas) no site.\",\"publisher\":{\"@id\":\"https:\/\/www.estrategiaconcursos.com.br\/blog\/#organization\"},\"potentialAction\":[{\"@type\":\"SearchAction\",\"target\":{\"@type\":\"EntryPoint\",\"urlTemplate\":\"https:\/\/www.estrategiaconcursos.com.br\/blog\/?s={search_term_string}\"},\"query-input\":{\"@type\":\"PropertyValueSpecification\",\"valueRequired\":true,\"valueName\":\"search_term_string\"}}],\"inLanguage\":\"pt-BR\"},{\"@type\":\"Organization\",\"@id\":\"https:\/\/www.estrategiaconcursos.com.br\/blog\/#organization\",\"name\":\"Estrat\u00e9gia Concursos\",\"url\":\"https:\/\/www.estrategiaconcursos.com.br\/blog\/\",\"logo\":{\"@type\":\"ImageObject\",\"inLanguage\":\"pt-BR\",\"@id\":\"https:\/\/www.estrategiaconcursos.com.br\/blog\/#\/schema\/logo\/image\/\",\"url\":\"https:\/\/dhg1h5j42swfq.cloudfront.net\/2025\/06\/03203428\/logo_concursos-1.jpg\",\"contentUrl\":\"https:\/\/dhg1h5j42swfq.cloudfront.net\/2025\/06\/03203428\/logo_concursos-1.jpg\",\"width\":230,\"height\":60,\"caption\":\"Estrat\u00e9gia Concursos\"},\"image\":{\"@id\":\"https:\/\/www.estrategiaconcursos.com.br\/blog\/#\/schema\/logo\/image\/\"},\"sameAs\":[\"https:\/\/x.com\/EstratConcursos\"]},{\"@type\":\"Person\",\"@id\":\"https:\/\/www.estrategiaconcursos.com.br\/blog\/#\/schema\/person\/399990d02336f200766707b881aee98f\",\"name\":\"Daniela Santos Nascimento\",\"image\":{\"@type\":\"ImageObject\",\"inLanguage\":\"pt-BR\",\"@id\":\"https:\/\/secure.gravatar.com\/avatar\/7f343622ad121e2893832a8c76808be436bdfcbf2f7d696174c94ecd84f2384a?s=96&d=mm&r=g\",\"url\":\"https:\/\/secure.gravatar.com\/avatar\/7f343622ad121e2893832a8c76808be436bdfcbf2f7d696174c94ecd84f2384a?s=96&d=mm&r=g\",\"contentUrl\":\"https:\/\/secure.gravatar.com\/avatar\/7f343622ad121e2893832a8c76808be436bdfcbf2f7d696174c94ecd84f2384a?s=96&d=mm&r=g\",\"caption\":\"Daniela Santos Nascimento\"},\"url\":\"https:\/\/www.estrategiaconcursos.com.br\/blog\/author\/daniela-nascimentoestrategia-com\/\"}]}<\/script>\n<!-- \/ Yoast SEO Premium plugin. -->","yoast_head_json":{"title":"Concurso TJ RN: confira informa\u00e7\u00f5es do \u00faltimo edital","description":"Concurso TJ RN: saiba aqui no site do Estrat\u00e9gia Concursos os detalhes do \u00faltimo edital publicado pelo \u00f3rg\u00e3o!","robots":{"index":"index","follow":"follow","max-snippet":"max-snippet:-1","max-image-preview":"max-image-preview:large","max-video-preview":"max-video-preview:-1"},"canonical":"https:\/\/www.estrategiaconcursos.com.br\/blog\/concurso-tj-rn-ultimo-edital\/","og_locale":"pt_BR","og_type":"article","og_title":"Concurso TJ RN: confira informa\u00e7\u00f5es do \u00faltimo edital","og_description":"Concurso TJ RN: saiba aqui no site do Estrat\u00e9gia Concursos os detalhes do \u00faltimo edital publicado pelo \u00f3rg\u00e3o!","og_url":"https:\/\/www.estrategiaconcursos.com.br\/blog\/concurso-tj-rn-ultimo-edital\/","og_site_name":"Estrat\u00e9gia Concursos","article_published_time":"2022-10-24T21:50:00+00:00","article_modified_time":"2022-10-24T22:00:16+00:00","og_image":[{"width":768,"height":432,"url":"https:\/\/dhg1h5j42swfq.cloudfront.net\/2021\/07\/10170945\/tj-rn.jpeg","type":"image\/jpeg"}],"author":"Daniela Santos Nascimento","twitter_card":"summary_large_image","twitter_creator":"@EstratConcursos","twitter_site":"@EstratConcursos","twitter_misc":{"Escrito por":"Daniela Santos Nascimento","Est. tempo de leitura":"5 minutos"},"schema":{"@context":"https:\/\/schema.org","@graph":[{"@type":"NewsArticle","@id":"https:\/\/www.estrategiaconcursos.com.br\/blog\/concurso-tj-rn-ultimo-edital\/#article","isPartOf":{"@id":"https:\/\/www.estrategiaconcursos.com.br\/blog\/concurso-tj-rn-ultimo-edital\/"},"author":{"name":"Daniela Santos Nascimento","@id":"https:\/\/www.estrategiaconcursos.com.br\/blog\/#\/schema\/person\/399990d02336f200766707b881aee98f"},"headline":"Concurso TJ RN: confira informa\u00e7\u00f5es do \u00faltimo edital","datePublished":"2022-10-24T21:50:00+00:00","dateModified":"2022-10-24T22:00:16+00:00","mainEntityOfPage":{"@id":"https:\/\/www.estrategiaconcursos.com.br\/blog\/concurso-tj-rn-ultimo-edital\/"},"wordCount":889,"commentCount":0,"publisher":{"@id":"https:\/\/www.estrategiaconcursos.com.br\/blog\/#organization"},"image":{"@id":"https:\/\/www.estrategiaconcursos.com.br\/blog\/concurso-tj-rn-ultimo-edital\/#primaryimage"},"thumbnailUrl":"https:\/\/dhg1h5j42swfq.cloudfront.net\/2021\/07\/10170945\/tj-rn.jpeg","articleSection":["Tribunais","\u00daltimas not\u00edcias"],"inLanguage":"pt-BR","potentialAction":[{"@type":"CommentAction","name":"Comment","target":["https:\/\/www.estrategiaconcursos.com.br\/blog\/concurso-tj-rn-ultimo-edital\/#respond"]}],"copyrightYear":"2022","copyrightHolder":{"@id":"https:\/\/www.estrategiaconcursos.com.br\/blog\/#organization"}},{"@type":"WebPage","@id":"https:\/\/www.estrategiaconcursos.com.br\/blog\/concurso-tj-rn-ultimo-edital\/","url":"https:\/\/www.estrategiaconcursos.com.br\/blog\/concurso-tj-rn-ultimo-edital\/","name":"Concurso TJ RN: confira informa\u00e7\u00f5es do \u00faltimo edital","isPartOf":{"@id":"https:\/\/www.estrategiaconcursos.com.br\/blog\/#website"},"primaryImageOfPage":{"@id":"https:\/\/www.estrategiaconcursos.com.br\/blog\/concurso-tj-rn-ultimo-edital\/#primaryimage"},"image":{"@id":"https:\/\/www.estrategiaconcursos.com.br\/blog\/concurso-tj-rn-ultimo-edital\/#primaryimage"},"thumbnailUrl":"https:\/\/dhg1h5j42swfq.cloudfront.net\/2021\/07\/10170945\/tj-rn.jpeg","datePublished":"2022-10-24T21:50:00+00:00","dateModified":"2022-10-24T22:00:16+00:00","description":"Concurso TJ RN: saiba aqui no site do Estrat\u00e9gia Concursos os detalhes do \u00faltimo edital publicado pelo \u00f3rg\u00e3o!","breadcrumb":{"@id":"https:\/\/www.estrategiaconcursos.com.br\/blog\/concurso-tj-rn-ultimo-edital\/#breadcrumb"},"inLanguage":"pt-BR","potentialAction":[{"@type":"ReadAction","target":["https:\/\/www.estrategiaconcursos.com.br\/blog\/concurso-tj-rn-ultimo-edital\/"]}]},{"@type":"ImageObject","inLanguage":"pt-BR","@id":"https:\/\/www.estrategiaconcursos.com.br\/blog\/concurso-tj-rn-ultimo-edital\/#primaryimage","url":"https:\/\/dhg1h5j42swfq.cloudfront.net\/2021\/07\/10170945\/tj-rn.jpeg","contentUrl":"https:\/\/dhg1h5j42swfq.cloudfront.net\/2021\/07\/10170945\/tj-rn.jpeg","width":768,"height":432},{"@type":"BreadcrumbList","@id":"https:\/\/www.estrategiaconcursos.com.br\/blog\/concurso-tj-rn-ultimo-edital\/#breadcrumb","itemListElement":[{"@type":"ListItem","position":1,"name":"In\u00edcio","item":"https:\/\/www.estrategiaconcursos.com.br\/blog\/"},{"@type":"ListItem","position":2,"name":"Concurso TJ RN: confira informa\u00e7\u00f5es do \u00faltimo edital"}]},{"@type":"WebSite","@id":"https:\/\/www.estrategiaconcursos.com.br\/blog\/#website","url":"https:\/\/www.estrategiaconcursos.com.br\/blog\/","name":"Estrat\u00e9gia Concursos","description":"O blog da Estrat\u00e9gia Concursos traz not\u00edcias sobre concursos e artigos de professores oferecendo cursos para concursos (pdf + videaulas) no site.","publisher":{"@id":"https:\/\/www.estrategiaconcursos.com.br\/blog\/#organization"},"potentialAction":[{"@type":"SearchAction","target":{"@type":"EntryPoint","urlTemplate":"https:\/\/www.estrategiaconcursos.com.br\/blog\/?s={search_term_string}"},"query-input":{"@type":"PropertyValueSpecification","valueRequired":true,"valueName":"search_term_string"}}],"inLanguage":"pt-BR"},{"@type":"Organization","@id":"https:\/\/www.estrategiaconcursos.com.br\/blog\/#organization","name":"Estrat\u00e9gia Concursos","url":"https:\/\/www.estrategiaconcursos.com.br\/blog\/","logo":{"@type":"ImageObject","inLanguage":"pt-BR","@id":"https:\/\/www.estrategiaconcursos.com.br\/blog\/#\/schema\/logo\/image\/","url":"https:\/\/dhg1h5j42swfq.cloudfront.net\/2025\/06\/03203428\/logo_concursos-1.jpg","contentUrl":"https:\/\/dhg1h5j42swfq.cloudfront.net\/2025\/06\/03203428\/logo_concursos-1.jpg","width":230,"height":60,"caption":"Estrat\u00e9gia Concursos"},"image":{"@id":"https:\/\/www.estrategiaconcursos.com.br\/blog\/#\/schema\/logo\/image\/"},"sameAs":["https:\/\/x.com\/EstratConcursos"]},{"@type":"Person","@id":"https:\/\/www.estrategiaconcursos.com.br\/blog\/#\/schema\/person\/399990d02336f200766707b881aee98f","name":"Daniela Santos Nascimento","image":{"@type":"ImageObject","inLanguage":"pt-BR","@id":"https:\/\/secure.gravatar.com\/avatar\/7f343622ad121e2893832a8c76808be436bdfcbf2f7d696174c94ecd84f2384a?s=96&d=mm&r=g","url":"https:\/\/secure.gravatar.com\/avatar\/7f343622ad121e2893832a8c76808be436bdfcbf2f7d696174c94ecd84f2384a?s=96&d=mm&r=g","contentUrl":"https:\/\/secure.gravatar.com\/avatar\/7f343622ad121e2893832a8c76808be436bdfcbf2f7d696174c94ecd84f2384a?s=96&d=mm&r=g","caption":"Daniela Santos Nascimento"},"url":"https:\/\/www.estrategiaconcursos.com.br\/blog\/author\/daniela-nascimentoestrategia-com\/"}]}},"_links":{"self":[{"href":"https:\/\/www.estrategiaconcursos.com.br\/blog\/wp-json\/wp\/v2\/posts\/1045240","targetHints":{"allow":["GET"]}}],"collection":[{"href":"https:\/\/www.estrategiaconcursos.com.br\/blog\/wp-json\/wp\/v2\/posts"}],"about":[{"href":"https:\/\/www.estrategiaconcursos.com.br\/blog\/wp-json\/wp\/v2\/types\/post"}],"author":[{"embeddable":true,"href":"https:\/\/www.estrategiaconcursos.com.br\/blog\/wp-json\/wp\/v2\/users\/2402"}],"replies":[{"embeddable":true,"href":"https:\/\/www.estrategiaconcursos.com.br\/blog\/wp-json\/wp\/v2\/comments?post=1045240"}],"version-history":[{"count":8,"href":"https:\/\/www.estrategiaconcursos.com.br\/blog\/wp-json\/wp\/v2\/posts\/1045240\/revisions"}],"predecessor-version":[{"id":1115002,"href":"https:\/\/www.estrategiaconcursos.com.br\/blog\/wp-json\/wp\/v2\/posts\/1045240\/revisions\/1115002"}],"wp:featuredmedia":[{"embeddable":true,"href":"https:\/\/www.estrategiaconcursos.com.br\/blog\/wp-json\/wp\/v2\/media\/832737"}],"wp:attachment":[{"href":"https:\/\/www.estrategiaconcursos.com.br\/blog\/wp-json\/wp\/v2\/media?parent=1045240"}],"wp:term":[{"taxonomy":"category","embeddable":true,"href":"https:\/\/www.estrategiaconcursos.com.br\/blog\/wp-json\/wp\/v2\/categories?post=1045240"},{"taxonomy":"post_tag","embeddable":true,"href":"https:\/\/www.estrategiaconcursos.com.br\/blog\/wp-json\/wp\/v2\/tags?post=1045240"},{"taxonomy":"tax_estado","embeddable":true,"href":"https:\/\/www.estrategiaconcursos.com.br\/blog\/wp-json\/wp\/v2\/tax_estado?post=1045240"}],"curies":[{"name":"wp","href":"https:\/\/api.w.org\/{rel}","templated":true}]}}