{"id":1044330,"date":"2025-04-08T18:43:41","date_gmt":"2025-04-08T21:43:41","guid":{"rendered":"https:\/\/www.estrategiaconcursos.com.br\/blog\/?p=1044330"},"modified":"2025-04-09T11:00:40","modified_gmt":"2025-04-09T14:00:40","slug":"concurso-seadprev-pi","status":"publish","type":"post","link":"https:\/\/www.estrategiaconcursos.com.br\/blog\/concurso-seadprev-pi\/","title":{"rendered":"Concurso Seadprev PI: FCC divulga os resultados finais!"},"content":{"rendered":"<a id=\"cta-icon\" href=\"https:\/\/www.redirectmais.com\/wpp\/seadprev-pi-grupo\" target=\"blank\" style=\"background:rgb(41,166,26)\">\n            <img decoding=\"async\" src=\"https:\/\/dhg1h5j42swfq.cloudfront.net\/2024\/01\/03154041\/whatsapp_13851.png\" alt=\"\" alt=\"whatsapp_13851\"><span > Acesse agora o Grupo de Estudos para SEADPREV PI<\/span><\/a>\n\n\n\n<p>Foi divulgado o resultado final do <strong>concurso <a href=\"https:\/\/www.estrategiaconcursos.com.br\/pesquisa\/?q=SEADPREV+PI\" target=\"_blank\" rel=\"noreferrer noopener\">SEADPREV PI<\/a><\/strong> (<strong>Secretaria de Administra\u00e7\u00e3o do Piau\u00ed<\/strong>). Confira abaixo:<\/p>\n\n\n\n<ul class=\"wp-block-list\">\n<li><a href=\"https:\/\/dhg1h5j42swfq.cloudfront.net\/2025\/04\/08182849\/3_habs_final_class_desempate.pdf\" target=\"_blank\" rel=\"noreferrer noopener nofollow\">Resultado final<\/a><\/li>\n<\/ul>\n\n\n\n<p>Vale lembrar que os candidatos tiveram de passar por um curso de forma\u00e7\u00e3o para ser oficialmente aprovados no certame.<\/p>\n\n\n\n<p>Agora, o pr\u00f3ximo passo ser\u00e1 a homologa\u00e7\u00e3o, quando ser\u00e1 iniciada a validade 1 (um) ano, prazo no qual os aprovados dever\u00e3o ser convocados.<\/p>\n\n\n\n<p>O certame oferta <strong>45 vagas mais forma\u00e7\u00e3o de cadastro reserva<\/strong> para o cargo de <strong>Analista Governamental<\/strong>, nas \u00e1reas de Gest\u00e3o P\u00fablica, TI e Infraestrutura. O sal\u00e1rio inicial \u00e9 de <strong>R$ 11,5 mil<\/strong>.<\/p>\n\n\n\n<p>No total, foram registrados <strong>2.341 inscritos<\/strong>, sendo que o cargo com maior procura foi o de Analista Governamental &#8211; Gest\u00e3o P\u00fablica:<\/p>\n\n\n\n<figure class=\"wp-block-image aligncenter size-full\"><img loading=\"lazy\" decoding=\"async\" width=\"759\" height=\"148\" src=\"https:\/\/dhg1h5j42swfq.cloudfront.net\/2024\/09\/11093921\/image-293.png\" alt=\"Demanda de inscritos do concurso SEADPREV PI\" class=\"wp-image-1460086\" srcset=\"https:\/\/dhg1h5j42swfq.cloudfront.net\/2024\/09\/11093921\/image-293.png 759w, https:\/\/dhg1h5j42swfq.cloudfront.net\/2024\/09\/11093921\/image-293-300x58.png 300w, https:\/\/dhg1h5j42swfq.cloudfront.net\/2024\/09\/11093921\/image-293-610x119.png 610w, https:\/\/dhg1h5j42swfq.cloudfront.net\/2024\/09\/11093921\/image-293-150x29.png 150w\" sizes=\"auto, (max-width: 759px) 100vw, 759px\" \/><figcaption class=\"wp-element-caption\">Demanda de inscritos<\/figcaption><\/figure>\n\n\n\n<ul id=\"block-ee678516-e9d1-48bd-b327-7b9acd55f0fd\" class=\"wp-block-list has-very-light-gray-to-cyan-bluish-gray-gradient-background has-background\">\n<li><strong>Secretaria de Administra\u00e7\u00e3o do Piau\u00ed &#8211; SEADPREV PI<\/strong><\/li>\n\n\n\n<li><strong>Status:<\/strong>&nbsp;em andamento<\/li>\n\n\n\n<li><strong>Banca:&nbsp;<\/strong>FCC<\/li>\n\n\n\n<li><strong>Vagas:&nbsp;<\/strong>45 + CR<\/li>\n\n\n\n<li><strong>Sal\u00e1rio<\/strong>: R$ 11.549,35<\/li>\n\n\n\n<li><strong>Edital<\/strong>: <a href=\"https:\/\/dhg1h5j42swfq.cloudfront.net\/2024\/06\/04150431\/govpi124__edital_de_abertura_sead_seplan_final_assinada_28_05_2024__1_.pdf\" target=\"_blank\" rel=\"noreferrer noopener nofollow\">Edital SEAD PI 2024<\/a><\/li>\n<\/ul>\n\n\n\n<p>Ao longo deste artigo, voc\u00ea encontra um panorama completo sobre o&nbsp;<strong>Concurso SEADPREV PI <\/strong>para que possa se preparar o quanto antes. N\u00e3o perca nenhum detalhe.<\/p>\n\n\n\n<ul id=\"indice\" class=\"wp-block-list\">\n<li><strong><a href=\"#vagas\">Distribui\u00e7\u00e3o das vagas<\/a><\/strong><\/li>\n\n\n\n<li><a href=\"#carreira\"><strong>Carreira<\/strong><\/a>\n<ul class=\"wp-block-list\">\n<li><a href=\"#remuneracao\">Remunera\u00e7\u00e3o<\/a><\/li>\n\n\n\n<li><a href=\"#atribuicoes\">Atribui\u00e7\u00f5es<\/a><\/li>\n<\/ul>\n<\/li>\n\n\n\n<li><strong><a href=\"#etapas\">Etapas do concurso SEADPREV PI<\/a><\/strong>\n<ul class=\"wp-block-list\">\n<li><a href=\"#objetiva\">Prova objetiva<\/a><\/li>\n\n\n\n<li><a href=\"#discursiva\">Prova discursiva<\/a><\/li>\n\n\n\n<li><a href=\"#titulos\">Prova de t\u00edtulos<\/a><\/li>\n\n\n\n<li><a href=\"#curso\">Curso de forma\u00e7\u00e3o<\/a><\/li>\n<\/ul>\n<\/li>\n\n\n\n<li><a href=\"#sobre-a-seadprev-pi\"><strong>Sobre a SEADPREV PI<\/strong><\/a><\/li>\n\n\n\n<li><a href=\"#cursos\"><strong>Assinatura e cursos<\/strong><\/a><\/li>\n\n\n\n<li><a href=\"#ficha\"><strong>Ficha t\u00e9cnica<\/strong><\/a><\/li>\n<\/ul>\n\n\n\n<div id=\"boxes\" class=\"container\">\n<div class=\"row\">\n<div class=\"col-sm\">\n<div id=\"box-assinatura\" class=\"banner-estrategia\">\n<h3 class=\"titulo-assinatura\">Cursos para Seadprev<\/h3>\n<p class=\"subtitulo-assinatura\">&nbsp;<\/p>\n<div class=\"box-botao\"><a class=\"btn-assinatura\" role=\"button\" href=\"https:\/\/www.estrategiaconcursos.com.br\/cursosPorConcurso\/secretaria-do-planejamento-do-piaui-seplan-pi\/\" target=\"_blank\" rel=\"noopener noreferrer\">Conhe\u00e7a mais<\/a><\/div>\n<\/div>\n\n<\/div>\n<\/div>\n<\/div>\n\n\n\n<h2 class=\"wp-block-heading\" id=\"vagas\">Distribui\u00e7\u00e3o das vagas do Concurso SEADPREV PI<\/h2>\n\n\n\n<figure class=\"wp-block-table is-style-stripes\"><table><thead><tr><th class=\"has-text-align-center\" data-align=\"center\">Cargos\/especialidades<\/th><th class=\"has-text-align-center\" data-align=\"center\">AC<\/th><th class=\"has-text-align-center\" data-align=\"center\">PcD<\/th><th class=\"has-text-align-center\" data-align=\"center\">Negros<\/th><th class=\"has-text-align-center\" data-align=\"center\">Total<\/th><\/tr><\/thead><tbody><tr><td class=\"has-text-align-center\" data-align=\"center\">Analista Governamental &#8211; Gest\u00e3o P\u00fablica<\/td><td class=\"has-text-align-center\" data-align=\"center\">17<\/td><td class=\"has-text-align-center\" data-align=\"center\">02<\/td><td class=\"has-text-align-center\" data-align=\"center\">05<\/td><td class=\"has-text-align-center\" data-align=\"center\">20 + CR<\/td><\/tr><tr><td class=\"has-text-align-center\" data-align=\"center\">Analista Governamental &#8211; TI<\/td><td class=\"has-text-align-center\" data-align=\"center\">09<\/td><td class=\"has-text-align-center\" data-align=\"center\">02<\/td><td class=\"has-text-align-center\" data-align=\"center\">04<\/td><td class=\"has-text-align-center\" data-align=\"center\">15 + CR<\/td><\/tr><tr><td class=\"has-text-align-center\" data-align=\"center\">Analista Governamental &#8211; Infraestrutura (Arquitetura e Urbanismo)<\/td><td class=\"has-text-align-center\" data-align=\"center\">02<\/td><td class=\"has-text-align-center\" data-align=\"center\">&#8211;<\/td><td class=\"has-text-align-center\" data-align=\"center\">&#8211;<\/td><td class=\"has-text-align-center\" data-align=\"center\">02 + CR<\/td><\/tr><tr><td class=\"has-text-align-center\" data-align=\"center\">Analista Governamental &#8211; Infraestrutura (Engenharia Civil)<\/td><td class=\"has-text-align-center\" data-align=\"center\">03<\/td><td class=\"has-text-align-center\" data-align=\"center\">01<\/td><td class=\"has-text-align-center\" data-align=\"center\">01<\/td><td class=\"has-text-align-center\" data-align=\"center\">05 + CR<\/td><\/tr><tr><td class=\"has-text-align-center\" data-align=\"center\">Analista Governamental &#8211; Infraestrutura (Engenharia de Agrimensura)<\/td><td class=\"has-text-align-center\" data-align=\"center\">01<\/td><td class=\"has-text-align-center\" data-align=\"center\">&#8211;<\/td><td class=\"has-text-align-center\" data-align=\"center\">&#8211;<\/td><td class=\"has-text-align-center\" data-align=\"center\">01 + CR<\/td><\/tr><tr><td class=\"has-text-align-center\" data-align=\"center\">Analista Governamental &#8211; Infraestrutura (Engenharia El\u00e9trica)<\/td><td class=\"has-text-align-center\" data-align=\"center\">02<\/td><td class=\"has-text-align-center\" data-align=\"center\">&#8211;<\/td><td class=\"has-text-align-center\" data-align=\"center\">&#8211;<\/td><td class=\"has-text-align-center\" data-align=\"center\">02 + CR<\/td><\/tr><\/tbody><\/table><figcaption class=\"wp-element-caption\">Distribui\u00e7\u00e3o de vagas previstas<\/figcaption><\/figure>\n\n\n\n<h2 class=\"wp-block-heading\" id=\"carreira\">Carreira na SEADPREV PI<\/h2>\n\n\n\n<p>Conforme a Lei N\u00ba 8.202\/2023, cuja finalidade foi a cria\u00e7\u00e3o do cargo de Analista Governamental, a carreira possui um total de tr\u00eas \u00e1reas espec\u00edficas, com o mesmo n\u00famero de cargos vagos sendo o n\u00famero de vagas autorizadas:<\/p>\n\n\n\n<ul class=\"wp-block-list\">\n<li>Analista Governamental &#8211; Especialidade Gest\u00e3o P\u00fablica: 20 vagas;<\/li>\n\n\n\n<li>Analista Governamental &#8211; Especialidade Tecnologia da Informa\u00e7\u00e3o: 15 vagas; e<\/li>\n\n\n\n<li>Analista Governamental &#8211; Especialidade Infraestrutura: 10 vagas.<\/li>\n<\/ul>\n\n\n\n<h3 class=\"wp-block-heading\" id=\"remuneracao\">Remunera\u00e7\u00e3o<\/h3>\n\n\n\n<p>De acordo com a Lei N\u00ba 8.202\/2023, que estabelece a cria\u00e7\u00e3o do cargo de <strong>Analista Governamental<\/strong>, os futuros servidores na carreira ganhar\u00e3o, inicialmente, R$ 11.549,35, e, ao final, poder\u00e3o receber R$ <strong>20.860,19<\/strong>. Veja:<\/p>\n\n\n\n<figure class=\"wp-block-image aligncenter size-full\"><img loading=\"lazy\" decoding=\"async\" width=\"307\" height=\"506\" src=\"https:\/\/dhg1h5j42swfq.cloudfront.net\/2024\/01\/05193915\/image-126.png\" alt=\"Tabela remunerat\u00f3ria ao cargo de Analista Governamental\" class=\"wp-image-1330901\" srcset=\"https:\/\/dhg1h5j42swfq.cloudfront.net\/2024\/01\/05193915\/image-126.png 307w, https:\/\/dhg1h5j42swfq.cloudfront.net\/2024\/01\/05193915\/image-126-182x300.png 182w, https:\/\/dhg1h5j42swfq.cloudfront.net\/2024\/01\/05193915\/image-126-150x247.png 150w\" sizes=\"auto, (max-width: 307px) 100vw, 307px\" \/><\/figure>\n\n\n\n<h3 class=\"wp-block-heading\" id=\"atribuicoes\">Atribui\u00e7\u00f5es<\/h3>\n\n\n\n<p><strong>I &#8211; Analista Governamental &#8211; Especialidade Gest\u00e3o P\u00fablica:<\/strong><\/p>\n\n\n\n<p><strong>a) <\/strong>Realizar atividades de gest\u00e3o administrativa de n\u00edvel superior, envolvendo complexidades e responsabilidades elevadas, incluindo fun\u00e7\u00f5es de dire\u00e7\u00e3o, supervis\u00e3o, execu\u00e7\u00e3o e controle.<\/p>\n\n\n\n<p><strong>b) <\/strong>Desenvolver estudos, pesquisas e capacita\u00e7\u00f5es para aprimorar processos e sistemas na Administra\u00e7\u00e3o P\u00fablica.<\/p>\n\n\n\n<p><strong>c) <\/strong>Assessorar inst\u00e2ncias superiores da administra\u00e7\u00e3o p\u00fablica.<\/p>\n\n\n\n<p><strong>d) <\/strong>Desenvolver, coordenar e avaliar a \u00e1rea de gest\u00e3o do Estado em conjunto com as demais Secretarias.<\/p>\n\n\n\n<p><strong>e)<\/strong> Prover assessoramento aos \u00f3rg\u00e3os e programas da Administra\u00e7\u00e3o P\u00fablica, articulando-se com outras organiza\u00e7\u00f5es de interesse comum para o desenvolvimento e melhoria das a\u00e7\u00f5es de governo.<\/p>\n\n\n\n<p><strong>f) <\/strong>Coordenar tecnicamente a formula\u00e7\u00e3o e o acompanhamento do planejamento estrat\u00e9gico, t\u00e1tico e operacional, formulando e articulando programas e parcerias estrat\u00e9gicas.<\/p>\n\n\n\n<p><strong>g) <\/strong>Atuar nas pol\u00edticas de recursos humanos, elaborando estrat\u00e9gias para avalia\u00e7\u00e3o de desempenho, recrutamento, treinamento e desenvolvimento de pessoas.<\/p>\n\n\n\n<p><strong>h) <\/strong>Atuar no controle e gest\u00e3o de pessoas, mantendo os cadastros de servidores atualizados, incluindo lota\u00e7\u00f5es, cess\u00f5es e disposi\u00e7\u00f5es.<\/p>\n\n\n\n<p><strong>i) <\/strong>Coordenar a administra\u00e7\u00e3o de materiais e patrim\u00f4nio, incluindo atividades de padroniza\u00e7\u00e3o, codifica\u00e7\u00e3o de materiais, conserva\u00e7\u00e3o e aliena\u00e7\u00e3o de bens e materiais, inventariando bens e materiais do Estado, inclusive bens im\u00f3veis.<\/p>\n\n\n\n<p><strong>j) <\/strong>Acompanhar, gerenciar e controlar o processo de gest\u00e3o contratual desde a formaliza\u00e7\u00e3o at\u00e9 o encerramento do contrato.<\/p>\n\n\n\n<p><strong>k) <\/strong>Desenvolver e disponibilizar metodologias e t\u00e9cnicas de concep\u00e7\u00e3o, elabora\u00e7\u00e3o, monitoramento e avalia\u00e7\u00e3o de \u00edndices de gest\u00e3o do Governo Estadual.<\/p>\n\n\n\n<p><strong>l) <\/strong>Formular e implementar m\u00e9todos e processos para o incremento da produtividade.<\/p>\n\n\n\n<p><strong>m) <\/strong>Propor a estrutura\u00e7\u00e3o de t\u00e9cnicas de desenvolvimento gerencial.<\/p>\n\n\n\n<p><strong>n) <\/strong>Estudar, pesquisar e implementar m\u00e9todos e pr\u00e1ticas modernas de gest\u00e3o p\u00fablica e de moderniza\u00e7\u00e3o administrativa voltadas para resultados.<\/p>\n\n\n\n<p><strong>o) <\/strong>Coordenar a formula\u00e7\u00e3o e o acompanhamento do planejamento estrat\u00e9gico, t\u00e1tico e operacional.<\/p>\n\n\n\n<p><strong>p)<\/strong> Elaborar anteprojeto de lei, minutas de decretos, conv\u00eanios e outros atos normativos, inclusive redigir documentos oficiais.<\/p>\n\n\n\n<p><strong>q) <\/strong>Desempenhar atividades de inform\u00e1tica na sua \u00e1rea de atua\u00e7\u00e3o, incluindo modelagem de sistemas, an\u00e1lises de dados, prospec\u00e7\u00e3o tecnol\u00f3gica, gest\u00e3o de projetos e seguran\u00e7a da informa\u00e7\u00e3o.<\/p>\n\n\n\n<p><strong>II &#8211; Analista Governamental &#8211; Especialidade Tecnologia da Informa\u00e7\u00e3o:<\/strong><\/p>\n\n\n\n<p><strong>a) <\/strong>Realizar atividades de gest\u00e3o administrativa de n\u00edvel superior, envolvendo complexidades e responsabilidades elevadas.<\/p>\n\n\n\n<p><strong>b) <\/strong>Especificar, coordenar, administrar e analisar contrata\u00e7\u00f5es de bens e servi\u00e7os de tecnologia da informa\u00e7\u00e3o.<\/p>\n\n\n\n<p><strong>c) <\/strong>Apresentar solu\u00e7\u00f5es em ambientes informatizados utilizados em atividades relacionadas aos instrumentos de planejamento do Estado do Piau\u00ed.<\/p>\n\n\n\n<p><strong>d) <\/strong>Dar suporte, desenvolver e manter infraestrutura, sistemas e ferramentas digitais utilizadas na gest\u00e3o da execu\u00e7\u00e3o dos instrumentos de planejamento.<\/p>\n\n\n\n<p><strong>e)<\/strong> Atuar na an\u00e1lise e visualiza\u00e7\u00e3o de dados.<\/p>\n\n\n\n<p><strong>f)<\/strong> Operar na modelagem e administra\u00e7\u00e3o de bases de dados.<\/p>\n\n\n\n<p><strong>g)<\/strong> Prestar suporte t\u00e9cnico e treinamento ao usu\u00e1rio.<\/p>\n\n\n\n<p><strong>h) <\/strong>Estabelecer padr\u00f5es, dimensionar requisitos e funcionalidades de sistemas, definir alternativas f\u00edsicas de implanta\u00e7\u00e3o, especificar a arquitetura do sistema, montar prot\u00f3tipo do sistema.<\/p>\n\n\n\n<p><strong>i) <\/strong>Realizar testes e avalia\u00e7\u00e3o de desempenho de sistemas computacionais.<\/p>\n\n\n\n<p><strong>j)<\/strong> Identificar falhas no sistema, executar procedimentos para melhoria de desempenho do sistema, elaborar dicion\u00e1rio de dados, manuais do sistema e relat\u00f3rios t\u00e9cnicos, documentar estrutura de rede, administrar recursos internos e externos.<\/p>\n\n\n\n<p><strong>k) <\/strong>Gerenciar projetos, avaliar qualidade de produtos gerados e executar outras tarefas na \u00e1rea de tecnologia da informa\u00e7\u00e3o, dentro das compet\u00eancias do \u00d3rg\u00e3o de atua\u00e7\u00e3o.<\/p>\n\n\n\n<p><strong>l) <\/strong>Projetar, desenvolver e realizar a manuten\u00e7\u00e3o de software, aplicativos e sistemas.<\/p>\n\n\n\n<p><strong>m) <\/strong>Elaborar e redigir documentos oficiais.<\/p>\n\n\n\n<p><strong>n) <\/strong>Desenvolver projetos baseados em Intelig\u00eancia Artificial e Governo Digital.<\/p>\n\n\n\n<p><strong>III &#8211; Analista Governamental &#8211; Especialidade Infraestrutura:<\/strong><\/p>\n\n\n\n<p><strong>a) <\/strong>Realizar atividades especializadas de planejamento, coordena\u00e7\u00e3o, fiscaliza\u00e7\u00e3o, assist\u00eancia t\u00e9cnica e execu\u00e7\u00e3o de projetos e obras de infraestrutura de grande porte, abrangendo compet\u00eancias nas \u00e1reas de infraestrutura vi\u00e1ria, h\u00eddrica, de saneamento, de energia, de produ\u00e7\u00e3o mineral, de comunica\u00e7\u00f5es, e de desenvolvimento regional e urbano.<\/p>\n\n\n\n<p><strong>b)<\/strong> Elaborar, executar e dirigir projetos de engenharia, estudando caracter\u00edsticas e preparando planos, m\u00e9todos de trabalho, e demais dados necess\u00e1rios para orientar a constru\u00e7\u00e3o, manuten\u00e7\u00e3o e reparo das obras e infraestruturas estaduais, assegurando os padr\u00f5es t\u00e9cnicos exigidos.<\/p>\n\n\n\n<p><strong>c) <\/strong>Desempenhar atividades de suporte final\u00edsticas, incluindo a avalia\u00e7\u00e3o de viabilidade, an\u00e1lise, monitoramento e emiss\u00e3o de pareceres relativos \u00e0 assist\u00eancia t\u00e9cnica para a execu\u00e7\u00e3o de projetos e obras de grande porte, bem como a avalia\u00e7\u00e3o de estruturas j\u00e1 edificadas.<\/p>\n\n\n\n<p><strong>d) <\/strong>Desempenhar outras atividades de suporte final\u00edsticas, inerentes \u00e0 assist\u00eancia t\u00e9cnica para a execu\u00e7\u00e3o de projetos e obras nas \u00e1reas de infraestrutura.<\/p>\n\n\n\n<p><strong>e) <\/strong>Desempenhar as atividades de inform\u00e1tica na sua \u00e1rea de atua\u00e7\u00e3o, incluindo modelagem de sistemas, an\u00e1lises de dados, prospec\u00e7\u00e3o tecnol\u00f3gica, gest\u00e3o de projetos, bem como seguran\u00e7a da informa\u00e7\u00e3o.<\/p>\n\n\n\n<h2 class=\"wp-block-heading\" id=\"etapas\">Etapas do concurso SEADPREV PI<\/h2>\n\n\n\n<p>O certame consta de <strong>quatro etapas<\/strong>:<\/p>\n\n\n\n<ul class=\"wp-block-list\">\n<li><strong>Prova objetiva<\/strong>, de car\u00e1ter classificat\u00f3rio e eliminat\u00f3rio;<\/li>\n\n\n\n<li><strong>Prova discursiva<\/strong>, de car\u00e1ter classificat\u00f3rio e eliminat\u00f3rio;<\/li>\n\n\n\n<li><strong>Prova de t\u00edtulos<\/strong>, de car\u00e1ter classificat\u00f3rio; e<\/li>\n\n\n\n<li><strong>Curso de forma\u00e7\u00e3o<\/strong>, de car\u00e1ter eliminat\u00f3rio.<\/li>\n<\/ul>\n\n\n\n<h3 class=\"wp-block-heading\" id=\"h-prova-objetiva\">Prova objetiva<\/h3>\n\n\n\n<p>Com dura\u00e7\u00e3o de <strong>5 horas<\/strong> e aplicada no per\u00edodo da manh\u00e3, a prova objetiva foi aplicada junto \u00e0 prova discursiva no dia 08 de setembro, sendo ambas de car\u00e1ter classificat\u00f3rio e eliminat\u00f3rio.<\/p>\n\n\n\n<p>O exame foi composto por quest\u00f5es de <strong>m\u00faltipla escolha<\/strong>, com pesos distintos para cada disciplina contemplada, que possuem conte\u00fados program\u00e1ticos diferentes para cada <strong>\u00e1rea espec\u00edfica<\/strong>.<\/p>\n\n\n\n<p>Confira abaixo a tabela, retirada do edital, de crit\u00e9rios, n\u00famero de quest\u00f5es, pesos, car\u00e1ter e dura\u00e7\u00e3o das provas:<\/p>\n\n\n\n<figure class=\"wp-block-image aligncenter size-full is-resized\"><img loading=\"lazy\" decoding=\"async\" width=\"516\" height=\"41\" src=\"https:\/\/dhg1h5j42swfq.cloudfront.net\/2024\/06\/03184813\/image-19.png\" alt=\"Tabela de detalhes da prova objetiva aos cargos previstos\" class=\"wp-image-1408749\" style=\"width:541px;height:auto\" srcset=\"https:\/\/dhg1h5j42swfq.cloudfront.net\/2024\/06\/03184813\/image-19.png 516w, https:\/\/dhg1h5j42swfq.cloudfront.net\/2024\/06\/03184813\/image-19-300x24.png 300w, https:\/\/dhg1h5j42swfq.cloudfront.net\/2024\/06\/03184813\/image-19-150x12.png 150w\" sizes=\"auto, (max-width: 516px) 100vw, 516px\" \/><\/figure>\n\n\n\n<figure class=\"wp-block-image aligncenter size-full is-resized\"><img loading=\"lazy\" decoding=\"async\" width=\"515\" height=\"614\" src=\"https:\/\/dhg1h5j42swfq.cloudfront.net\/2024\/06\/03184830\/image-20.png\" alt=\"Tabela de detalhes da prova objetiva aos cargos previstos - concurso SEADPREV PI\" class=\"wp-image-1408752\" style=\"width:542px;height:auto\" srcset=\"https:\/\/dhg1h5j42swfq.cloudfront.net\/2024\/06\/03184830\/image-20.png 515w, https:\/\/dhg1h5j42swfq.cloudfront.net\/2024\/06\/03184830\/image-20-252x300.png 252w, https:\/\/dhg1h5j42swfq.cloudfront.net\/2024\/06\/03184830\/image-20-150x179.png 150w\" sizes=\"auto, (max-width: 515px) 100vw, 515px\" \/><\/figure>\n\n\n\n<figure class=\"wp-block-image aligncenter size-full is-resized\"><img loading=\"lazy\" decoding=\"async\" width=\"517\" height=\"375\" src=\"https:\/\/dhg1h5j42swfq.cloudfront.net\/2024\/06\/03184842\/image-21.png\" alt=\"Tabela de detalhes da prova objetiva aos cargos previstos - concurso SEADPREV PI\" class=\"wp-image-1408753\" style=\"width:547px;height:auto\" srcset=\"https:\/\/dhg1h5j42swfq.cloudfront.net\/2024\/06\/03184842\/image-21.png 517w, https:\/\/dhg1h5j42swfq.cloudfront.net\/2024\/06\/03184842\/image-21-300x218.png 300w, https:\/\/dhg1h5j42swfq.cloudfront.net\/2024\/06\/03184842\/image-21-150x109.png 150w\" sizes=\"auto, (max-width: 517px) 100vw, 517px\" \/><\/figure>\n\n\n\n<figure class=\"wp-block-image aligncenter size-full is-resized\"><img loading=\"lazy\" decoding=\"async\" width=\"518\" height=\"373\" src=\"https:\/\/dhg1h5j42swfq.cloudfront.net\/2024\/06\/03184853\/image-22.png\" alt=\"Tabela de detalhes da prova objetiva aos cargos previstos - concurso SEADPREV PI\" class=\"wp-image-1408754\" style=\"width:540px;height:auto\" srcset=\"https:\/\/dhg1h5j42swfq.cloudfront.net\/2024\/06\/03184853\/image-22.png 518w, https:\/\/dhg1h5j42swfq.cloudfront.net\/2024\/06\/03184853\/image-22-300x216.png 300w, https:\/\/dhg1h5j42swfq.cloudfront.net\/2024\/06\/03184853\/image-22-150x108.png 150w\" sizes=\"auto, (max-width: 518px) 100vw, 518px\" \/><\/figure>\n\n\n\n<figure class=\"wp-block-image aligncenter size-full is-resized\"><img loading=\"lazy\" decoding=\"async\" width=\"518\" height=\"375\" src=\"https:\/\/dhg1h5j42swfq.cloudfront.net\/2024\/06\/03184908\/image-23.png\" alt=\"Tabela de detalhes da prova objetiva aos cargos previstos - concurso SEADPREV PI\" class=\"wp-image-1408755\" style=\"width:532px;height:auto\" srcset=\"https:\/\/dhg1h5j42swfq.cloudfront.net\/2024\/06\/03184908\/image-23.png 518w, https:\/\/dhg1h5j42swfq.cloudfront.net\/2024\/06\/03184908\/image-23-300x217.png 300w, https:\/\/dhg1h5j42swfq.cloudfront.net\/2024\/06\/03184908\/image-23-150x109.png 150w\" sizes=\"auto, (max-width: 518px) 100vw, 518px\" \/><\/figure>\n\n\n\n<figure class=\"wp-block-image aligncenter size-full is-resized\"><img loading=\"lazy\" decoding=\"async\" width=\"518\" height=\"388\" src=\"https:\/\/dhg1h5j42swfq.cloudfront.net\/2024\/06\/03184923\/image-24.png\" alt=\"Tabela de detalhes da prova objetiva aos cargos previstos - concurso SEADPREV PI\" class=\"wp-image-1408756\" style=\"width:539px;height:auto\" srcset=\"https:\/\/dhg1h5j42swfq.cloudfront.net\/2024\/06\/03184923\/image-24.png 518w, https:\/\/dhg1h5j42swfq.cloudfront.net\/2024\/06\/03184923\/image-24-300x225.png 300w, https:\/\/dhg1h5j42swfq.cloudfront.net\/2024\/06\/03184923\/image-24-150x112.png 150w\" sizes=\"auto, (max-width: 518px) 100vw, 518px\" \/><\/figure>\n\n\n\n<figure class=\"wp-block-image aligncenter size-full is-resized\"><img loading=\"lazy\" decoding=\"async\" width=\"517\" height=\"505\" src=\"https:\/\/dhg1h5j42swfq.cloudfront.net\/2024\/06\/03184938\/image-25.png\" alt=\"Tabela de detalhes da prova objetiva aos cargos previstos\" class=\"wp-image-1408757\" style=\"width:533px;height:auto\" srcset=\"https:\/\/dhg1h5j42swfq.cloudfront.net\/2024\/06\/03184938\/image-25.png 517w, https:\/\/dhg1h5j42swfq.cloudfront.net\/2024\/06\/03184938\/image-25-300x293.png 300w, https:\/\/dhg1h5j42swfq.cloudfront.net\/2024\/06\/03184938\/image-25-150x147.png 150w\" sizes=\"auto, (max-width: 517px) 100vw, 517px\" \/><\/figure>\n\n\n\n<h3 class=\"wp-block-heading\" id=\"discursiva\">Prova discursiva<\/h3>\n\n\n\n<p>A prova discursiva, aplicada junto \u00e0 prova objetiva, foi composta por um estudo de cargo para todos os cargos\/especialidades.<\/p>\n\n\n\n<p>Sendo composta por uma quest\u00e3o pr\u00e1tica, o exame teve de ser realizado pelo candidato a fim de encontrar a solu\u00e7\u00e3o do respectivo estudo e foi avaliado em at\u00e9 <strong>100 pontos<\/strong>.<\/p>\n\n\n\n<p>Os temas versaram sobre o conte\u00fado pertinente aos conhecimentos espec\u00edficos dos cargos. Para o candidato ser considerado aprovado nesta etapa, este devia pontuar, no m\u00ednimo, <strong>50 pontos<\/strong>.<\/p>\n\n\n\n<h3 class=\"wp-block-heading\" id=\"-itulos\">Prova de t\u00edtulos<\/h3>\n\n\n\n<p>A prova de t\u00edtulos tem o objetivo de avaliar as titula\u00e7\u00f5es acad\u00eamicas de cada candidato j\u00e1 aprovado nas etapas anterior, meramente para fins classificat\u00f3rios.<\/p>\n\n\n\n<figure class=\"wp-block-image aligncenter size-full\"><img loading=\"lazy\" decoding=\"async\" width=\"516\" height=\"360\" src=\"https:\/\/dhg1h5j42swfq.cloudfront.net\/2024\/06\/04093440\/image-57.png\" alt=\"Tabela de atribui\u00e7\u00e3o de pontos na avalia\u00e7\u00e3o de t\u00edtulos\" class=\"wp-image-1409072\" srcset=\"https:\/\/dhg1h5j42swfq.cloudfront.net\/2024\/06\/04093440\/image-57.png 516w, https:\/\/dhg1h5j42swfq.cloudfront.net\/2024\/06\/04093440\/image-57-300x209.png 300w, https:\/\/dhg1h5j42swfq.cloudfront.net\/2024\/06\/04093440\/image-57-150x105.png 150w\" sizes=\"auto, (max-width: 516px) 100vw, 516px\" \/><\/figure>\n\n\n\n<h3 class=\"wp-block-heading\" id=\"curso\">Curso de forma\u00e7\u00e3o<\/h3>\n\n\n\n<p>O Curso de Forma\u00e7\u00e3o foi realizado na cidade de Teresina\/PI, na OAB SECCIONAL PIAU\u00cd (situada na rua<br \/>Governador Tib\u00e9rio Nunes Cabral, s\/n \u2013 Setor ESA-PI \u2013 Cabral), nos dias<strong> 08 e 09\/03 <\/strong>nos seguintes hor\u00e1rios: das<strong> 8h \u00e0s 12h <\/strong>(hor\u00e1rio local) e das <strong>14h \u00e0s 18h <\/strong>(hor\u00e1rio local) dispon\u00edveis no site da<br \/>FCC e enviado aos candidatos por e-mail.<\/p>\n\n\n\n<p>A realiza\u00e7\u00e3o da Prova Objetiva do Curso de Forma\u00e7\u00e3o foi realizada no mesmo local, <strong>no dia 11\/03,<\/strong> no hor\u00e1rio das <strong>8h30min<\/strong> (hor\u00e1rio local).<\/p>\n\n\n\n<p>A prova constou de 40 quest\u00f5es objetivas de m\u00faltipla escolha, com 05 alternativas, com dura\u00e7\u00e3o de 2h30.<\/p>\n\n\n\n<p>Foi considerado APTO no Curso de Forma\u00e7\u00e3o o (a) candidato (a) que obteve, concomitantemente, no<br \/>m\u00ednimo:<\/p>\n\n\n\n<ul class=\"wp-block-list\">\n<li>a) 50% de acertos na Prova Objetiva do Curso de Forma\u00e7\u00e3o; e<\/li>\n\n\n\n<li>b) 80% de frequ\u00eancia no Curso de Forma\u00e7\u00e3o.<\/li>\n<\/ul>\n\n\n\n<h2 class=\"wp-block-heading\" id=\"sobre-a-seadprev-pi\">Sobre a SEADPREV PI<\/h2>\n\n\n\n<p>Criada atrav\u00e9s da lei 3.320, a <a href=\"https:\/\/concursos.seadprev.pi.gov.br\/\" target=\"_blank\" rel=\"noreferrer noopener\">Secretaria da Administra\u00e7\u00e3o<\/a> \u00e9 o \u00f3rg\u00e3o central de coordena\u00e7\u00e3o e execu\u00e7\u00e3o da pol\u00edtica de pessoal, material, patrim\u00f4nio e servi\u00e7os gerais da administra\u00e7\u00e3o p\u00fablica do Estado do Piau\u00ed.<\/p>\n\n\n\n<p>A SEAD foi reformulada atrav\u00e9s da lei complementar 028 de 09 de junho de 2003. Inclusive, em 2015, a Secretaria passou a ser denominada de Secretaria de Administra\u00e7\u00e3o e Previd\u00eancia do Estado do Piau\u00ed &#8211; SEADPREV.<\/p>\n\n\n\n<p>O principal objetivo do \u00f3rg\u00e3o \u00e9 de prestar um servi\u00e7o de qualidade ao cidad\u00e3o, qualificar e valorizar seus recursos humanos, zelar pelo patrim\u00f4nio m\u00f3vel e im\u00f3vel do Estado. <\/p>\n\n\n\n<hr class=\"wp-block-separator has-css-opacity\"\/>\n\n\n\n<h2 class=\"wp-block-heading has-text-align-center\" id=\"cursos\"><em>Quer estudar para os concursos do Piau\u00ed?<\/em><\/h2>\n\n\n\n<p class=\"has-text-align-center\"><em>Gostou destas oportunidades e deseja come\u00e7ar se preparar agora mesmo? Ent\u00e3o, confira os nossos cursos e comece a estudar:<\/em><\/p>\n\n\n\n<div id=\"boxes\" class=\"container\">\n<div class=\"row\">\n<div class=\"col-sm\">\n<div id=\"box-assinatura\" class=\"banner-estrategia\">\n<h3 class=\"titulo-assinatura\">Cursos para Seadprev<\/h3>\n<p class=\"subtitulo-assinatura\">&nbsp;<\/p>\n<div class=\"box-botao\"><a class=\"btn-assinatura\" role=\"button\" href=\"https:\/\/www.estrategiaconcursos.com.br\/cursosPorConcurso\/secretaria-do-planejamento-do-piaui-seplan-pi\/\" target=\"_blank\" rel=\"noopener noreferrer\">Conhe\u00e7a mais<\/a><\/div>\n<\/div>\n\n<\/div>\n<\/div>\n<\/div>\n\n\n\n<div class=\"container\" id=\"boxes\">\r\n  <div class=\"row\">\r\n\r\n    <div class=\"col-sm\">\r\n      <div class=\"estrategia\" id=\"box-assinatura\">\r\n        <h3 class=\"titulo-assinatura\">Assinatura Concursos<\/h3>\r\n        <p class=\"subtitulo-assinatura\">Assinatura de 1 ano ou 2 anos<\/p>\r\n        <div class=\"box-botao\">\r\n          <a class=\"btn-assinatura\" target=\"_blank\" href=\"https:\/\/www.estrategiaconcursos.com.br\/assinaturas\/\" role=\"button\" rel=\"noopener noreferrer\">ASSINE AGORA<\/a>\r\n        <\/div>\r\n      <\/div>\r\n     \r\n    <\/div><\/div><\/div>\n\n\n\n<h2 class=\"wp-block-heading has-text-align-center\" id=\"h-quer-saber-tudo-sobre-concursos-previstos-confira-os-nossos-artigos\">Quer saber tudo sobre concursos previstos?<br \/>Confira os nossos artigos!<\/h2>\n\n\n\n<ul class=\"wp-block-list\">\n<li><a href=\"https:\/\/www.estrategiaconcursos.com.br\/blog\/concursos-abertos\/\" target=\"_blank\" rel=\"noreferrer noopener\">Concursos Abertos<\/a><\/li>\n\n\n\n<li><a href=\"https:\/\/www.estrategiaconcursos.com.br\/blog\/concurso-administrativos\/\">Concursos Administrativos<\/a><\/li>\n\n\n\n<li><a href=\"https:\/\/www.estrategiaconcursos.com.br\/blog\/concursos-2025\/\" target=\"_blank\" rel=\"noreferrer noopener\">Concursos 2025<\/a><\/li>\n<\/ul>\n\n\n\n<figure class=\"wp-block-image size-large is-resized\"><img loading=\"lazy\" decoding=\"async\" width=\"1024\" height=\"632\" src=\"https:\/\/dhg1h5j42swfq.cloudfront.net\/2021\/06\/17094429\/ficha-tecnica-3-1024x632.png\" alt=\"Informa\u00e7\u00f5es do concurso SEADPREV PI\" class=\"wp-image-769350\" style=\"width:274px;height:auto\" srcset=\"https:\/\/dhg1h5j42swfq.cloudfront.net\/2021\/06\/17094429\/ficha-tecnica-3-1024x632.png 1024w, https:\/\/dhg1h5j42swfq.cloudfront.net\/2021\/06\/17094429\/ficha-tecnica-3-300x185.png 300w, https:\/\/dhg1h5j42swfq.cloudfront.net\/2021\/06\/17094429\/ficha-tecnica-3-768x474.png 768w, https:\/\/dhg1h5j42swfq.cloudfront.net\/2021\/06\/17094429\/ficha-tecnica-3-1536x948.png 1536w, https:\/\/dhg1h5j42swfq.cloudfront.net\/2021\/06\/17094429\/ficha-tecnica-3-610x377.png 610w, https:\/\/dhg1h5j42swfq.cloudfront.net\/2021\/06\/17094429\/ficha-tecnica-3.png 1571w\" sizes=\"auto, (max-width: 1024px) 100vw, 1024px\" \/><\/figure>\n\n\n\n<h3 class=\"wp-block-heading\" id=\"ficha\">Informa\u00e7\u00f5es do concurso SEADPREV PI<\/h3>\n\n\n\n<ul class=\"wp-block-list\">\n<li><strong>Ano<\/strong>: 2024<\/li>\n\n\n\n<li><strong>Vagas<\/strong>: 45 + CR<\/li>\n\n\n\n<li><strong>Cargos<\/strong>: Analista Governamental<\/li>\n\n\n\n<li><strong>Escolaridade<\/strong>: n\u00edvel superior<\/li>\n\n\n\n<li><strong>Banca<\/strong>: FCC<\/li>\n\n\n\n<li><strong>Edital<\/strong>: <a href=\"https:\/\/dhg1h5j42swfq.cloudfront.net\/2024\/06\/04150431\/govpi124__edital_de_abertura_sead_seplan_final_assinada_28_05_2024__1_.pdf\" target=\"_blank\" rel=\"noreferrer noopener nofollow\">Edital SEAD PI 2024<\/a> | <a href=\"https:\/\/dhg1h5j42swfq.cloudfront.net\/2024\/07\/11092304\/edital_retificacao_sead_seplan.pdf\" target=\"_blank\" rel=\"noreferrer noopener nofollow\">Retifica\u00e7\u00e3o 1<\/a> | <a href=\"https:\/\/dhg1h5j42swfq.cloudfront.net\/2024\/07\/11092257\/edital_retificacao_2__sead_seplan.pdf\" target=\"_blank\" rel=\"noreferrer noopener nofollow\">Retifica\u00e7\u00e3o 2<\/a><\/li>\n<\/ul>\n","protected":false},"excerpt":{"rendered":"<p>Foi divulgado o resultado final do concurso SEADPREV PI (Secretaria de Administra\u00e7\u00e3o do Piau\u00ed). Confira abaixo: Vale lembrar que os candidatos tiveram de passar por um curso de forma\u00e7\u00e3o para ser oficialmente aprovados no certame. Agora, o pr\u00f3ximo passo ser\u00e1 a homologa\u00e7\u00e3o, quando ser\u00e1 iniciada a validade 1 (um) ano, prazo no qual os aprovados [&hellip;]<\/p>\n","protected":false},"author":1788,"featured_media":1331946,"comment_status":"open","ping_status":"closed","sticky":false,"template":"","format":"standard","meta":{"post_tipo":"news_page","footnotes":""},"categories":[214992],"tags":[],"tax_estado":[219980],"class_list":["post-1044330","post","type-post","status-publish","format-standard","has-post-thumbnail","hentry","category-concursos-administrativos","tax_estado-pi"],"acf":[],"yoast_head":"<!-- This site is optimized with the Yoast SEO Premium plugin v27.2 (Yoast SEO v27.2) - https:\/\/yoast.com\/product\/yoast-seo-premium-wordpress\/ -->\n<title>Concurso Seadprev PI: FCC divulga os resultados finais!<\/title>\n<meta name=\"description\" content=\"Concurso SEADPREV PI oferta 45 vagas + CR para Analista, cujo sal\u00e1rio \u00e9 de R$ 11,5 mil. Confira os resultados finais!\" \/>\n<meta name=\"robots\" content=\"index, follow, max-snippet:-1, max-image-preview:large, max-video-preview:-1\" \/>\n<link rel=\"canonical\" href=\"https:\/\/www.estrategiaconcursos.com.br\/blog\/concurso-seadprev-pi\/\" \/>\n<meta property=\"og:locale\" content=\"pt_BR\" \/>\n<meta property=\"og:type\" content=\"article\" \/>\n<meta property=\"og:title\" content=\"Concurso Seadprev PI: FCC divulga os resultados finais!\" \/>\n<meta property=\"og:description\" content=\"Concurso SEADPREV PI oferta 45 vagas + CR para Analista, cujo sal\u00e1rio \u00e9 de R$ 11,5 mil. Confira os resultados finais!\" \/>\n<meta property=\"og:url\" content=\"https:\/\/www.estrategiaconcursos.com.br\/blog\/concurso-seadprev-pi\/\" \/>\n<meta property=\"og:site_name\" content=\"Estrat\u00e9gia Concursos\" \/>\n<meta property=\"article:published_time\" content=\"2025-04-08T21:43:41+00:00\" \/>\n<meta property=\"article:modified_time\" content=\"2025-04-09T14:00:40+00:00\" \/>\n<meta property=\"og:image\" content=\"https:\/\/dhg1h5j42swfq.cloudfront.net\/2024\/01\/08170023\/seadprev-pi-1.jpg\" \/>\n\t<meta property=\"og:image:width\" content=\"768\" \/>\n\t<meta property=\"og:image:height\" content=\"432\" \/>\n\t<meta property=\"og:image:type\" content=\"image\/jpeg\" \/>\n<meta name=\"author\" content=\"Coordena\u00e7\u00e3o\" \/>\n<meta name=\"twitter:card\" content=\"summary_large_image\" \/>\n<meta name=\"twitter:creator\" content=\"@EstratConcursos\" \/>\n<meta name=\"twitter:site\" content=\"@EstratConcursos\" \/>\n<meta name=\"twitter:label1\" content=\"Escrito por\" \/>\n\t<meta name=\"twitter:data1\" content=\"Coordena\u00e7\u00e3o\" \/>\n\t<meta name=\"twitter:label2\" content=\"Est. tempo de leitura\" \/>\n\t<meta name=\"twitter:data2\" content=\"4 minutos\" \/>\n<script type=\"application\/ld+json\" class=\"yoast-schema-graph\">{\"@context\":\"https:\/\/schema.org\",\"@graph\":[{\"@type\":\"NewsArticle\",\"@id\":\"https:\/\/www.estrategiaconcursos.com.br\/blog\/concurso-seadprev-pi\/#article\",\"isPartOf\":{\"@id\":\"https:\/\/www.estrategiaconcursos.com.br\/blog\/concurso-seadprev-pi\/\"},\"author\":{\"name\":\"Coordena\u00e7\u00e3o\",\"@id\":\"https:\/\/www.estrategiaconcursos.com.br\/blog\/#\/schema\/person\/045703eed12dcfcc3fc58d658357c347\"},\"headline\":\"Concurso Seadprev PI: FCC divulga os resultados finais!\",\"datePublished\":\"2025-04-08T21:43:41+00:00\",\"dateModified\":\"2025-04-09T14:00:40+00:00\",\"mainEntityOfPage\":{\"@id\":\"https:\/\/www.estrategiaconcursos.com.br\/blog\/concurso-seadprev-pi\/\"},\"wordCount\":1848,\"commentCount\":0,\"publisher\":{\"@id\":\"https:\/\/www.estrategiaconcursos.com.br\/blog\/#organization\"},\"image\":{\"@id\":\"https:\/\/www.estrategiaconcursos.com.br\/blog\/concurso-seadprev-pi\/#primaryimage\"},\"thumbnailUrl\":\"https:\/\/dhg1h5j42swfq.cloudfront.net\/2024\/01\/08170023\/seadprev-pi-1.jpg\",\"articleSection\":[\"Executivo (Administrativa)\"],\"inLanguage\":\"pt-BR\",\"potentialAction\":[{\"@type\":\"CommentAction\",\"name\":\"Comment\",\"target\":[\"https:\/\/www.estrategiaconcursos.com.br\/blog\/concurso-seadprev-pi\/#respond\"]}],\"copyrightYear\":\"2025\",\"copyrightHolder\":{\"@id\":\"https:\/\/www.estrategiaconcursos.com.br\/blog\/#organization\"}},{\"@type\":\"WebPage\",\"@id\":\"https:\/\/www.estrategiaconcursos.com.br\/blog\/concurso-seadprev-pi\/\",\"url\":\"https:\/\/www.estrategiaconcursos.com.br\/blog\/concurso-seadprev-pi\/\",\"name\":\"Concurso Seadprev PI: FCC divulga os resultados finais!\",\"isPartOf\":{\"@id\":\"https:\/\/www.estrategiaconcursos.com.br\/blog\/#website\"},\"primaryImageOfPage\":{\"@id\":\"https:\/\/www.estrategiaconcursos.com.br\/blog\/concurso-seadprev-pi\/#primaryimage\"},\"image\":{\"@id\":\"https:\/\/www.estrategiaconcursos.com.br\/blog\/concurso-seadprev-pi\/#primaryimage\"},\"thumbnailUrl\":\"https:\/\/dhg1h5j42swfq.cloudfront.net\/2024\/01\/08170023\/seadprev-pi-1.jpg\",\"datePublished\":\"2025-04-08T21:43:41+00:00\",\"dateModified\":\"2025-04-09T14:00:40+00:00\",\"description\":\"Concurso SEADPREV PI oferta 45 vagas + CR para Analista, cujo sal\u00e1rio \u00e9 de R$ 11,5 mil. Confira os resultados finais!\",\"breadcrumb\":{\"@id\":\"https:\/\/www.estrategiaconcursos.com.br\/blog\/concurso-seadprev-pi\/#breadcrumb\"},\"inLanguage\":\"pt-BR\",\"potentialAction\":[{\"@type\":\"ReadAction\",\"target\":[\"https:\/\/www.estrategiaconcursos.com.br\/blog\/concurso-seadprev-pi\/\"]}]},{\"@type\":\"ImageObject\",\"inLanguage\":\"pt-BR\",\"@id\":\"https:\/\/www.estrategiaconcursos.com.br\/blog\/concurso-seadprev-pi\/#primaryimage\",\"url\":\"https:\/\/dhg1h5j42swfq.cloudfront.net\/2024\/01\/08170023\/seadprev-pi-1.jpg\",\"contentUrl\":\"https:\/\/dhg1h5j42swfq.cloudfront.net\/2024\/01\/08170023\/seadprev-pi-1.jpg\",\"width\":768,\"height\":432},{\"@type\":\"BreadcrumbList\",\"@id\":\"https:\/\/www.estrategiaconcursos.com.br\/blog\/concurso-seadprev-pi\/#breadcrumb\",\"itemListElement\":[{\"@type\":\"ListItem\",\"position\":1,\"name\":\"In\u00edcio\",\"item\":\"https:\/\/www.estrategiaconcursos.com.br\/blog\/\"},{\"@type\":\"ListItem\",\"position\":2,\"name\":\"Concurso Seadprev PI: FCC divulga os resultados finais!\"}]},{\"@type\":\"WebSite\",\"@id\":\"https:\/\/www.estrategiaconcursos.com.br\/blog\/#website\",\"url\":\"https:\/\/www.estrategiaconcursos.com.br\/blog\/\",\"name\":\"Estrat\u00e9gia Concursos\",\"description\":\"O blog da Estrat\u00e9gia Concursos traz not\u00edcias sobre concursos e artigos de professores oferecendo cursos para concursos (pdf + videaulas) no site.\",\"publisher\":{\"@id\":\"https:\/\/www.estrategiaconcursos.com.br\/blog\/#organization\"},\"potentialAction\":[{\"@type\":\"SearchAction\",\"target\":{\"@type\":\"EntryPoint\",\"urlTemplate\":\"https:\/\/www.estrategiaconcursos.com.br\/blog\/?s={search_term_string}\"},\"query-input\":{\"@type\":\"PropertyValueSpecification\",\"valueRequired\":true,\"valueName\":\"search_term_string\"}}],\"inLanguage\":\"pt-BR\"},{\"@type\":\"Organization\",\"@id\":\"https:\/\/www.estrategiaconcursos.com.br\/blog\/#organization\",\"name\":\"Estrat\u00e9gia Concursos\",\"url\":\"https:\/\/www.estrategiaconcursos.com.br\/blog\/\",\"logo\":{\"@type\":\"ImageObject\",\"inLanguage\":\"pt-BR\",\"@id\":\"https:\/\/www.estrategiaconcursos.com.br\/blog\/#\/schema\/logo\/image\/\",\"url\":\"https:\/\/dhg1h5j42swfq.cloudfront.net\/2025\/06\/03203428\/logo_concursos-1.jpg\",\"contentUrl\":\"https:\/\/dhg1h5j42swfq.cloudfront.net\/2025\/06\/03203428\/logo_concursos-1.jpg\",\"width\":230,\"height\":60,\"caption\":\"Estrat\u00e9gia Concursos\"},\"image\":{\"@id\":\"https:\/\/www.estrategiaconcursos.com.br\/blog\/#\/schema\/logo\/image\/\"},\"sameAs\":[\"https:\/\/x.com\/EstratConcursos\"]},{\"@type\":\"Person\",\"@id\":\"https:\/\/www.estrategiaconcursos.com.br\/blog\/#\/schema\/person\/045703eed12dcfcc3fc58d658357c347\",\"name\":\"Coordena\u00e7\u00e3o\",\"image\":{\"@type\":\"ImageObject\",\"inLanguage\":\"pt-BR\",\"@id\":\"https:\/\/secure.gravatar.com\/avatar\/f3095faeb99f4ee382a251aa279c830bd3f320ce3b5f2b4981bcc67f49efef63?s=96&d=mm&r=g\",\"url\":\"https:\/\/secure.gravatar.com\/avatar\/f3095faeb99f4ee382a251aa279c830bd3f320ce3b5f2b4981bcc67f49efef63?s=96&d=mm&r=g\",\"contentUrl\":\"https:\/\/secure.gravatar.com\/avatar\/f3095faeb99f4ee382a251aa279c830bd3f320ce3b5f2b4981bcc67f49efef63?s=96&d=mm&r=g\",\"caption\":\"Coordena\u00e7\u00e3o\"},\"url\":\"https:\/\/www.estrategiaconcursos.com.br\/blog\/author\/contatoestrategiaconcursos-com-br-2\/\"}]}<\/script>\n<!-- \/ Yoast SEO Premium plugin. -->","yoast_head_json":{"title":"Concurso Seadprev PI: FCC divulga os resultados finais!","description":"Concurso SEADPREV PI oferta 45 vagas + CR para Analista, cujo sal\u00e1rio \u00e9 de R$ 11,5 mil. Confira os resultados finais!","robots":{"index":"index","follow":"follow","max-snippet":"max-snippet:-1","max-image-preview":"max-image-preview:large","max-video-preview":"max-video-preview:-1"},"canonical":"https:\/\/www.estrategiaconcursos.com.br\/blog\/concurso-seadprev-pi\/","og_locale":"pt_BR","og_type":"article","og_title":"Concurso Seadprev PI: FCC divulga os resultados finais!","og_description":"Concurso SEADPREV PI oferta 45 vagas + CR para Analista, cujo sal\u00e1rio \u00e9 de R$ 11,5 mil. Confira os resultados finais!","og_url":"https:\/\/www.estrategiaconcursos.com.br\/blog\/concurso-seadprev-pi\/","og_site_name":"Estrat\u00e9gia Concursos","article_published_time":"2025-04-08T21:43:41+00:00","article_modified_time":"2025-04-09T14:00:40+00:00","og_image":[{"width":768,"height":432,"url":"https:\/\/dhg1h5j42swfq.cloudfront.net\/2024\/01\/08170023\/seadprev-pi-1.jpg","type":"image\/jpeg"}],"author":"Coordena\u00e7\u00e3o","twitter_card":"summary_large_image","twitter_creator":"@EstratConcursos","twitter_site":"@EstratConcursos","twitter_misc":{"Escrito por":"Coordena\u00e7\u00e3o","Est. tempo de leitura":"4 minutos"},"schema":{"@context":"https:\/\/schema.org","@graph":[{"@type":"NewsArticle","@id":"https:\/\/www.estrategiaconcursos.com.br\/blog\/concurso-seadprev-pi\/#article","isPartOf":{"@id":"https:\/\/www.estrategiaconcursos.com.br\/blog\/concurso-seadprev-pi\/"},"author":{"name":"Coordena\u00e7\u00e3o","@id":"https:\/\/www.estrategiaconcursos.com.br\/blog\/#\/schema\/person\/045703eed12dcfcc3fc58d658357c347"},"headline":"Concurso Seadprev PI: FCC divulga os resultados finais!","datePublished":"2025-04-08T21:43:41+00:00","dateModified":"2025-04-09T14:00:40+00:00","mainEntityOfPage":{"@id":"https:\/\/www.estrategiaconcursos.com.br\/blog\/concurso-seadprev-pi\/"},"wordCount":1848,"commentCount":0,"publisher":{"@id":"https:\/\/www.estrategiaconcursos.com.br\/blog\/#organization"},"image":{"@id":"https:\/\/www.estrategiaconcursos.com.br\/blog\/concurso-seadprev-pi\/#primaryimage"},"thumbnailUrl":"https:\/\/dhg1h5j42swfq.cloudfront.net\/2024\/01\/08170023\/seadprev-pi-1.jpg","articleSection":["Executivo (Administrativa)"],"inLanguage":"pt-BR","potentialAction":[{"@type":"CommentAction","name":"Comment","target":["https:\/\/www.estrategiaconcursos.com.br\/blog\/concurso-seadprev-pi\/#respond"]}],"copyrightYear":"2025","copyrightHolder":{"@id":"https:\/\/www.estrategiaconcursos.com.br\/blog\/#organization"}},{"@type":"WebPage","@id":"https:\/\/www.estrategiaconcursos.com.br\/blog\/concurso-seadprev-pi\/","url":"https:\/\/www.estrategiaconcursos.com.br\/blog\/concurso-seadprev-pi\/","name":"Concurso Seadprev PI: FCC divulga os resultados finais!","isPartOf":{"@id":"https:\/\/www.estrategiaconcursos.com.br\/blog\/#website"},"primaryImageOfPage":{"@id":"https:\/\/www.estrategiaconcursos.com.br\/blog\/concurso-seadprev-pi\/#primaryimage"},"image":{"@id":"https:\/\/www.estrategiaconcursos.com.br\/blog\/concurso-seadprev-pi\/#primaryimage"},"thumbnailUrl":"https:\/\/dhg1h5j42swfq.cloudfront.net\/2024\/01\/08170023\/seadprev-pi-1.jpg","datePublished":"2025-04-08T21:43:41+00:00","dateModified":"2025-04-09T14:00:40+00:00","description":"Concurso SEADPREV PI oferta 45 vagas + CR para Analista, cujo sal\u00e1rio \u00e9 de R$ 11,5 mil. Confira os resultados finais!","breadcrumb":{"@id":"https:\/\/www.estrategiaconcursos.com.br\/blog\/concurso-seadprev-pi\/#breadcrumb"},"inLanguage":"pt-BR","potentialAction":[{"@type":"ReadAction","target":["https:\/\/www.estrategiaconcursos.com.br\/blog\/concurso-seadprev-pi\/"]}]},{"@type":"ImageObject","inLanguage":"pt-BR","@id":"https:\/\/www.estrategiaconcursos.com.br\/blog\/concurso-seadprev-pi\/#primaryimage","url":"https:\/\/dhg1h5j42swfq.cloudfront.net\/2024\/01\/08170023\/seadprev-pi-1.jpg","contentUrl":"https:\/\/dhg1h5j42swfq.cloudfront.net\/2024\/01\/08170023\/seadprev-pi-1.jpg","width":768,"height":432},{"@type":"BreadcrumbList","@id":"https:\/\/www.estrategiaconcursos.com.br\/blog\/concurso-seadprev-pi\/#breadcrumb","itemListElement":[{"@type":"ListItem","position":1,"name":"In\u00edcio","item":"https:\/\/www.estrategiaconcursos.com.br\/blog\/"},{"@type":"ListItem","position":2,"name":"Concurso Seadprev PI: FCC divulga os resultados finais!"}]},{"@type":"WebSite","@id":"https:\/\/www.estrategiaconcursos.com.br\/blog\/#website","url":"https:\/\/www.estrategiaconcursos.com.br\/blog\/","name":"Estrat\u00e9gia Concursos","description":"O blog da Estrat\u00e9gia Concursos traz not\u00edcias sobre concursos e artigos de professores oferecendo cursos para concursos (pdf + videaulas) no site.","publisher":{"@id":"https:\/\/www.estrategiaconcursos.com.br\/blog\/#organization"},"potentialAction":[{"@type":"SearchAction","target":{"@type":"EntryPoint","urlTemplate":"https:\/\/www.estrategiaconcursos.com.br\/blog\/?s={search_term_string}"},"query-input":{"@type":"PropertyValueSpecification","valueRequired":true,"valueName":"search_term_string"}}],"inLanguage":"pt-BR"},{"@type":"Organization","@id":"https:\/\/www.estrategiaconcursos.com.br\/blog\/#organization","name":"Estrat\u00e9gia Concursos","url":"https:\/\/www.estrategiaconcursos.com.br\/blog\/","logo":{"@type":"ImageObject","inLanguage":"pt-BR","@id":"https:\/\/www.estrategiaconcursos.com.br\/blog\/#\/schema\/logo\/image\/","url":"https:\/\/dhg1h5j42swfq.cloudfront.net\/2025\/06\/03203428\/logo_concursos-1.jpg","contentUrl":"https:\/\/dhg1h5j42swfq.cloudfront.net\/2025\/06\/03203428\/logo_concursos-1.jpg","width":230,"height":60,"caption":"Estrat\u00e9gia Concursos"},"image":{"@id":"https:\/\/www.estrategiaconcursos.com.br\/blog\/#\/schema\/logo\/image\/"},"sameAs":["https:\/\/x.com\/EstratConcursos"]},{"@type":"Person","@id":"https:\/\/www.estrategiaconcursos.com.br\/blog\/#\/schema\/person\/045703eed12dcfcc3fc58d658357c347","name":"Coordena\u00e7\u00e3o","image":{"@type":"ImageObject","inLanguage":"pt-BR","@id":"https:\/\/secure.gravatar.com\/avatar\/f3095faeb99f4ee382a251aa279c830bd3f320ce3b5f2b4981bcc67f49efef63?s=96&d=mm&r=g","url":"https:\/\/secure.gravatar.com\/avatar\/f3095faeb99f4ee382a251aa279c830bd3f320ce3b5f2b4981bcc67f49efef63?s=96&d=mm&r=g","contentUrl":"https:\/\/secure.gravatar.com\/avatar\/f3095faeb99f4ee382a251aa279c830bd3f320ce3b5f2b4981bcc67f49efef63?s=96&d=mm&r=g","caption":"Coordena\u00e7\u00e3o"},"url":"https:\/\/www.estrategiaconcursos.com.br\/blog\/author\/contatoestrategiaconcursos-com-br-2\/"}]}},"_links":{"self":[{"href":"https:\/\/www.estrategiaconcursos.com.br\/blog\/wp-json\/wp\/v2\/posts\/1044330","targetHints":{"allow":["GET"]}}],"collection":[{"href":"https:\/\/www.estrategiaconcursos.com.br\/blog\/wp-json\/wp\/v2\/posts"}],"about":[{"href":"https:\/\/www.estrategiaconcursos.com.br\/blog\/wp-json\/wp\/v2\/types\/post"}],"author":[{"embeddable":true,"href":"https:\/\/www.estrategiaconcursos.com.br\/blog\/wp-json\/wp\/v2\/users\/1788"}],"replies":[{"embeddable":true,"href":"https:\/\/www.estrategiaconcursos.com.br\/blog\/wp-json\/wp\/v2\/comments?post=1044330"}],"version-history":[{"count":59,"href":"https:\/\/www.estrategiaconcursos.com.br\/blog\/wp-json\/wp\/v2\/posts\/1044330\/revisions"}],"predecessor-version":[{"id":1560271,"href":"https:\/\/www.estrategiaconcursos.com.br\/blog\/wp-json\/wp\/v2\/posts\/1044330\/revisions\/1560271"}],"wp:featuredmedia":[{"embeddable":true,"href":"https:\/\/www.estrategiaconcursos.com.br\/blog\/wp-json\/wp\/v2\/media\/1331946"}],"wp:attachment":[{"href":"https:\/\/www.estrategiaconcursos.com.br\/blog\/wp-json\/wp\/v2\/media?parent=1044330"}],"wp:term":[{"taxonomy":"category","embeddable":true,"href":"https:\/\/www.estrategiaconcursos.com.br\/blog\/wp-json\/wp\/v2\/categories?post=1044330"},{"taxonomy":"post_tag","embeddable":true,"href":"https:\/\/www.estrategiaconcursos.com.br\/blog\/wp-json\/wp\/v2\/tags?post=1044330"},{"taxonomy":"tax_estado","embeddable":true,"href":"https:\/\/www.estrategiaconcursos.com.br\/blog\/wp-json\/wp\/v2\/tax_estado?post=1044330"}],"curies":[{"name":"wp","href":"https:\/\/api.w.org\/{rel}","templated":true}]}}