{"id":104368,"date":"2019-04-02T14:21:26","date_gmt":"2019-04-02T17:21:26","guid":{"rendered":"https:\/\/www.estrategiaconcursos.com.br\/blog\/?p=104368"},"modified":"2020-12-09T11:40:39","modified_gmt":"2020-12-09T14:40:39","slug":"direito-constitucional-exame-de-ordem","status":"publish","type":"post","link":"https:\/\/www.estrategiaconcursos.com.br\/blog\/direito-constitucional-exame-de-ordem\/","title":{"rendered":"Direito Constitucional OAB: como estudar para o Exame de Ordem"},"content":{"rendered":"\n<p>Ol\u00e1, pessoal, <\/p>\n\n\n\n<p>Aqui \u00e9 o Diego Cerqueira, professor da disciplina Direito Constitucional\npara o Exame de Ordem. \u00c9 um prazer receb\u00ea-los em nosso curso <em>\u201cComo estudar para OAB\u201d.<\/em><\/p>\n\n\n\n<p>Ao longo das primeiras aulas, o professor Ricardo Torques apresentou\nmuito bem as no\u00e7\u00f5es basilares acerca do Exame de Ordem. E, nesse sentido, voc\u00eas\ntiveram a oportunidade de conhecer as regras do edital, as \u00e1reas de atua\u00e7\u00e3o,\nal\u00e9m de como melhor utilizar nossos materiais para assim planejar os estudos de\n1\u00aa fase.&nbsp; <\/p>\n\n\n\n<p>Vamos agora adentrar no mundo do Direito Constitucional. A\nideia \u00e9 apresentar a voc\u00eas, de modo particular, como se preparar em uma das\ndisciplinas mais importantes do exame.Digo isso n\u00e3o querendo \u201cpuxar\u201d a sardinha\npara meu lado rs, mas porque de fato \u00e9 uma disciplina \u201cchave\u201d na busca da\nsonhada aprova\u00e7\u00e3o. <\/p>\n\n\n\n<p>Primeiro, porque teremos um bom n\u00famero de quest\u00f5es na prova. Ser\u00e3o\n07 (sete), entrando no bloco das chamadas \u201cmat\u00e9rias de maior peso\u201d. Segundo,\nporque o Direito Constitucional \u00e9 a espinha dorsal no estudo da ordem jur\u00eddica nacional.<\/p>\n\n\n\n<p>Nessa seara, temos ao longo do texto da Constitui\u00e7\u00e3o de 1988,\npor exemplo, um cap\u00edtulo pr\u00f3prio para tratar o sistema tribut\u00e1rio; os direitos\nsociais; o direito ambiental; direito administrativo; direito penal, enfim, ramos\ndo direito que buscam na fonte da Constitui\u00e7\u00e3o os seus aspectos essenciais. <\/p>\n\n\n\n<p>Pensando nisso, \u00e9 poss\u00edvel termos a cobran\u00e7a na OAB de\nquest\u00f5es com vi\u00e9s constitucional dentro dessas disciplinas. Ent\u00e3o, ter uma boa\nbase em Dir. Constitucional, poder\u00e1 lhe permitir tamb\u00e9m acertar quest\u00f5es de\noutras mat\u00e9rias.&nbsp; <\/p>\n\n\n\n<p>\u201cAh&#8230; professor, mas o assunto de Constitucional \u00e9 muito\ndenso, extenso e cheio de detalhes&#8230;..vou precisar estudar tudo? <\/p>\n\n\n\n<p>Calma, muita calma nessa hora rs! Meu papel aqui \u00e9 trazer as \u201c<strong><em>trilhas\nestrat\u00e9gicas\u201d. <\/em><\/strong><\/p>\n\n\n\n<p>Acompanhe a seguir o Raio X completo acerca da FGV, banca\nexaminadora que elabora as provas do Exame de Ordem:<\/p>\n\n\n\n<h1 class=\"wp-block-heading\">Direito Constitucional em Provas Anteriores<\/h1>\n\n\n\n<p>O <strong>Raio-X Estrat\u00e9gico <\/strong>trata-se uma an\u00e1lise feita a\npartir da pesquisa em todos os exames anteriores aplicados pela Funda\u00e7\u00e3o\nGet\u00falio Vargas. Ap\u00f3s o \u00faltimo exame da OAB, temos o seguinte cen\u00e1rio: <\/p>\n\n\n\n<figure class=\"wp-block-table is-style-stripes\"><table><tbody><tr><td>\n  ASSUNTOS\n  <\/td><td>\n  Quest\u00f5es\n  <\/td><td>\n  <strong><em>%<\/em><\/strong>\n  <\/td><\/tr><tr><td>\n  <strong><em>TEORIA GERAL DA CONSTITUI\u00c7\u00c3O<\/em><\/strong>\n  <\/td><td>\n  <strong>15<\/strong>\n  <\/td><td>\n  <strong><em>7,50%<\/em><\/strong>\n  <\/td><\/tr><tr><td>\n  <strong><em>DIREITOS E DEVERES INDIVIDUAIS E\n  COLETIVOS<\/em><\/strong>\n  <\/td><td>\n  <strong>33<\/strong>\n  <\/td><td>\n  <strong><em>16,50%<\/em><\/strong>\n  <\/td><\/tr><tr><td>\n  <em>NACIONALIDADE<\/em>\n  <\/td><td>\n  9\n  <\/td><td>\n  <em>4,50%<\/em>\n  <\/td><\/tr><tr><td>\n  <em>DIREITOS\n  POL\u00cdTICOS<\/em>\n  <\/td><td>\n  11\n  <\/td><td>\n  <em>5,50%<\/em>\n  <\/td><\/tr><tr><td>\n  <em>PARTIDOS\n  POL\u00cdTICOS<\/em>\n  <\/td><td>\n  2\n  <\/td><td>\n  <em>1,00%<\/em>\n  <\/td><\/tr><tr><td>\n  <strong><em>ORGANIZA\u00c7\u00c3O DO ESTADO + INTERVEN\u00c7\u00c3O\n  FEDERAL<\/em><\/strong>\n  <\/td><td>\n  <strong>25<\/strong>\n  <\/td><td>\n  <strong><em>12,50%<\/em><\/strong>\n  <\/td><\/tr><tr><td>\n  <em>ADMINISTRA\u00c7\u00c3O\n  P\u00daBLICA<\/em>\n  <\/td><td>\n  2\n  <\/td><td>\n  <em>1,00%<\/em>\n  <\/td><\/tr><tr><td>\n  <em>PRINC\u00cdPIO\n  DA SEPARA\u00c7\u00c3O DOS PODERES<\/em>\n  <\/td><td>\n  1\n  <\/td><td>\n  <em>0,50%<\/em>\n  <\/td><\/tr><tr><td>\n  <strong><em>PODER EXECUTIVO<\/em><\/strong>\n  <\/td><td>\n  <strong>11<\/strong>\n  <\/td><td>\n  <strong><em>5,50%<\/em><\/strong>\n  <\/td><\/tr><tr><td>\n  <strong><em>PODER LEGISLATIVO + TRIBUNAIS DE\n  CONTAS<\/em><\/strong>\n  <\/td><td>\n  <strong>13<\/strong>\n  <\/td><td>\n  <strong><em>6,50%<\/em><\/strong>\n  <\/td><\/tr><tr><td>\n  <strong><em>PROCESSO LEGISLATIVO<\/em><\/strong>\n  <\/td><td>\n  <strong>16<\/strong>\n  <\/td><td>\n  <strong><em>8,00%<\/em><\/strong>\n  <\/td><\/tr><tr><td>\n  <em>PODER\n  JUDICI\u00c1RIO<\/em>\n  <\/td><td>\n  10\n  <\/td><td>\n  <em>5,00%<\/em>\n  <\/td><\/tr><tr><td>\n  <em>FUN\u00c7\u00d5ES\n  ESSENCIAIS \u00c0 JUSTI\u00c7A<\/em>\n  <\/td><td>\n  3\n  <\/td><td>\n  <em>1,50%<\/em>\n  <\/td><\/tr><tr><td>\n  <strong><em>CONTROLE DE CONSTITUCIONALIDADE<\/em><\/strong>\n  <\/td><td>\n  <strong>34<\/strong>\n  <\/td><td>\n  <strong><em>17,00%<\/em><\/strong>\n  <\/td><\/tr><tr><td>\n  <em>ORDEM\n  SOCIAL E OUTROS TEMAS<\/em>\n  <\/td><td>\n  11\n  <\/td><td>\n  <em>5,50%<\/em>\n  <\/td><\/tr><tr><td>\n  <em>ORDEM\n  ECON\u00d4MICA E FINANCEIRA<\/em>\n  <\/td><td>\n  1\n  <\/td><td>\n  <em>0,50%<\/em>\n  <\/td><\/tr><tr><td>\n  <em>DEFESA DO\n  ESTADO<\/em>\n  <\/td><td>\n  3\n  <\/td><td>\n  <em>1,50%<\/em>\n  <\/td><\/tr><tr><td>\n  <strong><em>TOTAL<\/em><\/strong>\n  <\/td><td>\n  <strong><em>200<\/em><\/strong>\n  <\/td><td>\n  <strong><em>100,00%<\/em><\/strong>\n  <\/td><\/tr><\/tbody><\/table><\/figure>\n\n\n\n<figure class=\"wp-block-image\"><img loading=\"lazy\" decoding=\"async\" width=\"648\" height=\"307\" src=\"https:\/\/dhg1h5j42swfq.cloudfront.net\/2019\/05\/02141118\/image5.png\" alt=\"direito constitucional oab\" class=\"wp-image-367814\" srcset=\"https:\/\/dhg1h5j42swfq.cloudfront.net\/2019\/05\/02141118\/image5.png 648w, https:\/\/dhg1h5j42swfq.cloudfront.net\/2019\/05\/02141118\/image5.png 300w, https:\/\/dhg1h5j42swfq.cloudfront.net\/2019\/05\/02141118\/image5.png 610w\" sizes=\"auto, (max-width: 648px) 100vw, 648px\" \/><\/figure>\n\n\n\n<p>Ent\u00e3o, meus amigos, percebam que temos diversos temas sendo recorrentes em provas. Por exemplo, s\u00f3 em controle de constitucionalidade, n\u00f3s j\u00e1 tivemos <strong>34 quest\u00f5es<\/strong>. Isso representa quase <strong>20%<\/strong> da abordagem em Constitucional. \u00c9 muita coisa para um assunto s\u00f3. \u00c9 a chamada \u201cqueridinha da FGV\u201d. Todo exame cai uma quest\u00e3o, ou pelo menos um item dentro de uma quest\u00e3o no tema da reparti\u00e7\u00e3o de compet\u00eancias.<\/p>\n\n\n\n<p>Uma an\u00e1lise ainda mais cuidadosa vai nos mostrar que, via de regra, se\nvoc\u00ea tiver o conhecimento de 05 t\u00f3picos essenciais do edital, <strong><em>Controle de Constitucionalidade,\nDireitos Fundamentais, Organiza\u00e7\u00e3o do Estado e dos Poderes <\/em><\/strong><em>e a <strong>Teoria Geral da Constitui\u00e7\u00e3o<\/strong><\/em><strong>, <\/strong>ter\u00e1 chances\nreais de fazer uma boa prova. Isto porque, ter\u00e1 percorrido (+-) <strong>75% <\/strong>de tudo que j\u00e1 foi objeto de cobran\u00e7a pela banca examinadora. &nbsp;<\/p>\n\n\n\n<p>Do ponto de vista t\u00e9cnico, faz total sentido essa abordagem pela FGV. Esses\nconte\u00fados retratam, em verdade, a ess\u00eancia do texto da Constitui\u00e7\u00e3o; dos\nvalores materiais previstos na ordem jur\u00eddica-constitucional. <\/p>\n\n\n\n<p>Pensando nisso, elaboramos o curso regular visando dar um tratamento\nespecial aos temas que merecem uma aten\u00e7\u00e3o especial. Isso facilitar\u00e1 a jornada\nde voc\u00eas. Usaremos essa estat\u00edstica a nosso favor. Ser\u00e1 o nosso <strong><em>guia de bolso<\/em><\/strong>.<\/p>\n\n\n\n<p>O cronograma do curso j\u00e1 est\u00e1 dispon\u00edvel na plataforma do Estrat\u00e9gia\nOAB. Em Constitucional, trabalharemos com um bloco de 10 aulas regulares em\npdf, al\u00e9m da composi\u00e7\u00e3o das v\u00eddeoaulas, resumos e slides de refor\u00e7o. <\/p>\n\n\n\n<p>Outrossim, fizemos uma divis\u00e3o metodol\u00f3gica dentro de cada aula para\nque possamos dar prioridade aos t\u00f3picos de maior incid\u00eancia. Por exemplo, ser\u00e1\nque dentro do estudo da <em>Teoria Geral da\nConstitui\u00e7\u00e3o<\/em>, a FGV gosta de algum assunto em espec\u00edfico? Ou tende a cobrar\nalgo pela recorr\u00eancia? O que fazer? Estudar toda a aula?<\/p>\n\n\n\n<p>Ent\u00e3o. Aqui \u00e9 que temos o detalhe. Dividimos o curso e as nossas aulas por cap\u00edtulos, de modo que voc\u00eas possam estudar t\u00f3picos isolados dentro de cada tem\u00e1tica central. Dessa forma, elaboramos uma divis\u00e3o por \u201cn\u00edveis de import\u00e2ncia\u201d, que apresento a seguir: <\/p>\n\n\n\n<figure class=\"wp-block-image\"><img loading=\"lazy\" decoding=\"async\" width=\"958\" height=\"419\" src=\"https:\/\/dhg1h5j42swfq.cloudfront.net\/2019\/05\/02141318\/image6.png\" alt=\"direito constitucional oab\" class=\"wp-image-367817\" srcset=\"https:\/\/dhg1h5j42swfq.cloudfront.net\/2019\/05\/02141318\/image6.png 958w, https:\/\/dhg1h5j42swfq.cloudfront.net\/2019\/05\/02141318\/image6.png 300w, https:\/\/dhg1h5j42swfq.cloudfront.net\/2019\/05\/02141318\/image6.png 768w, https:\/\/dhg1h5j42swfq.cloudfront.net\/2019\/05\/02141318\/image6.png 610w\" sizes=\"auto, (max-width: 958px) 100vw, 958px\" \/><\/figure>\n\n\n\n<p>Dentro da aula 00 (demonstrativa), temos assuntos que foram\nclassificados de modo a guiar a prepara\u00e7\u00e3o de voc\u00eas. E tal fato deve ser\nsopesado quando do uso dos roteiros que apresentamos aqui.<\/p>\n\n\n\n<p>\n \n \nLogicamente,\npe\u00e7o que tenham uma pondera\u00e7\u00e3o ao longo da jornada, pois cada caso deve ser analisado\nem particular. Alguns alunos, por exemplo, possuem mais tempo de estudo, outros\nmenos. Alguns t\u00eam mais facilidade de leitura, outros menos. Enfim, trata-se de um<strong>guia sugestivo<\/strong>.\n;) <\/p>\n\n\n\n<p>Cumpre ressaltar que levaremos em considera\u00e7\u00e3o o\nestudo te\u00f3rico intervalar dos livros digitais, das v\u00eddeoaulas, bem como a parte\npr\u00e1tica com a resolu\u00e7\u00e3o dos exerc\u00edcios e as revis\u00f5es sistem\u00e1ticas (resumos e\nslides).&nbsp; Mas, fiquem tranquilos que na\ntabela a seguir fa\u00e7o o detalhamento. Vamos aos roteiros. ;)<\/p>\n\n\n\n<h1 class=\"wp-block-heading\">Roteiro essencial<\/h1>\n\n\n\n<p>Trata-se de um roteiro inicial com foco na\nabordagem dos pontos fundamentais; essenciais e basilares para uma boa\nprepara\u00e7\u00e3o.&nbsp; Estes temas s\u00e3o de estudo\nobrigat\u00f3rio; devem ser contemplados, necessariamente (n\u00e3o tem como fugir&#8230;.rs).\nAqui, vale o seguinte destaque:<\/p>\n\n\n\n<figure class=\"wp-block-image\"><img loading=\"lazy\" decoding=\"async\" width=\"653\" height=\"274\" src=\"https:\/\/dhg1h5j42swfq.cloudfront.net\/2019\/05\/02141508\/image7.png\" alt=\"\" class=\"wp-image-367818\" srcset=\"https:\/\/dhg1h5j42swfq.cloudfront.net\/2019\/05\/02141508\/image7.png 653w, https:\/\/dhg1h5j42swfq.cloudfront.net\/2019\/05\/02141508\/image7.png 300w, https:\/\/dhg1h5j42swfq.cloudfront.net\/2019\/05\/02141508\/image7.png 610w\" sizes=\"auto, (max-width: 653px) 100vw, 653px\" \/><\/figure>\n\n\n\n<p>E como devo estud\u00e1-lo, professor? <\/p>\n\n\n\n<p><strong>(A)<\/strong>\nSugiro iniciar o estudo pela <em>Aula 00 &#8211;\nTeoria Geral da Constitui\u00e7\u00e3o<\/em>. Mas, n\u00e3o necessariamente voc\u00ea precisa estudar\ntodos os conte\u00fados da aula 00. O foco deve estar concentrado para os seguintes\ntemas:&nbsp; <strong>hierarquia\ndas normas constitucionais, poder constituinte e aplica\u00e7\u00e3o das normas no tempo<\/strong>.\nRecomendo o estudo pelas v\u00eddeoaulas e slides.<\/p>\n\n\n\n<p><strong>(B)<\/strong>\nEm seguida, inicie o estudo da <em>Aula 01 &#8211;\nDos direitos individuais e coletivos<\/em>. Mas, procure dar uma aten\u00e7\u00e3o especial\naos dispositivos do art. 5\u00ba que pontuaremos na tabela a seguir. (direito \u00e0\ninforma\u00e7\u00e3o, propriedade, associa\u00e7\u00e3o, inviolabilidade domiciliar, escusa de\nconsci\u00eancia e direito de reuni\u00e3o). Recomendo o estudo por livro digital +\nv\u00eddeoaula para fins de consolida\u00e7\u00e3o.<\/p>\n\n\n\n<p><strong>(C)<\/strong>\nPara a 3\u00aa etapa, sugiro o estudo da <em>Aula\n02 &#8211; Direitos Pol\u00edticos<\/em>. Atualmente, tem se tornado um t\u00f3pico quente do\nedital. Dentro desse bloco, penso que deve dar uma aten\u00e7\u00e3o especial aos: <strong>direitos pol\u00edticos negativos, com as chamadas\ninelegibilidades<\/strong> (absoluta e relativa). Tema forte, inclusive, para\nquem pretende fazer a 2\u00aa fase em Dir. Constitucional. Recomendo o estudo por v\u00eddeoaula\n+ slides + leitura art. 14, CRFB\/88.<\/p>\n\n\n\n<p><strong>(D)<\/strong>\nAvance no estudo com a abordagem da <em>Aula\n03 \u2013 parte Reparti\u00e7\u00e3o de Compet\u00eancias.<\/em> Aqui, voc\u00ea precisa saber as regras\nprivativas, exclusivas e concorrentes, que est\u00e3o previstas nos art. 21, 22 e 24\nda CF\/88. Recomendo o estudo por v\u00eddeoaula + slides + leitura CRFB\/88.<\/p>\n\n\n\n<p><strong>(E)<\/strong>\nEntrando na etapa final, vale a abordagem da <em>Aula 06 &#8211; Poder legislativo.<\/em> em especial no tema do <strong>Estatuto dos Congressistas. <\/strong>\u00c9 importante o conhecimento das imunidades\nparlamentares. A FGV adora cobrar uma quest\u00e3o disso. Recomendo o estudo por\nlivro digital + v\u00eddeoaula.<\/p>\n\n\n\n<p><strong>(F) <\/strong>Por\n\u00faltimo,temos a aula de <strong>Controle de Constitucionalidade<\/strong>. Trata-se\nde um tema fundamental, com abordagem quase que completa pela FGV. Aqui, a\naten\u00e7\u00e3o deve estar para os institutos da cl\u00e1usula de reserva de plen\u00e1rio,\ns\u00famulas vinculantes, controle difuso e seus efeitos e as a\u00e7\u00f5es de controle abstrato\n(ADI, ADO, ADC, ADPF). Recomendo o estudo por livro v\u00eddeoaula + slides +\nrefor\u00e7o com livro digital.<\/p>\n\n\n\n<p>Uma observa\u00e7\u00e3o. Ao longo do estudo desses temas,\nprocure fazer marca\u00e7\u00f5es (grifos simples) nos pontos fundamentais dos conte\u00fados\nem pdf. A t\u00edtulo de exemplo, voc\u00ea pode realizar grifo para: artigos da CRFB\/88;\ns\u00famulas e entendimentos da jurisprud\u00eancia; aspectos te\u00f3ricos relevantes e os\nalertas indicados pelo professor (tome nota, preste aten\u00e7\u00e3o, se liga da\ndica&#8230;). Mas, lembre-se, n\u00e3o \u00e9 para marcar tudo. Apenas informa\u00e7\u00f5es\nessenciais!!! <\/p>\n\n\n\n<p>Ainda sim, no processo de revis\u00e3o, procure\nutilizar os esquemas propostos em pdf (quadro- resumo). Tamb\u00e9m disponibilizamos\nno curso os slides das nossas transmiss\u00f5es em v\u00eddeo. Eles est\u00e3o bem completos e\npodem servir como material de refor\u00e7o e r\u00e1pida consulta para as revis\u00f5es\nperi\u00f3dicas que realizar.&nbsp; <\/p>\n\n\n\n<p>Com efeito, nosso roteiro essencial ficar\u00e1 assim\ndefinido:<\/p>\n\n\n\n<figure class=\"wp-block-table is-style-stripes\"><table><tbody><tr><td>\n  <strong>Bloco<\/strong>\n  <\/td><td>\n  <strong>Tema<\/strong>\n  <\/td><td>\n  <strong>Estudo\n  <\/strong>\n  <\/td><td>\n  <strong>Revis\u00e3o<\/strong>\n  <\/td><td>\n  <strong>Artigos\n  p\/ Leitura<\/strong>\n  <\/td><\/tr><tr><td>\n  <strong>(A)<\/strong>\n  <\/td><td>\n  Teoria Geral da\n  Constitui\u00e7\u00e3o \n  <\/td><td>\n  &#8211; Assistir v\u00eddeos aula\n  00 (cap\u00edtulos 2,3 e 4)\n  &#8211; Marca\u00e7\u00f5es para:\n  Hierarquia das normas\n  Poder Constituinte\n  Aplica\u00e7\u00e3o das normas no\n  tempo\n  <\/td><td>\n  Leitura dos slides;\n  Revis\u00e3o das marca\u00e7\u00f5es\n  do pdf e esquemas.\n  <\/td><td>\n  Art. 1\u00aa a 4\u00aa da\n  CRFB\/88.\n  <\/td><\/tr><tr><td>\n  <strong>(B) <\/strong>\n  <\/td><td>\n  Direitos Individuais e\n  Coletivos\n  <\/td><td>\n  &#8211; Leitura da aula 01\n  (cap\u00edtulo 7)\n  &#8211; Marca\u00e7\u00f5es para: \n  Direito de reuni\u00e3o;\n  associa\u00e7\u00e3o, inviolabilidade domiciliar, propriedade, escusa de consci\u00eancia,\n  livre exerc\u00edcio do trabalho e emprego e os rem\u00e9dios constitucionais \n  <\/td><td>\n  Refor\u00e7o por v\u00eddeoaula;\n  Uso dos slides p\/\n  consolida\u00e7\u00e3o assunto;\n  Leitura do vade mecum. \n  <\/td><td>\n  Art. 5\u00ba, caput, incisos\n  I, II, IV ao VIII, X ao XIII, XVII ao XIX, XXII ao XXVI, XXXIII e LXVIII a LXXIII da\n  CRFB\/88.\n  <\/td><\/tr><tr><td>\n  <strong>(C)<\/strong>\n  <\/td><td>\n  Direitos Pol\u00edticos \n  <\/td><td>\n  &#8211; Assistir v\u00eddeos da\n  aula 02 \n  &#8211; Marca\u00e7\u00f5es para: inelegibilidades\n  relativas:&nbsp;&nbsp;&nbsp; \n  (reflexa, regra da desincompatibiliza\u00e7\u00e3o\n  e perda de mandato)\n  <\/td><td>\n  Refor\u00e7o c\/ leitura dos\n  slides;\n  Leitura art. 14 e\n  par\u00e1grafos;\n  Muitos exerc\u00edcios para\n  consolidar.\n  <\/td><td>\n  Art. 14, \u00a74\u00ba a 7\u00ba \n  +\n  Art. 15 da CRFB\/88\n  <\/td><\/tr><tr><td>\n  <strong>(D)<\/strong>\n  <\/td><td>\n  Reparti\u00e7\u00e3o de\n  compet\u00eancias\n  <\/td><td>\n  &#8211; Assistir v\u00eddeos da\n  aula 03 \n  &#8211; Marca\u00e7\u00f5es para: \n  Regras de compet\u00eancias\n  exclusivas, privativas e concorrentes\n  <\/td><td>\n  Revis\u00e3o slides;\n  Leitura vade mecum;\n  Refazer quest\u00f5es\n  erradas em exerc\u00edcio;\n  &nbsp;\n  <\/td><td>\n  Art. 21, 22, 24 da\n  CRFB\/88\n  <\/td><\/tr><tr><td>\n  <strong>(E)<\/strong>\n  <\/td><td>\n  Poder Legislativo\n  <\/td><td>\n  &#8211; Leitura aula 06 por\n  pdf (cap\u00edtulos 20 e 21).\n  &#8211; Marca\u00e7\u00f5es para: \n  Atribui\u00e7\u00f5es do\n  legislativo\n  Estatuto dos\n  Congressistas \n  Marcar quest\u00f5es erradas\n  <\/td><td>\n  Revisar com marca\u00e7\u00f5es\n  feitas ao longo do pdf;\n  Revis\u00e3o das quest\u00f5es\n  erradas em exerc\u00edcio;\n  V\u00eddeoaulas + slides, se\n  sobrar tempo.\n  <\/td><td>\n  Art. 58, \u00a73\u00ba\n  +\n  &nbsp;Arts. 49, 51 e 52, 53, 55 e 56 da CRFB\/88\n  <\/td><\/tr><tr><td>\n  <strong>(F)<\/strong>\n  <\/td><td>\n  Controle de\n  Constitucionalidade\n  <\/td><td>\n  &#8211; Leitura da aula 10\n  por pdf\n  &#8211; Marca\u00e7\u00f5es para:\n  Cl\u00e1usula de reserva de\n  plen\u00e1rio\n  S\u00famulas vinculantes\n  ADI, ADO, ADC, ADPF\n  Modula\u00e7\u00e3o temporal dos efeitos\n  <\/td><td>\n  Refor\u00e7o com v\u00eddeoaula;\n  Revis\u00e3o c\/ slides;\n  Resolver muitos exerc\u00edcios,\n  principalmente controle abstrato.\n  &nbsp;\n  &nbsp;\n  &nbsp;\n  <\/td><td>\n  Art. 97, 102, I, al\u00ednea\n  \u201ca\u201d, art. 103-A + art. 3\u00ba Lei 11.417; \n  Art. 102, III, al\u00edneas\n  \u201ca\u201d at\u00e9 \u201cd\u201d da CRFB\/88;\n  Art. 948 e 949 do NCPC;\n  e SV\u00ba 10 STF.\n  <\/td><\/tr><\/tbody><\/table><\/figure>\n\n\n\n<h1 class=\"wp-block-heading\">&nbsp;<\/h1>\n\n\n\n<h1 class=\"wp-block-heading\">Roteiro Intermedi\u00e1rio<\/h1>\n\n\n\n<p>Este \u00e9 o roteiro em que voc\u00ea estudar\u00e1, al\u00e9m dos temas obrigat\u00f3rios que vimos a pouco, os pontos classificados como de conte\u00fado importante. \u00c9 indicado para aqueles alunos que possuem um tempo razo\u00e1vel de estudo, visando uma prepara\u00e7\u00e3o com anteced\u00eancia. <\/p>\n\n\n\n<p>Dentro desse contexto, pe\u00e7o que tenha aten\u00e7\u00e3o redobrada para os seguintes cap\u00edtulos: <\/p>\n\n\n\n<figure class=\"wp-block-image\"><img loading=\"lazy\" decoding=\"async\" width=\"659\" height=\"325\" src=\"https:\/\/dhg1h5j42swfq.cloudfront.net\/2019\/05\/02141548\/image8.png\" alt=\"direito constitucional oab\" class=\"wp-image-367819\" srcset=\"https:\/\/dhg1h5j42swfq.cloudfront.net\/2019\/05\/02141548\/image8.png 659w, https:\/\/dhg1h5j42swfq.cloudfront.net\/2019\/05\/02141548\/image8.png 300w, https:\/\/dhg1h5j42swfq.cloudfront.net\/2019\/05\/02141548\/image8.png 610w\" sizes=\"auto, (max-width: 659px) 100vw, 659px\" \/><\/figure>\n\n\n\n<p>Vejamos, a seguir, como ser\u00e1 o bloco de estudo:<\/p>\n\n\n\n<p><strong>(A)<\/strong>\nSugiro iniciar o estudo pela <em>Aula 00 &#8211;\nTeoria Geral da Constitui\u00e7\u00e3o<\/em>. Aten\u00e7\u00e3o para a abordagem dos temas:&nbsp;\nHierarquia das normas constitucionais, poder constituinte e aplica\u00e7\u00e3o\ndas normas no tempo e, al\u00e9m disso,<strong>aplicabilidade das normas constitucionais.<\/strong> Recomendo\no estudo pelo livro digital. Em seguida, utilizar as v\u00eddeoaulas e material de\nslides como revis\u00e3o, caso ainda sinta dificuldade.<\/p>\n\n\n\n<p><strong>(B)<\/strong>\nEm seguida, iniciar estudo pela <em>Aula 01 \u2013\nDireitos Individuais e coletivos<\/em>. Recomendo estudar todo o livro digital +\nresolu\u00e7\u00e3o de muitos exerc\u00edcios + leitura peri\u00f3dica do art. 5\u00ba da CRFB\/88. <\/p>\n\n\n\n<p><strong>(C) <\/strong>Sugiro\no estudo da <em>Aula 02 \u2013 Direitos de\nNacionalidade e Pol\u00edtic<\/em>os.Para\nos direitos de nacionalidade,\nvoc\u00eapode se concentrar nas\nhip\u00f3teses de <strong>brasileiro nato e naturalizado,\nportugu\u00eas equiparado, perda de nacionalidade, e cargos privativos de brasileiro\nnato<\/strong>. Em rela\u00e7\u00e3o aos <em>Direitos Pol\u00edticos<\/em>,\npermanece o foco nas inelegibilidades (absoluta e relativa) e perda e suspens\u00e3o\nde direitos. Recomendo o estudo mais aprofundado pelo livro digital e refor\u00e7o\ncom v\u00eddeoaulas e slides.<\/p>\n\n\n\n<p><strong>(D)<\/strong>\nAp\u00f3s, realizar o estudo da <em>Aula 03 \u2013\nOrganiza\u00e7\u00e3o pol\u00edtico-administrativa<\/em>. Para este ponto, voc\u00ea deve adicionar o\nt\u00f3pico da \u201cOrganiza\u00e7\u00e3o do Estado\u201d, com as hip\u00f3teses de <strong>altera\u00e7\u00e3o\nna estrutura dos estados e munic\u00edpios<\/strong>. Ainda, pode incluir as hip\u00f3teses\nde <strong>Interven\u00e7\u00e3o<\/strong>. Recomendo\nassistir v\u00eddeos + leitura do livro digital. <\/p>\n\n\n\n<p><strong>(E)<\/strong>\nAvance no estudo da <em>Aula 05 &#8211; Poder\nExecutivo. <\/em>Aqui, voc\u00ea precisar\u00e1 dar aten\u00e7\u00e3o \u00e0s <strong>atribui\u00e7\u00f5es\ndo Presidente da Rep\u00fablica e as hip\u00f3teses de Responsabiliza\u00e7\u00e3o do PR<\/strong>.\nRecomendo o estudo por v\u00eddeoaulas e refor\u00e7o com slides.<\/p>\n\n\n\n<p><strong>(F)<\/strong>\nSugiro o estudo da <em>Aula 06 &#8211; Poder\nlegislativo<\/em>. Para o roteiro intermedi\u00e1rio, voc\u00ea pode fazer o estudo dos\nseguintes temas: <strong>Comiss\u00f5es parlamentares de\ninqu\u00e9rito, atribui\u00e7\u00f5es da C\u00e2mara, Senado e Congresso, al\u00e9m do estudo\nobrigat\u00f3rio acerca do Estatuto dos Congressistas. <\/strong>Recomendo o estudo\npor livro digital e revis\u00e3o v\u00eddeoaula.<\/p>\n\n\n\n<p><strong>(G) <\/strong>Sugiro\no estudo da <em>Aula 07 \u2013 Processo\nLegislativo. <\/em>Dentro desse contexto, pe\u00e7o que tenham uma aten\u00e7\u00e3o extra para\nas <strong>iniciativas do Presidente da\nRep\u00fablica<\/strong> sobre certas mat\u00e9rias; al\u00e9m dos procedimentos\nlegislativos especiais &#8211; <strong>Medidas\nProvis\u00f3rias, Emendas Constitucionais, Resolu\u00e7\u00f5es do Senado, Decretos\nLegislativos<\/strong>.Recomendo o\nestudo inicial v\u00eddeoaula, mas refor\u00e7o em seguida com livro digital.<\/p>\n\n\n\n<p><strong>(H) <\/strong>Entrando\nno bloco final, sugiro o estudo da <em>Aula\n08 \u2013 Poder Judici\u00e1rio. <\/em>Concentre-se no tema do <strong>Conselho\nNacional e Justi\u00e7a, <\/strong>al\u00e9m\ndas<strong> compet\u00eancias do STF. <\/strong>Recomendo\no estudo por v\u00eddeoaula e slides para complementar.<\/p>\n\n\n\n<p><strong>(I) <\/strong>Sugiro\no estudo da <em>Aula 10 &#8211; Controle de Constitucionalidade<\/em>. Trata-se de um tema\nfundamental, com abordagem quase que completa pela FGV. Aqui, a aten\u00e7\u00e3o deve\nestar para os institutos da <strong>cl\u00e1usula de\nreserva de plen\u00e1rio, s\u00famulas vinculantes, controle difuso e seus efeitos e as\na\u00e7\u00f5es de controle abstrato<\/strong> (ADI, ADO, ADC, ADPF). Recomendo o estudo inicial\npor v\u00eddeoaula. &nbsp;Em seguida, refor\u00e7o com\nlivro digital.<\/p>\n\n\n\n<p><strong>(J) <\/strong>Por\nfim, conclua com o estudo da <em>Aula 09 \u2013\nDemais temas. <\/em>Penso que pode focar na abordagem dos seguintes t\u00f3picos: <strong>defesa do estado e das institui\u00e7\u00f5es democr\u00e1ticas e\nordem social<\/strong> (cultura, ambiente, ensino, sa\u00fade, assist\u00eancia, amparo\nao idoso, crian\u00e7a e adolescente). Recomendo o estudo por v\u00eddeoaula e slides. <\/p>\n\n\n\n<p>Mais uma vez! Cuidado com as revis\u00f5es. Se o\nestudo ocorrer por livro digital, utilize os grifos para selecionar os pontos\nde destaque nas revis\u00f5es peri\u00f3dicas. Outrossim, pode utilizar os slides das\naulas em v\u00eddeo como material de refor\u00e7o. Eles ajudam e muito na reten\u00e7\u00e3o do\nconte\u00fado e na memoriza\u00e7\u00e3o nos detalhes de prova. <\/p>\n\n\n\n<p>Olha s\u00f3 como ficar\u00e1 o roteiro intermedi\u00e1rio:<\/p>\n\n\n\n<figure class=\"wp-block-table is-style-stripes\"><table><tbody><tr><td>\n  <strong>Bloco<\/strong>\n  <\/td><td>\n  <strong>Tema<\/strong>\n  <\/td><td>\n  <strong>Estudo\n  <\/strong>\n  <\/td><td>\n  <strong>Revis\u00e3o\/Refor\u00e7o<\/strong>\n  <\/td><td>\n  <strong>Artigos\n  p\/ Leitura<\/strong>\n  <\/td><\/tr><tr><td>\n  <strong>(A)<\/strong>\n  <\/td><td>\n  Teoria Geral da\n  Constitui\u00e7\u00e3o \n  <\/td><td>\n  &#8211; Assistir v\u00eddeos aula\n  00 \n  &#8211; Fazer marca\u00e7\u00f5es nos\n  temas:\n  <strong>Hierarquia das normas<\/strong>\n  <strong>Poder Constituinte<\/strong>\n  <strong>Aplica\u00e7\u00e3o no tempo<\/strong>\n  <strong>Aplicabilidade das normas<\/strong>\n  <\/td><td>\n  Leitura dos slides;\n  Revis\u00e3o das marca\u00e7\u00f5es\n  do pdf e esquemas.\n  <\/td><td>\n  Art. 1\u00aa a 4\u00aa da\n  CRFB\/88.\n  <\/td><\/tr><tr><td>\n  <strong>(B) <\/strong>\n  <\/td><td>\n  Direitos Individuais e\n  Coletivos\n  <\/td><td>\n  &#8211; Leitura do pdf (cap\u00edtulo\n  07)\n  &#8211; Marca\u00e7\u00f5es para: \n  <strong>Direito de reuni\u00e3o; associa\u00e7\u00e3o, inviolabilidade\n  domiciliar, propriedade, escusa de consci\u00eancia, livre exerc\u00edcio do trabalho e\n  emprego e os rem\u00e9dios constitucionais. <\/strong><strong><\/strong>\n  <\/td><td>\n  Refor\u00e7o por v\u00eddeoaulas;\n  \n  Uso dos slides p\/\n  consolida\u00e7\u00e3o;\n  Leitura do vade mecum. \n  <\/td><td>\n  Art. 5\u00ba, caput, incisos\n  I, II, IV ao VIII, X ao XIII, XVII ao XIX, XXII ao XXVI, XXXIII e LXVIII a LXXIII da\n  CRFB\/88.\n  <\/td><\/tr><tr><td>\n  <strong>(C) <\/strong>\n  <\/td><td>\n  Direitos de\n  Nacionalidade\n  <\/td><td>\n  Leitura aula 02 pelo\n  pdf \n  (cap\u00edtulos 9)\n  Marca\u00e7\u00f5es para: \n  <strong>Hip\u00f3teses de brasileiro nato e naturalizado; perda de nacionalidade;\n  cargos privativos, portugu\u00eas equiparado.<\/strong><strong><\/strong>\n  <\/td><td>\n  Assistir os v\u00eddeos; \n  Leitura de slides;\n  Leitura obrigat\u00f3ria\n  art. 12 e par\u00e1grafos.\n  <\/td><td>\n  Art. 12 incisos e \u00a71\u00ba\n  ao 4\u00ba, da CRFB\/88\n  &nbsp;\n  <\/td><\/tr><tr><td>\n  Direitos Pol\u00edticos \n  <\/td><td>\n  Leitura aula 02 pelo\n  pdf \n  (cap\u00edtulos 10)\n  Marca\u00e7\u00f5es para: \n  <strong>Inelegibilidades relativas:&nbsp;&nbsp;&nbsp; <\/strong>\n  <strong>(reflexa, regra da desincompatibiliza\u00e7\u00e3o&#8230;) <\/strong>\n  <strong>Perda ou suspens\u00e3o de direitos<\/strong>\n  <\/td><td>\n  Assistir os v\u00eddeos;\n  Leitura de slides; \n  Leitura art. 14 e\n  par\u00e1grafos;\n  Revis\u00e3o dos exerc\u00edcios\n  errados.\n  &nbsp;\n  <\/td><td>\n  Art. 14, \u00a74\u00ba a 7\u00ba \n  +\n  &nbsp;Art. 15 da CRFB\/88\n  <\/td><\/tr><tr><td>\n  <strong>(D)<\/strong>\n  <\/td><td>\n  Organiza\u00e7\u00e3o do Estado\n  <\/td><td>\n  &#8211; Assistir v\u00eddeos da\n  aula 03 \n  &#8211; Marca\u00e7\u00f5es para: \n  <strong>Altera\u00e7\u00e3o da estrutura dos Estados e Munic\u00edpios<\/strong><strong><\/strong>\n  <\/td><td>\n  Revis\u00e3o slides + lei\n  seca;\n  Refor\u00e7o livro digital,\n  se sentir dificuldade.\n  &nbsp;\n  <\/td><td>\n  Art. 18 e par\u00e1grafos,\n  da CRFB\/88\n  <\/td><\/tr><tr><td>\n  Reparti\u00e7\u00e3o de\n  compet\u00eancias\n  <\/td><td>\n  &#8211; Assistir v\u00eddeos da\n  aula 03 \n  &#8211; Marca\u00e7\u00f5es para: \n  <strong>Regras de compet\u00eancias exclusivas, privativas e\n  concorrentes<\/strong><strong><\/strong>\n  <\/td><td>\n  Revis\u00e3o c\/ slides +\n  leitura vade mecum;\n  Refazer as quest\u00f5es\n  erradas no exerc\u00edcio;\n  &nbsp;\n  <\/td><td>\n  Art. 21, 22 e 24 da\n  CRFB\/88\n  <\/td><\/tr><tr><td>\n  Interven\u00e7\u00e3o\n  <\/td><td>\n  &#8211; Estudar t\u00f3pico por\n  pdf\n  &#8211; Marca\u00e7\u00f5es para:&nbsp; \n  <strong>Hip\u00f3teses de Interven\u00e7\u00e3o federal<\/strong><strong><\/strong>\n  <\/td><td>\n  Revis\u00e3o com v\u00eddeos;\n  Resolu\u00e7\u00e3o de muitos\n  exerc\u00edcios.\n  <\/td><td>\n  Art. 34 a 36 da CRFB\/88\n  <\/td><\/tr><tr><td>\n  <strong>(E)<\/strong>\n  <\/td><td>\n  Poder Executivo\n  <\/td><td>\n  Assistir v\u00eddeos da aula\n  05 (cap\u00edtulos 17 e 18, em especial)\n  Marca\u00e7\u00f5es para:\n  <strong>Atribui\u00e7\u00f5es do PR<\/strong>\n  <strong>Responsabilidade PR<\/strong>\n  <\/td><td>\n  Revis\u00e3o com slides; \n  Revis\u00e3o com pontos do\n  pdf em dificuldade.\n  &nbsp;\n  <\/td><td>\n  Art. 79 a 81\n  Art. 84 (I, II, IV, VI, XII, XV, XVII e XVIII, XIX e XX,\n  XXV, XXVI e par\u00e1grafo \u00fanico.\n  Art. 86 e \u00a7 4\u00ba, CRFB\/88\n  <\/td><\/tr><tr><td>\n  <strong>(F)<\/strong>\n  <\/td><td>\n  Poder Legislativo\n  <\/td><td>\n  Leitura aula 06 (cap\u00edtulos\n  20 e 21, em especial)\n  Marca\u00e7\u00f5es para:\n  <strong>CPI\u2019s<\/strong>\n  <strong>Atribui\u00e7\u00f5es do legislativo<\/strong>\n  <strong>Estatuto dos Congressistas<\/strong> \n  <\/td><td>\n  Marca\u00e7\u00f5es feitas ao\n  longo do pdf;\n  Quest\u00f5es erradas em\n  exerc\u00edcio;\n  V\u00eddeoaulas + slides; \n  <\/td><td>\n  Art. 58, \u00a73\u00ba, arts, 49,\n  51 e 52, 53, 55 e 56.\n  <\/td><\/tr><tr><td>\n  <strong>(G)<\/strong>\n  <\/td><td>\n  Processo legislativo\n  <\/td><td>\n  Assistir v\u00eddeos aula 07\n  (cap\u00edtulo 24)\n  Marca\u00e7\u00f5es para:\n  <strong>Iniciativas do PR<\/strong>\n  <strong>Emendas Constitucionais<\/strong>\n  <strong>Medidas provis\u00f3rias<\/strong>\n  <strong>Resolu\u00e7\u00f5es do Senado<\/strong>\n  <strong>Decretos legislativos<\/strong>\n  <\/td><td>\n  Refor\u00e7ar com slides\n  Leitura complementar\n  PDF;\n  Resolu\u00e7\u00e3o de muitos\n  exerc\u00edcios.\n  <\/td><td>\n  Art. 60, 61, \u00a71\u00ba, 62 e\n  par\u00e1grafos. E art. 67 CRFB.\n  &nbsp;\n  <\/td><\/tr><tr><td>\n  <strong>(H)<\/strong>\n  <\/td><td>\n  Poder Judici\u00e1rio\n  <\/td><td>\n  Assistir v\u00eddeos aula 08\n  (CNJ + cap\u00edtulo 26, STF)\n  Marca\u00e7\u00f5es para:\n  <strong>CNJ<\/strong>\n  <strong>Compet\u00eancias do STF<\/strong>\n  <\/td><td>\n  Refor\u00e7ar com slides\n  Leitura artigos\n  relacionados CRFB\/88\n  &nbsp;\n  &nbsp;\n  <\/td><td>\n  Art. 103-B, \u00a74\u00ba\n  Art. 102 da CRFB\/88.\n  <\/td><\/tr><tr><td>\n  <strong>(I)<\/strong>\n  <\/td><td>\n  Controle de\n  Constitucionalidade\n  <\/td><td>\n  Leitura completa da\n  aula 10\n  Marca\u00e7\u00f5es para:\n  <strong>Cl\u00e1usula de reserva de plen\u00e1rio<\/strong>\n  <strong>S\u00famulas vinculantes e Reclama\u00e7\u00e3o Constitucional<\/strong>\n  <strong>ADI, ADO, ADC, ADPF, e ADI interventiva<\/strong>\n  <strong>Modula\u00e7\u00e3o temporal dos efeitos<\/strong>\n  <\/td><td>\n  Refor\u00e7o com v\u00eddeoaula +\n  slides\n  Resolu\u00e7\u00e3o de muitos\n  exerc\u00edcios\n  <\/td><td>\n  Art. 97, 102, I, al\u00ednea\n  \u201ca\u201d, art. 103-A + art. 3\u00ba Lei 11.417; Art. 102, III, al\u00edneas \u201ca\u201d at\u00e9 \u201cd\u201d;\n  Art. 948 e 949 NCPC;\n  SV\u00ba 10 STF\n  <\/td><\/tr><tr><td>\n  <strong>(J)<\/strong>\n  <\/td><td>\n  Demais temas\n  <\/td><td>\n  Assistir v\u00eddeos aula 09\n  (cap\u00edtulos 30 e 32)\n  Marca\u00e7\u00f5es para:\n  <strong>Da Sa\u00fade, assist\u00eancia e previd\u00eancia<\/strong>\n  <strong>Da cultura<\/strong>\n  <strong>Do Idoso, da crian\u00e7a e do adolescente<\/strong>\n  <strong>Estado de S\u00edtio e Estado de defesa<\/strong> \n  <\/td><td>\n  Revis\u00e3o com slides; Leitura\n  do pdf, caso tenha dificuldade.\n  <\/td><td>\n  Art. 136 e 137\n  Art. 196, 199, 201,\n  203, 205, 215, 216 e 226.\n  <\/td><\/tr><\/tbody><\/table><\/figure>\n\n\n\n<h1 class=\"wp-block-heading\">Roteiro Avan\u00e7ado<\/h1>\n\n\n\n<p>Este \u00e9 um roteiro mais completo. \u00c9 a oportunidade\nque o aluno tem de realizar o estudo passo a passo da disciplina, o chamado\n\u201cpente fino\u201d rs. \u00c9 indicado para aqueles que possuem 02 turnos de estudo\nsemanal. Aqueles alunos que ir\u00e3o se preparar para 2\u00aa fase em Constitucional e\ntiverem disponibilidade pr\u00e9via, tamb\u00e9m vale a sugest\u00e3o.&nbsp;&nbsp; <\/p>\n\n\n\n<p>Iremos percorrer todas as tem\u00e1ticas centrais do\nedital, buscando combinar todos os nossos materiais como forma de incremento no\nestudo para Exame de Ordem.<\/p>\n\n\n\n<p>Voc\u00ea poder\u00e1 seguir a ordem natural de apresenta\u00e7\u00e3o\ndo curso. Al\u00e9m de todas as recomenda\u00e7\u00f5es apresentadas no <strong>roteiro intermedi\u00e1rio<\/strong>, penso que poder\u00e1 complementar o\nprocesso adicionando os seguintes temas:<\/p>\n\n\n\n<p><strong>(A)<\/strong>\nSugiro manter o estudo inicial pela <em>Aula\n00 &#8211; Teoria Geral da Constitui\u00e7\u00e3o<\/em>. Pode focar nos t\u00f3picos sugeridos pelo roteiro\nintermedi\u00e1rio. Recomendo o estudo pelo livro digital e refor\u00e7o com\nv\u00eddeoaulas e slides.<\/p>\n\n\n\n<p><strong>(B)<\/strong>\nSugiro complementar o estudo <em>Aula 01 \u2013\nDireitos Individuais e coletivos<\/em>. Aqui, poder\u00e1 adicionar os seguintes\ntemas: <strong>dimens\u00f5es dos direitos fundamentais\ne teoria dos limites.<\/strong> Recomendo estudar todo o livro digital +\nresolu\u00e7\u00e3o de muitos exerc\u00edcios. <\/p>\n\n\n\n<p><strong>(C) <\/strong>Sugiro\ncomplementar o estudo da <em>Aula 02 \u2013\nDireitos Sociais, de Nacionalidade e Pol\u00edtic<\/em>os.Aqui, voc\u00ea poder\u00e1 incluir o estudo dos direitos sociais. Em\ndestaque, vale uma leitura dos seguintes temas: <strong>princ\u00edpio\nm\u00ednimo existencial, reserva do financeiramente poss\u00edvel e proibi\u00e7\u00e3o ao\nretrocesso. <\/strong>As demais recomenda\u00e7\u00f5es permanecem, com o adendo que\nvoc\u00ea poder\u00e1 incluir o estudo dos partidos pol\u00edticos em seu cronograma.&nbsp; Recomendo o estudo pelo livro digital e\nrefor\u00e7o por v\u00eddeoaulas e slides.<\/p>\n\n\n\n<p><strong>(D)<\/strong>\nSugiro manter o estudo da <em>Aula 03 \u2013\nOrganiza\u00e7\u00e3o pol\u00edtico-administrativa<\/em>. O enfoque deve ser nos mesmos temas\ntratados no roteiro intermedi\u00e1rio. Recomendo o estudo pelo livro digital\ne, em seguida, refor\u00e7o com v\u00eddeoaulas e slides.<\/p>\n\n\n\n<p><strong>(E) <\/strong>Sugiro\nrealizar o estudo da <em>Aula 04 \u2013\nAdministra\u00e7\u00e3o P\u00fablica. <\/em>Como se trata de um tema suplementar, penso que pode\ndirecionar para o t\u00f3pico dos <strong>agentes\np\u00fablicos.<\/strong> Recomendo o estudo pelo livro digital.<\/p>\n\n\n\n<p><strong>(F)<\/strong>\nSugiro complementar o estudo da <em>Aula 05 &#8211;\nPoder Executivo. <\/em>Aqui, voc\u00ea precisar\u00e1 adicionar a parte introdut\u00f3ria, a\nexemplo das <strong>fun\u00e7\u00f5es t\u00edpicas e at\u00edpicas do\nexecutivo, investidura e posse do Presidente, hip\u00f3teses de vac\u00e2ncia.<\/strong>&nbsp; Recomendo o estudo por v\u00eddeoaulas e\nrefor\u00e7o com slides.<\/p>\n\n\n\n<p><strong>(G)<\/strong>\nSugiro complementar o estudo <em>Aula 06 &#8211;\nPoder legislativo<\/em>. Vale a pena incluir no estudo o tema do <strong>controle externo das contas p\u00fablicas, al\u00e9m das\nfun\u00e7\u00f5es, estrutura e funcionamento do poder legislativo<\/strong>. &nbsp;Recomendo o estudo pelo livro digital e, em\nseguida, refor\u00e7o com v\u00eddeoaulas e slides.<\/p>\n\n\n\n<p><strong>(H) <\/strong>Sugiro\ncomplementar o estudo da <em>Aula 07 \u2013 Processo\nLegislativo. <\/em>Al\u00e9m dos temas centrais dispostos no roteiro intermedi\u00e1rio,\nvoc\u00ea deve adicionar o cap\u00edtulo 23 para fins de estudo. Aqui, temos as fases de <strong>discuss\u00e3o, delibera\u00e7\u00e3o, vota\u00e7\u00e3o, san\u00e7\u00e3o, veto<\/strong>,\netc.&nbsp; Recomendo o estudo pelo livro\ndigital e, em seguida, refor\u00e7o com v\u00eddeoaulas e slides.<\/p>\n\n\n\n<p><strong>(I) <\/strong>Sugiro\ncomplementar o estudo da <em>Aula 08 \u2013 Poder\nJudici\u00e1rio. <\/em>Inclua as<strong> compet\u00eancias\ndo STJ e da Justi\u00e7a Federal (art. 105, 108 e 09, respectivamente). <\/strong>Recomendo\no estudo por v\u00eddeoaula e slides para complementar.<\/p>\n\n\n\n<p><strong>(J) <\/strong>Sugiro\nmanter o estudo da <em>Aula 10 &#8211; Controle de Constitucionalidade<\/em>, nos moldes como sugerimos no roteiro\nintermedi\u00e1rio. Recomendo o estudo inicial por v\u00eddeoaula + slides. &nbsp;Em seguida, refor\u00e7o com livro digital e\nresolu\u00e7\u00e3o de muitos exerc\u00edcios.<\/p>\n\n\n\n<p><strong>(K) <\/strong>Por\nfim, conclua com estudo da <em>Aula 09 \u2013\nDemais temas. <\/em>Penso que pode incluir o estudo dos <strong>princ\u00edpios\nda ordem econ\u00f4mica e o tema das fun\u00e7\u00f5es essenciais \u00e0 justi\u00e7a<\/strong>.\nRecomendo o estudo por v\u00eddeoaula e slides como refor\u00e7o.<\/p>\n\n\n\n<p>A t\u00edtulo de consolida\u00e7\u00e3o, apresento o quadro\nabaixo:<\/p>\n\n\n\n<figure class=\"wp-block-table is-style-stripes\"><table><tbody><tr><td>\n  <strong>Bloco<\/strong>\n  <\/td><td>\n  <strong>Tema<\/strong>\n  <\/td><td>\n  <strong>Estudo\n  <\/strong>\n  <\/td><td>\n  <strong>Revis\u00e3o\/Refor\u00e7o<\/strong>\n  <\/td><td>\n  <strong>Artigos\n  p\/ Leitura<\/strong>\n  <\/td><\/tr><tr><td>\n  <strong>(A)<\/strong>\n  <\/td><td>\n  Teoria\n  Geral da Constitui\u00e7\u00e3o \n  <\/td><td>\n  &#8211; Leitura aula 00 pdf \n  &#8211; Fazer marca\u00e7\u00f5es nos temas:\n  Hierarquia das normas\n  Poder Constituinte\n  Aplica\u00e7\u00e3o no tempo\n  Aplicabilidade das normas\n  <\/td><td>\n  Leitura dos slides;\n  Revis\u00e3o das marca\u00e7\u00f5es do pdf e esquemas.\n  Assistir as v\u00eddeoaulas\n  <\/td><td>\n  Art. 1\u00aa a 4\u00aa da\n  CRFB\/88.\n  <\/td><\/tr><tr><td>\n  <strong>(B) <\/strong>\n  <\/td><td>\n  Direitos Individuais e\n  Coletivos\n  <\/td><td>\n  &#8211; Leitura completa do pdf \n  &#8211; Marca\u00e7\u00f5es para: \n  Direito\n  de reuni\u00e3o; associa\u00e7\u00e3o, inviolabilidade domiciliar, propriedade, escusa de\n  consci\u00eancia, livre exerc\u00edcio do trabalho e emprego e os rem\u00e9dios\n  constitucionais. \n  <strong>Dimens\u00f5es dos Direitos Fund.<\/strong>\n  <strong>Teoria dos limites<\/strong>\n  <\/td><td>\n  Refor\u00e7o por v\u00eddeoaulas; \n  Uso dos slides p\/ consolida\u00e7\u00e3o assunto;\n  Leitura do vade mecum. \n  Revis\u00e3o das marca\u00e7\u00f5es pdf e resumo.\n  <\/td><td>\n  Art. 5\u00ba, caput, incisos\n  I, II, IV ao VIII, X ao XIII, XVII ao XIX, XXII ao XXVI, XXXIII e LXVIII a LXXIII da\n  CRFB\/88.\n  <\/td><\/tr><tr><td>\n  <strong>(C) <\/strong>\n  <\/td><td>\n  Direitos Sociais\n  <\/td><td>\n  &#8211; Assistir v\u00eddeoaulas\n  &#8211; Marca\u00e7\u00f5es para:\n  <strong>Princ\u00edpio m\u00ednimo existencial, reserva do financeiramente poss\u00edvel e proibi\u00e7\u00e3o\n  ao retrocesso.<\/strong>\n  <\/td><td>\n  Refor\u00e7o com slides\n  Leitura complementar pdf, se sentir dificuldade.\n  <\/td><td>\n  Leitura base te\u00f3rica\n  apenas.\n  <\/td><\/tr><tr><td>\n  Direitos\n  de Nacionalidade\n  <\/td><td>\n  &#8211; Estudo completo pelo pdf \n  &#8211; Marca\u00e7\u00f5es para: \n  Hip\u00f3teses\n  de brasileiro nato e naturalizado; perda de nacionalidade; cargos privativos,\n  portugu\u00eas equiparado.\n  <\/td><td>\n  Assistir os v\u00eddeos; \n  Leitura de slides;\n  Leitura obrigat\u00f3ria art. 12 e par\u00e1grafos.\n  <\/td><td>\n  Art. 12 incisos e \u00a71\u00ba\n  ao 4\u00ba, da CRFB\/88\n  &nbsp;\n  <\/td><\/tr><tr><td>\n  Direitos\n  Pol\u00edticos \n  <\/td><td>\n  &#8211; Estudo completo pelo pdf \n  &#8211; Marca\u00e7\u00f5es para: \n  Inelegibilidades relativas:&nbsp;&nbsp;&nbsp; \n  (reflexa,\n  regra da desincompatibiliza\u00e7\u00e3o&#8230;) \n  Perda ou\n  suspens\u00e3o de direitos\n  <strong>Partidos Pol\u00edticos<\/strong>\n  <\/td><td>\n  Assistir os v\u00eddeos;\n  Leitura de slides; \n  Leitura art. 14 e\n  par\u00e1grafos;\n  Revis\u00e3o dos exerc\u00edcios\n  errados.\n  &nbsp;\n  <\/td><td>\n  Art. 14, \u00a74\u00ba a 7\u00ba e art.\n  15, da CRFB\/88\n  <\/td><\/tr><tr><td>\n  <strong>(D)<\/strong>\n  <\/td><td>\n  Organiza\u00e7\u00e3o\n  do Estado\n  <\/td><td>\n  &#8211; Assistir v\u00eddeos da aula 03 \n  &#8211; Marca\u00e7\u00f5es para: \n  Altera\u00e7\u00e3o da estrutura dos Estados e Munic\u00edpios\n  <\/td><td>\n  Revis\u00e3o slides + lei seca;\n  Refor\u00e7o livro digital.\n  &nbsp;\n  <\/td><td>\n  Art. 18 e 19, da\n  CRFB\/88\n  <\/td><\/tr><tr><td>\n  Reparti\u00e7\u00e3o\n  de compet\u00eancias\n  <\/td><td>\n  &#8211; Assistir v\u00eddeos da aula 03 \n  &#8211; Marca\u00e7\u00f5es para: \n  Regras de compet\u00eancias exclusivas, privativas e\n  concorrentes\n  <\/td><td>\n  Revis\u00e3o slides + leitura vade mecum;\n  Refazer as quest\u00f5es erradas no exerc\u00edcio;\n  &nbsp;\n  <\/td><td>\n  Art. 21, 22 e 24 da\n  CRFB\/88\n  De forma suplementar,\n  leitura art. 30 CRFB.\n  <\/td><\/tr><tr><td>\n  Interven\u00e7\u00e3o\n  <\/td><td>\n  &#8211; Estudar t\u00f3pico por pdf\n  &#8211; Marca\u00e7\u00f5es para:&nbsp; \n  Hip\u00f3teses\n  de Interven\u00e7\u00e3o federal\n  <\/td><td>\n  Revis\u00e3o com v\u00eddeos\n  Resolu\u00e7\u00e3o de muitos exerc\u00edcios\n  <\/td><td>\n  Art. 34 a 36 da CRFB\/88\n  <\/td><\/tr><tr><td>\n  <strong>(E)<\/strong>\n  <\/td><td>\n  Administra\u00e7\u00e3o P\u00fablica\n  <\/td><td>\n  &#8211; Leitura do livro digital\n  &#8211; Marca\u00e7\u00f5es para:\n  <strong>Agentes P\u00fablicos.<\/strong>\n  <\/td><td>\n  Leitura slides;\n  Assistir se tiver muita dificuldade.\n  <\/td><td>\n  Art. 37 da CRFB\/88\n  <\/td><\/tr><tr><td>\n  <strong>(F)<\/strong>\n  <\/td><td>\n  Poder Executivo\n  <\/td><td>\n  &#8211; Assistir v\u00eddeoaulas \n  &#8211; Marca\u00e7\u00f5es para:\n  <strong>Fun\u00e7\u00f5es t\u00edpicas e at\u00edpicas do executivo, investidura e posse do\n  Presidente, hip\u00f3teses de vac\u00e2ncia<\/strong>\n  Atribui\u00e7\u00f5es do PR\n  Responsabilidade PR\n  <\/td><td>\n  Revis\u00e3o com slides; \n  Revis\u00e3o com pontos do pdf em dificuldade.\n  &nbsp;\n  <\/td><td>\n  Art. 76, 77, 78\n  Art. 79 a 81\n  Art. 84\n  &nbsp;(I, II, IV,\n  VI, XII, XV, XVII e XVIII, XIX e XX, XXV, XXVI e par\u00e1grafo \u00fanico.\n  Art. 86 e \u00a7 4\u00ba, CRFB\/88\n  <\/td><\/tr><tr><td>\n  <strong>(G)<\/strong>\n  <\/td><td>\n  Poder Legislativo\n  <\/td><td>\n  &#8211; Estudar aula 06 por pdf\n  &#8211; Marca\u00e7\u00f5es para:\n  CPI\u2019s\n  Atribui\u00e7\u00f5es\n  do legislativo\n  Estatuto\n  dos Congressistas \n  <strong>Controle externo das contas\n  p\u00fablicas, al\u00e9m das fun\u00e7\u00f5es, estrutura e funcionamento do poder legislativo<\/strong><strong><\/strong>\n  <\/td><td>\n  Revisar as marca\u00e7\u00f5es feitas ao longo do pdf;\n  Rever as quest\u00f5es erradas;\n  V\u00eddeoaulas + slides\n  &nbsp;\n  <\/td><td>\n  Arts. 44 a 47 \n  Arts. 49, 51 a 56.\n  Art. 58, \u00a73\u00ba\n  Art. 70 e 71 da CRFB\/88\n  <\/td><\/tr><tr><td>\n  <strong>(H)<\/strong>\n  <\/td><td>\n  Processo legislativo\n  <\/td><td>\n  &#8211; Estudar aula 07 por pdf\n  &#8211; Marca\u00e7\u00f5es para:\n  <strong>Discuss\u00e3o, delibera\u00e7\u00e3o, vota\u00e7\u00e3o,\n  san\u00e7\u00e3o, veto<\/strong>\n  Iniciativas\n  do PR\n  Emendas\n  Constitucionais\n  Medidas\n  provis\u00f3rias\n  Resolu\u00e7\u00f5es\n  do Senado\n  Decretos\n  legislativos\n  <\/td><td>\n  Refor\u00e7ar com slides e v\u00eddeoaulas\n  Leitura complementar PDF;\n  Resolu\u00e7\u00e3o de muitos exerc\u00edcios.\n  <\/td><td>\n  Art. 59, 60, 61, \u00a71\u00ba,\n  62 e par\u00e1grafos. \n  Art.64, 65, 66 e 67 CRFB.\n  &nbsp;\n  <\/td><\/tr><tr><td>\n  <strong>(I)<\/strong>\n  <\/td><td>\n  Poder\n  Judici\u00e1rio\n  <\/td><td>\n  &#8211; Assistir v\u00eddeos aula 08\n  &#8211; Marca\u00e7\u00f5es para:\n  CNJ\n  <strong>Compet\u00eancias do STF, STJ e JF.<\/strong>\n  <\/td><td>\n  Refor\u00e7ar com slides\n  &nbsp;\n  &nbsp;\n  &nbsp;\n  <\/td><td>\n  Art. 103-B, \u00a74\u00ba\n  Art. 102, 105, 108 e\n  109 da CRFB\/88.\n  <\/td><\/tr><tr><td>\n  <strong>(J)<\/strong>\n  <\/td><td>\n  Controle\n  de Constitucionalidade\n  <\/td><td>\n  &#8211; Leitura completa da aula 10\n  &#8211; Marca\u00e7\u00f5es nos t\u00f3picos:\n  Cl\u00e1usula de reserva de plen\u00e1rio\n  S\u00famulas vinculantes e Reclama\u00e7\u00e3o Constitucional\n  ADI, ADO, ADC, ADPF, e ADI interventiva\n  Modula\u00e7\u00e3o temporal dos efeitos\n  <\/td><td>\n  Refor\u00e7o com v\u00eddeoaula + slides\n  Muitos exerc\u00edcios\n  <\/td><td>\n  Art. 97, 102, I, al\u00ednea\n  \u201ca\u201d, art. 103-A + art. 3\u00ba Lei 11.417; Art. 102, III, al\u00edneas \u201ca\u201d at\u00e9 \u201cd\u201d;\n  Art. 948 e 949 NCPC;\n  SV\u00ba 10 STF\n  <\/td><\/tr><tr><td>\n  <strong>(K)<\/strong>\n  <\/td><td>\n  Demais temas\n  <\/td><td>\n  &#8211; Assistir v\u00eddeos aula\n  09\n  &#8211; Marca\u00e7\u00f5es para:\n  <strong>Princ\u00edpios da Ordem Econ\u00f4mica<\/strong>\n  <strong>Fun\u00e7\u00f5es Essenciais \u00e0 justi\u00e7a<\/strong>\n  Da Sa\u00fade,\n  assist\u00eancia e previd\u00eancia\n  Da\n  cultura\n  Do Idoso,\n  da crian\u00e7a e do adolescente\n  Estado de\n  S\u00edtio e Estado de defesa \n  <\/td><td>\n  Revis\u00e3o com slides;\n  Leitura do pdf, caso tenha dificuldade.\n  <\/td><td>\n  Art. 136 e 137\n  Art. 170\n  Art. 127\n  Art. 196, 199, 201,\n  203, 205, 215, 216 e 226 da CRFB\/88\n  <\/td><\/tr><\/tbody><\/table><\/figure>\n\n\n\n<h1 class=\"wp-block-heading\">Resolu\u00e7\u00e3o de Exerc\u00edcios e Revis\u00f5es Peri\u00f3dicas<\/h1>\n\n\n\n<p>Pessoal, ap\u00f3s o estudo final de cada tema, seja por v\u00eddeoaula ou por\nlivro digital, procure fazer todos os exerc\u00edcios correspondentes. Por favor,\numa dica de ouro. N\u00e3o deixe de fazer os exerc\u00edcios!!!! <\/p>\n\n\n\n<ul class=\"wp-block-list\"><li><em>Se for estudar\npelos pdf\u00b4s, ao final de cada aula procure fazer todas as quest\u00f5es;<\/em><\/li><li><em>Se for estudar\npelos v\u00eddeos apenas, complemente a parte te\u00f3rica com as quest\u00f5es do livro\ndigital ap\u00f3s cada tema correspondente. <\/em><\/li><\/ul>\n\n\n\n<p>&nbsp;A OAB \u00e9 previs\u00edvel. As quest\u00f5es\nse repetem, ent\u00e3o resolver exerc\u00edcios da banca examinadora \u00e9 fundamental para\nconsolidar o entendimento e dar uma boa base para os temas centrais. <\/p>\n\n\n\n<p>Estamos diante de uma <strong><em>t\u00e9cnica complementar<\/em><\/strong>. A ideia \u00e9 a\nfixa\u00e7\u00e3o da parte te\u00f3rica + \u201cestudo reverso\u201d, que \u00e9 quando o aluno se concentra\nnas quest\u00f5es, buscando aliar o que foi estudado com os potenciais de cobran\u00e7a\nem prova. <\/p>\n\n\n\n<p>Tamb\u00e9m, penso que podem destinar os finais de semana para as <strong><em>revis\u00f5es peri\u00f3dicas<\/em><\/strong>.\nProcure destinar 1 a 2h aos s\u00e1bados ou domingos para fazer uma revis\u00e3o dos\npontos principais marcados ao longo do estudo, dos slides dispon\u00edveis, bem como\nos artigos mais importantes. <\/p>\n\n\n\n<p>Mas, deixo um alerta. Revis\u00e3o n\u00e3o \u00e9 estudo por completo do material. \u00c9\napenas o \u201cchecklist\u201d dos pontos principais (artigos, s\u00famulas, classifica\u00e7\u00f5es,\ndestaques em aula: \u201ctome nota, preste aten\u00e7\u00e3o, fique ligado\u201d), combinado?<\/p>\n\n\n\n<h1 class=\"wp-block-heading\">P\u00edlulas de Direito Constitucional<\/h1>\n\n\n\n<p>Quer estudar constitucional pelas\nredes sociais sem perceber que est\u00e1 estudando?<\/p>\n\n\n\n<p>O Estrat\u00e9gia OAB est\u00e1 com um projeto\nbacana no Instagram para a 1\u00aa fase. <strong>\u201cGabaritando\nOAB\u201d.<\/strong> Diariamente, os professores das principais disciplinas t\u00eam postado\nquest\u00f5es e coment\u00e1rios acerca de temas relevantes que podem ser cobrados em\nprova. E, em Constitucional, n\u00e3o \u00e9 diferente. Tenho passado por l\u00e1 semanalmente\ntrazendo pontos importantes para fins de estudo.<\/p>\n\n\n\n<p>Al\u00e9m disso, todos os dias no meu\ncanal do Instagram realizo publica\u00e7\u00f5es com temas que j\u00e1 foram objeto de prova\nou que possuem grandes chances de ser cobrado pela OAB. S\u00e3o dicas quentes,\nmacetes curtos de memoriza\u00e7\u00e3o, artigos importantes para leitura e s\u00famulas do\nSTF que podem pintar no seu exame. <\/p>\n\n\n\n<p>Voc\u00ea investir\u00e1 01 minuto do\nseu dia para acompanhar essas dicas. Pode ser no hor\u00e1rio do almo\u00e7o, antes de\ndormir ou at\u00e9 mesmo logo no in\u00edcio do dia. O que for melhor para voc\u00ea. ;)<\/p>\n\n\n\n<p>Caso tenha interesse, \u00e9 s\u00f3 nos seguir: <a href=\"https:\/\/www.instagram.com\/estrategiaoab\/\" target=\"_blank\" rel=\"noreferrer noopener\" aria-label=\"@estrategiaoab (opens in a new tab)\">@estrategiaoab<\/a> e <a rel=\"noreferrer noopener\" aria-label=\"@profdiegocerqueira (opens in a new tab)\" href=\"https:\/\/www.instagram.com\/profdiegocerqueira\/\" target=\"_blank\">@profdiegocerqueira<\/a><\/p>\n\n\n\n<p>(&#8230;)<\/p>\n\n\n\n<p>Meus amigos, e assim\nconclu\u00edmos nossa an\u00e1lise. <\/p>\n\n\n\n<p>No mais \u00e9 isso.\nAgora \u00e9 hora de focar de vez nos estudos rumo \u00e0 sonhada aprova\u00e7\u00e3o ;)<\/p>\n\n\n\n<p>Contem comigo\nnessa jornada!<\/p>\n\n\n\n<p>Abs, <\/p>\n\n\n\n<p>Prof. Diego Cerqueira<\/p>\n\n\n\n<h2 class=\"wp-block-heading\">Nossas redes sociais<\/h2>\n\n\n\n<p><a href=\"https:\/\/www.instagram.com\/estrategiaoab\/\" target=\"_blank\" rel=\"noreferrer noopener\">Instagram Estrat\u00e9gia OAB<\/a><\/p>\n\n\n\n<p><a rel=\"noreferrer noopener\" href=\"https:\/\/www.youtube.com\/channel\/UC7rgrKTSF5aOrBGWOw60ovw\" target=\"_blank\">YouTube do Estrat\u00e9gia OAB<\/a><\/p>\n\n\n\n<h2 class=\"wp-block-heading\">Pacotes completos para a 1\u00aa fase<\/h2>\n\n\n\n<p class=\"has-text-align-center has-very-light-gray-background-color has-background\" style=\"font-size:clamp(16.293px, 1.018rem + ((1vw - 3.2px) * 0.854), 25px);px\"><strong><a href=\"https:\/\/www.estrategiaconcursos.com.br\/cursosPorConcurso\/exame-de-ordem-oab-1-fase\/\">Curso OAB 1\u00aa fase<\/a><\/strong><\/p>\n\n\n\n<h2 class=\"wp-block-heading\">Pacotes completos para a 2\u00aa fase<\/h2>\n\n\n\n<p><a href=\"https:\/\/www.estrategiaconcursos.com.br\/curso\/1-curso-de-direito-administrativo-p-oab-2-fase-xxviii-exame-de-ordem-com-monitoria\/\" target=\"_blank\" rel=\"noreferrer noopener\">Direito Administrativo (com Monitoria)<\/a><\/p>\n\n\n\n<p><a href=\"https:\/\/www.estrategiaconcursos.com.br\/curso\/curso-de-direito-administrativo-p-oab-2-fase-xxviii-exame-de-ordem\/\">Direito Administrativo<\/a><\/p>\n\n\n\n<p><a href=\"https:\/\/www.estrategiaconcursos.com.br\/curso\/3-curso-de-direito-constitucional-p-oab-2-fase-xxviii-exame-de-ordem-com-monitoria\/\" target=\"_blank\" rel=\"noreferrer noopener\">Direito Constitucional (com Monitoria)<\/a><\/p>\n\n\n\n<p><a href=\"https:\/\/www.estrategiaconcursos.com.br\/curso\/curso-de-direito-constitucional-p-oab-2-fase-xxviii-exame-de-ordem\/\">Direito Constitucional<\/a><\/p>\n\n\n\n<p><a href=\"https:\/\/www.estrategiaconcursos.com.br\/curso\/2-curso-de-direito-civil-p-oab-2-fase-xxviii-exame-de-ordem-com-monitoria\/\" target=\"_blank\" rel=\"noreferrer noopener\">Direito Civil (com Monitoria)<\/a><\/p>\n\n\n\n<p><a href=\"https:\/\/www.estrategiaconcursos.com.br\/curso\/curso-de-direito-civil-p-oab-2-fase-xxviii-exame-de-ordem\/\" target=\"_blank\" rel=\"noreferrer noopener\">Direito Civil<\/a><\/p>\n\n\n\n<p><a href=\"https:\/\/www.estrategiaconcursos.com.br\/curso\/5-curso-de-direito-do-trabalho-p-oab-2-fase-xxviii-exame-de-ordem-com-monitoria\/\" target=\"_blank\" rel=\"noreferrer noopener\">Direito do Trabalho (com Monitoria)<\/a><\/p>\n\n\n\n<p><a href=\"https:\/\/www.estrategiaconcursos.com.br\/curso\/curso-de-direito-do-trabalho-p-oab-2-fase-xxviii-exame-de-ordem\/\" target=\"_blank\" rel=\"noreferrer noopener\">Direito do Trabalho<\/a><\/p>\n\n\n\n<p><a href=\"https:\/\/www.estrategiaconcursos.com.br\/curso\/7-curso-de-direito-empresarial-p-oab-2-fase-xxviii-exame-de-ordem-com-monitoria\/\" target=\"_blank\" rel=\"noreferrer noopener\">Direito Empresarial (com Monitoria)<\/a><\/p>\n\n\n\n<p><a href=\"https:\/\/www.estrategiaconcursos.com.br\/curso\/curso-de-direito-empresarial-p-oab-2-fase-xxviii-exame-de-ordem\/\" target=\"_blank\" rel=\"noreferrer noopener\">Direito Empresarial<\/a><\/p>\n\n\n\n<p><a href=\"https:\/\/www.estrategiaconcursos.com.br\/curso\/4-curso-de-direito-penal-p-oab-2-fase-xxviii-exame-de-ordem-com-monitoria\/\">Direito Penal (com Monitoria)<\/a><\/p>\n\n\n\n<p><a href=\"https:\/\/www.estrategiaconcursos.com.br\/curso\/curso-de-direito-penal-p-oab-2-fase-xxviii-exame-de-ordem\/\" target=\"_blank\" rel=\"noreferrer noopener\">Direito Penal<\/a><\/p>\n\n\n\n<p><a href=\"https:\/\/www.estrategiaconcursos.com.br\/curso\/6-curso-de-direito-tributario-p-oab-2-fase-xxviii-exame-de-ordem-com-monitoria\/\" target=\"_blank\" rel=\"noreferrer noopener\">Direito Tribut\u00e1rio (com Monitoria)<\/a><\/p>\n\n\n\n<p><a rel=\"noreferrer noopener\" href=\"https:\/\/www.estrategiaconcursos.com.br\/curso\/curso-de-direito-tributario-p-oab-2-fase-xxviii-exame-de-ordem\/\" target=\"_blank\">Direito Tribut\u00e1rio<\/a><\/p>\n\n\n<p><!--EndFragment--><\/p>\n<p><\/p>\n\n","protected":false},"excerpt":{"rendered":"<p>Ol\u00e1, pessoal, Aqui \u00e9 o Diego Cerqueira, professor da disciplina Direito Constitucional para o Exame de Ordem. \u00c9 um prazer receb\u00ea-los em nosso curso \u201cComo estudar para OAB\u201d. Ao longo das primeiras aulas, o professor Ricardo Torques apresentou muito bem as no\u00e7\u00f5es basilares acerca do Exame de Ordem. E, nesse sentido, voc\u00eas tiveram a oportunidade [&hellip;]<\/p>\n","protected":false},"author":260,"featured_media":176954,"comment_status":"open","ping_status":"closed","sticky":false,"template":"","format":"standard","meta":{"post_tipo":"article","footnotes":""},"categories":[1],"tags":[506,1548,1116],"tax_estado":[219963],"class_list":["post-104368","post","type-post","status-publish","format-standard","has-post-thumbnail","hentry","category-cursos-e-concursos","tag-direito-constitucional","tag-exame-da-oab","tag-exame-de-ordem","tax_estado-concursos-federais"],"acf":[],"yoast_head":"<!-- This site is optimized with the Yoast SEO Premium plugin v27.2 (Yoast SEO v27.2) - https:\/\/yoast.com\/product\/yoast-seo-premium-wordpress\/ -->\n<title>Direito Constitucional OAB: como estudar para o Exame de Ordem<\/title>\n<meta name=\"description\" content=\"Direito Constitucional OAB: confira o artigo do prof. Diego Cerqueira com as principais dicas de como estudar Direito Constitucional para o Exame de Ordem.\" \/>\n<meta name=\"robots\" content=\"index, follow, max-snippet:-1, max-image-preview:large, max-video-preview:-1\" \/>\n<link rel=\"canonical\" href=\"https:\/\/www.estrategiaconcursos.com.br\/blog\/direito-constitucional-exame-de-ordem\/\" \/>\n<meta property=\"og:locale\" content=\"pt_BR\" \/>\n<meta property=\"og:type\" content=\"article\" \/>\n<meta property=\"og:title\" content=\"Direito Constitucional OAB: como estudar para o Exame de Ordem\" \/>\n<meta property=\"og:description\" content=\"Direito Constitucional OAB: confira o artigo do prof. Diego Cerqueira com as principais dicas de como estudar Direito Constitucional para o Exame de Ordem.\" \/>\n<meta property=\"og:url\" content=\"https:\/\/www.estrategiaconcursos.com.br\/blog\/direito-constitucional-exame-de-ordem\/\" \/>\n<meta property=\"og:site_name\" content=\"Estrat\u00e9gia Concursos\" \/>\n<meta property=\"article:published_time\" content=\"2019-04-02T17:21:26+00:00\" \/>\n<meta property=\"article:modified_time\" content=\"2020-12-09T14:40:39+00:00\" \/>\n<meta property=\"og:image\" content=\"https:\/\/dhg1h5j42swfq.cloudfront.net\/2019\/04\/05162507\/C%C3%B3pia-de-C%C3%B3pia-de-concurso-sedest-df-2.jpg\" \/>\n\t<meta property=\"og:image:width\" content=\"400\" \/>\n\t<meta property=\"og:image:height\" content=\"209\" \/>\n\t<meta property=\"og:image:type\" content=\"image\/jpeg\" \/>\n<meta name=\"author\" content=\"Diego Cerqueira Berbert Vasconcelos\" \/>\n<meta name=\"twitter:card\" content=\"summary_large_image\" \/>\n<meta name=\"twitter:creator\" content=\"@EstratConcursos\" \/>\n<meta name=\"twitter:site\" content=\"@EstratConcursos\" \/>\n<meta name=\"twitter:label1\" content=\"Escrito por\" \/>\n\t<meta name=\"twitter:data1\" content=\"Diego Cerqueira Berbert Vasconcelos\" \/>\n\t<meta name=\"twitter:label2\" content=\"Est. tempo de leitura\" \/>\n\t<meta name=\"twitter:data2\" content=\"26 minutos\" \/>\n<script type=\"application\/ld+json\" class=\"yoast-schema-graph\">{\"@context\":\"https:\/\/schema.org\",\"@graph\":[{\"@type\":\"NewsArticle\",\"@id\":\"https:\/\/www.estrategiaconcursos.com.br\/blog\/direito-constitucional-exame-de-ordem\/#article\",\"isPartOf\":{\"@id\":\"https:\/\/www.estrategiaconcursos.com.br\/blog\/direito-constitucional-exame-de-ordem\/\"},\"author\":{\"name\":\"Diego Cerqueira Berbert Vasconcelos\",\"@id\":\"https:\/\/www.estrategiaconcursos.com.br\/blog\/#\/schema\/person\/7fbf898fd336f5ce58a961518beff68c\"},\"headline\":\"Direito Constitucional OAB: como estudar para o Exame de Ordem\",\"datePublished\":\"2019-04-02T17:21:26+00:00\",\"dateModified\":\"2020-12-09T14:40:39+00:00\",\"mainEntityOfPage\":{\"@id\":\"https:\/\/www.estrategiaconcursos.com.br\/blog\/direito-constitucional-exame-de-ordem\/\"},\"wordCount\":5176,\"commentCount\":3,\"publisher\":{\"@id\":\"https:\/\/www.estrategiaconcursos.com.br\/blog\/#organization\"},\"image\":{\"@id\":\"https:\/\/www.estrategiaconcursos.com.br\/blog\/direito-constitucional-exame-de-ordem\/#primaryimage\"},\"thumbnailUrl\":\"https:\/\/dhg1h5j42swfq.cloudfront.net\/2019\/04\/05162507\/C%C3%B3pia-de-C%C3%B3pia-de-concurso-sedest-df-2.jpg\",\"keywords\":[\"Direito Constitucional\",\"exame da OAB\",\"Exame de Ordem\"],\"articleSection\":[\"Concursos P\u00fablicos\"],\"inLanguage\":\"pt-BR\",\"potentialAction\":[{\"@type\":\"CommentAction\",\"name\":\"Comment\",\"target\":[\"https:\/\/www.estrategiaconcursos.com.br\/blog\/direito-constitucional-exame-de-ordem\/#respond\"]}],\"copyrightYear\":\"2019\",\"copyrightHolder\":{\"@id\":\"https:\/\/www.estrategiaconcursos.com.br\/blog\/#organization\"}},{\"@type\":\"WebPage\",\"@id\":\"https:\/\/www.estrategiaconcursos.com.br\/blog\/direito-constitucional-exame-de-ordem\/\",\"url\":\"https:\/\/www.estrategiaconcursos.com.br\/blog\/direito-constitucional-exame-de-ordem\/\",\"name\":\"Direito Constitucional OAB: como estudar para o Exame de Ordem\",\"isPartOf\":{\"@id\":\"https:\/\/www.estrategiaconcursos.com.br\/blog\/#website\"},\"primaryImageOfPage\":{\"@id\":\"https:\/\/www.estrategiaconcursos.com.br\/blog\/direito-constitucional-exame-de-ordem\/#primaryimage\"},\"image\":{\"@id\":\"https:\/\/www.estrategiaconcursos.com.br\/blog\/direito-constitucional-exame-de-ordem\/#primaryimage\"},\"thumbnailUrl\":\"https:\/\/dhg1h5j42swfq.cloudfront.net\/2019\/04\/05162507\/C%C3%B3pia-de-C%C3%B3pia-de-concurso-sedest-df-2.jpg\",\"datePublished\":\"2019-04-02T17:21:26+00:00\",\"dateModified\":\"2020-12-09T14:40:39+00:00\",\"description\":\"Direito Constitucional OAB: confira o artigo do prof. Diego Cerqueira com as principais dicas de como estudar Direito Constitucional para o Exame de Ordem.\",\"breadcrumb\":{\"@id\":\"https:\/\/www.estrategiaconcursos.com.br\/blog\/direito-constitucional-exame-de-ordem\/#breadcrumb\"},\"inLanguage\":\"pt-BR\",\"potentialAction\":[{\"@type\":\"ReadAction\",\"target\":[\"https:\/\/www.estrategiaconcursos.com.br\/blog\/direito-constitucional-exame-de-ordem\/\"]}]},{\"@type\":\"ImageObject\",\"inLanguage\":\"pt-BR\",\"@id\":\"https:\/\/www.estrategiaconcursos.com.br\/blog\/direito-constitucional-exame-de-ordem\/#primaryimage\",\"url\":\"https:\/\/dhg1h5j42swfq.cloudfront.net\/2019\/04\/05162507\/C%C3%B3pia-de-C%C3%B3pia-de-concurso-sedest-df-2.jpg\",\"contentUrl\":\"https:\/\/dhg1h5j42swfq.cloudfront.net\/2019\/04\/05162507\/C%C3%B3pia-de-C%C3%B3pia-de-concurso-sedest-df-2.jpg\",\"width\":400,\"height\":209,\"caption\":\"exame de ordem\"},{\"@type\":\"BreadcrumbList\",\"@id\":\"https:\/\/www.estrategiaconcursos.com.br\/blog\/direito-constitucional-exame-de-ordem\/#breadcrumb\",\"itemListElement\":[{\"@type\":\"ListItem\",\"position\":1,\"name\":\"In\u00edcio\",\"item\":\"https:\/\/www.estrategiaconcursos.com.br\/blog\/\"},{\"@type\":\"ListItem\",\"position\":2,\"name\":\"Direito Constitucional OAB: como estudar para o Exame de Ordem\"}]},{\"@type\":\"WebSite\",\"@id\":\"https:\/\/www.estrategiaconcursos.com.br\/blog\/#website\",\"url\":\"https:\/\/www.estrategiaconcursos.com.br\/blog\/\",\"name\":\"Estrat\u00e9gia Concursos\",\"description\":\"O blog da Estrat\u00e9gia Concursos traz not\u00edcias sobre concursos e artigos de professores oferecendo cursos para concursos (pdf + videaulas) no site.\",\"publisher\":{\"@id\":\"https:\/\/www.estrategiaconcursos.com.br\/blog\/#organization\"},\"potentialAction\":[{\"@type\":\"SearchAction\",\"target\":{\"@type\":\"EntryPoint\",\"urlTemplate\":\"https:\/\/www.estrategiaconcursos.com.br\/blog\/?s={search_term_string}\"},\"query-input\":{\"@type\":\"PropertyValueSpecification\",\"valueRequired\":true,\"valueName\":\"search_term_string\"}}],\"inLanguage\":\"pt-BR\"},{\"@type\":\"Organization\",\"@id\":\"https:\/\/www.estrategiaconcursos.com.br\/blog\/#organization\",\"name\":\"Estrat\u00e9gia Concursos\",\"url\":\"https:\/\/www.estrategiaconcursos.com.br\/blog\/\",\"logo\":{\"@type\":\"ImageObject\",\"inLanguage\":\"pt-BR\",\"@id\":\"https:\/\/www.estrategiaconcursos.com.br\/blog\/#\/schema\/logo\/image\/\",\"url\":\"https:\/\/dhg1h5j42swfq.cloudfront.net\/2025\/06\/03203428\/logo_concursos-1.jpg\",\"contentUrl\":\"https:\/\/dhg1h5j42swfq.cloudfront.net\/2025\/06\/03203428\/logo_concursos-1.jpg\",\"width\":230,\"height\":60,\"caption\":\"Estrat\u00e9gia Concursos\"},\"image\":{\"@id\":\"https:\/\/www.estrategiaconcursos.com.br\/blog\/#\/schema\/logo\/image\/\"},\"sameAs\":[\"https:\/\/x.com\/EstratConcursos\"]},{\"@type\":\"Person\",\"@id\":\"https:\/\/www.estrategiaconcursos.com.br\/blog\/#\/schema\/person\/7fbf898fd336f5ce58a961518beff68c\",\"name\":\"Diego Cerqueira Berbert Vasconcelos\",\"image\":{\"@type\":\"ImageObject\",\"inLanguage\":\"pt-BR\",\"@id\":\"https:\/\/secure.gravatar.com\/avatar\/ed2d045a7390980cad1a92d24dcc39d10ef55b88fcb9fb9c047979bf4ddeb1ce?s=96&d=mm&r=g\",\"url\":\"https:\/\/secure.gravatar.com\/avatar\/ed2d045a7390980cad1a92d24dcc39d10ef55b88fcb9fb9c047979bf4ddeb1ce?s=96&d=mm&r=g\",\"contentUrl\":\"https:\/\/secure.gravatar.com\/avatar\/ed2d045a7390980cad1a92d24dcc39d10ef55b88fcb9fb9c047979bf4ddeb1ce?s=96&d=mm&r=g\",\"caption\":\"Diego Cerqueira Berbert Vasconcelos\"},\"url\":\"https:\/\/www.estrategiaconcursos.com.br\/blog\/author\/diegocerqueiraestrategiaconcursos-com-br\/\"}]}<\/script>\n<!-- \/ Yoast SEO Premium plugin. -->","yoast_head_json":{"title":"Direito Constitucional OAB: como estudar para o Exame de Ordem","description":"Direito Constitucional OAB: confira o artigo do prof. Diego Cerqueira com as principais dicas de como estudar Direito Constitucional para o Exame de Ordem.","robots":{"index":"index","follow":"follow","max-snippet":"max-snippet:-1","max-image-preview":"max-image-preview:large","max-video-preview":"max-video-preview:-1"},"canonical":"https:\/\/www.estrategiaconcursos.com.br\/blog\/direito-constitucional-exame-de-ordem\/","og_locale":"pt_BR","og_type":"article","og_title":"Direito Constitucional OAB: como estudar para o Exame de Ordem","og_description":"Direito Constitucional OAB: confira o artigo do prof. Diego Cerqueira com as principais dicas de como estudar Direito Constitucional para o Exame de Ordem.","og_url":"https:\/\/www.estrategiaconcursos.com.br\/blog\/direito-constitucional-exame-de-ordem\/","og_site_name":"Estrat\u00e9gia Concursos","article_published_time":"2019-04-02T17:21:26+00:00","article_modified_time":"2020-12-09T14:40:39+00:00","og_image":[{"width":400,"height":209,"url":"https:\/\/dhg1h5j42swfq.cloudfront.net\/2019\/04\/05162507\/C%C3%B3pia-de-C%C3%B3pia-de-concurso-sedest-df-2.jpg","type":"image\/jpeg"}],"author":"Diego Cerqueira Berbert Vasconcelos","twitter_card":"summary_large_image","twitter_creator":"@EstratConcursos","twitter_site":"@EstratConcursos","twitter_misc":{"Escrito por":"Diego Cerqueira Berbert Vasconcelos","Est. tempo de leitura":"26 minutos"},"schema":{"@context":"https:\/\/schema.org","@graph":[{"@type":"NewsArticle","@id":"https:\/\/www.estrategiaconcursos.com.br\/blog\/direito-constitucional-exame-de-ordem\/#article","isPartOf":{"@id":"https:\/\/www.estrategiaconcursos.com.br\/blog\/direito-constitucional-exame-de-ordem\/"},"author":{"name":"Diego Cerqueira Berbert Vasconcelos","@id":"https:\/\/www.estrategiaconcursos.com.br\/blog\/#\/schema\/person\/7fbf898fd336f5ce58a961518beff68c"},"headline":"Direito Constitucional OAB: como estudar para o Exame de Ordem","datePublished":"2019-04-02T17:21:26+00:00","dateModified":"2020-12-09T14:40:39+00:00","mainEntityOfPage":{"@id":"https:\/\/www.estrategiaconcursos.com.br\/blog\/direito-constitucional-exame-de-ordem\/"},"wordCount":5176,"commentCount":3,"publisher":{"@id":"https:\/\/www.estrategiaconcursos.com.br\/blog\/#organization"},"image":{"@id":"https:\/\/www.estrategiaconcursos.com.br\/blog\/direito-constitucional-exame-de-ordem\/#primaryimage"},"thumbnailUrl":"https:\/\/dhg1h5j42swfq.cloudfront.net\/2019\/04\/05162507\/C%C3%B3pia-de-C%C3%B3pia-de-concurso-sedest-df-2.jpg","keywords":["Direito Constitucional","exame da OAB","Exame de Ordem"],"articleSection":["Concursos P\u00fablicos"],"inLanguage":"pt-BR","potentialAction":[{"@type":"CommentAction","name":"Comment","target":["https:\/\/www.estrategiaconcursos.com.br\/blog\/direito-constitucional-exame-de-ordem\/#respond"]}],"copyrightYear":"2019","copyrightHolder":{"@id":"https:\/\/www.estrategiaconcursos.com.br\/blog\/#organization"}},{"@type":"WebPage","@id":"https:\/\/www.estrategiaconcursos.com.br\/blog\/direito-constitucional-exame-de-ordem\/","url":"https:\/\/www.estrategiaconcursos.com.br\/blog\/direito-constitucional-exame-de-ordem\/","name":"Direito Constitucional OAB: como estudar para o Exame de Ordem","isPartOf":{"@id":"https:\/\/www.estrategiaconcursos.com.br\/blog\/#website"},"primaryImageOfPage":{"@id":"https:\/\/www.estrategiaconcursos.com.br\/blog\/direito-constitucional-exame-de-ordem\/#primaryimage"},"image":{"@id":"https:\/\/www.estrategiaconcursos.com.br\/blog\/direito-constitucional-exame-de-ordem\/#primaryimage"},"thumbnailUrl":"https:\/\/dhg1h5j42swfq.cloudfront.net\/2019\/04\/05162507\/C%C3%B3pia-de-C%C3%B3pia-de-concurso-sedest-df-2.jpg","datePublished":"2019-04-02T17:21:26+00:00","dateModified":"2020-12-09T14:40:39+00:00","description":"Direito Constitucional OAB: confira o artigo do prof. Diego Cerqueira com as principais dicas de como estudar Direito Constitucional para o Exame de Ordem.","breadcrumb":{"@id":"https:\/\/www.estrategiaconcursos.com.br\/blog\/direito-constitucional-exame-de-ordem\/#breadcrumb"},"inLanguage":"pt-BR","potentialAction":[{"@type":"ReadAction","target":["https:\/\/www.estrategiaconcursos.com.br\/blog\/direito-constitucional-exame-de-ordem\/"]}]},{"@type":"ImageObject","inLanguage":"pt-BR","@id":"https:\/\/www.estrategiaconcursos.com.br\/blog\/direito-constitucional-exame-de-ordem\/#primaryimage","url":"https:\/\/dhg1h5j42swfq.cloudfront.net\/2019\/04\/05162507\/C%C3%B3pia-de-C%C3%B3pia-de-concurso-sedest-df-2.jpg","contentUrl":"https:\/\/dhg1h5j42swfq.cloudfront.net\/2019\/04\/05162507\/C%C3%B3pia-de-C%C3%B3pia-de-concurso-sedest-df-2.jpg","width":400,"height":209,"caption":"exame de ordem"},{"@type":"BreadcrumbList","@id":"https:\/\/www.estrategiaconcursos.com.br\/blog\/direito-constitucional-exame-de-ordem\/#breadcrumb","itemListElement":[{"@type":"ListItem","position":1,"name":"In\u00edcio","item":"https:\/\/www.estrategiaconcursos.com.br\/blog\/"},{"@type":"ListItem","position":2,"name":"Direito Constitucional OAB: como estudar para o Exame de Ordem"}]},{"@type":"WebSite","@id":"https:\/\/www.estrategiaconcursos.com.br\/blog\/#website","url":"https:\/\/www.estrategiaconcursos.com.br\/blog\/","name":"Estrat\u00e9gia Concursos","description":"O blog da Estrat\u00e9gia Concursos traz not\u00edcias sobre concursos e artigos de professores oferecendo cursos para concursos (pdf + videaulas) no site.","publisher":{"@id":"https:\/\/www.estrategiaconcursos.com.br\/blog\/#organization"},"potentialAction":[{"@type":"SearchAction","target":{"@type":"EntryPoint","urlTemplate":"https:\/\/www.estrategiaconcursos.com.br\/blog\/?s={search_term_string}"},"query-input":{"@type":"PropertyValueSpecification","valueRequired":true,"valueName":"search_term_string"}}],"inLanguage":"pt-BR"},{"@type":"Organization","@id":"https:\/\/www.estrategiaconcursos.com.br\/blog\/#organization","name":"Estrat\u00e9gia Concursos","url":"https:\/\/www.estrategiaconcursos.com.br\/blog\/","logo":{"@type":"ImageObject","inLanguage":"pt-BR","@id":"https:\/\/www.estrategiaconcursos.com.br\/blog\/#\/schema\/logo\/image\/","url":"https:\/\/dhg1h5j42swfq.cloudfront.net\/2025\/06\/03203428\/logo_concursos-1.jpg","contentUrl":"https:\/\/dhg1h5j42swfq.cloudfront.net\/2025\/06\/03203428\/logo_concursos-1.jpg","width":230,"height":60,"caption":"Estrat\u00e9gia Concursos"},"image":{"@id":"https:\/\/www.estrategiaconcursos.com.br\/blog\/#\/schema\/logo\/image\/"},"sameAs":["https:\/\/x.com\/EstratConcursos"]},{"@type":"Person","@id":"https:\/\/www.estrategiaconcursos.com.br\/blog\/#\/schema\/person\/7fbf898fd336f5ce58a961518beff68c","name":"Diego Cerqueira Berbert Vasconcelos","image":{"@type":"ImageObject","inLanguage":"pt-BR","@id":"https:\/\/secure.gravatar.com\/avatar\/ed2d045a7390980cad1a92d24dcc39d10ef55b88fcb9fb9c047979bf4ddeb1ce?s=96&d=mm&r=g","url":"https:\/\/secure.gravatar.com\/avatar\/ed2d045a7390980cad1a92d24dcc39d10ef55b88fcb9fb9c047979bf4ddeb1ce?s=96&d=mm&r=g","contentUrl":"https:\/\/secure.gravatar.com\/avatar\/ed2d045a7390980cad1a92d24dcc39d10ef55b88fcb9fb9c047979bf4ddeb1ce?s=96&d=mm&r=g","caption":"Diego Cerqueira Berbert Vasconcelos"},"url":"https:\/\/www.estrategiaconcursos.com.br\/blog\/author\/diegocerqueiraestrategiaconcursos-com-br\/"}]}},"_links":{"self":[{"href":"https:\/\/www.estrategiaconcursos.com.br\/blog\/wp-json\/wp\/v2\/posts\/104368","targetHints":{"allow":["GET"]}}],"collection":[{"href":"https:\/\/www.estrategiaconcursos.com.br\/blog\/wp-json\/wp\/v2\/posts"}],"about":[{"href":"https:\/\/www.estrategiaconcursos.com.br\/blog\/wp-json\/wp\/v2\/types\/post"}],"author":[{"embeddable":true,"href":"https:\/\/www.estrategiaconcursos.com.br\/blog\/wp-json\/wp\/v2\/users\/260"}],"replies":[{"embeddable":true,"href":"https:\/\/www.estrategiaconcursos.com.br\/blog\/wp-json\/wp\/v2\/comments?post=104368"}],"version-history":[{"count":9,"href":"https:\/\/www.estrategiaconcursos.com.br\/blog\/wp-json\/wp\/v2\/posts\/104368\/revisions"}],"predecessor-version":[{"id":626421,"href":"https:\/\/www.estrategiaconcursos.com.br\/blog\/wp-json\/wp\/v2\/posts\/104368\/revisions\/626421"}],"wp:featuredmedia":[{"embeddable":true,"href":"https:\/\/www.estrategiaconcursos.com.br\/blog\/wp-json\/wp\/v2\/media\/176954"}],"wp:attachment":[{"href":"https:\/\/www.estrategiaconcursos.com.br\/blog\/wp-json\/wp\/v2\/media?parent=104368"}],"wp:term":[{"taxonomy":"category","embeddable":true,"href":"https:\/\/www.estrategiaconcursos.com.br\/blog\/wp-json\/wp\/v2\/categories?post=104368"},{"taxonomy":"post_tag","embeddable":true,"href":"https:\/\/www.estrategiaconcursos.com.br\/blog\/wp-json\/wp\/v2\/tags?post=104368"},{"taxonomy":"tax_estado","embeddable":true,"href":"https:\/\/www.estrategiaconcursos.com.br\/blog\/wp-json\/wp\/v2\/tax_estado?post=104368"}],"curies":[{"name":"wp","href":"https:\/\/api.w.org\/{rel}","templated":true}]}}