{"id":1042641,"date":"2022-06-20T18:30:00","date_gmt":"2022-06-20T21:30:00","guid":{"rendered":"https:\/\/www.estrategiaconcursos.com.br\/blog\/?p=1042641"},"modified":"2022-06-20T20:16:03","modified_gmt":"2022-06-20T23:16:03","slug":"ses-df-chamada-questoes-ibfc","status":"publish","type":"post","link":"https:\/\/www.estrategiaconcursos.com.br\/blog\/ses-df-chamada-questoes-ibfc\/","title":{"rendered":"SES DF: \u00faltima chamada para Odontologia &#8211; Quest\u00f5es IBFC comentadas"},"content":{"rendered":"\n<p>As inscri\u00e7\u00f5es para o concurso p\u00fablico da Secretaria de Sa\u00fade do Distrito Federal (SES DF) est\u00e3o encerradas. \u00c9 hora de focar nas provas e partir para o que realmente interessa: a t\u00e3o sonhada aprova\u00e7\u00e3o!<\/p>\n\n\n\n<p>Como diversos alunos solicitaram um refor\u00e7o em Odontologia, o Estrat\u00e9gia Concursos decidiu preparar mais uma transmiss\u00e3o de qualidade.<\/p>\n\n\n\n<p>Sendo assim, nesta segunda-feira (20), a partir das 20h, a professora Mirela Barreto comandar\u00e1 a transmiss\u00e3o do evento &#8216;SES DF: \u00daltima chamada para Odontologia: Quest\u00f5es IBFC comentadas&#8217;, com dicas infal\u00edveis para a sua aprova\u00e7\u00e3o. N\u00e3o perca!<\/p>\n\n\n<figure class=\"wp-block-embed-youtube wp-block-embed is-type-video is-provider-youtube wp-embed-aspect-16-9 wp-has-aspect-ratio\"><div class=\"lyte-wrapper\" style=\"width:853px;max-width:100%;margin:5px;\"><div class=\"lyMe\" id=\"WYL_KNX1gdI4qAg\"><div id=\"lyte_KNX1gdI4qAg\" data-src=\"\/\/i.ytimg.com\/vi\/KNX1gdI4qAg\/hqdefault.jpg\" class=\"pL\"><div class=\"tC\"><div class=\"tT\"><\/div><\/div><div class=\"play\"><\/div><div class=\"ctrl\"><div class=\"Lctrl\"><\/div><div class=\"Rctrl\"><\/div><\/div><\/div><noscript><a href=\"https:\/\/youtu.be\/KNX1gdI4qAg\" rel=\"nofollow\"><img loading=\"lazy\" decoding=\"async\" src=\"https:\/\/i.ytimg.com\/vi\/KNX1gdI4qAg\/0.jpg\" alt=\"YouTube video thumbnail\" width=\"853\" height=\"460\" \/><br \/>Assista a este v\u00eddeo no YouTube<\/a><\/noscript><\/div><\/div><div class=\"lL\" style=\"max-width:100%;width:853px;margin:5px;\"><\/div><figcaption><\/figcaption><\/figure>\n\n\n<h2 class=\"has-text-align-center wp-block-heading\" id=\"h-quer-saber-tudo-sobre-concursos-previstos-confira-nossos-artigos\">Quer saber tudo sobre concursos previstos?<br \/>Confira nossos artigos!<\/h2>\n\n\n\n<ul class=\"wp-block-list\"><li><a href=\"https:\/\/www.estrategiaconcursos.com.br\/blog\/concursos-abertos\/\" target=\"_blank\" rel=\"noreferrer noopener\">Concursos abertos<\/a><\/li><li><a href=\"https:\/\/www.estrategiaconcursos.com.br\/blog\/concursos-2022\/\" target=\"_blank\" rel=\"noreferrer noopener\">Concursos 2022<\/a><\/li><\/ul>\n\n\n\n<h2 class=\"has-text-align-center wp-block-heading\" id=\"cursos-assinatura\">Quer estudar para Concurso SES DF?<\/h2>\n\n\n\n<div class=\"container\" id=\"boxes\">\n  <div class=\"row\">\n\n    <div class=\"col-sm\">\n      <div class=\"banner-medicina\" id=\"box-assinatura\">\n        <h3 class=\"titulo-assinatura\">Concurso SES DF<\/h3>\n        <p class=\"subtitulo-assinatura\">SES DF<\/p>\n        <div class=\"box-botao\">\n          <a class=\"btn-assinatura\" target=\"_blank\" href=\"https:\/\/www.estrategiaconcursos.com.br\/cursosPorConcurso\/secretaria-de-saude-df\/\" role=\"button\" rel=\"noopener noreferrer\">Conhe\u00e7a mais<\/a>\n        <\/div>\n      <\/div>\n     \n    <\/div>\n\n  <\/div>\n<\/div>\n\n\n\n<div class=\"container\" id=\"boxes\">\n  <div class=\"row\">\n\n    <div class=\"col-sm\">\n      <div class=\"estrategia\" id=\"box-assinatura\">\n        <h3 class=\"titulo-assinatura\">Assinatura Concursos<\/h3>\n        <p class=\"subtitulo-assinatura\">Assinatura de 1 ano ou 2 anos<\/p>\n        <div class=\"box-botao\">\n          <a class=\"btn-assinatura\" target=\"_blank\" href=\"https:\/\/www.estrategiaconcursos.com.br\/assinaturas\/\" role=\"button\" rel=\"noopener noreferrer\">ASSINE AGORA<\/a>\n        <\/div>\n      <\/div>\n     \n    <\/div><\/div><\/div>\n\n\n\n<p><br \/><\/p>\n","protected":false},"excerpt":{"rendered":"<p>As inscri\u00e7\u00f5es para o concurso p\u00fablico da Secretaria de Sa\u00fade do Distrito Federal (SES DF) est\u00e3o encerradas. \u00c9 hora de focar nas provas e partir para o que realmente interessa: a t\u00e3o sonhada aprova\u00e7\u00e3o! Como diversos alunos solicitaram um refor\u00e7o em Odontologia, o Estrat\u00e9gia Concursos decidiu preparar mais uma transmiss\u00e3o de qualidade. Sendo assim, nesta [&hellip;]<\/p>\n","protected":false},"author":1483,"featured_media":1047118,"comment_status":"open","ping_status":"closed","sticky":false,"template":"","format":"standard","meta":{"post_tipo":"news","footnotes":""},"categories":[1981],"tags":[],"tax_estado":[219970],"class_list":["post-1042641","post","type-post","status-publish","format-standard","has-post-thumbnail","hentry","category-saude","tax_estado-df"],"acf":[],"yoast_head":"<!-- This site is optimized with the Yoast SEO Premium plugin v27.2 (Yoast SEO v27.2) - https:\/\/yoast.com\/product\/yoast-seo-premium-wordpress\/ -->\n<title>SES DF: \u00faltima chamada para Odontologia - Quest\u00f5es IBFC comentadas<\/title>\n<meta name=\"description\" content=\"SES DF: \u00daltima chamada para Odontologia: Quest\u00f5es IBFC comentadas!\" \/>\n<meta name=\"robots\" content=\"index, follow, max-snippet:-1, max-image-preview:large, max-video-preview:-1\" \/>\n<link rel=\"canonical\" href=\"https:\/\/www.estrategiaconcursos.com.br\/blog\/ses-df-chamada-questoes-ibfc\/\" \/>\n<meta property=\"og:locale\" content=\"pt_BR\" \/>\n<meta property=\"og:type\" content=\"article\" \/>\n<meta property=\"og:title\" content=\"SES DF: \u00faltima chamada para Odontologia - Quest\u00f5es IBFC comentadas\" \/>\n<meta property=\"og:description\" content=\"SES DF: \u00daltima chamada para Odontologia: Quest\u00f5es IBFC comentadas!\" \/>\n<meta property=\"og:url\" content=\"https:\/\/www.estrategiaconcursos.com.br\/blog\/ses-df-chamada-questoes-ibfc\/\" \/>\n<meta property=\"og:site_name\" content=\"Estrat\u00e9gia Concursos\" \/>\n<meta property=\"article:published_time\" content=\"2022-06-20T21:30:00+00:00\" \/>\n<meta property=\"article:modified_time\" content=\"2022-06-20T23:16:03+00:00\" \/>\n<meta property=\"og:image\" content=\"https:\/\/dhg1h5j42swfq.cloudfront.net\/2022\/06\/20105418\/odonto.jpg\" \/>\n\t<meta property=\"og:image:width\" content=\"1180\" \/>\n\t<meta property=\"og:image:height\" content=\"599\" \/>\n\t<meta property=\"og:image:type\" content=\"image\/jpeg\" \/>\n<meta name=\"author\" content=\"Diogo Mendes\" \/>\n<meta name=\"twitter:card\" content=\"summary_large_image\" \/>\n<meta name=\"twitter:creator\" content=\"@EstratConcursos\" \/>\n<meta name=\"twitter:site\" content=\"@EstratConcursos\" \/>\n<meta name=\"twitter:label1\" content=\"Escrito por\" \/>\n\t<meta name=\"twitter:data1\" content=\"Diogo Mendes\" \/>\n\t<meta name=\"twitter:label2\" content=\"Est. tempo de leitura\" \/>\n\t<meta name=\"twitter:data2\" content=\"1 minuto\" \/>\n<script type=\"application\/ld+json\" class=\"yoast-schema-graph\">{\"@context\":\"https:\/\/schema.org\",\"@graph\":[{\"@type\":\"NewsArticle\",\"@id\":\"https:\/\/www.estrategiaconcursos.com.br\/blog\/ses-df-chamada-questoes-ibfc\/#article\",\"isPartOf\":{\"@id\":\"https:\/\/www.estrategiaconcursos.com.br\/blog\/ses-df-chamada-questoes-ibfc\/\"},\"author\":{\"name\":\"Diogo Mendes\",\"@id\":\"https:\/\/www.estrategiaconcursos.com.br\/blog\/#\/schema\/person\/cc9e76173880338ce9f656c88664a1f6\"},\"headline\":\"SES DF: \u00faltima chamada para Odontologia &#8211; Quest\u00f5es IBFC comentadas\",\"datePublished\":\"2022-06-20T21:30:00+00:00\",\"dateModified\":\"2022-06-20T23:16:03+00:00\",\"mainEntityOfPage\":{\"@id\":\"https:\/\/www.estrategiaconcursos.com.br\/blog\/ses-df-chamada-questoes-ibfc\/\"},\"wordCount\":155,\"commentCount\":0,\"publisher\":{\"@id\":\"https:\/\/www.estrategiaconcursos.com.br\/blog\/#organization\"},\"image\":{\"@id\":\"https:\/\/www.estrategiaconcursos.com.br\/blog\/ses-df-chamada-questoes-ibfc\/#primaryimage\"},\"thumbnailUrl\":\"https:\/\/dhg1h5j42swfq.cloudfront.net\/2022\/06\/20105418\/odonto.jpg\",\"articleSection\":[\"Sa\u00fade\"],\"inLanguage\":\"pt-BR\",\"potentialAction\":[{\"@type\":\"CommentAction\",\"name\":\"Comment\",\"target\":[\"https:\/\/www.estrategiaconcursos.com.br\/blog\/ses-df-chamada-questoes-ibfc\/#respond\"]}],\"copyrightYear\":\"2022\",\"copyrightHolder\":{\"@id\":\"https:\/\/www.estrategiaconcursos.com.br\/blog\/#organization\"}},{\"@type\":\"WebPage\",\"@id\":\"https:\/\/www.estrategiaconcursos.com.br\/blog\/ses-df-chamada-questoes-ibfc\/\",\"url\":\"https:\/\/www.estrategiaconcursos.com.br\/blog\/ses-df-chamada-questoes-ibfc\/\",\"name\":\"SES DF: \u00faltima chamada para Odontologia - Quest\u00f5es IBFC comentadas\",\"isPartOf\":{\"@id\":\"https:\/\/www.estrategiaconcursos.com.br\/blog\/#website\"},\"primaryImageOfPage\":{\"@id\":\"https:\/\/www.estrategiaconcursos.com.br\/blog\/ses-df-chamada-questoes-ibfc\/#primaryimage\"},\"image\":{\"@id\":\"https:\/\/www.estrategiaconcursos.com.br\/blog\/ses-df-chamada-questoes-ibfc\/#primaryimage\"},\"thumbnailUrl\":\"https:\/\/dhg1h5j42swfq.cloudfront.net\/2022\/06\/20105418\/odonto.jpg\",\"datePublished\":\"2022-06-20T21:30:00+00:00\",\"dateModified\":\"2022-06-20T23:16:03+00:00\",\"description\":\"SES DF: \u00daltima chamada para Odontologia: Quest\u00f5es IBFC comentadas!\",\"breadcrumb\":{\"@id\":\"https:\/\/www.estrategiaconcursos.com.br\/blog\/ses-df-chamada-questoes-ibfc\/#breadcrumb\"},\"inLanguage\":\"pt-BR\",\"potentialAction\":[{\"@type\":\"ReadAction\",\"target\":[\"https:\/\/www.estrategiaconcursos.com.br\/blog\/ses-df-chamada-questoes-ibfc\/\"]}]},{\"@type\":\"ImageObject\",\"inLanguage\":\"pt-BR\",\"@id\":\"https:\/\/www.estrategiaconcursos.com.br\/blog\/ses-df-chamada-questoes-ibfc\/#primaryimage\",\"url\":\"https:\/\/dhg1h5j42swfq.cloudfront.net\/2022\/06\/20105418\/odonto.jpg\",\"contentUrl\":\"https:\/\/dhg1h5j42swfq.cloudfront.net\/2022\/06\/20105418\/odonto.jpg\",\"width\":1180,\"height\":599},{\"@type\":\"BreadcrumbList\",\"@id\":\"https:\/\/www.estrategiaconcursos.com.br\/blog\/ses-df-chamada-questoes-ibfc\/#breadcrumb\",\"itemListElement\":[{\"@type\":\"ListItem\",\"position\":1,\"name\":\"In\u00edcio\",\"item\":\"https:\/\/www.estrategiaconcursos.com.br\/blog\/\"},{\"@type\":\"ListItem\",\"position\":2,\"name\":\"SES DF: \u00faltima chamada para Odontologia &#8211; Quest\u00f5es IBFC comentadas\"}]},{\"@type\":\"WebSite\",\"@id\":\"https:\/\/www.estrategiaconcursos.com.br\/blog\/#website\",\"url\":\"https:\/\/www.estrategiaconcursos.com.br\/blog\/\",\"name\":\"Estrat\u00e9gia Concursos\",\"description\":\"O blog da Estrat\u00e9gia Concursos traz not\u00edcias sobre concursos e artigos de professores oferecendo cursos para concursos (pdf + videaulas) no site.\",\"publisher\":{\"@id\":\"https:\/\/www.estrategiaconcursos.com.br\/blog\/#organization\"},\"potentialAction\":[{\"@type\":\"SearchAction\",\"target\":{\"@type\":\"EntryPoint\",\"urlTemplate\":\"https:\/\/www.estrategiaconcursos.com.br\/blog\/?s={search_term_string}\"},\"query-input\":{\"@type\":\"PropertyValueSpecification\",\"valueRequired\":true,\"valueName\":\"search_term_string\"}}],\"inLanguage\":\"pt-BR\"},{\"@type\":\"Organization\",\"@id\":\"https:\/\/www.estrategiaconcursos.com.br\/blog\/#organization\",\"name\":\"Estrat\u00e9gia Concursos\",\"url\":\"https:\/\/www.estrategiaconcursos.com.br\/blog\/\",\"logo\":{\"@type\":\"ImageObject\",\"inLanguage\":\"pt-BR\",\"@id\":\"https:\/\/www.estrategiaconcursos.com.br\/blog\/#\/schema\/logo\/image\/\",\"url\":\"https:\/\/dhg1h5j42swfq.cloudfront.net\/2025\/06\/03203428\/logo_concursos-1.jpg\",\"contentUrl\":\"https:\/\/dhg1h5j42swfq.cloudfront.net\/2025\/06\/03203428\/logo_concursos-1.jpg\",\"width\":230,\"height\":60,\"caption\":\"Estrat\u00e9gia Concursos\"},\"image\":{\"@id\":\"https:\/\/www.estrategiaconcursos.com.br\/blog\/#\/schema\/logo\/image\/\"},\"sameAs\":[\"https:\/\/x.com\/EstratConcursos\"]},{\"@type\":\"Person\",\"@id\":\"https:\/\/www.estrategiaconcursos.com.br\/blog\/#\/schema\/person\/cc9e76173880338ce9f656c88664a1f6\",\"name\":\"Diogo Mendes\",\"image\":{\"@type\":\"ImageObject\",\"inLanguage\":\"pt-BR\",\"@id\":\"https:\/\/secure.gravatar.com\/avatar\/9754d6777d460a45ef4067b586b94c32005cc2345a0404b8d96adc620cf63806?s=96&d=mm&r=g\",\"url\":\"https:\/\/secure.gravatar.com\/avatar\/9754d6777d460a45ef4067b586b94c32005cc2345a0404b8d96adc620cf63806?s=96&d=mm&r=g\",\"contentUrl\":\"https:\/\/secure.gravatar.com\/avatar\/9754d6777d460a45ef4067b586b94c32005cc2345a0404b8d96adc620cf63806?s=96&d=mm&r=g\",\"caption\":\"Diogo Mendes\"},\"description\":\"Diogo Mendes \u00e9 jornalista formado pela Universidade Paulista, com experi\u00eancia em reda\u00e7\u00f5es de diversos ve\u00edculos e na produ\u00e7\u00e3o de conte\u00fados especializados em concursos p\u00fablicos. Desde 2019, atua no Estrat\u00e9gia Concursos como Jornalista e Analista de Conte\u00fado, com foco na apura\u00e7\u00e3o de informa\u00e7\u00f5es junto a \u00f3rg\u00e3os e fontes oficiais. Dedica-se especialmente \u00e0 produ\u00e7\u00e3o de not\u00edcias e reportagens sobre Concursos Legislativos, al\u00e9m de acompanhar diariamente os concursos policiais, banc\u00e1rios e da \u00e1rea da sa\u00fade.\",\"url\":\"https:\/\/www.estrategiaconcursos.com.br\/blog\/author\/diogo-mendesestrategiaconcursos-com-br\/\"}]}<\/script>\n<!-- \/ Yoast SEO Premium plugin. -->","yoast_head_json":{"title":"SES DF: \u00faltima chamada para Odontologia - Quest\u00f5es IBFC comentadas","description":"SES DF: \u00daltima chamada para Odontologia: Quest\u00f5es IBFC comentadas!","robots":{"index":"index","follow":"follow","max-snippet":"max-snippet:-1","max-image-preview":"max-image-preview:large","max-video-preview":"max-video-preview:-1"},"canonical":"https:\/\/www.estrategiaconcursos.com.br\/blog\/ses-df-chamada-questoes-ibfc\/","og_locale":"pt_BR","og_type":"article","og_title":"SES DF: \u00faltima chamada para Odontologia - Quest\u00f5es IBFC comentadas","og_description":"SES DF: \u00daltima chamada para Odontologia: Quest\u00f5es IBFC comentadas!","og_url":"https:\/\/www.estrategiaconcursos.com.br\/blog\/ses-df-chamada-questoes-ibfc\/","og_site_name":"Estrat\u00e9gia Concursos","article_published_time":"2022-06-20T21:30:00+00:00","article_modified_time":"2022-06-20T23:16:03+00:00","og_image":[{"width":1180,"height":599,"url":"https:\/\/dhg1h5j42swfq.cloudfront.net\/2022\/06\/20105418\/odonto.jpg","type":"image\/jpeg"}],"author":"Diogo Mendes","twitter_card":"summary_large_image","twitter_creator":"@EstratConcursos","twitter_site":"@EstratConcursos","twitter_misc":{"Escrito por":"Diogo Mendes","Est. tempo de leitura":"1 minuto"},"schema":{"@context":"https:\/\/schema.org","@graph":[{"@type":"NewsArticle","@id":"https:\/\/www.estrategiaconcursos.com.br\/blog\/ses-df-chamada-questoes-ibfc\/#article","isPartOf":{"@id":"https:\/\/www.estrategiaconcursos.com.br\/blog\/ses-df-chamada-questoes-ibfc\/"},"author":{"name":"Diogo Mendes","@id":"https:\/\/www.estrategiaconcursos.com.br\/blog\/#\/schema\/person\/cc9e76173880338ce9f656c88664a1f6"},"headline":"SES DF: \u00faltima chamada para Odontologia &#8211; Quest\u00f5es IBFC comentadas","datePublished":"2022-06-20T21:30:00+00:00","dateModified":"2022-06-20T23:16:03+00:00","mainEntityOfPage":{"@id":"https:\/\/www.estrategiaconcursos.com.br\/blog\/ses-df-chamada-questoes-ibfc\/"},"wordCount":155,"commentCount":0,"publisher":{"@id":"https:\/\/www.estrategiaconcursos.com.br\/blog\/#organization"},"image":{"@id":"https:\/\/www.estrategiaconcursos.com.br\/blog\/ses-df-chamada-questoes-ibfc\/#primaryimage"},"thumbnailUrl":"https:\/\/dhg1h5j42swfq.cloudfront.net\/2022\/06\/20105418\/odonto.jpg","articleSection":["Sa\u00fade"],"inLanguage":"pt-BR","potentialAction":[{"@type":"CommentAction","name":"Comment","target":["https:\/\/www.estrategiaconcursos.com.br\/blog\/ses-df-chamada-questoes-ibfc\/#respond"]}],"copyrightYear":"2022","copyrightHolder":{"@id":"https:\/\/www.estrategiaconcursos.com.br\/blog\/#organization"}},{"@type":"WebPage","@id":"https:\/\/www.estrategiaconcursos.com.br\/blog\/ses-df-chamada-questoes-ibfc\/","url":"https:\/\/www.estrategiaconcursos.com.br\/blog\/ses-df-chamada-questoes-ibfc\/","name":"SES DF: \u00faltima chamada para Odontologia - Quest\u00f5es IBFC comentadas","isPartOf":{"@id":"https:\/\/www.estrategiaconcursos.com.br\/blog\/#website"},"primaryImageOfPage":{"@id":"https:\/\/www.estrategiaconcursos.com.br\/blog\/ses-df-chamada-questoes-ibfc\/#primaryimage"},"image":{"@id":"https:\/\/www.estrategiaconcursos.com.br\/blog\/ses-df-chamada-questoes-ibfc\/#primaryimage"},"thumbnailUrl":"https:\/\/dhg1h5j42swfq.cloudfront.net\/2022\/06\/20105418\/odonto.jpg","datePublished":"2022-06-20T21:30:00+00:00","dateModified":"2022-06-20T23:16:03+00:00","description":"SES DF: \u00daltima chamada para Odontologia: Quest\u00f5es IBFC comentadas!","breadcrumb":{"@id":"https:\/\/www.estrategiaconcursos.com.br\/blog\/ses-df-chamada-questoes-ibfc\/#breadcrumb"},"inLanguage":"pt-BR","potentialAction":[{"@type":"ReadAction","target":["https:\/\/www.estrategiaconcursos.com.br\/blog\/ses-df-chamada-questoes-ibfc\/"]}]},{"@type":"ImageObject","inLanguage":"pt-BR","@id":"https:\/\/www.estrategiaconcursos.com.br\/blog\/ses-df-chamada-questoes-ibfc\/#primaryimage","url":"https:\/\/dhg1h5j42swfq.cloudfront.net\/2022\/06\/20105418\/odonto.jpg","contentUrl":"https:\/\/dhg1h5j42swfq.cloudfront.net\/2022\/06\/20105418\/odonto.jpg","width":1180,"height":599},{"@type":"BreadcrumbList","@id":"https:\/\/www.estrategiaconcursos.com.br\/blog\/ses-df-chamada-questoes-ibfc\/#breadcrumb","itemListElement":[{"@type":"ListItem","position":1,"name":"In\u00edcio","item":"https:\/\/www.estrategiaconcursos.com.br\/blog\/"},{"@type":"ListItem","position":2,"name":"SES DF: \u00faltima chamada para Odontologia &#8211; Quest\u00f5es IBFC comentadas"}]},{"@type":"WebSite","@id":"https:\/\/www.estrategiaconcursos.com.br\/blog\/#website","url":"https:\/\/www.estrategiaconcursos.com.br\/blog\/","name":"Estrat\u00e9gia Concursos","description":"O blog da Estrat\u00e9gia Concursos traz not\u00edcias sobre concursos e artigos de professores oferecendo cursos para concursos (pdf + videaulas) no site.","publisher":{"@id":"https:\/\/www.estrategiaconcursos.com.br\/blog\/#organization"},"potentialAction":[{"@type":"SearchAction","target":{"@type":"EntryPoint","urlTemplate":"https:\/\/www.estrategiaconcursos.com.br\/blog\/?s={search_term_string}"},"query-input":{"@type":"PropertyValueSpecification","valueRequired":true,"valueName":"search_term_string"}}],"inLanguage":"pt-BR"},{"@type":"Organization","@id":"https:\/\/www.estrategiaconcursos.com.br\/blog\/#organization","name":"Estrat\u00e9gia Concursos","url":"https:\/\/www.estrategiaconcursos.com.br\/blog\/","logo":{"@type":"ImageObject","inLanguage":"pt-BR","@id":"https:\/\/www.estrategiaconcursos.com.br\/blog\/#\/schema\/logo\/image\/","url":"https:\/\/dhg1h5j42swfq.cloudfront.net\/2025\/06\/03203428\/logo_concursos-1.jpg","contentUrl":"https:\/\/dhg1h5j42swfq.cloudfront.net\/2025\/06\/03203428\/logo_concursos-1.jpg","width":230,"height":60,"caption":"Estrat\u00e9gia Concursos"},"image":{"@id":"https:\/\/www.estrategiaconcursos.com.br\/blog\/#\/schema\/logo\/image\/"},"sameAs":["https:\/\/x.com\/EstratConcursos"]},{"@type":"Person","@id":"https:\/\/www.estrategiaconcursos.com.br\/blog\/#\/schema\/person\/cc9e76173880338ce9f656c88664a1f6","name":"Diogo Mendes","image":{"@type":"ImageObject","inLanguage":"pt-BR","@id":"https:\/\/secure.gravatar.com\/avatar\/9754d6777d460a45ef4067b586b94c32005cc2345a0404b8d96adc620cf63806?s=96&d=mm&r=g","url":"https:\/\/secure.gravatar.com\/avatar\/9754d6777d460a45ef4067b586b94c32005cc2345a0404b8d96adc620cf63806?s=96&d=mm&r=g","contentUrl":"https:\/\/secure.gravatar.com\/avatar\/9754d6777d460a45ef4067b586b94c32005cc2345a0404b8d96adc620cf63806?s=96&d=mm&r=g","caption":"Diogo Mendes"},"description":"Diogo Mendes \u00e9 jornalista formado pela Universidade Paulista, com experi\u00eancia em reda\u00e7\u00f5es de diversos ve\u00edculos e na produ\u00e7\u00e3o de conte\u00fados especializados em concursos p\u00fablicos. Desde 2019, atua no Estrat\u00e9gia Concursos como Jornalista e Analista de Conte\u00fado, com foco na apura\u00e7\u00e3o de informa\u00e7\u00f5es junto a \u00f3rg\u00e3os e fontes oficiais. Dedica-se especialmente \u00e0 produ\u00e7\u00e3o de not\u00edcias e reportagens sobre Concursos Legislativos, al\u00e9m de acompanhar diariamente os concursos policiais, banc\u00e1rios e da \u00e1rea da sa\u00fade.","url":"https:\/\/www.estrategiaconcursos.com.br\/blog\/author\/diogo-mendesestrategiaconcursos-com-br\/"}]}},"_links":{"self":[{"href":"https:\/\/www.estrategiaconcursos.com.br\/blog\/wp-json\/wp\/v2\/posts\/1042641","targetHints":{"allow":["GET"]}}],"collection":[{"href":"https:\/\/www.estrategiaconcursos.com.br\/blog\/wp-json\/wp\/v2\/posts"}],"about":[{"href":"https:\/\/www.estrategiaconcursos.com.br\/blog\/wp-json\/wp\/v2\/types\/post"}],"author":[{"embeddable":true,"href":"https:\/\/www.estrategiaconcursos.com.br\/blog\/wp-json\/wp\/v2\/users\/1483"}],"replies":[{"embeddable":true,"href":"https:\/\/www.estrategiaconcursos.com.br\/blog\/wp-json\/wp\/v2\/comments?post=1042641"}],"version-history":[{"count":6,"href":"https:\/\/www.estrategiaconcursos.com.br\/blog\/wp-json\/wp\/v2\/posts\/1042641\/revisions"}],"predecessor-version":[{"id":1047543,"href":"https:\/\/www.estrategiaconcursos.com.br\/blog\/wp-json\/wp\/v2\/posts\/1042641\/revisions\/1047543"}],"wp:featuredmedia":[{"embeddable":true,"href":"https:\/\/www.estrategiaconcursos.com.br\/blog\/wp-json\/wp\/v2\/media\/1047118"}],"wp:attachment":[{"href":"https:\/\/www.estrategiaconcursos.com.br\/blog\/wp-json\/wp\/v2\/media?parent=1042641"}],"wp:term":[{"taxonomy":"category","embeddable":true,"href":"https:\/\/www.estrategiaconcursos.com.br\/blog\/wp-json\/wp\/v2\/categories?post=1042641"},{"taxonomy":"post_tag","embeddable":true,"href":"https:\/\/www.estrategiaconcursos.com.br\/blog\/wp-json\/wp\/v2\/tags?post=1042641"},{"taxonomy":"tax_estado","embeddable":true,"href":"https:\/\/www.estrategiaconcursos.com.br\/blog\/wp-json\/wp\/v2\/tax_estado?post=1042641"}],"curies":[{"name":"wp","href":"https:\/\/api.w.org\/{rel}","templated":true}]}}