{"id":104232,"date":"2018-01-28T15:14:13","date_gmt":"2018-01-28T18:14:13","guid":{"rendered":"https:\/\/www.estrategiaconcursos.com.br\/blog\/?p=104232"},"modified":"2018-07-20T14:25:40","modified_gmt":"2018-07-20T17:25:40","slug":"policia-civil-sao-paulo-edital-chegando-veja-prova-comentada","status":"publish","type":"post","link":"https:\/\/www.estrategiaconcursos.com.br\/blog\/policia-civil-sao-paulo-edital-chegando-veja-prova-comentada\/","title":{"rendered":"Pol\u00edcia Civil de S\u00e3o Paulo &#8211; Edital chegando &#8211; Veja a prova comentada"},"content":{"rendered":"<p>Ol\u00e1, meus amigos, tudo tranquilo?<\/p>\n<p>Meu nome \u00e9 Felipe, sou Auditor-Fiscal da Receita Federal e professor de portugu\u00eas do Estrat\u00e9gia Concursos. O edital da Pol\u00edcia Civil de S\u00e3o Paulo est\u00e1 muito pr\u00f3ximo de ser publicado, banca prov\u00e1vel: VUNESP! Ent\u00e3o, trouxe para voc\u00eas, inteiramente comentada, a prova do concurso passado, tamb\u00e9m realizado pela VUNESP, para que voc\u00eas vejam qual \u00e9 o perfil da banca e o n\u00edvel da prova.<\/p>\n<p><img loading=\"lazy\" decoding=\"async\" class=\"alignnone size-full wp-image-104237\" src=\"https:\/\/dhg1h5j42swfq.cloudfront.net\/2018\/01\/28150853\/M%C3%8DDIAS-SOCIAIS-FELIPE.png\" alt=\"\" width=\"724\" height=\"125\" srcset=\"https:\/\/dhg1h5j42swfq.cloudfront.net\/2018\/01\/28150853\/M%C3%8DDIAS-SOCIAIS-FELIPE.png 724w, https:\/\/dhg1h5j42swfq.cloudfront.net\/2018\/01\/28150853\/M%C3%8DDIAS-SOCIAIS-FELIPE.png 300w, https:\/\/dhg1h5j42swfq.cloudfront.net\/2018\/01\/28150853\/M%C3%8DDIAS-SOCIAIS-FELIPE.png 610w\" sizes=\"auto, (max-width: 724px) 100vw, 724px\" \/><\/p>\n<p>Sigam-me nas minhas redes sociais, diariamente posto dicas e quest\u00f5es comentadas!<\/p>\n<p>Vamos l\u00e1, fiz coment\u00e1rios breves e objetivos, pois nossa banca faz perguntas diretas!<\/p>\n<p><strong>Leia a tira para responder \u00e0s quest\u00f5es de n\u00fameros 61 a 64.<\/strong><\/p>\n<p><img loading=\"lazy\" decoding=\"async\" class=\"alignnone size-full wp-image-104235\" src=\"https:\/\/dhg1h5j42swfq.cloudfront.net\/2018\/01\/28145636\/tirinha-pc-sp.png\" alt=\"\" width=\"524\" height=\"200\" srcset=\"https:\/\/dhg1h5j42swfq.cloudfront.net\/2018\/01\/28145636\/tirinha-pc-sp.png 524w, https:\/\/dhg1h5j42swfq.cloudfront.net\/2018\/01\/28145636\/tirinha-pc-sp.png 300w\" sizes=\"auto, (max-width: 524px) 100vw, 524px\" \/><\/p>\n<ol start=\"61\">\n<li>De acordo com a norma-padr\u00e3o, no primeiro quadrinho, na fala de Hagar, deve ser utilizada uma v\u00edrgula, obrigatoriamente,<\/li>\n<\/ol>\n<p>(A) antes da palavra \u201colho\u201d.<\/p>\n<p>(B) antes da palavra \u201ce\u201d.<\/p>\n<p>(C) depois da palavra \u201cevitar\u201d.<\/p>\n<p>(D) antes da palavra \u201cevitar\u201d.<\/p>\n<p>(E) depois da palavra \u201ce\u201d.<\/p>\n<p>Coment\u00e1rios:<\/p>\n<p>Veja:<\/p>\n<p>N\u00e3o posso evitar<strong>, Doutor!<\/strong><\/p>\n<p>A v\u00edrgula \u00e9 obrigat\u00f3ria para marcar o vocativo, termo que indica uma invoca\u00e7\u00e3o ao ouvinte.\u00a0 \u201cDoutor\u201d\u00a0 \u00e9 justamente um chamamento ao interlocutor, por isso deve vir antecedido por v\u00edrgula. Vejamos as demais.<\/p>\n<p>(A) antes da palavra \u201colho\u201d.<\/p>\n<p>Incorreto. Uma v\u00edrgula ap\u00f3s \u201colho\u201d separaria o verbo do objeto.<\/p>\n<p>(B) antes da palavra \u201ce\u201d.<\/p>\n<p>Incorreto. N\u00e3o podemos inserir v\u00edrgula antes do \u201cE\u201d quando os sujeitos das ora\u00e7\u00f5es forem iguais.<\/p>\n<p>Se forem diferentes, a v\u00edrgula \u00e9 recomendada. Por exemplo: Eu ganho o dinheiro, e meus filhos o gastam.<\/p>\n<p>Se o \u201cE\u201d apresentar sentido de oposi\u00e7\u00e3o, equivalente a \u201cmas\u201d, a v\u00edrgula tamb\u00e9m \u00e9 recomendada. Por exemplo: Fa\u00e7o dieta, e n\u00e3o emagre\u00e7o. (E=MAS).<\/p>\n<p>(D) antes da palavra \u201cevitar\u201d.<\/p>\n<p>Incorreto. N\u00e3o podemos inserir v\u00edrgulas entre verbos de uma locu\u00e7\u00e3o (posso evitar).<\/p>\n<p>(E) depois da palavra \u201ce\u201d.<\/p>\n<p>N\u00e3o podemos inserir v\u00edrgula antes ou depois do \u201cE\u201d quando os sujeitos das ora\u00e7\u00f5es forem iguais.<\/p>\n<p>Gabarito letra C.<\/p>\n<ol start=\"62\">\n<li>Na fala de Hagar, a ora\u00e7\u00e3o <em>\u201c\u2026 e j\u00e1 ganho peso!\u201d<\/em> deve ser entendida como<\/li>\n<\/ol>\n<p>(A) causa de olhar para a comida.<\/p>\n<p>(B) finalidade de olhar para a comida.<\/p>\n<p>(C) modo de olhar para a comida.<\/p>\n<p>(D) consequ\u00eancia de olhar para a comida.<\/p>\n<p>(E) oposi\u00e7\u00e3o para olhar para a comida.<\/p>\n<p>Coment\u00e1rios:<\/p>\n<p>Hagar, em express\u00e3o \u201cn\u00e3o literal\u201d, diz que basta olhar para a comida que j\u00e1 engorda <strong>como consequ\u00eancia<\/strong>. Por isso, o doutor prescreve uma venda para Hagar, de modo que ele n\u00e3o veja mais a comida.<\/p>\n<p>Gabarito letra D.<\/p>\n<p>Cursos PC SP<\/p>\n<p><a href=\"https:\/\/www.estrategiaconcursos.com.br\/curso\/pacote-completo-p-policia-civil-sp-escrivao-com-videoaulas-201702181102\/\">https:\/\/www.estrategiaconcursos.com.br\/curso\/pacote-completo-p-policia-civil-sp-escrivao-com-videoaulas-201702181102\/<\/a><\/p>\n<ol start=\"63\">\n<li>Levando-se em considera\u00e7\u00e3o o contexto geral da tira, conclui-se que, no segundo quadrinho, o Dr. Zook est\u00e1<\/li>\n<\/ol>\n<p>(A) comovido.<\/p>\n<p>(B) meditativo.<\/p>\n<p>(C) irritado.<\/p>\n<p>(D) distra\u00eddo.<\/p>\n<p>(E) entristecido.<\/p>\n<p>Coment\u00e1rios:<\/p>\n<p>Observe a m\u00e3o ao queixo do Doutor, express\u00e3o que indica que est\u00e1 pensando, meditando, buscando mentalmente uma solu\u00e7\u00e3o. Gabarito letra B.<\/p>\n<p><strong>\u00a0<\/strong><\/p>\n<ol start=\"64\">\n<li>De acordo com a norma-padr\u00e3o da l\u00edngua portuguesa, a lacuna na fala da mulher de Hagar, no \u00faltimo quadrinho, deve ser preenchida com:<\/li>\n<\/ol>\n<p>(A) Onde<\/p>\n<p>(B) Qual lugar<\/p>\n<p>(C) De que lugar<\/p>\n<p>(D) Que lugar<\/p>\n<p>(E) Aonde<\/p>\n<p>Coment\u00e1rios:<\/p>\n<p>A pergunta se refere diretamente ao local <strong>em que<\/strong> o Doutor teria estudado medicina. Ent\u00e3o, devemos preencher com o adv\u00e9rbio interrogativo \u201cOnde\u201d.<\/p>\n<p><strong><em>Qual lugar<\/em><\/strong> e <strong><em>Que lugar<\/em><\/strong> n\u00e3o poderia ser a resposta porque falta a preposi\u00e7\u00e3o EM.<\/p>\n<p>Ele estudou medicina <strong><em>EM<\/em><\/strong> algum lugar. Ent\u00e3o na forma interrogativa, dever\u00edamos ter:<\/p>\n<p><strong><em>Em qual lugar<\/em><\/strong> ou <strong><em>Em que lugar<\/em><\/strong>.<\/p>\n<p><strong>Aonde <\/strong>s\u00f3 deveria ser usado se o verbo pedisse preposi\u00e7\u00e3o A. Estudar n\u00e3o pede \u201cpreposi\u00e7\u00e3o\u201d A. Por isso, n\u00e3o podemos tamb\u00e9m usar a preposi\u00e7\u00e3o DE, como em \u201cDe que lugar\u201d.<\/p>\n<p>Gabarito letra A.<\/p>\n<p>&nbsp;<\/p>\n<p><strong>Leia o texto para responder \u00e0s quest\u00f5es de n\u00fameros 65 a 74.<\/strong><\/p>\n<p>O tr\u00e2nsito brasileiro, h\u00e1 muito tempo, tem sido respons\u00e1vel por verdadeira carnificina. S\u00e3o cerca de 40 mil mortes a cada ano; quase metade delas, segundo especialistas, est\u00e1 associada ao consumo de bebidas alco\u00f3licas.<\/p>\n<p>N\u00e3o \u00e9 preciso mais do que esses dados para justificar a necessidade de combater a embriaguez ao volante. Promulgada em 2008, a chamada lei seca buscava alcan\u00e7ar precisamente esse objetivo. Sua aplica\u00e7\u00e3o, por\u00e9m, vinha sendo limitada pelos tribunais brasileiros.<\/p>\n<p>O problema estava na pr\u00f3pria legisla\u00e7\u00e3o, segundo a qual era preciso comprovar \u201cconcentra\u00e7\u00e3o de \u00e1lcool por litro de sangue igual ou superior a seis decigramas\u201d a fim de punir o motorista b\u00eabado.<\/p>\n<p>Tal \u00edndice, contudo, s\u00f3 pode ser aferido com testes como baf\u00f4metro ou exame de sangue. Como ningu\u00e9m \u00e9 obrigado a produzir provas contra si mesmo, o condutor que recusasse os procedimentos dificilmente seria condenado.<\/p>\n<p>Desde dezembro de 2012, isso mudou. Com nova reda\u00e7\u00e3o, a lei seca passou a aceitar diversos outros meios de prova \u2013 como testes cl\u00ednicos, v\u00eddeos e depoimentos. Al\u00e9m disso, a multa para motoristas embriagados passou de R$ 957,70 para R$ 1.915,40.<\/p>\n<p>(Folha de S.Paulo, 03.01.2014)<\/p>\n<ol start=\"65\">\n<li>De acordo com o texto, a nova reda\u00e7\u00e3o dada \u00e0 lei seca<\/li>\n<\/ol>\n<p>(A) busca coibir a embriaguez ao volante independentemente das decis\u00f5es dos tribunais que, em geral, aplicam pesadas multas aos infratores.<\/p>\n<p>(B) torna-a mais r\u00edgida, o que \u00e9 positivo, j\u00e1 que as estat\u00edsticas confirmam a necessidade de se combater a embriaguez ao volante.<\/p>\n<p>(C) aceita novos tipos de prova e implica multa menos onerosa aos motoristas embriagados, atendendo melhor \u00e0s necessidades do tr\u00e2nsito brasileiro.<\/p>\n<p>(D) endurece as a\u00e7\u00f5es contra os motoristas embriagados, o que \u00e9 um contrassenso, levando em considera\u00e7\u00e3o o perfil do motorista brasileiro.<\/p>\n<p>(E) faz com que ela tenha menos probabilidade de ser posta em pr\u00e1tica, pois dificilmente um condutor vai produzir prova contra si mesmo.<\/p>\n<p>Coment\u00e1rios:<\/p>\n<p>Vejamos:<\/p>\n<p>(A) busca coibir a embriaguez ao volante independentemente das decis\u00f5es dos tribunais que, em geral, aplicam pesadas multas aos infratores.<\/p>\n<p>Incorreto. Os tribunais n\u00e3o multam e geralmente liberam os infratores, face \u00e0 dificuldade de provar a embriaguez.<\/p>\n<p>(B) torna-a mais r\u00edgida, o que \u00e9 positivo, j\u00e1 que as estat\u00edsticas confirmam a necessidade de se combater a embriaguez ao volante.<\/p>\n<p>Correto. As estat\u00edsticas mostram a letalidade dos acidentes de tr\u00e2nsito causados por embriaguez. Al\u00e9m disso, de fato, a multa quase dobrou:<\/p>\n<p><em>S\u00e3o cerca de 40 mil mortes a cada ano; quase metade delas, segundo especialistas, est\u00e1 associada ao consumo de bebidas alco\u00f3licas.<\/em><\/p>\n<p><em>Desde dezembro de 2012, isso mudou. Com nova reda\u00e7\u00e3o, a lei seca passou a aceitar diversos outros meios de prova \u2013 como testes cl\u00ednicos, v\u00eddeos e depoimentos. Al\u00e9m disso, <strong>a multa para motoristas embriagados passou de R$ 957,70 para R$ 1.915,40.<\/strong><\/em><\/p>\n<p>(C) aceita novos tipos de prova e implica multa menos onerosa aos motoristas embriagados, atendendo melhor \u00e0s necessidades do tr\u00e2nsito brasileiro.<\/p>\n<p>Incorreto. A multa \u00e9 mais onerosa.<\/p>\n<p>(D) endurece as a\u00e7\u00f5es contra os motoristas embriagados, o que \u00e9 um contrassenso, levando em considera\u00e7\u00e3o o perfil do motorista brasileiro.<\/p>\n<p>Incorreto. N\u00e3o \u00e9 contrassenso, pois de fato o motorista brasileiro, em geral, bebe e dirige, como mostram as estat\u00edsticas.<\/p>\n<p>(E) faz com que ela tenha menos probabilidade de ser posta em pr\u00e1tica, pois dificilmente um condutor vai produzir prova contra si mesmo.<\/p>\n<p>Incorreto. Deixou mais f\u00e1cil de a lei ser posta em pr\u00e1tica, pois h\u00e1 diversas outras possibilidades de prova.<\/p>\n<p>Gabarito letra B.<\/p>\n<p>&nbsp;<\/p>\n<ol start=\"66\">\n<li>Na primeira frase do texto, o termo <strong><em>carnificina<\/em><\/strong> significa<\/li>\n<\/ol>\n<p>(A) conflito.<\/p>\n<p>(B) imposi\u00e7\u00e3o.<\/p>\n<p>(C) confus\u00e3o.<\/p>\n<p>(D) matan\u00e7a.<\/p>\n<p>(E) tortura.<\/p>\n<p>Coment\u00e1rios:<\/p>\n<p>Carnificina significa <em>grande massacre; chacina, exterm\u00ednio, matan\u00e7a. <\/em>Esse sentido faz refer\u00eancia \u00e0 grande quantidade de mortes no tr\u00e2nsito.<\/p>\n<p><em>S\u00e3o cerca de 40 mil mortes a cada ano; quase metade delas, segundo especialistas, est\u00e1 associada ao consumo de bebidas alco\u00f3licas.<\/em><\/p>\n<p>Gabarito letra D.<\/p>\n<p>&nbsp;<\/p>\n<ol start=\"67\">\n<li>O texto deixa claro que<\/li>\n<\/ol>\n<p>(A) a maior parte das mortes no tr\u00e2nsito acontece por causa da embriaguez.<\/p>\n<p>(B) os tribunais brasileiros tentaram proibir as mudan\u00e7as na reda\u00e7\u00e3o da lei seca.<\/p>\n<p>(C) a rela\u00e7\u00e3o entre dire\u00e7\u00e3o e consumo de \u00e1lcool merece estudos mais profundos.<\/p>\n<p>(D) os dados sobre o tr\u00e2nsito brasileiro mostram a inefic\u00e1cia da nova lei seca.<\/p>\n<p>(E) a antiga reda\u00e7\u00e3o da lei seca possibilitava que infratores se livrassem das penas.<\/p>\n<p>Coment\u00e1rios:<\/p>\n<p>Vejamos:<\/p>\n<ol>\n<li>a) A \u201cmaior parte\u201d n\u00e3o, o texto diz \u201cquase metade\u201d.<\/li>\n<li>b) N\u00e3o tentaram, apenas n\u00e3o condenavam alguns motoristas, por dificuldade de provas.<\/li>\n<li>c) O texto n\u00e3o diz isso. Al\u00e9m disso, a estat\u00edstica de mortes mostra que a rela\u00e7\u00e3o \u00e9 bem direta.<\/li>\n<li>d) N\u00e3o h\u00e1 dados sobre a efic\u00e1cia da nova lei, mas presume-se que a nova lei \u00e9 muito mais eficaz, por ser mais rigorosa e permitir muitos meios de prova.<\/li>\n<li>e) Os infratores se livravam da pena ao se recusarem a fazer os testes. Isso porque ningu\u00e9m \u00e9 obrigado a produzir prova contra si mesmo.<\/li>\n<\/ol>\n<p>Gabarito letra E.<\/p>\n<p>&nbsp;<\/p>\n<ol start=\"68\">\n<li>De acordo com a lei seca promulgada em 2008, um motorista seria punido se houvesse<\/li>\n<\/ol>\n<p>(A) quantidade menor que seis decigramas de \u00e1lcool, em um litro de seu sangue.<\/p>\n<p>(B) concentra\u00e7\u00e3o m\u00ednima de um litro de \u00e1lcool para cada litro de seu sangue.<\/p>\n<p>(C) presen\u00e7a de \u00e1lcool por litro de seu sangue igual ou superior a seis decigramas.<\/p>\n<p>(D) qualquer indicativo da exist\u00eancia de \u00e1lcool em seu sangue.<\/p>\n<p>(E) nega\u00e7\u00e3o para realizar exame de sangue ou teste do baf\u00f4metro.<\/p>\n<p>Coment\u00e1rios:<\/p>\n<p>Quest\u00e3o literal:<\/p>\n<p>O problema estava na pr\u00f3pria legisla\u00e7\u00e3o, segundo a qual <strong><em>era preciso comprovar \u201cconcentra\u00e7\u00e3o de \u00e1lcool por litro de sangue igual ou superior a seis decigramas<\/em><\/strong>\u201d a fim de punir o motorista b\u00eabado.<\/p>\n<p>&nbsp;<\/p>\n<p>Gabarito letra C.<\/p>\n<p>&nbsp;<\/p>\n<ol start=\"69\">\n<li>A cada ano, ocorrem cerca de 40 mil mortes; segundo especialistas, quase metade delas est\u00e1 associada ____ bebidas alco\u00f3licas. Isso revela a necessidade de um combate efetivo ____ embriaguez ao volante.<\/li>\n<\/ol>\n<p>As lacunas do trecho devem ser preenchidas, correta e respectivamente, com:<\/p>\n<p>(A) \u00e0s \u2026 a<\/p>\n<p>(B) as \u2026 \u00e0<\/p>\n<p>(C) \u00e0 \u2026 \u00e0<\/p>\n<p>(D) \u00e0s \u2026 \u00e0<\/p>\n<p>(E) \u00e0 \u2026 a<\/p>\n<p>Coment\u00e1rios:<\/p>\n<p>Temos dois casos de crase pela fus\u00e3o de preposi\u00e7\u00e3o + artigo.<\/p>\n<p>associada <strong>A + AS<\/strong> bebidas = associada <strong>\u00c0S<\/strong> bebidas alco\u00f3licas<\/p>\n<p>combate efetivo <strong>A + A<\/strong> embriaguez = combate efetivo <strong>\u00c0<\/strong> embriaguez<\/p>\n<p>Gabarito letra D.<\/p>\n<p>&nbsp;<\/p>\n<ol start=\"70\">\n<li>Sem preju\u00edzo de sentido ao texto, na ora\u00e7\u00e3o \u2013 \u2026 <em>a chamada lei seca buscava alcan\u00e7ar precisamente esse objetivo.<\/em> \u2013, o adv\u00e9rbio \u201cprecisamente\u201d pode ser substitu\u00eddo por<\/li>\n<\/ol>\n<p>(A) exatamente.<\/p>\n<p>(B) provavelmente.<\/p>\n<p>(C) definidamente.<\/p>\n<p>(D) raramente.<\/p>\n<p>(E) possivelmente.<\/p>\n<p>Coment\u00e1rios:<\/p>\n<p>Quest\u00e3o direta. Precis\u00e3o \u00e9 sin\u00f4nimo de Exatid\u00e3o. Gabarito letra A.<\/p>\n<p>&nbsp;<\/p>\n<ol start=\"71\">\n<li>No texto, a passagem \u201c<em>concentra\u00e7\u00e3o de \u00e1lcool por litro de sangue igual ou superior a seis decigramas<\/em>\u201d est\u00e1 entre aspas porque se trata<\/li>\n<\/ol>\n<p>(A) da fala de um especialista em tr\u00e2nsito brasileiro.<\/p>\n<p>(B) de informa\u00e7\u00e3o cuja verdade pode ser questionada.<\/p>\n<p>(C) de transcri\u00e7\u00e3o de trecho da chamada lei seca.<\/p>\n<p>(D) de informa\u00e7\u00e3o essencial da nova lei seca.<\/p>\n<p>(E) de fala comum da maior parte da popula\u00e7\u00e3o.<\/p>\n<p>Coment\u00e1rios:<\/p>\n<p>Uma das principais finalidades das aspas \u00e9 marcar que um trecho foi reproduzido de forma literal. No caso, temos as exatas palavras do texto da lei, cujo trecho o autor utilizou. Gabarito letra C.<\/p>\n<p>&nbsp;<\/p>\n<p>&nbsp;<\/p>\n<p>Para responder \u00e0s quest\u00f5es de n\u00fameros <strong>72<\/strong> a <strong>74<\/strong>, considere o trecho: <em>Tal \u00edndice, contudo, s\u00f3 pode ser aferido com testes como baf\u00f4metro ou exame de sangue. Como ningu\u00e9m \u00e9 obrigado a produzir provas contra si mesmo, o condutor que recusasse os procedimentos dificilmente seria condenado.<\/em><\/p>\n<p><strong>\u00a0<\/strong><\/p>\n<ol start=\"72\">\n<li>A conjun\u00e7\u00e3o \u201cComo\u201d, no contexto em que est\u00e1 empregada, estabelece rela\u00e7\u00e3o de sentido de<\/li>\n<\/ol>\n<p>(A) compara\u00e7\u00e3o.<\/p>\n<p>(B) causa.<\/p>\n<p>(C) conclus\u00e3o.<\/p>\n<p>(D) explica\u00e7\u00e3o.<\/p>\n<p>(E) conformidade.<\/p>\n<p>Coment\u00e1rios:<\/p>\n<p>O \u201ccomo\u201d pode indicar causa, normalmente quando introduz uma ora\u00e7\u00e3o antecipada, antes da outra onde est\u00e1 a consequ\u00eancia:<\/p>\n<p>Como estava chovendo, n\u00e3o sa\u00ed. (n\u00e3o sa\u00ed PORQUE estava chovendo)<\/p>\n<p>\u00c9 o caso dessa quest\u00e3o:<\/p>\n<p><strong><em>COMO ningu\u00e9m \u00e9 obrigado a produzir provas contra si mesmo<\/em><\/strong><em>, o condutor que recusasse os procedimentos dificilmente seria condenado.<\/em><\/p>\n<p><em>o condutor que recusasse os procedimentos dificilmente seria condenado, <strong>PORQUE ningu\u00e9m \u00e9 obrigado a produzir provas contra si mesmo<\/strong><\/em><\/p>\n<p>Gabarito letra B.<\/p>\n<p>&nbsp;<\/p>\n<ol start=\"73\">\n<li>Assinale a alternativa correta quanto \u00e0 concord\u00e2ncia.<\/li>\n<\/ol>\n<p>(A) Como as pessoas n\u00e3o s\u00e3o obrigado a produzir provas contra si mesmo, aquelas que recusasse os procedimentos dificilmente seria condenada.<\/p>\n<p>(B) Como as pessoas n\u00e3o s\u00e3o obrigadas a produzir provas contra si mesmo, aquelas que recusasse os procedimentos dificilmente seriam condenadas.<\/p>\n<p>(C) Como as pessoas n\u00e3o \u00e9 obrigada a produzir provas contra si mesmas, aquelas que recusasse os procedimentos dificilmente seria condenada.<\/p>\n<p>(D) Como as pessoas n\u00e3o s\u00e3o obrigadas a produzir provas contra si mesmas, aquelas que recusassem os procedimentos dificilmente seriam condenadas.<\/p>\n<p>(E) Como as pessoas n\u00e3o s\u00e3o obrigada a produzir provas contra si mesma, aquelas que recusassem os procedimentos dificilmente seriam condenada.<\/p>\n<p>Coment\u00e1rios:<\/p>\n<p>A letra D est\u00e1 perfeita:<\/p>\n<p>(D) Como as pessoas n\u00e3o s\u00e3o <strong>OBRIGADAS<\/strong> a produzir provas contra si <strong>MESMAS<\/strong>, aquelas que <strong>RECUSASSEM<\/strong> os procedimentos dificilmente <strong>SERIAM CONDENADAS<\/strong>.<\/p>\n<p>Obrigadas e condenadas s\u00e3o partic\u00edpios em voz passiva e concordam com o sujeito paciente em g\u00eanero e n\u00famero. Mesmas concorda com \u201cpessoas\u201d. Recusassem concorda com \u201caquelas\u201d.<\/p>\n<p>As alternativas trazem basicamente os mesmos erros. Corrigindo:<\/p>\n<p>(A) Como as pessoas n\u00e3o s\u00e3o <del>obrigado<\/del> <strong>OBRIGADAS <\/strong>a produzir provas contra si <del>mesmo<\/del> <strong>MESMAS<\/strong>, aquelas que <del>recusasse<\/del> <strong>RECUSASSEM <\/strong>os procedimentos dificilmente<del> seria<\/del> <strong>SERIAM <\/strong><del>condenada<\/del> <strong>CONDENADAS<\/strong>.<\/p>\n<p>(B) Como as pessoas n\u00e3o s\u00e3o obrigadas a produzir provas contra si <del>mesmo<\/del> <strong>MESMAS<\/strong>, aquelas que <del>recusasse<\/del> <strong>RECUSASSEM <\/strong>os procedimentos dificilmente seriam condenadas.<\/p>\n<p>(C) Como as pessoas n\u00e3o <del>\u00e9<\/del> <strong>S\u00c3O<\/strong> <del>obrigada<\/del> <strong>OBRIGADAS <\/strong>a produzir provas contra si mesmas, aquelas que <del>recusasse<\/del> <strong>RECUSASSEM<\/strong> os procedimentos dificilmente <strong>SERIAM <\/strong><del>condenada<\/del> <strong>CONDENADAS<\/strong><\/p>\n<p>(E) Como as pessoas n\u00e3o s\u00e3o <del>obrigada<\/del> <strong>OBRIGADAS<\/strong> a produzir provas contra si <del>mesmo<\/del> <strong>MESMAS<\/strong>, aquelas que recusassem os procedimentos dificilmente seriam\u00a0<del>condenada<\/del> <strong>CONDENADAS<\/strong> .<\/p>\n<p>Gabarito letra D.<\/p>\n<p>&nbsp;<\/p>\n<ol start=\"74\">\n<li>Na ora\u00e7\u00e3o \u2013 \u2026 <em>dificilmente seria condenado<\/em>. \u2013, a forma verbal \u201cseria\u201d expressa uma a\u00e7\u00e3o<\/li>\n<\/ol>\n<p>(A) conclu\u00edda.<\/p>\n<p>(B) repetitiva.<\/p>\n<p>(C) incerta.<\/p>\n<p>(D) imprevista.<\/p>\n<p>(E) presente.<\/p>\n<p>Coment\u00e1rios:<\/p>\n<p>O futuro do pret\u00e9rito \u00e9 muito usado em situa\u00e7\u00f5es hipot\u00e9ticas, normalmente em estruturas condicionais.<\/p>\n<p>No caso, \u201cseria\u201d se refere a uma situa\u00e7\u00e3o hipot\u00e9tica, que s\u00e3o os casos em que os motoristas b\u00eabados fossem a julgamento.<\/p>\n<p>Se <strong>fosse<\/strong> a julgamento (nessa hip\u00f3tese), dificilmente <strong>seria<\/strong> condenado.<\/p>\n<p>Gabarito letra C.<\/p>\n<p>&nbsp;<\/p>\n<ol start=\"75\">\n<li>Merece apoio a proposta da Anvisa _______ cigarros sejam vendidos em embalagens gen\u00e9ricas, _______ conste s\u00f3 o nome do produto e o fabricante \u2013 al\u00e9m, \u00e9 claro, dos j\u00e1 tradicionais alertas do Minist\u00e9rio da Sa\u00fade \u2013, sem espa\u00e7o para cores e outros elementos gr\u00e1ficos que possam caracterizar-se como mensagens publicit\u00e1rias.<\/li>\n<\/ol>\n<p>(H\u00e9lio Schwartsman, Cigarros gen\u00e9ricos. Folha de S.Paulo, 10.11.2013. Adaptado)<\/p>\n<p>As lacunas do texto devem ser preenchidas, correta e respectivamente, com:<\/p>\n<p>(A) de que \u2026 nas quais<\/p>\n<p>(B) que \u2026 das quais<\/p>\n<p>(C) de que \u2026 aonde<\/p>\n<p>(D) que \u2026 do qual<\/p>\n<p>(E) de que \u2026 do qual<\/p>\n<p>Coment\u00e1rios:<\/p>\n<p>O substantivo \u201cproposta\u201d j\u00e1 nos indicaria a necessidade da preposi\u00e7\u00e3o \u201cDE\u201d, \u201cproposta de alguma coisa\u201d (proposta de emprego, de casamento, de neg\u00f3cio&#8230;).<\/p>\n<p>Dessa forma ficamos entre A, C e E, que trazem preposi\u00e7\u00e3o DE.<\/p>\n<p>Na segunda lacuna, temos o sentido que \u201cos cigarros s\u00e3o vendidos EM embalagens gen\u00e9ricas\u201d. Ao trocar \u201cembalagens gen\u00e9ricas\u201d pelo pronome \u201cas quais\u201d, a preposi\u00e7\u00e3o se mant\u00e9m: \u201cembalagem <strong>nas quais<\/strong>\u201d (nas= <strong>em<\/strong>+ <strong>as quais<\/strong>). As demais op\u00e7\u00f5es n\u00e3o traziam preposi\u00e7\u00e3o EM.<\/p>\n<p>Gabarito letra A.<\/p>\n<p>&nbsp;<\/p>\n<p><strong>Leia a tira para responder \u00e0s quest\u00f5es de n\u00fameros 76 a 78.<\/strong><\/p>\n<p>&nbsp;<\/p>\n<ol start=\"76\">\n<li>Se a personagem trabalhasse com palestras motivacionais, como lhe perguntou seu interlocutor no primeiro quadrinho, a palavra \u201csonhos\u201d significaria<\/li>\n<\/ol>\n<p>(A) caprichos.<\/p>\n<p>(B) especula\u00e7\u00f5es.<\/p>\n<p>(C) tormentos.<\/p>\n<p>(D) desilus\u00f5es.<\/p>\n<p>(E) aspira\u00e7\u00f5es.<\/p>\n<p>Coment\u00e1rios:<\/p>\n<p>Os palestrantes motivacionais trabalham para motivar as pessoas em busca de seus desejos, projetos, metas, aspira\u00e7\u00f5es. Gabarito letra E.<\/p>\n<p><img loading=\"lazy\" decoding=\"async\" class=\"alignnone size-full wp-image-104236\" src=\"https:\/\/dhg1h5j42swfq.cloudfront.net\/2018\/01\/28150055\/tirinha-pc-sp-2.png\" alt=\"\" width=\"512\" height=\"171\" srcset=\"https:\/\/dhg1h5j42swfq.cloudfront.net\/2018\/01\/28150055\/tirinha-pc-sp-2.png 512w, https:\/\/dhg1h5j42swfq.cloudfront.net\/2018\/01\/28150055\/tirinha-pc-sp-2.png 300w\" sizes=\"auto, (max-width: 512px) 100vw, 512px\" \/><\/p>\n<ol start=\"77\">\n<li>No contexto em que est\u00e1 empregada, a frase \u2013 <em>Pode experimentar\u2026<\/em> \u2013, em conformidade com a norma-padr\u00e3o da l\u00edngua portuguesa, pode ser substitu\u00edda por<\/li>\n<\/ol>\n<p>(A) Pode experimentar eles\u2026<\/p>\n<p>(B) Pode experimentar-nos\u2026<\/p>\n<p>(C) Pode experiment\u00e1-los\u2026<\/p>\n<p>(D) Pode-lhes experimentar\u2026<\/p>\n<p>(E) Pode experimentar-lhes\u2026<\/p>\n<p>Coment\u00e1rios:<\/p>\n<p>O complemento foi omitido na tirinha, mas a ideia \u00e9 de que a pessoa\u00a0 \u201cpode experimentar <strong>os sonhos<\/strong>\u201d.<\/p>\n<p>Lembrem-se: os pronomes O, A, Os, As, quando ligados a verbos terminados em R, S ou Z, recebem o L e a letra R, S ou Z deve ser cortada.<\/p>\n<p>Trocando por um pronome obl\u00edquo correspondente, no masculino plural, teremos:<\/p>\n<p><em>experimenta<span style=\"text-decoration: line-through\">r<\/span> <strong>os sonhos<\/strong><\/em><\/p>\n<p><em>experimenta- l<strong>os <\/strong><\/em><\/p>\n<p>Gabarito letra C.<\/p>\n<ol start=\"78\">\n<li>Na frase \u2013 \u2026 <em>que os sonhos est\u00e3o uma del\u00edcia\u2026<\/em> \u2013, a palavra \u201cque\u201d pode ser substitu\u00edda por<\/li>\n<\/ol>\n<p>(A) mas.<\/p>\n<p>(B) pois.<\/p>\n<p>(C) portanto.<\/p>\n<p>(D) se.<\/p>\n<p>(E) quando.<\/p>\n<p>Coment\u00e1rios:<\/p>\n<p>Aqui, o \u2018que\u2019 introduz uma explica\u00e7\u00e3o, uma justificativa para a sugest\u00e3o que foi feita antes (experimente os sonhos). Ent\u00e3o, temos conjun\u00e7\u00e3o explicativa e poderemos trocar por \u201cpois\u201d, tamb\u00e9m com esse sentido.<\/p>\n<p>Pode experimentar, <strong>que <\/strong>os sonhos est\u00e3o uma del\u00edcia.<\/p>\n<p>Pode experimentar, <strong>pois<\/strong> os sonhos est\u00e3o uma del\u00edcia.<\/p>\n<p><strong><em>Mas<\/em><\/strong> indica oposi\u00e7\u00e3o.<\/p>\n<p><strong><em>Portanto<\/em><\/strong> indica conclus\u00e3o.<\/p>\n<p><strong><em>Se<\/em><\/strong> indica condi\u00e7\u00e3o.<\/p>\n<p><strong><em>Quando<\/em><\/strong> indica tempo.<\/p>\n<p>Gabarito letra B.<\/p>\n<p>&nbsp;<\/p>\n<p><strong>Leia o texto para responder \u00e0s quest\u00f5es de n\u00fameros 79 e 80<\/strong><\/p>\n<p>&nbsp;<\/p>\n<p style=\"text-align: center\">Compras de Natal<\/p>\n<p>A cidade deseja ser diferente, escapar \u00e0s suas fatalidades. ____________ de brilhos e cores; sinos que n\u00e3o tocam, bal\u00f5es que n\u00e3o sobem, anjos e santos que n\u00e3o ____________, estrelas que jamais estiveram no c\u00e9u.<\/p>\n<p>As lojas querem ser diferentes, fugir \u00e0 realidade do ano inteiro: enfeitam-se com fitas e flores, neve de algod\u00e3o de vidro, fios de ouro e prata, cetins, luzes, todas as coisas que possam representar beleza e excel\u00eancia.<\/p>\n<p>Tudo isso para celebrar um Meninozinho envolto em pobres panos, deitado numas palhas, h\u00e1 cerca de dois mil anos, num abrigo de animais, em Bel\u00e9m.<\/p>\n<p>(Cec\u00edlia Meireles, Quatro Vozes. Adaptado)<\/p>\n<p>&nbsp;<\/p>\n<ol start=\"79\">\n<li>De acordo com a norma-padr\u00e3o da l\u00edngua portuguesa, as lacunas do texto devem ser preenchidas, correta e respectivamente, com:<\/li>\n<\/ol>\n<p>(A) Se enche \u2026 movem-se<\/p>\n<p>(B) Se enchem \u2026 se movem<\/p>\n<p>(C) Enchem-se \u2026 se move<\/p>\n<p>(D) Enche-se \u2026 move-se<\/p>\n<p>(E) Enche-se \u2026 se movem<\/p>\n<p>Coment\u00e1rios:<\/p>\n<p>Estamos falando de Natal.<\/p>\n<p>No natal, quem se enche de brilhos e cores? A cidade. Portanto, temos verbo no singular. Por\u00e9m, n\u00e3o podemos iniciar per\u00edodo com pronome obl\u00edquo \u00e1tono, ent\u00e3o teremos \u00eanclise: \u201cEnche-se\u201d.<\/p>\n<p>Na segunda lacuna, temos palavra atrativa, o adv\u00e9rbio \u201cn\u00e3o\u201d. Ent\u00e3o, teremos pr\u00f3clise obrigat\u00f3ria: se movem.<\/p>\n<p>Gabarito letra E.<\/p>\n<p>&nbsp;<\/p>\n<ol start=\"80\">\n<li>Na frase \u2013 <em>Tudo isso para celebrar um <strong>Meninozinho<\/strong> envolto em pobres panos\u2026<\/em> \u2013, o diminutivo no substantivo destacado expressa<\/li>\n<\/ol>\n<p>(A) repulsa.<\/p>\n<p>(B) humor.<\/p>\n<p>(C) ironia.<\/p>\n<p>(D) afetividade.<\/p>\n<p>(E) desd\u00e9m.<\/p>\n<p>Coment\u00e1rios:<\/p>\n<p>O diminutivo, al\u00e9m do valor dimensional, de tamanho, tamb\u00e9m pode expressar outras no\u00e7\u00f5es, como afetividade, deprecia\u00e7\u00e3o, ironia&#8230;<\/p>\n<p>Ex: Olhe o cachorrinho que eu trouxe para voc\u00ea. (afetividade)<\/p>\n<p>Ex: Que sujeitinho descarado esse! (pejorativo; depreciativo; ir\u00f4nico)<\/p>\n<p>Ex: Queridinho, devolva o que roubou. (depreciativo; ir\u00f4nico)<\/p>\n<p>No caso, estamos falando de uma figura querida, o menino Jesus, ent\u00e3o h\u00e1 um claro valor afetivo, carinhoso no uso dessa palavra.<\/p>\n<p>Gabarito letra D.<\/p>\n<p>Bem, essa foi a prova de Investigador da PC SP.<\/p>\n<p><a href=\"https:\/\/www.estrategiaconcursos.com.br\/curso\/pacote-completo-p-policia-civil-sp-perito-com-videoaulas-201702181102\/\">Cursos PC SP:<\/a><\/p>\n<p>E a\u00ed, pessoal? O que acharam? F\u00e1cil, mediana, dif\u00edcil? Deixem a\u00ed a opini\u00e3o de voc\u00eas nos coment\u00e1rios!<\/p>\n<p>Grande abra\u00e7o!<\/p>\n<p><img loading=\"lazy\" decoding=\"async\" class=\"alignnone size-full wp-image-104237\" src=\"https:\/\/dhg1h5j42swfq.cloudfront.net\/2018\/01\/28150853\/M%C3%8DDIAS-SOCIAIS-FELIPE.png\" alt=\"\" width=\"724\" height=\"125\" srcset=\"https:\/\/dhg1h5j42swfq.cloudfront.net\/2018\/01\/28150853\/M%C3%8DDIAS-SOCIAIS-FELIPE.png 724w, https:\/\/dhg1h5j42swfq.cloudfront.net\/2018\/01\/28150853\/M%C3%8DDIAS-SOCIAIS-FELIPE.png 300w, https:\/\/dhg1h5j42swfq.cloudfront.net\/2018\/01\/28150853\/M%C3%8DDIAS-SOCIAIS-FELIPE.png 610w\" sizes=\"auto, (max-width: 724px) 100vw, 724px\" \/><\/p>\n","protected":false},"excerpt":{"rendered":"<p>Ol\u00e1, meus amigos, tudo tranquilo? Meu nome \u00e9 Felipe, sou Auditor-Fiscal da Receita Federal e professor de portugu\u00eas do Estrat\u00e9gia Concursos. O edital da Pol\u00edcia Civil de S\u00e3o Paulo est\u00e1 muito pr\u00f3ximo de ser publicado, banca prov\u00e1vel: VUNESP! Ent\u00e3o, trouxe para voc\u00eas, inteiramente comentada, a prova do concurso passado, tamb\u00e9m realizado pela VUNESP, para que [&hellip;]<\/p>\n","protected":false},"author":1,"featured_media":0,"comment_status":"open","ping_status":"closed","sticky":false,"template":"","format":"standard","meta":{"post_tipo":"article","footnotes":""},"categories":[1,1988],"tags":[46,40,300,598,536,331,697,500,15,867],"tax_estado":[],"class_list":["post-104232","post","type-post","status-publish","format-standard","hentry","category-cursos-e-concursos","category-policia","tag-comentarios","tag-concurso","tag-concurso-inss","tag-tcu","tag-contabilidade","tag-gabarito","tag-gabaritos","tag-policia-federal","tag-portugues","tag-prova-comentada"],"acf":[],"yoast_head":"<!-- This site is optimized with the Yoast SEO Premium plugin v27.2 (Yoast SEO v27.2) - https:\/\/yoast.com\/product\/yoast-seo-premium-wordpress\/ -->\n<title>Pol\u00edcia Civil de S\u00e3o Paulo - Edital chegando - Veja a prova comentada<\/title>\n<meta name=\"robots\" content=\"index, follow, max-snippet:-1, max-image-preview:large, max-video-preview:-1\" \/>\n<link rel=\"canonical\" href=\"https:\/\/www.estrategiaconcursos.com.br\/blog\/policia-civil-sao-paulo-edital-chegando-veja-prova-comentada\/\" \/>\n<meta property=\"og:locale\" content=\"pt_BR\" \/>\n<meta property=\"og:type\" content=\"article\" \/>\n<meta property=\"og:title\" content=\"Pol\u00edcia Civil de S\u00e3o Paulo - Edital chegando - Veja a prova comentada\" \/>\n<meta property=\"og:description\" content=\"Ol\u00e1, meus amigos, tudo tranquilo? Meu nome \u00e9 Felipe, sou Auditor-Fiscal da Receita Federal e professor de portugu\u00eas do Estrat\u00e9gia Concursos. O edital da Pol\u00edcia Civil de S\u00e3o Paulo est\u00e1 muito pr\u00f3ximo de ser publicado, banca prov\u00e1vel: VUNESP! Ent\u00e3o, trouxe para voc\u00eas, inteiramente comentada, a prova do concurso passado, tamb\u00e9m realizado pela VUNESP, para que [&hellip;]\" \/>\n<meta property=\"og:url\" content=\"https:\/\/www.estrategiaconcursos.com.br\/blog\/policia-civil-sao-paulo-edital-chegando-veja-prova-comentada\/\" \/>\n<meta property=\"og:site_name\" content=\"Estrat\u00e9gia Concursos\" \/>\n<meta property=\"article:author\" content=\"https:\/\/www.facebook.com\/EstrategiaConcursos\" \/>\n<meta property=\"article:published_time\" content=\"2018-01-28T18:14:13+00:00\" \/>\n<meta property=\"article:modified_time\" content=\"2018-07-20T17:25:40+00:00\" \/>\n<meta property=\"og:image\" content=\"https:\/\/www.estrategiaconcursos.com.br\/blog\/wp-content\/uploads\/2018\/01\/tirinha-pc-sp.png\" \/>\n<meta name=\"author\" content=\"Coordena\u00e7\u00e3o\" \/>\n<meta name=\"twitter:card\" content=\"summary_large_image\" \/>\n<meta name=\"twitter:creator\" content=\"@EstratConcursos\" \/>\n<meta name=\"twitter:site\" content=\"@EstratConcursos\" \/>\n<meta name=\"twitter:label1\" content=\"Escrito por\" \/>\n\t<meta name=\"twitter:data1\" content=\"Coordena\u00e7\u00e3o\" \/>\n\t<meta name=\"twitter:label2\" content=\"Est. tempo de leitura\" \/>\n\t<meta name=\"twitter:data2\" content=\"16 minutos\" \/>\n<script type=\"application\/ld+json\" class=\"yoast-schema-graph\">{\"@context\":\"https:\/\/schema.org\",\"@graph\":[{\"@type\":\"NewsArticle\",\"@id\":\"https:\/\/www.estrategiaconcursos.com.br\/blog\/policia-civil-sao-paulo-edital-chegando-veja-prova-comentada\/#article\",\"isPartOf\":{\"@id\":\"https:\/\/www.estrategiaconcursos.com.br\/blog\/policia-civil-sao-paulo-edital-chegando-veja-prova-comentada\/\"},\"author\":{\"name\":\"Coordena\u00e7\u00e3o\",\"@id\":\"https:\/\/www.estrategiaconcursos.com.br\/blog\/#\/schema\/person\/b4a388c97673c5f483d72185668afa1f\"},\"headline\":\"Pol\u00edcia Civil de S\u00e3o Paulo &#8211; Edital chegando &#8211; Veja a prova comentada\",\"datePublished\":\"2018-01-28T18:14:13+00:00\",\"dateModified\":\"2018-07-20T17:25:40+00:00\",\"mainEntityOfPage\":{\"@id\":\"https:\/\/www.estrategiaconcursos.com.br\/blog\/policia-civil-sao-paulo-edital-chegando-veja-prova-comentada\/\"},\"wordCount\":3270,\"commentCount\":10,\"publisher\":{\"@id\":\"https:\/\/www.estrategiaconcursos.com.br\/blog\/#organization\"},\"image\":{\"@id\":\"https:\/\/www.estrategiaconcursos.com.br\/blog\/policia-civil-sao-paulo-edital-chegando-veja-prova-comentada\/#primaryimage\"},\"thumbnailUrl\":\"https:\/\/www.estrategiaconcursos.com.br\/blog\/wp-content\/uploads\/2018\/01\/tirinha-pc-sp.png\",\"keywords\":[\"Coment\u00e1rios\",\"Concurso\",\"concurso INSS\",\"Concurso TCU\",\"Contabilidade\",\"Gabarito\",\"Gabaritos\",\"Policia Federal\",\"Portugu\u00eas\",\"prova comentada\"],\"articleSection\":[\"Concursos P\u00fablicos\",\"Policial (Agente, Escriv\u00e3o e Investigador)\"],\"inLanguage\":\"pt-BR\",\"potentialAction\":[{\"@type\":\"CommentAction\",\"name\":\"Comment\",\"target\":[\"https:\/\/www.estrategiaconcursos.com.br\/blog\/policia-civil-sao-paulo-edital-chegando-veja-prova-comentada\/#respond\"]}],\"copyrightYear\":\"2018\",\"copyrightHolder\":{\"@id\":\"https:\/\/www.estrategiaconcursos.com.br\/blog\/#organization\"}},{\"@type\":\"WebPage\",\"@id\":\"https:\/\/www.estrategiaconcursos.com.br\/blog\/policia-civil-sao-paulo-edital-chegando-veja-prova-comentada\/\",\"url\":\"https:\/\/www.estrategiaconcursos.com.br\/blog\/policia-civil-sao-paulo-edital-chegando-veja-prova-comentada\/\",\"name\":\"Pol\u00edcia Civil de S\u00e3o Paulo - Edital chegando - Veja a prova comentada\",\"isPartOf\":{\"@id\":\"https:\/\/www.estrategiaconcursos.com.br\/blog\/#website\"},\"primaryImageOfPage\":{\"@id\":\"https:\/\/www.estrategiaconcursos.com.br\/blog\/policia-civil-sao-paulo-edital-chegando-veja-prova-comentada\/#primaryimage\"},\"image\":{\"@id\":\"https:\/\/www.estrategiaconcursos.com.br\/blog\/policia-civil-sao-paulo-edital-chegando-veja-prova-comentada\/#primaryimage\"},\"thumbnailUrl\":\"https:\/\/www.estrategiaconcursos.com.br\/blog\/wp-content\/uploads\/2018\/01\/tirinha-pc-sp.png\",\"datePublished\":\"2018-01-28T18:14:13+00:00\",\"dateModified\":\"2018-07-20T17:25:40+00:00\",\"breadcrumb\":{\"@id\":\"https:\/\/www.estrategiaconcursos.com.br\/blog\/policia-civil-sao-paulo-edital-chegando-veja-prova-comentada\/#breadcrumb\"},\"inLanguage\":\"pt-BR\",\"potentialAction\":[{\"@type\":\"ReadAction\",\"target\":[\"https:\/\/www.estrategiaconcursos.com.br\/blog\/policia-civil-sao-paulo-edital-chegando-veja-prova-comentada\/\"]}]},{\"@type\":\"ImageObject\",\"inLanguage\":\"pt-BR\",\"@id\":\"https:\/\/www.estrategiaconcursos.com.br\/blog\/policia-civil-sao-paulo-edital-chegando-veja-prova-comentada\/#primaryimage\",\"url\":\"https:\/\/dhg1h5j42swfq.cloudfront.net\/2018\/01\/28145636\/tirinha-pc-sp.png\",\"contentUrl\":\"https:\/\/dhg1h5j42swfq.cloudfront.net\/2018\/01\/28145636\/tirinha-pc-sp.png\",\"width\":524,\"height\":200},{\"@type\":\"BreadcrumbList\",\"@id\":\"https:\/\/www.estrategiaconcursos.com.br\/blog\/policia-civil-sao-paulo-edital-chegando-veja-prova-comentada\/#breadcrumb\",\"itemListElement\":[{\"@type\":\"ListItem\",\"position\":1,\"name\":\"In\u00edcio\",\"item\":\"https:\/\/www.estrategiaconcursos.com.br\/blog\/\"},{\"@type\":\"ListItem\",\"position\":2,\"name\":\"Pol\u00edcia Civil de S\u00e3o Paulo &#8211; Edital chegando &#8211; Veja a prova comentada\"}]},{\"@type\":\"WebSite\",\"@id\":\"https:\/\/www.estrategiaconcursos.com.br\/blog\/#website\",\"url\":\"https:\/\/www.estrategiaconcursos.com.br\/blog\/\",\"name\":\"Estrat\u00e9gia Concursos\",\"description\":\"O blog da Estrat\u00e9gia Concursos traz not\u00edcias sobre concursos e artigos de professores oferecendo cursos para concursos (pdf + videaulas) no site.\",\"publisher\":{\"@id\":\"https:\/\/www.estrategiaconcursos.com.br\/blog\/#organization\"},\"potentialAction\":[{\"@type\":\"SearchAction\",\"target\":{\"@type\":\"EntryPoint\",\"urlTemplate\":\"https:\/\/www.estrategiaconcursos.com.br\/blog\/?s={search_term_string}\"},\"query-input\":{\"@type\":\"PropertyValueSpecification\",\"valueRequired\":true,\"valueName\":\"search_term_string\"}}],\"inLanguage\":\"pt-BR\"},{\"@type\":\"Organization\",\"@id\":\"https:\/\/www.estrategiaconcursos.com.br\/blog\/#organization\",\"name\":\"Estrat\u00e9gia Concursos\",\"url\":\"https:\/\/www.estrategiaconcursos.com.br\/blog\/\",\"logo\":{\"@type\":\"ImageObject\",\"inLanguage\":\"pt-BR\",\"@id\":\"https:\/\/www.estrategiaconcursos.com.br\/blog\/#\/schema\/logo\/image\/\",\"url\":\"https:\/\/dhg1h5j42swfq.cloudfront.net\/2025\/06\/03203428\/logo_concursos-1.jpg\",\"contentUrl\":\"https:\/\/dhg1h5j42swfq.cloudfront.net\/2025\/06\/03203428\/logo_concursos-1.jpg\",\"width\":230,\"height\":60,\"caption\":\"Estrat\u00e9gia Concursos\"},\"image\":{\"@id\":\"https:\/\/www.estrategiaconcursos.com.br\/blog\/#\/schema\/logo\/image\/\"},\"sameAs\":[\"https:\/\/x.com\/EstratConcursos\"]},{\"@type\":\"Person\",\"@id\":\"https:\/\/www.estrategiaconcursos.com.br\/blog\/#\/schema\/person\/b4a388c97673c5f483d72185668afa1f\",\"name\":\"Coordena\u00e7\u00e3o\",\"image\":{\"@type\":\"ImageObject\",\"inLanguage\":\"pt-BR\",\"@id\":\"https:\/\/secure.gravatar.com\/avatar\/b720319e4c9a967eb58678d110f4fe35452fc5d5f97b202bac7b8acceb18c6ad?s=96&d=mm&r=g\",\"url\":\"https:\/\/secure.gravatar.com\/avatar\/b720319e4c9a967eb58678d110f4fe35452fc5d5f97b202bac7b8acceb18c6ad?s=96&d=mm&r=g\",\"contentUrl\":\"https:\/\/secure.gravatar.com\/avatar\/b720319e4c9a967eb58678d110f4fe35452fc5d5f97b202bac7b8acceb18c6ad?s=96&d=mm&r=g\",\"caption\":\"Coordena\u00e7\u00e3o\"},\"sameAs\":[\"https:\/\/www.facebook.com\/EstrategiaConcursos\",\"https:\/\/x.com\/EstratConcursos\"],\"url\":\"https:\/\/www.estrategiaconcursos.com.br\/blog\/author\/estrategia2013\/\"}]}<\/script>\n<!-- \/ Yoast SEO Premium plugin. -->","yoast_head_json":{"title":"Pol\u00edcia Civil de S\u00e3o Paulo - Edital chegando - Veja a prova comentada","robots":{"index":"index","follow":"follow","max-snippet":"max-snippet:-1","max-image-preview":"max-image-preview:large","max-video-preview":"max-video-preview:-1"},"canonical":"https:\/\/www.estrategiaconcursos.com.br\/blog\/policia-civil-sao-paulo-edital-chegando-veja-prova-comentada\/","og_locale":"pt_BR","og_type":"article","og_title":"Pol\u00edcia Civil de S\u00e3o Paulo - Edital chegando - Veja a prova comentada","og_description":"Ol\u00e1, meus amigos, tudo tranquilo? Meu nome \u00e9 Felipe, sou Auditor-Fiscal da Receita Federal e professor de portugu\u00eas do Estrat\u00e9gia Concursos. O edital da Pol\u00edcia Civil de S\u00e3o Paulo est\u00e1 muito pr\u00f3ximo de ser publicado, banca prov\u00e1vel: VUNESP! Ent\u00e3o, trouxe para voc\u00eas, inteiramente comentada, a prova do concurso passado, tamb\u00e9m realizado pela VUNESP, para que [&hellip;]","og_url":"https:\/\/www.estrategiaconcursos.com.br\/blog\/policia-civil-sao-paulo-edital-chegando-veja-prova-comentada\/","og_site_name":"Estrat\u00e9gia Concursos","article_author":"https:\/\/www.facebook.com\/EstrategiaConcursos","article_published_time":"2018-01-28T18:14:13+00:00","article_modified_time":"2018-07-20T17:25:40+00:00","og_image":[{"url":"https:\/\/www.estrategiaconcursos.com.br\/blog\/wp-content\/uploads\/2018\/01\/tirinha-pc-sp.png","type":"","width":"","height":""}],"author":"Coordena\u00e7\u00e3o","twitter_card":"summary_large_image","twitter_creator":"@EstratConcursos","twitter_site":"@EstratConcursos","twitter_misc":{"Escrito por":"Coordena\u00e7\u00e3o","Est. tempo de leitura":"16 minutos"},"schema":{"@context":"https:\/\/schema.org","@graph":[{"@type":"NewsArticle","@id":"https:\/\/www.estrategiaconcursos.com.br\/blog\/policia-civil-sao-paulo-edital-chegando-veja-prova-comentada\/#article","isPartOf":{"@id":"https:\/\/www.estrategiaconcursos.com.br\/blog\/policia-civil-sao-paulo-edital-chegando-veja-prova-comentada\/"},"author":{"name":"Coordena\u00e7\u00e3o","@id":"https:\/\/www.estrategiaconcursos.com.br\/blog\/#\/schema\/person\/b4a388c97673c5f483d72185668afa1f"},"headline":"Pol\u00edcia Civil de S\u00e3o Paulo &#8211; Edital chegando &#8211; Veja a prova comentada","datePublished":"2018-01-28T18:14:13+00:00","dateModified":"2018-07-20T17:25:40+00:00","mainEntityOfPage":{"@id":"https:\/\/www.estrategiaconcursos.com.br\/blog\/policia-civil-sao-paulo-edital-chegando-veja-prova-comentada\/"},"wordCount":3270,"commentCount":10,"publisher":{"@id":"https:\/\/www.estrategiaconcursos.com.br\/blog\/#organization"},"image":{"@id":"https:\/\/www.estrategiaconcursos.com.br\/blog\/policia-civil-sao-paulo-edital-chegando-veja-prova-comentada\/#primaryimage"},"thumbnailUrl":"https:\/\/www.estrategiaconcursos.com.br\/blog\/wp-content\/uploads\/2018\/01\/tirinha-pc-sp.png","keywords":["Coment\u00e1rios","Concurso","concurso INSS","Concurso TCU","Contabilidade","Gabarito","Gabaritos","Policia Federal","Portugu\u00eas","prova comentada"],"articleSection":["Concursos P\u00fablicos","Policial (Agente, Escriv\u00e3o e Investigador)"],"inLanguage":"pt-BR","potentialAction":[{"@type":"CommentAction","name":"Comment","target":["https:\/\/www.estrategiaconcursos.com.br\/blog\/policia-civil-sao-paulo-edital-chegando-veja-prova-comentada\/#respond"]}],"copyrightYear":"2018","copyrightHolder":{"@id":"https:\/\/www.estrategiaconcursos.com.br\/blog\/#organization"}},{"@type":"WebPage","@id":"https:\/\/www.estrategiaconcursos.com.br\/blog\/policia-civil-sao-paulo-edital-chegando-veja-prova-comentada\/","url":"https:\/\/www.estrategiaconcursos.com.br\/blog\/policia-civil-sao-paulo-edital-chegando-veja-prova-comentada\/","name":"Pol\u00edcia Civil de S\u00e3o Paulo - Edital chegando - Veja a prova comentada","isPartOf":{"@id":"https:\/\/www.estrategiaconcursos.com.br\/blog\/#website"},"primaryImageOfPage":{"@id":"https:\/\/www.estrategiaconcursos.com.br\/blog\/policia-civil-sao-paulo-edital-chegando-veja-prova-comentada\/#primaryimage"},"image":{"@id":"https:\/\/www.estrategiaconcursos.com.br\/blog\/policia-civil-sao-paulo-edital-chegando-veja-prova-comentada\/#primaryimage"},"thumbnailUrl":"https:\/\/www.estrategiaconcursos.com.br\/blog\/wp-content\/uploads\/2018\/01\/tirinha-pc-sp.png","datePublished":"2018-01-28T18:14:13+00:00","dateModified":"2018-07-20T17:25:40+00:00","breadcrumb":{"@id":"https:\/\/www.estrategiaconcursos.com.br\/blog\/policia-civil-sao-paulo-edital-chegando-veja-prova-comentada\/#breadcrumb"},"inLanguage":"pt-BR","potentialAction":[{"@type":"ReadAction","target":["https:\/\/www.estrategiaconcursos.com.br\/blog\/policia-civil-sao-paulo-edital-chegando-veja-prova-comentada\/"]}]},{"@type":"ImageObject","inLanguage":"pt-BR","@id":"https:\/\/www.estrategiaconcursos.com.br\/blog\/policia-civil-sao-paulo-edital-chegando-veja-prova-comentada\/#primaryimage","url":"https:\/\/dhg1h5j42swfq.cloudfront.net\/2018\/01\/28145636\/tirinha-pc-sp.png","contentUrl":"https:\/\/dhg1h5j42swfq.cloudfront.net\/2018\/01\/28145636\/tirinha-pc-sp.png","width":524,"height":200},{"@type":"BreadcrumbList","@id":"https:\/\/www.estrategiaconcursos.com.br\/blog\/policia-civil-sao-paulo-edital-chegando-veja-prova-comentada\/#breadcrumb","itemListElement":[{"@type":"ListItem","position":1,"name":"In\u00edcio","item":"https:\/\/www.estrategiaconcursos.com.br\/blog\/"},{"@type":"ListItem","position":2,"name":"Pol\u00edcia Civil de S\u00e3o Paulo &#8211; Edital chegando &#8211; Veja a prova comentada"}]},{"@type":"WebSite","@id":"https:\/\/www.estrategiaconcursos.com.br\/blog\/#website","url":"https:\/\/www.estrategiaconcursos.com.br\/blog\/","name":"Estrat\u00e9gia Concursos","description":"O blog da Estrat\u00e9gia Concursos traz not\u00edcias sobre concursos e artigos de professores oferecendo cursos para concursos (pdf + videaulas) no site.","publisher":{"@id":"https:\/\/www.estrategiaconcursos.com.br\/blog\/#organization"},"potentialAction":[{"@type":"SearchAction","target":{"@type":"EntryPoint","urlTemplate":"https:\/\/www.estrategiaconcursos.com.br\/blog\/?s={search_term_string}"},"query-input":{"@type":"PropertyValueSpecification","valueRequired":true,"valueName":"search_term_string"}}],"inLanguage":"pt-BR"},{"@type":"Organization","@id":"https:\/\/www.estrategiaconcursos.com.br\/blog\/#organization","name":"Estrat\u00e9gia Concursos","url":"https:\/\/www.estrategiaconcursos.com.br\/blog\/","logo":{"@type":"ImageObject","inLanguage":"pt-BR","@id":"https:\/\/www.estrategiaconcursos.com.br\/blog\/#\/schema\/logo\/image\/","url":"https:\/\/dhg1h5j42swfq.cloudfront.net\/2025\/06\/03203428\/logo_concursos-1.jpg","contentUrl":"https:\/\/dhg1h5j42swfq.cloudfront.net\/2025\/06\/03203428\/logo_concursos-1.jpg","width":230,"height":60,"caption":"Estrat\u00e9gia Concursos"},"image":{"@id":"https:\/\/www.estrategiaconcursos.com.br\/blog\/#\/schema\/logo\/image\/"},"sameAs":["https:\/\/x.com\/EstratConcursos"]},{"@type":"Person","@id":"https:\/\/www.estrategiaconcursos.com.br\/blog\/#\/schema\/person\/b4a388c97673c5f483d72185668afa1f","name":"Coordena\u00e7\u00e3o","image":{"@type":"ImageObject","inLanguage":"pt-BR","@id":"https:\/\/secure.gravatar.com\/avatar\/b720319e4c9a967eb58678d110f4fe35452fc5d5f97b202bac7b8acceb18c6ad?s=96&d=mm&r=g","url":"https:\/\/secure.gravatar.com\/avatar\/b720319e4c9a967eb58678d110f4fe35452fc5d5f97b202bac7b8acceb18c6ad?s=96&d=mm&r=g","contentUrl":"https:\/\/secure.gravatar.com\/avatar\/b720319e4c9a967eb58678d110f4fe35452fc5d5f97b202bac7b8acceb18c6ad?s=96&d=mm&r=g","caption":"Coordena\u00e7\u00e3o"},"sameAs":["https:\/\/www.facebook.com\/EstrategiaConcursos","https:\/\/x.com\/EstratConcursos"],"url":"https:\/\/www.estrategiaconcursos.com.br\/blog\/author\/estrategia2013\/"}]}},"_links":{"self":[{"href":"https:\/\/www.estrategiaconcursos.com.br\/blog\/wp-json\/wp\/v2\/posts\/104232","targetHints":{"allow":["GET"]}}],"collection":[{"href":"https:\/\/www.estrategiaconcursos.com.br\/blog\/wp-json\/wp\/v2\/posts"}],"about":[{"href":"https:\/\/www.estrategiaconcursos.com.br\/blog\/wp-json\/wp\/v2\/types\/post"}],"author":[{"embeddable":true,"href":"https:\/\/www.estrategiaconcursos.com.br\/blog\/wp-json\/wp\/v2\/users\/1"}],"replies":[{"embeddable":true,"href":"https:\/\/www.estrategiaconcursos.com.br\/blog\/wp-json\/wp\/v2\/comments?post=104232"}],"version-history":[{"count":8,"href":"https:\/\/www.estrategiaconcursos.com.br\/blog\/wp-json\/wp\/v2\/posts\/104232\/revisions"}],"predecessor-version":[{"id":104245,"href":"https:\/\/www.estrategiaconcursos.com.br\/blog\/wp-json\/wp\/v2\/posts\/104232\/revisions\/104245"}],"wp:attachment":[{"href":"https:\/\/www.estrategiaconcursos.com.br\/blog\/wp-json\/wp\/v2\/media?parent=104232"}],"wp:term":[{"taxonomy":"category","embeddable":true,"href":"https:\/\/www.estrategiaconcursos.com.br\/blog\/wp-json\/wp\/v2\/categories?post=104232"},{"taxonomy":"post_tag","embeddable":true,"href":"https:\/\/www.estrategiaconcursos.com.br\/blog\/wp-json\/wp\/v2\/tags?post=104232"},{"taxonomy":"tax_estado","embeddable":true,"href":"https:\/\/www.estrategiaconcursos.com.br\/blog\/wp-json\/wp\/v2\/tax_estado?post=104232"}],"curies":[{"name":"wp","href":"https:\/\/api.w.org\/{rel}","templated":true}]}}