{"id":1042216,"date":"2022-06-09T09:05:19","date_gmt":"2022-06-09T12:05:19","guid":{"rendered":"https:\/\/www.estrategiaconcursos.com.br\/blog\/?p=1042216"},"modified":"2022-06-30T17:51:39","modified_gmt":"2022-06-30T20:51:39","slug":"concurso-ibge-complementar-recenseador","status":"publish","type":"post","link":"https:\/\/www.estrategiaconcursos.com.br\/blog\/concurso-ibge-complementar-recenseador\/","title":{"rendered":"Concurso IBGE Recenseador: EDITAL NA \u00cdNTEGRA! 48,5 mil vagas"},"content":{"rendered":"\n<h3 class=\"wp-block-heading\" id=\"candidatos-ja-podem-se-inscrever-de-forma-gratuita\"><em>Candidatos j\u00e1 podem se inscrever de forma gratuita!<\/em><\/h3>\n\n\n\n<p>Foi publicado o edital na \u00edntegra do concurso IBGE Complementar com <strong>48.535 vagas para o cargo de recenseador<\/strong> <strong>(n\u00edvel fundamental).<\/strong><\/p>\n\n\n\n<p>A sele\u00e7\u00e3o dos candidatos ser\u00e1 feita por meio de an\u00e1lise de t\u00edtulos, de car\u00e1ter classificat\u00f3rio, valendo at\u00e9 10 pontos.<\/p>\n\n\n\n<p>Al\u00e9m disso, a previs\u00e3o de dura\u00e7\u00e3o dos contratos ser\u00e1 de at\u00e9 tr\u00eas meses, podendo ser prorrogado.&nbsp;<\/p>\n\n\n\n<p>O procedimento de inscri\u00e7\u00e3o j\u00e1 pode ser feito atrav\u00e9s do site do IBGE,<strong> at\u00e9 o dia 15 de junho<\/strong>.<\/p>\n\n\n\n<ul class=\"wp-block-list\"><li><strong><a href=\"https:\/\/www.ibge.gov.br\/pss-complementar?e=3\" target=\"_blank\" rel=\"noreferrer noopener\">QUERO ME INSCREVER!<\/a><\/strong><\/li><\/ul>\n\n\n\n<p>Vale lembrar que n\u00e3o ser\u00e1 necess\u00e1rio efetuar pagamento referente a taxa de inscri\u00e7\u00e3o. A participa\u00e7\u00e3o \u00e9 gratuita!<\/p>\n\n\n\n<div class=\"wp-block-image\"><figure class=\"aligncenter size-full is-resized\"><img decoding=\"async\" src=\"https:\/\/dhg1h5j42swfq.cloudfront.net\/2022\/06\/09091754\/img2323424-190602-1024x858-1.jpg\" alt=\"Concurso IBGE Complementar: recenseador \" class=\"wp-image-1042276\" width=\"-27\" height=\"-22\" srcset=\"https:\/\/dhg1h5j42swfq.cloudfront.net\/2022\/06\/09091754\/img2323424-190602-1024x858-1.jpg 1024w, https:\/\/dhg1h5j42swfq.cloudfront.net\/2022\/06\/09091754\/img2323424-190602-1024x858-1-300x251.jpg 300w, https:\/\/dhg1h5j42swfq.cloudfront.net\/2022\/06\/09091754\/img2323424-190602-1024x858-1-768x644.jpg 768w, https:\/\/dhg1h5j42swfq.cloudfront.net\/2022\/06\/09091754\/img2323424-190602-1024x858-1-610x511.jpg 610w\" sizes=\"(max-width: 1024px) 100vw, 1024px\" \/><figcaption>Concurso IBGE Complementar: recenseador <\/figcaption><\/figure><\/div>\n\n\n\n<h2 class=\"wp-block-heading\" id=\"concurso-ibge-recenseador-distribuicao-das-vagas\">Concurso IBGE Recenseador: distribui\u00e7\u00e3o das vagas <\/h2>\n\n\n\n<p>O concurso IBGE Complementar para recenseador ter\u00e1 oportunidades para ampla concorr\u00eancia, PCD e pessoas pretas e pardas. <\/p>\n\n\n\n<p>Para conferir a distribui\u00e7\u00e3o na \u00edntegra, basta acessar o link abaixo:<\/p>\n\n\n\n<ul class=\"wp-block-list\"><li><a href=\"https:\/\/dhg1h5j42swfq.cloudfront.net\/2022\/06\/09110310\/edital_2022_10_recenseador_complementar_quadro_de-vagas.pdf\" target=\"_blank\" rel=\"noreferrer noopener nofollow\">Distribui\u00e7\u00e3o das vagas<\/a><\/li><\/ul>\n\n\n\n<p><strong>ATEN\u00c7\u00c3O<\/strong>! Foram reservadas 4.952 vagas aos candidatos com defici\u00eancia, que n\u00e3o foram preenchidas no edital n\u00ba 10\/2021, em que foram reservados 5% das vagas de recenseador.<\/p>\n\n\n\n<h2 class=\"wp-block-heading\" id=\"h-concurso-ibge-recenseador-sobre-o-cargo\">Concurso IBGE recenseador: sobre o cargo<\/h2>\n\n\n\n<p>A fun\u00e7\u00e3o de recenseador precisa cumprir, no m\u00ednimo, 25 horas semanais, al\u00e9m da participa\u00e7\u00e3o integral e obrigat\u00f3ria no treinamento estipulado.<\/p>\n\n\n\n<h3 class=\"wp-block-heading\" id=\"atribuicoes\">Atribui\u00e7\u00f5es<\/h3>\n\n\n\n<p>As principais atribui\u00e7\u00f5es do cargo de recenseador s\u00e3o de cumprir as orienta\u00e7\u00f5es recebidas por meio do servi\u00e7o de mensagens no seu dispositivo m\u00f3vel de coleta, al\u00e9m de coletar, presencialmente e\/ou por telefone, as informa\u00e7\u00f5es do Censo Demogr\u00e1fico.<\/p>\n\n\n\n<h3 class=\"wp-block-heading\" id=\"salario\">Sal\u00e1rio <\/h3>\n\n\n\n<p>A remunera\u00e7\u00e3o do recenseador ser\u00e1 por produ\u00e7\u00e3o, calculada por setor censit\u00e1rio, conforme taxa fixada e de conhecimento pr\u00e9vio pelo cargo, de unidades recenseadas (domic\u00edlios urbanos e\/ou rurais), tipo de question\u00e1rio (b\u00e1sico ou amostra), pessoas recenseadas e registro no controle da coleta de dados.<\/p>\n\n\n\n<p>Entretanto, para ser mais preciso, voc\u00ea tamb\u00e9m pode calcular uma estimativa da remunera\u00e7\u00e3o de um recenseador de acordo com o munic\u00edpio de atua\u00e7\u00e3o e tempo que pretenda dedicar ao trabalho.<\/p>\n\n\n\n<p>Lembramos que trata-se apenas de uma estimativa e que os valores apresentados na simula\u00e7\u00e3o n\u00e3o representam exatamente a sua remunera\u00e7\u00e3o futura.<\/p>\n\n\n\n<p class=\"has-text-align-center has-background\" style=\"background-color:#f6fafd\"><a href=\"https:\/\/censo2022.ibge.gov.br\/trabalhe-no-censo\/estimativa-de-remuneracao.html\" target=\"_blank\" rel=\"noreferrer noopener\"><strong>Simulador de estimativa de remunera\u00e7\u00e3o<\/strong><\/a><\/p>\n\n\n\n<p>Al\u00e9m disso, o IBGE oferecer\u00e1 um valor de ajuda de locomo\u00e7\u00e3o para custear as despesas com deslocamento do recenseador para realiza\u00e7\u00e3o do seu trabalho.<\/p>\n\n\n\n<h2 class=\"wp-block-heading\" id=\"concurso-ibge-recenseador-analise-de-titulos\">Concurso IBGE recenseador: an\u00e1lise de t\u00edtulos<\/h2>\n\n\n\n<p>A sele\u00e7\u00e3o ocorrer\u00e1 por meio de An\u00e1lise de T\u00edtulos, compreendendo a Titula\u00e7\u00e3o Acad\u00eamica dos candidatos.<\/p>\n\n\n\n<div class=\"wp-block-image\"><figure class=\"aligncenter size-full\"><img loading=\"lazy\" decoding=\"async\" width=\"470\" height=\"337\" src=\"https:\/\/dhg1h5j42swfq.cloudfront.net\/2022\/06\/09122131\/image-126.png\" alt=\"An\u00e1lise de T\u00edtulos do Concurso IBGE Recenseador\" class=\"wp-image-1042445\" srcset=\"https:\/\/dhg1h5j42swfq.cloudfront.net\/2022\/06\/09122131\/image-126.png 470w, https:\/\/dhg1h5j42swfq.cloudfront.net\/2022\/06\/09122131\/image-126-300x215.png 300w\" sizes=\"auto, (max-width: 470px) 100vw, 470px\" \/><\/figure><\/div>\n\n\n\n<p>\u00c0 \u00e9poca da contrata\u00e7\u00e3o, o candidato dever\u00e1 comprovar o t\u00edtulo informado no ato da inscri\u00e7\u00e3o com a seguinte documenta\u00e7\u00e3o:<\/p>\n\n\n\n<ul class=\"wp-block-list\"><li><strong>a) <\/strong>Para comprova\u00e7\u00e3o do ensino fundamental completo ser\u00e1 aceito o diploma ou certificado\/declara\u00e7\u00e3o (este \u00faltimo acompanhado obrigatoriamente de hist\u00f3rico escolar) de conclus\u00e3o do curso;<\/li><li><strong>b)<\/strong> Para comprova\u00e7\u00e3o do ensino m\u00e9dio incompleto ser\u00e1 aceita a declara\u00e7\u00e3o (acompanhada obrigatoriamente de hist\u00f3rico escolar) da institui\u00e7\u00e3o de ensino que permita identificar em qual situa\u00e7\u00e3o o candidato se encontra;<\/li><li><strong>c)<\/strong> Para comprova\u00e7\u00e3o do ensino m\u00e9dio completo ser\u00e1 aceito o diploma ou certificado\/declara\u00e7\u00e3o de conclus\u00e3o do curso;<\/li><li><strong>d) <\/strong>Para comprova\u00e7\u00e3o do curso de gradua\u00e7\u00e3o incompleto ser\u00e1 aceita a declara\u00e7\u00e3o da institui\u00e7\u00e3o de ensino que permita identificar em qual per\u00edodo (semestre\/ano) e curso o candidato se encontra. No caso de trancamento de matr\u00edcula ou abandono de curso, ser\u00e1 aceita a declara\u00e7\u00e3o da institui\u00e7\u00e3o de ensino que permita identificar quais per\u00edodos e curso(s) o candidato frequentou;<\/li><li><strong>e)<\/strong> Para a comprova\u00e7\u00e3o da conclus\u00e3o do curso de gradua\u00e7\u00e3o completo ser\u00e1 aceito diploma ou certificado\/declara\u00e7\u00e3o de conclus\u00e3o do curso (com data da cola\u00e7\u00e3o de grau). Este \u00faltimo acompanhado obrigatoriamente de hist\u00f3rico escolar que permita identificar o n\u00famero de cr\u00e9ditos obtidos, carga hor\u00e1ria, as disciplinas cursadas e notas obtidas de conclus\u00e3o do curso.<\/li><\/ul>\n\n\n\n<p class=\"has-text-align-center\"><em>Fique por dentro de todos os processos seletivos e concursos do IBGE atrav\u00e9s do artigo exclusivo e muito mais completo que preparamos para voc\u00ea:<\/em><\/p>\n\n\n\n<p class=\"has-text-align-center has-background\" style=\"background-color:#eceeef;font-size:clamp(14.642px, 0.915rem + ((1vw - 3.2px) * 0.721), 22px);\"><strong>Saiba mais: <a href=\"https:\/\/www.estrategiaconcursos.com.br\/blog\/concurso-ibge\/\" target=\"_blank\" rel=\"noreferrer noopener\">Concurso IBGE<\/a><\/strong><\/p>\n\n\n\n<div id=\"boxes\" class=\"container\">\n<div class=\"row\">\n<div class=\"col-sm\">\n<div id=\"box-assinatura\" class=\"banner-adm\">\n<h3 class=\"titulo-assinatura\">Curso IBGE<\/h3>\n<p class=\"subtitulo-assinatura\">Conhe\u00e7a os cursos<\/p>\n<div class=\"box-botao\"><a class=\"btn-assinatura\" role=\"button\" href=\"https:\/\/www.estrategiaconcursos.com.br\/cursosPorConcurso\/ibge-204\/\" target=\"_blank\" rel=\"noopener noreferrer\">Conhe\u00e7a mais<\/a><\/div>\n<\/div>\n<\/div>\n<\/div>\n<\/div>\n\n\n\n<div class=\"container\" id=\"boxes\">\n  <div class=\"row\">\n\n    <div class=\"col-sm\">\n      <div class=\"estrategia\" id=\"box-assinatura\">\n        <h3 class=\"titulo-assinatura\">Assinatura Concursos<\/h3>\n        <p class=\"subtitulo-assinatura\">Assinatura de 1 ano ou 2 anos<\/p>\n        <div class=\"box-botao\">\n          <a class=\"btn-assinatura\" target=\"_blank\" href=\"https:\/\/www.estrategiaconcursos.com.br\/assinaturas\/\" role=\"button\" rel=\"noopener noreferrer\">ASSINE AGORA<\/a>\n        <\/div>\n      <\/div><\/div><\/div><\/div>\n\n\n\n<h2 class=\"has-text-align-center wp-block-heading\" id=\"h-quer-saber-tudo-sobre-concursos-previstos-confira-nossos-artigos\">Quer saber tudo sobre concursos previstos?<br \/>Confira nossos artigos!<\/h2>\n\n\n\n<ul class=\"wp-block-list\"><li><a href=\"https:\/\/www.estrategiaconcursos.com.br\/blog\/concursos-abertos\/\" target=\"_blank\" rel=\"noreferrer noopener\">Concursos abertos<\/a><\/li><li><a href=\"https:\/\/www.estrategiaconcursos.com.br\/blog\/concursos-2022\/\" target=\"_blank\" rel=\"noreferrer noopener\">Concursos 2022<\/a><\/li><\/ul>\n\n\n\n<figure class=\"wp-block-image is-resized\" id=\"block-33b353de-afbf-444f-850f-7ff67d98a3a0\"><img loading=\"lazy\" decoding=\"async\" src=\"https:\/\/dhg1h5j42swfq.cloudfront.net\/2020\/12\/27121704\/ficha-tecnica-1024x632.png\" alt=\"Ficha t\u00e9cnica do PSS IBGE Complementar\" class=\"wp-image-702891\" width=\"291\" height=\"179\" srcset=\"https:\/\/dhg1h5j42swfq.cloudfront.net\/2020\/12\/27121704\/ficha-tecnica-1024x632.png 1024w, https:\/\/dhg1h5j42swfq.cloudfront.net\/2020\/12\/27121704\/ficha-tecnica-300x185.png 300w, https:\/\/dhg1h5j42swfq.cloudfront.net\/2020\/12\/27121704\/ficha-tecnica-768x474.png 768w, https:\/\/dhg1h5j42swfq.cloudfront.net\/2020\/12\/27121704\/ficha-tecnica-1536x948.png 1536w, https:\/\/dhg1h5j42swfq.cloudfront.net\/2020\/12\/27121704\/ficha-tecnica-610x377.png 610w, https:\/\/dhg1h5j42swfq.cloudfront.net\/2020\/12\/27121704\/ficha-tecnica.png 1571w\" sizes=\"auto, (max-width: 291px) 100vw, 291px\" \/><\/figure>\n\n\n\n<h3 class=\"wp-block-heading\" id=\"ficha-tecnica\">Informa\u00e7\u00f5es do concurso IBGE Complementar &#8211; Recenseador <\/h3>\n\n\n\n<ul class=\"wp-block-list\" id=\"block-8db68d8f-0115-4f20-833a-486bc61aa9d1\"><li><strong>Inscri\u00e7\u00f5es: <\/strong>at\u00e9 15 de junho<\/li><li><strong>Vagas<\/strong>: 48.535 <\/li><li><strong>Cargo<\/strong>: Recenseador<\/li><li><strong>Banca<\/strong>: organiza\u00e7\u00e3o pr\u00f3pria<\/li><li><strong>Escolaridade<\/strong>: N\u00edvel fundamental<\/li><li><strong>Edital:<\/strong>&nbsp;<a href=\"https:\/\/dhg1h5j42swfq.cloudfront.net\/2022\/06\/09105005\/pss-complementar-edital-10-2022-psc-rec-1-convertido_compressed.pdf\" target=\"_blank\" rel=\"noreferrer noopener nofollow\">IBGE Complementar (RECENSEADOR)<\/a><\/li><\/ul>\n","protected":false},"excerpt":{"rendered":"<p>Candidatos j\u00e1 podem se inscrever de forma gratuita! Foi publicado o edital na \u00edntegra do concurso IBGE Complementar com 48.535 vagas para o cargo de recenseador (n\u00edvel fundamental). A sele\u00e7\u00e3o dos candidatos ser\u00e1 feita por meio de an\u00e1lise de t\u00edtulos, de car\u00e1ter classificat\u00f3rio, valendo at\u00e9 10 pontos. Al\u00e9m disso, a previs\u00e3o de dura\u00e7\u00e3o dos contratos [&hellip;]<\/p>\n","protected":false},"author":656,"featured_media":725517,"comment_status":"open","ping_status":"closed","sticky":false,"template":"","format":"standard","meta":{"post_tipo":"news","footnotes":""},"categories":[214992,220219],"tags":[],"tax_estado":[219963],"class_list":["post-1042216","post","type-post","status-publish","format-standard","has-post-thumbnail","hentry","category-concursos-administrativos","category-noticias","tax_estado-concursos-federais"],"acf":[],"yoast_head":"<!-- This site is optimized with the Yoast SEO Premium plugin v27.2 (Yoast SEO v27.2) - https:\/\/yoast.com\/product\/yoast-seo-premium-wordpress\/ -->\n<title>Concurso IBGE Recenseador: EDITAL NA \u00cdNTEGRA! 48,5 mil vagas<\/title>\n<meta name=\"description\" content=\"Concurso IBGE: PUBLICADO edital complementar com 48,5 mil vagas para o cargo de Recenseador. Acesse e saiba mais aqui!\" \/>\n<meta name=\"robots\" content=\"index, follow, max-snippet:-1, max-image-preview:large, max-video-preview:-1\" \/>\n<link rel=\"canonical\" href=\"https:\/\/estrategiaconcursos.com.br\/concurso-ibge\" \/>\n<meta property=\"og:locale\" content=\"pt_BR\" \/>\n<meta property=\"og:type\" content=\"article\" \/>\n<meta property=\"og:title\" content=\"Concurso IBGE Recenseador: EDITAL NA \u00cdNTEGRA! 48,5 mil vagas\" \/>\n<meta property=\"og:description\" content=\"Concurso IBGE: PUBLICADO edital complementar com 48,5 mil vagas para o cargo de Recenseador. Acesse e saiba mais aqui!\" \/>\n<meta property=\"og:url\" content=\"https:\/\/estrategiaconcursos.com.br\/concurso-ibge\" \/>\n<meta property=\"og:site_name\" content=\"Estrat\u00e9gia Concursos\" \/>\n<meta property=\"article:published_time\" content=\"2022-06-09T12:05:19+00:00\" \/>\n<meta property=\"article:modified_time\" content=\"2022-06-30T20:51:39+00:00\" \/>\n<meta property=\"og:image\" content=\"https:\/\/dhg1h5j42swfq.cloudfront.net\/2021\/04\/28111939\/ibge.jpg\" \/>\n\t<meta property=\"og:image:width\" content=\"1200\" \/>\n\t<meta property=\"og:image:height\" content=\"628\" \/>\n\t<meta property=\"og:image:type\" content=\"image\/jpeg\" \/>\n<meta name=\"author\" content=\"F\u00e1bio Scaldelai\" \/>\n<meta name=\"twitter:card\" content=\"summary_large_image\" \/>\n<meta name=\"twitter:creator\" content=\"@EstratConcursos\" \/>\n<meta name=\"twitter:site\" content=\"@EstratConcursos\" \/>\n<meta name=\"twitter:label1\" content=\"Escrito por\" \/>\n\t<meta name=\"twitter:data1\" content=\"F\u00e1bio Scaldelai\" \/>\n\t<meta name=\"twitter:label2\" content=\"Est. tempo de leitura\" \/>\n\t<meta name=\"twitter:data2\" content=\"5 minutos\" \/>\n<script type=\"application\/ld+json\" class=\"yoast-schema-graph\">{\"@context\":\"https:\/\/schema.org\",\"@graph\":[{\"@type\":\"NewsArticle\",\"@id\":\"https:\/\/estrategiaconcursos.com.br\/concurso-ibge#article\",\"isPartOf\":{\"@id\":\"https:\/\/www.estrategiaconcursos.com.br\/blog\/concurso-ibge-complementar-recenseador\/\"},\"author\":{\"name\":\"F\u00e1bio Scaldelai\",\"@id\":\"https:\/\/www.estrategiaconcursos.com.br\/blog\/#\/schema\/person\/e3b6b7ce0192dd4ad270655969d61750\"},\"headline\":\"Concurso IBGE Recenseador: EDITAL NA \u00cdNTEGRA! 48,5 mil vagas\",\"datePublished\":\"2022-06-09T12:05:19+00:00\",\"dateModified\":\"2022-06-30T20:51:39+00:00\",\"mainEntityOfPage\":{\"@id\":\"https:\/\/www.estrategiaconcursos.com.br\/blog\/concurso-ibge-complementar-recenseador\/\"},\"wordCount\":775,\"commentCount\":0,\"publisher\":{\"@id\":\"https:\/\/www.estrategiaconcursos.com.br\/blog\/#organization\"},\"image\":{\"@id\":\"https:\/\/estrategiaconcursos.com.br\/concurso-ibge#primaryimage\"},\"thumbnailUrl\":\"https:\/\/dhg1h5j42swfq.cloudfront.net\/2021\/04\/28111939\/ibge.jpg\",\"articleSection\":[\"Executivo (Administrativa)\",\"\u00daltimas not\u00edcias\"],\"inLanguage\":\"pt-BR\",\"potentialAction\":[{\"@type\":\"CommentAction\",\"name\":\"Comment\",\"target\":[\"https:\/\/estrategiaconcursos.com.br\/concurso-ibge#respond\"]}],\"copyrightYear\":\"2022\",\"copyrightHolder\":{\"@id\":\"https:\/\/www.estrategiaconcursos.com.br\/blog\/#organization\"}},{\"@type\":\"WebPage\",\"@id\":\"https:\/\/www.estrategiaconcursos.com.br\/blog\/concurso-ibge-complementar-recenseador\/\",\"url\":\"https:\/\/estrategiaconcursos.com.br\/concurso-ibge\",\"name\":\"Concurso IBGE Recenseador: EDITAL NA \u00cdNTEGRA! 48,5 mil vagas\",\"isPartOf\":{\"@id\":\"https:\/\/www.estrategiaconcursos.com.br\/blog\/#website\"},\"primaryImageOfPage\":{\"@id\":\"https:\/\/estrategiaconcursos.com.br\/concurso-ibge#primaryimage\"},\"image\":{\"@id\":\"https:\/\/estrategiaconcursos.com.br\/concurso-ibge#primaryimage\"},\"thumbnailUrl\":\"https:\/\/dhg1h5j42swfq.cloudfront.net\/2021\/04\/28111939\/ibge.jpg\",\"datePublished\":\"2022-06-09T12:05:19+00:00\",\"dateModified\":\"2022-06-30T20:51:39+00:00\",\"description\":\"Concurso IBGE: PUBLICADO edital complementar com 48,5 mil vagas para o cargo de Recenseador. Acesse e saiba mais aqui!\",\"breadcrumb\":{\"@id\":\"https:\/\/estrategiaconcursos.com.br\/concurso-ibge#breadcrumb\"},\"inLanguage\":\"pt-BR\",\"potentialAction\":[{\"@type\":\"ReadAction\",\"target\":[\"https:\/\/estrategiaconcursos.com.br\/concurso-ibge\"]}]},{\"@type\":\"ImageObject\",\"inLanguage\":\"pt-BR\",\"@id\":\"https:\/\/estrategiaconcursos.com.br\/concurso-ibge#primaryimage\",\"url\":\"https:\/\/dhg1h5j42swfq.cloudfront.net\/2021\/04\/28111939\/ibge.jpg\",\"contentUrl\":\"https:\/\/dhg1h5j42swfq.cloudfront.net\/2021\/04\/28111939\/ibge.jpg\",\"width\":1200,\"height\":628,\"caption\":\"concurso ibge\"},{\"@type\":\"BreadcrumbList\",\"@id\":\"https:\/\/estrategiaconcursos.com.br\/concurso-ibge#breadcrumb\",\"itemListElement\":[{\"@type\":\"ListItem\",\"position\":1,\"name\":\"In\u00edcio\",\"item\":\"https:\/\/www.estrategiaconcursos.com.br\/blog\/\"},{\"@type\":\"ListItem\",\"position\":2,\"name\":\"Concurso IBGE Recenseador: EDITAL NA \u00cdNTEGRA! 48,5 mil vagas\"}]},{\"@type\":\"WebSite\",\"@id\":\"https:\/\/www.estrategiaconcursos.com.br\/blog\/#website\",\"url\":\"https:\/\/www.estrategiaconcursos.com.br\/blog\/\",\"name\":\"Estrat\u00e9gia Concursos\",\"description\":\"O blog da Estrat\u00e9gia Concursos traz not\u00edcias sobre concursos e artigos de professores oferecendo cursos para concursos (pdf + videaulas) no site.\",\"publisher\":{\"@id\":\"https:\/\/www.estrategiaconcursos.com.br\/blog\/#organization\"},\"potentialAction\":[{\"@type\":\"SearchAction\",\"target\":{\"@type\":\"EntryPoint\",\"urlTemplate\":\"https:\/\/www.estrategiaconcursos.com.br\/blog\/?s={search_term_string}\"},\"query-input\":{\"@type\":\"PropertyValueSpecification\",\"valueRequired\":true,\"valueName\":\"search_term_string\"}}],\"inLanguage\":\"pt-BR\"},{\"@type\":\"Organization\",\"@id\":\"https:\/\/www.estrategiaconcursos.com.br\/blog\/#organization\",\"name\":\"Estrat\u00e9gia Concursos\",\"url\":\"https:\/\/www.estrategiaconcursos.com.br\/blog\/\",\"logo\":{\"@type\":\"ImageObject\",\"inLanguage\":\"pt-BR\",\"@id\":\"https:\/\/www.estrategiaconcursos.com.br\/blog\/#\/schema\/logo\/image\/\",\"url\":\"https:\/\/dhg1h5j42swfq.cloudfront.net\/2025\/06\/03203428\/logo_concursos-1.jpg\",\"contentUrl\":\"https:\/\/dhg1h5j42swfq.cloudfront.net\/2025\/06\/03203428\/logo_concursos-1.jpg\",\"width\":230,\"height\":60,\"caption\":\"Estrat\u00e9gia Concursos\"},\"image\":{\"@id\":\"https:\/\/www.estrategiaconcursos.com.br\/blog\/#\/schema\/logo\/image\/\"},\"sameAs\":[\"https:\/\/x.com\/EstratConcursos\"]},{\"@type\":\"Person\",\"@id\":\"https:\/\/www.estrategiaconcursos.com.br\/blog\/#\/schema\/person\/e3b6b7ce0192dd4ad270655969d61750\",\"name\":\"F\u00e1bio Scaldelai\",\"image\":{\"@type\":\"ImageObject\",\"inLanguage\":\"pt-BR\",\"@id\":\"https:\/\/secure.gravatar.com\/avatar\/8ed7492c4d88d8495bc0cb24cda6847b8ae23eec459a919e08e77d0ca0fd79ec?s=96&d=mm&r=g\",\"url\":\"https:\/\/secure.gravatar.com\/avatar\/8ed7492c4d88d8495bc0cb24cda6847b8ae23eec459a919e08e77d0ca0fd79ec?s=96&d=mm&r=g\",\"contentUrl\":\"https:\/\/secure.gravatar.com\/avatar\/8ed7492c4d88d8495bc0cb24cda6847b8ae23eec459a919e08e77d0ca0fd79ec?s=96&d=mm&r=g\",\"caption\":\"F\u00e1bio Scaldelai\"},\"description\":\"Jornalista no Estrat\u00e9gia Concursos e Produtor de Televis\u00e3o, formado em Jornalismo, R\u00e1dio e TV pela Faculdade Integrada Rio Branco, com especializa\u00e7\u00f5es em Gest\u00e3o Empresarial e Marketing pelo M\u00f3dulo. Atuou como produtor no SBT, TV Bandeirantes e R\u00e1dio Band FM, al\u00e9m de acumular tr\u00eas anos de experi\u00eancia no setor de concursos p\u00fablicos pela LFG (Luiz Fl\u00e1vio Gomes). No Estrat\u00e9gia Concursos, atua na apura\u00e7\u00e3o de not\u00edcias da \u00e1rea fiscal, al\u00e9m de coberturas sobre concursos das \u00e1reas de controle (TCU, TCE, etc), concurso AFT, \u00e1rea de gest\u00e3o e administrativa, bem como dos \u00f3rg\u00e3os participantes do CNU. Tamb\u00e9m possui experi\u00eancia em link building e an\u00e1lise de m\u00eddia, adquirida durante sua atua\u00e7\u00e3o na ag\u00eancia SEO Marketing.\",\"url\":\"https:\/\/www.estrategiaconcursos.com.br\/blog\/author\/fabio-scaldelaiestrategiaconcursos-com-br\/\"}]}<\/script>\n<!-- \/ Yoast SEO Premium plugin. -->","yoast_head_json":{"title":"Concurso IBGE Recenseador: EDITAL NA \u00cdNTEGRA! 48,5 mil vagas","description":"Concurso IBGE: PUBLICADO edital complementar com 48,5 mil vagas para o cargo de Recenseador. Acesse e saiba mais aqui!","robots":{"index":"index","follow":"follow","max-snippet":"max-snippet:-1","max-image-preview":"max-image-preview:large","max-video-preview":"max-video-preview:-1"},"canonical":"https:\/\/estrategiaconcursos.com.br\/concurso-ibge","og_locale":"pt_BR","og_type":"article","og_title":"Concurso IBGE Recenseador: EDITAL NA \u00cdNTEGRA! 48,5 mil vagas","og_description":"Concurso IBGE: PUBLICADO edital complementar com 48,5 mil vagas para o cargo de Recenseador. Acesse e saiba mais aqui!","og_url":"https:\/\/estrategiaconcursos.com.br\/concurso-ibge","og_site_name":"Estrat\u00e9gia Concursos","article_published_time":"2022-06-09T12:05:19+00:00","article_modified_time":"2022-06-30T20:51:39+00:00","og_image":[{"width":1200,"height":628,"url":"https:\/\/dhg1h5j42swfq.cloudfront.net\/2021\/04\/28111939\/ibge.jpg","type":"image\/jpeg"}],"author":"F\u00e1bio Scaldelai","twitter_card":"summary_large_image","twitter_creator":"@EstratConcursos","twitter_site":"@EstratConcursos","twitter_misc":{"Escrito por":"F\u00e1bio Scaldelai","Est. tempo de leitura":"5 minutos"},"schema":{"@context":"https:\/\/schema.org","@graph":[{"@type":"NewsArticle","@id":"https:\/\/estrategiaconcursos.com.br\/concurso-ibge#article","isPartOf":{"@id":"https:\/\/www.estrategiaconcursos.com.br\/blog\/concurso-ibge-complementar-recenseador\/"},"author":{"name":"F\u00e1bio Scaldelai","@id":"https:\/\/www.estrategiaconcursos.com.br\/blog\/#\/schema\/person\/e3b6b7ce0192dd4ad270655969d61750"},"headline":"Concurso IBGE Recenseador: EDITAL NA \u00cdNTEGRA! 48,5 mil vagas","datePublished":"2022-06-09T12:05:19+00:00","dateModified":"2022-06-30T20:51:39+00:00","mainEntityOfPage":{"@id":"https:\/\/www.estrategiaconcursos.com.br\/blog\/concurso-ibge-complementar-recenseador\/"},"wordCount":775,"commentCount":0,"publisher":{"@id":"https:\/\/www.estrategiaconcursos.com.br\/blog\/#organization"},"image":{"@id":"https:\/\/estrategiaconcursos.com.br\/concurso-ibge#primaryimage"},"thumbnailUrl":"https:\/\/dhg1h5j42swfq.cloudfront.net\/2021\/04\/28111939\/ibge.jpg","articleSection":["Executivo (Administrativa)","\u00daltimas not\u00edcias"],"inLanguage":"pt-BR","potentialAction":[{"@type":"CommentAction","name":"Comment","target":["https:\/\/estrategiaconcursos.com.br\/concurso-ibge#respond"]}],"copyrightYear":"2022","copyrightHolder":{"@id":"https:\/\/www.estrategiaconcursos.com.br\/blog\/#organization"}},{"@type":"WebPage","@id":"https:\/\/www.estrategiaconcursos.com.br\/blog\/concurso-ibge-complementar-recenseador\/","url":"https:\/\/estrategiaconcursos.com.br\/concurso-ibge","name":"Concurso IBGE Recenseador: EDITAL NA \u00cdNTEGRA! 48,5 mil vagas","isPartOf":{"@id":"https:\/\/www.estrategiaconcursos.com.br\/blog\/#website"},"primaryImageOfPage":{"@id":"https:\/\/estrategiaconcursos.com.br\/concurso-ibge#primaryimage"},"image":{"@id":"https:\/\/estrategiaconcursos.com.br\/concurso-ibge#primaryimage"},"thumbnailUrl":"https:\/\/dhg1h5j42swfq.cloudfront.net\/2021\/04\/28111939\/ibge.jpg","datePublished":"2022-06-09T12:05:19+00:00","dateModified":"2022-06-30T20:51:39+00:00","description":"Concurso IBGE: PUBLICADO edital complementar com 48,5 mil vagas para o cargo de Recenseador. Acesse e saiba mais aqui!","breadcrumb":{"@id":"https:\/\/estrategiaconcursos.com.br\/concurso-ibge#breadcrumb"},"inLanguage":"pt-BR","potentialAction":[{"@type":"ReadAction","target":["https:\/\/estrategiaconcursos.com.br\/concurso-ibge"]}]},{"@type":"ImageObject","inLanguage":"pt-BR","@id":"https:\/\/estrategiaconcursos.com.br\/concurso-ibge#primaryimage","url":"https:\/\/dhg1h5j42swfq.cloudfront.net\/2021\/04\/28111939\/ibge.jpg","contentUrl":"https:\/\/dhg1h5j42swfq.cloudfront.net\/2021\/04\/28111939\/ibge.jpg","width":1200,"height":628,"caption":"concurso ibge"},{"@type":"BreadcrumbList","@id":"https:\/\/estrategiaconcursos.com.br\/concurso-ibge#breadcrumb","itemListElement":[{"@type":"ListItem","position":1,"name":"In\u00edcio","item":"https:\/\/www.estrategiaconcursos.com.br\/blog\/"},{"@type":"ListItem","position":2,"name":"Concurso IBGE Recenseador: EDITAL NA \u00cdNTEGRA! 48,5 mil vagas"}]},{"@type":"WebSite","@id":"https:\/\/www.estrategiaconcursos.com.br\/blog\/#website","url":"https:\/\/www.estrategiaconcursos.com.br\/blog\/","name":"Estrat\u00e9gia Concursos","description":"O blog da Estrat\u00e9gia Concursos traz not\u00edcias sobre concursos e artigos de professores oferecendo cursos para concursos (pdf + videaulas) no site.","publisher":{"@id":"https:\/\/www.estrategiaconcursos.com.br\/blog\/#organization"},"potentialAction":[{"@type":"SearchAction","target":{"@type":"EntryPoint","urlTemplate":"https:\/\/www.estrategiaconcursos.com.br\/blog\/?s={search_term_string}"},"query-input":{"@type":"PropertyValueSpecification","valueRequired":true,"valueName":"search_term_string"}}],"inLanguage":"pt-BR"},{"@type":"Organization","@id":"https:\/\/www.estrategiaconcursos.com.br\/blog\/#organization","name":"Estrat\u00e9gia Concursos","url":"https:\/\/www.estrategiaconcursos.com.br\/blog\/","logo":{"@type":"ImageObject","inLanguage":"pt-BR","@id":"https:\/\/www.estrategiaconcursos.com.br\/blog\/#\/schema\/logo\/image\/","url":"https:\/\/dhg1h5j42swfq.cloudfront.net\/2025\/06\/03203428\/logo_concursos-1.jpg","contentUrl":"https:\/\/dhg1h5j42swfq.cloudfront.net\/2025\/06\/03203428\/logo_concursos-1.jpg","width":230,"height":60,"caption":"Estrat\u00e9gia Concursos"},"image":{"@id":"https:\/\/www.estrategiaconcursos.com.br\/blog\/#\/schema\/logo\/image\/"},"sameAs":["https:\/\/x.com\/EstratConcursos"]},{"@type":"Person","@id":"https:\/\/www.estrategiaconcursos.com.br\/blog\/#\/schema\/person\/e3b6b7ce0192dd4ad270655969d61750","name":"F\u00e1bio Scaldelai","image":{"@type":"ImageObject","inLanguage":"pt-BR","@id":"https:\/\/secure.gravatar.com\/avatar\/8ed7492c4d88d8495bc0cb24cda6847b8ae23eec459a919e08e77d0ca0fd79ec?s=96&d=mm&r=g","url":"https:\/\/secure.gravatar.com\/avatar\/8ed7492c4d88d8495bc0cb24cda6847b8ae23eec459a919e08e77d0ca0fd79ec?s=96&d=mm&r=g","contentUrl":"https:\/\/secure.gravatar.com\/avatar\/8ed7492c4d88d8495bc0cb24cda6847b8ae23eec459a919e08e77d0ca0fd79ec?s=96&d=mm&r=g","caption":"F\u00e1bio Scaldelai"},"description":"Jornalista no Estrat\u00e9gia Concursos e Produtor de Televis\u00e3o, formado em Jornalismo, R\u00e1dio e TV pela Faculdade Integrada Rio Branco, com especializa\u00e7\u00f5es em Gest\u00e3o Empresarial e Marketing pelo M\u00f3dulo. Atuou como produtor no SBT, TV Bandeirantes e R\u00e1dio Band FM, al\u00e9m de acumular tr\u00eas anos de experi\u00eancia no setor de concursos p\u00fablicos pela LFG (Luiz Fl\u00e1vio Gomes). No Estrat\u00e9gia Concursos, atua na apura\u00e7\u00e3o de not\u00edcias da \u00e1rea fiscal, al\u00e9m de coberturas sobre concursos das \u00e1reas de controle (TCU, TCE, etc), concurso AFT, \u00e1rea de gest\u00e3o e administrativa, bem como dos \u00f3rg\u00e3os participantes do CNU. Tamb\u00e9m possui experi\u00eancia em link building e an\u00e1lise de m\u00eddia, adquirida durante sua atua\u00e7\u00e3o na ag\u00eancia SEO Marketing.","url":"https:\/\/www.estrategiaconcursos.com.br\/blog\/author\/fabio-scaldelaiestrategiaconcursos-com-br\/"}]}},"_links":{"self":[{"href":"https:\/\/www.estrategiaconcursos.com.br\/blog\/wp-json\/wp\/v2\/posts\/1042216","targetHints":{"allow":["GET"]}}],"collection":[{"href":"https:\/\/www.estrategiaconcursos.com.br\/blog\/wp-json\/wp\/v2\/posts"}],"about":[{"href":"https:\/\/www.estrategiaconcursos.com.br\/blog\/wp-json\/wp\/v2\/types\/post"}],"author":[{"embeddable":true,"href":"https:\/\/www.estrategiaconcursos.com.br\/blog\/wp-json\/wp\/v2\/users\/656"}],"replies":[{"embeddable":true,"href":"https:\/\/www.estrategiaconcursos.com.br\/blog\/wp-json\/wp\/v2\/comments?post=1042216"}],"version-history":[{"count":32,"href":"https:\/\/www.estrategiaconcursos.com.br\/blog\/wp-json\/wp\/v2\/posts\/1042216\/revisions"}],"predecessor-version":[{"id":1053491,"href":"https:\/\/www.estrategiaconcursos.com.br\/blog\/wp-json\/wp\/v2\/posts\/1042216\/revisions\/1053491"}],"wp:featuredmedia":[{"embeddable":true,"href":"https:\/\/www.estrategiaconcursos.com.br\/blog\/wp-json\/wp\/v2\/media\/725517"}],"wp:attachment":[{"href":"https:\/\/www.estrategiaconcursos.com.br\/blog\/wp-json\/wp\/v2\/media?parent=1042216"}],"wp:term":[{"taxonomy":"category","embeddable":true,"href":"https:\/\/www.estrategiaconcursos.com.br\/blog\/wp-json\/wp\/v2\/categories?post=1042216"},{"taxonomy":"post_tag","embeddable":true,"href":"https:\/\/www.estrategiaconcursos.com.br\/blog\/wp-json\/wp\/v2\/tags?post=1042216"},{"taxonomy":"tax_estado","embeddable":true,"href":"https:\/\/www.estrategiaconcursos.com.br\/blog\/wp-json\/wp\/v2\/tax_estado?post=1042216"}],"curies":[{"name":"wp","href":"https:\/\/api.w.org\/{rel}","templated":true}]}}