{"id":1042212,"date":"2022-06-09T08:49:03","date_gmt":"2022-06-09T11:49:03","guid":{"rendered":"https:\/\/www.estrategiaconcursos.com.br\/blog\/?p=1042212"},"modified":"2022-06-09T12:03:18","modified_gmt":"2022-06-09T15:03:18","slug":"concurso-trt-mg-possivel-cronograma","status":"publish","type":"post","link":"https:\/\/www.estrategiaconcursos.com.br\/blog\/concurso-trt-mg-possivel-cronograma\/","title":{"rendered":"Concurso TRT MG: edital deve sair at\u00e9 1\u00ba de agosto"},"content":{"rendered":"\n<p>O edital do concurso para o <a href=\"https:\/\/www.estrategiaconcursos.com.br\/cursosPorConcurso\/trts-cursos-regulares-62\/\" target=\"_blank\" rel=\"noreferrer noopener\">Tribunal Regional do Trabalho da 3\u00aa Regi\u00e3o<\/a> (<strong>concurso TRT MG<\/strong>) deve ser divulgado at\u00e9 1\u00ba de agosto de 2022.<\/p>\n\n\n\n<p>A informa\u00e7\u00e3o foi confirmada nesta quinta-feira (9\/6), por fontes do pr\u00f3prio \u00f3rg\u00e3o \u00e0 equipe de jornalismo do Estrat\u00e9gia Concursos, ap\u00f3s um poss\u00edvel <strong>cronograma do concurso TRT MG<\/strong> ser compartilhado por meio de redes sociais.<\/p>\n\n\n\n<p>De acordo com a fonte contatada, as datas previstas no cronograma realmente procedem, mas como ainda n\u00e3o h\u00e1 banca oficialmente contratada os prazos podem ser alterados.<\/p>\n\n\n\n<p class=\"has-text-align-center\"><em>&#8220;Realmente \u00e9 o cronograma previsto, mas como a publica\u00e7\u00e3o do edital e as demais etapas n\u00e3o dependem s\u00f3 do \u00f3rg\u00e3o as datas podem ser alteradas&#8221;, pontuou. <\/em><\/p>\n\n\n\n<p>O documento aponta a publica\u00e7\u00e3o do edital prevista para <strong>1\u00aa<\/strong> <strong>agosto de 2022<\/strong>. J\u00e1 as provas objetivas seriam realizadas em <strong>outubro de 2022<\/strong>. <\/p>\n\n\n\n<p>Cabe destacar que o <a href=\"https:\/\/portal.trt3.jus.br\/internet\" target=\"_blank\" rel=\"noreferrer noopener\">\u00f3rg\u00e3o<\/a> j\u00e1 possui comiss\u00e3o formada e banca em defini\u00e7\u00e3o, o que torna prov\u00e1vel a realiza\u00e7\u00e3o das provas no fim do 2\u00aa semestre.<\/p>\n\n\n\n<h2 class=\"wp-block-heading\" id=\"h-concurso-trt-mg-fcc-pode-ser-a-organizadora\">Concurso TRT MG: FCC pode ser a organizadora <\/h2>\n\n\n\n<p>A escolha da <strong>FCC<\/strong> para organizar o novo edital do concurso <strong>TRT<\/strong> <strong>MG<\/strong> (T<a href=\"https:\/\/www.estrategiaconcursos.com.br\/cursosPorConcurso\/trts-cursos-regulares-62\/\" target=\"_blank\" rel=\"noreferrer noopener\">ribunal Regional do Trabalho da 3\u00aa Regi\u00e3o<\/a>) n\u00e3o est\u00e1 descartada.<\/p>\n\n\n\n<p>Apesar da contrata\u00e7\u00e3o da empresa ter sido anteriormente considerada &#8220;improv\u00e1vel&#8221; pelo presidente do \u00f3rg\u00e3o, fontes internas apontam que a banca est\u00e1 entre as possibilidades de escolha.<\/p>\n\n\n\n<p>Isso porque \u00e0 \u00e9poca da autoriza\u00e7\u00e3o interna do <strong>concurso TRT MG<\/strong>, em abril, a <strong>FCC <\/strong>n\u00e3o tinha cronograma dispon\u00edvel para o certame, o que ainda est\u00e1 sendo avaliado.<\/p>\n\n\n\n<p>Conforme o <a href=\"https:\/\/www.estrategiaconcursos.com.br\/blog\/concurso-trt-csjt-autoriza-a-realizacao-de-concursos\/\" target=\"_blank\" rel=\"noreferrer noopener\">of\u00edcio autorizativo encaminhado pelo CSJT<\/a> no dia 22 de abril de 2022, o <strong>TRT MG<\/strong>, assim como os demais Tribunais, tem at\u00e9 o fim do m\u00eas de maio para concluir os estudos do edital.<\/p>\n\n\n\n<p>Os estudos incluem a defini\u00e7\u00e3o dos cargos, vagas e o or\u00e7amento necess\u00e1rio para a contrata\u00e7\u00e3o da banca organizadora.<\/p>\n\n\n\n<p>Conforme o apontado pelo pr\u00f3prio presidente do <strong>TRT MG<\/strong>, em sess\u00e3o realizada no dia 7 de abril (<a href=\"https:\/\/www.estrategiaconcursos.com.br\/blog\/banca-do-concurso-trt-mg\/\" target=\"_blank\" rel=\"noreferrer noopener\">veja o v\u00eddeo<\/a>), a <strong>FCC<\/strong> seria uma das favoritas para organizar o edital.<\/p>\n\n\n\n<p>Apesar de ainda n\u00e3o ter confirma\u00e7\u00e3o oficial sobre a <strong>banca organizadora do concurso TRT MG<\/strong>, j\u00e1 se sabe que a <strong>Fumarc<\/strong> e<strong> IBFC<\/strong> tamb\u00e9m est\u00e3o na disputa pelo certame.<\/p>\n\n\n\n<p class=\"has-text-align-center has-pale-cyan-blue-background-color has-background has-medium-font-size\"><strong>Saiba mais: <a href=\"https:\/\/www.estrategiaconcursos.com.br\/blog\/concurso-trt-mg\/\" target=\"_blank\" rel=\"noreferrer noopener\">concurso TRT MG cronograma <\/a><\/strong><\/p>\n\n\n\n<h2 class=\"has-text-align-center wp-embed-aspect-16-9 wp-has-aspect-ratio wp-block-heading\" id=\"quer-estudar-para-o-concurso-trt-mg\"><strong><em>Quer estudar para o concurso TRT MG?<\/em><\/strong><\/h2>\n\n\n\n<div class=\"container\" id=\"boxes\">\n  <div class=\"row\">\n\n    <div class=\"col-sm\">\n      <div class=\"banner-tribunal\" id=\"box-assinatura\">\n        <h3 class=\"titulo-assinatura\">Curso TRT MG<\/h3>\n        <p class=\"subtitulo-assinatura\">Conhe\u00e7a os cursos<\/p>\n        <div class=\"box-botao\">\n          <a class=\"btn-assinatura\" target=\"_blank\" href=\"https:\/\/www.estrategiaconcursos.com.br\/cursosPorConcurso\/trts-cursos-regulares-62\/\" role=\"button\" rel=\"noopener noreferrer\">Conhe\u00e7a mais<\/a>\n        <\/div>\n      <\/div>\n      <p class=\"texto-auxiliar\">Prepare-se com o melhor material e com quem mais aprova em Concursos P\u00fablicos em todo o pa\u00eds.<\/p>\n    <\/div>\n\n  <\/div>\n<\/div>\n\n\n\n<div class=\"container\" id=\"boxes\">\n  <div class=\"row\">\n\n    <div class=\"col-sm\">\n      <div class=\"estrategia\" id=\"box-assinatura\">\n        <h3 class=\"titulo-assinatura\">Assinatura Concursos<\/h3>\n        <p class=\"subtitulo-assinatura\">Assinatura de 1 ano ou 2 anos<\/p>\n        <div class=\"box-botao\">\n          <a class=\"btn-assinatura\" target=\"_blank\" href=\"https:\/\/www.estrategiaconcursos.com.br\/assinaturas\/\" role=\"button\" rel=\"noopener noreferrer\">ASSINE AGORA<\/a>\n        <\/div>\n      <\/div>\n     \n    <\/div><\/div><\/div>\n\n\n","protected":false},"excerpt":{"rendered":"<p>O edital do concurso para o Tribunal Regional do Trabalho da 3\u00aa Regi\u00e3o (concurso TRT MG) deve ser divulgado at\u00e9 1\u00ba de agosto de 2022. A informa\u00e7\u00e3o foi confirmada nesta quinta-feira (9\/6), por fontes do pr\u00f3prio \u00f3rg\u00e3o \u00e0 equipe de jornalismo do Estrat\u00e9gia Concursos, ap\u00f3s um poss\u00edvel cronograma do concurso TRT MG ser compartilhado por [&hellip;]<\/p>\n","protected":false},"author":2319,"featured_media":1007095,"comment_status":"open","ping_status":"closed","sticky":false,"template":"","format":"standard","meta":{"post_tipo":"news","footnotes":""},"categories":[1984,220737],"tags":[870],"tax_estado":[219974],"class_list":["post-1042212","post","type-post","status-publish","format-standard","has-post-thumbnail","hentry","category-tribunais","category-tribunais-tribunais","tag-concurso-trt-mg","tax_estado-mg"],"acf":[],"yoast_head":"<!-- This site is optimized with the Yoast SEO Premium plugin v27.2 (Yoast SEO v27.2) - https:\/\/yoast.com\/product\/yoast-seo-premium-wordpress\/ -->\n<title>Concurso TRT MG: edital deve sair at\u00e9 1\u00ba de agosto<\/title>\n<meta name=\"description\" content=\"Concurso TRT MG: um poss\u00edvel cronograma aponta os prazos e datas para a realizado novo edital. Veja todos os detalhes aqui!\" \/>\n<meta name=\"robots\" content=\"index, follow, max-snippet:-1, max-image-preview:large, max-video-preview:-1\" \/>\n<link rel=\"canonical\" href=\"https:\/\/www.estrategiaconcursos.com.br\/blog\/concurso-trt-mg-possivel-cronograma\/\" \/>\n<meta property=\"og:locale\" content=\"pt_BR\" \/>\n<meta property=\"og:type\" content=\"article\" \/>\n<meta property=\"og:title\" content=\"Concurso TRT MG: edital deve sair at\u00e9 1\u00ba de agosto\" \/>\n<meta property=\"og:description\" content=\"Concurso TRT MG: um poss\u00edvel cronograma aponta os prazos e datas para a realizado novo edital. Veja todos os detalhes aqui!\" \/>\n<meta property=\"og:url\" content=\"https:\/\/www.estrategiaconcursos.com.br\/blog\/concurso-trt-mg-possivel-cronograma\/\" \/>\n<meta property=\"og:site_name\" content=\"Estrat\u00e9gia Concursos\" \/>\n<meta property=\"article:published_time\" content=\"2022-06-09T11:49:03+00:00\" \/>\n<meta property=\"article:modified_time\" content=\"2022-06-09T15:03:18+00:00\" \/>\n<meta property=\"og:image\" content=\"https:\/\/dhg1h5j42swfq.cloudfront.net\/2022\/04\/12111740\/cargos-vagos-concurso-trt-mg.jpeg\" \/>\n\t<meta property=\"og:image:width\" content=\"300\" \/>\n\t<meta property=\"og:image:height\" content=\"169\" \/>\n\t<meta property=\"og:image:type\" content=\"image\/jpeg\" \/>\n<meta name=\"author\" content=\"Let\u00edcia Teixeira\" \/>\n<meta name=\"twitter:card\" content=\"summary_large_image\" \/>\n<meta name=\"twitter:creator\" content=\"@EstratConcursos\" \/>\n<meta name=\"twitter:site\" content=\"@EstratConcursos\" \/>\n<meta name=\"twitter:label1\" content=\"Escrito por\" \/>\n\t<meta name=\"twitter:data1\" content=\"Let\u00edcia Teixeira\" \/>\n\t<meta name=\"twitter:label2\" content=\"Est. tempo de leitura\" \/>\n\t<meta name=\"twitter:data2\" content=\"3 minutos\" \/>\n<script type=\"application\/ld+json\" class=\"yoast-schema-graph\">{\"@context\":\"https:\/\/schema.org\",\"@graph\":[{\"@type\":\"NewsArticle\",\"@id\":\"https:\/\/www.estrategiaconcursos.com.br\/blog\/concurso-trt-mg-possivel-cronograma\/#article\",\"isPartOf\":{\"@id\":\"https:\/\/www.estrategiaconcursos.com.br\/blog\/concurso-trt-mg-possivel-cronograma\/\"},\"author\":{\"name\":\"Let\u00edcia Teixeira\",\"@id\":\"https:\/\/www.estrategiaconcursos.com.br\/blog\/#\/schema\/person\/9b94727dcf4410f4a7931c83966c843b\"},\"headline\":\"Concurso TRT MG: edital deve sair at\u00e9 1\u00ba de agosto\",\"datePublished\":\"2022-06-09T11:49:03+00:00\",\"dateModified\":\"2022-06-09T15:03:18+00:00\",\"mainEntityOfPage\":{\"@id\":\"https:\/\/www.estrategiaconcursos.com.br\/blog\/concurso-trt-mg-possivel-cronograma\/\"},\"wordCount\":441,\"commentCount\":0,\"publisher\":{\"@id\":\"https:\/\/www.estrategiaconcursos.com.br\/blog\/#organization\"},\"image\":{\"@id\":\"https:\/\/www.estrategiaconcursos.com.br\/blog\/concurso-trt-mg-possivel-cronograma\/#primaryimage\"},\"thumbnailUrl\":\"https:\/\/dhg1h5j42swfq.cloudfront.net\/2022\/04\/12111740\/cargos-vagos-concurso-trt-mg.jpeg\",\"keywords\":[\"concurso trt mg\"],\"articleSection\":[\"Tribunais\",\"Tribunais\"],\"inLanguage\":\"pt-BR\",\"potentialAction\":[{\"@type\":\"CommentAction\",\"name\":\"Comment\",\"target\":[\"https:\/\/www.estrategiaconcursos.com.br\/blog\/concurso-trt-mg-possivel-cronograma\/#respond\"]}],\"copyrightYear\":\"2022\",\"copyrightHolder\":{\"@id\":\"https:\/\/www.estrategiaconcursos.com.br\/blog\/#organization\"}},{\"@type\":\"WebPage\",\"@id\":\"https:\/\/www.estrategiaconcursos.com.br\/blog\/concurso-trt-mg-possivel-cronograma\/\",\"url\":\"https:\/\/www.estrategiaconcursos.com.br\/blog\/concurso-trt-mg-possivel-cronograma\/\",\"name\":\"Concurso TRT MG: edital deve sair at\u00e9 1\u00ba de agosto\",\"isPartOf\":{\"@id\":\"https:\/\/www.estrategiaconcursos.com.br\/blog\/#website\"},\"primaryImageOfPage\":{\"@id\":\"https:\/\/www.estrategiaconcursos.com.br\/blog\/concurso-trt-mg-possivel-cronograma\/#primaryimage\"},\"image\":{\"@id\":\"https:\/\/www.estrategiaconcursos.com.br\/blog\/concurso-trt-mg-possivel-cronograma\/#primaryimage\"},\"thumbnailUrl\":\"https:\/\/dhg1h5j42swfq.cloudfront.net\/2022\/04\/12111740\/cargos-vagos-concurso-trt-mg.jpeg\",\"datePublished\":\"2022-06-09T11:49:03+00:00\",\"dateModified\":\"2022-06-09T15:03:18+00:00\",\"description\":\"Concurso TRT MG: um poss\u00edvel cronograma aponta os prazos e datas para a realizado novo edital. Veja todos os detalhes aqui!\",\"breadcrumb\":{\"@id\":\"https:\/\/www.estrategiaconcursos.com.br\/blog\/concurso-trt-mg-possivel-cronograma\/#breadcrumb\"},\"inLanguage\":\"pt-BR\",\"potentialAction\":[{\"@type\":\"ReadAction\",\"target\":[\"https:\/\/www.estrategiaconcursos.com.br\/blog\/concurso-trt-mg-possivel-cronograma\/\"]}]},{\"@type\":\"ImageObject\",\"inLanguage\":\"pt-BR\",\"@id\":\"https:\/\/www.estrategiaconcursos.com.br\/blog\/concurso-trt-mg-possivel-cronograma\/#primaryimage\",\"url\":\"https:\/\/dhg1h5j42swfq.cloudfront.net\/2022\/04\/12111740\/cargos-vagos-concurso-trt-mg.jpeg\",\"contentUrl\":\"https:\/\/dhg1h5j42swfq.cloudfront.net\/2022\/04\/12111740\/cargos-vagos-concurso-trt-mg.jpeg\",\"width\":300,\"height\":169},{\"@type\":\"BreadcrumbList\",\"@id\":\"https:\/\/www.estrategiaconcursos.com.br\/blog\/concurso-trt-mg-possivel-cronograma\/#breadcrumb\",\"itemListElement\":[{\"@type\":\"ListItem\",\"position\":1,\"name\":\"In\u00edcio\",\"item\":\"https:\/\/www.estrategiaconcursos.com.br\/blog\/\"},{\"@type\":\"ListItem\",\"position\":2,\"name\":\"Concurso TRT MG: edital deve sair at\u00e9 1\u00ba de agosto\"}]},{\"@type\":\"WebSite\",\"@id\":\"https:\/\/www.estrategiaconcursos.com.br\/blog\/#website\",\"url\":\"https:\/\/www.estrategiaconcursos.com.br\/blog\/\",\"name\":\"Estrat\u00e9gia Concursos\",\"description\":\"O blog da Estrat\u00e9gia Concursos traz not\u00edcias sobre concursos e artigos de professores oferecendo cursos para concursos (pdf + videaulas) no site.\",\"publisher\":{\"@id\":\"https:\/\/www.estrategiaconcursos.com.br\/blog\/#organization\"},\"potentialAction\":[{\"@type\":\"SearchAction\",\"target\":{\"@type\":\"EntryPoint\",\"urlTemplate\":\"https:\/\/www.estrategiaconcursos.com.br\/blog\/?s={search_term_string}\"},\"query-input\":{\"@type\":\"PropertyValueSpecification\",\"valueRequired\":true,\"valueName\":\"search_term_string\"}}],\"inLanguage\":\"pt-BR\"},{\"@type\":\"Organization\",\"@id\":\"https:\/\/www.estrategiaconcursos.com.br\/blog\/#organization\",\"name\":\"Estrat\u00e9gia Concursos\",\"url\":\"https:\/\/www.estrategiaconcursos.com.br\/blog\/\",\"logo\":{\"@type\":\"ImageObject\",\"inLanguage\":\"pt-BR\",\"@id\":\"https:\/\/www.estrategiaconcursos.com.br\/blog\/#\/schema\/logo\/image\/\",\"url\":\"https:\/\/dhg1h5j42swfq.cloudfront.net\/2025\/06\/03203428\/logo_concursos-1.jpg\",\"contentUrl\":\"https:\/\/dhg1h5j42swfq.cloudfront.net\/2025\/06\/03203428\/logo_concursos-1.jpg\",\"width\":230,\"height\":60,\"caption\":\"Estrat\u00e9gia Concursos\"},\"image\":{\"@id\":\"https:\/\/www.estrategiaconcursos.com.br\/blog\/#\/schema\/logo\/image\/\"},\"sameAs\":[\"https:\/\/x.com\/EstratConcursos\"]},{\"@type\":\"Person\",\"@id\":\"https:\/\/www.estrategiaconcursos.com.br\/blog\/#\/schema\/person\/9b94727dcf4410f4a7931c83966c843b\",\"name\":\"Let\u00edcia Teixeira\",\"image\":{\"@type\":\"ImageObject\",\"inLanguage\":\"pt-BR\",\"@id\":\"https:\/\/secure.gravatar.com\/avatar\/fb589b06b881e20b676d08f9d03226d1e3291ba2f90e751ddc9ccb21abf0244d?s=96&d=mm&r=g\",\"url\":\"https:\/\/secure.gravatar.com\/avatar\/fb589b06b881e20b676d08f9d03226d1e3291ba2f90e751ddc9ccb21abf0244d?s=96&d=mm&r=g\",\"contentUrl\":\"https:\/\/secure.gravatar.com\/avatar\/fb589b06b881e20b676d08f9d03226d1e3291ba2f90e751ddc9ccb21abf0244d?s=96&d=mm&r=g\",\"caption\":\"Let\u00edcia Teixeira\"},\"description\":\"Jornalista com experi\u00eancia de mais de quatro anos no segmento de concursos p\u00fablicos. Especializada em Narrativa Transm\u00eddia e Storytelling pela Universidade Cat\u00f3lica de Bras\u00edlia, com atua\u00e7\u00e3o nas \u00e1reas de SEO, conte\u00fado, Webwriting e Copywriting.\",\"url\":\"https:\/\/www.estrategiaconcursos.com.br\/blog\/author\/leticia-teixeiraestrategia-com\/\"}]}<\/script>\n<!-- \/ Yoast SEO Premium plugin. -->","yoast_head_json":{"title":"Concurso TRT MG: edital deve sair at\u00e9 1\u00ba de agosto","description":"Concurso TRT MG: um poss\u00edvel cronograma aponta os prazos e datas para a realizado novo edital. Veja todos os detalhes aqui!","robots":{"index":"index","follow":"follow","max-snippet":"max-snippet:-1","max-image-preview":"max-image-preview:large","max-video-preview":"max-video-preview:-1"},"canonical":"https:\/\/www.estrategiaconcursos.com.br\/blog\/concurso-trt-mg-possivel-cronograma\/","og_locale":"pt_BR","og_type":"article","og_title":"Concurso TRT MG: edital deve sair at\u00e9 1\u00ba de agosto","og_description":"Concurso TRT MG: um poss\u00edvel cronograma aponta os prazos e datas para a realizado novo edital. Veja todos os detalhes aqui!","og_url":"https:\/\/www.estrategiaconcursos.com.br\/blog\/concurso-trt-mg-possivel-cronograma\/","og_site_name":"Estrat\u00e9gia Concursos","article_published_time":"2022-06-09T11:49:03+00:00","article_modified_time":"2022-06-09T15:03:18+00:00","og_image":[{"width":300,"height":169,"url":"https:\/\/dhg1h5j42swfq.cloudfront.net\/2022\/04\/12111740\/cargos-vagos-concurso-trt-mg.jpeg","type":"image\/jpeg"}],"author":"Let\u00edcia Teixeira","twitter_card":"summary_large_image","twitter_creator":"@EstratConcursos","twitter_site":"@EstratConcursos","twitter_misc":{"Escrito por":"Let\u00edcia Teixeira","Est. tempo de leitura":"3 minutos"},"schema":{"@context":"https:\/\/schema.org","@graph":[{"@type":"NewsArticle","@id":"https:\/\/www.estrategiaconcursos.com.br\/blog\/concurso-trt-mg-possivel-cronograma\/#article","isPartOf":{"@id":"https:\/\/www.estrategiaconcursos.com.br\/blog\/concurso-trt-mg-possivel-cronograma\/"},"author":{"name":"Let\u00edcia Teixeira","@id":"https:\/\/www.estrategiaconcursos.com.br\/blog\/#\/schema\/person\/9b94727dcf4410f4a7931c83966c843b"},"headline":"Concurso TRT MG: edital deve sair at\u00e9 1\u00ba de agosto","datePublished":"2022-06-09T11:49:03+00:00","dateModified":"2022-06-09T15:03:18+00:00","mainEntityOfPage":{"@id":"https:\/\/www.estrategiaconcursos.com.br\/blog\/concurso-trt-mg-possivel-cronograma\/"},"wordCount":441,"commentCount":0,"publisher":{"@id":"https:\/\/www.estrategiaconcursos.com.br\/blog\/#organization"},"image":{"@id":"https:\/\/www.estrategiaconcursos.com.br\/blog\/concurso-trt-mg-possivel-cronograma\/#primaryimage"},"thumbnailUrl":"https:\/\/dhg1h5j42swfq.cloudfront.net\/2022\/04\/12111740\/cargos-vagos-concurso-trt-mg.jpeg","keywords":["concurso trt mg"],"articleSection":["Tribunais","Tribunais"],"inLanguage":"pt-BR","potentialAction":[{"@type":"CommentAction","name":"Comment","target":["https:\/\/www.estrategiaconcursos.com.br\/blog\/concurso-trt-mg-possivel-cronograma\/#respond"]}],"copyrightYear":"2022","copyrightHolder":{"@id":"https:\/\/www.estrategiaconcursos.com.br\/blog\/#organization"}},{"@type":"WebPage","@id":"https:\/\/www.estrategiaconcursos.com.br\/blog\/concurso-trt-mg-possivel-cronograma\/","url":"https:\/\/www.estrategiaconcursos.com.br\/blog\/concurso-trt-mg-possivel-cronograma\/","name":"Concurso TRT MG: edital deve sair at\u00e9 1\u00ba de agosto","isPartOf":{"@id":"https:\/\/www.estrategiaconcursos.com.br\/blog\/#website"},"primaryImageOfPage":{"@id":"https:\/\/www.estrategiaconcursos.com.br\/blog\/concurso-trt-mg-possivel-cronograma\/#primaryimage"},"image":{"@id":"https:\/\/www.estrategiaconcursos.com.br\/blog\/concurso-trt-mg-possivel-cronograma\/#primaryimage"},"thumbnailUrl":"https:\/\/dhg1h5j42swfq.cloudfront.net\/2022\/04\/12111740\/cargos-vagos-concurso-trt-mg.jpeg","datePublished":"2022-06-09T11:49:03+00:00","dateModified":"2022-06-09T15:03:18+00:00","description":"Concurso TRT MG: um poss\u00edvel cronograma aponta os prazos e datas para a realizado novo edital. Veja todos os detalhes aqui!","breadcrumb":{"@id":"https:\/\/www.estrategiaconcursos.com.br\/blog\/concurso-trt-mg-possivel-cronograma\/#breadcrumb"},"inLanguage":"pt-BR","potentialAction":[{"@type":"ReadAction","target":["https:\/\/www.estrategiaconcursos.com.br\/blog\/concurso-trt-mg-possivel-cronograma\/"]}]},{"@type":"ImageObject","inLanguage":"pt-BR","@id":"https:\/\/www.estrategiaconcursos.com.br\/blog\/concurso-trt-mg-possivel-cronograma\/#primaryimage","url":"https:\/\/dhg1h5j42swfq.cloudfront.net\/2022\/04\/12111740\/cargos-vagos-concurso-trt-mg.jpeg","contentUrl":"https:\/\/dhg1h5j42swfq.cloudfront.net\/2022\/04\/12111740\/cargos-vagos-concurso-trt-mg.jpeg","width":300,"height":169},{"@type":"BreadcrumbList","@id":"https:\/\/www.estrategiaconcursos.com.br\/blog\/concurso-trt-mg-possivel-cronograma\/#breadcrumb","itemListElement":[{"@type":"ListItem","position":1,"name":"In\u00edcio","item":"https:\/\/www.estrategiaconcursos.com.br\/blog\/"},{"@type":"ListItem","position":2,"name":"Concurso TRT MG: edital deve sair at\u00e9 1\u00ba de agosto"}]},{"@type":"WebSite","@id":"https:\/\/www.estrategiaconcursos.com.br\/blog\/#website","url":"https:\/\/www.estrategiaconcursos.com.br\/blog\/","name":"Estrat\u00e9gia Concursos","description":"O blog da Estrat\u00e9gia Concursos traz not\u00edcias sobre concursos e artigos de professores oferecendo cursos para concursos (pdf + videaulas) no site.","publisher":{"@id":"https:\/\/www.estrategiaconcursos.com.br\/blog\/#organization"},"potentialAction":[{"@type":"SearchAction","target":{"@type":"EntryPoint","urlTemplate":"https:\/\/www.estrategiaconcursos.com.br\/blog\/?s={search_term_string}"},"query-input":{"@type":"PropertyValueSpecification","valueRequired":true,"valueName":"search_term_string"}}],"inLanguage":"pt-BR"},{"@type":"Organization","@id":"https:\/\/www.estrategiaconcursos.com.br\/blog\/#organization","name":"Estrat\u00e9gia Concursos","url":"https:\/\/www.estrategiaconcursos.com.br\/blog\/","logo":{"@type":"ImageObject","inLanguage":"pt-BR","@id":"https:\/\/www.estrategiaconcursos.com.br\/blog\/#\/schema\/logo\/image\/","url":"https:\/\/dhg1h5j42swfq.cloudfront.net\/2025\/06\/03203428\/logo_concursos-1.jpg","contentUrl":"https:\/\/dhg1h5j42swfq.cloudfront.net\/2025\/06\/03203428\/logo_concursos-1.jpg","width":230,"height":60,"caption":"Estrat\u00e9gia Concursos"},"image":{"@id":"https:\/\/www.estrategiaconcursos.com.br\/blog\/#\/schema\/logo\/image\/"},"sameAs":["https:\/\/x.com\/EstratConcursos"]},{"@type":"Person","@id":"https:\/\/www.estrategiaconcursos.com.br\/blog\/#\/schema\/person\/9b94727dcf4410f4a7931c83966c843b","name":"Let\u00edcia Teixeira","image":{"@type":"ImageObject","inLanguage":"pt-BR","@id":"https:\/\/secure.gravatar.com\/avatar\/fb589b06b881e20b676d08f9d03226d1e3291ba2f90e751ddc9ccb21abf0244d?s=96&d=mm&r=g","url":"https:\/\/secure.gravatar.com\/avatar\/fb589b06b881e20b676d08f9d03226d1e3291ba2f90e751ddc9ccb21abf0244d?s=96&d=mm&r=g","contentUrl":"https:\/\/secure.gravatar.com\/avatar\/fb589b06b881e20b676d08f9d03226d1e3291ba2f90e751ddc9ccb21abf0244d?s=96&d=mm&r=g","caption":"Let\u00edcia Teixeira"},"description":"Jornalista com experi\u00eancia de mais de quatro anos no segmento de concursos p\u00fablicos. Especializada em Narrativa Transm\u00eddia e Storytelling pela Universidade Cat\u00f3lica de Bras\u00edlia, com atua\u00e7\u00e3o nas \u00e1reas de SEO, conte\u00fado, Webwriting e Copywriting.","url":"https:\/\/www.estrategiaconcursos.com.br\/blog\/author\/leticia-teixeiraestrategia-com\/"}]}},"_links":{"self":[{"href":"https:\/\/www.estrategiaconcursos.com.br\/blog\/wp-json\/wp\/v2\/posts\/1042212","targetHints":{"allow":["GET"]}}],"collection":[{"href":"https:\/\/www.estrategiaconcursos.com.br\/blog\/wp-json\/wp\/v2\/posts"}],"about":[{"href":"https:\/\/www.estrategiaconcursos.com.br\/blog\/wp-json\/wp\/v2\/types\/post"}],"author":[{"embeddable":true,"href":"https:\/\/www.estrategiaconcursos.com.br\/blog\/wp-json\/wp\/v2\/users\/2319"}],"replies":[{"embeddable":true,"href":"https:\/\/www.estrategiaconcursos.com.br\/blog\/wp-json\/wp\/v2\/comments?post=1042212"}],"version-history":[{"count":8,"href":"https:\/\/www.estrategiaconcursos.com.br\/blog\/wp-json\/wp\/v2\/posts\/1042212\/revisions"}],"predecessor-version":[{"id":1042434,"href":"https:\/\/www.estrategiaconcursos.com.br\/blog\/wp-json\/wp\/v2\/posts\/1042212\/revisions\/1042434"}],"wp:featuredmedia":[{"embeddable":true,"href":"https:\/\/www.estrategiaconcursos.com.br\/blog\/wp-json\/wp\/v2\/media\/1007095"}],"wp:attachment":[{"href":"https:\/\/www.estrategiaconcursos.com.br\/blog\/wp-json\/wp\/v2\/media?parent=1042212"}],"wp:term":[{"taxonomy":"category","embeddable":true,"href":"https:\/\/www.estrategiaconcursos.com.br\/blog\/wp-json\/wp\/v2\/categories?post=1042212"},{"taxonomy":"post_tag","embeddable":true,"href":"https:\/\/www.estrategiaconcursos.com.br\/blog\/wp-json\/wp\/v2\/tags?post=1042212"},{"taxonomy":"tax_estado","embeddable":true,"href":"https:\/\/www.estrategiaconcursos.com.br\/blog\/wp-json\/wp\/v2\/tax_estado?post=1042212"}],"curies":[{"name":"wp","href":"https:\/\/api.w.org\/{rel}","templated":true}]}}