{"id":10422,"date":"2013-08-01T15:06:24","date_gmt":"2013-08-01T15:06:24","guid":{"rendered":"https:\/\/www.estrategiaconcursos.com.br\/blog\/concurso-de-aft-faltam-38-dias-para-a-prova-como-esta-o-seu-ritmo-de-estudo-3\/"},"modified":"2023-04-13T17:06:18","modified_gmt":"2023-04-13T20:06:18","slug":"concurso-de-aft-faltam-38-dias-para-a-prova-como-esta-o-seu-ritmo-de-estudo-3","status":"publish","type":"post","link":"https:\/\/www.estrategiaconcursos.com.br\/blog\/concurso-de-aft-faltam-38-dias-para-a-prova-como-esta-o-seu-ritmo-de-estudo-3\/","title":{"rendered":"Concurso de AFT: faltam 38 dias para a prova, como est\u00e1 o seu ritmo de estudo?"},"content":{"rendered":"<div style=\"color: #222222; font-family: Verdana; font-size: 12px; text-align: justify; background-color: #ffffff; padding: 0px; margin: 0px; border: 0px; list-style: none; background-image: none;\"><span style=\"padding: 0px; margin: 0px; border: 0px; list-style: none; font-size: 11.818181991577148px; background-image: none;\"><span style=\"color: #000033;\">Oi amigos (as),<br style=\"padding: 0px; margin: 0px; border: 0px; list-style: none; background-image: none;\" \/><br \/>\n<\/span><\/span><\/div>\n<div style=\"font-family: Verdana; font-size: 12px; text-align: justify; background-color: #ffffff; padding: 0px; margin: 0px; border: 0px; list-style: none; background-image: none;\"><span style=\"color: #000033;\">O m\u00eas de agosto j\u00e1 chegou, e agora faltam 38 dias para as provas objetivas do concurso de AFT!<\/span><\/div>\n<div style=\"font-family: Verdana; font-size: 12px; text-align: justify; background-color: #ffffff; padding: 0px; margin: 0px; border: 0px; list-style: none; background-image: none;\"><span style=\"color: #000033;\">\u00a0<\/span><\/div>\n<div style=\"font-family: Verdana; font-size: 12px; text-align: justify; background-color: #ffffff; padding: 0px; margin: 0px; border: 0px; list-style: none; background-image: none;\"><span style=\"color: #000033;\">Pra quem est\u00e1 com o tempo curto neste momento, sugiro que priorize <b>resolu\u00e7\u00e3o de quest\u00f5es<\/b> ao inv\u00e9s apenas estudar teoria. Isto porque n\u00e3o adianta saber a disciplina: \u00e9 mais importante saber como a banca exige aquela mat\u00e9ria em prova!<\/span><\/div>\n<div style=\"font-family: Verdana; font-size: 12px; text-align: justify; background-color: #ffffff; padding: 0px; margin: 0px; border: 0px; list-style: none; background-image: none;\"><span style=\"color: #000033;\">\u00a0<\/span><\/div>\n<div style=\"font-family: Verdana; font-size: 12px; text-align: justify; background-color: #ffffff; padding: 0px; margin: 0px; border: 0px; list-style: none; background-image: none;\"><span style=\"color: #000033;\">\u00c9 claro que o ideal \u00e9 estudar (e revisar) toda a teoria e mais as quest\u00f5es, mas quem est\u00e1 sem tempo para tudo deve dedicar umas boas horas para resolu\u00e7\u00e3o de exerc\u00edcios de provas anteriores.<\/span><\/div>\n<div style=\"font-family: Verdana; font-size: 12px; text-align: justify; background-color: #ffffff; padding: 0px; margin: 0px; border: 0px; list-style: none; background-image: none;\"><span style=\"color: #000033;\">\u00a0<\/span><\/div>\n<div style=\"font-family: Verdana; font-size: 12px; text-align: justify; background-color: #ffffff; padding: 0px; margin: 0px; border: 0px; list-style: none; background-image: none;\"><span style=\"color: #000033;\">Se voc\u00ea concluiu que n\u00e3o vai conseguir estudar tudo, n\u00e3o se preocupe: aposto que a grande maioria dos seus concorrentes tamb\u00e9m j\u00e1 est\u00e1 consciente disso ;-)<\/span><\/div>\n<div style=\"font-family: Verdana; font-size: 12px; text-align: justify; background-color: #ffffff; padding: 0px; margin: 0px; border: 0px; list-style: none; background-image: none;\"><span style=\"color: #000033;\">\u00a0<\/span><\/div>\n<div style=\"font-family: Verdana; font-size: 12px; text-align: justify; background-color: #ffffff; padding: 0px; margin: 0px; border: 0px; list-style: none; background-image: none;\"><span style=\"color: #000033;\">Muitos(as) colegas precisam conciliar estudo pra concurso com trabalho, ou com faculdade, ou precisa dar aten\u00e7\u00e3o a filhos pequenos, ou est\u00e1 com algum problema particular, etc. Enfim: est\u00e1 dif\u00edcil pra todo mundo!<\/span><\/div>\n<div style=\"font-family: Verdana; font-size: 12px; text-align: justify; background-color: #ffffff; padding: 0px; margin: 0px; border: 0px; list-style: none; background-image: none;\"><span style=\"color: #000033;\">\u00a0<\/span><\/div>\n<div style=\"font-family: Verdana; font-size: 12px; text-align: justify; background-color: #ffffff; padding: 0px; margin: 0px; border: 0px; list-style: none; background-image: none;\"><span style=\"color: #000033;\">O ideal \u00e9 que, nestas pr\u00f3ximas semanas, seu tempo livre seja dedicado <u>100% para o concurso<\/u>. Independente de quantas horas isso represente, procure fazer o que estiver ao seu alcance.\u00a0<\/span><\/div>\n<div style=\"font-family: Verdana; font-size: 12px; text-align: justify; background-color: #ffffff; padding: 0px; margin: 0px; border: 0px; list-style: none; background-image: none;\"><span style=\"color: #000033;\">\u00a0<\/span><\/div>\n<div style=\"font-family: Verdana; font-size: 12px; text-align: justify; background-color: #ffffff; padding: 0px; margin: 0px; border: 0px; list-style: none; background-image: none;\"><span style=\"color: #000033;\">Algumas pessoas certamente v\u00e3o estudar mais que voc\u00ea, mas, independente disso, chegue no dia da prova com a <u>consci\u00eancia tranquila por ter dado o m\u00e1ximo de si nesta reta final<\/u>!<\/span><\/div>\n<div style=\"font-family: Verdana; font-size: 12px; text-align: justify; background-color: #ffffff; padding: 0px; margin: 0px; border: 0px; list-style: none; background-image: none;\"><span style=\"color: #000033;\">\u00a0<\/span><\/div>\n<div style=\"font-family: Verdana; font-size: 12px; text-align: justify; background-color: #ffffff; padding: 0px; margin: 0px; border: 0px; list-style: none; background-image: none;\"><span style=\"color: #000033;\">&#8212;&#8212;&#8212;&#8212;&#8212;&#8212;&#8211;<\/span><span style=\"color: #000033;\"><br \/>\n<\/span><\/div>\n<div style=\"font-family: Verdana; font-size: 12px; text-align: justify; background-color: #ffffff; padding: 0px; margin: 0px; border: 0px; list-style: none; background-image: none;\"><span style=\"color: #000033;\">\u00a0<\/span><\/div>\n<div style=\"font-family: Verdana; font-size: 12px; text-align: justify; background-color: #ffffff; padding: 0px; margin: 0px; border: 0px; list-style: none; background-image: none;\"><span style=\"color: #000033;\">Aproveito para avisar que consegui adiantar v\u00e1rias aulas, e nos cursos que ministro temos a seguinte situa\u00e7\u00e3o:<\/span><\/div>\n<div style=\"font-family: Verdana; font-size: 12px; text-align: justify; background-color: #ffffff; padding: 0px; margin: 0px; border: 0px; list-style: none; background-image: none;\"><span style=\"color: #000033;\">\u00a0<\/span><\/div>\n<div style=\"text-align: justify; background-color: #ffffff; padding: 0px; margin: 0px; border: 0px; list-style: none; background-image: none;\">\n<div style=\"padding: 0px; margin: 0px; border: 0px; list-style: none; background-image: none;\"><span style=\"font-family: Verdana;\"><span style=\"font-size: 12px;\"><b><span style=\"color: #000099;\">Direito do Trabalho p\/ AFT<\/span><\/b><span style=\"color: #000033;\">: j\u00e1 est\u00e3o dispon\u00edveis <\/span><u style=\"color: #000033;\">14 das 16<\/u><span style=\"color: #000033;\"> aulas do curso.<\/span><\/span><\/span><\/div>\n<div style=\"color: #000033; padding: 0px; margin: 0px; border: 0px; list-style: none; background-image: none;\"><span style=\"font-family: Verdana;\"><span style=\"font-size: 12px;\">\u00a0<\/span><\/span><\/div>\n<div style=\"padding: 0px; margin: 0px; border: 0px; list-style: none; background-image: none;\"><span style=\"font-family: Verdana;\"><span style=\"font-size: 12px;\"><b><span style=\"color: #000099;\">Legisla\u00e7\u00e3o do Trabalho p\/ AFT<\/span><\/b><span style=\"color: #000033;\">:\u00a0<\/span><\/span><\/span><span style=\"color: #000033; font-family: Verdana; font-size: 12px;\">j\u00e1 est\u00e3o dispon\u00edveis\u00a0<\/span><span style=\"color: #000033; font-family: Verdana; font-size: 12px;\"><u>11 das 19<\/u> aulas do curso.<\/span><\/div>\n<div style=\"color: #000033; padding: 0px; margin: 0px; border: 0px; list-style: none; background-image: none;\"><span style=\"font-family: Verdana;\"><span style=\"font-size: 12px;\">\u00a0<\/span><\/span><\/div>\n<div style=\"padding: 0px; margin: 0px; border: 0px; list-style: none; background-image: none;\"><span style=\"font-family: Verdana;\"><span style=\"font-size: 12px;\"><b><span style=\"color: #000099;\">Seguran\u00e7a e Sa\u00fade no Trabalho p\/ AFT<\/span><\/b><span style=\"color: #000033;\">:\u00a0<\/span><\/span><\/span><span style=\"color: #000033; font-family: Verdana; font-size: 12px;\">j\u00e1 est\u00e3o dispon\u00edveis <u>4 das 6<\/u>\u00a0<\/span><span style=\"color: #000033; font-family: Verdana; font-size: 12px;\">aulas do curso.<\/span><\/div>\n<div style=\"color: #000033; padding: 0px; margin: 0px; border: 0px; list-style: none; background-image: none;\"><span style=\"font-family: Verdana;\"><span style=\"font-size: 12px;\">\u00a0<\/span><\/span><\/div>\n<div style=\"padding: 0px; margin: 0px; border: 0px; list-style: none; background-image: none;\"><span style=\"font-family: Verdana;\"><span style=\"font-size: 12px;\"><b><span style=\"color: #000099;\">Quest\u00f5es Comentadas de Direito do Trabalho p\/ AFT<\/span><\/b><span style=\"color: #000033;\">:\u00a0<\/span><\/span><\/span><span style=\"color: #000033; font-family: Verdana; font-size: 12px;\">j\u00e1 est\u00e3o dispon\u00edveis\u00a0<\/span><span style=\"color: #000033; font-family: Verdana; font-size: 12px;\"><u>8 das 9<\/u> do curso.\u00a0<\/span><\/div>\n<div style=\"padding: 0px; margin: 0px; border: 0px; list-style: none; background-image: none;\"><span style=\"color: #000033; font-family: Verdana; font-size: 12px;\">\u00a0<\/span><\/div>\n<div style=\"padding: 0px; margin: 0px; border: 0px; list-style: none; background-image: none;\"><span style=\"color: #000033; font-family: Verdana; font-size: 12px;\">Nas aulas j\u00e1 postadas deste curso temos <b><u>quase 500 (quinhentas) quest\u00f5es comentadas de concursos anteriores<\/u><\/b> para AFT, Tribunais do Trabalho, Procurador do Trabalho e Juiz do Trabalho, incluindo diversas quest\u00f5es de 2013 do CESPE.<\/span><\/div>\n<div style=\"color: #000033; padding: 0px; margin: 0px; border: 0px; list-style: none; background-image: none;\"><span style=\"font-family: Verdana;\"><span style=\"font-size: 12px;\">\u00a0<\/span><\/span><\/div>\n<div style=\"color: #000033; padding: 0px; margin: 0px; border: 0px; list-style: none; background-image: none;\"><span style=\"font-family: Verdana;\"><span style=\"font-size: 12px;\">Este curso custa R$ 100,00, ent\u00e3o desconsiderando eventuais descontos, e mais as aulas que ainda ser\u00e3o postadas, cada quest\u00e3o comentada sai por menos de R$ 0,20 (vinte centavos).<\/span><\/span><\/div>\n<div style=\"color: #000033; padding: 0px; margin: 0px; border: 0px; list-style: none; background-image: none;\"><span style=\"font-family: Verdana;\"><span style=\"font-size: 12px;\">\u00a0<\/span><\/span><\/div>\n<div style=\"padding: 0px; margin: 0px; border: 0px; list-style: none; background-image: none;\"><span style=\"font-family: Verdana;\"><span style=\"font-size: 12px;\"><b><span style=\"color: #000099;\">Quest\u00f5es Comentadas de Legisla\u00e7\u00e3o do Trabalho p\/ AFT<\/span><\/b><span style=\"color: #000033;\">:\u00a0<\/span><\/span><\/span><span style=\"color: #000033; font-family: Verdana; font-size: 12px;\">j\u00e1 est\u00e3o dispon\u00edveis <u>6 das 9<\/u>\u00a0<\/span><span style=\"color: #000033; font-family: Verdana; font-size: 12px;\">aulas do curso.\u00a0<\/span><\/div>\n<div style=\"padding: 0px; margin: 0px; border: 0px; list-style: none; background-image: none;\"><span style=\"color: #000033; font-family: Verdana; font-size: 12px;\">\u00a0<\/span><\/div>\n<div style=\"padding: 0px; margin: 0px; border: 0px; list-style: none; background-image: none;\"><span style=\"color: #000033; font-family: Verdana; font-size: 12px;\">Nas aulas j\u00e1 postadas deste curso temos\u00a0<\/span><b style=\"color: #000033; font-family: Verdana; font-size: 12px;\"><u>750 (setecentas e cinquenta) quest\u00f5es comentadas de concursos anteriores<\/u><\/b><span style=\"color: #000033; font-family: Verdana; font-size: 12px;\">\u00a0para AFT, Engenheiro de Seguran\u00e7a do Trabalho, M\u00e9dico do Trabalho, T\u00e9cnico de Seguran\u00e7a do Trabalho e Enfermeiro do Trabalho\u00a0<\/span><span style=\"color: #000033; font-family: Verdana; font-size: 12px;\">, incluindo diversas quest\u00f5es de 2013 do CESPE.<\/span><\/div>\n<div style=\"font-family: Verdana; font-size: 12px; padding: 0px; margin: 0px; border: 0px; list-style: none; background-image: none;\"><\/div>\n<div style=\"font-family: Verdana; font-size: 12px; padding: 0px; margin: 0px; border: 0px; list-style: none; background-image: none;\">Este curso custa R$ 120,00, ent\u00e3o desconsiderando eventuais descontos, e mais as aulas que ainda ser\u00e3o postadas, cada quest\u00e3o comentada sai por menos de R$ 0,15 (quinze centavos).<\/div>\n<div style=\"font-family: Verdana; font-size: 12px; padding: 0px; margin: 0px; border: 0px; list-style: none; background-image: none;\"><\/div>\n<div style=\"font-family: Verdana; font-size: 12px; padding: 0px; margin: 0px; border: 0px; list-style: none; background-image: none;\"><\/div>\n<div style=\"font-family: Verdana; font-size: 12px; padding: 0px; margin: 0px; border: 0px; list-style: none; background-image: none;\">Observa\u00e7\u00e3o: as quest\u00f5es comentadas dos cursos te\u00f3ricos s\u00e3o as mesmas dos cursos de &#8220;Quest\u00f5es Comentadas&#8221;, ou seja, quem adquiriu o curso te\u00f3rico j\u00e1 possui o material completo da respectiva disciplina.<\/div>\n<div style=\"font-family: Verdana; font-size: 12px; padding: 0px; margin: 0px; border: 0px; list-style: none; background-image: none;\"><\/div>\n<\/div>\n<div style=\"color: #222222; font-family: Verdana; font-size: 12px; text-align: justify; background-color: #ffffff; padding: 0px; margin: 0px; border: 0px; list-style: none; background-image: none;\"><span style=\"padding: 0px; margin: 0px; border: 0px; list-style: none; font-size: 11.818181991577148px; background-image: none;\"><span style=\"padding: 0px; margin: 0px; border: 0px; list-style: none; background-image: none; color: #000033;\">&#8212;&#8212;&#8212;&#8212;&#8212;&#8212;&#8211;<br \/>\n<\/span><\/span><\/div>\n<div style=\"font-family: Verdana; font-size: 12px; text-align: justify; background-color: #ffffff; padding: 0px; margin: 0px; border: 0px; list-style: none; background-image: none;\"><\/div>\n<div style=\"color: #222222; font-family: Verdana; font-size: 12px; text-align: justify; background-color: #ffffff; padding: 0px; margin: 0px; border: 0px; list-style: none; background-image: none;\">\n<div style=\"padding: 0px; margin: 0px; border: 0px; list-style: none; background-image: none;\">\n<div style=\"padding: 0px; margin: 0px; border: 0px; list-style: none; background-image: none;\">\n<div style=\"padding: 0px; margin: 0px; border: 0px; list-style: none; font-size: 11.818181991577148px; background-image: none;\"><span style=\"padding: 0px; margin: 0px; border: 0px; list-style: none; background-image: none; color: #000033;\">\u00a0<\/span><\/div>\n<div style=\"padding: 0px; margin: 0px; border: 0px; list-style: none; font-size: 11.818181991577148px; background-image: none;\"><span style=\"padding: 0px; margin: 0px; border: 0px; list-style: none; background-image: none; color: #000033;\">Grande abra\u00e7o e bons estudos,<br style=\"padding: 0px; margin: 0px; border: 0px; list-style: none; background-image: none;\" \/><\/span><\/div>\n<p><span style=\"padding: 0px; margin: 0px; border: 0px; list-style: none; font-size: 11.818181991577148px; background-image: none;\"><span style=\"padding: 0px; margin: 0px; border: 0px; list-style: none; background-image: none; color: #000033;\"><br style=\"padding: 0px; margin: 0px; border: 0px; list-style: none; background-image: none;\" \/>Prof M\u00e1rio Pinheiro<\/span><\/span><b style=\"padding: 0px; margin: 0px; border: 0px; list-style: none; background-image: none;\"><\/b><\/p>\n<\/div>\n<\/div>\n<\/div>\n","protected":false},"excerpt":{"rendered":"<p>Oi amigos (as), O m\u00eas de agosto j\u00e1 chegou, e agora faltam 38 dias para as provas objetivas do concurso de AFT! \u00a0 Pra quem est\u00e1 com o tempo curto neste momento, sugiro que priorize resolu\u00e7\u00e3o de quest\u00f5es ao inv\u00e9s apenas estudar teoria. Isto porque n\u00e3o adianta saber a disciplina: \u00e9 mais importante saber como [&hellip;]<\/p>\n","protected":false},"author":22,"featured_media":0,"comment_status":"open","ping_status":"open","sticky":false,"template":"","format":"standard","meta":{"post_tipo":"article","footnotes":""},"categories":[1],"tags":[542],"tax_estado":[],"class_list":["post-10422","post","type-post","status-publish","format-standard","hentry","category-cursos-e-concursos","tag-aft"],"acf":[],"yoast_head":"<!-- This site is optimized with the Yoast SEO Premium plugin v27.2 (Yoast SEO v27.2) - https:\/\/yoast.com\/product\/yoast-seo-premium-wordpress\/ -->\n<title>Concurso de AFT: faltam 38 dias para a prova, como est\u00e1 o seu ritmo de estudo?<\/title>\n<meta name=\"robots\" content=\"index, follow, max-snippet:-1, max-image-preview:large, max-video-preview:-1\" \/>\n<link rel=\"canonical\" href=\"https:\/\/www.estrategiaconcursos.com.br\/blog\/concurso-de-aft-faltam-38-dias-para-a-prova-como-esta-o-seu-ritmo-de-estudo-3\/\" \/>\n<meta property=\"og:locale\" content=\"pt_BR\" \/>\n<meta property=\"og:type\" content=\"article\" \/>\n<meta property=\"og:title\" content=\"Concurso de AFT: faltam 38 dias para a prova, como est\u00e1 o seu ritmo de estudo?\" \/>\n<meta property=\"og:description\" content=\"Oi amigos (as), O m\u00eas de agosto j\u00e1 chegou, e agora faltam 38 dias para as provas objetivas do concurso de AFT! \u00a0 Pra quem est\u00e1 com o tempo curto neste momento, sugiro que priorize resolu\u00e7\u00e3o de quest\u00f5es ao inv\u00e9s apenas estudar teoria. Isto porque n\u00e3o adianta saber a disciplina: \u00e9 mais importante saber como [&hellip;]\" \/>\n<meta property=\"og:url\" content=\"https:\/\/www.estrategiaconcursos.com.br\/blog\/concurso-de-aft-faltam-38-dias-para-a-prova-como-esta-o-seu-ritmo-de-estudo-3\/\" \/>\n<meta property=\"og:site_name\" content=\"Estrat\u00e9gia Concursos\" \/>\n<meta property=\"article:author\" content=\"https:\/\/www.facebook.com\/mario.pinheiro.18\" \/>\n<meta property=\"article:published_time\" content=\"2013-08-01T15:06:24+00:00\" \/>\n<meta property=\"article:modified_time\" content=\"2023-04-13T20:06:18+00:00\" \/>\n<meta name=\"author\" content=\"M\u00e1rio Pinheiro\" \/>\n<meta name=\"twitter:card\" content=\"summary_large_image\" \/>\n<meta name=\"twitter:creator\" content=\"@https:\/\/twitter.com\/EstratConcursos\" \/>\n<meta name=\"twitter:site\" content=\"@EstratConcursos\" \/>\n<meta name=\"twitter:label1\" content=\"Escrito por\" \/>\n\t<meta name=\"twitter:data1\" content=\"M\u00e1rio Pinheiro\" \/>\n\t<meta name=\"twitter:label2\" content=\"Est. tempo de leitura\" \/>\n\t<meta name=\"twitter:data2\" content=\"3 minutos\" \/>\n<script type=\"application\/ld+json\" class=\"yoast-schema-graph\">{\"@context\":\"https:\/\/schema.org\",\"@graph\":[{\"@type\":\"NewsArticle\",\"@id\":\"https:\/\/www.estrategiaconcursos.com.br\/blog\/concurso-de-aft-faltam-38-dias-para-a-prova-como-esta-o-seu-ritmo-de-estudo-3\/#article\",\"isPartOf\":{\"@id\":\"https:\/\/www.estrategiaconcursos.com.br\/blog\/concurso-de-aft-faltam-38-dias-para-a-prova-como-esta-o-seu-ritmo-de-estudo-3\/\"},\"author\":{\"name\":\"M\u00e1rio Pinheiro\",\"@id\":\"https:\/\/www.estrategiaconcursos.com.br\/blog\/#\/schema\/person\/263a505d4cf873862a093b2314df57e9\"},\"headline\":\"Concurso de AFT: faltam 38 dias para a prova, como est\u00e1 o seu ritmo de estudo?\",\"datePublished\":\"2013-08-01T15:06:24+00:00\",\"dateModified\":\"2023-04-13T20:06:18+00:00\",\"mainEntityOfPage\":{\"@id\":\"https:\/\/www.estrategiaconcursos.com.br\/blog\/concurso-de-aft-faltam-38-dias-para-a-prova-como-esta-o-seu-ritmo-de-estudo-3\/\"},\"wordCount\":530,\"commentCount\":0,\"publisher\":{\"@id\":\"https:\/\/www.estrategiaconcursos.com.br\/blog\/#organization\"},\"keywords\":[\"AFT\"],\"articleSection\":[\"Concursos P\u00fablicos\"],\"inLanguage\":\"pt-BR\",\"potentialAction\":[{\"@type\":\"CommentAction\",\"name\":\"Comment\",\"target\":[\"https:\/\/www.estrategiaconcursos.com.br\/blog\/concurso-de-aft-faltam-38-dias-para-a-prova-como-esta-o-seu-ritmo-de-estudo-3\/#respond\"]}],\"copyrightYear\":\"2013\",\"copyrightHolder\":{\"@id\":\"https:\/\/www.estrategiaconcursos.com.br\/blog\/#organization\"}},{\"@type\":\"WebPage\",\"@id\":\"https:\/\/www.estrategiaconcursos.com.br\/blog\/concurso-de-aft-faltam-38-dias-para-a-prova-como-esta-o-seu-ritmo-de-estudo-3\/\",\"url\":\"https:\/\/www.estrategiaconcursos.com.br\/blog\/concurso-de-aft-faltam-38-dias-para-a-prova-como-esta-o-seu-ritmo-de-estudo-3\/\",\"name\":\"Concurso de AFT: faltam 38 dias para a prova, como est\u00e1 o seu ritmo de estudo?\",\"isPartOf\":{\"@id\":\"https:\/\/www.estrategiaconcursos.com.br\/blog\/#website\"},\"datePublished\":\"2013-08-01T15:06:24+00:00\",\"dateModified\":\"2023-04-13T20:06:18+00:00\",\"breadcrumb\":{\"@id\":\"https:\/\/www.estrategiaconcursos.com.br\/blog\/concurso-de-aft-faltam-38-dias-para-a-prova-como-esta-o-seu-ritmo-de-estudo-3\/#breadcrumb\"},\"inLanguage\":\"pt-BR\",\"potentialAction\":[{\"@type\":\"ReadAction\",\"target\":[\"https:\/\/www.estrategiaconcursos.com.br\/blog\/concurso-de-aft-faltam-38-dias-para-a-prova-como-esta-o-seu-ritmo-de-estudo-3\/\"]}]},{\"@type\":\"BreadcrumbList\",\"@id\":\"https:\/\/www.estrategiaconcursos.com.br\/blog\/concurso-de-aft-faltam-38-dias-para-a-prova-como-esta-o-seu-ritmo-de-estudo-3\/#breadcrumb\",\"itemListElement\":[{\"@type\":\"ListItem\",\"position\":1,\"name\":\"In\u00edcio\",\"item\":\"https:\/\/www.estrategiaconcursos.com.br\/blog\/\"},{\"@type\":\"ListItem\",\"position\":2,\"name\":\"Concurso de AFT: faltam 38 dias para a prova, como est\u00e1 o seu ritmo de estudo?\"}]},{\"@type\":\"WebSite\",\"@id\":\"https:\/\/www.estrategiaconcursos.com.br\/blog\/#website\",\"url\":\"https:\/\/www.estrategiaconcursos.com.br\/blog\/\",\"name\":\"Estrat\u00e9gia Concursos\",\"description\":\"O blog da Estrat\u00e9gia Concursos traz not\u00edcias sobre concursos e artigos de professores oferecendo cursos para concursos (pdf + videaulas) no site.\",\"publisher\":{\"@id\":\"https:\/\/www.estrategiaconcursos.com.br\/blog\/#organization\"},\"potentialAction\":[{\"@type\":\"SearchAction\",\"target\":{\"@type\":\"EntryPoint\",\"urlTemplate\":\"https:\/\/www.estrategiaconcursos.com.br\/blog\/?s={search_term_string}\"},\"query-input\":{\"@type\":\"PropertyValueSpecification\",\"valueRequired\":true,\"valueName\":\"search_term_string\"}}],\"inLanguage\":\"pt-BR\"},{\"@type\":\"Organization\",\"@id\":\"https:\/\/www.estrategiaconcursos.com.br\/blog\/#organization\",\"name\":\"Estrat\u00e9gia Concursos\",\"url\":\"https:\/\/www.estrategiaconcursos.com.br\/blog\/\",\"logo\":{\"@type\":\"ImageObject\",\"inLanguage\":\"pt-BR\",\"@id\":\"https:\/\/www.estrategiaconcursos.com.br\/blog\/#\/schema\/logo\/image\/\",\"url\":\"https:\/\/dhg1h5j42swfq.cloudfront.net\/2025\/06\/03203428\/logo_concursos-1.jpg\",\"contentUrl\":\"https:\/\/dhg1h5j42swfq.cloudfront.net\/2025\/06\/03203428\/logo_concursos-1.jpg\",\"width\":230,\"height\":60,\"caption\":\"Estrat\u00e9gia Concursos\"},\"image\":{\"@id\":\"https:\/\/www.estrategiaconcursos.com.br\/blog\/#\/schema\/logo\/image\/\"},\"sameAs\":[\"https:\/\/x.com\/EstratConcursos\"]},{\"@type\":\"Person\",\"@id\":\"https:\/\/www.estrategiaconcursos.com.br\/blog\/#\/schema\/person\/263a505d4cf873862a093b2314df57e9\",\"name\":\"M\u00e1rio Pinheiro\",\"image\":{\"@type\":\"ImageObject\",\"inLanguage\":\"pt-BR\",\"@id\":\"https:\/\/secure.gravatar.com\/avatar\/20baf5175bad463e4e1f63d74d633d42e86b4028c320527e859914f6a57cb66a?s=96&d=mm&r=g\",\"url\":\"https:\/\/secure.gravatar.com\/avatar\/20baf5175bad463e4e1f63d74d633d42e86b4028c320527e859914f6a57cb66a?s=96&d=mm&r=g\",\"contentUrl\":\"https:\/\/secure.gravatar.com\/avatar\/20baf5175bad463e4e1f63d74d633d42e86b4028c320527e859914f6a57cb66a?s=96&d=mm&r=g\",\"caption\":\"M\u00e1rio Pinheiro\"},\"sameAs\":[\"https:\/\/www.facebook.com\/mario.pinheiro.18\",\"https:\/\/x.com\/https:\/\/twitter.com\/EstratConcursos\"],\"url\":\"https:\/\/www.estrategiaconcursos.com.br\/blog\/author\/mariopinheiroestrategiaconcursos-com-br\/\"}]}<\/script>\n<!-- \/ Yoast SEO Premium plugin. -->","yoast_head_json":{"title":"Concurso de AFT: faltam 38 dias para a prova, como est\u00e1 o seu ritmo de estudo?","robots":{"index":"index","follow":"follow","max-snippet":"max-snippet:-1","max-image-preview":"max-image-preview:large","max-video-preview":"max-video-preview:-1"},"canonical":"https:\/\/www.estrategiaconcursos.com.br\/blog\/concurso-de-aft-faltam-38-dias-para-a-prova-como-esta-o-seu-ritmo-de-estudo-3\/","og_locale":"pt_BR","og_type":"article","og_title":"Concurso de AFT: faltam 38 dias para a prova, como est\u00e1 o seu ritmo de estudo?","og_description":"Oi amigos (as), O m\u00eas de agosto j\u00e1 chegou, e agora faltam 38 dias para as provas objetivas do concurso de AFT! \u00a0 Pra quem est\u00e1 com o tempo curto neste momento, sugiro que priorize resolu\u00e7\u00e3o de quest\u00f5es ao inv\u00e9s apenas estudar teoria. Isto porque n\u00e3o adianta saber a disciplina: \u00e9 mais importante saber como [&hellip;]","og_url":"https:\/\/www.estrategiaconcursos.com.br\/blog\/concurso-de-aft-faltam-38-dias-para-a-prova-como-esta-o-seu-ritmo-de-estudo-3\/","og_site_name":"Estrat\u00e9gia Concursos","article_author":"https:\/\/www.facebook.com\/mario.pinheiro.18","article_published_time":"2013-08-01T15:06:24+00:00","article_modified_time":"2023-04-13T20:06:18+00:00","author":"M\u00e1rio Pinheiro","twitter_card":"summary_large_image","twitter_creator":"@https:\/\/twitter.com\/EstratConcursos","twitter_site":"@EstratConcursos","twitter_misc":{"Escrito por":"M\u00e1rio Pinheiro","Est. tempo de leitura":"3 minutos"},"schema":{"@context":"https:\/\/schema.org","@graph":[{"@type":"NewsArticle","@id":"https:\/\/www.estrategiaconcursos.com.br\/blog\/concurso-de-aft-faltam-38-dias-para-a-prova-como-esta-o-seu-ritmo-de-estudo-3\/#article","isPartOf":{"@id":"https:\/\/www.estrategiaconcursos.com.br\/blog\/concurso-de-aft-faltam-38-dias-para-a-prova-como-esta-o-seu-ritmo-de-estudo-3\/"},"author":{"name":"M\u00e1rio Pinheiro","@id":"https:\/\/www.estrategiaconcursos.com.br\/blog\/#\/schema\/person\/263a505d4cf873862a093b2314df57e9"},"headline":"Concurso de AFT: faltam 38 dias para a prova, como est\u00e1 o seu ritmo de estudo?","datePublished":"2013-08-01T15:06:24+00:00","dateModified":"2023-04-13T20:06:18+00:00","mainEntityOfPage":{"@id":"https:\/\/www.estrategiaconcursos.com.br\/blog\/concurso-de-aft-faltam-38-dias-para-a-prova-como-esta-o-seu-ritmo-de-estudo-3\/"},"wordCount":530,"commentCount":0,"publisher":{"@id":"https:\/\/www.estrategiaconcursos.com.br\/blog\/#organization"},"keywords":["AFT"],"articleSection":["Concursos P\u00fablicos"],"inLanguage":"pt-BR","potentialAction":[{"@type":"CommentAction","name":"Comment","target":["https:\/\/www.estrategiaconcursos.com.br\/blog\/concurso-de-aft-faltam-38-dias-para-a-prova-como-esta-o-seu-ritmo-de-estudo-3\/#respond"]}],"copyrightYear":"2013","copyrightHolder":{"@id":"https:\/\/www.estrategiaconcursos.com.br\/blog\/#organization"}},{"@type":"WebPage","@id":"https:\/\/www.estrategiaconcursos.com.br\/blog\/concurso-de-aft-faltam-38-dias-para-a-prova-como-esta-o-seu-ritmo-de-estudo-3\/","url":"https:\/\/www.estrategiaconcursos.com.br\/blog\/concurso-de-aft-faltam-38-dias-para-a-prova-como-esta-o-seu-ritmo-de-estudo-3\/","name":"Concurso de AFT: faltam 38 dias para a prova, como est\u00e1 o seu ritmo de estudo?","isPartOf":{"@id":"https:\/\/www.estrategiaconcursos.com.br\/blog\/#website"},"datePublished":"2013-08-01T15:06:24+00:00","dateModified":"2023-04-13T20:06:18+00:00","breadcrumb":{"@id":"https:\/\/www.estrategiaconcursos.com.br\/blog\/concurso-de-aft-faltam-38-dias-para-a-prova-como-esta-o-seu-ritmo-de-estudo-3\/#breadcrumb"},"inLanguage":"pt-BR","potentialAction":[{"@type":"ReadAction","target":["https:\/\/www.estrategiaconcursos.com.br\/blog\/concurso-de-aft-faltam-38-dias-para-a-prova-como-esta-o-seu-ritmo-de-estudo-3\/"]}]},{"@type":"BreadcrumbList","@id":"https:\/\/www.estrategiaconcursos.com.br\/blog\/concurso-de-aft-faltam-38-dias-para-a-prova-como-esta-o-seu-ritmo-de-estudo-3\/#breadcrumb","itemListElement":[{"@type":"ListItem","position":1,"name":"In\u00edcio","item":"https:\/\/www.estrategiaconcursos.com.br\/blog\/"},{"@type":"ListItem","position":2,"name":"Concurso de AFT: faltam 38 dias para a prova, como est\u00e1 o seu ritmo de estudo?"}]},{"@type":"WebSite","@id":"https:\/\/www.estrategiaconcursos.com.br\/blog\/#website","url":"https:\/\/www.estrategiaconcursos.com.br\/blog\/","name":"Estrat\u00e9gia Concursos","description":"O blog da Estrat\u00e9gia Concursos traz not\u00edcias sobre concursos e artigos de professores oferecendo cursos para concursos (pdf + videaulas) no site.","publisher":{"@id":"https:\/\/www.estrategiaconcursos.com.br\/blog\/#organization"},"potentialAction":[{"@type":"SearchAction","target":{"@type":"EntryPoint","urlTemplate":"https:\/\/www.estrategiaconcursos.com.br\/blog\/?s={search_term_string}"},"query-input":{"@type":"PropertyValueSpecification","valueRequired":true,"valueName":"search_term_string"}}],"inLanguage":"pt-BR"},{"@type":"Organization","@id":"https:\/\/www.estrategiaconcursos.com.br\/blog\/#organization","name":"Estrat\u00e9gia Concursos","url":"https:\/\/www.estrategiaconcursos.com.br\/blog\/","logo":{"@type":"ImageObject","inLanguage":"pt-BR","@id":"https:\/\/www.estrategiaconcursos.com.br\/blog\/#\/schema\/logo\/image\/","url":"https:\/\/dhg1h5j42swfq.cloudfront.net\/2025\/06\/03203428\/logo_concursos-1.jpg","contentUrl":"https:\/\/dhg1h5j42swfq.cloudfront.net\/2025\/06\/03203428\/logo_concursos-1.jpg","width":230,"height":60,"caption":"Estrat\u00e9gia Concursos"},"image":{"@id":"https:\/\/www.estrategiaconcursos.com.br\/blog\/#\/schema\/logo\/image\/"},"sameAs":["https:\/\/x.com\/EstratConcursos"]},{"@type":"Person","@id":"https:\/\/www.estrategiaconcursos.com.br\/blog\/#\/schema\/person\/263a505d4cf873862a093b2314df57e9","name":"M\u00e1rio Pinheiro","image":{"@type":"ImageObject","inLanguage":"pt-BR","@id":"https:\/\/secure.gravatar.com\/avatar\/20baf5175bad463e4e1f63d74d633d42e86b4028c320527e859914f6a57cb66a?s=96&d=mm&r=g","url":"https:\/\/secure.gravatar.com\/avatar\/20baf5175bad463e4e1f63d74d633d42e86b4028c320527e859914f6a57cb66a?s=96&d=mm&r=g","contentUrl":"https:\/\/secure.gravatar.com\/avatar\/20baf5175bad463e4e1f63d74d633d42e86b4028c320527e859914f6a57cb66a?s=96&d=mm&r=g","caption":"M\u00e1rio Pinheiro"},"sameAs":["https:\/\/www.facebook.com\/mario.pinheiro.18","https:\/\/x.com\/https:\/\/twitter.com\/EstratConcursos"],"url":"https:\/\/www.estrategiaconcursos.com.br\/blog\/author\/mariopinheiroestrategiaconcursos-com-br\/"}]}},"_links":{"self":[{"href":"https:\/\/www.estrategiaconcursos.com.br\/blog\/wp-json\/wp\/v2\/posts\/10422","targetHints":{"allow":["GET"]}}],"collection":[{"href":"https:\/\/www.estrategiaconcursos.com.br\/blog\/wp-json\/wp\/v2\/posts"}],"about":[{"href":"https:\/\/www.estrategiaconcursos.com.br\/blog\/wp-json\/wp\/v2\/types\/post"}],"author":[{"embeddable":true,"href":"https:\/\/www.estrategiaconcursos.com.br\/blog\/wp-json\/wp\/v2\/users\/22"}],"replies":[{"embeddable":true,"href":"https:\/\/www.estrategiaconcursos.com.br\/blog\/wp-json\/wp\/v2\/comments?post=10422"}],"version-history":[{"count":2,"href":"https:\/\/www.estrategiaconcursos.com.br\/blog\/wp-json\/wp\/v2\/posts\/10422\/revisions"}],"predecessor-version":[{"id":1201392,"href":"https:\/\/www.estrategiaconcursos.com.br\/blog\/wp-json\/wp\/v2\/posts\/10422\/revisions\/1201392"}],"wp:attachment":[{"href":"https:\/\/www.estrategiaconcursos.com.br\/blog\/wp-json\/wp\/v2\/media?parent=10422"}],"wp:term":[{"taxonomy":"category","embeddable":true,"href":"https:\/\/www.estrategiaconcursos.com.br\/blog\/wp-json\/wp\/v2\/categories?post=10422"},{"taxonomy":"post_tag","embeddable":true,"href":"https:\/\/www.estrategiaconcursos.com.br\/blog\/wp-json\/wp\/v2\/tags?post=10422"},{"taxonomy":"tax_estado","embeddable":true,"href":"https:\/\/www.estrategiaconcursos.com.br\/blog\/wp-json\/wp\/v2\/tax_estado?post=10422"}],"curies":[{"name":"wp","href":"https:\/\/api.w.org\/{rel}","templated":true}]}}