{"id":1041703,"date":"2022-06-14T11:40:00","date_gmt":"2022-06-14T14:40:00","guid":{"rendered":"https:\/\/www.estrategiaconcursos.com.br\/blog\/?p=1041703"},"modified":"2022-06-15T08:25:55","modified_gmt":"2022-06-15T11:25:55","slug":"reajuste-servidores-cancelado","status":"publish","type":"post","link":"https:\/\/www.estrategiaconcursos.com.br\/blog\/reajuste-servidores-cancelado\/","title":{"rendered":"Reajuste de servidores foi cancelado? Entenda!"},"content":{"rendered":"\n<p>O <strong>presidente Jair Bolsonaro<\/strong> confirmou o <strong>cancelamento do<\/strong> <strong>reajuste de 5% aos servidores do Executivo Federal<\/strong>, anunciado em abril (<a href=\"https:\/\/www.estrategiaconcursos.com.br\/blog\/reajuste-servidores-federais\/\" target=\"_blank\" rel=\"noreferrer noopener\">veja aqui<\/a>).<\/p>\n\n\n\n<p>Segundo Bolsonaro, o&nbsp;<strong>reajuste de servidores e a reestrutura\u00e7\u00e3o de carreiras<\/strong> no funcionalismo federal ser\u00e3o inclu\u00eddos no Projeto de Lei Or\u00e7ament\u00e1ria Anual (PLOA) de 2023.<\/p>\n\n\n\n<p>Agora, de acordo com o chefe do Executivo Federal, a equipe Econ\u00f4mica avalia <strong>dobrar o valor do aux\u00edlio-alimenta\u00e7\u00e3o<\/strong> de todas as categorias do funcionalismo ainda em 2022.<\/p>\n\n\n\n<p>&#8220;A ideia minha era dar pelo menos&nbsp;5% para o servidor, cortando de minist\u00e9rios. Estamos tentando agora, tem que vencer a legisla\u00e7\u00e3o eleitoral, dobrar, no m\u00ednimo, o valor do aux\u00edlio-alimenta\u00e7\u00e3o&#8221;, declarou<strong> Jair Bolsonaro<\/strong> em conversa com jornalistas em frente ao Pal\u00e1cio do Planalto.<\/p>\n\n\n\n<h2 class=\"wp-block-heading\" id=\"motivo-do-reajuste-de-servidores-ter-sido-cancelado\">Motivo do reajuste de servidores ter sido cancelado<\/h2>\n\n\n\n<p>O governo desistiu de manter a reserva or\u00e7ament\u00e1ria de R$ 1,74 bilh\u00e3o que seria destinada ao <strong>reajuste<\/strong> ap\u00f3s o <strong>bloqueio nos gastos dos minist\u00e9rios<\/strong>, o segundo em 2022.<\/p>\n\n\n\n<p>Caso o reajuste fosse mantido, o gasto seria de&nbsp;R$ 8,2 bilh\u00f5es. Com o corte o valor passa a ser de R$ 6,96 bilh\u00f5es.<\/p>\n\n\n\n<p>O <strong>bloqueio<\/strong> destinou-se aos &#8220;gastos livres&#8221; do governo federal e, conforme o Minist\u00e9rio da Economia, se fez necess\u00e1rio ap\u00f3s o <strong>aumento da estimativa com gastos obrigat\u00f3rios<\/strong>.<\/p>\n\n\n\n<p>Ainda de acordo com a <a href=\"https:\/\/www.gov.br\/economia\/pt-br\" target=\"_blank\" rel=\"noreferrer noopener\">justificativa,<\/a> houve crescimento de gastos com senten\u00e7as judiciais, com o Programa de Garantia da Atividade Agropecu\u00e1ria (Proagro) e com o plano Safra, entre outros.<\/p>\n\n\n\n<p>O reajuste tinha aplica\u00e7\u00e3o prevista para o&nbsp;<strong>sal\u00e1rio de junho<\/strong>, pago em julho.<\/p>\n\n\n\n<h2 class=\"wp-block-heading\" id=\"h-concurso-publico-editais-federais-confirmados\">Concurso p\u00fablico: editais federais confirmados<\/h2>\n\n\n\n<p>Ficou ainda mais interessado em ingressar no servi\u00e7o p\u00fablico federal? Veja abaixo alguns editais previstos e confirmados para 2022:<\/p>\n\n\n\n<p><strong><a href=\"https:\/\/www.estrategiaconcursos.com.br\/blog\/concurso-inss\/\" target=\"_blank\" rel=\"noreferrer noopener\">Concurso INSS:<\/a><\/strong> Foi oficialmente&nbsp;<strong>autorizada&nbsp;<\/strong>a realiza\u00e7\u00e3o do novo&nbsp;<strong>concurso p\u00fablico do INSS<\/strong>. Ser\u00e3o ofertadas<strong>&nbsp;mil vagas<\/strong>&nbsp;para o cargo de T\u00e9cnico do Seguro Social. Agora, o pr\u00f3ximo passo ser\u00e1 a forma\u00e7\u00e3o de uma&nbsp;<strong>Comiss\u00e3o&nbsp;<\/strong>que ficar\u00e1 respons\u00e1vel pela organiza\u00e7\u00e3o do certame, assim como a contrata\u00e7\u00e3o da&nbsp;<strong>banca<\/strong>.<\/p>\n\n\n\n<p><a href=\"https:\/\/www.estrategiaconcursos.com.br\/blog\/concurso-receita-federal\/\" target=\"_blank\" rel=\"noreferrer noopener\"><strong>Concurso Receita Federal:<\/strong><\/a> Foi&nbsp;<strong>autorizada&nbsp;<\/strong>a realiza\u00e7\u00e3o do t\u00e3o aguardado&nbsp;<strong>concurso p\u00fablico da Receita Federal<\/strong>. Ser\u00e3o ofertadas&nbsp;<strong>699 vagas<\/strong>&nbsp;para os cargos de Auditor e Analista. Ambos os cargos exigem n\u00edvel superior em qualquer \u00e1rea de forma\u00e7\u00e3o e possuem remunera\u00e7\u00e3o inicial de&nbsp;<strong>R$ 11 mil<\/strong>&nbsp;(Analista) e&nbsp;<strong>R$ 21 mil&nbsp;<\/strong>(Auditor).<\/p>\n\n\n\n<p><strong><a href=\"https:\/\/www.estrategiaconcursos.com.br\/cursosPorConcurso\/senado-federal-6\/\" target=\"_blank\" rel=\"noreferrer noopener\">Concurso Senado:<\/a>&nbsp;<\/strong>o novo edital para o Senado est\u00e1 autorizado e com banca em defini\u00e7\u00e3o. S<strong>er\u00e3o ofertadas 19 vagas<\/strong>&nbsp;distribu\u00eddas entre os cargos de Advogado, Consultor Legislativo, Analista Legislativo (v\u00e1rias especialidades) e T\u00e9cnico Legislativo (Policial Legislativo). Todos exigem n\u00edvel superior.&nbsp;<a href=\"https:\/\/www.estrategiaconcursos.com.br\/blog\/concurso-senado-federal\/\" target=\"_blank\" rel=\"noreferrer noopener\">Veja aqui!<\/a><\/p>\n\n\n\n<p><a href=\"https:\/\/www.estrategiaconcursos.com.br\/blog\/concurso-trt-editais-autorizados\/\" target=\"_blank\" rel=\"noreferrer noopener\"><strong>Concurso TRT:<\/strong><\/a>&nbsp;O Conselho Superior da Justi\u00e7a do Trabalho (CSJT) autorizou o preenchimento de vagas em diversos&nbsp;<strong>Tribunais Regionais do Trabalho<\/strong>. S\u00e3o 11 editais j\u00e1 confirmados para 2022 com vagas de n\u00edvel m\u00e9dio e n\u00edvel superior.&nbsp;<a href=\"https:\/\/www.estrategiaconcursos.com.br\/blog\/concurso-trt-editais-autorizados\/\" target=\"_blank\" rel=\"noreferrer noopener\">Veja aqui!<\/a><\/p>\n\n\n\n<p><strong><a href=\"https:\/\/www.estrategiaconcursos.com.br\/blog\/concurso-tse-unificado\/\" target=\"_blank\" rel=\"noreferrer noopener\">Concurso unificado TSE:<\/a><\/strong>&nbsp;a Assessoria de imprensa do TSE confirmou que o \u00f3rg\u00e3o trabalha no levantamento dos cargos e vagas do edital unificado.&nbsp;De acordo com of\u00edcio divulgado no dia 1\u00ba de abril, o \u00f3rg\u00e3o pretende realizar a sele\u00e7\u00e3o unificada em 2023.&nbsp;O edital poder\u00e1 contemplar todos os&nbsp;<strong>Tribunais Regionais Eleitorais<\/strong>&nbsp;de forma centralizada.&nbsp;<a href=\"https:\/\/www.estrategiaconcursos.com.br\/blog\/concurso-tse-unificado\/\" target=\"_blank\" rel=\"noreferrer noopener\">Veja aqui!<\/a><\/p>\n\n\n\n<p class=\"has-text-align-center has-pale-cyan-blue-background-color has-background has-medium-font-size\"><strong>Vagas para 2022: <a href=\"https:\/\/www.estrategiaconcursos.com.br\/blog\/concursos-2022\/\" target=\"_blank\" rel=\"noreferrer noopener\">saiba mais<\/a><\/strong><\/p>\n\n\n\n<div class=\"container\" id=\"boxes\">\n  <div class=\"row\">\n\n    <div class=\"col-sm\">\n      <div class=\"estrategia\" id=\"box-assinatura\">\n        <h3 class=\"titulo-assinatura\">Assinatura Concursos<\/h3>\n        <p class=\"subtitulo-assinatura\">Assinatura de 1 Ano ou 2 Anos<\/p>\n        <div class=\"box-botao\">\n          <a class=\"btn-assinatura\" target=\"_blank\" href=\"https:\/\/www.estrategiaconcursos.com.br\/assinaturas\/\" role=\"button\" rel=\"noopener noreferrer\">ASSINE AGORA<\/a>\n        <\/div>\n      <\/div>\n     \n    <\/div><\/div><\/div>\n\n\n\n<p> <\/p>\n","protected":false},"excerpt":{"rendered":"<p>O presidente Jair Bolsonaro confirmou o cancelamento do reajuste de 5% aos servidores do Executivo Federal, anunciado em abril (veja aqui). Segundo Bolsonaro, o&nbsp;reajuste de servidores e a reestrutura\u00e7\u00e3o de carreiras no funcionalismo federal ser\u00e3o inclu\u00eddos no Projeto de Lei Or\u00e7ament\u00e1ria Anual (PLOA) de 2023. Agora, de acordo com o chefe do Executivo Federal, a [&hellip;]<\/p>\n","protected":false},"author":2319,"featured_media":1041717,"comment_status":"open","ping_status":"closed","sticky":false,"template":"","format":"standard","meta":{"post_tipo":"news","footnotes":""},"categories":[1,220219],"tags":[37473,220855,220734],"tax_estado":[219963],"class_list":["post-1041703","post","type-post","status-publish","format-standard","has-post-thumbnail","hentry","category-cursos-e-concursos","category-noticias","tag-jair-bolsonaro","tag-reajuste-2022","tag-reajuste-servidores","tax_estado-concursos-federais"],"acf":[],"yoast_head":"<!-- This site is optimized with the Yoast SEO Premium plugin v27.2 (Yoast SEO v27.2) - https:\/\/yoast.com\/product\/yoast-seo-premium-wordpress\/ -->\n<title>Reajuste de servidores foi cancelado? Entenda!<\/title>\n<meta name=\"description\" content=\"Cancelamento do reajuste dos servidores: Governo avalia dobrar o valor do aux\u00edlio alimenta\u00e7\u00e3o de servidores do Executivo Federal. Veja!\" \/>\n<meta name=\"robots\" content=\"index, follow, max-snippet:-1, max-image-preview:large, max-video-preview:-1\" \/>\n<link rel=\"canonical\" href=\"https:\/\/www.estrategiaconcursos.com.br\/blog\/reajuste-servidores-cancelado\/\" \/>\n<meta property=\"og:locale\" content=\"pt_BR\" \/>\n<meta property=\"og:type\" content=\"article\" \/>\n<meta property=\"og:title\" content=\"Reajuste de servidores foi cancelado? Entenda!\" \/>\n<meta property=\"og:description\" content=\"Cancelamento do reajuste dos servidores: Governo avalia dobrar o valor do aux\u00edlio alimenta\u00e7\u00e3o de servidores do Executivo Federal. Veja!\" \/>\n<meta property=\"og:url\" content=\"https:\/\/www.estrategiaconcursos.com.br\/blog\/reajuste-servidores-cancelado\/\" \/>\n<meta property=\"og:site_name\" content=\"Estrat\u00e9gia Concursos\" \/>\n<meta property=\"article:published_time\" content=\"2022-06-14T14:40:00+00:00\" \/>\n<meta property=\"article:modified_time\" content=\"2022-06-15T11:25:55+00:00\" \/>\n<meta property=\"og:image\" content=\"https:\/\/dhg1h5j42swfq.cloudfront.net\/2022\/06\/08114035\/bolsonaro-guedes.webp\" \/>\n\t<meta property=\"og:image:width\" content=\"1920\" \/>\n\t<meta property=\"og:image:height\" content=\"1280\" \/>\n\t<meta property=\"og:image:type\" content=\"image\/webp\" \/>\n<meta name=\"author\" content=\"Let\u00edcia Teixeira\" \/>\n<meta name=\"twitter:card\" content=\"summary_large_image\" \/>\n<meta name=\"twitter:creator\" content=\"@EstratConcursos\" \/>\n<meta name=\"twitter:site\" content=\"@EstratConcursos\" \/>\n<meta name=\"twitter:label1\" content=\"Escrito por\" \/>\n\t<meta name=\"twitter:data1\" content=\"Let\u00edcia Teixeira\" \/>\n\t<meta name=\"twitter:label2\" content=\"Est. tempo de leitura\" \/>\n\t<meta name=\"twitter:data2\" content=\"3 minutos\" \/>\n<script type=\"application\/ld+json\" class=\"yoast-schema-graph\">{\"@context\":\"https:\/\/schema.org\",\"@graph\":[{\"@type\":\"NewsArticle\",\"@id\":\"https:\/\/www.estrategiaconcursos.com.br\/blog\/reajuste-servidores-cancelado\/#article\",\"isPartOf\":{\"@id\":\"https:\/\/www.estrategiaconcursos.com.br\/blog\/reajuste-servidores-cancelado\/\"},\"author\":{\"name\":\"Let\u00edcia Teixeira\",\"@id\":\"https:\/\/www.estrategiaconcursos.com.br\/blog\/#\/schema\/person\/9b94727dcf4410f4a7931c83966c843b\"},\"headline\":\"Reajuste de servidores foi cancelado? Entenda!\",\"datePublished\":\"2022-06-14T14:40:00+00:00\",\"dateModified\":\"2022-06-15T11:25:55+00:00\",\"mainEntityOfPage\":{\"@id\":\"https:\/\/www.estrategiaconcursos.com.br\/blog\/reajuste-servidores-cancelado\/\"},\"wordCount\":593,\"commentCount\":0,\"publisher\":{\"@id\":\"https:\/\/www.estrategiaconcursos.com.br\/blog\/#organization\"},\"image\":{\"@id\":\"https:\/\/www.estrategiaconcursos.com.br\/blog\/reajuste-servidores-cancelado\/#primaryimage\"},\"thumbnailUrl\":\"https:\/\/dhg1h5j42swfq.cloudfront.net\/2022\/06\/08114035\/bolsonaro-guedes.webp\",\"keywords\":[\"jair bolsonaro\",\"reajuste 2022\",\"reajuste servidores\"],\"articleSection\":[\"Concursos P\u00fablicos\",\"\u00daltimas not\u00edcias\"],\"inLanguage\":\"pt-BR\",\"potentialAction\":[{\"@type\":\"CommentAction\",\"name\":\"Comment\",\"target\":[\"https:\/\/www.estrategiaconcursos.com.br\/blog\/reajuste-servidores-cancelado\/#respond\"]}],\"copyrightYear\":\"2022\",\"copyrightHolder\":{\"@id\":\"https:\/\/www.estrategiaconcursos.com.br\/blog\/#organization\"}},{\"@type\":\"WebPage\",\"@id\":\"https:\/\/www.estrategiaconcursos.com.br\/blog\/reajuste-servidores-cancelado\/\",\"url\":\"https:\/\/www.estrategiaconcursos.com.br\/blog\/reajuste-servidores-cancelado\/\",\"name\":\"Reajuste de servidores foi cancelado? Entenda!\",\"isPartOf\":{\"@id\":\"https:\/\/www.estrategiaconcursos.com.br\/blog\/#website\"},\"primaryImageOfPage\":{\"@id\":\"https:\/\/www.estrategiaconcursos.com.br\/blog\/reajuste-servidores-cancelado\/#primaryimage\"},\"image\":{\"@id\":\"https:\/\/www.estrategiaconcursos.com.br\/blog\/reajuste-servidores-cancelado\/#primaryimage\"},\"thumbnailUrl\":\"https:\/\/dhg1h5j42swfq.cloudfront.net\/2022\/06\/08114035\/bolsonaro-guedes.webp\",\"datePublished\":\"2022-06-14T14:40:00+00:00\",\"dateModified\":\"2022-06-15T11:25:55+00:00\",\"description\":\"Cancelamento do reajuste dos servidores: Governo avalia dobrar o valor do aux\u00edlio alimenta\u00e7\u00e3o de servidores do Executivo Federal. Veja!\",\"breadcrumb\":{\"@id\":\"https:\/\/www.estrategiaconcursos.com.br\/blog\/reajuste-servidores-cancelado\/#breadcrumb\"},\"inLanguage\":\"pt-BR\",\"potentialAction\":[{\"@type\":\"ReadAction\",\"target\":[\"https:\/\/www.estrategiaconcursos.com.br\/blog\/reajuste-servidores-cancelado\/\"]}]},{\"@type\":\"ImageObject\",\"inLanguage\":\"pt-BR\",\"@id\":\"https:\/\/www.estrategiaconcursos.com.br\/blog\/reajuste-servidores-cancelado\/#primaryimage\",\"url\":\"https:\/\/dhg1h5j42swfq.cloudfront.net\/2022\/06\/08114035\/bolsonaro-guedes.webp\",\"contentUrl\":\"https:\/\/dhg1h5j42swfq.cloudfront.net\/2022\/06\/08114035\/bolsonaro-guedes.webp\",\"width\":1920,\"height\":1280,\"caption\":\"Reajuste servidores cancelado\"},{\"@type\":\"BreadcrumbList\",\"@id\":\"https:\/\/www.estrategiaconcursos.com.br\/blog\/reajuste-servidores-cancelado\/#breadcrumb\",\"itemListElement\":[{\"@type\":\"ListItem\",\"position\":1,\"name\":\"In\u00edcio\",\"item\":\"https:\/\/www.estrategiaconcursos.com.br\/blog\/\"},{\"@type\":\"ListItem\",\"position\":2,\"name\":\"Reajuste de servidores foi cancelado? Entenda!\"}]},{\"@type\":\"WebSite\",\"@id\":\"https:\/\/www.estrategiaconcursos.com.br\/blog\/#website\",\"url\":\"https:\/\/www.estrategiaconcursos.com.br\/blog\/\",\"name\":\"Estrat\u00e9gia Concursos\",\"description\":\"O blog da Estrat\u00e9gia Concursos traz not\u00edcias sobre concursos e artigos de professores oferecendo cursos para concursos (pdf + videaulas) no site.\",\"publisher\":{\"@id\":\"https:\/\/www.estrategiaconcursos.com.br\/blog\/#organization\"},\"potentialAction\":[{\"@type\":\"SearchAction\",\"target\":{\"@type\":\"EntryPoint\",\"urlTemplate\":\"https:\/\/www.estrategiaconcursos.com.br\/blog\/?s={search_term_string}\"},\"query-input\":{\"@type\":\"PropertyValueSpecification\",\"valueRequired\":true,\"valueName\":\"search_term_string\"}}],\"inLanguage\":\"pt-BR\"},{\"@type\":\"Organization\",\"@id\":\"https:\/\/www.estrategiaconcursos.com.br\/blog\/#organization\",\"name\":\"Estrat\u00e9gia Concursos\",\"url\":\"https:\/\/www.estrategiaconcursos.com.br\/blog\/\",\"logo\":{\"@type\":\"ImageObject\",\"inLanguage\":\"pt-BR\",\"@id\":\"https:\/\/www.estrategiaconcursos.com.br\/blog\/#\/schema\/logo\/image\/\",\"url\":\"https:\/\/dhg1h5j42swfq.cloudfront.net\/2025\/06\/03203428\/logo_concursos-1.jpg\",\"contentUrl\":\"https:\/\/dhg1h5j42swfq.cloudfront.net\/2025\/06\/03203428\/logo_concursos-1.jpg\",\"width\":230,\"height\":60,\"caption\":\"Estrat\u00e9gia Concursos\"},\"image\":{\"@id\":\"https:\/\/www.estrategiaconcursos.com.br\/blog\/#\/schema\/logo\/image\/\"},\"sameAs\":[\"https:\/\/x.com\/EstratConcursos\"]},{\"@type\":\"Person\",\"@id\":\"https:\/\/www.estrategiaconcursos.com.br\/blog\/#\/schema\/person\/9b94727dcf4410f4a7931c83966c843b\",\"name\":\"Let\u00edcia Teixeira\",\"image\":{\"@type\":\"ImageObject\",\"inLanguage\":\"pt-BR\",\"@id\":\"https:\/\/secure.gravatar.com\/avatar\/fb589b06b881e20b676d08f9d03226d1e3291ba2f90e751ddc9ccb21abf0244d?s=96&d=mm&r=g\",\"url\":\"https:\/\/secure.gravatar.com\/avatar\/fb589b06b881e20b676d08f9d03226d1e3291ba2f90e751ddc9ccb21abf0244d?s=96&d=mm&r=g\",\"contentUrl\":\"https:\/\/secure.gravatar.com\/avatar\/fb589b06b881e20b676d08f9d03226d1e3291ba2f90e751ddc9ccb21abf0244d?s=96&d=mm&r=g\",\"caption\":\"Let\u00edcia Teixeira\"},\"description\":\"Jornalista com experi\u00eancia de mais de quatro anos no segmento de concursos p\u00fablicos. Especializada em Narrativa Transm\u00eddia e Storytelling pela Universidade Cat\u00f3lica de Bras\u00edlia, com atua\u00e7\u00e3o nas \u00e1reas de SEO, conte\u00fado, Webwriting e Copywriting.\",\"url\":\"https:\/\/www.estrategiaconcursos.com.br\/blog\/author\/leticia-teixeiraestrategia-com\/\"}]}<\/script>\n<!-- \/ Yoast SEO Premium plugin. -->","yoast_head_json":{"title":"Reajuste de servidores foi cancelado? Entenda!","description":"Cancelamento do reajuste dos servidores: Governo avalia dobrar o valor do aux\u00edlio alimenta\u00e7\u00e3o de servidores do Executivo Federal. Veja!","robots":{"index":"index","follow":"follow","max-snippet":"max-snippet:-1","max-image-preview":"max-image-preview:large","max-video-preview":"max-video-preview:-1"},"canonical":"https:\/\/www.estrategiaconcursos.com.br\/blog\/reajuste-servidores-cancelado\/","og_locale":"pt_BR","og_type":"article","og_title":"Reajuste de servidores foi cancelado? Entenda!","og_description":"Cancelamento do reajuste dos servidores: Governo avalia dobrar o valor do aux\u00edlio alimenta\u00e7\u00e3o de servidores do Executivo Federal. Veja!","og_url":"https:\/\/www.estrategiaconcursos.com.br\/blog\/reajuste-servidores-cancelado\/","og_site_name":"Estrat\u00e9gia Concursos","article_published_time":"2022-06-14T14:40:00+00:00","article_modified_time":"2022-06-15T11:25:55+00:00","og_image":[{"width":1920,"height":1280,"url":"https:\/\/dhg1h5j42swfq.cloudfront.net\/2022\/06\/08114035\/bolsonaro-guedes.webp","type":"image\/webp"}],"author":"Let\u00edcia Teixeira","twitter_card":"summary_large_image","twitter_creator":"@EstratConcursos","twitter_site":"@EstratConcursos","twitter_misc":{"Escrito por":"Let\u00edcia Teixeira","Est. tempo de leitura":"3 minutos"},"schema":{"@context":"https:\/\/schema.org","@graph":[{"@type":"NewsArticle","@id":"https:\/\/www.estrategiaconcursos.com.br\/blog\/reajuste-servidores-cancelado\/#article","isPartOf":{"@id":"https:\/\/www.estrategiaconcursos.com.br\/blog\/reajuste-servidores-cancelado\/"},"author":{"name":"Let\u00edcia Teixeira","@id":"https:\/\/www.estrategiaconcursos.com.br\/blog\/#\/schema\/person\/9b94727dcf4410f4a7931c83966c843b"},"headline":"Reajuste de servidores foi cancelado? Entenda!","datePublished":"2022-06-14T14:40:00+00:00","dateModified":"2022-06-15T11:25:55+00:00","mainEntityOfPage":{"@id":"https:\/\/www.estrategiaconcursos.com.br\/blog\/reajuste-servidores-cancelado\/"},"wordCount":593,"commentCount":0,"publisher":{"@id":"https:\/\/www.estrategiaconcursos.com.br\/blog\/#organization"},"image":{"@id":"https:\/\/www.estrategiaconcursos.com.br\/blog\/reajuste-servidores-cancelado\/#primaryimage"},"thumbnailUrl":"https:\/\/dhg1h5j42swfq.cloudfront.net\/2022\/06\/08114035\/bolsonaro-guedes.webp","keywords":["jair bolsonaro","reajuste 2022","reajuste servidores"],"articleSection":["Concursos P\u00fablicos","\u00daltimas not\u00edcias"],"inLanguage":"pt-BR","potentialAction":[{"@type":"CommentAction","name":"Comment","target":["https:\/\/www.estrategiaconcursos.com.br\/blog\/reajuste-servidores-cancelado\/#respond"]}],"copyrightYear":"2022","copyrightHolder":{"@id":"https:\/\/www.estrategiaconcursos.com.br\/blog\/#organization"}},{"@type":"WebPage","@id":"https:\/\/www.estrategiaconcursos.com.br\/blog\/reajuste-servidores-cancelado\/","url":"https:\/\/www.estrategiaconcursos.com.br\/blog\/reajuste-servidores-cancelado\/","name":"Reajuste de servidores foi cancelado? Entenda!","isPartOf":{"@id":"https:\/\/www.estrategiaconcursos.com.br\/blog\/#website"},"primaryImageOfPage":{"@id":"https:\/\/www.estrategiaconcursos.com.br\/blog\/reajuste-servidores-cancelado\/#primaryimage"},"image":{"@id":"https:\/\/www.estrategiaconcursos.com.br\/blog\/reajuste-servidores-cancelado\/#primaryimage"},"thumbnailUrl":"https:\/\/dhg1h5j42swfq.cloudfront.net\/2022\/06\/08114035\/bolsonaro-guedes.webp","datePublished":"2022-06-14T14:40:00+00:00","dateModified":"2022-06-15T11:25:55+00:00","description":"Cancelamento do reajuste dos servidores: Governo avalia dobrar o valor do aux\u00edlio alimenta\u00e7\u00e3o de servidores do Executivo Federal. Veja!","breadcrumb":{"@id":"https:\/\/www.estrategiaconcursos.com.br\/blog\/reajuste-servidores-cancelado\/#breadcrumb"},"inLanguage":"pt-BR","potentialAction":[{"@type":"ReadAction","target":["https:\/\/www.estrategiaconcursos.com.br\/blog\/reajuste-servidores-cancelado\/"]}]},{"@type":"ImageObject","inLanguage":"pt-BR","@id":"https:\/\/www.estrategiaconcursos.com.br\/blog\/reajuste-servidores-cancelado\/#primaryimage","url":"https:\/\/dhg1h5j42swfq.cloudfront.net\/2022\/06\/08114035\/bolsonaro-guedes.webp","contentUrl":"https:\/\/dhg1h5j42swfq.cloudfront.net\/2022\/06\/08114035\/bolsonaro-guedes.webp","width":1920,"height":1280,"caption":"Reajuste servidores cancelado"},{"@type":"BreadcrumbList","@id":"https:\/\/www.estrategiaconcursos.com.br\/blog\/reajuste-servidores-cancelado\/#breadcrumb","itemListElement":[{"@type":"ListItem","position":1,"name":"In\u00edcio","item":"https:\/\/www.estrategiaconcursos.com.br\/blog\/"},{"@type":"ListItem","position":2,"name":"Reajuste de servidores foi cancelado? Entenda!"}]},{"@type":"WebSite","@id":"https:\/\/www.estrategiaconcursos.com.br\/blog\/#website","url":"https:\/\/www.estrategiaconcursos.com.br\/blog\/","name":"Estrat\u00e9gia Concursos","description":"O blog da Estrat\u00e9gia Concursos traz not\u00edcias sobre concursos e artigos de professores oferecendo cursos para concursos (pdf + videaulas) no site.","publisher":{"@id":"https:\/\/www.estrategiaconcursos.com.br\/blog\/#organization"},"potentialAction":[{"@type":"SearchAction","target":{"@type":"EntryPoint","urlTemplate":"https:\/\/www.estrategiaconcursos.com.br\/blog\/?s={search_term_string}"},"query-input":{"@type":"PropertyValueSpecification","valueRequired":true,"valueName":"search_term_string"}}],"inLanguage":"pt-BR"},{"@type":"Organization","@id":"https:\/\/www.estrategiaconcursos.com.br\/blog\/#organization","name":"Estrat\u00e9gia Concursos","url":"https:\/\/www.estrategiaconcursos.com.br\/blog\/","logo":{"@type":"ImageObject","inLanguage":"pt-BR","@id":"https:\/\/www.estrategiaconcursos.com.br\/blog\/#\/schema\/logo\/image\/","url":"https:\/\/dhg1h5j42swfq.cloudfront.net\/2025\/06\/03203428\/logo_concursos-1.jpg","contentUrl":"https:\/\/dhg1h5j42swfq.cloudfront.net\/2025\/06\/03203428\/logo_concursos-1.jpg","width":230,"height":60,"caption":"Estrat\u00e9gia Concursos"},"image":{"@id":"https:\/\/www.estrategiaconcursos.com.br\/blog\/#\/schema\/logo\/image\/"},"sameAs":["https:\/\/x.com\/EstratConcursos"]},{"@type":"Person","@id":"https:\/\/www.estrategiaconcursos.com.br\/blog\/#\/schema\/person\/9b94727dcf4410f4a7931c83966c843b","name":"Let\u00edcia Teixeira","image":{"@type":"ImageObject","inLanguage":"pt-BR","@id":"https:\/\/secure.gravatar.com\/avatar\/fb589b06b881e20b676d08f9d03226d1e3291ba2f90e751ddc9ccb21abf0244d?s=96&d=mm&r=g","url":"https:\/\/secure.gravatar.com\/avatar\/fb589b06b881e20b676d08f9d03226d1e3291ba2f90e751ddc9ccb21abf0244d?s=96&d=mm&r=g","contentUrl":"https:\/\/secure.gravatar.com\/avatar\/fb589b06b881e20b676d08f9d03226d1e3291ba2f90e751ddc9ccb21abf0244d?s=96&d=mm&r=g","caption":"Let\u00edcia Teixeira"},"description":"Jornalista com experi\u00eancia de mais de quatro anos no segmento de concursos p\u00fablicos. Especializada em Narrativa Transm\u00eddia e Storytelling pela Universidade Cat\u00f3lica de Bras\u00edlia, com atua\u00e7\u00e3o nas \u00e1reas de SEO, conte\u00fado, Webwriting e Copywriting.","url":"https:\/\/www.estrategiaconcursos.com.br\/blog\/author\/leticia-teixeiraestrategia-com\/"}]}},"_links":{"self":[{"href":"https:\/\/www.estrategiaconcursos.com.br\/blog\/wp-json\/wp\/v2\/posts\/1041703","targetHints":{"allow":["GET"]}}],"collection":[{"href":"https:\/\/www.estrategiaconcursos.com.br\/blog\/wp-json\/wp\/v2\/posts"}],"about":[{"href":"https:\/\/www.estrategiaconcursos.com.br\/blog\/wp-json\/wp\/v2\/types\/post"}],"author":[{"embeddable":true,"href":"https:\/\/www.estrategiaconcursos.com.br\/blog\/wp-json\/wp\/v2\/users\/2319"}],"replies":[{"embeddable":true,"href":"https:\/\/www.estrategiaconcursos.com.br\/blog\/wp-json\/wp\/v2\/comments?post=1041703"}],"version-history":[{"count":12,"href":"https:\/\/www.estrategiaconcursos.com.br\/blog\/wp-json\/wp\/v2\/posts\/1041703\/revisions"}],"predecessor-version":[{"id":1045494,"href":"https:\/\/www.estrategiaconcursos.com.br\/blog\/wp-json\/wp\/v2\/posts\/1041703\/revisions\/1045494"}],"wp:featuredmedia":[{"embeddable":true,"href":"https:\/\/www.estrategiaconcursos.com.br\/blog\/wp-json\/wp\/v2\/media\/1041717"}],"wp:attachment":[{"href":"https:\/\/www.estrategiaconcursos.com.br\/blog\/wp-json\/wp\/v2\/media?parent=1041703"}],"wp:term":[{"taxonomy":"category","embeddable":true,"href":"https:\/\/www.estrategiaconcursos.com.br\/blog\/wp-json\/wp\/v2\/categories?post=1041703"},{"taxonomy":"post_tag","embeddable":true,"href":"https:\/\/www.estrategiaconcursos.com.br\/blog\/wp-json\/wp\/v2\/tags?post=1041703"},{"taxonomy":"tax_estado","embeddable":true,"href":"https:\/\/www.estrategiaconcursos.com.br\/blog\/wp-json\/wp\/v2\/tax_estado?post=1041703"}],"curies":[{"name":"wp","href":"https:\/\/api.w.org\/{rel}","templated":true}]}}