{"id":1041036,"date":"2022-06-08T19:00:00","date_gmt":"2022-06-08T22:00:00","guid":{"rendered":"https:\/\/www.estrategiaconcursos.com.br\/blog\/?p=1041036"},"modified":"2023-03-03T07:50:56","modified_gmt":"2023-03-03T10:50:56","slug":"monitoria-sefaz-mt-a-partir-do-dia-08-06","status":"publish","type":"post","link":"https:\/\/www.estrategiaconcursos.com.br\/blog\/monitoria-sefaz-mt-a-partir-do-dia-08-06\/","title":{"rendered":"Monitoria Sefaz MT: a partir do dia 08\/06!"},"content":{"rendered":"\n<p>Com comiss\u00e3o formada e sal\u00e1rios que ultrapassam os R$ 26 mil, o <strong>concurso Sefaz MT<\/strong> \u00e9 um atrativo para aqueles que almejam o cargo de <strong>Fiscal de Tributos Estaduais<\/strong>.<\/p>\n\n\n\n<p>E para te ajudar a estudar da maneira mais eficiente, o Estrat\u00e9gia realiza a <strong><a href=\"https:\/\/youtu.be\/qFBM707wJjU\" target=\"_blank\" rel=\"noreferrer noopener\">Monitoria Sefaz MT<\/a><\/strong>. A partir do dia <strong>08 de junho<\/strong>, voc\u00ea ter\u00e1 5 aulas focadas no certame.<\/p>\n\n\n\n<p>Confira a programa\u00e7\u00e3o abaixo:<\/p>\n\n\n\n<ul class=\"wp-block-list\">\n<li><strong>08\/06, \u00e0s 20h<\/strong>: <em>dicas para seguir a trilha estrat\u00e9gica pr\u00e9-edital em alto desempenho<\/em> com Douglas Dantas;<\/li>\n\n\n\n<li><strong>22\/06, \u00e0s 20h<\/strong>: &nbsp;<em>como montar um plano de estudos pr\u00e9-edital para a Sefaz MT<\/em> com Douglas Dantas;<\/li>\n\n\n\n<li><strong>06\/07, \u00e0s 18h:<\/strong> <em>como conciliar o estudo para a Sefaz MT com outros concursos de fiscos em 2022<\/em> com Eduardo Mendon\u00e7a;<\/li>\n\n\n\n<li><strong>20\/07, \u00e0s 20h:<\/strong> <em>tira-d\u00favidas trilha estrat\u00e9gica<\/em>&nbsp;com Douglas Dantas;<\/li>\n\n\n\n<li><strong>10\/08, \u00e0s 18h: <\/strong><em>alunos avan\u00e7ados: como continuar evoluindo nos estudos?<\/em> com Eduardo Mendon\u00e7a. <\/li>\n<\/ul>\n\n\n\n<p class=\"has-text-align-center has-background has-medium-font-size\" style=\"background-color:#dbdfe2\"><strong>Mais informa\u00e7\u00f5es: <a href=\"https:\/\/www.estrategiaconcursos.com.br\/blog\/concurso-sefaz-mt\/\" target=\"_blank\" rel=\"noreferrer noopener\">Concurso Secretaria da Fazenda MT<\/a><\/strong><\/p>\n\n\n\n<hr class=\"wp-block-separator has-css-opacity\"\/>\n\n\n\n<h2 class=\"has-text-align-center wp-block-heading\" id=\"assinatura-e-cursos\"><em>Quer estudar para o concurso Sefaz MT?<\/em><\/h2>\n\n\n\n<div class=\"container\" id=\"boxes\">\n  <div class=\"row\">\n\n    <div class=\"col-sm\">\n      <div class=\"banner-fiscal-01\" id=\"box-assinatura\">\n        <h3 class=\"titulo-assinatura\">Carreiras Fiscais<\/h3>\n        <p class=\"subtitulo-assinatura\">Conhe\u00e7a os cursos para Sefaz MT<\/p>\n        <div class=\"box-botao\">\n          <a class=\"btn-assinatura\" target=\"_blank\" href=\"https:\/\/www.estrategiaconcursos.com.br\/cursosPorConcurso\/secretaria-da-fazenda-do-mato-grosso-sefaz-mt\/\" role=\"button\" rel=\"noopener noreferrer\">Conhe\u00e7a mais<\/a>\n        <\/div>\n      <\/div>\n     \n    <\/div>\n\n  <\/div>\n<\/div>\n\n\n\n<div class=\"container\" id=\"boxes\">\n  <div class=\"row\">\n\n    <div class=\"col-sm\">\n      <div class=\"estrategia\" id=\"box-assinatura\">\n        <h3 class=\"titulo-assinatura\">Assinatura Concursos<\/h3>\n        <p class=\"subtitulo-assinatura\">Assinatura de 1 ano ou 2 anos<\/p>\n        <div class=\"box-botao\">\n          <a class=\"btn-assinatura\" target=\"_blank\" href=\"https:\/\/www.estrategiaconcursos.com.br\/assinaturas\/\" role=\"button\" rel=\"noopener noreferrer\">ASSINE AGORA<\/a>\n        <\/div>\n      <\/div><\/div><\/div><\/div>\n\n\n\n<h2 class=\"has-text-align-center wp-block-heading\" id=\"h-quer-saber-tudo-sobre-concursos-previstos-confira-nossos-artigos\">Quer saber tudo sobre concursos previstos?<br \/>Confira nossos artigos!<\/h2>\n\n\n\n<ul class=\"wp-block-list\">\n<li><a href=\"https:\/\/www.estrategiaconcursos.com.br\/blog\/concursos-abertos\/\" target=\"_blank\" rel=\"noreferrer noopener\">Concursos abertos<\/a><\/li>\n\n\n\n<li><a href=\"https:\/\/www.estrategiaconcursos.com.br\/blog\/concursos-2022\/\" target=\"_blank\" rel=\"noreferrer noopener\">Concursos 2022<\/a><\/li>\n<\/ul>\n","protected":false},"excerpt":{"rendered":"<p>Com comiss\u00e3o formada e sal\u00e1rios que ultrapassam os R$ 26 mil, o concurso Sefaz MT \u00e9 um atrativo para aqueles que almejam o cargo de Fiscal de Tributos Estaduais. E para te ajudar a estudar da maneira mais eficiente, o Estrat\u00e9gia realiza a Monitoria Sefaz MT. A partir do dia 08 de junho, voc\u00ea ter\u00e1 [&hellip;]<\/p>\n","protected":false},"author":1962,"featured_media":1041039,"comment_status":"open","ping_status":"closed","sticky":false,"template":"","format":"standard","meta":{"post_tipo":"news","footnotes":""},"categories":[1983,220219],"tags":[],"tax_estado":[219976],"class_list":["post-1041036","post","type-post","status-publish","format-standard","has-post-thumbnail","hentry","category-fiscal-estadual","category-noticias","tax_estado-mt"],"acf":[],"yoast_head":"<!-- This site is optimized with the Yoast SEO Premium plugin v27.2 (Yoast SEO v27.2) - https:\/\/yoast.com\/product\/yoast-seo-premium-wordpress\/ -->\n<title>Monitoria Sefaz MT: a partir do dia 08\/06!<\/title>\n<meta name=\"description\" content=\"Douglas Dantas e Eduardo Mendon\u00e7a ministram a Monitoria Sefaz MT para te ajudar a estudar da melhor forma. Confira a programa\u00e7\u00e3o!\" \/>\n<meta name=\"robots\" content=\"index, follow, max-snippet:-1, max-image-preview:large, max-video-preview:-1\" \/>\n<link rel=\"canonical\" href=\"https:\/\/www.estrategiaconcursos.com.br\/blog\/monitoria-sefaz-mt-a-partir-do-dia-08-06\/\" \/>\n<meta property=\"og:locale\" content=\"pt_BR\" \/>\n<meta property=\"og:type\" content=\"article\" \/>\n<meta property=\"og:title\" content=\"Monitoria Sefaz MT: a partir do dia 08\/06!\" \/>\n<meta property=\"og:description\" content=\"Douglas Dantas e Eduardo Mendon\u00e7a ministram a Monitoria Sefaz MT para te ajudar a estudar da melhor forma. Confira a programa\u00e7\u00e3o!\" \/>\n<meta property=\"og:url\" content=\"https:\/\/www.estrategiaconcursos.com.br\/blog\/monitoria-sefaz-mt-a-partir-do-dia-08-06\/\" \/>\n<meta property=\"og:site_name\" content=\"Estrat\u00e9gia Concursos\" \/>\n<meta property=\"article:published_time\" content=\"2022-06-08T22:00:00+00:00\" \/>\n<meta property=\"article:modified_time\" content=\"2023-03-03T10:50:56+00:00\" \/>\n<meta property=\"og:image\" content=\"https:\/\/dhg1h5j42swfq.cloudfront.net\/2022\/06\/07145631\/monitoria-sefaz-mt.jpg\" \/>\n\t<meta property=\"og:image:width\" content=\"841\" \/>\n\t<meta property=\"og:image:height\" content=\"375\" \/>\n\t<meta property=\"og:image:type\" content=\"image\/jpeg\" \/>\n<meta name=\"author\" content=\"Douglas Nunes Dantas\" \/>\n<meta name=\"twitter:card\" content=\"summary_large_image\" \/>\n<meta name=\"twitter:creator\" content=\"@EstratConcursos\" \/>\n<meta name=\"twitter:site\" content=\"@EstratConcursos\" \/>\n<meta name=\"twitter:label1\" content=\"Escrito por\" \/>\n\t<meta name=\"twitter:data1\" content=\"Douglas Nunes Dantas\" \/>\n\t<meta name=\"twitter:label2\" content=\"Est. tempo de leitura\" \/>\n\t<meta name=\"twitter:data2\" content=\"2 minutos\" \/>\n<script type=\"application\/ld+json\" class=\"yoast-schema-graph\">{\"@context\":\"https:\/\/schema.org\",\"@graph\":[{\"@type\":\"NewsArticle\",\"@id\":\"https:\/\/www.estrategiaconcursos.com.br\/blog\/monitoria-sefaz-mt-a-partir-do-dia-08-06\/#article\",\"isPartOf\":{\"@id\":\"https:\/\/www.estrategiaconcursos.com.br\/blog\/monitoria-sefaz-mt-a-partir-do-dia-08-06\/\"},\"author\":{\"name\":\"Douglas Nunes Dantas\",\"@id\":\"https:\/\/www.estrategiaconcursos.com.br\/blog\/#\/schema\/person\/b3eaee72e5a0aa24e00f1b0c326a7e19\"},\"headline\":\"Monitoria Sefaz MT: a partir do dia 08\/06!\",\"datePublished\":\"2022-06-08T22:00:00+00:00\",\"dateModified\":\"2023-03-03T10:50:56+00:00\",\"mainEntityOfPage\":{\"@id\":\"https:\/\/www.estrategiaconcursos.com.br\/blog\/monitoria-sefaz-mt-a-partir-do-dia-08-06\/\"},\"wordCount\":199,\"commentCount\":0,\"publisher\":{\"@id\":\"https:\/\/www.estrategiaconcursos.com.br\/blog\/#organization\"},\"image\":{\"@id\":\"https:\/\/www.estrategiaconcursos.com.br\/blog\/monitoria-sefaz-mt-a-partir-do-dia-08-06\/#primaryimage\"},\"thumbnailUrl\":\"https:\/\/dhg1h5j42swfq.cloudfront.net\/2022\/06\/07145631\/monitoria-sefaz-mt.jpg\",\"articleSection\":[\"Fiscal - Estadual (ICMS)\",\"\u00daltimas not\u00edcias\"],\"inLanguage\":\"pt-BR\",\"potentialAction\":[{\"@type\":\"CommentAction\",\"name\":\"Comment\",\"target\":[\"https:\/\/www.estrategiaconcursos.com.br\/blog\/monitoria-sefaz-mt-a-partir-do-dia-08-06\/#respond\"]}],\"copyrightYear\":\"2022\",\"copyrightHolder\":{\"@id\":\"https:\/\/www.estrategiaconcursos.com.br\/blog\/#organization\"}},{\"@type\":\"WebPage\",\"@id\":\"https:\/\/www.estrategiaconcursos.com.br\/blog\/monitoria-sefaz-mt-a-partir-do-dia-08-06\/\",\"url\":\"https:\/\/www.estrategiaconcursos.com.br\/blog\/monitoria-sefaz-mt-a-partir-do-dia-08-06\/\",\"name\":\"Monitoria Sefaz MT: a partir do dia 08\/06!\",\"isPartOf\":{\"@id\":\"https:\/\/www.estrategiaconcursos.com.br\/blog\/#website\"},\"primaryImageOfPage\":{\"@id\":\"https:\/\/www.estrategiaconcursos.com.br\/blog\/monitoria-sefaz-mt-a-partir-do-dia-08-06\/#primaryimage\"},\"image\":{\"@id\":\"https:\/\/www.estrategiaconcursos.com.br\/blog\/monitoria-sefaz-mt-a-partir-do-dia-08-06\/#primaryimage\"},\"thumbnailUrl\":\"https:\/\/dhg1h5j42swfq.cloudfront.net\/2022\/06\/07145631\/monitoria-sefaz-mt.jpg\",\"datePublished\":\"2022-06-08T22:00:00+00:00\",\"dateModified\":\"2023-03-03T10:50:56+00:00\",\"description\":\"Douglas Dantas e Eduardo Mendon\u00e7a ministram a Monitoria Sefaz MT para te ajudar a estudar da melhor forma. Confira a programa\u00e7\u00e3o!\",\"breadcrumb\":{\"@id\":\"https:\/\/www.estrategiaconcursos.com.br\/blog\/monitoria-sefaz-mt-a-partir-do-dia-08-06\/#breadcrumb\"},\"inLanguage\":\"pt-BR\",\"potentialAction\":[{\"@type\":\"ReadAction\",\"target\":[\"https:\/\/www.estrategiaconcursos.com.br\/blog\/monitoria-sefaz-mt-a-partir-do-dia-08-06\/\"]}]},{\"@type\":\"ImageObject\",\"inLanguage\":\"pt-BR\",\"@id\":\"https:\/\/www.estrategiaconcursos.com.br\/blog\/monitoria-sefaz-mt-a-partir-do-dia-08-06\/#primaryimage\",\"url\":\"https:\/\/dhg1h5j42swfq.cloudfront.net\/2022\/06\/07145631\/monitoria-sefaz-mt.jpg\",\"contentUrl\":\"https:\/\/dhg1h5j42swfq.cloudfront.net\/2022\/06\/07145631\/monitoria-sefaz-mt.jpg\",\"width\":841,\"height\":375},{\"@type\":\"BreadcrumbList\",\"@id\":\"https:\/\/www.estrategiaconcursos.com.br\/blog\/monitoria-sefaz-mt-a-partir-do-dia-08-06\/#breadcrumb\",\"itemListElement\":[{\"@type\":\"ListItem\",\"position\":1,\"name\":\"In\u00edcio\",\"item\":\"https:\/\/www.estrategiaconcursos.com.br\/blog\/\"},{\"@type\":\"ListItem\",\"position\":2,\"name\":\"Monitoria Sefaz MT: a partir do dia 08\/06!\"}]},{\"@type\":\"WebSite\",\"@id\":\"https:\/\/www.estrategiaconcursos.com.br\/blog\/#website\",\"url\":\"https:\/\/www.estrategiaconcursos.com.br\/blog\/\",\"name\":\"Estrat\u00e9gia Concursos\",\"description\":\"O blog da Estrat\u00e9gia Concursos traz not\u00edcias sobre concursos e artigos de professores oferecendo cursos para concursos (pdf + videaulas) no site.\",\"publisher\":{\"@id\":\"https:\/\/www.estrategiaconcursos.com.br\/blog\/#organization\"},\"potentialAction\":[{\"@type\":\"SearchAction\",\"target\":{\"@type\":\"EntryPoint\",\"urlTemplate\":\"https:\/\/www.estrategiaconcursos.com.br\/blog\/?s={search_term_string}\"},\"query-input\":{\"@type\":\"PropertyValueSpecification\",\"valueRequired\":true,\"valueName\":\"search_term_string\"}}],\"inLanguage\":\"pt-BR\"},{\"@type\":\"Organization\",\"@id\":\"https:\/\/www.estrategiaconcursos.com.br\/blog\/#organization\",\"name\":\"Estrat\u00e9gia Concursos\",\"url\":\"https:\/\/www.estrategiaconcursos.com.br\/blog\/\",\"logo\":{\"@type\":\"ImageObject\",\"inLanguage\":\"pt-BR\",\"@id\":\"https:\/\/www.estrategiaconcursos.com.br\/blog\/#\/schema\/logo\/image\/\",\"url\":\"https:\/\/dhg1h5j42swfq.cloudfront.net\/2025\/06\/03203428\/logo_concursos-1.jpg\",\"contentUrl\":\"https:\/\/dhg1h5j42swfq.cloudfront.net\/2025\/06\/03203428\/logo_concursos-1.jpg\",\"width\":230,\"height\":60,\"caption\":\"Estrat\u00e9gia Concursos\"},\"image\":{\"@id\":\"https:\/\/www.estrategiaconcursos.com.br\/blog\/#\/schema\/logo\/image\/\"},\"sameAs\":[\"https:\/\/x.com\/EstratConcursos\"]},{\"@type\":\"Person\",\"@id\":\"https:\/\/www.estrategiaconcursos.com.br\/blog\/#\/schema\/person\/b3eaee72e5a0aa24e00f1b0c326a7e19\",\"name\":\"Douglas Nunes Dantas\",\"image\":{\"@type\":\"ImageObject\",\"inLanguage\":\"pt-BR\",\"@id\":\"https:\/\/secure.gravatar.com\/avatar\/9b9ea86959920727def7e19d0c6a78bfc9484f7dd07e5a7b6fb4665ffc45b603?s=96&d=mm&r=g\",\"url\":\"https:\/\/secure.gravatar.com\/avatar\/9b9ea86959920727def7e19d0c6a78bfc9484f7dd07e5a7b6fb4665ffc45b603?s=96&d=mm&r=g\",\"contentUrl\":\"https:\/\/secure.gravatar.com\/avatar\/9b9ea86959920727def7e19d0c6a78bfc9484f7dd07e5a7b6fb4665ffc45b603?s=96&d=mm&r=g\",\"caption\":\"Douglas Nunes Dantas\"},\"url\":\"https:\/\/www.estrategiaconcursos.com.br\/blog\/author\/douglas-2478gmail-com\/\"}]}<\/script>\n<!-- \/ Yoast SEO Premium plugin. -->","yoast_head_json":{"title":"Monitoria Sefaz MT: a partir do dia 08\/06!","description":"Douglas Dantas e Eduardo Mendon\u00e7a ministram a Monitoria Sefaz MT para te ajudar a estudar da melhor forma. Confira a programa\u00e7\u00e3o!","robots":{"index":"index","follow":"follow","max-snippet":"max-snippet:-1","max-image-preview":"max-image-preview:large","max-video-preview":"max-video-preview:-1"},"canonical":"https:\/\/www.estrategiaconcursos.com.br\/blog\/monitoria-sefaz-mt-a-partir-do-dia-08-06\/","og_locale":"pt_BR","og_type":"article","og_title":"Monitoria Sefaz MT: a partir do dia 08\/06!","og_description":"Douglas Dantas e Eduardo Mendon\u00e7a ministram a Monitoria Sefaz MT para te ajudar a estudar da melhor forma. Confira a programa\u00e7\u00e3o!","og_url":"https:\/\/www.estrategiaconcursos.com.br\/blog\/monitoria-sefaz-mt-a-partir-do-dia-08-06\/","og_site_name":"Estrat\u00e9gia Concursos","article_published_time":"2022-06-08T22:00:00+00:00","article_modified_time":"2023-03-03T10:50:56+00:00","og_image":[{"width":841,"height":375,"url":"https:\/\/dhg1h5j42swfq.cloudfront.net\/2022\/06\/07145631\/monitoria-sefaz-mt.jpg","type":"image\/jpeg"}],"author":"Douglas Nunes Dantas","twitter_card":"summary_large_image","twitter_creator":"@EstratConcursos","twitter_site":"@EstratConcursos","twitter_misc":{"Escrito por":"Douglas Nunes Dantas","Est. tempo de leitura":"2 minutos"},"schema":{"@context":"https:\/\/schema.org","@graph":[{"@type":"NewsArticle","@id":"https:\/\/www.estrategiaconcursos.com.br\/blog\/monitoria-sefaz-mt-a-partir-do-dia-08-06\/#article","isPartOf":{"@id":"https:\/\/www.estrategiaconcursos.com.br\/blog\/monitoria-sefaz-mt-a-partir-do-dia-08-06\/"},"author":{"name":"Douglas Nunes Dantas","@id":"https:\/\/www.estrategiaconcursos.com.br\/blog\/#\/schema\/person\/b3eaee72e5a0aa24e00f1b0c326a7e19"},"headline":"Monitoria Sefaz MT: a partir do dia 08\/06!","datePublished":"2022-06-08T22:00:00+00:00","dateModified":"2023-03-03T10:50:56+00:00","mainEntityOfPage":{"@id":"https:\/\/www.estrategiaconcursos.com.br\/blog\/monitoria-sefaz-mt-a-partir-do-dia-08-06\/"},"wordCount":199,"commentCount":0,"publisher":{"@id":"https:\/\/www.estrategiaconcursos.com.br\/blog\/#organization"},"image":{"@id":"https:\/\/www.estrategiaconcursos.com.br\/blog\/monitoria-sefaz-mt-a-partir-do-dia-08-06\/#primaryimage"},"thumbnailUrl":"https:\/\/dhg1h5j42swfq.cloudfront.net\/2022\/06\/07145631\/monitoria-sefaz-mt.jpg","articleSection":["Fiscal - Estadual (ICMS)","\u00daltimas not\u00edcias"],"inLanguage":"pt-BR","potentialAction":[{"@type":"CommentAction","name":"Comment","target":["https:\/\/www.estrategiaconcursos.com.br\/blog\/monitoria-sefaz-mt-a-partir-do-dia-08-06\/#respond"]}],"copyrightYear":"2022","copyrightHolder":{"@id":"https:\/\/www.estrategiaconcursos.com.br\/blog\/#organization"}},{"@type":"WebPage","@id":"https:\/\/www.estrategiaconcursos.com.br\/blog\/monitoria-sefaz-mt-a-partir-do-dia-08-06\/","url":"https:\/\/www.estrategiaconcursos.com.br\/blog\/monitoria-sefaz-mt-a-partir-do-dia-08-06\/","name":"Monitoria Sefaz MT: a partir do dia 08\/06!","isPartOf":{"@id":"https:\/\/www.estrategiaconcursos.com.br\/blog\/#website"},"primaryImageOfPage":{"@id":"https:\/\/www.estrategiaconcursos.com.br\/blog\/monitoria-sefaz-mt-a-partir-do-dia-08-06\/#primaryimage"},"image":{"@id":"https:\/\/www.estrategiaconcursos.com.br\/blog\/monitoria-sefaz-mt-a-partir-do-dia-08-06\/#primaryimage"},"thumbnailUrl":"https:\/\/dhg1h5j42swfq.cloudfront.net\/2022\/06\/07145631\/monitoria-sefaz-mt.jpg","datePublished":"2022-06-08T22:00:00+00:00","dateModified":"2023-03-03T10:50:56+00:00","description":"Douglas Dantas e Eduardo Mendon\u00e7a ministram a Monitoria Sefaz MT para te ajudar a estudar da melhor forma. Confira a programa\u00e7\u00e3o!","breadcrumb":{"@id":"https:\/\/www.estrategiaconcursos.com.br\/blog\/monitoria-sefaz-mt-a-partir-do-dia-08-06\/#breadcrumb"},"inLanguage":"pt-BR","potentialAction":[{"@type":"ReadAction","target":["https:\/\/www.estrategiaconcursos.com.br\/blog\/monitoria-sefaz-mt-a-partir-do-dia-08-06\/"]}]},{"@type":"ImageObject","inLanguage":"pt-BR","@id":"https:\/\/www.estrategiaconcursos.com.br\/blog\/monitoria-sefaz-mt-a-partir-do-dia-08-06\/#primaryimage","url":"https:\/\/dhg1h5j42swfq.cloudfront.net\/2022\/06\/07145631\/monitoria-sefaz-mt.jpg","contentUrl":"https:\/\/dhg1h5j42swfq.cloudfront.net\/2022\/06\/07145631\/monitoria-sefaz-mt.jpg","width":841,"height":375},{"@type":"BreadcrumbList","@id":"https:\/\/www.estrategiaconcursos.com.br\/blog\/monitoria-sefaz-mt-a-partir-do-dia-08-06\/#breadcrumb","itemListElement":[{"@type":"ListItem","position":1,"name":"In\u00edcio","item":"https:\/\/www.estrategiaconcursos.com.br\/blog\/"},{"@type":"ListItem","position":2,"name":"Monitoria Sefaz MT: a partir do dia 08\/06!"}]},{"@type":"WebSite","@id":"https:\/\/www.estrategiaconcursos.com.br\/blog\/#website","url":"https:\/\/www.estrategiaconcursos.com.br\/blog\/","name":"Estrat\u00e9gia Concursos","description":"O blog da Estrat\u00e9gia Concursos traz not\u00edcias sobre concursos e artigos de professores oferecendo cursos para concursos (pdf + videaulas) no site.","publisher":{"@id":"https:\/\/www.estrategiaconcursos.com.br\/blog\/#organization"},"potentialAction":[{"@type":"SearchAction","target":{"@type":"EntryPoint","urlTemplate":"https:\/\/www.estrategiaconcursos.com.br\/blog\/?s={search_term_string}"},"query-input":{"@type":"PropertyValueSpecification","valueRequired":true,"valueName":"search_term_string"}}],"inLanguage":"pt-BR"},{"@type":"Organization","@id":"https:\/\/www.estrategiaconcursos.com.br\/blog\/#organization","name":"Estrat\u00e9gia Concursos","url":"https:\/\/www.estrategiaconcursos.com.br\/blog\/","logo":{"@type":"ImageObject","inLanguage":"pt-BR","@id":"https:\/\/www.estrategiaconcursos.com.br\/blog\/#\/schema\/logo\/image\/","url":"https:\/\/dhg1h5j42swfq.cloudfront.net\/2025\/06\/03203428\/logo_concursos-1.jpg","contentUrl":"https:\/\/dhg1h5j42swfq.cloudfront.net\/2025\/06\/03203428\/logo_concursos-1.jpg","width":230,"height":60,"caption":"Estrat\u00e9gia Concursos"},"image":{"@id":"https:\/\/www.estrategiaconcursos.com.br\/blog\/#\/schema\/logo\/image\/"},"sameAs":["https:\/\/x.com\/EstratConcursos"]},{"@type":"Person","@id":"https:\/\/www.estrategiaconcursos.com.br\/blog\/#\/schema\/person\/b3eaee72e5a0aa24e00f1b0c326a7e19","name":"Douglas Nunes Dantas","image":{"@type":"ImageObject","inLanguage":"pt-BR","@id":"https:\/\/secure.gravatar.com\/avatar\/9b9ea86959920727def7e19d0c6a78bfc9484f7dd07e5a7b6fb4665ffc45b603?s=96&d=mm&r=g","url":"https:\/\/secure.gravatar.com\/avatar\/9b9ea86959920727def7e19d0c6a78bfc9484f7dd07e5a7b6fb4665ffc45b603?s=96&d=mm&r=g","contentUrl":"https:\/\/secure.gravatar.com\/avatar\/9b9ea86959920727def7e19d0c6a78bfc9484f7dd07e5a7b6fb4665ffc45b603?s=96&d=mm&r=g","caption":"Douglas Nunes Dantas"},"url":"https:\/\/www.estrategiaconcursos.com.br\/blog\/author\/douglas-2478gmail-com\/"}]}},"_links":{"self":[{"href":"https:\/\/www.estrategiaconcursos.com.br\/blog\/wp-json\/wp\/v2\/posts\/1041036","targetHints":{"allow":["GET"]}}],"collection":[{"href":"https:\/\/www.estrategiaconcursos.com.br\/blog\/wp-json\/wp\/v2\/posts"}],"about":[{"href":"https:\/\/www.estrategiaconcursos.com.br\/blog\/wp-json\/wp\/v2\/types\/post"}],"author":[{"embeddable":true,"href":"https:\/\/www.estrategiaconcursos.com.br\/blog\/wp-json\/wp\/v2\/users\/1962"}],"replies":[{"embeddable":true,"href":"https:\/\/www.estrategiaconcursos.com.br\/blog\/wp-json\/wp\/v2\/comments?post=1041036"}],"version-history":[{"count":5,"href":"https:\/\/www.estrategiaconcursos.com.br\/blog\/wp-json\/wp\/v2\/posts\/1041036\/revisions"}],"predecessor-version":[{"id":1180735,"href":"https:\/\/www.estrategiaconcursos.com.br\/blog\/wp-json\/wp\/v2\/posts\/1041036\/revisions\/1180735"}],"wp:featuredmedia":[{"embeddable":true,"href":"https:\/\/www.estrategiaconcursos.com.br\/blog\/wp-json\/wp\/v2\/media\/1041039"}],"wp:attachment":[{"href":"https:\/\/www.estrategiaconcursos.com.br\/blog\/wp-json\/wp\/v2\/media?parent=1041036"}],"wp:term":[{"taxonomy":"category","embeddable":true,"href":"https:\/\/www.estrategiaconcursos.com.br\/blog\/wp-json\/wp\/v2\/categories?post=1041036"},{"taxonomy":"post_tag","embeddable":true,"href":"https:\/\/www.estrategiaconcursos.com.br\/blog\/wp-json\/wp\/v2\/tags?post=1041036"},{"taxonomy":"tax_estado","embeddable":true,"href":"https:\/\/www.estrategiaconcursos.com.br\/blog\/wp-json\/wp\/v2\/tax_estado?post=1041036"}],"curies":[{"name":"wp","href":"https:\/\/api.w.org\/{rel}","templated":true}]}}