{"id":1041002,"date":"2022-06-10T18:00:00","date_gmt":"2022-06-10T21:00:00","guid":{"rendered":"https:\/\/www.estrategiaconcursos.com.br\/blog\/?p=1041002"},"modified":"2022-06-17T08:51:36","modified_gmt":"2022-06-17T11:51:36","slug":"concurso-publico-editais-da-semana-06-a-10-06","status":"publish","type":"post","link":"https:\/\/www.estrategiaconcursos.com.br\/blog\/concurso-publico-editais-da-semana-06-a-10-06\/","title":{"rendered":"Concurso P\u00fablico: 24 editais esta semana; Mais de 51 mil vagas"},"content":{"rendered":"\n<p>Semana chegando ao fim com a publica\u00e7\u00e3o de <strong>24 editais<\/strong> de concursos p\u00fablicos e processos seletivos.<\/p>\n\n\n\n<p>O destaque da semana vai para o edital complementar do <strong>IBGE<\/strong>, que veio com mais de <strong>48 mil vagas<\/strong> para a fun\u00e7\u00e3o de <strong>Recenseador<\/strong>.<\/p>\n\n\n\n<p>A avalia\u00e7\u00e3o dos candidatos ser\u00e1 feita somente por titula\u00e7\u00e3o e as inscri\u00e7\u00f5es terminam j\u00e1 na pr\u00f3xima semana.<\/p>\n\n\n\n<p>E nesta sexta-feira, foi publicado o edital para o <strong>Tribunal Regional do Trabalho de Alagoas<\/strong> (TRT AL), com vagas para Analista e T\u00e9cnico Judici\u00e1rio.<\/p>\n\n\n\n<p>Quer ficar informado sobre TODOS os <a href=\"https:\/\/www.estrategiaconcursos.com.br\/blog\/concursos-abertos\/\" target=\"_blank\" rel=\"noreferrer noopener\">novos editais de concursos<\/a> publicados nos \u00faltimos dias? <em><strong>Confira mais informa\u00e7\u00f5es ao longo deste artigo!<\/strong><\/em>  <\/p>\n\n\n\n<div class=\"container\" id=\"boxes\">\n  <div class=\"row\">\n\n    <div class=\"col-sm\">\n      <div class=\"banner-estrategia\" id=\"box-assinatura\">\n        <h3 class=\"titulo-assinatura\">Cursos para concursos<\/h3>\n        <p class=\"subtitulo-assinatura\">Estude conosco<\/p>\n        <div class=\"box-botao\">\n          <a class=\"btn-assinatura\" target=\"_blank\" href=\"https:\/\/www.estrategiaconcursos.com.br\/cursos\/\" role=\"button\" rel=\"noopener noreferrer\">Conhe\u00e7a os cursos<\/a>\n        <\/div>\n      <\/div>\n     \n    <\/div>\n\n  <\/div>\n<\/div>\n\n\n\n<h2 class=\"has-text-align-center has-cyan-bluish-gray-background-color has-background wp-block-heading\" id=\"h-confira-os-editais-de-concursos-publicados-nesta-semana\">Confira os editais de concursos publicados nesta semana:<\/h2>\n\n\n\n<h3 class=\"wp-block-heading\" id=\"h-concurso-trt-al\"><a href=\"https:\/\/www.estrategiaconcursos.com.br\/blog\/concurso-trt-al\/\" target=\"_blank\" rel=\"noreferrer noopener\">Concurso TRT AL<\/a><\/h3>\n\n\n\n<ul class=\"wp-block-list\"><li><strong>Banca:<\/strong> <a href=\"https:\/\/www.concursosfcc.com.br\/concursos\/trt19122\/index.html\" target=\"_blank\" rel=\"noreferrer noopener\">FCC<\/a><\/li><li><strong>Per\u00edodo de inscri\u00e7\u00f5es<\/strong>: 13\/06 a 06\/07\/2022<\/li><li><strong>Data da prova<\/strong>: 14\/08\/2022<\/li><li><strong>Vagas:<\/strong> 08 + CR<\/li><li><strong>Cargos:<\/strong>&nbsp;T\u00e9cnico Judici\u00e1rio e Analista Judici\u00e1rio<\/li><li><strong>Remunera\u00e7\u00e3o<\/strong>: R$ 7.591,37 a R$ 12.455,30<\/li><li><strong>Edital:<\/strong> <a href=\"https:\/\/dhg1h5j42swfq.cloudfront.net\/2022\/06\/10084404\/edital_de_abertura_trt19_09_06_2022_versao_publicacao.pdf\" target=\"_blank\" rel=\"noreferrer noopener nofollow\">Edital TRT AL<\/a><\/li><li><a href=\"https:\/\/www.estrategiaconcursos.com.br\/cursosPorConcurso\/tj-pi-tribunal-de-justica-do-piaui-430\/\" target=\"_blank\" rel=\"noreferrer noopener\">Cursos TRT AL<\/a><\/li><\/ul>\n\n\n\n<h3 class=\"wp-block-heading\" id=\"h-concurso-tj-pi\"><a href=\"https:\/\/www.estrategiaconcursos.com.br\/blog\/concurso-tj-pi\/\" target=\"_blank\" rel=\"noreferrer noopener\">Concurso TJ PI<\/a><\/h3>\n\n\n\n<ul class=\"wp-block-list\"><li><strong>Banca:<\/strong> <a href=\"http:\/\/concurso.idecan.org.br\/Concurso.aspx?ID=52\" target=\"_blank\" rel=\"noreferrer noopener\">Idecan<\/a><\/li><li><strong>Per\u00edodo de inscri\u00e7\u00f5es<\/strong>: at\u00e9 11\/07\/2022<\/li><li><strong>Data da prova<\/strong>: 10 e 11\/09\/2022<\/li><li><strong>Vagas:<\/strong> 80 + CR<\/li><li><strong>Cargos:<\/strong>&nbsp;Analista Judici\u00e1rio<\/li><li><strong>Remunera\u00e7\u00e3o<\/strong>: R$ 10.064,54 <\/li><li><strong>Edital:<\/strong> <a href=\"https:\/\/dhg1h5j42swfq.cloudfront.net\/2022\/06\/06205439\/edital-tj-pi.pdf\" target=\"_blank\" rel=\"noreferrer noopener nofollow\">Edital TJ PI 2022<\/a><\/li><li><a href=\"https:\/\/www.estrategiaconcursos.com.br\/cursosPorConcurso\/tj-pi-tribunal-de-justica-do-piaui-430\/\" target=\"_blank\" rel=\"noreferrer noopener\">Cursos TJ PI<\/a><\/li><\/ul>\n\n\n\n<h3 class=\"wp-block-heading\" id=\"h-concurso-mp-go\"><a href=\"https:\/\/www.estrategiaconcursos.com.br\/blog\/concurso-mp-go\/\" target=\"_blank\" rel=\"noreferrer noopener\">Concurso MP GO<\/a><\/h3>\n\n\n\n<ul class=\"wp-block-list\"><li><strong>Banca:<\/strong> <a href=\"https:\/\/www.mpgo.mp.br\/coliseu\" target=\"_blank\" rel=\"noreferrer noopener\">organiza\u00e7\u00e3o pr\u00f3pria<\/a><\/li><li><strong>Per\u00edodo de inscri\u00e7\u00f5es<\/strong>: at\u00e9 08\/07\/2022<\/li><li><strong>Data da prova<\/strong>: a definir<\/li><li><strong>Vagas:<\/strong> 04<\/li><li><strong>Cargo:<\/strong>&nbsp;Secret\u00e1rio Auxiliar e Oficial de Promotoria<\/li><li><strong>Remunera\u00e7\u00e3o<\/strong>: R$ 3.549,56<\/li><li><strong>Edital:<\/strong> <a href=\"https:\/\/dhg1h5j42swfq.cloudfront.net\/2022\/06\/08210216\/edital-mp-go-1.pdf\" target=\"_blank\" rel=\"noreferrer noopener nofollow\">MPGO 2022.1<\/a><\/li><li><a href=\"https:\/\/www.estrategiaconcursos.com.br\/cursosPorConcurso\/mp-go-182\/\" target=\"_blank\" rel=\"noreferrer noopener\">Cursos MP GO<\/a><\/li><\/ul>\n\n\n\n<h3 class=\"wp-block-heading\" id=\"h-concurso-pge-pa-procurador\"><a href=\"https:\/\/cj.estrategia.com\/portal\/concurso-pge-pa-procurador\/\" target=\"_blank\" rel=\"noreferrer noopener\">Concurso PGE PA Procurador<\/a><\/h3>\n\n\n\n<ul class=\"wp-block-list\"><li><strong>Banca:<\/strong> <a href=\"https:\/\/www.cebraspe.org.br\/concursos\/PGE_PA_22_PROCURADOR\" target=\"_blank\" rel=\"noreferrer noopener\">Cebraspe<\/a><\/li><li><strong>Per\u00edodo de inscri\u00e7\u00f5es<\/strong>: 13\/06 a 01\/07\/2022<\/li><li><strong>Data da prova<\/strong>: 17 e 18\/09\/2022<\/li><li><strong>Vagas:<\/strong> 10<\/li><li><strong>Cargo:<\/strong>&nbsp;Procurador do Estado<\/li><li><strong>Remunera\u00e7\u00e3o<\/strong>: R$ 10.533,99<\/li><li><strong>Edital:<\/strong> <a href=\"https:\/\/dhg1h5j42swfq.cloudfront.net\/2022\/06\/08110050\/ed_1_pge_pa_procurador_22_abertura.pdf\" target=\"_blank\" rel=\"noreferrer noopener nofollow\">PGE PA Procurador<\/a><\/li><li><a href=\"https:\/\/www.estrategiaconcursos.com.br\/cursosPorConcurso\/pge-pa-procurador-do-estado-do-para\/\" target=\"_blank\" rel=\"noreferrer noopener\">Cursos PGE PA<\/a><\/li><\/ul>\n\n\n\n<h3 class=\"wp-block-heading\" id=\"h-concurso-pm-es\"><a href=\"https:\/\/www.estrategiaconcursos.com.br\/blog\/concurso-pm-es\/\" target=\"_blank\" rel=\"noreferrer noopener\">Concurso PM ES<\/a><\/h3>\n\n\n\n<ul class=\"wp-block-list\"><li><strong>Banca:<\/strong> <a href=\"https:\/\/www.institutoaocp.org.br\/index.html\" target=\"_blank\" rel=\"noreferrer noopener\">Instituto AOCP<\/a><\/li><li><strong>Per\u00edodo de inscri\u00e7\u00f5es<\/strong>: at\u00e9 07\/07\/2022<\/li><li><strong>Data da prova<\/strong>: 21\/08\/2022<\/li><li><strong>Vagas:<\/strong> 1.052<\/li><li><strong>Cargos:<\/strong>&nbsp;Soldados, Auxiliares de Sa\u00fade e M\u00fasicos<\/li><li><strong>Remunera\u00e7\u00e3o<\/strong>: R$ 3.735,79<\/li><li><strong>Editais:<\/strong> <a href=\"https:\/\/dhg1h5j42swfq.cloudfront.net\/2022\/06\/07143854\/sodla.pdf\" target=\"_blank\" rel=\"noreferrer noopener nofollow\">Soldado<\/a>&nbsp;|&nbsp;<a href=\"https:\/\/dhg1h5j42swfq.cloudfront.net\/2022\/06\/07143846\/mus.pdf\" target=\"_blank\" rel=\"noreferrer noopener nofollow\">M\u00fasico<\/a>&nbsp;|&nbsp;<a href=\"https:\/\/dhg1h5j42swfq.cloudfront.net\/2022\/06\/07143849\/saud.pdf\" target=\"_blank\" rel=\"noreferrer noopener nofollow\">Auxiliar Sa\u00fade<\/a><\/li><li><a href=\"https:\/\/www.estrategiaconcursos.com.br\/cursosPorConcurso\/policia-militar-do-espirito-santo-pm-es\/\" target=\"_blank\" rel=\"noreferrer noopener\">Cursos PM ES<\/a><\/li><\/ul>\n\n\n\n<h3 class=\"wp-block-heading\" id=\"h-concurso-camara-de-fernandopolis-sp\"><a href=\"https:\/\/www.estrategiaconcursos.com.br\/blog\/concurso-camara-de-fernandopolis\/\" target=\"_blank\" rel=\"noreferrer noopener\">Concurso C\u00e2mara de Fernand\u00f3polis<\/a> (SP)<\/h3>\n\n\n\n<ul class=\"wp-block-list\"><li><strong>Banca:<\/strong> <a href=\"https:\/\/www.vunesp.com.br\/CMFE2001\" target=\"_blank\" rel=\"noreferrer noopener\">Vunesp<\/a><\/li><li><strong>Per\u00edodo de inscri\u00e7\u00f5es<\/strong>: 14\/06 a 18\/07\/2022<\/li><li><strong>Data da prova<\/strong>: 28\/08\/2022<\/li><li><strong>Vagas:<\/strong> 06 + CR<\/li><li><strong>Cargos:<\/strong>&nbsp;V\u00e1rios<\/li><li><strong>Remunera\u00e7\u00e3o<\/strong>: R$ 2.380,31 a R$ 5.138,91<\/li><li><strong>Edital:<\/strong> <a href=\"https:\/\/dhg1h5j42swfq.cloudfront.net\/2022\/06\/07144102\/fern.pdf\" target=\"_blank\" rel=\"noreferrer noopener nofollow\">Edital Fernand\u00f3polis<\/a><\/li><\/ul>\n\n\n\n<h3 class=\"wp-block-heading\" id=\"h-concurso-cffa\"><a href=\"https:\/\/www.estrategiaconcursos.com.br\/blog\/concurso-cffa\/\" target=\"_blank\" rel=\"noreferrer noopener\">Concurso CFFA<\/a><\/h3>\n\n\n\n<ul class=\"wp-block-list\"><li><strong>Banca:<\/strong>&nbsp;<a href=\"http:\/\/www.quadrix.org.br\/todos-os-concursos\/inscricoes-abertas\/cffa-2021.aspx\" target=\"_blank\" rel=\"noreferrer noopener\">Quadrix<\/a><\/li><li><strong>Per\u00edodo de inscri\u00e7\u00f5es<\/strong>: at\u00e9 11\/07\/2022<\/li><li><strong>Data da prova<\/strong>: 14\/08\/2022<\/li><li><strong>Vagas:<\/strong>&nbsp;04 + 96 CR<\/li><li><strong>Cargos:<\/strong>&nbsp;T\u00e9cnico Administrativo, Analista Administrativo, Analista Financeiro e Analista de TI<\/li><li><strong>Remunera\u00e7\u00e3o<\/strong>: R$ 2.214,47 a R$ 4.700,00<\/li><li><strong>Edital:<\/strong>&nbsp;<a href=\"https:\/\/dhg1h5j42swfq.cloudfront.net\/2022\/06\/06100610\/2_cffa_concurso_publico-_2022_edital_1.pdf\" target=\"_blank\" rel=\"noreferrer noopener nofollow\">Edital CFFA<\/a><\/li><li><a href=\"https:\/\/www.estrategiaconcursos.com.br\/cursosPorConcurso\/conselho-federal-de-fonoaudiologia-cffa\/\" target=\"_blank\" rel=\"noreferrer noopener\">Cursos para CFFA<\/a><\/li><\/ul>\n\n\n\n<h3 class=\"wp-block-heading\" id=\"h-concurso-crm-pi\"><a href=\"https:\/\/www.estrategiaconcursos.com.br\/blog\/concurso-crm-pi\/\" target=\"_blank\" rel=\"noreferrer noopener\">Concurso CRM PI<\/a><\/h3>\n\n\n\n<ul class=\"wp-block-list\"><li><strong>Banca:<\/strong>&nbsp;<a href=\"http:\/\/www.quadrix.org.br\/todos-os-concursos\/inscricoes-abertas\/crmpi2022.aspx\" target=\"_blank\" rel=\"noreferrer noopener\">Quadrix<\/a><\/li><li><strong>Per\u00edodo de inscri\u00e7\u00f5es<\/strong>: at\u00e9 11\/07\/2022<\/li><li><strong>Data da prova<\/strong>: 14\/08\/2022<\/li><li><strong>Vagas:<\/strong>&nbsp;02 + 68 CR<\/li><li><strong>Cargo:<\/strong>&nbsp;Assistente Administrativo<\/li><li><strong>Remunera\u00e7\u00e3o<\/strong>: R$ 1.523,51 + benef\u00edcios<\/li><li><strong>Edital:<\/strong>&nbsp;<a href=\"https:\/\/dhg1h5j42swfq.cloudfront.net\/2022\/06\/06090639\/1_crm-pi_concurso_publico-_2022_edital_1.pdf\" target=\"_blank\" rel=\"noreferrer noopener nofollow\">Edital CRM PI<\/a><\/li><li><a href=\"https:\/\/www.estrategiaconcursos.com.br\/cursosPorConcurso\/conselho-regional-de-medicina-do-estado-do-piaui-crm-pi\/\" target=\"_blank\" rel=\"noreferrer noopener\">Cursos CRM PI<\/a><\/li><\/ul>\n\n\n\n<h3 class=\"wp-block-heading\" id=\"h-concurso-prodesan-sp\"><a href=\"https:\/\/www.estrategiaconcursos.com.br\/blog\/concurso-prodesan\/\" target=\"_blank\" rel=\"noreferrer noopener\">Concurso Prodesan<\/a>&nbsp;(SP)<\/h3>\n\n\n\n<ul class=\"wp-block-list\"><li><strong>Banca:<\/strong>&nbsp;<a href=\"https:\/\/www.vunesp.com.br\/PDSA1901\" target=\"_blank\" rel=\"noreferrer noopener\">Vunesp<\/a><\/li><li><strong>Per\u00edodo de inscri\u00e7\u00f5es<\/strong>: 20\/06 a 28\/07\/2022<\/li><li><strong>Data da prova<\/strong>: 04\/09\/202<\/li><li><strong>Vagas:<\/strong>&nbsp;19 + CR<\/li><li><strong>Cargos:<\/strong>&nbsp;V\u00e1rios<\/li><li><strong>Remunera\u00e7\u00e3o<\/strong>: R$ 991,80 a R$ 5.901,47<\/li><li><strong>Edital:<\/strong>&nbsp;<a href=\"https:\/\/dhg1h5j42swfq.cloudfront.net\/2022\/06\/10085157\/sodapdf-splitted-do10062022-1.pdf\" target=\"_blank\" rel=\"noreferrer noopener nofollow\">Edital Prodesan 2022<\/a><\/li><\/ul>\n\n\n\n<h3 class=\"wp-block-heading\" id=\"h-concurso-sae-ourinhos-sp\"><a href=\"https:\/\/www.estrategiaconcursos.com.br\/blog\/concurso-sae-ourinhos\/\" target=\"_blank\" rel=\"noreferrer noopener\">Concurso SAE Ourinhos<\/a>&nbsp;(SP)<\/h3>\n\n\n\n<ul class=\"wp-block-list\"><li><strong>Banca:<\/strong>&nbsp;<a href=\"https:\/\/concursosrbo.com.br\/Projetos\/projeto-detalhes.aspx?id=ow2nyT1Qrto=\" target=\"_blank\" rel=\"noreferrer noopener\">RBO<\/a><\/li><li><strong>Per\u00edodo de inscri\u00e7\u00f5es<\/strong>: at\u00e9 24\/06\/2022<\/li><li><strong>Data da prova<\/strong>: 17\/07\/2022<\/li><li><strong>Vagas:<\/strong>&nbsp;02<\/li><li><strong>Cargos:<\/strong>&nbsp;Engenheiro Civil e T\u00e9cnico em Produ\u00e7\u00e3o e Distribui\u00e7\u00e3o de \u00c1gua<\/li><li><strong>Remunera\u00e7\u00e3o<\/strong>: R$ 3.157,00 e R$ 5.136,00<\/li><li><strong>Edital:<\/strong>&nbsp;<a href=\"https:\/\/dhg1h5j42swfq.cloudfront.net\/2022\/06\/06143109\/3059-tq0-1.pdf\" target=\"_blank\" rel=\"noreferrer noopener nofollow\">Edital SAE Ourinhos<\/a><\/li><\/ul>\n\n\n\n<h3 class=\"wp-block-heading\" id=\"h-concurso-ufjf-mg\"><a href=\"https:\/\/www.estrategiaconcursos.com.br\/blog\/concurso-ufjf\/\" target=\"_blank\" rel=\"noreferrer noopener\">Concurso UFJF<\/a> (MG)<\/h3>\n\n\n\n<ul class=\"wp-block-list\"><li><strong>Banca:<\/strong> Fundep<\/li><li><strong>Per\u00edodo de inscri\u00e7\u00f5es<\/strong>: 01\/07 a 29\/07\/2022<\/li><li><strong>Data da prova<\/strong>: 28\/08\/2022<\/li><li><strong>Vagas:<\/strong> 21<\/li><li><strong>Cargos:<\/strong>&nbsp;V\u00e1rios<\/li><li><strong>Remunera\u00e7\u00e3o<\/strong>: R$ 1.945,07 a R$ 4.180,66<\/li><li><strong>Edital:<\/strong> <a href=\"https:\/\/dhg1h5j42swfq.cloudfront.net\/2022\/06\/08110212\/edital-70_2022.pdf\" target=\"_blank\" rel=\"noreferrer noopener nofollow\">Edital UFJF<\/a><\/li><li><a href=\"https:\/\/www.estrategiaconcursos.com.br\/cursosPorConcurso\/universidade-federal-de-juiz-de-fora-ufjf\/\" target=\"_blank\" rel=\"noreferrer noopener\">Cursos UFJF<\/a><\/li><\/ul>\n\n\n\n<h3 class=\"wp-block-heading\" id=\"h-concurso-prefeitura-de-tatui-sp\"><a href=\"https:\/\/www.estrategiaconcursos.com.br\/blog\/concurso-tatui-saude-sp\/\" target=\"_blank\" rel=\"noreferrer noopener\">Concurso Prefeitura de Tatu\u00ed<\/a>&nbsp;(SP)<\/h3>\n\n\n\n<ul class=\"wp-block-list\"><li><strong>Banca:<\/strong>&nbsp;<a href=\"https:\/\/concursos.planexcon.com.br\/informacoes\/69\" target=\"_blank\" rel=\"noreferrer noopener\">Planexcon<\/a><\/li><li><strong>Per\u00edodo de inscri\u00e7\u00f5es<\/strong>: 11\/06 a 03\/07\/2022<\/li><li><strong>Data da prova<\/strong>: 28\/08\/2022<\/li><li><strong>Vagas:<\/strong>&nbsp;42<\/li><li><strong>Cargos:<\/strong>&nbsp;V\u00e1rios<\/li><li><strong>Remunera\u00e7\u00e3o<\/strong>: R$ 1.445,64 a R$ 2.924,61<\/li><li><strong>Edital:<\/strong>&nbsp;<a href=\"https:\/\/dhg1h5j42swfq.cloudfront.net\/2022\/06\/06143558\/xrlfaeyfbjv7tn85mxhlyql5vesduzldq7ire70n.pdf\" target=\"_blank\" rel=\"noreferrer noopener nofollow\">Edital Tatu\u00ed<\/a><\/li><\/ul>\n\n\n\n<h3 class=\"wp-block-heading\" id=\"h-concurso-prefeitura-de-sao-joao-da-boa-vista-sp\"><a href=\"https:\/\/www.estrategiaconcursos.com.br\/blog\/concurso-sao-joao-da-boa-vista\/\" target=\"_blank\" rel=\"noreferrer noopener\">Concurso Prefeitura de S\u00e3o Jo\u00e3o da Boa Vista<\/a>&nbsp;(SP)<\/h3>\n\n\n\n<ul class=\"wp-block-list\"><li><strong>Banca:<\/strong>&nbsp;<a href=\"https:\/\/www.nossorumo.org.br\/\" target=\"_blank\" rel=\"noreferrer noopener\">Instituto Nosso Rumo<\/a><\/li><li><strong>Per\u00edodo de inscri\u00e7\u00f5es<\/strong>: at\u00e9 07\/07\/2022<\/li><li><strong>Data da prova<\/strong>: 07\/08\/2022<\/li><li><strong>Vagas:<\/strong>&nbsp;CR<\/li><li><strong>Cargos:<\/strong>&nbsp;V\u00e1rios<\/li><li><strong>Remunera\u00e7\u00e3o<\/strong>: R$ 1.090,53 a R$ 5.143,24<\/li><li><strong>Edital:<\/strong>&nbsp;<a href=\"https:\/\/dhg1h5j42swfq.cloudfront.net\/2022\/06\/10152919\/edital-de-abertura-1.pdf\" target=\"_blank\" rel=\"noreferrer noopener nofollow\">Edital SJBV<\/a><\/li><\/ul>\n\n\n\n<h3 class=\"wp-block-heading\" id=\"h-concurso-prefeitura-de-chapeco-sc\"><a href=\"https:\/\/www.estrategiaconcursos.com.br\/blog\/concurso-chapeco-sc\/\" target=\"_blank\" rel=\"noreferrer noopener\">Concurso Prefeitura de Chapec\u00f3<\/a> (SC)<\/h3>\n\n\n\n<ul class=\"wp-block-list\"><li><strong>Banca:<\/strong> <a href=\"https:\/\/2022chapeco.fepese.org.br\/\" target=\"_blank\" rel=\"noreferrer noopener\">Fepese<\/a><\/li><li><strong>Per\u00edodo de inscri\u00e7\u00f5es<\/strong>: at\u00e9 07\/07\/2022<\/li><li><strong>Data da prova<\/strong>: 31\/07 e 07\/08\/2022<\/li><li><strong>Vagas:<\/strong> 432 + CR<\/li><li><strong>Cargos:<\/strong>&nbsp;V\u00e1rios<\/li><li><strong>Remunera\u00e7\u00e3o<\/strong>: R$ 1.783,98 a R$ 15.261,52<\/li><li><strong>Editais:<\/strong> <a href=\"https:\/\/dhg1h5j42swfq.cloudfront.net\/2022\/06\/08112118\/2022_chapeco_ed01.pdf\" target=\"_blank\" rel=\"noreferrer noopener nofollow\">Edital 01\/2022<\/a>&nbsp;|&nbsp;<a href=\"https:\/\/dhg1h5j42swfq.cloudfront.net\/2022\/06\/08112113\/2022_chapeco_ed02.pdf\" target=\"_blank\" rel=\"noreferrer noopener nofollow\">Edital 02\/2022<\/a>&nbsp;|&nbsp;<a href=\"https:\/\/dhg1h5j42swfq.cloudfront.net\/2022\/06\/08112122\/2022_chapeco_ed03.pdf\" target=\"_blank\" rel=\"noreferrer noopener nofollow\">Edital 03\/2022<\/a><\/li><\/ul>\n\n\n\n<h3 class=\"wp-block-heading\" id=\"h-concurso-prefeitura-de-jundiai-sp-saude\"><a href=\"https:\/\/www.estrategiaconcursos.com.br\/blog\/concurso-jundiai-saude\/\" target=\"_blank\" rel=\"noreferrer noopener\">Concurso Prefeitura de Jundia\u00ed<\/a> (SP) &#8211; Sa\u00fade<\/h3>\n\n\n\n<ul class=\"wp-block-list\"><li><strong>Banca:<\/strong> <a href=\"https:\/\/www.vunesp.com.br\/PMJU2204\" target=\"_blank\" rel=\"noreferrer noopener\">Vunesp<\/a><\/li><li><strong>Per\u00edodo de inscri\u00e7\u00f5es<\/strong>: 17\/06 a 25\/07\/2022<\/li><li><strong>Data da prova<\/strong>: 11\/09\/2022<\/li><li><strong>Vagas:<\/strong> 04<\/li><li><strong>Cargos:<\/strong>&nbsp;M\u00e9dico<\/li><li><strong>Remunera\u00e7\u00e3o<\/strong>: R$ 4.245,40 (12h) e R$ 7.075,61 (20h)<\/li><li><strong>Edital:<\/strong> <a href=\"https:\/\/dhg1h5j42swfq.cloudfront.net\/2022\/06\/08140610\/j.pdf\" target=\"_blank\" rel=\"noreferrer noopener nofollow\">Edital Jundia\u00ed Sa\u00fade<\/a><\/li><\/ul>\n\n\n\n<h3 class=\"wp-block-heading\" id=\"h-concurso-prefeitura-de-jundiai-sp\"><a href=\"https:\/\/www.estrategiaconcursos.com.br\/blog\/concurso-prefeitura-de-jundiai\/\" target=\"_blank\" rel=\"noreferrer noopener\">Concurso Prefeitura de Jundia\u00ed<\/a> (SP) <\/h3>\n\n\n\n<ul class=\"wp-block-list\"><li><strong>Banca:<\/strong> <a href=\"https:\/\/www.vunesp.com.br\/PMJU2202\" target=\"_blank\" rel=\"noreferrer noopener\">Vunesp<\/a><\/li><li><strong>Per\u00edodo de inscri\u00e7\u00f5es<\/strong>: 17\/06 a 25\/07\/2022<\/li><li><strong>Data da prova<\/strong>: 11\/09\/2022<\/li><li><strong>Vagas:<\/strong> 03<\/li><li><strong>Cargos:<\/strong>&nbsp;Eletricista, M\u00e9dico Veterin\u00e1rio e T\u00e9cnico em Seguran\u00e7a do Trabalho<\/li><li><strong>Remunera\u00e7\u00e3o<\/strong>: R$ 2.971,64 a R$ 12.736,15<\/li><li><strong>Edital:<\/strong> <a href=\"https:\/\/dhg1h5j42swfq.cloudfront.net\/2022\/06\/10145157\/jundiai-1.pdf\" target=\"_blank\" rel=\"noreferrer noopener nofollow\">Edital Jundia\u00ed<\/a><\/li><\/ul>\n\n\n\n<h3 class=\"wp-block-heading\" id=\"h-processo-seletivo-sms-fortaleza\"><a href=\"https:\/\/www.estrategiaconcursos.com.br\/blog\/concurso-sms-fortaleza\/\" target=\"_blank\" rel=\"noreferrer noopener\">Processo seletivo SMS Fortaleza<\/a><\/h3>\n\n\n\n<ul class=\"wp-block-list\"><li><strong>Banca:<\/strong> <a href=\"https:\/\/concursos.fortaleza.ce.gov.br\/selecoes\/em-andamento\" target=\"_blank\" rel=\"noreferrer noopener\">Prefeitura de Fortaleza<\/a><\/li><li><strong>Per\u00edodo de inscri\u00e7\u00f5es<\/strong>: at\u00e9 03\/07\/2022<\/li><li><strong>Data da prova<\/strong>: 17\/07\/2022<\/li><li><strong>Vagas:<\/strong> 733<\/li><li><strong>Cargos:<\/strong>&nbsp;V\u00e1rios<\/li><li><strong>Remunera\u00e7\u00e3o<\/strong>: R$ 1.320,00 a R$ 13.806,80 (com insalubridade)<\/li><li><strong>Editais:<\/strong> <a href=\"https:\/\/dhg1h5j42swfq.cloudfront.net\/2022\/06\/09152407\/edital_110_2022_medico_sms.pdf\" target=\"_blank\" rel=\"noreferrer noopener nofollow\">Edital N\u00ba 110<\/a> | <a href=\"https:\/\/dhg1h5j42swfq.cloudfront.net\/2022\/06\/09152403\/edital_111_2022_nivel_superior_sms.pdf\" target=\"_blank\" rel=\"noreferrer noopener nofollow\">Edital N\u00ba 111<\/a> | <a href=\"https:\/\/dhg1h5j42swfq.cloudfront.net\/2022\/06\/09152359\/edital_112_2022_nivel_medio_e_fundamental_sms_.pdf\" target=\"_blank\" rel=\"noreferrer noopener nofollow\">Edital N\u00ba 112<\/a><\/li><\/ul>\n\n\n\n<h3 class=\"wp-block-heading\" id=\"h-processo-seletivo-ibge\"><a href=\"https:\/\/www.estrategiaconcursos.com.br\/blog\/concurso-ibge-complementar-recenseador\/\" target=\"_blank\" rel=\"noreferrer noopener\">Processo Seletivo IBGE<\/a><\/h3>\n\n\n\n<ul class=\"wp-block-list\"><li><strong>Banca:<\/strong> organiza\u00e7\u00e3o pr\u00f3pria<\/li><li><strong>Per\u00edodo de inscri\u00e7\u00f5es<\/strong>: at\u00e9 15\/06\/2022<\/li><li><strong>Vagas:<\/strong> 48.535<\/li><li><strong>Cargo:<\/strong>&nbsp;Recenseador<\/li><li><strong>Remunera\u00e7\u00e3o<\/strong>: <a href=\"https:\/\/censo2022.ibge.gov.br\/trabalhe-no-censo\/estimativa-de-remuneracao.html\" target=\"_blank\" rel=\"noreferrer noopener\">por produ\u00e7\u00e3o<\/a><\/li><li><strong>Edital:<\/strong> <a href=\"https:\/\/dhg1h5j42swfq.cloudfront.net\/2022\/06\/09105005\/pss-complementar-edital-10-2022-psc-rec-1-convertido_compressed.pdf\" target=\"_blank\" rel=\"noreferrer noopener nofollow\">Edital IBGE Complementar<\/a><\/li><\/ul>\n\n\n\n<p class=\"has-text-align-center has-background\" style=\"background-color:#ededed;font-size:clamp(14.642px, 0.915rem + ((1vw - 3.2px) * 0.721), 22px);px\"><strong>Veja tamb\u00e9m: <a href=\"https:\/\/www.estrategiaconcursos.com.br\/blog\/principais-noticias-do-dia\/\" target=\"_blank\" rel=\"noreferrer noopener\">Principais not\u00edcias do dia<\/a><\/strong><\/p>\n\n\n\n<div class=\"container\" id=\"boxes\">\n  <div class=\"row\">\n\n    <div class=\"col-sm\">\n      <div class=\"estrategia\" id=\"box-assinatura\">\n        <h3 class=\"titulo-assinatura\">Assinatura Concursos<\/h3>\n        <p class=\"subtitulo-assinatura\">Assinatura de 1 ano ou 2 anos<\/p>\n        <div class=\"box-botao\">\n          <a class=\"btn-assinatura\" target=\"_blank\" href=\"https:\/\/www.estrategiaconcursos.com.br\/assinaturas\/\" role=\"button\" rel=\"noopener noreferrer\">ASSINE AGORA<\/a>\n        <\/div>\n      <\/div><\/div><\/div><\/div>\n\n\n\n<h2 class=\"has-text-align-center wp-block-heading\" id=\"h-quer-saber-tudo-sobre-concursos-previstos-confira-nossos-artigos\">Quer saber tudo sobre concursos previstos?<br \/>Confira nossos artigos!<\/h2>\n\n\n\n<ul class=\"wp-block-list\" id=\"concurso-publico-editais-esta-semana-03-a-07-01\"><li><a href=\"https:\/\/www.estrategiaconcursos.com.br\/blog\/concursos-abertos\/\" target=\"_blank\" rel=\"noreferrer noopener\">Concursos abertos<\/a><\/li><li><a href=\"https:\/\/www.estrategiaconcursos.com.br\/blog\/concursos-2022\/\" target=\"_blank\" rel=\"noreferrer noopener\">Concursos 2022<\/a><\/li><\/ul>\n","protected":false},"excerpt":{"rendered":"<p>Semana chegando ao fim com a publica\u00e7\u00e3o de 24 editais de concursos p\u00fablicos e processos seletivos. O destaque da semana vai para o edital complementar do IBGE, que veio com mais de 48 mil vagas para a fun\u00e7\u00e3o de Recenseador. A avalia\u00e7\u00e3o dos candidatos ser\u00e1 feita somente por titula\u00e7\u00e3o e as inscri\u00e7\u00f5es terminam j\u00e1 na [&hellip;]<\/p>\n","protected":false},"author":659,"featured_media":746120,"comment_status":"open","ping_status":"closed","sticky":false,"template":"","format":"standard","meta":{"post_tipo":"news","footnotes":""},"categories":[1,220219],"tags":[],"tax_estado":[219963],"class_list":["post-1041002","post","type-post","status-publish","format-standard","has-post-thumbnail","hentry","category-cursos-e-concursos","category-noticias","tax_estado-concursos-federais"],"acf":[],"yoast_head":"<!-- This site is optimized with the Yoast SEO Premium plugin v27.2 (Yoast SEO v27.2) - https:\/\/yoast.com\/product\/yoast-seo-premium-wordpress\/ -->\n<title>Concurso P\u00fablico: 24 editais esta semana; Mais de 51 mil vagas<\/title>\n<meta name=\"description\" content=\"Concurso P\u00fablico 2022: 24 editais sa\u00edram ao longo desta semana (06 a 10\/06). Confira n\u00famero de vagas, remunera\u00e7\u00e3o e principais datas.\" \/>\n<meta name=\"robots\" content=\"index, follow, max-snippet:-1, max-image-preview:large, max-video-preview:-1\" \/>\n<link rel=\"canonical\" href=\"https:\/\/www.estrategiaconcursos.com.br\/blog\/concurso-publico-editais-da-semana-06-a-10-06\/\" \/>\n<meta property=\"og:locale\" content=\"pt_BR\" \/>\n<meta property=\"og:type\" content=\"article\" \/>\n<meta property=\"og:title\" content=\"Concurso P\u00fablico: 24 editais esta semana; Mais de 51 mil vagas\" \/>\n<meta property=\"og:description\" content=\"Concurso P\u00fablico 2022: 24 editais sa\u00edram ao longo desta semana (06 a 10\/06). Confira n\u00famero de vagas, remunera\u00e7\u00e3o e principais datas.\" \/>\n<meta property=\"og:url\" content=\"https:\/\/www.estrategiaconcursos.com.br\/blog\/concurso-publico-editais-da-semana-06-a-10-06\/\" \/>\n<meta property=\"og:site_name\" content=\"Estrat\u00e9gia Concursos\" \/>\n<meta property=\"article:published_time\" content=\"2022-06-10T21:00:00+00:00\" \/>\n<meta property=\"article:modified_time\" content=\"2022-06-17T11:51:36+00:00\" \/>\n<meta property=\"og:image\" content=\"https:\/\/dhg1h5j42swfq.cloudfront.net\/2021\/04\/20121239\/2022_concursos.jpeg\" \/>\n\t<meta property=\"og:image:width\" content=\"768\" \/>\n\t<meta property=\"og:image:height\" content=\"432\" \/>\n\t<meta property=\"og:image:type\" content=\"image\/jpeg\" \/>\n<meta name=\"author\" content=\"Camila Leite\" \/>\n<meta name=\"twitter:card\" content=\"summary_large_image\" \/>\n<meta name=\"twitter:creator\" content=\"@EstratConcursos\" \/>\n<meta name=\"twitter:site\" content=\"@EstratConcursos\" \/>\n<meta name=\"twitter:label1\" content=\"Escrito por\" \/>\n\t<meta name=\"twitter:data1\" content=\"Camila Leite\" \/>\n\t<meta name=\"twitter:label2\" content=\"Est. tempo de leitura\" \/>\n\t<meta name=\"twitter:data2\" content=\"5 minutos\" \/>\n<script type=\"application\/ld+json\" class=\"yoast-schema-graph\">{\"@context\":\"https:\/\/schema.org\",\"@graph\":[{\"@type\":\"NewsArticle\",\"@id\":\"https:\/\/www.estrategiaconcursos.com.br\/blog\/concurso-publico-editais-da-semana-06-a-10-06\/#article\",\"isPartOf\":{\"@id\":\"https:\/\/www.estrategiaconcursos.com.br\/blog\/concurso-publico-editais-da-semana-06-a-10-06\/\"},\"author\":{\"name\":\"Camila Leite\",\"@id\":\"https:\/\/www.estrategiaconcursos.com.br\/blog\/#\/schema\/person\/84ecdc6eb58d3cf1689bf76c5cd8fb38\"},\"headline\":\"Concurso P\u00fablico: 24 editais esta semana; Mais de 51 mil vagas\",\"datePublished\":\"2022-06-10T21:00:00+00:00\",\"dateModified\":\"2022-06-17T11:51:36+00:00\",\"mainEntityOfPage\":{\"@id\":\"https:\/\/www.estrategiaconcursos.com.br\/blog\/concurso-publico-editais-da-semana-06-a-10-06\/\"},\"wordCount\":813,\"commentCount\":0,\"publisher\":{\"@id\":\"https:\/\/www.estrategiaconcursos.com.br\/blog\/#organization\"},\"image\":{\"@id\":\"https:\/\/www.estrategiaconcursos.com.br\/blog\/concurso-publico-editais-da-semana-06-a-10-06\/#primaryimage\"},\"thumbnailUrl\":\"https:\/\/dhg1h5j42swfq.cloudfront.net\/2021\/04\/20121239\/2022_concursos.jpeg\",\"articleSection\":[\"Concursos P\u00fablicos\",\"\u00daltimas not\u00edcias\"],\"inLanguage\":\"pt-BR\",\"potentialAction\":[{\"@type\":\"CommentAction\",\"name\":\"Comment\",\"target\":[\"https:\/\/www.estrategiaconcursos.com.br\/blog\/concurso-publico-editais-da-semana-06-a-10-06\/#respond\"]}],\"copyrightYear\":\"2022\",\"copyrightHolder\":{\"@id\":\"https:\/\/www.estrategiaconcursos.com.br\/blog\/#organization\"}},{\"@type\":\"WebPage\",\"@id\":\"https:\/\/www.estrategiaconcursos.com.br\/blog\/concurso-publico-editais-da-semana-06-a-10-06\/\",\"url\":\"https:\/\/www.estrategiaconcursos.com.br\/blog\/concurso-publico-editais-da-semana-06-a-10-06\/\",\"name\":\"Concurso P\u00fablico: 24 editais esta semana; Mais de 51 mil vagas\",\"isPartOf\":{\"@id\":\"https:\/\/www.estrategiaconcursos.com.br\/blog\/#website\"},\"primaryImageOfPage\":{\"@id\":\"https:\/\/www.estrategiaconcursos.com.br\/blog\/concurso-publico-editais-da-semana-06-a-10-06\/#primaryimage\"},\"image\":{\"@id\":\"https:\/\/www.estrategiaconcursos.com.br\/blog\/concurso-publico-editais-da-semana-06-a-10-06\/#primaryimage\"},\"thumbnailUrl\":\"https:\/\/dhg1h5j42swfq.cloudfront.net\/2021\/04\/20121239\/2022_concursos.jpeg\",\"datePublished\":\"2022-06-10T21:00:00+00:00\",\"dateModified\":\"2022-06-17T11:51:36+00:00\",\"description\":\"Concurso P\u00fablico 2022: 24 editais sa\u00edram ao longo desta semana (06 a 10\/06). Confira n\u00famero de vagas, remunera\u00e7\u00e3o e principais datas.\",\"breadcrumb\":{\"@id\":\"https:\/\/www.estrategiaconcursos.com.br\/blog\/concurso-publico-editais-da-semana-06-a-10-06\/#breadcrumb\"},\"inLanguage\":\"pt-BR\",\"potentialAction\":[{\"@type\":\"ReadAction\",\"target\":[\"https:\/\/www.estrategiaconcursos.com.br\/blog\/concurso-publico-editais-da-semana-06-a-10-06\/\"]}]},{\"@type\":\"ImageObject\",\"inLanguage\":\"pt-BR\",\"@id\":\"https:\/\/www.estrategiaconcursos.com.br\/blog\/concurso-publico-editais-da-semana-06-a-10-06\/#primaryimage\",\"url\":\"https:\/\/dhg1h5j42swfq.cloudfront.net\/2021\/04\/20121239\/2022_concursos.jpeg\",\"contentUrl\":\"https:\/\/dhg1h5j42swfq.cloudfront.net\/2021\/04\/20121239\/2022_concursos.jpeg\",\"width\":768,\"height\":432,\"caption\":\"Concursos 2022\"},{\"@type\":\"BreadcrumbList\",\"@id\":\"https:\/\/www.estrategiaconcursos.com.br\/blog\/concurso-publico-editais-da-semana-06-a-10-06\/#breadcrumb\",\"itemListElement\":[{\"@type\":\"ListItem\",\"position\":1,\"name\":\"In\u00edcio\",\"item\":\"https:\/\/www.estrategiaconcursos.com.br\/blog\/\"},{\"@type\":\"ListItem\",\"position\":2,\"name\":\"Concurso P\u00fablico: 24 editais esta semana; Mais de 51 mil vagas\"}]},{\"@type\":\"WebSite\",\"@id\":\"https:\/\/www.estrategiaconcursos.com.br\/blog\/#website\",\"url\":\"https:\/\/www.estrategiaconcursos.com.br\/blog\/\",\"name\":\"Estrat\u00e9gia Concursos\",\"description\":\"O blog da Estrat\u00e9gia Concursos traz not\u00edcias sobre concursos e artigos de professores oferecendo cursos para concursos (pdf + videaulas) no site.\",\"publisher\":{\"@id\":\"https:\/\/www.estrategiaconcursos.com.br\/blog\/#organization\"},\"potentialAction\":[{\"@type\":\"SearchAction\",\"target\":{\"@type\":\"EntryPoint\",\"urlTemplate\":\"https:\/\/www.estrategiaconcursos.com.br\/blog\/?s={search_term_string}\"},\"query-input\":{\"@type\":\"PropertyValueSpecification\",\"valueRequired\":true,\"valueName\":\"search_term_string\"}}],\"inLanguage\":\"pt-BR\"},{\"@type\":\"Organization\",\"@id\":\"https:\/\/www.estrategiaconcursos.com.br\/blog\/#organization\",\"name\":\"Estrat\u00e9gia Concursos\",\"url\":\"https:\/\/www.estrategiaconcursos.com.br\/blog\/\",\"logo\":{\"@type\":\"ImageObject\",\"inLanguage\":\"pt-BR\",\"@id\":\"https:\/\/www.estrategiaconcursos.com.br\/blog\/#\/schema\/logo\/image\/\",\"url\":\"https:\/\/dhg1h5j42swfq.cloudfront.net\/2025\/06\/03203428\/logo_concursos-1.jpg\",\"contentUrl\":\"https:\/\/dhg1h5j42swfq.cloudfront.net\/2025\/06\/03203428\/logo_concursos-1.jpg\",\"width\":230,\"height\":60,\"caption\":\"Estrat\u00e9gia Concursos\"},\"image\":{\"@id\":\"https:\/\/www.estrategiaconcursos.com.br\/blog\/#\/schema\/logo\/image\/\"},\"sameAs\":[\"https:\/\/x.com\/EstratConcursos\"]},{\"@type\":\"Person\",\"@id\":\"https:\/\/www.estrategiaconcursos.com.br\/blog\/#\/schema\/person\/84ecdc6eb58d3cf1689bf76c5cd8fb38\",\"name\":\"Camila Leite\",\"image\":{\"@type\":\"ImageObject\",\"inLanguage\":\"pt-BR\",\"@id\":\"https:\/\/secure.gravatar.com\/avatar\/f2f8faef639c8a2bfb7fb909912a56917f4c3a0aed064500168e2fb8ea55cf61?s=96&d=mm&r=g\",\"url\":\"https:\/\/secure.gravatar.com\/avatar\/f2f8faef639c8a2bfb7fb909912a56917f4c3a0aed064500168e2fb8ea55cf61?s=96&d=mm&r=g\",\"contentUrl\":\"https:\/\/secure.gravatar.com\/avatar\/f2f8faef639c8a2bfb7fb909912a56917f4c3a0aed064500168e2fb8ea55cf61?s=96&d=mm&r=g\",\"caption\":\"Camila Leite\"},\"description\":\"Formada em Design Gr\u00e1fico e em Propaganda e Marketing pela UNIP, integra a equipe de jornalismo do Estrat\u00e9gia Concursos desde 2018. Ao longo dos anos, construiu uma s\u00f3lida experi\u00eancia na produ\u00e7\u00e3o de conte\u00fado informativo e relevante para concurseiros. Desde 2020, atua na cobertura das \u00e1reas Fiscal \u2014 com \u00eanfase nas Secretarias de Fazenda (Sefaz) das regi\u00f5es Sul e Sudeste \u2014, al\u00e9m da cobertura de concursos federais, como CNU, Petrobras, CGU, Receita Federal, ag\u00eancias reguladoras (Anvisa, ANAC, entre outras) e INSS. Mant\u00e9m contato direto com os principais \u00f3rg\u00e3os p\u00fablicos, acompanhando editais, atualiza\u00e7\u00f5es e movimenta\u00e7\u00f5es importantes para os candidatos.\",\"sameAs\":[\"https:\/\/www.linkedin.com\/in\/camila-pinheiro-leite-9ba135b6\/\"],\"url\":\"https:\/\/www.estrategiaconcursos.com.br\/blog\/author\/camila-leiteestrategiaconcursos-com-br\/\"}]}<\/script>\n<!-- \/ Yoast SEO Premium plugin. -->","yoast_head_json":{"title":"Concurso P\u00fablico: 24 editais esta semana; Mais de 51 mil vagas","description":"Concurso P\u00fablico 2022: 24 editais sa\u00edram ao longo desta semana (06 a 10\/06). Confira n\u00famero de vagas, remunera\u00e7\u00e3o e principais datas.","robots":{"index":"index","follow":"follow","max-snippet":"max-snippet:-1","max-image-preview":"max-image-preview:large","max-video-preview":"max-video-preview:-1"},"canonical":"https:\/\/www.estrategiaconcursos.com.br\/blog\/concurso-publico-editais-da-semana-06-a-10-06\/","og_locale":"pt_BR","og_type":"article","og_title":"Concurso P\u00fablico: 24 editais esta semana; Mais de 51 mil vagas","og_description":"Concurso P\u00fablico 2022: 24 editais sa\u00edram ao longo desta semana (06 a 10\/06). Confira n\u00famero de vagas, remunera\u00e7\u00e3o e principais datas.","og_url":"https:\/\/www.estrategiaconcursos.com.br\/blog\/concurso-publico-editais-da-semana-06-a-10-06\/","og_site_name":"Estrat\u00e9gia Concursos","article_published_time":"2022-06-10T21:00:00+00:00","article_modified_time":"2022-06-17T11:51:36+00:00","og_image":[{"width":768,"height":432,"url":"https:\/\/dhg1h5j42swfq.cloudfront.net\/2021\/04\/20121239\/2022_concursos.jpeg","type":"image\/jpeg"}],"author":"Camila Leite","twitter_card":"summary_large_image","twitter_creator":"@EstratConcursos","twitter_site":"@EstratConcursos","twitter_misc":{"Escrito por":"Camila Leite","Est. tempo de leitura":"5 minutos"},"schema":{"@context":"https:\/\/schema.org","@graph":[{"@type":"NewsArticle","@id":"https:\/\/www.estrategiaconcursos.com.br\/blog\/concurso-publico-editais-da-semana-06-a-10-06\/#article","isPartOf":{"@id":"https:\/\/www.estrategiaconcursos.com.br\/blog\/concurso-publico-editais-da-semana-06-a-10-06\/"},"author":{"name":"Camila Leite","@id":"https:\/\/www.estrategiaconcursos.com.br\/blog\/#\/schema\/person\/84ecdc6eb58d3cf1689bf76c5cd8fb38"},"headline":"Concurso P\u00fablico: 24 editais esta semana; Mais de 51 mil vagas","datePublished":"2022-06-10T21:00:00+00:00","dateModified":"2022-06-17T11:51:36+00:00","mainEntityOfPage":{"@id":"https:\/\/www.estrategiaconcursos.com.br\/blog\/concurso-publico-editais-da-semana-06-a-10-06\/"},"wordCount":813,"commentCount":0,"publisher":{"@id":"https:\/\/www.estrategiaconcursos.com.br\/blog\/#organization"},"image":{"@id":"https:\/\/www.estrategiaconcursos.com.br\/blog\/concurso-publico-editais-da-semana-06-a-10-06\/#primaryimage"},"thumbnailUrl":"https:\/\/dhg1h5j42swfq.cloudfront.net\/2021\/04\/20121239\/2022_concursos.jpeg","articleSection":["Concursos P\u00fablicos","\u00daltimas not\u00edcias"],"inLanguage":"pt-BR","potentialAction":[{"@type":"CommentAction","name":"Comment","target":["https:\/\/www.estrategiaconcursos.com.br\/blog\/concurso-publico-editais-da-semana-06-a-10-06\/#respond"]}],"copyrightYear":"2022","copyrightHolder":{"@id":"https:\/\/www.estrategiaconcursos.com.br\/blog\/#organization"}},{"@type":"WebPage","@id":"https:\/\/www.estrategiaconcursos.com.br\/blog\/concurso-publico-editais-da-semana-06-a-10-06\/","url":"https:\/\/www.estrategiaconcursos.com.br\/blog\/concurso-publico-editais-da-semana-06-a-10-06\/","name":"Concurso P\u00fablico: 24 editais esta semana; Mais de 51 mil vagas","isPartOf":{"@id":"https:\/\/www.estrategiaconcursos.com.br\/blog\/#website"},"primaryImageOfPage":{"@id":"https:\/\/www.estrategiaconcursos.com.br\/blog\/concurso-publico-editais-da-semana-06-a-10-06\/#primaryimage"},"image":{"@id":"https:\/\/www.estrategiaconcursos.com.br\/blog\/concurso-publico-editais-da-semana-06-a-10-06\/#primaryimage"},"thumbnailUrl":"https:\/\/dhg1h5j42swfq.cloudfront.net\/2021\/04\/20121239\/2022_concursos.jpeg","datePublished":"2022-06-10T21:00:00+00:00","dateModified":"2022-06-17T11:51:36+00:00","description":"Concurso P\u00fablico 2022: 24 editais sa\u00edram ao longo desta semana (06 a 10\/06). Confira n\u00famero de vagas, remunera\u00e7\u00e3o e principais datas.","breadcrumb":{"@id":"https:\/\/www.estrategiaconcursos.com.br\/blog\/concurso-publico-editais-da-semana-06-a-10-06\/#breadcrumb"},"inLanguage":"pt-BR","potentialAction":[{"@type":"ReadAction","target":["https:\/\/www.estrategiaconcursos.com.br\/blog\/concurso-publico-editais-da-semana-06-a-10-06\/"]}]},{"@type":"ImageObject","inLanguage":"pt-BR","@id":"https:\/\/www.estrategiaconcursos.com.br\/blog\/concurso-publico-editais-da-semana-06-a-10-06\/#primaryimage","url":"https:\/\/dhg1h5j42swfq.cloudfront.net\/2021\/04\/20121239\/2022_concursos.jpeg","contentUrl":"https:\/\/dhg1h5j42swfq.cloudfront.net\/2021\/04\/20121239\/2022_concursos.jpeg","width":768,"height":432,"caption":"Concursos 2022"},{"@type":"BreadcrumbList","@id":"https:\/\/www.estrategiaconcursos.com.br\/blog\/concurso-publico-editais-da-semana-06-a-10-06\/#breadcrumb","itemListElement":[{"@type":"ListItem","position":1,"name":"In\u00edcio","item":"https:\/\/www.estrategiaconcursos.com.br\/blog\/"},{"@type":"ListItem","position":2,"name":"Concurso P\u00fablico: 24 editais esta semana; Mais de 51 mil vagas"}]},{"@type":"WebSite","@id":"https:\/\/www.estrategiaconcursos.com.br\/blog\/#website","url":"https:\/\/www.estrategiaconcursos.com.br\/blog\/","name":"Estrat\u00e9gia Concursos","description":"O blog da Estrat\u00e9gia Concursos traz not\u00edcias sobre concursos e artigos de professores oferecendo cursos para concursos (pdf + videaulas) no site.","publisher":{"@id":"https:\/\/www.estrategiaconcursos.com.br\/blog\/#organization"},"potentialAction":[{"@type":"SearchAction","target":{"@type":"EntryPoint","urlTemplate":"https:\/\/www.estrategiaconcursos.com.br\/blog\/?s={search_term_string}"},"query-input":{"@type":"PropertyValueSpecification","valueRequired":true,"valueName":"search_term_string"}}],"inLanguage":"pt-BR"},{"@type":"Organization","@id":"https:\/\/www.estrategiaconcursos.com.br\/blog\/#organization","name":"Estrat\u00e9gia Concursos","url":"https:\/\/www.estrategiaconcursos.com.br\/blog\/","logo":{"@type":"ImageObject","inLanguage":"pt-BR","@id":"https:\/\/www.estrategiaconcursos.com.br\/blog\/#\/schema\/logo\/image\/","url":"https:\/\/dhg1h5j42swfq.cloudfront.net\/2025\/06\/03203428\/logo_concursos-1.jpg","contentUrl":"https:\/\/dhg1h5j42swfq.cloudfront.net\/2025\/06\/03203428\/logo_concursos-1.jpg","width":230,"height":60,"caption":"Estrat\u00e9gia Concursos"},"image":{"@id":"https:\/\/www.estrategiaconcursos.com.br\/blog\/#\/schema\/logo\/image\/"},"sameAs":["https:\/\/x.com\/EstratConcursos"]},{"@type":"Person","@id":"https:\/\/www.estrategiaconcursos.com.br\/blog\/#\/schema\/person\/84ecdc6eb58d3cf1689bf76c5cd8fb38","name":"Camila Leite","image":{"@type":"ImageObject","inLanguage":"pt-BR","@id":"https:\/\/secure.gravatar.com\/avatar\/f2f8faef639c8a2bfb7fb909912a56917f4c3a0aed064500168e2fb8ea55cf61?s=96&d=mm&r=g","url":"https:\/\/secure.gravatar.com\/avatar\/f2f8faef639c8a2bfb7fb909912a56917f4c3a0aed064500168e2fb8ea55cf61?s=96&d=mm&r=g","contentUrl":"https:\/\/secure.gravatar.com\/avatar\/f2f8faef639c8a2bfb7fb909912a56917f4c3a0aed064500168e2fb8ea55cf61?s=96&d=mm&r=g","caption":"Camila Leite"},"description":"Formada em Design Gr\u00e1fico e em Propaganda e Marketing pela UNIP, integra a equipe de jornalismo do Estrat\u00e9gia Concursos desde 2018. Ao longo dos anos, construiu uma s\u00f3lida experi\u00eancia na produ\u00e7\u00e3o de conte\u00fado informativo e relevante para concurseiros. Desde 2020, atua na cobertura das \u00e1reas Fiscal \u2014 com \u00eanfase nas Secretarias de Fazenda (Sefaz) das regi\u00f5es Sul e Sudeste \u2014, al\u00e9m da cobertura de concursos federais, como CNU, Petrobras, CGU, Receita Federal, ag\u00eancias reguladoras (Anvisa, ANAC, entre outras) e INSS. Mant\u00e9m contato direto com os principais \u00f3rg\u00e3os p\u00fablicos, acompanhando editais, atualiza\u00e7\u00f5es e movimenta\u00e7\u00f5es importantes para os candidatos.","sameAs":["https:\/\/www.linkedin.com\/in\/camila-pinheiro-leite-9ba135b6\/"],"url":"https:\/\/www.estrategiaconcursos.com.br\/blog\/author\/camila-leiteestrategiaconcursos-com-br\/"}]}},"_links":{"self":[{"href":"https:\/\/www.estrategiaconcursos.com.br\/blog\/wp-json\/wp\/v2\/posts\/1041002","targetHints":{"allow":["GET"]}}],"collection":[{"href":"https:\/\/www.estrategiaconcursos.com.br\/blog\/wp-json\/wp\/v2\/posts"}],"about":[{"href":"https:\/\/www.estrategiaconcursos.com.br\/blog\/wp-json\/wp\/v2\/types\/post"}],"author":[{"embeddable":true,"href":"https:\/\/www.estrategiaconcursos.com.br\/blog\/wp-json\/wp\/v2\/users\/659"}],"replies":[{"embeddable":true,"href":"https:\/\/www.estrategiaconcursos.com.br\/blog\/wp-json\/wp\/v2\/comments?post=1041002"}],"version-history":[{"count":13,"href":"https:\/\/www.estrategiaconcursos.com.br\/blog\/wp-json\/wp\/v2\/posts\/1041002\/revisions"}],"predecessor-version":[{"id":1046447,"href":"https:\/\/www.estrategiaconcursos.com.br\/blog\/wp-json\/wp\/v2\/posts\/1041002\/revisions\/1046447"}],"wp:featuredmedia":[{"embeddable":true,"href":"https:\/\/www.estrategiaconcursos.com.br\/blog\/wp-json\/wp\/v2\/media\/746120"}],"wp:attachment":[{"href":"https:\/\/www.estrategiaconcursos.com.br\/blog\/wp-json\/wp\/v2\/media?parent=1041002"}],"wp:term":[{"taxonomy":"category","embeddable":true,"href":"https:\/\/www.estrategiaconcursos.com.br\/blog\/wp-json\/wp\/v2\/categories?post=1041002"},{"taxonomy":"post_tag","embeddable":true,"href":"https:\/\/www.estrategiaconcursos.com.br\/blog\/wp-json\/wp\/v2\/tags?post=1041002"},{"taxonomy":"tax_estado","embeddable":true,"href":"https:\/\/www.estrategiaconcursos.com.br\/blog\/wp-json\/wp\/v2\/tax_estado?post=1041002"}],"curies":[{"name":"wp","href":"https:\/\/api.w.org\/{rel}","templated":true}]}}