{"id":1040533,"date":"2022-06-13T07:41:00","date_gmt":"2022-06-13T10:41:00","guid":{"rendered":"https:\/\/www.estrategiaconcursos.com.br\/blog\/?p=1040533"},"modified":"2022-06-13T14:28:34","modified_gmt":"2022-06-13T17:28:34","slug":"principio-individualizacao-pena","status":"publish","type":"post","link":"https:\/\/www.estrategiaconcursos.com.br\/blog\/principio-individualizacao-pena\/","title":{"rendered":"Princ\u00edpio da Individualiza\u00e7\u00e3o da Pena: Resumo para Carreiras Policiais"},"content":{"rendered":"\n<p>No presente resumo sobre<strong> o princ\u00edpio da individualiza\u00e7\u00e3o da pena<\/strong>, trataremos de um tema de alt\u00edssima incid\u00eancia nas provas para as carreiras policiais. <\/p>\n\n\n\n<p>Os concursos da \u00e1rea de Seguran\u00e7a P\u00fablica prometem in\u00fameras vagas neste ano. <\/p>\n\n\n\n<p>Confira <a href=\"https:\/\/www.estrategiaconcursos.com.br\/blog\/concursos-de-policia\/\">aqui <\/a>o levantamento realizado pela equipe do Estrat\u00e9gia.<\/p>\n\n\n\n<figure class=\"wp-block-gallery has-nested-images columns-default is-cropped wp-block-gallery-1 is-layout-flex wp-block-gallery-is-layout-flex\">\n<figure class=\"wp-block-image size-large\"><img loading=\"lazy\" decoding=\"async\" width=\"1500\" height=\"900\" data-id=\"1005470\" src=\"https:\/\/dhg1h5j42swfq.cloudfront.net\/2022\/04\/08192730\/policia_legislativa-senado.jpg\" alt=\"Princ\u00edpio da Individualiza\u00e7\u00e3o da Pena: Resumo para Carreiras Policiais\" class=\"wp-image-1005470\" srcset=\"https:\/\/dhg1h5j42swfq.cloudfront.net\/2022\/04\/08192730\/policia_legislativa-senado.jpg 1500w, https:\/\/dhg1h5j42swfq.cloudfront.net\/2022\/04\/08192730\/policia_legislativa-senado-300x180.jpg 300w, https:\/\/dhg1h5j42swfq.cloudfront.net\/2022\/04\/08192730\/policia_legislativa-senado-1024x614.jpg 1024w, https:\/\/dhg1h5j42swfq.cloudfront.net\/2022\/04\/08192730\/policia_legislativa-senado-768x461.jpg 768w, https:\/\/dhg1h5j42swfq.cloudfront.net\/2022\/04\/08192730\/policia_legislativa-senado-610x366.jpg 610w\" sizes=\"auto, (max-width: 1500px) 100vw, 1500px\" \/><figcaption>Princ\u00edpio da Individualiza\u00e7\u00e3o da Pena: Resumo para Carreiras Policiais<\/figcaption><\/figure>\n<\/figure>\n\n\n\n<p>T\u00f3picos a serem vistos:<\/p>\n\n\n\n<ul class=\"wp-block-list\"><li><em>Aspectos introdut\u00f3rios<\/em><\/li><li><em>Fases da individualiza\u00e7\u00e3o da pena<\/em><\/li><li><em>Lei de crimes hediondos e individualiza\u00e7\u00e3o da pena<\/em><\/li><\/ul>\n\n\n\n<p>Vamos l\u00e1.<\/p>\n\n\n\n<h2 class=\"wp-block-heading\" id=\"h-introducao-principio-da-individualizacao-da-pena\">INTRODU\u00c7\u00c3O &#8211; <em>PRINC\u00cdPIO DA INDIVIDUALIZA\u00c7\u00c3O DA PENA<\/em><\/h2>\n\n\n\n<p>O princ\u00edpio da individualiza\u00e7\u00e3o da pena possui previs\u00e3o constitucional. Veja-se:<\/p>\n\n\n\n<blockquote class=\"wp-block-quote is-layout-flow wp-block-quote-is-layout-flow\"><p>&nbsp;Art. 5\u00ba,&nbsp;XLVI &#8211; a lei regular\u00e1 a <strong>individualiza\u00e7\u00e3o da pena<\/strong> e adotar\u00e1, entre outras, as seguintes:<\/p><p>a) priva\u00e7\u00e3o ou restri\u00e7\u00e3o da liberdade;<\/p><p>b) perda de bens;<\/p><p>c) multa;<\/p><p>d) presta\u00e7\u00e3o social alternativa;<\/p><p>e) suspens\u00e3o ou interdi\u00e7\u00e3o de direitos;<\/p><\/blockquote>\n\n\n\n<p>Ademais, tamb\u00e9m \u00e9 extra\u00eddo do art. 34 do C\u00f3digo Penal, ao prever a submiss\u00e3o do condenado, no in\u00edcio do cumprimento da pena, a exame criminol\u00f3gico de classifica\u00e7\u00e3o para fins de individualiza\u00e7\u00e3o da execu\u00e7\u00e3o, e da Lei de Execu\u00e7\u00e3o Penal(art.5\u00ba, art.8\u00ba e art.41, XII).<\/p>\n\n\n\n<p>Assim, com o escopo de evitar a padroniza\u00e7\u00e3o, as penas devem ser individualizadas nos planos <strong>legislativo, judici\u00e1rio e executivo.<\/strong><\/p>\n\n\n\n<h2 class=\"wp-block-heading\" id=\"h-fases-da-individualizacao-da-pena\">FASES DA INDIVIDUALIZA\u00c7\u00c3O DA PENA<\/h2>\n\n\n\n<p>O princ\u00edpio da individualiza\u00e7\u00e3o da pena \u00e9 concretizado em tr\u00eas momentos distintos.<\/p>\n\n\n\n<p><strong>O primeiro momento de individualiza\u00e7\u00e3o da pena se d\u00e1 com a sele\u00e7\u00e3o feita pelo legislador. <\/strong><\/p>\n\n\n\n<p>Apenas s\u00e3o objeto do Direito Penal as condutas que atacam os bens jur\u00eddicos mais importantes ao conv\u00edvio social. Ademais, feita a sele\u00e7\u00e3o, o legislador prev\u00ea as penas que variam de acordo com a import\u00e2ncia do bem a ser tutelado.<\/p>\n\n\n\n<p>Assim, um crime contra a vida deve ser punido de forma mais severa do que um crime contra o patrim\u00f4nio. <\/p>\n\n\n\n<p>Nota-se, ent\u00e3o, que <strong>a primeira fase de individualiza\u00e7\u00e3o da pena ocorre no plano abstrato, com a comina\u00e7\u00e3o das penas pelo legislador.<\/strong><\/p>\n\n\n\n<p>Ap\u00f3s cometida a infra\u00e7\u00e3o penal, <strong>d\u00e1-se o segundo momento da individualiza\u00e7\u00e3o da pena, com a aplica\u00e7\u00e3o da san\u00e7\u00e3o penal, no plano concreto, pelo \u00f3rg\u00e3o julgador.<\/strong><\/p>\n\n\n\n<p>Ao individualizar a pena, deve o juiz sentenciante observar o <strong>crit\u00e9rio trif\u00e1sico<\/strong> disciplinado no art.68 do C\u00f3digo Penal, <em>in verbis:<\/em><\/p>\n\n\n\n<blockquote class=\"wp-block-quote is-layout-flow wp-block-quote-is-layout-flow\"><p> Art. 68 &#8211; A pena-base ser\u00e1 fixada atendendo-se ao crit\u00e9rio do art. 59 deste C\u00f3digo; em seguida ser\u00e3o consideradas as circunst\u00e2ncias atenuantes e agravantes; por \u00faltimo, as causas de diminui\u00e7\u00e3o e de aumento.&nbsp;<\/p><\/blockquote>\n\n\n\n<p>Por fim, o <strong>terceiro momento de individualiza\u00e7\u00e3o da pena ocorre na fase de execu\u00e7\u00e3o penal<\/strong>, com esteio no art.5\u00ba da Lei de Execu\u00e7\u00e3o Penal( Lei n. 7210\/84). Veja-se:<\/p>\n\n\n\n<blockquote class=\"wp-block-quote is-layout-flow wp-block-quote-is-layout-flow\"><p>Art. 5\u00ba Os condenados ser\u00e3o classificados, segundo os seus antecedentes e personalidade, para orientar a <strong>individualiza\u00e7\u00e3o da execu\u00e7\u00e3o penal.<\/strong><\/p><\/blockquote>\n\n\n\n<p>Ademais, com o objetivo de conferir aplicabilidade ao referido princ\u00edpio, s\u00e3o previstos diversos institutos na execu\u00e7\u00e3o penal, como a progress\u00e3o de regime e o livramento condicional.<\/p>\n\n\n\n<p>Dessa forma, observa-se que o princ\u00edpio da individualiza\u00e7\u00e3o da pena <strong>compreende os planos legislativo(comina\u00e7\u00e3o), judicial(aplica\u00e7\u00e3o) e administrativo(execu\u00e7\u00e3o).<\/strong><\/p>\n\n\n\n<h2 class=\"wp-block-heading\" id=\"h-lei-de-crimes-hediondos-e-individualizacao-da-pena\">LEI DE CRIMES HEDIONDOS E INDIVIDUALIZA\u00c7\u00c3O DA PENA<\/h2>\n\n\n\n<p>A Lei n. 8.072\/90(Lei de Crimes Hediondos), na reda\u00e7\u00e3o origin\u00e1ria do art.&nbsp;2\u00ba,\u00a7 1<sup>o<\/sup>, trouxe pol\u00eamica disposi\u00e7\u00e3o ao prever o total cumprimento da pena em regime fechado.<\/p>\n\n\n\n<p>O Supremo Tribunal Federal, no julgamento do HC 82959\/SP, reconheceu a inconstitucionalidade do referido dispositivo, visto que a veda\u00e7\u00e3o de progress\u00e3o de regime em abstrato viola o princ\u00edpio da individualiza\u00e7\u00e3o da pena(CF, art. 5\u00ba,&nbsp;XLVI). Nesse sentido:<\/p>\n\n\n\n<blockquote class=\"wp-block-quote is-layout-flow wp-block-quote-is-layout-flow\"><p><em>PENA &#8211; REGIME DE CUMPRIMENTO &#8211; PROGRESS\u00c3O &#8211; RAZ\u00c3O DE SER. A progress\u00e3o no regime de cumprimento da pena, nas esp\u00e9cies fechado, semi-aberto e aberto, tem como raz\u00e3o maior a ressocializa\u00e7\u00e3o do preso que, mais dia ou menos dia, voltar\u00e1 ao conv\u00edvio social. PENA &#8211; CRIMES HEDIONDOS &#8211; REGIME DE CUMPRIMENTO &#8211; PROGRESS\u00c3O &#8211; \u00d3BICE &#8211; ARTIGO&nbsp;<\/em><a href=\"http:\/\/www.jusbrasil.com.br\/topicos\/11269884\/artigo-2-da-lei-n-8072-de-25-de-julho-de-1990\">2\u00ba<\/a><em>,&nbsp;<\/em><a href=\"http:\/\/www.jusbrasil.com.br\/topicos\/11269741\/par%C3%A1grafo-1-artigo-2-da-lei-n-8072-de-30-de-maio-de-1990\">\u00a7 1\u00ba<\/a><em>, da Lei n\u00ba&nbsp;<\/em><a href=\"http:\/\/www.jusbrasil.com.br\/legislacao\/1033841\/lei-dos-crimes-hediondos-lei-8072-90\">8.072<\/a><em>\/90 &#8211; INCONSTITUCIONALIDADE &#8211; EVOLU\u00c7\u00c3O JURISPRUDENCIAL. Conflita com a garantia da individualiza\u00e7\u00e3o da pena &#8211; artigo&nbsp;<\/em><a href=\"http:\/\/www.jusbrasil.com.br\/topicos\/10641516\/artigo-5-da-constitui%C3%A7%C3%A3o-federal-de-1988\">5\u00ba<\/a><em>, inciso&nbsp;<\/em><a href=\"http:\/\/www.jusbrasil.com.br\/topicos\/10729020\/inciso-xlvi-do-artigo-5-da-constitui%C3%A7%C3%A3o-federal-de-1988\">XLVI<\/a><em>, da&nbsp;<\/em><a href=\"http:\/\/www.jusbrasil.com.br\/legislacao\/155571402\/constitui%C3%A7%C3%A3o-federal-constitui%C3%A7%C3%A3o-da-republica-federativa-do-brasil-1988\">Constitui\u00e7\u00e3o Federal<\/a><em>&nbsp;&#8211; a imposi\u00e7\u00e3o, mediante norma, do cumprimento da pena em regime integralmente fechado. Nova intelig\u00eancia do princ\u00edpio da individualiza\u00e7\u00e3o da pena, em evolu\u00e7\u00e3o jurisprudencial, assentada a inconstitucionalidade do artigo&nbsp;<\/em><a href=\"http:\/\/www.jusbrasil.com.br\/topicos\/11269884\/artigo-2-da-lei-n-8072-de-25-de-julho-de-1990\">2\u00ba<\/a><em>,&nbsp;<\/em><a href=\"http:\/\/www.jusbrasil.com.br\/topicos\/11269741\/par%C3%A1grafo-1-artigo-2-da-lei-n-8072-de-30-de-maio-de-1990\">\u00a7 1\u00ba<\/a><em>, da Lei n\u00ba&nbsp;<\/em><a href=\"http:\/\/www.jusbrasil.com.br\/legislacao\/1033841\/lei-dos-crimes-hediondos-lei-8072-90\">8.072<\/a><em>\/90&#8243;.<\/em><a target=\"_blank\" rel=\"noreferrer noopener\">(37)<\/a><\/p><p><\/p><\/blockquote>\n\n\n\n<h2 class=\"wp-block-heading\" id=\"h-finalizando-principio-da-individualizacao-da-pena\">FINALIZANDO &#8211; PRINC\u00cdPIO DA INDIVIDUALIZA\u00c7\u00c3O DA PENA<\/h2>\n\n\n\n<p>Chegamos ao fim do nosso resumo sobre o princ\u00edpio da individualiza\u00e7\u00e3o da pena para carreiras policiais.<\/p>\n\n\n\n<p>Caso queira ter a mais completa prepara\u00e7\u00e3o para o seu concurso p\u00fablico, invista nos <a href=\"https:\/\/www.estrategiaconcursos.com.br\/cursos\/concurso\/\"><u>cursos completos <\/u><\/a>do <strong>Estrat\u00e9gia Concursos<\/strong>. L\u00e1 voc\u00ea encontrar\u00e1 tudo o que precisa para atingir o cargo dos seus sonhos.<\/p>\n\n\n\n<p>Al\u00e9m disso, \u00e9 essencial acompanhar a evolu\u00e7\u00e3o dos seus estudos por meio do <a href=\"https:\/\/questoes.estrategiaconcursos.com.br\/\">Sistema de Quest\u00f5es do Estrat\u00e9gia<\/a>, n\u00e3o deixe para marcar o \u201cx\u201d somente no dia da prova.<\/p>\n\n\n\n<p>Grande abra\u00e7o a todos.<\/p>\n\n\n\n<p>Victor Baio<\/p>\n\n\n\n<div class=\"container\" id=\"boxes\">\n  <div class=\"row\">\n    <div class=\"col-sm\">\n      <div class=\"estrategia\" id=\"box-assinatura\">\n        <h3 class=\"titulo-assinatura\">Assinatura de Concursos<\/h3>\n        <p class=\"subtitulo-assinatura\">Assinatura de 1 ano ou 2 anos<\/p>\n        <div class=\"box-botao\">\n          <a class=\"btn-assinatura\" target=\"_blank\" href=\"https:\/\/www.estrategiaconcursos.com.br\/assinaturas\/\" role=\"button\" rel=\"noopener noreferrer\">ASSINE AGORA<\/a>\n        <\/div>\n      <\/div>\n      <p class=\"texto-auxiliar\"><\/p>\n    <\/div>\n    <div class=\"col-sm\">\n      <div class=\"questoes\" id=\"box-assinatura\">\n        <h3 class=\"titulo-assinatura\">Sistema de Quest\u00f5es<\/h3>\n        <p class=\"subtitulo-assinatura\">Assinatura de 1 ano ou 2 anos\n<\/p>\n        <div class=\"box-botao\">\n          <a class=\"btn-assinatura\" target=\"_blank\" href=\"https:\/\/www.estrategiaconcursos.com.br\/cursosPorConcurso\/sistema-de-questoes\/#\/\" role=\"button\" rel=\"noopener noreferrer\">ASSINE AGORA<\/a>\n        <\/div>\n      <\/div>\n      <p class=\"texto-auxiliar\"><\/p>\n    <\/div>\n  <\/div>\n<\/div>\n\n\n\n<p><\/p>\n\n\n\n<p><\/p>\n","protected":false},"excerpt":{"rendered":"<p>No presente resumo sobre o princ\u00edpio da individualiza\u00e7\u00e3o da pena, trataremos de um tema de alt\u00edssima incid\u00eancia nas provas para as carreiras policiais. Os concursos da \u00e1rea de Seguran\u00e7a P\u00fablica prometem in\u00fameras vagas neste ano. Confira aqui o levantamento realizado pela equipe do Estrat\u00e9gia. T\u00f3picos a serem vistos: Aspectos introdut\u00f3rios Fases da individualiza\u00e7\u00e3o da pena [&hellip;]<\/p>\n","protected":false},"author":2343,"featured_media":1027926,"comment_status":"open","ping_status":"closed","sticky":false,"template":"","format":"standard","meta":{"post_tipo":"article","footnotes":""},"categories":[220188,1988,220189,220190,220186,220187],"tags":[220930,220928,220929],"tax_estado":[219964,219965,219966,219967,219968,219969,219963,219970,219971,219972,219973,219974,219975,219976,219977,219978,219979,219980,219981,219982,219983,219984,219985,219986,219987,219988,219989,219990],"class_list":["post-1040533","post","type-post","status-publish","format-standard","has-post-thumbnail","hentry","category-policial-agente-penitenciario","category-policia","category-policial-guarda-civis","category-policial-peritos","category-policial-oficial","category-policial-pracas","tag-individualizacao-da-pena","tag-principio-da-individualizacao-da-pena","tag-resumo-principio-da-individualizacao-da-pena","tax_estado-ac","tax_estado-al","tax_estado-am","tax_estado-ap","tax_estado-ba","tax_estado-ce","tax_estado-concursos-federais","tax_estado-df","tax_estado-es","tax_estado-go","tax_estado-ma","tax_estado-mg","tax_estado-ms","tax_estado-mt","tax_estado-pa","tax_estado-pb","tax_estado-pe","tax_estado-pi","tax_estado-pr","tax_estado-rj","tax_estado-rn","tax_estado-ro","tax_estado-rr","tax_estado-rs","tax_estado-sc","tax_estado-se","tax_estado-sp","tax_estado-to"],"acf":[],"yoast_head":"<!-- This site is optimized with the Yoast SEO Premium plugin v27.2 (Yoast SEO v27.2) - https:\/\/yoast.com\/product\/yoast-seo-premium-wordpress\/ -->\n<title>Princ\u00edpio da Individualiza\u00e7\u00e3o da Pena: Resumo para Carreiras Policiais<\/title>\n<meta name=\"description\" content=\"Princ\u00edpio da individualiza\u00e7\u00e3o da pena. Confira tudo o que voc\u00ea precisa saber para a sua aprova\u00e7\u00e3o nos concursos das carreiras policiais.\" \/>\n<meta name=\"robots\" content=\"index, follow, max-snippet:-1, max-image-preview:large, max-video-preview:-1\" \/>\n<link rel=\"canonical\" href=\"https:\/\/www.estrategiaconcursos.com.br\/blog\/principio-individualizacao-pena\/\" \/>\n<meta property=\"og:locale\" content=\"pt_BR\" \/>\n<meta property=\"og:type\" content=\"article\" \/>\n<meta property=\"og:title\" content=\"Princ\u00edpio da Individualiza\u00e7\u00e3o da Pena: Resumo para Carreiras Policiais\" \/>\n<meta property=\"og:description\" content=\"Princ\u00edpio da individualiza\u00e7\u00e3o da pena. Confira tudo o que voc\u00ea precisa saber para a sua aprova\u00e7\u00e3o nos concursos das carreiras policiais.\" \/>\n<meta property=\"og:url\" content=\"https:\/\/www.estrategiaconcursos.com.br\/blog\/principio-individualizacao-pena\/\" \/>\n<meta property=\"og:site_name\" content=\"Estrat\u00e9gia Concursos\" \/>\n<meta property=\"article:published_time\" content=\"2022-06-13T10:41:00+00:00\" \/>\n<meta property=\"article:modified_time\" content=\"2022-06-13T17:28:34+00:00\" \/>\n<meta property=\"og:image\" content=\"https:\/\/dhg1h5j42swfq.cloudfront.net\/2022\/05\/13185533\/policiapcba2-1.jpg\" \/>\n\t<meta property=\"og:image:width\" content=\"960\" \/>\n\t<meta property=\"og:image:height\" content=\"640\" \/>\n\t<meta property=\"og:image:type\" content=\"image\/jpeg\" \/>\n<meta name=\"author\" content=\"Victor Baio do Carmo\" \/>\n<meta name=\"twitter:card\" content=\"summary_large_image\" \/>\n<meta name=\"twitter:creator\" content=\"@EstratConcursos\" \/>\n<meta name=\"twitter:site\" content=\"@EstratConcursos\" \/>\n<meta name=\"twitter:label1\" content=\"Escrito por\" \/>\n\t<meta name=\"twitter:data1\" content=\"Victor Baio do Carmo\" \/>\n\t<meta name=\"twitter:label2\" content=\"Est. tempo de leitura\" \/>\n\t<meta name=\"twitter:data2\" content=\"5 minutos\" \/>\n<script type=\"application\/ld+json\" class=\"yoast-schema-graph\">{\"@context\":\"https:\/\/schema.org\",\"@graph\":[{\"@type\":\"NewsArticle\",\"@id\":\"https:\/\/www.estrategiaconcursos.com.br\/blog\/principio-individualizacao-pena\/#article\",\"isPartOf\":{\"@id\":\"https:\/\/www.estrategiaconcursos.com.br\/blog\/principio-individualizacao-pena\/\"},\"author\":{\"name\":\"Victor Baio do Carmo\",\"@id\":\"https:\/\/www.estrategiaconcursos.com.br\/blog\/#\/schema\/person\/52a5e7b42bb3c34ccdf208f25a312eec\"},\"headline\":\"Princ\u00edpio da Individualiza\u00e7\u00e3o da Pena: Resumo para Carreiras Policiais\",\"datePublished\":\"2022-06-13T10:41:00+00:00\",\"dateModified\":\"2022-06-13T17:28:34+00:00\",\"mainEntityOfPage\":{\"@id\":\"https:\/\/www.estrategiaconcursos.com.br\/blog\/principio-individualizacao-pena\/\"},\"wordCount\":909,\"commentCount\":0,\"publisher\":{\"@id\":\"https:\/\/www.estrategiaconcursos.com.br\/blog\/#organization\"},\"image\":{\"@id\":\"https:\/\/www.estrategiaconcursos.com.br\/blog\/principio-individualizacao-pena\/#primaryimage\"},\"thumbnailUrl\":\"https:\/\/dhg1h5j42swfq.cloudfront.net\/2022\/05\/13185533\/policiapcba2-1.jpg\",\"keywords\":[\"individualiza\u00e7\u00e3o da pena\",\"princ\u00edpio da individualiza\u00e7\u00e3o da pena\",\"resumo princ\u00edpio da individualiza\u00e7\u00e3o da pena\"],\"articleSection\":[\"Policial (Agente Penitenci\u00e1rio)\",\"Policial (Agente, Escriv\u00e3o e Investigador)\",\"Policial (Guardas Civis)\",\"Policial (Peritos, Papiloscopistas)\",\"Policial (PM\/BM - Oficial)\",\"Policial (PM\/BM - Pra\u00e7as)\"],\"inLanguage\":\"pt-BR\",\"potentialAction\":[{\"@type\":\"CommentAction\",\"name\":\"Comment\",\"target\":[\"https:\/\/www.estrategiaconcursos.com.br\/blog\/principio-individualizacao-pena\/#respond\"]}],\"copyrightYear\":\"2022\",\"copyrightHolder\":{\"@id\":\"https:\/\/www.estrategiaconcursos.com.br\/blog\/#organization\"}},{\"@type\":\"WebPage\",\"@id\":\"https:\/\/www.estrategiaconcursos.com.br\/blog\/principio-individualizacao-pena\/\",\"url\":\"https:\/\/www.estrategiaconcursos.com.br\/blog\/principio-individualizacao-pena\/\",\"name\":\"Princ\u00edpio da Individualiza\u00e7\u00e3o da Pena: Resumo para Carreiras Policiais\",\"isPartOf\":{\"@id\":\"https:\/\/www.estrategiaconcursos.com.br\/blog\/#website\"},\"primaryImageOfPage\":{\"@id\":\"https:\/\/www.estrategiaconcursos.com.br\/blog\/principio-individualizacao-pena\/#primaryimage\"},\"image\":{\"@id\":\"https:\/\/www.estrategiaconcursos.com.br\/blog\/principio-individualizacao-pena\/#primaryimage\"},\"thumbnailUrl\":\"https:\/\/dhg1h5j42swfq.cloudfront.net\/2022\/05\/13185533\/policiapcba2-1.jpg\",\"datePublished\":\"2022-06-13T10:41:00+00:00\",\"dateModified\":\"2022-06-13T17:28:34+00:00\",\"description\":\"Princ\u00edpio da individualiza\u00e7\u00e3o da pena. Confira tudo o que voc\u00ea precisa saber para a sua aprova\u00e7\u00e3o nos concursos das carreiras policiais.\",\"breadcrumb\":{\"@id\":\"https:\/\/www.estrategiaconcursos.com.br\/blog\/principio-individualizacao-pena\/#breadcrumb\"},\"inLanguage\":\"pt-BR\",\"potentialAction\":[{\"@type\":\"ReadAction\",\"target\":[\"https:\/\/www.estrategiaconcursos.com.br\/blog\/principio-individualizacao-pena\/\"]}]},{\"@type\":\"ImageObject\",\"inLanguage\":\"pt-BR\",\"@id\":\"https:\/\/www.estrategiaconcursos.com.br\/blog\/principio-individualizacao-pena\/#primaryimage\",\"url\":\"https:\/\/dhg1h5j42swfq.cloudfront.net\/2022\/05\/13185533\/policiapcba2-1.jpg\",\"contentUrl\":\"https:\/\/dhg1h5j42swfq.cloudfront.net\/2022\/05\/13185533\/policiapcba2-1.jpg\",\"width\":960,\"height\":640,\"caption\":\"Teorias Sobre a Punibilidade do Crime Tentado\"},{\"@type\":\"BreadcrumbList\",\"@id\":\"https:\/\/www.estrategiaconcursos.com.br\/blog\/principio-individualizacao-pena\/#breadcrumb\",\"itemListElement\":[{\"@type\":\"ListItem\",\"position\":1,\"name\":\"In\u00edcio\",\"item\":\"https:\/\/www.estrategiaconcursos.com.br\/blog\/\"},{\"@type\":\"ListItem\",\"position\":2,\"name\":\"Princ\u00edpio da Individualiza\u00e7\u00e3o da Pena: Resumo para Carreiras Policiais\"}]},{\"@type\":\"WebSite\",\"@id\":\"https:\/\/www.estrategiaconcursos.com.br\/blog\/#website\",\"url\":\"https:\/\/www.estrategiaconcursos.com.br\/blog\/\",\"name\":\"Estrat\u00e9gia Concursos\",\"description\":\"O blog da Estrat\u00e9gia Concursos traz not\u00edcias sobre concursos e artigos de professores oferecendo cursos para concursos (pdf + videaulas) no site.\",\"publisher\":{\"@id\":\"https:\/\/www.estrategiaconcursos.com.br\/blog\/#organization\"},\"potentialAction\":[{\"@type\":\"SearchAction\",\"target\":{\"@type\":\"EntryPoint\",\"urlTemplate\":\"https:\/\/www.estrategiaconcursos.com.br\/blog\/?s={search_term_string}\"},\"query-input\":{\"@type\":\"PropertyValueSpecification\",\"valueRequired\":true,\"valueName\":\"search_term_string\"}}],\"inLanguage\":\"pt-BR\"},{\"@type\":\"Organization\",\"@id\":\"https:\/\/www.estrategiaconcursos.com.br\/blog\/#organization\",\"name\":\"Estrat\u00e9gia Concursos\",\"url\":\"https:\/\/www.estrategiaconcursos.com.br\/blog\/\",\"logo\":{\"@type\":\"ImageObject\",\"inLanguage\":\"pt-BR\",\"@id\":\"https:\/\/www.estrategiaconcursos.com.br\/blog\/#\/schema\/logo\/image\/\",\"url\":\"https:\/\/dhg1h5j42swfq.cloudfront.net\/2025\/06\/03203428\/logo_concursos-1.jpg\",\"contentUrl\":\"https:\/\/dhg1h5j42swfq.cloudfront.net\/2025\/06\/03203428\/logo_concursos-1.jpg\",\"width\":230,\"height\":60,\"caption\":\"Estrat\u00e9gia Concursos\"},\"image\":{\"@id\":\"https:\/\/www.estrategiaconcursos.com.br\/blog\/#\/schema\/logo\/image\/\"},\"sameAs\":[\"https:\/\/x.com\/EstratConcursos\"]},{\"@type\":\"Person\",\"@id\":\"https:\/\/www.estrategiaconcursos.com.br\/blog\/#\/schema\/person\/52a5e7b42bb3c34ccdf208f25a312eec\",\"name\":\"Victor Baio do Carmo\",\"image\":{\"@type\":\"ImageObject\",\"inLanguage\":\"pt-BR\",\"@id\":\"https:\/\/secure.gravatar.com\/avatar\/148fc18f2878ea373246778f423b66b836c3535ba972328844adc004c2a998d5?s=96&d=mm&r=g\",\"url\":\"https:\/\/secure.gravatar.com\/avatar\/148fc18f2878ea373246778f423b66b836c3535ba972328844adc004c2a998d5?s=96&d=mm&r=g\",\"contentUrl\":\"https:\/\/secure.gravatar.com\/avatar\/148fc18f2878ea373246778f423b66b836c3535ba972328844adc004c2a998d5?s=96&d=mm&r=g\",\"caption\":\"Victor Baio do Carmo\"},\"url\":\"https:\/\/www.estrategiaconcursos.com.br\/blog\/author\/victorbaio93gmail-com\/\"}]}<\/script>\n<!-- \/ Yoast SEO Premium plugin. -->","yoast_head_json":{"title":"Princ\u00edpio da Individualiza\u00e7\u00e3o da Pena: Resumo para Carreiras Policiais","description":"Princ\u00edpio da individualiza\u00e7\u00e3o da pena. Confira tudo o que voc\u00ea precisa saber para a sua aprova\u00e7\u00e3o nos concursos das carreiras policiais.","robots":{"index":"index","follow":"follow","max-snippet":"max-snippet:-1","max-image-preview":"max-image-preview:large","max-video-preview":"max-video-preview:-1"},"canonical":"https:\/\/www.estrategiaconcursos.com.br\/blog\/principio-individualizacao-pena\/","og_locale":"pt_BR","og_type":"article","og_title":"Princ\u00edpio da Individualiza\u00e7\u00e3o da Pena: Resumo para Carreiras Policiais","og_description":"Princ\u00edpio da individualiza\u00e7\u00e3o da pena. Confira tudo o que voc\u00ea precisa saber para a sua aprova\u00e7\u00e3o nos concursos das carreiras policiais.","og_url":"https:\/\/www.estrategiaconcursos.com.br\/blog\/principio-individualizacao-pena\/","og_site_name":"Estrat\u00e9gia Concursos","article_published_time":"2022-06-13T10:41:00+00:00","article_modified_time":"2022-06-13T17:28:34+00:00","og_image":[{"width":960,"height":640,"url":"https:\/\/dhg1h5j42swfq.cloudfront.net\/2022\/05\/13185533\/policiapcba2-1.jpg","type":"image\/jpeg"}],"author":"Victor Baio do Carmo","twitter_card":"summary_large_image","twitter_creator":"@EstratConcursos","twitter_site":"@EstratConcursos","twitter_misc":{"Escrito por":"Victor Baio do Carmo","Est. tempo de leitura":"5 minutos"},"schema":{"@context":"https:\/\/schema.org","@graph":[{"@type":"NewsArticle","@id":"https:\/\/www.estrategiaconcursos.com.br\/blog\/principio-individualizacao-pena\/#article","isPartOf":{"@id":"https:\/\/www.estrategiaconcursos.com.br\/blog\/principio-individualizacao-pena\/"},"author":{"name":"Victor Baio do Carmo","@id":"https:\/\/www.estrategiaconcursos.com.br\/blog\/#\/schema\/person\/52a5e7b42bb3c34ccdf208f25a312eec"},"headline":"Princ\u00edpio da Individualiza\u00e7\u00e3o da Pena: Resumo para Carreiras Policiais","datePublished":"2022-06-13T10:41:00+00:00","dateModified":"2022-06-13T17:28:34+00:00","mainEntityOfPage":{"@id":"https:\/\/www.estrategiaconcursos.com.br\/blog\/principio-individualizacao-pena\/"},"wordCount":909,"commentCount":0,"publisher":{"@id":"https:\/\/www.estrategiaconcursos.com.br\/blog\/#organization"},"image":{"@id":"https:\/\/www.estrategiaconcursos.com.br\/blog\/principio-individualizacao-pena\/#primaryimage"},"thumbnailUrl":"https:\/\/dhg1h5j42swfq.cloudfront.net\/2022\/05\/13185533\/policiapcba2-1.jpg","keywords":["individualiza\u00e7\u00e3o da pena","princ\u00edpio da individualiza\u00e7\u00e3o da pena","resumo princ\u00edpio da individualiza\u00e7\u00e3o da pena"],"articleSection":["Policial (Agente Penitenci\u00e1rio)","Policial (Agente, Escriv\u00e3o e Investigador)","Policial (Guardas Civis)","Policial (Peritos, Papiloscopistas)","Policial (PM\/BM - Oficial)","Policial (PM\/BM - Pra\u00e7as)"],"inLanguage":"pt-BR","potentialAction":[{"@type":"CommentAction","name":"Comment","target":["https:\/\/www.estrategiaconcursos.com.br\/blog\/principio-individualizacao-pena\/#respond"]}],"copyrightYear":"2022","copyrightHolder":{"@id":"https:\/\/www.estrategiaconcursos.com.br\/blog\/#organization"}},{"@type":"WebPage","@id":"https:\/\/www.estrategiaconcursos.com.br\/blog\/principio-individualizacao-pena\/","url":"https:\/\/www.estrategiaconcursos.com.br\/blog\/principio-individualizacao-pena\/","name":"Princ\u00edpio da Individualiza\u00e7\u00e3o da Pena: Resumo para Carreiras Policiais","isPartOf":{"@id":"https:\/\/www.estrategiaconcursos.com.br\/blog\/#website"},"primaryImageOfPage":{"@id":"https:\/\/www.estrategiaconcursos.com.br\/blog\/principio-individualizacao-pena\/#primaryimage"},"image":{"@id":"https:\/\/www.estrategiaconcursos.com.br\/blog\/principio-individualizacao-pena\/#primaryimage"},"thumbnailUrl":"https:\/\/dhg1h5j42swfq.cloudfront.net\/2022\/05\/13185533\/policiapcba2-1.jpg","datePublished":"2022-06-13T10:41:00+00:00","dateModified":"2022-06-13T17:28:34+00:00","description":"Princ\u00edpio da individualiza\u00e7\u00e3o da pena. Confira tudo o que voc\u00ea precisa saber para a sua aprova\u00e7\u00e3o nos concursos das carreiras policiais.","breadcrumb":{"@id":"https:\/\/www.estrategiaconcursos.com.br\/blog\/principio-individualizacao-pena\/#breadcrumb"},"inLanguage":"pt-BR","potentialAction":[{"@type":"ReadAction","target":["https:\/\/www.estrategiaconcursos.com.br\/blog\/principio-individualizacao-pena\/"]}]},{"@type":"ImageObject","inLanguage":"pt-BR","@id":"https:\/\/www.estrategiaconcursos.com.br\/blog\/principio-individualizacao-pena\/#primaryimage","url":"https:\/\/dhg1h5j42swfq.cloudfront.net\/2022\/05\/13185533\/policiapcba2-1.jpg","contentUrl":"https:\/\/dhg1h5j42swfq.cloudfront.net\/2022\/05\/13185533\/policiapcba2-1.jpg","width":960,"height":640,"caption":"Teorias Sobre a Punibilidade do Crime Tentado"},{"@type":"BreadcrumbList","@id":"https:\/\/www.estrategiaconcursos.com.br\/blog\/principio-individualizacao-pena\/#breadcrumb","itemListElement":[{"@type":"ListItem","position":1,"name":"In\u00edcio","item":"https:\/\/www.estrategiaconcursos.com.br\/blog\/"},{"@type":"ListItem","position":2,"name":"Princ\u00edpio da Individualiza\u00e7\u00e3o da Pena: Resumo para Carreiras Policiais"}]},{"@type":"WebSite","@id":"https:\/\/www.estrategiaconcursos.com.br\/blog\/#website","url":"https:\/\/www.estrategiaconcursos.com.br\/blog\/","name":"Estrat\u00e9gia Concursos","description":"O blog da Estrat\u00e9gia Concursos traz not\u00edcias sobre concursos e artigos de professores oferecendo cursos para concursos (pdf + videaulas) no site.","publisher":{"@id":"https:\/\/www.estrategiaconcursos.com.br\/blog\/#organization"},"potentialAction":[{"@type":"SearchAction","target":{"@type":"EntryPoint","urlTemplate":"https:\/\/www.estrategiaconcursos.com.br\/blog\/?s={search_term_string}"},"query-input":{"@type":"PropertyValueSpecification","valueRequired":true,"valueName":"search_term_string"}}],"inLanguage":"pt-BR"},{"@type":"Organization","@id":"https:\/\/www.estrategiaconcursos.com.br\/blog\/#organization","name":"Estrat\u00e9gia Concursos","url":"https:\/\/www.estrategiaconcursos.com.br\/blog\/","logo":{"@type":"ImageObject","inLanguage":"pt-BR","@id":"https:\/\/www.estrategiaconcursos.com.br\/blog\/#\/schema\/logo\/image\/","url":"https:\/\/dhg1h5j42swfq.cloudfront.net\/2025\/06\/03203428\/logo_concursos-1.jpg","contentUrl":"https:\/\/dhg1h5j42swfq.cloudfront.net\/2025\/06\/03203428\/logo_concursos-1.jpg","width":230,"height":60,"caption":"Estrat\u00e9gia Concursos"},"image":{"@id":"https:\/\/www.estrategiaconcursos.com.br\/blog\/#\/schema\/logo\/image\/"},"sameAs":["https:\/\/x.com\/EstratConcursos"]},{"@type":"Person","@id":"https:\/\/www.estrategiaconcursos.com.br\/blog\/#\/schema\/person\/52a5e7b42bb3c34ccdf208f25a312eec","name":"Victor Baio do Carmo","image":{"@type":"ImageObject","inLanguage":"pt-BR","@id":"https:\/\/secure.gravatar.com\/avatar\/148fc18f2878ea373246778f423b66b836c3535ba972328844adc004c2a998d5?s=96&d=mm&r=g","url":"https:\/\/secure.gravatar.com\/avatar\/148fc18f2878ea373246778f423b66b836c3535ba972328844adc004c2a998d5?s=96&d=mm&r=g","contentUrl":"https:\/\/secure.gravatar.com\/avatar\/148fc18f2878ea373246778f423b66b836c3535ba972328844adc004c2a998d5?s=96&d=mm&r=g","caption":"Victor Baio do Carmo"},"url":"https:\/\/www.estrategiaconcursos.com.br\/blog\/author\/victorbaio93gmail-com\/"}]}},"_links":{"self":[{"href":"https:\/\/www.estrategiaconcursos.com.br\/blog\/wp-json\/wp\/v2\/posts\/1040533","targetHints":{"allow":["GET"]}}],"collection":[{"href":"https:\/\/www.estrategiaconcursos.com.br\/blog\/wp-json\/wp\/v2\/posts"}],"about":[{"href":"https:\/\/www.estrategiaconcursos.com.br\/blog\/wp-json\/wp\/v2\/types\/post"}],"author":[{"embeddable":true,"href":"https:\/\/www.estrategiaconcursos.com.br\/blog\/wp-json\/wp\/v2\/users\/2343"}],"replies":[{"embeddable":true,"href":"https:\/\/www.estrategiaconcursos.com.br\/blog\/wp-json\/wp\/v2\/comments?post=1040533"}],"version-history":[{"count":3,"href":"https:\/\/www.estrategiaconcursos.com.br\/blog\/wp-json\/wp\/v2\/posts\/1040533\/revisions"}],"predecessor-version":[{"id":1044211,"href":"https:\/\/www.estrategiaconcursos.com.br\/blog\/wp-json\/wp\/v2\/posts\/1040533\/revisions\/1044211"}],"wp:featuredmedia":[{"embeddable":true,"href":"https:\/\/www.estrategiaconcursos.com.br\/blog\/wp-json\/wp\/v2\/media\/1027926"}],"wp:attachment":[{"href":"https:\/\/www.estrategiaconcursos.com.br\/blog\/wp-json\/wp\/v2\/media?parent=1040533"}],"wp:term":[{"taxonomy":"category","embeddable":true,"href":"https:\/\/www.estrategiaconcursos.com.br\/blog\/wp-json\/wp\/v2\/categories?post=1040533"},{"taxonomy":"post_tag","embeddable":true,"href":"https:\/\/www.estrategiaconcursos.com.br\/blog\/wp-json\/wp\/v2\/tags?post=1040533"},{"taxonomy":"tax_estado","embeddable":true,"href":"https:\/\/www.estrategiaconcursos.com.br\/blog\/wp-json\/wp\/v2\/tax_estado?post=1040533"}],"curies":[{"name":"wp","href":"https:\/\/api.w.org\/{rel}","templated":true}]}}