{"id":1040468,"date":"2022-07-14T00:00:00","date_gmt":"2022-07-14T03:00:00","guid":{"rendered":"https:\/\/www.estrategiaconcursos.com.br\/blog\/?p=1040468"},"modified":"2026-03-16T15:05:26","modified_gmt":"2026-03-16T18:05:26","slug":"concurso-pm-es-edital-publicado-oficial","status":"publish","type":"post","link":"https:\/\/www.estrategiaconcursos.com.br\/blog\/concurso-pm-es-edital-publicado-oficial\/","title":{"rendered":"Edital PM ES Oficial: inscri\u00e7\u00f5es encerradas para 59 vagas"},"content":{"rendered":"\n<p>Est\u00e3o encerradas as inscri\u00e7\u00f5es do <strong>edital PM ES<\/strong> <strong>Oficial<\/strong> com 59 vagas para diferentes cargos de n\u00edvel superior. <\/p>\n\n\n\n<p>Os interessados em participar da sele\u00e7\u00e3o puderam se inscrever at\u00e9 o dia 14 de julho, no site da banca organizadora, Instituto AOCP, ao custo de R$ 82,00.<\/p>\n\n\n\n<p>As oportunidades s\u00e3o para as carreiras de Oficiais M\u00e9dicos, Oficiais Dentistas, Oficiais Enfermeiros, Oficiais Farmac\u00eauticos Bioqu\u00edmicos, Oficiais M\u00e9dicos Veterin\u00e1rios e Oficiais M\u00fasicos.<\/p>\n\n\n\n<ul class=\"wp-block-list has-very-light-gray-to-cyan-bluish-gray-gradient-background has-background\">\n<li><strong>Banca:<\/strong> Instituto AOCP<\/li>\n\n\n\n<li><strong>Vagas<\/strong>: 59<\/li>\n\n\n\n<li><strong>Cargos:<\/strong>&nbsp;Oficiais<\/li>\n\n\n\n<li><strong>Sal\u00e1rio:<\/strong>&nbsp;R$ 9.478,27 a R$ 11.006,75<\/li>\n\n\n\n<li><strong>Editais Oficiais<\/strong>: <a href=\"https:\/\/dhg1h5j42swfq.cloudfront.net\/2022\/06\/14081502\/edital-pm-es-oficial-saude.pdf\" target=\"_blank\" rel=\"noreferrer noopener nofollow\">Oficial Sa\u00fade<\/a> | <a href=\"https:\/\/dhg1h5j42swfq.cloudfront.net\/2022\/06\/14081456\/edital-pm-es-oficial-musico.pdf\" target=\"_blank\" rel=\"noreferrer noopener nofollow\">Oficial M\u00fasico<\/a><\/li>\n<\/ul>\n\n\n\n<div id=\"boxes\" class=\"container\">\n<div class=\"row\">\n<div class=\"col-sm\">\n<div id=\"box-assinatura\" class=\"banner-policial\">\n<h3 class=\"titulo-assinatura\">Concurso PM ES<\/h3>\n<p class=\"subtitulo-assinatura\">Conhe\u00e7a os cursos<\/p>\n<div class=\"box-botao\"><a class=\"btn-assinatura\" role=\"button\" href=\"https:\/\/www.estrategiaconcursos.com.br\/cursosPorConcurso\/policia-militar-do-espirito-santo-pm-es\/\" target=\"_blank\" rel=\"noopener noreferrer\">Conhe\u00e7a mais<\/a><\/div>\n<\/div>\n\n<\/div>\n<\/div>\n<\/div>\n\n\n\n<h2 class=\"wp-block-heading\" id=\"datas\">Principais datas do edital PM ES Oficial<\/h2>\n\n\n\n<ul class=\"wp-block-list\">\n<li><strong>Inscri\u00e7\u00f5es<\/strong>: <s>14 de junho a 14 de julho de 2022<\/s><\/li>\n\n\n\n<li><strong>Isen\u00e7\u00e3o da taxa<\/strong>: <s>14 a 17 de junho de 2022<\/s><\/li>\n\n\n\n<li><strong>\u00daltimo dia para pagamento<\/strong>: 15 de julho de 2022<\/li>\n\n\n\n<li><strong>Prova<\/strong>: 21 de agosto de 2022<\/li>\n<\/ul>\n\n\n\n<h2 class=\"wp-block-heading\" id=\"cargos-vagas\">Cargos e vagas do edital PM ES Oficial <\/h2>\n\n\n\n<p>Confira as vagas ofertadas para o cargo de Oficial da PM ES:<\/p>\n\n\n\n<figure class=\"wp-block-table is-style-stripes\"><table class=\"has-very-light-gray-to-cyan-bluish-gray-gradient-background has-background has-fixed-layout\"><thead><tr><th class=\"has-text-align-center\" data-align=\"center\"> Cargos <\/th><th class=\"has-text-align-center\" data-align=\"center\"> Vagas <\/th><th class=\"has-text-align-center\" data-align=\"center\">Remunera\u00e7\u00e3o<\/th><\/tr><\/thead><tbody><tr><td class=\"has-text-align-center\" data-align=\"center\">Oficiais M\u00e9dicos (QOM)<\/td><td class=\"has-text-align-center\" data-align=\"center\">20<\/td><td class=\"has-text-align-center\" data-align=\"center\">R$ 9.478,27 + R$ 300,00 (aux\u00edlio-alimenta\u00e7\u00e3o)<\/td><\/tr><tr><td class=\"has-text-align-center\" data-align=\"center\">Oficiais Dentistas (QOD)<\/td><td class=\"has-text-align-center\" data-align=\"center\">20<\/td><td class=\"has-text-align-center\" data-align=\"center\">R$ 9.478,27 + R$ 300,00 (aux\u00edlio-alimenta\u00e7\u00e3o)<\/td><\/tr><tr><td class=\"has-text-align-center\" data-align=\"center\">Oficiais Enfermeiros (QOE)<\/td><td class=\"has-text-align-center\" data-align=\"center\">10<\/td><td class=\"has-text-align-center\" data-align=\"center\">R$ 9.478,27 + R$ 300,00 (aux\u00edlio-alimenta\u00e7\u00e3o)<\/td><\/tr><tr><td class=\"has-text-align-center\" data-align=\"center\">Oficiais Farmac\u00eauticos Bioqu\u00edmicos (QOFB)<\/td><td class=\"has-text-align-center\" data-align=\"center\">05<\/td><td class=\"has-text-align-center\" data-align=\"center\">R$ 9.478,27 + R$ 300,00 (aux\u00edlio-alimenta\u00e7\u00e3o)<\/td><\/tr><tr><td class=\"has-text-align-center\" data-align=\"center\">Oficiais M\u00e9dicos Veterin\u00e1rios (QOMV)<\/td><td class=\"has-text-align-center\" data-align=\"center\">02<\/td><td class=\"has-text-align-center\" data-align=\"center\">R$ 9.478,27 + R$ 300,00 (aux\u00edlio-alimenta\u00e7\u00e3o)<\/td><\/tr><tr><td class=\"has-text-align-center\" data-align=\"center\">Oficiais M\u00fasicos (QOMus)<\/td><td class=\"has-text-align-center\" data-align=\"center\">02<\/td><td class=\"has-text-align-center\" data-align=\"center\">R$ 11.006,75 + R$ 300,00 (aux\u00edlio-alimenta\u00e7\u00e3o)<\/td><\/tr><\/tbody><\/table><\/figure>\n\n\n\n<h2 class=\"wp-block-heading\" id=\"etapas\">Etapas e provas do concurso PM ES Oficial <\/h2>\n\n\n\n<p>Os candidatos de Oficial do edital PM ES ser\u00e3o avaliados atrav\u00e9s das seguintes etapas:<\/p>\n\n\n\n<ul class=\"wp-block-list\">\n<li><strong>Prova Objetiva \u2013<\/strong> eliminat\u00f3rio e classificat\u00f3rio;<\/li>\n\n\n\n<li><strong>Prova Discursiva<\/strong> <strong>\u2013<\/strong> eliminat\u00f3rio e classificat\u00f3rio;<\/li>\n\n\n\n<li><strong>Entrega de Documenta\u00e7\u00e3o para Aferi\u00e7\u00e3o de Idade e dos T\u00edtulos<\/strong> <strong>\u2013<\/strong> eliminat\u00f3rio;<\/li>\n\n\n\n<li><strong>Teste de Aptid\u00e3o F\u00edsica<\/strong> <strong>\u2013<\/strong> eliminat\u00f3rio;<\/li>\n\n\n\n<li><strong>Avalia\u00e7\u00e3o Psicol\u00f3gica  \u2013<\/strong> eliminat\u00f3rio;<\/li>\n\n\n\n<li><strong>Prova Pr\u00e1tica de M\u00fasica <\/strong> <strong>\u2013<\/strong> eliminat\u00f3rio (somente para M\u00fasicos);<\/li>\n\n\n\n<li><strong>Investiga\u00e7\u00e3o Social  \u2013<\/strong> eliminat\u00f3rio;<\/li>\n\n\n\n<li><strong>Inspe\u00e7\u00e3o de Sa\u00fade<\/strong>  <strong>\u2013<\/strong> eliminat\u00f3rio.<\/li>\n<\/ul>\n\n\n\n<p>As Provas Objetiva e Discursiva ser\u00e3o aplicadas nas cidades de: <\/p>\n\n\n\n<ul class=\"wp-block-list\">\n<li>Cachoeiro de Itapemirim, <\/li>\n\n\n\n<li>Colatina, <\/li>\n\n\n\n<li>Linhares, <\/li>\n\n\n\n<li>Nova Ven\u00e9cia, <\/li>\n\n\n\n<li>S\u00e3o Mateus, <\/li>\n\n\n\n<li>Venda Nova do Imigrante e<\/li>\n\n\n\n<li>Grande Vit\u00f3ria (Vit\u00f3ria, Vila Velha, Serra).<\/li>\n<\/ul>\n\n\n\n<p>Todas no Estado do Esp\u00edrito Santo, podendo ser aplicadas tamb\u00e9m em cidades vizinhas, caso o n\u00famero de inscritos exceda a capacidade de aloca\u00e7\u00e3o do munic\u00edpio escolhido.<\/p>\n\n\n\n<h3 class=\"wp-block-heading\" id=\"objetiva\">Provas Objetivas<\/h3>\n\n\n\n<p>A Prova Objetiva ser\u00e1 composta de&nbsp;80 quest\u00f5es, distribu\u00eddas por \u00e1reas de conhecimento. Cada quest\u00e3o da Prova Objetiva ter\u00e1 5 alternativas, sendo que cada quest\u00e3o ter\u00e1 apenas uma alternativa correta. <\/p>\n\n\n\n<p>As disciplinas cobradas ser\u00e3o: <\/p>\n\n\n\n<p><strong>CAPIT\u00c3O DO QUADRO DE OFICIAIS M\u00daSICOS (QOMUS)<\/strong><\/p>\n\n\n\n<ul class=\"wp-block-list\">\n<li>L\u00edngua Portuguesa: 25 quest\u00f5es<\/li>\n\n\n\n<li>Racioc\u00ednio L\u00f3gico e Matem\u00e1tico: 25 quest\u00f5es<\/li>\n\n\n\n<li>Conhecimento Espec\u00edfico: 30 quest\u00f5es<\/li>\n<\/ul>\n\n\n\n<p><strong>1\u00ba TENENTE DO QUADRO DE OFICIAIS M\u00c9DICOS (QOM)<\/strong><\/p>\n\n\n\n<ul class=\"wp-block-list\">\n<li>Conhecimentos em Sa\u00fade P\u00fablica e Gest\u00e3o de Sa\u00fade: 25 quest\u00f5es<\/li>\n\n\n\n<li>Conhecimentos em Medicina: 25&nbsp;quest\u00f5es<\/li>\n\n\n\n<li>Conhecimentos Espec\u00edficos: 30 quest\u00f5es<\/li>\n<\/ul>\n\n\n\n<p><strong>1\u00ba TENENTE DO QUADRO DE OFICIAIS DO QUADRO DE OFICIAIS FARMAC\u00caUTICOS BIOQU\u00cdMICOS (QOFB)<\/strong><\/p>\n\n\n\n<ul class=\"wp-block-list\">\n<li>Conhecimentos em Sa\u00fade P\u00fablica e Gest\u00e3o de Sa\u00fade: 25 quest\u00f5es<\/li>\n\n\n\n<li>Conhecimentos em Farm\u00e1cia e Bioqu\u00edmica: 55 quest\u00f5es<\/li>\n<\/ul>\n\n\n\n<p><strong>1\u00ba TENENTE DO QUADRO DE OFICIAIS DO QUADRO DE SA\u00daDE DE OFICIAIS DENTISTAS (QOD)<\/strong><\/p>\n\n\n\n<ul class=\"wp-block-list\">\n<li>Conhecimentos em Sa\u00fade P\u00fablica e Gest\u00e3o de Sa\u00fade: 25 quest\u00f5es<\/li>\n\n\n\n<li>Conhecimentos em Odontologia: 25 quest\u00f5es<\/li>\n\n\n\n<li>Conhecimentos Espec\u00edficos: 30 quest\u00f5es<\/li>\n<\/ul>\n\n\n\n<p><strong>1\u00ba TENENTE DO QUADRO DE OFICIAIS ENFERMEIROS (QOE)<\/strong><\/p>\n\n\n\n<ul class=\"wp-block-list\">\n<li>Conhecimentos em Sa\u00fade P\u00fablica e Gest\u00e3o de Sa\u00fade: 25 quest\u00f5es<\/li>\n\n\n\n<li>Conhecimentos em Enfermagem: 55 quest\u00f5es<\/li>\n<\/ul>\n\n\n\n<p><strong>1\u00ba TENENTE DO QUADRO DE OFICIAIS M\u00c9DICOS VETERIN\u00c1RIOS<\/strong><\/p>\n\n\n\n<ul class=\"wp-block-list\">\n<li>Conhecimentos em Sa\u00fade P\u00fablica e Gest\u00e3o de Sa\u00fade: 25 quest\u00f5es<\/li>\n\n\n\n<li>Conhecimentos em Medicina Veterin\u00e1ria: 55 quest\u00f5es<\/li>\n<\/ul>\n\n\n\n<p>O candidato, para ser aprovado na Prova Objetiva do concurso PM ES dever\u00e1, al\u00e9m de n\u00e3o ser eliminado por outros crit\u00e9rios:<\/p>\n\n\n\n<ul class=\"wp-block-list\">\n<li>Obter, no m\u00ednimo, 40% da pontua\u00e7\u00e3o m\u00e1xima poss\u00edvel; <\/li>\n\n\n\n<li>Obter, no m\u00ednimo, 20% da pontua\u00e7\u00e3o m\u00e1xima poss\u00edvel em cada \u00e1rea de conhecimento.<\/li>\n<\/ul>\n\n\n\n<h3 class=\"wp-block-heading\" id=\"discursiva\">Prova Discursiva<\/h3>\n\n\n\n<p>Para Oficiais de Sa\u00fade,&nbsp;a Prova Discursiva ser\u00e1 composta por uma quest\u00e3o de Conhecimentos B\u00e1sicos de Sa\u00fade P\u00fablica e Gest\u00e3o de Sa\u00fade, com pontua\u00e7\u00e3o m\u00e1xima de&nbsp;30 pontos. <\/p>\n\n\n\n<p>O candidato dever\u00e1 ficar atento, uma vez que para n\u00e3o ser eliminado do concurso p\u00fablico \u00e9 necess\u00e1rio obter 10 pontos ou mais do total da pontua\u00e7\u00e3o prevista para a Prova Discursiva.<\/p>\n\n\n\n<p>Para o cargo de&nbsp;Oficial M\u00fasico, essa etapa ser\u00e1 composta por uma quest\u00e3o de Conhecimentos espec\u00edficos de M\u00fasica, em tema que ser\u00e1 comum a todos os candidatos e ter\u00e1 a pontua\u00e7\u00e3o m\u00e1xima de<strong>&nbsp;<\/strong>40 pontos. <\/p>\n\n\n\n<p>O candidato dever\u00e1 obter 20 pontos ou mais do total da pontua\u00e7\u00e3o prevista para a Prova Discursiva para n\u00e3o ser eliminado do Concurso P\u00fablico.<\/p>\n\n\n\n<h3 class=\"wp-block-heading\" id=\"titulos\">Avalia\u00e7\u00e3o de T\u00edtulos<\/h3>\n\n\n\n<p>Todos os documentos que se pretende pontuar dever\u00e3o ser preenchidos numa \u00fanica vez no formul\u00e1rio de cadastro de t\u00edtulos. Essa etapa ser\u00e1 avaliada numa escala de&nbsp;0 a 14 pontos apenas para Oficial de Sa\u00fade.<\/p>\n\n\n\n<p>Somente ser\u00e3o aceitos documentos apresentados em papel com timbre do \u00f3rg\u00e3o emissor e respectivos registros, e se deles constarem todos os dados necess\u00e1rios \u00e0 identifica\u00e7\u00e3o das institui\u00e7\u00f5es, dos \u00f3rg\u00e3os expedidores e \u00e0 perfeita avalia\u00e7\u00e3o do documento.<\/p>\n\n\n\n<p>Veja abaixo a pontua\u00e7\u00e3o dada para cada t\u00edtulo e para cada cargo ofertado:<\/p>\n\n\n\n<ul class=\"wp-block-list\">\n<li><strong>Cargo de&nbsp;1\u00ba Tenente do Quadro de Oficiais M\u00e9dicos (QOM) \u2013 (todas as especialidades)<\/strong>\n<ul class=\"wp-block-list\">\n<li>Diploma de curso de p\u00f3s-gradua\u00e7\u00e3o em n\u00edvel de doutorado (t\u00edtulo de doutor) na \u00e1rea do cargo a que concorre. Tamb\u00e9m ser\u00e1 aceito certificado\/declara\u00e7\u00e3o de conclus\u00e3o de curso de doutorado na \u00e1rea do cargo a que concorre, desde que acompanhado de hist\u00f3rico escolar:&nbsp;5 pontos por t\u00edtulo, podendo alcan\u00e7ar a pontua\u00e7\u00e3o m\u00e1xima de 5 pontos.&nbsp;<\/li>\n\n\n\n<li>Diploma de curso de p\u00f3s-gradua\u00e7\u00e3o em n\u00edvel de mestrado (t\u00edtulo de mestre) na \u00e1rea do cargo a que concorre. Tamb\u00e9m ser\u00e1 aceito certificado\/declara\u00e7\u00e3o de conclus\u00e3o de curso de mestrado na \u00e1rea do cargo a que concorre, desde que acompanhado de hist\u00f3rico escolar:<strong>&nbsp;<\/strong>3 pontos por t\u00edtulo, podendo alcan\u00e7ar a pontua\u00e7\u00e3o m\u00e1xima de 3 pontos.<\/li>\n\n\n\n<li>Resid\u00eancia m\u00e9dica em especialidade diferente a que concorre:&nbsp;2 pontos por t\u00edtulo, podendo alcan\u00e7ar at\u00e9 4 pontos.<\/li>\n\n\n\n<li>Certificado de curso de p\u00f3s-gradua\u00e7\u00e3o em n\u00edvel de especializa\u00e7\u00e3o, presente na lista de especialidades m\u00e9dicas e de \u00e1reas de atua\u00e7\u00e3o, diferente da especialidade a que concorre. Tamb\u00e9m ser\u00e1 aceita a declara\u00e7\u00e3o de conclus\u00e3o de p\u00f3s-gradua\u00e7\u00e3o, em n\u00edvel de especializa\u00e7\u00e3o em especialidade diferente a que concorre, desde que acompanhada de hist\u00f3rico escolar:&nbsp;1 ponto por t\u00edtulo, podendo alcan\u00e7ar at\u00e9 2 pontos.&nbsp;<\/li>\n<\/ul>\n<\/li>\n<\/ul>\n\n\n\n<ul class=\"wp-block-list\">\n<li><strong>Cargo de 1\u00ba Tenente do Quadro de Oficiais Farmac\u00eauticos Bioqu\u00edmicos (QOFB)<\/strong>\n<ul class=\"wp-block-list\">\n<li>Diploma de curso de p\u00f3s-gradua\u00e7\u00e3o em n\u00edvel de doutorado (t\u00edtulo de doutor) na especialidade do cargo a que concorre. Tamb\u00e9m ser\u00e1 aceito certificado\/declara\u00e7\u00e3o de conclus\u00e3o de curso de doutorado na \u00e1rea do cargo a que concorre, desde que acompanhado de hist\u00f3rico escolar:&nbsp;6 pontos por t\u00edtulo, podendo alcan\u00e7ar at\u00e9 6 pontos.&nbsp;<\/li>\n\n\n\n<li>Diploma de curso de p\u00f3s-gradua\u00e7\u00e3o em n\u00edvel de mestrado (t\u00edtulo de mestre) na especialidade do cargo a que concorre. Tamb\u00e9m ser\u00e1 aceito certificado\/declara\u00e7\u00e3o de conclus\u00e3o de curso de mestrado na \u00e1rea do cargo a que concorre, desde que acompanhado de hist\u00f3rico escolar:&nbsp;3 pontos por t\u00edtulo, podendo alcan\u00e7ar at\u00e9 6 pontos.&nbsp;<\/li>\n\n\n\n<li>Certificado de curso de p\u00f3s-gradua\u00e7\u00e3o em n\u00edvel de especializa\u00e7\u00e3o na especialidade do cargo a que concorre. Tamb\u00e9m ser\u00e1 aceita a declara\u00e7\u00e3o de conclus\u00e3o de p\u00f3s-gradua\u00e7\u00e3o, em n\u00edvel de especializa\u00e7\u00e3o na \u00e1rea do cargo a que concorre, desde que acompanhada de hist\u00f3rico escolar:<strong>&nbsp;<\/strong>1 ponto por t\u00edtulo, podendo alcan\u00e7ar at\u00e9 2 pontos.&nbsp;<\/li>\n<\/ul>\n<\/li>\n<\/ul>\n\n\n\n<ul class=\"wp-block-list\">\n<li><strong>Cargo de 1\u00ba Tenente do Quadro de Oficiais Dentistas (QOD)<\/strong>\n<ul class=\"wp-block-list\">\n<li>Diploma de curso de p\u00f3s-gradua\u00e7\u00e3o em n\u00edvel de doutorado (t\u00edtulo de doutor) na \u00e1rea do cargo a que concorre. Tamb\u00e9m ser\u00e1 aceito certificado\/declara\u00e7\u00e3o de conclus\u00e3o de curso de doutorado na \u00e1rea do cargo a que concorre, desde que acompanhado de hist\u00f3rico escolar:&nbsp;5<strong> <\/strong>pontos por t\u00edtulo, podendo ter no m\u00e1ximo 5 pontos.&nbsp;<\/li>\n\n\n\n<li>Diploma de curso de p\u00f3s-gradua\u00e7\u00e3o em n\u00edvel de mestrado (t\u00edtulo de mestre) na \u00e1rea do cargo a que concorre. Tamb\u00e9m ser\u00e1 aceito certificado\/declara\u00e7\u00e3o de conclus\u00e3o de curso de mestrado na \u00e1rea do cargo a que concorre, desde que acompanhado de hist\u00f3rico escolar:&nbsp;3 pontos por t\u00edtulo, podendo ter no m\u00e1ximo 3 pontos.&nbsp;<\/li>\n\n\n\n<li>Resid\u00eancia odontol\u00f3gica em especialidade diferente a que concorre:&nbsp;2 pontos por t\u00edtulo, podendo ter no m\u00e1ximo 4 pontos.&nbsp;<\/li>\n\n\n\n<li>Certificado de curso de p\u00f3s-gradua\u00e7\u00e3o em n\u00edvel de especializa\u00e7\u00e3o, em \u00e1rea diferente a especialidade a que concorre. Tamb\u00e9m ser\u00e1 aceita a declara\u00e7\u00e3o de conclus\u00e3o de p\u00f3s \u2013 gradua\u00e7\u00e3o em n\u00edvel de especializa\u00e7\u00e3o na \u00e1rea do cargo a que concorre, desde que acompanhada de hist\u00f3rico escolar:&nbsp;1 ponto por t\u00edtulo, podendo ter no m\u00e1ximo 2 pontos.&nbsp;<\/li>\n<\/ul>\n<\/li>\n<\/ul>\n\n\n\n<ul class=\"wp-block-list\">\n<li><strong>Cargo de&nbsp; 1\u00ba Tenente do Quadro de Oficiais Enfermeiros<\/strong>\n<ul class=\"wp-block-list\">\n<li>Diploma de curso de p\u00f3s-gradua\u00e7\u00e3o em n\u00edvel de doutorado (t\u00edtulo de doutor) na especialidade do cargo a que concorre. Tamb\u00e9m ser\u00e1 aceito certificado\/declara\u00e7\u00e3o de conclus\u00e3o de curso de doutorado na \u00e1rea do cargo a que concorre, desde que acompanhado de hist\u00f3rico escolar:&nbsp;<strong>5<\/strong> pontos por t\u00edtulo, podendo ter no m\u00e1ximo 5 pontos.&nbsp;<\/li>\n\n\n\n<li>Diploma de curso de p\u00f3s-gradua\u00e7\u00e3o em n\u00edvel de mestrado (t\u00edtulo de mestre) na especialidade do cargo a que concorre. Tamb\u00e9m ser\u00e1 aceito certificado\/declara\u00e7\u00e3o de conclus\u00e3o de curso de mestrado na \u00e1rea do cargo a que concorre, desde que acompanhado de hist\u00f3rico escolar:&nbsp;3 pontos por t\u00edtulo, podendo ter no m\u00e1ximo 3 pontos.&nbsp;<\/li>\n\n\n\n<li>Resid\u00eancia em enfermagem:&nbsp;2 pontos por t\u00edtulo, podendo ter no m\u00e1ximo 4 pontos.&nbsp;<\/li>\n\n\n\n<li>Certificado de curso de p\u00f3s-gradua\u00e7\u00e3o em n\u00edvel de especializa\u00e7\u00e3o na especialidade do cargo a que concorre. Tamb\u00e9m ser\u00e1 aceita a declara\u00e7\u00e3o de conclus\u00e3o de p\u00f3s-gradua\u00e7\u00e3o, em n\u00edvel de especializa\u00e7\u00e3o na \u00e1rea do cargo a que concorre, desde que acompanhada de hist\u00f3rico escolar:&nbsp;ponto por t\u00edtulo, podendo ter no m\u00e1ximo 2 pontos.&nbsp;<\/li>\n<\/ul>\n<\/li>\n<\/ul>\n\n\n\n<ul class=\"wp-block-list\">\n<li><strong>Cargo de 1\u00ba Tenente do Quadro de Oficiais M\u00e9dicos Veterin\u00e1rios (QOMV)<\/strong>\n<ul class=\"wp-block-list\">\n<li>Diploma de curso de p\u00f3s-gradua\u00e7\u00e3o em n\u00edvel de doutorado (t\u00edtulo de doutor) na especialidade do cargo a que concorre. Tamb\u00e9m ser\u00e1 aceito certificado\/declara\u00e7\u00e3o de conclus\u00e3o de curso de doutorado na \u00e1rea do cargo a que concorre, desde que acompanhado de hist\u00f3rico escolar:&nbsp;6 pontos por t\u00edtulo, podendo alcan\u00e7ar at\u00e9 6 pontos.&nbsp;<\/li>\n\n\n\n<li>Diploma de curso de p\u00f3s-gradua\u00e7\u00e3o em n\u00edvel de mestrado (t\u00edtulo de mestre) na especialidade do cargo a que concorre. Tamb\u00e9m ser\u00e1 aceito certificado\/declara\u00e7\u00e3o de conclus\u00e3o de curso de mestrado na \u00e1rea do cargo a que concorre, desde que acompanhado de hist\u00f3rico escolar:&nbsp;3 pontos por t\u00edtulo, podendo alcan\u00e7ar at\u00e9 6 pontos.&nbsp;<\/li>\n\n\n\n<li>Certificado de curso de p\u00f3s-gradua\u00e7\u00e3o em n\u00edvel de especializa\u00e7\u00e3o na especialidade do cargo a que concorre. Tamb\u00e9m ser\u00e1 aceita a declara\u00e7\u00e3o de conclus\u00e3o de p\u00f3s-gradua\u00e7\u00e3o, em n\u00edvel de especializa\u00e7\u00e3o na \u00e1rea do cargo a que concorre, desde que acompanhada de hist\u00f3rico escolar:&nbsp;1 ponto por t\u00edtulo, podendo alcan\u00e7ar at\u00e9 2 pontos.&nbsp;<\/li>\n<\/ul>\n<\/li>\n<\/ul>\n\n\n\n<h3 class=\"wp-block-heading\" id=\"pratica\">Prova Pr\u00e1tica<\/h3>\n\n\n\n<p>Essa etapa ser\u00e1 apenas para o cargo de Oficial M\u00fasico&nbsp;e ser\u00e1 realizada no Quartel do Comando Geral da PMES, sito \u00e0 Avenida Maru\u00edpe, n\u00ba 2111,&nbsp;Bairro S\u00e3o Crist\u00f3v\u00e3o, na Cidade de Vit\u00f3ria\/ES.<\/p>\n\n\n\n<p>A Prova Pr\u00e1tica de M\u00fasica do edital PM ES poder\u00e1 ser realizada concomitantemente com outras etapas, e ser\u00e1 aplicada de acordo com os crit\u00e9rios descritos abaixo:<\/p>\n\n\n\n<ul class=\"wp-block-list\">\n<li><strong>1 &#8211; Primeira Parte<\/strong>: Ditado Musical. A prova ter\u00e1 o valor de 5 pontos. O Ditado Musical ser\u00e1 aplicado coletivamente, onde o candidato dever\u00e1 transcrever para a pauta musical, uma melodia in\u00e9dita que ser\u00e1 executada ao piano, teclado ou meios eletr\u00f4nicos que caracterizem instrumento musical temperado. <span style=\"text-decoration: underline;\">Dura\u00e7\u00e3o<\/span>: 120 min.<\/li>\n\n\n\n<li><strong>2 &#8211; Segunda Parte<\/strong>: Solfejo Musical e An\u00e1lise Musical. A prova ter\u00e1 o valor de 5 pontos para o Solfejo Musical e 5 pontos para a An\u00e1lise Musical. O candidato receber\u00e1 uma pe\u00e7a musical para fazer a An\u00e1lise Musical; durante esta prova, o candidato ser\u00e1 chamado \u00e0 outra sala, por ordem de inscri\u00e7\u00e3o, para a execu\u00e7\u00e3o do Solfejo Musical \u00e0 primeira vista, onde dever\u00e1 entoar uma melodia in\u00e9dita, pronunciando o nome das notas musicais, observando os intervalos, entoa\u00e7\u00e3o das notas, divis\u00f5es r\u00edtmicas e a marca\u00e7\u00e3o dos tempos dos compassos; retornar\u00e1 para continuar a An\u00e1lise Musical, se por ventura n\u00e3o a tiver finalizado. <span style=\"text-decoration: underline;\">Dura\u00e7\u00e3o<\/span>: 120 min.<\/li>\n\n\n\n<li><strong>3 &#8211; Terceira Parte<\/strong>: Arranjo. A prova do Arranjo ter\u00e1 o valor 15 pontos. O candidato receber\u00e1 uma melodia para elaborar uma orquestra\u00e7\u00e3o para Banda de M\u00fasica. <span style=\"text-decoration: underline;\">Dura\u00e7\u00e3o<\/span>: 240 min.<\/li>\n\n\n\n<li><strong>4 &#8211; Quarta Parte<\/strong>: Afina\u00e7\u00e3o e Reg\u00eancia. Ter\u00e1 valor total de 70 pontos, distribu\u00eddos da seguinte forma: 10 pontos para Afina\u00e7\u00e3o; 20 pontos para Reg\u00eancia de uma Obra de Confronto; 20 pontos para Reg\u00eancia da Melodia orquestrada para Banda de M\u00fasica na Terceira Parte; e 20 pontos para Reg\u00eancia de uma pe\u00e7a a Escolha do Candidato dentre as que forem anunciadas. Ser\u00e1 aplicada individualmente aos Candidatos por sorteio. <span style=\"text-decoration: underline;\">Dura\u00e7\u00e3o<\/span>: 30 min para cada candidato.<\/li>\n<\/ul>\n\n\n\n<h3 class=\"wp-block-heading\" id=\"teste-de-aptidao-fisica-1\">Teste de Aptid\u00e3o F\u00edsica<\/h3>\n\n\n\n<p>O Teste de Aptid\u00e3o F\u00edsica ser\u00e1 realizado na regi\u00e3o Metropolitana da Grande Vit\u00f3ria\/ES. Ser\u00e1 convocado para a realiza\u00e7\u00e3o do Teste de Aptid\u00e3o F\u00edsica o candidato considerado apto na 2\u00aa etapa do certame, al\u00e9m de n\u00e3o ser eliminado por outros crit\u00e9rios.<\/p>\n\n\n\n<p>O local, a data e o hor\u00e1rio do Teste de Aptid\u00e3o F\u00edsica ser\u00e3o oportunamente divulgados em Edital de convoca\u00e7\u00e3o para a realiza\u00e7\u00e3o desta etapa, podendo conter normas e informa\u00e7\u00f5es complementares pertinentes.<\/p>\n\n\n\n<figure class=\"wp-block-image aligncenter size-full\"><img loading=\"lazy\" decoding=\"async\" width=\"853\" height=\"335\" src=\"https:\/\/dhg1h5j42swfq.cloudfront.net\/2022\/06\/14085113\/image-188.png\" alt=\"Quadro com exerc\u00edcios do TAF do concurso PM ES Oficial\" class=\"wp-image-1044566\" srcset=\"https:\/\/dhg1h5j42swfq.cloudfront.net\/2022\/06\/14085113\/image-188.png 853w, https:\/\/dhg1h5j42swfq.cloudfront.net\/2022\/06\/14085113\/image-188-300x118.png 300w, https:\/\/dhg1h5j42swfq.cloudfront.net\/2022\/06\/14085113\/image-188-768x302.png 768w, https:\/\/dhg1h5j42swfq.cloudfront.net\/2022\/06\/14085113\/image-188-610x240.png 610w\" sizes=\"auto, (max-width: 853px) 100vw, 853px\" \/><figcaption class=\"wp-element-caption\">Quadro com exerc\u00edcios do TAF do concurso PM ES Oficial<\/figcaption><\/figure>\n\n\n\n<h3 class=\"wp-block-heading\" id=\"avaliacao-psicologica\">Avalia\u00e7\u00e3o Psicol\u00f3gica<\/h3>\n\n\n\n<p>A Avalia\u00e7\u00e3o Psicol\u00f3gica ser\u00e1 realizada na regi\u00e3o Metropolitana da Grande Vit\u00f3ria\/ES e o local, a data e o hor\u00e1rio da realiza\u00e7\u00e3o da Avalia\u00e7\u00e3o Psicol\u00f3gica, ser\u00e3o divulgados oportunamente no Edital de convoca\u00e7\u00e3o para realiza\u00e7\u00e3o da etapa, podendo conter normas e informa\u00e7\u00f5es complementares pertinentes.<\/p>\n\n\n\n<h3 class=\"wp-block-heading has-text-align-center has-cyan-bluish-gray-background-color has-background\" id=\"saiba-mais-concurso-policia-militar-es\">Saiba mais: <a href=\"https:\/\/www.estrategiaconcursos.com.br\/blog\/concurso-pm-es\/\" target=\"_blank\" rel=\"noreferrer noopener\">Concurso Pol\u00edcia Militar ES<\/a><\/h3>\n\n\n\n<hr class=\"wp-block-separator has-css-opacity\"\/>\n\n\n\n<h2 class=\"wp-block-heading has-text-align-center\" id=\"h-quer-saber-tudo-sobre-concursos-previstos-confira-nossos-artigos\">Quer saber tudo sobre concursos previstos?<br \/>Confira nossos artigos!<\/h2>\n\n\n\n<ul class=\"wp-block-list\">\n<li><a href=\"https:\/\/www.estrategiaconcursos.com.br\/blog\/concursos-abertos\/\" target=\"_blank\" rel=\"noreferrer noopener\">Concursos abertos<\/a><\/li>\n\n\n\n<li><a href=\"https:\/\/www.estrategiaconcursos.com.br\/blog\/concursos-2022\/\" target=\"_blank\" rel=\"noreferrer noopener\">Concursos 2022<\/a><\/li>\n\n\n\n<li><a href=\"https:\/\/www.estrategiaconcursos.com.br\/blog\/concursos-2023\/\" target=\"_blank\" rel=\"noreferrer noopener\">Concursos 2023<\/a><\/li>\n<\/ul>\n\n\n\n<h2 class=\"wp-block-heading has-text-align-center\" id=\"cursos-assinatura\">Quer estudar para o edital PM ES Oficial?<\/h2>\n\n\n\n<div id=\"boxes\" class=\"container\">\n<div class=\"row\">\n<div class=\"col-sm\">\n<div id=\"box-assinatura\" class=\"banner-policial\">\n<h3 class=\"titulo-assinatura\">Concurso PM ES<\/h3>\n<p class=\"subtitulo-assinatura\">Conhe\u00e7a os cursos<\/p>\n<div class=\"box-botao\"><a class=\"btn-assinatura\" role=\"button\" href=\"https:\/\/www.estrategiaconcursos.com.br\/cursosPorConcurso\/policia-militar-do-espirito-santo-pm-es\/\" target=\"_blank\" rel=\"noopener noreferrer\">Conhe\u00e7a mais<\/a><\/div>\n<\/div>\n\n<\/div>\n<\/div>\n<\/div>\n\n\n\n<div id=\"boxes\" class=\"container\">\n<div class=\"row\">\n<div class=\"col-sm\">\n<div id=\"box-assinatura\" class=\"estrategia\">\n<h3 class=\"titulo-assinatura\">Assinatura de Concursos<\/h3>\n<p class=\"subtitulo-assinatura\">Assinatura de 1 ou 2 anos<\/p>\n<div class=\"box-botao\"><a class=\"btn-assinatura\" role=\"button\" href=\"https:\/\/www.estrategiaconcursos.com.br\/assinaturas\/\" target=\"_blank\" rel=\"noopener noreferrer\">ASSINE AGORA<\/a><\/div>\n<\/div>\n<p class=\"texto-auxiliar\">&nbsp;<\/p><\/div><\/div><\/div>\n\n\n\n<figure class=\"wp-block-image size-large is-resized\"><img loading=\"lazy\" decoding=\"async\" width=\"1024\" height=\"632\" src=\"https:\/\/dhg1h5j42swfq.cloudfront.net\/2021\/05\/06090527\/ficha-tecnica-12-1024x632.png\" alt=\"Ficha t\u00e9cnica PM ES Oficial \" class=\"wp-image-732530\" style=\"aspect-ratio:1.6203485633537447;width:361px;height:auto\" srcset=\"https:\/\/dhg1h5j42swfq.cloudfront.net\/2021\/05\/06090527\/ficha-tecnica-12-1024x632.png 1024w, https:\/\/dhg1h5j42swfq.cloudfront.net\/2021\/05\/06090527\/ficha-tecnica-12-300x185.png 300w, https:\/\/dhg1h5j42swfq.cloudfront.net\/2021\/05\/06090527\/ficha-tecnica-12-768x474.png 768w, https:\/\/dhg1h5j42swfq.cloudfront.net\/2021\/05\/06090527\/ficha-tecnica-12-1536x948.png 1536w, https:\/\/dhg1h5j42swfq.cloudfront.net\/2021\/05\/06090527\/ficha-tecnica-12-610x377.png 610w, https:\/\/dhg1h5j42swfq.cloudfront.net\/2021\/05\/06090527\/ficha-tecnica-12.png 1571w\" sizes=\"auto, (max-width: 1024px) 100vw, 1024px\" \/><\/figure>\n\n\n\n<h3 class=\"wp-block-heading\" id=\"ficha\">Informa\u00e7\u00f5es do edital PM ES Oficial <\/h3>\n\n\n\n<ul class=\"wp-block-list\">\n<li><strong>Provas:&nbsp;<\/strong>21\/08\/2022<\/li>\n\n\n\n<li><strong>Vagas:&nbsp;<\/strong>59<\/li>\n\n\n\n<li><strong>Cargos<\/strong>:&nbsp;Oficiais <\/li>\n\n\n\n<li><strong>Banca:<\/strong>&nbsp;Instituto AOCP<\/li>\n\n\n\n<li><strong>Escolaridade:<\/strong>&nbsp;N\u00edvel superior<\/li>\n\n\n\n<li><strong>Editais Oficiais<\/strong>: <a href=\"https:\/\/dhg1h5j42swfq.cloudfront.net\/2022\/06\/14081502\/edital-pm-es-oficial-saude.pdf\" target=\"_blank\" rel=\"noreferrer noopener nofollow\">Oficial Sa\u00fade<\/a> | <a href=\"https:\/\/dhg1h5j42swfq.cloudfront.net\/2022\/06\/14081456\/edital-pm-es-oficial-musico.pdf\" target=\"_blank\" rel=\"noreferrer noopener nofollow\">Oficial M\u00fasico<\/a><\/li>\n<\/ul>\n","protected":false},"excerpt":{"rendered":"<p>Est\u00e3o encerradas as inscri\u00e7\u00f5es do edital PM ES Oficial com 59 vagas para diferentes cargos de n\u00edvel superior. Os interessados em participar da sele\u00e7\u00e3o puderam se inscrever at\u00e9 o dia 14 de julho, no site da banca organizadora, Instituto AOCP, ao custo de R$ 82,00. As oportunidades s\u00e3o para as carreiras de Oficiais M\u00e9dicos, Oficiais [&hellip;]<\/p>\n","protected":false},"author":2375,"featured_media":838260,"comment_status":"open","ping_status":"closed","sticky":false,"template":"","format":"standard","meta":{"post_tipo":"news","footnotes":""},"categories":[220186,1981,220219],"tags":[],"tax_estado":[219971],"class_list":["post-1040468","post","type-post","status-publish","format-standard","has-post-thumbnail","hentry","category-policial-oficial","category-saude","category-noticias","tax_estado-es"],"acf":[],"yoast_head":"<!-- This site is optimized with the Yoast SEO Premium plugin v27.2 (Yoast SEO v27.2) - https:\/\/yoast.com\/product\/yoast-seo-premium-wordpress\/ -->\n<title>Edital PM ES Oficial: inscri\u00e7\u00f5es encerradas para 59 vagas<\/title>\n<meta name=\"description\" content=\"Concurso PM ES: edital para Oficial publicado com 59 vagas. Inscri\u00e7\u00f5es encerradas. Confira os detalhes com o Estrat\u00e9gia.\" \/>\n<meta name=\"robots\" content=\"index, follow, max-snippet:-1, max-image-preview:large, max-video-preview:-1\" \/>\n<link rel=\"canonical\" href=\"https:\/\/www.estrategiaconcursos.com.br\/blog\/concurso-pm-es-edital-publicado-oficial\/\" \/>\n<meta property=\"og:locale\" content=\"pt_BR\" \/>\n<meta property=\"og:type\" content=\"article\" \/>\n<meta property=\"og:title\" content=\"Edital PM ES Oficial: inscri\u00e7\u00f5es encerradas para 59 vagas\" \/>\n<meta property=\"og:description\" content=\"Concurso PM ES: edital para Oficial publicado com 59 vagas. Inscri\u00e7\u00f5es encerradas. Confira os detalhes com o Estrat\u00e9gia.\" \/>\n<meta property=\"og:url\" content=\"https:\/\/www.estrategiaconcursos.com.br\/blog\/concurso-pm-es-edital-publicado-oficial\/\" \/>\n<meta property=\"og:site_name\" content=\"Estrat\u00e9gia Concursos\" \/>\n<meta property=\"article:published_time\" content=\"2022-07-14T03:00:00+00:00\" \/>\n<meta property=\"article:modified_time\" content=\"2026-03-16T18:05:26+00:00\" \/>\n<meta property=\"og:image\" content=\"https:\/\/dhg1h5j42swfq.cloudfront.net\/2021\/08\/17104115\/pm-es.jpeg\" \/>\n\t<meta property=\"og:image:width\" content=\"768\" \/>\n\t<meta property=\"og:image:height\" content=\"432\" \/>\n\t<meta property=\"og:image:type\" content=\"image\/jpeg\" \/>\n<meta name=\"author\" content=\"Priscila Almeida\" \/>\n<meta name=\"twitter:card\" content=\"summary_large_image\" \/>\n<meta name=\"twitter:creator\" content=\"@EstratConcursos\" \/>\n<meta name=\"twitter:site\" content=\"@EstratConcursos\" \/>\n<meta name=\"twitter:label1\" content=\"Escrito por\" \/>\n\t<meta name=\"twitter:data1\" content=\"Priscila Almeida\" \/>\n\t<meta name=\"twitter:label2\" content=\"Est. tempo de leitura\" \/>\n\t<meta name=\"twitter:data2\" content=\"13 minutos\" \/>\n<script type=\"application\/ld+json\" class=\"yoast-schema-graph\">{\"@context\":\"https:\/\/schema.org\",\"@graph\":[{\"@type\":\"NewsArticle\",\"@id\":\"https:\/\/www.estrategiaconcursos.com.br\/blog\/concurso-pm-es-edital-publicado-oficial\/#article\",\"isPartOf\":{\"@id\":\"https:\/\/www.estrategiaconcursos.com.br\/blog\/concurso-pm-es-edital-publicado-oficial\/\"},\"author\":{\"name\":\"Priscila Almeida\",\"@id\":\"https:\/\/www.estrategiaconcursos.com.br\/blog\/#\/schema\/person\/a06e841e501f2e1d8c49c4e8f066bfd1\"},\"headline\":\"Edital PM ES Oficial: inscri\u00e7\u00f5es encerradas para 59 vagas\",\"datePublished\":\"2022-07-14T03:00:00+00:00\",\"dateModified\":\"2026-03-16T18:05:26+00:00\",\"mainEntityOfPage\":{\"@id\":\"https:\/\/www.estrategiaconcursos.com.br\/blog\/concurso-pm-es-edital-publicado-oficial\/\"},\"wordCount\":2580,\"commentCount\":0,\"publisher\":{\"@id\":\"https:\/\/www.estrategiaconcursos.com.br\/blog\/#organization\"},\"image\":{\"@id\":\"https:\/\/www.estrategiaconcursos.com.br\/blog\/concurso-pm-es-edital-publicado-oficial\/#primaryimage\"},\"thumbnailUrl\":\"https:\/\/dhg1h5j42swfq.cloudfront.net\/2021\/08\/17104115\/pm-es.jpeg\",\"articleSection\":[\"Policial (PM\/BM - Oficial)\",\"Sa\u00fade\",\"\u00daltimas not\u00edcias\"],\"inLanguage\":\"pt-BR\",\"potentialAction\":[{\"@type\":\"CommentAction\",\"name\":\"Comment\",\"target\":[\"https:\/\/www.estrategiaconcursos.com.br\/blog\/concurso-pm-es-edital-publicado-oficial\/#respond\"]}],\"copyrightYear\":\"2022\",\"copyrightHolder\":{\"@id\":\"https:\/\/www.estrategiaconcursos.com.br\/blog\/#organization\"}},{\"@type\":\"WebPage\",\"@id\":\"https:\/\/www.estrategiaconcursos.com.br\/blog\/concurso-pm-es-edital-publicado-oficial\/\",\"url\":\"https:\/\/www.estrategiaconcursos.com.br\/blog\/concurso-pm-es-edital-publicado-oficial\/\",\"name\":\"Edital PM ES Oficial: inscri\u00e7\u00f5es encerradas para 59 vagas\",\"isPartOf\":{\"@id\":\"https:\/\/www.estrategiaconcursos.com.br\/blog\/#website\"},\"primaryImageOfPage\":{\"@id\":\"https:\/\/www.estrategiaconcursos.com.br\/blog\/concurso-pm-es-edital-publicado-oficial\/#primaryimage\"},\"image\":{\"@id\":\"https:\/\/www.estrategiaconcursos.com.br\/blog\/concurso-pm-es-edital-publicado-oficial\/#primaryimage\"},\"thumbnailUrl\":\"https:\/\/dhg1h5j42swfq.cloudfront.net\/2021\/08\/17104115\/pm-es.jpeg\",\"datePublished\":\"2022-07-14T03:00:00+00:00\",\"dateModified\":\"2026-03-16T18:05:26+00:00\",\"description\":\"Concurso PM ES: edital para Oficial publicado com 59 vagas. Inscri\u00e7\u00f5es encerradas. Confira os detalhes com o Estrat\u00e9gia.\",\"breadcrumb\":{\"@id\":\"https:\/\/www.estrategiaconcursos.com.br\/blog\/concurso-pm-es-edital-publicado-oficial\/#breadcrumb\"},\"inLanguage\":\"pt-BR\",\"potentialAction\":[{\"@type\":\"ReadAction\",\"target\":[\"https:\/\/www.estrategiaconcursos.com.br\/blog\/concurso-pm-es-edital-publicado-oficial\/\"]}]},{\"@type\":\"ImageObject\",\"inLanguage\":\"pt-BR\",\"@id\":\"https:\/\/www.estrategiaconcursos.com.br\/blog\/concurso-pm-es-edital-publicado-oficial\/#primaryimage\",\"url\":\"https:\/\/dhg1h5j42swfq.cloudfront.net\/2021\/08\/17104115\/pm-es.jpeg\",\"contentUrl\":\"https:\/\/dhg1h5j42swfq.cloudfront.net\/2021\/08\/17104115\/pm-es.jpeg\",\"width\":768,\"height\":432,\"caption\":\"concurso PM ES\"},{\"@type\":\"BreadcrumbList\",\"@id\":\"https:\/\/www.estrategiaconcursos.com.br\/blog\/concurso-pm-es-edital-publicado-oficial\/#breadcrumb\",\"itemListElement\":[{\"@type\":\"ListItem\",\"position\":1,\"name\":\"In\u00edcio\",\"item\":\"https:\/\/www.estrategiaconcursos.com.br\/blog\/\"},{\"@type\":\"ListItem\",\"position\":2,\"name\":\"Edital PM ES Oficial: inscri\u00e7\u00f5es encerradas para 59 vagas\"}]},{\"@type\":\"WebSite\",\"@id\":\"https:\/\/www.estrategiaconcursos.com.br\/blog\/#website\",\"url\":\"https:\/\/www.estrategiaconcursos.com.br\/blog\/\",\"name\":\"Estrat\u00e9gia Concursos\",\"description\":\"O blog da Estrat\u00e9gia Concursos traz not\u00edcias sobre concursos e artigos de professores oferecendo cursos para concursos (pdf + videaulas) no site.\",\"publisher\":{\"@id\":\"https:\/\/www.estrategiaconcursos.com.br\/blog\/#organization\"},\"potentialAction\":[{\"@type\":\"SearchAction\",\"target\":{\"@type\":\"EntryPoint\",\"urlTemplate\":\"https:\/\/www.estrategiaconcursos.com.br\/blog\/?s={search_term_string}\"},\"query-input\":{\"@type\":\"PropertyValueSpecification\",\"valueRequired\":true,\"valueName\":\"search_term_string\"}}],\"inLanguage\":\"pt-BR\"},{\"@type\":\"Organization\",\"@id\":\"https:\/\/www.estrategiaconcursos.com.br\/blog\/#organization\",\"name\":\"Estrat\u00e9gia Concursos\",\"url\":\"https:\/\/www.estrategiaconcursos.com.br\/blog\/\",\"logo\":{\"@type\":\"ImageObject\",\"inLanguage\":\"pt-BR\",\"@id\":\"https:\/\/www.estrategiaconcursos.com.br\/blog\/#\/schema\/logo\/image\/\",\"url\":\"https:\/\/dhg1h5j42swfq.cloudfront.net\/2025\/06\/03203428\/logo_concursos-1.jpg\",\"contentUrl\":\"https:\/\/dhg1h5j42swfq.cloudfront.net\/2025\/06\/03203428\/logo_concursos-1.jpg\",\"width\":230,\"height\":60,\"caption\":\"Estrat\u00e9gia Concursos\"},\"image\":{\"@id\":\"https:\/\/www.estrategiaconcursos.com.br\/blog\/#\/schema\/logo\/image\/\"},\"sameAs\":[\"https:\/\/x.com\/EstratConcursos\"]},{\"@type\":\"Person\",\"@id\":\"https:\/\/www.estrategiaconcursos.com.br\/blog\/#\/schema\/person\/a06e841e501f2e1d8c49c4e8f066bfd1\",\"name\":\"Priscila Almeida\",\"image\":{\"@type\":\"ImageObject\",\"inLanguage\":\"pt-BR\",\"@id\":\"https:\/\/secure.gravatar.com\/avatar\/0a963c9e2a947fa675b669cea2b5d0ba6dd1cbf46b966190343b6c9973ad3337?s=96&d=mm&r=g\",\"url\":\"https:\/\/secure.gravatar.com\/avatar\/0a963c9e2a947fa675b669cea2b5d0ba6dd1cbf46b966190343b6c9973ad3337?s=96&d=mm&r=g\",\"contentUrl\":\"https:\/\/secure.gravatar.com\/avatar\/0a963c9e2a947fa675b669cea2b5d0ba6dd1cbf46b966190343b6c9973ad3337?s=96&d=mm&r=g\",\"caption\":\"Priscila Almeida\"},\"description\":\"Atua na \u00e1rea de concursos p\u00fablicos desde 2019. As editorias que mais t\u00eam familiaridade s\u00e3o: Tribunais (TJs; TRTs; TREs; TSTs; STJ, STF, STM e TSE); Defensorias; Minist\u00e9rios P\u00fablicos; Procuradorias; Educa\u00e7\u00e3o e Conselhos. Na \u00e1rea de comunica\u00e7\u00e3o, de maneira geral, a caminhada \u00e9 um pouco mais longa - desde 2007. Possui experi\u00eancia em reda\u00e7\u00f5es de r\u00e1dio, TV, Web e impresso, al\u00e9m de desenvolver trabalhos em assessorias de comunica\u00e7\u00e3o institucional, empresarial e p\u00fablicas. Entre outros trabalhos, se destacam a atua\u00e7\u00e3o nas \u00e1reas de Justi\u00e7a, Congresso, Esportes, Sa\u00fade, Agropecu\u00e1ria, Cidades e Avia\u00e7\u00e3o Civil.\",\"url\":\"https:\/\/www.estrategiaconcursos.com.br\/blog\/author\/priscila-almeidaestrategia-com\/\"}]}<\/script>\n<!-- \/ Yoast SEO Premium plugin. -->","yoast_head_json":{"title":"Edital PM ES Oficial: inscri\u00e7\u00f5es encerradas para 59 vagas","description":"Concurso PM ES: edital para Oficial publicado com 59 vagas. Inscri\u00e7\u00f5es encerradas. Confira os detalhes com o Estrat\u00e9gia.","robots":{"index":"index","follow":"follow","max-snippet":"max-snippet:-1","max-image-preview":"max-image-preview:large","max-video-preview":"max-video-preview:-1"},"canonical":"https:\/\/www.estrategiaconcursos.com.br\/blog\/concurso-pm-es-edital-publicado-oficial\/","og_locale":"pt_BR","og_type":"article","og_title":"Edital PM ES Oficial: inscri\u00e7\u00f5es encerradas para 59 vagas","og_description":"Concurso PM ES: edital para Oficial publicado com 59 vagas. Inscri\u00e7\u00f5es encerradas. Confira os detalhes com o Estrat\u00e9gia.","og_url":"https:\/\/www.estrategiaconcursos.com.br\/blog\/concurso-pm-es-edital-publicado-oficial\/","og_site_name":"Estrat\u00e9gia Concursos","article_published_time":"2022-07-14T03:00:00+00:00","article_modified_time":"2026-03-16T18:05:26+00:00","og_image":[{"width":768,"height":432,"url":"https:\/\/dhg1h5j42swfq.cloudfront.net\/2021\/08\/17104115\/pm-es.jpeg","type":"image\/jpeg"}],"author":"Priscila Almeida","twitter_card":"summary_large_image","twitter_creator":"@EstratConcursos","twitter_site":"@EstratConcursos","twitter_misc":{"Escrito por":"Priscila Almeida","Est. tempo de leitura":"13 minutos"},"schema":{"@context":"https:\/\/schema.org","@graph":[{"@type":"NewsArticle","@id":"https:\/\/www.estrategiaconcursos.com.br\/blog\/concurso-pm-es-edital-publicado-oficial\/#article","isPartOf":{"@id":"https:\/\/www.estrategiaconcursos.com.br\/blog\/concurso-pm-es-edital-publicado-oficial\/"},"author":{"name":"Priscila Almeida","@id":"https:\/\/www.estrategiaconcursos.com.br\/blog\/#\/schema\/person\/a06e841e501f2e1d8c49c4e8f066bfd1"},"headline":"Edital PM ES Oficial: inscri\u00e7\u00f5es encerradas para 59 vagas","datePublished":"2022-07-14T03:00:00+00:00","dateModified":"2026-03-16T18:05:26+00:00","mainEntityOfPage":{"@id":"https:\/\/www.estrategiaconcursos.com.br\/blog\/concurso-pm-es-edital-publicado-oficial\/"},"wordCount":2580,"commentCount":0,"publisher":{"@id":"https:\/\/www.estrategiaconcursos.com.br\/blog\/#organization"},"image":{"@id":"https:\/\/www.estrategiaconcursos.com.br\/blog\/concurso-pm-es-edital-publicado-oficial\/#primaryimage"},"thumbnailUrl":"https:\/\/dhg1h5j42swfq.cloudfront.net\/2021\/08\/17104115\/pm-es.jpeg","articleSection":["Policial (PM\/BM - Oficial)","Sa\u00fade","\u00daltimas not\u00edcias"],"inLanguage":"pt-BR","potentialAction":[{"@type":"CommentAction","name":"Comment","target":["https:\/\/www.estrategiaconcursos.com.br\/blog\/concurso-pm-es-edital-publicado-oficial\/#respond"]}],"copyrightYear":"2022","copyrightHolder":{"@id":"https:\/\/www.estrategiaconcursos.com.br\/blog\/#organization"}},{"@type":"WebPage","@id":"https:\/\/www.estrategiaconcursos.com.br\/blog\/concurso-pm-es-edital-publicado-oficial\/","url":"https:\/\/www.estrategiaconcursos.com.br\/blog\/concurso-pm-es-edital-publicado-oficial\/","name":"Edital PM ES Oficial: inscri\u00e7\u00f5es encerradas para 59 vagas","isPartOf":{"@id":"https:\/\/www.estrategiaconcursos.com.br\/blog\/#website"},"primaryImageOfPage":{"@id":"https:\/\/www.estrategiaconcursos.com.br\/blog\/concurso-pm-es-edital-publicado-oficial\/#primaryimage"},"image":{"@id":"https:\/\/www.estrategiaconcursos.com.br\/blog\/concurso-pm-es-edital-publicado-oficial\/#primaryimage"},"thumbnailUrl":"https:\/\/dhg1h5j42swfq.cloudfront.net\/2021\/08\/17104115\/pm-es.jpeg","datePublished":"2022-07-14T03:00:00+00:00","dateModified":"2026-03-16T18:05:26+00:00","description":"Concurso PM ES: edital para Oficial publicado com 59 vagas. Inscri\u00e7\u00f5es encerradas. Confira os detalhes com o Estrat\u00e9gia.","breadcrumb":{"@id":"https:\/\/www.estrategiaconcursos.com.br\/blog\/concurso-pm-es-edital-publicado-oficial\/#breadcrumb"},"inLanguage":"pt-BR","potentialAction":[{"@type":"ReadAction","target":["https:\/\/www.estrategiaconcursos.com.br\/blog\/concurso-pm-es-edital-publicado-oficial\/"]}]},{"@type":"ImageObject","inLanguage":"pt-BR","@id":"https:\/\/www.estrategiaconcursos.com.br\/blog\/concurso-pm-es-edital-publicado-oficial\/#primaryimage","url":"https:\/\/dhg1h5j42swfq.cloudfront.net\/2021\/08\/17104115\/pm-es.jpeg","contentUrl":"https:\/\/dhg1h5j42swfq.cloudfront.net\/2021\/08\/17104115\/pm-es.jpeg","width":768,"height":432,"caption":"concurso PM ES"},{"@type":"BreadcrumbList","@id":"https:\/\/www.estrategiaconcursos.com.br\/blog\/concurso-pm-es-edital-publicado-oficial\/#breadcrumb","itemListElement":[{"@type":"ListItem","position":1,"name":"In\u00edcio","item":"https:\/\/www.estrategiaconcursos.com.br\/blog\/"},{"@type":"ListItem","position":2,"name":"Edital PM ES Oficial: inscri\u00e7\u00f5es encerradas para 59 vagas"}]},{"@type":"WebSite","@id":"https:\/\/www.estrategiaconcursos.com.br\/blog\/#website","url":"https:\/\/www.estrategiaconcursos.com.br\/blog\/","name":"Estrat\u00e9gia Concursos","description":"O blog da Estrat\u00e9gia Concursos traz not\u00edcias sobre concursos e artigos de professores oferecendo cursos para concursos (pdf + videaulas) no site.","publisher":{"@id":"https:\/\/www.estrategiaconcursos.com.br\/blog\/#organization"},"potentialAction":[{"@type":"SearchAction","target":{"@type":"EntryPoint","urlTemplate":"https:\/\/www.estrategiaconcursos.com.br\/blog\/?s={search_term_string}"},"query-input":{"@type":"PropertyValueSpecification","valueRequired":true,"valueName":"search_term_string"}}],"inLanguage":"pt-BR"},{"@type":"Organization","@id":"https:\/\/www.estrategiaconcursos.com.br\/blog\/#organization","name":"Estrat\u00e9gia Concursos","url":"https:\/\/www.estrategiaconcursos.com.br\/blog\/","logo":{"@type":"ImageObject","inLanguage":"pt-BR","@id":"https:\/\/www.estrategiaconcursos.com.br\/blog\/#\/schema\/logo\/image\/","url":"https:\/\/dhg1h5j42swfq.cloudfront.net\/2025\/06\/03203428\/logo_concursos-1.jpg","contentUrl":"https:\/\/dhg1h5j42swfq.cloudfront.net\/2025\/06\/03203428\/logo_concursos-1.jpg","width":230,"height":60,"caption":"Estrat\u00e9gia Concursos"},"image":{"@id":"https:\/\/www.estrategiaconcursos.com.br\/blog\/#\/schema\/logo\/image\/"},"sameAs":["https:\/\/x.com\/EstratConcursos"]},{"@type":"Person","@id":"https:\/\/www.estrategiaconcursos.com.br\/blog\/#\/schema\/person\/a06e841e501f2e1d8c49c4e8f066bfd1","name":"Priscila Almeida","image":{"@type":"ImageObject","inLanguage":"pt-BR","@id":"https:\/\/secure.gravatar.com\/avatar\/0a963c9e2a947fa675b669cea2b5d0ba6dd1cbf46b966190343b6c9973ad3337?s=96&d=mm&r=g","url":"https:\/\/secure.gravatar.com\/avatar\/0a963c9e2a947fa675b669cea2b5d0ba6dd1cbf46b966190343b6c9973ad3337?s=96&d=mm&r=g","contentUrl":"https:\/\/secure.gravatar.com\/avatar\/0a963c9e2a947fa675b669cea2b5d0ba6dd1cbf46b966190343b6c9973ad3337?s=96&d=mm&r=g","caption":"Priscila Almeida"},"description":"Atua na \u00e1rea de concursos p\u00fablicos desde 2019. As editorias que mais t\u00eam familiaridade s\u00e3o: Tribunais (TJs; TRTs; TREs; TSTs; STJ, STF, STM e TSE); Defensorias; Minist\u00e9rios P\u00fablicos; Procuradorias; Educa\u00e7\u00e3o e Conselhos. Na \u00e1rea de comunica\u00e7\u00e3o, de maneira geral, a caminhada \u00e9 um pouco mais longa - desde 2007. Possui experi\u00eancia em reda\u00e7\u00f5es de r\u00e1dio, TV, Web e impresso, al\u00e9m de desenvolver trabalhos em assessorias de comunica\u00e7\u00e3o institucional, empresarial e p\u00fablicas. Entre outros trabalhos, se destacam a atua\u00e7\u00e3o nas \u00e1reas de Justi\u00e7a, Congresso, Esportes, Sa\u00fade, Agropecu\u00e1ria, Cidades e Avia\u00e7\u00e3o Civil.","url":"https:\/\/www.estrategiaconcursos.com.br\/blog\/author\/priscila-almeidaestrategia-com\/"}]}},"_links":{"self":[{"href":"https:\/\/www.estrategiaconcursos.com.br\/blog\/wp-json\/wp\/v2\/posts\/1040468","targetHints":{"allow":["GET"]}}],"collection":[{"href":"https:\/\/www.estrategiaconcursos.com.br\/blog\/wp-json\/wp\/v2\/posts"}],"about":[{"href":"https:\/\/www.estrategiaconcursos.com.br\/blog\/wp-json\/wp\/v2\/types\/post"}],"author":[{"embeddable":true,"href":"https:\/\/www.estrategiaconcursos.com.br\/blog\/wp-json\/wp\/v2\/users\/2375"}],"replies":[{"embeddable":true,"href":"https:\/\/www.estrategiaconcursos.com.br\/blog\/wp-json\/wp\/v2\/comments?post=1040468"}],"version-history":[{"count":18,"href":"https:\/\/www.estrategiaconcursos.com.br\/blog\/wp-json\/wp\/v2\/posts\/1040468\/revisions"}],"predecessor-version":[{"id":1735117,"href":"https:\/\/www.estrategiaconcursos.com.br\/blog\/wp-json\/wp\/v2\/posts\/1040468\/revisions\/1735117"}],"wp:featuredmedia":[{"embeddable":true,"href":"https:\/\/www.estrategiaconcursos.com.br\/blog\/wp-json\/wp\/v2\/media\/838260"}],"wp:attachment":[{"href":"https:\/\/www.estrategiaconcursos.com.br\/blog\/wp-json\/wp\/v2\/media?parent=1040468"}],"wp:term":[{"taxonomy":"category","embeddable":true,"href":"https:\/\/www.estrategiaconcursos.com.br\/blog\/wp-json\/wp\/v2\/categories?post=1040468"},{"taxonomy":"post_tag","embeddable":true,"href":"https:\/\/www.estrategiaconcursos.com.br\/blog\/wp-json\/wp\/v2\/tags?post=1040468"},{"taxonomy":"tax_estado","embeddable":true,"href":"https:\/\/www.estrategiaconcursos.com.br\/blog\/wp-json\/wp\/v2\/tax_estado?post=1040468"}],"curies":[{"name":"wp","href":"https:\/\/api.w.org\/{rel}","templated":true}]}}