{"id":1039285,"date":"2022-06-14T07:46:00","date_gmt":"2022-06-14T10:46:00","guid":{"rendered":"https:\/\/www.estrategiaconcursos.com.br\/blog\/?p=1039285"},"modified":"2023-08-24T08:38:35","modified_gmt":"2023-08-24T11:38:35","slug":"tj-mg-aprenda-a-constituicao-de-minas","status":"publish","type":"post","link":"https:\/\/www.estrategiaconcursos.com.br\/blog\/tj-mg-aprenda-a-constituicao-de-minas\/","title":{"rendered":"TJ-MG: Aprenda a Constitui\u00e7\u00e3o de Minas Gerais de uma vez por todas"},"content":{"rendered":"\n<p>Ol\u00e1, tudo bem com voc\u00ea? No artigo de hoje vamos falar sobre os principais pontos da Constitui\u00e7\u00e3o do Estado de Minas Gerais para que voc\u00ea aprenda de uma vez por todas. Vamos l\u00e1?<\/p>\n\n\n\n<figure class=\"wp-block-gallery has-nested-images columns-default is-cropped wp-block-gallery-1 is-layout-flex wp-block-gallery-is-layout-flex\">\n<figure class=\"wp-block-image size-large\"><img loading=\"lazy\" decoding=\"async\" width=\"408\" height=\"299\" data-id=\"703784\" src=\"https:\/\/dhg1h5j42swfq.cloudfront.net\/2021\/03\/29174255\/funcoes-essenciais-a-justica-1.png\" alt=\"TJ-MG: Aprenda a Constitui\u00e7\u00e3o de Minas Gerais de uma vez por todas\" class=\"wp-image-703784\" srcset=\"https:\/\/dhg1h5j42swfq.cloudfront.net\/2021\/03\/29174255\/funcoes-essenciais-a-justica-1.png 408w, https:\/\/dhg1h5j42swfq.cloudfront.net\/2021\/03\/29174255\/funcoes-essenciais-a-justica-1-300x220.png 300w\" sizes=\"auto, (max-width: 408px) 100vw, 408px\" \/><figcaption class=\"wp-element-caption\">TJ-MG: Aprenda a Constitui\u00e7\u00e3o de Minas Gerais de uma vez por todas<\/figcaption><\/figure>\n<\/figure>\n\n\n\n<p>Voc\u00ea quer fazer o concurso do Tribunal de Justi\u00e7a do Estado de Minas? Ou qualquer outro concurso em Minas Gerais?<\/p>\n\n\n\n<p>Hoje vamos falar os principais t\u00f3picos da Constitui\u00e7\u00e3o Mineira para voc\u00ea gabaritar na sua prova e garantir a sua aprova\u00e7\u00e3o!<\/p>\n\n\n\n<p>Vamos l\u00e1?<\/p>\n\n\n\n<h2 class=\"wp-block-heading\" id=\"h-tj-mg-aprenda-a-constituicao-de-minas-gerais-de-uma-vez-por-todas\">TJ-MG: Aprenda a Constitui\u00e7\u00e3o de Minas Gerais de uma vez por todas<\/h2>\n\n\n\n<p>Primeiramente, \u00e9 importante voc\u00ea saber que a Constitui\u00e7\u00e3o de Minas Gerais foi atualizada recentemente pela Emenda Constitucional n\u00ba 109, de 12 de julho de 2021. <\/p>\n\n\n\n<p>O artigo 1\u00b0 da Constitui\u00e7\u00e3o de Minas Gerais diz que o Estado de Minas integra a Rep\u00fablica Federativa do Brasil, apresentando uma <strong>autonomia pol\u00edtico-administrativa<\/strong>.<\/p>\n\n\n\n<p>No entanto, n\u00e3o se esque\u00e7a que apenas a Uni\u00e3o quando representa a Rep\u00fablica Federativa do Brasil nas suas rela\u00e7\u00f5es internacionais exerce as prerrogativas de<strong> soberania<\/strong>.<\/p>\n\n\n\n<p>Logo:<\/p>\n\n\n\n<ul class=\"wp-block-list\">\n<li>Estado -&gt; Sempre Aut\u00f4nomo;<\/li>\n<\/ul>\n\n\n\n<ul class=\"wp-block-list\">\n<li>Uni\u00e3o com rela\u00e7\u00e3o aos Estados e Munic\u00edpios -&gt; Aut\u00f4noma;<\/li>\n<\/ul>\n\n\n\n<ul class=\"wp-block-list\">\n<li>Uni\u00e3o quando representa a Rep\u00fablica Federativa em suas rela\u00e7\u00f5es internacionais -&gt; Soberana.<\/li>\n<\/ul>\n\n\n\n<p>Sendo assim, o Estado de Minas Gerais, na sua condi\u00e7\u00e3o de ente federativo, tem sua autonomia pol\u00edtica garantida pela Constitui\u00e7\u00e3o Federal. <\/p>\n\n\n\n<p>Voc\u00ea sabe como essa autonomia pol\u00edtica \u00e9 manifestada?<\/p>\n\n\n\n<p>A <strong>autonomia pol\u00edtica se manifesta atrav\u00e9s de 4 (quatro)<\/strong> aptid\u00f5es:<\/p>\n\n\n\n<ol class=\"wp-block-list\" type=\"I\">\n<li><strong>Auto-organiza\u00e7\u00e3o<\/strong>: Os Estados se auto-organizam atrav\u00e9s da elabora\u00e7\u00e3o das suas pr\u00f3prias Constitui\u00e7\u00f5es Estaduais. Por\u00e9m, as Constitui\u00e7\u00f5es Estaduais devem observar as normas da Constitui\u00e7\u00e3o Federal, sob pena de serem declaradas inconstitucionais em rela\u00e7\u00e3o ao que forem divergentes.&nbsp;<\/li>\n\n\n\n<li><strong>Autolegisla\u00e7\u00e3o<\/strong>: \u00c9 a capacidade que os Estados possuem de editar suas pr\u00f3prias leis.<\/li>\n\n\n\n<li><strong>Autoadministra\u00e7\u00e3o<\/strong>: \u00c9 o poder que os Estados t\u00eam para exercer suas atribui\u00e7\u00f5es de natureza administrativa, or\u00e7ament\u00e1ria e tribut\u00e1ria.<\/li>\n\n\n\n<li><strong>Autogoverno<\/strong>: Os Estados t\u00eam poder para eleger seus pr\u00f3prios representantes.<\/li>\n<\/ol>\n\n\n\n<p>O \u00a7 1\u00ba da CE\/MG fala a respeito da <strong>democracia semidireta ou participativa<\/strong>, assim caracterizada pelo fato de que o povo, al\u00e9m de participar das decis\u00f5es pol\u00edticas atrav\u00e9s de seus representantes eleitos, tamb\u00e9m possui instrumentos de participa\u00e7\u00e3o direta. <\/p>\n\n\n\n<p>As formas de participa\u00e7\u00e3o direta do povo na vida pol\u00edtica do Brasil s\u00e3o: o <strong>plebiscito, o referendo, a iniciativa popular de leis e a a\u00e7\u00e3o popular. &nbsp;&nbsp;&nbsp;<\/strong>&nbsp;&nbsp;&nbsp;&nbsp;&nbsp;&nbsp;&nbsp;&nbsp;&nbsp;&nbsp;&nbsp;&nbsp;<\/p>\n\n\n\n<h2 class=\"wp-block-heading\" id=\"minas-gerais-parte-da-republica-federativa-do-brasil\">Minas Gerais parte da Rep\u00fablica Federativa do Brasil<\/h2>\n\n\n\n<p>Al\u00e9m disso, a <strong>federa\u00e7\u00e3o \u00e9 cl\u00e1usula p\u00e9trea<\/strong> presente na Constitui\u00e7\u00e3o Federal, ou seja, n\u00e3o pode ser objeto de emenda constitucional que seja tendente \u00e0 sua aboli\u00e7\u00e3o. Por\u00e9m, a federa\u00e7\u00e3o pode sofrer altera\u00e7\u00f5es em sua estrutura. As altera\u00e7\u00f5es na estrutura dos Estados ocorrer\u00e3o nos termos do art. 18, \u00a7 3\u00ba, CF\/88:<\/p>\n\n\n\n<p>O art. 18, \u00a7 3\u00ba, CF\/88 diz que: <em>\u201c\u00a7 3\u00ba Os Estados podem incorporar-se entre si, subdividir-se ou desmembrar-se para se anexarem a outros, ou formarem novos Estados ou Territ\u00f3rios Federais, mediante aprova\u00e7\u00e3o da popula\u00e7\u00e3o diretamente interessada, atrav\u00e9s de plebiscito, e do Congresso Nacional, por lei complementar.\u201d<\/em><\/p>\n\n\n\n<p>Logo, s\u00e3o necess\u00e1rios os seguintes requisitos para a forma\u00e7\u00e3o de Estados:<\/p>\n\n\n\n<p>a) Consulta pr\u00e9via, por plebiscito, \u00e0s popula\u00e7\u00f5es interessadas diretamente;<\/p>\n\n\n\n<p>b) Oitiva das Assembleias Legislativas dos estados interessados;<\/p>\n\n\n\n<p>c) Edi\u00e7\u00e3o de lei complementar pelo Congresso Nacional.<\/p>\n\n\n\n<h2 class=\"wp-block-heading\" id=\"tj-mg-aprenda-a-constituicao-de-minas-direitos-na-constituicao-de-minas-gerais\">TJ-MG: Aprenda a Constitui\u00e7\u00e3o de Minas &#8211; Direitos na Constitui\u00e7\u00e3o de Minas Gerais<\/h2>\n\n\n\n<p>O art. 4\u00ba, caput, da CE\/MG, fala a respeito da cl\u00e1usula geral de aplica\u00e7\u00e3o dos direitos fundamentais, refor\u00e7ando a ideia de que os direitos previstos na CF\/88 tamb\u00e9m devem ser observados no n\u00edvel estadual.<\/p>\n\n\n\n<p>N\u00e3o esque\u00e7a que os<strong> titulares de direitos fundamentais s\u00e3o os brasileiros e os estrangeiros, inclusive os n\u00e3o-residentes no Brasil.<\/strong><\/p>\n\n\n\n<p>Nesse sentido, o art. 4\u00ba, \u00a7 1\u00ba, CE\/MG elenca a possibilidade de aplica\u00e7\u00e3o de penalidade administrativa ao agente p\u00fablico que deixar de sanar, <strong>injustificadamente<\/strong> (guarde isso: tem que ser injustificadamente), dentro de <strong>90 dias<\/strong>, omiss\u00e3o que esteja inviabilizando o exerc\u00edcio de um direito constitucional.<\/p>\n\n\n\n<p>A CE\/MG elenca as garantias aplic\u00e1veis aos processos administrativos, s\u00e3o elas:<\/p>\n\n\n\n<ol class=\"wp-block-list\" type=\"I\">\n<li>publicidade,<\/li>\n\n\n\n<li>ampla defesa,<\/li>\n\n\n\n<li>contradit\u00f3rio e<\/li>\n\n\n\n<li>motiva\u00e7\u00e3o das decis\u00f5es.<\/li>\n<\/ol>\n\n\n\n<h2 class=\"wp-block-heading\" id=\"tj-mg-aprenda-a-constituicao-de-minas-poderes-em-minas-gerais\">TJ-MG: Aprenda a Constitui\u00e7\u00e3o de Minas &#8211; Poderes em Minas Gerais<img loading=\"lazy\" decoding=\"async\" width=\"14\" height=\"14\" src=\"\"\/><\/h2>\n\n\n\n<p>O artigo 6\u00b0 da Constitui\u00e7\u00e3o Mineira trata a respeito da Separa\u00e7\u00e3o dos Poderes. Segundo ele: <em>&#8220;S\u00e3o Poderes do Estado, independentes e harm\u00f4nicos entre si, o <strong>Legislativo, o Executivo e o Judici\u00e1rio<\/strong>&#8220;.<\/em><\/p>\n\n\n\n<p>Conquanto, cada Poder exerce fun\u00e7\u00f5es t\u00edpicas e at\u00edpicas, conforme quadro a seguir:<\/p>\n\n\n\n<figure class=\"wp-block-table is-style-stripes\"><table><tbody><tr><td><\/td><td>Fun\u00e7\u00f5es T\u00edpicas<\/td><td>Fun\u00e7\u00f5es At\u00edpicas<\/td><\/tr><tr><td>Poder Executivo<\/td><td>Administrar <\/td><td>Legislar e Julgar (sem jurisdi\u00e7\u00e3o)<\/td><\/tr><tr><td>Poder Legislativo<\/td><td>Legislar e Fiscalizar<\/td><td>Administrar e Julgar <\/td><\/tr><tr><td>Poder Judici\u00e1rio<\/td><td>Julgar <\/td><td>Administrar e Legislar<\/td><\/tr><\/tbody><\/table><figcaption class=\"wp-element-caption\">Fun\u00e7\u00f5es Poderes<\/figcaption><\/figure>\n\n\n\n<p>Ademais, \u00e9 vedado a qualquer dos Poderes delegar suas atribui\u00e7\u00f5es. Neste sentido, o cidad\u00e3o que for investido na fun\u00e7\u00e3o de um dos Poderes n\u00e3o poder\u00e1 exercer a fun\u00e7\u00e3o de outro poder, <strong>salvo no caso de haver previs\u00e3o na Constitui\u00e7\u00e3o Estadual de Minas Gerais.<\/strong><\/p>\n\n\n\n<p>Ou seja, se tiver uma previs\u00e3o na Constitui\u00e7\u00e3o de Minas Gerais, o cidad\u00e3o investido na fun\u00e7\u00e3o de um dos Poderes poder\u00e1 exercer a fun\u00e7\u00e3o de outro Poder.<\/p>\n\n\n\n<h2 class=\"wp-block-heading\" id=\"competencia-remanescente-ou-residual-do-estado-de-minas\"><strong>Compet\u00eancia Remanescente ou Residual<\/strong> do Estado de Minas<\/h2>\n\n\n\n<p>O artigo 9\u00b0 fala a respeito dos Estados possuem compet\u00eancia remanescente ou residual.<\/p>\n\n\n\n<p>Mas o \u00e9 compet\u00eancia remanescente ou residual?<\/p>\n\n\n\n<p>A compet\u00eancia remanescente ou residual dos Estados deve-se ao fato que a Uni\u00e3o \u00e9 respons\u00e1vel pelos servi\u00e7os de interesse nacional, j\u00e1 os munic\u00edpios pelos servi\u00e7os de interesse local. Assim, os que n\u00e3o est\u00e3o reservados nem para a Uni\u00e3o nem para os Munic\u00edpios, podem pertencer aos Estados: &#8220;Aos Estados pertencem as&nbsp;<strong>compet\u00eancias<\/strong>&nbsp;que n\u00e3o lhes sejam vedadas pela Constitui\u00e7\u00e3o Federal.&#8221;<\/p>\n\n\n\n<p>Al\u00e9m disso, o art. 10, CE\/MG, traz as compet\u00eancias do Estado de Minas Gerais. Relacionando as compet\u00eancias <strong>legislativas com as administrativas<\/strong> (materiais) do Estado.<\/p>\n\n\n\n<p><strong>Principais Observa\u00e7\u00f5es:<\/strong><\/p>\n\n\n\n<p>VIII -&gt; Determina que compete ao Estado explorar os servi\u00e7os locais de <strong>g\u00e1s canalizado<\/strong>.<\/p>\n\n\n\n<p>X -&gt; Determina que compete ao Estado <strong>instituir regi\u00e3o metropolitana, aglomera\u00e7\u00e3o urbana e microrregi\u00e3o<\/strong>. Consoante a CF\/88, essa \u00e9 uma mat\u00e9ria reservada \u00e0 lei complementar.<\/p>\n\n\n\n<p>XV -&gt; relaciona as mat\u00e9rias da <strong>compet\u00eancia concorrente<\/strong> da Uni\u00e3o e do Estado (art. 24, CF\/88). Essa compet\u00eancia \u00e9 caracterizada por ser uma compet\u00eancia legislativa.<\/p>\n\n\n\n<p>Mas o que \u00e9 a Compet\u00eancia Concorrente?<\/p>\n\n\n\n<p>A compet\u00eancia concorrente diz que a <strong>Uni\u00e3o<\/strong> \u00e9 respons\u00e1vel por editar <strong>normas gerais<\/strong>, ao passo que os <strong>Estados e o Distrito Federal s\u00e3o respons\u00e1veis pela edi\u00e7\u00e3o de normas suplementares<\/strong>. Al\u00e9m disso, essas normas suplementares editadas pelos Estados devem observar as normas gerais determinadas pela Uni\u00e3o.<\/p>\n\n\n\n<p>Ademais,<strong> se n\u00e3o existir lei federal <\/strong>a respeito das normas gerais, o Estado poder\u00e1 exercer <strong>compet\u00eancia legislativa plena<\/strong> para atender \u00e0s suas peculiaridades.<\/p>\n\n\n\n<p>Assim, se n\u00e3o existir Lei da Uni\u00e3o estabelecendo normas gerais, o Estado de Minas tem compet\u00eancia legislativa plena para atender \u00e0s peculiaridades do Estado.<\/p>\n\n\n\n<h2 class=\"wp-block-heading\" id=\"tj-mg-aprenda-a-constituicao-de-minas-teto-do-funcionalismo-publico-em-minas\">TJ-MG: Aprenda a Constitui\u00e7\u00e3o de Minas &#8211; Teto do Funcionalismo P\u00fablico em Minas<\/h2>\n\n\n\n<p>A Emenda \u00e0 Constitui\u00e7\u00e3o Federal n\u00ba 47\/2005 determinou a possibilidade de que os Estados e o Distrito Federal, por meio de emenda \u00e0 Constitui\u00e7\u00e3o Estadual, fixem um subteto \u00fanico. <\/p>\n\n\n\n<p>E foi exatamente isso que o \u00a7 1\u00ba do art. 24 da CE\/MG fez!<\/p>\n\n\n\n<p>No estado de Minas, ao inv\u00e9s de termos subtetos espec\u00edficos por cada Poder, h\u00e1 apenas um subteto \u00fanico, que \u00e9 o subs\u00eddio dos <strong>desembargadores do Tribunal de Justi\u00e7a<\/strong>.<\/p>\n\n\n\n<p>No entanto, em rela\u00e7\u00e3o ao sal\u00e1rio dos empregados p\u00fablicos das empresas p\u00fablicas, das sociedades de economia mista e de suas subsidi\u00e1rias, esse teto apenas se aplica \u00e0s que receberem recursos do Estado para pagar as despesas de pessoal ou de custeio em geral. (art. 24, \u00a7 10, CE\/MG).<\/p>\n\n\n\n<p>Al\u00e9m disso, o inciso \u00a7 3\u00ba buscou impedir que o legislador ordin\u00e1rio estabelecesse reajustes autom\u00e1ticos de remunera\u00e7\u00e3o ou aumentos em cascata.<\/p>\n\n\n\n<p>Assim, o inciso \u00a7 4\u00ba determinou que os acr\u00e9scimos pecuni\u00e1rios percebidos por servidor p\u00fablico n\u00e3o fossem computados nem acumulados para fins de concess\u00e3o de acr\u00e9scimos ulteriores. Ou seja, qualquer gratifica\u00e7\u00e3o ou adicional ter\u00e1 como base de c\u00e1lculo o vencimento b\u00e1sico do servidor p\u00fablico. Proibindo a incid\u00eancia de adicionais \u201cem cascata\u201d.<\/p>\n\n\n\n<h2 class=\"wp-block-heading\" id=\"acumulacao-remunerada-de-cargos-publicos-em-minas-gerais\">Acumula\u00e7\u00e3o remunerada de cargos p\u00fablicos em Minas Gerais<\/h2>\n\n\n\n<p>O art. 25 trata da impossibilidade da acumula\u00e7\u00e3o remunerada de cargos p\u00fablicos, essa \u00e9 a regra geral. <\/p>\n\n\n\n<p>Entretanto, assim como previsto na Constitui\u00e7\u00e3o Federal, a Constitui\u00e7\u00e3o do Estado de Minas Gerais elenca exce\u00e7\u00f5es \u00e0 regra geral quanto a proibi\u00e7\u00e3o de acumula\u00e7\u00e3o de cargos.<\/p>\n\n\n\n<p>Deste modo, quando houver compatibilidade de hor\u00e1rios, s\u00e3o admiss\u00edveis as seguintes acumula\u00e7\u00f5es:<\/p>\n\n\n\n<ul class=\"wp-block-list\">\n<li>2 cargos de professor;<\/li>\n\n\n\n<li>1 cargo de professor com outro t\u00e9cnico ou cient\u00edfico;<\/li>\n\n\n\n<li>2 cargos e empregos de profissionais de sa\u00fade, com profiss\u00f5es regulamentadas.<\/li>\n<\/ul>\n\n\n\n<p>Al\u00e9m disso, a Constitui\u00e7\u00e3o Federal determina, ainda, outras possibilidades de acumula\u00e7\u00e3o de cargos. Vejamos abaixo:<\/p>\n\n\n\n<ul class=\"wp-block-list\">\n<li>Ac\u00famulo do cargo de vereador e outro cargo, emprego ou fun\u00e7\u00e3o, sem preju\u00edzo da remunera\u00e7\u00e3o do cargo eletivo (Art. 38, III, CF\/88);<\/li>\n\n\n\n<li>Permiss\u00e3o para os ju\u00edzes exercerem o magist\u00e9rio (Art. 95, par\u00e1grafo \u00fanico, I, CF\/88);<\/li>\n\n\n\n<li>Permiss\u00e3o para os membros do Minist\u00e9rio P\u00fablico exercerem o magist\u00e9rio (Art. 125, \u00a7 5\u00ba, II, \u201cd\u201d, CF\/88).<\/li>\n<\/ul>\n\n\n\n<p>Ademais, em qualquer caso de acumula\u00e7\u00e3o remunerada de cargos, tem que existir compatibilidade de hor\u00e1rios.<\/p>\n\n\n\n<h2 class=\"wp-block-heading\" id=\"processo-legislativo-em-minas-gerais\">Processo Legislativo em Minas Gerais<\/h2>\n\n\n\n<p>A Constitui\u00e7\u00e3o de Minas Gerais diz que o processo legislativo compreende a elabora\u00e7\u00e3o de emendas \u00e0 Constitui\u00e7\u00e3o, leis complementares, leis ordin\u00e1rias, leis delegadas e resolu\u00e7\u00f5es. Deste modo, veja que <strong>n\u00e3o h\u00e1 previs\u00e3o de edi\u00e7\u00e3o de decretos legislativos e medidas provis\u00f3rias<\/strong> na Constitui\u00e7\u00e3o Estadual de Minas Gerais.<\/p>\n\n\n\n<p><strong>Emenda \u00e0 Constitui\u00e7\u00e3o de Minas Gerais<\/strong><\/p>\n\n\n\n<p>Como a Constitui\u00e7\u00e3o de Minas Gerais pode ser emendada?<\/p>\n\n\n\n<ul class=\"wp-block-list\">\n<li>Por proposta:<\/li>\n<\/ul>\n\n\n\n<p>a) de <strong>1\/3 dos membros da Assembleia Legislativa<\/strong>, no m\u00ednimo;<\/p>\n\n\n\n<p>b) do <strong>Governador do Estado<\/strong>; ou<\/p>\n\n\n\n<p>c) de <strong>100 (cem) C\u00e2maras Municipais<\/strong>, manifestada pela maioria em cada uma, no m\u00ednimo.<\/p>\n\n\n\n<p>Guarde isso: Em Minas Gerais, <strong>n\u00e3o existe iniciativa popular de emendas \u00e0 Constitui\u00e7\u00e3o Estadual.<\/strong><\/p>\n\n\n\n<h2 class=\"wp-block-heading\" id=\"poder-judiciario-de-minas-gerais\">Poder Judici\u00e1rio de Minas Gerais<\/h2>\n\n\n\n<p>O Poder Judici\u00e1rio do Estado de Minas tem autonomia financeira, essa autonomia se traduz na elabora\u00e7\u00e3o, pelos tribunais, de suas respectivas propostas or\u00e7ament\u00e1rias, dentro dos limites estipulados conjuntamente com os demais Poderes na lei de diretrizes or\u00e7ament\u00e1rias.<\/p>\n\n\n\n<p>Outrossim, tal autonomia \u00e9 fortalecida pela Constitui\u00e7\u00e3o que diz que os recursos provenientes das custas e emolumentos devem ser destinados <strong>exclusivamente ao custeio dos servi\u00e7os afetos \u00e0s atividades espec\u00edficas da Justi\u00e7a<\/strong>.<\/p>\n\n\n\n<p>Por fim, o Art. 98 da CE\/MG diz que Lei de Organiza\u00e7\u00e3o e Divis\u00e3o Judici\u00e1rias do Estado de Minas Gerais \u00e9 de <strong>iniciativa privativa do Tribunal de Justi\u00e7a<\/strong>. <\/p>\n\n\n\n<p id=\"block-d0b89fff-d3a1-45e8-884c-3416a7a5955b\">Espero que voc\u00ea tenha gostado do artigo de hoje!<\/p>\n\n\n\n<p id=\"block-719374f6-4a2b-4fcd-9982-f6571d489655\">Um abra\u00e7o e bons estudos!<\/p>\n\n\n\n<p id=\"block-b3d3a964-1239-435d-b2dd-9d5a85212015\">Leonardo Mathias<\/p>\n\n\n\n<p id=\"block-d489c2f4-21d9-42f1-b7c0-55d72c3e3c4f\">@profleomathias<\/p>\n\n\n\n<p id=\"block-eabd4783-f0d1-4ad5-9e1c-6df9c7fc874e\"><strong>Cursos e Assinaturas<\/strong><\/p>\n\n\n\n<p id=\"block-6062a05a-be31-46f9-b707-4bb068385165\">Prepare-se com o melhor material e com quem mais aprova em Concursos P\u00fablicos em todo o pa\u00eds!<\/p>\n\n\n\n<figure class=\"wp-block-embed is-type-wp-embed is-provider-estrategia-concursos wp-block-embed-estrategia-concursos\"><div class=\"wp-block-embed__wrapper\">\n<blockquote class=\"wp-embedded-content\" data-secret=\"fqsGVsH95a\"><a href=\"https:\/\/www.estrategiaconcursos.com.br\/blog\/pensamentos-que-podem-sabotar-a-sua-preparacao-para-concursos\/\">Pensamentos que podem sabotar a sua prepara\u00e7\u00e3o para concursos<\/a><\/blockquote><iframe loading=\"lazy\" class=\"wp-embedded-content\" sandbox=\"allow-scripts\" security=\"restricted\" style=\"position: absolute; clip: rect(1px, 1px, 1px, 1px);\" title=\"&#8220;Pensamentos que podem sabotar a sua prepara\u00e7\u00e3o para concursos&#8221; &#8212; Estrat\u00e9gia Concursos\" src=\"https:\/\/www.estrategiaconcursos.com.br\/blog\/pensamentos-que-podem-sabotar-a-sua-preparacao-para-concursos\/embed\/#?secret=ACSVQjccZW#?secret=fqsGVsH95a\" data-secret=\"fqsGVsH95a\" width=\"500\" height=\"282\" frameborder=\"0\" marginwidth=\"0\" marginheight=\"0\" scrolling=\"no\"><\/iframe>\n<\/div><\/figure>\n\n\n\n<h2 class=\"wp-block-heading has-text-align-center\" id=\"h-cursos-e-assinaturas\">Cursos e Assinaturas<\/h2>\n\n\n\n<p>Prepare-se com o melhor material e com quem mais aprova em Concursos P\u00fablicos em todo o pa\u00eds!<\/p>\n\n\n\n<div class=\"container\" id=\"boxes\">\n  <div class=\"row\">\n    <div class=\"col-sm\">\n      <div class=\"estrategia\" id=\"box-assinatura\">\n        <h3 class=\"titulo-assinatura\">Assinatura de Concursos<\/h3>\n        <p class=\"subtitulo-assinatura\">Assinatura de 1 ano ou 2 anos<\/p>\n        <div class=\"box-botao\">\n          <a class=\"btn-assinatura\" target=\"_blank\" href=\"https:\/\/www.estrategiaconcursos.com.br\/assinaturas\/\" role=\"button\" rel=\"noopener noreferrer\">ASSINE AGORA<\/a>\n        <\/div>\n      <\/div>\n      <p class=\"texto-auxiliar\"><\/p>\n    <\/div>\n    <div class=\"col-sm\">\n      <div class=\"questoes\" id=\"box-assinatura\">\n        <h3 class=\"titulo-assinatura\">Sistema de Quest\u00f5es<\/h3>\n        <p class=\"subtitulo-assinatura\">Assinatura de 1 ano ou 2 anos\n<\/p>\n        <div class=\"box-botao\">\n          <a class=\"btn-assinatura\" target=\"_blank\" href=\"https:\/\/www.estrategiaconcursos.com.br\/cursosPorConcurso\/sistema-de-questoes\/#\/\" role=\"button\" rel=\"noopener noreferrer\">ASSINE AGORA<\/a>\n        <\/div>\n      <\/div>\n      <p class=\"texto-auxiliar\"><\/p>\n    <\/div>\n  <\/div>\n<\/div>\n\n\n\n<div class=\"container\" id=\"boxes\">\n  <div class=\"row\">\n\n    <div class=\"col-sm\" id=\"boxes-concursos\">\n      <div style=\"background-color: #005DAD;\" class=\"conteudo-concursos\" id=\"box-concursos\">\n        <h3 class=\"titulo-assinatura\">Concursos Abertos<\/h3>\n        <p class=\"subtitulo-assinatura\">mais de 15 mil vagas<\/p>\n        <div class=\"box-botao\">\n          <a class=\"btn-assinatura\" target=\"_blank\" href=\"https:\/\/www.estrategiaconcursos.com.br\/blog\/concursos-abertos\/\" role=\"button\" rel=\"noopener noreferrer\">Conhe\u00e7a Agora<\/a>\n        <\/div>\n      <\/div>\n    <\/div>\n\n    \n\n    <div class=\"col-sm\" id=\"boxes-concursos\">\n      <div style=\"background-color: #419FF0;\" class=\"conteudo-concursos\" id=\"box-concursos\">\n        <h3 class=\"titulo-assinatura\">Concursos 2021<\/h3>\n        <p class=\"subtitulo-assinatura\">mais de 17 mil vagas<\/p>\n        <div class=\"box-botao\">\n          <a class=\"btn-assinatura\" target=\"_blank\" href=\"https:\/\/www.estrategiaconcursos.com.br\/blog\/concursos-2021\/\" role=\"button\" rel=\"noopener noreferrer\">Conhe\u00e7a Agora<\/a>\n        <\/div>\n      <\/div>\n    <\/div>\n\n  <\/div>\n<\/div>\n","protected":false},"excerpt":{"rendered":"<p>Ol\u00e1, tudo bem com voc\u00ea? No artigo de hoje vamos falar sobre os principais pontos da Constitui\u00e7\u00e3o do Estado de Minas Gerais para que voc\u00ea aprenda de uma vez por todas. Vamos l\u00e1? Voc\u00ea quer fazer o concurso do Tribunal de Justi\u00e7a do Estado de Minas? Ou qualquer outro concurso em Minas Gerais? Hoje vamos [&hellip;]<\/p>\n","protected":false},"author":773,"featured_media":1003114,"comment_status":"open","ping_status":"closed","sticky":false,"template":"","format":"standard","meta":{"post_tipo":"article","footnotes":""},"categories":[1984],"tags":[],"tax_estado":[219974],"class_list":["post-1039285","post","type-post","status-publish","format-standard","has-post-thumbnail","hentry","category-tribunais","tax_estado-mg"],"acf":[],"yoast_head":"<!-- This site is optimized with the Yoast SEO Premium plugin v27.2 (Yoast SEO v27.2) - https:\/\/yoast.com\/product\/yoast-seo-premium-wordpress\/ -->\n<title>TJ-MG: Aprenda a Constitui\u00e7\u00e3o de Minas Gerais de uma vez por todas<\/title>\n<meta name=\"description\" content=\"TJ-MG: Aprenda a Constitui\u00e7\u00e3o de Minas Gerais de uma vez por toda para o seu concurso p\u00fablico, como gabaritar a CE\/MG\" \/>\n<meta name=\"robots\" content=\"index, follow, max-snippet:-1, max-image-preview:large, max-video-preview:-1\" \/>\n<link rel=\"canonical\" href=\"https:\/\/www.estrategiaconcursos.com.br\/blog\/tj-mg-aprenda-a-constituicao-de-minas\/\" \/>\n<meta property=\"og:locale\" content=\"pt_BR\" \/>\n<meta property=\"og:type\" content=\"article\" \/>\n<meta property=\"og:title\" content=\"TJ-MG: Aprenda a Constitui\u00e7\u00e3o de Minas Gerais de uma vez por todas\" \/>\n<meta property=\"og:description\" content=\"TJ-MG: Aprenda a Constitui\u00e7\u00e3o de Minas Gerais de uma vez por toda para o seu concurso p\u00fablico, como gabaritar a CE\/MG\" \/>\n<meta property=\"og:url\" content=\"https:\/\/www.estrategiaconcursos.com.br\/blog\/tj-mg-aprenda-a-constituicao-de-minas\/\" \/>\n<meta property=\"og:site_name\" content=\"Estrat\u00e9gia Concursos\" \/>\n<meta property=\"article:published_time\" content=\"2022-06-14T10:46:00+00:00\" \/>\n<meta property=\"article:modified_time\" content=\"2023-08-24T11:38:35+00:00\" \/>\n<meta property=\"og:image\" content=\"https:\/\/dhg1h5j42swfq.cloudfront.net\/2022\/04\/06131125\/projeto-de-lei.jpg\" \/>\n\t<meta property=\"og:image:width\" content=\"860\" \/>\n\t<meta property=\"og:image:height\" content=\"570\" \/>\n\t<meta property=\"og:image:type\" content=\"image\/jpeg\" \/>\n<meta name=\"author\" content=\"Leonardo Mathias\" \/>\n<meta name=\"twitter:card\" content=\"summary_large_image\" \/>\n<meta name=\"twitter:creator\" content=\"@EstratConcursos\" \/>\n<meta name=\"twitter:site\" content=\"@EstratConcursos\" \/>\n<meta name=\"twitter:label1\" content=\"Escrito por\" \/>\n\t<meta name=\"twitter:data1\" content=\"Leonardo Mathias\" \/>\n\t<meta name=\"twitter:label2\" content=\"Est. tempo de leitura\" \/>\n\t<meta name=\"twitter:data2\" content=\"11 minutos\" \/>\n<script type=\"application\/ld+json\" class=\"yoast-schema-graph\">{\"@context\":\"https:\/\/schema.org\",\"@graph\":[{\"@type\":\"NewsArticle\",\"@id\":\"https:\/\/www.estrategiaconcursos.com.br\/blog\/tj-mg-aprenda-a-constituicao-de-minas\/#article\",\"isPartOf\":{\"@id\":\"https:\/\/www.estrategiaconcursos.com.br\/blog\/tj-mg-aprenda-a-constituicao-de-minas\/\"},\"author\":{\"name\":\"Leonardo Mathias\",\"@id\":\"https:\/\/www.estrategiaconcursos.com.br\/blog\/#\/schema\/person\/ffa1e327b35698a5329b293a0627bd55\"},\"headline\":\"TJ-MG: Aprenda a Constitui\u00e7\u00e3o de Minas Gerais de uma vez por todas\",\"datePublished\":\"2022-06-14T10:46:00+00:00\",\"dateModified\":\"2023-08-24T11:38:35+00:00\",\"mainEntityOfPage\":{\"@id\":\"https:\/\/www.estrategiaconcursos.com.br\/blog\/tj-mg-aprenda-a-constituicao-de-minas\/\"},\"wordCount\":2013,\"commentCount\":0,\"publisher\":{\"@id\":\"https:\/\/www.estrategiaconcursos.com.br\/blog\/#organization\"},\"image\":{\"@id\":\"https:\/\/www.estrategiaconcursos.com.br\/blog\/tj-mg-aprenda-a-constituicao-de-minas\/#primaryimage\"},\"thumbnailUrl\":\"https:\/\/dhg1h5j42swfq.cloudfront.net\/2022\/04\/06131125\/projeto-de-lei.jpg\",\"articleSection\":[\"Tribunais\"],\"inLanguage\":\"pt-BR\",\"potentialAction\":[{\"@type\":\"CommentAction\",\"name\":\"Comment\",\"target\":[\"https:\/\/www.estrategiaconcursos.com.br\/blog\/tj-mg-aprenda-a-constituicao-de-minas\/#respond\"]}],\"copyrightYear\":\"2022\",\"copyrightHolder\":{\"@id\":\"https:\/\/www.estrategiaconcursos.com.br\/blog\/#organization\"}},{\"@type\":\"WebPage\",\"@id\":\"https:\/\/www.estrategiaconcursos.com.br\/blog\/tj-mg-aprenda-a-constituicao-de-minas\/\",\"url\":\"https:\/\/www.estrategiaconcursos.com.br\/blog\/tj-mg-aprenda-a-constituicao-de-minas\/\",\"name\":\"TJ-MG: Aprenda a Constitui\u00e7\u00e3o de Minas Gerais de uma vez por todas\",\"isPartOf\":{\"@id\":\"https:\/\/www.estrategiaconcursos.com.br\/blog\/#website\"},\"primaryImageOfPage\":{\"@id\":\"https:\/\/www.estrategiaconcursos.com.br\/blog\/tj-mg-aprenda-a-constituicao-de-minas\/#primaryimage\"},\"image\":{\"@id\":\"https:\/\/www.estrategiaconcursos.com.br\/blog\/tj-mg-aprenda-a-constituicao-de-minas\/#primaryimage\"},\"thumbnailUrl\":\"https:\/\/dhg1h5j42swfq.cloudfront.net\/2022\/04\/06131125\/projeto-de-lei.jpg\",\"datePublished\":\"2022-06-14T10:46:00+00:00\",\"dateModified\":\"2023-08-24T11:38:35+00:00\",\"description\":\"TJ-MG: Aprenda a Constitui\u00e7\u00e3o de Minas Gerais de uma vez por toda para o seu concurso p\u00fablico, como gabaritar a CE\/MG\",\"breadcrumb\":{\"@id\":\"https:\/\/www.estrategiaconcursos.com.br\/blog\/tj-mg-aprenda-a-constituicao-de-minas\/#breadcrumb\"},\"inLanguage\":\"pt-BR\",\"potentialAction\":[{\"@type\":\"ReadAction\",\"target\":[\"https:\/\/www.estrategiaconcursos.com.br\/blog\/tj-mg-aprenda-a-constituicao-de-minas\/\"]}]},{\"@type\":\"ImageObject\",\"inLanguage\":\"pt-BR\",\"@id\":\"https:\/\/www.estrategiaconcursos.com.br\/blog\/tj-mg-aprenda-a-constituicao-de-minas\/#primaryimage\",\"url\":\"https:\/\/dhg1h5j42swfq.cloudfront.net\/2022\/04\/06131125\/projeto-de-lei.jpg\",\"contentUrl\":\"https:\/\/dhg1h5j42swfq.cloudfront.net\/2022\/04\/06131125\/projeto-de-lei.jpg\",\"width\":860,\"height\":570,\"caption\":\"TJ-MG: Aprenda a Constitui\u00e7\u00e3o de Minas\"},{\"@type\":\"BreadcrumbList\",\"@id\":\"https:\/\/www.estrategiaconcursos.com.br\/blog\/tj-mg-aprenda-a-constituicao-de-minas\/#breadcrumb\",\"itemListElement\":[{\"@type\":\"ListItem\",\"position\":1,\"name\":\"In\u00edcio\",\"item\":\"https:\/\/www.estrategiaconcursos.com.br\/blog\/\"},{\"@type\":\"ListItem\",\"position\":2,\"name\":\"TJ-MG: Aprenda a Constitui\u00e7\u00e3o de Minas Gerais de uma vez por todas\"}]},{\"@type\":\"WebSite\",\"@id\":\"https:\/\/www.estrategiaconcursos.com.br\/blog\/#website\",\"url\":\"https:\/\/www.estrategiaconcursos.com.br\/blog\/\",\"name\":\"Estrat\u00e9gia Concursos\",\"description\":\"O blog da Estrat\u00e9gia Concursos traz not\u00edcias sobre concursos e artigos de professores oferecendo cursos para concursos (pdf + videaulas) no site.\",\"publisher\":{\"@id\":\"https:\/\/www.estrategiaconcursos.com.br\/blog\/#organization\"},\"potentialAction\":[{\"@type\":\"SearchAction\",\"target\":{\"@type\":\"EntryPoint\",\"urlTemplate\":\"https:\/\/www.estrategiaconcursos.com.br\/blog\/?s={search_term_string}\"},\"query-input\":{\"@type\":\"PropertyValueSpecification\",\"valueRequired\":true,\"valueName\":\"search_term_string\"}}],\"inLanguage\":\"pt-BR\"},{\"@type\":\"Organization\",\"@id\":\"https:\/\/www.estrategiaconcursos.com.br\/blog\/#organization\",\"name\":\"Estrat\u00e9gia Concursos\",\"url\":\"https:\/\/www.estrategiaconcursos.com.br\/blog\/\",\"logo\":{\"@type\":\"ImageObject\",\"inLanguage\":\"pt-BR\",\"@id\":\"https:\/\/www.estrategiaconcursos.com.br\/blog\/#\/schema\/logo\/image\/\",\"url\":\"https:\/\/dhg1h5j42swfq.cloudfront.net\/2025\/06\/03203428\/logo_concursos-1.jpg\",\"contentUrl\":\"https:\/\/dhg1h5j42swfq.cloudfront.net\/2025\/06\/03203428\/logo_concursos-1.jpg\",\"width\":230,\"height\":60,\"caption\":\"Estrat\u00e9gia Concursos\"},\"image\":{\"@id\":\"https:\/\/www.estrategiaconcursos.com.br\/blog\/#\/schema\/logo\/image\/\"},\"sameAs\":[\"https:\/\/x.com\/EstratConcursos\"]},{\"@type\":\"Person\",\"@id\":\"https:\/\/www.estrategiaconcursos.com.br\/blog\/#\/schema\/person\/ffa1e327b35698a5329b293a0627bd55\",\"name\":\"Leonardo Mathias\",\"image\":{\"@type\":\"ImageObject\",\"inLanguage\":\"pt-BR\",\"@id\":\"https:\/\/secure.gravatar.com\/avatar\/f02a0a4304a1537239604f568c9b6a69a3a7bbd6a5033b760cb4a5697f00295b?s=96&d=mm&r=g\",\"url\":\"https:\/\/secure.gravatar.com\/avatar\/f02a0a4304a1537239604f568c9b6a69a3a7bbd6a5033b760cb4a5697f00295b?s=96&d=mm&r=g\",\"contentUrl\":\"https:\/\/secure.gravatar.com\/avatar\/f02a0a4304a1537239604f568c9b6a69a3a7bbd6a5033b760cb4a5697f00295b?s=96&d=mm&r=g\",\"caption\":\"Leonardo Mathias\"},\"url\":\"https:\/\/www.estrategiaconcursos.com.br\/blog\/author\/leonardomathiasestrategiaconcursos-com-br\/\"}]}<\/script>\n<!-- \/ Yoast SEO Premium plugin. -->","yoast_head_json":{"title":"TJ-MG: Aprenda a Constitui\u00e7\u00e3o de Minas Gerais de uma vez por todas","description":"TJ-MG: Aprenda a Constitui\u00e7\u00e3o de Minas Gerais de uma vez por toda para o seu concurso p\u00fablico, como gabaritar a CE\/MG","robots":{"index":"index","follow":"follow","max-snippet":"max-snippet:-1","max-image-preview":"max-image-preview:large","max-video-preview":"max-video-preview:-1"},"canonical":"https:\/\/www.estrategiaconcursos.com.br\/blog\/tj-mg-aprenda-a-constituicao-de-minas\/","og_locale":"pt_BR","og_type":"article","og_title":"TJ-MG: Aprenda a Constitui\u00e7\u00e3o de Minas Gerais de uma vez por todas","og_description":"TJ-MG: Aprenda a Constitui\u00e7\u00e3o de Minas Gerais de uma vez por toda para o seu concurso p\u00fablico, como gabaritar a CE\/MG","og_url":"https:\/\/www.estrategiaconcursos.com.br\/blog\/tj-mg-aprenda-a-constituicao-de-minas\/","og_site_name":"Estrat\u00e9gia Concursos","article_published_time":"2022-06-14T10:46:00+00:00","article_modified_time":"2023-08-24T11:38:35+00:00","og_image":[{"width":860,"height":570,"url":"https:\/\/dhg1h5j42swfq.cloudfront.net\/2022\/04\/06131125\/projeto-de-lei.jpg","type":"image\/jpeg"}],"author":"Leonardo Mathias","twitter_card":"summary_large_image","twitter_creator":"@EstratConcursos","twitter_site":"@EstratConcursos","twitter_misc":{"Escrito por":"Leonardo Mathias","Est. tempo de leitura":"11 minutos"},"schema":{"@context":"https:\/\/schema.org","@graph":[{"@type":"NewsArticle","@id":"https:\/\/www.estrategiaconcursos.com.br\/blog\/tj-mg-aprenda-a-constituicao-de-minas\/#article","isPartOf":{"@id":"https:\/\/www.estrategiaconcursos.com.br\/blog\/tj-mg-aprenda-a-constituicao-de-minas\/"},"author":{"name":"Leonardo Mathias","@id":"https:\/\/www.estrategiaconcursos.com.br\/blog\/#\/schema\/person\/ffa1e327b35698a5329b293a0627bd55"},"headline":"TJ-MG: Aprenda a Constitui\u00e7\u00e3o de Minas Gerais de uma vez por todas","datePublished":"2022-06-14T10:46:00+00:00","dateModified":"2023-08-24T11:38:35+00:00","mainEntityOfPage":{"@id":"https:\/\/www.estrategiaconcursos.com.br\/blog\/tj-mg-aprenda-a-constituicao-de-minas\/"},"wordCount":2013,"commentCount":0,"publisher":{"@id":"https:\/\/www.estrategiaconcursos.com.br\/blog\/#organization"},"image":{"@id":"https:\/\/www.estrategiaconcursos.com.br\/blog\/tj-mg-aprenda-a-constituicao-de-minas\/#primaryimage"},"thumbnailUrl":"https:\/\/dhg1h5j42swfq.cloudfront.net\/2022\/04\/06131125\/projeto-de-lei.jpg","articleSection":["Tribunais"],"inLanguage":"pt-BR","potentialAction":[{"@type":"CommentAction","name":"Comment","target":["https:\/\/www.estrategiaconcursos.com.br\/blog\/tj-mg-aprenda-a-constituicao-de-minas\/#respond"]}],"copyrightYear":"2022","copyrightHolder":{"@id":"https:\/\/www.estrategiaconcursos.com.br\/blog\/#organization"}},{"@type":"WebPage","@id":"https:\/\/www.estrategiaconcursos.com.br\/blog\/tj-mg-aprenda-a-constituicao-de-minas\/","url":"https:\/\/www.estrategiaconcursos.com.br\/blog\/tj-mg-aprenda-a-constituicao-de-minas\/","name":"TJ-MG: Aprenda a Constitui\u00e7\u00e3o de Minas Gerais de uma vez por todas","isPartOf":{"@id":"https:\/\/www.estrategiaconcursos.com.br\/blog\/#website"},"primaryImageOfPage":{"@id":"https:\/\/www.estrategiaconcursos.com.br\/blog\/tj-mg-aprenda-a-constituicao-de-minas\/#primaryimage"},"image":{"@id":"https:\/\/www.estrategiaconcursos.com.br\/blog\/tj-mg-aprenda-a-constituicao-de-minas\/#primaryimage"},"thumbnailUrl":"https:\/\/dhg1h5j42swfq.cloudfront.net\/2022\/04\/06131125\/projeto-de-lei.jpg","datePublished":"2022-06-14T10:46:00+00:00","dateModified":"2023-08-24T11:38:35+00:00","description":"TJ-MG: Aprenda a Constitui\u00e7\u00e3o de Minas Gerais de uma vez por toda para o seu concurso p\u00fablico, como gabaritar a CE\/MG","breadcrumb":{"@id":"https:\/\/www.estrategiaconcursos.com.br\/blog\/tj-mg-aprenda-a-constituicao-de-minas\/#breadcrumb"},"inLanguage":"pt-BR","potentialAction":[{"@type":"ReadAction","target":["https:\/\/www.estrategiaconcursos.com.br\/blog\/tj-mg-aprenda-a-constituicao-de-minas\/"]}]},{"@type":"ImageObject","inLanguage":"pt-BR","@id":"https:\/\/www.estrategiaconcursos.com.br\/blog\/tj-mg-aprenda-a-constituicao-de-minas\/#primaryimage","url":"https:\/\/dhg1h5j42swfq.cloudfront.net\/2022\/04\/06131125\/projeto-de-lei.jpg","contentUrl":"https:\/\/dhg1h5j42swfq.cloudfront.net\/2022\/04\/06131125\/projeto-de-lei.jpg","width":860,"height":570,"caption":"TJ-MG: Aprenda a Constitui\u00e7\u00e3o de Minas"},{"@type":"BreadcrumbList","@id":"https:\/\/www.estrategiaconcursos.com.br\/blog\/tj-mg-aprenda-a-constituicao-de-minas\/#breadcrumb","itemListElement":[{"@type":"ListItem","position":1,"name":"In\u00edcio","item":"https:\/\/www.estrategiaconcursos.com.br\/blog\/"},{"@type":"ListItem","position":2,"name":"TJ-MG: Aprenda a Constitui\u00e7\u00e3o de Minas Gerais de uma vez por todas"}]},{"@type":"WebSite","@id":"https:\/\/www.estrategiaconcursos.com.br\/blog\/#website","url":"https:\/\/www.estrategiaconcursos.com.br\/blog\/","name":"Estrat\u00e9gia Concursos","description":"O blog da Estrat\u00e9gia Concursos traz not\u00edcias sobre concursos e artigos de professores oferecendo cursos para concursos (pdf + videaulas) no site.","publisher":{"@id":"https:\/\/www.estrategiaconcursos.com.br\/blog\/#organization"},"potentialAction":[{"@type":"SearchAction","target":{"@type":"EntryPoint","urlTemplate":"https:\/\/www.estrategiaconcursos.com.br\/blog\/?s={search_term_string}"},"query-input":{"@type":"PropertyValueSpecification","valueRequired":true,"valueName":"search_term_string"}}],"inLanguage":"pt-BR"},{"@type":"Organization","@id":"https:\/\/www.estrategiaconcursos.com.br\/blog\/#organization","name":"Estrat\u00e9gia Concursos","url":"https:\/\/www.estrategiaconcursos.com.br\/blog\/","logo":{"@type":"ImageObject","inLanguage":"pt-BR","@id":"https:\/\/www.estrategiaconcursos.com.br\/blog\/#\/schema\/logo\/image\/","url":"https:\/\/dhg1h5j42swfq.cloudfront.net\/2025\/06\/03203428\/logo_concursos-1.jpg","contentUrl":"https:\/\/dhg1h5j42swfq.cloudfront.net\/2025\/06\/03203428\/logo_concursos-1.jpg","width":230,"height":60,"caption":"Estrat\u00e9gia Concursos"},"image":{"@id":"https:\/\/www.estrategiaconcursos.com.br\/blog\/#\/schema\/logo\/image\/"},"sameAs":["https:\/\/x.com\/EstratConcursos"]},{"@type":"Person","@id":"https:\/\/www.estrategiaconcursos.com.br\/blog\/#\/schema\/person\/ffa1e327b35698a5329b293a0627bd55","name":"Leonardo Mathias","image":{"@type":"ImageObject","inLanguage":"pt-BR","@id":"https:\/\/secure.gravatar.com\/avatar\/f02a0a4304a1537239604f568c9b6a69a3a7bbd6a5033b760cb4a5697f00295b?s=96&d=mm&r=g","url":"https:\/\/secure.gravatar.com\/avatar\/f02a0a4304a1537239604f568c9b6a69a3a7bbd6a5033b760cb4a5697f00295b?s=96&d=mm&r=g","contentUrl":"https:\/\/secure.gravatar.com\/avatar\/f02a0a4304a1537239604f568c9b6a69a3a7bbd6a5033b760cb4a5697f00295b?s=96&d=mm&r=g","caption":"Leonardo Mathias"},"url":"https:\/\/www.estrategiaconcursos.com.br\/blog\/author\/leonardomathiasestrategiaconcursos-com-br\/"}]}},"_links":{"self":[{"href":"https:\/\/www.estrategiaconcursos.com.br\/blog\/wp-json\/wp\/v2\/posts\/1039285","targetHints":{"allow":["GET"]}}],"collection":[{"href":"https:\/\/www.estrategiaconcursos.com.br\/blog\/wp-json\/wp\/v2\/posts"}],"about":[{"href":"https:\/\/www.estrategiaconcursos.com.br\/blog\/wp-json\/wp\/v2\/types\/post"}],"author":[{"embeddable":true,"href":"https:\/\/www.estrategiaconcursos.com.br\/blog\/wp-json\/wp\/v2\/users\/773"}],"replies":[{"embeddable":true,"href":"https:\/\/www.estrategiaconcursos.com.br\/blog\/wp-json\/wp\/v2\/comments?post=1039285"}],"version-history":[{"count":3,"href":"https:\/\/www.estrategiaconcursos.com.br\/blog\/wp-json\/wp\/v2\/posts\/1039285\/revisions"}],"predecessor-version":[{"id":1268427,"href":"https:\/\/www.estrategiaconcursos.com.br\/blog\/wp-json\/wp\/v2\/posts\/1039285\/revisions\/1268427"}],"wp:featuredmedia":[{"embeddable":true,"href":"https:\/\/www.estrategiaconcursos.com.br\/blog\/wp-json\/wp\/v2\/media\/1003114"}],"wp:attachment":[{"href":"https:\/\/www.estrategiaconcursos.com.br\/blog\/wp-json\/wp\/v2\/media?parent=1039285"}],"wp:term":[{"taxonomy":"category","embeddable":true,"href":"https:\/\/www.estrategiaconcursos.com.br\/blog\/wp-json\/wp\/v2\/categories?post=1039285"},{"taxonomy":"post_tag","embeddable":true,"href":"https:\/\/www.estrategiaconcursos.com.br\/blog\/wp-json\/wp\/v2\/tags?post=1039285"},{"taxonomy":"tax_estado","embeddable":true,"href":"https:\/\/www.estrategiaconcursos.com.br\/blog\/wp-json\/wp\/v2\/tax_estado?post=1039285"}],"curies":[{"name":"wp","href":"https:\/\/api.w.org\/{rel}","templated":true}]}}