{"id":1036576,"date":"2022-08-03T23:59:00","date_gmt":"2022-08-04T02:59:00","guid":{"rendered":"https:\/\/www.estrategiaconcursos.com.br\/blog\/?p=1036576"},"modified":"2023-05-31T18:28:40","modified_gmt":"2023-05-31T21:28:40","slug":"concurso-rio-verde-go-edital-publicado","status":"publish","type":"post","link":"https:\/\/www.estrategiaconcursos.com.br\/blog\/concurso-rio-verde-go-edital-publicado\/","title":{"rendered":"Edital Rio Verde GO: iniciais de R$ 7,5 mil; provas em setembro"},"content":{"rendered":"\n<p>O edital da <a href=\"https:\/\/www.estrategiaconcursos.com.br\/cursosPorConcurso\/prefeitura-municipal-de-rio-verde-go\/\" target=\"_blank\" rel=\"noreferrer noopener\">Prefeitura de Rio Verde<\/a>, em Goi\u00e1s, oferece 383 vagas para diversos cargos com sal\u00e1rios iniciais que podem chegar a R$ 7,5 mil, para uma jornada de at\u00e9 40 horas semanais.<\/p>\n\n\n\n<p>Os interessados na sele\u00e7\u00e3o puderam se inscrever at\u00e9 o dia 03 de agosto, atrav\u00e9s do site da banca organizadora, a Universidade de Rio Verde &#8211; <a href=\"http:\/\/concurso.vestibularunirv.com.br\/pagina\/index.php?id=157\" target=\"_blank\" rel=\"noreferrer noopener\">UniRV<\/a>.<\/p>\n\n\n\n<p>Agora, a pr\u00f3xima etapa ser\u00e1 de aplica\u00e7\u00e3o das provas, conforme segue estabelecido no edital de abertura. A fase est\u00e1 prevista para ocorrer no dia<strong> 25 de setembro. <\/strong><\/p>\n\n\n\n<div class=\"container\" id=\"boxes\">\n  <div class=\"row\">\n\n    <div class=\"col-sm\">\n      <div class=\"banner-estrategia\" id=\"box-assinatura\">\n        <h3 class=\"titulo-assinatura\">Cursos para Rio Verde<\/h3>\n        <p class=\"subtitulo-assinatura\">Conhe\u00e7a os cursos<\/p>\n        <div class=\"box-botao\">\n          <a class=\"btn-assinatura\" target=\"_blank\" href=\"https:\/\/www.estrategiaconcursos.com.br\/cursosPorConcurso\/prefeitura-municipal-de-rio-verde-go\/\" role=\"button\" rel=\"noopener noreferrer\">Conhe\u00e7a mais<\/a>\n        <\/div>\n      <\/div>\n     \n    <\/div>\n\n  <\/div>\n<\/div>\n\n\n\n<h2 class=\"wp-block-heading\" id=\"datas\">Principais datas<\/h2>\n\n\n\n<ul class=\"wp-block-list\">\n<li><strong>Inscri\u00e7\u00f5es<\/strong>: <s>04\/07 a 03\/08\/2022<\/s><\/li>\n\n\n\n<li><strong>Isen\u00e7\u00e3o da taxa<\/strong>: <s>04\/07 a 22\/07\/2022<\/s><\/li>\n\n\n\n<li><strong>\u00daltimo dia para pagamento<\/strong>: 04\/08\/2022<\/li>\n\n\n\n<li><strong>Prova<\/strong>: 25\/09\/2022<\/li>\n<\/ul>\n\n\n\n<h2 class=\"wp-block-heading\" id=\"cargos-vagas\">Edital Rio Verde: cargos e vagas<\/h2>\n\n\n\n<p>De acordo com o edital do concurso, s\u00e3o ofertadas 383 vagas distribu\u00eddas entre os seguintes cargos:<\/p>\n\n\n\n<ul class=\"wp-block-list\">\n<li><a href=\"https:\/\/www.estrategiaconcursos.com.br\/curso\/prefeitura-de-rio-verde-go-analista-administrativo-pacote-2022-pos-edital\/\" target=\"_blank\" rel=\"noreferrer noopener\">Analista Administrativo<\/a><\/li>\n\n\n\n<li><a href=\"https:\/\/www.estrategiaconcursos.com.br\/curso\/prefeitura-de-rio-verde-go-analista-de-planejamento-gestao-e-controle-pacote-2022-pos-edital\/\" target=\"_blank\" rel=\"noreferrer noopener\">Analista de Planejamento<\/a><\/li>\n\n\n\n<li>Gest\u00e3o e Controle, Analista de Projetos de Cartografia<\/li>\n\n\n\n<li>Analista de Projetos Urban\u00edsticos<\/li>\n\n\n\n<li><s>Analista de Tecnologia da Informa\u00e7\u00e3o<\/s><\/li>\n\n\n\n<li><a href=\"https:\/\/www.estrategiaconcursos.com.br\/curso\/prefeitura-de-rio-verde-go-analista-juridico-pacote-2022-pos-edital\/\" target=\"_blank\" rel=\"noreferrer noopener\">Analista Jur\u00eddico<\/a><\/li>\n\n\n\n<li><a href=\"https:\/\/www.estrategiaconcursos.com.br\/curso\/prefeitura-de-rio-verde-go-arquivista-pacote-2022-pos-edital\/\" target=\"_blank\" rel=\"noreferrer noopener\">Arquivista<\/a><\/li>\n\n\n\n<li><a href=\"https:\/\/www.estrategiaconcursos.com.br\/curso\/prefeitura-de-rio-verde-go-atendente-plantonista-pacote-2022-pos-edital\/\" target=\"_blank\" rel=\"noreferrer noopener\">Atendente Plantonista<\/a><\/li>\n\n\n\n<li><a href=\"https:\/\/www.estrategiaconcursos.com.br\/curso\/prefeitura-de-rio-verde-go-auxiliar-de-fiscalizacao-pacote-2022-pos-edital\/\" target=\"_blank\" rel=\"noreferrer noopener\">Auxiliar de Fiscaliza\u00e7\u00e3o<\/a><\/li>\n\n\n\n<li>Auxiliar de Copa e Cozinha<\/li>\n\n\n\n<li>Auxiliar de Limpeza Predial<\/li>\n\n\n\n<li><a href=\"https:\/\/www.estrategiaconcursos.com.br\/curso\/prefeitura-de-rio-verde-go-auxiliar-de-patrimonio-e-almoxarifado-pacote-2022-pos-edital\/\" target=\"_blank\" rel=\"noreferrer noopener\">Auxiliar de Patrim\u00f4nio e Almoxarifado<\/a><\/li>\n\n\n\n<li>Auxiliar de Servi\u00e7os P\u00fablicos<\/li>\n\n\n\n<li><a href=\"https:\/\/www.estrategiaconcursos.com.br\/curso\/prefeitura-de-rio-verde-go-fiscal-de-protecao-e-defesa-do-consumidor-pacote-2022-pos-edital\/\" target=\"_blank\" rel=\"noreferrer noopener\">Fiscal de Prote\u00e7\u00e3o e Defesa do Consumidor<\/a><\/li>\n\n\n\n<li><a href=\"https:\/\/www.estrategiaconcursos.com.br\/curso\/prefeitura-de-rio-verde-go-oficial-de-diligencias-pacote-completo-2022-pos-edital\/\" target=\"_blank\" rel=\"noreferrer noopener\">Oficial de Dilig\u00eancias<\/a><\/li>\n\n\n\n<li>Orientador Esportivo<\/li>\n\n\n\n<li>Procurador Aut\u00e1rquico<\/li>\n\n\n\n<li><s>T\u00e9cnico de Suporte em Tecnologia da Informa\u00e7\u00e3o<\/s><\/li>\n\n\n\n<li><a href=\"https:\/\/www.estrategiaconcursos.com.br\/curso\/prefeitura-de-rio-verde-go-tecnico-em-seguranca-do-trabalho-pacote-completo-2022-pos-edital\/\" target=\"_blank\" rel=\"noreferrer noopener\">T\u00e9cnico em Seguran\u00e7a do Trabalho e Vigia<\/a><\/li>\n<\/ul>\n\n\n\n<p>Os sal\u00e1rios iniciais para os cargos contemplados podem variar entre R$ 1.339,03 e R$ 7.500,00. Os contratados ter\u00e3o que trabalhar regime de 40 horas semanais. <\/p>\n\n\n\n<h2 class=\"wp-block-heading\" id=\"etapas\">Edital Rio Verde: etapas e provas<\/h2>\n\n\n\n<p>O edital Prefeitura Rio Verde \u00e9 composto de algumas importantes etapas:<strong> prova objetiva, reda\u00e7\u00e3o, discursiva, pr\u00e1tica, avalia\u00e7\u00e3o de t\u00edtulos e TAF.<\/strong><\/p>\n\n\n\n<p>No caso da prova objetiva e de reda\u00e7\u00e3o, ambas ser\u00e3o realizadas no dia<strong> 25 de setembro<\/strong>. A dura\u00e7\u00e3o do exame ser\u00e1 de quatro horas, com in\u00edcio \u00e0s 8h horas e t\u00e9rmino \u00e0s 12h.<\/p>\n\n\n\n<p>Confira nas imagens abaixo mais detalhes acerca das provas do certame:<\/p>\n\n\n\n<figure class=\"wp-block-image aligncenter size-full\"><img loading=\"lazy\" decoding=\"async\" width=\"691\" height=\"706\" src=\"https:\/\/dhg1h5j42swfq.cloudfront.net\/2022\/05\/31093950\/image-419.png\" alt=\"Edital Rio Verde: etapa de provas\" class=\"wp-image-1036599\" srcset=\"https:\/\/dhg1h5j42swfq.cloudfront.net\/2022\/05\/31093950\/image-419.png 691w, https:\/\/dhg1h5j42swfq.cloudfront.net\/2022\/05\/31093950\/image-419-294x300.png 294w, https:\/\/dhg1h5j42swfq.cloudfront.net\/2022\/05\/31093950\/image-419-610x623.png 610w\" sizes=\"auto, (max-width: 691px) 100vw, 691px\" \/><\/figure>\n\n\n\n<figure class=\"wp-block-image aligncenter size-full\"><img loading=\"lazy\" decoding=\"async\" width=\"695\" height=\"430\" src=\"https:\/\/dhg1h5j42swfq.cloudfront.net\/2022\/05\/31094004\/image-420.png\" alt=\"Edital Rio Verde: etapa de provas\" class=\"wp-image-1036600\" srcset=\"https:\/\/dhg1h5j42swfq.cloudfront.net\/2022\/05\/31094004\/image-420.png 695w, https:\/\/dhg1h5j42swfq.cloudfront.net\/2022\/05\/31094004\/image-420-300x186.png 300w, https:\/\/dhg1h5j42swfq.cloudfront.net\/2022\/05\/31094004\/image-420-610x377.png 610w\" sizes=\"auto, (max-width: 695px) 100vw, 695px\" \/><\/figure>\n\n\n\n<p class=\"has-text-align-center\"><em>Caso voc\u00ea queira obter outras informa\u00e7\u00f5es do concurso, basta acessar o artigo exclusivo e muito mais completo que preparamos para voc\u00ea:<\/em><\/p>\n\n\n\n<h3 class=\"wp-block-heading has-text-align-center has-background\" id=\"h-saiba-mais-concurso-rio-verde-go\" style=\"background-color:#eff1f3;font-size:clamp(14.642px, 0.915rem + ((1vw - 3.2px) * 0.721), 22px);\">Saiba mais: <a href=\"https:\/\/www.estrategiaconcursos.com.br\/blog\/concurso-prefeitura-de-rio-verde-go\/\" target=\"_blank\" rel=\"noreferrer noopener\">Concurso Rio Verde GO<\/a><\/h3>\n\n\n\n<hr class=\"wp-block-separator has-css-opacity\"\/>\n\n\n\n<h2 class=\"wp-block-heading has-text-align-center\" id=\"cursos-assinatura\"><em>Quer estudar para o concurso Rio Verde?<\/em><\/h2>\n\n\n\n<div class=\"container\" id=\"boxes\">\n  <div class=\"row\">\n\n    <div class=\"col-sm\">\n      <div class=\"banner-estrategia\" id=\"box-assinatura\">\n        <h3 class=\"titulo-assinatura\">Cursos para Rio Verde<\/h3>\n        <p class=\"subtitulo-assinatura\">Conhe\u00e7a os cursos<\/p>\n        <div class=\"box-botao\">\n          <a class=\"btn-assinatura\" target=\"_blank\" href=\"https:\/\/www.estrategiaconcursos.com.br\/cursosPorConcurso\/prefeitura-municipal-de-rio-verde-go\/\" role=\"button\" rel=\"noopener noreferrer\">Conhe\u00e7a mais<\/a>\n        <\/div>\n      <\/div>\n     \n    <\/div>\n\n  <\/div>\n<\/div>\n\n\n\n<div class=\"container\" id=\"boxes\">\n  <div class=\"row\">\n\n    <div class=\"col-sm\">\n      <div class=\"estrategia\" id=\"box-assinatura\">\n        <h3 class=\"titulo-assinatura\">Assinatura Concursos<\/h3>\n        <p class=\"subtitulo-assinatura\">Assinatura de 1 ano ou 2 anos<\/p>\n        <div class=\"box-botao\">\n          <a class=\"btn-assinatura\" target=\"_blank\" href=\"https:\/\/www.estrategiaconcursos.com.br\/assinaturas\/\" role=\"button\" rel=\"noopener noreferrer\">ASSINE AGORA<\/a>\n        <\/div>\n      <\/div><\/div><\/div><\/div>\n\n\n\n<h2 class=\"wp-block-heading has-text-align-center\" id=\"h-quer-saber-tudo-sobre-concursos-previstos-confira-nossos-artigos\">Quer saber tudo sobre concursos previstos?<br \/>Confira nossos artigos!<\/h2>\n\n\n\n<ul class=\"wp-block-list\">\n<li><a href=\"https:\/\/www.estrategiaconcursos.com.br\/blog\/concursos-abertos\/\" target=\"_blank\" rel=\"noreferrer noopener\">Concursos abertos<\/a><\/li>\n\n\n\n<li><a href=\"https:\/\/www.estrategiaconcursos.com.br\/blog\/concursos-2022\/\" target=\"_blank\" rel=\"noreferrer noopener\">Concursos 2022<\/a><\/li>\n\n\n\n<li><a href=\"https:\/\/www.estrategiaconcursos.com.br\/blog\/concursos-2023\/\" target=\"_blank\" rel=\"noreferrer noopener\">Concursos 2023<\/a><\/li>\n<\/ul>\n\n\n\n<figure class=\"wp-block-image size-large is-resized\"><img loading=\"lazy\" decoding=\"async\" src=\"https:\/\/dhg1h5j42swfq.cloudfront.net\/2025\/06\/27101122\/ficha-tecnica-1-1024x632.png\" alt=\"Ficha t\u00e9cnica do edital Rio verde\" class=\"wp-image-702728\" width=\"269\" height=\"166\" srcset=\"https:\/\/dhg1h5j42swfq.cloudfront.net\/2025\/06\/27101122\/ficha-tecnica-1-1024x632.png 1024w, https:\/\/dhg1h5j42swfq.cloudfront.net\/2025\/06\/27101122\/ficha-tecnica-1-300x185.png 300w, https:\/\/dhg1h5j42swfq.cloudfront.net\/2025\/06\/27101122\/ficha-tecnica-1-768x474.png 768w, https:\/\/dhg1h5j42swfq.cloudfront.net\/2025\/06\/27101122\/ficha-tecnica-1-1536x948.png 1536w, https:\/\/dhg1h5j42swfq.cloudfront.net\/2025\/06\/27101122\/ficha-tecnica-1-610x377.png 610w, https:\/\/dhg1h5j42swfq.cloudfront.net\/2025\/06\/27101122\/ficha-tecnica-1.png 1571w\" sizes=\"auto, (max-width: 269px) 100vw, 269px\" \/><\/figure>\n\n\n\n<h3 class=\"wp-block-heading\" id=\"ficha\">Informa\u00e7\u00f5es do edital Rio Verde &#8211; GO<\/h3>\n\n\n\n<ul class=\"wp-block-list\">\n<li><strong style=\"color: initial;\">Provas<\/strong><span style=\"color: initial;\">: 25\/09\/2022<\/span><\/li>\n\n\n\n<li><strong>Vagas<\/strong>: 383 + CR<\/li>\n\n\n\n<li><strong>Cargos<\/strong>: diversos<\/li>\n\n\n\n<li><strong>Banca<\/strong>: UniRV<\/li>\n\n\n\n<li><strong>Escolaridade<\/strong>: fundamental, m\u00e9dio, t\u00e9cnico e superior<\/li>\n\n\n\n<li><strong>Edital retificado<\/strong>: <a href=\"https:\/\/dhg1h5j42swfq.cloudfront.net\/2022\/08\/04100700\/edital-001-2022-municipio-de-rio-verde-retificado-pela-errata-003-2022.pdf\" target=\"_blank\" rel=\"noreferrer noopener nofollow\">Edital Rio Verde 2022<\/a><\/li>\n<\/ul>\n","protected":false},"excerpt":{"rendered":"<p>O edital da Prefeitura de Rio Verde, em Goi\u00e1s, oferece 383 vagas para diversos cargos com sal\u00e1rios iniciais que podem chegar a R$ 7,5 mil, para uma jornada de at\u00e9 40 horas semanais. Os interessados na sele\u00e7\u00e3o puderam se inscrever at\u00e9 o dia 03 de agosto, atrav\u00e9s do site da banca organizadora, a Universidade de [&hellip;]<\/p>\n","protected":false},"author":656,"featured_media":851689,"comment_status":"open","ping_status":"closed","sticky":false,"template":"","format":"standard","meta":{"post_tipo":"news","footnotes":""},"categories":[214992,220219],"tags":[],"tax_estado":[219972],"class_list":["post-1036576","post","type-post","status-publish","format-standard","has-post-thumbnail","hentry","category-concursos-administrativos","category-noticias","tax_estado-go"],"acf":[],"yoast_head":"<!-- This site is optimized with the Yoast SEO Premium plugin v27.2 (Yoast SEO v27.2) - https:\/\/yoast.com\/product\/yoast-seo-premium-wordpress\/ -->\n<title>Edital Rio Verde GO: iniciais de R$ 7,5 mil; provas em setembro<\/title>\n<meta name=\"description\" content=\"Edital Rio Verde GO: inscri\u00e7\u00f5es encerradas para 383 vagas. Provas em setembro. Confira mais detalhes sobre o certame!\" \/>\n<meta name=\"robots\" content=\"index, follow, max-snippet:-1, max-image-preview:large, max-video-preview:-1\" \/>\n<link rel=\"canonical\" href=\"https:\/\/www.estrategiaconcursos.com.br\/blog\/concurso-rio-verde-go-edital-publicado\/\" \/>\n<meta property=\"og:locale\" content=\"pt_BR\" \/>\n<meta property=\"og:type\" content=\"article\" \/>\n<meta property=\"og:title\" content=\"Edital Rio Verde GO: iniciais de R$ 7,5 mil; provas em setembro\" \/>\n<meta property=\"og:description\" content=\"Edital Rio Verde GO: inscri\u00e7\u00f5es encerradas para 383 vagas. Provas em setembro. Confira mais detalhes sobre o certame!\" \/>\n<meta property=\"og:url\" content=\"https:\/\/www.estrategiaconcursos.com.br\/blog\/concurso-rio-verde-go-edital-publicado\/\" \/>\n<meta property=\"og:site_name\" content=\"Estrat\u00e9gia Concursos\" \/>\n<meta property=\"article:published_time\" content=\"2022-08-04T02:59:00+00:00\" \/>\n<meta property=\"article:modified_time\" content=\"2023-05-31T21:28:40+00:00\" \/>\n<meta property=\"og:image\" content=\"https:\/\/dhg1h5j42swfq.cloudfront.net\/2021\/08\/01181533\/rio-verde.jpg\" \/>\n\t<meta property=\"og:image:width\" content=\"767\" \/>\n\t<meta property=\"og:image:height\" content=\"432\" \/>\n\t<meta property=\"og:image:type\" content=\"image\/jpeg\" \/>\n<meta name=\"author\" content=\"F\u00e1bio Scaldelai\" \/>\n<meta name=\"twitter:card\" content=\"summary_large_image\" \/>\n<meta name=\"twitter:creator\" content=\"@EstratConcursos\" \/>\n<meta name=\"twitter:site\" content=\"@EstratConcursos\" \/>\n<meta name=\"twitter:label1\" content=\"Escrito por\" \/>\n\t<meta name=\"twitter:data1\" content=\"F\u00e1bio Scaldelai\" \/>\n\t<meta name=\"twitter:label2\" content=\"Est. tempo de leitura\" \/>\n\t<meta name=\"twitter:data2\" content=\"3 minutos\" \/>\n<script type=\"application\/ld+json\" class=\"yoast-schema-graph\">{\"@context\":\"https:\/\/schema.org\",\"@graph\":[{\"@type\":\"NewsArticle\",\"@id\":\"https:\/\/www.estrategiaconcursos.com.br\/blog\/concurso-rio-verde-go-edital-publicado\/#article\",\"isPartOf\":{\"@id\":\"https:\/\/www.estrategiaconcursos.com.br\/blog\/concurso-rio-verde-go-edital-publicado\/\"},\"author\":{\"name\":\"F\u00e1bio Scaldelai\",\"@id\":\"https:\/\/www.estrategiaconcursos.com.br\/blog\/#\/schema\/person\/e3b6b7ce0192dd4ad270655969d61750\"},\"headline\":\"Edital Rio Verde GO: iniciais de R$ 7,5 mil; provas em setembro\",\"datePublished\":\"2022-08-04T02:59:00+00:00\",\"dateModified\":\"2023-05-31T21:28:40+00:00\",\"mainEntityOfPage\":{\"@id\":\"https:\/\/www.estrategiaconcursos.com.br\/blog\/concurso-rio-verde-go-edital-publicado\/\"},\"wordCount\":436,\"commentCount\":0,\"publisher\":{\"@id\":\"https:\/\/www.estrategiaconcursos.com.br\/blog\/#organization\"},\"image\":{\"@id\":\"https:\/\/www.estrategiaconcursos.com.br\/blog\/concurso-rio-verde-go-edital-publicado\/#primaryimage\"},\"thumbnailUrl\":\"https:\/\/dhg1h5j42swfq.cloudfront.net\/2021\/08\/01181533\/rio-verde.jpg\",\"articleSection\":[\"Executivo (Administrativa)\",\"\u00daltimas not\u00edcias\"],\"inLanguage\":\"pt-BR\",\"potentialAction\":[{\"@type\":\"CommentAction\",\"name\":\"Comment\",\"target\":[\"https:\/\/www.estrategiaconcursos.com.br\/blog\/concurso-rio-verde-go-edital-publicado\/#respond\"]}],\"copyrightYear\":\"2022\",\"copyrightHolder\":{\"@id\":\"https:\/\/www.estrategiaconcursos.com.br\/blog\/#organization\"}},{\"@type\":\"WebPage\",\"@id\":\"https:\/\/www.estrategiaconcursos.com.br\/blog\/concurso-rio-verde-go-edital-publicado\/\",\"url\":\"https:\/\/www.estrategiaconcursos.com.br\/blog\/concurso-rio-verde-go-edital-publicado\/\",\"name\":\"Edital Rio Verde GO: iniciais de R$ 7,5 mil; provas em setembro\",\"isPartOf\":{\"@id\":\"https:\/\/www.estrategiaconcursos.com.br\/blog\/#website\"},\"primaryImageOfPage\":{\"@id\":\"https:\/\/www.estrategiaconcursos.com.br\/blog\/concurso-rio-verde-go-edital-publicado\/#primaryimage\"},\"image\":{\"@id\":\"https:\/\/www.estrategiaconcursos.com.br\/blog\/concurso-rio-verde-go-edital-publicado\/#primaryimage\"},\"thumbnailUrl\":\"https:\/\/dhg1h5j42swfq.cloudfront.net\/2021\/08\/01181533\/rio-verde.jpg\",\"datePublished\":\"2022-08-04T02:59:00+00:00\",\"dateModified\":\"2023-05-31T21:28:40+00:00\",\"description\":\"Edital Rio Verde GO: inscri\u00e7\u00f5es encerradas para 383 vagas. Provas em setembro. Confira mais detalhes sobre o certame!\",\"breadcrumb\":{\"@id\":\"https:\/\/www.estrategiaconcursos.com.br\/blog\/concurso-rio-verde-go-edital-publicado\/#breadcrumb\"},\"inLanguage\":\"pt-BR\",\"potentialAction\":[{\"@type\":\"ReadAction\",\"target\":[\"https:\/\/www.estrategiaconcursos.com.br\/blog\/concurso-rio-verde-go-edital-publicado\/\"]}]},{\"@type\":\"ImageObject\",\"inLanguage\":\"pt-BR\",\"@id\":\"https:\/\/www.estrategiaconcursos.com.br\/blog\/concurso-rio-verde-go-edital-publicado\/#primaryimage\",\"url\":\"https:\/\/dhg1h5j42swfq.cloudfront.net\/2021\/08\/01181533\/rio-verde.jpg\",\"contentUrl\":\"https:\/\/dhg1h5j42swfq.cloudfront.net\/2021\/08\/01181533\/rio-verde.jpg\",\"width\":767,\"height\":432,\"caption\":\"concurso prefeitura de rio verde edital\"},{\"@type\":\"BreadcrumbList\",\"@id\":\"https:\/\/www.estrategiaconcursos.com.br\/blog\/concurso-rio-verde-go-edital-publicado\/#breadcrumb\",\"itemListElement\":[{\"@type\":\"ListItem\",\"position\":1,\"name\":\"In\u00edcio\",\"item\":\"https:\/\/www.estrategiaconcursos.com.br\/blog\/\"},{\"@type\":\"ListItem\",\"position\":2,\"name\":\"Edital Rio Verde GO: iniciais de R$ 7,5 mil; provas em setembro\"}]},{\"@type\":\"WebSite\",\"@id\":\"https:\/\/www.estrategiaconcursos.com.br\/blog\/#website\",\"url\":\"https:\/\/www.estrategiaconcursos.com.br\/blog\/\",\"name\":\"Estrat\u00e9gia Concursos\",\"description\":\"O blog da Estrat\u00e9gia Concursos traz not\u00edcias sobre concursos e artigos de professores oferecendo cursos para concursos (pdf + videaulas) no site.\",\"publisher\":{\"@id\":\"https:\/\/www.estrategiaconcursos.com.br\/blog\/#organization\"},\"potentialAction\":[{\"@type\":\"SearchAction\",\"target\":{\"@type\":\"EntryPoint\",\"urlTemplate\":\"https:\/\/www.estrategiaconcursos.com.br\/blog\/?s={search_term_string}\"},\"query-input\":{\"@type\":\"PropertyValueSpecification\",\"valueRequired\":true,\"valueName\":\"search_term_string\"}}],\"inLanguage\":\"pt-BR\"},{\"@type\":\"Organization\",\"@id\":\"https:\/\/www.estrategiaconcursos.com.br\/blog\/#organization\",\"name\":\"Estrat\u00e9gia Concursos\",\"url\":\"https:\/\/www.estrategiaconcursos.com.br\/blog\/\",\"logo\":{\"@type\":\"ImageObject\",\"inLanguage\":\"pt-BR\",\"@id\":\"https:\/\/www.estrategiaconcursos.com.br\/blog\/#\/schema\/logo\/image\/\",\"url\":\"https:\/\/dhg1h5j42swfq.cloudfront.net\/2025\/06\/03203428\/logo_concursos-1.jpg\",\"contentUrl\":\"https:\/\/dhg1h5j42swfq.cloudfront.net\/2025\/06\/03203428\/logo_concursos-1.jpg\",\"width\":230,\"height\":60,\"caption\":\"Estrat\u00e9gia Concursos\"},\"image\":{\"@id\":\"https:\/\/www.estrategiaconcursos.com.br\/blog\/#\/schema\/logo\/image\/\"},\"sameAs\":[\"https:\/\/x.com\/EstratConcursos\"]},{\"@type\":\"Person\",\"@id\":\"https:\/\/www.estrategiaconcursos.com.br\/blog\/#\/schema\/person\/e3b6b7ce0192dd4ad270655969d61750\",\"name\":\"F\u00e1bio Scaldelai\",\"image\":{\"@type\":\"ImageObject\",\"inLanguage\":\"pt-BR\",\"@id\":\"https:\/\/secure.gravatar.com\/avatar\/8ed7492c4d88d8495bc0cb24cda6847b8ae23eec459a919e08e77d0ca0fd79ec?s=96&d=mm&r=g\",\"url\":\"https:\/\/secure.gravatar.com\/avatar\/8ed7492c4d88d8495bc0cb24cda6847b8ae23eec459a919e08e77d0ca0fd79ec?s=96&d=mm&r=g\",\"contentUrl\":\"https:\/\/secure.gravatar.com\/avatar\/8ed7492c4d88d8495bc0cb24cda6847b8ae23eec459a919e08e77d0ca0fd79ec?s=96&d=mm&r=g\",\"caption\":\"F\u00e1bio Scaldelai\"},\"description\":\"Jornalista no Estrat\u00e9gia Concursos e Produtor de Televis\u00e3o, formado em Jornalismo, R\u00e1dio e TV pela Faculdade Integrada Rio Branco, com especializa\u00e7\u00f5es em Gest\u00e3o Empresarial e Marketing pelo M\u00f3dulo. Atuou como produtor no SBT, TV Bandeirantes e R\u00e1dio Band FM, al\u00e9m de acumular tr\u00eas anos de experi\u00eancia no setor de concursos p\u00fablicos pela LFG (Luiz Fl\u00e1vio Gomes). No Estrat\u00e9gia Concursos, atua na apura\u00e7\u00e3o de not\u00edcias da \u00e1rea fiscal, al\u00e9m de coberturas sobre concursos das \u00e1reas de controle (TCU, TCE, etc), concurso AFT, \u00e1rea de gest\u00e3o e administrativa, bem como dos \u00f3rg\u00e3os participantes do CNU. Tamb\u00e9m possui experi\u00eancia em link building e an\u00e1lise de m\u00eddia, adquirida durante sua atua\u00e7\u00e3o na ag\u00eancia SEO Marketing.\",\"url\":\"https:\/\/www.estrategiaconcursos.com.br\/blog\/author\/fabio-scaldelaiestrategiaconcursos-com-br\/\"}]}<\/script>\n<!-- \/ Yoast SEO Premium plugin. -->","yoast_head_json":{"title":"Edital Rio Verde GO: iniciais de R$ 7,5 mil; provas em setembro","description":"Edital Rio Verde GO: inscri\u00e7\u00f5es encerradas para 383 vagas. Provas em setembro. Confira mais detalhes sobre o certame!","robots":{"index":"index","follow":"follow","max-snippet":"max-snippet:-1","max-image-preview":"max-image-preview:large","max-video-preview":"max-video-preview:-1"},"canonical":"https:\/\/www.estrategiaconcursos.com.br\/blog\/concurso-rio-verde-go-edital-publicado\/","og_locale":"pt_BR","og_type":"article","og_title":"Edital Rio Verde GO: iniciais de R$ 7,5 mil; provas em setembro","og_description":"Edital Rio Verde GO: inscri\u00e7\u00f5es encerradas para 383 vagas. Provas em setembro. Confira mais detalhes sobre o certame!","og_url":"https:\/\/www.estrategiaconcursos.com.br\/blog\/concurso-rio-verde-go-edital-publicado\/","og_site_name":"Estrat\u00e9gia Concursos","article_published_time":"2022-08-04T02:59:00+00:00","article_modified_time":"2023-05-31T21:28:40+00:00","og_image":[{"width":767,"height":432,"url":"https:\/\/dhg1h5j42swfq.cloudfront.net\/2021\/08\/01181533\/rio-verde.jpg","type":"image\/jpeg"}],"author":"F\u00e1bio Scaldelai","twitter_card":"summary_large_image","twitter_creator":"@EstratConcursos","twitter_site":"@EstratConcursos","twitter_misc":{"Escrito por":"F\u00e1bio Scaldelai","Est. tempo de leitura":"3 minutos"},"schema":{"@context":"https:\/\/schema.org","@graph":[{"@type":"NewsArticle","@id":"https:\/\/www.estrategiaconcursos.com.br\/blog\/concurso-rio-verde-go-edital-publicado\/#article","isPartOf":{"@id":"https:\/\/www.estrategiaconcursos.com.br\/blog\/concurso-rio-verde-go-edital-publicado\/"},"author":{"name":"F\u00e1bio Scaldelai","@id":"https:\/\/www.estrategiaconcursos.com.br\/blog\/#\/schema\/person\/e3b6b7ce0192dd4ad270655969d61750"},"headline":"Edital Rio Verde GO: iniciais de R$ 7,5 mil; provas em setembro","datePublished":"2022-08-04T02:59:00+00:00","dateModified":"2023-05-31T21:28:40+00:00","mainEntityOfPage":{"@id":"https:\/\/www.estrategiaconcursos.com.br\/blog\/concurso-rio-verde-go-edital-publicado\/"},"wordCount":436,"commentCount":0,"publisher":{"@id":"https:\/\/www.estrategiaconcursos.com.br\/blog\/#organization"},"image":{"@id":"https:\/\/www.estrategiaconcursos.com.br\/blog\/concurso-rio-verde-go-edital-publicado\/#primaryimage"},"thumbnailUrl":"https:\/\/dhg1h5j42swfq.cloudfront.net\/2021\/08\/01181533\/rio-verde.jpg","articleSection":["Executivo (Administrativa)","\u00daltimas not\u00edcias"],"inLanguage":"pt-BR","potentialAction":[{"@type":"CommentAction","name":"Comment","target":["https:\/\/www.estrategiaconcursos.com.br\/blog\/concurso-rio-verde-go-edital-publicado\/#respond"]}],"copyrightYear":"2022","copyrightHolder":{"@id":"https:\/\/www.estrategiaconcursos.com.br\/blog\/#organization"}},{"@type":"WebPage","@id":"https:\/\/www.estrategiaconcursos.com.br\/blog\/concurso-rio-verde-go-edital-publicado\/","url":"https:\/\/www.estrategiaconcursos.com.br\/blog\/concurso-rio-verde-go-edital-publicado\/","name":"Edital Rio Verde GO: iniciais de R$ 7,5 mil; provas em setembro","isPartOf":{"@id":"https:\/\/www.estrategiaconcursos.com.br\/blog\/#website"},"primaryImageOfPage":{"@id":"https:\/\/www.estrategiaconcursos.com.br\/blog\/concurso-rio-verde-go-edital-publicado\/#primaryimage"},"image":{"@id":"https:\/\/www.estrategiaconcursos.com.br\/blog\/concurso-rio-verde-go-edital-publicado\/#primaryimage"},"thumbnailUrl":"https:\/\/dhg1h5j42swfq.cloudfront.net\/2021\/08\/01181533\/rio-verde.jpg","datePublished":"2022-08-04T02:59:00+00:00","dateModified":"2023-05-31T21:28:40+00:00","description":"Edital Rio Verde GO: inscri\u00e7\u00f5es encerradas para 383 vagas. Provas em setembro. Confira mais detalhes sobre o certame!","breadcrumb":{"@id":"https:\/\/www.estrategiaconcursos.com.br\/blog\/concurso-rio-verde-go-edital-publicado\/#breadcrumb"},"inLanguage":"pt-BR","potentialAction":[{"@type":"ReadAction","target":["https:\/\/www.estrategiaconcursos.com.br\/blog\/concurso-rio-verde-go-edital-publicado\/"]}]},{"@type":"ImageObject","inLanguage":"pt-BR","@id":"https:\/\/www.estrategiaconcursos.com.br\/blog\/concurso-rio-verde-go-edital-publicado\/#primaryimage","url":"https:\/\/dhg1h5j42swfq.cloudfront.net\/2021\/08\/01181533\/rio-verde.jpg","contentUrl":"https:\/\/dhg1h5j42swfq.cloudfront.net\/2021\/08\/01181533\/rio-verde.jpg","width":767,"height":432,"caption":"concurso prefeitura de rio verde edital"},{"@type":"BreadcrumbList","@id":"https:\/\/www.estrategiaconcursos.com.br\/blog\/concurso-rio-verde-go-edital-publicado\/#breadcrumb","itemListElement":[{"@type":"ListItem","position":1,"name":"In\u00edcio","item":"https:\/\/www.estrategiaconcursos.com.br\/blog\/"},{"@type":"ListItem","position":2,"name":"Edital Rio Verde GO: iniciais de R$ 7,5 mil; provas em setembro"}]},{"@type":"WebSite","@id":"https:\/\/www.estrategiaconcursos.com.br\/blog\/#website","url":"https:\/\/www.estrategiaconcursos.com.br\/blog\/","name":"Estrat\u00e9gia Concursos","description":"O blog da Estrat\u00e9gia Concursos traz not\u00edcias sobre concursos e artigos de professores oferecendo cursos para concursos (pdf + videaulas) no site.","publisher":{"@id":"https:\/\/www.estrategiaconcursos.com.br\/blog\/#organization"},"potentialAction":[{"@type":"SearchAction","target":{"@type":"EntryPoint","urlTemplate":"https:\/\/www.estrategiaconcursos.com.br\/blog\/?s={search_term_string}"},"query-input":{"@type":"PropertyValueSpecification","valueRequired":true,"valueName":"search_term_string"}}],"inLanguage":"pt-BR"},{"@type":"Organization","@id":"https:\/\/www.estrategiaconcursos.com.br\/blog\/#organization","name":"Estrat\u00e9gia Concursos","url":"https:\/\/www.estrategiaconcursos.com.br\/blog\/","logo":{"@type":"ImageObject","inLanguage":"pt-BR","@id":"https:\/\/www.estrategiaconcursos.com.br\/blog\/#\/schema\/logo\/image\/","url":"https:\/\/dhg1h5j42swfq.cloudfront.net\/2025\/06\/03203428\/logo_concursos-1.jpg","contentUrl":"https:\/\/dhg1h5j42swfq.cloudfront.net\/2025\/06\/03203428\/logo_concursos-1.jpg","width":230,"height":60,"caption":"Estrat\u00e9gia Concursos"},"image":{"@id":"https:\/\/www.estrategiaconcursos.com.br\/blog\/#\/schema\/logo\/image\/"},"sameAs":["https:\/\/x.com\/EstratConcursos"]},{"@type":"Person","@id":"https:\/\/www.estrategiaconcursos.com.br\/blog\/#\/schema\/person\/e3b6b7ce0192dd4ad270655969d61750","name":"F\u00e1bio Scaldelai","image":{"@type":"ImageObject","inLanguage":"pt-BR","@id":"https:\/\/secure.gravatar.com\/avatar\/8ed7492c4d88d8495bc0cb24cda6847b8ae23eec459a919e08e77d0ca0fd79ec?s=96&d=mm&r=g","url":"https:\/\/secure.gravatar.com\/avatar\/8ed7492c4d88d8495bc0cb24cda6847b8ae23eec459a919e08e77d0ca0fd79ec?s=96&d=mm&r=g","contentUrl":"https:\/\/secure.gravatar.com\/avatar\/8ed7492c4d88d8495bc0cb24cda6847b8ae23eec459a919e08e77d0ca0fd79ec?s=96&d=mm&r=g","caption":"F\u00e1bio Scaldelai"},"description":"Jornalista no Estrat\u00e9gia Concursos e Produtor de Televis\u00e3o, formado em Jornalismo, R\u00e1dio e TV pela Faculdade Integrada Rio Branco, com especializa\u00e7\u00f5es em Gest\u00e3o Empresarial e Marketing pelo M\u00f3dulo. Atuou como produtor no SBT, TV Bandeirantes e R\u00e1dio Band FM, al\u00e9m de acumular tr\u00eas anos de experi\u00eancia no setor de concursos p\u00fablicos pela LFG (Luiz Fl\u00e1vio Gomes). No Estrat\u00e9gia Concursos, atua na apura\u00e7\u00e3o de not\u00edcias da \u00e1rea fiscal, al\u00e9m de coberturas sobre concursos das \u00e1reas de controle (TCU, TCE, etc), concurso AFT, \u00e1rea de gest\u00e3o e administrativa, bem como dos \u00f3rg\u00e3os participantes do CNU. Tamb\u00e9m possui experi\u00eancia em link building e an\u00e1lise de m\u00eddia, adquirida durante sua atua\u00e7\u00e3o na ag\u00eancia SEO Marketing.","url":"https:\/\/www.estrategiaconcursos.com.br\/blog\/author\/fabio-scaldelaiestrategiaconcursos-com-br\/"}]}},"_links":{"self":[{"href":"https:\/\/www.estrategiaconcursos.com.br\/blog\/wp-json\/wp\/v2\/posts\/1036576","targetHints":{"allow":["GET"]}}],"collection":[{"href":"https:\/\/www.estrategiaconcursos.com.br\/blog\/wp-json\/wp\/v2\/posts"}],"about":[{"href":"https:\/\/www.estrategiaconcursos.com.br\/blog\/wp-json\/wp\/v2\/types\/post"}],"author":[{"embeddable":true,"href":"https:\/\/www.estrategiaconcursos.com.br\/blog\/wp-json\/wp\/v2\/users\/656"}],"replies":[{"embeddable":true,"href":"https:\/\/www.estrategiaconcursos.com.br\/blog\/wp-json\/wp\/v2\/comments?post=1036576"}],"version-history":[{"count":26,"href":"https:\/\/www.estrategiaconcursos.com.br\/blog\/wp-json\/wp\/v2\/posts\/1036576\/revisions"}],"predecessor-version":[{"id":1225532,"href":"https:\/\/www.estrategiaconcursos.com.br\/blog\/wp-json\/wp\/v2\/posts\/1036576\/revisions\/1225532"}],"wp:featuredmedia":[{"embeddable":true,"href":"https:\/\/www.estrategiaconcursos.com.br\/blog\/wp-json\/wp\/v2\/media\/851689"}],"wp:attachment":[{"href":"https:\/\/www.estrategiaconcursos.com.br\/blog\/wp-json\/wp\/v2\/media?parent=1036576"}],"wp:term":[{"taxonomy":"category","embeddable":true,"href":"https:\/\/www.estrategiaconcursos.com.br\/blog\/wp-json\/wp\/v2\/categories?post=1036576"},{"taxonomy":"post_tag","embeddable":true,"href":"https:\/\/www.estrategiaconcursos.com.br\/blog\/wp-json\/wp\/v2\/tags?post=1036576"},{"taxonomy":"tax_estado","embeddable":true,"href":"https:\/\/www.estrategiaconcursos.com.br\/blog\/wp-json\/wp\/v2\/tax_estado?post=1036576"}],"curies":[{"name":"wp","href":"https:\/\/api.w.org\/{rel}","templated":true}]}}