{"id":1036564,"date":"2022-05-31T08:51:45","date_gmt":"2022-05-31T11:51:45","guid":{"rendered":"https:\/\/www.estrategiaconcursos.com.br\/blog\/?p=1036564"},"modified":"2022-05-31T11:40:56","modified_gmt":"2022-05-31T14:40:56","slug":"concurso-receita-federal-subsecretario-comenta-situacao-atual","status":"publish","type":"post","link":"https:\/\/www.estrategiaconcursos.com.br\/blog\/concurso-receita-federal-subsecretario-comenta-situacao-atual\/","title":{"rendered":"Concurso Receita Federal: subsecret\u00e1rio\u00a0comenta situa\u00e7\u00e3o atual"},"content":{"rendered":"\n<p>Em reuni\u00e3o extraordin\u00e1ria do Conselho de Delegados Sindicais (CDS), realizada na \u00faltima semana, o subsecret\u00e1rio da Receita Federal, Juliano Brito da Justa Neves, comentou sobre a <strong>situa\u00e7\u00e3o atual <\/strong>do concurso.<\/p>\n\n\n\n<p>Juliano explicou que<strong> a autoriza\u00e7\u00e3o j\u00e1 cumpriu todo o rito e aguarda apenas uma assinatura<\/strong>.&nbsp;<\/p>\n\n\n\n<p>Apesar disso, as <strong>230 vagas solicitadas<\/strong> para <a href=\"https:\/\/www.estrategiaconcursos.com.br\/curso\/01-receita-federal-auditor-fiscal-pacote-completo-2022-pre-edital\/\" target=\"_blank\" rel=\"noreferrer noopener\">Auditor-Fiscal<\/a> s\u00e3o <strong>insuficientes<\/strong> para suprir o d\u00e9ficit atual, que ultrapassa os 5 mil cargos vagos.<\/p>\n\n\n\n<blockquote class=\"wp-block-quote is-layout-flow wp-block-quote-is-layout-flow\"><p><em>\u201cN\u00e3o h\u00e1 a menor chance desse concurso resolver o problema de qualquer unidade. A ideia \u00e9 conseguir dar oportunidade de os colegas das fronteiras, se quiserem, mudar de lota\u00e7\u00e3o\u201d, <\/em>explicou. <\/p><\/blockquote>\n\n\n\n<p>O <a href=\"https:\/\/www.sindifisconacional.org.br\/na-ausencia-do-secretario-sucor-responde-perguntas-do-plenario-do-cds\/\" target=\"_blank\" rel=\"noreferrer noopener\">subsecret\u00e1rio<\/a> disse, ainda, que a expectativa da administra\u00e7\u00e3o \u00e9 conseguir fazer <strong>outros concursos para suprir a demanda<\/strong>.<\/p>\n\n\n\n<p>Auditores-Fiscais presentes tamb\u00e9m questionaram outras pautas, como&nbsp;concurso de remo\u00e7\u00e3o, metas, teletrabalho, portaria de atividade intelectual, b\u00f4nus e autoridade do cargo.<\/p>\n\n\n\n<h3 class=\"wp-block-heading\" id=\"concurso-de-remocao-receita-federal\">Concurso de remo\u00e7\u00e3o Receita Federal<\/h3>\n\n\n\n<p>Sobre o concurso de remo\u00e7\u00e3o,&nbsp;Juliano afirmou que est\u00e3o sendo <strong>estudados os crit\u00e9rios<\/strong> para definir se as regras ser\u00e3o baseadas no exerc\u00edcio, na lota\u00e7\u00e3o ou na localiza\u00e7\u00e3o f\u00edsica do interessado. <\/p>\n\n\n\n<p>O presidente do CDS,&nbsp;Anderson Novaes, prop\u00f4s a cria\u00e7\u00e3o de uma comiss\u00e3o com Auditores-Fiscais lotados nas fronteiras para definir o melhor crit\u00e9rio.<\/p>\n\n\n\n<hr class=\"wp-block-separator\"\/>\n\n\n\n<p class=\"has-text-align-center\" id=\"para-ficar-por-dentro-de-todas-as-informacoes-sobre-o-concurso-da-receita-federal-cujo-processo-voltou-a-tramitar-nao-deixe-de-acompanhar-nosso-artigo-completo-sobre-a-selecao\"><em>Para ficar por dentro de todas as informa\u00e7\u00f5es sobre o concurso da Receita Federal, n\u00e3o deixe de acompanhar nosso artigo completo sobre a sele\u00e7\u00e3o: <\/em><\/p>\n\n\n\n<p class=\"has-text-align-center has-background has-medium-font-size\" style=\"background-color:#dfe0e1\"><strong>Mais informa\u00e7\u00f5es: <a href=\"https:\/\/www.estrategiaconcursos.com.br\/blog\/concurso-receita-federal\/\" target=\"_blank\" rel=\"noreferrer noopener\">Concurso RFB<\/a><\/strong><\/p>\n\n\n\n<h2 class=\"has-text-align-center wp-block-heading\" id=\"cursos\"><em>Quer estudar para o concurso Receita Federal? Confira os nossos cursos:<\/em><\/h2>\n\n\n\n<div class=\"container\" id=\"boxes\">\n  <div class=\"row\">\n\n    <div class=\"col-sm\">\n      <div class=\"banner-fiscal\" id=\"box-assinatura\">\n        <h3 class=\"titulo-assinatura\">Receita Federal<\/h3>\n        <p class=\"subtitulo-assinatura\">Conhe\u00e7a os cursos<\/p>\n        <div class=\"box-botao\">\n          <a class=\"btn-assinatura\" target=\"_blank\" href=\"https:\/\/www.estrategiaconcursos.com.br\/cursosPorConcurso\/receita-federal-auditor-fiscal-7\/\" role=\"button\" rel=\"noopener noreferrer\">Conhe\u00e7a mais<\/a>\n        <\/div>\n      <\/div>\n     \n    <\/div>\n\n  <\/div>\n<\/div>\n\n\n\n<div class=\"container\" id=\"boxes\">\n  <div class=\"row\">\n\n    <div class=\"col-sm\">\n      <div class=\"estrategia\" id=\"box-assinatura\">\n        <h3 class=\"titulo-assinatura\">Assinatura Concursos<\/h3>\n        <p class=\"subtitulo-assinatura\">Assinatura de 1 ano ou 2 anos<\/p>\n        <div class=\"box-botao\">\n          <a class=\"btn-assinatura\" target=\"_blank\" href=\"https:\/\/www.estrategiaconcursos.com.br\/assinaturas\/\" role=\"button\" rel=\"noopener noreferrer\">ASSINE AGORA<\/a>\n        <\/div>\n      <\/div><\/div><\/div><\/div>\n\n\n\n<h2 class=\"has-text-align-center wp-block-heading\" id=\"cursos\">Quer saber tudo sobre concursos previstos? <br \/>Confira nossos artigos!<\/h2>\n\n\n\n<ul class=\"wp-block-list\"><li><a href=\"https:\/\/www.estrategiaconcursos.com.br\/blog\/concursos-abertos\/\">Concursos abertos<\/a><\/li><li><a href=\"https:\/\/www.estrategiaconcursos.com.br\/blog\/concursos-2022\/\">Concursos 2022<\/a><\/li><\/ul>\n","protected":false},"excerpt":{"rendered":"<p>Em reuni\u00e3o extraordin\u00e1ria do Conselho de Delegados Sindicais (CDS), realizada na \u00faltima semana, o subsecret\u00e1rio da Receita Federal, Juliano Brito da Justa Neves, comentou sobre a situa\u00e7\u00e3o atual do concurso. Juliano explicou que a autoriza\u00e7\u00e3o j\u00e1 cumpriu todo o rito e aguarda apenas uma assinatura.&nbsp; Apesar disso, as 230 vagas solicitadas para Auditor-Fiscal s\u00e3o insuficientes [&hellip;]<\/p>\n","protected":false},"author":659,"featured_media":698463,"comment_status":"open","ping_status":"closed","sticky":false,"template":"","format":"standard","meta":{"post_tipo":"news","footnotes":""},"categories":[1],"tags":[],"tax_estado":[219963],"class_list":["post-1036564","post","type-post","status-publish","format-standard","has-post-thumbnail","hentry","category-cursos-e-concursos","tax_estado-concursos-federais"],"acf":[],"yoast_head":"<!-- This site is optimized with the Yoast SEO Premium plugin v27.2 (Yoast SEO v27.2) - https:\/\/yoast.com\/product\/yoast-seo-premium-wordpress\/ -->\n<title>Concurso Receita Federal: subsecret\u00e1rio\u00a0comenta situa\u00e7\u00e3o atual<\/title>\n<meta name=\"description\" content=\"Receita Federal: em reuni\u00e3o extraordin\u00e1ria do Conselho de Delegados Sindicais, subsecret\u00e1rio da RFB comentou a situa\u00e7\u00e3o atual do concurso.\" \/>\n<meta name=\"robots\" content=\"index, follow, max-snippet:-1, max-image-preview:large, max-video-preview:-1\" \/>\n<link rel=\"canonical\" href=\"https:\/\/www.estrategiaconcursos.com.br\/blog\/concurso-receita-federal-subsecretario-comenta-situacao-atual\/\" \/>\n<meta property=\"og:locale\" content=\"pt_BR\" \/>\n<meta property=\"og:type\" content=\"article\" \/>\n<meta property=\"og:title\" content=\"Concurso Receita Federal: subsecret\u00e1rio\u00a0comenta situa\u00e7\u00e3o atual\" \/>\n<meta property=\"og:description\" content=\"Receita Federal: em reuni\u00e3o extraordin\u00e1ria do Conselho de Delegados Sindicais, subsecret\u00e1rio da RFB comentou a situa\u00e7\u00e3o atual do concurso.\" \/>\n<meta property=\"og:url\" content=\"https:\/\/www.estrategiaconcursos.com.br\/blog\/concurso-receita-federal-subsecretario-comenta-situacao-atual\/\" \/>\n<meta property=\"og:site_name\" content=\"Estrat\u00e9gia Concursos\" \/>\n<meta property=\"article:published_time\" content=\"2022-05-31T11:51:45+00:00\" \/>\n<meta property=\"article:modified_time\" content=\"2022-05-31T14:40:56+00:00\" \/>\n<meta property=\"og:image\" content=\"https:\/\/dhg1h5j42swfq.cloudfront.net\/2021\/03\/22153002\/concurso-receita-federal.jpg\" \/>\n\t<meta property=\"og:image:width\" content=\"1200\" \/>\n\t<meta property=\"og:image:height\" content=\"628\" \/>\n\t<meta property=\"og:image:type\" content=\"image\/jpeg\" \/>\n<meta name=\"author\" content=\"Camila Leite\" \/>\n<meta name=\"twitter:card\" content=\"summary_large_image\" \/>\n<meta name=\"twitter:creator\" content=\"@EstratConcursos\" \/>\n<meta name=\"twitter:site\" content=\"@EstratConcursos\" \/>\n<meta name=\"twitter:label1\" content=\"Escrito por\" \/>\n\t<meta name=\"twitter:data1\" content=\"Camila Leite\" \/>\n\t<meta name=\"twitter:label2\" content=\"Est. tempo de leitura\" \/>\n\t<meta name=\"twitter:data2\" content=\"2 minutos\" \/>\n<script type=\"application\/ld+json\" class=\"yoast-schema-graph\">{\"@context\":\"https:\/\/schema.org\",\"@graph\":[{\"@type\":\"NewsArticle\",\"@id\":\"https:\/\/www.estrategiaconcursos.com.br\/blog\/concurso-receita-federal-subsecretario-comenta-situacao-atual\/#article\",\"isPartOf\":{\"@id\":\"https:\/\/www.estrategiaconcursos.com.br\/blog\/concurso-receita-federal-subsecretario-comenta-situacao-atual\/\"},\"author\":{\"name\":\"Camila Leite\",\"@id\":\"https:\/\/www.estrategiaconcursos.com.br\/blog\/#\/schema\/person\/84ecdc6eb58d3cf1689bf76c5cd8fb38\"},\"headline\":\"Concurso Receita Federal: subsecret\u00e1rio\u00a0comenta situa\u00e7\u00e3o atual\",\"datePublished\":\"2022-05-31T11:51:45+00:00\",\"dateModified\":\"2022-05-31T14:40:56+00:00\",\"mainEntityOfPage\":{\"@id\":\"https:\/\/www.estrategiaconcursos.com.br\/blog\/concurso-receita-federal-subsecretario-comenta-situacao-atual\/\"},\"wordCount\":302,\"commentCount\":0,\"publisher\":{\"@id\":\"https:\/\/www.estrategiaconcursos.com.br\/blog\/#organization\"},\"image\":{\"@id\":\"https:\/\/www.estrategiaconcursos.com.br\/blog\/concurso-receita-federal-subsecretario-comenta-situacao-atual\/#primaryimage\"},\"thumbnailUrl\":\"https:\/\/dhg1h5j42swfq.cloudfront.net\/2021\/03\/22153002\/concurso-receita-federal.jpg\",\"articleSection\":[\"Concursos P\u00fablicos\"],\"inLanguage\":\"pt-BR\",\"potentialAction\":[{\"@type\":\"CommentAction\",\"name\":\"Comment\",\"target\":[\"https:\/\/www.estrategiaconcursos.com.br\/blog\/concurso-receita-federal-subsecretario-comenta-situacao-atual\/#respond\"]}],\"copyrightYear\":\"2022\",\"copyrightHolder\":{\"@id\":\"https:\/\/www.estrategiaconcursos.com.br\/blog\/#organization\"}},{\"@type\":\"WebPage\",\"@id\":\"https:\/\/www.estrategiaconcursos.com.br\/blog\/concurso-receita-federal-subsecretario-comenta-situacao-atual\/\",\"url\":\"https:\/\/www.estrategiaconcursos.com.br\/blog\/concurso-receita-federal-subsecretario-comenta-situacao-atual\/\",\"name\":\"Concurso Receita Federal: subsecret\u00e1rio\u00a0comenta situa\u00e7\u00e3o atual\",\"isPartOf\":{\"@id\":\"https:\/\/www.estrategiaconcursos.com.br\/blog\/#website\"},\"primaryImageOfPage\":{\"@id\":\"https:\/\/www.estrategiaconcursos.com.br\/blog\/concurso-receita-federal-subsecretario-comenta-situacao-atual\/#primaryimage\"},\"image\":{\"@id\":\"https:\/\/www.estrategiaconcursos.com.br\/blog\/concurso-receita-federal-subsecretario-comenta-situacao-atual\/#primaryimage\"},\"thumbnailUrl\":\"https:\/\/dhg1h5j42swfq.cloudfront.net\/2021\/03\/22153002\/concurso-receita-federal.jpg\",\"datePublished\":\"2022-05-31T11:51:45+00:00\",\"dateModified\":\"2022-05-31T14:40:56+00:00\",\"description\":\"Receita Federal: em reuni\u00e3o extraordin\u00e1ria do Conselho de Delegados Sindicais, subsecret\u00e1rio da RFB comentou a situa\u00e7\u00e3o atual do concurso.\",\"breadcrumb\":{\"@id\":\"https:\/\/www.estrategiaconcursos.com.br\/blog\/concurso-receita-federal-subsecretario-comenta-situacao-atual\/#breadcrumb\"},\"inLanguage\":\"pt-BR\",\"potentialAction\":[{\"@type\":\"ReadAction\",\"target\":[\"https:\/\/www.estrategiaconcursos.com.br\/blog\/concurso-receita-federal-subsecretario-comenta-situacao-atual\/\"]}]},{\"@type\":\"ImageObject\",\"inLanguage\":\"pt-BR\",\"@id\":\"https:\/\/www.estrategiaconcursos.com.br\/blog\/concurso-receita-federal-subsecretario-comenta-situacao-atual\/#primaryimage\",\"url\":\"https:\/\/dhg1h5j42swfq.cloudfront.net\/2021\/03\/22153002\/concurso-receita-federal.jpg\",\"contentUrl\":\"https:\/\/dhg1h5j42swfq.cloudfront.net\/2021\/03\/22153002\/concurso-receita-federal.jpg\",\"width\":1200,\"height\":628,\"caption\":\"concurso Receita federal cronograma\"},{\"@type\":\"BreadcrumbList\",\"@id\":\"https:\/\/www.estrategiaconcursos.com.br\/blog\/concurso-receita-federal-subsecretario-comenta-situacao-atual\/#breadcrumb\",\"itemListElement\":[{\"@type\":\"ListItem\",\"position\":1,\"name\":\"In\u00edcio\",\"item\":\"https:\/\/www.estrategiaconcursos.com.br\/blog\/\"},{\"@type\":\"ListItem\",\"position\":2,\"name\":\"Concurso Receita Federal: subsecret\u00e1rio\u00a0comenta situa\u00e7\u00e3o atual\"}]},{\"@type\":\"WebSite\",\"@id\":\"https:\/\/www.estrategiaconcursos.com.br\/blog\/#website\",\"url\":\"https:\/\/www.estrategiaconcursos.com.br\/blog\/\",\"name\":\"Estrat\u00e9gia Concursos\",\"description\":\"O blog da Estrat\u00e9gia Concursos traz not\u00edcias sobre concursos e artigos de professores oferecendo cursos para concursos (pdf + videaulas) no site.\",\"publisher\":{\"@id\":\"https:\/\/www.estrategiaconcursos.com.br\/blog\/#organization\"},\"potentialAction\":[{\"@type\":\"SearchAction\",\"target\":{\"@type\":\"EntryPoint\",\"urlTemplate\":\"https:\/\/www.estrategiaconcursos.com.br\/blog\/?s={search_term_string}\"},\"query-input\":{\"@type\":\"PropertyValueSpecification\",\"valueRequired\":true,\"valueName\":\"search_term_string\"}}],\"inLanguage\":\"pt-BR\"},{\"@type\":\"Organization\",\"@id\":\"https:\/\/www.estrategiaconcursos.com.br\/blog\/#organization\",\"name\":\"Estrat\u00e9gia Concursos\",\"url\":\"https:\/\/www.estrategiaconcursos.com.br\/blog\/\",\"logo\":{\"@type\":\"ImageObject\",\"inLanguage\":\"pt-BR\",\"@id\":\"https:\/\/www.estrategiaconcursos.com.br\/blog\/#\/schema\/logo\/image\/\",\"url\":\"https:\/\/dhg1h5j42swfq.cloudfront.net\/2025\/06\/03203428\/logo_concursos-1.jpg\",\"contentUrl\":\"https:\/\/dhg1h5j42swfq.cloudfront.net\/2025\/06\/03203428\/logo_concursos-1.jpg\",\"width\":230,\"height\":60,\"caption\":\"Estrat\u00e9gia Concursos\"},\"image\":{\"@id\":\"https:\/\/www.estrategiaconcursos.com.br\/blog\/#\/schema\/logo\/image\/\"},\"sameAs\":[\"https:\/\/x.com\/EstratConcursos\"]},{\"@type\":\"Person\",\"@id\":\"https:\/\/www.estrategiaconcursos.com.br\/blog\/#\/schema\/person\/84ecdc6eb58d3cf1689bf76c5cd8fb38\",\"name\":\"Camila Leite\",\"image\":{\"@type\":\"ImageObject\",\"inLanguage\":\"pt-BR\",\"@id\":\"https:\/\/secure.gravatar.com\/avatar\/f2f8faef639c8a2bfb7fb909912a56917f4c3a0aed064500168e2fb8ea55cf61?s=96&d=mm&r=g\",\"url\":\"https:\/\/secure.gravatar.com\/avatar\/f2f8faef639c8a2bfb7fb909912a56917f4c3a0aed064500168e2fb8ea55cf61?s=96&d=mm&r=g\",\"contentUrl\":\"https:\/\/secure.gravatar.com\/avatar\/f2f8faef639c8a2bfb7fb909912a56917f4c3a0aed064500168e2fb8ea55cf61?s=96&d=mm&r=g\",\"caption\":\"Camila Leite\"},\"description\":\"Formada em Design Gr\u00e1fico e em Propaganda e Marketing pela UNIP, integra a equipe de jornalismo do Estrat\u00e9gia Concursos desde 2018. Ao longo dos anos, construiu uma s\u00f3lida experi\u00eancia na produ\u00e7\u00e3o de conte\u00fado informativo e relevante para concurseiros. Desde 2020, atua na cobertura das \u00e1reas Fiscal \u2014 com \u00eanfase nas Secretarias de Fazenda (Sefaz) das regi\u00f5es Sul e Sudeste \u2014, al\u00e9m da cobertura de concursos federais, como CNU, Petrobras, CGU, Receita Federal, ag\u00eancias reguladoras (Anvisa, ANAC, entre outras) e INSS. Mant\u00e9m contato direto com os principais \u00f3rg\u00e3os p\u00fablicos, acompanhando editais, atualiza\u00e7\u00f5es e movimenta\u00e7\u00f5es importantes para os candidatos.\",\"sameAs\":[\"https:\/\/www.linkedin.com\/in\/camila-pinheiro-leite-9ba135b6\/\"],\"url\":\"https:\/\/www.estrategiaconcursos.com.br\/blog\/author\/camila-leiteestrategiaconcursos-com-br\/\"}]}<\/script>\n<!-- \/ Yoast SEO Premium plugin. -->","yoast_head_json":{"title":"Concurso Receita Federal: subsecret\u00e1rio\u00a0comenta situa\u00e7\u00e3o atual","description":"Receita Federal: em reuni\u00e3o extraordin\u00e1ria do Conselho de Delegados Sindicais, subsecret\u00e1rio da RFB comentou a situa\u00e7\u00e3o atual do concurso.","robots":{"index":"index","follow":"follow","max-snippet":"max-snippet:-1","max-image-preview":"max-image-preview:large","max-video-preview":"max-video-preview:-1"},"canonical":"https:\/\/www.estrategiaconcursos.com.br\/blog\/concurso-receita-federal-subsecretario-comenta-situacao-atual\/","og_locale":"pt_BR","og_type":"article","og_title":"Concurso Receita Federal: subsecret\u00e1rio\u00a0comenta situa\u00e7\u00e3o atual","og_description":"Receita Federal: em reuni\u00e3o extraordin\u00e1ria do Conselho de Delegados Sindicais, subsecret\u00e1rio da RFB comentou a situa\u00e7\u00e3o atual do concurso.","og_url":"https:\/\/www.estrategiaconcursos.com.br\/blog\/concurso-receita-federal-subsecretario-comenta-situacao-atual\/","og_site_name":"Estrat\u00e9gia Concursos","article_published_time":"2022-05-31T11:51:45+00:00","article_modified_time":"2022-05-31T14:40:56+00:00","og_image":[{"width":1200,"height":628,"url":"https:\/\/dhg1h5j42swfq.cloudfront.net\/2021\/03\/22153002\/concurso-receita-federal.jpg","type":"image\/jpeg"}],"author":"Camila Leite","twitter_card":"summary_large_image","twitter_creator":"@EstratConcursos","twitter_site":"@EstratConcursos","twitter_misc":{"Escrito por":"Camila Leite","Est. tempo de leitura":"2 minutos"},"schema":{"@context":"https:\/\/schema.org","@graph":[{"@type":"NewsArticle","@id":"https:\/\/www.estrategiaconcursos.com.br\/blog\/concurso-receita-federal-subsecretario-comenta-situacao-atual\/#article","isPartOf":{"@id":"https:\/\/www.estrategiaconcursos.com.br\/blog\/concurso-receita-federal-subsecretario-comenta-situacao-atual\/"},"author":{"name":"Camila Leite","@id":"https:\/\/www.estrategiaconcursos.com.br\/blog\/#\/schema\/person\/84ecdc6eb58d3cf1689bf76c5cd8fb38"},"headline":"Concurso Receita Federal: subsecret\u00e1rio\u00a0comenta situa\u00e7\u00e3o atual","datePublished":"2022-05-31T11:51:45+00:00","dateModified":"2022-05-31T14:40:56+00:00","mainEntityOfPage":{"@id":"https:\/\/www.estrategiaconcursos.com.br\/blog\/concurso-receita-federal-subsecretario-comenta-situacao-atual\/"},"wordCount":302,"commentCount":0,"publisher":{"@id":"https:\/\/www.estrategiaconcursos.com.br\/blog\/#organization"},"image":{"@id":"https:\/\/www.estrategiaconcursos.com.br\/blog\/concurso-receita-federal-subsecretario-comenta-situacao-atual\/#primaryimage"},"thumbnailUrl":"https:\/\/dhg1h5j42swfq.cloudfront.net\/2021\/03\/22153002\/concurso-receita-federal.jpg","articleSection":["Concursos P\u00fablicos"],"inLanguage":"pt-BR","potentialAction":[{"@type":"CommentAction","name":"Comment","target":["https:\/\/www.estrategiaconcursos.com.br\/blog\/concurso-receita-federal-subsecretario-comenta-situacao-atual\/#respond"]}],"copyrightYear":"2022","copyrightHolder":{"@id":"https:\/\/www.estrategiaconcursos.com.br\/blog\/#organization"}},{"@type":"WebPage","@id":"https:\/\/www.estrategiaconcursos.com.br\/blog\/concurso-receita-federal-subsecretario-comenta-situacao-atual\/","url":"https:\/\/www.estrategiaconcursos.com.br\/blog\/concurso-receita-federal-subsecretario-comenta-situacao-atual\/","name":"Concurso Receita Federal: subsecret\u00e1rio\u00a0comenta situa\u00e7\u00e3o atual","isPartOf":{"@id":"https:\/\/www.estrategiaconcursos.com.br\/blog\/#website"},"primaryImageOfPage":{"@id":"https:\/\/www.estrategiaconcursos.com.br\/blog\/concurso-receita-federal-subsecretario-comenta-situacao-atual\/#primaryimage"},"image":{"@id":"https:\/\/www.estrategiaconcursos.com.br\/blog\/concurso-receita-federal-subsecretario-comenta-situacao-atual\/#primaryimage"},"thumbnailUrl":"https:\/\/dhg1h5j42swfq.cloudfront.net\/2021\/03\/22153002\/concurso-receita-federal.jpg","datePublished":"2022-05-31T11:51:45+00:00","dateModified":"2022-05-31T14:40:56+00:00","description":"Receita Federal: em reuni\u00e3o extraordin\u00e1ria do Conselho de Delegados Sindicais, subsecret\u00e1rio da RFB comentou a situa\u00e7\u00e3o atual do concurso.","breadcrumb":{"@id":"https:\/\/www.estrategiaconcursos.com.br\/blog\/concurso-receita-federal-subsecretario-comenta-situacao-atual\/#breadcrumb"},"inLanguage":"pt-BR","potentialAction":[{"@type":"ReadAction","target":["https:\/\/www.estrategiaconcursos.com.br\/blog\/concurso-receita-federal-subsecretario-comenta-situacao-atual\/"]}]},{"@type":"ImageObject","inLanguage":"pt-BR","@id":"https:\/\/www.estrategiaconcursos.com.br\/blog\/concurso-receita-federal-subsecretario-comenta-situacao-atual\/#primaryimage","url":"https:\/\/dhg1h5j42swfq.cloudfront.net\/2021\/03\/22153002\/concurso-receita-federal.jpg","contentUrl":"https:\/\/dhg1h5j42swfq.cloudfront.net\/2021\/03\/22153002\/concurso-receita-federal.jpg","width":1200,"height":628,"caption":"concurso Receita federal cronograma"},{"@type":"BreadcrumbList","@id":"https:\/\/www.estrategiaconcursos.com.br\/blog\/concurso-receita-federal-subsecretario-comenta-situacao-atual\/#breadcrumb","itemListElement":[{"@type":"ListItem","position":1,"name":"In\u00edcio","item":"https:\/\/www.estrategiaconcursos.com.br\/blog\/"},{"@type":"ListItem","position":2,"name":"Concurso Receita Federal: subsecret\u00e1rio\u00a0comenta situa\u00e7\u00e3o atual"}]},{"@type":"WebSite","@id":"https:\/\/www.estrategiaconcursos.com.br\/blog\/#website","url":"https:\/\/www.estrategiaconcursos.com.br\/blog\/","name":"Estrat\u00e9gia Concursos","description":"O blog da Estrat\u00e9gia Concursos traz not\u00edcias sobre concursos e artigos de professores oferecendo cursos para concursos (pdf + videaulas) no site.","publisher":{"@id":"https:\/\/www.estrategiaconcursos.com.br\/blog\/#organization"},"potentialAction":[{"@type":"SearchAction","target":{"@type":"EntryPoint","urlTemplate":"https:\/\/www.estrategiaconcursos.com.br\/blog\/?s={search_term_string}"},"query-input":{"@type":"PropertyValueSpecification","valueRequired":true,"valueName":"search_term_string"}}],"inLanguage":"pt-BR"},{"@type":"Organization","@id":"https:\/\/www.estrategiaconcursos.com.br\/blog\/#organization","name":"Estrat\u00e9gia Concursos","url":"https:\/\/www.estrategiaconcursos.com.br\/blog\/","logo":{"@type":"ImageObject","inLanguage":"pt-BR","@id":"https:\/\/www.estrategiaconcursos.com.br\/blog\/#\/schema\/logo\/image\/","url":"https:\/\/dhg1h5j42swfq.cloudfront.net\/2025\/06\/03203428\/logo_concursos-1.jpg","contentUrl":"https:\/\/dhg1h5j42swfq.cloudfront.net\/2025\/06\/03203428\/logo_concursos-1.jpg","width":230,"height":60,"caption":"Estrat\u00e9gia Concursos"},"image":{"@id":"https:\/\/www.estrategiaconcursos.com.br\/blog\/#\/schema\/logo\/image\/"},"sameAs":["https:\/\/x.com\/EstratConcursos"]},{"@type":"Person","@id":"https:\/\/www.estrategiaconcursos.com.br\/blog\/#\/schema\/person\/84ecdc6eb58d3cf1689bf76c5cd8fb38","name":"Camila Leite","image":{"@type":"ImageObject","inLanguage":"pt-BR","@id":"https:\/\/secure.gravatar.com\/avatar\/f2f8faef639c8a2bfb7fb909912a56917f4c3a0aed064500168e2fb8ea55cf61?s=96&d=mm&r=g","url":"https:\/\/secure.gravatar.com\/avatar\/f2f8faef639c8a2bfb7fb909912a56917f4c3a0aed064500168e2fb8ea55cf61?s=96&d=mm&r=g","contentUrl":"https:\/\/secure.gravatar.com\/avatar\/f2f8faef639c8a2bfb7fb909912a56917f4c3a0aed064500168e2fb8ea55cf61?s=96&d=mm&r=g","caption":"Camila Leite"},"description":"Formada em Design Gr\u00e1fico e em Propaganda e Marketing pela UNIP, integra a equipe de jornalismo do Estrat\u00e9gia Concursos desde 2018. Ao longo dos anos, construiu uma s\u00f3lida experi\u00eancia na produ\u00e7\u00e3o de conte\u00fado informativo e relevante para concurseiros. Desde 2020, atua na cobertura das \u00e1reas Fiscal \u2014 com \u00eanfase nas Secretarias de Fazenda (Sefaz) das regi\u00f5es Sul e Sudeste \u2014, al\u00e9m da cobertura de concursos federais, como CNU, Petrobras, CGU, Receita Federal, ag\u00eancias reguladoras (Anvisa, ANAC, entre outras) e INSS. Mant\u00e9m contato direto com os principais \u00f3rg\u00e3os p\u00fablicos, acompanhando editais, atualiza\u00e7\u00f5es e movimenta\u00e7\u00f5es importantes para os candidatos.","sameAs":["https:\/\/www.linkedin.com\/in\/camila-pinheiro-leite-9ba135b6\/"],"url":"https:\/\/www.estrategiaconcursos.com.br\/blog\/author\/camila-leiteestrategiaconcursos-com-br\/"}]}},"_links":{"self":[{"href":"https:\/\/www.estrategiaconcursos.com.br\/blog\/wp-json\/wp\/v2\/posts\/1036564","targetHints":{"allow":["GET"]}}],"collection":[{"href":"https:\/\/www.estrategiaconcursos.com.br\/blog\/wp-json\/wp\/v2\/posts"}],"about":[{"href":"https:\/\/www.estrategiaconcursos.com.br\/blog\/wp-json\/wp\/v2\/types\/post"}],"author":[{"embeddable":true,"href":"https:\/\/www.estrategiaconcursos.com.br\/blog\/wp-json\/wp\/v2\/users\/659"}],"replies":[{"embeddable":true,"href":"https:\/\/www.estrategiaconcursos.com.br\/blog\/wp-json\/wp\/v2\/comments?post=1036564"}],"version-history":[{"count":7,"href":"https:\/\/www.estrategiaconcursos.com.br\/blog\/wp-json\/wp\/v2\/posts\/1036564\/revisions"}],"predecessor-version":[{"id":1036750,"href":"https:\/\/www.estrategiaconcursos.com.br\/blog\/wp-json\/wp\/v2\/posts\/1036564\/revisions\/1036750"}],"wp:featuredmedia":[{"embeddable":true,"href":"https:\/\/www.estrategiaconcursos.com.br\/blog\/wp-json\/wp\/v2\/media\/698463"}],"wp:attachment":[{"href":"https:\/\/www.estrategiaconcursos.com.br\/blog\/wp-json\/wp\/v2\/media?parent=1036564"}],"wp:term":[{"taxonomy":"category","embeddable":true,"href":"https:\/\/www.estrategiaconcursos.com.br\/blog\/wp-json\/wp\/v2\/categories?post=1036564"},{"taxonomy":"post_tag","embeddable":true,"href":"https:\/\/www.estrategiaconcursos.com.br\/blog\/wp-json\/wp\/v2\/tags?post=1036564"},{"taxonomy":"tax_estado","embeddable":true,"href":"https:\/\/www.estrategiaconcursos.com.br\/blog\/wp-json\/wp\/v2\/tax_estado?post=1036564"}],"curies":[{"name":"wp","href":"https:\/\/api.w.org\/{rel}","templated":true}]}}