{"id":1036538,"date":"2022-07-19T06:00:00","date_gmt":"2022-07-19T09:00:00","guid":{"rendered":"https:\/\/www.estrategiaconcursos.com.br\/blog\/?p=1036538"},"modified":"2022-07-19T10:02:51","modified_gmt":"2022-07-19T13:02:51","slug":"concurso-see-pe-edital-publicado-2022","status":"publish","type":"post","link":"https:\/\/www.estrategiaconcursos.com.br\/blog\/concurso-see-pe-edital-publicado-2022\/","title":{"rendered":"Edital SEE PE: inscri\u00e7\u00f5es encerradas; ganhe at\u00e9 R$ 3,9 mil"},"content":{"rendered":"\n<p>O <strong>edital SEE PE <\/strong>(<a href=\"https:\/\/www.estrategiaconcursos.com.br\/cursosPorConcurso\/secretaria-de-educacao-de-pernambuco\/\" target=\"_blank\" rel=\"noreferrer noopener\">Secretaria de Educa\u00e7\u00e3o e Esportes de Pernambuco<\/a>)<strong> <\/strong>est\u00e1 com as inscri\u00e7\u00f5es encerradas! Conforme o documento, o \u00f3rg\u00e3o oferece <strong>2.900 vagas<\/strong> para o cargo de professor de educa\u00e7\u00e3o b\u00e1sica. <\/p>\n\n\n\n<p>As oportunidades s\u00e3o de n\u00edvel superior de forma\u00e7\u00e3o. Os sal\u00e1rios iniciais variam <span style=\"font-size: revert; color: initial;\">entre <strong>R$ 2.925,00<\/strong>; para 150 horas, a<strong> R$ 3.900,00<\/strong>; para 200 horas.<\/span><\/p>\n\n\n\n<p>Os interessados em participar da sele\u00e7\u00e3o deveriam realizar at\u00e9 18 de julho de 2022, no site da banca organizadora, Cebraspe (Centro Brasileiro de Pesquisa em Avalia\u00e7\u00e3o e Sele\u00e7\u00e3o e de Promo\u00e7\u00e3o de Eventos). <\/p>\n\n\n\n<p>A taxa de participa\u00e7\u00e3o ficou fixada em R$ 130,00.<\/p>\n\n\n\n<ul class=\"has-very-light-gray-to-cyan-bluish-gray-gradient-background has-background wp-block-list\"><li><strong style=\"background-color: initial; color: initial;\">Banca:<\/strong> Cebraspe<\/li><li><strong>Status<\/strong>: inscri\u00e7\u00f5es encerradas<\/li><li><strong>Vagas:<\/strong> 2.907<\/li><li><strong>Cargo<\/strong>: professor <\/li><li><strong>Sal\u00e1rio inicial:<\/strong> de R$ 2.925,00 a R$ 3.900,00<\/li><li><strong>Editais<\/strong>:<a href=\"https:\/\/dhg1h5j42swfq.cloudfront.net\/2022\/06\/01075019\/document.pdf\" target=\"_blank\" rel=\"noreferrer noopener nofollow\"> SEE PE<\/a><\/li><\/ul>\n\n\n\n<p>Confira a an\u00e1lise do edital SEE PE com o professor Vinicius Silva no v\u00eddeo abaixo:<\/p>\n\n\n<figure class=\"wp-block-embed-youtube wp-block-embed is-type-video is-provider-youtube wp-embed-aspect-16-9 wp-has-aspect-ratio\"><div class=\"lyte-wrapper\" style=\"width:853px;max-width:100%;margin:5px;\"><div class=\"lyMe\" id=\"WYL_cWtmOCOWwp0\"><div id=\"lyte_cWtmOCOWwp0\" data-src=\"\/\/i.ytimg.com\/vi\/cWtmOCOWwp0\/hqdefault.jpg\" class=\"pL\"><div class=\"tC\"><div class=\"tT\"><\/div><\/div><div class=\"play\"><\/div><div class=\"ctrl\"><div class=\"Lctrl\"><\/div><div class=\"Rctrl\"><\/div><\/div><\/div><noscript><a href=\"https:\/\/youtu.be\/cWtmOCOWwp0\" rel=\"nofollow\"><img loading=\"lazy\" decoding=\"async\" src=\"https:\/\/i.ytimg.com\/vi\/cWtmOCOWwp0\/0.jpg\" alt=\"YouTube video thumbnail\" width=\"853\" height=\"460\" \/><br \/>Assista a este v\u00eddeo no YouTube<\/a><\/noscript><\/div><\/div><div class=\"lL\" style=\"max-width:100%;width:853px;margin:5px;\"><\/div><figcaption><\/figcaption><\/figure>\n\n\n<div class=\"container\" id=\"boxes\">\n  <div class=\"row\">\n\n    <div class=\"col-sm\">\n      <div class=\"banner-estrategia\" id=\"box-assinatura\">\n        <h3 class=\"titulo-assinatura\">Cursos para concursos<\/h3>\n        <p class=\"subtitulo-assinatura\">Estude conosco SEE PE<\/p>\n        <div class=\"box-botao\">\n          <a class=\"btn-assinatura\" target=\"_blank\" href=\"https:\/\/www.estrategiaconcursos.com.br\/cursos\/\" role=\"button\" rel=\"noopener noreferrer\">Conhe\u00e7a os cursos<\/a>\n        <\/div>\n      <\/div>\n     \n    <\/div>\n\n  <\/div>\n<\/div>\n\n\n\n<h2 class=\"wp-block-heading\" id=\"datas\">Principais datas do edital SEE PE<\/h2>\n\n\n\n<p class=\"has-very-light-gray-background-color has-background\"><strong>Inscri\u00e7\u00f5es<\/strong>: <s>23\/6 a 18\/7\/2022<\/s><br \/><strong>Isen\u00e7\u00e3o da taxa<\/strong>: <s>23\/6 a 18\/7\/2022<\/s><br \/><strong>\u00daltimo dia para pagamento<\/strong>: 20\/7\/2022<br \/><strong>Prova<\/strong>: 21\/8\/2022<\/p>\n\n\n\n<h2 class=\"wp-block-heading\" id=\"cargos-vagas\">Cargos e vagas do edital SEE PE<\/h2>\n\n\n\n<ul class=\"wp-block-list\"><li><strong>Magist\u00e9rio<\/strong><ul><li>Professor para Educa\u00e7\u00e3o B\u00e1sica: 2.907 vagas<\/li><\/ul><\/li><\/ul>\n\n\n\n<p>As vagas ser\u00e3o para professores de:<\/p>\n\n\n\n<ul class=\"wp-block-list\"><li>Artes;<\/li><li>Biologia;<\/li><li>Educa\u00e7\u00e3o F\u00edsica; <\/li><li>Filosofia; <\/li><li>F\u00edsica; <\/li><li>Geografia;<\/li><li>Hist\u00f3ria; <\/li><li>L\u00edngua Espanhola; <\/li><li>L\u00edngua Inglesa; <\/li><li>L\u00edngua Portuguesa; <\/li><li>Matem\u00e1tica;<\/li><li>Qu\u00edmica; e <\/li><li>Sociologia.<\/li><\/ul>\n\n\n\n<h2 class=\"wp-block-heading\" id=\"etapas\">Etapas e provas do edital SEE PE<\/h2>\n\n\n\n<p>A sele\u00e7\u00e3o dos candidatos inscritos no concurso SEE PE Professor se dar\u00e1 mediante aplica\u00e7\u00e3o das seguintes etapas:<\/p>\n\n\n\n<ul class=\"wp-block-list\"><li>Prova preambular (objetiva) \u2013 eliminat\u00f3rio e classificat\u00f3rio; e<\/li><li>Prova escrita \u2013 eliminat\u00f3rio e classificat\u00f3rio.<\/li><\/ul>\n\n\n\n<p>As provas est\u00e3o previstas para serem aplicadas no dia 21 de agosto de 2022. <\/p>\n\n\n\n<h3 class=\"wp-block-heading\" id=\"objetiva\">Provas Objetivas<\/h3>\n\n\n\n<p>As provas objetivas valer\u00e3o 120,00 pontos. Os itens das provas poder\u00e3o avaliar habilidades que v\u00e3o al\u00e9m do mero conhecimento memorizado, abrangendo compreens\u00e3o, aplica\u00e7\u00e3o, an\u00e1lise, s\u00edntese e avalia\u00e7\u00e3o, com o intuito de valorizar a capacidade de racioc\u00ednio. Ser\u00e3o cobrada as seguintes disciplinas: <\/p>\n\n\n\n<ul class=\"wp-block-list\"><li>L\u00edngua Portuguesa;<\/li><li>Legisla\u00e7\u00e3o;<\/li><li>No\u00e7\u00f5es de Direito Administrativo;<\/li><li>Atualidades;<\/li><li>Uso de Tecnologia na Educa\u00e7\u00e3o e Inform\u00e1tica B\u00e1sica; e<\/li><li>Conhecimentos espec\u00edficos.<\/li><\/ul>\n\n\n\n<p>Cada prova objetiva ser\u00e1 constitu\u00edda de itens para julgamento, agrupados por comandos que dever\u00e3o ser respeitados. O julgamento de cada item ser\u00e1 certo ou errado, de acordo com o(s) comando(s) a que se refere o item. <\/p>\n\n\n\n<p>Haver\u00e1, na folha de respostas, para cada item, dois campos de marca\u00e7\u00e3o: o campo designado com o c\u00f3digo C, que dever\u00e1 ser preenchido pelo candidato caso julgue o item certo, e o campo designado com o c\u00f3digo E, que dever\u00e1 ser preenchido pelo candidato caso julgue o item errado.<\/p>\n\n\n\n<h3 class=\"wp-block-heading\" id=\"discursiva\">Prova Discursiva<\/h3>\n\n\n\n<p>A prova discursiva valer\u00e1 30,00 pontos e consistir\u00e1 da reda\u00e7\u00e3o de texto dissertativo, de at\u00e9 30 linhas, a respeito de tema de atualidades.<\/p>\n\n\n\n<p>Ser\u00e1 avaliado o conte\u00fado (conhecimento do tema), a capacidade de express\u00e3o na modalidade escrita e o uso das normas do registro formal culto da L\u00edngua Portuguesa. <\/p>\n\n\n\n<p>O candidato dever\u00e1 produzir, conforme o comando formulado pela banca examinadora, texto dissertativo, primando pela coer\u00eancia e pela coes\u00e3o.<\/p>\n\n\n\n<p class=\"has-text-align-center has-cyan-bluish-gray-background-color has-background has-medium-font-size\"><strong>Saiba mais: <a href=\"https:\/\/www.estrategiaconcursos.com.br\/blog\/concurso-see-pe\/\" target=\"_blank\" rel=\"noreferrer noopener\">concurso SEE PE<\/a><\/strong><\/p>\n\n\n\n<h2 class=\"has-text-align-center wp-block-heading\" id=\"h-quer-saber-tudo-sobre-concursos-previstos-confira-nossos-artigos\">Quer saber tudo sobre concursos previstos?<br \/>Confira  nossos artigos!<\/h2>\n\n\n\n<ul class=\"wp-block-list\"><li><a href=\"https:\/\/www.estrategiaconcursos.com.br\/blog\/concursos-educacao-2022\/\" target=\"_blank\" rel=\"noreferrer noopener\">Concursos Educa\u00e7\u00e3o<\/a> <\/li><li><a href=\"https:\/\/www.estrategiaconcursos.com.br\/blog\/concursos-abertos\/\" target=\"_blank\" rel=\"noreferrer noopener\">Concursos abertos<\/a><\/li><li><a href=\"https:\/\/www.estrategiaconcursos.com.br\/blog\/concursos-2022\/\" target=\"_blank\" rel=\"noreferrer noopener\">Concursos 2022<\/a><\/li><\/ul>\n\n\n\n<figure class=\"wp-block-image size-large is-resized\"><img loading=\"lazy\" decoding=\"async\" src=\"https:\/\/dhg1h5j42swfq.cloudfront.net\/2025\/06\/27101122\/ficha-tecnica-1-1024x632.png\" alt=\"Informa\u00e7\u00f5es do edital SEE PE\" class=\"wp-image-702728\" width=\"269\" height=\"166\" srcset=\"https:\/\/dhg1h5j42swfq.cloudfront.net\/2025\/06\/27101122\/ficha-tecnica-1-1024x632.png 1024w, https:\/\/dhg1h5j42swfq.cloudfront.net\/2025\/06\/27101122\/ficha-tecnica-1-300x185.png 300w, https:\/\/dhg1h5j42swfq.cloudfront.net\/2025\/06\/27101122\/ficha-tecnica-1-768x474.png 768w, https:\/\/dhg1h5j42swfq.cloudfront.net\/2025\/06\/27101122\/ficha-tecnica-1-1536x948.png 1536w, https:\/\/dhg1h5j42swfq.cloudfront.net\/2025\/06\/27101122\/ficha-tecnica-1-610x377.png 610w, https:\/\/dhg1h5j42swfq.cloudfront.net\/2025\/06\/27101122\/ficha-tecnica-1.png 1571w\" sizes=\"auto, (max-width: 269px) 100vw, 269px\" \/><\/figure>\n\n\n\n<h3 class=\"wp-block-heading\" id=\"block-ba1614b5-988b-41ef-892d-f4c9f7e9dd42\">Informa\u00e7\u00f5es do edital SEE PE<\/h3>\n\n\n\n<ul class=\"wp-block-list\" id=\"block-46dd482c-33cf-409c-8762-75c111403f14\"><li><strong>Inscri\u00e7\u00f5es<\/strong>:<s> 23\/6 a 18\/7\/2022<\/s><\/li><li><strong>Provas<\/strong>: 21\/8\/2022<\/li><li><strong>Vagas<\/strong>: 2.907<\/li><li><strong>Cargos<\/strong>: professor<\/li><li><strong>Banca<\/strong>: Cebraspe <\/li><li><strong>Escolaridade<\/strong>: n\u00edvel superior <\/li><li><strong>Edital<\/strong>:&nbsp;<a href=\"https:\/\/dhg1h5j42swfq.cloudfront.net\/2022\/06\/01075019\/document.pdf\" target=\"_blank\" rel=\"noreferrer noopener nofollow\">SEE PE<\/a><\/li><\/ul>\n\n\n\n<div class=\"container\" id=\"boxes\">\n  <div class=\"row\">\n\n    <div class=\"col-sm\">\n      <div class=\"estrategia\" id=\"box-assinatura\">\n        <h3 class=\"titulo-assinatura\">Assinatura de Concursos<\/h3>\n        <p class=\"subtitulo-assinatura\">Assinatura de 1 ano ou 2 anos<\/p>\n        <div class=\"box-botao\">\n          <a class=\"btn-assinatura\" target=\"_blank\" href=\"https:\/\/www.estrategiaconcursos.com.br\/assinaturas\/\" role=\"button\" rel=\"noopener noreferrer\">ASSINE AGORA<\/a>\n        <\/div>\n      <\/div>\n     \n    <\/div><\/div><\/div>\n","protected":false},"excerpt":{"rendered":"<p>O edital SEE PE (Secretaria de Educa\u00e7\u00e3o e Esportes de Pernambuco) est\u00e1 com as inscri\u00e7\u00f5es encerradas! Conforme o documento, o \u00f3rg\u00e3o oferece 2.900 vagas para o cargo de professor de educa\u00e7\u00e3o b\u00e1sica. As oportunidades s\u00e3o de n\u00edvel superior de forma\u00e7\u00e3o. Os sal\u00e1rios iniciais variam entre R$ 2.925,00; para 150 horas, a R$ 3.900,00; para 200 [&hellip;]<\/p>\n","protected":false},"author":2375,"featured_media":1036539,"comment_status":"open","ping_status":"closed","sticky":false,"template":"","format":"standard","meta":{"post_tipo":"news","footnotes":""},"categories":[3766,220219],"tags":[220910,220909],"tax_estado":[219979],"class_list":["post-1036538","post","type-post","status-publish","format-standard","has-post-thumbnail","hentry","category-educacional","category-noticias","tag-concurso-see-pe","tag-edital-see-pe","tax_estado-pe"],"acf":[],"yoast_head":"<!-- This site is optimized with the Yoast SEO Premium plugin v27.2 (Yoast SEO v27.2) - https:\/\/yoast.com\/product\/yoast-seo-premium-wordpress\/ -->\n<title>Edital SEE PE: inscri\u00e7\u00f5es encerradas; ganhe at\u00e9 R$ 3,9 mil<\/title>\n<meta name=\"description\" content=\"Edital SEE PE \u00e9 publicado com a oferta de 2.900 vagas para cargos de n\u00edvel superior. Acesse e confira os detalhes completos!\" \/>\n<meta name=\"robots\" content=\"index, follow, max-snippet:-1, max-image-preview:large, max-video-preview:-1\" \/>\n<link rel=\"canonical\" href=\"https:\/\/www.estrategiaconcursos.com.br\/blog\/concurso-see-pe-edital-publicado-2022\/\" \/>\n<meta property=\"og:locale\" content=\"pt_BR\" \/>\n<meta property=\"og:type\" content=\"article\" \/>\n<meta property=\"og:title\" content=\"Edital SEE PE: inscri\u00e7\u00f5es encerradas; ganhe at\u00e9 R$ 3,9 mil\" \/>\n<meta property=\"og:description\" content=\"Edital SEE PE \u00e9 publicado com a oferta de 2.900 vagas para cargos de n\u00edvel superior. Acesse e confira os detalhes completos!\" \/>\n<meta property=\"og:url\" content=\"https:\/\/www.estrategiaconcursos.com.br\/blog\/concurso-see-pe-edital-publicado-2022\/\" \/>\n<meta property=\"og:site_name\" content=\"Estrat\u00e9gia Concursos\" \/>\n<meta property=\"article:published_time\" content=\"2022-07-19T09:00:00+00:00\" \/>\n<meta property=\"article:modified_time\" content=\"2022-07-19T13:02:51+00:00\" \/>\n<meta property=\"og:image\" content=\"https:\/\/dhg1h5j42swfq.cloudfront.net\/2022\/05\/31081405\/edital-see-pe.png\" \/>\n\t<meta property=\"og:image:width\" content=\"259\" \/>\n\t<meta property=\"og:image:height\" content=\"195\" \/>\n\t<meta property=\"og:image:type\" content=\"image\/png\" \/>\n<meta name=\"author\" content=\"Priscila Almeida\" \/>\n<meta name=\"twitter:card\" content=\"summary_large_image\" \/>\n<meta name=\"twitter:creator\" content=\"@EstratConcursos\" \/>\n<meta name=\"twitter:site\" content=\"@EstratConcursos\" \/>\n<meta name=\"twitter:label1\" content=\"Escrito por\" \/>\n\t<meta name=\"twitter:data1\" content=\"Priscila Almeida\" \/>\n\t<meta name=\"twitter:label2\" content=\"Est. tempo de leitura\" \/>\n\t<meta name=\"twitter:data2\" content=\"4 minutos\" \/>\n<script type=\"application\/ld+json\" class=\"yoast-schema-graph\">{\"@context\":\"https:\/\/schema.org\",\"@graph\":[{\"@type\":\"NewsArticle\",\"@id\":\"https:\/\/www.estrategiaconcursos.com.br\/blog\/concurso-see-pe-edital-publicado-2022\/#article\",\"isPartOf\":{\"@id\":\"https:\/\/www.estrategiaconcursos.com.br\/blog\/concurso-see-pe-edital-publicado-2022\/\"},\"author\":{\"name\":\"Priscila Almeida\",\"@id\":\"https:\/\/www.estrategiaconcursos.com.br\/blog\/#\/schema\/person\/a06e841e501f2e1d8c49c4e8f066bfd1\"},\"headline\":\"Edital SEE PE: inscri\u00e7\u00f5es encerradas; ganhe at\u00e9 R$ 3,9 mil\",\"datePublished\":\"2022-07-19T09:00:00+00:00\",\"dateModified\":\"2022-07-19T13:02:51+00:00\",\"mainEntityOfPage\":{\"@id\":\"https:\/\/www.estrategiaconcursos.com.br\/blog\/concurso-see-pe-edital-publicado-2022\/\"},\"wordCount\":594,\"commentCount\":0,\"publisher\":{\"@id\":\"https:\/\/www.estrategiaconcursos.com.br\/blog\/#organization\"},\"image\":{\"@id\":\"https:\/\/www.estrategiaconcursos.com.br\/blog\/concurso-see-pe-edital-publicado-2022\/#primaryimage\"},\"thumbnailUrl\":\"https:\/\/dhg1h5j42swfq.cloudfront.net\/2022\/05\/31081405\/edital-see-pe.png\",\"keywords\":[\"concurso SEE PE\",\"edital SEE PE\"],\"articleSection\":[\"Educa\u00e7\u00e3o\",\"\u00daltimas not\u00edcias\"],\"inLanguage\":\"pt-BR\",\"potentialAction\":[{\"@type\":\"CommentAction\",\"name\":\"Comment\",\"target\":[\"https:\/\/www.estrategiaconcursos.com.br\/blog\/concurso-see-pe-edital-publicado-2022\/#respond\"]}],\"copyrightYear\":\"2022\",\"copyrightHolder\":{\"@id\":\"https:\/\/www.estrategiaconcursos.com.br\/blog\/#organization\"}},{\"@type\":\"WebPage\",\"@id\":\"https:\/\/www.estrategiaconcursos.com.br\/blog\/concurso-see-pe-edital-publicado-2022\/\",\"url\":\"https:\/\/www.estrategiaconcursos.com.br\/blog\/concurso-see-pe-edital-publicado-2022\/\",\"name\":\"Edital SEE PE: inscri\u00e7\u00f5es encerradas; ganhe at\u00e9 R$ 3,9 mil\",\"isPartOf\":{\"@id\":\"https:\/\/www.estrategiaconcursos.com.br\/blog\/#website\"},\"primaryImageOfPage\":{\"@id\":\"https:\/\/www.estrategiaconcursos.com.br\/blog\/concurso-see-pe-edital-publicado-2022\/#primaryimage\"},\"image\":{\"@id\":\"https:\/\/www.estrategiaconcursos.com.br\/blog\/concurso-see-pe-edital-publicado-2022\/#primaryimage\"},\"thumbnailUrl\":\"https:\/\/dhg1h5j42swfq.cloudfront.net\/2022\/05\/31081405\/edital-see-pe.png\",\"datePublished\":\"2022-07-19T09:00:00+00:00\",\"dateModified\":\"2022-07-19T13:02:51+00:00\",\"description\":\"Edital SEE PE \u00e9 publicado com a oferta de 2.900 vagas para cargos de n\u00edvel superior. Acesse e confira os detalhes completos!\",\"breadcrumb\":{\"@id\":\"https:\/\/www.estrategiaconcursos.com.br\/blog\/concurso-see-pe-edital-publicado-2022\/#breadcrumb\"},\"inLanguage\":\"pt-BR\",\"potentialAction\":[{\"@type\":\"ReadAction\",\"target\":[\"https:\/\/www.estrategiaconcursos.com.br\/blog\/concurso-see-pe-edital-publicado-2022\/\"]}]},{\"@type\":\"ImageObject\",\"inLanguage\":\"pt-BR\",\"@id\":\"https:\/\/www.estrategiaconcursos.com.br\/blog\/concurso-see-pe-edital-publicado-2022\/#primaryimage\",\"url\":\"https:\/\/dhg1h5j42swfq.cloudfront.net\/2022\/05\/31081405\/edital-see-pe.png\",\"contentUrl\":\"https:\/\/dhg1h5j42swfq.cloudfront.net\/2022\/05\/31081405\/edital-see-pe.png\",\"width\":259,\"height\":195},{\"@type\":\"BreadcrumbList\",\"@id\":\"https:\/\/www.estrategiaconcursos.com.br\/blog\/concurso-see-pe-edital-publicado-2022\/#breadcrumb\",\"itemListElement\":[{\"@type\":\"ListItem\",\"position\":1,\"name\":\"In\u00edcio\",\"item\":\"https:\/\/www.estrategiaconcursos.com.br\/blog\/\"},{\"@type\":\"ListItem\",\"position\":2,\"name\":\"Edital SEE PE: inscri\u00e7\u00f5es encerradas; ganhe at\u00e9 R$ 3,9 mil\"}]},{\"@type\":\"WebSite\",\"@id\":\"https:\/\/www.estrategiaconcursos.com.br\/blog\/#website\",\"url\":\"https:\/\/www.estrategiaconcursos.com.br\/blog\/\",\"name\":\"Estrat\u00e9gia Concursos\",\"description\":\"O blog da Estrat\u00e9gia Concursos traz not\u00edcias sobre concursos e artigos de professores oferecendo cursos para concursos (pdf + videaulas) no site.\",\"publisher\":{\"@id\":\"https:\/\/www.estrategiaconcursos.com.br\/blog\/#organization\"},\"potentialAction\":[{\"@type\":\"SearchAction\",\"target\":{\"@type\":\"EntryPoint\",\"urlTemplate\":\"https:\/\/www.estrategiaconcursos.com.br\/blog\/?s={search_term_string}\"},\"query-input\":{\"@type\":\"PropertyValueSpecification\",\"valueRequired\":true,\"valueName\":\"search_term_string\"}}],\"inLanguage\":\"pt-BR\"},{\"@type\":\"Organization\",\"@id\":\"https:\/\/www.estrategiaconcursos.com.br\/blog\/#organization\",\"name\":\"Estrat\u00e9gia Concursos\",\"url\":\"https:\/\/www.estrategiaconcursos.com.br\/blog\/\",\"logo\":{\"@type\":\"ImageObject\",\"inLanguage\":\"pt-BR\",\"@id\":\"https:\/\/www.estrategiaconcursos.com.br\/blog\/#\/schema\/logo\/image\/\",\"url\":\"https:\/\/dhg1h5j42swfq.cloudfront.net\/2025\/06\/03203428\/logo_concursos-1.jpg\",\"contentUrl\":\"https:\/\/dhg1h5j42swfq.cloudfront.net\/2025\/06\/03203428\/logo_concursos-1.jpg\",\"width\":230,\"height\":60,\"caption\":\"Estrat\u00e9gia Concursos\"},\"image\":{\"@id\":\"https:\/\/www.estrategiaconcursos.com.br\/blog\/#\/schema\/logo\/image\/\"},\"sameAs\":[\"https:\/\/x.com\/EstratConcursos\"]},{\"@type\":\"Person\",\"@id\":\"https:\/\/www.estrategiaconcursos.com.br\/blog\/#\/schema\/person\/a06e841e501f2e1d8c49c4e8f066bfd1\",\"name\":\"Priscila Almeida\",\"image\":{\"@type\":\"ImageObject\",\"inLanguage\":\"pt-BR\",\"@id\":\"https:\/\/secure.gravatar.com\/avatar\/0a963c9e2a947fa675b669cea2b5d0ba6dd1cbf46b966190343b6c9973ad3337?s=96&d=mm&r=g\",\"url\":\"https:\/\/secure.gravatar.com\/avatar\/0a963c9e2a947fa675b669cea2b5d0ba6dd1cbf46b966190343b6c9973ad3337?s=96&d=mm&r=g\",\"contentUrl\":\"https:\/\/secure.gravatar.com\/avatar\/0a963c9e2a947fa675b669cea2b5d0ba6dd1cbf46b966190343b6c9973ad3337?s=96&d=mm&r=g\",\"caption\":\"Priscila Almeida\"},\"description\":\"Atua na \u00e1rea de concursos p\u00fablicos desde 2019. As editorias que mais t\u00eam familiaridade s\u00e3o: Tribunais (TJs; TRTs; TREs; TSTs; STJ, STF, STM e TSE); Defensorias; Minist\u00e9rios P\u00fablicos; Procuradorias; Educa\u00e7\u00e3o e Conselhos. Na \u00e1rea de comunica\u00e7\u00e3o, de maneira geral, a caminhada \u00e9 um pouco mais longa - desde 2007. Possui experi\u00eancia em reda\u00e7\u00f5es de r\u00e1dio, TV, Web e impresso, al\u00e9m de desenvolver trabalhos em assessorias de comunica\u00e7\u00e3o institucional, empresarial e p\u00fablicas. Entre outros trabalhos, se destacam a atua\u00e7\u00e3o nas \u00e1reas de Justi\u00e7a, Congresso, Esportes, Sa\u00fade, Agropecu\u00e1ria, Cidades e Avia\u00e7\u00e3o Civil.\",\"url\":\"https:\/\/www.estrategiaconcursos.com.br\/blog\/author\/priscila-almeidaestrategia-com\/\"}]}<\/script>\n<!-- \/ Yoast SEO Premium plugin. -->","yoast_head_json":{"title":"Edital SEE PE: inscri\u00e7\u00f5es encerradas; ganhe at\u00e9 R$ 3,9 mil","description":"Edital SEE PE \u00e9 publicado com a oferta de 2.900 vagas para cargos de n\u00edvel superior. Acesse e confira os detalhes completos!","robots":{"index":"index","follow":"follow","max-snippet":"max-snippet:-1","max-image-preview":"max-image-preview:large","max-video-preview":"max-video-preview:-1"},"canonical":"https:\/\/www.estrategiaconcursos.com.br\/blog\/concurso-see-pe-edital-publicado-2022\/","og_locale":"pt_BR","og_type":"article","og_title":"Edital SEE PE: inscri\u00e7\u00f5es encerradas; ganhe at\u00e9 R$ 3,9 mil","og_description":"Edital SEE PE \u00e9 publicado com a oferta de 2.900 vagas para cargos de n\u00edvel superior. Acesse e confira os detalhes completos!","og_url":"https:\/\/www.estrategiaconcursos.com.br\/blog\/concurso-see-pe-edital-publicado-2022\/","og_site_name":"Estrat\u00e9gia Concursos","article_published_time":"2022-07-19T09:00:00+00:00","article_modified_time":"2022-07-19T13:02:51+00:00","og_image":[{"width":259,"height":195,"url":"https:\/\/dhg1h5j42swfq.cloudfront.net\/2022\/05\/31081405\/edital-see-pe.png","type":"image\/png"}],"author":"Priscila Almeida","twitter_card":"summary_large_image","twitter_creator":"@EstratConcursos","twitter_site":"@EstratConcursos","twitter_misc":{"Escrito por":"Priscila Almeida","Est. tempo de leitura":"4 minutos"},"schema":{"@context":"https:\/\/schema.org","@graph":[{"@type":"NewsArticle","@id":"https:\/\/www.estrategiaconcursos.com.br\/blog\/concurso-see-pe-edital-publicado-2022\/#article","isPartOf":{"@id":"https:\/\/www.estrategiaconcursos.com.br\/blog\/concurso-see-pe-edital-publicado-2022\/"},"author":{"name":"Priscila Almeida","@id":"https:\/\/www.estrategiaconcursos.com.br\/blog\/#\/schema\/person\/a06e841e501f2e1d8c49c4e8f066bfd1"},"headline":"Edital SEE PE: inscri\u00e7\u00f5es encerradas; ganhe at\u00e9 R$ 3,9 mil","datePublished":"2022-07-19T09:00:00+00:00","dateModified":"2022-07-19T13:02:51+00:00","mainEntityOfPage":{"@id":"https:\/\/www.estrategiaconcursos.com.br\/blog\/concurso-see-pe-edital-publicado-2022\/"},"wordCount":594,"commentCount":0,"publisher":{"@id":"https:\/\/www.estrategiaconcursos.com.br\/blog\/#organization"},"image":{"@id":"https:\/\/www.estrategiaconcursos.com.br\/blog\/concurso-see-pe-edital-publicado-2022\/#primaryimage"},"thumbnailUrl":"https:\/\/dhg1h5j42swfq.cloudfront.net\/2022\/05\/31081405\/edital-see-pe.png","keywords":["concurso SEE PE","edital SEE PE"],"articleSection":["Educa\u00e7\u00e3o","\u00daltimas not\u00edcias"],"inLanguage":"pt-BR","potentialAction":[{"@type":"CommentAction","name":"Comment","target":["https:\/\/www.estrategiaconcursos.com.br\/blog\/concurso-see-pe-edital-publicado-2022\/#respond"]}],"copyrightYear":"2022","copyrightHolder":{"@id":"https:\/\/www.estrategiaconcursos.com.br\/blog\/#organization"}},{"@type":"WebPage","@id":"https:\/\/www.estrategiaconcursos.com.br\/blog\/concurso-see-pe-edital-publicado-2022\/","url":"https:\/\/www.estrategiaconcursos.com.br\/blog\/concurso-see-pe-edital-publicado-2022\/","name":"Edital SEE PE: inscri\u00e7\u00f5es encerradas; ganhe at\u00e9 R$ 3,9 mil","isPartOf":{"@id":"https:\/\/www.estrategiaconcursos.com.br\/blog\/#website"},"primaryImageOfPage":{"@id":"https:\/\/www.estrategiaconcursos.com.br\/blog\/concurso-see-pe-edital-publicado-2022\/#primaryimage"},"image":{"@id":"https:\/\/www.estrategiaconcursos.com.br\/blog\/concurso-see-pe-edital-publicado-2022\/#primaryimage"},"thumbnailUrl":"https:\/\/dhg1h5j42swfq.cloudfront.net\/2022\/05\/31081405\/edital-see-pe.png","datePublished":"2022-07-19T09:00:00+00:00","dateModified":"2022-07-19T13:02:51+00:00","description":"Edital SEE PE \u00e9 publicado com a oferta de 2.900 vagas para cargos de n\u00edvel superior. Acesse e confira os detalhes completos!","breadcrumb":{"@id":"https:\/\/www.estrategiaconcursos.com.br\/blog\/concurso-see-pe-edital-publicado-2022\/#breadcrumb"},"inLanguage":"pt-BR","potentialAction":[{"@type":"ReadAction","target":["https:\/\/www.estrategiaconcursos.com.br\/blog\/concurso-see-pe-edital-publicado-2022\/"]}]},{"@type":"ImageObject","inLanguage":"pt-BR","@id":"https:\/\/www.estrategiaconcursos.com.br\/blog\/concurso-see-pe-edital-publicado-2022\/#primaryimage","url":"https:\/\/dhg1h5j42swfq.cloudfront.net\/2022\/05\/31081405\/edital-see-pe.png","contentUrl":"https:\/\/dhg1h5j42swfq.cloudfront.net\/2022\/05\/31081405\/edital-see-pe.png","width":259,"height":195},{"@type":"BreadcrumbList","@id":"https:\/\/www.estrategiaconcursos.com.br\/blog\/concurso-see-pe-edital-publicado-2022\/#breadcrumb","itemListElement":[{"@type":"ListItem","position":1,"name":"In\u00edcio","item":"https:\/\/www.estrategiaconcursos.com.br\/blog\/"},{"@type":"ListItem","position":2,"name":"Edital SEE PE: inscri\u00e7\u00f5es encerradas; ganhe at\u00e9 R$ 3,9 mil"}]},{"@type":"WebSite","@id":"https:\/\/www.estrategiaconcursos.com.br\/blog\/#website","url":"https:\/\/www.estrategiaconcursos.com.br\/blog\/","name":"Estrat\u00e9gia Concursos","description":"O blog da Estrat\u00e9gia Concursos traz not\u00edcias sobre concursos e artigos de professores oferecendo cursos para concursos (pdf + videaulas) no site.","publisher":{"@id":"https:\/\/www.estrategiaconcursos.com.br\/blog\/#organization"},"potentialAction":[{"@type":"SearchAction","target":{"@type":"EntryPoint","urlTemplate":"https:\/\/www.estrategiaconcursos.com.br\/blog\/?s={search_term_string}"},"query-input":{"@type":"PropertyValueSpecification","valueRequired":true,"valueName":"search_term_string"}}],"inLanguage":"pt-BR"},{"@type":"Organization","@id":"https:\/\/www.estrategiaconcursos.com.br\/blog\/#organization","name":"Estrat\u00e9gia Concursos","url":"https:\/\/www.estrategiaconcursos.com.br\/blog\/","logo":{"@type":"ImageObject","inLanguage":"pt-BR","@id":"https:\/\/www.estrategiaconcursos.com.br\/blog\/#\/schema\/logo\/image\/","url":"https:\/\/dhg1h5j42swfq.cloudfront.net\/2025\/06\/03203428\/logo_concursos-1.jpg","contentUrl":"https:\/\/dhg1h5j42swfq.cloudfront.net\/2025\/06\/03203428\/logo_concursos-1.jpg","width":230,"height":60,"caption":"Estrat\u00e9gia Concursos"},"image":{"@id":"https:\/\/www.estrategiaconcursos.com.br\/blog\/#\/schema\/logo\/image\/"},"sameAs":["https:\/\/x.com\/EstratConcursos"]},{"@type":"Person","@id":"https:\/\/www.estrategiaconcursos.com.br\/blog\/#\/schema\/person\/a06e841e501f2e1d8c49c4e8f066bfd1","name":"Priscila Almeida","image":{"@type":"ImageObject","inLanguage":"pt-BR","@id":"https:\/\/secure.gravatar.com\/avatar\/0a963c9e2a947fa675b669cea2b5d0ba6dd1cbf46b966190343b6c9973ad3337?s=96&d=mm&r=g","url":"https:\/\/secure.gravatar.com\/avatar\/0a963c9e2a947fa675b669cea2b5d0ba6dd1cbf46b966190343b6c9973ad3337?s=96&d=mm&r=g","contentUrl":"https:\/\/secure.gravatar.com\/avatar\/0a963c9e2a947fa675b669cea2b5d0ba6dd1cbf46b966190343b6c9973ad3337?s=96&d=mm&r=g","caption":"Priscila Almeida"},"description":"Atua na \u00e1rea de concursos p\u00fablicos desde 2019. As editorias que mais t\u00eam familiaridade s\u00e3o: Tribunais (TJs; TRTs; TREs; TSTs; STJ, STF, STM e TSE); Defensorias; Minist\u00e9rios P\u00fablicos; Procuradorias; Educa\u00e7\u00e3o e Conselhos. Na \u00e1rea de comunica\u00e7\u00e3o, de maneira geral, a caminhada \u00e9 um pouco mais longa - desde 2007. Possui experi\u00eancia em reda\u00e7\u00f5es de r\u00e1dio, TV, Web e impresso, al\u00e9m de desenvolver trabalhos em assessorias de comunica\u00e7\u00e3o institucional, empresarial e p\u00fablicas. Entre outros trabalhos, se destacam a atua\u00e7\u00e3o nas \u00e1reas de Justi\u00e7a, Congresso, Esportes, Sa\u00fade, Agropecu\u00e1ria, Cidades e Avia\u00e7\u00e3o Civil.","url":"https:\/\/www.estrategiaconcursos.com.br\/blog\/author\/priscila-almeidaestrategia-com\/"}]}},"_links":{"self":[{"href":"https:\/\/www.estrategiaconcursos.com.br\/blog\/wp-json\/wp\/v2\/posts\/1036538","targetHints":{"allow":["GET"]}}],"collection":[{"href":"https:\/\/www.estrategiaconcursos.com.br\/blog\/wp-json\/wp\/v2\/posts"}],"about":[{"href":"https:\/\/www.estrategiaconcursos.com.br\/blog\/wp-json\/wp\/v2\/types\/post"}],"author":[{"embeddable":true,"href":"https:\/\/www.estrategiaconcursos.com.br\/blog\/wp-json\/wp\/v2\/users\/2375"}],"replies":[{"embeddable":true,"href":"https:\/\/www.estrategiaconcursos.com.br\/blog\/wp-json\/wp\/v2\/comments?post=1036538"}],"version-history":[{"count":19,"href":"https:\/\/www.estrategiaconcursos.com.br\/blog\/wp-json\/wp\/v2\/posts\/1036538\/revisions"}],"predecessor-version":[{"id":1063421,"href":"https:\/\/www.estrategiaconcursos.com.br\/blog\/wp-json\/wp\/v2\/posts\/1036538\/revisions\/1063421"}],"wp:featuredmedia":[{"embeddable":true,"href":"https:\/\/www.estrategiaconcursos.com.br\/blog\/wp-json\/wp\/v2\/media\/1036539"}],"wp:attachment":[{"href":"https:\/\/www.estrategiaconcursos.com.br\/blog\/wp-json\/wp\/v2\/media?parent=1036538"}],"wp:term":[{"taxonomy":"category","embeddable":true,"href":"https:\/\/www.estrategiaconcursos.com.br\/blog\/wp-json\/wp\/v2\/categories?post=1036538"},{"taxonomy":"post_tag","embeddable":true,"href":"https:\/\/www.estrategiaconcursos.com.br\/blog\/wp-json\/wp\/v2\/tags?post=1036538"},{"taxonomy":"tax_estado","embeddable":true,"href":"https:\/\/www.estrategiaconcursos.com.br\/blog\/wp-json\/wp\/v2\/tax_estado?post=1036538"}],"curies":[{"name":"wp","href":"https:\/\/api.w.org\/{rel}","templated":true}]}}