{"id":1036250,"date":"2022-05-30T16:53:18","date_gmt":"2022-05-30T19:53:18","guid":{"rendered":"https:\/\/www.estrategiaconcursos.com.br\/blog\/?p=1036250"},"modified":"2022-05-30T17:09:38","modified_gmt":"2022-05-30T20:09:38","slug":"secont-es-entenda-o-adiamento-da-prova","status":"publish","type":"post","link":"https:\/\/www.estrategiaconcursos.com.br\/blog\/secont-es-entenda-o-adiamento-da-prova\/","title":{"rendered":"Concurso Secont ES: entenda o adiamento da prova"},"content":{"rendered":"\n<p>Na semana passada o Cebraspe, banca organizadora do <strong>concurso Secont ES<\/strong>, <a href=\"https:\/\/www.estrategiaconcursos.com.br\/blog\/concurso-secont-es-aplicacao-provas-adiada\/\" target=\"_blank\" rel=\"noreferrer noopener\">anunciou<\/a> o adiamento da aplica\u00e7\u00e3o das provas objetivas do certame, marcadas at\u00e9 ent\u00e3o para o dia 05 de junho.<\/p>\n\n\n\n<p>Em seus perfis nas redes sociais, o \u00f3rg\u00e3o explicou o motivo do adiamento e afirmou que haver\u00e1 a publica\u00e7\u00e3o de uma retifica\u00e7\u00e3o com deferimento de duas impugna\u00e7\u00f5es administrativas interpostas.<\/p>\n\n\n\n<div class=\"wp-block-image\"><figure class=\"aligncenter size-full is-resized\"><img loading=\"lazy\" decoding=\"async\" src=\"https:\/\/dhg1h5j42swfq.cloudfront.net\/2022\/05\/30170319\/image-409.png\" alt=\"Concurso Secont ES: nota divulgada pelo \u00f3rg\u00e3o acerca do o adiamento da prova\" class=\"wp-image-1036281\" width=\"529\" height=\"529\" srcset=\"https:\/\/dhg1h5j42swfq.cloudfront.net\/2022\/05\/30170319\/image-409.png 602w, https:\/\/dhg1h5j42swfq.cloudfront.net\/2022\/05\/30170319\/image-409-300x300.png 300w, https:\/\/dhg1h5j42swfq.cloudfront.net\/2022\/05\/30170319\/image-409-150x150.png 150w\" sizes=\"auto, (max-width: 529px) 100vw, 529px\" \/><\/figure><\/div>\n\n\n\n<p>O concurso Secont ES oferta <strong>12 vagas\u00a0<\/strong>imediatas mas forma\u00e7\u00e3o de cadastro reserva para <strong>Auditor do Estado<\/strong>, que exige forma\u00e7\u00e3o de n\u00edvel superior em \u00e1reas espec\u00edficas.<\/p>\n\n\n\n<ul class=\"wp-block-list\"><li><a href=\"https:\/\/www.estrategiaconcursos.com.br\/curso\/secont-es-auditor-do-estado-administracao-pacote-2022-pos-edital\/\" target=\"_blank\" rel=\"noreferrer noopener\">Administra\u00e7\u00e3o<\/a><\/li><li><a href=\"https:\/\/www.estrategiaconcursos.com.br\/curso\/secont-es-auditor-do-estado-ciencias-contabeis-pacote-2022-pos-edital\/\" target=\"_blank\" rel=\"noreferrer noopener\">Ci\u00eancias Cont\u00e1beis<\/a><\/li><li><a href=\"https:\/\/www.estrategiaconcursos.com.br\/curso\/secont-es-auditor-do-estado-ciencias-economicas-pacote-2022-pos-edital\/\" target=\"_blank\" rel=\"noreferrer noopener\">Ci\u00eancias Econ\u00f4micas<\/a><\/li><li><a href=\"https:\/\/www.estrategiaconcursos.com.br\/curso\/secont-es-auditor-do-estado-ciencias-juridicas-pacote-2022-pos-edital\/\" target=\"_blank\" rel=\"noreferrer noopener\">Ci\u00eancias Jur\u00eddicas<\/a><\/li><li><a href=\"https:\/\/www.estrategiaconcursos.com.br\/curso\/secont-es-auditor-do-estado-engenharia-civil-pacote-2022-pos-edital\/\" target=\"_blank\" rel=\"noreferrer noopener\">Engenharia Civil<\/a><\/li><\/ul>\n\n\n\n<p>O cargo possui remunera\u00e7\u00e3o inicial de<strong> R$ 12.800,00 <\/strong>(<a href=\"https:\/\/www.estrategiaconcursos.com.br\/blog\/concurso-secont-es-retificacao\/\" target=\"_blank\" rel=\"noreferrer noopener\">valor conforme a 1\u00aa retifica\u00e7\u00e3o do edital<\/a>) mais aux\u00edlio-alimenta\u00e7\u00e3o de R$ 300,00.<\/p>\n\n\n\n<p>O certame ser\u00e1 realizado por meio de tr\u00eas etapas avaliativas, sendo elas:\u00a0uma <strong>prova objetiva,<\/strong> uma<strong> discursiva<\/strong>\u00a0e\u00a0<strong>avalia\u00e7\u00e3o de t\u00edtulos<\/strong>.<\/p>\n\n\n\n<p class=\"has-text-align-center\"><em>Para n\u00e3o perder novas atualiza\u00e7\u00f5es do concurso <a href=\"https:\/\/secont.es.gov.br\/\" target=\"_blank\" rel=\"noreferrer noopener\">Secont ES<\/a> relacionadas ao adiamento das provas, acesse o link abaixo e acompanhe o andamento do certame:<\/em><\/p>\n\n\n\n<p class=\"has-text-align-center has-background has-medium-font-size\" style=\"background-color:#dfe8ef\"><strong>Saiba mais: <a href=\"https:\/\/www.estrategiaconcursos.com.br\/blog\/concurso-secont-es\/\" target=\"_blank\" rel=\"noreferrer noopener\">concurso Secont ES<\/a><\/strong><\/p>\n\n\n\n<hr class=\"wp-block-separator\"\/>\n\n\n\n<h2 class=\"has-text-align-center wp-block-heading\" id=\"cursos-assinatura\"><strong>Quer estudar para o concurso Secont ES?<\/strong><\/h2>\n\n\n\n<div class=\"container\" id=\"boxes\">\n  <div class=\"row\">\n\n    <div class=\"col-sm\">\n      <div class=\"banner-tcg\" id=\"box-assinatura\">\n        <h3 class=\"titulo-assinatura\">Cursos Secont ES<\/h3>\n        <p class=\"subtitulo-assinatura\">Conhe\u00e7a os cursos<\/p>\n        <div class=\"box-botao\">\n          <a class=\"btn-assinatura\" target=\"_blank\" href=\"https:\/\/www.estrategiaconcursos.com.br\/cursosPorConcurso\/secont-es\/\" role=\"button\" rel=\"noopener noreferrer\">Conhe\u00e7a mais<\/a>\n        <\/div>\n      <\/div>\n      \n    <\/div>\n\n  <\/div>\n<\/div>\n\n\n\n<div class=\"container\" id=\"boxes\">\n  <div class=\"row\">\n\n    <div class=\"col-sm\">\n      <div class=\"estrategia\" id=\"box-assinatura\">\n        <h3 class=\"titulo-assinatura\">Assinatura Concursos<\/h3>\n        <p class=\"subtitulo-assinatura\">Assinatura de 1 ano ou 2 anos<\/p>\n        <div class=\"box-botao\">\n          <a class=\"btn-assinatura\" target=\"_blank\" href=\"https:\/\/www.estrategiaconcursos.com.br\/assinaturas\/\" role=\"button\" rel=\"noopener noreferrer\">ASSINE AGORA<\/a>\n        <\/div>\n      <\/div><\/div><\/div><\/div>\n\n\n\n<h2 class=\"has-text-align-center wp-block-heading\" id=\"h-quer-saber-tudo-sobre-concursos-previstos-confira-nossos-artigos\">Quer saber tudo sobre concursos previstos?<br \/>Confira nossos artigos!<\/h2>\n\n\n\n<ul class=\"wp-block-list\"><li><a href=\"https:\/\/www.estrategiaconcursos.com.br\/blog\/concursos-abertos\/\" target=\"_blank\" rel=\"noreferrer noopener\">Concursos abertos<\/a><\/li><li><a href=\"https:\/\/www.estrategiaconcursos.com.br\/blog\/concursos-2022\/\" target=\"_blank\" rel=\"noreferrer noopener\">Concursos 2022<\/a><\/li><\/ul>\n","protected":false},"excerpt":{"rendered":"<p>Na semana passada o Cebraspe, banca organizadora do concurso Secont ES, anunciou o adiamento da aplica\u00e7\u00e3o das provas objetivas do certame, marcadas at\u00e9 ent\u00e3o para o dia 05 de junho. Em seus perfis nas redes sociais, o \u00f3rg\u00e3o explicou o motivo do adiamento e afirmou que haver\u00e1 a publica\u00e7\u00e3o de uma retifica\u00e7\u00e3o com deferimento de [&hellip;]<\/p>\n","protected":false},"author":2279,"featured_media":830150,"comment_status":"open","ping_status":"closed","sticky":false,"template":"","format":"standard","meta":{"post_tipo":"news","footnotes":""},"categories":[214992,220219],"tags":[],"tax_estado":[219971],"class_list":["post-1036250","post","type-post","status-publish","format-standard","has-post-thumbnail","hentry","category-concursos-administrativos","category-noticias","tax_estado-es"],"acf":[],"yoast_head":"<!-- This site is optimized with the Yoast SEO Premium plugin v27.2 (Yoast SEO v27.2) - https:\/\/yoast.com\/product\/yoast-seo-premium-wordpress\/ -->\n<title>Concurso Secont ES: entenda o adiamento da prova<\/title>\n<meta name=\"description\" content=\"Concurso Secont ES: entenda o adiamento da aplica\u00e7\u00e3o das provas, que estavam previstas para o dia 05 de junho, sob organiza\u00e7\u00e3o do Cebraspe.\" \/>\n<meta name=\"robots\" content=\"index, follow, max-snippet:-1, max-image-preview:large, max-video-preview:-1\" \/>\n<link rel=\"canonical\" href=\"https:\/\/www.estrategiaconcursos.com.br\/blog\/secont-es-entenda-o-adiamento-da-prova\/\" \/>\n<meta property=\"og:locale\" content=\"pt_BR\" \/>\n<meta property=\"og:type\" content=\"article\" \/>\n<meta property=\"og:title\" content=\"Concurso Secont ES: entenda o adiamento da prova\" \/>\n<meta property=\"og:description\" content=\"Concurso Secont ES: entenda o adiamento da aplica\u00e7\u00e3o das provas, que estavam previstas para o dia 05 de junho, sob organiza\u00e7\u00e3o do Cebraspe.\" \/>\n<meta property=\"og:url\" content=\"https:\/\/www.estrategiaconcursos.com.br\/blog\/secont-es-entenda-o-adiamento-da-prova\/\" \/>\n<meta property=\"og:site_name\" content=\"Estrat\u00e9gia Concursos\" \/>\n<meta property=\"article:published_time\" content=\"2022-05-30T19:53:18+00:00\" \/>\n<meta property=\"article:modified_time\" content=\"2022-05-30T20:09:38+00:00\" \/>\n<meta property=\"og:image\" content=\"https:\/\/dhg1h5j42swfq.cloudfront.net\/2021\/08\/06133352\/secont-es-1.jpg\" \/>\n\t<meta property=\"og:image:width\" content=\"768\" \/>\n\t<meta property=\"og:image:height\" content=\"432\" \/>\n\t<meta property=\"og:image:type\" content=\"image\/jpeg\" \/>\n<meta name=\"author\" content=\"Anissa Golshan\" \/>\n<meta name=\"twitter:card\" content=\"summary_large_image\" \/>\n<meta name=\"twitter:creator\" content=\"@EstratConcursos\" \/>\n<meta name=\"twitter:site\" content=\"@EstratConcursos\" \/>\n<meta name=\"twitter:label1\" content=\"Escrito por\" \/>\n\t<meta name=\"twitter:data1\" content=\"Anissa Golshan\" \/>\n\t<meta name=\"twitter:label2\" content=\"Est. tempo de leitura\" \/>\n\t<meta name=\"twitter:data2\" content=\"2 minutos\" \/>\n<script type=\"application\/ld+json\" class=\"yoast-schema-graph\">{\"@context\":\"https:\/\/schema.org\",\"@graph\":[{\"@type\":\"NewsArticle\",\"@id\":\"https:\/\/www.estrategiaconcursos.com.br\/blog\/secont-es-entenda-o-adiamento-da-prova\/#article\",\"isPartOf\":{\"@id\":\"https:\/\/www.estrategiaconcursos.com.br\/blog\/secont-es-entenda-o-adiamento-da-prova\/\"},\"author\":{\"name\":\"Anissa Golshan\",\"@id\":\"https:\/\/www.estrategiaconcursos.com.br\/blog\/#\/schema\/person\/8622e35b96c2aef34cb09bed422f6f86\"},\"headline\":\"Concurso Secont ES: entenda o adiamento da prova\",\"datePublished\":\"2022-05-30T19:53:18+00:00\",\"dateModified\":\"2022-05-30T20:09:38+00:00\",\"mainEntityOfPage\":{\"@id\":\"https:\/\/www.estrategiaconcursos.com.br\/blog\/secont-es-entenda-o-adiamento-da-prova\/\"},\"wordCount\":231,\"commentCount\":0,\"publisher\":{\"@id\":\"https:\/\/www.estrategiaconcursos.com.br\/blog\/#organization\"},\"image\":{\"@id\":\"https:\/\/www.estrategiaconcursos.com.br\/blog\/secont-es-entenda-o-adiamento-da-prova\/#primaryimage\"},\"thumbnailUrl\":\"https:\/\/dhg1h5j42swfq.cloudfront.net\/2021\/08\/06133352\/secont-es-1.jpg\",\"articleSection\":[\"Executivo (Administrativa)\",\"\u00daltimas not\u00edcias\"],\"inLanguage\":\"pt-BR\",\"potentialAction\":[{\"@type\":\"CommentAction\",\"name\":\"Comment\",\"target\":[\"https:\/\/www.estrategiaconcursos.com.br\/blog\/secont-es-entenda-o-adiamento-da-prova\/#respond\"]}],\"copyrightYear\":\"2022\",\"copyrightHolder\":{\"@id\":\"https:\/\/www.estrategiaconcursos.com.br\/blog\/#organization\"}},{\"@type\":\"WebPage\",\"@id\":\"https:\/\/www.estrategiaconcursos.com.br\/blog\/secont-es-entenda-o-adiamento-da-prova\/\",\"url\":\"https:\/\/www.estrategiaconcursos.com.br\/blog\/secont-es-entenda-o-adiamento-da-prova\/\",\"name\":\"Concurso Secont ES: entenda o adiamento da prova\",\"isPartOf\":{\"@id\":\"https:\/\/www.estrategiaconcursos.com.br\/blog\/#website\"},\"primaryImageOfPage\":{\"@id\":\"https:\/\/www.estrategiaconcursos.com.br\/blog\/secont-es-entenda-o-adiamento-da-prova\/#primaryimage\"},\"image\":{\"@id\":\"https:\/\/www.estrategiaconcursos.com.br\/blog\/secont-es-entenda-o-adiamento-da-prova\/#primaryimage\"},\"thumbnailUrl\":\"https:\/\/dhg1h5j42swfq.cloudfront.net\/2021\/08\/06133352\/secont-es-1.jpg\",\"datePublished\":\"2022-05-30T19:53:18+00:00\",\"dateModified\":\"2022-05-30T20:09:38+00:00\",\"description\":\"Concurso Secont ES: entenda o adiamento da aplica\u00e7\u00e3o das provas, que estavam previstas para o dia 05 de junho, sob organiza\u00e7\u00e3o do Cebraspe.\",\"breadcrumb\":{\"@id\":\"https:\/\/www.estrategiaconcursos.com.br\/blog\/secont-es-entenda-o-adiamento-da-prova\/#breadcrumb\"},\"inLanguage\":\"pt-BR\",\"potentialAction\":[{\"@type\":\"ReadAction\",\"target\":[\"https:\/\/www.estrategiaconcursos.com.br\/blog\/secont-es-entenda-o-adiamento-da-prova\/\"]}]},{\"@type\":\"ImageObject\",\"inLanguage\":\"pt-BR\",\"@id\":\"https:\/\/www.estrategiaconcursos.com.br\/blog\/secont-es-entenda-o-adiamento-da-prova\/#primaryimage\",\"url\":\"https:\/\/dhg1h5j42swfq.cloudfront.net\/2021\/08\/06133352\/secont-es-1.jpg\",\"contentUrl\":\"https:\/\/dhg1h5j42swfq.cloudfront.net\/2021\/08\/06133352\/secont-es-1.jpg\",\"width\":768,\"height\":432,\"caption\":\"Concurso Secont ES resultado\"},{\"@type\":\"BreadcrumbList\",\"@id\":\"https:\/\/www.estrategiaconcursos.com.br\/blog\/secont-es-entenda-o-adiamento-da-prova\/#breadcrumb\",\"itemListElement\":[{\"@type\":\"ListItem\",\"position\":1,\"name\":\"In\u00edcio\",\"item\":\"https:\/\/www.estrategiaconcursos.com.br\/blog\/\"},{\"@type\":\"ListItem\",\"position\":2,\"name\":\"Concurso Secont ES: entenda o adiamento da prova\"}]},{\"@type\":\"WebSite\",\"@id\":\"https:\/\/www.estrategiaconcursos.com.br\/blog\/#website\",\"url\":\"https:\/\/www.estrategiaconcursos.com.br\/blog\/\",\"name\":\"Estrat\u00e9gia Concursos\",\"description\":\"O blog da Estrat\u00e9gia Concursos traz not\u00edcias sobre concursos e artigos de professores oferecendo cursos para concursos (pdf + videaulas) no site.\",\"publisher\":{\"@id\":\"https:\/\/www.estrategiaconcursos.com.br\/blog\/#organization\"},\"potentialAction\":[{\"@type\":\"SearchAction\",\"target\":{\"@type\":\"EntryPoint\",\"urlTemplate\":\"https:\/\/www.estrategiaconcursos.com.br\/blog\/?s={search_term_string}\"},\"query-input\":{\"@type\":\"PropertyValueSpecification\",\"valueRequired\":true,\"valueName\":\"search_term_string\"}}],\"inLanguage\":\"pt-BR\"},{\"@type\":\"Organization\",\"@id\":\"https:\/\/www.estrategiaconcursos.com.br\/blog\/#organization\",\"name\":\"Estrat\u00e9gia Concursos\",\"url\":\"https:\/\/www.estrategiaconcursos.com.br\/blog\/\",\"logo\":{\"@type\":\"ImageObject\",\"inLanguage\":\"pt-BR\",\"@id\":\"https:\/\/www.estrategiaconcursos.com.br\/blog\/#\/schema\/logo\/image\/\",\"url\":\"https:\/\/dhg1h5j42swfq.cloudfront.net\/2025\/06\/03203428\/logo_concursos-1.jpg\",\"contentUrl\":\"https:\/\/dhg1h5j42swfq.cloudfront.net\/2025\/06\/03203428\/logo_concursos-1.jpg\",\"width\":230,\"height\":60,\"caption\":\"Estrat\u00e9gia Concursos\"},\"image\":{\"@id\":\"https:\/\/www.estrategiaconcursos.com.br\/blog\/#\/schema\/logo\/image\/\"},\"sameAs\":[\"https:\/\/x.com\/EstratConcursos\"]},{\"@type\":\"Person\",\"@id\":\"https:\/\/www.estrategiaconcursos.com.br\/blog\/#\/schema\/person\/8622e35b96c2aef34cb09bed422f6f86\",\"name\":\"Anissa Golshan\",\"image\":{\"@type\":\"ImageObject\",\"inLanguage\":\"pt-BR\",\"@id\":\"https:\/\/secure.gravatar.com\/avatar\/?s=96&d=mm&r=g\",\"url\":\"https:\/\/secure.gravatar.com\/avatar\/?s=96&d=mm&r=g\",\"contentUrl\":\"https:\/\/secure.gravatar.com\/avatar\/?s=96&d=mm&r=g\",\"caption\":\"Anissa Golshan\"},\"url\":\"https:\/\/www.estrategiaconcursos.com.br\/blog\/author\/anissa-golshan\/\"}]}<\/script>\n<!-- \/ Yoast SEO Premium plugin. -->","yoast_head_json":{"title":"Concurso Secont ES: entenda o adiamento da prova","description":"Concurso Secont ES: entenda o adiamento da aplica\u00e7\u00e3o das provas, que estavam previstas para o dia 05 de junho, sob organiza\u00e7\u00e3o do Cebraspe.","robots":{"index":"index","follow":"follow","max-snippet":"max-snippet:-1","max-image-preview":"max-image-preview:large","max-video-preview":"max-video-preview:-1"},"canonical":"https:\/\/www.estrategiaconcursos.com.br\/blog\/secont-es-entenda-o-adiamento-da-prova\/","og_locale":"pt_BR","og_type":"article","og_title":"Concurso Secont ES: entenda o adiamento da prova","og_description":"Concurso Secont ES: entenda o adiamento da aplica\u00e7\u00e3o das provas, que estavam previstas para o dia 05 de junho, sob organiza\u00e7\u00e3o do Cebraspe.","og_url":"https:\/\/www.estrategiaconcursos.com.br\/blog\/secont-es-entenda-o-adiamento-da-prova\/","og_site_name":"Estrat\u00e9gia Concursos","article_published_time":"2022-05-30T19:53:18+00:00","article_modified_time":"2022-05-30T20:09:38+00:00","og_image":[{"width":768,"height":432,"url":"https:\/\/dhg1h5j42swfq.cloudfront.net\/2021\/08\/06133352\/secont-es-1.jpg","type":"image\/jpeg"}],"author":"Anissa Golshan","twitter_card":"summary_large_image","twitter_creator":"@EstratConcursos","twitter_site":"@EstratConcursos","twitter_misc":{"Escrito por":"Anissa Golshan","Est. tempo de leitura":"2 minutos"},"schema":{"@context":"https:\/\/schema.org","@graph":[{"@type":"NewsArticle","@id":"https:\/\/www.estrategiaconcursos.com.br\/blog\/secont-es-entenda-o-adiamento-da-prova\/#article","isPartOf":{"@id":"https:\/\/www.estrategiaconcursos.com.br\/blog\/secont-es-entenda-o-adiamento-da-prova\/"},"author":{"name":"Anissa Golshan","@id":"https:\/\/www.estrategiaconcursos.com.br\/blog\/#\/schema\/person\/8622e35b96c2aef34cb09bed422f6f86"},"headline":"Concurso Secont ES: entenda o adiamento da prova","datePublished":"2022-05-30T19:53:18+00:00","dateModified":"2022-05-30T20:09:38+00:00","mainEntityOfPage":{"@id":"https:\/\/www.estrategiaconcursos.com.br\/blog\/secont-es-entenda-o-adiamento-da-prova\/"},"wordCount":231,"commentCount":0,"publisher":{"@id":"https:\/\/www.estrategiaconcursos.com.br\/blog\/#organization"},"image":{"@id":"https:\/\/www.estrategiaconcursos.com.br\/blog\/secont-es-entenda-o-adiamento-da-prova\/#primaryimage"},"thumbnailUrl":"https:\/\/dhg1h5j42swfq.cloudfront.net\/2021\/08\/06133352\/secont-es-1.jpg","articleSection":["Executivo (Administrativa)","\u00daltimas not\u00edcias"],"inLanguage":"pt-BR","potentialAction":[{"@type":"CommentAction","name":"Comment","target":["https:\/\/www.estrategiaconcursos.com.br\/blog\/secont-es-entenda-o-adiamento-da-prova\/#respond"]}],"copyrightYear":"2022","copyrightHolder":{"@id":"https:\/\/www.estrategiaconcursos.com.br\/blog\/#organization"}},{"@type":"WebPage","@id":"https:\/\/www.estrategiaconcursos.com.br\/blog\/secont-es-entenda-o-adiamento-da-prova\/","url":"https:\/\/www.estrategiaconcursos.com.br\/blog\/secont-es-entenda-o-adiamento-da-prova\/","name":"Concurso Secont ES: entenda o adiamento da prova","isPartOf":{"@id":"https:\/\/www.estrategiaconcursos.com.br\/blog\/#website"},"primaryImageOfPage":{"@id":"https:\/\/www.estrategiaconcursos.com.br\/blog\/secont-es-entenda-o-adiamento-da-prova\/#primaryimage"},"image":{"@id":"https:\/\/www.estrategiaconcursos.com.br\/blog\/secont-es-entenda-o-adiamento-da-prova\/#primaryimage"},"thumbnailUrl":"https:\/\/dhg1h5j42swfq.cloudfront.net\/2021\/08\/06133352\/secont-es-1.jpg","datePublished":"2022-05-30T19:53:18+00:00","dateModified":"2022-05-30T20:09:38+00:00","description":"Concurso Secont ES: entenda o adiamento da aplica\u00e7\u00e3o das provas, que estavam previstas para o dia 05 de junho, sob organiza\u00e7\u00e3o do Cebraspe.","breadcrumb":{"@id":"https:\/\/www.estrategiaconcursos.com.br\/blog\/secont-es-entenda-o-adiamento-da-prova\/#breadcrumb"},"inLanguage":"pt-BR","potentialAction":[{"@type":"ReadAction","target":["https:\/\/www.estrategiaconcursos.com.br\/blog\/secont-es-entenda-o-adiamento-da-prova\/"]}]},{"@type":"ImageObject","inLanguage":"pt-BR","@id":"https:\/\/www.estrategiaconcursos.com.br\/blog\/secont-es-entenda-o-adiamento-da-prova\/#primaryimage","url":"https:\/\/dhg1h5j42swfq.cloudfront.net\/2021\/08\/06133352\/secont-es-1.jpg","contentUrl":"https:\/\/dhg1h5j42swfq.cloudfront.net\/2021\/08\/06133352\/secont-es-1.jpg","width":768,"height":432,"caption":"Concurso Secont ES resultado"},{"@type":"BreadcrumbList","@id":"https:\/\/www.estrategiaconcursos.com.br\/blog\/secont-es-entenda-o-adiamento-da-prova\/#breadcrumb","itemListElement":[{"@type":"ListItem","position":1,"name":"In\u00edcio","item":"https:\/\/www.estrategiaconcursos.com.br\/blog\/"},{"@type":"ListItem","position":2,"name":"Concurso Secont ES: entenda o adiamento da prova"}]},{"@type":"WebSite","@id":"https:\/\/www.estrategiaconcursos.com.br\/blog\/#website","url":"https:\/\/www.estrategiaconcursos.com.br\/blog\/","name":"Estrat\u00e9gia Concursos","description":"O blog da Estrat\u00e9gia Concursos traz not\u00edcias sobre concursos e artigos de professores oferecendo cursos para concursos (pdf + videaulas) no site.","publisher":{"@id":"https:\/\/www.estrategiaconcursos.com.br\/blog\/#organization"},"potentialAction":[{"@type":"SearchAction","target":{"@type":"EntryPoint","urlTemplate":"https:\/\/www.estrategiaconcursos.com.br\/blog\/?s={search_term_string}"},"query-input":{"@type":"PropertyValueSpecification","valueRequired":true,"valueName":"search_term_string"}}],"inLanguage":"pt-BR"},{"@type":"Organization","@id":"https:\/\/www.estrategiaconcursos.com.br\/blog\/#organization","name":"Estrat\u00e9gia Concursos","url":"https:\/\/www.estrategiaconcursos.com.br\/blog\/","logo":{"@type":"ImageObject","inLanguage":"pt-BR","@id":"https:\/\/www.estrategiaconcursos.com.br\/blog\/#\/schema\/logo\/image\/","url":"https:\/\/dhg1h5j42swfq.cloudfront.net\/2025\/06\/03203428\/logo_concursos-1.jpg","contentUrl":"https:\/\/dhg1h5j42swfq.cloudfront.net\/2025\/06\/03203428\/logo_concursos-1.jpg","width":230,"height":60,"caption":"Estrat\u00e9gia Concursos"},"image":{"@id":"https:\/\/www.estrategiaconcursos.com.br\/blog\/#\/schema\/logo\/image\/"},"sameAs":["https:\/\/x.com\/EstratConcursos"]},{"@type":"Person","@id":"https:\/\/www.estrategiaconcursos.com.br\/blog\/#\/schema\/person\/8622e35b96c2aef34cb09bed422f6f86","name":"Anissa Golshan","image":{"@type":"ImageObject","inLanguage":"pt-BR","@id":"https:\/\/secure.gravatar.com\/avatar\/?s=96&d=mm&r=g","url":"https:\/\/secure.gravatar.com\/avatar\/?s=96&d=mm&r=g","contentUrl":"https:\/\/secure.gravatar.com\/avatar\/?s=96&d=mm&r=g","caption":"Anissa Golshan"},"url":"https:\/\/www.estrategiaconcursos.com.br\/blog\/author\/anissa-golshan\/"}]}},"_links":{"self":[{"href":"https:\/\/www.estrategiaconcursos.com.br\/blog\/wp-json\/wp\/v2\/posts\/1036250","targetHints":{"allow":["GET"]}}],"collection":[{"href":"https:\/\/www.estrategiaconcursos.com.br\/blog\/wp-json\/wp\/v2\/posts"}],"about":[{"href":"https:\/\/www.estrategiaconcursos.com.br\/blog\/wp-json\/wp\/v2\/types\/post"}],"author":[{"embeddable":true,"href":"https:\/\/www.estrategiaconcursos.com.br\/blog\/wp-json\/wp\/v2\/users\/2279"}],"replies":[{"embeddable":true,"href":"https:\/\/www.estrategiaconcursos.com.br\/blog\/wp-json\/wp\/v2\/comments?post=1036250"}],"version-history":[{"count":10,"href":"https:\/\/www.estrategiaconcursos.com.br\/blog\/wp-json\/wp\/v2\/posts\/1036250\/revisions"}],"predecessor-version":[{"id":1036295,"href":"https:\/\/www.estrategiaconcursos.com.br\/blog\/wp-json\/wp\/v2\/posts\/1036250\/revisions\/1036295"}],"wp:featuredmedia":[{"embeddable":true,"href":"https:\/\/www.estrategiaconcursos.com.br\/blog\/wp-json\/wp\/v2\/media\/830150"}],"wp:attachment":[{"href":"https:\/\/www.estrategiaconcursos.com.br\/blog\/wp-json\/wp\/v2\/media?parent=1036250"}],"wp:term":[{"taxonomy":"category","embeddable":true,"href":"https:\/\/www.estrategiaconcursos.com.br\/blog\/wp-json\/wp\/v2\/categories?post=1036250"},{"taxonomy":"post_tag","embeddable":true,"href":"https:\/\/www.estrategiaconcursos.com.br\/blog\/wp-json\/wp\/v2\/tags?post=1036250"},{"taxonomy":"tax_estado","embeddable":true,"href":"https:\/\/www.estrategiaconcursos.com.br\/blog\/wp-json\/wp\/v2\/tax_estado?post=1036250"}],"curies":[{"name":"wp","href":"https:\/\/api.w.org\/{rel}","templated":true}]}}