{"id":1036033,"date":"2026-04-09T20:29:30","date_gmt":"2026-04-09T23:29:30","guid":{"rendered":"https:\/\/www.estrategiaconcursos.com.br\/blog\/?p=1036033"},"modified":"2026-04-09T20:29:32","modified_gmt":"2026-04-09T23:29:32","slug":"concurso-ses-to","status":"publish","type":"post","link":"https:\/\/www.estrategiaconcursos.com.br\/blog\/concurso-ses-to\/","title":{"rendered":"Concurso SES TO: edital em 2026! Ser\u00e3o 5,1 mil vagas"},"content":{"rendered":"\n<p style=\"font-size:clamp(15.197px, 0.95rem + ((1vw - 3.2px) * 0.765), 23px);\"><strong><em>Novo concurso SES TO ter\u00e1 mais de 5 mil vagas! Sancionada lei que amplia quadro de cargos da Secretaria de Sa\u00fade de Tocantins<\/em><\/strong><\/p>\n\n\n<p><center><a id=\"cta-icon\" href=\"https:\/\/sndflw.com\/i\/ses-to-grupo\" target=\"_blank\" style=\"background:#29a61a; display:inline-flex; align-items:center; padding:10px 15px; border-radius:6px; color:#fff; text-decoration:none; font-weight:500; font-size:15px;\"><img decoding=\"async\" src=\"https:\/\/dhg1h5j42swfq.cloudfront.net\/2023\/12\/07154107\/whatsapp_13851.png\" alt=\"\" style=\"width:20px; height:20px; margin-right:8px;\"><span>Acesse agora o Grupo de Estudos para o Concurso SES TO<\/span><\/a><\/center><\/p>\n\n\n\n<div style=\"height:37px\" aria-hidden=\"true\" class=\"wp-block-spacer\"><\/div>\n\n\n\n<p>O <strong>concurso SES TO<\/strong> (<a href=\"https:\/\/www.estrategiaconcursos.com.br\/blog\/concurso-ses-to\/\" target=\"_blank\" rel=\"noreferrer noopener\">Secretaria de Estado de Sa\u00fade de Tocantins<\/a>) finalmente deve sair do papel! Isso porque a comiss\u00e3o j\u00e1 est\u00e1 formada.<\/p>\n\n\n\n<p>Ap\u00f3s 18 anos, o pr\u00f3ximo certame ser\u00e1 realizado para provimento de <strong>5.124 vagas<\/strong>, distribu\u00eddas entre 31 cargos. Entre as oportunidades, est\u00e3o as \u00e1reas de Enfermagem, Medicina e Fonoaudiologia.<\/p>\n\n\n\n<p>Ademais, o secret\u00e1rio de Administra\u00e7\u00e3o, Paulo Filho, em entrevista exclusiva do Estrat\u00e9gia, trouxe <a href=\"#2026\">detalhes do certame<\/a>.<\/p>\n\n\n\n<p>Recentemente, o <a href=\"https:\/\/www.estrategiaconcursos.com.br\/blog\/concurso-ses-to-sindicato-cobra-edital\/\" target=\"_blank\" rel=\"noreferrer noopener\">Sindicato dos Farmac\u00eauticos (Sindifato) manifestou-se<\/a> refor\u00e7ando que a realiza\u00e7\u00e3o do certame \u00e9 o principal pilar para garantir a continuidade e efici\u00eancia do atendimento \u00e0 popula\u00e7\u00e3o.<\/p>\n\n\n\n<p>Vale lembrar que, em abril de 2025, foi publicada a lei que <strong>que amplia o quadro de cargos da Secretaria de Estado de Sa\u00fade de Tocantins<\/strong> para 15.219 vagas.<\/p>\n\n\n\n<ul class=\"wp-block-list has-very-light-gray-to-cyan-bluish-gray-gradient-background has-background\">\n<li><strong>Concursos SES TO<\/strong><\/li>\n\n\n\n<li><strong style=\"color: initial;\">Status: <\/strong>comiss\u00e3o formada<\/li>\n\n\n\n<li><strong style=\"color: initial;\">Vagas:<\/strong><span style=\"color: initial;\"> 5.124<\/span><\/li>\n\n\n\n<li><strong>Sal\u00e1rios iniciais:<\/strong> R$ 778,75 a R$ 5.681,75<\/li>\n\n\n\n<li><strong>\u00daltimo edital:<\/strong> <a href=\"https:\/\/dhg1h5j42swfq.cloudfront.net\/2022\/05\/30142242\/633651125606446250edital_001_2008.pdf\" target=\"_blank\" rel=\"noreferrer noopener nofollow\">SES TO 2008<\/a><\/li>\n<\/ul>\n\n\n\n<p>Se voc\u00ea quer se preparar para o concurso SES TO, ao longo deste artigo vai conferir as principais informa\u00e7\u00f5es como:<\/p>\n\n\n\n<ul id=\"indice\" class=\"wp-block-list\">\n<li><strong><a href=\"#situacao\">Situa\u00e7\u00e3o atual do concurso<\/a><\/strong>\n<ul class=\"wp-block-list\">\n<li><a href=\"#2026\">Edital em 2026<\/a><\/li>\n\n\n\n<li><a href=\"#comissao\">Comiss\u00e3o formada<\/a><\/li>\n\n\n\n<li><a href=\"#autorizado\">Concurso autorizado<\/a><\/li>\n\n\n\n<li><a href=\"#lei\">Lei amplia cargos<\/a><\/li>\n\n\n\n<li><a href=\"#estudos\">Estudos conclu\u00eddos<\/a><\/li>\n\n\n\n<li><a href=\"#comissao\">Comiss\u00e3o<\/a><\/li>\n\n\n\n<li><a href=\"#principais-datas\">Anunciado<\/a><\/li>\n<\/ul>\n<\/li>\n\n\n\n<li><a href=\"#carreiras\"><strong>Sobre os cargos e carreiras<\/strong><\/a>\n<ul class=\"wp-block-list\">\n<li><a href=\"#cargos\">Cargos e requisitos<\/a><\/li>\n\n\n\n<li><a href=\"#salario\">Sal\u00e1rios<\/a><\/li>\n\n\n\n<li><a href=\"#jornada\">Jornada de trabalho<\/a><\/li>\n<\/ul>\n<\/li>\n\n\n\n<li><strong><span style=\"text-decoration: underline;\"><a href=\"#ultimo-concurso-iades\">\u00daltimo concurso<\/a><\/span><\/strong>\n<ul class=\"wp-block-list\">\n<li><a href=\"#vagas-ultimo\">Cargos e vagas<\/a><\/li>\n\n\n\n<li><a href=\"#etapas-ultimo\">Etapas do concurso<\/a><\/li>\n<\/ul>\n<\/li>\n\n\n\n<li><strong><span style=\"text-decoration: underline;\"><a href=\"#cursos-assinatura\">Cursos e Assinatura<\/a><\/span><\/strong><\/li>\n\n\n\n<li><strong><span style=\"text-decoration: underline;\"><a href=\"#ficha-tecnica\">Ficha t\u00e9cnica<\/a><\/span><\/strong><\/li>\n<\/ul>\n\n\n\n<div class=\"container\" id=\"boxes\">\n  <div class=\"row\">\n\n    <div class=\"col-sm\">\n      <div class=\"banner-residencia-medica\" id=\"box-assinatura\">\n        <h2 class=\"titulo-assinatura\">Concurso SES TO<\/h2>\n        <p class=\"subtitulo-assinatura\">Oportunidade \u00fanica para sua carreira na sa\u00fade<\/p>\n        <div class=\"box-botao\">\n          <a class=\"btn-assinatura\" target=\"_blank\" href=\"https:\/\/www.estrategiaconcursos.com.br\/cursosPorConcurso\/secretaria-de-saude-de-tocantins-ses-to\/\" role=\"button\" rel=\"noopener noreferrer\">VER CURSOS<\/a>\n        <\/div>\n      <\/div>\n    \n\n  <\/div>\n<\/div><\/div>\n\n\n\n<h2 class=\"wp-block-heading\" id=\"h-concurso-ses-to-situacao-atual\">Concurso SES TO: situa\u00e7\u00e3o atual<\/h2>\n\n\n\n<h3 class=\"wp-block-heading\" id=\"h-edital-em-2026\">Edital em 2026<\/h3>\n\n\n\n<p>Em entrevista exclusiva ao Estrat\u00e9gia, o secret\u00e1rio de Administra\u00e7\u00e3o Paulo Filho, trouxe detalhes do novo certame.<\/p>\n\n\n\n<p>De acordo com o secret\u00e1rio, j\u00e1 foram <strong>autorizadas 5.124 vagas para o certame, contemplando cargos de n\u00edveis m\u00e9dio, t\u00e9cnico e superior na \u00e1rea da sa\u00fade.<\/strong><\/p>\n\n\n\n<p>Atualmente, o concurso encontra-se em fase de cota\u00e7\u00e3o da banca organizadora. A expectativa \u00e9 de que <strong>o edital seja publicado e as provas aplicadas ao longo de 2026.<\/strong><\/p>\n\n\n<figure class=\"wp-block-embed-youtube wp-block-embed is-type-video is-provider-youtube wp-embed-aspect-16-9 wp-has-aspect-ratio\"><div class=\"lyte-wrapper\" style=\"width:853px;max-width:100%;margin:5px;\"><div class=\"lyMe\" id=\"WYL_6p-ZBHQ0w7M\"><div id=\"lyte_6p-ZBHQ0w7M\" data-src=\"\/\/i.ytimg.com\/vi\/6p-ZBHQ0w7M\/hqdefault.jpg\" class=\"pL\"><div class=\"tC\"><div class=\"tT\"><\/div><\/div><div class=\"play\"><\/div><div class=\"ctrl\"><div class=\"Lctrl\"><\/div><div class=\"Rctrl\"><\/div><\/div><\/div><noscript><a href=\"https:\/\/youtu.be\/6p-ZBHQ0w7M\" rel=\"nofollow\"><img loading=\"lazy\" decoding=\"async\" src=\"https:\/\/i.ytimg.com\/vi\/6p-ZBHQ0w7M\/0.jpg\" alt=\"YouTube video thumbnail\" width=\"853\" height=\"460\" \/><br \/>Assista a este v\u00eddeo no YouTube<\/a><\/noscript><\/div><\/div><div class=\"lL\" style=\"max-width:100%;width:853px;margin:5px;\"><\/div><figcaption><\/figcaption><\/figure>\n\n\n<p>As 5.124 vagas autorizadas ser\u00e3o distribu\u00eddas entre diversos cargos, conforme detalhado abaixo:<\/p>\n\n\n\n<ul class=\"wp-block-list\">\n<li>Administrador Hospitalar: 17<\/li>\n\n\n\n<li>Analista de Controle de Zoonoses: 7<\/li>\n\n\n\n<li>Assistente de Servi\u00e7os de Sa\u00fade: 250<\/li>\n\n\n\n<li>Assistente Social: 180<\/li>\n\n\n\n<li>Auditor em Sa\u00fade: 4<\/li>\n\n\n\n<li>Bi\u00f3logo em Sa\u00fade: 12<\/li>\n\n\n\n<li>Biom\u00e9dico: 12<\/li>\n\n\n\n<li>Enfermeiro: 950<\/li>\n\n\n\n<li>Enfermeiro Obstetra: 80<\/li>\n\n\n\n<li>Engenheiro Cl\u00ednico: 1<\/li>\n\n\n\n<li>Executivo em Sa\u00fade: 17<\/li>\n\n\n\n<li>Farmac\u00eautico: 65<\/li>\n\n\n\n<li>F\u00edsico: 3<\/li>\n\n\n\n<li>Fisioterapeuta: 95<\/li>\n\n\n\n<li>Fonoaudi\u00f3logo: 80<\/li>\n\n\n\n<li>Gestor de Sa\u00fade: 7<\/li>\n\n\n\n<li>Inspetor em Vigil\u00e2ncia Sanit\u00e1ria: 16<\/li>\n\n\n\n<li>Instrutor Cir\u00fargico: 150<\/li>\n\n\n\n<li>M\u00e9dico: 280<\/li>\n\n\n\n<li>M\u00e9dico (com RQE): 593<\/li>\n\n\n\n<li>Nutricionista: 63<\/li>\n\n\n\n<li>Perfusionista: 8<\/li>\n\n\n\n<li>Pesquisador Docente em Sa\u00fade: 8<\/li>\n\n\n\n<li>Psic\u00f3logo: 95<\/li>\n\n\n\n<li>T\u00e9cnico em Enfermagem: 1.895<\/li>\n\n\n\n<li>T\u00e9cnico em Mobiliza\u00e7\u00e3o Ortop\u00e9dica: 70<\/li>\n\n\n\n<li>T\u00e9cnico em Laborat\u00f3rio: 24<\/li>\n\n\n\n<li>T\u00e9cnico em Radiologia: 100<\/li>\n\n\n\n<li>T\u00e9cnico em Sa\u00fade Bucal: 12<\/li>\n\n\n\n<li>Terapeuta Ocupacional: 25<\/li>\n\n\n\n<li>Tecn\u00f3logo: 5<\/li>\n<\/ul>\n\n\n\n<h3 class=\"wp-block-heading\" id=\"comissao\">Comiss\u00e3o formada<\/h3>\n\n\n\n<p>Foi oficialmente institu\u00edda a comiss\u00e3o respons\u00e1vel pelas atividades do pr\u00f3ximo concurso SES TO.<\/p>\n\n\n\n<p>Conv\u00e9m lembrar que, em 2022, uma comiss\u00e3o chegou a ser formada com o escopo de analisar a viabilidade do certame.<\/p>\n\n\n\n<figure class=\"wp-block-image aligncenter size-full\"><img loading=\"lazy\" decoding=\"async\" width=\"446\" height=\"816\" src=\"https:\/\/dhg1h5j42swfq.cloudfront.net\/2026\/02\/02230405\/screenshot-2026-02-02-at-23-00-40-diariooficial-pdf.png\" alt=\"Concurso SES TO tem comiss\u00e3o formada\" class=\"wp-image-1709266\" srcset=\"https:\/\/dhg1h5j42swfq.cloudfront.net\/2026\/02\/02230405\/screenshot-2026-02-02-at-23-00-40-diariooficial-pdf.png 446w, https:\/\/dhg1h5j42swfq.cloudfront.net\/2026\/02\/02230405\/screenshot-2026-02-02-at-23-00-40-diariooficial-pdf-164x300.png 164w, https:\/\/dhg1h5j42swfq.cloudfront.net\/2026\/02\/02230405\/screenshot-2026-02-02-at-23-00-40-diariooficial-pdf-150x274.png 150w\" sizes=\"auto, (max-width: 446px) 100vw, 446px\" \/><figcaption class=\"wp-element-caption\">Concurso SES TO tem comiss\u00e3o formada<\/figcaption><\/figure>\n\n\n\n<h3 class=\"wp-block-heading\" id=\"autorizado\">Edital autorizado<\/h3>\n\n\n\n<p>Foi autorizada a realiza\u00e7\u00e3o do novo concurso p\u00fablico para a SES TO. A informa\u00e7\u00e3o foi divulgada pelo pr\u00f3prio Wanderlei em suas redes sociais. <\/p>\n\n\n\n<blockquote class=\"instagram-media\" data-instgrm-captioned data-instgrm-permalink=\"https:\/\/www.instagram.com\/reel\/DUJnOOikW0G\/?utm_source=ig_embed&amp;utm_campaign=loading\" data-instgrm-version=\"14\" style=\" background:#FFF; border:0; border-radius:3px; box-shadow:0 0 1px 0 rgba(0,0,0,0.5),0 1px 10px 0 rgba(0,0,0,0.15); margin: 1px; max-width:540px; min-width:326px; padding:0; width:99.375%; width:-webkit-calc(100% - 2px); width:calc(100% - 2px);\"><div style=\"padding:16px;\"> <a href=\"https:\/\/www.instagram.com\/reel\/DUJnOOikW0G\/?utm_source=ig_embed&amp;utm_campaign=loading\" style=\" background:#FFFFFF; line-height:0; padding:0 0; text-align:center; text-decoration:none; width:100%;\" target=\"_blank\"> <div style=\" display: flex; flex-direction: row; align-items: center;\"> <div style=\"background-color: #F4F4F4; border-radius: 50%; flex-grow: 0; height: 40px; margin-right: 14px; width: 40px;\"><\/div> <div style=\"display: flex; flex-direction: column; flex-grow: 1; justify-content: center;\"> <div style=\" background-color: #F4F4F4; border-radius: 4px; flex-grow: 0; height: 14px; margin-bottom: 6px; width: 100px;\"><\/div> <div style=\" background-color: #F4F4F4; border-radius: 4px; flex-grow: 0; height: 14px; width: 60px;\"><\/div><\/div><\/div><div style=\"padding: 19% 0;\"><\/div> <div style=\"display:block; height:50px; margin:0 auto 12px; width:50px;\"><svg width=\"50px\" height=\"50px\" viewBox=\"0 0 60 60\" version=\"1.1\" xmlns=\"https:\/\/www.w3.org\/2000\/svg\" xmlns:xlink=\"https:\/\/www.w3.org\/1999\/xlink\"><g stroke=\"none\" stroke-width=\"1\" fill=\"none\" fill-rule=\"evenodd\"><\/g><g transform=\"translate(-511.000000, -20.000000)\" fill=\"#000000\"><\/g><g><path d=\"M556.869,30.41 C554.814,30.41 553.148,32.076 553.148,34.131 C553.148,36.186 554.814,37.852 556.869,37.852 C558.924,37.852 560.59,36.186 560.59,34.131 C560.59,32.076 558.924,30.41 556.869,30.41 M541,60.657 C535.114,60.657 530.342,55.887 530.342,50 C530.342,44.114 535.114,39.342 541,39.342 C546.887,39.342 551.658,44.114 551.658,50 C551.658,55.887 546.887,60.657 541,60.657 M541,33.886 C532.1,33.886 524.886,41.1 524.886,50 C524.886,58.899 532.1,66.113 541,66.113 C549.9,66.113 557.115,58.899 557.115,50 C557.115,41.1 549.9,33.886 541,33.886 M565.378,62.101 C565.244,65.022 564.756,66.606 564.346,67.663 C563.803,69.06 563.154,70.057 562.106,71.106 C561.058,72.155 560.06,72.803 558.662,73.347 C557.607,73.757 556.021,74.244 553.102,74.378 C549.944,74.521 548.997,74.552 541,74.552 C533.003,74.552 532.056,74.521 528.898,74.378 C525.979,74.244 524.393,73.757 523.338,73.347 C521.94,72.803 520.942,72.155 519.894,71.106 C518.846,70.057 518.197,69.06 517.654,67.663 C517.244,66.606 516.755,65.022 516.623,62.101 C516.479,58.943 516.448,57.996 516.448,50 C516.448,42.003 516.479,41.056 516.623,37.899 C516.755,34.978 517.244,33.391 517.654,32.338 C518.197,30.938 518.846,29.942 519.894,28.894 C520.942,27.846 521.94,27.196 523.338,26.654 C524.393,26.244 525.979,25.756 528.898,25.623 C532.057,25.479 533.004,25.448 541,25.448 C548.997,25.448 549.943,25.479 553.102,25.623 C556.021,25.756 557.607,26.244 558.662,26.654 C560.06,27.196 561.058,27.846 562.106,28.894 C563.154,29.942 563.803,30.938 564.346,32.338 C564.756,33.391 565.244,34.978 565.378,37.899 C565.522,41.056 565.552,42.003 565.552,50 C565.552,57.996 565.522,58.943 565.378,62.101 M570.82,37.631 C570.674,34.438 570.167,32.258 569.425,30.349 C568.659,28.377 567.633,26.702 565.965,25.035 C564.297,23.368 562.623,22.342 560.652,21.575 C558.743,20.834 556.562,20.326 553.369,20.18 C550.169,20.033 549.148,20 541,20 C532.853,20 531.831,20.033 528.631,20.18 C525.438,20.326 523.257,20.834 521.349,21.575 C519.376,22.342 517.703,23.368 516.035,25.035 C514.368,26.702 513.342,28.377 512.574,30.349 C511.834,32.258 511.326,34.438 511.181,37.631 C511.035,40.831 511,41.851 511,50 C511,58.147 511.035,59.17 511.181,62.369 C511.326,65.562 511.834,67.743 512.574,69.651 C513.342,71.625 514.368,73.296 516.035,74.965 C517.703,76.634 519.376,77.658 521.349,78.425 C523.257,79.167 525.438,79.673 528.631,79.82 C531.831,79.965 532.853,80.001 541,80.001 C549.148,80.001 550.169,79.965 553.369,79.82 C556.562,79.673 558.743,79.167 560.652,78.425 C562.623,77.658 564.297,76.634 565.965,74.965 C567.633,73.296 568.659,71.625 569.425,69.651 C570.167,67.743 570.674,65.562 570.82,62.369 C570.966,59.17 571,58.147 571,50 C571,41.851 570.966,40.831 570.82,37.631\"><\/path><\/g><\/svg><\/div><div style=\"padding-top: 8px;\"> <div style=\" color:#3897f0; font-family:Arial,sans-serif; font-size:14px; font-style:normal; font-weight:550; line-height:18px;\">Ver essa foto no Instagram<\/div><\/div><div style=\"padding: 12.5% 0;\"><\/div> <div style=\"display: flex; flex-direction: row; margin-bottom: 14px; align-items: center;\"><div> <div style=\"background-color: #F4F4F4; border-radius: 50%; height: 12.5px; width: 12.5px; transform: translateX(0px) translateY(7px);\"><\/div> <div style=\"background-color: #F4F4F4; height: 12.5px; transform: rotate(-45deg) translateX(3px) translateY(1px); width: 12.5px; flex-grow: 0; margin-right: 14px; margin-left: 2px;\"><\/div> <div style=\"background-color: #F4F4F4; border-radius: 50%; height: 12.5px; width: 12.5px; transform: translateX(9px) translateY(-18px);\"><\/div><\/div><div style=\"margin-left: 8px;\"> <div style=\" background-color: #F4F4F4; border-radius: 50%; flex-grow: 0; height: 20px; width: 20px;\"><\/div> <div style=\" width: 0; height: 0; border-top: 2px solid transparent; border-left: 6px solid #f4f4f4; border-bottom: 2px solid transparent; transform: translateX(16px) translateY(-4px) rotate(30deg)\"><\/div><\/div><div style=\"margin-left: auto;\"> <div style=\" width: 0px; border-top: 8px solid #F4F4F4; border-right: 8px solid transparent; transform: translateY(16px);\"><\/div> <div style=\" background-color: #F4F4F4; flex-grow: 0; height: 12px; width: 16px; transform: translateY(-4px);\"><\/div> <div style=\" width: 0; height: 0; border-top: 8px solid #F4F4F4; border-left: 8px solid transparent; transform: translateY(-4px) translateX(8px);\"><\/div><\/div><\/div> <div style=\"display: flex; flex-direction: column; flex-grow: 1; justify-content: center; margin-bottom: 24px;\"> <div style=\" background-color: #F4F4F4; border-radius: 4px; flex-grow: 0; height: 14px; margin-bottom: 6px; width: 224px;\"><\/div> <div style=\" background-color: #F4F4F4; border-radius: 4px; flex-grow: 0; height: 14px; width: 144px;\"><\/div><\/div><\/a><p style=\" color:#c9c8cd; font-family:Arial,sans-serif; font-size:14px; line-height:17px; margin-bottom:0; margin-top:8px; overflow:hidden; padding:8px 0 7px; text-align:center; text-overflow:ellipsis; white-space:nowrap;\"><a href=\"https:\/\/www.instagram.com\/reel\/DUJnOOikW0G\/?utm_source=ig_embed&amp;utm_campaign=loading\" style=\" color:#c9c8cd; font-family:Arial,sans-serif; font-size:14px; font-style:normal; font-weight:normal; line-height:17px; text-decoration:none;\" target=\"_blank\">Um post compartilhado por Wanderlei Barbosa (@wanderlei__barbosa)<\/a><\/p><\/div><\/blockquote>\n<script async src=\"\/\/www.instagram.com\/embed.js\"><\/script>\n\n\n\n<h3 class=\"wp-block-heading\" id=\"lei\">Lei amplia cargos<\/h3>\n\n\n\n<p>Foi publicada, em 11 de abril de 2025, a lei que amplia o quadro de cargos da Secretaria de Estado de Sa\u00fade de Tocantins.<\/p>\n\n\n\n<p><em>\u201cEste \u00e9 um importante passo para prosseguirmos com a realiza\u00e7\u00e3o do concurso do quadro da Sa\u00fade, que \u00e9 um anseio da popula\u00e7\u00e3o e uma necessidade da gest\u00e3o, dada a demanda existente. As altera\u00e7\u00f5es s\u00e3o fundamentadas em estudos t\u00e9cnicos realizados pelas equipes da Sa\u00fade e da Administra\u00e7\u00e3o\u201d, <\/em>declarou o governador Wanderlei Barbosa.<\/p>\n\n\n\n<p>O governo sancionou a Lei n\u00ba 4.652, que altera a Lei n\u00ba 2.670\/12, respons\u00e1vel pelo PCCR do Quadro da Sa\u00fade do Poder Executivo. Com isso, fica ampliado de 10.229 para 15.219 vagas e cria tr\u00eas novos cargos: M\u00e9dico com RQE, Enfermeiro Obstetra e Perfusionista, totalizando 34 categorias profissionais.<\/p>\n\n\n\n<p>Al\u00e9m disso, o secret\u00e1rio de Estado da Administra\u00e7\u00e3o, Paulo C\u00e9sar Benfica, afirmou que com a publica\u00e7\u00e3o da nova lei, a contrata\u00e7\u00e3o da banca deve ocorrer em breve e a comiss\u00e3o ratificar\u00e1 o quantitativo do novo edital.<\/p>\n\n\n\n<p><em>&#8220;Com a publica\u00e7\u00e3o da Lei, a comiss\u00e3o organizadora do concurso vai ratificar o quantitativo de vagas, em observ\u00e2ncia \u00e0s necessidades da SES\/TO e lan\u00e7ar o edital, para contrata\u00e7\u00e3o da banca que far\u00e1 certame\u201d, <\/em>acrescentou o secret\u00e1rio de Estado da Administra\u00e7\u00e3o, Paulo C\u00e9sar Benfica.<\/p>\n\n\n\n<h3 class=\"wp-block-heading\" id=\"estudos\">Estudos conclu\u00eddos<\/h3>\n\n\n\n<p>A comiss\u00e3o organizadora do <strong>concurso SES TO<\/strong> j\u00e1 <strong>concluiu os estudos t\u00e9cnicos <\/strong>para realiza\u00e7\u00e3o do novo edital.<\/p>\n\n\n\n<p>O grupo, composto por membros da Sa\u00fade e da Administra\u00e7\u00e3o de Tocantins, encaminhou uma solicita\u00e7\u00e3o de altera\u00e7\u00e3o na Lei n\u00b0 2.670\/2012, que trata do Plano de Cargos, Carreiras e Remunera\u00e7\u00e3o.<\/p>\n\n\n\n<p><em>\u201cAp\u00f3s os estudos t\u00e9cnicos, foi observada a necessidade de altera\u00e7\u00e3o na Lei n\u00ba 2.670 de 2012, que depende de aprova\u00e7\u00e3o na Assembleia Legislativa e, por isso, encaminhamos o projeto para a Casa Civil, que aguarda o fim do recesso parlamentar para as devidas provid\u00eancias\u201d,<\/em> afirmou o secret\u00e1rio da Secad, Paulo Benfica.<\/p>\n\n\n\n<p>Lembrando que, em contato com o \u00f3rg\u00e3o, fomos informados que a comiss\u00e3o j\u00e1 trabalhava na conclus\u00e3o dos estudos do novo edital. Veja abaixo:<\/p>\n\n\n\n<figure class=\"wp-block-image aligncenter size-full is-style-default\"><img loading=\"lazy\" decoding=\"async\" width=\"583\" height=\"249\" src=\"https:\/\/dhg1h5j42swfq.cloudfront.net\/2023\/04\/11163229\/image-78.png\" alt=\"Nota da SES TO sobre o andamento do concurso\" class=\"wp-image-1200204\" srcset=\"https:\/\/dhg1h5j42swfq.cloudfront.net\/2023\/04\/11163229\/image-78.png 583w, https:\/\/dhg1h5j42swfq.cloudfront.net\/2023\/04\/11163229\/image-78-300x128.png 300w, https:\/\/dhg1h5j42swfq.cloudfront.net\/2023\/04\/11163229\/image-78-150x64.png 150w\" sizes=\"auto, (max-width: 583px) 100vw, 583px\" \/><figcaption class=\"wp-element-caption\">Nota da SES TO sobre o andamento do concurso<\/figcaption><\/figure>\n\n\n\n<h3 class=\"wp-block-heading\" id=\"comissao\">Comiss\u00e3o para viabilidade do concurso<\/h3>\n\n\n\n<p>Em maio de 2022, foi formada a comiss\u00e3o respons\u00e1vel pela an\u00e1lise de viabilidade do concurso p\u00fablico de provas e t\u00edtulos par o provimento dos Cargos, Carreiras e Remunera\u00e7\u00e3o do Quadro da Sa\u00fade.<\/p>\n\n\n\n<figure class=\"wp-block-image aligncenter size-full\"><img loading=\"lazy\" decoding=\"async\" width=\"711\" height=\"703\" src=\"https:\/\/dhg1h5j42swfq.cloudfront.net\/2022\/05\/31083626\/image-415.png\" alt=\"Comiss\u00e3o do concurso SES TO\" class=\"wp-image-1036557\" srcset=\"https:\/\/dhg1h5j42swfq.cloudfront.net\/2022\/05\/31083626\/image-415.png 711w, https:\/\/dhg1h5j42swfq.cloudfront.net\/2022\/05\/31083626\/image-415-300x297.png 300w, https:\/\/dhg1h5j42swfq.cloudfront.net\/2022\/05\/31083626\/image-415-610x603.png 610w\" sizes=\"auto, (max-width: 711px) 100vw, 711px\" \/><figcaption class=\"wp-element-caption\">Comiss\u00e3o do concurso SES TO<\/figcaption><\/figure>\n\n\n\n<ul class=\"wp-block-list\">\n<li><a href=\"https:\/\/dhg1h5j42swfq.cloudfront.net\/2022\/05\/31083631\/comissao_ses_to_2022-14.pdf\" target=\"_blank\" rel=\"noreferrer noopener nofollow\">Comiss\u00e3o Formada<\/a><\/li>\n<\/ul>\n\n\n\n<h3 class=\"wp-block-heading\" id=\"anunciado\">Concurso SES TO anunciado<\/h3>\n\n\n\n<p>Em maio de 2022, o governo de Tocantins anunciou, atrav\u00e9s das redes sociais, a realiza\u00e7\u00e3o do pr\u00f3ximo concurso da Secretaria de Sa\u00fade do Estado.<\/p>\n\n\n\n<figure class=\"wp-block-image aligncenter size-full\"><img loading=\"lazy\" decoding=\"async\" width=\"601\" height=\"758\" src=\"https:\/\/dhg1h5j42swfq.cloudfront.net\/2022\/05\/30133858\/image-401.png\" alt=\"Pr\u00f3ximo concurso SES TO \u00e9 anunciado\" class=\"wp-image-1036041\" srcset=\"https:\/\/dhg1h5j42swfq.cloudfront.net\/2022\/05\/30133858\/image-401.png 601w, https:\/\/dhg1h5j42swfq.cloudfront.net\/2022\/05\/30133858\/image-401-238x300.png 238w\" sizes=\"auto, (max-width: 601px) 100vw, 601px\" \/><figcaption class=\"wp-element-caption\">Pr\u00f3ximo concurso SES TO \u00e9 anunciado<\/figcaption><\/figure>\n\n\n\n<h2 class=\"wp-block-heading\" id=\"carreiras\">Concurso SES TO: sobre os cargos e carreiras<\/h2>\n\n\n\n<h3 class=\"wp-block-heading\" id=\"cargos\">Cargos e requisitos<\/h3>\n\n\n\n<ul class=\"wp-block-list\">\n<li><strong>N\u00edvel superior:<\/strong>\n<ul class=\"wp-block-list\">\n<li>Analista em Controle de Zoonoses<\/li>\n\n\n\n<li>Assistente Social<\/li>\n\n\n\n<li>Bi\u00f3logo em Sa\u00fade<\/li>\n\n\n\n<li>Biom\u00e9dico<\/li>\n\n\n\n<li>Enfermeiro<\/li>\n\n\n\n<li>Farmac\u00eautico<\/li>\n\n\n\n<li>Farmac\u00eautico-Bioqu\u00edmico<\/li>\n\n\n\n<li>Fonoaudi\u00f3logo<\/li>\n\n\n\n<li>Nutricionista<\/li>\n\n\n\n<li>Psic\u00f3logo<\/li>\n\n\n\n<li>Tecn\u00f3logo<\/li>\n\n\n\n<li>Gestor em Sa\u00fade<\/li>\n\n\n\n<li>Administrador Hospitalar<\/li>\n\n\n\n<li>Auditor em Sa\u00fade<\/li>\n\n\n\n<li>Engenheiro Cl\u00ednico<\/li>\n\n\n\n<li>Executivo em Sa\u00fade<\/li>\n\n\n\n<li>Inspetor em Vigil\u00e2ncia Sanit\u00e1ria<\/li>\n\n\n\n<li>Pesquisador Docente em Sa\u00fade P\u00fablica<\/li>\n\n\n\n<li>Cirurgi\u00e3o-Dentista<\/li>\n\n\n\n<li>F\u00edsico<\/li>\n\n\n\n<li>M\u00e9dico<\/li>\n\n\n\n<li>Fisioterapeuta<\/li>\n\n\n\n<li>Terapeuta Ocupacional<\/li>\n<\/ul>\n<\/li>\n<\/ul>\n\n\n\n<ul class=\"wp-block-list\">\n<li><strong>N\u00edvel<\/strong> <strong>m\u00e9dio:<\/strong>\n\n\n\n\n\n\n\n\n\n\n\n\n\n\n\n\n\n\n\n\n\n\n\n\n\n\n\n\n<ul class=\"wp-block-list\">\n<li>Assistente de Servi\u00e7os de Sa\u00fade <\/li>\n\n\n\n<li>Instrumentador Cir\u00fargico<\/li>\n<\/ul>\n\n\n\n<ul class=\"wp-block-list\">\n<li>T\u00e9cnico em Enfermagem<\/li>\n\n\n\n<li>T\u00e9cnico em Imobiliza\u00e7\u00e3o Ortop\u00e9dica<\/li>\n\n\n\n<li>T\u00e9cnico em Laborat\u00f3rio<\/li>\n\n\n\n<li>T\u00e9cnico em Radiologia<\/li>\n\n\n\n<li>T\u00e9cnico de Sa\u00fade Bucal<\/li>\n<\/ul>\n<\/li>\n<\/ul>\n\n\n\n<ul class=\"wp-block-list\">\n<li><strong>N\u00edvel<\/strong> <strong>fundamental:<\/strong>\n<ul class=\"wp-block-list\">\n<li>Auxiliar de Servi\u00e7os de Sa\u00fade<\/li>\n<\/ul>\n<\/li>\n<\/ul>\n\n\n\n<h3 class=\"wp-block-heading\" id=\"salario\">Sal\u00e1rios dos cargos da SES TO<\/h3>\n\n\n\n<ul class=\"wp-block-list\">\n<li><strong>N\u00edvel superior<\/strong><\/li>\n<\/ul>\n\n\n\n<figure class=\"wp-block-image aligncenter size-full\"><img loading=\"lazy\" decoding=\"async\" width=\"828\" height=\"260\" src=\"https:\/\/dhg1h5j42swfq.cloudfront.net\/2023\/04\/11164930\/image-79.png\" alt=\"Tabela salarial de n\u00edvel superior SES TO\" class=\"wp-image-1200223\" srcset=\"https:\/\/dhg1h5j42swfq.cloudfront.net\/2023\/04\/11164930\/image-79.png 828w, https:\/\/dhg1h5j42swfq.cloudfront.net\/2023\/04\/11164930\/image-79-300x94.png 300w, https:\/\/dhg1h5j42swfq.cloudfront.net\/2023\/04\/11164930\/image-79-768x241.png 768w, https:\/\/dhg1h5j42swfq.cloudfront.net\/2023\/04\/11164930\/image-79-610x192.png 610w, https:\/\/dhg1h5j42swfq.cloudfront.net\/2023\/04\/11164930\/image-79-150x47.png 150w\" sizes=\"auto, (max-width: 828px) 100vw, 828px\" \/><figcaption class=\"wp-element-caption\">Tabela salarial de n\u00edvel superior SES TO<\/figcaption><\/figure>\n\n\n\n<ul class=\"wp-block-list\">\n<li><strong>Cirurgi\u00e3o-Dentista (valor hora)<\/strong><\/li>\n<\/ul>\n\n\n\n<figure class=\"wp-block-image aligncenter size-full\"><img loading=\"lazy\" decoding=\"async\" width=\"823\" height=\"271\" src=\"https:\/\/dhg1h5j42swfq.cloudfront.net\/2023\/04\/11164941\/image-80.png\" alt=\"Tabela salarial de n\u00edvel superior SES TO\" class=\"wp-image-1200224\" srcset=\"https:\/\/dhg1h5j42swfq.cloudfront.net\/2023\/04\/11164941\/image-80.png 823w, https:\/\/dhg1h5j42swfq.cloudfront.net\/2023\/04\/11164941\/image-80-300x99.png 300w, https:\/\/dhg1h5j42swfq.cloudfront.net\/2023\/04\/11164941\/image-80-768x253.png 768w, https:\/\/dhg1h5j42swfq.cloudfront.net\/2023\/04\/11164941\/image-80-610x201.png 610w, https:\/\/dhg1h5j42swfq.cloudfront.net\/2023\/04\/11164941\/image-80-150x49.png 150w\" sizes=\"auto, (max-width: 823px) 100vw, 823px\" \/><figcaption class=\"wp-element-caption\">Tabela salarial de n\u00edvel superior SES TO<\/figcaption><\/figure>\n\n\n\n<ul class=\"wp-block-list\">\n<li><strong>M\u00e9dico (valor hora)<\/strong><\/li>\n<\/ul>\n\n\n\n<figure class=\"wp-block-image aligncenter size-full\"><img loading=\"lazy\" decoding=\"async\" width=\"826\" height=\"272\" src=\"https:\/\/dhg1h5j42swfq.cloudfront.net\/2023\/04\/11165003\/image-81.png\" alt=\"Tabela salarial de n\u00edvel superior SES TO\" class=\"wp-image-1200225\" srcset=\"https:\/\/dhg1h5j42swfq.cloudfront.net\/2023\/04\/11165003\/image-81.png 826w, https:\/\/dhg1h5j42swfq.cloudfront.net\/2023\/04\/11165003\/image-81-300x99.png 300w, https:\/\/dhg1h5j42swfq.cloudfront.net\/2023\/04\/11165003\/image-81-768x253.png 768w, https:\/\/dhg1h5j42swfq.cloudfront.net\/2023\/04\/11165003\/image-81-610x201.png 610w, https:\/\/dhg1h5j42swfq.cloudfront.net\/2023\/04\/11165003\/image-81-150x49.png 150w\" sizes=\"auto, (max-width: 826px) 100vw, 826px\" \/><figcaption class=\"wp-element-caption\">Tabela salarial de n\u00edvel superior SES TO<\/figcaption><\/figure>\n\n\n\n<ul class=\"wp-block-list\">\n<li><strong>Fisioterapeuta e Terapeuta Ocupacional (valor hora)<\/strong><\/li>\n<\/ul>\n\n\n\n<figure class=\"wp-block-image aligncenter size-full\"><img loading=\"lazy\" decoding=\"async\" width=\"828\" height=\"274\" src=\"https:\/\/dhg1h5j42swfq.cloudfront.net\/2023\/04\/11165020\/image-82.png\" alt=\"Tabela salarial de n\u00edvel superior SES TO\" class=\"wp-image-1200226\" srcset=\"https:\/\/dhg1h5j42swfq.cloudfront.net\/2023\/04\/11165020\/image-82.png 828w, https:\/\/dhg1h5j42swfq.cloudfront.net\/2023\/04\/11165020\/image-82-300x99.png 300w, https:\/\/dhg1h5j42swfq.cloudfront.net\/2023\/04\/11165020\/image-82-768x254.png 768w, https:\/\/dhg1h5j42swfq.cloudfront.net\/2023\/04\/11165020\/image-82-610x202.png 610w, https:\/\/dhg1h5j42swfq.cloudfront.net\/2023\/04\/11165020\/image-82-150x50.png 150w\" sizes=\"auto, (max-width: 828px) 100vw, 828px\" \/><figcaption class=\"wp-element-caption\">Tabela salarial de n\u00edvel superior SES TO<\/figcaption><\/figure>\n\n\n\n<ul class=\"wp-block-list\">\n<li><strong>Inspe\u00e7\u00e3o e Especialista da Sa\u00fade<\/strong><\/li>\n<\/ul>\n\n\n\n<figure class=\"wp-block-image aligncenter size-full\"><img loading=\"lazy\" decoding=\"async\" width=\"829\" height=\"260\" src=\"https:\/\/dhg1h5j42swfq.cloudfront.net\/2023\/04\/11165030\/image-83.png\" alt=\"Tabela salarial de n\u00edvel superior SES TO\" class=\"wp-image-1200227\" srcset=\"https:\/\/dhg1h5j42swfq.cloudfront.net\/2023\/04\/11165030\/image-83.png 829w, https:\/\/dhg1h5j42swfq.cloudfront.net\/2023\/04\/11165030\/image-83-300x94.png 300w, https:\/\/dhg1h5j42swfq.cloudfront.net\/2023\/04\/11165030\/image-83-768x241.png 768w, https:\/\/dhg1h5j42swfq.cloudfront.net\/2023\/04\/11165030\/image-83-610x191.png 610w, https:\/\/dhg1h5j42swfq.cloudfront.net\/2023\/04\/11165030\/image-83-150x47.png 150w\" sizes=\"auto, (max-width: 829px) 100vw, 829px\" \/><figcaption class=\"wp-element-caption\">Tabela salarial de n\u00edvel superior SES TO<\/figcaption><\/figure>\n\n\n\n<ul class=\"wp-block-list\">\n<li><strong>Estrat\u00e9gico da Sa\u00fade<\/strong><\/li>\n<\/ul>\n\n\n\n<figure class=\"wp-block-image aligncenter size-full\"><img loading=\"lazy\" decoding=\"async\" width=\"827\" height=\"260\" src=\"https:\/\/dhg1h5j42swfq.cloudfront.net\/2023\/04\/11165042\/image-84.png\" alt=\"Tabela salarial de n\u00edvel superior SES TO\" class=\"wp-image-1200228\" srcset=\"https:\/\/dhg1h5j42swfq.cloudfront.net\/2023\/04\/11165042\/image-84.png 827w, https:\/\/dhg1h5j42swfq.cloudfront.net\/2023\/04\/11165042\/image-84-300x94.png 300w, https:\/\/dhg1h5j42swfq.cloudfront.net\/2023\/04\/11165042\/image-84-768x241.png 768w, https:\/\/dhg1h5j42swfq.cloudfront.net\/2023\/04\/11165042\/image-84-610x192.png 610w, https:\/\/dhg1h5j42swfq.cloudfront.net\/2023\/04\/11165042\/image-84-150x47.png 150w\" sizes=\"auto, (max-width: 827px) 100vw, 827px\" \/><figcaption class=\"wp-element-caption\">Tabela salarial de n\u00edvel superior SES TO<\/figcaption><\/figure>\n\n\n\n<ul class=\"wp-block-list\">\n<li><strong>F\u00edsico (valor hora)<\/strong><\/li>\n<\/ul>\n\n\n\n<figure class=\"wp-block-image aligncenter size-full\"><img loading=\"lazy\" decoding=\"async\" width=\"825\" height=\"273\" src=\"https:\/\/dhg1h5j42swfq.cloudfront.net\/2023\/04\/11165058\/image-85.png\" alt=\"Tabela salarial de n\u00edvel superior \" class=\"wp-image-1200229\" srcset=\"https:\/\/dhg1h5j42swfq.cloudfront.net\/2023\/04\/11165058\/image-85.png 825w, https:\/\/dhg1h5j42swfq.cloudfront.net\/2023\/04\/11165058\/image-85-300x99.png 300w, https:\/\/dhg1h5j42swfq.cloudfront.net\/2023\/04\/11165058\/image-85-768x254.png 768w, https:\/\/dhg1h5j42swfq.cloudfront.net\/2023\/04\/11165058\/image-85-610x202.png 610w, https:\/\/dhg1h5j42swfq.cloudfront.net\/2023\/04\/11165058\/image-85-150x50.png 150w\" sizes=\"auto, (max-width: 825px) 100vw, 825px\" \/><figcaption class=\"wp-element-caption\">Tabela salarial de n\u00edvel superior SES TO<\/figcaption><\/figure>\n\n\n\n<ul class=\"wp-block-list\">\n<li><strong>N\u00edvel m\u00e9dio especial<\/strong><\/li>\n<\/ul>\n\n\n\n<figure class=\"wp-block-image aligncenter size-full\"><img loading=\"lazy\" decoding=\"async\" width=\"828\" height=\"258\" src=\"https:\/\/dhg1h5j42swfq.cloudfront.net\/2023\/04\/11165114\/image-86.png\" alt=\"Tabela salarial de n\u00edvel m\u00e9dio\" class=\"wp-image-1200232\" srcset=\"https:\/\/dhg1h5j42swfq.cloudfront.net\/2023\/04\/11165114\/image-86.png 828w, https:\/\/dhg1h5j42swfq.cloudfront.net\/2023\/04\/11165114\/image-86-300x93.png 300w, https:\/\/dhg1h5j42swfq.cloudfront.net\/2023\/04\/11165114\/image-86-768x239.png 768w, https:\/\/dhg1h5j42swfq.cloudfront.net\/2023\/04\/11165114\/image-86-610x190.png 610w, https:\/\/dhg1h5j42swfq.cloudfront.net\/2023\/04\/11165114\/image-86-150x47.png 150w\" sizes=\"auto, (max-width: 828px) 100vw, 828px\" \/><figcaption class=\"wp-element-caption\">Tabela salarial de n\u00edvel m\u00e9dio SES TO<\/figcaption><\/figure>\n\n\n\n<ul class=\"wp-block-list\">\n<li><strong>N\u00edvel m\u00e9dio<\/strong><\/li>\n<\/ul>\n\n\n\n<figure class=\"wp-block-image aligncenter size-full\"><img loading=\"lazy\" decoding=\"async\" width=\"824\" height=\"259\" src=\"https:\/\/dhg1h5j42swfq.cloudfront.net\/2023\/04\/11165126\/image-87.png\" alt=\"Tabela salarial de n\u00edvel m\u00e9dio SES TO\" class=\"wp-image-1200233\" srcset=\"https:\/\/dhg1h5j42swfq.cloudfront.net\/2023\/04\/11165126\/image-87.png 824w, https:\/\/dhg1h5j42swfq.cloudfront.net\/2023\/04\/11165126\/image-87-300x94.png 300w, https:\/\/dhg1h5j42swfq.cloudfront.net\/2023\/04\/11165126\/image-87-768x241.png 768w, https:\/\/dhg1h5j42swfq.cloudfront.net\/2023\/04\/11165126\/image-87-610x192.png 610w, https:\/\/dhg1h5j42swfq.cloudfront.net\/2023\/04\/11165126\/image-87-150x47.png 150w\" sizes=\"auto, (max-width: 824px) 100vw, 824px\" \/><figcaption class=\"wp-element-caption\">Tabela salarial de n\u00edvel m\u00e9dio SES TO<\/figcaption><\/figure>\n\n\n\n<ul class=\"wp-block-list\">\n<li><strong>N\u00edvel fundamental<\/strong><\/li>\n<\/ul>\n\n\n\n<figure class=\"wp-block-image aligncenter size-full\"><img loading=\"lazy\" decoding=\"async\" width=\"824\" height=\"258\" src=\"https:\/\/dhg1h5j42swfq.cloudfront.net\/2023\/04\/11165142\/image-88.png\" alt=\"Tabela salarial de n\u00edvel fundamental\" class=\"wp-image-1200234\" srcset=\"https:\/\/dhg1h5j42swfq.cloudfront.net\/2023\/04\/11165142\/image-88.png 824w, https:\/\/dhg1h5j42swfq.cloudfront.net\/2023\/04\/11165142\/image-88-300x94.png 300w, https:\/\/dhg1h5j42swfq.cloudfront.net\/2023\/04\/11165142\/image-88-768x240.png 768w, https:\/\/dhg1h5j42swfq.cloudfront.net\/2023\/04\/11165142\/image-88-610x191.png 610w, https:\/\/dhg1h5j42swfq.cloudfront.net\/2023\/04\/11165142\/image-88-150x47.png 150w\" sizes=\"auto, (max-width: 824px) 100vw, 824px\" \/><figcaption class=\"wp-element-caption\">Tabela salarial de n\u00edvel fundamental SES TO<\/figcaption><\/figure>\n\n\n\n<h3 class=\"wp-block-heading\" id=\"jornada\">Jornada de trabalho<\/h3>\n\n\n\n<p>A jornada de trabalho dos profissionais da sa\u00fade de Tocantins \u00e9 de <strong>40 horas semanais<\/strong>. Entretanto, a regra n\u00e3o se aplica:<\/p>\n\n\n\n<ul class=\"wp-block-list\">\n<li><strong>I &#8211; <\/strong>ao Cirurgi\u00e3o-Dentista, cuja jornada \u00e9 de 24 ou 40 horas semanais, com vencimentos pagos proporcionalmente \u00e0 carga de trabalho;<\/li>\n\n\n\n<li><strong>II &#8211; <\/strong>ao Fisioterapeuta e ao Terapeuta Ocupacional, cuja jornada \u00e9 de at\u00e9 30 horas semanais, com vencimentos pagos proporcionalmente \u00e0 carga de trabalho;<\/li>\n\n\n\n<li><strong>III &#8211; <\/strong>ao T\u00e9cnico em Radiologia, cuja jornada \u00e9 de 24 horas semanais;<\/li>\n\n\n\n<li><strong>IV &#8211; <\/strong>aos seguintes profissionais da sa\u00fade lotados exclusivamente nas unidades hospitalares sob gest\u00e3o estadual, no Laborat\u00f3rio Central &#8211; LACEN e em hemocentro, cuja jornada \u00e9 de 30 horas semanais:\n<ul class=\"wp-block-list\">\n<li>a) Assistente Social;<\/li>\n\n\n\n<li>b) Bi\u00f3logo em Sa\u00fade;<\/li>\n\n\n\n<li>c) Biom\u00e9dico;<\/li>\n\n\n\n<li>d) Enfermeiro;<\/li>\n\n\n\n<li>e) Farmac\u00eautico;<\/li>\n\n\n\n<li>f) Farmac\u00eautico-Bioqu\u00edmico;<\/li>\n\n\n\n<li>g) Fonoaudi\u00f3logo;<\/li>\n\n\n\n<li>h) Nutricionista;<\/li>\n\n\n\n<li>i) Psic\u00f3logo;<\/li>\n\n\n\n<li>j) T\u00e9cnico em Laborat\u00f3rio;<\/li>\n\n\n\n<li>k) Auxiliar em Laborat\u00f3rio;<\/li>\n\n\n\n<li>l) T\u00e9cnico em Enfermagem;<\/li>\n\n\n\n<li>m) Auxiliar de Enfermagem.<\/li>\n<\/ul>\n<\/li>\n\n\n\n<li><strong>V &#8211; <\/strong>ao M\u00e9dico, cuja jornada \u00e9 de 20 at\u00e9 60 horas semanais, com vencimentos pagos proporcionalmente \u00e0 carga de trabalho.<\/li>\n<\/ul>\n\n\n\n<h2 class=\"wp-block-heading\" id=\"h-concurso-ses-to-ultimo-edital-2008\">Concurso SES TO: \u00faltimo edital &#8211; 2008<\/h2>\n\n\n\n<p>Sob organiza\u00e7\u00e3o da Funda\u00e7\u00e3o Universidade de Tocantins (<a href=\"https:\/\/www.unitins.br\/Concursos\/Publico\/Home\/S\/87da1521be28203f1dfda982ba77465f\" target=\"_blank\" rel=\"noreferrer noopener\">Unitins<\/a>), o \u00faltimo concurso do \u00f3rg\u00e3o foi realizado no ano de 2008. <\/p>\n\n\n\n<p>Na ocasi\u00e3o, foram ofertadas 1.218 vagas imediatas distribu\u00eddas entre os n\u00edveis m\u00e9dio e superior de forma\u00e7\u00e3o, al\u00e9m da forma\u00e7\u00e3o de cadastro reserva, com remunera\u00e7\u00e3o inicial de at\u00e9 R$ 3.727,08.<\/p>\n\n\n\n<h3 class=\"wp-block-heading\" id=\"vagas-ultimo\">Cargos e remunera\u00e7\u00f5es do \u00faltimo concurso SES TO<\/h3>\n\n\n\n<p id=\"nivel-superior\"><strong>N\u00edvel superior<\/strong><\/p>\n\n\n\n<figure class=\"wp-block-table is-style-stripes\"><table class=\"has-very-light-gray-to-cyan-bluish-gray-gradient-background has-background has-fixed-layout\"><thead><tr><th class=\"has-text-align-center\" data-align=\"center\">CARGOS<\/th><th class=\"has-text-align-center\" data-align=\"center\">SAL\u00c1RIO<\/th><\/tr><\/thead><tbody><tr><td class=\"has-text-align-center\" data-align=\"center\">Administrador Hospitalar<\/td><td class=\"has-text-align-center\" data-align=\"center\">R$ 2.570,40<\/td><\/tr><tr><td class=\"has-text-align-center\" data-align=\"center\">Analista em Controle de Zoonoses<\/td><td class=\"has-text-align-center\" data-align=\"center\">R$ 2.181,60<\/td><\/tr><tr><td class=\"has-text-align-center\" data-align=\"center\">Assistente Social<\/td><td class=\"has-text-align-center\" data-align=\"center\">R$ 2.181,60<\/td><\/tr><tr><td class=\"has-text-align-center\" data-align=\"center\">Auditor em Sa\u00fade<\/td><td class=\"has-text-align-center\" data-align=\"center\">R$ 2.570,40<\/td><\/tr><tr><td class=\"has-text-align-center\" data-align=\"center\">Bi\u00f3logo em Sa\u00fade<\/td><td class=\"has-text-align-center\" data-align=\"center\">R$ 2.181,60<\/td><\/tr><tr><td class=\"has-text-align-center\" data-align=\"center\">Biom\u00e9dico<\/td><td class=\"has-text-align-center\" data-align=\"center\">R$ 2.181,60<\/td><\/tr><tr><td class=\"has-text-align-center\" data-align=\"center\">Enfermeiro<\/td><td class=\"has-text-align-center\" data-align=\"center\">R$ 2.181,60<\/td><\/tr><tr><td class=\"has-text-align-center\" data-align=\"center\">Engenheiro Cl\u00ednico<\/td><td class=\"has-text-align-center\" data-align=\"center\">R$ 2.570,40<\/td><\/tr><tr><td class=\"has-text-align-center\" data-align=\"center\">Executivo em Sa\u00fade<\/td><td class=\"has-text-align-center\" data-align=\"center\">R$ 2.570,40<\/td><\/tr><tr><td class=\"has-text-align-center\" data-align=\"center\">Farmac\u00eautico<\/td><td class=\"has-text-align-center\" data-align=\"center\">R$ 2.181,60<\/td><\/tr><tr><td class=\"has-text-align-center\" data-align=\"center\">Farmac\u00eautico-Bioqu\u00edmico<\/td><td class=\"has-text-align-center\" data-align=\"center\">R$ 2.181,60<\/td><\/tr><tr><td class=\"has-text-align-center\" data-align=\"center\">F\u00edsico<\/td><td class=\"has-text-align-center\" data-align=\"center\">R$ 24,84\/hora<\/td><\/tr><tr><td class=\"has-text-align-center\" data-align=\"center\">Fisioterapeuta<\/td><td class=\"has-text-align-center\" data-align=\"center\">R$ 16,17\/hora<\/td><\/tr><tr><td class=\"has-text-align-center\" data-align=\"center\">Fonoaudi\u00f3logo<\/td><td class=\"has-text-align-center\" data-align=\"center\">R$ 2.181,60<\/td><\/tr><tr><td class=\"has-text-align-center\" data-align=\"center\">Gestor em Sa\u00fade<\/td><td class=\"has-text-align-center\" data-align=\"center\">R$ 3.727,08<\/td><\/tr><tr><td class=\"has-text-align-center\" data-align=\"center\">Inspetor em Vigil\u00e2ncia Sanit\u00e1ria<\/td><td class=\"has-text-align-center\" data-align=\"center\">R$ 2.570,40<\/td><\/tr><tr><td class=\"has-text-align-center\" data-align=\"center\">M\u00e9dico (diversas especialidades)<\/td><td class=\"has-text-align-center\" data-align=\"center\">R$ 27,00\/hora<\/td><\/tr><tr><td class=\"has-text-align-center\" data-align=\"center\">Nutricionista<\/td><td class=\"has-text-align-center\" data-align=\"center\">R$ 2.181,60<\/td><\/tr><tr><td class=\"has-text-align-center\" data-align=\"center\">Pesquisador Docente em Sa\u00fade P\u00fablica<\/td><td class=\"has-text-align-center\" data-align=\"center\">R$ 2.570,40<\/td><\/tr><tr><td class=\"has-text-align-center\" data-align=\"center\">Psic\u00f3logo<\/td><td class=\"has-text-align-center\" data-align=\"center\">R$ 2.181,60<\/td><\/tr><tr><td class=\"has-text-align-center\" data-align=\"center\">Psic\u00f3logo Psico-Oncologista<\/td><td class=\"has-text-align-center\" data-align=\"center\">R$ 2.181,60<\/td><\/tr><tr><td class=\"has-text-align-center\" data-align=\"center\">Terapeuta Ocupacional<\/td><td class=\"has-text-align-center\" data-align=\"center\">R$ 16,17\/hora<\/td><\/tr><\/tbody><\/table><\/figure>\n\n\n\n<p id=\"nivel-medio\"><strong>N\u00edvel m\u00e9dio<\/strong><\/p>\n\n\n\n<figure class=\"wp-block-table is-style-stripes\"><table class=\"has-very-light-gray-to-cyan-bluish-gray-gradient-background has-background has-fixed-layout\"><thead><tr><th class=\"has-text-align-center\" data-align=\"center\">CARGOS<\/th><th class=\"has-text-align-center\" data-align=\"center\">SAL\u00c1RIO<\/th><\/tr><\/thead><tbody><tr><td class=\"has-text-align-center\" data-align=\"center\">Assistente de Servi\u00e7os de Sa\u00fade<\/td><td class=\"has-text-align-center\" data-align=\"center\">R$ 770,04<\/td><\/tr><tr><td class=\"has-text-align-center\" data-align=\"center\">T\u00e9cnico em Enfermagem<\/td><td class=\"has-text-align-center\" data-align=\"center\">R$ 891,00<\/td><\/tr><tr><td class=\"has-text-align-center\" data-align=\"center\">T\u00e9cnico em Laborat\u00f3rio<\/td><td class=\"has-text-align-center\" data-align=\"center\">R$ 891,00<\/td><\/tr><tr><td class=\"has-text-align-center\" data-align=\"center\">T\u00e9cnico em Radiologia<\/td><td class=\"has-text-align-center\" data-align=\"center\">R$ 891,00<\/td><\/tr><\/tbody><\/table><\/figure>\n\n\n\n<h3 class=\"wp-block-heading\" id=\"etapas-ultimo\">Etapas do concurso<\/h3>\n\n\n\n<p>O \u00faltimo concurso foi aplicado mediante uma \u00fanica etapa, composta pelas <strong>provas objetivas<\/strong>, de car\u00e1ter eliminat\u00f3rio e classificat\u00f3rio.<\/p>\n\n\n\n<p>A prova foi constitu\u00edda por 50 quest\u00f5es de m\u00faltipla escolha, com 5 alternativas cada (A, B, C, D e E), sendo apenas uma correta.<\/p>\n\n\n\n<ul class=\"wp-block-list\">\n<li>L\u00edngua Portuguesa: 15 quest\u00f5es;<\/li>\n\n\n\n<li>Conhecimentos Gerais: 15 quest\u00f5es; e<\/li>\n\n\n\n<li>Conhecimentos Espec\u00edficos: 20 quest\u00f5es.<\/li>\n<\/ul>\n\n\n\n<p>Com dura\u00e7\u00e3o de 4h, a avalia\u00e7\u00e3o foi realizada nas cidades de Aragua\u00edna, Dian\u00f3polis, Guara\u00ed, Gurupi, Palmas, Para\u00edso do Tocantins, Porto Nacional e Tocantin\u00f3polis.<\/p>\n\n\n\n<p>As provas objetivas foram avaliadas em at\u00e9 100 pontos, com cada quest\u00e3o valendo 2 (pontos) pontos.<\/p>\n\n\n\n<hr class=\"wp-block-separator has-css-opacity\"\/>\n\n\n\n<h2 class=\"wp-block-heading has-text-align-center\" id=\"h-quer-saber-tudo-sobre-concursos-previstos-confira-nossos-artigos\">Quer saber tudo sobre concursos previstos?<br \/>Confira nossos artigos!<\/h2>\n\n\n\n<ul class=\"wp-block-list\">\n<li><a href=\"https:\/\/www.estrategiaconcursos.com.br\/blog\/concursos-abertos\/\" target=\"_blank\" rel=\"noreferrer noopener\">Concursos abertos<\/a><\/li>\n\n\n\n<li><a href=\"https:\/\/www.estrategiaconcursos.com.br\/blog\/concursos-area-da-saude\/\" target=\"_blank\" rel=\"noreferrer noopener\">Concursos sa\u00fade<\/a><\/li>\n\n\n\n<li><a href=\"https:\/\/www.estrategiaconcursos.com.br\/blog\/concursos-2026\/\" target=\"_blank\" rel=\"noreferrer noopener\">Concursos 2026<\/a><\/li>\n<\/ul>\n\n\n\n<h2 class=\"wp-block-heading has-text-align-center\" id=\"cursos-assinatura\">Quer estudar para Concurso SES TO?<\/h2>\n\n\n\n<div class=\"container\" id=\"boxes\">\n  <div class=\"row\">\n\n    <div class=\"col-sm\">\n      <div class=\"banner-residencia-medica\" id=\"box-assinatura\">\n        <h3 class=\"titulo-assinatura\">Concurso SES TO<\/h3>\n        <p class=\"subtitulo-assinatura\">Oportunidade \u00fanica para sua carreira na sa\u00fade<\/p>\n        <div class=\"box-botao\">\n          <a class=\"btn-assinatura\" target=\"_blank\" href=\"https:\/\/www.estrategiaconcursos.com.br\/cursosPorConcurso\/secretaria-de-saude-de-tocantins-ses-to\/\" role=\"button\" rel=\"noopener noreferrer\">VER CURSOS<\/a>\n        <\/div>\n      <\/div>\n    \n\n  <\/div>\n<\/div><\/div>\n\n\n\n<div class=\"container\" id=\"boxes\">\n  <div class=\"row\">\n\n    <div class=\"col-sm\">\n      <div class=\"estrategia\" id=\"box-assinatura\">\n        <h3 class=\"titulo-assinatura\">Assinatura Concursos<\/h3>\n        <p class=\"subtitulo-assinatura\">Assinatura de 1 ano ou 2 anos<\/p>\n        <div class=\"box-botao\">\n          <a class=\"btn-assinatura\" target=\"_blank\" href=\"https:\/\/www.estrategiaconcursos.com.br\/assinaturas\/\" role=\"button\" rel=\"noopener noreferrer\">ASSINE AGORA<\/a>\n        <\/div>\n      <\/div>\n     \n    <\/div><\/div><\/div>\n\n\n\n<figure class=\"wp-block-image size-large is-resized\"><img loading=\"lazy\" decoding=\"async\" width=\"1024\" height=\"632\" src=\"https:\/\/dhg1h5j42swfq.cloudfront.net\/2021\/06\/29115502\/ficha-tecnica-7-1024x632.png\" alt=\"Ficha t\u00e9cnica\" class=\"wp-image-780263\" style=\"aspect-ratio:1.6268295367007812;width:289px;height:auto\" srcset=\"https:\/\/dhg1h5j42swfq.cloudfront.net\/2021\/06\/29115502\/ficha-tecnica-7-1024x632.png 1024w, https:\/\/dhg1h5j42swfq.cloudfront.net\/2021\/06\/29115502\/ficha-tecnica-7-300x185.png 300w, https:\/\/dhg1h5j42swfq.cloudfront.net\/2021\/06\/29115502\/ficha-tecnica-7-768x474.png 768w, https:\/\/dhg1h5j42swfq.cloudfront.net\/2021\/06\/29115502\/ficha-tecnica-7-1536x948.png 1536w, https:\/\/dhg1h5j42swfq.cloudfront.net\/2021\/06\/29115502\/ficha-tecnica-7-610x377.png 610w, https:\/\/dhg1h5j42swfq.cloudfront.net\/2021\/06\/29115502\/ficha-tecnica-7.png 1571w\" sizes=\"auto, (max-width: 1024px) 100vw, 1024px\" \/><\/figure>\n\n\n\n<h3 class=\"wp-block-heading\" id=\"ficha-tecnica\">\u2666Informa\u00e7\u00f5es do pr\u00f3ximo concurso SES TO<\/h3>\n\n\n\n<ul class=\"wp-block-list\">\n<li><strong>Data prevista<\/strong>: 2026<\/li>\n\n\n\n<li><strong>Vagas: <\/strong>5.124<\/li>\n\n\n\n<li><strong>Cargos<\/strong>: v\u00e1rios<\/li>\n\n\n\n<li><strong>Banca: <\/strong>a definir<\/li>\n\n\n\n<li><strong>Escolaridade prevista: <\/strong>n\u00edveis m\u00e9dio e superior<\/li>\n\n\n\n<li><strong>\u00daltimo edital:<\/strong> <a href=\"https:\/\/dhg1h5j42swfq.cloudfront.net\/2022\/05\/30142242\/633651125606446250edital_001_2008.pdf\" target=\"_blank\" rel=\"noreferrer noopener nofollow\">SES TO 2008<\/a><\/li>\n<\/ul>\n\n\n\n<p><\/p>\n","protected":false},"excerpt":{"rendered":"<p>Novo concurso SES TO ter\u00e1 mais de 5 mil vagas! Sancionada lei que amplia quadro de cargos da Secretaria de Sa\u00fade de Tocantins O concurso SES TO (Secretaria de Estado de Sa\u00fade de Tocantins) finalmente deve sair do papel! Isso porque a comiss\u00e3o j\u00e1 est\u00e1 formada. Ap\u00f3s 18 anos, o pr\u00f3ximo certame ser\u00e1 realizado para [&hellip;]<\/p>\n","protected":false},"author":2134,"featured_media":1040098,"comment_status":"open","ping_status":"closed","sticky":false,"template":"","format":"standard","meta":{"post_tipo":"news_page","footnotes":""},"categories":[1981],"tags":[],"tax_estado":[219990],"class_list":["post-1036033","post","type-post","status-publish","format-standard","has-post-thumbnail","hentry","category-saude","tax_estado-to"],"acf":[],"yoast_head":"<!-- This site is optimized with the Yoast SEO Premium plugin v27.2 (Yoast SEO v27.2) - https:\/\/yoast.com\/product\/yoast-seo-premium-wordpress\/ -->\n<title>Concurso SES TO: edital em 2026! Ser\u00e3o 5,1 mil vagas<\/title>\n<meta name=\"description\" content=\"Concurso SES TO ter\u00e1 5,1 mil vagas para diversos 31 cargos. Com comiss\u00e3o formada, certame ter\u00e1 edital em 2026, sendo o &quot;maior&quot; da hist\u00f3ria!\" \/>\n<meta name=\"robots\" content=\"index, follow, max-snippet:-1, max-image-preview:large, max-video-preview:-1\" \/>\n<link rel=\"canonical\" href=\"https:\/\/www.estrategiaconcursos.com.br\/blog\/concurso-ses-to\/\" \/>\n<meta property=\"og:locale\" content=\"pt_BR\" \/>\n<meta property=\"og:type\" content=\"article\" \/>\n<meta property=\"og:title\" content=\"Concurso SES TO: edital em 2026! Ser\u00e3o 5,1 mil vagas\" \/>\n<meta property=\"og:description\" content=\"Concurso SES TO ter\u00e1 5,1 mil vagas para diversos 31 cargos. Com comiss\u00e3o formada, certame ter\u00e1 edital em 2026, sendo o &quot;maior&quot; da hist\u00f3ria!\" \/>\n<meta property=\"og:url\" content=\"https:\/\/www.estrategiaconcursos.com.br\/blog\/concurso-ses-to\/\" \/>\n<meta property=\"og:site_name\" content=\"Estrat\u00e9gia Concursos\" \/>\n<meta property=\"article:published_time\" content=\"2026-04-09T23:29:30+00:00\" \/>\n<meta property=\"article:modified_time\" content=\"2026-04-09T23:29:32+00:00\" \/>\n<meta property=\"og:image\" content=\"https:\/\/dhg1h5j42swfq.cloudfront.net\/2022\/05\/06122612\/ses-to.jpg\" \/>\n\t<meta property=\"og:image:width\" content=\"768\" \/>\n\t<meta property=\"og:image:height\" content=\"432\" \/>\n\t<meta property=\"og:image:type\" content=\"image\/jpeg\" \/>\n<meta name=\"author\" content=\"Rafaela Teixeira\" \/>\n<meta name=\"twitter:card\" content=\"summary_large_image\" \/>\n<meta name=\"twitter:creator\" content=\"@EstratConcursos\" \/>\n<meta name=\"twitter:site\" content=\"@EstratConcursos\" \/>\n<meta name=\"twitter:label1\" content=\"Escrito por\" \/>\n\t<meta name=\"twitter:data1\" content=\"Rafaela Teixeira\" \/>\n\t<meta name=\"twitter:label2\" content=\"Est. tempo de leitura\" \/>\n\t<meta name=\"twitter:data2\" content=\"4 minutos\" \/>\n<script type=\"application\/ld+json\" class=\"yoast-schema-graph\">{\"@context\":\"https:\/\/schema.org\",\"@graph\":[{\"@type\":\"NewsArticle\",\"@id\":\"https:\/\/www.estrategiaconcursos.com.br\/blog\/concurso-ses-to\/#article\",\"isPartOf\":{\"@id\":\"https:\/\/www.estrategiaconcursos.com.br\/blog\/concurso-ses-to\/\"},\"author\":{\"name\":\"Rafaela Teixeira\",\"@id\":\"https:\/\/www.estrategiaconcursos.com.br\/blog\/#\/schema\/person\/e75352021ea7f60781c599934f916eb1\"},\"headline\":\"Concurso SES TO: edital em 2026! Ser\u00e3o 5,1 mil vagas\",\"datePublished\":\"2026-04-09T23:29:30+00:00\",\"dateModified\":\"2026-04-09T23:29:32+00:00\",\"mainEntityOfPage\":{\"@id\":\"https:\/\/www.estrategiaconcursos.com.br\/blog\/concurso-ses-to\/\"},\"wordCount\":1877,\"commentCount\":0,\"publisher\":{\"@id\":\"https:\/\/www.estrategiaconcursos.com.br\/blog\/#organization\"},\"image\":{\"@id\":\"https:\/\/www.estrategiaconcursos.com.br\/blog\/concurso-ses-to\/#primaryimage\"},\"thumbnailUrl\":\"https:\/\/dhg1h5j42swfq.cloudfront.net\/2022\/05\/06122612\/ses-to.jpg\",\"articleSection\":[\"Sa\u00fade\"],\"inLanguage\":\"pt-BR\",\"potentialAction\":[{\"@type\":\"CommentAction\",\"name\":\"Comment\",\"target\":[\"https:\/\/www.estrategiaconcursos.com.br\/blog\/concurso-ses-to\/#respond\"]}],\"copyrightYear\":\"2026\",\"copyrightHolder\":{\"@id\":\"https:\/\/www.estrategiaconcursos.com.br\/blog\/#organization\"}},{\"@type\":\"WebPage\",\"@id\":\"https:\/\/www.estrategiaconcursos.com.br\/blog\/concurso-ses-to\/\",\"url\":\"https:\/\/www.estrategiaconcursos.com.br\/blog\/concurso-ses-to\/\",\"name\":\"Concurso SES TO: edital em 2026! Ser\u00e3o 5,1 mil vagas\",\"isPartOf\":{\"@id\":\"https:\/\/www.estrategiaconcursos.com.br\/blog\/#website\"},\"primaryImageOfPage\":{\"@id\":\"https:\/\/www.estrategiaconcursos.com.br\/blog\/concurso-ses-to\/#primaryimage\"},\"image\":{\"@id\":\"https:\/\/www.estrategiaconcursos.com.br\/blog\/concurso-ses-to\/#primaryimage\"},\"thumbnailUrl\":\"https:\/\/dhg1h5j42swfq.cloudfront.net\/2022\/05\/06122612\/ses-to.jpg\",\"datePublished\":\"2026-04-09T23:29:30+00:00\",\"dateModified\":\"2026-04-09T23:29:32+00:00\",\"description\":\"Concurso SES TO ter\u00e1 5,1 mil vagas para diversos 31 cargos. Com comiss\u00e3o formada, certame ter\u00e1 edital em 2026, sendo o \\\"maior\\\" da hist\u00f3ria!\",\"breadcrumb\":{\"@id\":\"https:\/\/www.estrategiaconcursos.com.br\/blog\/concurso-ses-to\/#breadcrumb\"},\"inLanguage\":\"pt-BR\",\"potentialAction\":[{\"@type\":\"ReadAction\",\"target\":[\"https:\/\/www.estrategiaconcursos.com.br\/blog\/concurso-ses-to\/\"]}]},{\"@type\":\"ImageObject\",\"inLanguage\":\"pt-BR\",\"@id\":\"https:\/\/www.estrategiaconcursos.com.br\/blog\/concurso-ses-to\/#primaryimage\",\"url\":\"https:\/\/dhg1h5j42swfq.cloudfront.net\/2022\/05\/06122612\/ses-to.jpg\",\"contentUrl\":\"https:\/\/dhg1h5j42swfq.cloudfront.net\/2022\/05\/06122612\/ses-to.jpg\",\"width\":768,\"height\":432,\"caption\":\"concurso SES TO\"},{\"@type\":\"BreadcrumbList\",\"@id\":\"https:\/\/www.estrategiaconcursos.com.br\/blog\/concurso-ses-to\/#breadcrumb\",\"itemListElement\":[{\"@type\":\"ListItem\",\"position\":1,\"name\":\"In\u00edcio\",\"item\":\"https:\/\/www.estrategiaconcursos.com.br\/blog\/\"},{\"@type\":\"ListItem\",\"position\":2,\"name\":\"Concurso SES TO: edital em 2026! Ser\u00e3o 5,1 mil vagas\"}]},{\"@type\":\"WebSite\",\"@id\":\"https:\/\/www.estrategiaconcursos.com.br\/blog\/#website\",\"url\":\"https:\/\/www.estrategiaconcursos.com.br\/blog\/\",\"name\":\"Estrat\u00e9gia Concursos\",\"description\":\"O blog da Estrat\u00e9gia Concursos traz not\u00edcias sobre concursos e artigos de professores oferecendo cursos para concursos (pdf + videaulas) no site.\",\"publisher\":{\"@id\":\"https:\/\/www.estrategiaconcursos.com.br\/blog\/#organization\"},\"potentialAction\":[{\"@type\":\"SearchAction\",\"target\":{\"@type\":\"EntryPoint\",\"urlTemplate\":\"https:\/\/www.estrategiaconcursos.com.br\/blog\/?s={search_term_string}\"},\"query-input\":{\"@type\":\"PropertyValueSpecification\",\"valueRequired\":true,\"valueName\":\"search_term_string\"}}],\"inLanguage\":\"pt-BR\"},{\"@type\":\"Organization\",\"@id\":\"https:\/\/www.estrategiaconcursos.com.br\/blog\/#organization\",\"name\":\"Estrat\u00e9gia Concursos\",\"url\":\"https:\/\/www.estrategiaconcursos.com.br\/blog\/\",\"logo\":{\"@type\":\"ImageObject\",\"inLanguage\":\"pt-BR\",\"@id\":\"https:\/\/www.estrategiaconcursos.com.br\/blog\/#\/schema\/logo\/image\/\",\"url\":\"https:\/\/dhg1h5j42swfq.cloudfront.net\/2025\/06\/03203428\/logo_concursos-1.jpg\",\"contentUrl\":\"https:\/\/dhg1h5j42swfq.cloudfront.net\/2025\/06\/03203428\/logo_concursos-1.jpg\",\"width\":230,\"height\":60,\"caption\":\"Estrat\u00e9gia Concursos\"},\"image\":{\"@id\":\"https:\/\/www.estrategiaconcursos.com.br\/blog\/#\/schema\/logo\/image\/\"},\"sameAs\":[\"https:\/\/x.com\/EstratConcursos\"]},{\"@type\":\"Person\",\"@id\":\"https:\/\/www.estrategiaconcursos.com.br\/blog\/#\/schema\/person\/e75352021ea7f60781c599934f916eb1\",\"name\":\"Rafaela Teixeira\",\"image\":{\"@type\":\"ImageObject\",\"inLanguage\":\"pt-BR\",\"@id\":\"https:\/\/secure.gravatar.com\/avatar\/8a349a2b22039b1ee88fc06461487c950fd6aa411ea8af8633314b43334ae793?s=96&d=mm&r=g\",\"url\":\"https:\/\/secure.gravatar.com\/avatar\/8a349a2b22039b1ee88fc06461487c950fd6aa411ea8af8633314b43334ae793?s=96&d=mm&r=g\",\"contentUrl\":\"https:\/\/secure.gravatar.com\/avatar\/8a349a2b22039b1ee88fc06461487c950fd6aa411ea8af8633314b43334ae793?s=96&d=mm&r=g\",\"caption\":\"Rafaela Teixeira\"},\"description\":\"Rafaela Teixeira \u00e9 advogada conveniada \u00e0 Defensoria P\u00fablica de S\u00e3o Paulo pela OAB, com experi\u00eancia em reda\u00e7\u00e3o jur\u00eddica e atua\u00e7\u00e3o em institui\u00e7\u00f5es p\u00fablicas, incluindo est\u00e1gio no TRE-SP. Possui mais de 7 anos de experi\u00eancia na produ\u00e7\u00e3o de conte\u00fados voltados ao nicho de concursos p\u00fablicos, com foco em apura\u00e7\u00e3o jornal\u00edstica cont\u00ednua, an\u00e1lise de editais e obten\u00e7\u00e3o de informa\u00e7\u00f5es diretamente junto a \u00f3rg\u00e3os e fontes oficiais. No Blog do Estrat\u00e9gia Concursos, atua como Analista de Conte\u00fado S\u00eanior, respons\u00e1vel pelo jornalismo do per\u00edodo noturno e da madrugada, com atua\u00e7\u00e3o transversal na cobertura de concursos p\u00fablicos, garantindo a continuidade, fluidez e confiabilidade das publica\u00e7\u00f5es e dos bastidores dos certames.\",\"url\":\"https:\/\/www.estrategiaconcursos.com.br\/blog\/author\/rafaela-teixeira\/\"}]}<\/script>\n<!-- \/ Yoast SEO Premium plugin. -->","yoast_head_json":{"title":"Concurso SES TO: edital em 2026! Ser\u00e3o 5,1 mil vagas","description":"Concurso SES TO ter\u00e1 5,1 mil vagas para diversos 31 cargos. Com comiss\u00e3o formada, certame ter\u00e1 edital em 2026, sendo o \"maior\" da hist\u00f3ria!","robots":{"index":"index","follow":"follow","max-snippet":"max-snippet:-1","max-image-preview":"max-image-preview:large","max-video-preview":"max-video-preview:-1"},"canonical":"https:\/\/www.estrategiaconcursos.com.br\/blog\/concurso-ses-to\/","og_locale":"pt_BR","og_type":"article","og_title":"Concurso SES TO: edital em 2026! Ser\u00e3o 5,1 mil vagas","og_description":"Concurso SES TO ter\u00e1 5,1 mil vagas para diversos 31 cargos. Com comiss\u00e3o formada, certame ter\u00e1 edital em 2026, sendo o \"maior\" da hist\u00f3ria!","og_url":"https:\/\/www.estrategiaconcursos.com.br\/blog\/concurso-ses-to\/","og_site_name":"Estrat\u00e9gia Concursos","article_published_time":"2026-04-09T23:29:30+00:00","article_modified_time":"2026-04-09T23:29:32+00:00","og_image":[{"width":768,"height":432,"url":"https:\/\/dhg1h5j42swfq.cloudfront.net\/2022\/05\/06122612\/ses-to.jpg","type":"image\/jpeg"}],"author":"Rafaela Teixeira","twitter_card":"summary_large_image","twitter_creator":"@EstratConcursos","twitter_site":"@EstratConcursos","twitter_misc":{"Escrito por":"Rafaela Teixeira","Est. tempo de leitura":"4 minutos"},"schema":{"@context":"https:\/\/schema.org","@graph":[{"@type":"NewsArticle","@id":"https:\/\/www.estrategiaconcursos.com.br\/blog\/concurso-ses-to\/#article","isPartOf":{"@id":"https:\/\/www.estrategiaconcursos.com.br\/blog\/concurso-ses-to\/"},"author":{"name":"Rafaela Teixeira","@id":"https:\/\/www.estrategiaconcursos.com.br\/blog\/#\/schema\/person\/e75352021ea7f60781c599934f916eb1"},"headline":"Concurso SES TO: edital em 2026! Ser\u00e3o 5,1 mil vagas","datePublished":"2026-04-09T23:29:30+00:00","dateModified":"2026-04-09T23:29:32+00:00","mainEntityOfPage":{"@id":"https:\/\/www.estrategiaconcursos.com.br\/blog\/concurso-ses-to\/"},"wordCount":1877,"commentCount":0,"publisher":{"@id":"https:\/\/www.estrategiaconcursos.com.br\/blog\/#organization"},"image":{"@id":"https:\/\/www.estrategiaconcursos.com.br\/blog\/concurso-ses-to\/#primaryimage"},"thumbnailUrl":"https:\/\/dhg1h5j42swfq.cloudfront.net\/2022\/05\/06122612\/ses-to.jpg","articleSection":["Sa\u00fade"],"inLanguage":"pt-BR","potentialAction":[{"@type":"CommentAction","name":"Comment","target":["https:\/\/www.estrategiaconcursos.com.br\/blog\/concurso-ses-to\/#respond"]}],"copyrightYear":"2026","copyrightHolder":{"@id":"https:\/\/www.estrategiaconcursos.com.br\/blog\/#organization"}},{"@type":"WebPage","@id":"https:\/\/www.estrategiaconcursos.com.br\/blog\/concurso-ses-to\/","url":"https:\/\/www.estrategiaconcursos.com.br\/blog\/concurso-ses-to\/","name":"Concurso SES TO: edital em 2026! Ser\u00e3o 5,1 mil vagas","isPartOf":{"@id":"https:\/\/www.estrategiaconcursos.com.br\/blog\/#website"},"primaryImageOfPage":{"@id":"https:\/\/www.estrategiaconcursos.com.br\/blog\/concurso-ses-to\/#primaryimage"},"image":{"@id":"https:\/\/www.estrategiaconcursos.com.br\/blog\/concurso-ses-to\/#primaryimage"},"thumbnailUrl":"https:\/\/dhg1h5j42swfq.cloudfront.net\/2022\/05\/06122612\/ses-to.jpg","datePublished":"2026-04-09T23:29:30+00:00","dateModified":"2026-04-09T23:29:32+00:00","description":"Concurso SES TO ter\u00e1 5,1 mil vagas para diversos 31 cargos. Com comiss\u00e3o formada, certame ter\u00e1 edital em 2026, sendo o \"maior\" da hist\u00f3ria!","breadcrumb":{"@id":"https:\/\/www.estrategiaconcursos.com.br\/blog\/concurso-ses-to\/#breadcrumb"},"inLanguage":"pt-BR","potentialAction":[{"@type":"ReadAction","target":["https:\/\/www.estrategiaconcursos.com.br\/blog\/concurso-ses-to\/"]}]},{"@type":"ImageObject","inLanguage":"pt-BR","@id":"https:\/\/www.estrategiaconcursos.com.br\/blog\/concurso-ses-to\/#primaryimage","url":"https:\/\/dhg1h5j42swfq.cloudfront.net\/2022\/05\/06122612\/ses-to.jpg","contentUrl":"https:\/\/dhg1h5j42swfq.cloudfront.net\/2022\/05\/06122612\/ses-to.jpg","width":768,"height":432,"caption":"concurso SES TO"},{"@type":"BreadcrumbList","@id":"https:\/\/www.estrategiaconcursos.com.br\/blog\/concurso-ses-to\/#breadcrumb","itemListElement":[{"@type":"ListItem","position":1,"name":"In\u00edcio","item":"https:\/\/www.estrategiaconcursos.com.br\/blog\/"},{"@type":"ListItem","position":2,"name":"Concurso SES TO: edital em 2026! Ser\u00e3o 5,1 mil vagas"}]},{"@type":"WebSite","@id":"https:\/\/www.estrategiaconcursos.com.br\/blog\/#website","url":"https:\/\/www.estrategiaconcursos.com.br\/blog\/","name":"Estrat\u00e9gia Concursos","description":"O blog da Estrat\u00e9gia Concursos traz not\u00edcias sobre concursos e artigos de professores oferecendo cursos para concursos (pdf + videaulas) no site.","publisher":{"@id":"https:\/\/www.estrategiaconcursos.com.br\/blog\/#organization"},"potentialAction":[{"@type":"SearchAction","target":{"@type":"EntryPoint","urlTemplate":"https:\/\/www.estrategiaconcursos.com.br\/blog\/?s={search_term_string}"},"query-input":{"@type":"PropertyValueSpecification","valueRequired":true,"valueName":"search_term_string"}}],"inLanguage":"pt-BR"},{"@type":"Organization","@id":"https:\/\/www.estrategiaconcursos.com.br\/blog\/#organization","name":"Estrat\u00e9gia Concursos","url":"https:\/\/www.estrategiaconcursos.com.br\/blog\/","logo":{"@type":"ImageObject","inLanguage":"pt-BR","@id":"https:\/\/www.estrategiaconcursos.com.br\/blog\/#\/schema\/logo\/image\/","url":"https:\/\/dhg1h5j42swfq.cloudfront.net\/2025\/06\/03203428\/logo_concursos-1.jpg","contentUrl":"https:\/\/dhg1h5j42swfq.cloudfront.net\/2025\/06\/03203428\/logo_concursos-1.jpg","width":230,"height":60,"caption":"Estrat\u00e9gia Concursos"},"image":{"@id":"https:\/\/www.estrategiaconcursos.com.br\/blog\/#\/schema\/logo\/image\/"},"sameAs":["https:\/\/x.com\/EstratConcursos"]},{"@type":"Person","@id":"https:\/\/www.estrategiaconcursos.com.br\/blog\/#\/schema\/person\/e75352021ea7f60781c599934f916eb1","name":"Rafaela Teixeira","image":{"@type":"ImageObject","inLanguage":"pt-BR","@id":"https:\/\/secure.gravatar.com\/avatar\/8a349a2b22039b1ee88fc06461487c950fd6aa411ea8af8633314b43334ae793?s=96&d=mm&r=g","url":"https:\/\/secure.gravatar.com\/avatar\/8a349a2b22039b1ee88fc06461487c950fd6aa411ea8af8633314b43334ae793?s=96&d=mm&r=g","contentUrl":"https:\/\/secure.gravatar.com\/avatar\/8a349a2b22039b1ee88fc06461487c950fd6aa411ea8af8633314b43334ae793?s=96&d=mm&r=g","caption":"Rafaela Teixeira"},"description":"Rafaela Teixeira \u00e9 advogada conveniada \u00e0 Defensoria P\u00fablica de S\u00e3o Paulo pela OAB, com experi\u00eancia em reda\u00e7\u00e3o jur\u00eddica e atua\u00e7\u00e3o em institui\u00e7\u00f5es p\u00fablicas, incluindo est\u00e1gio no TRE-SP. Possui mais de 7 anos de experi\u00eancia na produ\u00e7\u00e3o de conte\u00fados voltados ao nicho de concursos p\u00fablicos, com foco em apura\u00e7\u00e3o jornal\u00edstica cont\u00ednua, an\u00e1lise de editais e obten\u00e7\u00e3o de informa\u00e7\u00f5es diretamente junto a \u00f3rg\u00e3os e fontes oficiais. No Blog do Estrat\u00e9gia Concursos, atua como Analista de Conte\u00fado S\u00eanior, respons\u00e1vel pelo jornalismo do per\u00edodo noturno e da madrugada, com atua\u00e7\u00e3o transversal na cobertura de concursos p\u00fablicos, garantindo a continuidade, fluidez e confiabilidade das publica\u00e7\u00f5es e dos bastidores dos certames.","url":"https:\/\/www.estrategiaconcursos.com.br\/blog\/author\/rafaela-teixeira\/"}]}},"_links":{"self":[{"href":"https:\/\/www.estrategiaconcursos.com.br\/blog\/wp-json\/wp\/v2\/posts\/1036033","targetHints":{"allow":["GET"]}}],"collection":[{"href":"https:\/\/www.estrategiaconcursos.com.br\/blog\/wp-json\/wp\/v2\/posts"}],"about":[{"href":"https:\/\/www.estrategiaconcursos.com.br\/blog\/wp-json\/wp\/v2\/types\/post"}],"author":[{"embeddable":true,"href":"https:\/\/www.estrategiaconcursos.com.br\/blog\/wp-json\/wp\/v2\/users\/2134"}],"replies":[{"embeddable":true,"href":"https:\/\/www.estrategiaconcursos.com.br\/blog\/wp-json\/wp\/v2\/comments?post=1036033"}],"version-history":[{"count":41,"href":"https:\/\/www.estrategiaconcursos.com.br\/blog\/wp-json\/wp\/v2\/posts\/1036033\/revisions"}],"predecessor-version":[{"id":1751384,"href":"https:\/\/www.estrategiaconcursos.com.br\/blog\/wp-json\/wp\/v2\/posts\/1036033\/revisions\/1751384"}],"wp:featuredmedia":[{"embeddable":true,"href":"https:\/\/www.estrategiaconcursos.com.br\/blog\/wp-json\/wp\/v2\/media\/1040098"}],"wp:attachment":[{"href":"https:\/\/www.estrategiaconcursos.com.br\/blog\/wp-json\/wp\/v2\/media?parent=1036033"}],"wp:term":[{"taxonomy":"category","embeddable":true,"href":"https:\/\/www.estrategiaconcursos.com.br\/blog\/wp-json\/wp\/v2\/categories?post=1036033"},{"taxonomy":"post_tag","embeddable":true,"href":"https:\/\/www.estrategiaconcursos.com.br\/blog\/wp-json\/wp\/v2\/tags?post=1036033"},{"taxonomy":"tax_estado","embeddable":true,"href":"https:\/\/www.estrategiaconcursos.com.br\/blog\/wp-json\/wp\/v2\/tax_estado?post=1036033"}],"curies":[{"name":"wp","href":"https:\/\/api.w.org\/{rel}","templated":true}]}}