{"id":103594,"date":"2018-01-23T15:45:40","date_gmt":"2018-01-23T18:45:40","guid":{"rendered":"https:\/\/www.estrategiaconcursos.com.br\/blog\/?p=103594"},"modified":"2019-11-08T16:46:09","modified_gmt":"2019-11-08T19:46:09","slug":"recursos-de-redacao-conteudo-para-pm-sp-cargo-soldado-de-2a-classe","status":"publish","type":"post","link":"https:\/\/www.estrategiaconcursos.com.br\/blog\/recursos-de-redacao-conteudo-para-pm-sp-cargo-soldado-de-2a-classe\/","title":{"rendered":"Recursos de Reda\u00e7\u00e3o (conte\u00fado) para a PM-SP &#8211; cargo soldado de 2\u00aa classe"},"content":{"rendered":"<p>&nbsp;<\/p>\n<table>\n<tbody>\n<tr>\n<td width=\"611\"><strong>\u00a0<\/strong><strong>Recursos para a prova discursiva PM-SP 2018<\/strong><\/p>\n<p><strong>\u00a0<\/strong><strong>Cargo: Soldado da PM 2\u00aa Classe<\/strong><\/p>\n<p><strong>Tema: Em nome da seguran\u00e7a da popula\u00e7\u00e3o, os governos devem interceptar trocas de mensagens eletr\u00f4nicas pessoais?<\/strong><\/td>\n<\/tr>\n<\/tbody>\n<\/table>\n<p style=\"text-align: justify\">Estrategianos, tudo bem?<\/p>\n<p style=\"text-align: justify\">Estou muito feliz em ter sido convidado pelo Coordenador de Provas Discursivas, Professor Carlos Roberto, para auxili\u00e1-los nesta fase de extrema import\u00e2ncia de seu concurso: <strong>recursos para a prova discursiva (macroestrutura) do concurso da PM-SP<\/strong>.<\/p>\n<p style=\"text-align: justify\">Antes de iniciarmos, quero fazer uma breve apresenta\u00e7\u00e3o:<\/p>\n<p style=\"text-align: justify\">Meu nome \u00e9 Raphael Reis, sou graduado em Hist\u00f3ria (UFJF), Especialista em Pol\u00edticas P\u00fablicas e Gest\u00e3o Social (UFJF), MBA em Organiza\u00e7\u00e3o de Campanha Eleitoral (Uninter) e Mestre em Sociologia da Educa\u00e7\u00e3o (UFJF). Atualmente, trabalho no Estrat\u00e9gia Concursos\/ENEM com as disciplinas de Filosofia, de Hist\u00f3ria e de Sociologia.<\/p>\n<p style=\"text-align: justify\">\u00a0Inicialmente, gostaria de dar-lhes os parab\u00e9ns por terem chegado at\u00e9 aqui em um concurso t\u00e3o concorrido e de alt\u00edssimo n\u00edvel organizado pela banca Vunesp, a qual, certamente, testou seus conhecimentos e comprovou que voc\u00eas est\u00e3o aptos para, a qualquer momento, ingressarem de forma majestosa na Administra\u00e7\u00e3o P\u00fablica do nosso pa\u00eds. <strong>Quem sabe n\u00e3o chegou a hora, n\u00e3o \u00e9 verdade? <\/strong>N\u00f3s, do Estrat\u00e9gia, trabalhamos com afinco para que isso se concretize!<\/p>\n<p style=\"text-align: justify\">Malgrado as dificuldades vivenciadas em sua trajet\u00f3ria at\u00e9 aqui, devo informar-lhes que ainda \u00e9 cedo para qualquer tipo de comemora\u00e7\u00e3o ou desist\u00eancia, pois o jogo s\u00f3 acaba quando o juiz apita o final da partida e, no seu caso, esse apito ainda n\u00e3o foi dado.<\/p>\n<p style=\"text-align: justify\"><strong>Professor, mas a classifica\u00e7\u00e3o muda tanto assim ap\u00f3s os recursos da prova discursiva?<\/strong> Posso dizer que quem acompanha os concursos p\u00fablicos h\u00e1 muitos anos, que essa fase \u00e9 t\u00e3o importante quanto a elabora\u00e7\u00e3o do texto discursivo que voc\u00ea fez no dia da sua prova. Por\u00e9m, h\u00e1 possibilidade real de a nota ser majorada? N\u00e3o s\u00f3 existe essa possibilidade, como temos conseguido resultados significativos nos \u00faltimos concursos p\u00fablicos. Alguns pontinhos a mais podem salvar sua classifica\u00e7\u00e3o e, por conseguinte, sua aprova\u00e7\u00e3o.<\/p>\n<p style=\"text-align: justify\">Nem sempre a banca erra ao corrigir sua prova, <strong>mas isso pode acontecer! <\/strong>Nem sempre a banca te devolve a pontua\u00e7\u00e3o quando est\u00e1 errada, <strong>mas isso pode acontecer! <\/strong>Nem sempre a banca te d\u00e1 uma nota abaixo daquela que realmente lhe \u00e9 devida, <strong>mas isso pode acontecer! <\/strong><\/p>\n<p style=\"text-align: justify\">Portanto, meus amigos, entrar com recursos na sua prova discursiva \u00e9 algo necess\u00e1rio para quem ainda se v\u00ea com chances de conseguir a classifica\u00e7\u00e3o dentro das vagas.<\/p>\n<p style=\"text-align: justify\">O meu foco aqui \u00e9 avaliar apenas a <strong>MACROESTRUTURA do seu texto (dom\u00ednio do conte\u00fado).<\/strong><\/p>\n<p style=\"text-align: justify\">Sem mais delongas, vamos ver o que disp\u00f5e o edital sobre os crit\u00e9rios de avalia\u00e7\u00e3o de sua reda\u00e7\u00e3o, bem como o processo de recurso. Vamos l\u00e1!<\/p>\n<p style=\"text-align: justify\"><strong>Sua prova ser\u00e1 avaliada nos seguintes itens:<\/strong><\/p>\n<ol style=\"text-align: justify\" start=\"4\">\n<li>A Prova Dissertativa (Parte II) ser\u00e1 avaliada na escala de 0 (zero) a 50 (cinquenta) pontos, sendo considerado aprovado o candidato que obtiver nota igual ou superior a 25 (vinte e cinco) pontos.<\/li>\n<\/ol>\n<p style=\"text-align: justify\">4.1. na avalia\u00e7\u00e3o da Prova Dissertativa (Parte II), ser\u00e3o considerados os crit\u00e9rios a seguir:<\/p>\n<p style=\"text-align: justify\">4.1.1. Tema: considera-se se o texto do candidato atende ao tema proposto. A fuga completa ao tema proposto \u00e9 motivo suficiente para que a reda\u00e7\u00e3o n\u00e3o seja corrigida em qualquer outro de seus aspectos, recebendo nota 0 (zero);<\/p>\n<p style=\"text-align: justify\">4.1.2. Estrutura (g\u00eanero\/tipo de texto e coer\u00eancia): consideram-se aqui, conjuntamente, os aspectos referentes ao g\u00eanero\/tipo de texto proposto e \u00e0 coer\u00eancia das ideias. A fuga completa ao g\u00eanero\/tipo de texto \u00e9 motivo suficiente para que a reda\u00e7\u00e3o n\u00e3o seja corrigida em qualquer outro de seus aspectos, recebendo nota 0 (zero). Avalia-se aqui como o candidato sustenta sua tese em termos argumentativos e como essa argumenta\u00e7\u00e3o est\u00e1 organizada, considerando-se a macroestrutura do texto dissertativo (introdu\u00e7\u00e3o, desenvolvimento e conclus\u00e3o). No g\u00eanero\/tipo de texto, avalia-se tamb\u00e9m o tipo de interlocu\u00e7\u00e3o constru\u00edda: por se tratar de uma disserta\u00e7\u00e3o, deve-se prezar pela objetividade, <strong>Di\u00e1rio Oficial <\/strong>Poder Executivo, Se\u00e7\u00e3o I, Vol. 127 \u2013 N\u00ba 184 \u2013 S\u00e3o Paulo, 29 de setembro de 2017, sexta-feira p\u00e1g. 204 \u00e0 208. sendo assim, o uso de primeira pessoa do singular e de segunda pessoa (singular e plural) poder\u00e1 ser penalizado. Ser\u00e1 considerado aspecto negativo a refer\u00eancia direta \u00e0 situa\u00e7\u00e3o imediata de produ\u00e7\u00e3o textual (ex.: como afirma o autor do primeiro texto\/da colet\u00e2nea\/do texto I; como solicitado nesta prova\/proposta de reda\u00e7\u00e3o). Na coer\u00eancia, ser\u00e1 observada, al\u00e9m da pertin\u00eancia dos argumentos mobilizados para a defesa do ponto de vista, a capacidade do candidato de encadear as ideias de forma l\u00f3gica e coerente (progress\u00e3o textual). Ser\u00e3o considerados aspectos negativos a presen\u00e7a de contradi\u00e7\u00f5es entre as ideias, a falta de partes da macroestrutura dissertativa, a falta de desenvolvimento das ideias ou a presen\u00e7a de conclus\u00f5es n\u00e3o decorrentes do que foi previamente exposto;<\/p>\n<p style=\"text-align: justify\">4.1.3. Express\u00e3o (coes\u00e3o e modalidade): consideram-se neste item os aspectos<\/p>\n<p style=\"text-align: justify\">\u00a0referentes \u00e0 coes\u00e3o textual e ao dom\u00ednio da norma-padr\u00e3o da l\u00edngua portuguesa. Na coes\u00e3o, avalia-se a utiliza\u00e7\u00e3o dos recursos coesivos da l\u00edngua (an\u00e1foras, cat\u00e1foras, substitui\u00e7\u00f5es, conjun\u00e7\u00f5es etc.) de modo a tornar a rela\u00e7\u00e3o entre frases e per\u00edodos e entre os par\u00e1grafos do texto mais clara e precisa. Ser\u00e3o considerados aspectos negativos as quebras entre frases ou par\u00e1grafos e o emprego inadequado de recursos coesivos. Na modalidade, ser\u00e3o examinados os aspectos gramaticais como ortografia, morfologia, sintaxe e pontua\u00e7\u00e3o, bem como a escolha lexical (precis\u00e3o vocabular) e o grau de formalidade\/informalidade expressa em palavras e express\u00f5es.<\/p>\n<p style=\"text-align: justify\"><strong>Ok, professor, entendi, mas como fazer o recurso contra o resultado provis\u00f3rio da prova discursiva?<\/strong><\/p>\n<p style=\"text-align: justify\">Voc\u00ea tem que ser bem esperto e agir r\u00e1pido!<\/p>\n<p style=\"text-align: justify\">Os\u00a0candidatos\u00a0poder\u00e3o\u00a0ter\u00a0acesso\u00a0\u00e0\u00a0prova\u00a0discursiva\u00a0e\u00a0aos\u00a0espelhos\u00a0de\u00a0avalia\u00e7\u00e3o\u00a0e\u00a0interpor\u00a0recurso\u00a0contra o\u00a0resultado\u00a0provis\u00f3rio\u00a0na\u00a0prova\u00a0discursiva,\u00a0<strong>das\u00a09\u00a0horas\u00a0do\u00a0dia\u00a022 de janeiro\u00a0de\u00a02018\u00a0\u00e0s\u00a018\u00a0horas\u00a0do dia\u00a025 de janeiro<\/strong><strong>. <\/strong>(hor\u00e1rio\u00a0 oficial\u00a0 de\u00a0 Bras\u00edlia\/DF),\u00a0 no\u00a0 endere\u00e7o\u00a0 eletr\u00f4nico\u00a0da banca organizadora Vunesp, por meio do Sistema de Interposi\u00e7\u00e3o de Recursos.<\/p>\n<p style=\"text-align: justify\">Ap\u00f3s\u00a0esse\u00a0per\u00edodo,\u00a0n\u00e3o\u00a0ser\u00e3o\u00a0aceitos\u00a0pedidos\u00a0de\u00a0revis\u00e3o.<\/p>\n<p style=\"text-align: justify\">\u00c9 fundamental que voc\u00eas tenham acesso ao caderno de respostas o mais r\u00e1pido poss\u00edvel at\u00e9 o dia 24 de janeiro para que possamos preparar seu recurso de forma bem fundamentada e com tranquilidade, ok?<\/p>\n<p style=\"text-align: justify\">Assim que voc\u00ea tiver acesso ao seu caderno de respostas, dever\u00e1 me disponibilizar por meio da \u00e1rea do aluno no site do Estrat\u00e9gia Concursos o mais r\u00e1pido poss\u00edvel, os seguintes arquivos:<\/p>\n<p style=\"text-align: justify\"><strong>1<\/strong><strong>) C\u00f3pia escaneada leg\u00edvel da sua reda\u00e7\u00e3o; <\/strong><\/p>\n<p style=\"text-align: justify\"><strong>2) Texto escrito em arquivo separado (doc. \u201cword\u201d) da sua prova discursiva; <\/strong><\/p>\n<p style=\"text-align: justify\"><strong>3) Barema da banca (avalia\u00e7\u00e3o que lhe foi atribu\u00edda em cada item). <\/strong><\/p>\n<p style=\"text-align: justify\">Devo lembrar-lhes que as <strong>vagas s\u00e3o limitadas \u2013 temos somente 10 (dez)<\/strong>, pois, haja vista o tempo ex\u00edguo para a elabora\u00e7\u00e3o dos recursos, \u00e9 necess\u00e1rio impor esse limite para que eu possa atender a todos com a qualidade necess\u00e1ria e em tempo h\u00e1bil (<strong>s\u00f3 vamos aceitar o envio at\u00e9 4 horas antes do prazo final, isto \u00e9, at\u00e9 \u00e0s 14h do dia 25 de janeiro<\/strong>). Ap\u00f3s a confec\u00e7\u00e3o dos recursos, ser\u00e1 de inteira <strong>responsabilidade do aluno <\/strong>envi\u00e1-los para avalia\u00e7\u00e3o da banca examinadora no site da Vunesp.<\/p>\n<table>\n<tbody>\n<tr>\n<td width=\"670\"><strong>Duas coisas precisam ficar muito claras:<\/strong><\/p>\n<p>&nbsp;<\/p>\n<p><em>&#8211; a contrata\u00e7\u00e3o do nosso servi\u00e7o n\u00e3o garante a majora\u00e7\u00e3o da sua nota! \u00c9 uma possibilidade!<\/em><\/p>\n<p><em>&#8211; ao receber o seu texto, vou avaliar de maneira muito honesta, fazendo uma an\u00e1lise minuciosa de cada erro apontado pela banca. Se n\u00e3o houver possibilidade de recurso, devolveremos 70% do valor.<\/em><\/p>\n<p>&nbsp;<\/td>\n<\/tr>\n<\/tbody>\n<\/table>\n<p style=\"text-align: justify\">Comprometo-me a doar meu m\u00e1ximo em prol de conseguirmos alguns pontos ou d\u00e9cimos em sua nota final. Contudo, isso depender\u00e1, em grande parte, do texto que foi produzido por voc\u00ea e das margens que ele nos deixou para que possamos argumentar com o examinador a possibilidade de majora\u00e7\u00e3o de sua pontua\u00e7\u00e3o.<\/p>\n<p style=\"text-align: justify\">Feitos esses esclarecimentos, desejo-lhes boa sorte com os recursos e espero, sinceramente, que obtenhamos \u00eaxito para que possamos comemorar sua aprova\u00e7\u00e3o!<\/p>\n<p style=\"text-align: justify\">Coloco-me \u00e0 disposi\u00e7\u00e3o de voc\u00eas neste pr\u00f3ximo desafio!<\/p>\n<p style=\"text-align: center\"><a href=\"https:\/\/www.estrategiaconcursos.com.br\/curso\/recurso-p-pm-sp\/\"><strong>RECURSO &#8211; DISCURSIVA PM-SP<\/strong><\/a><\/p>\n<p>&nbsp;<\/p>\n<p><strong>Contatos:<\/strong><\/p>\n<p><strong>\u00a0<\/strong><\/p>\n<p>YouTube: Don Raphael Reis<\/p>\n<p>Facebook: Professor Raphael Reis<\/p>\n<p>Instagram: profraphaelreis<\/p>\n<p>E-mail: profraphaelreis@gmail.com<\/p>\n","protected":false},"excerpt":{"rendered":"<p>&nbsp; \u00a0Recursos para a prova discursiva PM-SP 2018 \u00a0Cargo: Soldado da PM 2\u00aa Classe Tema: Em nome da seguran\u00e7a da popula\u00e7\u00e3o, os governos devem interceptar trocas de mensagens eletr\u00f4nicas pessoais? Estrategianos, tudo bem? Estou muito feliz em ter sido convidado pelo Coordenador de Provas Discursivas, Professor Carlos Roberto, para auxili\u00e1-los nesta fase de extrema import\u00e2ncia [&hellip;]<\/p>\n","protected":false},"author":384,"featured_media":0,"comment_status":"open","ping_status":"closed","sticky":false,"template":"","format":"standard","meta":{"post_tipo":"article","footnotes":""},"categories":[1,1988],"tags":[3412,3410,3411,3413],"tax_estado":[],"class_list":["post-103594","post","type-post","status-publish","format-standard","hentry","category-cursos-e-concursos","category-policia","tag-cargo-soldado-de-2a-classe","tag-recurso-redacao-pm-sp","tag-redacao-pm-sp","tag-seguranca-publica"],"acf":[],"yoast_head":"<!-- This site is optimized with the Yoast SEO Premium plugin v27.2 (Yoast SEO v27.2) - https:\/\/yoast.com\/product\/yoast-seo-premium-wordpress\/ -->\n<title>Recursos de Reda\u00e7\u00e3o (conte\u00fado) para a PM-SP - cargo soldado de 2\u00aa classe<\/title>\n<meta name=\"robots\" content=\"index, follow, max-snippet:-1, max-image-preview:large, max-video-preview:-1\" \/>\n<link rel=\"canonical\" href=\"https:\/\/www.estrategiaconcursos.com.br\/blog\/recursos-de-redacao-conteudo-para-pm-sp-cargo-soldado-de-2a-classe\/\" \/>\n<meta property=\"og:locale\" content=\"pt_BR\" \/>\n<meta property=\"og:type\" content=\"article\" \/>\n<meta property=\"og:title\" content=\"Recursos de Reda\u00e7\u00e3o (conte\u00fado) para a PM-SP - cargo soldado de 2\u00aa classe\" \/>\n<meta property=\"og:description\" content=\"&nbsp; \u00a0Recursos para a prova discursiva PM-SP 2018 \u00a0Cargo: Soldado da PM 2\u00aa Classe Tema: Em nome da seguran\u00e7a da popula\u00e7\u00e3o, os governos devem interceptar trocas de mensagens eletr\u00f4nicas pessoais? Estrategianos, tudo bem? Estou muito feliz em ter sido convidado pelo Coordenador de Provas Discursivas, Professor Carlos Roberto, para auxili\u00e1-los nesta fase de extrema import\u00e2ncia [&hellip;]\" \/>\n<meta property=\"og:url\" content=\"https:\/\/www.estrategiaconcursos.com.br\/blog\/recursos-de-redacao-conteudo-para-pm-sp-cargo-soldado-de-2a-classe\/\" \/>\n<meta property=\"og:site_name\" content=\"Estrat\u00e9gia Concursos\" \/>\n<meta property=\"article:published_time\" content=\"2018-01-23T18:45:40+00:00\" \/>\n<meta property=\"article:modified_time\" content=\"2019-11-08T19:46:09+00:00\" \/>\n<meta name=\"author\" content=\"Raphael de Oliveira Reis\" \/>\n<meta name=\"twitter:card\" content=\"summary_large_image\" \/>\n<meta name=\"twitter:creator\" content=\"@EstratConcursos\" \/>\n<meta name=\"twitter:site\" content=\"@EstratConcursos\" \/>\n<meta name=\"twitter:label1\" content=\"Escrito por\" \/>\n\t<meta name=\"twitter:data1\" content=\"Raphael de Oliveira Reis\" \/>\n\t<meta name=\"twitter:label2\" content=\"Est. tempo de leitura\" \/>\n\t<meta name=\"twitter:data2\" content=\"7 minutos\" \/>\n<script type=\"application\/ld+json\" class=\"yoast-schema-graph\">{\"@context\":\"https:\/\/schema.org\",\"@graph\":[{\"@type\":\"NewsArticle\",\"@id\":\"https:\/\/www.estrategiaconcursos.com.br\/blog\/recursos-de-redacao-conteudo-para-pm-sp-cargo-soldado-de-2a-classe\/#article\",\"isPartOf\":{\"@id\":\"https:\/\/www.estrategiaconcursos.com.br\/blog\/recursos-de-redacao-conteudo-para-pm-sp-cargo-soldado-de-2a-classe\/\"},\"author\":{\"name\":\"Raphael de Oliveira Reis\",\"@id\":\"https:\/\/www.estrategiaconcursos.com.br\/blog\/#\/schema\/person\/b49a1a49e5ef8a9f8d3268e74404a911\"},\"headline\":\"Recursos de Reda\u00e7\u00e3o (conte\u00fado) para a PM-SP &#8211; cargo soldado de 2\u00aa classe\",\"datePublished\":\"2018-01-23T18:45:40+00:00\",\"dateModified\":\"2019-11-08T19:46:09+00:00\",\"mainEntityOfPage\":{\"@id\":\"https:\/\/www.estrategiaconcursos.com.br\/blog\/recursos-de-redacao-conteudo-para-pm-sp-cargo-soldado-de-2a-classe\/\"},\"wordCount\":1433,\"commentCount\":2,\"publisher\":{\"@id\":\"https:\/\/www.estrategiaconcursos.com.br\/blog\/#organization\"},\"keywords\":[\"cargo soldado de 2\u00aa classe\",\"Recurso reda\u00e7\u00e3o PM-SP\",\"Reda\u00e7\u00e3o PM-SP\",\"seguran\u00e7a p\u00fablica\"],\"articleSection\":[\"Concursos P\u00fablicos\",\"Policial (Agente, Escriv\u00e3o e Investigador)\"],\"inLanguage\":\"pt-BR\",\"potentialAction\":[{\"@type\":\"CommentAction\",\"name\":\"Comment\",\"target\":[\"https:\/\/www.estrategiaconcursos.com.br\/blog\/recursos-de-redacao-conteudo-para-pm-sp-cargo-soldado-de-2a-classe\/#respond\"]}],\"copyrightYear\":\"2018\",\"copyrightHolder\":{\"@id\":\"https:\/\/www.estrategiaconcursos.com.br\/blog\/#organization\"}},{\"@type\":\"WebPage\",\"@id\":\"https:\/\/www.estrategiaconcursos.com.br\/blog\/recursos-de-redacao-conteudo-para-pm-sp-cargo-soldado-de-2a-classe\/\",\"url\":\"https:\/\/www.estrategiaconcursos.com.br\/blog\/recursos-de-redacao-conteudo-para-pm-sp-cargo-soldado-de-2a-classe\/\",\"name\":\"Recursos de Reda\u00e7\u00e3o (conte\u00fado) para a PM-SP - cargo soldado de 2\u00aa classe\",\"isPartOf\":{\"@id\":\"https:\/\/www.estrategiaconcursos.com.br\/blog\/#website\"},\"datePublished\":\"2018-01-23T18:45:40+00:00\",\"dateModified\":\"2019-11-08T19:46:09+00:00\",\"breadcrumb\":{\"@id\":\"https:\/\/www.estrategiaconcursos.com.br\/blog\/recursos-de-redacao-conteudo-para-pm-sp-cargo-soldado-de-2a-classe\/#breadcrumb\"},\"inLanguage\":\"pt-BR\",\"potentialAction\":[{\"@type\":\"ReadAction\",\"target\":[\"https:\/\/www.estrategiaconcursos.com.br\/blog\/recursos-de-redacao-conteudo-para-pm-sp-cargo-soldado-de-2a-classe\/\"]}]},{\"@type\":\"BreadcrumbList\",\"@id\":\"https:\/\/www.estrategiaconcursos.com.br\/blog\/recursos-de-redacao-conteudo-para-pm-sp-cargo-soldado-de-2a-classe\/#breadcrumb\",\"itemListElement\":[{\"@type\":\"ListItem\",\"position\":1,\"name\":\"In\u00edcio\",\"item\":\"https:\/\/www.estrategiaconcursos.com.br\/blog\/\"},{\"@type\":\"ListItem\",\"position\":2,\"name\":\"Recursos de Reda\u00e7\u00e3o (conte\u00fado) para a PM-SP &#8211; cargo soldado de 2\u00aa classe\"}]},{\"@type\":\"WebSite\",\"@id\":\"https:\/\/www.estrategiaconcursos.com.br\/blog\/#website\",\"url\":\"https:\/\/www.estrategiaconcursos.com.br\/blog\/\",\"name\":\"Estrat\u00e9gia Concursos\",\"description\":\"O blog da Estrat\u00e9gia Concursos traz not\u00edcias sobre concursos e artigos de professores oferecendo cursos para concursos (pdf + videaulas) no site.\",\"publisher\":{\"@id\":\"https:\/\/www.estrategiaconcursos.com.br\/blog\/#organization\"},\"potentialAction\":[{\"@type\":\"SearchAction\",\"target\":{\"@type\":\"EntryPoint\",\"urlTemplate\":\"https:\/\/www.estrategiaconcursos.com.br\/blog\/?s={search_term_string}\"},\"query-input\":{\"@type\":\"PropertyValueSpecification\",\"valueRequired\":true,\"valueName\":\"search_term_string\"}}],\"inLanguage\":\"pt-BR\"},{\"@type\":\"Organization\",\"@id\":\"https:\/\/www.estrategiaconcursos.com.br\/blog\/#organization\",\"name\":\"Estrat\u00e9gia Concursos\",\"url\":\"https:\/\/www.estrategiaconcursos.com.br\/blog\/\",\"logo\":{\"@type\":\"ImageObject\",\"inLanguage\":\"pt-BR\",\"@id\":\"https:\/\/www.estrategiaconcursos.com.br\/blog\/#\/schema\/logo\/image\/\",\"url\":\"https:\/\/dhg1h5j42swfq.cloudfront.net\/2025\/06\/03203428\/logo_concursos-1.jpg\",\"contentUrl\":\"https:\/\/dhg1h5j42swfq.cloudfront.net\/2025\/06\/03203428\/logo_concursos-1.jpg\",\"width\":230,\"height\":60,\"caption\":\"Estrat\u00e9gia Concursos\"},\"image\":{\"@id\":\"https:\/\/www.estrategiaconcursos.com.br\/blog\/#\/schema\/logo\/image\/\"},\"sameAs\":[\"https:\/\/x.com\/EstratConcursos\"]},{\"@type\":\"Person\",\"@id\":\"https:\/\/www.estrategiaconcursos.com.br\/blog\/#\/schema\/person\/b49a1a49e5ef8a9f8d3268e74404a911\",\"name\":\"Raphael de Oliveira Reis\",\"image\":{\"@type\":\"ImageObject\",\"inLanguage\":\"pt-BR\",\"@id\":\"https:\/\/secure.gravatar.com\/avatar\/b1c5789180fc7bfb5103ec006c301370c02393e37aa13c55f6d72f05fcc76b3b?s=96&d=mm&r=g\",\"url\":\"https:\/\/secure.gravatar.com\/avatar\/b1c5789180fc7bfb5103ec006c301370c02393e37aa13c55f6d72f05fcc76b3b?s=96&d=mm&r=g\",\"contentUrl\":\"https:\/\/secure.gravatar.com\/avatar\/b1c5789180fc7bfb5103ec006c301370c02393e37aa13c55f6d72f05fcc76b3b?s=96&d=mm&r=g\",\"caption\":\"Raphael de Oliveira Reis\"},\"url\":\"https:\/\/www.estrategiaconcursos.com.br\/blog\/author\/profraphaelreisgmail-com\/\"}]}<\/script>\n<!-- \/ Yoast SEO Premium plugin. -->","yoast_head_json":{"title":"Recursos de Reda\u00e7\u00e3o (conte\u00fado) para a PM-SP - cargo soldado de 2\u00aa classe","robots":{"index":"index","follow":"follow","max-snippet":"max-snippet:-1","max-image-preview":"max-image-preview:large","max-video-preview":"max-video-preview:-1"},"canonical":"https:\/\/www.estrategiaconcursos.com.br\/blog\/recursos-de-redacao-conteudo-para-pm-sp-cargo-soldado-de-2a-classe\/","og_locale":"pt_BR","og_type":"article","og_title":"Recursos de Reda\u00e7\u00e3o (conte\u00fado) para a PM-SP - cargo soldado de 2\u00aa classe","og_description":"&nbsp; \u00a0Recursos para a prova discursiva PM-SP 2018 \u00a0Cargo: Soldado da PM 2\u00aa Classe Tema: Em nome da seguran\u00e7a da popula\u00e7\u00e3o, os governos devem interceptar trocas de mensagens eletr\u00f4nicas pessoais? Estrategianos, tudo bem? Estou muito feliz em ter sido convidado pelo Coordenador de Provas Discursivas, Professor Carlos Roberto, para auxili\u00e1-los nesta fase de extrema import\u00e2ncia [&hellip;]","og_url":"https:\/\/www.estrategiaconcursos.com.br\/blog\/recursos-de-redacao-conteudo-para-pm-sp-cargo-soldado-de-2a-classe\/","og_site_name":"Estrat\u00e9gia Concursos","article_published_time":"2018-01-23T18:45:40+00:00","article_modified_time":"2019-11-08T19:46:09+00:00","author":"Raphael de Oliveira Reis","twitter_card":"summary_large_image","twitter_creator":"@EstratConcursos","twitter_site":"@EstratConcursos","twitter_misc":{"Escrito por":"Raphael de Oliveira Reis","Est. tempo de leitura":"7 minutos"},"schema":{"@context":"https:\/\/schema.org","@graph":[{"@type":"NewsArticle","@id":"https:\/\/www.estrategiaconcursos.com.br\/blog\/recursos-de-redacao-conteudo-para-pm-sp-cargo-soldado-de-2a-classe\/#article","isPartOf":{"@id":"https:\/\/www.estrategiaconcursos.com.br\/blog\/recursos-de-redacao-conteudo-para-pm-sp-cargo-soldado-de-2a-classe\/"},"author":{"name":"Raphael de Oliveira Reis","@id":"https:\/\/www.estrategiaconcursos.com.br\/blog\/#\/schema\/person\/b49a1a49e5ef8a9f8d3268e74404a911"},"headline":"Recursos de Reda\u00e7\u00e3o (conte\u00fado) para a PM-SP &#8211; cargo soldado de 2\u00aa classe","datePublished":"2018-01-23T18:45:40+00:00","dateModified":"2019-11-08T19:46:09+00:00","mainEntityOfPage":{"@id":"https:\/\/www.estrategiaconcursos.com.br\/blog\/recursos-de-redacao-conteudo-para-pm-sp-cargo-soldado-de-2a-classe\/"},"wordCount":1433,"commentCount":2,"publisher":{"@id":"https:\/\/www.estrategiaconcursos.com.br\/blog\/#organization"},"keywords":["cargo soldado de 2\u00aa classe","Recurso reda\u00e7\u00e3o PM-SP","Reda\u00e7\u00e3o PM-SP","seguran\u00e7a p\u00fablica"],"articleSection":["Concursos P\u00fablicos","Policial (Agente, Escriv\u00e3o e Investigador)"],"inLanguage":"pt-BR","potentialAction":[{"@type":"CommentAction","name":"Comment","target":["https:\/\/www.estrategiaconcursos.com.br\/blog\/recursos-de-redacao-conteudo-para-pm-sp-cargo-soldado-de-2a-classe\/#respond"]}],"copyrightYear":"2018","copyrightHolder":{"@id":"https:\/\/www.estrategiaconcursos.com.br\/blog\/#organization"}},{"@type":"WebPage","@id":"https:\/\/www.estrategiaconcursos.com.br\/blog\/recursos-de-redacao-conteudo-para-pm-sp-cargo-soldado-de-2a-classe\/","url":"https:\/\/www.estrategiaconcursos.com.br\/blog\/recursos-de-redacao-conteudo-para-pm-sp-cargo-soldado-de-2a-classe\/","name":"Recursos de Reda\u00e7\u00e3o (conte\u00fado) para a PM-SP - cargo soldado de 2\u00aa classe","isPartOf":{"@id":"https:\/\/www.estrategiaconcursos.com.br\/blog\/#website"},"datePublished":"2018-01-23T18:45:40+00:00","dateModified":"2019-11-08T19:46:09+00:00","breadcrumb":{"@id":"https:\/\/www.estrategiaconcursos.com.br\/blog\/recursos-de-redacao-conteudo-para-pm-sp-cargo-soldado-de-2a-classe\/#breadcrumb"},"inLanguage":"pt-BR","potentialAction":[{"@type":"ReadAction","target":["https:\/\/www.estrategiaconcursos.com.br\/blog\/recursos-de-redacao-conteudo-para-pm-sp-cargo-soldado-de-2a-classe\/"]}]},{"@type":"BreadcrumbList","@id":"https:\/\/www.estrategiaconcursos.com.br\/blog\/recursos-de-redacao-conteudo-para-pm-sp-cargo-soldado-de-2a-classe\/#breadcrumb","itemListElement":[{"@type":"ListItem","position":1,"name":"In\u00edcio","item":"https:\/\/www.estrategiaconcursos.com.br\/blog\/"},{"@type":"ListItem","position":2,"name":"Recursos de Reda\u00e7\u00e3o (conte\u00fado) para a PM-SP &#8211; cargo soldado de 2\u00aa classe"}]},{"@type":"WebSite","@id":"https:\/\/www.estrategiaconcursos.com.br\/blog\/#website","url":"https:\/\/www.estrategiaconcursos.com.br\/blog\/","name":"Estrat\u00e9gia Concursos","description":"O blog da Estrat\u00e9gia Concursos traz not\u00edcias sobre concursos e artigos de professores oferecendo cursos para concursos (pdf + videaulas) no site.","publisher":{"@id":"https:\/\/www.estrategiaconcursos.com.br\/blog\/#organization"},"potentialAction":[{"@type":"SearchAction","target":{"@type":"EntryPoint","urlTemplate":"https:\/\/www.estrategiaconcursos.com.br\/blog\/?s={search_term_string}"},"query-input":{"@type":"PropertyValueSpecification","valueRequired":true,"valueName":"search_term_string"}}],"inLanguage":"pt-BR"},{"@type":"Organization","@id":"https:\/\/www.estrategiaconcursos.com.br\/blog\/#organization","name":"Estrat\u00e9gia Concursos","url":"https:\/\/www.estrategiaconcursos.com.br\/blog\/","logo":{"@type":"ImageObject","inLanguage":"pt-BR","@id":"https:\/\/www.estrategiaconcursos.com.br\/blog\/#\/schema\/logo\/image\/","url":"https:\/\/dhg1h5j42swfq.cloudfront.net\/2025\/06\/03203428\/logo_concursos-1.jpg","contentUrl":"https:\/\/dhg1h5j42swfq.cloudfront.net\/2025\/06\/03203428\/logo_concursos-1.jpg","width":230,"height":60,"caption":"Estrat\u00e9gia Concursos"},"image":{"@id":"https:\/\/www.estrategiaconcursos.com.br\/blog\/#\/schema\/logo\/image\/"},"sameAs":["https:\/\/x.com\/EstratConcursos"]},{"@type":"Person","@id":"https:\/\/www.estrategiaconcursos.com.br\/blog\/#\/schema\/person\/b49a1a49e5ef8a9f8d3268e74404a911","name":"Raphael de Oliveira Reis","image":{"@type":"ImageObject","inLanguage":"pt-BR","@id":"https:\/\/secure.gravatar.com\/avatar\/b1c5789180fc7bfb5103ec006c301370c02393e37aa13c55f6d72f05fcc76b3b?s=96&d=mm&r=g","url":"https:\/\/secure.gravatar.com\/avatar\/b1c5789180fc7bfb5103ec006c301370c02393e37aa13c55f6d72f05fcc76b3b?s=96&d=mm&r=g","contentUrl":"https:\/\/secure.gravatar.com\/avatar\/b1c5789180fc7bfb5103ec006c301370c02393e37aa13c55f6d72f05fcc76b3b?s=96&d=mm&r=g","caption":"Raphael de Oliveira Reis"},"url":"https:\/\/www.estrategiaconcursos.com.br\/blog\/author\/profraphaelreisgmail-com\/"}]}},"_links":{"self":[{"href":"https:\/\/www.estrategiaconcursos.com.br\/blog\/wp-json\/wp\/v2\/posts\/103594","targetHints":{"allow":["GET"]}}],"collection":[{"href":"https:\/\/www.estrategiaconcursos.com.br\/blog\/wp-json\/wp\/v2\/posts"}],"about":[{"href":"https:\/\/www.estrategiaconcursos.com.br\/blog\/wp-json\/wp\/v2\/types\/post"}],"author":[{"embeddable":true,"href":"https:\/\/www.estrategiaconcursos.com.br\/blog\/wp-json\/wp\/v2\/users\/384"}],"replies":[{"embeddable":true,"href":"https:\/\/www.estrategiaconcursos.com.br\/blog\/wp-json\/wp\/v2\/comments?post=103594"}],"version-history":[{"count":2,"href":"https:\/\/www.estrategiaconcursos.com.br\/blog\/wp-json\/wp\/v2\/posts\/103594\/revisions"}],"predecessor-version":[{"id":103612,"href":"https:\/\/www.estrategiaconcursos.com.br\/blog\/wp-json\/wp\/v2\/posts\/103594\/revisions\/103612"}],"wp:attachment":[{"href":"https:\/\/www.estrategiaconcursos.com.br\/blog\/wp-json\/wp\/v2\/media?parent=103594"}],"wp:term":[{"taxonomy":"category","embeddable":true,"href":"https:\/\/www.estrategiaconcursos.com.br\/blog\/wp-json\/wp\/v2\/categories?post=103594"},{"taxonomy":"post_tag","embeddable":true,"href":"https:\/\/www.estrategiaconcursos.com.br\/blog\/wp-json\/wp\/v2\/tags?post=103594"},{"taxonomy":"tax_estado","embeddable":true,"href":"https:\/\/www.estrategiaconcursos.com.br\/blog\/wp-json\/wp\/v2\/tax_estado?post=103594"}],"curies":[{"name":"wp","href":"https:\/\/api.w.org\/{rel}","templated":true}]}}