{"id":1035746,"date":"2022-07-22T14:36:00","date_gmt":"2022-07-22T17:36:00","guid":{"rendered":"https:\/\/www.estrategiaconcursos.com.br\/blog\/?p=1035746"},"modified":"2023-08-31T14:40:38","modified_gmt":"2023-08-31T17:40:38","slug":"obrigacoes-ipva-p-sefaz-mt","status":"publish","type":"post","link":"https:\/\/www.estrategiaconcursos.com.br\/blog\/obrigacoes-ipva-p-sefaz-mt\/","title":{"rendered":"Resumo sobre obriga\u00e7\u00f5es IPVA p\/ SEFAZ-MT \u2013 Lei 7.301\/00"},"content":{"rendered":"\n<p>Ol\u00e1, pessoal. Tudo certo? No artigo de hoje veremos o Resumo sobre obriga\u00e7\u00f5es IPVA p\/ SEFAZ-MT, tema disciplinado na Lei 7.301\/00.<\/p>\n\n\n\n<p>T\u00f3picos a serem vistos:<\/p>\n\n\n\n<ul class=\"wp-block-list\">\n<li>Pagamento<\/li>\n\n\n\n<li>Restitui\u00e7\u00e3o<\/li>\n\n\n\n<li>Obriga\u00e7\u00f5es Acess\u00f3rias<\/li>\n\n\n\n<li>Obriga\u00e7\u00f5es Acess\u00f3rias<\/li>\n\n\n\n<li>Acr\u00e9scimos Legais e Penalidades<\/li>\n\n\n\n<li>Fiscaliza\u00e7\u00e3o<\/li>\n\n\n\n<li>Disposi\u00e7\u00f5es Gerais<\/li>\n<\/ul>\n\n\n\n<figure class=\"wp-block-image aligncenter size-full\"><img loading=\"lazy\" decoding=\"async\" width=\"334\" height=\"109\" src=\"https:\/\/dhg1h5j42swfq.cloudfront.net\/2022\/05\/29115343\/image-372.png\" alt=\"Resumo sobre o IPVA p\/ SEFAZ-MT \u2013 Lei 7.301\/00 \" class=\"wp-image-1035747\" srcset=\"https:\/\/dhg1h5j42swfq.cloudfront.net\/2022\/05\/29115343\/image-372.png 334w, https:\/\/dhg1h5j42swfq.cloudfront.net\/2022\/05\/29115343\/image-372-300x98.png 300w\" sizes=\"auto, (max-width: 334px) 100vw, 334px\" \/><figcaption class=\"wp-element-caption\">Resumo sobre o IPVA p\/ SEFAZ-MT \u2013 Lei 7.301\/00 <\/figcaption><\/figure>\n\n\n\n<p>Preparado (a)? Vamos l\u00e1.<\/p>\n\n\n\n<h2 class=\"wp-block-heading\" id=\"pagamento\">Pagamento<\/h2>\n\n\n\n<p>Iniciemos o Resumo sobre obriga\u00e7\u00f5es IPVA p\/ SEFAZ-MT pelo pagamento do IPVA.<\/p>\n\n\n\n<p>Apesar das disposi\u00e7\u00f5es do pagamento serem tratadas no regulamento, podemos verificar a possibilidade do pagamento \u00e0 vista com desconto, o parcelamento de of\u00edcio e tamb\u00e9m desconto devido \u00e0 participa\u00e7\u00e3o do programa de Nota fiscal MT.<\/p>\n\n\n\n<p><mark style=\"background-color:rgba(0, 0, 0, 0)\" class=\"has-inline-color has-vivid-cyan-blue-color\"><strong>Pagamento<\/strong> <\/mark>(Art. 13): local, o prazo e a forma ser\u00e3o estabelecidos em regulamento.<\/p>\n\n\n\n<ul class=\"wp-block-list\">\n<li><strong><mark style=\"background-color:rgba(0, 0, 0, 0)\" class=\"has-inline-color has-vivid-green-cyan-color\">Pagamento \u00e0 vista<\/mark> <\/strong>(Art. 13, \u00a72\u00ba): poder\u00e1 ser concedido desconto<\/li>\n<\/ul>\n\n\n\n<ul class=\"wp-block-list\">\n<li><strong><mark style=\"background-color:rgba(0, 0, 0, 0)\" class=\"has-inline-color has-vivid-green-cyan-color\">Parcelamento de of\u00edcio<\/mark><\/strong> (Art. 13, \u00a71\u00ba): <strong>at\u00e9 6 parcelas iguais<\/strong>, mensais e sucessivas, desde que o vencimento da \u00faltima parcela ocorra dentro do respectivo exerc\u00edcio.<\/li>\n<\/ul>\n\n\n\n<ul class=\"wp-block-list\">\n<li><strong><mark style=\"background-color:rgba(0, 0, 0, 0)\" class=\"has-inline-color has-vivid-green-cyan-color\">Programa Nota MT<\/mark><\/strong> (Art. 13-A): Executivo autorizado a conceder <strong>cr\u00e9dito para abatimento no valor do IPVA<\/strong>, de at\u00e9 R$ 100, por exerc\u00edcio, limitado a um ve\u00edculo para cada contribuinte, em decorr\u00eancia da participa\u00e7\u00e3o do cidad\u00e3o no Programa Nota MT<\/li>\n<\/ul>\n\n\n\n<p>\u00c9 importante saber que para algumas hip\u00f3teses ser\u00e1 necess\u00e1rio realizar o pagamento no ato, como \u00e9 o caso de transfer\u00eancia do ve\u00edculo.<\/p>\n\n\n\n<p><strong><mark style=\"background-color:rgba(0, 0, 0, 0)\" class=\"has-inline-color has-vivid-cyan-blue-color\">Pagamento antecipado<\/mark> <\/strong>(Art. 15): <strong>pagamento na data do ato<\/strong>, no caso de <strong>aliena\u00e7\u00e3o<\/strong> ou de transfer\u00eancia da propriedade de ve\u00edculo, ou sua posse nas hip\u00f3teses de aquisi\u00e7\u00e3o atrav\u00e9s de aliena\u00e7\u00e3o fiduci\u00e1ria em garantia ou de arrendamento mercantil, para <strong>pessoa domiciliada em outra UF.<\/strong><\/p>\n\n\n\n<p>Tamb\u00e9m vejamos as disposi\u00e7\u00f5es sobre o IPVA em atraso.<\/p>\n\n\n\n<p><mark style=\"background-color:rgba(0, 0, 0, 0)\" class=\"has-inline-color has-vivid-cyan-blue-color\"><strong>D\u00e9bitos vencidos<\/strong> <\/mark>(Art. 15-A): poder\u00e3o ser objeto de acordo de parcelamento em at\u00e9 <strong>6 parcelas <\/strong>iguais, mensais e sucessivas <mark style=\"background-color:rgba(0, 0, 0, 0)\" class=\"has-inline-color has-vivid-purple-color\">-> acr\u00e9scimo de corre\u00e7\u00e3o monet\u00e1ria, juros e multa de mora (\u00a71\u00ba)<\/mark><\/p>\n\n\n\n<p><strong><mark style=\"background-color:rgba(0, 0, 0, 0)\" class=\"has-inline-color has-vivid-green-cyan-color\">Limite m\u00ednimo de cada parcela<\/mark><\/strong> (Art. 15-A, \u00a72\u00ba): 25% do valor da UPF\/MT, na data da solicita\u00e7\u00e3o eletr\u00f4nica.<\/p>\n\n\n\n<h3 class=\"wp-block-heading\" id=\"ipva-proporcional\">IPVA proporcional<\/h3>\n\n\n\n<p>Da apura\u00e7\u00e3o do IPVA, por vezes o IPVA n\u00e3o ser\u00e1 \u201ccheio\u201d, incidindo apenas em parte do exerc\u00edcio, ou seja, no per\u00edodo de propriedade do ve\u00edculo.<\/p>\n\n\n\n<p><strong><mark style=\"background-color:rgba(0, 0, 0, 0)\" class=\"has-inline-color has-vivid-cyan-blue-color\">IPVA proporcional<\/mark><\/strong> (Art. 14): <strong>1\/12<\/strong> do seu valor anual quantos forem os meses faltantes para o t\u00e9rmino do ano civil, incluindo-se o m\u00eas da ocorr\u00eancia do evento.<\/p>\n\n\n\n<ul class=\"wp-block-list\">\n<li>I &#8211; primeira aquisi\u00e7\u00e3o do ve\u00edculo por consumidor final;<\/li>\n\n\n\n<li>II &#8211; desembara\u00e7o aduaneiro, em rela\u00e7\u00e3o a ve\u00edculo importado, diretamente ou por meio<br \/>de trading, do exterior por consumidor final;<\/li>\n\n\n\n<li>III &#8211; o valor do custo de aquisi\u00e7\u00e3o ou de fabrica\u00e7\u00e3o constante do documento relativo \u00e0<br \/>opera\u00e7\u00e3o, quando se tratar de incorpora\u00e7\u00e3o de ve\u00edculo ao ativo permanente do<br \/>fabricante, do revendedor ou do importador;<\/li>\n\n\n\n<li>IV &#8211; perda de isen\u00e7\u00e3o ou de n\u00e3o-incid\u00eancia;<\/li>\n\n\n\n<li>V &#8211; restabelecimento do direito de propriedade ou de posse de ve\u00edculo, no caso de perda, furto ou roubo.<\/li>\n<\/ul>\n\n\n\n<h2 class=\"wp-block-heading\" id=\"restituicao\">Restitui\u00e7\u00e3o<\/h2>\n\n\n\n<p>Continuando no Resumo sobre obriga\u00e7\u00f5es IPVA p\/ SEFAZ-MT, vejamos sobre a restitui\u00e7\u00e3o.<\/p>\n\n\n\n<p>Basicamente teremos caso de restitui\u00e7\u00e3o no pagamento de indevido ou a maior.<\/p>\n\n\n\n<p><strong><mark style=\"background-color:rgba(0, 0, 0, 0)\" class=\"has-inline-color has-vivid-cyan-blue-color\">Restitui\u00e7\u00e3o<\/mark><\/strong> (Art. 16): <strong>pagamento indevido<\/strong> ou <strong>maior<\/strong> que o devido.<\/p>\n\n\n\n<p>Atente-se a restitui\u00e7\u00e3o, em regra, ocorre por compensa\u00e7\u00e3o, mas h\u00e1 hip\u00f3teses de n\u00e3o aplicabilidade.<\/p>\n\n\n\n<p><strong><mark style=\"background-color:rgba(0, 0, 0, 0)\" class=\"has-inline-color has-vivid-green-cyan-color\">Compensa\u00e7\u00e3o autom\u00e1tica <\/mark><\/strong>(Art. 16-A): <strong>import\u00e2ncias<\/strong> <strong>recolhidas<\/strong> a <strong>maior ou em duplicidade<\/strong> ser\u00e3o <strong>compensadas automaticamente<\/strong> com o imposto devido pelo sujeito passivo, em rela\u00e7\u00e3o ao <mark style=\"background-color:rgba(0, 0, 0, 0)\" class=\"has-inline-color has-vivid-red-color\"><strong>mesmo ve\u00edculo<\/strong>,<\/mark> nos exerc\u00edcios seguintes, <strong>at\u00e9 a extin\u00e7\u00e3o do excesso<\/strong>. &#8211;<mark style=\"background-color:rgba(0, 0, 0, 0)\" class=\"has-inline-color has-vivid-purple-color\">&gt; nas hip\u00f3teses em que for <strong>assegurada <\/strong>a <strong>compensa\u00e7\u00e3o <\/strong>do imposto, fica <strong>vedado <\/strong>ao contribuinte requerer sua <strong>restitui\u00e7\u00e3o<\/strong>, dispensada a an\u00e1lise de pedidos eventualmente apresentados (Art. 16-C).<\/mark><\/p>\n\n\n\n<p><strong><mark style=\"background-color:rgba(0, 0, 0, 0)\" class=\"has-inline-color has-vivid-purple-color\">N\u00e3o se aplica a compensa\u00e7\u00e3o:<\/mark><\/strong><\/p>\n\n\n\n<ul class=\"wp-block-list\">\n<li>No mesmo exerc\u00edcio do recolhimento, <strong>aliena\u00e7\u00e3o do ve\u00edculo, transfer\u00eancia<\/strong> do seu registro <strong>para outra UF<\/strong>, a restitui\u00e7\u00e3o do ind\u00e9bito ser\u00e1 processada mediante requerimento do interessado (Art. 16-A, \u00a71\u00ba).<\/li>\n\n\n\n<li><strong>Em rela\u00e7\u00e3o a outro ve\u00edculo<\/strong>, ainda que pertencente ao mesmo titular (Art. 16-A, \u00a74\u00ba).<\/li>\n<\/ul>\n\n\n\n<p>Tamb\u00e9m temos casos de restitui\u00e7\u00e3o proporcional, ou seja, hip\u00f3teses em que o contribuinte permaneceu apenas um per\u00edodo na posse do ve\u00edculo. &nbsp;&nbsp;<\/p>\n\n\n\n<p><strong><mark style=\"background-color:rgba(0, 0, 0, 0)\" class=\"has-inline-color has-vivid-cyan-blue-color\">Restitui\u00e7\u00e3o proporcional<\/mark><\/strong> (Art. 16, \u00a71\u00ba e Art. 16-B, caput): <strong>perda total<\/strong>, <strong>furto ou roubo<\/strong><\/p>\n\n\n\n<ul class=\"wp-block-list\">\n<li><mark style=\"background-color:rgba(0, 0, 0, 0)\" class=\"has-inline-color has-vivid-green-cyan-color\"><strong>Perda total<\/strong> <\/mark>(Art. 16-B, \u00a7 2\u00ba): mediante requerimento do interessado -> n\u00e3o h\u00e1 possibilidade de compensa\u00e7\u00e3o (Art. 16-A, \u00a71\u00ba).<\/li>\n<\/ul>\n\n\n\n<ul class=\"wp-block-list\">\n<li><mark style=\"background-color:rgba(0, 0, 0, 0)\" class=\"has-inline-color has-vivid-green-cyan-color\"><strong>Furto ou roubo<\/strong> <\/mark>(Art. 16-B, \u00a73\u00ba): mediante <strong>requerimento<\/strong> do interessado, por\u00e9m, apresentado no <strong>m\u00eas do vencimento do tributo no exerc\u00edcio subsequente<\/strong>, desde que at\u00e9 esse per\u00edodo n\u00e3o tenha havido a recupera\u00e7\u00e3o do aludido bem &#8211;<mark style=\"background-color:rgba(0, 0, 0, 0)\" class=\"has-inline-color has-vivid-purple-color\">> H\u00e1 <strong>compensa\u00e7\u00e3o<\/strong> caso haja recupera\u00e7\u00e3o do ve\u00edculo em rela\u00e7\u00e3o ao per\u00edodo compreendido entre a data do evento e da recupera\u00e7\u00e3o (ou do t\u00e9rmino do ano civil), conforme a recupera\u00e7\u00e3o tenha ocorrido, respectivamente, no mesmo exerc\u00edcio <strong>ou n\u00e3o<\/strong> (Art. 16-B, e \u00a74\u00ba e \u00a75\u00ba).<\/mark><\/li>\n<\/ul>\n\n\n\n<h2 class=\"wp-block-heading\" id=\"obrigacoes-acessorias\">Obriga\u00e7\u00f5es Acess\u00f3rias<\/h2>\n\n\n\n<p>Conhe\u00e7amos algumas das obriga\u00e7\u00f5es acess\u00f3rias elencadas na Lei.<\/p>\n\n\n\n<p><strong><mark style=\"background-color:rgba(0, 0, 0, 0)\" class=\"has-inline-color has-vivid-cyan-blue-color\">Inscri\u00e7\u00e3o do contribuinte<\/mark><\/strong> (Art. 17): \u00e9 obrigat\u00f3ria nos \u00f3rg\u00e3os respons\u00e1veis pela matr\u00edcula, inscri\u00e7\u00e3o ou registro de ve\u00edculo a\u00e9reo, aqu\u00e1tico e terrestre. <mark style=\"background-color:rgba(0, 0, 0, 0)\" class=\"has-inline-color has-vivid-purple-color\">-&gt; os \u00f3rg\u00e3os (ex. DETRAN) devem fornecer \u00e0 SEFAZ os dados cadastrais relativos aos ve\u00edculos e seus respectivos propriet\u00e1rios e possuidores a qualquer t\u00edtulo (\u00a7\u00fa).<\/mark><\/p>\n\n\n\n<p><mark style=\"background-color:rgba(0, 0, 0, 0)\" class=\"has-inline-color has-vivid-cyan-blue-color\"><strong>Comprovante de pagamento<\/strong> <\/mark>(Art. 23): \u00e9 de porte obrigat\u00f3rio pelo condutor do ve\u00edculo, que dever\u00e1 apresent\u00e1-lo \u00e0 fiscaliza\u00e7\u00e3o quando solicitado.\u00a0<mark style=\"background-color:rgba(0, 0, 0, 0)\" class=\"has-inline-color has-vivid-purple-color\">-> na aliena\u00e7\u00e3o, o comprovante ser\u00e1 transferido ao novo propriet\u00e1rio para efeitos de registro ou averba\u00e7\u00e3o no \u00f3rg\u00e3o de tr\u00e2nsito (Art. 27)<\/mark><\/p>\n\n\n\n<h2 class=\"wp-block-heading\" id=\"acrescimos-legais-e-penalidades\">Acr\u00e9scimos Legais e Penalidades<\/h2>\n\n\n\n<p>Continuando no Resumo sobre obriga\u00e7\u00f5es IPVA p\/ SEFAZ-MT, vejamos os Acr\u00e9scimos Legais.<\/p>\n\n\n\n<p>Devemos saber que o IPVA em atraso ser\u00e1 corrigido pelo IPCA, cabendo corre\u00e7\u00e3o monet\u00e1ria e juros de mora.<\/p>\n\n\n\n<p><strong><mark style=\"background-color:rgba(0, 0, 0, 0)\" class=\"has-inline-color has-vivid-cyan-blue-color\">D\u00e9bitos em atraso<\/mark><\/strong> (Art. 19): ter\u00e3o os seus <strong>valores corrigidos<\/strong> em fun\u00e7\u00e3o da varia\u00e7\u00e3o do poder aquisitivo da moeda nacional, <strong>pelo IPCA,<\/strong> divulgado pelo IBGE, ou por outro \u00edndice de pre\u00e7os de car\u00e1ter nacional que vier a substitu\u00ed-lo.<\/p>\n\n\n\n<ul class=\"wp-block-list\">\n<li><strong><mark style=\"background-color:rgba(0, 0, 0, 0)\" class=\"has-inline-color has-vivid-green-cyan-color\">Corre\u00e7\u00e3o monet\u00e1ria<\/mark><\/strong> (Art. 19, \u00a71\u00ba):&nbsp; <strong>base nos coeficientes em vigor no m\u00eas<\/strong> em que deva ocorrer o <strong>pagamento<\/strong> do d\u00e9bito fiscal, considerando como termo inicial o m\u00eas em que houver expirado o prazo normal para recolhimento do tributo. <mark style=\"background-color:rgba(0, 0, 0, 0)\" class=\"has-inline-color has-vivid-purple-color\">-&gt; os coeficientes ser\u00e3o calculados com base no IGP-DI divulgado pela IBGE no m\u00eas anterior (\u00a72\u00ba)<\/mark><\/li>\n<\/ul>\n\n\n\n<ul class=\"wp-block-list\">\n<li><strong><mark style=\"background-color:rgba(0, 0, 0, 0)\" class=\"has-inline-color has-vivid-green-cyan-color\">Juros de mora<\/mark><\/strong> (Art. 20): <strong>1% ao m\u00eas<\/strong> calend\u00e1rio ou fra\u00e7\u00e3o (inclusive parcelamento ou reparcelamento), incidir\u00e1 a partir do 1\u00ba dia do m\u00eas subsequente ao do vencimento (\u00a71\u00ba)<\/li>\n<\/ul>\n\n\n\n<p>Agora as Penalidades elencadas.<\/p>\n\n\n\n<p>Temos multas em rela\u00e7\u00e3o ao atraso no pagamento, que ser\u00e1 diferenciada a depender de haver ou n\u00e3o a\u00e7\u00e3o fiscal. Al\u00e9m disso, temos multas em rela\u00e7\u00e3o a obriga\u00e7\u00e3o acess\u00f3ria e adultera\u00e7\u00e3o de documento.<\/p>\n\n\n\n<p><mark style=\"background-color:rgba(0, 0, 0, 0)\" class=\"has-inline-color has-vivid-cyan-blue-color\"><strong>Multa<\/strong> <\/mark>(Art. 21):<\/p>\n\n\n\n<ul class=\"wp-block-list\">\n<li><strong><mark style=\"background-color:rgba(0, 0, 0, 0)\" class=\"has-inline-color has-vivid-green-cyan-color\">Pagamento em atraso<\/mark><\/strong> (Art. 21, I):<\/li>\n<\/ul>\n\n\n\n<p><strong>Pagamento antes de qualquer a\u00e7\u00e3o fiscal<\/strong> (a): &nbsp;<strong>5%<\/strong> m\u00eas do valor do imposto devido pro rata die at\u00e9 o limite de 10%.<\/p>\n\n\n\n<p><strong>Pagamento ap\u00f3s o in\u00edcio de qualquer a\u00e7\u00e3o fiscal<\/strong> (b) <strong>100%<\/strong> do valor do imposto devido, quando o pagamento ocorrer ap\u00f3s o in\u00edcio de qualquer a\u00e7\u00e3o fiscal; <mark style=\"background-color:rgba(0, 0, 0, 0)\" class=\"has-inline-color has-vivid-purple-color\">-&gt; ser\u00e1 reduzida em 50% do seu valor, quando o pagamento for realizado at\u00e9 30 dias ap\u00f3s a ci\u00eancia da notifica\u00e7\u00e3o para recolhimento do tributo (\u00a74\u00ba)<\/mark><\/p>\n\n\n\n<ul class=\"wp-block-list\">\n<li><strong><mark style=\"background-color:rgba(0, 0, 0, 0)\" class=\"has-inline-color has-vivid-green-cyan-color\">Deixar de registrar o ve\u00edculo ou cadastramento Fazend\u00e1rio<\/mark><\/strong> (Art. 21, II):<strong> 25%<\/strong> do valor do imposto devido<\/li>\n<\/ul>\n\n\n\n<ul class=\"wp-block-list\">\n<li><mark style=\"background-color:rgba(0, 0, 0, 0)\" class=\"has-inline-color has-vivid-green-cyan-color\"><strong>Adultera\u00e7\u00e3o de documento<\/strong> <\/mark>(Art. 21, III): <strong>200%<\/strong> (duas vezes ao valor do imposto)<\/li>\n<\/ul>\n\n\n\n<p><mark style=\"background-color:rgba(0, 0, 0, 0)\" class=\"has-inline-color has-luminous-vivid-amber-color\"><strong>Obs.:<\/strong> <\/mark>No caso da pr\u00e1tica de <strong>mais de uma infra\u00e7\u00e3o conexas<\/strong> com o mesmo fato que lhes deu<br \/>origem, deve ser <strong>aplicada apenas a multa mais grave<\/strong> (\u00a73\u00ba).<\/p>\n\n\n\n<h2 class=\"wp-block-heading\" id=\"fiscalizacao\">Fiscaliza\u00e7\u00e3o<\/h2>\n\n\n\n<p>Tamb\u00e9m saibamos sobre a fiscaliza\u00e7\u00e3o.<\/p>\n\n\n\n<p>Basicamente temos a SEFAZ com a compet\u00eancia, sendo fiscaliza pelos Fiscais de Tributos Estaduais<\/p>\n\n\n\n<p><mark style=\"background-color:rgba(0, 0, 0, 0)\" class=\"has-inline-color has-vivid-cyan-blue-color\"><strong>Compet\u00eancia<\/strong> <\/mark>(Art. 22): \u00e9 da SEFAZ e cabe aos Fiscais de Tributos Estaduais a lavratura de Notifica\u00e7\u00e3o\/Auto de Infra\u00e7\u00e3o.<\/p>\n\n\n\n<p>Ainda que n\u00e3o seja um rol taxativo, a Lei elencou alguns locais onde a fiscaliza\u00e7\u00e3o poder\u00e1 ser realizada.<\/p>\n\n\n\n<p><strong><mark style=\"background-color:rgba(0, 0, 0, 0)\" class=\"has-inline-color has-vivid-green-cyan-color\">Locais de fiscaliza\u00e7\u00e3o<\/mark><\/strong> (Art. 24):<\/p>\n\n\n\n<ul class=\"wp-block-list\">\n<li>I \u2013 DETRAN, para os ve\u00edculos terrestres;<\/li>\n\n\n\n<li>II \u2013 nos \u00f3rg\u00e3os de controle de embarca\u00e7\u00f5es e aeronaves, para os demais ve\u00edculos;<\/li>\n\n\n\n<li>III \u2013 nas vias p\u00fablicas;<\/li>\n\n\n\n<li>IV \u2013 no estabelecimento do contribuinte;<\/li>\n\n\n\n<li>V \u2013 nas concession\u00e1rias autorizadas e ag\u00eancias revendedoras de ve\u00edculos;<\/li>\n\n\n\n<li>VI \u2013 junto aos escrit\u00f3rios de despachantes ou de pessoas que prestem servi\u00e7os relativos ao imposto;<\/li>\n\n\n\n<li>VII \u2013 nos cart\u00f3rios de registros p\u00fablicos.<\/li>\n<\/ul>\n\n\n\n<p><mark style=\"background-color:rgba(0, 0, 0, 0)\" class=\"has-inline-color has-luminous-vivid-amber-color\"><strong>Obs.:<\/strong> <\/mark>\u00c9 <mark style=\"background-color:rgba(0, 0, 0, 0)\" class=\"has-inline-color has-vivid-red-color\"><strong>vedada<\/strong> <\/mark>a <strong>reten\u00e7\u00e3o ou apreens\u00e3o<\/strong> de ve\u00edculo automotor em raz\u00e3o do <strong>inadimplemento<\/strong> do IPVA (Art. 23, \u00a7\u00fa).<\/p>\n\n\n\n<p>Trata-se de uma informa\u00e7\u00e3o muito importante, pois \u00e9 vedada a reten\u00e7\u00e3o do ve\u00edculo para coer\u00e7\u00e3o para pagamento, muito parecido com a disposi\u00e7\u00e3o da s\u00famula 323 do Supremo Tribunal Federal.<\/p>\n\n\n\n<h2 class=\"wp-block-heading\" id=\"disposicoes-gerais\">Disposi\u00e7\u00f5es Gerais<\/h2>\n\n\n\n<p>Finalizando o Resumo sobre obriga\u00e7\u00f5es IPVA p\/ SEFAZ-MT, conhe\u00e7amos algumas disposi\u00e7\u00f5es gerais importantes.<\/p>\n\n\n\n<p><strong><mark style=\"background-color:rgba(0, 0, 0, 0)\" class=\"has-inline-color has-vivid-cyan-blue-color\">Secretaria de Estado de Seguran\u00e7a P\u00fablica<\/mark><\/strong> (Art. 28): fornecer\u00e1 \u00e0 SEFAZ <strong>c\u00f3pia dos registros de ocorr\u00eancia relativos a furtos ou roubos de ve\u00edculos<\/strong>, bem como quando ocorrer a recupera\u00e7\u00e3o dos mesmos.<\/p>\n\n\n\n<p><mark style=\"background-color:rgba(0, 0, 0, 0)\" class=\"has-inline-color has-vivid-cyan-blue-color\"><strong>DETRAN<\/strong> <\/mark>(Art. 29, \u00a7\u00fa): fornecer\u00e1 \u00e0 SEFAZ, mediante requisi\u00e7\u00e3o de seu \u00f3rg\u00e3o respons\u00e1vel pelo controle de arrecada\u00e7\u00e3o, todos os <strong>dados cadastrais dos ve\u00edculos<\/strong>. -> H\u00e1 um interc\u00e2mbio de informa\u00e7\u00f5es para atualiza\u00e7\u00e3o do cadastro (Art. 29)<\/p>\n\n\n\n<p><strong><mark style=\"background-color:rgba(0, 0, 0, 0)\" class=\"has-inline-color has-vivid-green-cyan-color\">Presun\u00e7\u00e3o de veracidade das Informa\u00e7\u00f5es no \u00e2mbito do IPVA<\/mark><\/strong><\/p>\n\n\n\n<ul class=\"wp-block-list\">\n<li><strong>Prestadas pelo contribuinte (ou terceiro credenciado) por meio eletr\u00f4nico<\/strong> (Art. 29-A)<\/li>\n<\/ul>\n\n\n\n<ul class=\"wp-block-list\">\n<li><strong>Informa\u00e7\u00f5es no banco de dados SEFAZ<\/strong> (Art. 29-C): <strong>servir\u00e3o como prova<\/strong> para constitui\u00e7\u00e3o do cr\u00e9dito ou multa (\u00a71\u00ba); cabe ao fisco promover o <strong>saneamento das informa\u00e7\u00f5es<\/strong>, <strong>mediante NAI ou Aviso de Cobran\u00e7a<\/strong> (\u00a72\u00ba); os documentos gerados dever\u00e3o conter a identifica\u00e7\u00e3o da unidade fazend\u00e1ria respons\u00e1vel por sua emiss\u00e3o, <strong>dispensada assinatura<\/strong> (\u00a73\u00ba).<\/li>\n<\/ul>\n\n\n\n<p><strong><mark style=\"background-color:rgba(0, 0, 0, 0)\" class=\"has-inline-color has-vivid-cyan-blue-color\">Remiss\u00e3o e anistia de IPVA<\/mark><\/strong> (Art. 29-D): o Executivo fica autorizado a conceder, os d\u00e9bitos <strong>n\u00e3o<\/strong> <strong>encaminhados para inscri\u00e7\u00e3o em D\u00edvida Ativa<\/strong>, cujo <strong>valor total n\u00e3o seja superior a<\/strong> <strong>20 UPF\/MT<\/strong>.<\/p>\n\n\n\n<h2 class=\"wp-block-heading\" id=\"consideracoes-finais\">Considera\u00e7\u00f5es Finais<\/h2>\n\n\n\n<p>Pessoal, chegamos ao final do Resumo do IPVA p\/ SEFAZ-MT. Espero que tenham gostado.<\/p>\n\n\n\n<p>Lembre-se sempre de treinar por meio de quest\u00f5es para facilitar a memoriza\u00e7\u00e3o.<\/p>\n\n\n\n<p><a href=\"https:\/\/concursos.estrategiaeducacional.com.br\/\">Sistema de Quest\u00f5es (SQ) \u2013 Estrat\u00e9gia Concursos<\/a><\/p>\n\n\n\n<p>Gostou do artigo? Siga-nos<\/p>\n\n\n\n<p><a href=\"https:\/\/www.instagram.com\/resumospassarin\/\">https:\/\/www.instagram.com\/resumospassarin\/<\/a><\/p>\n\n\n\n<h2 class=\"wp-block-heading has-text-align-center\" id=\"h-quer-saber-tudo-sobre-concursos-previstos-confira-nossos-artigos\">Quer saber tudo sobre concursos previstos?<br \/>Confira nossos artigos!<\/h2>\n\n\n\n<p class=\"has-text-align-center has-white-color has-black-background-color has-text-color has-background\"><strong><a href=\"https:\/\/www.estrategiaconcursos.com.br\/blog\/concursos-abertos\/\" target=\"_blank\" rel=\"noreferrer noopener\">Concursos abertos<\/a><\/strong><\/p>\n\n\n\n<p class=\"has-text-align-center has-white-color has-black-background-color has-text-color has-background\"><strong><a href=\"https:\/\/www.estrategiaconcursos.com.br\/blog\/concursos-2022\/\" target=\"_blank\" rel=\"noreferrer noopener\">Concursos 2022<\/a><\/strong><\/p>\n\n\n\n<div class=\"container\" id=\"boxes\">\n  <div class=\"row\">\n\n    <div class=\"col-sm\">\n      <div class=\"estrategia\" id=\"box-assinatura\">\n        <h3 class=\"titulo-assinatura\">Assinatura de Concursos<\/h3>\n        <p class=\"subtitulo-assinatura\">Assinatura de 1 ano ou 2 anos<\/p>\n        <div class=\"box-botao\">\n          <a class=\"btn-assinatura\" target=\"_blank\" href=\"https:\/\/www.estrategiaconcursos.com.br\/assinaturas\/\" role=\"button\" rel=\"noopener noreferrer\">ASSINE AGORA<\/a>\n        <\/div>\n      <\/div>\n     \n    <\/div><\/div><\/div>\n\n\n\n<p>At\u00e9 mais e bons estudos!<\/p>\n","protected":false},"excerpt":{"rendered":"<p>Ol\u00e1, pessoal. Tudo certo? No artigo de hoje veremos o Resumo sobre obriga\u00e7\u00f5es IPVA p\/ SEFAZ-MT, tema disciplinado na Lei 7.301\/00. T\u00f3picos a serem vistos: Preparado (a)? Vamos l\u00e1. Pagamento Iniciemos o Resumo sobre obriga\u00e7\u00f5es IPVA p\/ SEFAZ-MT pelo pagamento do IPVA. Apesar das disposi\u00e7\u00f5es do pagamento serem tratadas no regulamento, podemos verificar a possibilidade [&hellip;]<\/p>\n","protected":false},"author":1763,"featured_media":82932,"comment_status":"open","ping_status":"closed","sticky":false,"template":"","format":"standard","meta":{"post_tipo":"article","footnotes":""},"categories":[1983],"tags":[],"tax_estado":[219976],"class_list":["post-1035746","post","type-post","status-publish","format-standard","has-post-thumbnail","hentry","category-fiscal-estadual","tax_estado-mt"],"acf":[],"yoast_head":"<!-- This site is optimized with the Yoast SEO Premium plugin v27.2 (Yoast SEO v27.2) - https:\/\/yoast.com\/product\/yoast-seo-premium-wordpress\/ -->\n<title>Resumo sobre obriga\u00e7\u00f5es IPVA p\/ SEFAZ-MT \u2013 Lei 7.301\/00<\/title>\n<meta name=\"description\" content=\"Veja neste artigo o Resumo esquem\u00e1tico sobre obriga\u00e7\u00f5es IPVA p\/ SEFAZ-MT, tema disciplinado na Lei 7.301\/00.\" \/>\n<meta name=\"robots\" content=\"index, follow, max-snippet:-1, max-image-preview:large, max-video-preview:-1\" \/>\n<link rel=\"canonical\" href=\"https:\/\/www.estrategiaconcursos.com.br\/blog\/obrigacoes-ipva-p-sefaz-mt\/\" \/>\n<meta property=\"og:locale\" content=\"pt_BR\" \/>\n<meta property=\"og:type\" content=\"article\" \/>\n<meta property=\"og:title\" content=\"Resumo sobre obriga\u00e7\u00f5es IPVA p\/ SEFAZ-MT \u2013 Lei 7.301\/00\" \/>\n<meta property=\"og:description\" content=\"Veja neste artigo o Resumo esquem\u00e1tico sobre obriga\u00e7\u00f5es IPVA p\/ SEFAZ-MT, tema disciplinado na Lei 7.301\/00.\" \/>\n<meta property=\"og:url\" content=\"https:\/\/www.estrategiaconcursos.com.br\/blog\/obrigacoes-ipva-p-sefaz-mt\/\" \/>\n<meta property=\"og:site_name\" content=\"Estrat\u00e9gia Concursos\" \/>\n<meta property=\"article:published_time\" content=\"2022-07-22T17:36:00+00:00\" \/>\n<meta property=\"article:modified_time\" content=\"2023-08-31T17:40:38+00:00\" \/>\n<meta property=\"og:image\" content=\"https:\/\/dhg1h5j42swfq.cloudfront.net\/2017\/07\/28090654\/sefaz-mt-e1501243626666.jpg\" \/>\n\t<meta property=\"og:image:width\" content=\"310\" \/>\n\t<meta property=\"og:image:height\" content=\"206\" \/>\n\t<meta property=\"og:image:type\" content=\"image\/jpeg\" \/>\n<meta name=\"author\" content=\"Leonardo Menezes Passarin\" \/>\n<meta name=\"twitter:card\" content=\"summary_large_image\" \/>\n<meta name=\"twitter:creator\" content=\"@EstratConcursos\" \/>\n<meta name=\"twitter:site\" content=\"@EstratConcursos\" \/>\n<meta name=\"twitter:label1\" content=\"Escrito por\" \/>\n\t<meta name=\"twitter:data1\" content=\"Leonardo Menezes Passarin\" \/>\n\t<meta name=\"twitter:label2\" content=\"Est. tempo de leitura\" \/>\n\t<meta name=\"twitter:data2\" content=\"9 minutos\" \/>\n<script type=\"application\/ld+json\" class=\"yoast-schema-graph\">{\"@context\":\"https:\/\/schema.org\",\"@graph\":[{\"@type\":\"NewsArticle\",\"@id\":\"https:\/\/www.estrategiaconcursos.com.br\/blog\/obrigacoes-ipva-p-sefaz-mt\/#article\",\"isPartOf\":{\"@id\":\"https:\/\/www.estrategiaconcursos.com.br\/blog\/obrigacoes-ipva-p-sefaz-mt\/\"},\"author\":{\"name\":\"Leonardo Menezes Passarin\",\"@id\":\"https:\/\/www.estrategiaconcursos.com.br\/blog\/#\/schema\/person\/245b44e43eb13f0dbd04a7a078cd0d0d\"},\"headline\":\"Resumo sobre obriga\u00e7\u00f5es IPVA p\/ SEFAZ-MT \u2013 Lei 7.301\/00\",\"datePublished\":\"2022-07-22T17:36:00+00:00\",\"dateModified\":\"2023-08-31T17:40:38+00:00\",\"mainEntityOfPage\":{\"@id\":\"https:\/\/www.estrategiaconcursos.com.br\/blog\/obrigacoes-ipva-p-sefaz-mt\/\"},\"wordCount\":1797,\"commentCount\":0,\"publisher\":{\"@id\":\"https:\/\/www.estrategiaconcursos.com.br\/blog\/#organization\"},\"image\":{\"@id\":\"https:\/\/www.estrategiaconcursos.com.br\/blog\/obrigacoes-ipva-p-sefaz-mt\/#primaryimage\"},\"thumbnailUrl\":\"https:\/\/dhg1h5j42swfq.cloudfront.net\/2017\/07\/28090654\/sefaz-mt-e1501243626666.jpg\",\"articleSection\":[\"Fiscal - Estadual (ICMS)\"],\"inLanguage\":\"pt-BR\",\"potentialAction\":[{\"@type\":\"CommentAction\",\"name\":\"Comment\",\"target\":[\"https:\/\/www.estrategiaconcursos.com.br\/blog\/obrigacoes-ipva-p-sefaz-mt\/#respond\"]}],\"copyrightYear\":\"2022\",\"copyrightHolder\":{\"@id\":\"https:\/\/www.estrategiaconcursos.com.br\/blog\/#organization\"}},{\"@type\":\"WebPage\",\"@id\":\"https:\/\/www.estrategiaconcursos.com.br\/blog\/obrigacoes-ipva-p-sefaz-mt\/\",\"url\":\"https:\/\/www.estrategiaconcursos.com.br\/blog\/obrigacoes-ipva-p-sefaz-mt\/\",\"name\":\"Resumo sobre obriga\u00e7\u00f5es IPVA p\/ SEFAZ-MT \u2013 Lei 7.301\/00\",\"isPartOf\":{\"@id\":\"https:\/\/www.estrategiaconcursos.com.br\/blog\/#website\"},\"primaryImageOfPage\":{\"@id\":\"https:\/\/www.estrategiaconcursos.com.br\/blog\/obrigacoes-ipva-p-sefaz-mt\/#primaryimage\"},\"image\":{\"@id\":\"https:\/\/www.estrategiaconcursos.com.br\/blog\/obrigacoes-ipva-p-sefaz-mt\/#primaryimage\"},\"thumbnailUrl\":\"https:\/\/dhg1h5j42swfq.cloudfront.net\/2017\/07\/28090654\/sefaz-mt-e1501243626666.jpg\",\"datePublished\":\"2022-07-22T17:36:00+00:00\",\"dateModified\":\"2023-08-31T17:40:38+00:00\",\"description\":\"Veja neste artigo o Resumo esquem\u00e1tico sobre obriga\u00e7\u00f5es IPVA p\/ SEFAZ-MT, tema disciplinado na Lei 7.301\/00.\",\"breadcrumb\":{\"@id\":\"https:\/\/www.estrategiaconcursos.com.br\/blog\/obrigacoes-ipva-p-sefaz-mt\/#breadcrumb\"},\"inLanguage\":\"pt-BR\",\"potentialAction\":[{\"@type\":\"ReadAction\",\"target\":[\"https:\/\/www.estrategiaconcursos.com.br\/blog\/obrigacoes-ipva-p-sefaz-mt\/\"]}]},{\"@type\":\"ImageObject\",\"inLanguage\":\"pt-BR\",\"@id\":\"https:\/\/www.estrategiaconcursos.com.br\/blog\/obrigacoes-ipva-p-sefaz-mt\/#primaryimage\",\"url\":\"https:\/\/dhg1h5j42swfq.cloudfront.net\/2017\/07\/28090654\/sefaz-mt-e1501243626666.jpg\",\"contentUrl\":\"https:\/\/dhg1h5j42swfq.cloudfront.net\/2017\/07\/28090654\/sefaz-mt-e1501243626666.jpg\",\"width\":310,\"height\":206,\"caption\":\"Custos diretos, indiretos, fixos e vari\u00e1veis - Resumo SEFAZ-MT\"},{\"@type\":\"BreadcrumbList\",\"@id\":\"https:\/\/www.estrategiaconcursos.com.br\/blog\/obrigacoes-ipva-p-sefaz-mt\/#breadcrumb\",\"itemListElement\":[{\"@type\":\"ListItem\",\"position\":1,\"name\":\"In\u00edcio\",\"item\":\"https:\/\/www.estrategiaconcursos.com.br\/blog\/\"},{\"@type\":\"ListItem\",\"position\":2,\"name\":\"Resumo sobre obriga\u00e7\u00f5es IPVA p\/ SEFAZ-MT \u2013 Lei 7.301\/00\"}]},{\"@type\":\"WebSite\",\"@id\":\"https:\/\/www.estrategiaconcursos.com.br\/blog\/#website\",\"url\":\"https:\/\/www.estrategiaconcursos.com.br\/blog\/\",\"name\":\"Estrat\u00e9gia Concursos\",\"description\":\"O blog da Estrat\u00e9gia Concursos traz not\u00edcias sobre concursos e artigos de professores oferecendo cursos para concursos (pdf + videaulas) no site.\",\"publisher\":{\"@id\":\"https:\/\/www.estrategiaconcursos.com.br\/blog\/#organization\"},\"potentialAction\":[{\"@type\":\"SearchAction\",\"target\":{\"@type\":\"EntryPoint\",\"urlTemplate\":\"https:\/\/www.estrategiaconcursos.com.br\/blog\/?s={search_term_string}\"},\"query-input\":{\"@type\":\"PropertyValueSpecification\",\"valueRequired\":true,\"valueName\":\"search_term_string\"}}],\"inLanguage\":\"pt-BR\"},{\"@type\":\"Organization\",\"@id\":\"https:\/\/www.estrategiaconcursos.com.br\/blog\/#organization\",\"name\":\"Estrat\u00e9gia Concursos\",\"url\":\"https:\/\/www.estrategiaconcursos.com.br\/blog\/\",\"logo\":{\"@type\":\"ImageObject\",\"inLanguage\":\"pt-BR\",\"@id\":\"https:\/\/www.estrategiaconcursos.com.br\/blog\/#\/schema\/logo\/image\/\",\"url\":\"https:\/\/dhg1h5j42swfq.cloudfront.net\/2025\/06\/03203428\/logo_concursos-1.jpg\",\"contentUrl\":\"https:\/\/dhg1h5j42swfq.cloudfront.net\/2025\/06\/03203428\/logo_concursos-1.jpg\",\"width\":230,\"height\":60,\"caption\":\"Estrat\u00e9gia Concursos\"},\"image\":{\"@id\":\"https:\/\/www.estrategiaconcursos.com.br\/blog\/#\/schema\/logo\/image\/\"},\"sameAs\":[\"https:\/\/x.com\/EstratConcursos\"]},{\"@type\":\"Person\",\"@id\":\"https:\/\/www.estrategiaconcursos.com.br\/blog\/#\/schema\/person\/245b44e43eb13f0dbd04a7a078cd0d0d\",\"name\":\"Leonardo Menezes Passarin\",\"image\":{\"@type\":\"ImageObject\",\"inLanguage\":\"pt-BR\",\"@id\":\"https:\/\/secure.gravatar.com\/avatar\/fc0e5714ceaa97f24e6e6a30eab74ba8a701c2b62f8cab100ffdb22c6d8f42c3?s=96&d=mm&r=g\",\"url\":\"https:\/\/secure.gravatar.com\/avatar\/fc0e5714ceaa97f24e6e6a30eab74ba8a701c2b62f8cab100ffdb22c6d8f42c3?s=96&d=mm&r=g\",\"contentUrl\":\"https:\/\/secure.gravatar.com\/avatar\/fc0e5714ceaa97f24e6e6a30eab74ba8a701c2b62f8cab100ffdb22c6d8f42c3?s=96&d=mm&r=g\",\"caption\":\"Leonardo Menezes Passarin\"},\"url\":\"https:\/\/www.estrategiaconcursos.com.br\/blog\/author\/passarin-leonardohotmail-com\/\"}]}<\/script>\n<!-- \/ Yoast SEO Premium plugin. -->","yoast_head_json":{"title":"Resumo sobre obriga\u00e7\u00f5es IPVA p\/ SEFAZ-MT \u2013 Lei 7.301\/00","description":"Veja neste artigo o Resumo esquem\u00e1tico sobre obriga\u00e7\u00f5es IPVA p\/ SEFAZ-MT, tema disciplinado na Lei 7.301\/00.","robots":{"index":"index","follow":"follow","max-snippet":"max-snippet:-1","max-image-preview":"max-image-preview:large","max-video-preview":"max-video-preview:-1"},"canonical":"https:\/\/www.estrategiaconcursos.com.br\/blog\/obrigacoes-ipva-p-sefaz-mt\/","og_locale":"pt_BR","og_type":"article","og_title":"Resumo sobre obriga\u00e7\u00f5es IPVA p\/ SEFAZ-MT \u2013 Lei 7.301\/00","og_description":"Veja neste artigo o Resumo esquem\u00e1tico sobre obriga\u00e7\u00f5es IPVA p\/ SEFAZ-MT, tema disciplinado na Lei 7.301\/00.","og_url":"https:\/\/www.estrategiaconcursos.com.br\/blog\/obrigacoes-ipva-p-sefaz-mt\/","og_site_name":"Estrat\u00e9gia Concursos","article_published_time":"2022-07-22T17:36:00+00:00","article_modified_time":"2023-08-31T17:40:38+00:00","og_image":[{"width":310,"height":206,"url":"https:\/\/dhg1h5j42swfq.cloudfront.net\/2017\/07\/28090654\/sefaz-mt-e1501243626666.jpg","type":"image\/jpeg"}],"author":"Leonardo Menezes Passarin","twitter_card":"summary_large_image","twitter_creator":"@EstratConcursos","twitter_site":"@EstratConcursos","twitter_misc":{"Escrito por":"Leonardo Menezes Passarin","Est. tempo de leitura":"9 minutos"},"schema":{"@context":"https:\/\/schema.org","@graph":[{"@type":"NewsArticle","@id":"https:\/\/www.estrategiaconcursos.com.br\/blog\/obrigacoes-ipva-p-sefaz-mt\/#article","isPartOf":{"@id":"https:\/\/www.estrategiaconcursos.com.br\/blog\/obrigacoes-ipva-p-sefaz-mt\/"},"author":{"name":"Leonardo Menezes Passarin","@id":"https:\/\/www.estrategiaconcursos.com.br\/blog\/#\/schema\/person\/245b44e43eb13f0dbd04a7a078cd0d0d"},"headline":"Resumo sobre obriga\u00e7\u00f5es IPVA p\/ SEFAZ-MT \u2013 Lei 7.301\/00","datePublished":"2022-07-22T17:36:00+00:00","dateModified":"2023-08-31T17:40:38+00:00","mainEntityOfPage":{"@id":"https:\/\/www.estrategiaconcursos.com.br\/blog\/obrigacoes-ipva-p-sefaz-mt\/"},"wordCount":1797,"commentCount":0,"publisher":{"@id":"https:\/\/www.estrategiaconcursos.com.br\/blog\/#organization"},"image":{"@id":"https:\/\/www.estrategiaconcursos.com.br\/blog\/obrigacoes-ipva-p-sefaz-mt\/#primaryimage"},"thumbnailUrl":"https:\/\/dhg1h5j42swfq.cloudfront.net\/2017\/07\/28090654\/sefaz-mt-e1501243626666.jpg","articleSection":["Fiscal - Estadual (ICMS)"],"inLanguage":"pt-BR","potentialAction":[{"@type":"CommentAction","name":"Comment","target":["https:\/\/www.estrategiaconcursos.com.br\/blog\/obrigacoes-ipva-p-sefaz-mt\/#respond"]}],"copyrightYear":"2022","copyrightHolder":{"@id":"https:\/\/www.estrategiaconcursos.com.br\/blog\/#organization"}},{"@type":"WebPage","@id":"https:\/\/www.estrategiaconcursos.com.br\/blog\/obrigacoes-ipva-p-sefaz-mt\/","url":"https:\/\/www.estrategiaconcursos.com.br\/blog\/obrigacoes-ipva-p-sefaz-mt\/","name":"Resumo sobre obriga\u00e7\u00f5es IPVA p\/ SEFAZ-MT \u2013 Lei 7.301\/00","isPartOf":{"@id":"https:\/\/www.estrategiaconcursos.com.br\/blog\/#website"},"primaryImageOfPage":{"@id":"https:\/\/www.estrategiaconcursos.com.br\/blog\/obrigacoes-ipva-p-sefaz-mt\/#primaryimage"},"image":{"@id":"https:\/\/www.estrategiaconcursos.com.br\/blog\/obrigacoes-ipva-p-sefaz-mt\/#primaryimage"},"thumbnailUrl":"https:\/\/dhg1h5j42swfq.cloudfront.net\/2017\/07\/28090654\/sefaz-mt-e1501243626666.jpg","datePublished":"2022-07-22T17:36:00+00:00","dateModified":"2023-08-31T17:40:38+00:00","description":"Veja neste artigo o Resumo esquem\u00e1tico sobre obriga\u00e7\u00f5es IPVA p\/ SEFAZ-MT, tema disciplinado na Lei 7.301\/00.","breadcrumb":{"@id":"https:\/\/www.estrategiaconcursos.com.br\/blog\/obrigacoes-ipva-p-sefaz-mt\/#breadcrumb"},"inLanguage":"pt-BR","potentialAction":[{"@type":"ReadAction","target":["https:\/\/www.estrategiaconcursos.com.br\/blog\/obrigacoes-ipva-p-sefaz-mt\/"]}]},{"@type":"ImageObject","inLanguage":"pt-BR","@id":"https:\/\/www.estrategiaconcursos.com.br\/blog\/obrigacoes-ipva-p-sefaz-mt\/#primaryimage","url":"https:\/\/dhg1h5j42swfq.cloudfront.net\/2017\/07\/28090654\/sefaz-mt-e1501243626666.jpg","contentUrl":"https:\/\/dhg1h5j42swfq.cloudfront.net\/2017\/07\/28090654\/sefaz-mt-e1501243626666.jpg","width":310,"height":206,"caption":"Custos diretos, indiretos, fixos e vari\u00e1veis - Resumo SEFAZ-MT"},{"@type":"BreadcrumbList","@id":"https:\/\/www.estrategiaconcursos.com.br\/blog\/obrigacoes-ipva-p-sefaz-mt\/#breadcrumb","itemListElement":[{"@type":"ListItem","position":1,"name":"In\u00edcio","item":"https:\/\/www.estrategiaconcursos.com.br\/blog\/"},{"@type":"ListItem","position":2,"name":"Resumo sobre obriga\u00e7\u00f5es IPVA p\/ SEFAZ-MT \u2013 Lei 7.301\/00"}]},{"@type":"WebSite","@id":"https:\/\/www.estrategiaconcursos.com.br\/blog\/#website","url":"https:\/\/www.estrategiaconcursos.com.br\/blog\/","name":"Estrat\u00e9gia Concursos","description":"O blog da Estrat\u00e9gia Concursos traz not\u00edcias sobre concursos e artigos de professores oferecendo cursos para concursos (pdf + videaulas) no site.","publisher":{"@id":"https:\/\/www.estrategiaconcursos.com.br\/blog\/#organization"},"potentialAction":[{"@type":"SearchAction","target":{"@type":"EntryPoint","urlTemplate":"https:\/\/www.estrategiaconcursos.com.br\/blog\/?s={search_term_string}"},"query-input":{"@type":"PropertyValueSpecification","valueRequired":true,"valueName":"search_term_string"}}],"inLanguage":"pt-BR"},{"@type":"Organization","@id":"https:\/\/www.estrategiaconcursos.com.br\/blog\/#organization","name":"Estrat\u00e9gia Concursos","url":"https:\/\/www.estrategiaconcursos.com.br\/blog\/","logo":{"@type":"ImageObject","inLanguage":"pt-BR","@id":"https:\/\/www.estrategiaconcursos.com.br\/blog\/#\/schema\/logo\/image\/","url":"https:\/\/dhg1h5j42swfq.cloudfront.net\/2025\/06\/03203428\/logo_concursos-1.jpg","contentUrl":"https:\/\/dhg1h5j42swfq.cloudfront.net\/2025\/06\/03203428\/logo_concursos-1.jpg","width":230,"height":60,"caption":"Estrat\u00e9gia Concursos"},"image":{"@id":"https:\/\/www.estrategiaconcursos.com.br\/blog\/#\/schema\/logo\/image\/"},"sameAs":["https:\/\/x.com\/EstratConcursos"]},{"@type":"Person","@id":"https:\/\/www.estrategiaconcursos.com.br\/blog\/#\/schema\/person\/245b44e43eb13f0dbd04a7a078cd0d0d","name":"Leonardo Menezes Passarin","image":{"@type":"ImageObject","inLanguage":"pt-BR","@id":"https:\/\/secure.gravatar.com\/avatar\/fc0e5714ceaa97f24e6e6a30eab74ba8a701c2b62f8cab100ffdb22c6d8f42c3?s=96&d=mm&r=g","url":"https:\/\/secure.gravatar.com\/avatar\/fc0e5714ceaa97f24e6e6a30eab74ba8a701c2b62f8cab100ffdb22c6d8f42c3?s=96&d=mm&r=g","contentUrl":"https:\/\/secure.gravatar.com\/avatar\/fc0e5714ceaa97f24e6e6a30eab74ba8a701c2b62f8cab100ffdb22c6d8f42c3?s=96&d=mm&r=g","caption":"Leonardo Menezes Passarin"},"url":"https:\/\/www.estrategiaconcursos.com.br\/blog\/author\/passarin-leonardohotmail-com\/"}]}},"_links":{"self":[{"href":"https:\/\/www.estrategiaconcursos.com.br\/blog\/wp-json\/wp\/v2\/posts\/1035746","targetHints":{"allow":["GET"]}}],"collection":[{"href":"https:\/\/www.estrategiaconcursos.com.br\/blog\/wp-json\/wp\/v2\/posts"}],"about":[{"href":"https:\/\/www.estrategiaconcursos.com.br\/blog\/wp-json\/wp\/v2\/types\/post"}],"author":[{"embeddable":true,"href":"https:\/\/www.estrategiaconcursos.com.br\/blog\/wp-json\/wp\/v2\/users\/1763"}],"replies":[{"embeddable":true,"href":"https:\/\/www.estrategiaconcursos.com.br\/blog\/wp-json\/wp\/v2\/comments?post=1035746"}],"version-history":[{"count":7,"href":"https:\/\/www.estrategiaconcursos.com.br\/blog\/wp-json\/wp\/v2\/posts\/1035746\/revisions"}],"predecessor-version":[{"id":1271981,"href":"https:\/\/www.estrategiaconcursos.com.br\/blog\/wp-json\/wp\/v2\/posts\/1035746\/revisions\/1271981"}],"wp:featuredmedia":[{"embeddable":true,"href":"https:\/\/www.estrategiaconcursos.com.br\/blog\/wp-json\/wp\/v2\/media\/82932"}],"wp:attachment":[{"href":"https:\/\/www.estrategiaconcursos.com.br\/blog\/wp-json\/wp\/v2\/media?parent=1035746"}],"wp:term":[{"taxonomy":"category","embeddable":true,"href":"https:\/\/www.estrategiaconcursos.com.br\/blog\/wp-json\/wp\/v2\/categories?post=1035746"},{"taxonomy":"post_tag","embeddable":true,"href":"https:\/\/www.estrategiaconcursos.com.br\/blog\/wp-json\/wp\/v2\/tags?post=1035746"},{"taxonomy":"tax_estado","embeddable":true,"href":"https:\/\/www.estrategiaconcursos.com.br\/blog\/wp-json\/wp\/v2\/tax_estado?post=1035746"}],"curies":[{"name":"wp","href":"https:\/\/api.w.org\/{rel}","templated":true}]}}