{"id":103554,"date":"2018-02-02T06:00:05","date_gmt":"2018-02-02T09:00:05","guid":{"rendered":"https:\/\/www.estrategiaconcursos.com.br\/blog\/?p=103554"},"modified":"2023-03-06T14:20:40","modified_gmt":"2023-03-06T17:20:40","slug":"xxv-exame-da-oab-edital","status":"publish","type":"post","link":"https:\/\/www.estrategiaconcursos.com.br\/blog\/xxv-exame-da-oab-edital\/","title":{"rendered":"XXV Exame da OAB: conhe\u00e7a as regras do edital"},"content":{"rendered":"<p>O per\u00edodo de inscri\u00e7\u00f5es do\u00a0<strong><em>XXV Exame da OAB<\/em><\/strong> est\u00e1 encerrado desde as\u00a0<strong><em>17h<\/em><\/strong>\u00a0de\u00a0<strong><em>2 de fevereiro de 2018<\/em><\/strong>.<\/p>\n<p><span style=\"color: #000000;\">O valor da taxa \u00e9 de\u00a0<strong><em>R$ 260,00<\/em><\/strong>\u00a0e deve ser pago at\u00e9 \u00e0s\u00a0<strong><em>23:59h\u00a0<\/em><\/strong>do dia <em><strong>8\u00a0<\/strong><strong>de mar\u00e7<\/strong><strong>o\u00a0<\/strong><\/em><em><strong>2018<\/strong><\/em>, tamb\u00e9m a data limite da emiss\u00e3o da segunda via do boleto banc\u00e1rio.<\/span><\/p>\n<p>Em\u00a0<strong><em>22 de fevereiro<\/em><\/strong> ser\u00e1 publicado o edital de inscri\u00e7\u00e3o para os candidatos que queiram solicitar o reaproveitamento do resultado da 1\u00aa fase do Exame anterior, a famosa\u00a0<em><strong>repescagem<\/strong><\/em><strong>.\u00a0<\/strong>Fique atento!<\/p>\n<p style=\"text-align: justify;\"><span style=\"color: #000000;\">A aplica\u00e7\u00e3o da prova objetiva (1\u00aa Fase) est\u00e1 prevista para o dia\u00a0<em><strong>8 de abril<\/strong><\/em>, ao passo que a 2\u00aa Fase (prova pr\u00e1tico-profissional) est\u00e1 marcada para o dia\u00a0<em><strong>27 de maio de 2018<\/strong><\/em>.<\/span><\/p>\n<p style=\"text-align: justify;\"><span style=\"color: #000000;\">Em 23 de janeiro de 2018 foi publicado, pelo Conselho Federal da OAB e pela Funda\u00e7\u00e3o Get\u00falio Vargas,\u00a0 o edital da 25\u00aa edi\u00e7\u00e3o do Exame de Ordem Unificado. A publica\u00e7\u00e3o segue a previs\u00e3o contida no <a href=\"http:\/\/www.estrategiaoab.com.br\/exame-de-ordem-unificado-2018-calendario-oab\/\" target=\"_blank\" rel=\"noopener noreferrer\">calend\u00e1rio oficial<\/a> divulgado pelo \u00f3rg\u00e3o de classe da advocacia em janeiro.<\/span><\/p>\n<p style=\"text-align: justify;\"><span style=\"color: #000000;\">Aqui voc\u00ea pode conferir as principais regras que regem as provas.<\/span><\/p>\n<h3><strong>Requisitos para a inscri\u00e7\u00e3o no Exame<\/strong><\/h3>\n<p style=\"text-align: justify;\"><span style=\"color: #000000;\">Podem se inscrever os bachar\u00e9is em Direito, ainda que pendente a cola\u00e7\u00e3o de grau, formado em institui\u00e7\u00e3o regularmente credenciada.<\/span><\/p>\n<p style=\"text-align: justify;\"><span style=\"color: #000000;\">Al\u00e9m disso, tamb\u00e9m est\u00e3o autorizados a se inscreverem os estudantes de Direito que comprovem estar cursando os \u00faltimos dois semestres do bacharelado.<\/span><\/p>\n<p style=\"text-align: justify;\"><span style=\"color: #000000;\">Os portadores de diploma estrangeiro poder\u00e3o se inscrever no exame, desde que tenham conclu\u00eddo o procedimento de revalida\u00e7\u00e3o at\u00e9 a data limite para o pagamento da taxa de inscri\u00e7\u00e3o.<\/span><\/p>\n<p style=\"text-align: justify;\"><span style=\"color: #000000;\">O candidato prestar\u00e1 o exame no local\u00a0no Conselho Seccional da OAB onde\u00a0concluiu o curso de gradua\u00e7\u00e3o em Direito, ou em seu domic\u00edlio eleitoral.<\/span><\/p>\n<p style=\"text-align: justify;\"><span style=\"color: #000000;\">A data final do per\u00edodo de inscri\u00e7\u00f5es tamb\u00e9m constitui o prazo final para que o candidato\u00a0apresente requerimento \u00e0 Coordena\u00e7\u00e3o Nacional do Exame a fim de prestar a prova em local diverso do designado na inscri\u00e7\u00e3o.<\/span><\/p>\n<h3>A escolha da \u00e1rea<\/h3>\n<p><span style=\"color: #000000;\">\u00c9 no ato de inscri\u00e7\u00e3o que os candidatos escolhem a \u00e1rea de concentra\u00e7\u00e3o de sua prova pr\u00e1tico-profissional. Os candidatos poder\u00e3o optar entre sete ramos do Direito:<\/span><\/p>\n<p><span style=\"color: #000000;\"><em>a) Direito Administrativo;<\/em><\/span><br \/>\n<span style=\"color: #000000;\"><em> b) Direito Civil;<\/em><\/span><br \/>\n<span style=\"color: #000000;\"><em> c) Direito Constitucional;<\/em><\/span><br \/>\n<span style=\"color: #000000;\"><em> d) Direito do Trabalho;<\/em><\/span><br \/>\n<span style=\"color: #000000;\"><em> e) Direito Empresarial;<\/em><\/span><br \/>\n<span style=\"color: #000000;\"><em> f) Direito Penal;<\/em><\/span><br \/>\n<span style=\"color: #000000;\"><em> g) Direito Tribut\u00e1rio<\/em><\/span><\/p>\n<h3><a href=\"https:\/\/www.estrategiaconcursos.com.br\/cursosPorConcurso\/exame-de-ordem-oab-1-fase\/\" target=\"_blank\" rel=\"noopener noreferrer\">Cursos para o Exame da OAB<\/a><\/h3>\n<h3><a href=\"https:\/\/youtu.be\/65mZYQd3GOY\">An\u00e1lise completa do edital do XXV Exame de Ordem<\/a><\/h3>\n<h3><strong>As provas<\/strong><\/h3>\n<h4 style=\"text-align: justify;\"><span style=\"color: #000000;\">1\u00aa Fase<\/span><\/h4>\n<p style=\"text-align: justify;\"><span style=\"color: #000000;\">O Exame de Ordem \u00e9 composto por duas fases, ambas de car\u00e1ter eliminat\u00f3rio. A dura\u00e7\u00e3o m\u00e1xima das provas \u00e9 de\u00a0<strong><em>5 horas<\/em><\/strong>. Confira em detalhe a organiza\u00e7\u00e3o do Exame nos quadros abaixo:<\/span><\/p>\n<p><img loading=\"lazy\" decoding=\"async\" class=\"aligncenter size-large wp-image-103557\" src=\"https:\/\/dhg1h5j42swfq.cloudfront.net\/2018\/01\/23142633\/Primeira-Fase.jpg\" alt=\"primeira fase exame de ordem oab\" width=\"1024\" height=\"473\" srcset=\"https:\/\/dhg1h5j42swfq.cloudfront.net\/2018\/01\/23142633\/Primeira-Fase.jpg 1564w, https:\/\/dhg1h5j42swfq.cloudfront.net\/2018\/01\/23142633\/Primeira-Fase.jpg 300w, https:\/\/dhg1h5j42swfq.cloudfront.net\/2018\/01\/23142633\/Primeira-Fase.jpg 768w, https:\/\/dhg1h5j42swfq.cloudfront.net\/2018\/01\/23142633\/Primeira-Fase.jpg 1024w, https:\/\/dhg1h5j42swfq.cloudfront.net\/2018\/01\/23142633\/Primeira-Fase.jpg 610w\" sizes=\"auto, (max-width: 1024px) 100vw, 1024px\" \/><\/p>\n<p style=\"text-align: justify;\"><span style=\"color: #000000;\">A Primeira Fase consiste em uma prova objetiva com 80 quest\u00f5es de m\u00faltipla escolha com quatro alternativas.<\/span><\/p>\n<p style=\"text-align: justify;\"><span style=\"color: #000000;\">Cada quest\u00e3o vale\u00a0<strong><em>1 ponto<\/em>,\u00a0<\/strong>totalizando\u00a0<em><strong>80 pontos<\/strong><\/em><strong>.<\/strong><\/span><\/p>\n<p style=\"text-align: justify;\"><span style=\"color: #000000;\">Ser\u00e3o habilitados para as provas pr\u00e1tico-profissionais os candidatos que obtiverem aproveitamento igual ou superior a 50% do total de pontos da prova, isto \u00e9, 40 pontos.<\/span><\/p>\n<p style=\"text-align: justify;\"><span style=\"color: #000000;\"><em><strong>Lembre-se<\/strong><\/em>: na Prova Objetiva n\u00e3o \u00e9 permitida a consulta a nenhuma forma de material.<\/span><\/p>\n<h3><a href=\"https:\/\/www.estrategiaconcursos.com.br\/cursosPorConcurso\/exame-de-ordem-oab-1-fase\/\" target=\"_blank\" rel=\"noopener noreferrer\">Cursos para o Exame da OAB<\/a><\/h3>\n<h4>2\u00aa Fase<\/h4>\n<p><img loading=\"lazy\" decoding=\"async\" class=\"aligncenter size-large wp-image-103560\" src=\"https:\/\/dhg1h5j42swfq.cloudfront.net\/2018\/01\/23142702\/Segunda-Fase.jpg\" alt=\"segunda fase exame de ordem oab\" width=\"1024\" height=\"481\" srcset=\"https:\/\/dhg1h5j42swfq.cloudfront.net\/2018\/01\/23142702\/Segunda-Fase.jpg 1562w, https:\/\/dhg1h5j42swfq.cloudfront.net\/2018\/01\/23142702\/Segunda-Fase.jpg 300w, https:\/\/dhg1h5j42swfq.cloudfront.net\/2018\/01\/23142702\/Segunda-Fase.jpg 768w, https:\/\/dhg1h5j42swfq.cloudfront.net\/2018\/01\/23142702\/Segunda-Fase.jpg 1024w, https:\/\/dhg1h5j42swfq.cloudfront.net\/2018\/01\/23142702\/Segunda-Fase.jpg 610w\" sizes=\"auto, (max-width: 1024px) 100vw, 1024px\" \/><\/p>\n<p style=\"text-align: justify;\"><span style=\"color: #000000;\">A prova pr\u00e1tico-profissional ter\u00e1 um valor total de\u00a0<strong><em>10 pontos<\/em><\/strong>. Ela ser\u00e1 composta por uma pe\u00e7a processual, valendo\u00a0<strong><em>5 pontos<\/em><\/strong>\u00a0e por\u00a0<strong><em>quatro quest\u00f5es discursivas<\/em><\/strong>, com o valor de\u00a0<strong><em>1,25 ponto cada<\/em><\/strong>.<\/span><\/p>\n<p style=\"text-align: justify;\"><span style=\"color: #000000;\">Tanto a pe\u00e7a processual quanto as quest\u00f5es discursivas versar\u00e3o sobre conte\u00fados inerentes \u00e0 \u00e1rea do Direito elegida pelo candidato no ato da inscri\u00e7\u00e3o.<\/span><\/p>\n<p style=\"text-align: justify;\"><strong><span style=\"color: #000000;\"><em>Lembre-se<\/em>:<\/span><span style=\"color: #000000;\">\u00a0<\/span><\/strong><span style=\"color: #000000;\">\u00e9 permitido o uso de legisla\u00e7\u00e3o n\u00e3o comentada, n\u00e3o anotada ou comparada. <strong>\u00a0<\/strong><a href=\"http:\/\/www.estrategiaoab.com.br\/o-que-e-permitido-na-prova-pratico-profissional-exame-de-ordem-da-oab\/\" target=\"_blank\" rel=\"noopener noreferrer\">Confira aqui<\/a> a lista dos materiais permitidos e proibidos no \u00faltimo Exame da OAB.<\/span><\/p>\n<p><span style=\"color: #000000;\">Ser\u00e1 considerado\u00a0<strong><em>aprovado<\/em>\u00a0<\/strong>o candidato que obtiver a nota m\u00ednima de\u00a0<strong><em>6 pontos<\/em><\/strong>\u00a0na prova pr\u00e1tico-profissional.<\/span><\/p>\n<h3>A repescagem<\/h3>\n<h3>A repescagem<\/h3>\n<p style=\"text-align: justify;\"><span style=\"color: #000000;\">Caso o examinando n\u00e3o logre a aprova\u00e7\u00e3o na 2\u00aa Fase, \u00e9 poss\u00edvel reaproveitar o resultado da prova objetiva para a realiza\u00e7\u00e3o da prova pr\u00e1tico-profissional do Exame\u00a0<strong><em>imediatamente subsequente<\/em>,\u00a0<\/strong>mediante o pagamento da taxa de inscri\u00e7\u00e3o correspondente<\/span><\/p>\n<p style=\"text-align: justify;\"><span style=\"color: #000000;\">A OAB sempre divulga um\u00a0<strong><em>edital complementar<\/em><\/strong>\u00a0com todos os detalhes para que os candidatos nessas condi\u00e7\u00f5es possam se inscrever. A sua publica\u00e7\u00e3o foi feita no fim da tarde do dia 21 de fevereiro de 2018.<\/span><\/p>\n<p class=\"western\">As inscri\u00e7\u00f5es est\u00e3o abertas entre as\u00a0<em><strong>14hs<\/strong><\/em>\u00a0do dia\u00a0<em><strong>10 de abril<\/strong><\/em>\u00a0e as\u00a0<strong><em>17hs\u00a0<\/em><\/strong>\u00a0do dia\u00a0<strong><em>17 de abril de 2018<\/em><\/strong>.\u00a0 O valor da taxa de inscri\u00e7\u00e3o \u00e9 de\u00a0<strong><em>R$ 130.\u00a0<\/em><\/strong><\/p>\n<p class=\"western\">O\u00a0 limite para reimpress\u00e3o da 2\u00aa via do boleto banc\u00e1rio e para o pagamento da taxa de inscri\u00e7\u00e3o foi fixado \u00e0s\u00a0<strong><em>23h:59min<\/em><\/strong>\u00a0do dia\u00a0<strong><em>4 de maio de 2018<\/em><\/strong>.<\/p>\n<p class=\"western\">Os examinandos poder\u00e3o, no ato de inscri\u00e7\u00e3o,\u00a0atualizar seus dados cadastrais. Isso inclui tanto a escolha do local de prova quanto da \u00e1rea da prova pr\u00e1tico-profissional.<\/p>\n<p style=\"text-align: justify;\"><span style=\"color: #000000;\"><strong><em>Importante<\/em><\/strong>: nos casos de reaproveitamento do resultado da Primeira Fase, os candidatos devem se inscrever nas datas previstas pelo edital complementar e n\u00e3o no per\u00edodo normal de inscri\u00e7\u00f5es.<\/span><\/p>\n<p style=\"text-align: justify;\">Conhe\u00e7a todos os detalhes da repescagem no Exame da OAB clicando\u00a0<a href=\"http:\/\/www.estrategiaoab.com.br\/repescagem-exame-de-ordem\/\" target=\"_blank\" rel=\"noopener noreferrer\">aqui<\/a>.<\/p>\n<h3><a href=\"https:\/\/www.estrategiaconcursos.com.br\/cursosPorConcurso\/exame-de-ordem-oab-1-fase\/\" target=\"_blank\" rel=\"noopener noreferrer\">Cursos para o Exame da OAB<\/a><\/h3>\n<h3><strong>Datas importantes<\/strong><\/h3>\n<p><strong><em>Inscri\u00e7\u00f5es<\/em><\/strong>:\u00a0<span style=\"color: #000000;\"><em>23\/01<\/em>\u00a0a 0<em>2\/02\/2018<\/em><\/span><\/p>\n<p><strong><em>Pagamento da taxa<\/em><\/strong>: 0<em>8\/03\/2018<\/em><\/p>\n<p><strong><em>1\u00aa Fase<\/em><\/strong>:<strong>\u00a0<\/strong><em>08\/04\/2018<\/em><\/p>\n<p><strong><em>Resultado preliminar da 1\u00aa Fase<\/em>:<\/strong>\u00a0<em>23\/04\/2018\u00a0<\/em><\/p>\n<p><strong><em>Resultado definitivo da 1\u00aaFase<\/em>:\u00a0<\/strong> <em>08\/05\/2018 <\/em><\/p>\n<p><strong><em>2\u00aa Fase<\/em><\/strong>:\u00a0<em>27\/05\/2018\u00a0<\/em><\/p>\n<p><strong><em>Resultado preliminar da 2\u00aa Fase<\/em><\/strong>:\u00a0<em>20\/06\/2018 a 23\/06\/2018\u00a0<\/em><\/p>\n<p><strong><em>Resultado definitivo da\u00a02\u00aaFase<\/em><\/strong>:\u00a0<em>03\/07\/2018<\/em><\/p>\n<p>Confira a \u00edntegra do <a href=\"https:\/\/dhg1h5j42swfq.cloudfront.net\/2018\/01\/24072958\/Edital-do-XXV-Exame-de-Ordem.pdf\">Edital do XXV Exame de Ordem<\/a>.<\/p>\n<p>Conhe\u00e7a nossos\u00a0<a href=\"https:\/\/www.estrategiaconcursos.com.br\/cursosPorConcurso\/exame-de-ordem-oab-1-fase\/\" target=\"_blank\" rel=\"noopener noreferrer\">Cursos Preparat\u00f3rios para o Exame da OAB<\/a>.<\/p>\n<p>Acesse o <a href=\"http:\/\/fgvprojetos.fgv.br\/node\/135\" target=\"_blank\" rel=\"noopener noreferrer\">portal Exame de Ordem da OAB<\/a> para fazer sua inscri\u00e7\u00e3o.<\/p>\n<h3>Cronograma completo<\/h3>\n<p><img loading=\"lazy\" decoding=\"async\" class=\"aligncenter size-full wp-image-103614\" src=\"https:\/\/dhg1h5j42swfq.cloudfront.net\/2018\/01\/23171616\/cronograma-oab.jpg\" alt=\"\" width=\"573\" height=\"848\" srcset=\"https:\/\/dhg1h5j42swfq.cloudfront.net\/2018\/01\/23171616\/cronograma-oab.jpg 573w, https:\/\/dhg1h5j42swfq.cloudfront.net\/2018\/01\/23171616\/cronograma-oab.jpg 203w\" sizes=\"auto, (max-width: 573px) 100vw, 573px\" \/><\/p>\n","protected":false},"excerpt":{"rendered":"<p>O per\u00edodo de inscri\u00e7\u00f5es do\u00a0XXV Exame da OAB est\u00e1 encerrado desde as\u00a017h\u00a0de\u00a02 de fevereiro de 2018. O valor da taxa \u00e9 de\u00a0R$ 260,00\u00a0e deve ser pago at\u00e9 \u00e0s\u00a023:59h\u00a0do dia 8\u00a0de mar\u00e7o\u00a02018, tamb\u00e9m a data limite da emiss\u00e3o da segunda via do boleto banc\u00e1rio. Em\u00a022 de fevereiro ser\u00e1 publicado o edital de inscri\u00e7\u00e3o para os candidatos [&hellip;]<\/p>\n","protected":false},"author":180,"featured_media":86362,"comment_status":"open","ping_status":"closed","sticky":false,"template":"","format":"standard","meta":{"post_tipo":"article","footnotes":""},"categories":[2185],"tags":[1893,1548],"tax_estado":[],"class_list":["post-103554","post","type-post","status-publish","format-standard","has-post-thumbnail","hentry","category-carreiras-juridicas","tag-edital-oab","tag-exame-da-oab"],"acf":[],"yoast_head":"<!-- This site is optimized with the Yoast SEO Premium plugin v27.2 (Yoast SEO v27.2) - https:\/\/yoast.com\/product\/yoast-seo-premium-wordpress\/ -->\n<title>XXV Exame da OAB: conhe\u00e7a as todas as regras do edital<\/title>\n<meta name=\"description\" content=\"Saiu o edital do XXV Exame da OAB! Confira aqui todas as informa\u00e7\u00f5es importantes sobre a pr\u00f3xima prova da OAB. Assista tamb\u00e9m nossa an\u00e1lise de edital!\" \/>\n<meta name=\"robots\" content=\"index, follow, max-snippet:-1, max-image-preview:large, max-video-preview:-1\" \/>\n<link rel=\"canonical\" href=\"https:\/\/www.estrategiaconcursos.com.br\/blog\/xxv-exame-da-oab-edital\/\" \/>\n<meta property=\"og:locale\" content=\"pt_BR\" \/>\n<meta property=\"og:type\" content=\"article\" \/>\n<meta property=\"og:title\" content=\"XXV Exame da OAB: conhe\u00e7a as regras do edital\" \/>\n<meta property=\"og:description\" content=\"Saiu o edital do XXV Exame da OAB! Confira aqui todas as informa\u00e7\u00f5es importantes sobre a pr\u00f3xima prova da OAB. Assista tamb\u00e9m nossa an\u00e1lise de edital!\" \/>\n<meta property=\"og:url\" content=\"https:\/\/www.estrategiaconcursos.com.br\/blog\/xxv-exame-da-oab-edital\/\" \/>\n<meta property=\"og:site_name\" content=\"Estrat\u00e9gia Concursos\" \/>\n<meta property=\"article:author\" content=\"https:\/\/www.facebook.com\/ricardo.s.torques\" \/>\n<meta property=\"article:published_time\" content=\"2018-02-02T09:00:05+00:00\" \/>\n<meta property=\"article:modified_time\" content=\"2023-03-06T17:20:40+00:00\" \/>\n<meta property=\"og:image\" content=\"https:\/\/dhg1h5j42swfq.cloudfront.net\/2017\/08\/22182059\/oab.jpg\" \/>\n\t<meta property=\"og:image:width\" content=\"880\" \/>\n\t<meta property=\"og:image:height\" content=\"500\" \/>\n\t<meta property=\"og:image:type\" content=\"image\/jpeg\" \/>\n<meta name=\"author\" content=\"Ricardo Torques\" \/>\n<meta name=\"twitter:card\" content=\"summary_large_image\" \/>\n<meta name=\"twitter:creator\" content=\"@EstratConcursos\" \/>\n<meta name=\"twitter:site\" content=\"@EstratConcursos\" \/>\n<meta name=\"twitter:label1\" content=\"Escrito por\" \/>\n\t<meta name=\"twitter:data1\" content=\"Ricardo Torques\" \/>\n\t<meta name=\"twitter:label2\" content=\"Est. tempo de leitura\" \/>\n\t<meta name=\"twitter:data2\" content=\"4 minutos\" \/>\n<script type=\"application\/ld+json\" class=\"yoast-schema-graph\">{\"@context\":\"https:\/\/schema.org\",\"@graph\":[{\"@type\":\"NewsArticle\",\"@id\":\"https:\/\/www.estrategiaconcursos.com.br\/blog\/xxv-exame-da-oab-edital\/#article\",\"isPartOf\":{\"@id\":\"https:\/\/www.estrategiaconcursos.com.br\/blog\/xxv-exame-da-oab-edital\/\"},\"author\":{\"name\":\"Ricardo Torques\",\"@id\":\"https:\/\/www.estrategiaconcursos.com.br\/blog\/#\/schema\/person\/aa39cf5ddb518e5bdce27c35788405e2\"},\"headline\":\"XXV Exame da OAB: conhe\u00e7a as regras do edital\",\"datePublished\":\"2018-02-02T09:00:05+00:00\",\"dateModified\":\"2023-03-06T17:20:40+00:00\",\"mainEntityOfPage\":{\"@id\":\"https:\/\/www.estrategiaconcursos.com.br\/blog\/xxv-exame-da-oab-edital\/\"},\"wordCount\":905,\"commentCount\":13,\"publisher\":{\"@id\":\"https:\/\/www.estrategiaconcursos.com.br\/blog\/#organization\"},\"image\":{\"@id\":\"https:\/\/www.estrategiaconcursos.com.br\/blog\/xxv-exame-da-oab-edital\/#primaryimage\"},\"thumbnailUrl\":\"https:\/\/dhg1h5j42swfq.cloudfront.net\/2017\/08\/22182059\/oab.jpg\",\"keywords\":[\"edital oab\",\"exame da OAB\"],\"articleSection\":[\"Jur\u00eddico\"],\"inLanguage\":\"pt-BR\",\"potentialAction\":[{\"@type\":\"CommentAction\",\"name\":\"Comment\",\"target\":[\"https:\/\/www.estrategiaconcursos.com.br\/blog\/xxv-exame-da-oab-edital\/#respond\"]}],\"copyrightYear\":\"2018\",\"copyrightHolder\":{\"@id\":\"https:\/\/www.estrategiaconcursos.com.br\/blog\/#organization\"}},{\"@type\":\"WebPage\",\"@id\":\"https:\/\/www.estrategiaconcursos.com.br\/blog\/xxv-exame-da-oab-edital\/\",\"url\":\"https:\/\/www.estrategiaconcursos.com.br\/blog\/xxv-exame-da-oab-edital\/\",\"name\":\"XXV Exame da OAB: conhe\u00e7a as todas as regras do edital\",\"isPartOf\":{\"@id\":\"https:\/\/www.estrategiaconcursos.com.br\/blog\/#website\"},\"primaryImageOfPage\":{\"@id\":\"https:\/\/www.estrategiaconcursos.com.br\/blog\/xxv-exame-da-oab-edital\/#primaryimage\"},\"image\":{\"@id\":\"https:\/\/www.estrategiaconcursos.com.br\/blog\/xxv-exame-da-oab-edital\/#primaryimage\"},\"thumbnailUrl\":\"https:\/\/dhg1h5j42swfq.cloudfront.net\/2017\/08\/22182059\/oab.jpg\",\"datePublished\":\"2018-02-02T09:00:05+00:00\",\"dateModified\":\"2023-03-06T17:20:40+00:00\",\"description\":\"Saiu o edital do XXV Exame da OAB! Confira aqui todas as informa\u00e7\u00f5es importantes sobre a pr\u00f3xima prova da OAB. Assista tamb\u00e9m nossa an\u00e1lise de edital!\",\"breadcrumb\":{\"@id\":\"https:\/\/www.estrategiaconcursos.com.br\/blog\/xxv-exame-da-oab-edital\/#breadcrumb\"},\"inLanguage\":\"pt-BR\",\"potentialAction\":[{\"@type\":\"ReadAction\",\"target\":[\"https:\/\/www.estrategiaconcursos.com.br\/blog\/xxv-exame-da-oab-edital\/\"]}]},{\"@type\":\"ImageObject\",\"inLanguage\":\"pt-BR\",\"@id\":\"https:\/\/www.estrategiaconcursos.com.br\/blog\/xxv-exame-da-oab-edital\/#primaryimage\",\"url\":\"https:\/\/dhg1h5j42swfq.cloudfront.net\/2017\/08\/22182059\/oab.jpg\",\"contentUrl\":\"https:\/\/dhg1h5j42swfq.cloudfront.net\/2017\/08\/22182059\/oab.jpg\",\"width\":880,\"height\":500,\"caption\":\"resultado preliminar\"},{\"@type\":\"BreadcrumbList\",\"@id\":\"https:\/\/www.estrategiaconcursos.com.br\/blog\/xxv-exame-da-oab-edital\/#breadcrumb\",\"itemListElement\":[{\"@type\":\"ListItem\",\"position\":1,\"name\":\"In\u00edcio\",\"item\":\"https:\/\/www.estrategiaconcursos.com.br\/blog\/\"},{\"@type\":\"ListItem\",\"position\":2,\"name\":\"XXV Exame da OAB: conhe\u00e7a as regras do edital\"}]},{\"@type\":\"WebSite\",\"@id\":\"https:\/\/www.estrategiaconcursos.com.br\/blog\/#website\",\"url\":\"https:\/\/www.estrategiaconcursos.com.br\/blog\/\",\"name\":\"Estrat\u00e9gia Concursos\",\"description\":\"O blog da Estrat\u00e9gia Concursos traz not\u00edcias sobre concursos e artigos de professores oferecendo cursos para concursos (pdf + videaulas) no site.\",\"publisher\":{\"@id\":\"https:\/\/www.estrategiaconcursos.com.br\/blog\/#organization\"},\"potentialAction\":[{\"@type\":\"SearchAction\",\"target\":{\"@type\":\"EntryPoint\",\"urlTemplate\":\"https:\/\/www.estrategiaconcursos.com.br\/blog\/?s={search_term_string}\"},\"query-input\":{\"@type\":\"PropertyValueSpecification\",\"valueRequired\":true,\"valueName\":\"search_term_string\"}}],\"inLanguage\":\"pt-BR\"},{\"@type\":\"Organization\",\"@id\":\"https:\/\/www.estrategiaconcursos.com.br\/blog\/#organization\",\"name\":\"Estrat\u00e9gia Concursos\",\"url\":\"https:\/\/www.estrategiaconcursos.com.br\/blog\/\",\"logo\":{\"@type\":\"ImageObject\",\"inLanguage\":\"pt-BR\",\"@id\":\"https:\/\/www.estrategiaconcursos.com.br\/blog\/#\/schema\/logo\/image\/\",\"url\":\"https:\/\/dhg1h5j42swfq.cloudfront.net\/2025\/06\/03203428\/logo_concursos-1.jpg\",\"contentUrl\":\"https:\/\/dhg1h5j42swfq.cloudfront.net\/2025\/06\/03203428\/logo_concursos-1.jpg\",\"width\":230,\"height\":60,\"caption\":\"Estrat\u00e9gia Concursos\"},\"image\":{\"@id\":\"https:\/\/www.estrategiaconcursos.com.br\/blog\/#\/schema\/logo\/image\/\"},\"sameAs\":[\"https:\/\/x.com\/EstratConcursos\"]},{\"@type\":\"Person\",\"@id\":\"https:\/\/www.estrategiaconcursos.com.br\/blog\/#\/schema\/person\/aa39cf5ddb518e5bdce27c35788405e2\",\"name\":\"Ricardo Torques\",\"image\":{\"@type\":\"ImageObject\",\"inLanguage\":\"pt-BR\",\"@id\":\"https:\/\/secure.gravatar.com\/avatar\/ce9ac6c3cff25fe86d15ed568ebc64d1724baf5c0693133bcb1f6073f712f92a?s=96&d=mm&r=g\",\"url\":\"https:\/\/secure.gravatar.com\/avatar\/ce9ac6c3cff25fe86d15ed568ebc64d1724baf5c0693133bcb1f6073f712f92a?s=96&d=mm&r=g\",\"contentUrl\":\"https:\/\/secure.gravatar.com\/avatar\/ce9ac6c3cff25fe86d15ed568ebc64d1724baf5c0693133bcb1f6073f712f92a?s=96&d=mm&r=g\",\"caption\":\"Ricardo Torques\"},\"sameAs\":[\"https:\/\/www.facebook.com\/ricardo.s.torques\"],\"url\":\"https:\/\/www.estrategiaconcursos.com.br\/blog\/author\/ricardotorquesestrategiaconcursos-com-br\/\"}]}<\/script>\n<!-- \/ Yoast SEO Premium plugin. -->","yoast_head_json":{"title":"XXV Exame da OAB: conhe\u00e7a as todas as regras do edital","description":"Saiu o edital do XXV Exame da OAB! Confira aqui todas as informa\u00e7\u00f5es importantes sobre a pr\u00f3xima prova da OAB. Assista tamb\u00e9m nossa an\u00e1lise de edital!","robots":{"index":"index","follow":"follow","max-snippet":"max-snippet:-1","max-image-preview":"max-image-preview:large","max-video-preview":"max-video-preview:-1"},"canonical":"https:\/\/www.estrategiaconcursos.com.br\/blog\/xxv-exame-da-oab-edital\/","og_locale":"pt_BR","og_type":"article","og_title":"XXV Exame da OAB: conhe\u00e7a as regras do edital","og_description":"Saiu o edital do XXV Exame da OAB! Confira aqui todas as informa\u00e7\u00f5es importantes sobre a pr\u00f3xima prova da OAB. Assista tamb\u00e9m nossa an\u00e1lise de edital!","og_url":"https:\/\/www.estrategiaconcursos.com.br\/blog\/xxv-exame-da-oab-edital\/","og_site_name":"Estrat\u00e9gia Concursos","article_author":"https:\/\/www.facebook.com\/ricardo.s.torques","article_published_time":"2018-02-02T09:00:05+00:00","article_modified_time":"2023-03-06T17:20:40+00:00","og_image":[{"width":880,"height":500,"url":"https:\/\/dhg1h5j42swfq.cloudfront.net\/2017\/08\/22182059\/oab.jpg","type":"image\/jpeg"}],"author":"Ricardo Torques","twitter_card":"summary_large_image","twitter_creator":"@EstratConcursos","twitter_site":"@EstratConcursos","twitter_misc":{"Escrito por":"Ricardo Torques","Est. tempo de leitura":"4 minutos"},"schema":{"@context":"https:\/\/schema.org","@graph":[{"@type":"NewsArticle","@id":"https:\/\/www.estrategiaconcursos.com.br\/blog\/xxv-exame-da-oab-edital\/#article","isPartOf":{"@id":"https:\/\/www.estrategiaconcursos.com.br\/blog\/xxv-exame-da-oab-edital\/"},"author":{"name":"Ricardo Torques","@id":"https:\/\/www.estrategiaconcursos.com.br\/blog\/#\/schema\/person\/aa39cf5ddb518e5bdce27c35788405e2"},"headline":"XXV Exame da OAB: conhe\u00e7a as regras do edital","datePublished":"2018-02-02T09:00:05+00:00","dateModified":"2023-03-06T17:20:40+00:00","mainEntityOfPage":{"@id":"https:\/\/www.estrategiaconcursos.com.br\/blog\/xxv-exame-da-oab-edital\/"},"wordCount":905,"commentCount":13,"publisher":{"@id":"https:\/\/www.estrategiaconcursos.com.br\/blog\/#organization"},"image":{"@id":"https:\/\/www.estrategiaconcursos.com.br\/blog\/xxv-exame-da-oab-edital\/#primaryimage"},"thumbnailUrl":"https:\/\/dhg1h5j42swfq.cloudfront.net\/2017\/08\/22182059\/oab.jpg","keywords":["edital oab","exame da OAB"],"articleSection":["Jur\u00eddico"],"inLanguage":"pt-BR","potentialAction":[{"@type":"CommentAction","name":"Comment","target":["https:\/\/www.estrategiaconcursos.com.br\/blog\/xxv-exame-da-oab-edital\/#respond"]}],"copyrightYear":"2018","copyrightHolder":{"@id":"https:\/\/www.estrategiaconcursos.com.br\/blog\/#organization"}},{"@type":"WebPage","@id":"https:\/\/www.estrategiaconcursos.com.br\/blog\/xxv-exame-da-oab-edital\/","url":"https:\/\/www.estrategiaconcursos.com.br\/blog\/xxv-exame-da-oab-edital\/","name":"XXV Exame da OAB: conhe\u00e7a as todas as regras do edital","isPartOf":{"@id":"https:\/\/www.estrategiaconcursos.com.br\/blog\/#website"},"primaryImageOfPage":{"@id":"https:\/\/www.estrategiaconcursos.com.br\/blog\/xxv-exame-da-oab-edital\/#primaryimage"},"image":{"@id":"https:\/\/www.estrategiaconcursos.com.br\/blog\/xxv-exame-da-oab-edital\/#primaryimage"},"thumbnailUrl":"https:\/\/dhg1h5j42swfq.cloudfront.net\/2017\/08\/22182059\/oab.jpg","datePublished":"2018-02-02T09:00:05+00:00","dateModified":"2023-03-06T17:20:40+00:00","description":"Saiu o edital do XXV Exame da OAB! Confira aqui todas as informa\u00e7\u00f5es importantes sobre a pr\u00f3xima prova da OAB. Assista tamb\u00e9m nossa an\u00e1lise de edital!","breadcrumb":{"@id":"https:\/\/www.estrategiaconcursos.com.br\/blog\/xxv-exame-da-oab-edital\/#breadcrumb"},"inLanguage":"pt-BR","potentialAction":[{"@type":"ReadAction","target":["https:\/\/www.estrategiaconcursos.com.br\/blog\/xxv-exame-da-oab-edital\/"]}]},{"@type":"ImageObject","inLanguage":"pt-BR","@id":"https:\/\/www.estrategiaconcursos.com.br\/blog\/xxv-exame-da-oab-edital\/#primaryimage","url":"https:\/\/dhg1h5j42swfq.cloudfront.net\/2017\/08\/22182059\/oab.jpg","contentUrl":"https:\/\/dhg1h5j42swfq.cloudfront.net\/2017\/08\/22182059\/oab.jpg","width":880,"height":500,"caption":"resultado preliminar"},{"@type":"BreadcrumbList","@id":"https:\/\/www.estrategiaconcursos.com.br\/blog\/xxv-exame-da-oab-edital\/#breadcrumb","itemListElement":[{"@type":"ListItem","position":1,"name":"In\u00edcio","item":"https:\/\/www.estrategiaconcursos.com.br\/blog\/"},{"@type":"ListItem","position":2,"name":"XXV Exame da OAB: conhe\u00e7a as regras do edital"}]},{"@type":"WebSite","@id":"https:\/\/www.estrategiaconcursos.com.br\/blog\/#website","url":"https:\/\/www.estrategiaconcursos.com.br\/blog\/","name":"Estrat\u00e9gia Concursos","description":"O blog da Estrat\u00e9gia Concursos traz not\u00edcias sobre concursos e artigos de professores oferecendo cursos para concursos (pdf + videaulas) no site.","publisher":{"@id":"https:\/\/www.estrategiaconcursos.com.br\/blog\/#organization"},"potentialAction":[{"@type":"SearchAction","target":{"@type":"EntryPoint","urlTemplate":"https:\/\/www.estrategiaconcursos.com.br\/blog\/?s={search_term_string}"},"query-input":{"@type":"PropertyValueSpecification","valueRequired":true,"valueName":"search_term_string"}}],"inLanguage":"pt-BR"},{"@type":"Organization","@id":"https:\/\/www.estrategiaconcursos.com.br\/blog\/#organization","name":"Estrat\u00e9gia Concursos","url":"https:\/\/www.estrategiaconcursos.com.br\/blog\/","logo":{"@type":"ImageObject","inLanguage":"pt-BR","@id":"https:\/\/www.estrategiaconcursos.com.br\/blog\/#\/schema\/logo\/image\/","url":"https:\/\/dhg1h5j42swfq.cloudfront.net\/2025\/06\/03203428\/logo_concursos-1.jpg","contentUrl":"https:\/\/dhg1h5j42swfq.cloudfront.net\/2025\/06\/03203428\/logo_concursos-1.jpg","width":230,"height":60,"caption":"Estrat\u00e9gia Concursos"},"image":{"@id":"https:\/\/www.estrategiaconcursos.com.br\/blog\/#\/schema\/logo\/image\/"},"sameAs":["https:\/\/x.com\/EstratConcursos"]},{"@type":"Person","@id":"https:\/\/www.estrategiaconcursos.com.br\/blog\/#\/schema\/person\/aa39cf5ddb518e5bdce27c35788405e2","name":"Ricardo Torques","image":{"@type":"ImageObject","inLanguage":"pt-BR","@id":"https:\/\/secure.gravatar.com\/avatar\/ce9ac6c3cff25fe86d15ed568ebc64d1724baf5c0693133bcb1f6073f712f92a?s=96&d=mm&r=g","url":"https:\/\/secure.gravatar.com\/avatar\/ce9ac6c3cff25fe86d15ed568ebc64d1724baf5c0693133bcb1f6073f712f92a?s=96&d=mm&r=g","contentUrl":"https:\/\/secure.gravatar.com\/avatar\/ce9ac6c3cff25fe86d15ed568ebc64d1724baf5c0693133bcb1f6073f712f92a?s=96&d=mm&r=g","caption":"Ricardo Torques"},"sameAs":["https:\/\/www.facebook.com\/ricardo.s.torques"],"url":"https:\/\/www.estrategiaconcursos.com.br\/blog\/author\/ricardotorquesestrategiaconcursos-com-br\/"}]}},"_links":{"self":[{"href":"https:\/\/www.estrategiaconcursos.com.br\/blog\/wp-json\/wp\/v2\/posts\/103554","targetHints":{"allow":["GET"]}}],"collection":[{"href":"https:\/\/www.estrategiaconcursos.com.br\/blog\/wp-json\/wp\/v2\/posts"}],"about":[{"href":"https:\/\/www.estrategiaconcursos.com.br\/blog\/wp-json\/wp\/v2\/types\/post"}],"author":[{"embeddable":true,"href":"https:\/\/www.estrategiaconcursos.com.br\/blog\/wp-json\/wp\/v2\/users\/180"}],"replies":[{"embeddable":true,"href":"https:\/\/www.estrategiaconcursos.com.br\/blog\/wp-json\/wp\/v2\/comments?post=103554"}],"version-history":[{"count":37,"href":"https:\/\/www.estrategiaconcursos.com.br\/blog\/wp-json\/wp\/v2\/posts\/103554\/revisions"}],"predecessor-version":[{"id":1182165,"href":"https:\/\/www.estrategiaconcursos.com.br\/blog\/wp-json\/wp\/v2\/posts\/103554\/revisions\/1182165"}],"wp:featuredmedia":[{"embeddable":true,"href":"https:\/\/www.estrategiaconcursos.com.br\/blog\/wp-json\/wp\/v2\/media\/86362"}],"wp:attachment":[{"href":"https:\/\/www.estrategiaconcursos.com.br\/blog\/wp-json\/wp\/v2\/media?parent=103554"}],"wp:term":[{"taxonomy":"category","embeddable":true,"href":"https:\/\/www.estrategiaconcursos.com.br\/blog\/wp-json\/wp\/v2\/categories?post=103554"},{"taxonomy":"post_tag","embeddable":true,"href":"https:\/\/www.estrategiaconcursos.com.br\/blog\/wp-json\/wp\/v2\/tags?post=103554"},{"taxonomy":"tax_estado","embeddable":true,"href":"https:\/\/www.estrategiaconcursos.com.br\/blog\/wp-json\/wp\/v2\/tax_estado?post=103554"}],"curies":[{"name":"wp","href":"https:\/\/api.w.org\/{rel}","templated":true}]}}