{"id":1034320,"date":"2022-05-25T18:24:41","date_gmt":"2022-05-25T21:24:41","guid":{"rendered":"https:\/\/www.estrategiaconcursos.com.br\/blog\/?p=1034320"},"modified":"2023-03-03T09:25:47","modified_gmt":"2023-03-03T12:25:47","slug":"concurso-marinha-2023-saude-edital-publicado","status":"publish","type":"post","link":"https:\/\/www.estrategiaconcursos.com.br\/blog\/concurso-marinha-2023-saude-edital-publicado\/","title":{"rendered":"Edital Marinha Sa\u00fade 2023: 33 vagas; inicial de R$ 9 mil!"},"content":{"rendered":"\n<p>Foram publicados 3 <a href=\"https:\/\/youtu.be\/XY_VNG6hh6s\" target=\"_blank\" rel=\"noreferrer noopener\">editais<\/a> dos quadros de Sa\u00fade para as \u00e1reas de Cirurgi\u00e3o-Dentista (CP-CSM-CD), M\u00e9dico (CP-CSM\/MD) e Apoio \u00e0 Sa\u00fade (CP-CSM\/S) do\u00a0<strong>concurso Marinha<\/strong> <strong>2023<\/strong>.<\/p>\n\n\n\n<p>Ao todo, s\u00e3o ofertadas <strong>33 vagas<\/strong> distribu\u00eddas entre o posto de Primeiro Tenente, ap\u00f3s o candidato obter a aprova\u00e7\u00e3o em todas as fases da sele\u00e7\u00e3o e ter sido aprovado em todas as fases do CFO. <\/p>\n\n\n\n<p>As inscri\u00e7\u00f5es poder\u00e3o ser realizadas entre os dias 11 a 24 de de julho, no&nbsp;<a href=\"https:\/\/www.inscricao.marinha.mil.br\/marinha\/concursos_marinha.jsp\" target=\"_blank\" rel=\"noreferrer noopener\">portal<\/a>&nbsp;da Marinha, ao custo de R$ 140,00. A aplica\u00e7\u00e3o das provas objetivas \u00e9 prevista para o dia 25 de setembro.<\/p>\n\n\n\n<ul class=\"wp-block-list\">\n<li><strong>Edital Marinha Sa\u00fade 2023<\/strong><\/li>\n\n\n\n<li><strong>Status<\/strong>: editais publicados<\/li>\n\n\n\n<li><strong>Vagas<\/strong>: 33<\/li>\n\n\n\n<li><strong>Sal\u00e1rio<\/strong>: R$ 9.070,60<\/li>\n\n\n\n<li><strong>Editais: <\/strong><a href=\"https:\/\/dhg1h5j42swfq.cloudfront.net\/2022\/05\/25171148\/cp-csm-cd-2022.pdf\" target=\"_blank\" rel=\"noreferrer noopener nofollow\">Cirurgi\u00e3o-Dentista<\/a> | <a href=\"https:\/\/dhg1h5j42swfq.cloudfront.net\/2022\/05\/25171152\/cp-csm-md_2022.pdf\" target=\"_blank\" rel=\"noreferrer noopener nofollow\">M\u00e9dico<\/a> | <a href=\"https:\/\/dhg1h5j42swfq.cloudfront.net\/2022\/05\/25171144\/cp-csm-s_2022.pdf\" target=\"_blank\" rel=\"noreferrer noopener nofollow\">Apoio \u00e0 Sa\u00fade<\/a><\/li>\n<\/ul>\n\n\n\n<p>O cargo exige o n\u00edvel superior completo de forma\u00e7\u00e3o em diversas especialidades e oferta remunera\u00e7\u00e3o inicial de R$ 9.070,60.<\/p>\n\n\n\n<div class=\"container\" id=\"boxes\">\n  <div class=\"row\">\n\n    <div class=\"col-sm\">\n      <div class=\"banner-estrategia\" id=\"box-assinatura\">\n        <h3 class=\"titulo-assinatura\">Concurso Marinha do Brasil<\/h3>\n        <p class=\"subtitulo-assinatura\">Estude conosco<\/p>\n        <div class=\"box-botao\">\n          <a class=\"btn-assinatura\" target=\"_blank\" href=\"https:\/\/www.estrategiaconcursos.com.br\/cursos\/\" role=\"button\" rel=\"noopener noreferrer\">Conhe\u00e7a os cursos<\/a>\n        <\/div>\n      <\/div>\n     \n    <\/div>\n\n  <\/div>\n<\/div>\n\n\n\n<h2 class=\"has-cyan-bluish-gray-background-color has-background wp-block-heading\" id=\"concurso-marinha-2023-situacao-atual\">Edital Marinha Sa\u00fade 2023: situa\u00e7\u00e3o atual<\/h2>\n\n\n\n<h3 class=\"wp-block-heading\" id=\"principais-datas-engenheiros\">Principais datas<\/h3>\n\n\n\n<ul class=\"wp-block-list\">\n<li><strong>Inscri\u00e7\u00f5es<\/strong>:&nbsp;11 a 24 de julho de 2022<\/li>\n\n\n\n<li><strong>Prova objetiva<\/strong>:&nbsp;25 de setembro de 2022<\/li>\n<\/ul>\n\n\n\n<h2 class=\"has-cyan-bluish-gray-background-color has-background wp-block-heading\" id=\"concurso-marinha-2023-situacao-atual\">Edital Marinha Sa\u00fade 2023: vagas e remunera\u00e7\u00e3o<\/h2>\n\n\n\n<figure class=\"wp-block-table is-style-stripes\"><table><thead><tr><th class=\"has-text-align-center\" data-align=\"center\"><strong>Cargos<\/strong><\/th><th class=\"has-text-align-center\" data-align=\"center\"><strong>Vagas<\/strong><\/th><th class=\"has-text-align-center\" data-align=\"center\"><strong>Remunera\u00e7\u00e3o<\/strong><\/th><\/tr><\/thead><tbody><tr><td class=\"has-text-align-center\" data-align=\"center\">Quadro de Cirurgi\u00e3o-Dentista <br \/>(CP-CSM-CD)<\/td><td class=\"has-text-align-center\" data-align=\"center\">04<\/td><td class=\"has-text-align-center\" data-align=\"center\">R$ 9.070,60*<\/td><\/tr><tr><td class=\"has-text-align-center\" data-align=\"center\">Quadro de M\u00e9dico <br \/>(CP-CSM-MD)<\/td><td class=\"has-text-align-center\" data-align=\"center\">25<\/td><td class=\"has-text-align-center\" data-align=\"center\">R$ 9.070,60*<\/td><\/tr><tr><td class=\"has-text-align-center\" data-align=\"center\">Quadro de Apoio \u00e0 Sa\u00fade <br \/>(CP-CSM-S)<\/td><td class=\"has-text-align-center\" data-align=\"center\">04<\/td><td class=\"has-text-align-center\" data-align=\"center\">R$ 9.070,60*<\/td><\/tr><\/tbody><\/table><\/figure>\n\n\n\n<p>*Importante destacar que o aprovado perceber\u00e1 a remunera\u00e7\u00e3o tendo como valor bruto R$ 9.070,60, sendo R$ 7.315,00 relativos ao soldo militar, R$ 1.389,85 ao adicional militar e R$ 365,75 ao adicional de compensa\u00e7\u00e3o por disponibilidade militar, al\u00e9m do acr\u00e9scimo de benef\u00edcios como alimenta\u00e7\u00e3o, uniforme, assist\u00eancia m\u00e9dico-odontol\u00f3gica, psicol\u00f3gica, social e religiosa.<\/p>\n\n\n\n<p><strong><span style=\"text-decoration: underline;\">Especialidades do Quadro de M\u00e9dico:<\/span><\/strong><\/p>\n\n\n\n<ul class=\"wp-block-list\">\n<li>Cl\u00ednica M\u00e9dica<\/li>\n\n\n\n<li>Cirurgia Geral;<\/li>\n\n\n\n<li>Ginecologia e Obstetr\u00edcia;<\/li>\n\n\n\n<li>Pediatria; e<\/li>\n\n\n\n<li>Medicina de Emerg\u00eancia.<\/li>\n<\/ul>\n\n\n\n<p><strong><span style=\"text-decoration: underline;\">Especialidades do Quadro de Apoio \u00e0 Sa\u00fade:<\/span><\/strong><\/p>\n\n\n\n<ul class=\"wp-block-list\">\n<li>Enfermagem;<\/li>\n\n\n\n<li>Farm\u00e1cia;<\/li>\n\n\n\n<li>Fisioterapia; e<\/li>\n\n\n\n<li>Nutri\u00e7\u00e3o.<\/li>\n<\/ul>\n\n\n\n<p><strong><span style=\"text-decoration: underline;\">Especialidade do Quadro de Cirurgi\u00e3o-Dentista:<\/span><\/strong><\/p>\n\n\n\n<ul class=\"wp-block-list\">\n<li>Dent\u00edstica;<\/li>\n\n\n\n<li>Odontopediatria;<\/li>\n\n\n\n<li>Patologia Bucal e Estomatologia; e<\/li>\n\n\n\n<li>Periodontia.<\/li>\n<\/ul>\n\n\n\n<h2 class=\"wp-block-heading\" id=\"etapa-cp-CEM\">Etapas do Edital Marinha Sa\u00fade 2023<\/h2>\n\n\n\n<p>O concurso p\u00fablico do quadro de Sa\u00fade da Marinha ser\u00e1 composto pelas seguintes fases:<\/p>\n\n\n\n<ul class=\"wp-block-list\">\n<li>I) Prova Escrita Objetiva (PO) de Conhecimentos Profissionais;<\/li>\n\n\n\n<li>II) Reda\u00e7\u00e3o;<\/li>\n\n\n\n<li>III) Eventos Complementares (EVC) constitu\u00eddos de:\n<ul class=\"wp-block-list\">\n<li>a) Verifica\u00e7\u00e3o de Dados Biogr\u00e1ficos (VDB);<\/li>\n\n\n\n<li>b) Inspe\u00e7\u00e3o de Sa\u00fade (IS);<\/li>\n\n\n\n<li>c) Teste de Aptid\u00e3o F\u00edsica de Ingresso (TAF-i);<\/li>\n\n\n\n<li>d) Avalia\u00e7\u00e3o Psicol\u00f3gica (AP);<\/li>\n\n\n\n<li>e) Verifica\u00e7\u00e3o de Documentos (VD);<\/li>\n\n\n\n<li>f) Prova de T\u00edtulos (PT); e<\/li>\n\n\n\n<li>g) Procedimento de Heteroidentifica\u00e7\u00e3o Complementar \u00e0 Autodeclara\u00e7\u00e3o (PH).<\/li>\n\n\n\n<li>IV) Resultado Final da Sele\u00e7\u00e3o (RF).<\/li>\n<\/ul>\n<\/li>\n<\/ul>\n\n\n\n<h3 class=\"wp-block-heading\" id=\"provas-escritas-objetivas-po\">Provas Escritas Objetivas (PO)<\/h3>\n\n\n\n<p>A Prova Escrita Objetiva de Conhecimentos Profissionais (PO) juntamente com a Reda\u00e7\u00e3o ter\u00e1 dura\u00e7\u00e3o de&nbsp;<strong>4 horas<\/strong>. <\/p>\n\n\n\n<p>A PO de cada \u00c1rea T\u00e9cnica tem como prop\u00f3sito verificar a forma\u00e7\u00e3o b\u00e1sica e profissional do candidato e constar\u00e1 de<strong>&nbsp;50 quest\u00f5es&nbsp;<\/strong>elaboradas de acordo com os programas descritos.<\/p>\n\n\n\n<p class=\"has-medium-font-size\"><strong><span style=\"text-decoration: underline;\">Quadro de M\u00e9dico:<\/span><\/strong><\/p>\n\n\n\n<p>A PO ser\u00e1 \u00fanica para todas as especialidades e constar\u00e1 de quest\u00f5es b\u00e1sicas de Pediatria, Ginecologia e Obstetr\u00edcia, Cirurgia Geral, Cl\u00ednica M\u00e9dica, Ortopedia e Traumatologia, Anestesiologia, Psiquiatria e Radiologia, preferencialmente as aplic\u00e1veis \u00e0s rotinas de emerg\u00eancia\/urg\u00eancias m\u00e9dicas.<\/p>\n\n\n\n<p class=\"has-medium-font-size\"><strong><span style=\"text-decoration: underline;\">Quadro de Cirurgi\u00e3o-Dentista:<\/span><\/strong><\/p>\n\n\n\n<p>A PO contar\u00e1 com quest\u00f5es das especialidades de Dent\u00edstica e de Materiais Dent\u00e1rios.<\/p>\n\n\n\n<p class=\"has-medium-font-size\"><strong><span style=\"text-decoration: underline;\">Quadro de Apoio \u00e0 Sa\u00fade:<\/span><\/strong><\/p>\n\n\n\n<p><strong>Farm\u00e1cia<\/strong><\/p>\n\n\n\n<p>A PO contar\u00e1 com quest\u00f5es das disciplinas de Legisla\u00e7\u00f5es Farmac\u00eauticas, Farm\u00e1cia Hospitalar e Cl\u00ednica, Farmacologia, Qu\u00edmica Anal\u00edtica e Controle de Qualidade, Qu\u00edmica Org\u00e2nica, Farmacot\u00e9cnica e Tecnologia Farmac\u00eautica, Microbiologia, Parasitologia, Imunologia, Bioqu\u00edmica, Urin\u00e1lise e Hematologia.<\/p>\n\n\n\n<p><strong>Enfermagem<\/strong><\/p>\n\n\n\n<p>A PO contar\u00e1 com quest\u00f5es das disciplinas de Fundamentos da Enfermagem, Enfermagem M\u00e9dico-Cir\u00fargica, Enfermagem de Sa\u00fade P\u00fablica, Enfermagem Psiqui\u00e1trica, Enfermagem Materno-Infantil, Administra\u00e7\u00e3o Aplicada \u00e0 Enfermagem e Deontologia e \u00c9tica de Enfermagem.<\/p>\n\n\n\n<p><strong>Fisioterapia<\/strong><\/p>\n\n\n\n<p>A PO contar\u00e1 com quest\u00f5es das disciplinas de conhecimentos Gerais e Espec\u00edficos.<\/p>\n\n\n\n<p><strong>Nutri\u00e7\u00e3o<\/strong><\/p>\n\n\n\n<p>A PO contar\u00e1 com quest\u00f5es das disciplinas de Nutri\u00e7\u00e3o Normal, Nutri\u00e7\u00e3o Materno-Infantil, T\u00e9cnico Diet\u00e9tica e Tecnologia de Alimentos, Avalia\u00e7\u00e3o e Epidemiologia Nutricional, Nutri\u00e7\u00e3o Cl\u00ednica e Pediatria, Administra\u00e7\u00e3o Aplicada \u00e0s Unidades de Alimenta\u00e7\u00e3o e Nutri\u00e7\u00e3o, Controle Higi\u00eanico-Sanit\u00e1rio dos Alimentos.<\/p>\n\n\n\n<h3 class=\"wp-block-heading\" id=\"redacao\">Reda\u00e7\u00e3o<\/h3>\n\n\n\n<p>A reda\u00e7\u00e3o dever\u00e1 ser dissertativa, com ideias claras, coerentes e objetivas, cujo t\u00edtulo versar\u00e1 sobre assunto considerado de import\u00e2ncia pela Administra\u00e7\u00e3o Naval.<\/p>\n\n\n\n<p>A Reda\u00e7\u00e3o dever\u00e1 ter no m\u00ednimo 20 (vinte) linhas cont\u00ednuas, considerando o recuo dos par\u00e1grafos, e no m\u00e1ximo 30 (trinta) linhas.<\/p>\n\n\n\n<h3 class=\"wp-block-heading\" id=\"eventos-complementares-do-edital-marinha-saude-2023\">Eventos complementares do Edital Marinha Sa\u00fade 2023<\/h3>\n\n\n\n<ul class=\"wp-block-list\">\n<li><strong>I \u2013<\/strong>&nbsp;<strong>Verifica\u00e7\u00e3o de dados biogr\u00e1ficos:<\/strong>&nbsp;verificar se o candidato preenche os requisitos de bons antecedentes de conduta para ingresso na MB;<\/li>\n\n\n\n<li><strong>II \u2013<\/strong>&nbsp;<strong>Inspe\u00e7\u00e3o de sa\u00fade:<\/strong>&nbsp;\u00e9 a per\u00edcia m\u00e9dica para a sele\u00e7\u00e3o inicial que visa verificar se os candidatos preenchem os crit\u00e9rios e padr\u00f5es m\u00e9dicos de aptid\u00e3o para a Carreira Militar na MB;<\/li>\n\n\n\n<li><strong>III \u2013<\/strong>&nbsp;<strong>Teste de Aptid\u00e3o F\u00edsica (TAFi):<\/strong>&nbsp;provas de nata\u00e7\u00e3o (25 metros) e corrida (2.400 metros);<\/li>\n\n\n\n<li><strong>IV \u2013<\/strong>&nbsp;<strong>Prova de T\u00edtulos:<\/strong>&nbsp;A avalia\u00e7\u00e3o de t\u00edtulos ser\u00e1 realizada pelas Comiss\u00f5es Examinadoras compostas de Oficiais e\/ou Servidores Civis assemelhados indicados e designados pelas Organiza\u00e7\u00f5es Militares Orientadoras T\u00e9cnicas (OMOT) de cada profiss\u00e3o. A PT possuir\u00e1 car\u00e1ter classificat\u00f3rio.<\/li>\n\n\n\n<li><strong>V \u2013<\/strong><strong>Avalia\u00e7\u00e3o Psicol\u00f3gica:<\/strong>\u00a0avaliar os candidatos mediante o emprego de procedimentos cient\u00edficos destinados a aferir a compatibilidade das caracter\u00edsticas psicol\u00f3gicas do candidato com a carreira militar. A etapa avaliar\u00e1 os seguintes aspectos:\n<ul class=\"wp-block-list\">\n<li>a) Intelectivo;<\/li>\n\n\n\n<li>b) Personal\u00f3gico.<\/li>\n<\/ul>\n<\/li>\n\n\n\n<li><strong>VI \u2013<\/strong>&nbsp;<strong>Verifica\u00e7\u00e3o de Documentos:<\/strong>&nbsp;apresenta\u00e7\u00e3o dos seguintes documentos: certid\u00f5es de nascimento\/casamento, quita\u00e7\u00e3o eleitoral, das Justi\u00e7as Militar, Federal e Estadual, bem como a de reservista, al\u00e9m do diploma de escolaridade e outros documentos exigidos no edital;<\/li>\n\n\n\n<li><strong>VII \u2013<\/strong>&nbsp;<strong>Procedimento de Heteroidentifica\u00e7\u00e3o Complementar \u00e0 Autodeclara\u00e7\u00e3o:<\/strong>&nbsp;para candidatos autodeclarados negros para identifica\u00e7\u00e3o fenot\u00edpica, por terceiros.<\/li>\n<\/ul>\n\n\n\n<p class=\"has-text-align-center has-background has-medium-font-size\" style=\"background-color:#cdd5dd\"><a href=\"https:\/\/www.estrategiaconcursos.com.br\/blog\/concurso-marinha-2022\/\" target=\"_blank\" rel=\"noreferrer noopener\"><strong>Concurso Marinha 2023<\/strong><\/a><\/p>\n\n\n\n<h2 class=\"has-text-align-center wp-block-heading\" id=\"quer-estudar-para-o-edital-marinha-saude-2023\">Quer estudar para o Edital Marinha Sa\u00fade 2023?<\/h2>\n\n\n\n<div class=\"container\" id=\"boxes\">\n  <div class=\"row\">\n\n    <div class=\"col-sm\">\n      <div class=\"banner-estrategia\" id=\"box-assinatura\">\n        <h3 class=\"titulo-assinatura\">Concurso Marinha do Brasil<\/h3>\n        <p class=\"subtitulo-assinatura\">Estude conosco<\/p>\n        <div class=\"box-botao\">\n          <a class=\"btn-assinatura\" target=\"_blank\" href=\"https:\/\/www.estrategiaconcursos.com.br\/cursos\/\" role=\"button\" rel=\"noopener noreferrer\">Conhe\u00e7a os cursos<\/a>\n        <\/div>\n      <\/div>\n     \n    <\/div>\n\n  <\/div>\n<\/div>\n\n\n\n<h2 class=\"has-text-align-center wp-block-heading\" id=\"h-quer-saber-tudo-sobre-concursos-previstos-confira-nossos-artigos\">Quer saber tudo sobre concursos previstos?<br \/>Confira nossos artigos!<\/h2>\n\n\n\n<ul class=\"wp-block-list\">\n<li><a href=\"https:\/\/www.estrategiaconcursos.com.br\/blog\/concursos-abertos\/\" target=\"_blank\" rel=\"noreferrer noopener\">Concursos abertos<\/a><\/li>\n\n\n\n<li><a href=\"https:\/\/www.estrategiaconcursos.com.br\/blog\/concursos-2022\/\" target=\"_blank\" rel=\"noreferrer noopener\">Concursos 2022<\/a><\/li>\n<\/ul>\n\n\n\n<figure class=\"wp-block-image size-large is-resized\"><img loading=\"lazy\" decoding=\"async\" src=\"https:\/\/dhg1h5j42swfq.cloudfront.net\/2021\/05\/10173231\/ficha-tecnica-23-1024x632.png\" alt=\"Ficha t\u00e9cnica do concurso Per\u00edcia Oficial AL\" class=\"wp-image-736606\" width=\"268\" height=\"165\" srcset=\"https:\/\/dhg1h5j42swfq.cloudfront.net\/2021\/05\/10173231\/ficha-tecnica-23-1024x632.png 1024w, https:\/\/dhg1h5j42swfq.cloudfront.net\/2021\/05\/10173231\/ficha-tecnica-23-300x185.png 300w, https:\/\/dhg1h5j42swfq.cloudfront.net\/2021\/05\/10173231\/ficha-tecnica-23-768x474.png 768w, https:\/\/dhg1h5j42swfq.cloudfront.net\/2021\/05\/10173231\/ficha-tecnica-23-1536x948.png 1536w, https:\/\/dhg1h5j42swfq.cloudfront.net\/2021\/05\/10173231\/ficha-tecnica-23-610x377.png 610w, https:\/\/dhg1h5j42swfq.cloudfront.net\/2021\/05\/10173231\/ficha-tecnica-23.png 1571w\" sizes=\"auto, (max-width: 268px) 100vw, 268px\" \/><\/figure>\n\n\n\n<h4 class=\"has-background wp-block-heading\" id=\"ficha-tecnica\" style=\"background-color:#fda160\">Informa\u00e7\u00f5es do&nbsp;concurso&nbsp;para o Quadro de Sa\u00fade da Marinha<\/h4>\n\n\n\n<ul class=\"wp-block-list\">\n<li><strong>Data provas:<\/strong>&nbsp;25\/09\/2022<\/li>\n\n\n\n<li><strong>Vagas:&nbsp;<\/strong>33<\/li>\n\n\n\n<li><strong>Banca:&nbsp;<\/strong>Servi\u00e7o de Sele\u00e7\u00e3o do Pessoal da Marinha<\/li>\n\n\n\n<li><strong>Escolaridade:<\/strong>&nbsp;n\u00edvel superior<\/li>\n\n\n\n<li><strong>Editais: <\/strong><a href=\"https:\/\/dhg1h5j42swfq.cloudfront.net\/2022\/05\/25171148\/cp-csm-cd-2022.pdf\" target=\"_blank\" rel=\"noreferrer noopener nofollow\">Cirurgi\u00e3o-Dentista<\/a> | <a href=\"https:\/\/dhg1h5j42swfq.cloudfront.net\/2022\/05\/25171152\/cp-csm-md_2022.pdf\" target=\"_blank\" rel=\"noreferrer noopener nofollow\">M\u00e9dico<\/a> | <a href=\"https:\/\/dhg1h5j42swfq.cloudfront.net\/2022\/05\/25171144\/cp-csm-s_2022.pdf\" target=\"_blank\" rel=\"noreferrer noopener nofollow\">Apoio \u00e0 Sa\u00fade<\/a><\/li>\n<\/ul>\n","protected":false},"excerpt":{"rendered":"<p>Foram publicados 3 editais dos quadros de Sa\u00fade para as \u00e1reas de Cirurgi\u00e3o-Dentista (CP-CSM-CD), M\u00e9dico (CP-CSM\/MD) e Apoio \u00e0 Sa\u00fade (CP-CSM\/S) do\u00a0concurso Marinha 2023. Ao todo, s\u00e3o ofertadas 33 vagas distribu\u00eddas entre o posto de Primeiro Tenente, ap\u00f3s o candidato obter a aprova\u00e7\u00e3o em todas as fases da sele\u00e7\u00e3o e ter sido aprovado em todas [&hellip;]<\/p>\n","protected":false},"author":2134,"featured_media":753026,"comment_status":"open","ping_status":"closed","sticky":false,"template":"","format":"standard","meta":{"post_tipo":"news","footnotes":""},"categories":[6741,220185,220219],"tags":[],"tax_estado":[219963],"class_list":["post-1034320","post","type-post","status-publish","format-standard","has-post-thumbnail","hentry","category-forcas-armadas-oficiais","category-forcas-armadas-pracas","category-noticias","tax_estado-concursos-federais"],"acf":[],"yoast_head":"<!-- This site is optimized with the Yoast SEO Premium plugin v27.2 (Yoast SEO v27.2) - https:\/\/yoast.com\/product\/yoast-seo-premium-wordpress\/ -->\n<title>Edital Marinha Sa\u00fade 2023: 33 vagas; inicial de R$ 9 mil!<\/title>\n<meta name=\"description\" content=\"Edital Concurso Marinha 2023: s\u00e3o 33 vagas para o quadro de Cirurgi\u00e3o-Dentista, M\u00e9dico e Apoio \u00e0 Sa\u00fade. Inicial de R$ 9 mil!\" \/>\n<meta name=\"robots\" content=\"index, follow, max-snippet:-1, max-image-preview:large, max-video-preview:-1\" \/>\n<link rel=\"canonical\" href=\"https:\/\/www.estrategiaconcursos.com.br\/blog\/concurso-marinha-2023-saude-edital-publicado\/\" \/>\n<meta property=\"og:locale\" content=\"pt_BR\" \/>\n<meta property=\"og:type\" content=\"article\" \/>\n<meta property=\"og:title\" content=\"Edital Marinha Sa\u00fade 2023: 33 vagas; inicial de R$ 9 mil!\" \/>\n<meta property=\"og:description\" content=\"Edital Concurso Marinha 2023: s\u00e3o 33 vagas para o quadro de Cirurgi\u00e3o-Dentista, M\u00e9dico e Apoio \u00e0 Sa\u00fade. Inicial de R$ 9 mil!\" \/>\n<meta property=\"og:url\" content=\"https:\/\/www.estrategiaconcursos.com.br\/blog\/concurso-marinha-2023-saude-edital-publicado\/\" \/>\n<meta property=\"og:site_name\" content=\"Estrat\u00e9gia Concursos\" \/>\n<meta property=\"article:published_time\" content=\"2022-05-25T21:24:41+00:00\" \/>\n<meta property=\"article:modified_time\" content=\"2023-03-03T12:25:47+00:00\" \/>\n<meta property=\"og:image\" content=\"https:\/\/dhg1h5j42swfq.cloudfront.net\/2021\/05\/27092415\/marinha-do-brasil.jpg\" \/>\n\t<meta property=\"og:image:width\" content=\"768\" \/>\n\t<meta property=\"og:image:height\" content=\"432\" \/>\n\t<meta property=\"og:image:type\" content=\"image\/jpeg\" \/>\n<meta name=\"author\" content=\"Rafaela Teixeira\" \/>\n<meta name=\"twitter:card\" content=\"summary_large_image\" \/>\n<meta name=\"twitter:creator\" content=\"@EstratConcursos\" \/>\n<meta name=\"twitter:site\" content=\"@EstratConcursos\" \/>\n<meta name=\"twitter:label1\" content=\"Escrito por\" \/>\n\t<meta name=\"twitter:data1\" content=\"Rafaela Teixeira\" \/>\n\t<meta name=\"twitter:label2\" content=\"Est. tempo de leitura\" \/>\n\t<meta name=\"twitter:data2\" content=\"6 minutos\" \/>\n<script type=\"application\/ld+json\" class=\"yoast-schema-graph\">{\"@context\":\"https:\/\/schema.org\",\"@graph\":[{\"@type\":\"NewsArticle\",\"@id\":\"https:\/\/www.estrategiaconcursos.com.br\/blog\/concurso-marinha-2023-saude-edital-publicado\/#article\",\"isPartOf\":{\"@id\":\"https:\/\/www.estrategiaconcursos.com.br\/blog\/concurso-marinha-2023-saude-edital-publicado\/\"},\"author\":{\"name\":\"Rafaela Teixeira\",\"@id\":\"https:\/\/www.estrategiaconcursos.com.br\/blog\/#\/schema\/person\/e75352021ea7f60781c599934f916eb1\"},\"headline\":\"Edital Marinha Sa\u00fade 2023: 33 vagas; inicial de R$ 9 mil!\",\"datePublished\":\"2022-05-25T21:24:41+00:00\",\"dateModified\":\"2023-03-03T12:25:47+00:00\",\"mainEntityOfPage\":{\"@id\":\"https:\/\/www.estrategiaconcursos.com.br\/blog\/concurso-marinha-2023-saude-edital-publicado\/\"},\"wordCount\":1086,\"commentCount\":0,\"publisher\":{\"@id\":\"https:\/\/www.estrategiaconcursos.com.br\/blog\/#organization\"},\"image\":{\"@id\":\"https:\/\/www.estrategiaconcursos.com.br\/blog\/concurso-marinha-2023-saude-edital-publicado\/#primaryimage\"},\"thumbnailUrl\":\"https:\/\/dhg1h5j42swfq.cloudfront.net\/2021\/05\/27092415\/marinha-do-brasil.jpg\",\"articleSection\":[\"For\u00e7as Armadas (Oficiais)\",\"For\u00e7as Armadas (Pra\u00e7as)\",\"\u00daltimas not\u00edcias\"],\"inLanguage\":\"pt-BR\",\"potentialAction\":[{\"@type\":\"CommentAction\",\"name\":\"Comment\",\"target\":[\"https:\/\/www.estrategiaconcursos.com.br\/blog\/concurso-marinha-2023-saude-edital-publicado\/#respond\"]}],\"copyrightYear\":\"2022\",\"copyrightHolder\":{\"@id\":\"https:\/\/www.estrategiaconcursos.com.br\/blog\/#organization\"}},{\"@type\":\"WebPage\",\"@id\":\"https:\/\/www.estrategiaconcursos.com.br\/blog\/concurso-marinha-2023-saude-edital-publicado\/\",\"url\":\"https:\/\/www.estrategiaconcursos.com.br\/blog\/concurso-marinha-2023-saude-edital-publicado\/\",\"name\":\"Edital Marinha Sa\u00fade 2023: 33 vagas; inicial de R$ 9 mil!\",\"isPartOf\":{\"@id\":\"https:\/\/www.estrategiaconcursos.com.br\/blog\/#website\"},\"primaryImageOfPage\":{\"@id\":\"https:\/\/www.estrategiaconcursos.com.br\/blog\/concurso-marinha-2023-saude-edital-publicado\/#primaryimage\"},\"image\":{\"@id\":\"https:\/\/www.estrategiaconcursos.com.br\/blog\/concurso-marinha-2023-saude-edital-publicado\/#primaryimage\"},\"thumbnailUrl\":\"https:\/\/dhg1h5j42swfq.cloudfront.net\/2021\/05\/27092415\/marinha-do-brasil.jpg\",\"datePublished\":\"2022-05-25T21:24:41+00:00\",\"dateModified\":\"2023-03-03T12:25:47+00:00\",\"description\":\"Edital Concurso Marinha 2023: s\u00e3o 33 vagas para o quadro de Cirurgi\u00e3o-Dentista, M\u00e9dico e Apoio \u00e0 Sa\u00fade. Inicial de R$ 9 mil!\",\"breadcrumb\":{\"@id\":\"https:\/\/www.estrategiaconcursos.com.br\/blog\/concurso-marinha-2023-saude-edital-publicado\/#breadcrumb\"},\"inLanguage\":\"pt-BR\",\"potentialAction\":[{\"@type\":\"ReadAction\",\"target\":[\"https:\/\/www.estrategiaconcursos.com.br\/blog\/concurso-marinha-2023-saude-edital-publicado\/\"]}]},{\"@type\":\"ImageObject\",\"inLanguage\":\"pt-BR\",\"@id\":\"https:\/\/www.estrategiaconcursos.com.br\/blog\/concurso-marinha-2023-saude-edital-publicado\/#primaryimage\",\"url\":\"https:\/\/dhg1h5j42swfq.cloudfront.net\/2021\/05\/27092415\/marinha-do-brasil.jpg\",\"contentUrl\":\"https:\/\/dhg1h5j42swfq.cloudfront.net\/2021\/05\/27092415\/marinha-do-brasil.jpg\",\"width\":768,\"height\":432,\"caption\":\"concurso marinha\"},{\"@type\":\"BreadcrumbList\",\"@id\":\"https:\/\/www.estrategiaconcursos.com.br\/blog\/concurso-marinha-2023-saude-edital-publicado\/#breadcrumb\",\"itemListElement\":[{\"@type\":\"ListItem\",\"position\":1,\"name\":\"In\u00edcio\",\"item\":\"https:\/\/www.estrategiaconcursos.com.br\/blog\/\"},{\"@type\":\"ListItem\",\"position\":2,\"name\":\"Edital Marinha Sa\u00fade 2023: 33 vagas; inicial de R$ 9 mil!\"}]},{\"@type\":\"WebSite\",\"@id\":\"https:\/\/www.estrategiaconcursos.com.br\/blog\/#website\",\"url\":\"https:\/\/www.estrategiaconcursos.com.br\/blog\/\",\"name\":\"Estrat\u00e9gia Concursos\",\"description\":\"O blog da Estrat\u00e9gia Concursos traz not\u00edcias sobre concursos e artigos de professores oferecendo cursos para concursos (pdf + videaulas) no site.\",\"publisher\":{\"@id\":\"https:\/\/www.estrategiaconcursos.com.br\/blog\/#organization\"},\"potentialAction\":[{\"@type\":\"SearchAction\",\"target\":{\"@type\":\"EntryPoint\",\"urlTemplate\":\"https:\/\/www.estrategiaconcursos.com.br\/blog\/?s={search_term_string}\"},\"query-input\":{\"@type\":\"PropertyValueSpecification\",\"valueRequired\":true,\"valueName\":\"search_term_string\"}}],\"inLanguage\":\"pt-BR\"},{\"@type\":\"Organization\",\"@id\":\"https:\/\/www.estrategiaconcursos.com.br\/blog\/#organization\",\"name\":\"Estrat\u00e9gia Concursos\",\"url\":\"https:\/\/www.estrategiaconcursos.com.br\/blog\/\",\"logo\":{\"@type\":\"ImageObject\",\"inLanguage\":\"pt-BR\",\"@id\":\"https:\/\/www.estrategiaconcursos.com.br\/blog\/#\/schema\/logo\/image\/\",\"url\":\"https:\/\/dhg1h5j42swfq.cloudfront.net\/2025\/06\/03203428\/logo_concursos-1.jpg\",\"contentUrl\":\"https:\/\/dhg1h5j42swfq.cloudfront.net\/2025\/06\/03203428\/logo_concursos-1.jpg\",\"width\":230,\"height\":60,\"caption\":\"Estrat\u00e9gia Concursos\"},\"image\":{\"@id\":\"https:\/\/www.estrategiaconcursos.com.br\/blog\/#\/schema\/logo\/image\/\"},\"sameAs\":[\"https:\/\/x.com\/EstratConcursos\"]},{\"@type\":\"Person\",\"@id\":\"https:\/\/www.estrategiaconcursos.com.br\/blog\/#\/schema\/person\/e75352021ea7f60781c599934f916eb1\",\"name\":\"Rafaela Teixeira\",\"image\":{\"@type\":\"ImageObject\",\"inLanguage\":\"pt-BR\",\"@id\":\"https:\/\/secure.gravatar.com\/avatar\/8a349a2b22039b1ee88fc06461487c950fd6aa411ea8af8633314b43334ae793?s=96&d=mm&r=g\",\"url\":\"https:\/\/secure.gravatar.com\/avatar\/8a349a2b22039b1ee88fc06461487c950fd6aa411ea8af8633314b43334ae793?s=96&d=mm&r=g\",\"contentUrl\":\"https:\/\/secure.gravatar.com\/avatar\/8a349a2b22039b1ee88fc06461487c950fd6aa411ea8af8633314b43334ae793?s=96&d=mm&r=g\",\"caption\":\"Rafaela Teixeira\"},\"description\":\"Rafaela Teixeira \u00e9 advogada conveniada \u00e0 Defensoria P\u00fablica de S\u00e3o Paulo pela OAB, com experi\u00eancia em reda\u00e7\u00e3o jur\u00eddica e atua\u00e7\u00e3o em institui\u00e7\u00f5es p\u00fablicas, incluindo est\u00e1gio no TRE-SP. Possui mais de 7 anos de experi\u00eancia na produ\u00e7\u00e3o de conte\u00fados voltados ao nicho de concursos p\u00fablicos, com foco em apura\u00e7\u00e3o jornal\u00edstica cont\u00ednua, an\u00e1lise de editais e obten\u00e7\u00e3o de informa\u00e7\u00f5es diretamente junto a \u00f3rg\u00e3os e fontes oficiais. No Blog do Estrat\u00e9gia Concursos, atua como Analista de Conte\u00fado S\u00eanior, respons\u00e1vel pelo jornalismo do per\u00edodo noturno e da madrugada, com atua\u00e7\u00e3o transversal na cobertura de concursos p\u00fablicos, garantindo a continuidade, fluidez e confiabilidade das publica\u00e7\u00f5es e dos bastidores dos certames.\",\"url\":\"https:\/\/www.estrategiaconcursos.com.br\/blog\/author\/rafaela-teixeira\/\"}]}<\/script>\n<!-- \/ Yoast SEO Premium plugin. -->","yoast_head_json":{"title":"Edital Marinha Sa\u00fade 2023: 33 vagas; inicial de R$ 9 mil!","description":"Edital Concurso Marinha 2023: s\u00e3o 33 vagas para o quadro de Cirurgi\u00e3o-Dentista, M\u00e9dico e Apoio \u00e0 Sa\u00fade. Inicial de R$ 9 mil!","robots":{"index":"index","follow":"follow","max-snippet":"max-snippet:-1","max-image-preview":"max-image-preview:large","max-video-preview":"max-video-preview:-1"},"canonical":"https:\/\/www.estrategiaconcursos.com.br\/blog\/concurso-marinha-2023-saude-edital-publicado\/","og_locale":"pt_BR","og_type":"article","og_title":"Edital Marinha Sa\u00fade 2023: 33 vagas; inicial de R$ 9 mil!","og_description":"Edital Concurso Marinha 2023: s\u00e3o 33 vagas para o quadro de Cirurgi\u00e3o-Dentista, M\u00e9dico e Apoio \u00e0 Sa\u00fade. Inicial de R$ 9 mil!","og_url":"https:\/\/www.estrategiaconcursos.com.br\/blog\/concurso-marinha-2023-saude-edital-publicado\/","og_site_name":"Estrat\u00e9gia Concursos","article_published_time":"2022-05-25T21:24:41+00:00","article_modified_time":"2023-03-03T12:25:47+00:00","og_image":[{"width":768,"height":432,"url":"https:\/\/dhg1h5j42swfq.cloudfront.net\/2021\/05\/27092415\/marinha-do-brasil.jpg","type":"image\/jpeg"}],"author":"Rafaela Teixeira","twitter_card":"summary_large_image","twitter_creator":"@EstratConcursos","twitter_site":"@EstratConcursos","twitter_misc":{"Escrito por":"Rafaela Teixeira","Est. tempo de leitura":"6 minutos"},"schema":{"@context":"https:\/\/schema.org","@graph":[{"@type":"NewsArticle","@id":"https:\/\/www.estrategiaconcursos.com.br\/blog\/concurso-marinha-2023-saude-edital-publicado\/#article","isPartOf":{"@id":"https:\/\/www.estrategiaconcursos.com.br\/blog\/concurso-marinha-2023-saude-edital-publicado\/"},"author":{"name":"Rafaela Teixeira","@id":"https:\/\/www.estrategiaconcursos.com.br\/blog\/#\/schema\/person\/e75352021ea7f60781c599934f916eb1"},"headline":"Edital Marinha Sa\u00fade 2023: 33 vagas; inicial de R$ 9 mil!","datePublished":"2022-05-25T21:24:41+00:00","dateModified":"2023-03-03T12:25:47+00:00","mainEntityOfPage":{"@id":"https:\/\/www.estrategiaconcursos.com.br\/blog\/concurso-marinha-2023-saude-edital-publicado\/"},"wordCount":1086,"commentCount":0,"publisher":{"@id":"https:\/\/www.estrategiaconcursos.com.br\/blog\/#organization"},"image":{"@id":"https:\/\/www.estrategiaconcursos.com.br\/blog\/concurso-marinha-2023-saude-edital-publicado\/#primaryimage"},"thumbnailUrl":"https:\/\/dhg1h5j42swfq.cloudfront.net\/2021\/05\/27092415\/marinha-do-brasil.jpg","articleSection":["For\u00e7as Armadas (Oficiais)","For\u00e7as Armadas (Pra\u00e7as)","\u00daltimas not\u00edcias"],"inLanguage":"pt-BR","potentialAction":[{"@type":"CommentAction","name":"Comment","target":["https:\/\/www.estrategiaconcursos.com.br\/blog\/concurso-marinha-2023-saude-edital-publicado\/#respond"]}],"copyrightYear":"2022","copyrightHolder":{"@id":"https:\/\/www.estrategiaconcursos.com.br\/blog\/#organization"}},{"@type":"WebPage","@id":"https:\/\/www.estrategiaconcursos.com.br\/blog\/concurso-marinha-2023-saude-edital-publicado\/","url":"https:\/\/www.estrategiaconcursos.com.br\/blog\/concurso-marinha-2023-saude-edital-publicado\/","name":"Edital Marinha Sa\u00fade 2023: 33 vagas; inicial de R$ 9 mil!","isPartOf":{"@id":"https:\/\/www.estrategiaconcursos.com.br\/blog\/#website"},"primaryImageOfPage":{"@id":"https:\/\/www.estrategiaconcursos.com.br\/blog\/concurso-marinha-2023-saude-edital-publicado\/#primaryimage"},"image":{"@id":"https:\/\/www.estrategiaconcursos.com.br\/blog\/concurso-marinha-2023-saude-edital-publicado\/#primaryimage"},"thumbnailUrl":"https:\/\/dhg1h5j42swfq.cloudfront.net\/2021\/05\/27092415\/marinha-do-brasil.jpg","datePublished":"2022-05-25T21:24:41+00:00","dateModified":"2023-03-03T12:25:47+00:00","description":"Edital Concurso Marinha 2023: s\u00e3o 33 vagas para o quadro de Cirurgi\u00e3o-Dentista, M\u00e9dico e Apoio \u00e0 Sa\u00fade. Inicial de R$ 9 mil!","breadcrumb":{"@id":"https:\/\/www.estrategiaconcursos.com.br\/blog\/concurso-marinha-2023-saude-edital-publicado\/#breadcrumb"},"inLanguage":"pt-BR","potentialAction":[{"@type":"ReadAction","target":["https:\/\/www.estrategiaconcursos.com.br\/blog\/concurso-marinha-2023-saude-edital-publicado\/"]}]},{"@type":"ImageObject","inLanguage":"pt-BR","@id":"https:\/\/www.estrategiaconcursos.com.br\/blog\/concurso-marinha-2023-saude-edital-publicado\/#primaryimage","url":"https:\/\/dhg1h5j42swfq.cloudfront.net\/2021\/05\/27092415\/marinha-do-brasil.jpg","contentUrl":"https:\/\/dhg1h5j42swfq.cloudfront.net\/2021\/05\/27092415\/marinha-do-brasil.jpg","width":768,"height":432,"caption":"concurso marinha"},{"@type":"BreadcrumbList","@id":"https:\/\/www.estrategiaconcursos.com.br\/blog\/concurso-marinha-2023-saude-edital-publicado\/#breadcrumb","itemListElement":[{"@type":"ListItem","position":1,"name":"In\u00edcio","item":"https:\/\/www.estrategiaconcursos.com.br\/blog\/"},{"@type":"ListItem","position":2,"name":"Edital Marinha Sa\u00fade 2023: 33 vagas; inicial de R$ 9 mil!"}]},{"@type":"WebSite","@id":"https:\/\/www.estrategiaconcursos.com.br\/blog\/#website","url":"https:\/\/www.estrategiaconcursos.com.br\/blog\/","name":"Estrat\u00e9gia Concursos","description":"O blog da Estrat\u00e9gia Concursos traz not\u00edcias sobre concursos e artigos de professores oferecendo cursos para concursos (pdf + videaulas) no site.","publisher":{"@id":"https:\/\/www.estrategiaconcursos.com.br\/blog\/#organization"},"potentialAction":[{"@type":"SearchAction","target":{"@type":"EntryPoint","urlTemplate":"https:\/\/www.estrategiaconcursos.com.br\/blog\/?s={search_term_string}"},"query-input":{"@type":"PropertyValueSpecification","valueRequired":true,"valueName":"search_term_string"}}],"inLanguage":"pt-BR"},{"@type":"Organization","@id":"https:\/\/www.estrategiaconcursos.com.br\/blog\/#organization","name":"Estrat\u00e9gia Concursos","url":"https:\/\/www.estrategiaconcursos.com.br\/blog\/","logo":{"@type":"ImageObject","inLanguage":"pt-BR","@id":"https:\/\/www.estrategiaconcursos.com.br\/blog\/#\/schema\/logo\/image\/","url":"https:\/\/dhg1h5j42swfq.cloudfront.net\/2025\/06\/03203428\/logo_concursos-1.jpg","contentUrl":"https:\/\/dhg1h5j42swfq.cloudfront.net\/2025\/06\/03203428\/logo_concursos-1.jpg","width":230,"height":60,"caption":"Estrat\u00e9gia Concursos"},"image":{"@id":"https:\/\/www.estrategiaconcursos.com.br\/blog\/#\/schema\/logo\/image\/"},"sameAs":["https:\/\/x.com\/EstratConcursos"]},{"@type":"Person","@id":"https:\/\/www.estrategiaconcursos.com.br\/blog\/#\/schema\/person\/e75352021ea7f60781c599934f916eb1","name":"Rafaela Teixeira","image":{"@type":"ImageObject","inLanguage":"pt-BR","@id":"https:\/\/secure.gravatar.com\/avatar\/8a349a2b22039b1ee88fc06461487c950fd6aa411ea8af8633314b43334ae793?s=96&d=mm&r=g","url":"https:\/\/secure.gravatar.com\/avatar\/8a349a2b22039b1ee88fc06461487c950fd6aa411ea8af8633314b43334ae793?s=96&d=mm&r=g","contentUrl":"https:\/\/secure.gravatar.com\/avatar\/8a349a2b22039b1ee88fc06461487c950fd6aa411ea8af8633314b43334ae793?s=96&d=mm&r=g","caption":"Rafaela Teixeira"},"description":"Rafaela Teixeira \u00e9 advogada conveniada \u00e0 Defensoria P\u00fablica de S\u00e3o Paulo pela OAB, com experi\u00eancia em reda\u00e7\u00e3o jur\u00eddica e atua\u00e7\u00e3o em institui\u00e7\u00f5es p\u00fablicas, incluindo est\u00e1gio no TRE-SP. Possui mais de 7 anos de experi\u00eancia na produ\u00e7\u00e3o de conte\u00fados voltados ao nicho de concursos p\u00fablicos, com foco em apura\u00e7\u00e3o jornal\u00edstica cont\u00ednua, an\u00e1lise de editais e obten\u00e7\u00e3o de informa\u00e7\u00f5es diretamente junto a \u00f3rg\u00e3os e fontes oficiais. No Blog do Estrat\u00e9gia Concursos, atua como Analista de Conte\u00fado S\u00eanior, respons\u00e1vel pelo jornalismo do per\u00edodo noturno e da madrugada, com atua\u00e7\u00e3o transversal na cobertura de concursos p\u00fablicos, garantindo a continuidade, fluidez e confiabilidade das publica\u00e7\u00f5es e dos bastidores dos certames.","url":"https:\/\/www.estrategiaconcursos.com.br\/blog\/author\/rafaela-teixeira\/"}]}},"_links":{"self":[{"href":"https:\/\/www.estrategiaconcursos.com.br\/blog\/wp-json\/wp\/v2\/posts\/1034320","targetHints":{"allow":["GET"]}}],"collection":[{"href":"https:\/\/www.estrategiaconcursos.com.br\/blog\/wp-json\/wp\/v2\/posts"}],"about":[{"href":"https:\/\/www.estrategiaconcursos.com.br\/blog\/wp-json\/wp\/v2\/types\/post"}],"author":[{"embeddable":true,"href":"https:\/\/www.estrategiaconcursos.com.br\/blog\/wp-json\/wp\/v2\/users\/2134"}],"replies":[{"embeddable":true,"href":"https:\/\/www.estrategiaconcursos.com.br\/blog\/wp-json\/wp\/v2\/comments?post=1034320"}],"version-history":[{"count":13,"href":"https:\/\/www.estrategiaconcursos.com.br\/blog\/wp-json\/wp\/v2\/posts\/1034320\/revisions"}],"predecessor-version":[{"id":1180831,"href":"https:\/\/www.estrategiaconcursos.com.br\/blog\/wp-json\/wp\/v2\/posts\/1034320\/revisions\/1180831"}],"wp:featuredmedia":[{"embeddable":true,"href":"https:\/\/www.estrategiaconcursos.com.br\/blog\/wp-json\/wp\/v2\/media\/753026"}],"wp:attachment":[{"href":"https:\/\/www.estrategiaconcursos.com.br\/blog\/wp-json\/wp\/v2\/media?parent=1034320"}],"wp:term":[{"taxonomy":"category","embeddable":true,"href":"https:\/\/www.estrategiaconcursos.com.br\/blog\/wp-json\/wp\/v2\/categories?post=1034320"},{"taxonomy":"post_tag","embeddable":true,"href":"https:\/\/www.estrategiaconcursos.com.br\/blog\/wp-json\/wp\/v2\/tags?post=1034320"},{"taxonomy":"tax_estado","embeddable":true,"href":"https:\/\/www.estrategiaconcursos.com.br\/blog\/wp-json\/wp\/v2\/tax_estado?post=1034320"}],"curies":[{"name":"wp","href":"https:\/\/api.w.org\/{rel}","templated":true}]}}