{"id":1034075,"date":"2022-05-25T15:00:00","date_gmt":"2022-05-25T18:00:00","guid":{"rendered":"https:\/\/www.estrategiaconcursos.com.br\/blog\/?p=1034075"},"modified":"2023-05-11T14:07:29","modified_gmt":"2023-05-11T17:07:29","slug":"pb-saude-selecao","status":"publish","type":"post","link":"https:\/\/www.estrategiaconcursos.com.br\/blog\/pb-saude-selecao\/","title":{"rendered":"PB Sa\u00fade abre sele\u00e7\u00e3o com 1.041 vagas; inscri\u00e7\u00f5es abertas!"},"content":{"rendered":"\n<p>A Funda\u00e7\u00e3o Paraibana de Sa\u00fade (PB Sa\u00fade) abriu sele\u00e7\u00e3o com 1.041 vagas tempor\u00e1rias, sendo 105 imediatas e 936 para forma\u00e7\u00e3o de cadastro de reserva. <\/p>\n\n\n\n<p>As oportunidades s\u00e3o para cargos de n\u00edveis m\u00e9dio, t\u00e9cnico e superior de escolaridade.<\/p>\n\n\n\n<p>As inscri\u00e7\u00f5es j\u00e1 encontra-se abertas e os interessados em participar da sele\u00e7\u00e3o devem confirmar suas candidaturas at\u00e9 o dia <strong>29 de maio de 2022<\/strong>.<\/p>\n\n\n\n<ul class=\"has-cyan-bluish-gray-background-color has-background wp-block-list\">\n<li><strong>PB Sa\u00fade<\/strong><\/li>\n\n\n\n<li><strong>Status:<\/strong> Edital publicado<\/li>\n\n\n\n<li><strong>Vagas:<\/strong> 1.041<\/li>\n\n\n\n<li><strong>Sal\u00e1rio inicial:<\/strong> R$ 1.212,00 a R$ 1.500,00<\/li>\n\n\n\n<li><strong>Edital:<\/strong> <a href=\"https:\/\/dhg1h5j42swfq.cloudfront.net\/2022\/05\/25151523\/edital-processo-seletivo-pb-saude-doe.pdf\" target=\"_blank\" rel=\"noreferrer noopener nofollow\">PSS &#8211; PB Sa\u00fade 2022<\/a><\/li>\n<\/ul>\n\n\n\n<p>A fim de te deixar sempre bem informado, elaboramos este artigo com as principais informa\u00e7\u00f5es e novidades sobre a sele\u00e7\u00e3o. Acompanhe os t\u00f3picos abaixo e n\u00e3o perca nenhum detalhe:<\/p>\n\n\n\n<div class=\"container\" id=\"boxes\">\n  <div class=\"row\">\n\n    <div class=\"col-sm\">\n      <div class=\"banner-medicina\" id=\"box-assinatura\">\n        <h3 class=\"titulo-assinatura\">Cursos para Sa\u00fade<\/h3>\n        <p class=\"subtitulo-assinatura\">Conhe\u00e7a os cursos<\/p>\n        <div class=\"box-botao\">\n          <a class=\"btn-assinatura\" target=\"_blank\" href=\"https:\/\/www.estrategiaconcursos.com.br\/cursosPorConcurso\/fundacao-paraibana-de-gestao-em-saude-pb-saude\/\" role=\"button\" rel=\"noopener noreferrer\">Conhe\u00e7a mais<\/a>\n        <\/div>\n      <\/div>\n     \n    <\/div>\n\n  <\/div>\n<\/div>\n\n\n\n<h2 class=\"wp-block-heading\" id=\"datas\">Principais datas da sele\u00e7\u00e3o PB Sa\u00fade<\/h2>\n\n\n\n<p class=\"has-very-light-gray-background-color has-background\"><strong>Inscri\u00e7\u00f5es<\/strong>: 24 a 29 de maio de 2022<br \/><strong>Prova<\/strong>: 05 de junho<\/p>\n\n\n\n<h2 class=\"wp-block-heading\" id=\"cargos-vagas\">Cargos e vagas da sele\u00e7\u00e3o PB Sa\u00fade<\/h2>\n\n\n\n<h3 class=\"wp-block-heading\" id=\"fundamental\">N\u00edvel m\u00e9dio<\/h3>\n\n\n\n<figure class=\"wp-block-table is-style-stripes\"><table class=\"has-background has-fixed-layout\" style=\"background-color:#e7f5fe\"><thead><tr><th class=\"has-text-align-center\" data-align=\"center\">CARGOS<\/th><th class=\"has-text-align-center\" data-align=\"center\">VAGAS<\/th><th class=\"has-text-align-center\" data-align=\"center\">SAL\u00c1RIO<\/th><\/tr><\/thead><tbody><tr><td class=\"has-text-align-center\" data-align=\"center\">Auxiliar de Farm\u00e1cia<\/td><td class=\"has-text-align-center\" data-align=\"center\">12 + 156 CR<\/td><td class=\"has-text-align-center\" data-align=\"center\">R$ 1.212,00<\/td><\/tr><tr><td class=\"has-text-align-center\" data-align=\"center\">Auxiliar de Manuten\u00e7\u00e3o Predial<\/td><td class=\"has-text-align-center\" data-align=\"center\">2 + 31 CR<\/td><td class=\"has-text-align-center\" data-align=\"center\">R$ 1.212,00<\/td><\/tr><tr><td class=\"has-text-align-center\" data-align=\"center\">Estoquista<\/td><td class=\"has-text-align-center\" data-align=\"center\">2 + 30 CR<\/td><td class=\"has-text-align-center\" data-align=\"center\">R$ 1.212,00<\/td><\/tr><\/tbody><\/table><\/figure>\n\n\n\n<h3 class=\"wp-block-heading\" id=\"medio\">N\u00edvel t\u00e9cnico<\/h3>\n\n\n\n<figure class=\"wp-block-table is-style-stripes\"><table class=\"has-background has-fixed-layout\" style=\"background-color:#e7f5fe\"><thead><tr><th class=\"has-text-align-center\" data-align=\"center\">CARGOS<\/th><th class=\"has-text-align-center\" data-align=\"center\">VAGAS<\/th><th class=\"has-text-align-center\" data-align=\"center\">SAL\u00c1RIO<\/th><\/tr><\/thead><tbody><tr><td class=\"has-text-align-center\" data-align=\"center\">Instrumenta\u00e7\u00e3o em Cirurgia Cardiol\u00f3gica<\/td><td class=\"has-text-align-center\" data-align=\"center\">1 + 12 CR<\/td><td class=\"has-text-align-center\" data-align=\"center\">R$ 1.300,00<\/td><\/tr><tr><td class=\"has-text-align-center\" data-align=\"center\">Instrumenta\u00e7\u00e3o em Cirurgia Neurol\u00f3gica<\/td><td class=\"has-text-align-center\" data-align=\"center\">1 + 12 CR<\/td><td class=\"has-text-align-center\" data-align=\"center\">R$ 1.300,00<\/td><\/tr><tr><td class=\"has-text-align-center\" data-align=\"center\">T\u00e9cnico de Enfermagem<\/td><td class=\"has-text-align-center\" data-align=\"center\">42 + 250 CR<\/td><td class=\"has-text-align-center\" data-align=\"center\">R$ 1.300,00<\/td><\/tr><tr><td class=\"has-text-align-center\" data-align=\"center\">T\u00e9cnico de Equipamento M\u00e9dico Hospitalar<\/td><td class=\"has-text-align-center\" data-align=\"center\">19 CR<\/td><td class=\"has-text-align-center\" data-align=\"center\">R$ 1.300,00<\/td><\/tr><tr><td class=\"has-text-align-center\" data-align=\"center\">T\u00e9cnico de Manuten\u00e7\u00e3o Hidr\u00e1ulica<\/td><td class=\"has-text-align-center\" data-align=\"center\">1 + 13 CR<\/td><td class=\"has-text-align-center\" data-align=\"center\">R$ 1.300,00<\/td><\/tr><\/tbody><\/table><\/figure>\n\n\n\n<h3 class=\"wp-block-heading\" id=\"superior\">N\u00edvel superior<\/h3>\n\n\n\n<figure class=\"wp-block-table is-style-stripes\"><table class=\"has-background has-fixed-layout\" style=\"background-color:#e7f5fe\"><thead><tr><th class=\"has-text-align-center\" data-align=\"center\">CARGOS<\/th><th class=\"has-text-align-center\" data-align=\"center\">VAGAS<\/th><th class=\"has-text-align-center\" data-align=\"center\">SAL\u00c1RIO<\/th><\/tr><\/thead><tbody><tr><td class=\"has-text-align-center\" data-align=\"center\">Enfermeiro<\/td><td class=\"has-text-align-center\" data-align=\"center\">12 + 50 CR<\/td><td class=\"has-text-align-center\" data-align=\"center\">R$ 1.500,00<\/td><\/tr><tr><td class=\"has-text-align-center\" data-align=\"center\">Perfusionista<\/td><td class=\"has-text-align-center\" data-align=\"center\">1 + 10 CR<\/td><td class=\"has-text-align-center\" data-align=\"center\">R$ 1.500,00<\/td><\/tr><tr><td class=\"has-text-align-center\" data-align=\"center\">M\u00e9dico (diversas especialidades)<\/td><td class=\"has-text-align-center\" data-align=\"center\">27 + 364 CR<\/td><td class=\"has-text-align-center\" data-align=\"center\">R$ 1.386,00<\/td><\/tr><\/tbody><\/table><\/figure>\n\n\n\n<h2 class=\"wp-block-heading\" id=\"etapas\">Etapas e provas da sele\u00e7\u00e3o PB Sa\u00fade<\/h2>\n\n\n\n<p>A sele\u00e7\u00e3o ser\u00e1 composta por duas etapas: provas Objetiva e de T\u00edtulos.<\/p>\n\n\n\n<h3 class=\"wp-block-heading\" id=\"objetiva\">Provas Objetivas<\/h3>\n\n\n\n<p>A prova objetiva, de car\u00e1ter eliminat\u00f3rio e classificat\u00f3rio, ser\u00e1 composta por quest\u00f5es do tipo m\u00faltipla escolha com quatro (4) alternativas cada, sendo apenas uma alternativa correta.<\/p>\n\n\n\n<figure class=\"wp-block-image aligncenter size-full\"><img loading=\"lazy\" decoding=\"async\" width=\"833\" height=\"707\" src=\"https:\/\/dhg1h5j42swfq.cloudfront.net\/2022\/05\/25154612\/image-316.png\" alt=\"\" class=\"wp-image-1034167\" srcset=\"https:\/\/dhg1h5j42swfq.cloudfront.net\/2022\/05\/25154612\/image-316.png 833w, https:\/\/dhg1h5j42swfq.cloudfront.net\/2022\/05\/25154612\/image-316-300x255.png 300w, https:\/\/dhg1h5j42swfq.cloudfront.net\/2022\/05\/25154612\/image-316-768x652.png 768w, https:\/\/dhg1h5j42swfq.cloudfront.net\/2022\/05\/25154612\/image-316-610x518.png 610w\" sizes=\"auto, (max-width: 833px) 100vw, 833px\" \/><\/figure>\n\n\n\n<h3 class=\"wp-block-heading\" id=\"titulos\">Avalia\u00e7\u00e3o de T\u00edtulos<\/h3>\n\n\n\n<p>A etapa de T\u00edtulos abranger\u00e1 todos os cargos ofertados no edital.<\/p>\n\n\n\n<figure class=\"wp-block-image aligncenter size-full\"><img loading=\"lazy\" decoding=\"async\" width=\"717\" height=\"549\" src=\"https:\/\/dhg1h5j42swfq.cloudfront.net\/2022\/05\/25154752\/image-317.png\" alt=\"\" class=\"wp-image-1034172\" srcset=\"https:\/\/dhg1h5j42swfq.cloudfront.net\/2022\/05\/25154752\/image-317.png 717w, https:\/\/dhg1h5j42swfq.cloudfront.net\/2022\/05\/25154752\/image-317-300x230.png 300w, https:\/\/dhg1h5j42swfq.cloudfront.net\/2022\/05\/25154752\/image-317-610x467.png 610w\" sizes=\"auto, (max-width: 717px) 100vw, 717px\" \/><\/figure>\n\n\n\n<hr class=\"wp-block-separator has-css-opacity\"\/>\n\n\n\n<figure class=\"wp-block-image aligncenter size-full\"><img loading=\"lazy\" decoding=\"async\" width=\"723\" height=\"420\" src=\"https:\/\/dhg1h5j42swfq.cloudfront.net\/2022\/05\/25155050\/image-318.png\" alt=\"\" class=\"wp-image-1034178\" srcset=\"https:\/\/dhg1h5j42swfq.cloudfront.net\/2022\/05\/25155050\/image-318.png 723w, https:\/\/dhg1h5j42swfq.cloudfront.net\/2022\/05\/25155050\/image-318-300x174.png 300w, https:\/\/dhg1h5j42swfq.cloudfront.net\/2022\/05\/25155050\/image-318-610x354.png 610w\" sizes=\"auto, (max-width: 723px) 100vw, 723px\" \/><\/figure>\n\n\n\n<figure class=\"wp-block-image aligncenter size-full\"><img loading=\"lazy\" decoding=\"async\" width=\"729\" height=\"592\" src=\"https:\/\/dhg1h5j42swfq.cloudfront.net\/2022\/05\/25155117\/image-319.png\" alt=\"\" class=\"wp-image-1034180\" srcset=\"https:\/\/dhg1h5j42swfq.cloudfront.net\/2022\/05\/25155117\/image-319.png 729w, https:\/\/dhg1h5j42swfq.cloudfront.net\/2022\/05\/25155117\/image-319-300x244.png 300w, https:\/\/dhg1h5j42swfq.cloudfront.net\/2022\/05\/25155117\/image-319-610x495.png 610w\" sizes=\"auto, (max-width: 729px) 100vw, 729px\" \/><\/figure>\n\n\n\n<figure class=\"wp-block-image aligncenter size-full\"><img loading=\"lazy\" decoding=\"async\" width=\"718\" height=\"818\" src=\"https:\/\/dhg1h5j42swfq.cloudfront.net\/2022\/05\/25155148\/image-321.png\" alt=\"\" class=\"wp-image-1034185\" srcset=\"https:\/\/dhg1h5j42swfq.cloudfront.net\/2022\/05\/25155148\/image-321.png 718w, https:\/\/dhg1h5j42swfq.cloudfront.net\/2022\/05\/25155148\/image-321-263x300.png 263w, https:\/\/dhg1h5j42swfq.cloudfront.net\/2022\/05\/25155148\/image-321-610x695.png 610w\" sizes=\"auto, (max-width: 718px) 100vw, 718px\" \/><\/figure>\n\n\n\n<h2 class=\"wp-block-heading has-text-align-center\" id=\"h-quer-saber-tudo-sobre-concursos-previstos-confira-nossos-artigos\">Quer saber tudo sobre concursos previstos?<br \/>Confira  nossos artigos!<\/h2>\n\n\n\n<ul class=\"wp-block-list\">\n<li><a href=\"https:\/\/www.estrategiaconcursos.com.br\/blog\/concursos-abertos\/\" target=\"_blank\" rel=\"noreferrer noopener\">Concursos abertos<\/a><\/li>\n\n\n\n<li><a href=\"https:\/\/www.estrategiaconcursos.com.br\/blog\/concursos-2022\/\" target=\"_blank\" rel=\"noreferrer noopener\">Concursos 2022<\/a><\/li>\n<\/ul>\n\n\n\n<h2 class=\"wp-block-heading has-text-align-center\" id=\"cursos-assinatura\">Quer estudar para a sele\u00e7\u00e3o PB Sa\u00fade?<\/h2>\n\n\n\n<div class=\"container\" id=\"boxes\">\n  <div class=\"row\">\n\n    <div class=\"col-sm\">\n      <div class=\"banner-medicina\" id=\"box-assinatura\">\n        <h3 class=\"titulo-assinatura\">Cursos para Sa\u00fade<\/h3>\n        <p class=\"subtitulo-assinatura\">Conhe\u00e7a os cursos<\/p>\n        <div class=\"box-botao\">\n          <a class=\"btn-assinatura\" target=\"_blank\" href=\"https:\/\/www.estrategiaconcursos.com.br\/cursosPorConcurso\/fundacao-paraibana-de-gestao-em-saude-pb-saude\/\" role=\"button\" rel=\"noopener noreferrer\">Conhe\u00e7a mais<\/a>\n        <\/div>\n      <\/div>\n     \n    <\/div>\n\n  <\/div>\n<\/div>\n\n\n\n<div class=\"container\" id=\"boxes\">\n  <div class=\"row\">\n\n    <div class=\"col-sm\">\n      <div class=\"estrategia\" id=\"box-assinatura\">\n        <h3 class=\"titulo-assinatura\">Assinatura Concursos<\/h3>\n        <p class=\"subtitulo-assinatura\">Assinatura de 1 ano ou 2 anos<\/p>\n        <div class=\"box-botao\">\n          <a class=\"btn-assinatura\" target=\"_blank\" href=\"https:\/\/www.estrategiaconcursos.com.br\/assinaturas\/\" role=\"button\" rel=\"noopener noreferrer\">ASSINE AGORA<\/a>\n        <\/div>\n      <\/div><\/div><\/div><\/div>\n\n\n\n<figure class=\"wp-block-image size-large is-resized\"><img loading=\"lazy\" decoding=\"async\" src=\"https:\/\/dhg1h5j42swfq.cloudfront.net\/2025\/06\/27101122\/ficha-tecnica-1-1024x632.png\" alt=\"\" class=\"wp-image-702728\" width=\"269\" height=\"166\" srcset=\"https:\/\/dhg1h5j42swfq.cloudfront.net\/2025\/06\/27101122\/ficha-tecnica-1-1024x632.png 1024w, https:\/\/dhg1h5j42swfq.cloudfront.net\/2025\/06\/27101122\/ficha-tecnica-1-300x185.png 300w, https:\/\/dhg1h5j42swfq.cloudfront.net\/2025\/06\/27101122\/ficha-tecnica-1-768x474.png 768w, https:\/\/dhg1h5j42swfq.cloudfront.net\/2025\/06\/27101122\/ficha-tecnica-1-1536x948.png 1536w, https:\/\/dhg1h5j42swfq.cloudfront.net\/2025\/06\/27101122\/ficha-tecnica-1-610x377.png 610w, https:\/\/dhg1h5j42swfq.cloudfront.net\/2025\/06\/27101122\/ficha-tecnica-1.png 1571w\" sizes=\"auto, (max-width: 269px) 100vw, 269px\" \/><\/figure>\n\n\n\n<h3 class=\"wp-block-heading\" id=\"ficha\">Informa\u00e7\u00f5es da sele\u00e7\u00e3o PB Sa\u00fade<\/h3>\n\n\n\n<ul class=\"wp-block-list\">\n<li><strong>Inscri\u00e7\u00f5es<\/strong>: at\u00e9 29 de maio<\/li>\n\n\n\n<li><strong>Provas<\/strong>: 05 de junho<\/li>\n\n\n\n<li><strong>Vagas<\/strong>: 1.041<\/li>\n\n\n\n<li><strong>Cargos<\/strong>: Diversos<\/li>\n\n\n\n<li><strong>Escolaridade<\/strong>: m\u00e9dio, t\u00e9cnico e superior<\/li>\n\n\n\n<li><strong>Edital<\/strong>:&nbsp;<strong><a href=\"https:\/\/dhg1h5j42swfq.cloudfront.net\/2022\/05\/25151523\/edital-processo-seletivo-pb-saude-doe.pdf\" target=\"_blank\" rel=\"noreferrer noopener nofollow\">PB Sa\u00fade 2022<\/a><\/strong><\/li>\n<\/ul>\n","protected":false},"excerpt":{"rendered":"<p>A Funda\u00e7\u00e3o Paraibana de Sa\u00fade (PB Sa\u00fade) abriu sele\u00e7\u00e3o com 1.041 vagas tempor\u00e1rias, sendo 105 imediatas e 936 para forma\u00e7\u00e3o de cadastro de reserva. As oportunidades s\u00e3o para cargos de n\u00edveis m\u00e9dio, t\u00e9cnico e superior de escolaridade. As inscri\u00e7\u00f5es j\u00e1 encontra-se abertas e os interessados em participar da sele\u00e7\u00e3o devem confirmar suas candidaturas at\u00e9 o [&hellip;]<\/p>\n","protected":false},"author":1483,"featured_media":974329,"comment_status":"open","ping_status":"closed","sticky":false,"template":"","format":"standard","meta":{"post_tipo":"news","footnotes":""},"categories":[1981,220219],"tags":[],"tax_estado":[219978],"class_list":["post-1034075","post","type-post","status-publish","format-standard","has-post-thumbnail","hentry","category-saude","category-noticias","tax_estado-pb"],"acf":[],"yoast_head":"<!-- This site is optimized with the Yoast SEO Premium plugin v27.2 (Yoast SEO v27.2) - https:\/\/yoast.com\/product\/yoast-seo-premium-wordpress\/ -->\n<title>PB Sa\u00fade abre sele\u00e7\u00e3o com 1.041 vagas; inscri\u00e7\u00f5es abertas!<\/title>\n<meta name=\"description\" content=\"PB Sa\u00fade abre sele\u00e7\u00e3o com oferta de 1.041 vagas para cargos de n\u00edveis m\u00e9dio, t\u00e9cnico e superior. Confira no site da coruja!\" \/>\n<meta name=\"robots\" content=\"index, follow, max-snippet:-1, max-image-preview:large, max-video-preview:-1\" \/>\n<link rel=\"canonical\" href=\"https:\/\/www.estrategiaconcursos.com.br\/blog\/pb-saude-selecao\/\" \/>\n<meta property=\"og:locale\" content=\"pt_BR\" \/>\n<meta property=\"og:type\" content=\"article\" \/>\n<meta property=\"og:title\" content=\"PB Sa\u00fade abre sele\u00e7\u00e3o com 1.041 vagas; inscri\u00e7\u00f5es abertas!\" \/>\n<meta property=\"og:description\" content=\"PB Sa\u00fade abre sele\u00e7\u00e3o com oferta de 1.041 vagas para cargos de n\u00edveis m\u00e9dio, t\u00e9cnico e superior. Confira no site da coruja!\" \/>\n<meta property=\"og:url\" content=\"https:\/\/www.estrategiaconcursos.com.br\/blog\/pb-saude-selecao\/\" \/>\n<meta property=\"og:site_name\" content=\"Estrat\u00e9gia Concursos\" \/>\n<meta property=\"article:published_time\" content=\"2022-05-25T18:00:00+00:00\" \/>\n<meta property=\"article:modified_time\" content=\"2023-05-11T17:07:29+00:00\" \/>\n<meta property=\"og:image\" content=\"https:\/\/dhg1h5j42swfq.cloudfront.net\/2022\/02\/21183259\/saiu-edital-1-2-4-2.jpg\" \/>\n\t<meta property=\"og:image:width\" content=\"1200\" \/>\n\t<meta property=\"og:image:height\" content=\"628\" \/>\n\t<meta property=\"og:image:type\" content=\"image\/jpeg\" \/>\n<meta name=\"author\" content=\"Diogo Mendes\" \/>\n<meta name=\"twitter:card\" content=\"summary_large_image\" \/>\n<meta name=\"twitter:creator\" content=\"@EstratConcursos\" \/>\n<meta name=\"twitter:site\" content=\"@EstratConcursos\" \/>\n<meta name=\"twitter:label1\" content=\"Escrito por\" \/>\n\t<meta name=\"twitter:data1\" content=\"Diogo Mendes\" \/>\n\t<meta name=\"twitter:label2\" content=\"Est. tempo de leitura\" \/>\n\t<meta name=\"twitter:data2\" content=\"4 minutos\" \/>\n<script type=\"application\/ld+json\" class=\"yoast-schema-graph\">{\"@context\":\"https:\/\/schema.org\",\"@graph\":[{\"@type\":\"NewsArticle\",\"@id\":\"https:\/\/www.estrategiaconcursos.com.br\/blog\/pb-saude-selecao\/#article\",\"isPartOf\":{\"@id\":\"https:\/\/www.estrategiaconcursos.com.br\/blog\/pb-saude-selecao\/\"},\"author\":{\"name\":\"Diogo Mendes\",\"@id\":\"https:\/\/www.estrategiaconcursos.com.br\/blog\/#\/schema\/person\/cc9e76173880338ce9f656c88664a1f6\"},\"headline\":\"PB Sa\u00fade abre sele\u00e7\u00e3o com 1.041 vagas; inscri\u00e7\u00f5es abertas!\",\"datePublished\":\"2022-05-25T18:00:00+00:00\",\"dateModified\":\"2023-05-11T17:07:29+00:00\",\"mainEntityOfPage\":{\"@id\":\"https:\/\/www.estrategiaconcursos.com.br\/blog\/pb-saude-selecao\/\"},\"wordCount\":403,\"commentCount\":0,\"publisher\":{\"@id\":\"https:\/\/www.estrategiaconcursos.com.br\/blog\/#organization\"},\"image\":{\"@id\":\"https:\/\/www.estrategiaconcursos.com.br\/blog\/pb-saude-selecao\/#primaryimage\"},\"thumbnailUrl\":\"https:\/\/dhg1h5j42swfq.cloudfront.net\/2022\/02\/21183259\/saiu-edital-1-2-4-2.jpg\",\"articleSection\":[\"Sa\u00fade\",\"\u00daltimas not\u00edcias\"],\"inLanguage\":\"pt-BR\",\"potentialAction\":[{\"@type\":\"CommentAction\",\"name\":\"Comment\",\"target\":[\"https:\/\/www.estrategiaconcursos.com.br\/blog\/pb-saude-selecao\/#respond\"]}],\"copyrightYear\":\"2022\",\"copyrightHolder\":{\"@id\":\"https:\/\/www.estrategiaconcursos.com.br\/blog\/#organization\"}},{\"@type\":\"WebPage\",\"@id\":\"https:\/\/www.estrategiaconcursos.com.br\/blog\/pb-saude-selecao\/\",\"url\":\"https:\/\/www.estrategiaconcursos.com.br\/blog\/pb-saude-selecao\/\",\"name\":\"PB Sa\u00fade abre sele\u00e7\u00e3o com 1.041 vagas; inscri\u00e7\u00f5es abertas!\",\"isPartOf\":{\"@id\":\"https:\/\/www.estrategiaconcursos.com.br\/blog\/#website\"},\"primaryImageOfPage\":{\"@id\":\"https:\/\/www.estrategiaconcursos.com.br\/blog\/pb-saude-selecao\/#primaryimage\"},\"image\":{\"@id\":\"https:\/\/www.estrategiaconcursos.com.br\/blog\/pb-saude-selecao\/#primaryimage\"},\"thumbnailUrl\":\"https:\/\/dhg1h5j42swfq.cloudfront.net\/2022\/02\/21183259\/saiu-edital-1-2-4-2.jpg\",\"datePublished\":\"2022-05-25T18:00:00+00:00\",\"dateModified\":\"2023-05-11T17:07:29+00:00\",\"description\":\"PB Sa\u00fade abre sele\u00e7\u00e3o com oferta de 1.041 vagas para cargos de n\u00edveis m\u00e9dio, t\u00e9cnico e superior. Confira no site da coruja!\",\"breadcrumb\":{\"@id\":\"https:\/\/www.estrategiaconcursos.com.br\/blog\/pb-saude-selecao\/#breadcrumb\"},\"inLanguage\":\"pt-BR\",\"potentialAction\":[{\"@type\":\"ReadAction\",\"target\":[\"https:\/\/www.estrategiaconcursos.com.br\/blog\/pb-saude-selecao\/\"]}]},{\"@type\":\"ImageObject\",\"inLanguage\":\"pt-BR\",\"@id\":\"https:\/\/www.estrategiaconcursos.com.br\/blog\/pb-saude-selecao\/#primaryimage\",\"url\":\"https:\/\/dhg1h5j42swfq.cloudfront.net\/2022\/02\/21183259\/saiu-edital-1-2-4-2.jpg\",\"contentUrl\":\"https:\/\/dhg1h5j42swfq.cloudfront.net\/2022\/02\/21183259\/saiu-edital-1-2-4-2.jpg\",\"width\":1200,\"height\":628,\"caption\":\"Concurso S\u00e3o Jos\u00e9 do Herval (RS)\"},{\"@type\":\"BreadcrumbList\",\"@id\":\"https:\/\/www.estrategiaconcursos.com.br\/blog\/pb-saude-selecao\/#breadcrumb\",\"itemListElement\":[{\"@type\":\"ListItem\",\"position\":1,\"name\":\"In\u00edcio\",\"item\":\"https:\/\/www.estrategiaconcursos.com.br\/blog\/\"},{\"@type\":\"ListItem\",\"position\":2,\"name\":\"PB Sa\u00fade abre sele\u00e7\u00e3o com 1.041 vagas; inscri\u00e7\u00f5es abertas!\"}]},{\"@type\":\"WebSite\",\"@id\":\"https:\/\/www.estrategiaconcursos.com.br\/blog\/#website\",\"url\":\"https:\/\/www.estrategiaconcursos.com.br\/blog\/\",\"name\":\"Estrat\u00e9gia Concursos\",\"description\":\"O blog da Estrat\u00e9gia Concursos traz not\u00edcias sobre concursos e artigos de professores oferecendo cursos para concursos (pdf + videaulas) no site.\",\"publisher\":{\"@id\":\"https:\/\/www.estrategiaconcursos.com.br\/blog\/#organization\"},\"potentialAction\":[{\"@type\":\"SearchAction\",\"target\":{\"@type\":\"EntryPoint\",\"urlTemplate\":\"https:\/\/www.estrategiaconcursos.com.br\/blog\/?s={search_term_string}\"},\"query-input\":{\"@type\":\"PropertyValueSpecification\",\"valueRequired\":true,\"valueName\":\"search_term_string\"}}],\"inLanguage\":\"pt-BR\"},{\"@type\":\"Organization\",\"@id\":\"https:\/\/www.estrategiaconcursos.com.br\/blog\/#organization\",\"name\":\"Estrat\u00e9gia Concursos\",\"url\":\"https:\/\/www.estrategiaconcursos.com.br\/blog\/\",\"logo\":{\"@type\":\"ImageObject\",\"inLanguage\":\"pt-BR\",\"@id\":\"https:\/\/www.estrategiaconcursos.com.br\/blog\/#\/schema\/logo\/image\/\",\"url\":\"https:\/\/dhg1h5j42swfq.cloudfront.net\/2025\/06\/03203428\/logo_concursos-1.jpg\",\"contentUrl\":\"https:\/\/dhg1h5j42swfq.cloudfront.net\/2025\/06\/03203428\/logo_concursos-1.jpg\",\"width\":230,\"height\":60,\"caption\":\"Estrat\u00e9gia Concursos\"},\"image\":{\"@id\":\"https:\/\/www.estrategiaconcursos.com.br\/blog\/#\/schema\/logo\/image\/\"},\"sameAs\":[\"https:\/\/x.com\/EstratConcursos\"]},{\"@type\":\"Person\",\"@id\":\"https:\/\/www.estrategiaconcursos.com.br\/blog\/#\/schema\/person\/cc9e76173880338ce9f656c88664a1f6\",\"name\":\"Diogo Mendes\",\"image\":{\"@type\":\"ImageObject\",\"inLanguage\":\"pt-BR\",\"@id\":\"https:\/\/secure.gravatar.com\/avatar\/9754d6777d460a45ef4067b586b94c32005cc2345a0404b8d96adc620cf63806?s=96&d=mm&r=g\",\"url\":\"https:\/\/secure.gravatar.com\/avatar\/9754d6777d460a45ef4067b586b94c32005cc2345a0404b8d96adc620cf63806?s=96&d=mm&r=g\",\"contentUrl\":\"https:\/\/secure.gravatar.com\/avatar\/9754d6777d460a45ef4067b586b94c32005cc2345a0404b8d96adc620cf63806?s=96&d=mm&r=g\",\"caption\":\"Diogo Mendes\"},\"description\":\"Diogo Mendes \u00e9 jornalista formado pela Universidade Paulista, com experi\u00eancia em reda\u00e7\u00f5es de diversos ve\u00edculos e na produ\u00e7\u00e3o de conte\u00fados especializados em concursos p\u00fablicos. Desde 2019, atua no Estrat\u00e9gia Concursos como Jornalista e Analista de Conte\u00fado, com foco na apura\u00e7\u00e3o de informa\u00e7\u00f5es junto a \u00f3rg\u00e3os e fontes oficiais. Dedica-se especialmente \u00e0 produ\u00e7\u00e3o de not\u00edcias e reportagens sobre Concursos Legislativos, al\u00e9m de acompanhar diariamente os concursos policiais, banc\u00e1rios e da \u00e1rea da sa\u00fade.\",\"url\":\"https:\/\/www.estrategiaconcursos.com.br\/blog\/author\/diogo-mendesestrategiaconcursos-com-br\/\"}]}<\/script>\n<!-- \/ Yoast SEO Premium plugin. -->","yoast_head_json":{"title":"PB Sa\u00fade abre sele\u00e7\u00e3o com 1.041 vagas; inscri\u00e7\u00f5es abertas!","description":"PB Sa\u00fade abre sele\u00e7\u00e3o com oferta de 1.041 vagas para cargos de n\u00edveis m\u00e9dio, t\u00e9cnico e superior. Confira no site da coruja!","robots":{"index":"index","follow":"follow","max-snippet":"max-snippet:-1","max-image-preview":"max-image-preview:large","max-video-preview":"max-video-preview:-1"},"canonical":"https:\/\/www.estrategiaconcursos.com.br\/blog\/pb-saude-selecao\/","og_locale":"pt_BR","og_type":"article","og_title":"PB Sa\u00fade abre sele\u00e7\u00e3o com 1.041 vagas; inscri\u00e7\u00f5es abertas!","og_description":"PB Sa\u00fade abre sele\u00e7\u00e3o com oferta de 1.041 vagas para cargos de n\u00edveis m\u00e9dio, t\u00e9cnico e superior. Confira no site da coruja!","og_url":"https:\/\/www.estrategiaconcursos.com.br\/blog\/pb-saude-selecao\/","og_site_name":"Estrat\u00e9gia Concursos","article_published_time":"2022-05-25T18:00:00+00:00","article_modified_time":"2023-05-11T17:07:29+00:00","og_image":[{"width":1200,"height":628,"url":"https:\/\/dhg1h5j42swfq.cloudfront.net\/2022\/02\/21183259\/saiu-edital-1-2-4-2.jpg","type":"image\/jpeg"}],"author":"Diogo Mendes","twitter_card":"summary_large_image","twitter_creator":"@EstratConcursos","twitter_site":"@EstratConcursos","twitter_misc":{"Escrito por":"Diogo Mendes","Est. tempo de leitura":"4 minutos"},"schema":{"@context":"https:\/\/schema.org","@graph":[{"@type":"NewsArticle","@id":"https:\/\/www.estrategiaconcursos.com.br\/blog\/pb-saude-selecao\/#article","isPartOf":{"@id":"https:\/\/www.estrategiaconcursos.com.br\/blog\/pb-saude-selecao\/"},"author":{"name":"Diogo Mendes","@id":"https:\/\/www.estrategiaconcursos.com.br\/blog\/#\/schema\/person\/cc9e76173880338ce9f656c88664a1f6"},"headline":"PB Sa\u00fade abre sele\u00e7\u00e3o com 1.041 vagas; inscri\u00e7\u00f5es abertas!","datePublished":"2022-05-25T18:00:00+00:00","dateModified":"2023-05-11T17:07:29+00:00","mainEntityOfPage":{"@id":"https:\/\/www.estrategiaconcursos.com.br\/blog\/pb-saude-selecao\/"},"wordCount":403,"commentCount":0,"publisher":{"@id":"https:\/\/www.estrategiaconcursos.com.br\/blog\/#organization"},"image":{"@id":"https:\/\/www.estrategiaconcursos.com.br\/blog\/pb-saude-selecao\/#primaryimage"},"thumbnailUrl":"https:\/\/dhg1h5j42swfq.cloudfront.net\/2022\/02\/21183259\/saiu-edital-1-2-4-2.jpg","articleSection":["Sa\u00fade","\u00daltimas not\u00edcias"],"inLanguage":"pt-BR","potentialAction":[{"@type":"CommentAction","name":"Comment","target":["https:\/\/www.estrategiaconcursos.com.br\/blog\/pb-saude-selecao\/#respond"]}],"copyrightYear":"2022","copyrightHolder":{"@id":"https:\/\/www.estrategiaconcursos.com.br\/blog\/#organization"}},{"@type":"WebPage","@id":"https:\/\/www.estrategiaconcursos.com.br\/blog\/pb-saude-selecao\/","url":"https:\/\/www.estrategiaconcursos.com.br\/blog\/pb-saude-selecao\/","name":"PB Sa\u00fade abre sele\u00e7\u00e3o com 1.041 vagas; inscri\u00e7\u00f5es abertas!","isPartOf":{"@id":"https:\/\/www.estrategiaconcursos.com.br\/blog\/#website"},"primaryImageOfPage":{"@id":"https:\/\/www.estrategiaconcursos.com.br\/blog\/pb-saude-selecao\/#primaryimage"},"image":{"@id":"https:\/\/www.estrategiaconcursos.com.br\/blog\/pb-saude-selecao\/#primaryimage"},"thumbnailUrl":"https:\/\/dhg1h5j42swfq.cloudfront.net\/2022\/02\/21183259\/saiu-edital-1-2-4-2.jpg","datePublished":"2022-05-25T18:00:00+00:00","dateModified":"2023-05-11T17:07:29+00:00","description":"PB Sa\u00fade abre sele\u00e7\u00e3o com oferta de 1.041 vagas para cargos de n\u00edveis m\u00e9dio, t\u00e9cnico e superior. Confira no site da coruja!","breadcrumb":{"@id":"https:\/\/www.estrategiaconcursos.com.br\/blog\/pb-saude-selecao\/#breadcrumb"},"inLanguage":"pt-BR","potentialAction":[{"@type":"ReadAction","target":["https:\/\/www.estrategiaconcursos.com.br\/blog\/pb-saude-selecao\/"]}]},{"@type":"ImageObject","inLanguage":"pt-BR","@id":"https:\/\/www.estrategiaconcursos.com.br\/blog\/pb-saude-selecao\/#primaryimage","url":"https:\/\/dhg1h5j42swfq.cloudfront.net\/2022\/02\/21183259\/saiu-edital-1-2-4-2.jpg","contentUrl":"https:\/\/dhg1h5j42swfq.cloudfront.net\/2022\/02\/21183259\/saiu-edital-1-2-4-2.jpg","width":1200,"height":628,"caption":"Concurso S\u00e3o Jos\u00e9 do Herval (RS)"},{"@type":"BreadcrumbList","@id":"https:\/\/www.estrategiaconcursos.com.br\/blog\/pb-saude-selecao\/#breadcrumb","itemListElement":[{"@type":"ListItem","position":1,"name":"In\u00edcio","item":"https:\/\/www.estrategiaconcursos.com.br\/blog\/"},{"@type":"ListItem","position":2,"name":"PB Sa\u00fade abre sele\u00e7\u00e3o com 1.041 vagas; inscri\u00e7\u00f5es abertas!"}]},{"@type":"WebSite","@id":"https:\/\/www.estrategiaconcursos.com.br\/blog\/#website","url":"https:\/\/www.estrategiaconcursos.com.br\/blog\/","name":"Estrat\u00e9gia Concursos","description":"O blog da Estrat\u00e9gia Concursos traz not\u00edcias sobre concursos e artigos de professores oferecendo cursos para concursos (pdf + videaulas) no site.","publisher":{"@id":"https:\/\/www.estrategiaconcursos.com.br\/blog\/#organization"},"potentialAction":[{"@type":"SearchAction","target":{"@type":"EntryPoint","urlTemplate":"https:\/\/www.estrategiaconcursos.com.br\/blog\/?s={search_term_string}"},"query-input":{"@type":"PropertyValueSpecification","valueRequired":true,"valueName":"search_term_string"}}],"inLanguage":"pt-BR"},{"@type":"Organization","@id":"https:\/\/www.estrategiaconcursos.com.br\/blog\/#organization","name":"Estrat\u00e9gia Concursos","url":"https:\/\/www.estrategiaconcursos.com.br\/blog\/","logo":{"@type":"ImageObject","inLanguage":"pt-BR","@id":"https:\/\/www.estrategiaconcursos.com.br\/blog\/#\/schema\/logo\/image\/","url":"https:\/\/dhg1h5j42swfq.cloudfront.net\/2025\/06\/03203428\/logo_concursos-1.jpg","contentUrl":"https:\/\/dhg1h5j42swfq.cloudfront.net\/2025\/06\/03203428\/logo_concursos-1.jpg","width":230,"height":60,"caption":"Estrat\u00e9gia Concursos"},"image":{"@id":"https:\/\/www.estrategiaconcursos.com.br\/blog\/#\/schema\/logo\/image\/"},"sameAs":["https:\/\/x.com\/EstratConcursos"]},{"@type":"Person","@id":"https:\/\/www.estrategiaconcursos.com.br\/blog\/#\/schema\/person\/cc9e76173880338ce9f656c88664a1f6","name":"Diogo Mendes","image":{"@type":"ImageObject","inLanguage":"pt-BR","@id":"https:\/\/secure.gravatar.com\/avatar\/9754d6777d460a45ef4067b586b94c32005cc2345a0404b8d96adc620cf63806?s=96&d=mm&r=g","url":"https:\/\/secure.gravatar.com\/avatar\/9754d6777d460a45ef4067b586b94c32005cc2345a0404b8d96adc620cf63806?s=96&d=mm&r=g","contentUrl":"https:\/\/secure.gravatar.com\/avatar\/9754d6777d460a45ef4067b586b94c32005cc2345a0404b8d96adc620cf63806?s=96&d=mm&r=g","caption":"Diogo Mendes"},"description":"Diogo Mendes \u00e9 jornalista formado pela Universidade Paulista, com experi\u00eancia em reda\u00e7\u00f5es de diversos ve\u00edculos e na produ\u00e7\u00e3o de conte\u00fados especializados em concursos p\u00fablicos. Desde 2019, atua no Estrat\u00e9gia Concursos como Jornalista e Analista de Conte\u00fado, com foco na apura\u00e7\u00e3o de informa\u00e7\u00f5es junto a \u00f3rg\u00e3os e fontes oficiais. Dedica-se especialmente \u00e0 produ\u00e7\u00e3o de not\u00edcias e reportagens sobre Concursos Legislativos, al\u00e9m de acompanhar diariamente os concursos policiais, banc\u00e1rios e da \u00e1rea da sa\u00fade.","url":"https:\/\/www.estrategiaconcursos.com.br\/blog\/author\/diogo-mendesestrategiaconcursos-com-br\/"}]}},"_links":{"self":[{"href":"https:\/\/www.estrategiaconcursos.com.br\/blog\/wp-json\/wp\/v2\/posts\/1034075","targetHints":{"allow":["GET"]}}],"collection":[{"href":"https:\/\/www.estrategiaconcursos.com.br\/blog\/wp-json\/wp\/v2\/posts"}],"about":[{"href":"https:\/\/www.estrategiaconcursos.com.br\/blog\/wp-json\/wp\/v2\/types\/post"}],"author":[{"embeddable":true,"href":"https:\/\/www.estrategiaconcursos.com.br\/blog\/wp-json\/wp\/v2\/users\/1483"}],"replies":[{"embeddable":true,"href":"https:\/\/www.estrategiaconcursos.com.br\/blog\/wp-json\/wp\/v2\/comments?post=1034075"}],"version-history":[{"count":17,"href":"https:\/\/www.estrategiaconcursos.com.br\/blog\/wp-json\/wp\/v2\/posts\/1034075\/revisions"}],"predecessor-version":[{"id":1214541,"href":"https:\/\/www.estrategiaconcursos.com.br\/blog\/wp-json\/wp\/v2\/posts\/1034075\/revisions\/1214541"}],"wp:featuredmedia":[{"embeddable":true,"href":"https:\/\/www.estrategiaconcursos.com.br\/blog\/wp-json\/wp\/v2\/media\/974329"}],"wp:attachment":[{"href":"https:\/\/www.estrategiaconcursos.com.br\/blog\/wp-json\/wp\/v2\/media?parent=1034075"}],"wp:term":[{"taxonomy":"category","embeddable":true,"href":"https:\/\/www.estrategiaconcursos.com.br\/blog\/wp-json\/wp\/v2\/categories?post=1034075"},{"taxonomy":"post_tag","embeddable":true,"href":"https:\/\/www.estrategiaconcursos.com.br\/blog\/wp-json\/wp\/v2\/tags?post=1034075"},{"taxonomy":"tax_estado","embeddable":true,"href":"https:\/\/www.estrategiaconcursos.com.br\/blog\/wp-json\/wp\/v2\/tax_estado?post=1034075"}],"curies":[{"name":"wp","href":"https:\/\/api.w.org\/{rel}","templated":true}]}}