{"id":1034034,"date":"2022-05-25T14:30:01","date_gmt":"2022-05-25T17:30:01","guid":{"rendered":"https:\/\/www.estrategiaconcursos.com.br\/blog\/?p=1034034"},"modified":"2022-05-25T17:04:34","modified_gmt":"2022-05-25T20:04:34","slug":"concurso-eppgg-pedido","status":"publish","type":"post","link":"https:\/\/www.estrategiaconcursos.com.br\/blog\/concurso-eppgg-pedido\/","title":{"rendered":"Concurso EPPGG: pedido com 30 vagas \u00e9 encaminhado ao ME"},"content":{"rendered":"\n<h3 class=\"wp-block-heading\" id=\"solicitacao-visa-atender-forca-de-trabalho-no-conselho-administrativo-de-defesa-economica-cade\"><em>Solicita\u00e7\u00e3o visa atender for\u00e7a de trabalho no Conselho Administrativo de Defesa Econ\u00f4mica &nbsp;&#8211;&nbsp;CADE<\/em><\/h3>\n\n\n\n<p>Foi encaminhado ao Minist\u00e9rio da Economia, um pedido de concurso com <strong>30 vagas para a carreira de Especialista em Pol\u00edticas P\u00fablicas e Gest\u00e3o Governamental (EPPGG).<\/strong><\/p>\n\n\n\n<p>A solicita\u00e7\u00e3o partiu do pr\u00f3prio presidente do Conselho Administrativo de Defesa Econ\u00f4mica &#8211;\u00a0CADE, Alexandre Cordeiro Macedo.<\/p>\n\n\n\n<p>De acordo com o presidente, <em>&#8220;A atual for\u00e7a de trabalho do CADE n\u00e3o acompanha o crescimento das demandas do neg\u00f3cio, <strong>urgindo a necessidade de refor\u00e7o qualificado do corpo funcional<\/strong>.&#8221;<\/em><\/p>\n\n\n\n<p>Por este motivo, o Conselho precisa, ao menos, de 30 novas vagas de EPPGG para exerc\u00edcio no CADE. A ideia \u00e9 atingir os seguintes resultados:<\/p>\n\n\n\n<ul class=\"wp-block-list\"><li><strong>I &#8211;<\/strong> aumento na capacidade de resposta (tempo de processamento e an\u00e1lise) de casos em antitruste;<\/li><li><strong>II &#8211;<\/strong> racionalizar a gest\u00e3o de pessoas na \u00e1rea final\u00edstica do Cad\u00ea compatibilizando os recursos humanos \u00e0s crescentes demandas de trabalho;<\/li><li><strong>III &#8211;<\/strong> reduzir o risco no tratamento de informa\u00e7\u00f5es sens\u00edveis, com a amplia\u00e7\u00e3o do quadro efetivo de elevada qualifica\u00e7\u00e3o na autarquia;<\/li><li><strong>IV &#8211;<\/strong> ampliar a possibilidade de atendimento \u00e0s necessidades do Sistema Brasileiro de Defesa da Concorr\u00eancia; e<\/li><li><strong>V &#8211;<\/strong> equalizar a for\u00e7a de trabalho e atua\u00e7\u00e3o do CADE \u00e0s outras ag\u00eancias de defesa da concorr\u00eancia no mundo.<\/li><\/ul>\n\n\n\n<div class=\"wp-block-image\"><figure class=\"aligncenter size-full\"><img loading=\"lazy\" decoding=\"async\" width=\"1024\" height=\"576\" src=\"https:\/\/dhg1h5j42swfq.cloudfront.net\/2022\/05\/25143125\/din1134-cade1.jpg\" alt=\"Conselho Administrativo de Defesa Econ\u00f4mica - CADE\" class=\"wp-image-1034061\" srcset=\"https:\/\/dhg1h5j42swfq.cloudfront.net\/2022\/05\/25143125\/din1134-cade1.jpg 1024w, https:\/\/dhg1h5j42swfq.cloudfront.net\/2022\/05\/25143125\/din1134-cade1-300x169.jpg 300w, https:\/\/dhg1h5j42swfq.cloudfront.net\/2022\/05\/25143125\/din1134-cade1-768x432.jpg 768w, https:\/\/dhg1h5j42swfq.cloudfront.net\/2022\/05\/25143125\/din1134-cade1-610x343.jpg 610w\" sizes=\"auto, (max-width: 1024px) 100vw, 1024px\" \/><figcaption>Conselho Administrativo de Defesa Econ\u00f4mica &#8211; CADE<\/figcaption><\/figure><\/div>\n\n\n\n<p>Vale destacar que o pedido de concurso EPPGG baseia-se na <strong>Lei de Defesa da Concorr\u00eancia<\/strong>, que previu a cria\u00e7\u00e3o de <strong>200 cargos de Especialista em Pol\u00edticas P\u00fablicas e Gest\u00e3o Governamental<\/strong> para exerc\u00edcio no CADE.<\/p>\n\n\n\n<p>Entretanto, conforme explica o presidente, a Lei acabou n\u00e3o sendo implementada, uma vez que tal quantitativo de EPPGG nunca foi colocado em exerc\u00edcio na Autarquia.<\/p>\n\n\n\n<p>Inclusive, atualmente, o CADE conta com 81 gestores em seu quadro &#8211; cerca de 40% do total previsto em Lei. <\/p>\n\n\n\n<p>Isso fragiliza a institui\u00e7\u00e3o, uma vez que o \u00f3rg\u00e3o n\u00e3o possui carreira pr\u00f3pria e depende da for\u00e7a de trabalho para atender a todas as demandas<\/p>\n\n\n\n<p>Agora, espera-se que o <a href=\"https:\/\/www.gov.br\/economia\/pt-br\" target=\"_blank\" rel=\"noreferrer noopener\">Minist\u00e9rio da Economia<\/a> d\u00ea um parecer favor\u00e1vel quanto ao pedido de concurso EPPGG. At\u00e9 porque, as solicita\u00e7\u00f5es vem sendo feitas desde 2020. <\/p>\n\n\n\n<h2 class=\"wp-block-heading\" id=\"o-que-faz-um-especialista-em-politicas-publicas-e-gestao-governamental\"><strong>O que faz um Especialista em Pol\u00edticas P\u00fablicas e Gest\u00e3o Governamental?<\/strong><\/h2>\n\n\n\n<p>A carreira tem como atribui\u00e7\u00f5es a realiza\u00e7\u00e3o de atividades de gest\u00e3o governamental, como a formula\u00e7\u00e3o, a implementa\u00e7\u00e3o e a avalia\u00e7\u00e3o de pol\u00edticas p\u00fablicas, bem como de dire\u00e7\u00e3o e assessoramento em escal\u00f5es superiores da administra\u00e7\u00e3o direta, aut\u00e1rquica e fundacional.<\/p>\n\n\n\n<p>O EPPGG atua de forma matricial, com vis\u00e3o abrangente e sist\u00eamica dos complexos problemas da administra\u00e7\u00e3o p\u00fablica.<\/p>\n\n\n\n<p>Ficou interessado nas informa\u00e7\u00f5es dispon\u00edveis at\u00e9 aqui? Quer saber mais acerca das atualiza\u00e7\u00f5es do certame, ent\u00e3o acesse agora mesmo o link abaixo:<\/p>\n\n\n\n<p class=\"has-text-align-center wp-embed-aspect-16-9 wp-has-aspect-ratio has-background\" style=\"background-color:#f0f8ff;font-size:clamp(14.642px, 0.915rem + ((1vw - 3.2px) * 0.721), 22px);px\"><strong>Saiba mais: <a href=\"https:\/\/www.estrategiaconcursos.com.br\/blog\/concurso-eppgg\/\" target=\"_blank\" rel=\"noreferrer noopener\">Concurso EPPGG<\/a><\/strong><\/p>\n\n\n\n<h2 class=\"has-text-align-center wp-block-heading\" id=\"cursos\">Quer estudar para o concurso EPPGG?<\/h2>\n\n\n\n<div class=\"container\" id=\"boxes\">\n  <div class=\"row\">\n\n    <div class=\"col-sm\">\n      <div class=\"banner-estrategia\" id=\"box-assinatura\">\n        <h3 class=\"titulo-assinatura\">Concurso EPPGG<\/h3>\n        <p class=\"subtitulo-assinatura\">Estude conosco<\/p>\n        <div class=\"box-botao\">\n          <a class=\"btn-assinatura\" target=\"_blank\" href=\"https:\/\/www.estrategiaconcursos.com.br\/cursosPorConcurso\/ministerio-da-economia-eppgg-especialista-em-politicas-publicas-e-gestao-governamental\/\" role=\"button\" rel=\"noopener noreferrer\">Conhe\u00e7a os cursos<\/a>\n        <\/div>\n      <\/div>\n     \n    <\/div>\n\n  <\/div>\n<\/div>\n\n\n\n<div class=\"container\" id=\"boxes\">\n  <div class=\"row\">\n\n    <div class=\"col-sm\">\n      <div class=\"estrategia\" id=\"box-assinatura\">\n        <h3 class=\"titulo-assinatura\">Assinatura Concursos<\/h3>\n        <p class=\"subtitulo-assinatura\">Assinatura de 1 ano ou 2 anos<\/p>\n        <div class=\"box-botao\">\n          <a class=\"btn-assinatura\" target=\"_blank\" href=\"https:\/\/www.estrategiaconcursos.com.br\/assinaturas\/\" role=\"button\" rel=\"noopener noreferrer\">ASSINE AGORA<\/a>\n        <\/div>\n      <\/div><\/div><\/div><\/div>\n\n\n\n<h2 class=\"has-text-align-center wp-block-heading\" id=\"h-quer-saber-tudo-sobre-concursos-previstos-confira-nossos-artigos\">Quer saber tudo sobre concursos previstos?<br \/>Confira nossos artigos!<\/h2>\n\n\n\n<ul class=\"wp-block-list\"><li><a href=\"https:\/\/www.estrategiaconcursos.com.br\/blog\/concursos-abertos\/\" target=\"_blank\" rel=\"noreferrer noopener\">Concursos abertos<\/a><\/li><li><a href=\"https:\/\/www.estrategiaconcursos.com.br\/blog\/concursos-2022\/\" target=\"_blank\" rel=\"noreferrer noopener\">Concursos 2022<\/a><\/li><\/ul>\n","protected":false},"excerpt":{"rendered":"<p>Solicita\u00e7\u00e3o visa atender for\u00e7a de trabalho no Conselho Administrativo de Defesa Econ\u00f4mica &nbsp;&#8211;&nbsp;CADE Foi encaminhado ao Minist\u00e9rio da Economia, um pedido de concurso com 30 vagas para a carreira de Especialista em Pol\u00edticas P\u00fablicas e Gest\u00e3o Governamental (EPPGG). A solicita\u00e7\u00e3o partiu do pr\u00f3prio presidente do Conselho Administrativo de Defesa Econ\u00f4mica &#8211;\u00a0CADE, Alexandre Cordeiro Macedo. De [&hellip;]<\/p>\n","protected":false},"author":656,"featured_media":1004024,"comment_status":"open","ping_status":"closed","sticky":false,"template":"","format":"standard","meta":{"post_tipo":"news","footnotes":""},"categories":[214992,220219],"tags":[],"tax_estado":[219963],"class_list":["post-1034034","post","type-post","status-publish","format-standard","has-post-thumbnail","hentry","category-concursos-administrativos","category-noticias","tax_estado-concursos-federais"],"acf":[],"yoast_head":"<!-- This site is optimized with the Yoast SEO Premium plugin v27.2 (Yoast SEO v27.2) - https:\/\/yoast.com\/product\/yoast-seo-premium-wordpress\/ -->\n<title>Concurso EPPGG: pedido com 30 vagas \u00e9 encaminhado ao ME<\/title>\n<meta name=\"description\" content=\"Concurso EPPGG: presidente do CADE encaminha pedido com 30 vagas para exerc\u00edcio no \u00f3rg\u00e3o. Acesse e saiba mais!\" \/>\n<meta name=\"robots\" content=\"index, follow, max-snippet:-1, max-image-preview:large, max-video-preview:-1\" \/>\n<link rel=\"canonical\" href=\"https:\/\/www.estrategiaconcursos.com.br\/blog\/concurso-eppgg-pedido\/\" \/>\n<meta property=\"og:locale\" content=\"pt_BR\" \/>\n<meta property=\"og:type\" content=\"article\" \/>\n<meta property=\"og:title\" content=\"Concurso EPPGG: pedido com 30 vagas \u00e9 encaminhado ao ME\" \/>\n<meta property=\"og:description\" content=\"Concurso EPPGG: presidente do CADE encaminha pedido com 30 vagas para exerc\u00edcio no \u00f3rg\u00e3o. Acesse e saiba mais!\" \/>\n<meta property=\"og:url\" content=\"https:\/\/www.estrategiaconcursos.com.br\/blog\/concurso-eppgg-pedido\/\" \/>\n<meta property=\"og:site_name\" content=\"Estrat\u00e9gia Concursos\" \/>\n<meta property=\"article:published_time\" content=\"2022-05-25T17:30:01+00:00\" \/>\n<meta property=\"article:modified_time\" content=\"2022-05-25T20:04:34+00:00\" \/>\n<meta property=\"og:image\" content=\"https:\/\/dhg1h5j42swfq.cloudfront.net\/2022\/04\/07114532\/eppgg.jpg\" \/>\n\t<meta property=\"og:image:width\" content=\"768\" \/>\n\t<meta property=\"og:image:height\" content=\"432\" \/>\n\t<meta property=\"og:image:type\" content=\"image\/jpeg\" \/>\n<meta name=\"author\" content=\"F\u00e1bio Scaldelai\" \/>\n<meta name=\"twitter:card\" content=\"summary_large_image\" \/>\n<meta name=\"twitter:creator\" content=\"@EstratConcursos\" \/>\n<meta name=\"twitter:site\" content=\"@EstratConcursos\" \/>\n<meta name=\"twitter:label1\" content=\"Escrito por\" \/>\n\t<meta name=\"twitter:data1\" content=\"F\u00e1bio Scaldelai\" \/>\n\t<meta name=\"twitter:label2\" content=\"Est. tempo de leitura\" \/>\n\t<meta name=\"twitter:data2\" content=\"3 minutos\" \/>\n<script type=\"application\/ld+json\" class=\"yoast-schema-graph\">{\"@context\":\"https:\/\/schema.org\",\"@graph\":[{\"@type\":\"NewsArticle\",\"@id\":\"https:\/\/www.estrategiaconcursos.com.br\/blog\/concurso-eppgg-pedido\/#article\",\"isPartOf\":{\"@id\":\"https:\/\/www.estrategiaconcursos.com.br\/blog\/concurso-eppgg-pedido\/\"},\"author\":{\"name\":\"F\u00e1bio Scaldelai\",\"@id\":\"https:\/\/www.estrategiaconcursos.com.br\/blog\/#\/schema\/person\/e3b6b7ce0192dd4ad270655969d61750\"},\"headline\":\"Concurso EPPGG: pedido com 30 vagas \u00e9 encaminhado ao ME\",\"datePublished\":\"2022-05-25T17:30:01+00:00\",\"dateModified\":\"2022-05-25T20:04:34+00:00\",\"mainEntityOfPage\":{\"@id\":\"https:\/\/www.estrategiaconcursos.com.br\/blog\/concurso-eppgg-pedido\/\"},\"wordCount\":539,\"commentCount\":0,\"publisher\":{\"@id\":\"https:\/\/www.estrategiaconcursos.com.br\/blog\/#organization\"},\"image\":{\"@id\":\"https:\/\/www.estrategiaconcursos.com.br\/blog\/concurso-eppgg-pedido\/#primaryimage\"},\"thumbnailUrl\":\"https:\/\/dhg1h5j42swfq.cloudfront.net\/2022\/04\/07114532\/eppgg.jpg\",\"articleSection\":[\"Executivo (Administrativa)\",\"\u00daltimas not\u00edcias\"],\"inLanguage\":\"pt-BR\",\"potentialAction\":[{\"@type\":\"CommentAction\",\"name\":\"Comment\",\"target\":[\"https:\/\/www.estrategiaconcursos.com.br\/blog\/concurso-eppgg-pedido\/#respond\"]}],\"copyrightYear\":\"2022\",\"copyrightHolder\":{\"@id\":\"https:\/\/www.estrategiaconcursos.com.br\/blog\/#organization\"}},{\"@type\":\"WebPage\",\"@id\":\"https:\/\/www.estrategiaconcursos.com.br\/blog\/concurso-eppgg-pedido\/\",\"url\":\"https:\/\/www.estrategiaconcursos.com.br\/blog\/concurso-eppgg-pedido\/\",\"name\":\"Concurso EPPGG: pedido com 30 vagas \u00e9 encaminhado ao ME\",\"isPartOf\":{\"@id\":\"https:\/\/www.estrategiaconcursos.com.br\/blog\/#website\"},\"primaryImageOfPage\":{\"@id\":\"https:\/\/www.estrategiaconcursos.com.br\/blog\/concurso-eppgg-pedido\/#primaryimage\"},\"image\":{\"@id\":\"https:\/\/www.estrategiaconcursos.com.br\/blog\/concurso-eppgg-pedido\/#primaryimage\"},\"thumbnailUrl\":\"https:\/\/dhg1h5j42swfq.cloudfront.net\/2022\/04\/07114532\/eppgg.jpg\",\"datePublished\":\"2022-05-25T17:30:01+00:00\",\"dateModified\":\"2022-05-25T20:04:34+00:00\",\"description\":\"Concurso EPPGG: presidente do CADE encaminha pedido com 30 vagas para exerc\u00edcio no \u00f3rg\u00e3o. Acesse e saiba mais!\",\"breadcrumb\":{\"@id\":\"https:\/\/www.estrategiaconcursos.com.br\/blog\/concurso-eppgg-pedido\/#breadcrumb\"},\"inLanguage\":\"pt-BR\",\"potentialAction\":[{\"@type\":\"ReadAction\",\"target\":[\"https:\/\/www.estrategiaconcursos.com.br\/blog\/concurso-eppgg-pedido\/\"]}]},{\"@type\":\"ImageObject\",\"inLanguage\":\"pt-BR\",\"@id\":\"https:\/\/www.estrategiaconcursos.com.br\/blog\/concurso-eppgg-pedido\/#primaryimage\",\"url\":\"https:\/\/dhg1h5j42swfq.cloudfront.net\/2022\/04\/07114532\/eppgg.jpg\",\"contentUrl\":\"https:\/\/dhg1h5j42swfq.cloudfront.net\/2022\/04\/07114532\/eppgg.jpg\",\"width\":768,\"height\":432,\"caption\":\"Edital EPPGG concurso unificado\"},{\"@type\":\"BreadcrumbList\",\"@id\":\"https:\/\/www.estrategiaconcursos.com.br\/blog\/concurso-eppgg-pedido\/#breadcrumb\",\"itemListElement\":[{\"@type\":\"ListItem\",\"position\":1,\"name\":\"In\u00edcio\",\"item\":\"https:\/\/www.estrategiaconcursos.com.br\/blog\/\"},{\"@type\":\"ListItem\",\"position\":2,\"name\":\"Concurso EPPGG: pedido com 30 vagas \u00e9 encaminhado ao ME\"}]},{\"@type\":\"WebSite\",\"@id\":\"https:\/\/www.estrategiaconcursos.com.br\/blog\/#website\",\"url\":\"https:\/\/www.estrategiaconcursos.com.br\/blog\/\",\"name\":\"Estrat\u00e9gia Concursos\",\"description\":\"O blog da Estrat\u00e9gia Concursos traz not\u00edcias sobre concursos e artigos de professores oferecendo cursos para concursos (pdf + videaulas) no site.\",\"publisher\":{\"@id\":\"https:\/\/www.estrategiaconcursos.com.br\/blog\/#organization\"},\"potentialAction\":[{\"@type\":\"SearchAction\",\"target\":{\"@type\":\"EntryPoint\",\"urlTemplate\":\"https:\/\/www.estrategiaconcursos.com.br\/blog\/?s={search_term_string}\"},\"query-input\":{\"@type\":\"PropertyValueSpecification\",\"valueRequired\":true,\"valueName\":\"search_term_string\"}}],\"inLanguage\":\"pt-BR\"},{\"@type\":\"Organization\",\"@id\":\"https:\/\/www.estrategiaconcursos.com.br\/blog\/#organization\",\"name\":\"Estrat\u00e9gia Concursos\",\"url\":\"https:\/\/www.estrategiaconcursos.com.br\/blog\/\",\"logo\":{\"@type\":\"ImageObject\",\"inLanguage\":\"pt-BR\",\"@id\":\"https:\/\/www.estrategiaconcursos.com.br\/blog\/#\/schema\/logo\/image\/\",\"url\":\"https:\/\/dhg1h5j42swfq.cloudfront.net\/2025\/06\/03203428\/logo_concursos-1.jpg\",\"contentUrl\":\"https:\/\/dhg1h5j42swfq.cloudfront.net\/2025\/06\/03203428\/logo_concursos-1.jpg\",\"width\":230,\"height\":60,\"caption\":\"Estrat\u00e9gia Concursos\"},\"image\":{\"@id\":\"https:\/\/www.estrategiaconcursos.com.br\/blog\/#\/schema\/logo\/image\/\"},\"sameAs\":[\"https:\/\/x.com\/EstratConcursos\"]},{\"@type\":\"Person\",\"@id\":\"https:\/\/www.estrategiaconcursos.com.br\/blog\/#\/schema\/person\/e3b6b7ce0192dd4ad270655969d61750\",\"name\":\"F\u00e1bio Scaldelai\",\"image\":{\"@type\":\"ImageObject\",\"inLanguage\":\"pt-BR\",\"@id\":\"https:\/\/secure.gravatar.com\/avatar\/8ed7492c4d88d8495bc0cb24cda6847b8ae23eec459a919e08e77d0ca0fd79ec?s=96&d=mm&r=g\",\"url\":\"https:\/\/secure.gravatar.com\/avatar\/8ed7492c4d88d8495bc0cb24cda6847b8ae23eec459a919e08e77d0ca0fd79ec?s=96&d=mm&r=g\",\"contentUrl\":\"https:\/\/secure.gravatar.com\/avatar\/8ed7492c4d88d8495bc0cb24cda6847b8ae23eec459a919e08e77d0ca0fd79ec?s=96&d=mm&r=g\",\"caption\":\"F\u00e1bio Scaldelai\"},\"description\":\"Jornalista no Estrat\u00e9gia Concursos e Produtor de Televis\u00e3o, formado em Jornalismo, R\u00e1dio e TV pela Faculdade Integrada Rio Branco, com especializa\u00e7\u00f5es em Gest\u00e3o Empresarial e Marketing pelo M\u00f3dulo. Atuou como produtor no SBT, TV Bandeirantes e R\u00e1dio Band FM, al\u00e9m de acumular tr\u00eas anos de experi\u00eancia no setor de concursos p\u00fablicos pela LFG (Luiz Fl\u00e1vio Gomes). No Estrat\u00e9gia Concursos, atua na apura\u00e7\u00e3o de not\u00edcias da \u00e1rea fiscal, al\u00e9m de coberturas sobre concursos das \u00e1reas de controle (TCU, TCE, etc), concurso AFT, \u00e1rea de gest\u00e3o e administrativa, bem como dos \u00f3rg\u00e3os participantes do CNU. Tamb\u00e9m possui experi\u00eancia em link building e an\u00e1lise de m\u00eddia, adquirida durante sua atua\u00e7\u00e3o na ag\u00eancia SEO Marketing.\",\"url\":\"https:\/\/www.estrategiaconcursos.com.br\/blog\/author\/fabio-scaldelaiestrategiaconcursos-com-br\/\"}]}<\/script>\n<!-- \/ Yoast SEO Premium plugin. -->","yoast_head_json":{"title":"Concurso EPPGG: pedido com 30 vagas \u00e9 encaminhado ao ME","description":"Concurso EPPGG: presidente do CADE encaminha pedido com 30 vagas para exerc\u00edcio no \u00f3rg\u00e3o. Acesse e saiba mais!","robots":{"index":"index","follow":"follow","max-snippet":"max-snippet:-1","max-image-preview":"max-image-preview:large","max-video-preview":"max-video-preview:-1"},"canonical":"https:\/\/www.estrategiaconcursos.com.br\/blog\/concurso-eppgg-pedido\/","og_locale":"pt_BR","og_type":"article","og_title":"Concurso EPPGG: pedido com 30 vagas \u00e9 encaminhado ao ME","og_description":"Concurso EPPGG: presidente do CADE encaminha pedido com 30 vagas para exerc\u00edcio no \u00f3rg\u00e3o. Acesse e saiba mais!","og_url":"https:\/\/www.estrategiaconcursos.com.br\/blog\/concurso-eppgg-pedido\/","og_site_name":"Estrat\u00e9gia Concursos","article_published_time":"2022-05-25T17:30:01+00:00","article_modified_time":"2022-05-25T20:04:34+00:00","og_image":[{"width":768,"height":432,"url":"https:\/\/dhg1h5j42swfq.cloudfront.net\/2022\/04\/07114532\/eppgg.jpg","type":"image\/jpeg"}],"author":"F\u00e1bio Scaldelai","twitter_card":"summary_large_image","twitter_creator":"@EstratConcursos","twitter_site":"@EstratConcursos","twitter_misc":{"Escrito por":"F\u00e1bio Scaldelai","Est. tempo de leitura":"3 minutos"},"schema":{"@context":"https:\/\/schema.org","@graph":[{"@type":"NewsArticle","@id":"https:\/\/www.estrategiaconcursos.com.br\/blog\/concurso-eppgg-pedido\/#article","isPartOf":{"@id":"https:\/\/www.estrategiaconcursos.com.br\/blog\/concurso-eppgg-pedido\/"},"author":{"name":"F\u00e1bio Scaldelai","@id":"https:\/\/www.estrategiaconcursos.com.br\/blog\/#\/schema\/person\/e3b6b7ce0192dd4ad270655969d61750"},"headline":"Concurso EPPGG: pedido com 30 vagas \u00e9 encaminhado ao ME","datePublished":"2022-05-25T17:30:01+00:00","dateModified":"2022-05-25T20:04:34+00:00","mainEntityOfPage":{"@id":"https:\/\/www.estrategiaconcursos.com.br\/blog\/concurso-eppgg-pedido\/"},"wordCount":539,"commentCount":0,"publisher":{"@id":"https:\/\/www.estrategiaconcursos.com.br\/blog\/#organization"},"image":{"@id":"https:\/\/www.estrategiaconcursos.com.br\/blog\/concurso-eppgg-pedido\/#primaryimage"},"thumbnailUrl":"https:\/\/dhg1h5j42swfq.cloudfront.net\/2022\/04\/07114532\/eppgg.jpg","articleSection":["Executivo (Administrativa)","\u00daltimas not\u00edcias"],"inLanguage":"pt-BR","potentialAction":[{"@type":"CommentAction","name":"Comment","target":["https:\/\/www.estrategiaconcursos.com.br\/blog\/concurso-eppgg-pedido\/#respond"]}],"copyrightYear":"2022","copyrightHolder":{"@id":"https:\/\/www.estrategiaconcursos.com.br\/blog\/#organization"}},{"@type":"WebPage","@id":"https:\/\/www.estrategiaconcursos.com.br\/blog\/concurso-eppgg-pedido\/","url":"https:\/\/www.estrategiaconcursos.com.br\/blog\/concurso-eppgg-pedido\/","name":"Concurso EPPGG: pedido com 30 vagas \u00e9 encaminhado ao ME","isPartOf":{"@id":"https:\/\/www.estrategiaconcursos.com.br\/blog\/#website"},"primaryImageOfPage":{"@id":"https:\/\/www.estrategiaconcursos.com.br\/blog\/concurso-eppgg-pedido\/#primaryimage"},"image":{"@id":"https:\/\/www.estrategiaconcursos.com.br\/blog\/concurso-eppgg-pedido\/#primaryimage"},"thumbnailUrl":"https:\/\/dhg1h5j42swfq.cloudfront.net\/2022\/04\/07114532\/eppgg.jpg","datePublished":"2022-05-25T17:30:01+00:00","dateModified":"2022-05-25T20:04:34+00:00","description":"Concurso EPPGG: presidente do CADE encaminha pedido com 30 vagas para exerc\u00edcio no \u00f3rg\u00e3o. Acesse e saiba mais!","breadcrumb":{"@id":"https:\/\/www.estrategiaconcursos.com.br\/blog\/concurso-eppgg-pedido\/#breadcrumb"},"inLanguage":"pt-BR","potentialAction":[{"@type":"ReadAction","target":["https:\/\/www.estrategiaconcursos.com.br\/blog\/concurso-eppgg-pedido\/"]}]},{"@type":"ImageObject","inLanguage":"pt-BR","@id":"https:\/\/www.estrategiaconcursos.com.br\/blog\/concurso-eppgg-pedido\/#primaryimage","url":"https:\/\/dhg1h5j42swfq.cloudfront.net\/2022\/04\/07114532\/eppgg.jpg","contentUrl":"https:\/\/dhg1h5j42swfq.cloudfront.net\/2022\/04\/07114532\/eppgg.jpg","width":768,"height":432,"caption":"Edital EPPGG concurso unificado"},{"@type":"BreadcrumbList","@id":"https:\/\/www.estrategiaconcursos.com.br\/blog\/concurso-eppgg-pedido\/#breadcrumb","itemListElement":[{"@type":"ListItem","position":1,"name":"In\u00edcio","item":"https:\/\/www.estrategiaconcursos.com.br\/blog\/"},{"@type":"ListItem","position":2,"name":"Concurso EPPGG: pedido com 30 vagas \u00e9 encaminhado ao ME"}]},{"@type":"WebSite","@id":"https:\/\/www.estrategiaconcursos.com.br\/blog\/#website","url":"https:\/\/www.estrategiaconcursos.com.br\/blog\/","name":"Estrat\u00e9gia Concursos","description":"O blog da Estrat\u00e9gia Concursos traz not\u00edcias sobre concursos e artigos de professores oferecendo cursos para concursos (pdf + videaulas) no site.","publisher":{"@id":"https:\/\/www.estrategiaconcursos.com.br\/blog\/#organization"},"potentialAction":[{"@type":"SearchAction","target":{"@type":"EntryPoint","urlTemplate":"https:\/\/www.estrategiaconcursos.com.br\/blog\/?s={search_term_string}"},"query-input":{"@type":"PropertyValueSpecification","valueRequired":true,"valueName":"search_term_string"}}],"inLanguage":"pt-BR"},{"@type":"Organization","@id":"https:\/\/www.estrategiaconcursos.com.br\/blog\/#organization","name":"Estrat\u00e9gia Concursos","url":"https:\/\/www.estrategiaconcursos.com.br\/blog\/","logo":{"@type":"ImageObject","inLanguage":"pt-BR","@id":"https:\/\/www.estrategiaconcursos.com.br\/blog\/#\/schema\/logo\/image\/","url":"https:\/\/dhg1h5j42swfq.cloudfront.net\/2025\/06\/03203428\/logo_concursos-1.jpg","contentUrl":"https:\/\/dhg1h5j42swfq.cloudfront.net\/2025\/06\/03203428\/logo_concursos-1.jpg","width":230,"height":60,"caption":"Estrat\u00e9gia Concursos"},"image":{"@id":"https:\/\/www.estrategiaconcursos.com.br\/blog\/#\/schema\/logo\/image\/"},"sameAs":["https:\/\/x.com\/EstratConcursos"]},{"@type":"Person","@id":"https:\/\/www.estrategiaconcursos.com.br\/blog\/#\/schema\/person\/e3b6b7ce0192dd4ad270655969d61750","name":"F\u00e1bio Scaldelai","image":{"@type":"ImageObject","inLanguage":"pt-BR","@id":"https:\/\/secure.gravatar.com\/avatar\/8ed7492c4d88d8495bc0cb24cda6847b8ae23eec459a919e08e77d0ca0fd79ec?s=96&d=mm&r=g","url":"https:\/\/secure.gravatar.com\/avatar\/8ed7492c4d88d8495bc0cb24cda6847b8ae23eec459a919e08e77d0ca0fd79ec?s=96&d=mm&r=g","contentUrl":"https:\/\/secure.gravatar.com\/avatar\/8ed7492c4d88d8495bc0cb24cda6847b8ae23eec459a919e08e77d0ca0fd79ec?s=96&d=mm&r=g","caption":"F\u00e1bio Scaldelai"},"description":"Jornalista no Estrat\u00e9gia Concursos e Produtor de Televis\u00e3o, formado em Jornalismo, R\u00e1dio e TV pela Faculdade Integrada Rio Branco, com especializa\u00e7\u00f5es em Gest\u00e3o Empresarial e Marketing pelo M\u00f3dulo. Atuou como produtor no SBT, TV Bandeirantes e R\u00e1dio Band FM, al\u00e9m de acumular tr\u00eas anos de experi\u00eancia no setor de concursos p\u00fablicos pela LFG (Luiz Fl\u00e1vio Gomes). No Estrat\u00e9gia Concursos, atua na apura\u00e7\u00e3o de not\u00edcias da \u00e1rea fiscal, al\u00e9m de coberturas sobre concursos das \u00e1reas de controle (TCU, TCE, etc), concurso AFT, \u00e1rea de gest\u00e3o e administrativa, bem como dos \u00f3rg\u00e3os participantes do CNU. Tamb\u00e9m possui experi\u00eancia em link building e an\u00e1lise de m\u00eddia, adquirida durante sua atua\u00e7\u00e3o na ag\u00eancia SEO Marketing.","url":"https:\/\/www.estrategiaconcursos.com.br\/blog\/author\/fabio-scaldelaiestrategiaconcursos-com-br\/"}]}},"_links":{"self":[{"href":"https:\/\/www.estrategiaconcursos.com.br\/blog\/wp-json\/wp\/v2\/posts\/1034034","targetHints":{"allow":["GET"]}}],"collection":[{"href":"https:\/\/www.estrategiaconcursos.com.br\/blog\/wp-json\/wp\/v2\/posts"}],"about":[{"href":"https:\/\/www.estrategiaconcursos.com.br\/blog\/wp-json\/wp\/v2\/types\/post"}],"author":[{"embeddable":true,"href":"https:\/\/www.estrategiaconcursos.com.br\/blog\/wp-json\/wp\/v2\/users\/656"}],"replies":[{"embeddable":true,"href":"https:\/\/www.estrategiaconcursos.com.br\/blog\/wp-json\/wp\/v2\/comments?post=1034034"}],"version-history":[{"count":16,"href":"https:\/\/www.estrategiaconcursos.com.br\/blog\/wp-json\/wp\/v2\/posts\/1034034\/revisions"}],"predecessor-version":[{"id":1034303,"href":"https:\/\/www.estrategiaconcursos.com.br\/blog\/wp-json\/wp\/v2\/posts\/1034034\/revisions\/1034303"}],"wp:featuredmedia":[{"embeddable":true,"href":"https:\/\/www.estrategiaconcursos.com.br\/blog\/wp-json\/wp\/v2\/media\/1004024"}],"wp:attachment":[{"href":"https:\/\/www.estrategiaconcursos.com.br\/blog\/wp-json\/wp\/v2\/media?parent=1034034"}],"wp:term":[{"taxonomy":"category","embeddable":true,"href":"https:\/\/www.estrategiaconcursos.com.br\/blog\/wp-json\/wp\/v2\/categories?post=1034034"},{"taxonomy":"post_tag","embeddable":true,"href":"https:\/\/www.estrategiaconcursos.com.br\/blog\/wp-json\/wp\/v2\/tags?post=1034034"},{"taxonomy":"tax_estado","embeddable":true,"href":"https:\/\/www.estrategiaconcursos.com.br\/blog\/wp-json\/wp\/v2\/tax_estado?post=1034034"}],"curies":[{"name":"wp","href":"https:\/\/api.w.org\/{rel}","templated":true}]}}