{"id":1034011,"date":"2022-07-25T16:11:00","date_gmt":"2022-07-25T19:11:00","guid":{"rendered":"https:\/\/www.estrategiaconcursos.com.br\/blog\/?p=1034011"},"modified":"2022-07-25T16:22:12","modified_gmt":"2022-07-25T19:22:12","slug":"concurso-trt-mg-ultima-prova","status":"publish","type":"post","link":"https:\/\/www.estrategiaconcursos.com.br\/blog\/concurso-trt-mg-ultima-prova\/","title":{"rendered":"Concurso TRT MG: veja como foi a \u00faltima prova"},"content":{"rendered":"\n<p>Com a Fumarc definida como banca organizadora, o concurso do <a href=\"https:\/\/www.estrategiaconcursos.com.br\/cursosPorConcurso\/trts-cursos-regulares-62\/\" target=\"_blank\" rel=\"noreferrer noopener\">Tribunal Regional do Trabalho da 3\u00aa Regi\u00e3o (<strong>TRT MG<\/strong>)<\/a> deve ter novo edital publicado at\u00e9 agosto.<\/p>\n\n\n\n<p>O edital ter\u00e1 a oferta de vagas para as carreiras de t\u00e9cnico e analista judici\u00e1rio, com grandes perspectivas de nomea\u00e7\u00f5es.<\/p>\n\n\n\n<p>Neste artigo voc\u00ea poder\u00e1 conferir todos os <a href=\"https:\/\/portal.trt3.jus.br\/internet\/institucional\/corregedoria\/downloads\/editais\" target=\"_blank\" rel=\"noreferrer noopener\">detalhes<\/a> da<strong> \u00faltima prova do concurso TRT MG<\/strong>, isso porque o \u00faltimo edital, publicado em 2015, \u00e9 a base para a sua prepara\u00e7\u00e3o antecipada.<\/p>\n\n\n\n<p>Antes de conferir os detalhes da <strong>\u00faltima prova do concurso TRT MG<\/strong>, veja o material de estudos exclusivamente voltado para os<strong> editais de TRT<\/strong> desenvolvido pelo Estrat\u00e9gia Concursos:<\/p>\n\n\n\n<div class=\"container\" id=\"boxes\">\n  <div class=\"row\">\n\n    <div class=\"col-sm\">\n      <div class=\"banner-tribunal\" id=\"box-assinatura\">\n        <h3 class=\"titulo-assinatura\">Curso TRT MG<\/h3>\n        <p class=\"subtitulo-assinatura\">Conhe\u00e7a os cursos<\/p>\n        <div class=\"box-botao\">\n          <a class=\"btn-assinatura\" target=\"_blank\" href=\"https:\/\/www.estrategiaconcursos.com.br\/cursosPorConcurso\/trts-cursos-regulares-62\/\" role=\"button\" rel=\"noopener noreferrer\">Conhe\u00e7a mais<\/a>\n        <\/div>\n      <\/div>\n      <p class=\"texto-auxiliar\">Prepare-se com o melhor material e com quem mais aprova em Concursos P\u00fablicos em todo o pa\u00eds.<\/p>\n    <\/div>\n\n  <\/div>\n<\/div>\n\n\n\n<h2 class=\"wp-block-heading\" id=\"h-questoes-da-ultima-prova-do-concurso-trt-mg-analista\">Quest\u00f5es da \u00faltima prova do concurso TRT MG &#8211; <a href=\"https:\/\/www.estrategiaconcursos.com.br\/cursosPorConcurso\/trts-cursos-regulares-62\/\" target=\"_blank\" rel=\"noreferrer noopener\">Analista<\/a><\/h2>\n\n\n\n<p>Para a prova de <strong>Analista Judici\u00e1rio Administrativo do concurso do TRT MG<\/strong> foram exigidas as seguintes disciplinas e quest\u00f5es: <\/p>\n\n\n\n<figure class=\"wp-block-table is-style-stripes\"><table class=\"has-light-green-cyan-to-vivid-green-cyan-gradient-background has-background has-fixed-layout\"><thead><tr><th class=\"has-text-align-center\" data-align=\"center\">Disciplina<\/th><th class=\"has-text-align-center\" data-align=\"center\">N\u00ba de quest\u00f5es <\/th><\/tr><\/thead><tbody><tr><td class=\"has-text-align-center\" data-align=\"center\"><strong>Administra\u00e7\u00e3o Geral e P\u00fablica<\/strong><\/td><td class=\"has-text-align-center\" data-align=\"center\"><strong>15<\/strong><\/td><\/tr><tr><td class=\"has-text-align-center\" data-align=\"center\">Teorias Administrativas<\/td><td class=\"has-text-align-center\" data-align=\"center\">1<\/td><\/tr><tr><td class=\"has-text-align-center\" data-align=\"center\">A reforma burocr\u00e1tica no Brasil<\/td><td class=\"has-text-align-center\" data-align=\"center\">1<\/td><\/tr><tr><td class=\"has-text-align-center\" data-align=\"center\">Matriz SWOT<\/td><td class=\"has-text-align-center\" data-align=\"center\">1<\/td><\/tr><tr><td class=\"has-text-align-center\" data-align=\"center\">Balanced Scorecard (BSC)<\/td><td class=\"has-text-align-center\" data-align=\"center\">1<\/td><\/tr><tr><td class=\"has-text-align-center\" data-align=\"center\">Processo de Organiza\u00e7\u00e3o<\/td><td class=\"has-text-align-center\" data-align=\"center\">1<\/td><\/tr><tr><td class=\"has-text-align-center\" data-align=\"center\">Clima Organizacional<\/td><td class=\"has-text-align-center\" data-align=\"center\">1<\/td><\/tr><tr><td class=\"has-text-align-center\" data-align=\"center\">Comunica\u00e7\u00e3o<\/td><td class=\"has-text-align-center\" data-align=\"center\">2<\/td><\/tr><tr><td class=\"has-text-align-center\" data-align=\"center\">Gest\u00e3o por Processos<\/td><td class=\"has-text-align-center\" data-align=\"center\">1<\/td><\/tr><tr><td class=\"has-text-align-center\" data-align=\"center\">Gest\u00e3o de Projetos (PMBOK)<\/td><td class=\"has-text-align-center\" data-align=\"center\">1<\/td><\/tr><tr><td class=\"has-text-align-center\" data-align=\"center\">Gest\u00e3o da Qualidade<\/td><td class=\"has-text-align-center\" data-align=\"center\">1<\/td><\/tr><tr><td class=\"has-text-align-center\" data-align=\"center\">Gest\u00e3o de Pessoas<\/td><td class=\"has-text-align-center\" data-align=\"center\">3<\/td><\/tr><tr><td class=\"has-text-align-center\" data-align=\"center\">Gest\u00e3o por Compet\u00eancias<\/td><td class=\"has-text-align-center\" data-align=\"center\">1<\/td><\/tr><tr><td class=\"has-text-align-center\" data-align=\"center\">Outros Temas<\/td><td class=\"has-text-align-center\" data-align=\"center\">1<\/td><\/tr><tr><td class=\"has-text-align-center\" data-align=\"center\"><strong>AFO, Direito Financeiro e Contabilidade P\u00fablica<\/strong><\/td><td class=\"has-text-align-center\" data-align=\"center\"><strong>8<\/strong><\/td><\/tr><tr><td class=\"has-text-align-center\" data-align=\"center\">Princ\u00edpios Or\u00e7ament\u00e1rios<\/td><td class=\"has-text-align-center\" data-align=\"center\">1<\/td><\/tr><tr><td class=\"has-text-align-center\" data-align=\"center\">Cr\u00e9ditos Adicionais<\/td><td class=\"has-text-align-center\" data-align=\"center\">1<\/td><\/tr><tr><td class=\"has-text-align-center\" data-align=\"center\">Receita P\u00fablica (AFO e CPU)<\/td><td class=\"has-text-align-center\" data-align=\"center\">1<\/td><\/tr><tr><td class=\"has-text-align-center\" data-align=\"center\">Despesa P\u00fablica (AFO e CPU)<\/td><td class=\"has-text-align-center\" data-align=\"center\">3<\/td><\/tr><tr><td class=\"has-text-align-center\" data-align=\"center\">Lei de Responsabilidade Fiscal<\/td><td class=\"has-text-align-center\" data-align=\"center\">2<\/td><\/tr><tr><td class=\"has-text-align-center\" data-align=\"center\"><strong>Direito Administrativo<\/strong><\/td><td class=\"has-text-align-center\" data-align=\"center\"><strong>8<\/strong><\/td><\/tr><tr><td class=\"has-text-align-center\" data-align=\"center\">Parceria P\u00fablico-Privada (PPP) (Lei 11.079\/2004)<\/td><td class=\"has-text-align-center\" data-align=\"center\">1<\/td><\/tr><tr><td class=\"has-text-align-center\" data-align=\"center\">Agentes P\u00fablicos<\/td><td class=\"has-text-align-center\" data-align=\"center\">2<\/td><\/tr><tr><td class=\"has-text-align-center\" data-align=\"center\">Improbidade Administrativa \u2013 Lei n\u00ba 8.429\/1992<\/td><td class=\"has-text-align-center\" data-align=\"center\">1<\/td><\/tr><tr><td class=\"has-text-align-center\" data-align=\"center\">Licita\u00e7\u00f5es e Contratos \u2013 Lei n\u00ba 8.666\/1993<\/td><td class=\"has-text-align-center\" data-align=\"center\">2<\/td><\/tr><tr><td class=\"has-text-align-center\" data-align=\"center\">Preg\u00e3o<\/td><td class=\"has-text-align-center\" data-align=\"center\">1<\/td><\/tr><tr><td class=\"has-text-align-center\" data-align=\"center\">Servid\u00f5es Administrativas<\/td><td class=\"has-text-align-center\" data-align=\"center\">1<\/td><\/tr><tr><td class=\"has-text-align-center\" data-align=\"center\"><strong>Direito Constitucional<\/strong><\/td><td class=\"has-text-align-center\" data-align=\"center\"><strong>8<\/strong><\/td><\/tr><tr><td class=\"has-text-align-center\" data-align=\"center\">Efic\u00e1cia das Normas Constitucionais<\/td><td class=\"has-text-align-center\" data-align=\"center\">1<\/td><\/tr><tr><td class=\"has-text-align-center\" data-align=\"center\">Dos Princ\u00edpios Fundamentais da Constitui\u00e7\u00e3o<\/td><td class=\"has-text-align-center\" data-align=\"center\">1<\/td><\/tr><tr><td class=\"has-text-align-center\" data-align=\"center\">Dos Direitos e Garantias Fundamentais (a<\/td><td class=\"has-text-align-center\" data-align=\"center\">1<\/td><\/tr><tr><td class=\"has-text-align-center\" data-align=\"center\">Da Organiza\u00e7\u00e3o Pol\u00edtico-administrativa<\/td><td class=\"has-text-align-center\" data-align=\"center\">1<\/td><\/tr><tr><td class=\"has-text-align-center\" data-align=\"center\">Administra\u00e7\u00e3o P\u00fablica (arts. 37 a 43 da CF\/1988)<\/td><td class=\"has-text-align-center\" data-align=\"center\">1<\/td><\/tr><tr><td class=\"has-text-align-center\" data-align=\"center\">Do Poder Legislativo (arts. 44 a 75 da CF\/1988)<\/td><td class=\"has-text-align-center\" data-align=\"center\">1<\/td><\/tr><tr><td class=\"has-text-align-center\" data-align=\"center\">Do Poder Executivo (arts. 76 a 91 da CF\/1988)<\/td><td class=\"has-text-align-center\" data-align=\"center\">1<\/td><\/tr><tr><td class=\"has-text-align-center\" data-align=\"center\">Fun\u00e7\u00f5es Essenciais \u00e0 Justi\u00e7a<\/td><td class=\"has-text-align-center\" data-align=\"center\">1<\/td><\/tr><tr><td class=\"has-text-align-center\" data-align=\"center\"><strong>Legisla\u00e7\u00e3o Espec\u00edfica dos Tribunais Federais<\/strong><\/td><td class=\"has-text-align-center\" data-align=\"center\"><strong>5<\/strong><\/td><\/tr><tr><td class=\"has-text-align-center\" data-align=\"center\">Regimento Interno do TRT 3 (MG)<\/td><td class=\"has-text-align-center\" data-align=\"center\">5<\/td><\/tr><tr><td class=\"has-text-align-center\" data-align=\"center\"><strong>Portugu\u00eas<\/strong><\/td><td class=\"has-text-align-center\" data-align=\"center\"><strong>15<\/strong><\/td><\/tr><tr><td class=\"has-text-align-center\" data-align=\"center\">Sem\u00e2ntica<\/td><td class=\"has-text-align-center\" data-align=\"center\">2<\/td><\/tr><tr><td class=\"has-text-align-center\" data-align=\"center\">Pontua\u00e7\u00e3o<\/td><td class=\"has-text-align-center\" data-align=\"center\">1<\/td><\/tr><tr><td class=\"has-text-align-center\" data-align=\"center\">Concord\u00e2ncia (Verbal e Nominal)<\/td><td class=\"has-text-align-center\" data-align=\"center\">1<\/td><\/tr><tr><td class=\"has-text-align-center\" data-align=\"center\">Interpreta\u00e7\u00e3o de Textos (compreens\u00e3o)<\/td><td class=\"has-text-align-center\" data-align=\"center\">5<\/td><\/tr><tr><td class=\"has-text-align-center\" data-align=\"center\">Reescrita de Frases.<\/td><td class=\"has-text-align-center\" data-align=\"center\">1<\/td><\/tr><tr><td class=\"has-text-align-center\" data-align=\"center\">Clareza e Corre\u00e7\u00e3o<\/td><td class=\"has-text-align-center\" data-align=\"center\">1<\/td><\/tr><tr><td class=\"has-text-align-center\" data-align=\"center\">Quest\u00f5es mescladas<\/td><td class=\"has-text-align-center\" data-align=\"center\">4<\/td><\/tr><\/tbody><\/table><figcaption>Estrutura da \u00faltima prova do concurso TRT MG &#8211; analista judici\u00e1rio <\/figcaption><\/figure>\n\n\n\n<h2 class=\"wp-block-heading\" id=\"questoes-da-ultima-prova-do-concurso-trt-mg-tecnico\">Quest\u00f5es da \u00faltima prova do concurso TRT MG &#8211; <a href=\"https:\/\/www.estrategiaconcursos.com.br\/cursosPorConcurso\/trts-cursos-regulares-62\/\" target=\"_blank\" rel=\"noreferrer noopener\">T\u00e9cnico<\/a><\/h2>\n\n\n\n<p>J\u00e1 a prova para <strong>T\u00e9cnico judici\u00e1rio administrativo <\/strong>foi composta pelas seguintes disciplinas:<\/p>\n\n\n\n<figure class=\"wp-block-table is-style-stripes\"><table class=\"has-light-green-cyan-to-vivid-green-cyan-gradient-background has-background has-fixed-layout\"><thead><tr><th class=\"has-text-align-center\" data-align=\"center\">Disciplina<\/th><th class=\"has-text-align-center\" data-align=\"center\">N\u00ba de quest\u00f5es <\/th><\/tr><\/thead><tbody><tr><td class=\"has-text-align-center\" data-align=\"center\"><strong>Portugu\u00eas <\/strong><\/td><td class=\"has-text-align-center\" data-align=\"center\"><strong>15<\/strong><\/td><\/tr><tr><td class=\"has-text-align-center\" data-align=\"center\">Pontua\u00e7\u00e3o<\/td><td class=\"has-text-align-center\" data-align=\"center\">1<\/td><\/tr><tr><td class=\"has-text-align-center\" data-align=\"center\">Interpreta\u00e7\u00e3o de Textos<\/td><td class=\"has-text-align-center\" data-align=\"center\">9<\/td><\/tr><tr><td class=\"has-text-align-center\" data-align=\"center\">Reda\u00e7\u00e3o &#8211; Reescritura de texto<\/td><td class=\"has-text-align-center\" data-align=\"center\">4<\/td><\/tr><tr><td class=\"has-text-align-center\" data-align=\"center\">Sintaxe<\/td><td class=\"has-text-align-center\" data-align=\"center\">2<\/td><\/tr><tr><td class=\"has-text-align-center\" data-align=\"center\">Termos essenciais da ora\u00e7\u00e3o: Sujeito e Predicado<\/td><td class=\"has-text-align-center\" data-align=\"center\">1<\/td><\/tr><tr><td class=\"has-text-align-center\" data-align=\"center\">Concord\u00e2ncia verbal, Concord\u00e2ncia nominal<\/td><td class=\"has-text-align-center\" data-align=\"center\">1<\/td><\/tr><tr><td class=\"has-text-align-center\" data-align=\"center\">Morfologia &#8211; Pronomes<\/td><td class=\"has-text-align-center\" data-align=\"center\">1<\/td><\/tr><tr><td class=\"has-text-align-center\" data-align=\"center\">Pronomes relativos<\/td><td class=\"has-text-align-center\" data-align=\"center\">1<\/td><\/tr><tr><td class=\"has-text-align-center\" data-align=\"center\">Morfologia &#8211; Verbos<\/td><td class=\"has-text-align-center\" data-align=\"center\">2<\/td><\/tr><tr><td class=\"has-text-align-center\" data-align=\"center\">Flex\u00e3o verbal de tempo (presente, pret\u00e9rito, futuro)<\/td><td class=\"has-text-align-center\" data-align=\"center\">1<\/td><\/tr><tr><td class=\"has-text-align-center\" data-align=\"center\">Flex\u00e3o de voz (ativa, passiva, reflexiva)<\/td><td class=\"has-text-align-center\" data-align=\"center\">3<\/td><\/tr><tr><td class=\"has-text-align-center\" data-align=\"center\">No\u00e7\u00f5es Gerais de Compreens\u00e3o e Interpreta\u00e7\u00e3o de Texto<\/td><td class=\"has-text-align-center\" data-align=\"center\">4<\/td><\/tr><tr><td class=\"has-text-align-center\" data-align=\"center\"><strong>Legisla\u00e7\u00e3o dos Tribunais do Trabalho<\/strong><\/td><td class=\"has-text-align-center\" data-align=\"center\"><strong>5<\/strong><\/td><\/tr><tr><td class=\"has-text-align-center\" data-align=\"center\">&nbsp;Tribunal Regional do Trabalho da 3\u00aa Regi\u00e3o &#8211; Minas Gerais<\/td><td class=\"has-text-align-center\" data-align=\"center\"><\/td><\/tr><tr><td class=\"has-text-align-center\" data-align=\"center\">Regimento Interno do Tribunal Regional do Trabalho da 3\u00aa Regi\u00e3o<\/td><td class=\"has-text-align-center\" data-align=\"center\"><\/td><\/tr><tr><td class=\"has-text-align-center\" data-align=\"center\"><strong>Direito Administrativo<\/strong><\/td><td class=\"has-text-align-center\" data-align=\"center\"><strong>10<\/strong><\/td><\/tr><tr><td class=\"has-text-align-center\" data-align=\"center\">Atos administrativos<\/td><td class=\"has-text-align-center\" data-align=\"center\">2<\/td><\/tr><tr><td class=\"has-text-align-center\" data-align=\"center\">Lei n\u00ba 8.112-1990 &#8211; Regime jur\u00eddico dos servidores p\u00fablicos federais<\/td><td class=\"has-text-align-center\" data-align=\"center\">1<\/td><\/tr><tr><td class=\"has-text-align-center\" data-align=\"center\">Organiza\u00e7\u00e3o da Administra\u00e7\u00e3o P\u00fablica<\/td><td class=\"has-text-align-center\" data-align=\"center\">2<\/td><\/tr><tr><td class=\"has-text-align-center\" data-align=\"center\">Agentes p\u00fablicos e Lei 8.112 de 1990<\/td><td class=\"has-text-align-center\" data-align=\"center\">4<\/td><\/tr><tr><td class=\"has-text-align-center\" data-align=\"center\">Servi\u00e7os P\u00fablicos<\/td><td class=\"has-text-align-center\" data-align=\"center\">1<\/td><\/tr><tr><td class=\"has-text-align-center\" data-align=\"center\">Regime jur\u00eddico administrativo<\/td><td class=\"has-text-align-center\" data-align=\"center\">1<\/td><\/tr><tr><td class=\"has-text-align-center\" data-align=\"center\">&nbsp;Empresas P\u00fablicas e Sociedades de Economia Mista<\/td><td class=\"has-text-align-center\" data-align=\"center\">1<\/td><\/tr><tr><td class=\"has-text-align-center\" data-align=\"center\">Provimento e vac\u00e2ncia<\/td><td class=\"has-text-align-center\" data-align=\"center\">1<\/td><\/tr><tr><td class=\"has-text-align-center\" data-align=\"center\">Responsabilidades do servidor<\/td><td class=\"has-text-align-center\" data-align=\"center\">2<\/td><\/tr><tr><td class=\"has-text-align-center\" data-align=\"center\"><\/td><td class=\"has-text-align-center\" data-align=\"center\">1<\/td><\/tr><tr><td class=\"has-text-align-center\" data-align=\"center\">Princ\u00edpios dos Servi\u00e7os P\u00fablicos<\/td><td class=\"has-text-align-center\" data-align=\"center\">1<\/td><\/tr><tr><td class=\"has-text-align-center\" data-align=\"center\">Requisitos do ato administrativo \u2013 compet\u00eancia, finalidade, forma, motivo e objeto<\/td><td class=\"has-text-align-center\" data-align=\"center\">1<\/td><\/tr><tr><td class=\"has-text-align-center\" data-align=\"center\">Princ\u00edpios &#8211; Legalidade, Impessoalidade, Moralidade, Publicidade e Efici\u00eancia<\/td><td class=\"has-text-align-center\" data-align=\"center\">1<\/td><\/tr><tr><td class=\"has-text-align-center\" data-align=\"center\">Desconcentra\u00e7\u00e3o e Descentraliza\u00e7\u00e3o Administrativa<\/td><td class=\"has-text-align-center\" data-align=\"center\">1<\/td><\/tr><tr><td class=\"has-text-align-center\" data-align=\"center\"><strong>Direito Constitucional<\/strong><\/td><td class=\"has-text-align-center\" data-align=\"center\"><strong>11<\/strong><\/td><\/tr><tr><td class=\"has-text-align-center\" data-align=\"center\">Direitos Sociais<\/td><td class=\"has-text-align-center\" data-align=\"center\">3<\/td><\/tr><tr><td class=\"has-text-align-center\" data-align=\"center\">Poder Legislativo<\/td><td class=\"has-text-align-center\" data-align=\"center\">1<\/td><\/tr><tr><td class=\"has-text-align-center\" data-align=\"center\">&nbsp;Administra\u00e7\u00e3o P\u00fablica \u2013 Disposi\u00e7\u00f5es Gerais e Servidores P\u00fablicos<\/td><td class=\"has-text-align-center\" data-align=\"center\">3<\/td><\/tr><tr><td class=\"has-text-align-center\" data-align=\"center\">Organiza\u00e7\u00e3o do Estado \u2013 Munic\u00edpios<\/td><td class=\"has-text-align-center\" data-align=\"center\">1<\/td><\/tr><tr><td class=\"has-text-align-center\" data-align=\"center\">Organiza\u00e7\u00e3o Pol\u00edtico-Administrativa do Estado<\/td><td class=\"has-text-align-center\" data-align=\"center\">2<\/td><\/tr><tr><td class=\"has-text-align-center\" data-align=\"center\">Tribunais Regionais do Trabalho e Ju\u00edzes do Trabalho<\/td><td class=\"has-text-align-center\" data-align=\"center\">1<\/td><\/tr><tr><td class=\"has-text-align-center\" data-align=\"center\">Reparti\u00e7\u00e3o de Compet\u00eancias Constitucionais<\/td><td class=\"has-text-align-center\" data-align=\"center\">1<\/td><\/tr><tr><td class=\"has-text-align-center\" data-align=\"center\">Poder Judici\u00e1rio<\/td><td class=\"has-text-align-center\" data-align=\"center\">1<\/td><\/tr><tr><td class=\"has-text-align-center\" data-align=\"center\">Organiza\u00e7\u00e3o do Poder Judici\u00e1rio<\/td><td class=\"has-text-align-center\" data-align=\"center\">1<\/td><\/tr><tr><td class=\"has-text-align-center\" data-align=\"center\">Servidores P\u00fablicos<\/td><td class=\"has-text-align-center\" data-align=\"center\">2<\/td><\/tr><tr><td class=\"has-text-align-center\" data-align=\"center\">Disposi\u00e7\u00f5es Gerais na Administra\u00e7\u00e3o P\u00fablica<\/td><td class=\"has-text-align-center\" data-align=\"center\">2<\/td><\/tr><tr><td class=\"has-text-align-center\" data-align=\"center\">C\u00e2mara dos Deputados<\/td><td class=\"has-text-align-center\" data-align=\"center\">1<\/td><\/tr><tr><td class=\"has-text-align-center\" data-align=\"center\">Senado Federal<\/td><td class=\"has-text-align-center\" data-align=\"center\">1<\/td><\/tr><tr><td class=\"has-text-align-center\" data-align=\"center\">Garantias do Poder Judici\u00e1rio e de seus Membros<\/td><td class=\"has-text-align-center\" data-align=\"center\">1<\/td><\/tr><tr><td class=\"has-text-align-center\" data-align=\"center\"><strong>Direito do Trabalho<\/strong><\/td><td class=\"has-text-align-center\" data-align=\"center\"><strong>9<\/strong><\/td><\/tr><tr><td class=\"has-text-align-center\" data-align=\"center\"><strong>Direito Processual do Trabalho<\/strong><\/td><td class=\"has-text-align-center\" data-align=\"center\"><strong>9<\/strong><\/td><\/tr><\/tbody><\/table><figcaption>Estrutura da \u00faltima prova do concurso TRT MG &#8211; t\u00e9cnico judici\u00e1rio <\/figcaption><\/figure>\n\n\n\n<p>Veja todos os detalhes do \u00faltimo edital e da situa\u00e7\u00e3o atual do concurso TRT MG por meio do link abaixo:<\/p>\n\n\n\n<p class=\"has-text-align-center has-pale-cyan-blue-background-color has-background has-medium-font-size\"><strong>Saiba mais: <a href=\"https:\/\/www.estrategiaconcursos.com.br\/blog\/concurso-trt-mg\/\" target=\"_blank\" rel=\"noreferrer noopener\">concurso TRT MG<\/a><\/strong><\/p>\n\n\n\n<h2 class=\"has-text-align-center wp-embed-aspect-16-9 wp-has-aspect-ratio wp-block-heading\" id=\"quer-estudar-para-o-concurso-trt-mg\"><strong><em>Quer estudar para o concurso TRT MG?<\/em><\/strong><\/h2>\n\n\n\n<div class=\"container\" id=\"boxes\">\n  <div class=\"row\">\n\n    <div class=\"col-sm\">\n      <div class=\"banner-tribunal\" id=\"box-assinatura\">\n        <h3 class=\"titulo-assinatura\">Curso TRT MG<\/h3>\n        <p class=\"subtitulo-assinatura\">Conhe\u00e7a os cursos<\/p>\n        <div class=\"box-botao\">\n          <a class=\"btn-assinatura\" target=\"_blank\" href=\"https:\/\/www.estrategiaconcursos.com.br\/cursosPorConcurso\/trts-cursos-regulares-62\/\" role=\"button\" rel=\"noopener noreferrer\">Conhe\u00e7a mais<\/a>\n        <\/div>\n      <\/div>\n      <p class=\"texto-auxiliar\">Prepare-se com o melhor material e com quem mais aprova em Concursos P\u00fablicos em todo o pa\u00eds.<\/p>\n    <\/div>\n\n  <\/div>\n<\/div>\n\n\n\n<div class=\"container\" id=\"boxes\">\n  <div class=\"row\">\n\n    <div class=\"col-sm\">\n      <div class=\"estrategia\" id=\"box-assinatura\">\n        <h3 class=\"titulo-assinatura\">Assinatura Concursos<\/h3>\n        <p class=\"subtitulo-assinatura\">Assinatura de 1 ano ou 2 anos<\/p>\n        <div class=\"box-botao\">\n          <a class=\"btn-assinatura\" target=\"_blank\" href=\"https:\/\/www.estrategiaconcursos.com.br\/assinaturas\/\" role=\"button\" rel=\"noopener noreferrer\">ASSINE AGORA<\/a>\n        <\/div>\n      <\/div>\n     \n    <\/div><\/div><\/div>\n\n\n","protected":false},"excerpt":{"rendered":"<p>Com a Fumarc definida como banca organizadora, o concurso do Tribunal Regional do Trabalho da 3\u00aa Regi\u00e3o (TRT MG) deve ter novo edital publicado at\u00e9 agosto. O edital ter\u00e1 a oferta de vagas para as carreiras de t\u00e9cnico e analista judici\u00e1rio, com grandes perspectivas de nomea\u00e7\u00f5es. Neste artigo voc\u00ea poder\u00e1 conferir todos os detalhes da [&hellip;]<\/p>\n","protected":false},"author":2319,"featured_media":1007949,"comment_status":"open","ping_status":"closed","sticky":false,"template":"","format":"standard","meta":{"post_tipo":"news","footnotes":""},"categories":[1984,220737,220219],"tags":[],"tax_estado":[219974],"class_list":["post-1034011","post","type-post","status-publish","format-standard","has-post-thumbnail","hentry","category-tribunais","category-tribunais-tribunais","category-noticias","tax_estado-mg"],"acf":[],"yoast_head":"<!-- This site is optimized with the Yoast SEO Premium plugin v27.2 (Yoast SEO v27.2) - https:\/\/yoast.com\/product\/yoast-seo-premium-wordpress\/ -->\n<title>Concurso TRT MG: veja como foi a \u00faltima prova<\/title>\n<meta name=\"description\" content=\"Neste artigo voc\u00ea poder\u00e1 conferir todos os detalhes da \u00faltima prova do concurso TRT MG. O edital j\u00e1 tem banca em defini\u00e7\u00e3o!\" \/>\n<meta name=\"robots\" content=\"index, follow, max-snippet:-1, max-image-preview:large, max-video-preview:-1\" \/>\n<link rel=\"canonical\" href=\"https:\/\/www.estrategiaconcursos.com.br\/blog\/concurso-trt-mg-ultima-prova\/\" \/>\n<meta property=\"og:locale\" content=\"pt_BR\" \/>\n<meta property=\"og:type\" content=\"article\" \/>\n<meta property=\"og:title\" content=\"Concurso TRT MG: veja como foi a \u00faltima prova\" \/>\n<meta property=\"og:description\" content=\"Neste artigo voc\u00ea poder\u00e1 conferir todos os detalhes da \u00faltima prova do concurso TRT MG. O edital j\u00e1 tem banca em defini\u00e7\u00e3o!\" \/>\n<meta property=\"og:url\" content=\"https:\/\/www.estrategiaconcursos.com.br\/blog\/concurso-trt-mg-ultima-prova\/\" \/>\n<meta property=\"og:site_name\" content=\"Estrat\u00e9gia Concursos\" \/>\n<meta property=\"article:published_time\" content=\"2022-07-25T19:11:00+00:00\" \/>\n<meta property=\"article:modified_time\" content=\"2022-07-25T19:22:12+00:00\" \/>\n<meta property=\"og:image\" content=\"https:\/\/dhg1h5j42swfq.cloudfront.net\/2022\/04\/13084511\/concurso-trt-mg-edital-autorizado.jpeg\" \/>\n\t<meta property=\"og:image:width\" content=\"150\" \/>\n\t<meta property=\"og:image:height\" content=\"150\" \/>\n\t<meta property=\"og:image:type\" content=\"image\/jpeg\" \/>\n<meta name=\"author\" content=\"Let\u00edcia Teixeira\" \/>\n<meta name=\"twitter:card\" content=\"summary_large_image\" \/>\n<meta name=\"twitter:creator\" content=\"@EstratConcursos\" \/>\n<meta name=\"twitter:site\" content=\"@EstratConcursos\" \/>\n<meta name=\"twitter:label1\" content=\"Escrito por\" \/>\n\t<meta name=\"twitter:data1\" content=\"Let\u00edcia Teixeira\" \/>\n\t<meta name=\"twitter:label2\" content=\"Est. tempo de leitura\" \/>\n\t<meta name=\"twitter:data2\" content=\"5 minutos\" \/>\n<script type=\"application\/ld+json\" class=\"yoast-schema-graph\">{\"@context\":\"https:\/\/schema.org\",\"@graph\":[{\"@type\":\"NewsArticle\",\"@id\":\"https:\/\/www.estrategiaconcursos.com.br\/blog\/concurso-trt-mg-ultima-prova\/#article\",\"isPartOf\":{\"@id\":\"https:\/\/www.estrategiaconcursos.com.br\/blog\/concurso-trt-mg-ultima-prova\/\"},\"author\":{\"name\":\"Let\u00edcia Teixeira\",\"@id\":\"https:\/\/www.estrategiaconcursos.com.br\/blog\/#\/schema\/person\/9b94727dcf4410f4a7931c83966c843b\"},\"headline\":\"Concurso TRT MG: veja como foi a \u00faltima prova\",\"datePublished\":\"2022-07-25T19:11:00+00:00\",\"dateModified\":\"2022-07-25T19:22:12+00:00\",\"mainEntityOfPage\":{\"@id\":\"https:\/\/www.estrategiaconcursos.com.br\/blog\/concurso-trt-mg-ultima-prova\/\"},\"wordCount\":773,\"commentCount\":0,\"publisher\":{\"@id\":\"https:\/\/www.estrategiaconcursos.com.br\/blog\/#organization\"},\"image\":{\"@id\":\"https:\/\/www.estrategiaconcursos.com.br\/blog\/concurso-trt-mg-ultima-prova\/#primaryimage\"},\"thumbnailUrl\":\"https:\/\/dhg1h5j42swfq.cloudfront.net\/2022\/04\/13084511\/concurso-trt-mg-edital-autorizado.jpeg\",\"articleSection\":[\"Tribunais\",\"Tribunais\",\"\u00daltimas not\u00edcias\"],\"inLanguage\":\"pt-BR\",\"potentialAction\":[{\"@type\":\"CommentAction\",\"name\":\"Comment\",\"target\":[\"https:\/\/www.estrategiaconcursos.com.br\/blog\/concurso-trt-mg-ultima-prova\/#respond\"]}],\"copyrightYear\":\"2022\",\"copyrightHolder\":{\"@id\":\"https:\/\/www.estrategiaconcursos.com.br\/blog\/#organization\"}},{\"@type\":\"WebPage\",\"@id\":\"https:\/\/www.estrategiaconcursos.com.br\/blog\/concurso-trt-mg-ultima-prova\/\",\"url\":\"https:\/\/www.estrategiaconcursos.com.br\/blog\/concurso-trt-mg-ultima-prova\/\",\"name\":\"Concurso TRT MG: veja como foi a \u00faltima prova\",\"isPartOf\":{\"@id\":\"https:\/\/www.estrategiaconcursos.com.br\/blog\/#website\"},\"primaryImageOfPage\":{\"@id\":\"https:\/\/www.estrategiaconcursos.com.br\/blog\/concurso-trt-mg-ultima-prova\/#primaryimage\"},\"image\":{\"@id\":\"https:\/\/www.estrategiaconcursos.com.br\/blog\/concurso-trt-mg-ultima-prova\/#primaryimage\"},\"thumbnailUrl\":\"https:\/\/dhg1h5j42swfq.cloudfront.net\/2022\/04\/13084511\/concurso-trt-mg-edital-autorizado.jpeg\",\"datePublished\":\"2022-07-25T19:11:00+00:00\",\"dateModified\":\"2022-07-25T19:22:12+00:00\",\"description\":\"Neste artigo voc\u00ea poder\u00e1 conferir todos os detalhes da \u00faltima prova do concurso TRT MG. O edital j\u00e1 tem banca em defini\u00e7\u00e3o!\",\"breadcrumb\":{\"@id\":\"https:\/\/www.estrategiaconcursos.com.br\/blog\/concurso-trt-mg-ultima-prova\/#breadcrumb\"},\"inLanguage\":\"pt-BR\",\"potentialAction\":[{\"@type\":\"ReadAction\",\"target\":[\"https:\/\/www.estrategiaconcursos.com.br\/blog\/concurso-trt-mg-ultima-prova\/\"]}]},{\"@type\":\"ImageObject\",\"inLanguage\":\"pt-BR\",\"@id\":\"https:\/\/www.estrategiaconcursos.com.br\/blog\/concurso-trt-mg-ultima-prova\/#primaryimage\",\"url\":\"https:\/\/dhg1h5j42swfq.cloudfront.net\/2022\/04\/13084511\/concurso-trt-mg-edital-autorizado.jpeg\",\"contentUrl\":\"https:\/\/dhg1h5j42swfq.cloudfront.net\/2022\/04\/13084511\/concurso-trt-mg-edital-autorizado.jpeg\",\"width\":150,\"height\":150,\"caption\":\"\u00faltima prova concurso TRT MG\"},{\"@type\":\"BreadcrumbList\",\"@id\":\"https:\/\/www.estrategiaconcursos.com.br\/blog\/concurso-trt-mg-ultima-prova\/#breadcrumb\",\"itemListElement\":[{\"@type\":\"ListItem\",\"position\":1,\"name\":\"In\u00edcio\",\"item\":\"https:\/\/www.estrategiaconcursos.com.br\/blog\/\"},{\"@type\":\"ListItem\",\"position\":2,\"name\":\"Concurso TRT MG: veja como foi a \u00faltima prova\"}]},{\"@type\":\"WebSite\",\"@id\":\"https:\/\/www.estrategiaconcursos.com.br\/blog\/#website\",\"url\":\"https:\/\/www.estrategiaconcursos.com.br\/blog\/\",\"name\":\"Estrat\u00e9gia Concursos\",\"description\":\"O blog da Estrat\u00e9gia Concursos traz not\u00edcias sobre concursos e artigos de professores oferecendo cursos para concursos (pdf + videaulas) no site.\",\"publisher\":{\"@id\":\"https:\/\/www.estrategiaconcursos.com.br\/blog\/#organization\"},\"potentialAction\":[{\"@type\":\"SearchAction\",\"target\":{\"@type\":\"EntryPoint\",\"urlTemplate\":\"https:\/\/www.estrategiaconcursos.com.br\/blog\/?s={search_term_string}\"},\"query-input\":{\"@type\":\"PropertyValueSpecification\",\"valueRequired\":true,\"valueName\":\"search_term_string\"}}],\"inLanguage\":\"pt-BR\"},{\"@type\":\"Organization\",\"@id\":\"https:\/\/www.estrategiaconcursos.com.br\/blog\/#organization\",\"name\":\"Estrat\u00e9gia Concursos\",\"url\":\"https:\/\/www.estrategiaconcursos.com.br\/blog\/\",\"logo\":{\"@type\":\"ImageObject\",\"inLanguage\":\"pt-BR\",\"@id\":\"https:\/\/www.estrategiaconcursos.com.br\/blog\/#\/schema\/logo\/image\/\",\"url\":\"https:\/\/dhg1h5j42swfq.cloudfront.net\/2025\/06\/03203428\/logo_concursos-1.jpg\",\"contentUrl\":\"https:\/\/dhg1h5j42swfq.cloudfront.net\/2025\/06\/03203428\/logo_concursos-1.jpg\",\"width\":230,\"height\":60,\"caption\":\"Estrat\u00e9gia Concursos\"},\"image\":{\"@id\":\"https:\/\/www.estrategiaconcursos.com.br\/blog\/#\/schema\/logo\/image\/\"},\"sameAs\":[\"https:\/\/x.com\/EstratConcursos\"]},{\"@type\":\"Person\",\"@id\":\"https:\/\/www.estrategiaconcursos.com.br\/blog\/#\/schema\/person\/9b94727dcf4410f4a7931c83966c843b\",\"name\":\"Let\u00edcia Teixeira\",\"image\":{\"@type\":\"ImageObject\",\"inLanguage\":\"pt-BR\",\"@id\":\"https:\/\/secure.gravatar.com\/avatar\/fb589b06b881e20b676d08f9d03226d1e3291ba2f90e751ddc9ccb21abf0244d?s=96&d=mm&r=g\",\"url\":\"https:\/\/secure.gravatar.com\/avatar\/fb589b06b881e20b676d08f9d03226d1e3291ba2f90e751ddc9ccb21abf0244d?s=96&d=mm&r=g\",\"contentUrl\":\"https:\/\/secure.gravatar.com\/avatar\/fb589b06b881e20b676d08f9d03226d1e3291ba2f90e751ddc9ccb21abf0244d?s=96&d=mm&r=g\",\"caption\":\"Let\u00edcia Teixeira\"},\"description\":\"Jornalista com experi\u00eancia de mais de quatro anos no segmento de concursos p\u00fablicos. Especializada em Narrativa Transm\u00eddia e Storytelling pela Universidade Cat\u00f3lica de Bras\u00edlia, com atua\u00e7\u00e3o nas \u00e1reas de SEO, conte\u00fado, Webwriting e Copywriting.\",\"url\":\"https:\/\/www.estrategiaconcursos.com.br\/blog\/author\/leticia-teixeiraestrategia-com\/\"}]}<\/script>\n<!-- \/ Yoast SEO Premium plugin. -->","yoast_head_json":{"title":"Concurso TRT MG: veja como foi a \u00faltima prova","description":"Neste artigo voc\u00ea poder\u00e1 conferir todos os detalhes da \u00faltima prova do concurso TRT MG. O edital j\u00e1 tem banca em defini\u00e7\u00e3o!","robots":{"index":"index","follow":"follow","max-snippet":"max-snippet:-1","max-image-preview":"max-image-preview:large","max-video-preview":"max-video-preview:-1"},"canonical":"https:\/\/www.estrategiaconcursos.com.br\/blog\/concurso-trt-mg-ultima-prova\/","og_locale":"pt_BR","og_type":"article","og_title":"Concurso TRT MG: veja como foi a \u00faltima prova","og_description":"Neste artigo voc\u00ea poder\u00e1 conferir todos os detalhes da \u00faltima prova do concurso TRT MG. O edital j\u00e1 tem banca em defini\u00e7\u00e3o!","og_url":"https:\/\/www.estrategiaconcursos.com.br\/blog\/concurso-trt-mg-ultima-prova\/","og_site_name":"Estrat\u00e9gia Concursos","article_published_time":"2022-07-25T19:11:00+00:00","article_modified_time":"2022-07-25T19:22:12+00:00","og_image":[{"width":150,"height":150,"url":"https:\/\/dhg1h5j42swfq.cloudfront.net\/2022\/04\/13084511\/concurso-trt-mg-edital-autorizado.jpeg","type":"image\/jpeg"}],"author":"Let\u00edcia Teixeira","twitter_card":"summary_large_image","twitter_creator":"@EstratConcursos","twitter_site":"@EstratConcursos","twitter_misc":{"Escrito por":"Let\u00edcia Teixeira","Est. tempo de leitura":"5 minutos"},"schema":{"@context":"https:\/\/schema.org","@graph":[{"@type":"NewsArticle","@id":"https:\/\/www.estrategiaconcursos.com.br\/blog\/concurso-trt-mg-ultima-prova\/#article","isPartOf":{"@id":"https:\/\/www.estrategiaconcursos.com.br\/blog\/concurso-trt-mg-ultima-prova\/"},"author":{"name":"Let\u00edcia Teixeira","@id":"https:\/\/www.estrategiaconcursos.com.br\/blog\/#\/schema\/person\/9b94727dcf4410f4a7931c83966c843b"},"headline":"Concurso TRT MG: veja como foi a \u00faltima prova","datePublished":"2022-07-25T19:11:00+00:00","dateModified":"2022-07-25T19:22:12+00:00","mainEntityOfPage":{"@id":"https:\/\/www.estrategiaconcursos.com.br\/blog\/concurso-trt-mg-ultima-prova\/"},"wordCount":773,"commentCount":0,"publisher":{"@id":"https:\/\/www.estrategiaconcursos.com.br\/blog\/#organization"},"image":{"@id":"https:\/\/www.estrategiaconcursos.com.br\/blog\/concurso-trt-mg-ultima-prova\/#primaryimage"},"thumbnailUrl":"https:\/\/dhg1h5j42swfq.cloudfront.net\/2022\/04\/13084511\/concurso-trt-mg-edital-autorizado.jpeg","articleSection":["Tribunais","Tribunais","\u00daltimas not\u00edcias"],"inLanguage":"pt-BR","potentialAction":[{"@type":"CommentAction","name":"Comment","target":["https:\/\/www.estrategiaconcursos.com.br\/blog\/concurso-trt-mg-ultima-prova\/#respond"]}],"copyrightYear":"2022","copyrightHolder":{"@id":"https:\/\/www.estrategiaconcursos.com.br\/blog\/#organization"}},{"@type":"WebPage","@id":"https:\/\/www.estrategiaconcursos.com.br\/blog\/concurso-trt-mg-ultima-prova\/","url":"https:\/\/www.estrategiaconcursos.com.br\/blog\/concurso-trt-mg-ultima-prova\/","name":"Concurso TRT MG: veja como foi a \u00faltima prova","isPartOf":{"@id":"https:\/\/www.estrategiaconcursos.com.br\/blog\/#website"},"primaryImageOfPage":{"@id":"https:\/\/www.estrategiaconcursos.com.br\/blog\/concurso-trt-mg-ultima-prova\/#primaryimage"},"image":{"@id":"https:\/\/www.estrategiaconcursos.com.br\/blog\/concurso-trt-mg-ultima-prova\/#primaryimage"},"thumbnailUrl":"https:\/\/dhg1h5j42swfq.cloudfront.net\/2022\/04\/13084511\/concurso-trt-mg-edital-autorizado.jpeg","datePublished":"2022-07-25T19:11:00+00:00","dateModified":"2022-07-25T19:22:12+00:00","description":"Neste artigo voc\u00ea poder\u00e1 conferir todos os detalhes da \u00faltima prova do concurso TRT MG. O edital j\u00e1 tem banca em defini\u00e7\u00e3o!","breadcrumb":{"@id":"https:\/\/www.estrategiaconcursos.com.br\/blog\/concurso-trt-mg-ultima-prova\/#breadcrumb"},"inLanguage":"pt-BR","potentialAction":[{"@type":"ReadAction","target":["https:\/\/www.estrategiaconcursos.com.br\/blog\/concurso-trt-mg-ultima-prova\/"]}]},{"@type":"ImageObject","inLanguage":"pt-BR","@id":"https:\/\/www.estrategiaconcursos.com.br\/blog\/concurso-trt-mg-ultima-prova\/#primaryimage","url":"https:\/\/dhg1h5j42swfq.cloudfront.net\/2022\/04\/13084511\/concurso-trt-mg-edital-autorizado.jpeg","contentUrl":"https:\/\/dhg1h5j42swfq.cloudfront.net\/2022\/04\/13084511\/concurso-trt-mg-edital-autorizado.jpeg","width":150,"height":150,"caption":"\u00faltima prova concurso TRT MG"},{"@type":"BreadcrumbList","@id":"https:\/\/www.estrategiaconcursos.com.br\/blog\/concurso-trt-mg-ultima-prova\/#breadcrumb","itemListElement":[{"@type":"ListItem","position":1,"name":"In\u00edcio","item":"https:\/\/www.estrategiaconcursos.com.br\/blog\/"},{"@type":"ListItem","position":2,"name":"Concurso TRT MG: veja como foi a \u00faltima prova"}]},{"@type":"WebSite","@id":"https:\/\/www.estrategiaconcursos.com.br\/blog\/#website","url":"https:\/\/www.estrategiaconcursos.com.br\/blog\/","name":"Estrat\u00e9gia Concursos","description":"O blog da Estrat\u00e9gia Concursos traz not\u00edcias sobre concursos e artigos de professores oferecendo cursos para concursos (pdf + videaulas) no site.","publisher":{"@id":"https:\/\/www.estrategiaconcursos.com.br\/blog\/#organization"},"potentialAction":[{"@type":"SearchAction","target":{"@type":"EntryPoint","urlTemplate":"https:\/\/www.estrategiaconcursos.com.br\/blog\/?s={search_term_string}"},"query-input":{"@type":"PropertyValueSpecification","valueRequired":true,"valueName":"search_term_string"}}],"inLanguage":"pt-BR"},{"@type":"Organization","@id":"https:\/\/www.estrategiaconcursos.com.br\/blog\/#organization","name":"Estrat\u00e9gia Concursos","url":"https:\/\/www.estrategiaconcursos.com.br\/blog\/","logo":{"@type":"ImageObject","inLanguage":"pt-BR","@id":"https:\/\/www.estrategiaconcursos.com.br\/blog\/#\/schema\/logo\/image\/","url":"https:\/\/dhg1h5j42swfq.cloudfront.net\/2025\/06\/03203428\/logo_concursos-1.jpg","contentUrl":"https:\/\/dhg1h5j42swfq.cloudfront.net\/2025\/06\/03203428\/logo_concursos-1.jpg","width":230,"height":60,"caption":"Estrat\u00e9gia Concursos"},"image":{"@id":"https:\/\/www.estrategiaconcursos.com.br\/blog\/#\/schema\/logo\/image\/"},"sameAs":["https:\/\/x.com\/EstratConcursos"]},{"@type":"Person","@id":"https:\/\/www.estrategiaconcursos.com.br\/blog\/#\/schema\/person\/9b94727dcf4410f4a7931c83966c843b","name":"Let\u00edcia Teixeira","image":{"@type":"ImageObject","inLanguage":"pt-BR","@id":"https:\/\/secure.gravatar.com\/avatar\/fb589b06b881e20b676d08f9d03226d1e3291ba2f90e751ddc9ccb21abf0244d?s=96&d=mm&r=g","url":"https:\/\/secure.gravatar.com\/avatar\/fb589b06b881e20b676d08f9d03226d1e3291ba2f90e751ddc9ccb21abf0244d?s=96&d=mm&r=g","contentUrl":"https:\/\/secure.gravatar.com\/avatar\/fb589b06b881e20b676d08f9d03226d1e3291ba2f90e751ddc9ccb21abf0244d?s=96&d=mm&r=g","caption":"Let\u00edcia Teixeira"},"description":"Jornalista com experi\u00eancia de mais de quatro anos no segmento de concursos p\u00fablicos. Especializada em Narrativa Transm\u00eddia e Storytelling pela Universidade Cat\u00f3lica de Bras\u00edlia, com atua\u00e7\u00e3o nas \u00e1reas de SEO, conte\u00fado, Webwriting e Copywriting.","url":"https:\/\/www.estrategiaconcursos.com.br\/blog\/author\/leticia-teixeiraestrategia-com\/"}]}},"_links":{"self":[{"href":"https:\/\/www.estrategiaconcursos.com.br\/blog\/wp-json\/wp\/v2\/posts\/1034011","targetHints":{"allow":["GET"]}}],"collection":[{"href":"https:\/\/www.estrategiaconcursos.com.br\/blog\/wp-json\/wp\/v2\/posts"}],"about":[{"href":"https:\/\/www.estrategiaconcursos.com.br\/blog\/wp-json\/wp\/v2\/types\/post"}],"author":[{"embeddable":true,"href":"https:\/\/www.estrategiaconcursos.com.br\/blog\/wp-json\/wp\/v2\/users\/2319"}],"replies":[{"embeddable":true,"href":"https:\/\/www.estrategiaconcursos.com.br\/blog\/wp-json\/wp\/v2\/comments?post=1034011"}],"version-history":[{"count":12,"href":"https:\/\/www.estrategiaconcursos.com.br\/blog\/wp-json\/wp\/v2\/posts\/1034011\/revisions"}],"predecessor-version":[{"id":1066448,"href":"https:\/\/www.estrategiaconcursos.com.br\/blog\/wp-json\/wp\/v2\/posts\/1034011\/revisions\/1066448"}],"wp:featuredmedia":[{"embeddable":true,"href":"https:\/\/www.estrategiaconcursos.com.br\/blog\/wp-json\/wp\/v2\/media\/1007949"}],"wp:attachment":[{"href":"https:\/\/www.estrategiaconcursos.com.br\/blog\/wp-json\/wp\/v2\/media?parent=1034011"}],"wp:term":[{"taxonomy":"category","embeddable":true,"href":"https:\/\/www.estrategiaconcursos.com.br\/blog\/wp-json\/wp\/v2\/categories?post=1034011"},{"taxonomy":"post_tag","embeddable":true,"href":"https:\/\/www.estrategiaconcursos.com.br\/blog\/wp-json\/wp\/v2\/tags?post=1034011"},{"taxonomy":"tax_estado","embeddable":true,"href":"https:\/\/www.estrategiaconcursos.com.br\/blog\/wp-json\/wp\/v2\/tax_estado?post=1034011"}],"curies":[{"name":"wp","href":"https:\/\/api.w.org\/{rel}","templated":true}]}}