{"id":10337,"date":"2013-07-12T11:24:14","date_gmt":"2013-07-12T11:24:14","guid":{"rendered":"https:\/\/www.estrategiaconcursos.com.br\/blog\/retificacao-do-edital-de-aft-3\/"},"modified":"2023-04-14T11:10:43","modified_gmt":"2023-04-14T14:10:43","slug":"retificacao-do-edital-de-aft-3","status":"publish","type":"post","link":"https:\/\/www.estrategiaconcursos.com.br\/blog\/retificacao-do-edital-de-aft-3\/","title":{"rendered":"Retifica\u00e7\u00e3o do edital de AFT"},"content":{"rendered":"<div style=\"font-family: Verdana; font-size: 12px; text-align: justify; background-color: #ffffff; padding: 0px; margin: 0px; border: 0px; list-style: none; background-image: none;\"><span style=\"padding: 0px; margin: 0px; border: 0px; list-style: none; font-size: 11.818181991577148px; background-image: none;\"><span style=\"color: #000033;\">Oi amigos (as),<br style=\"padding: 0px; margin: 0px; border: 0px; list-style: none; background-image: none;\" \/><br \/>\n<\/span><\/span><\/div>\n<div style=\"font-family: Verdana; font-size: 12px; text-align: justify; background-color: #ffffff; padding: 0px; margin: 0px; border: 0px; list-style: none; background-image: none;\"><span style=\"color: #000033;\">Hoje (12\/07) foi publicada, no Di\u00e1rio Oficial da Uni\u00e3o (DOU), <b>retifica\u00e7\u00e3o<\/b> do edital de AFT, especificamente na disciplina <b>Legisla\u00e7\u00e3o do Trabalho<\/b>.<\/span><\/div>\n<div style=\"font-family: Verdana; font-size: 12px; text-align: justify; background-color: #ffffff; padding: 0px; margin: 0px; border: 0px; list-style: none; background-image: none;\"><span style=\"color: #000033;\">\u00a0<\/span><\/div>\n<div style=\"font-family: Verdana; font-size: 12px; text-align: justify; background-color: #ffffff; padding: 0px; margin: 0px; border: 0px; list-style: none; background-image: none;\"><span style=\"color: #000033;\">A banca CESPE explicitou que poder\u00e1 exigir todas as NR em vigor, e n\u00e3o apenas as Normas originalmente aprovadas em 1978.<\/span><\/div>\n<div style=\"font-family: Verdana; font-size: 12px; text-align: justify; background-color: #ffffff; padding: 0px; margin: 0px; border: 0px; list-style: none; background-image: none;\"><span style=\"color: #000033;\">\u00a0<\/span><\/div>\n<div style=\"text-align: justify; background-color: #ffffff; padding: 0px; margin: 0px; border: 0px; list-style: none; background-image: none;\"><span style=\"font-family: Verdana; font-size: 12px;\">Al\u00e9m disso, e em que pese a quantidade imensa de mat\u00e9rias a estudar, a Banca e o MTE houveram por bem incluir tamb\u00e9m a <b>NR 36 <\/b>(<\/span><span style=\"font-family: Verdana;\"><span style=\"font-size: 12px;\">Seguran\u00e7a e Sa\u00fade no Trabalho em Empresas de Abate e Processamento de Carnes e Derivados)<\/span><\/span><span style=\"font-family: Verdana; font-size: 12px;\">, que ainda nem est\u00e1 em vigor.<\/span><\/div>\n<div style=\"text-align: justify; background-color: #ffffff; padding: 0px; margin: 0px; border: 0px; list-style: none; background-image: none;\"><span style=\"color: #000033;\"><span style=\"font-family: Verdana; font-size: 12px;\">\u00a0<\/span><\/span><\/div>\n<div style=\"text-align: justify; background-color: #ffffff; padding: 0px; margin: 0px; border: 0px; list-style: none; background-image: none;\"><span style=\"color: #000033;\"><span style=\"font-family: Verdana; font-size: 12px;\">Portanto, irei <b>acrescentar mais uma aula<\/b> em nosso curso de Legisla\u00e7\u00e3o do Trabalho, para estudo da <b>NR 36<\/b>.<\/span><\/span><\/div>\n<div style=\"font-family: Verdana; font-size: 12px; text-align: justify; background-color: #ffffff; padding: 0px; margin: 0px; border: 0px; list-style: none; background-image: none;\"><span style=\"color: #000033;\">\u00a0<\/span><\/div>\n<div style=\"font-family: Verdana; font-size: 12px; text-align: justify; background-color: #ffffff; padding: 0px; margin: 0px; border: 0px; list-style: none; background-image: none;\"><span style=\"color: #000033;\">&#8212;&#8212;&#8212;&#8212;&#8212;&#8212;&#8211;<\/span><\/div>\n<div style=\"font-family: Verdana; font-size: 12px; text-align: justify; background-color: #ffffff; padding: 0px; margin: 0px; border: 0px; list-style: none; background-image: none;\"><span style=\"color: #000033;\">\u00a0<\/span><\/div>\n<div style=\"text-align: justify; background-color: #ffffff; padding: 0px; margin: 0px; border: 0px; list-style: none; background-image: none;\">\n<div style=\"text-align: center; padding: 0px; margin: 0px; border: 0px; list-style: none; background-image: none;\">SECRETARIA EXECUTIVA<\/div>\n<div style=\"text-align: center; padding: 0px; margin: 0px; border: 0px; list-style: none; background-image: none;\">EDITAL N\u00ba 2, DE 10 DE JULHO DE 2013<\/div>\n<div style=\"text-align: center; padding: 0px; margin: 0px; border: 0px; list-style: none; background-image: none;\">RETIFICA\u00c7\u00c3O DO EDITAL N\u00ba 1\/2013<\/div>\n<div style=\"text-align: center; padding: 0px; margin: 0px; border: 0px; list-style: none; background-image: none;\">CONCURSO P\u00daBLICO PARA PROVIMENTO DE VAGAS<\/div>\n<div style=\"text-align: center; padding: 0px; margin: 0px; border: 0px; list-style: none; background-image: none;\">PARA O CARGO DE AUDITOR-FISCAL DO TRABALHO<\/div>\n<div style=\"text-align: center; padding: 0px; margin: 0px; border: 0px; list-style: none; background-image: none;\"><\/div>\n<div style=\"padding: 0px; margin: 0px; border: 0px; list-style: none; background-image: none;\">O SECRET\u00c1RIO-EXECUTIVO DO MINIST\u00c9RIO DO TRABALHO E EMPREGO torna p\u00fablica a retifica\u00e7\u00e3o do t\u00f3pico Legisla\u00e7\u00e3o do Trabalho do Edital n\u00ba 1 &#8211; MTE, de 28 de junho de 2013, publicado no Di\u00e1rio Oficial da Uni\u00e3o, conforme a seguir especificado, permanecendo inalterados os demais itens e subitens do referido edital<\/div>\n<div style=\"padding: 0px; margin: 0px; border: 0px; list-style: none; background-image: none;\">1) DA RETIFICA\u00c7\u00c3O DOS OBJETOS DE AVALIA\u00c7\u00c3O CONSTANTES DO SUBITEM 15.2.1 DO REFERIDO EDITAL, REFERENTES AOS CONTE\u00daDOS DE LEGISLA\u00c7\u00c3O DO TRABALHO<\/div>\n<div style=\"padding: 0px; margin: 0px; border: 0px; list-style: none; background-image: none;\">[&#8230;]<\/div>\n<div style=\"padding: 0px; margin: 0px; border: 0px; list-style: none; background-image: none;\">15.2.1 Nas provas, ser\u00e3o avaliados, al\u00e9m de habilidades, conhecimentos conforme descritos a seguir.<\/div>\n<div style=\"padding: 0px; margin: 0px; border: 0px; list-style: none; background-image: none;\">[&#8230;]<\/div>\n<div style=\"padding: 0px; margin: 0px; border: 0px; list-style: none; background-image: none;\">CONHECIMENTOS ESPEC\u00cdFICOS<\/div>\n<div style=\"padding: 0px; margin: 0px; border: 0px; list-style: none; background-image: none;\">[&#8230;]<\/div>\n<div style=\"padding: 0px; margin: 0px; border: 0px; list-style: none; background-image: none;\">LEGISLA\u00c7\u00c3O DO TRABALHO: 1 Consolida\u00e7\u00e3o das Leis do Trabalho &#8211; CLT &#8211; T\u00edtulos I e II. 2 Normas Regulamentadoras n\u00ba 01 a n\u00ba 36 &#8211; NR-01 a NR-36.<\/div>\n<div style=\"padding: 0px; margin: 0px; border: 0px; list-style: none; background-image: none;\">[&#8230;]<\/div>\n<div style=\"text-align: center; padding: 0px; margin: 0px; border: 0px; list-style: none; background-image: none;\">PAULO ROBERTO DOS SANTOS PINTO<\/div>\n<\/div>\n<div style=\"color: #222222; font-family: Verdana; font-size: 12px; text-align: justify; background-color: #ffffff; padding: 0px; margin: 0px; border: 0px; list-style: none; background-image: none;\">\n<div style=\"padding: 0px; margin: 0px; border: 0px; list-style: none; background-image: none;\">\n<div style=\"padding: 0px; margin: 0px; border: 0px; list-style: none; background-image: none;\">\n<div style=\"padding: 0px; margin: 0px; border: 0px; list-style: none; font-size: 11.818181991577148px; background-image: none;\"><span style=\"padding: 0px; margin: 0px; border: 0px; list-style: none; background-image: none; color: #000033;\">\u00a0<\/span><\/div>\n<div style=\"padding: 0px; margin: 0px; border: 0px; list-style: none; font-size: 11.818181991577148px; background-image: none;\"><span style=\"padding: 0px; margin: 0px; border: 0px; list-style: none; background-image: none; color: #000033;\">Grande abra\u00e7o e bons estudos,<br style=\"padding: 0px; margin: 0px; border: 0px; list-style: none; background-image: none;\" \/><\/span><\/div>\n<p><span style=\"padding: 0px; margin: 0px; border: 0px; list-style: none; font-size: 11.818181991577148px; background-image: none;\"><span style=\"padding: 0px; margin: 0px; border: 0px; list-style: none; background-image: none; color: #000033;\"><br style=\"padding: 0px; margin: 0px; border: 0px; list-style: none; background-image: none;\" \/>Prof M\u00e1rio Pinheiro<br style=\"padding: 0px; margin: 0px; border: 0px; list-style: none; background-image: none;\" \/><\/span><\/span><\/p>\n<\/div>\n<\/div>\n<\/div>\n","protected":false},"excerpt":{"rendered":"<p>Oi amigos (as), Hoje (12\/07) foi publicada, no Di\u00e1rio Oficial da Uni\u00e3o (DOU), retifica\u00e7\u00e3o do edital de AFT, especificamente na disciplina Legisla\u00e7\u00e3o do Trabalho. \u00a0 A banca CESPE explicitou que poder\u00e1 exigir todas as NR em vigor, e n\u00e3o apenas as Normas originalmente aprovadas em 1978. \u00a0 Al\u00e9m disso, e em que pese a quantidade [&hellip;]<\/p>\n","protected":false},"author":22,"featured_media":0,"comment_status":"open","ping_status":"open","sticky":false,"template":"","format":"standard","meta":{"post_tipo":"article","footnotes":""},"categories":[1],"tags":[542],"tax_estado":[],"class_list":["post-10337","post","type-post","status-publish","format-standard","hentry","category-cursos-e-concursos","tag-aft"],"acf":[],"yoast_head":"<!-- This site is optimized with the Yoast SEO Premium plugin v27.2 (Yoast SEO v27.2) - https:\/\/yoast.com\/product\/yoast-seo-premium-wordpress\/ -->\n<title>Retifica\u00e7\u00e3o do edital de AFT<\/title>\n<meta name=\"robots\" content=\"index, follow, max-snippet:-1, max-image-preview:large, max-video-preview:-1\" \/>\n<link rel=\"canonical\" href=\"https:\/\/www.estrategiaconcursos.com.br\/blog\/retificacao-do-edital-de-aft-3\/\" \/>\n<meta property=\"og:locale\" content=\"pt_BR\" \/>\n<meta property=\"og:type\" content=\"article\" \/>\n<meta property=\"og:title\" content=\"Retifica\u00e7\u00e3o do edital de AFT\" \/>\n<meta property=\"og:description\" content=\"Oi amigos (as), Hoje (12\/07) foi publicada, no Di\u00e1rio Oficial da Uni\u00e3o (DOU), retifica\u00e7\u00e3o do edital de AFT, especificamente na disciplina Legisla\u00e7\u00e3o do Trabalho. \u00a0 A banca CESPE explicitou que poder\u00e1 exigir todas as NR em vigor, e n\u00e3o apenas as Normas originalmente aprovadas em 1978. \u00a0 Al\u00e9m disso, e em que pese a quantidade [&hellip;]\" \/>\n<meta property=\"og:url\" content=\"https:\/\/www.estrategiaconcursos.com.br\/blog\/retificacao-do-edital-de-aft-3\/\" \/>\n<meta property=\"og:site_name\" content=\"Estrat\u00e9gia Concursos\" \/>\n<meta property=\"article:author\" content=\"https:\/\/www.facebook.com\/mario.pinheiro.18\" \/>\n<meta property=\"article:published_time\" content=\"2013-07-12T11:24:14+00:00\" \/>\n<meta property=\"article:modified_time\" content=\"2023-04-14T14:10:43+00:00\" \/>\n<meta name=\"author\" content=\"M\u00e1rio Pinheiro\" \/>\n<meta name=\"twitter:card\" content=\"summary_large_image\" \/>\n<meta name=\"twitter:creator\" content=\"@https:\/\/twitter.com\/EstratConcursos\" \/>\n<meta name=\"twitter:site\" content=\"@EstratConcursos\" \/>\n<meta name=\"twitter:label1\" content=\"Escrito por\" \/>\n\t<meta name=\"twitter:data1\" content=\"M\u00e1rio Pinheiro\" \/>\n\t<meta name=\"twitter:label2\" content=\"Est. tempo de leitura\" \/>\n\t<meta name=\"twitter:data2\" content=\"1 minuto\" \/>\n<script type=\"application\/ld+json\" class=\"yoast-schema-graph\">{\"@context\":\"https:\/\/schema.org\",\"@graph\":[{\"@type\":\"NewsArticle\",\"@id\":\"https:\/\/www.estrategiaconcursos.com.br\/blog\/retificacao-do-edital-de-aft-3\/#article\",\"isPartOf\":{\"@id\":\"https:\/\/www.estrategiaconcursos.com.br\/blog\/retificacao-do-edital-de-aft-3\/\"},\"author\":{\"name\":\"M\u00e1rio Pinheiro\",\"@id\":\"https:\/\/www.estrategiaconcursos.com.br\/blog\/#\/schema\/person\/263a505d4cf873862a093b2314df57e9\"},\"headline\":\"Retifica\u00e7\u00e3o do edital de AFT\",\"datePublished\":\"2013-07-12T11:24:14+00:00\",\"dateModified\":\"2023-04-14T14:10:43+00:00\",\"mainEntityOfPage\":{\"@id\":\"https:\/\/www.estrategiaconcursos.com.br\/blog\/retificacao-do-edital-de-aft-3\/\"},\"wordCount\":287,\"commentCount\":0,\"publisher\":{\"@id\":\"https:\/\/www.estrategiaconcursos.com.br\/blog\/#organization\"},\"keywords\":[\"AFT\"],\"articleSection\":[\"Concursos P\u00fablicos\"],\"inLanguage\":\"pt-BR\",\"potentialAction\":[{\"@type\":\"CommentAction\",\"name\":\"Comment\",\"target\":[\"https:\/\/www.estrategiaconcursos.com.br\/blog\/retificacao-do-edital-de-aft-3\/#respond\"]}],\"copyrightYear\":\"2013\",\"copyrightHolder\":{\"@id\":\"https:\/\/www.estrategiaconcursos.com.br\/blog\/#organization\"}},{\"@type\":\"WebPage\",\"@id\":\"https:\/\/www.estrategiaconcursos.com.br\/blog\/retificacao-do-edital-de-aft-3\/\",\"url\":\"https:\/\/www.estrategiaconcursos.com.br\/blog\/retificacao-do-edital-de-aft-3\/\",\"name\":\"Retifica\u00e7\u00e3o do edital de AFT\",\"isPartOf\":{\"@id\":\"https:\/\/www.estrategiaconcursos.com.br\/blog\/#website\"},\"datePublished\":\"2013-07-12T11:24:14+00:00\",\"dateModified\":\"2023-04-14T14:10:43+00:00\",\"breadcrumb\":{\"@id\":\"https:\/\/www.estrategiaconcursos.com.br\/blog\/retificacao-do-edital-de-aft-3\/#breadcrumb\"},\"inLanguage\":\"pt-BR\",\"potentialAction\":[{\"@type\":\"ReadAction\",\"target\":[\"https:\/\/www.estrategiaconcursos.com.br\/blog\/retificacao-do-edital-de-aft-3\/\"]}]},{\"@type\":\"BreadcrumbList\",\"@id\":\"https:\/\/www.estrategiaconcursos.com.br\/blog\/retificacao-do-edital-de-aft-3\/#breadcrumb\",\"itemListElement\":[{\"@type\":\"ListItem\",\"position\":1,\"name\":\"In\u00edcio\",\"item\":\"https:\/\/www.estrategiaconcursos.com.br\/blog\/\"},{\"@type\":\"ListItem\",\"position\":2,\"name\":\"Retifica\u00e7\u00e3o do edital de AFT\"}]},{\"@type\":\"WebSite\",\"@id\":\"https:\/\/www.estrategiaconcursos.com.br\/blog\/#website\",\"url\":\"https:\/\/www.estrategiaconcursos.com.br\/blog\/\",\"name\":\"Estrat\u00e9gia Concursos\",\"description\":\"O blog da Estrat\u00e9gia Concursos traz not\u00edcias sobre concursos e artigos de professores oferecendo cursos para concursos (pdf + videaulas) no site.\",\"publisher\":{\"@id\":\"https:\/\/www.estrategiaconcursos.com.br\/blog\/#organization\"},\"potentialAction\":[{\"@type\":\"SearchAction\",\"target\":{\"@type\":\"EntryPoint\",\"urlTemplate\":\"https:\/\/www.estrategiaconcursos.com.br\/blog\/?s={search_term_string}\"},\"query-input\":{\"@type\":\"PropertyValueSpecification\",\"valueRequired\":true,\"valueName\":\"search_term_string\"}}],\"inLanguage\":\"pt-BR\"},{\"@type\":\"Organization\",\"@id\":\"https:\/\/www.estrategiaconcursos.com.br\/blog\/#organization\",\"name\":\"Estrat\u00e9gia Concursos\",\"url\":\"https:\/\/www.estrategiaconcursos.com.br\/blog\/\",\"logo\":{\"@type\":\"ImageObject\",\"inLanguage\":\"pt-BR\",\"@id\":\"https:\/\/www.estrategiaconcursos.com.br\/blog\/#\/schema\/logo\/image\/\",\"url\":\"https:\/\/dhg1h5j42swfq.cloudfront.net\/2025\/06\/03203428\/logo_concursos-1.jpg\",\"contentUrl\":\"https:\/\/dhg1h5j42swfq.cloudfront.net\/2025\/06\/03203428\/logo_concursos-1.jpg\",\"width\":230,\"height\":60,\"caption\":\"Estrat\u00e9gia Concursos\"},\"image\":{\"@id\":\"https:\/\/www.estrategiaconcursos.com.br\/blog\/#\/schema\/logo\/image\/\"},\"sameAs\":[\"https:\/\/x.com\/EstratConcursos\"]},{\"@type\":\"Person\",\"@id\":\"https:\/\/www.estrategiaconcursos.com.br\/blog\/#\/schema\/person\/263a505d4cf873862a093b2314df57e9\",\"name\":\"M\u00e1rio Pinheiro\",\"image\":{\"@type\":\"ImageObject\",\"inLanguage\":\"pt-BR\",\"@id\":\"https:\/\/secure.gravatar.com\/avatar\/20baf5175bad463e4e1f63d74d633d42e86b4028c320527e859914f6a57cb66a?s=96&d=mm&r=g\",\"url\":\"https:\/\/secure.gravatar.com\/avatar\/20baf5175bad463e4e1f63d74d633d42e86b4028c320527e859914f6a57cb66a?s=96&d=mm&r=g\",\"contentUrl\":\"https:\/\/secure.gravatar.com\/avatar\/20baf5175bad463e4e1f63d74d633d42e86b4028c320527e859914f6a57cb66a?s=96&d=mm&r=g\",\"caption\":\"M\u00e1rio Pinheiro\"},\"sameAs\":[\"https:\/\/www.facebook.com\/mario.pinheiro.18\",\"https:\/\/x.com\/https:\/\/twitter.com\/EstratConcursos\"],\"url\":\"https:\/\/www.estrategiaconcursos.com.br\/blog\/author\/mariopinheiroestrategiaconcursos-com-br\/\"}]}<\/script>\n<!-- \/ Yoast SEO Premium plugin. -->","yoast_head_json":{"title":"Retifica\u00e7\u00e3o do edital de AFT","robots":{"index":"index","follow":"follow","max-snippet":"max-snippet:-1","max-image-preview":"max-image-preview:large","max-video-preview":"max-video-preview:-1"},"canonical":"https:\/\/www.estrategiaconcursos.com.br\/blog\/retificacao-do-edital-de-aft-3\/","og_locale":"pt_BR","og_type":"article","og_title":"Retifica\u00e7\u00e3o do edital de AFT","og_description":"Oi amigos (as), Hoje (12\/07) foi publicada, no Di\u00e1rio Oficial da Uni\u00e3o (DOU), retifica\u00e7\u00e3o do edital de AFT, especificamente na disciplina Legisla\u00e7\u00e3o do Trabalho. \u00a0 A banca CESPE explicitou que poder\u00e1 exigir todas as NR em vigor, e n\u00e3o apenas as Normas originalmente aprovadas em 1978. \u00a0 Al\u00e9m disso, e em que pese a quantidade [&hellip;]","og_url":"https:\/\/www.estrategiaconcursos.com.br\/blog\/retificacao-do-edital-de-aft-3\/","og_site_name":"Estrat\u00e9gia Concursos","article_author":"https:\/\/www.facebook.com\/mario.pinheiro.18","article_published_time":"2013-07-12T11:24:14+00:00","article_modified_time":"2023-04-14T14:10:43+00:00","author":"M\u00e1rio Pinheiro","twitter_card":"summary_large_image","twitter_creator":"@https:\/\/twitter.com\/EstratConcursos","twitter_site":"@EstratConcursos","twitter_misc":{"Escrito por":"M\u00e1rio Pinheiro","Est. tempo de leitura":"1 minuto"},"schema":{"@context":"https:\/\/schema.org","@graph":[{"@type":"NewsArticle","@id":"https:\/\/www.estrategiaconcursos.com.br\/blog\/retificacao-do-edital-de-aft-3\/#article","isPartOf":{"@id":"https:\/\/www.estrategiaconcursos.com.br\/blog\/retificacao-do-edital-de-aft-3\/"},"author":{"name":"M\u00e1rio Pinheiro","@id":"https:\/\/www.estrategiaconcursos.com.br\/blog\/#\/schema\/person\/263a505d4cf873862a093b2314df57e9"},"headline":"Retifica\u00e7\u00e3o do edital de AFT","datePublished":"2013-07-12T11:24:14+00:00","dateModified":"2023-04-14T14:10:43+00:00","mainEntityOfPage":{"@id":"https:\/\/www.estrategiaconcursos.com.br\/blog\/retificacao-do-edital-de-aft-3\/"},"wordCount":287,"commentCount":0,"publisher":{"@id":"https:\/\/www.estrategiaconcursos.com.br\/blog\/#organization"},"keywords":["AFT"],"articleSection":["Concursos P\u00fablicos"],"inLanguage":"pt-BR","potentialAction":[{"@type":"CommentAction","name":"Comment","target":["https:\/\/www.estrategiaconcursos.com.br\/blog\/retificacao-do-edital-de-aft-3\/#respond"]}],"copyrightYear":"2013","copyrightHolder":{"@id":"https:\/\/www.estrategiaconcursos.com.br\/blog\/#organization"}},{"@type":"WebPage","@id":"https:\/\/www.estrategiaconcursos.com.br\/blog\/retificacao-do-edital-de-aft-3\/","url":"https:\/\/www.estrategiaconcursos.com.br\/blog\/retificacao-do-edital-de-aft-3\/","name":"Retifica\u00e7\u00e3o do edital de AFT","isPartOf":{"@id":"https:\/\/www.estrategiaconcursos.com.br\/blog\/#website"},"datePublished":"2013-07-12T11:24:14+00:00","dateModified":"2023-04-14T14:10:43+00:00","breadcrumb":{"@id":"https:\/\/www.estrategiaconcursos.com.br\/blog\/retificacao-do-edital-de-aft-3\/#breadcrumb"},"inLanguage":"pt-BR","potentialAction":[{"@type":"ReadAction","target":["https:\/\/www.estrategiaconcursos.com.br\/blog\/retificacao-do-edital-de-aft-3\/"]}]},{"@type":"BreadcrumbList","@id":"https:\/\/www.estrategiaconcursos.com.br\/blog\/retificacao-do-edital-de-aft-3\/#breadcrumb","itemListElement":[{"@type":"ListItem","position":1,"name":"In\u00edcio","item":"https:\/\/www.estrategiaconcursos.com.br\/blog\/"},{"@type":"ListItem","position":2,"name":"Retifica\u00e7\u00e3o do edital de AFT"}]},{"@type":"WebSite","@id":"https:\/\/www.estrategiaconcursos.com.br\/blog\/#website","url":"https:\/\/www.estrategiaconcursos.com.br\/blog\/","name":"Estrat\u00e9gia Concursos","description":"O blog da Estrat\u00e9gia Concursos traz not\u00edcias sobre concursos e artigos de professores oferecendo cursos para concursos (pdf + videaulas) no site.","publisher":{"@id":"https:\/\/www.estrategiaconcursos.com.br\/blog\/#organization"},"potentialAction":[{"@type":"SearchAction","target":{"@type":"EntryPoint","urlTemplate":"https:\/\/www.estrategiaconcursos.com.br\/blog\/?s={search_term_string}"},"query-input":{"@type":"PropertyValueSpecification","valueRequired":true,"valueName":"search_term_string"}}],"inLanguage":"pt-BR"},{"@type":"Organization","@id":"https:\/\/www.estrategiaconcursos.com.br\/blog\/#organization","name":"Estrat\u00e9gia Concursos","url":"https:\/\/www.estrategiaconcursos.com.br\/blog\/","logo":{"@type":"ImageObject","inLanguage":"pt-BR","@id":"https:\/\/www.estrategiaconcursos.com.br\/blog\/#\/schema\/logo\/image\/","url":"https:\/\/dhg1h5j42swfq.cloudfront.net\/2025\/06\/03203428\/logo_concursos-1.jpg","contentUrl":"https:\/\/dhg1h5j42swfq.cloudfront.net\/2025\/06\/03203428\/logo_concursos-1.jpg","width":230,"height":60,"caption":"Estrat\u00e9gia Concursos"},"image":{"@id":"https:\/\/www.estrategiaconcursos.com.br\/blog\/#\/schema\/logo\/image\/"},"sameAs":["https:\/\/x.com\/EstratConcursos"]},{"@type":"Person","@id":"https:\/\/www.estrategiaconcursos.com.br\/blog\/#\/schema\/person\/263a505d4cf873862a093b2314df57e9","name":"M\u00e1rio Pinheiro","image":{"@type":"ImageObject","inLanguage":"pt-BR","@id":"https:\/\/secure.gravatar.com\/avatar\/20baf5175bad463e4e1f63d74d633d42e86b4028c320527e859914f6a57cb66a?s=96&d=mm&r=g","url":"https:\/\/secure.gravatar.com\/avatar\/20baf5175bad463e4e1f63d74d633d42e86b4028c320527e859914f6a57cb66a?s=96&d=mm&r=g","contentUrl":"https:\/\/secure.gravatar.com\/avatar\/20baf5175bad463e4e1f63d74d633d42e86b4028c320527e859914f6a57cb66a?s=96&d=mm&r=g","caption":"M\u00e1rio Pinheiro"},"sameAs":["https:\/\/www.facebook.com\/mario.pinheiro.18","https:\/\/x.com\/https:\/\/twitter.com\/EstratConcursos"],"url":"https:\/\/www.estrategiaconcursos.com.br\/blog\/author\/mariopinheiroestrategiaconcursos-com-br\/"}]}},"_links":{"self":[{"href":"https:\/\/www.estrategiaconcursos.com.br\/blog\/wp-json\/wp\/v2\/posts\/10337","targetHints":{"allow":["GET"]}}],"collection":[{"href":"https:\/\/www.estrategiaconcursos.com.br\/blog\/wp-json\/wp\/v2\/posts"}],"about":[{"href":"https:\/\/www.estrategiaconcursos.com.br\/blog\/wp-json\/wp\/v2\/types\/post"}],"author":[{"embeddable":true,"href":"https:\/\/www.estrategiaconcursos.com.br\/blog\/wp-json\/wp\/v2\/users\/22"}],"replies":[{"embeddable":true,"href":"https:\/\/www.estrategiaconcursos.com.br\/blog\/wp-json\/wp\/v2\/comments?post=10337"}],"version-history":[{"count":2,"href":"https:\/\/www.estrategiaconcursos.com.br\/blog\/wp-json\/wp\/v2\/posts\/10337\/revisions"}],"predecessor-version":[{"id":1201705,"href":"https:\/\/www.estrategiaconcursos.com.br\/blog\/wp-json\/wp\/v2\/posts\/10337\/revisions\/1201705"}],"wp:attachment":[{"href":"https:\/\/www.estrategiaconcursos.com.br\/blog\/wp-json\/wp\/v2\/media?parent=10337"}],"wp:term":[{"taxonomy":"category","embeddable":true,"href":"https:\/\/www.estrategiaconcursos.com.br\/blog\/wp-json\/wp\/v2\/categories?post=10337"},{"taxonomy":"post_tag","embeddable":true,"href":"https:\/\/www.estrategiaconcursos.com.br\/blog\/wp-json\/wp\/v2\/tags?post=10337"},{"taxonomy":"tax_estado","embeddable":true,"href":"https:\/\/www.estrategiaconcursos.com.br\/blog\/wp-json\/wp\/v2\/tax_estado?post=10337"}],"curies":[{"name":"wp","href":"https:\/\/api.w.org\/{rel}","templated":true}]}}