{"id":1033313,"date":"2022-05-24T18:30:00","date_gmt":"2022-05-24T21:30:00","guid":{"rendered":"https:\/\/www.estrategiaconcursos.com.br\/blog\/?p=1033313"},"modified":"2022-05-24T14:47:10","modified_gmt":"2022-05-24T17:47:10","slug":"concurso-pm-ap-conteudo-programatico-soldado","status":"publish","type":"post","link":"https:\/\/www.estrategiaconcursos.com.br\/blog\/concurso-pm-ap-conteudo-programatico-soldado\/","title":{"rendered":"Concurso PM AP: confira o conte\u00fado program\u00e1tico para Soldado!"},"content":{"rendered":"\n<p>Qual \u00e9 o conte\u00fado program\u00e1tico do <strong>concurso p\u00fablico da Pol\u00edcia Militar do Amap\u00e1<\/strong> <strong>(PM AP)<\/strong> para o cargo de Soldado?<\/p>\n\n\n\n<div class=\"wp-block-image\"><figure class=\"aligncenter size-large\"><img loading=\"lazy\" decoding=\"async\" width=\"1024\" height=\"682\" src=\"https:\/\/dhg1h5j42swfq.cloudfront.net\/2022\/05\/10161341\/concurso-pm-ap-destaque-1024x682.jpg\" alt=\"\" class=\"wp-image-1025480\" srcset=\"https:\/\/dhg1h5j42swfq.cloudfront.net\/2022\/05\/10161341\/concurso-pm-ap-destaque-1024x682.jpg 1024w, https:\/\/dhg1h5j42swfq.cloudfront.net\/2022\/05\/10161341\/concurso-pm-ap-destaque-300x200.jpg 300w, https:\/\/dhg1h5j42swfq.cloudfront.net\/2022\/05\/10161341\/concurso-pm-ap-destaque-768x511.jpg 768w, https:\/\/dhg1h5j42swfq.cloudfront.net\/2022\/05\/10161341\/concurso-pm-ap-destaque-1536x1022.jpg 1536w, https:\/\/dhg1h5j42swfq.cloudfront.net\/2022\/05\/10161341\/concurso-pm-ap-destaque-610x406.jpg 610w, https:\/\/dhg1h5j42swfq.cloudfront.net\/2022\/05\/10161341\/concurso-pm-ap-destaque.jpg 2048w\" sizes=\"auto, (max-width: 1024px) 100vw, 1024px\" \/><figcaption>Oportunidades s\u00e3o para forma\u00e7\u00e3o de cadastro de reserva | Imagem: reprodu\u00e7\u00e3o<\/figcaption><\/figure><\/div>\n\n\n\n<p>Bom, como voc\u00eas sabem, as inscri\u00e7\u00f5es para a nova sele\u00e7\u00e3o da institui\u00e7\u00e3o policial est\u00e3o oficialmente abertas. <strong>2.500 vagas<\/strong> para forma\u00e7\u00e3o de cadastro reserva para o cargo de <a href=\"https:\/\/www.estrategiaconcursos.com.br\/curso\/pm-ap-soldado-pacote-2022-pos-edital\/\" target=\"_blank\" rel=\"noreferrer noopener\">Soldado da Pol\u00edcia Militar do Amap\u00e1<\/a> est\u00e3o em jogo.<\/p>\n\n\n\n<p>Os interessados em participar da sele\u00e7\u00e3o devem se candidatar at\u00e9 o dia 03 de junho, no <a href=\"https:\/\/www.concursosfcc.com.br\/concursos\/seaap122\/index.html\" target=\"_blank\" rel=\"noreferrer noopener\">site da FCC<\/a>, ao custo de R$ 100,00.<\/p>\n\n\n\n<h3 class=\"wp-block-heading\" id=\"h-confira-o-conteudo-programatico-para-soldado-do-concurso-pm-ap\">Confira o conte\u00fado program\u00e1tico para Soldado do concurso PM AP!<\/h3>\n\n\n\n<p><strong>L\u00edngua Portuguesa<\/strong>: Dom\u00ednio da ortografia oficial. Emprego da acentua\u00e7\u00e3o gr\u00e1fica. Emprego dos sinais de<br \/>pontua\u00e7\u00e3o. Flex\u00e3o nominal e verbal. Pronomes: emprego, formas de tratamento e coloca\u00e7\u00e3o. Dom\u00ednio dos mecanismos de coes\u00e3o textual. Emprego de tempos e modos verbais. Vozes do verbo. Concord\u00e2ncia<br \/>nominal e verbal. Reg\u00eancia nominal e verbal. Sintaxe. Confronto e reconhecimento de frases corretas e<br \/>incorretas. Compreens\u00e3o e interpreta\u00e7\u00e3o de textos de g\u00eaneros variados. Reconhecimento de tipos e<br \/>g\u00eaneros textuais. Adequa\u00e7\u00e3o da linguagem ao tipo de documento.<\/p>\n\n\n\n<p><strong>No\u00e7\u00f5es de Direito Constitucional<\/strong>: Constitui\u00e7\u00e3o: conceito e poder constituinte. Princ\u00edpios fundamentais.<br \/>Direitos e garantias fundamentais. Organiza\u00e7\u00e3o do Estado: Organiza\u00e7\u00e3o Pol\u00edtico-Administrativa; Uni\u00e3o;<br \/>Estados Federados; Munic\u00edpios; Distrito Federal e Territ\u00f3rios; Administra\u00e7\u00e3o P\u00fablica (Disposi\u00e7\u00f5es Gerais;<br \/>Servidores P\u00fablicos; For\u00e7as Armadas; Servidores P\u00fablicos Militares dos Estados; Distrito Federal e<br \/>Territ\u00f3rios). Organiza\u00e7\u00e3o dos Poderes: Poder Legislativo; Poder Executivo; Poder Judici\u00e1rio (Disposi\u00e7\u00f5es<br \/>Gerais; Supremo Tribunal Federal; Superior Tribunal de Justi\u00e7a; Tribunais e Ju\u00edzes Militares; Tribunais e<br \/>Ju\u00edzes dos Estados); Fun\u00e7\u00f5es Essenciais \u00e0 Justi\u00e7a. Defesa do Estado e das institui\u00e7\u00f5es democr\u00e1ticas.<br \/>Ordem social. Disposi\u00e7\u00e3o geral. Meio ambiente. Fam\u00edlia, crian\u00e7a, adolescente, jovem e idoso. \u00cdndios.<\/p>\n\n\n\n<p><strong>No\u00e7\u00f5es de Direito Administrativo:<\/strong> Administra\u00e7\u00e3o p\u00fablica: princ\u00edpios b\u00e1sicos. Poderes administrativos:<br \/>poder hier\u00e1rquico, poder disciplinar, poder regulamentar, poder de pol\u00edcia. Servi\u00e7os P\u00fablicos: conceito e<br \/>princ\u00edpios. Ato administrativo: conceito, requisitos e atributos; anula\u00e7\u00e3o, revoga\u00e7\u00e3o e convalida\u00e7\u00e3o;<br \/>discricionariedade e vincula\u00e7\u00e3o. Contratos administrativos: conceito e caracter\u00edsticas. Servidores p\u00fablicos:<br \/>cargo, emprego e fun\u00e7\u00e3o p\u00fablica. Responsabilidade civil do Estado.<\/p>\n\n\n\n<p><strong>No\u00e7\u00f5es de Direito Penal<\/strong>: Aplica\u00e7\u00e3o da lei penal. Crime. Imputabilidade penal. Concurso de pessoas.<br \/>Penas: esp\u00e9cies de pena; comina\u00e7\u00e3o das penas; efeitos da condena\u00e7\u00e3o. A\u00e7\u00e3o penal. Extin\u00e7\u00e3o da<br \/>punibilidade. Crimes contra a f\u00e9 p\u00fablica: falsidade documental. Crimes contra a Administra\u00e7\u00e3o P\u00fablica:<br \/>Crimes praticados por funcion\u00e1rio p\u00fablico contra a administra\u00e7\u00e3o em geral; Crimes praticados por particular contra a administra\u00e7\u00e3o em geral; Crimes contra a administra\u00e7\u00e3o da Justi\u00e7a. Tortura (Lei n\u00ba 9.455\/1997 e altera\u00e7\u00f5es posteriores). Abuso de autoridade (Lei n\u00ba 13.869\/2019 e altera\u00e7\u00f5es posteriores).<\/p>\n\n\n\n<p><strong>No\u00e7\u00f5es de Direitos Humanos:<\/strong> Teoria geral dos Direitos Humanos. Conceito, terminologia, estrutura<br \/>normativa, fundamenta\u00e7\u00e3o. Afirma\u00e7\u00e3o hist\u00f3rica dos Direitos Humanos. Direitos Humanos e responsabilidade do Estado. Direitos Humanos na Constitui\u00e7\u00e3o da Rep\u00fablica Federativa do Brasil. Pol\u00edtica Nacional de Direitos Humanos. A Constitui\u00e7\u00e3o Brasileira e os tratados internacionais de Direitos Humanos. Declara\u00e7\u00e3o Universal dos Direitos Humanos. Declara\u00e7\u00e3o Universal dos Direitos Humanos. Decreto n\u00ba 678, de 06 de novembro de 1992, que promulga a Conven\u00e7\u00e3o Americana sobre Direitos Humanos (Pacto de S\u00e3o Jos\u00e9 da Costa Rica). Viol\u00eancias de g\u00eanero. Viol\u00eancia dom\u00e9stica. Racismo. Racismo institucional. Conven\u00e7\u00e3o Interamericana contra o Racismo e Discrimina\u00e7\u00e3o Racial e outras formas  correlatas de intoler\u00e2ncia. As Garantias Judiciais e os Direitos pr\u00e9-processuais. Direito a n\u00e3o ser torturado. Popula\u00e7\u00e3o em situa\u00e7\u00e3o de rua. Conceito e Princ\u00edpios das Pol\u00edticas P\u00fablicas.<\/p>\n\n\n\n<p><strong>Racioc\u00ednio l\u00f3gico e Matem\u00e1tica<\/strong>: Estrutura l\u00f3gica de rela\u00e7\u00f5es arbitr\u00e1rias entre pessoas, lugares, objetos<br \/>ou eventos fict\u00edcios; deduzir novas informa\u00e7\u00f5es das rela\u00e7\u00f5es fornecidas e avaliar as condi\u00e7\u00f5es usadas para<br \/>estabelecer a estrutura daquelas rela\u00e7\u00f5es. Compreens\u00e3o e elabora\u00e7\u00e3o da l\u00f3gica das situa\u00e7\u00f5es por meio de: racioc\u00ednio verbal, racioc\u00ednio matem\u00e1tico, racioc\u00ednio sequencial, orienta\u00e7\u00e3o espacial e temporal, forma\u00e7\u00e3o de conceitos, discrimina\u00e7\u00e3o de elementos. Compreens\u00e3o do processo l\u00f3gico que, a partir de um conjunto de hip\u00f3teses, conduz, de forma v\u00e1lida, a conclus\u00f5es determinadas. No\u00e7\u00f5es de porcentagem e proporcionalidade. Leitura e interpreta\u00e7\u00e3o de gr\u00e1ficos e tabelas.<\/p>\n\n\n\n<p><strong>Atualidades<\/strong>: Pol\u00edtica e Economia local, nacional e global, especialmente as da \u00faltima d\u00e9cada. Sistema<br \/>\u00fanico de seguran\u00e7a p\u00fablica. Viol\u00eancia e criminalidade. Plano Nacional de Seguran\u00e7a P\u00fablica e Defesa<br \/>Social (Decreto Federal n\u00ba 10.822\/2021). Descobertas e inova\u00e7\u00f5es e seus impactos na sociedade. Arte e<br \/>17 cultura brasileira. Elementos de pol\u00edtica brasileira. O desenvolvimento urbano brasileiro. Meio ambiente e sociedade: problemas, pol\u00edticas p\u00fablicas, organiza\u00e7\u00f5es n\u00e3o governamentais, aspectos locais e globais.<\/p>\n\n\n\n<p>Hist\u00f3ria do Estado do Amap\u00e1: Coloniza\u00e7\u00e3o da regi\u00e3o do Amap\u00e1. Disputas territoriais e conflitos<br \/>estrangeiros no Amap\u00e1. Principais atividades econ\u00f4micas do Amap\u00e1: s\u00e9culos XIX e XX. A Cabanagem no<br \/>Amap\u00e1. A Cria\u00e7\u00e3o do Territ\u00f3rio Federal do Amap\u00e1. Constitui\u00e7\u00e3o de 1988 e o Estado do Amap\u00e1.<br \/>Manifesta\u00e7\u00f5es populares e sincretismo cultural no Amap\u00e1.<\/p>\n\n\n\n<p><strong>Geografia do Estado do Amap\u00e1:<\/strong> O espa\u00e7o natural do Amap\u00e1 (no\u00e7\u00f5es de relevo, clima, vegeta\u00e7\u00e3o e<br \/>hidrografia do estado). A popula\u00e7\u00e3o do Amap\u00e1: crescimento, distribui\u00e7\u00e3o, estrutura e movimentos. A<br \/>urbaniza\u00e7\u00e3o do Amap\u00e1. O espa\u00e7o econ\u00f4mico: atividades agropecu\u00e1rias, extrativistas e industriais. O<br \/>desenvolvimento econ\u00f4mico e social do Amap\u00e1. O Estado do Amap\u00e1 no contexto brasileiro.<\/p>\n\n\n\n<p>Os candidatos devem possuir forma\u00e7\u00e3o de n\u00edvel m\u00e9dio, al\u00e9m de idade entre 18 a 30 anos. O sal\u00e1rio inicial da carreira \u00e9 de R$ 5.313,18.<\/p>\n\n\n\n<p>Para mais informa\u00e7\u00f5es sobre a prova objetiva do concurso PM AP, cujo conte\u00fado program\u00e1tico para Soldado voc\u00ea conferiu neste artigo, acesse o link abaixo!<\/p>\n\n\n\n<p class=\"has-text-align-center has-cyan-bluish-gray-background-color has-background has-medium-font-size\"><strong><a href=\"https:\/\/www.estrategiaconcursos.com.br\/blog\/concurso-pm-ap\/\" target=\"_blank\" rel=\"noreferrer noopener\">Concurso PM AP<\/a><\/strong><\/p>\n\n\n\n<h2 class=\"has-text-align-center wp-block-heading\" id=\"h-quer-saber-tudo-sobre-concursos-previstos-confira-nossos-artigos\">Quer saber tudo sobre concursos previstos?<br \/>Confira nossos artigos!<\/h2>\n\n\n\n<ul class=\"wp-block-list\"><li><a href=\"https:\/\/www.estrategiaconcursos.com.br\/blog\/concursos-abertos\/\" target=\"_blank\" rel=\"noreferrer noopener\">Concursos abertos<\/a><\/li><li><a href=\"https:\/\/www.estrategiaconcursos.com.br\/blog\/concursos-2022\/\" target=\"_blank\" rel=\"noreferrer noopener\">Concursos 2022<\/a><\/li><\/ul>\n\n\n\n<h2 class=\"has-text-align-center wp-block-heading\" id=\"cursos-assinatura\">Quer estudar para o concurso PM AP?<\/h2>\n\n\n\n<div class=\"container\" id=\"boxes\">\n  <div class=\"row\">\n\n    <div class=\"col-sm\">\n      <div class=\"banner-policial\" id=\"box-assinatura\">\n        <h3 class=\"titulo-assinatura\">Concurso PM AP<\/h3>\n        <p class=\"subtitulo-assinatura\">Conhe\u00e7a os cursos<\/p>\n        <div class=\"box-botao\">\n          <a class=\"btn-assinatura\" target=\"_blank\" href=\"https:\/\/www.estrategiaconcursos.com.br\/cursosPorConcurso\/policia-militar-ap\/\" role=\"button\" rel=\"noopener noreferrer\">Conhe\u00e7a mais<\/a>\n        <\/div>\n      <\/div>\n     \n\n  <\/div>\n<\/div><\/div>\n\n\n\n<div class=\"container\" id=\"boxes\">\n  <div class=\"row\">\n\n    <div class=\"col-sm\">\n      <div class=\"estrategia\" id=\"box-assinatura\">\n        <h3 class=\"titulo-assinatura\">Assinatura Concursos<\/h3>\n        <p class=\"subtitulo-assinatura\">Assinatura de 1 ano ou 2 anos<\/p>\n        <div class=\"box-botao\">\n          <a class=\"btn-assinatura\" target=\"_blank\" href=\"https:\/\/www.estrategiaconcursos.com.br\/assinaturas\/\" role=\"button\" rel=\"noopener noreferrer\">ASSINE AGORA<\/a>\n        <\/div>\n      <\/div>\n     \n    <\/div><\/div><\/div>\n","protected":false},"excerpt":{"rendered":"<p>Qual \u00e9 o conte\u00fado program\u00e1tico do concurso p\u00fablico da Pol\u00edcia Militar do Amap\u00e1 (PM AP) para o cargo de Soldado? Bom, como voc\u00eas sabem, as inscri\u00e7\u00f5es para a nova sele\u00e7\u00e3o da institui\u00e7\u00e3o policial est\u00e3o oficialmente abertas. 2.500 vagas para forma\u00e7\u00e3o de cadastro reserva para o cargo de Soldado da Pol\u00edcia Militar do Amap\u00e1 est\u00e3o em [&hellip;]<\/p>\n","protected":false},"author":1483,"featured_media":777118,"comment_status":"open","ping_status":"closed","sticky":false,"template":"","format":"standard","meta":{"post_tipo":"news","footnotes":""},"categories":[220187,220219],"tags":[],"tax_estado":[219967],"class_list":["post-1033313","post","type-post","status-publish","format-standard","has-post-thumbnail","hentry","category-policial-pracas","category-noticias","tax_estado-ap"],"acf":[],"yoast_head":"<!-- This site is optimized with the Yoast SEO Premium plugin v27.2 (Yoast SEO v27.2) - https:\/\/yoast.com\/product\/yoast-seo-premium-wordpress\/ -->\n<title>Concurso PM AP: confira o conte\u00fado program\u00e1tico para Soldado!<\/title>\n<meta name=\"description\" content=\"Qual \u00e9 o conte\u00fado program\u00e1tico do concurso p\u00fablico da Pol\u00edcia Militar do Amap\u00e1 (PM AP) para o cargo de Soldado? Confira!\" \/>\n<meta name=\"robots\" content=\"index, follow, max-snippet:-1, max-image-preview:large, max-video-preview:-1\" \/>\n<link rel=\"canonical\" href=\"https:\/\/www.estrategiaconcursos.com.br\/blog\/concurso-pm-ap-conteudo-programatico-soldado\/\" \/>\n<meta property=\"og:locale\" content=\"pt_BR\" \/>\n<meta property=\"og:type\" content=\"article\" \/>\n<meta property=\"og:title\" content=\"Concurso PM AP: confira o conte\u00fado program\u00e1tico para Soldado!\" \/>\n<meta property=\"og:description\" content=\"Qual \u00e9 o conte\u00fado program\u00e1tico do concurso p\u00fablico da Pol\u00edcia Militar do Amap\u00e1 (PM AP) para o cargo de Soldado? Confira!\" \/>\n<meta property=\"og:url\" content=\"https:\/\/www.estrategiaconcursos.com.br\/blog\/concurso-pm-ap-conteudo-programatico-soldado\/\" \/>\n<meta property=\"og:site_name\" content=\"Estrat\u00e9gia Concursos\" \/>\n<meta property=\"article:published_time\" content=\"2022-05-24T21:30:00+00:00\" \/>\n<meta property=\"og:image\" content=\"https:\/\/dhg1h5j42swfq.cloudfront.net\/2021\/06\/25131101\/pm-ap.jpg\" \/>\n\t<meta property=\"og:image:width\" content=\"768\" \/>\n\t<meta property=\"og:image:height\" content=\"432\" \/>\n\t<meta property=\"og:image:type\" content=\"image\/jpeg\" \/>\n<meta name=\"author\" content=\"Diogo Mendes\" \/>\n<meta name=\"twitter:card\" content=\"summary_large_image\" \/>\n<meta name=\"twitter:creator\" content=\"@EstratConcursos\" \/>\n<meta name=\"twitter:site\" content=\"@EstratConcursos\" \/>\n<meta name=\"twitter:label1\" content=\"Escrito por\" \/>\n\t<meta name=\"twitter:data1\" content=\"Diogo Mendes\" \/>\n\t<meta name=\"twitter:label2\" content=\"Est. tempo de leitura\" \/>\n\t<meta name=\"twitter:data2\" content=\"6 minutos\" \/>\n<script type=\"application\/ld+json\" class=\"yoast-schema-graph\">{\"@context\":\"https:\/\/schema.org\",\"@graph\":[{\"@type\":\"NewsArticle\",\"@id\":\"https:\/\/www.estrategiaconcursos.com.br\/blog\/concurso-pm-ap-conteudo-programatico-soldado\/#article\",\"isPartOf\":{\"@id\":\"https:\/\/www.estrategiaconcursos.com.br\/blog\/concurso-pm-ap-conteudo-programatico-soldado\/\"},\"author\":{\"name\":\"Diogo Mendes\",\"@id\":\"https:\/\/www.estrategiaconcursos.com.br\/blog\/#\/schema\/person\/cc9e76173880338ce9f656c88664a1f6\"},\"headline\":\"Concurso PM AP: confira o conte\u00fado program\u00e1tico para Soldado!\",\"datePublished\":\"2022-05-24T21:30:00+00:00\",\"mainEntityOfPage\":{\"@id\":\"https:\/\/www.estrategiaconcursos.com.br\/blog\/concurso-pm-ap-conteudo-programatico-soldado\/\"},\"wordCount\":1063,\"commentCount\":0,\"publisher\":{\"@id\":\"https:\/\/www.estrategiaconcursos.com.br\/blog\/#organization\"},\"image\":{\"@id\":\"https:\/\/www.estrategiaconcursos.com.br\/blog\/concurso-pm-ap-conteudo-programatico-soldado\/#primaryimage\"},\"thumbnailUrl\":\"https:\/\/dhg1h5j42swfq.cloudfront.net\/2021\/06\/25131101\/pm-ap.jpg\",\"articleSection\":[\"Policial (PM\/BM - Pra\u00e7as)\",\"\u00daltimas not\u00edcias\"],\"inLanguage\":\"pt-BR\",\"potentialAction\":[{\"@type\":\"CommentAction\",\"name\":\"Comment\",\"target\":[\"https:\/\/www.estrategiaconcursos.com.br\/blog\/concurso-pm-ap-conteudo-programatico-soldado\/#respond\"]}],\"copyrightYear\":\"2022\",\"copyrightHolder\":{\"@id\":\"https:\/\/www.estrategiaconcursos.com.br\/blog\/#organization\"}},{\"@type\":\"WebPage\",\"@id\":\"https:\/\/www.estrategiaconcursos.com.br\/blog\/concurso-pm-ap-conteudo-programatico-soldado\/\",\"url\":\"https:\/\/www.estrategiaconcursos.com.br\/blog\/concurso-pm-ap-conteudo-programatico-soldado\/\",\"name\":\"Concurso PM AP: confira o conte\u00fado program\u00e1tico para Soldado!\",\"isPartOf\":{\"@id\":\"https:\/\/www.estrategiaconcursos.com.br\/blog\/#website\"},\"primaryImageOfPage\":{\"@id\":\"https:\/\/www.estrategiaconcursos.com.br\/blog\/concurso-pm-ap-conteudo-programatico-soldado\/#primaryimage\"},\"image\":{\"@id\":\"https:\/\/www.estrategiaconcursos.com.br\/blog\/concurso-pm-ap-conteudo-programatico-soldado\/#primaryimage\"},\"thumbnailUrl\":\"https:\/\/dhg1h5j42swfq.cloudfront.net\/2021\/06\/25131101\/pm-ap.jpg\",\"datePublished\":\"2022-05-24T21:30:00+00:00\",\"description\":\"Qual \u00e9 o conte\u00fado program\u00e1tico do concurso p\u00fablico da Pol\u00edcia Militar do Amap\u00e1 (PM AP) para o cargo de Soldado? Confira!\",\"breadcrumb\":{\"@id\":\"https:\/\/www.estrategiaconcursos.com.br\/blog\/concurso-pm-ap-conteudo-programatico-soldado\/#breadcrumb\"},\"inLanguage\":\"pt-BR\",\"potentialAction\":[{\"@type\":\"ReadAction\",\"target\":[\"https:\/\/www.estrategiaconcursos.com.br\/blog\/concurso-pm-ap-conteudo-programatico-soldado\/\"]}]},{\"@type\":\"ImageObject\",\"inLanguage\":\"pt-BR\",\"@id\":\"https:\/\/www.estrategiaconcursos.com.br\/blog\/concurso-pm-ap-conteudo-programatico-soldado\/#primaryimage\",\"url\":\"https:\/\/dhg1h5j42swfq.cloudfront.net\/2021\/06\/25131101\/pm-ap.jpg\",\"contentUrl\":\"https:\/\/dhg1h5j42swfq.cloudfront.net\/2021\/06\/25131101\/pm-ap.jpg\",\"width\":768,\"height\":432,\"caption\":\"PM AP\"},{\"@type\":\"BreadcrumbList\",\"@id\":\"https:\/\/www.estrategiaconcursos.com.br\/blog\/concurso-pm-ap-conteudo-programatico-soldado\/#breadcrumb\",\"itemListElement\":[{\"@type\":\"ListItem\",\"position\":1,\"name\":\"In\u00edcio\",\"item\":\"https:\/\/www.estrategiaconcursos.com.br\/blog\/\"},{\"@type\":\"ListItem\",\"position\":2,\"name\":\"Concurso PM AP: confira o conte\u00fado program\u00e1tico para Soldado!\"}]},{\"@type\":\"WebSite\",\"@id\":\"https:\/\/www.estrategiaconcursos.com.br\/blog\/#website\",\"url\":\"https:\/\/www.estrategiaconcursos.com.br\/blog\/\",\"name\":\"Estrat\u00e9gia Concursos\",\"description\":\"O blog da Estrat\u00e9gia Concursos traz not\u00edcias sobre concursos e artigos de professores oferecendo cursos para concursos (pdf + videaulas) no site.\",\"publisher\":{\"@id\":\"https:\/\/www.estrategiaconcursos.com.br\/blog\/#organization\"},\"potentialAction\":[{\"@type\":\"SearchAction\",\"target\":{\"@type\":\"EntryPoint\",\"urlTemplate\":\"https:\/\/www.estrategiaconcursos.com.br\/blog\/?s={search_term_string}\"},\"query-input\":{\"@type\":\"PropertyValueSpecification\",\"valueRequired\":true,\"valueName\":\"search_term_string\"}}],\"inLanguage\":\"pt-BR\"},{\"@type\":\"Organization\",\"@id\":\"https:\/\/www.estrategiaconcursos.com.br\/blog\/#organization\",\"name\":\"Estrat\u00e9gia Concursos\",\"url\":\"https:\/\/www.estrategiaconcursos.com.br\/blog\/\",\"logo\":{\"@type\":\"ImageObject\",\"inLanguage\":\"pt-BR\",\"@id\":\"https:\/\/www.estrategiaconcursos.com.br\/blog\/#\/schema\/logo\/image\/\",\"url\":\"https:\/\/dhg1h5j42swfq.cloudfront.net\/2025\/06\/03203428\/logo_concursos-1.jpg\",\"contentUrl\":\"https:\/\/dhg1h5j42swfq.cloudfront.net\/2025\/06\/03203428\/logo_concursos-1.jpg\",\"width\":230,\"height\":60,\"caption\":\"Estrat\u00e9gia Concursos\"},\"image\":{\"@id\":\"https:\/\/www.estrategiaconcursos.com.br\/blog\/#\/schema\/logo\/image\/\"},\"sameAs\":[\"https:\/\/x.com\/EstratConcursos\"]},{\"@type\":\"Person\",\"@id\":\"https:\/\/www.estrategiaconcursos.com.br\/blog\/#\/schema\/person\/cc9e76173880338ce9f656c88664a1f6\",\"name\":\"Diogo Mendes\",\"image\":{\"@type\":\"ImageObject\",\"inLanguage\":\"pt-BR\",\"@id\":\"https:\/\/secure.gravatar.com\/avatar\/9754d6777d460a45ef4067b586b94c32005cc2345a0404b8d96adc620cf63806?s=96&d=mm&r=g\",\"url\":\"https:\/\/secure.gravatar.com\/avatar\/9754d6777d460a45ef4067b586b94c32005cc2345a0404b8d96adc620cf63806?s=96&d=mm&r=g\",\"contentUrl\":\"https:\/\/secure.gravatar.com\/avatar\/9754d6777d460a45ef4067b586b94c32005cc2345a0404b8d96adc620cf63806?s=96&d=mm&r=g\",\"caption\":\"Diogo Mendes\"},\"description\":\"Diogo Mendes \u00e9 jornalista formado pela Universidade Paulista, com experi\u00eancia em reda\u00e7\u00f5es de diversos ve\u00edculos e na produ\u00e7\u00e3o de conte\u00fados especializados em concursos p\u00fablicos. Desde 2019, atua no Estrat\u00e9gia Concursos como Jornalista e Analista de Conte\u00fado, com foco na apura\u00e7\u00e3o de informa\u00e7\u00f5es junto a \u00f3rg\u00e3os e fontes oficiais. Dedica-se especialmente \u00e0 produ\u00e7\u00e3o de not\u00edcias e reportagens sobre Concursos Legislativos, al\u00e9m de acompanhar diariamente os concursos policiais, banc\u00e1rios e da \u00e1rea da sa\u00fade.\",\"url\":\"https:\/\/www.estrategiaconcursos.com.br\/blog\/author\/diogo-mendesestrategiaconcursos-com-br\/\"}]}<\/script>\n<!-- \/ Yoast SEO Premium plugin. -->","yoast_head_json":{"title":"Concurso PM AP: confira o conte\u00fado program\u00e1tico para Soldado!","description":"Qual \u00e9 o conte\u00fado program\u00e1tico do concurso p\u00fablico da Pol\u00edcia Militar do Amap\u00e1 (PM AP) para o cargo de Soldado? Confira!","robots":{"index":"index","follow":"follow","max-snippet":"max-snippet:-1","max-image-preview":"max-image-preview:large","max-video-preview":"max-video-preview:-1"},"canonical":"https:\/\/www.estrategiaconcursos.com.br\/blog\/concurso-pm-ap-conteudo-programatico-soldado\/","og_locale":"pt_BR","og_type":"article","og_title":"Concurso PM AP: confira o conte\u00fado program\u00e1tico para Soldado!","og_description":"Qual \u00e9 o conte\u00fado program\u00e1tico do concurso p\u00fablico da Pol\u00edcia Militar do Amap\u00e1 (PM AP) para o cargo de Soldado? Confira!","og_url":"https:\/\/www.estrategiaconcursos.com.br\/blog\/concurso-pm-ap-conteudo-programatico-soldado\/","og_site_name":"Estrat\u00e9gia Concursos","article_published_time":"2022-05-24T21:30:00+00:00","og_image":[{"width":768,"height":432,"url":"https:\/\/dhg1h5j42swfq.cloudfront.net\/2021\/06\/25131101\/pm-ap.jpg","type":"image\/jpeg"}],"author":"Diogo Mendes","twitter_card":"summary_large_image","twitter_creator":"@EstratConcursos","twitter_site":"@EstratConcursos","twitter_misc":{"Escrito por":"Diogo Mendes","Est. tempo de leitura":"6 minutos"},"schema":{"@context":"https:\/\/schema.org","@graph":[{"@type":"NewsArticle","@id":"https:\/\/www.estrategiaconcursos.com.br\/blog\/concurso-pm-ap-conteudo-programatico-soldado\/#article","isPartOf":{"@id":"https:\/\/www.estrategiaconcursos.com.br\/blog\/concurso-pm-ap-conteudo-programatico-soldado\/"},"author":{"name":"Diogo Mendes","@id":"https:\/\/www.estrategiaconcursos.com.br\/blog\/#\/schema\/person\/cc9e76173880338ce9f656c88664a1f6"},"headline":"Concurso PM AP: confira o conte\u00fado program\u00e1tico para Soldado!","datePublished":"2022-05-24T21:30:00+00:00","mainEntityOfPage":{"@id":"https:\/\/www.estrategiaconcursos.com.br\/blog\/concurso-pm-ap-conteudo-programatico-soldado\/"},"wordCount":1063,"commentCount":0,"publisher":{"@id":"https:\/\/www.estrategiaconcursos.com.br\/blog\/#organization"},"image":{"@id":"https:\/\/www.estrategiaconcursos.com.br\/blog\/concurso-pm-ap-conteudo-programatico-soldado\/#primaryimage"},"thumbnailUrl":"https:\/\/dhg1h5j42swfq.cloudfront.net\/2021\/06\/25131101\/pm-ap.jpg","articleSection":["Policial (PM\/BM - Pra\u00e7as)","\u00daltimas not\u00edcias"],"inLanguage":"pt-BR","potentialAction":[{"@type":"CommentAction","name":"Comment","target":["https:\/\/www.estrategiaconcursos.com.br\/blog\/concurso-pm-ap-conteudo-programatico-soldado\/#respond"]}],"copyrightYear":"2022","copyrightHolder":{"@id":"https:\/\/www.estrategiaconcursos.com.br\/blog\/#organization"}},{"@type":"WebPage","@id":"https:\/\/www.estrategiaconcursos.com.br\/blog\/concurso-pm-ap-conteudo-programatico-soldado\/","url":"https:\/\/www.estrategiaconcursos.com.br\/blog\/concurso-pm-ap-conteudo-programatico-soldado\/","name":"Concurso PM AP: confira o conte\u00fado program\u00e1tico para Soldado!","isPartOf":{"@id":"https:\/\/www.estrategiaconcursos.com.br\/blog\/#website"},"primaryImageOfPage":{"@id":"https:\/\/www.estrategiaconcursos.com.br\/blog\/concurso-pm-ap-conteudo-programatico-soldado\/#primaryimage"},"image":{"@id":"https:\/\/www.estrategiaconcursos.com.br\/blog\/concurso-pm-ap-conteudo-programatico-soldado\/#primaryimage"},"thumbnailUrl":"https:\/\/dhg1h5j42swfq.cloudfront.net\/2021\/06\/25131101\/pm-ap.jpg","datePublished":"2022-05-24T21:30:00+00:00","description":"Qual \u00e9 o conte\u00fado program\u00e1tico do concurso p\u00fablico da Pol\u00edcia Militar do Amap\u00e1 (PM AP) para o cargo de Soldado? Confira!","breadcrumb":{"@id":"https:\/\/www.estrategiaconcursos.com.br\/blog\/concurso-pm-ap-conteudo-programatico-soldado\/#breadcrumb"},"inLanguage":"pt-BR","potentialAction":[{"@type":"ReadAction","target":["https:\/\/www.estrategiaconcursos.com.br\/blog\/concurso-pm-ap-conteudo-programatico-soldado\/"]}]},{"@type":"ImageObject","inLanguage":"pt-BR","@id":"https:\/\/www.estrategiaconcursos.com.br\/blog\/concurso-pm-ap-conteudo-programatico-soldado\/#primaryimage","url":"https:\/\/dhg1h5j42swfq.cloudfront.net\/2021\/06\/25131101\/pm-ap.jpg","contentUrl":"https:\/\/dhg1h5j42swfq.cloudfront.net\/2021\/06\/25131101\/pm-ap.jpg","width":768,"height":432,"caption":"PM AP"},{"@type":"BreadcrumbList","@id":"https:\/\/www.estrategiaconcursos.com.br\/blog\/concurso-pm-ap-conteudo-programatico-soldado\/#breadcrumb","itemListElement":[{"@type":"ListItem","position":1,"name":"In\u00edcio","item":"https:\/\/www.estrategiaconcursos.com.br\/blog\/"},{"@type":"ListItem","position":2,"name":"Concurso PM AP: confira o conte\u00fado program\u00e1tico para Soldado!"}]},{"@type":"WebSite","@id":"https:\/\/www.estrategiaconcursos.com.br\/blog\/#website","url":"https:\/\/www.estrategiaconcursos.com.br\/blog\/","name":"Estrat\u00e9gia Concursos","description":"O blog da Estrat\u00e9gia Concursos traz not\u00edcias sobre concursos e artigos de professores oferecendo cursos para concursos (pdf + videaulas) no site.","publisher":{"@id":"https:\/\/www.estrategiaconcursos.com.br\/blog\/#organization"},"potentialAction":[{"@type":"SearchAction","target":{"@type":"EntryPoint","urlTemplate":"https:\/\/www.estrategiaconcursos.com.br\/blog\/?s={search_term_string}"},"query-input":{"@type":"PropertyValueSpecification","valueRequired":true,"valueName":"search_term_string"}}],"inLanguage":"pt-BR"},{"@type":"Organization","@id":"https:\/\/www.estrategiaconcursos.com.br\/blog\/#organization","name":"Estrat\u00e9gia Concursos","url":"https:\/\/www.estrategiaconcursos.com.br\/blog\/","logo":{"@type":"ImageObject","inLanguage":"pt-BR","@id":"https:\/\/www.estrategiaconcursos.com.br\/blog\/#\/schema\/logo\/image\/","url":"https:\/\/dhg1h5j42swfq.cloudfront.net\/2025\/06\/03203428\/logo_concursos-1.jpg","contentUrl":"https:\/\/dhg1h5j42swfq.cloudfront.net\/2025\/06\/03203428\/logo_concursos-1.jpg","width":230,"height":60,"caption":"Estrat\u00e9gia Concursos"},"image":{"@id":"https:\/\/www.estrategiaconcursos.com.br\/blog\/#\/schema\/logo\/image\/"},"sameAs":["https:\/\/x.com\/EstratConcursos"]},{"@type":"Person","@id":"https:\/\/www.estrategiaconcursos.com.br\/blog\/#\/schema\/person\/cc9e76173880338ce9f656c88664a1f6","name":"Diogo Mendes","image":{"@type":"ImageObject","inLanguage":"pt-BR","@id":"https:\/\/secure.gravatar.com\/avatar\/9754d6777d460a45ef4067b586b94c32005cc2345a0404b8d96adc620cf63806?s=96&d=mm&r=g","url":"https:\/\/secure.gravatar.com\/avatar\/9754d6777d460a45ef4067b586b94c32005cc2345a0404b8d96adc620cf63806?s=96&d=mm&r=g","contentUrl":"https:\/\/secure.gravatar.com\/avatar\/9754d6777d460a45ef4067b586b94c32005cc2345a0404b8d96adc620cf63806?s=96&d=mm&r=g","caption":"Diogo Mendes"},"description":"Diogo Mendes \u00e9 jornalista formado pela Universidade Paulista, com experi\u00eancia em reda\u00e7\u00f5es de diversos ve\u00edculos e na produ\u00e7\u00e3o de conte\u00fados especializados em concursos p\u00fablicos. Desde 2019, atua no Estrat\u00e9gia Concursos como Jornalista e Analista de Conte\u00fado, com foco na apura\u00e7\u00e3o de informa\u00e7\u00f5es junto a \u00f3rg\u00e3os e fontes oficiais. Dedica-se especialmente \u00e0 produ\u00e7\u00e3o de not\u00edcias e reportagens sobre Concursos Legislativos, al\u00e9m de acompanhar diariamente os concursos policiais, banc\u00e1rios e da \u00e1rea da sa\u00fade.","url":"https:\/\/www.estrategiaconcursos.com.br\/blog\/author\/diogo-mendesestrategiaconcursos-com-br\/"}]}},"_links":{"self":[{"href":"https:\/\/www.estrategiaconcursos.com.br\/blog\/wp-json\/wp\/v2\/posts\/1033313","targetHints":{"allow":["GET"]}}],"collection":[{"href":"https:\/\/www.estrategiaconcursos.com.br\/blog\/wp-json\/wp\/v2\/posts"}],"about":[{"href":"https:\/\/www.estrategiaconcursos.com.br\/blog\/wp-json\/wp\/v2\/types\/post"}],"author":[{"embeddable":true,"href":"https:\/\/www.estrategiaconcursos.com.br\/blog\/wp-json\/wp\/v2\/users\/1483"}],"replies":[{"embeddable":true,"href":"https:\/\/www.estrategiaconcursos.com.br\/blog\/wp-json\/wp\/v2\/comments?post=1033313"}],"version-history":[{"count":4,"href":"https:\/\/www.estrategiaconcursos.com.br\/blog\/wp-json\/wp\/v2\/posts\/1033313\/revisions"}],"predecessor-version":[{"id":1033382,"href":"https:\/\/www.estrategiaconcursos.com.br\/blog\/wp-json\/wp\/v2\/posts\/1033313\/revisions\/1033382"}],"wp:featuredmedia":[{"embeddable":true,"href":"https:\/\/www.estrategiaconcursos.com.br\/blog\/wp-json\/wp\/v2\/media\/777118"}],"wp:attachment":[{"href":"https:\/\/www.estrategiaconcursos.com.br\/blog\/wp-json\/wp\/v2\/media?parent=1033313"}],"wp:term":[{"taxonomy":"category","embeddable":true,"href":"https:\/\/www.estrategiaconcursos.com.br\/blog\/wp-json\/wp\/v2\/categories?post=1033313"},{"taxonomy":"post_tag","embeddable":true,"href":"https:\/\/www.estrategiaconcursos.com.br\/blog\/wp-json\/wp\/v2\/tags?post=1033313"},{"taxonomy":"tax_estado","embeddable":true,"href":"https:\/\/www.estrategiaconcursos.com.br\/blog\/wp-json\/wp\/v2\/tax_estado?post=1033313"}],"curies":[{"name":"wp","href":"https:\/\/api.w.org\/{rel}","templated":true}]}}