{"id":1032687,"date":"2022-05-23T16:53:56","date_gmt":"2022-05-23T19:53:56","guid":{"rendered":"https:\/\/www.estrategiaconcursos.com.br\/blog\/?p=1032687"},"modified":"2022-05-23T18:10:34","modified_gmt":"2022-05-23T21:10:34","slug":"concurso-politec-ro-edital-retificado","status":"publish","type":"post","link":"https:\/\/www.estrategiaconcursos.com.br\/blog\/concurso-politec-ro-edital-retificado\/","title":{"rendered":"Concurso Politec RO tem edital retificado! Confira os detalhes!"},"content":{"rendered":"\n<p>O <strong>edital do concurso Politec RO foi retificado<\/strong>. A principal mudan\u00e7a se deu nas etapas de avalia\u00e7\u00e3o para o cargo de Perito Criminal. Confira abaixo a retifica\u00e7\u00e3o na \u00edntegra!<\/p>\n\n\n\n<ul class=\"has-cyan-bluish-gray-background-color has-background has-medium-font-size wp-block-list\"><li><a href=\"https:\/\/dhg1h5j42swfq.cloudfront.net\/2022\/05\/23161609\/politec_ro_retificacao-72-75.pdf\" target=\"_blank\" rel=\"noreferrer noopener nofollow\"><strong>Edital Concurso Politec &#8211; Retificado<\/strong><\/a><\/li><\/ul>\n\n\n\n<p>Agora, segundo o documento, as \u00e1reas de conhecimentos foram divididas entre conhecimentos b\u00e1sicos e conhecimentos espec\u00edficos, da seguinte forma:<\/p>\n\n\n\n<ul class=\"wp-block-list\"><li><strong><span style=\"text-decoration: underline;\">Perito Criminal \u2013 \u00e1rea 6<\/span>:<\/strong><\/li><li><strong>Conhecimentos b\u00e1sicos<\/strong><ul><li><em>Hist\u00f3ria e Geografia de Rond\u00f4nia \u2013 10<\/em><\/li><li><em>Racioc\u00ednio L\u00f3gico-Matem\u00e1tico \u2013 10<\/em><\/li><\/ul><\/li><li><strong>Conhecimentos espec\u00edficos<\/strong><ul><li><em>No\u00e7\u00f5es de Direito Constitucional, Penal e Processual Penal \u2013 10<\/em><\/li><li><em>Legisla\u00e7\u00e3o Especial e Direitos Humanos \u2013 10<\/em><\/li><li><em>No\u00e7\u00f5es de Biosseguran\u00e7a \u2013 10<\/em><\/li><li><em>Criminal\u00edstica \u2013 10<\/em><\/li><li><em>Conhecimentos espec\u00edficos \u2013\u00a0<\/em>40<\/li><\/ul><\/li><\/ul>\n\n\n\n<ul class=\"wp-block-list\" id=\"block-a6f7d9e5-6a83-4686-b4db-ea79a08a5e9f\"><li><strong><span style=\"text-decoration: underline;\">Perito Criminal \u2013 demais \u00e1reas:<\/span><\/strong><\/li><li><strong>Conhecimentos b\u00e1sicos<\/strong><ul><li><em>Hist\u00f3ria e Geografia de Rond\u00f4nia \u2013 10<\/em><\/li><li><em>Racioc\u00ednio L\u00f3gico-Matem\u00e1tico \u2013 10<\/em><\/li><li><em>No\u00e7\u00f5es de Inform\u00e1tica \u2013 10<\/em><\/li><\/ul><\/li><li><strong>Conhecimentos espec\u00edficos<\/strong><ul><li><em>No\u00e7\u00f5es de Biosseguran\u00e7a \u2013 10<\/em><\/li><li><em>Criminal\u00edstica \u2013 10<\/em><\/li><li><em>No\u00e7\u00f5es de Direito Constitucional, Penal e Processual Penal \u2013 10<\/em><\/li><li><em>Legisla\u00e7\u00e3o Especial e Direitos Humanos \u2013 10<\/em><\/li><li><em>Conhecimentos espec\u00edficos \u2013 30<\/em><\/li><\/ul><\/li><\/ul>\n\n\n\n<p>Com rela\u00e7\u00e3o \u00e0 prova discursiva, para os cargos de Perito Criminal em todas as \u00e1reas, a etapa valer\u00e1 um total de <strong>100,00 pontos<\/strong> e consistir\u00e1 de 4 quest\u00f5es, a serem respondidas em at\u00e9 30 linhas cada, no valor de <strong>25,00 pontos <\/strong>cada, acerca dos objetos de avalia\u00e7\u00e3o referentes \u00e0 <strong>disciplina Criminal\u00edstica.<\/strong><\/p>\n\n\n\n<p>Tamb\u00e9m houve altera\u00e7\u00e3o no conte\u00fado program\u00e1tico de algumas disciplinas para os cargos de Perito Criminal nas <a href=\"https:\/\/dhg1h5j42swfq.cloudfront.net\/2022\/05\/23164529\/especialidades-politec-ro.jpg\" target=\"_blank\" rel=\"noreferrer noopener nofollow\">\u00e1reas 01, 06 e 16<\/a>.<\/p>\n\n\n\n<p>Sob organiza\u00e7\u00e3o do&nbsp;<a href=\"https:\/\/www.cebraspe.org.br\/concursos\/POLITEC_RO_22\" target=\"_blank\" rel=\"noreferrer noopener\">Cebraspe<\/a>, s\u00e3o ofertadas 60 vagas para os cargos de Perito Criminal (em&nbsp;<a href=\"https:\/\/www.estrategiaconcursos.com.br\/blog\/concurso-politec-ro-especialidades-perito\/\" target=\"_blank\" rel=\"noreferrer noopener\">v\u00e1rias \u00e1reas<\/a>) e&nbsp;<a href=\"https:\/\/www.estrategiaconcursos.com.br\/curso\/politec-ro-agente-de-criminalistica-pacote-de-conhecimentos-basicos-2022-pos-edital\/\" target=\"_blank\" rel=\"noreferrer noopener\">Agente de Criminal\u00edstica<\/a>. Os sal\u00e1rios iniciais variam de R$ 4.235,90 a R$ 14.267,80.<\/p>\n\n\n\n<p>As oportunidades se distribuem entre ampla concorr\u00eancia e candidatos com defici\u00eancia, exigindo forma\u00e7\u00e3o de n\u00edvel superior. As provas objetivas seguem previstas para os dias 10 e 17 de julho!<\/p>\n\n\n\n<p>Para mais informa\u00e7\u00f5es do concurso Politec RO, que teve seu edital retificado, acesse o link abaixo.<\/p>\n\n\n\n<p class=\"has-text-align-center has-cyan-bluish-gray-background-color has-background has-medium-font-size\"><strong><a href=\"https:\/\/www.estrategiaconcursos.com.br\/blog\/concurso-politec-ro\/\" target=\"_blank\" rel=\"noreferrer noopener\">Concurso Politec Rond\u00f4nia<\/a><\/strong><\/p>\n\n\n\n<h2 class=\"has-text-align-center wp-block-heading\" id=\"h-quer-saber-tudo-sobre-concursos-previstos-confira-nossos-artigos\">Quer saber tudo sobre concursos previstos?<br \/>Confira nossos artigos!<\/h2>\n\n\n\n<ul class=\"wp-block-list\"><li><a href=\"https:\/\/www.estrategiaconcursos.com.br\/blog\/concursos-abertos\/\" target=\"_blank\" rel=\"noreferrer noopener\">Concursos abertos<\/a><\/li><li><a href=\"https:\/\/www.estrategiaconcursos.com.br\/blog\/concursos-2022\/\" target=\"_blank\" rel=\"noreferrer noopener\">Concursos 2022<\/a><\/li><\/ul>\n\n\n\n<h2 class=\"has-text-align-center wp-block-heading\" id=\"cursos\">Confira nossos cursos para o concurso Politec RO<\/h2>\n\n\n\n<div class=\"container\" id=\"boxes\">\n  <div class=\"row\">\n\n    <div class=\"col-sm\">\n      <div class=\"banner-adm\" id=\"box-assinatura\">\n        <h3 class=\"titulo-assinatura\">Concurso Politec RO<\/h3>\n        <p class=\"subtitulo-assinatura\">Conhe\u00e7a os cursos<\/p>\n        <div class=\"box-botao\">\n          <a class=\"btn-assinatura\" target=\"_blank\" href=\"https:\/\/www.estrategiaconcursos.com.br\/cursosPorConcurso\/policia-tecnico-cientifica-de-rondonia-politec-ro\/\" role=\"button\" rel=\"noopener noreferrer\">Conhe\u00e7a mais<\/a>\n        <\/div>\n      <\/div>\n  \n    <\/div>\n\n  <\/div>\n<\/div>\n\n\n\n<div class=\"container\" id=\"boxes\">\n  <div class=\"row\">\n\n    <div class=\"col-sm\">\n      <div class=\"estrategia\" id=\"box-assinatura\">\n        <h3 class=\"titulo-assinatura\">Assinatura de Concursos<\/h3>\n        <p class=\"subtitulo-assinatura\">Assinatura de 1 ano ou 2 anos<\/p>\n        <div class=\"box-botao\">\n          <a class=\"btn-assinatura\" target=\"_blank\" href=\"https:\/\/www.estrategiaconcursos.com.br\/assinaturas\/\" role=\"button\" rel=\"noopener noreferrer\">ASSINE AGORA<\/a>\n        <\/div>\n      <\/div>\n     \n    <\/div><\/div><\/div>\n","protected":false},"excerpt":{"rendered":"<p>O edital do concurso Politec RO foi retificado. A principal mudan\u00e7a se deu nas etapas de avalia\u00e7\u00e3o para o cargo de Perito Criminal. Confira abaixo a retifica\u00e7\u00e3o na \u00edntegra! Edital Concurso Politec &#8211; Retificado Agora, segundo o documento, as \u00e1reas de conhecimentos foram divididas entre conhecimentos b\u00e1sicos e conhecimentos espec\u00edficos, da seguinte forma: Perito Criminal [&hellip;]<\/p>\n","protected":false},"author":2134,"featured_media":932542,"comment_status":"open","ping_status":"closed","sticky":false,"template":"","format":"standard","meta":{"post_tipo":"news","footnotes":""},"categories":[220190,220219],"tags":[],"tax_estado":[219984],"class_list":["post-1032687","post","type-post","status-publish","format-standard","has-post-thumbnail","hentry","category-policial-peritos","category-noticias","tax_estado-ro"],"acf":[],"yoast_head":"<!-- This site is optimized with the Yoast SEO Premium plugin v27.2 (Yoast SEO v27.2) - https:\/\/yoast.com\/product\/yoast-seo-premium-wordpress\/ -->\n<title>Concurso Politec RO tem edital retificado! Confira os detalhes!<\/title>\n<meta name=\"description\" content=\"Concurso Politec RO tem edital retificado. A principal mudan\u00e7a se deu nas etapas de avalia\u00e7\u00e3o do cargo de Perito Criminal. Confira!\" \/>\n<meta name=\"robots\" content=\"index, follow, max-snippet:-1, max-image-preview:large, max-video-preview:-1\" \/>\n<link rel=\"canonical\" href=\"https:\/\/www.estrategiaconcursos.com.br\/blog\/concurso-politec-ro-edital-retificado\/\" \/>\n<meta property=\"og:locale\" content=\"pt_BR\" \/>\n<meta property=\"og:type\" content=\"article\" \/>\n<meta property=\"og:title\" content=\"Concurso Politec RO tem edital retificado! Confira os detalhes!\" \/>\n<meta property=\"og:description\" content=\"Concurso Politec RO tem edital retificado. A principal mudan\u00e7a se deu nas etapas de avalia\u00e7\u00e3o do cargo de Perito Criminal. Confira!\" \/>\n<meta property=\"og:url\" content=\"https:\/\/www.estrategiaconcursos.com.br\/blog\/concurso-politec-ro-edital-retificado\/\" \/>\n<meta property=\"og:site_name\" content=\"Estrat\u00e9gia Concursos\" \/>\n<meta property=\"article:published_time\" content=\"2022-05-23T19:53:56+00:00\" \/>\n<meta property=\"article:modified_time\" content=\"2022-05-23T21:10:34+00:00\" \/>\n<meta property=\"og:image\" content=\"https:\/\/dhg1h5j42swfq.cloudfront.net\/2021\/12\/18113754\/politec_ro.jpg\" \/>\n\t<meta property=\"og:image:width\" content=\"768\" \/>\n\t<meta property=\"og:image:height\" content=\"432\" \/>\n\t<meta property=\"og:image:type\" content=\"image\/jpeg\" \/>\n<meta name=\"author\" content=\"Rafaela Teixeira\" \/>\n<meta name=\"twitter:card\" content=\"summary_large_image\" \/>\n<meta name=\"twitter:creator\" content=\"@EstratConcursos\" \/>\n<meta name=\"twitter:site\" content=\"@EstratConcursos\" \/>\n<meta name=\"twitter:label1\" content=\"Escrito por\" \/>\n\t<meta name=\"twitter:data1\" content=\"Rafaela Teixeira\" \/>\n\t<meta name=\"twitter:label2\" content=\"Est. tempo de leitura\" \/>\n\t<meta name=\"twitter:data2\" content=\"2 minutos\" \/>\n<script type=\"application\/ld+json\" class=\"yoast-schema-graph\">{\"@context\":\"https:\/\/schema.org\",\"@graph\":[{\"@type\":\"NewsArticle\",\"@id\":\"https:\/\/www.estrategiaconcursos.com.br\/blog\/concurso-politec-ro-edital-retificado\/#article\",\"isPartOf\":{\"@id\":\"https:\/\/www.estrategiaconcursos.com.br\/blog\/concurso-politec-ro-edital-retificado\/\"},\"author\":{\"name\":\"Rafaela Teixeira\",\"@id\":\"https:\/\/www.estrategiaconcursos.com.br\/blog\/#\/schema\/person\/e75352021ea7f60781c599934f916eb1\"},\"headline\":\"Concurso Politec RO tem edital retificado! Confira os detalhes!\",\"datePublished\":\"2022-05-23T19:53:56+00:00\",\"dateModified\":\"2022-05-23T21:10:34+00:00\",\"mainEntityOfPage\":{\"@id\":\"https:\/\/www.estrategiaconcursos.com.br\/blog\/concurso-politec-ro-edital-retificado\/\"},\"wordCount\":364,\"commentCount\":0,\"publisher\":{\"@id\":\"https:\/\/www.estrategiaconcursos.com.br\/blog\/#organization\"},\"image\":{\"@id\":\"https:\/\/www.estrategiaconcursos.com.br\/blog\/concurso-politec-ro-edital-retificado\/#primaryimage\"},\"thumbnailUrl\":\"https:\/\/dhg1h5j42swfq.cloudfront.net\/2021\/12\/18113754\/politec_ro.jpg\",\"articleSection\":[\"Policial (Peritos, Papiloscopistas)\",\"\u00daltimas not\u00edcias\"],\"inLanguage\":\"pt-BR\",\"potentialAction\":[{\"@type\":\"CommentAction\",\"name\":\"Comment\",\"target\":[\"https:\/\/www.estrategiaconcursos.com.br\/blog\/concurso-politec-ro-edital-retificado\/#respond\"]}],\"copyrightYear\":\"2022\",\"copyrightHolder\":{\"@id\":\"https:\/\/www.estrategiaconcursos.com.br\/blog\/#organization\"}},{\"@type\":\"WebPage\",\"@id\":\"https:\/\/www.estrategiaconcursos.com.br\/blog\/concurso-politec-ro-edital-retificado\/\",\"url\":\"https:\/\/www.estrategiaconcursos.com.br\/blog\/concurso-politec-ro-edital-retificado\/\",\"name\":\"Concurso Politec RO tem edital retificado! Confira os detalhes!\",\"isPartOf\":{\"@id\":\"https:\/\/www.estrategiaconcursos.com.br\/blog\/#website\"},\"primaryImageOfPage\":{\"@id\":\"https:\/\/www.estrategiaconcursos.com.br\/blog\/concurso-politec-ro-edital-retificado\/#primaryimage\"},\"image\":{\"@id\":\"https:\/\/www.estrategiaconcursos.com.br\/blog\/concurso-politec-ro-edital-retificado\/#primaryimage\"},\"thumbnailUrl\":\"https:\/\/dhg1h5j42swfq.cloudfront.net\/2021\/12\/18113754\/politec_ro.jpg\",\"datePublished\":\"2022-05-23T19:53:56+00:00\",\"dateModified\":\"2022-05-23T21:10:34+00:00\",\"description\":\"Concurso Politec RO tem edital retificado. A principal mudan\u00e7a se deu nas etapas de avalia\u00e7\u00e3o do cargo de Perito Criminal. Confira!\",\"breadcrumb\":{\"@id\":\"https:\/\/www.estrategiaconcursos.com.br\/blog\/concurso-politec-ro-edital-retificado\/#breadcrumb\"},\"inLanguage\":\"pt-BR\",\"potentialAction\":[{\"@type\":\"ReadAction\",\"target\":[\"https:\/\/www.estrategiaconcursos.com.br\/blog\/concurso-politec-ro-edital-retificado\/\"]}]},{\"@type\":\"ImageObject\",\"inLanguage\":\"pt-BR\",\"@id\":\"https:\/\/www.estrategiaconcursos.com.br\/blog\/concurso-politec-ro-edital-retificado\/#primaryimage\",\"url\":\"https:\/\/dhg1h5j42swfq.cloudfront.net\/2021\/12\/18113754\/politec_ro.jpg\",\"contentUrl\":\"https:\/\/dhg1h5j42swfq.cloudfront.net\/2021\/12\/18113754\/politec_ro.jpg\",\"width\":768,\"height\":432,\"caption\":\"Politec RO\"},{\"@type\":\"BreadcrumbList\",\"@id\":\"https:\/\/www.estrategiaconcursos.com.br\/blog\/concurso-politec-ro-edital-retificado\/#breadcrumb\",\"itemListElement\":[{\"@type\":\"ListItem\",\"position\":1,\"name\":\"In\u00edcio\",\"item\":\"https:\/\/www.estrategiaconcursos.com.br\/blog\/\"},{\"@type\":\"ListItem\",\"position\":2,\"name\":\"Concurso Politec RO tem edital retificado! Confira os detalhes!\"}]},{\"@type\":\"WebSite\",\"@id\":\"https:\/\/www.estrategiaconcursos.com.br\/blog\/#website\",\"url\":\"https:\/\/www.estrategiaconcursos.com.br\/blog\/\",\"name\":\"Estrat\u00e9gia Concursos\",\"description\":\"O blog da Estrat\u00e9gia Concursos traz not\u00edcias sobre concursos e artigos de professores oferecendo cursos para concursos (pdf + videaulas) no site.\",\"publisher\":{\"@id\":\"https:\/\/www.estrategiaconcursos.com.br\/blog\/#organization\"},\"potentialAction\":[{\"@type\":\"SearchAction\",\"target\":{\"@type\":\"EntryPoint\",\"urlTemplate\":\"https:\/\/www.estrategiaconcursos.com.br\/blog\/?s={search_term_string}\"},\"query-input\":{\"@type\":\"PropertyValueSpecification\",\"valueRequired\":true,\"valueName\":\"search_term_string\"}}],\"inLanguage\":\"pt-BR\"},{\"@type\":\"Organization\",\"@id\":\"https:\/\/www.estrategiaconcursos.com.br\/blog\/#organization\",\"name\":\"Estrat\u00e9gia Concursos\",\"url\":\"https:\/\/www.estrategiaconcursos.com.br\/blog\/\",\"logo\":{\"@type\":\"ImageObject\",\"inLanguage\":\"pt-BR\",\"@id\":\"https:\/\/www.estrategiaconcursos.com.br\/blog\/#\/schema\/logo\/image\/\",\"url\":\"https:\/\/dhg1h5j42swfq.cloudfront.net\/2025\/06\/03203428\/logo_concursos-1.jpg\",\"contentUrl\":\"https:\/\/dhg1h5j42swfq.cloudfront.net\/2025\/06\/03203428\/logo_concursos-1.jpg\",\"width\":230,\"height\":60,\"caption\":\"Estrat\u00e9gia Concursos\"},\"image\":{\"@id\":\"https:\/\/www.estrategiaconcursos.com.br\/blog\/#\/schema\/logo\/image\/\"},\"sameAs\":[\"https:\/\/x.com\/EstratConcursos\"]},{\"@type\":\"Person\",\"@id\":\"https:\/\/www.estrategiaconcursos.com.br\/blog\/#\/schema\/person\/e75352021ea7f60781c599934f916eb1\",\"name\":\"Rafaela Teixeira\",\"image\":{\"@type\":\"ImageObject\",\"inLanguage\":\"pt-BR\",\"@id\":\"https:\/\/secure.gravatar.com\/avatar\/8a349a2b22039b1ee88fc06461487c950fd6aa411ea8af8633314b43334ae793?s=96&d=mm&r=g\",\"url\":\"https:\/\/secure.gravatar.com\/avatar\/8a349a2b22039b1ee88fc06461487c950fd6aa411ea8af8633314b43334ae793?s=96&d=mm&r=g\",\"contentUrl\":\"https:\/\/secure.gravatar.com\/avatar\/8a349a2b22039b1ee88fc06461487c950fd6aa411ea8af8633314b43334ae793?s=96&d=mm&r=g\",\"caption\":\"Rafaela Teixeira\"},\"description\":\"Rafaela Teixeira \u00e9 advogada conveniada \u00e0 Defensoria P\u00fablica de S\u00e3o Paulo pela OAB, com experi\u00eancia em reda\u00e7\u00e3o jur\u00eddica e atua\u00e7\u00e3o em institui\u00e7\u00f5es p\u00fablicas, incluindo est\u00e1gio no TRE-SP. Possui mais de 7 anos de experi\u00eancia na produ\u00e7\u00e3o de conte\u00fados voltados ao nicho de concursos p\u00fablicos, com foco em apura\u00e7\u00e3o jornal\u00edstica cont\u00ednua, an\u00e1lise de editais e obten\u00e7\u00e3o de informa\u00e7\u00f5es diretamente junto a \u00f3rg\u00e3os e fontes oficiais. No Blog do Estrat\u00e9gia Concursos, atua como Analista de Conte\u00fado S\u00eanior, respons\u00e1vel pelo jornalismo do per\u00edodo noturno e da madrugada, com atua\u00e7\u00e3o transversal na cobertura de concursos p\u00fablicos, garantindo a continuidade, fluidez e confiabilidade das publica\u00e7\u00f5es e dos bastidores dos certames.\",\"url\":\"https:\/\/www.estrategiaconcursos.com.br\/blog\/author\/rafaela-teixeira\/\"}]}<\/script>\n<!-- \/ Yoast SEO Premium plugin. -->","yoast_head_json":{"title":"Concurso Politec RO tem edital retificado! Confira os detalhes!","description":"Concurso Politec RO tem edital retificado. A principal mudan\u00e7a se deu nas etapas de avalia\u00e7\u00e3o do cargo de Perito Criminal. Confira!","robots":{"index":"index","follow":"follow","max-snippet":"max-snippet:-1","max-image-preview":"max-image-preview:large","max-video-preview":"max-video-preview:-1"},"canonical":"https:\/\/www.estrategiaconcursos.com.br\/blog\/concurso-politec-ro-edital-retificado\/","og_locale":"pt_BR","og_type":"article","og_title":"Concurso Politec RO tem edital retificado! Confira os detalhes!","og_description":"Concurso Politec RO tem edital retificado. A principal mudan\u00e7a se deu nas etapas de avalia\u00e7\u00e3o do cargo de Perito Criminal. Confira!","og_url":"https:\/\/www.estrategiaconcursos.com.br\/blog\/concurso-politec-ro-edital-retificado\/","og_site_name":"Estrat\u00e9gia Concursos","article_published_time":"2022-05-23T19:53:56+00:00","article_modified_time":"2022-05-23T21:10:34+00:00","og_image":[{"width":768,"height":432,"url":"https:\/\/dhg1h5j42swfq.cloudfront.net\/2021\/12\/18113754\/politec_ro.jpg","type":"image\/jpeg"}],"author":"Rafaela Teixeira","twitter_card":"summary_large_image","twitter_creator":"@EstratConcursos","twitter_site":"@EstratConcursos","twitter_misc":{"Escrito por":"Rafaela Teixeira","Est. tempo de leitura":"2 minutos"},"schema":{"@context":"https:\/\/schema.org","@graph":[{"@type":"NewsArticle","@id":"https:\/\/www.estrategiaconcursos.com.br\/blog\/concurso-politec-ro-edital-retificado\/#article","isPartOf":{"@id":"https:\/\/www.estrategiaconcursos.com.br\/blog\/concurso-politec-ro-edital-retificado\/"},"author":{"name":"Rafaela Teixeira","@id":"https:\/\/www.estrategiaconcursos.com.br\/blog\/#\/schema\/person\/e75352021ea7f60781c599934f916eb1"},"headline":"Concurso Politec RO tem edital retificado! Confira os detalhes!","datePublished":"2022-05-23T19:53:56+00:00","dateModified":"2022-05-23T21:10:34+00:00","mainEntityOfPage":{"@id":"https:\/\/www.estrategiaconcursos.com.br\/blog\/concurso-politec-ro-edital-retificado\/"},"wordCount":364,"commentCount":0,"publisher":{"@id":"https:\/\/www.estrategiaconcursos.com.br\/blog\/#organization"},"image":{"@id":"https:\/\/www.estrategiaconcursos.com.br\/blog\/concurso-politec-ro-edital-retificado\/#primaryimage"},"thumbnailUrl":"https:\/\/dhg1h5j42swfq.cloudfront.net\/2021\/12\/18113754\/politec_ro.jpg","articleSection":["Policial (Peritos, Papiloscopistas)","\u00daltimas not\u00edcias"],"inLanguage":"pt-BR","potentialAction":[{"@type":"CommentAction","name":"Comment","target":["https:\/\/www.estrategiaconcursos.com.br\/blog\/concurso-politec-ro-edital-retificado\/#respond"]}],"copyrightYear":"2022","copyrightHolder":{"@id":"https:\/\/www.estrategiaconcursos.com.br\/blog\/#organization"}},{"@type":"WebPage","@id":"https:\/\/www.estrategiaconcursos.com.br\/blog\/concurso-politec-ro-edital-retificado\/","url":"https:\/\/www.estrategiaconcursos.com.br\/blog\/concurso-politec-ro-edital-retificado\/","name":"Concurso Politec RO tem edital retificado! Confira os detalhes!","isPartOf":{"@id":"https:\/\/www.estrategiaconcursos.com.br\/blog\/#website"},"primaryImageOfPage":{"@id":"https:\/\/www.estrategiaconcursos.com.br\/blog\/concurso-politec-ro-edital-retificado\/#primaryimage"},"image":{"@id":"https:\/\/www.estrategiaconcursos.com.br\/blog\/concurso-politec-ro-edital-retificado\/#primaryimage"},"thumbnailUrl":"https:\/\/dhg1h5j42swfq.cloudfront.net\/2021\/12\/18113754\/politec_ro.jpg","datePublished":"2022-05-23T19:53:56+00:00","dateModified":"2022-05-23T21:10:34+00:00","description":"Concurso Politec RO tem edital retificado. A principal mudan\u00e7a se deu nas etapas de avalia\u00e7\u00e3o do cargo de Perito Criminal. Confira!","breadcrumb":{"@id":"https:\/\/www.estrategiaconcursos.com.br\/blog\/concurso-politec-ro-edital-retificado\/#breadcrumb"},"inLanguage":"pt-BR","potentialAction":[{"@type":"ReadAction","target":["https:\/\/www.estrategiaconcursos.com.br\/blog\/concurso-politec-ro-edital-retificado\/"]}]},{"@type":"ImageObject","inLanguage":"pt-BR","@id":"https:\/\/www.estrategiaconcursos.com.br\/blog\/concurso-politec-ro-edital-retificado\/#primaryimage","url":"https:\/\/dhg1h5j42swfq.cloudfront.net\/2021\/12\/18113754\/politec_ro.jpg","contentUrl":"https:\/\/dhg1h5j42swfq.cloudfront.net\/2021\/12\/18113754\/politec_ro.jpg","width":768,"height":432,"caption":"Politec RO"},{"@type":"BreadcrumbList","@id":"https:\/\/www.estrategiaconcursos.com.br\/blog\/concurso-politec-ro-edital-retificado\/#breadcrumb","itemListElement":[{"@type":"ListItem","position":1,"name":"In\u00edcio","item":"https:\/\/www.estrategiaconcursos.com.br\/blog\/"},{"@type":"ListItem","position":2,"name":"Concurso Politec RO tem edital retificado! Confira os detalhes!"}]},{"@type":"WebSite","@id":"https:\/\/www.estrategiaconcursos.com.br\/blog\/#website","url":"https:\/\/www.estrategiaconcursos.com.br\/blog\/","name":"Estrat\u00e9gia Concursos","description":"O blog da Estrat\u00e9gia Concursos traz not\u00edcias sobre concursos e artigos de professores oferecendo cursos para concursos (pdf + videaulas) no site.","publisher":{"@id":"https:\/\/www.estrategiaconcursos.com.br\/blog\/#organization"},"potentialAction":[{"@type":"SearchAction","target":{"@type":"EntryPoint","urlTemplate":"https:\/\/www.estrategiaconcursos.com.br\/blog\/?s={search_term_string}"},"query-input":{"@type":"PropertyValueSpecification","valueRequired":true,"valueName":"search_term_string"}}],"inLanguage":"pt-BR"},{"@type":"Organization","@id":"https:\/\/www.estrategiaconcursos.com.br\/blog\/#organization","name":"Estrat\u00e9gia Concursos","url":"https:\/\/www.estrategiaconcursos.com.br\/blog\/","logo":{"@type":"ImageObject","inLanguage":"pt-BR","@id":"https:\/\/www.estrategiaconcursos.com.br\/blog\/#\/schema\/logo\/image\/","url":"https:\/\/dhg1h5j42swfq.cloudfront.net\/2025\/06\/03203428\/logo_concursos-1.jpg","contentUrl":"https:\/\/dhg1h5j42swfq.cloudfront.net\/2025\/06\/03203428\/logo_concursos-1.jpg","width":230,"height":60,"caption":"Estrat\u00e9gia Concursos"},"image":{"@id":"https:\/\/www.estrategiaconcursos.com.br\/blog\/#\/schema\/logo\/image\/"},"sameAs":["https:\/\/x.com\/EstratConcursos"]},{"@type":"Person","@id":"https:\/\/www.estrategiaconcursos.com.br\/blog\/#\/schema\/person\/e75352021ea7f60781c599934f916eb1","name":"Rafaela Teixeira","image":{"@type":"ImageObject","inLanguage":"pt-BR","@id":"https:\/\/secure.gravatar.com\/avatar\/8a349a2b22039b1ee88fc06461487c950fd6aa411ea8af8633314b43334ae793?s=96&d=mm&r=g","url":"https:\/\/secure.gravatar.com\/avatar\/8a349a2b22039b1ee88fc06461487c950fd6aa411ea8af8633314b43334ae793?s=96&d=mm&r=g","contentUrl":"https:\/\/secure.gravatar.com\/avatar\/8a349a2b22039b1ee88fc06461487c950fd6aa411ea8af8633314b43334ae793?s=96&d=mm&r=g","caption":"Rafaela Teixeira"},"description":"Rafaela Teixeira \u00e9 advogada conveniada \u00e0 Defensoria P\u00fablica de S\u00e3o Paulo pela OAB, com experi\u00eancia em reda\u00e7\u00e3o jur\u00eddica e atua\u00e7\u00e3o em institui\u00e7\u00f5es p\u00fablicas, incluindo est\u00e1gio no TRE-SP. Possui mais de 7 anos de experi\u00eancia na produ\u00e7\u00e3o de conte\u00fados voltados ao nicho de concursos p\u00fablicos, com foco em apura\u00e7\u00e3o jornal\u00edstica cont\u00ednua, an\u00e1lise de editais e obten\u00e7\u00e3o de informa\u00e7\u00f5es diretamente junto a \u00f3rg\u00e3os e fontes oficiais. No Blog do Estrat\u00e9gia Concursos, atua como Analista de Conte\u00fado S\u00eanior, respons\u00e1vel pelo jornalismo do per\u00edodo noturno e da madrugada, com atua\u00e7\u00e3o transversal na cobertura de concursos p\u00fablicos, garantindo a continuidade, fluidez e confiabilidade das publica\u00e7\u00f5es e dos bastidores dos certames.","url":"https:\/\/www.estrategiaconcursos.com.br\/blog\/author\/rafaela-teixeira\/"}]}},"_links":{"self":[{"href":"https:\/\/www.estrategiaconcursos.com.br\/blog\/wp-json\/wp\/v2\/posts\/1032687","targetHints":{"allow":["GET"]}}],"collection":[{"href":"https:\/\/www.estrategiaconcursos.com.br\/blog\/wp-json\/wp\/v2\/posts"}],"about":[{"href":"https:\/\/www.estrategiaconcursos.com.br\/blog\/wp-json\/wp\/v2\/types\/post"}],"author":[{"embeddable":true,"href":"https:\/\/www.estrategiaconcursos.com.br\/blog\/wp-json\/wp\/v2\/users\/2134"}],"replies":[{"embeddable":true,"href":"https:\/\/www.estrategiaconcursos.com.br\/blog\/wp-json\/wp\/v2\/comments?post=1032687"}],"version-history":[{"count":6,"href":"https:\/\/www.estrategiaconcursos.com.br\/blog\/wp-json\/wp\/v2\/posts\/1032687\/revisions"}],"predecessor-version":[{"id":1032836,"href":"https:\/\/www.estrategiaconcursos.com.br\/blog\/wp-json\/wp\/v2\/posts\/1032687\/revisions\/1032836"}],"wp:featuredmedia":[{"embeddable":true,"href":"https:\/\/www.estrategiaconcursos.com.br\/blog\/wp-json\/wp\/v2\/media\/932542"}],"wp:attachment":[{"href":"https:\/\/www.estrategiaconcursos.com.br\/blog\/wp-json\/wp\/v2\/media?parent=1032687"}],"wp:term":[{"taxonomy":"category","embeddable":true,"href":"https:\/\/www.estrategiaconcursos.com.br\/blog\/wp-json\/wp\/v2\/categories?post=1032687"},{"taxonomy":"post_tag","embeddable":true,"href":"https:\/\/www.estrategiaconcursos.com.br\/blog\/wp-json\/wp\/v2\/tags?post=1032687"},{"taxonomy":"tax_estado","embeddable":true,"href":"https:\/\/www.estrategiaconcursos.com.br\/blog\/wp-json\/wp\/v2\/tax_estado?post=1032687"}],"curies":[{"name":"wp","href":"https:\/\/api.w.org\/{rel}","templated":true}]}}