{"id":1032490,"date":"2022-06-21T23:59:00","date_gmt":"2022-06-22T02:59:00","guid":{"rendered":"https:\/\/www.estrategiaconcursos.com.br\/blog\/?p=1032490"},"modified":"2023-04-24T14:08:17","modified_gmt":"2023-04-24T17:08:17","slug":"concurso-santo-andre-edital-publicado","status":"publish","type":"post","link":"https:\/\/www.estrategiaconcursos.com.br\/blog\/concurso-santo-andre-edital-publicado\/","title":{"rendered":"Edital Santo Andr\u00e9: vagas para n\u00edvel m\u00e9dio; Provas em agosto!"},"content":{"rendered":"\n<p>Est\u00e3o encerradas as inscri\u00e7\u00f5es para o edital do concurso da Prefeitura de Santo Andr\u00e9, estado de S\u00e3o Paulo.<\/p>\n\n\n\n<p>S\u00e3o ofertadas 20 vagas para o cargo de <strong><a href=\"https:\/\/www.estrategiaconcursos.com.br\/curso\/prefeitura-de-santo-andre-sp-agente-de-politicas-publicas-e-gestao-governamental-appgg-pacote-2022-pos-edital\/\" target=\"_blank\" rel=\"noreferrer noopener\">Agente de Pol\u00edticas P\u00fablicas e Gest\u00e3o Governamental<\/a> (APPGG)<\/strong>, n\u00edvel m\u00e9dio. <\/p>\n\n\n\n<p>Os interessados em participar da sele\u00e7\u00e3o puderam realizar as inscri\u00e7\u00f5es no per\u00edodo de 23 de maio a 21 de junho, no site da banca, <a href=\"https:\/\/conhecimento.fgv.br\/concursos\/pmsa22\" target=\"_blank\" rel=\"noreferrer noopener\">FGV<\/a>. <\/p>\n\n\n\n<figure class=\"wp-block-image aligncenter size-full is-resized\"><img loading=\"lazy\" decoding=\"async\" src=\"https:\/\/dhg1h5j42swfq.cloudfront.net\/2022\/05\/23141742\/paco-sitew-780x470-1.jpg\" alt=\"Edital Santo Andr\u00e9: pr\u00e9dio do \u00f3rg\u00e3o \" class=\"wp-image-1032527\" width=\"461\" height=\"278\" srcset=\"https:\/\/dhg1h5j42swfq.cloudfront.net\/2022\/05\/23141742\/paco-sitew-780x470-1.jpg 780w, https:\/\/dhg1h5j42swfq.cloudfront.net\/2022\/05\/23141742\/paco-sitew-780x470-1-300x181.jpg 300w, https:\/\/dhg1h5j42swfq.cloudfront.net\/2022\/05\/23141742\/paco-sitew-780x470-1-768x463.jpg 768w, https:\/\/dhg1h5j42swfq.cloudfront.net\/2022\/05\/23141742\/paco-sitew-780x470-1-610x368.jpg 610w\" sizes=\"auto, (max-width: 461px) 100vw, 461px\" \/><\/figure>\n\n\n\n<div class=\"container\" id=\"boxes\">\n  <div class=\"row\">\n\n    <div class=\"col-sm\">\n      <div class=\"banner-estrategia\" id=\"box-assinatura\">\n        <h3 class=\"titulo-assinatura\">Cursos para Prefeitura de Santo Andr\u00e9<\/h3>\n        <p class=\"subtitulo-assinatura\">Conhe\u00e7a os cursos<\/p>\n        <div class=\"box-botao\">\n          <a class=\"btn-assinatura\" target=\"_blank\" href=\"https:\/\/www.estrategiaconcursos.com.br\/cursosPorConcurso\/prefeitura-municipal-de-santo-andre-sp\/\" role=\"button\" rel=\"noopener noreferrer\">Conhe\u00e7a mais<\/a>\n        <\/div>\n      <\/div>\n     \n    <\/div>\n\n  <\/div>\n<\/div>\n\n\n\n<h2 class=\"wp-block-heading\" id=\"datas\">Edital Santo Andr\u00e9: principais datas<\/h2>\n\n\n\n<ul class=\"wp-block-list\">\n<li><strong>Inscri\u00e7\u00f5es:&nbsp;<\/strong><s>23\/05 a 21\/0<\/s>6\/2022 <\/li>\n\n\n\n<li><strong>Pagamento da taxa:<\/strong>&nbsp;at\u00e9 22\/06\/2022<\/li>\n\n\n\n<li><strong>Data da prova:<\/strong>&nbsp;21\/08\/2022 <\/li>\n<\/ul>\n\n\n\n<h2 class=\"wp-block-heading\" id=\"edital-santo-andre-informacoes-sobre-o-cargo\">Edital Santo Andr\u00e9: informa\u00e7\u00f5es sobre o cargo<\/h2>\n\n\n\n<p>De acordo com o edital Santo Andr\u00e9, s\u00e3o ofertadas 20 vagas para o cargo de <strong><a href=\"https:\/\/www.estrategiaconcursos.com.br\/curso\/prefeitura-de-santo-andre-sp-agente-de-politicas-publicas-e-gestao-governamental-appgg-pacote-2022-pos-edital\/\" target=\"_blank\" rel=\"noreferrer noopener\">Agente de Pol\u00edticas P\u00fablicas e Gest\u00e3o Governamental<\/a> (APPGG).<\/strong><\/p>\n\n\n\n<p>A fun\u00e7\u00e3o exige apenas n\u00edvel m\u00e9dio de forma\u00e7\u00e3o, para uma jornada de 40 horas semanais e sal\u00e1rios iniciais (1\u00ba ano) de R$ 2.094,78.<\/p>\n\n\n\n<p>Vale lembrar que para aqueles que estiverem frequentando o Curso Superior de Tecn\u00f3logo em Gest\u00e3o P\u00fablica \u2013 CSTGP, a remunera\u00e7\u00e3o ser\u00e1 proporcional a 50% do valor correspondente \u00e0 classe e n\u00edvel padr\u00e3o.<\/p>\n\n\n\n<p>Ap\u00f3s a conclus\u00e3o no Curso Superior de Tecn\u00f3logo em Gest\u00e3o P\u00fablica, o servidor ter\u00e1 direito \u00e0 remunera\u00e7\u00e3o integral correspondente a sua classe, e sua jornada de trabalho passar\u00e1 a ser a padr\u00e3o.<\/p>\n\n\n\n<p>Veja abaixo: <\/p>\n\n\n\n<ul class=\"wp-block-list\">\n<li>1\u00ba ano: R$ 2.094,78 (metade do valor nominal e do abono)<\/li>\n\n\n\n<li>2\u00ba ano: R$ 2.161,27 (metade do valor nominal e do abono)<\/li>\n\n\n\n<li>3\u00ba ano: R$ 4.460,21 (valor integral)<\/li>\n<\/ul>\n\n\n\n<h2 class=\"wp-block-heading\" id=\"datas\">Edital Santo Andr\u00e9: etapas de provas<\/h2>\n\n\n\n<p>O edital Santo Andr\u00e9 \u00e9 composto de apenas duas etapas, sendo elas: provas objetivas (m\u00faltipla escolha) e avalia\u00e7\u00e3o discursiva (reda\u00e7\u00e3o). Ambas s\u00e3o de car\u00e1ter eliminat\u00f3rio e classificat\u00f3rio.<\/p>\n\n\n\n<p>A aplica\u00e7\u00e3o das provas \u00e9 prevista para ocorrer no dia 21 de agosto, das 14h \u00e0s 19h (hor\u00e1rio oficial de Bras\u00edlia\/DF), conforme especifica o edital de abertura. <\/p>\n\n\n\n<h3 class=\"wp-block-heading\" id=\"objetiva\">Prova objetiva<\/h3>\n\n\n\n<p>A prova objetiva ser\u00e1 composta por 80 quest\u00f5es de m\u00faltipla escolha, com 5 alternativas e apenas 1 resposta correta.<\/p>\n\n\n\n<ul class=\"wp-block-list\">\n<li><strong>Conhecimentos b\u00e1sicos:<\/strong>\n<ul class=\"wp-block-list\">\n<li>L\u00edngua Portuguesa \u2013 15<\/li>\n\n\n\n<li>L\u00edngua Inglesa \u2013 5<\/li>\n\n\n\n<li>Geografia \u2013 10<\/li>\n\n\n\n<li>Hist\u00f3ria \u2013 10<\/li>\n<\/ul>\n<\/li>\n\n\n\n<li><strong>Conhecimentos espec\u00edficos:<\/strong>\n<ul class=\"wp-block-list\">\n<li>No\u00e7\u00f5es B\u00e1sicas do Estado Brasileiro \u2013 7<\/li>\n\n\n\n<li>Manual de Reda\u00e7\u00e3o da Presid\u00eancia da Rep\u00fablica \u2013 7<\/li>\n\n\n\n<li>Legisla\u00e7\u00e3o Municipal \u2013 10<\/li>\n\n\n\n<li>No\u00e7\u00f5es B\u00e1sicas de Inform\u00e1tica \u2013 8<\/li>\n\n\n\n<li>Atualidades \u2013 8<\/li>\n<\/ul>\n<\/li>\n<\/ul>\n\n\n\n<h3 class=\"wp-block-heading\" id=\"discursiva\">Prova discursiva<\/h3>\n\n\n\n<p>A prova discursiva constar\u00e1 de 1 Reda\u00e7\u00e3o, valendo 20 pontos. O texto dever\u00e1 ter n\u00famero m\u00ednimo<br \/>de 15 e m\u00e1ximo de 30 linhas.<\/p>\n\n\n\n<figure class=\"wp-block-image aligncenter\"><img loading=\"lazy\" decoding=\"async\" width=\"543\" height=\"551\" src=\"https:\/\/dhg1h5j42swfq.cloudfront.net\/2022\/05\/23121846\/image-282.png\" alt=\"Crit\u00e9rio de Avalia\u00e7\u00e3o do edital Santo Andr\u00e9\" class=\"wp-image-1032484\" srcset=\"https:\/\/dhg1h5j42swfq.cloudfront.net\/2022\/05\/23121846\/image-282.png 543w, https:\/\/dhg1h5j42swfq.cloudfront.net\/2022\/05\/23121846\/image-282-296x300.png 296w\" sizes=\"auto, (max-width: 543px) 100vw, 543px\" \/><\/figure>\n\n\n\n<hr class=\"wp-block-separator has-css-opacity\"\/>\n\n\n\n<h2 class=\"wp-block-heading has-text-align-center\" id=\"cursos-assinatura\">Quer estudar para o edital Santo Andr\u00e9?<\/h2>\n\n\n\n<div class=\"container\" id=\"boxes\">\n  <div class=\"row\">\n\n    <div class=\"col-sm\">\n      <div class=\"banner-estrategia\" id=\"box-assinatura\">\n        <h3 class=\"titulo-assinatura\">Cursos para Prefeitura de Santo Andr\u00e9<\/h3>\n        <p class=\"subtitulo-assinatura\">Conhe\u00e7a os cursos<\/p>\n        <div class=\"box-botao\">\n          <a class=\"btn-assinatura\" target=\"_blank\" href=\"https:\/\/www.estrategiaconcursos.com.br\/cursosPorConcurso\/prefeitura-municipal-de-santo-andre-sp\/\" role=\"button\" rel=\"noopener noreferrer\">Conhe\u00e7a mais<\/a>\n        <\/div>\n      <\/div>\n     \n    <\/div>\n\n  <\/div>\n<\/div>\n\n\n\n<div class=\"container\" id=\"boxes\">\n  <div class=\"row\">\n\n    <div class=\"col-sm\">\n      <div class=\"estrategia\" id=\"box-assinatura\">\n        <h3 class=\"titulo-assinatura\">Assinatura Concursos<\/h3>\n        <p class=\"subtitulo-assinatura\">Assinatura de 1 ano ou 2 anos<\/p>\n        <div class=\"box-botao\">\n          <a class=\"btn-assinatura\" target=\"_blank\" href=\"https:\/\/www.estrategiaconcursos.com.br\/assinaturas\/\" role=\"button\" rel=\"noopener noreferrer\">ASSINE AGORA<\/a>\n        <\/div>\n      <\/div><\/div><\/div><\/div>\n\n\n\n<h2 class=\"wp-block-heading has-text-align-center\" id=\"cursos\">Quer saber tudo sobre concursos previstos?<br \/>Confira  nossos artigos!<\/h2>\n\n\n\n<ul class=\"wp-block-list\">\n<li><a href=\"https:\/\/www.estrategiaconcursos.com.br\/blog\/concursos-abertos\/\" target=\"_blank\" rel=\"noreferrer noopener\">Concursos abertos<\/a><\/li>\n\n\n\n<li><a href=\"https:\/\/www.estrategiaconcursos.com.br\/blog\/concursos-2022\/\" target=\"_blank\" rel=\"noreferrer noopener\">Concursos 2022<\/a><\/li>\n<\/ul>\n\n\n\n<figure class=\"wp-block-image is-resized\"><img loading=\"lazy\" decoding=\"async\" src=\"https:\/\/dhg1h5j42swfq.cloudfront.net\/2025\/06\/27101122\/ficha-tecnica-1-1024x632.png\" alt=\"Ficha t\u00e9cnica do Concurso Prefeitura de Santo Andr\u00e9\" class=\"wp-image-702728\" width=\"252\" height=\"155\" srcset=\"https:\/\/dhg1h5j42swfq.cloudfront.net\/2025\/06\/27101122\/ficha-tecnica-1-1024x632.png 1024w, https:\/\/dhg1h5j42swfq.cloudfront.net\/2025\/06\/27101122\/ficha-tecnica-1-300x185.png 300w, https:\/\/dhg1h5j42swfq.cloudfront.net\/2025\/06\/27101122\/ficha-tecnica-1-768x474.png 768w, https:\/\/dhg1h5j42swfq.cloudfront.net\/2025\/06\/27101122\/ficha-tecnica-1-1536x948.png 1536w, https:\/\/dhg1h5j42swfq.cloudfront.net\/2025\/06\/27101122\/ficha-tecnica-1-610x377.png 610w, https:\/\/dhg1h5j42swfq.cloudfront.net\/2025\/06\/27101122\/ficha-tecnica-1.png 1571w\" sizes=\"auto, (max-width: 252px) 100vw, 252px\" \/><\/figure>\n\n\n\n<h3 class=\"wp-block-heading\" id=\"ficha\">Informa\u00e7\u00f5es do edital Santo Andr\u00e9<\/h3>\n\n\n\n<ul class=\"wp-block-list\">\n<li><strong>Data da prova<\/strong>:&nbsp;21\/08\/2022<\/li>\n\n\n\n<li><strong>Vagas<\/strong>: 20<\/li>\n\n\n\n<li><strong>Cargo<\/strong>: Agente de Pol\u00edticas P\u00fablicas e Gest\u00e3o Governamental<\/li>\n\n\n\n<li><strong>Banca<\/strong>: FGV<\/li>\n\n\n\n<li><strong>Escolaridade<\/strong>: N\u00edvel m\u00e9dio<\/li>\n\n\n\n<li><strong>Edital:&nbsp;<\/strong><a href=\"https:\/\/dhg1h5j42swfq.cloudfront.net\/2022\/05\/23120153\/pmsa-_edital_de_abertura_-_23052022.pdf\" target=\"_blank\" rel=\"noreferrer noopener nofollow\">Santo Andr\u00e9 (APPGG<\/a>)<\/li>\n<\/ul>\n","protected":false},"excerpt":{"rendered":"<p>Est\u00e3o encerradas as inscri\u00e7\u00f5es para o edital do concurso da Prefeitura de Santo Andr\u00e9, estado de S\u00e3o Paulo. S\u00e3o ofertadas 20 vagas para o cargo de Agente de Pol\u00edticas P\u00fablicas e Gest\u00e3o Governamental (APPGG), n\u00edvel m\u00e9dio. Os interessados em participar da sele\u00e7\u00e3o puderam realizar as inscri\u00e7\u00f5es no per\u00edodo de 23 de maio a 21 de [&hellip;]<\/p>\n","protected":false},"author":656,"featured_media":483942,"comment_status":"open","ping_status":"closed","sticky":false,"template":"","format":"standard","meta":{"post_tipo":"news","footnotes":""},"categories":[214992,220219],"tags":[],"tax_estado":[219989],"class_list":["post-1032490","post","type-post","status-publish","format-standard","has-post-thumbnail","hentry","category-concursos-administrativos","category-noticias","tax_estado-sp"],"acf":[],"yoast_head":"<!-- This site is optimized with the Yoast SEO Premium plugin v27.2 (Yoast SEO v27.2) - https:\/\/yoast.com\/product\/yoast-seo-premium-wordpress\/ -->\n<title>Edital Santo Andr\u00e9: vagas para n\u00edvel m\u00e9dio; Provas em agosto!<\/title>\n<meta name=\"description\" content=\"Edital Santo Andr\u00e9: edital oferta 20 vagas para o cargo de Agente de Pol\u00edticas P\u00fablicas e Gest\u00e3o Governamental. Inscri\u00e7\u00f5es encerradas.\" \/>\n<meta name=\"robots\" content=\"index, follow, max-snippet:-1, max-image-preview:large, max-video-preview:-1\" \/>\n<link rel=\"canonical\" href=\"https:\/\/www.estrategiaconcursos.com.br\/blog\/concurso-santo-andre-edital-publicado\/\" \/>\n<meta property=\"og:locale\" content=\"pt_BR\" \/>\n<meta property=\"og:type\" content=\"article\" \/>\n<meta property=\"og:title\" content=\"Edital Santo Andr\u00e9: vagas para n\u00edvel m\u00e9dio; Provas em agosto!\" \/>\n<meta property=\"og:description\" content=\"Edital Santo Andr\u00e9: edital oferta 20 vagas para o cargo de Agente de Pol\u00edticas P\u00fablicas e Gest\u00e3o Governamental. Inscri\u00e7\u00f5es encerradas.\" \/>\n<meta property=\"og:url\" content=\"https:\/\/www.estrategiaconcursos.com.br\/blog\/concurso-santo-andre-edital-publicado\/\" \/>\n<meta property=\"og:site_name\" content=\"Estrat\u00e9gia Concursos\" \/>\n<meta property=\"article:published_time\" content=\"2022-06-22T02:59:00+00:00\" \/>\n<meta property=\"article:modified_time\" content=\"2023-04-24T17:08:17+00:00\" \/>\n<meta property=\"og:image\" content=\"https:\/\/dhg1h5j42swfq.cloudfront.net\/2020\/02\/19160227\/Prefeitura-de-Santo-Andre%CC%81.jpg\" \/>\n\t<meta property=\"og:image:width\" content=\"1200\" \/>\n\t<meta property=\"og:image:height\" content=\"628\" \/>\n\t<meta property=\"og:image:type\" content=\"image\/jpeg\" \/>\n<meta name=\"author\" content=\"F\u00e1bio Scaldelai\" \/>\n<meta name=\"twitter:card\" content=\"summary_large_image\" \/>\n<meta name=\"twitter:creator\" content=\"@EstratConcursos\" \/>\n<meta name=\"twitter:site\" content=\"@EstratConcursos\" \/>\n<meta name=\"twitter:label1\" content=\"Escrito por\" \/>\n\t<meta name=\"twitter:data1\" content=\"F\u00e1bio Scaldelai\" \/>\n\t<meta name=\"twitter:label2\" content=\"Est. tempo de leitura\" \/>\n\t<meta name=\"twitter:data2\" content=\"4 minutos\" \/>\n<script type=\"application\/ld+json\" class=\"yoast-schema-graph\">{\"@context\":\"https:\/\/schema.org\",\"@graph\":[{\"@type\":\"NewsArticle\",\"@id\":\"https:\/\/www.estrategiaconcursos.com.br\/blog\/concurso-santo-andre-edital-publicado\/#article\",\"isPartOf\":{\"@id\":\"https:\/\/www.estrategiaconcursos.com.br\/blog\/concurso-santo-andre-edital-publicado\/\"},\"author\":{\"name\":\"F\u00e1bio Scaldelai\",\"@id\":\"https:\/\/www.estrategiaconcursos.com.br\/blog\/#\/schema\/person\/e3b6b7ce0192dd4ad270655969d61750\"},\"headline\":\"Edital Santo Andr\u00e9: vagas para n\u00edvel m\u00e9dio; Provas em agosto!\",\"datePublished\":\"2022-06-22T02:59:00+00:00\",\"dateModified\":\"2023-04-24T17:08:17+00:00\",\"mainEntityOfPage\":{\"@id\":\"https:\/\/www.estrategiaconcursos.com.br\/blog\/concurso-santo-andre-edital-publicado\/\"},\"wordCount\":499,\"commentCount\":0,\"publisher\":{\"@id\":\"https:\/\/www.estrategiaconcursos.com.br\/blog\/#organization\"},\"image\":{\"@id\":\"https:\/\/www.estrategiaconcursos.com.br\/blog\/concurso-santo-andre-edital-publicado\/#primaryimage\"},\"thumbnailUrl\":\"https:\/\/dhg1h5j42swfq.cloudfront.net\/2020\/02\/19160227\/Prefeitura-de-Santo-Andre%CC%81.jpg\",\"articleSection\":[\"Executivo (Administrativa)\",\"\u00daltimas not\u00edcias\"],\"inLanguage\":\"pt-BR\",\"potentialAction\":[{\"@type\":\"CommentAction\",\"name\":\"Comment\",\"target\":[\"https:\/\/www.estrategiaconcursos.com.br\/blog\/concurso-santo-andre-edital-publicado\/#respond\"]}],\"copyrightYear\":\"2022\",\"copyrightHolder\":{\"@id\":\"https:\/\/www.estrategiaconcursos.com.br\/blog\/#organization\"}},{\"@type\":\"WebPage\",\"@id\":\"https:\/\/www.estrategiaconcursos.com.br\/blog\/concurso-santo-andre-edital-publicado\/\",\"url\":\"https:\/\/www.estrategiaconcursos.com.br\/blog\/concurso-santo-andre-edital-publicado\/\",\"name\":\"Edital Santo Andr\u00e9: vagas para n\u00edvel m\u00e9dio; Provas em agosto!\",\"isPartOf\":{\"@id\":\"https:\/\/www.estrategiaconcursos.com.br\/blog\/#website\"},\"primaryImageOfPage\":{\"@id\":\"https:\/\/www.estrategiaconcursos.com.br\/blog\/concurso-santo-andre-edital-publicado\/#primaryimage\"},\"image\":{\"@id\":\"https:\/\/www.estrategiaconcursos.com.br\/blog\/concurso-santo-andre-edital-publicado\/#primaryimage\"},\"thumbnailUrl\":\"https:\/\/dhg1h5j42swfq.cloudfront.net\/2020\/02\/19160227\/Prefeitura-de-Santo-Andre%CC%81.jpg\",\"datePublished\":\"2022-06-22T02:59:00+00:00\",\"dateModified\":\"2023-04-24T17:08:17+00:00\",\"description\":\"Edital Santo Andr\u00e9: edital oferta 20 vagas para o cargo de Agente de Pol\u00edticas P\u00fablicas e Gest\u00e3o Governamental. Inscri\u00e7\u00f5es encerradas.\",\"breadcrumb\":{\"@id\":\"https:\/\/www.estrategiaconcursos.com.br\/blog\/concurso-santo-andre-edital-publicado\/#breadcrumb\"},\"inLanguage\":\"pt-BR\",\"potentialAction\":[{\"@type\":\"ReadAction\",\"target\":[\"https:\/\/www.estrategiaconcursos.com.br\/blog\/concurso-santo-andre-edital-publicado\/\"]}]},{\"@type\":\"ImageObject\",\"inLanguage\":\"pt-BR\",\"@id\":\"https:\/\/www.estrategiaconcursos.com.br\/blog\/concurso-santo-andre-edital-publicado\/#primaryimage\",\"url\":\"https:\/\/dhg1h5j42swfq.cloudfront.net\/2020\/02\/19160227\/Prefeitura-de-Santo-Andre%CC%81.jpg\",\"contentUrl\":\"https:\/\/dhg1h5j42swfq.cloudfront.net\/2020\/02\/19160227\/Prefeitura-de-Santo-Andre%CC%81.jpg\",\"width\":1200,\"height\":628,\"caption\":\"Concurso Santo Andr\u00e9 SP\"},{\"@type\":\"BreadcrumbList\",\"@id\":\"https:\/\/www.estrategiaconcursos.com.br\/blog\/concurso-santo-andre-edital-publicado\/#breadcrumb\",\"itemListElement\":[{\"@type\":\"ListItem\",\"position\":1,\"name\":\"In\u00edcio\",\"item\":\"https:\/\/www.estrategiaconcursos.com.br\/blog\/\"},{\"@type\":\"ListItem\",\"position\":2,\"name\":\"Edital Santo Andr\u00e9: vagas para n\u00edvel m\u00e9dio; Provas em agosto!\"}]},{\"@type\":\"WebSite\",\"@id\":\"https:\/\/www.estrategiaconcursos.com.br\/blog\/#website\",\"url\":\"https:\/\/www.estrategiaconcursos.com.br\/blog\/\",\"name\":\"Estrat\u00e9gia Concursos\",\"description\":\"O blog da Estrat\u00e9gia Concursos traz not\u00edcias sobre concursos e artigos de professores oferecendo cursos para concursos (pdf + videaulas) no site.\",\"publisher\":{\"@id\":\"https:\/\/www.estrategiaconcursos.com.br\/blog\/#organization\"},\"potentialAction\":[{\"@type\":\"SearchAction\",\"target\":{\"@type\":\"EntryPoint\",\"urlTemplate\":\"https:\/\/www.estrategiaconcursos.com.br\/blog\/?s={search_term_string}\"},\"query-input\":{\"@type\":\"PropertyValueSpecification\",\"valueRequired\":true,\"valueName\":\"search_term_string\"}}],\"inLanguage\":\"pt-BR\"},{\"@type\":\"Organization\",\"@id\":\"https:\/\/www.estrategiaconcursos.com.br\/blog\/#organization\",\"name\":\"Estrat\u00e9gia Concursos\",\"url\":\"https:\/\/www.estrategiaconcursos.com.br\/blog\/\",\"logo\":{\"@type\":\"ImageObject\",\"inLanguage\":\"pt-BR\",\"@id\":\"https:\/\/www.estrategiaconcursos.com.br\/blog\/#\/schema\/logo\/image\/\",\"url\":\"https:\/\/dhg1h5j42swfq.cloudfront.net\/2025\/06\/03203428\/logo_concursos-1.jpg\",\"contentUrl\":\"https:\/\/dhg1h5j42swfq.cloudfront.net\/2025\/06\/03203428\/logo_concursos-1.jpg\",\"width\":230,\"height\":60,\"caption\":\"Estrat\u00e9gia Concursos\"},\"image\":{\"@id\":\"https:\/\/www.estrategiaconcursos.com.br\/blog\/#\/schema\/logo\/image\/\"},\"sameAs\":[\"https:\/\/x.com\/EstratConcursos\"]},{\"@type\":\"Person\",\"@id\":\"https:\/\/www.estrategiaconcursos.com.br\/blog\/#\/schema\/person\/e3b6b7ce0192dd4ad270655969d61750\",\"name\":\"F\u00e1bio Scaldelai\",\"image\":{\"@type\":\"ImageObject\",\"inLanguage\":\"pt-BR\",\"@id\":\"https:\/\/secure.gravatar.com\/avatar\/8ed7492c4d88d8495bc0cb24cda6847b8ae23eec459a919e08e77d0ca0fd79ec?s=96&d=mm&r=g\",\"url\":\"https:\/\/secure.gravatar.com\/avatar\/8ed7492c4d88d8495bc0cb24cda6847b8ae23eec459a919e08e77d0ca0fd79ec?s=96&d=mm&r=g\",\"contentUrl\":\"https:\/\/secure.gravatar.com\/avatar\/8ed7492c4d88d8495bc0cb24cda6847b8ae23eec459a919e08e77d0ca0fd79ec?s=96&d=mm&r=g\",\"caption\":\"F\u00e1bio Scaldelai\"},\"description\":\"Jornalista no Estrat\u00e9gia Concursos e Produtor de Televis\u00e3o, formado em Jornalismo, R\u00e1dio e TV pela Faculdade Integrada Rio Branco, com especializa\u00e7\u00f5es em Gest\u00e3o Empresarial e Marketing pelo M\u00f3dulo. Atuou como produtor no SBT, TV Bandeirantes e R\u00e1dio Band FM, al\u00e9m de acumular tr\u00eas anos de experi\u00eancia no setor de concursos p\u00fablicos pela LFG (Luiz Fl\u00e1vio Gomes). No Estrat\u00e9gia Concursos, atua na apura\u00e7\u00e3o de not\u00edcias da \u00e1rea fiscal, al\u00e9m de coberturas sobre concursos das \u00e1reas de controle (TCU, TCE, etc), concurso AFT, \u00e1rea de gest\u00e3o e administrativa, bem como dos \u00f3rg\u00e3os participantes do CNU. Tamb\u00e9m possui experi\u00eancia em link building e an\u00e1lise de m\u00eddia, adquirida durante sua atua\u00e7\u00e3o na ag\u00eancia SEO Marketing.\",\"url\":\"https:\/\/www.estrategiaconcursos.com.br\/blog\/author\/fabio-scaldelaiestrategiaconcursos-com-br\/\"}]}<\/script>\n<!-- \/ Yoast SEO Premium plugin. -->","yoast_head_json":{"title":"Edital Santo Andr\u00e9: vagas para n\u00edvel m\u00e9dio; Provas em agosto!","description":"Edital Santo Andr\u00e9: edital oferta 20 vagas para o cargo de Agente de Pol\u00edticas P\u00fablicas e Gest\u00e3o Governamental. Inscri\u00e7\u00f5es encerradas.","robots":{"index":"index","follow":"follow","max-snippet":"max-snippet:-1","max-image-preview":"max-image-preview:large","max-video-preview":"max-video-preview:-1"},"canonical":"https:\/\/www.estrategiaconcursos.com.br\/blog\/concurso-santo-andre-edital-publicado\/","og_locale":"pt_BR","og_type":"article","og_title":"Edital Santo Andr\u00e9: vagas para n\u00edvel m\u00e9dio; Provas em agosto!","og_description":"Edital Santo Andr\u00e9: edital oferta 20 vagas para o cargo de Agente de Pol\u00edticas P\u00fablicas e Gest\u00e3o Governamental. Inscri\u00e7\u00f5es encerradas.","og_url":"https:\/\/www.estrategiaconcursos.com.br\/blog\/concurso-santo-andre-edital-publicado\/","og_site_name":"Estrat\u00e9gia Concursos","article_published_time":"2022-06-22T02:59:00+00:00","article_modified_time":"2023-04-24T17:08:17+00:00","og_image":[{"width":1200,"height":628,"url":"https:\/\/dhg1h5j42swfq.cloudfront.net\/2020\/02\/19160227\/Prefeitura-de-Santo-Andre%CC%81.jpg","type":"image\/jpeg"}],"author":"F\u00e1bio Scaldelai","twitter_card":"summary_large_image","twitter_creator":"@EstratConcursos","twitter_site":"@EstratConcursos","twitter_misc":{"Escrito por":"F\u00e1bio Scaldelai","Est. tempo de leitura":"4 minutos"},"schema":{"@context":"https:\/\/schema.org","@graph":[{"@type":"NewsArticle","@id":"https:\/\/www.estrategiaconcursos.com.br\/blog\/concurso-santo-andre-edital-publicado\/#article","isPartOf":{"@id":"https:\/\/www.estrategiaconcursos.com.br\/blog\/concurso-santo-andre-edital-publicado\/"},"author":{"name":"F\u00e1bio Scaldelai","@id":"https:\/\/www.estrategiaconcursos.com.br\/blog\/#\/schema\/person\/e3b6b7ce0192dd4ad270655969d61750"},"headline":"Edital Santo Andr\u00e9: vagas para n\u00edvel m\u00e9dio; Provas em agosto!","datePublished":"2022-06-22T02:59:00+00:00","dateModified":"2023-04-24T17:08:17+00:00","mainEntityOfPage":{"@id":"https:\/\/www.estrategiaconcursos.com.br\/blog\/concurso-santo-andre-edital-publicado\/"},"wordCount":499,"commentCount":0,"publisher":{"@id":"https:\/\/www.estrategiaconcursos.com.br\/blog\/#organization"},"image":{"@id":"https:\/\/www.estrategiaconcursos.com.br\/blog\/concurso-santo-andre-edital-publicado\/#primaryimage"},"thumbnailUrl":"https:\/\/dhg1h5j42swfq.cloudfront.net\/2020\/02\/19160227\/Prefeitura-de-Santo-Andre%CC%81.jpg","articleSection":["Executivo (Administrativa)","\u00daltimas not\u00edcias"],"inLanguage":"pt-BR","potentialAction":[{"@type":"CommentAction","name":"Comment","target":["https:\/\/www.estrategiaconcursos.com.br\/blog\/concurso-santo-andre-edital-publicado\/#respond"]}],"copyrightYear":"2022","copyrightHolder":{"@id":"https:\/\/www.estrategiaconcursos.com.br\/blog\/#organization"}},{"@type":"WebPage","@id":"https:\/\/www.estrategiaconcursos.com.br\/blog\/concurso-santo-andre-edital-publicado\/","url":"https:\/\/www.estrategiaconcursos.com.br\/blog\/concurso-santo-andre-edital-publicado\/","name":"Edital Santo Andr\u00e9: vagas para n\u00edvel m\u00e9dio; Provas em agosto!","isPartOf":{"@id":"https:\/\/www.estrategiaconcursos.com.br\/blog\/#website"},"primaryImageOfPage":{"@id":"https:\/\/www.estrategiaconcursos.com.br\/blog\/concurso-santo-andre-edital-publicado\/#primaryimage"},"image":{"@id":"https:\/\/www.estrategiaconcursos.com.br\/blog\/concurso-santo-andre-edital-publicado\/#primaryimage"},"thumbnailUrl":"https:\/\/dhg1h5j42swfq.cloudfront.net\/2020\/02\/19160227\/Prefeitura-de-Santo-Andre%CC%81.jpg","datePublished":"2022-06-22T02:59:00+00:00","dateModified":"2023-04-24T17:08:17+00:00","description":"Edital Santo Andr\u00e9: edital oferta 20 vagas para o cargo de Agente de Pol\u00edticas P\u00fablicas e Gest\u00e3o Governamental. Inscri\u00e7\u00f5es encerradas.","breadcrumb":{"@id":"https:\/\/www.estrategiaconcursos.com.br\/blog\/concurso-santo-andre-edital-publicado\/#breadcrumb"},"inLanguage":"pt-BR","potentialAction":[{"@type":"ReadAction","target":["https:\/\/www.estrategiaconcursos.com.br\/blog\/concurso-santo-andre-edital-publicado\/"]}]},{"@type":"ImageObject","inLanguage":"pt-BR","@id":"https:\/\/www.estrategiaconcursos.com.br\/blog\/concurso-santo-andre-edital-publicado\/#primaryimage","url":"https:\/\/dhg1h5j42swfq.cloudfront.net\/2020\/02\/19160227\/Prefeitura-de-Santo-Andre%CC%81.jpg","contentUrl":"https:\/\/dhg1h5j42swfq.cloudfront.net\/2020\/02\/19160227\/Prefeitura-de-Santo-Andre%CC%81.jpg","width":1200,"height":628,"caption":"Concurso Santo Andr\u00e9 SP"},{"@type":"BreadcrumbList","@id":"https:\/\/www.estrategiaconcursos.com.br\/blog\/concurso-santo-andre-edital-publicado\/#breadcrumb","itemListElement":[{"@type":"ListItem","position":1,"name":"In\u00edcio","item":"https:\/\/www.estrategiaconcursos.com.br\/blog\/"},{"@type":"ListItem","position":2,"name":"Edital Santo Andr\u00e9: vagas para n\u00edvel m\u00e9dio; Provas em agosto!"}]},{"@type":"WebSite","@id":"https:\/\/www.estrategiaconcursos.com.br\/blog\/#website","url":"https:\/\/www.estrategiaconcursos.com.br\/blog\/","name":"Estrat\u00e9gia Concursos","description":"O blog da Estrat\u00e9gia Concursos traz not\u00edcias sobre concursos e artigos de professores oferecendo cursos para concursos (pdf + videaulas) no site.","publisher":{"@id":"https:\/\/www.estrategiaconcursos.com.br\/blog\/#organization"},"potentialAction":[{"@type":"SearchAction","target":{"@type":"EntryPoint","urlTemplate":"https:\/\/www.estrategiaconcursos.com.br\/blog\/?s={search_term_string}"},"query-input":{"@type":"PropertyValueSpecification","valueRequired":true,"valueName":"search_term_string"}}],"inLanguage":"pt-BR"},{"@type":"Organization","@id":"https:\/\/www.estrategiaconcursos.com.br\/blog\/#organization","name":"Estrat\u00e9gia Concursos","url":"https:\/\/www.estrategiaconcursos.com.br\/blog\/","logo":{"@type":"ImageObject","inLanguage":"pt-BR","@id":"https:\/\/www.estrategiaconcursos.com.br\/blog\/#\/schema\/logo\/image\/","url":"https:\/\/dhg1h5j42swfq.cloudfront.net\/2025\/06\/03203428\/logo_concursos-1.jpg","contentUrl":"https:\/\/dhg1h5j42swfq.cloudfront.net\/2025\/06\/03203428\/logo_concursos-1.jpg","width":230,"height":60,"caption":"Estrat\u00e9gia Concursos"},"image":{"@id":"https:\/\/www.estrategiaconcursos.com.br\/blog\/#\/schema\/logo\/image\/"},"sameAs":["https:\/\/x.com\/EstratConcursos"]},{"@type":"Person","@id":"https:\/\/www.estrategiaconcursos.com.br\/blog\/#\/schema\/person\/e3b6b7ce0192dd4ad270655969d61750","name":"F\u00e1bio Scaldelai","image":{"@type":"ImageObject","inLanguage":"pt-BR","@id":"https:\/\/secure.gravatar.com\/avatar\/8ed7492c4d88d8495bc0cb24cda6847b8ae23eec459a919e08e77d0ca0fd79ec?s=96&d=mm&r=g","url":"https:\/\/secure.gravatar.com\/avatar\/8ed7492c4d88d8495bc0cb24cda6847b8ae23eec459a919e08e77d0ca0fd79ec?s=96&d=mm&r=g","contentUrl":"https:\/\/secure.gravatar.com\/avatar\/8ed7492c4d88d8495bc0cb24cda6847b8ae23eec459a919e08e77d0ca0fd79ec?s=96&d=mm&r=g","caption":"F\u00e1bio Scaldelai"},"description":"Jornalista no Estrat\u00e9gia Concursos e Produtor de Televis\u00e3o, formado em Jornalismo, R\u00e1dio e TV pela Faculdade Integrada Rio Branco, com especializa\u00e7\u00f5es em Gest\u00e3o Empresarial e Marketing pelo M\u00f3dulo. Atuou como produtor no SBT, TV Bandeirantes e R\u00e1dio Band FM, al\u00e9m de acumular tr\u00eas anos de experi\u00eancia no setor de concursos p\u00fablicos pela LFG (Luiz Fl\u00e1vio Gomes). No Estrat\u00e9gia Concursos, atua na apura\u00e7\u00e3o de not\u00edcias da \u00e1rea fiscal, al\u00e9m de coberturas sobre concursos das \u00e1reas de controle (TCU, TCE, etc), concurso AFT, \u00e1rea de gest\u00e3o e administrativa, bem como dos \u00f3rg\u00e3os participantes do CNU. Tamb\u00e9m possui experi\u00eancia em link building e an\u00e1lise de m\u00eddia, adquirida durante sua atua\u00e7\u00e3o na ag\u00eancia SEO Marketing.","url":"https:\/\/www.estrategiaconcursos.com.br\/blog\/author\/fabio-scaldelaiestrategiaconcursos-com-br\/"}]}},"_links":{"self":[{"href":"https:\/\/www.estrategiaconcursos.com.br\/blog\/wp-json\/wp\/v2\/posts\/1032490","targetHints":{"allow":["GET"]}}],"collection":[{"href":"https:\/\/www.estrategiaconcursos.com.br\/blog\/wp-json\/wp\/v2\/posts"}],"about":[{"href":"https:\/\/www.estrategiaconcursos.com.br\/blog\/wp-json\/wp\/v2\/types\/post"}],"author":[{"embeddable":true,"href":"https:\/\/www.estrategiaconcursos.com.br\/blog\/wp-json\/wp\/v2\/users\/656"}],"replies":[{"embeddable":true,"href":"https:\/\/www.estrategiaconcursos.com.br\/blog\/wp-json\/wp\/v2\/comments?post=1032490"}],"version-history":[{"count":11,"href":"https:\/\/www.estrategiaconcursos.com.br\/blog\/wp-json\/wp\/v2\/posts\/1032490\/revisions"}],"predecessor-version":[{"id":1205970,"href":"https:\/\/www.estrategiaconcursos.com.br\/blog\/wp-json\/wp\/v2\/posts\/1032490\/revisions\/1205970"}],"wp:featuredmedia":[{"embeddable":true,"href":"https:\/\/www.estrategiaconcursos.com.br\/blog\/wp-json\/wp\/v2\/media\/483942"}],"wp:attachment":[{"href":"https:\/\/www.estrategiaconcursos.com.br\/blog\/wp-json\/wp\/v2\/media?parent=1032490"}],"wp:term":[{"taxonomy":"category","embeddable":true,"href":"https:\/\/www.estrategiaconcursos.com.br\/blog\/wp-json\/wp\/v2\/categories?post=1032490"},{"taxonomy":"post_tag","embeddable":true,"href":"https:\/\/www.estrategiaconcursos.com.br\/blog\/wp-json\/wp\/v2\/tags?post=1032490"},{"taxonomy":"tax_estado","embeddable":true,"href":"https:\/\/www.estrategiaconcursos.com.br\/blog\/wp-json\/wp\/v2\/tax_estado?post=1032490"}],"curies":[{"name":"wp","href":"https:\/\/api.w.org\/{rel}","templated":true}]}}