{"id":103236,"date":"2018-01-22T11:43:13","date_gmt":"2018-01-22T14:43:13","guid":{"rendered":"https:\/\/www.estrategiaconcursos.com.br\/blog\/?p=103236"},"modified":"2023-08-31T13:25:50","modified_gmt":"2023-08-31T16:25:50","slug":"curso-para-analista-legislativo-arquitetura-ale-rs","status":"publish","type":"post","link":"https:\/\/www.estrategiaconcursos.com.br\/blog\/curso-para-analista-legislativo-arquitetura-ale-rs\/","title":{"rendered":"Curso para Analista Legislativo &#8211; Arquitetura &#8211; ALE RS"},"content":{"rendered":"<p style=\"text-align: justify;\"><span style=\"color: #000000;\">Ol\u00e1 pessoal,<\/span><\/p>\n<p style=\"text-align: justify;\"><span style=\"color: #000000;\">Na semana passada foi publicado o edital do\u00a0<em><strong>concurso da Assembleia Legislativa do Rio Grande do Sul, <\/strong><\/em>o concurso ALE RS! S\u00e3o\u00a0<em><strong>51 vagas<\/strong><\/em> de n\u00edvel m\u00e9dio (41) e superior (1o). O vencimento b\u00e1sico varia entre <strong><em>R$\u00a0<span class=\"fontstyle0\">6.325,61<\/span><\/em><span class=\"fontstyle0\">\u00a0<\/span><\/strong><span class=\"fontstyle0\">e\u00a0<em><strong>R$\u00a0<\/strong><\/em><\/span><strong>23.084,6<\/strong>, a depender do cargo escolhido.<\/span><\/p>\n<p style=\"text-align: justify;\">Ser\u00e1 oferecida\u00a0 01 vaga para o cargo de Analista Legislativo &#8211; Arquiteto e este cargo tem remunera\u00e7\u00e3o inicial de R$ 9.893,90, exigindo forma\u00e7\u00e3o superior em Arquitetura e registro no conselho de classe.<\/p>\n<p style=\"text-align: center;\"><strong>Dito isso, resolvi lan\u00e7ar um curso espec\u00edfico para este certame e ajud\u00e1-lo a conseguir essa vaga! S\u00e3o mais de 800 quest\u00f5es comentadas em 23 aulas!\u00a0<\/strong><\/p>\n<p style=\"text-align: center;\"><strong><a href=\"https:\/\/www.estrategiaconcursos.com.br\/curso\/arquitetura-p-ale-rs-analista-legislativo-arquiteto-pos-edital\/\" target=\"_blank\" rel=\"noopener\">Curso para Analista Legislativo &#8211; Arquitetura &#8211; ALE RS<\/a><\/strong><\/p>\n<p>A prova acontecer\u00e1 da seguinte forma:<\/p>\n<ul>\n<li><strong>Aplicada no turno da tarde em<\/strong>\u00a0<strong>08\/04<\/strong><\/li>\n<li>Prova Objetiva com:\n<ul>\n<li>10 quest\u00f5es de Portugu\u00eas<\/li>\n<li>10 quest\u00f5es de Racioc\u00ednio L\u00f3gico<\/li>\n<li>10 quest\u00f5es de Direito Administrativo<\/li>\n<li>10 quest\u00f5es de\u00a0No\u00e7\u00f5es de Direito\u00a0Constitucional e\u00a0Legisla\u00e7\u00e3o Espec\u00edfica<\/li>\n<li><span style=\"color: #0000ff;\"><strong>20 quest\u00f5es de Arquitetura e Urbanismo<\/strong><\/span><\/li>\n<\/ul>\n<\/li>\n<li><strong><span style=\"color: #0000ff;\">02 discursivas \u2013\u00a0 Arquitetura e Urbanismo<\/span><\/strong>\u00a0\u2013\u00a0<strong>Aplicada no turno da tarde em<\/strong>\u00a0<strong>08\/04<\/strong><\/li>\n<li>Prova de T\u00edtulos<\/li>\n<\/ul>\n<h3>O Conte\u00fado Program\u00e1tico<\/h3>\n<p>Ser\u00e1 cobrado como conhecimento espec\u00edfico para a prova:<\/p>\n<p><strong>ANALISTA LEGISLATIVO \u2013 ARQUITETO<\/strong><\/p>\n<p style=\"text-align: justify;\"><em>Arquitetura Contempor\u00e2nea: correntes internacionais e arquitetos brasileiros. Arquitetura moderna. Arquitetura\u00a0brasileira. Conceitos fundamentais sobre arquitetura, urbanismo, paisagismo, sociedade e cultura. Interpreta\u00e7\u00e3o de\u00a0dados b\u00e1sicos: topografia, drenagem, estrutura, ventila\u00e7\u00e3o. Projeto de arquitetura: m\u00e9todos e t\u00e9cnicas de projeto;\u00a0coordena\u00e7\u00e3o modular e coordena\u00e7\u00e3o dimensional; programa\u00e7\u00e3o de necessidades f\u00edsicas das atividades; estudos de\u00a0viabilidade t\u00e9cnico-econ\u00f4mica. Implanta\u00e7\u00e3o e orienta\u00e7\u00e3o dos edif\u00edcios, zoneamento das atividades. Funcionalidade,\u00a0<\/em><em>flexibilidade e adaptabilidade dos edif\u00edcios. Estrutura e instala\u00e7\u00f5es t\u00e9cnicas dos edif\u00edcios (dimensionamento,\u00a0distribui\u00e7\u00e3o e controle). Processos e sistemas inovadores de constru\u00e7\u00e3o. Administra\u00e7\u00e3o de projetos e obras (m\u00e9todos\u00a0e t\u00e9cnicas). Avalia\u00e7\u00e3o de projetos de constru\u00e7\u00f5es (arquitet\u00f4nica, t\u00e9cnica e econ\u00f4mica). Especifica\u00e7\u00e3o de servi\u00e7o e\u00a0materiais. Elabora\u00e7\u00e3o de or\u00e7amentos de projetos e obras. Acompanhamento e fiscaliza\u00e7\u00e3o de obras. Princ\u00edpios de\u00a0planejamento e de elabora\u00e7\u00e3o de planos diretores. Controle do uso e da ocupa\u00e7\u00e3o do solo. Estrutura urbana. Sistema\u00a0<\/em><em>vi\u00e1rio. Projetos de urbaniza\u00e7\u00e3o. Legisla\u00e7\u00e3o urban\u00edstica e do exerc\u00edcio profissional do arquiteto. Plano diretor. Estatuto\u00a0da cidade. Projetos de instala\u00e7\u00f5es prediais: instala\u00e7\u00f5es hidr\u00e1ulicas, sanit\u00e1rias, el\u00e9tricas e de preven\u00e7\u00e3o contra\u00a0inc\u00eandio &#8211; PPCI. T\u00e9cnicas construtivas: materiais de constru\u00e7\u00e3o, normas t\u00e9cnicas e execu\u00e7\u00e3o de servi\u00e7os.\u00a0Ergonomia, conforto ambiental e efici\u00eancia energ\u00e9tica na Arquitetura: conceitos, normas e legisla\u00e7\u00e3o, vari\u00e1veis\u00a0(clim\u00e1ticas, humanas e arquitet\u00f4nicas), uso racional da energia. Arquitetura, meio ambiente e sustentabilidade.<\/em><br \/>\n<em>Preserva\u00e7\u00e3o do meio ambiente natural e constru\u00eddo. Sistemas de certifica\u00e7\u00e3o de edif\u00edcios selos para a\u00a0sustentabilidade. Ac\u00fastica aplicada \u00e0s edifica\u00e7\u00f5es. Climatiza\u00e7\u00e3o artificial. Luminot\u00e9cnica. Acessibilidade ao meio\u00a0f\u00edsico e adequa\u00e7\u00e3o das edifica\u00e7\u00f5es e do mobili\u00e1rio urbano \u00e0 pessoa deficiente: normas t\u00e9cnicas e legisla\u00e7\u00e3o.\u00a0Especifica\u00e7\u00f5es, normas, or\u00e7amentos e licita\u00e7\u00f5es de obras: materiais de acabamento, custos parciais e globais,\u00a0planilhas, cronogramas f\u00edsico-financeiros, legisla\u00e7\u00e3o. Execu\u00e7\u00e3o de obras e per\u00edcias t\u00e9cnicas: fiscaliza\u00e7\u00e3o e controle\u00a0do desenvolvimento da obra, patologia das edifica\u00e7\u00f5es, reda\u00e7\u00e3o de relat\u00f3rios, laudos e pareceres t\u00e9cnicos.\u00a0Computa\u00e7\u00e3o gr\u00e1fica aplicada \u00e0 Arquitetura: aplica\u00e7\u00e3o de programas para projeto de arquitetura. No\u00e7\u00f5es de\u00a0AUTOCAD. No\u00e7\u00f5es b\u00e1sicas de Building Information Modeling &#8211; BIM. Preserva\u00e7\u00e3o do patrim\u00f4nio hist\u00f3rico e cultural:\u00a0t\u00e9cnicas usuais, legisla\u00e7\u00e3o.<\/em><\/p>\n<p>Ent\u00e3o pessoal, vamos estudar e se dedicar para alcan\u00e7ar este cargo e chamar ele de seu?<\/p>\n<p>Um abra\u00e7o,<\/p>\n<p>Professora Moema Machado<\/p>\n<p style=\"text-align: center;\"><strong><a href=\"https:\/\/www.estrategiaconcursos.com.br\/curso\/arquitetura-p-ale-rs-analista-legislativo-arquiteto-pos-edital\/\" target=\"_blank\" rel=\"noopener\">Curso para Analista Legislativo &#8211; Arquitetura &#8211; ALE RS<\/a><\/strong><\/p>\n","protected":false},"excerpt":{"rendered":"<p>Ol\u00e1 pessoal, Na semana passada foi publicado o edital do\u00a0concurso da Assembleia Legislativa do Rio Grande do Sul, o concurso ALE RS! S\u00e3o\u00a051 vagas de n\u00edvel m\u00e9dio (41) e superior (1o). O vencimento b\u00e1sico varia entre R$\u00a06.325,61\u00a0e\u00a0R$\u00a023.084,6, a depender do cargo escolhido. Ser\u00e1 oferecida\u00a0 01 vaga para o cargo de Analista Legislativo &#8211; Arquiteto e [&hellip;]<\/p>\n","protected":false},"author":524,"featured_media":103245,"comment_status":"open","ping_status":"closed","sticky":false,"template":"","format":"standard","meta":{"post_tipo":"article","footnotes":""},"categories":[1],"tags":[3401],"tax_estado":[],"class_list":["post-103236","post","type-post","status-publish","format-standard","has-post-thumbnail","hentry","category-cursos-e-concursos","tag-curso-para-analista-legislativo-arquitetura-ale-rs"],"acf":[],"yoast_head":"<!-- This site is optimized with the Yoast SEO Premium plugin v27.2 (Yoast SEO v27.2) - https:\/\/yoast.com\/product\/yoast-seo-premium-wordpress\/ -->\n<title>Curso para Analista Legislativo - Arquitetura - ALE RS<\/title>\n<meta name=\"description\" content=\"Curso para Analista Legislativo - Arquitetura - ALE RS: confira o curso espec\u00edfico e garanta sua aprova\u00e7\u00e3o com mais de 800 quest\u00f5es comentadas em 23 aulas!\" \/>\n<meta name=\"robots\" content=\"index, follow, max-snippet:-1, max-image-preview:large, max-video-preview:-1\" \/>\n<link rel=\"canonical\" href=\"https:\/\/www.estrategiaconcursos.com.br\/blog\/curso-para-analista-legislativo-arquitetura-ale-rs\/\" \/>\n<meta property=\"og:locale\" content=\"pt_BR\" \/>\n<meta property=\"og:type\" content=\"article\" \/>\n<meta property=\"og:title\" content=\"Curso para Analista Legislativo - Arquitetura - ALE RS\" \/>\n<meta property=\"og:description\" content=\"Curso para Analista Legislativo - Arquitetura - ALE RS: confira o curso espec\u00edfico e garanta sua aprova\u00e7\u00e3o com mais de 800 quest\u00f5es comentadas em 23 aulas!\" \/>\n<meta property=\"og:url\" content=\"https:\/\/www.estrategiaconcursos.com.br\/blog\/curso-para-analista-legislativo-arquitetura-ale-rs\/\" \/>\n<meta property=\"og:site_name\" content=\"Estrat\u00e9gia Concursos\" \/>\n<meta property=\"article:published_time\" content=\"2018-01-22T14:43:13+00:00\" \/>\n<meta property=\"article:modified_time\" content=\"2023-08-31T16:25:50+00:00\" \/>\n<meta property=\"og:image\" content=\"https:\/\/dhg1h5j42swfq.cloudfront.net\/2018\/01\/22112744\/CONCURSOS-ARQ-e1516631448355.jpg\" \/>\n\t<meta property=\"og:image:width\" content=\"400\" \/>\n\t<meta property=\"og:image:height\" content=\"209\" \/>\n\t<meta property=\"og:image:type\" content=\"image\/jpeg\" \/>\n<meta name=\"author\" content=\"Moema Machado\" \/>\n<meta name=\"twitter:card\" content=\"summary_large_image\" \/>\n<meta name=\"twitter:creator\" content=\"@EstratConcursos\" \/>\n<meta name=\"twitter:site\" content=\"@EstratConcursos\" \/>\n<meta name=\"twitter:label1\" content=\"Escrito por\" \/>\n\t<meta name=\"twitter:data1\" content=\"Moema Machado\" \/>\n\t<meta name=\"twitter:label2\" content=\"Est. tempo de leitura\" \/>\n\t<meta name=\"twitter:data2\" content=\"3 minutos\" \/>\n<script type=\"application\/ld+json\" class=\"yoast-schema-graph\">{\"@context\":\"https:\/\/schema.org\",\"@graph\":[{\"@type\":\"NewsArticle\",\"@id\":\"https:\/\/www.estrategiaconcursos.com.br\/blog\/curso-para-analista-legislativo-arquitetura-ale-rs\/#article\",\"isPartOf\":{\"@id\":\"https:\/\/www.estrategiaconcursos.com.br\/blog\/curso-para-analista-legislativo-arquitetura-ale-rs\/\"},\"author\":{\"name\":\"Moema Machado\",\"@id\":\"https:\/\/www.estrategiaconcursos.com.br\/blog\/#\/schema\/person\/e2a129484af400a0e96b32dee7e7008a\"},\"headline\":\"Curso para Analista Legislativo &#8211; Arquitetura &#8211; ALE RS\",\"datePublished\":\"2018-01-22T14:43:13+00:00\",\"dateModified\":\"2023-08-31T16:25:50+00:00\",\"mainEntityOfPage\":{\"@id\":\"https:\/\/www.estrategiaconcursos.com.br\/blog\/curso-para-analista-legislativo-arquitetura-ale-rs\/\"},\"wordCount\":656,\"commentCount\":2,\"publisher\":{\"@id\":\"https:\/\/www.estrategiaconcursos.com.br\/blog\/#organization\"},\"image\":{\"@id\":\"https:\/\/www.estrategiaconcursos.com.br\/blog\/curso-para-analista-legislativo-arquitetura-ale-rs\/#primaryimage\"},\"thumbnailUrl\":\"https:\/\/dhg1h5j42swfq.cloudfront.net\/2018\/01\/22112744\/CONCURSOS-ARQ-e1516631448355.jpg\",\"keywords\":[\"Curso para Analista Legislativo - Arquitetura - ALE RS\"],\"articleSection\":[\"Concursos P\u00fablicos\"],\"inLanguage\":\"pt-BR\",\"potentialAction\":[{\"@type\":\"CommentAction\",\"name\":\"Comment\",\"target\":[\"https:\/\/www.estrategiaconcursos.com.br\/blog\/curso-para-analista-legislativo-arquitetura-ale-rs\/#respond\"]}],\"copyrightYear\":\"2018\",\"copyrightHolder\":{\"@id\":\"https:\/\/www.estrategiaconcursos.com.br\/blog\/#organization\"}},{\"@type\":\"WebPage\",\"@id\":\"https:\/\/www.estrategiaconcursos.com.br\/blog\/curso-para-analista-legislativo-arquitetura-ale-rs\/\",\"url\":\"https:\/\/www.estrategiaconcursos.com.br\/blog\/curso-para-analista-legislativo-arquitetura-ale-rs\/\",\"name\":\"Curso para Analista Legislativo - Arquitetura - ALE RS\",\"isPartOf\":{\"@id\":\"https:\/\/www.estrategiaconcursos.com.br\/blog\/#website\"},\"primaryImageOfPage\":{\"@id\":\"https:\/\/www.estrategiaconcursos.com.br\/blog\/curso-para-analista-legislativo-arquitetura-ale-rs\/#primaryimage\"},\"image\":{\"@id\":\"https:\/\/www.estrategiaconcursos.com.br\/blog\/curso-para-analista-legislativo-arquitetura-ale-rs\/#primaryimage\"},\"thumbnailUrl\":\"https:\/\/dhg1h5j42swfq.cloudfront.net\/2018\/01\/22112744\/CONCURSOS-ARQ-e1516631448355.jpg\",\"datePublished\":\"2018-01-22T14:43:13+00:00\",\"dateModified\":\"2023-08-31T16:25:50+00:00\",\"description\":\"Curso para Analista Legislativo - Arquitetura - ALE RS: confira o curso espec\u00edfico e garanta sua aprova\u00e7\u00e3o com mais de 800 quest\u00f5es comentadas em 23 aulas!\",\"breadcrumb\":{\"@id\":\"https:\/\/www.estrategiaconcursos.com.br\/blog\/curso-para-analista-legislativo-arquitetura-ale-rs\/#breadcrumb\"},\"inLanguage\":\"pt-BR\",\"potentialAction\":[{\"@type\":\"ReadAction\",\"target\":[\"https:\/\/www.estrategiaconcursos.com.br\/blog\/curso-para-analista-legislativo-arquitetura-ale-rs\/\"]}]},{\"@type\":\"ImageObject\",\"inLanguage\":\"pt-BR\",\"@id\":\"https:\/\/www.estrategiaconcursos.com.br\/blog\/curso-para-analista-legislativo-arquitetura-ale-rs\/#primaryimage\",\"url\":\"https:\/\/dhg1h5j42swfq.cloudfront.net\/2018\/01\/22112744\/CONCURSOS-ARQ-e1516631448355.jpg\",\"contentUrl\":\"https:\/\/dhg1h5j42swfq.cloudfront.net\/2018\/01\/22112744\/CONCURSOS-ARQ-e1516631448355.jpg\",\"width\":400,\"height\":209,\"caption\":\"curso para Analista Legislativo - Arquitetura - ALE RS\"},{\"@type\":\"BreadcrumbList\",\"@id\":\"https:\/\/www.estrategiaconcursos.com.br\/blog\/curso-para-analista-legislativo-arquitetura-ale-rs\/#breadcrumb\",\"itemListElement\":[{\"@type\":\"ListItem\",\"position\":1,\"name\":\"In\u00edcio\",\"item\":\"https:\/\/www.estrategiaconcursos.com.br\/blog\/\"},{\"@type\":\"ListItem\",\"position\":2,\"name\":\"Curso para Analista Legislativo &#8211; Arquitetura &#8211; ALE RS\"}]},{\"@type\":\"WebSite\",\"@id\":\"https:\/\/www.estrategiaconcursos.com.br\/blog\/#website\",\"url\":\"https:\/\/www.estrategiaconcursos.com.br\/blog\/\",\"name\":\"Estrat\u00e9gia Concursos\",\"description\":\"O blog da Estrat\u00e9gia Concursos traz not\u00edcias sobre concursos e artigos de professores oferecendo cursos para concursos (pdf + videaulas) no site.\",\"publisher\":{\"@id\":\"https:\/\/www.estrategiaconcursos.com.br\/blog\/#organization\"},\"potentialAction\":[{\"@type\":\"SearchAction\",\"target\":{\"@type\":\"EntryPoint\",\"urlTemplate\":\"https:\/\/www.estrategiaconcursos.com.br\/blog\/?s={search_term_string}\"},\"query-input\":{\"@type\":\"PropertyValueSpecification\",\"valueRequired\":true,\"valueName\":\"search_term_string\"}}],\"inLanguage\":\"pt-BR\"},{\"@type\":\"Organization\",\"@id\":\"https:\/\/www.estrategiaconcursos.com.br\/blog\/#organization\",\"name\":\"Estrat\u00e9gia Concursos\",\"url\":\"https:\/\/www.estrategiaconcursos.com.br\/blog\/\",\"logo\":{\"@type\":\"ImageObject\",\"inLanguage\":\"pt-BR\",\"@id\":\"https:\/\/www.estrategiaconcursos.com.br\/blog\/#\/schema\/logo\/image\/\",\"url\":\"https:\/\/dhg1h5j42swfq.cloudfront.net\/2025\/06\/03203428\/logo_concursos-1.jpg\",\"contentUrl\":\"https:\/\/dhg1h5j42swfq.cloudfront.net\/2025\/06\/03203428\/logo_concursos-1.jpg\",\"width\":230,\"height\":60,\"caption\":\"Estrat\u00e9gia Concursos\"},\"image\":{\"@id\":\"https:\/\/www.estrategiaconcursos.com.br\/blog\/#\/schema\/logo\/image\/\"},\"sameAs\":[\"https:\/\/x.com\/EstratConcursos\"]},{\"@type\":\"Person\",\"@id\":\"https:\/\/www.estrategiaconcursos.com.br\/blog\/#\/schema\/person\/e2a129484af400a0e96b32dee7e7008a\",\"name\":\"Moema Machado\",\"image\":{\"@type\":\"ImageObject\",\"inLanguage\":\"pt-BR\",\"@id\":\"https:\/\/secure.gravatar.com\/avatar\/f6d4a54cce2f69a49a4fd2959222dd05dc4a6436cf3a28026212f62072fe4560?s=96&d=mm&r=g\",\"url\":\"https:\/\/secure.gravatar.com\/avatar\/f6d4a54cce2f69a49a4fd2959222dd05dc4a6436cf3a28026212f62072fe4560?s=96&d=mm&r=g\",\"contentUrl\":\"https:\/\/secure.gravatar.com\/avatar\/f6d4a54cce2f69a49a4fd2959222dd05dc4a6436cf3a28026212f62072fe4560?s=96&d=mm&r=g\",\"caption\":\"Moema Machado\"},\"url\":\"https:\/\/www.estrategiaconcursos.com.br\/blog\/author\/moemamoemamachado-com-br\/\"}]}<\/script>\n<!-- \/ Yoast SEO Premium plugin. -->","yoast_head_json":{"title":"Curso para Analista Legislativo - Arquitetura - ALE RS","description":"Curso para Analista Legislativo - Arquitetura - ALE RS: confira o curso espec\u00edfico e garanta sua aprova\u00e7\u00e3o com mais de 800 quest\u00f5es comentadas em 23 aulas!","robots":{"index":"index","follow":"follow","max-snippet":"max-snippet:-1","max-image-preview":"max-image-preview:large","max-video-preview":"max-video-preview:-1"},"canonical":"https:\/\/www.estrategiaconcursos.com.br\/blog\/curso-para-analista-legislativo-arquitetura-ale-rs\/","og_locale":"pt_BR","og_type":"article","og_title":"Curso para Analista Legislativo - Arquitetura - ALE RS","og_description":"Curso para Analista Legislativo - Arquitetura - ALE RS: confira o curso espec\u00edfico e garanta sua aprova\u00e7\u00e3o com mais de 800 quest\u00f5es comentadas em 23 aulas!","og_url":"https:\/\/www.estrategiaconcursos.com.br\/blog\/curso-para-analista-legislativo-arquitetura-ale-rs\/","og_site_name":"Estrat\u00e9gia Concursos","article_published_time":"2018-01-22T14:43:13+00:00","article_modified_time":"2023-08-31T16:25:50+00:00","og_image":[{"width":400,"height":209,"url":"https:\/\/dhg1h5j42swfq.cloudfront.net\/2018\/01\/22112744\/CONCURSOS-ARQ-e1516631448355.jpg","type":"image\/jpeg"}],"author":"Moema Machado","twitter_card":"summary_large_image","twitter_creator":"@EstratConcursos","twitter_site":"@EstratConcursos","twitter_misc":{"Escrito por":"Moema Machado","Est. tempo de leitura":"3 minutos"},"schema":{"@context":"https:\/\/schema.org","@graph":[{"@type":"NewsArticle","@id":"https:\/\/www.estrategiaconcursos.com.br\/blog\/curso-para-analista-legislativo-arquitetura-ale-rs\/#article","isPartOf":{"@id":"https:\/\/www.estrategiaconcursos.com.br\/blog\/curso-para-analista-legislativo-arquitetura-ale-rs\/"},"author":{"name":"Moema Machado","@id":"https:\/\/www.estrategiaconcursos.com.br\/blog\/#\/schema\/person\/e2a129484af400a0e96b32dee7e7008a"},"headline":"Curso para Analista Legislativo &#8211; Arquitetura &#8211; ALE RS","datePublished":"2018-01-22T14:43:13+00:00","dateModified":"2023-08-31T16:25:50+00:00","mainEntityOfPage":{"@id":"https:\/\/www.estrategiaconcursos.com.br\/blog\/curso-para-analista-legislativo-arquitetura-ale-rs\/"},"wordCount":656,"commentCount":2,"publisher":{"@id":"https:\/\/www.estrategiaconcursos.com.br\/blog\/#organization"},"image":{"@id":"https:\/\/www.estrategiaconcursos.com.br\/blog\/curso-para-analista-legislativo-arquitetura-ale-rs\/#primaryimage"},"thumbnailUrl":"https:\/\/dhg1h5j42swfq.cloudfront.net\/2018\/01\/22112744\/CONCURSOS-ARQ-e1516631448355.jpg","keywords":["Curso para Analista Legislativo - Arquitetura - ALE RS"],"articleSection":["Concursos P\u00fablicos"],"inLanguage":"pt-BR","potentialAction":[{"@type":"CommentAction","name":"Comment","target":["https:\/\/www.estrategiaconcursos.com.br\/blog\/curso-para-analista-legislativo-arquitetura-ale-rs\/#respond"]}],"copyrightYear":"2018","copyrightHolder":{"@id":"https:\/\/www.estrategiaconcursos.com.br\/blog\/#organization"}},{"@type":"WebPage","@id":"https:\/\/www.estrategiaconcursos.com.br\/blog\/curso-para-analista-legislativo-arquitetura-ale-rs\/","url":"https:\/\/www.estrategiaconcursos.com.br\/blog\/curso-para-analista-legislativo-arquitetura-ale-rs\/","name":"Curso para Analista Legislativo - Arquitetura - ALE RS","isPartOf":{"@id":"https:\/\/www.estrategiaconcursos.com.br\/blog\/#website"},"primaryImageOfPage":{"@id":"https:\/\/www.estrategiaconcursos.com.br\/blog\/curso-para-analista-legislativo-arquitetura-ale-rs\/#primaryimage"},"image":{"@id":"https:\/\/www.estrategiaconcursos.com.br\/blog\/curso-para-analista-legislativo-arquitetura-ale-rs\/#primaryimage"},"thumbnailUrl":"https:\/\/dhg1h5j42swfq.cloudfront.net\/2018\/01\/22112744\/CONCURSOS-ARQ-e1516631448355.jpg","datePublished":"2018-01-22T14:43:13+00:00","dateModified":"2023-08-31T16:25:50+00:00","description":"Curso para Analista Legislativo - Arquitetura - ALE RS: confira o curso espec\u00edfico e garanta sua aprova\u00e7\u00e3o com mais de 800 quest\u00f5es comentadas em 23 aulas!","breadcrumb":{"@id":"https:\/\/www.estrategiaconcursos.com.br\/blog\/curso-para-analista-legislativo-arquitetura-ale-rs\/#breadcrumb"},"inLanguage":"pt-BR","potentialAction":[{"@type":"ReadAction","target":["https:\/\/www.estrategiaconcursos.com.br\/blog\/curso-para-analista-legislativo-arquitetura-ale-rs\/"]}]},{"@type":"ImageObject","inLanguage":"pt-BR","@id":"https:\/\/www.estrategiaconcursos.com.br\/blog\/curso-para-analista-legislativo-arquitetura-ale-rs\/#primaryimage","url":"https:\/\/dhg1h5j42swfq.cloudfront.net\/2018\/01\/22112744\/CONCURSOS-ARQ-e1516631448355.jpg","contentUrl":"https:\/\/dhg1h5j42swfq.cloudfront.net\/2018\/01\/22112744\/CONCURSOS-ARQ-e1516631448355.jpg","width":400,"height":209,"caption":"curso para Analista Legislativo - Arquitetura - ALE RS"},{"@type":"BreadcrumbList","@id":"https:\/\/www.estrategiaconcursos.com.br\/blog\/curso-para-analista-legislativo-arquitetura-ale-rs\/#breadcrumb","itemListElement":[{"@type":"ListItem","position":1,"name":"In\u00edcio","item":"https:\/\/www.estrategiaconcursos.com.br\/blog\/"},{"@type":"ListItem","position":2,"name":"Curso para Analista Legislativo &#8211; Arquitetura &#8211; ALE RS"}]},{"@type":"WebSite","@id":"https:\/\/www.estrategiaconcursos.com.br\/blog\/#website","url":"https:\/\/www.estrategiaconcursos.com.br\/blog\/","name":"Estrat\u00e9gia Concursos","description":"O blog da Estrat\u00e9gia Concursos traz not\u00edcias sobre concursos e artigos de professores oferecendo cursos para concursos (pdf + videaulas) no site.","publisher":{"@id":"https:\/\/www.estrategiaconcursos.com.br\/blog\/#organization"},"potentialAction":[{"@type":"SearchAction","target":{"@type":"EntryPoint","urlTemplate":"https:\/\/www.estrategiaconcursos.com.br\/blog\/?s={search_term_string}"},"query-input":{"@type":"PropertyValueSpecification","valueRequired":true,"valueName":"search_term_string"}}],"inLanguage":"pt-BR"},{"@type":"Organization","@id":"https:\/\/www.estrategiaconcursos.com.br\/blog\/#organization","name":"Estrat\u00e9gia Concursos","url":"https:\/\/www.estrategiaconcursos.com.br\/blog\/","logo":{"@type":"ImageObject","inLanguage":"pt-BR","@id":"https:\/\/www.estrategiaconcursos.com.br\/blog\/#\/schema\/logo\/image\/","url":"https:\/\/dhg1h5j42swfq.cloudfront.net\/2025\/06\/03203428\/logo_concursos-1.jpg","contentUrl":"https:\/\/dhg1h5j42swfq.cloudfront.net\/2025\/06\/03203428\/logo_concursos-1.jpg","width":230,"height":60,"caption":"Estrat\u00e9gia Concursos"},"image":{"@id":"https:\/\/www.estrategiaconcursos.com.br\/blog\/#\/schema\/logo\/image\/"},"sameAs":["https:\/\/x.com\/EstratConcursos"]},{"@type":"Person","@id":"https:\/\/www.estrategiaconcursos.com.br\/blog\/#\/schema\/person\/e2a129484af400a0e96b32dee7e7008a","name":"Moema Machado","image":{"@type":"ImageObject","inLanguage":"pt-BR","@id":"https:\/\/secure.gravatar.com\/avatar\/f6d4a54cce2f69a49a4fd2959222dd05dc4a6436cf3a28026212f62072fe4560?s=96&d=mm&r=g","url":"https:\/\/secure.gravatar.com\/avatar\/f6d4a54cce2f69a49a4fd2959222dd05dc4a6436cf3a28026212f62072fe4560?s=96&d=mm&r=g","contentUrl":"https:\/\/secure.gravatar.com\/avatar\/f6d4a54cce2f69a49a4fd2959222dd05dc4a6436cf3a28026212f62072fe4560?s=96&d=mm&r=g","caption":"Moema Machado"},"url":"https:\/\/www.estrategiaconcursos.com.br\/blog\/author\/moemamoemamachado-com-br\/"}]}},"_links":{"self":[{"href":"https:\/\/www.estrategiaconcursos.com.br\/blog\/wp-json\/wp\/v2\/posts\/103236","targetHints":{"allow":["GET"]}}],"collection":[{"href":"https:\/\/www.estrategiaconcursos.com.br\/blog\/wp-json\/wp\/v2\/posts"}],"about":[{"href":"https:\/\/www.estrategiaconcursos.com.br\/blog\/wp-json\/wp\/v2\/types\/post"}],"author":[{"embeddable":true,"href":"https:\/\/www.estrategiaconcursos.com.br\/blog\/wp-json\/wp\/v2\/users\/524"}],"replies":[{"embeddable":true,"href":"https:\/\/www.estrategiaconcursos.com.br\/blog\/wp-json\/wp\/v2\/comments?post=103236"}],"version-history":[{"count":5,"href":"https:\/\/www.estrategiaconcursos.com.br\/blog\/wp-json\/wp\/v2\/posts\/103236\/revisions"}],"predecessor-version":[{"id":1271921,"href":"https:\/\/www.estrategiaconcursos.com.br\/blog\/wp-json\/wp\/v2\/posts\/103236\/revisions\/1271921"}],"wp:featuredmedia":[{"embeddable":true,"href":"https:\/\/www.estrategiaconcursos.com.br\/blog\/wp-json\/wp\/v2\/media\/103245"}],"wp:attachment":[{"href":"https:\/\/www.estrategiaconcursos.com.br\/blog\/wp-json\/wp\/v2\/media?parent=103236"}],"wp:term":[{"taxonomy":"category","embeddable":true,"href":"https:\/\/www.estrategiaconcursos.com.br\/blog\/wp-json\/wp\/v2\/categories?post=103236"},{"taxonomy":"post_tag","embeddable":true,"href":"https:\/\/www.estrategiaconcursos.com.br\/blog\/wp-json\/wp\/v2\/tags?post=103236"},{"taxonomy":"tax_estado","embeddable":true,"href":"https:\/\/www.estrategiaconcursos.com.br\/blog\/wp-json\/wp\/v2\/tax_estado?post=103236"}],"curies":[{"name":"wp","href":"https:\/\/api.w.org\/{rel}","templated":true}]}}