{"id":1032121,"date":"2022-07-21T14:38:00","date_gmt":"2022-07-21T17:38:00","guid":{"rendered":"https:\/\/www.estrategiaconcursos.com.br\/blog\/?p=1032121"},"modified":"2022-07-18T10:38:28","modified_gmt":"2022-07-18T13:38:28","slug":"obrigacoes-itcd-p-sefaz-mt-p2","status":"publish","type":"post","link":"https:\/\/www.estrategiaconcursos.com.br\/blog\/obrigacoes-itcd-p-sefaz-mt-p2\/","title":{"rendered":"Resumo das Obriga\u00e7\u00f5es do ITCD p\/ SEFAZ-MT \u2013 Lei 7.850\/02"},"content":{"rendered":"\n<p>Ol\u00e1, pessoal. Tudo certo? No artigo de hoje veremos o Resumo das Obriga\u00e7\u00f5es do ITCD p\/ SEFAZ-MT \u2013 Lei 7.850\/02.<\/p>\n\n\n\n<p>Hoje encerramento o assunto tratando os seguintes t\u00f3picos:<\/p>\n\n\n\n<ul class=\"wp-block-list\"><li>Obriga\u00e7\u00f5es<\/li><li>Recolhimento<\/li><li>Restitui\u00e7\u00e3o<\/li><li>Penalidades<\/li><li>Administra\u00e7\u00e3o tribut\u00e1ria<\/li><\/ul>\n\n\n\n<div class=\"wp-block-image\"><figure class=\"aligncenter size-full\"><img loading=\"lazy\" decoding=\"async\" width=\"342\" height=\"109\" src=\"https:\/\/dhg1h5j42swfq.cloudfront.net\/2022\/05\/22100027\/image-270.png\" alt=\"Resumo das Obriga\u00e7\u00f5es do ITCD p\/ SEFAZ-MT\" class=\"wp-image-1032122\" srcset=\"https:\/\/dhg1h5j42swfq.cloudfront.net\/2022\/05\/22100027\/image-270.png 342w, https:\/\/dhg1h5j42swfq.cloudfront.net\/2022\/05\/22100027\/image-270-300x96.png 300w\" sizes=\"auto, (max-width: 342px) 100vw, 342px\" \/><figcaption>Resumo do ITCD p\/ SEFAZ-M<\/figcaption><\/figure><\/div>\n\n\n\n<p>Lembrando que no primeiro artigo j\u00e1 vimos os seguintes t\u00f3picos:<\/p>\n\n\n\n<ul class=\"wp-block-list\"><li>Incid\u00eancia<\/li><li>Local da Opera\u00e7\u00e3o<\/li><li>Momento<\/li><li>N\u00e3o Incid\u00eancia<\/li><li>Sujei\u00e7\u00e3o Passiva<\/li><li>Aspecto Quantitativo (Base de C\u00e1lculo x Al\u00edquota)<\/li><\/ul>\n\n\n\n<p>Sem mais delongas, vamos l\u00e1.<\/p>\n\n\n\n<h2 class=\"wp-block-heading\" id=\"obrigacoes-do-sujeito-passivo\">Obriga\u00e7\u00f5es do sujeito passivo<\/h2>\n\n\n\n<p>Iniciemos o Resumo das Obriga\u00e7\u00f5es do ITCD p\/ SEFAZ-MT pelas obriga\u00e7\u00f5es do sujeito passivo (contribuintes e respons\u00e1veis).<\/p>\n\n\n\n<p><strong><mark style=\"background-color:rgba(0, 0, 0, 0)\" class=\"has-inline-color has-vivid-cyan-blue-color\">Obriga\u00e7\u00f5es do contribuinte e respons\u00e1vel<\/mark><\/strong> (Art. 20):<\/p>\n\n\n\n<ul class=\"wp-block-list\"><li>I &#8211; <strong>recolher o imposto<\/strong> devido, <strong>ou exigir a comprova\u00e7\u00e3o do seu recolhimento<\/strong>, nos prazos e forma previstos nesta lei, no seu regulamento e em legisla\u00e7\u00e3o complementar;<\/li><li>II &#8211; <strong>prestar ao fisco informa\u00e7\u00f5es<\/strong> relativas \u00e0 transmiss\u00e3o causa mortis ou doa\u00e7\u00f5es de quaisquer bens e direitos efetuadas, bem como <strong>relacionadas \u00e0 apura\u00e7\u00e3o e recolhimento do imposto<\/strong> correspondente, na forma, condi\u00e7\u00f5es e prazos estabelecidos nesta lei, no seu regulamento e em legisla\u00e7\u00e3o complementar;<\/li><li>III &#8211; <strong>exibir ou entregar ao fisco<\/strong>, <strong>quando exigidos<\/strong> pela legisla\u00e7\u00e3o <strong>ou quando solicitados<\/strong>, <strong>documentos<\/strong> e outros elementos relacionados com a condi\u00e7\u00e3o de contribuinte do imposto ou com a sucess\u00e3o verificada ou doa\u00e7\u00e3o realizada;<\/li><li>IV &#8211; <strong>n\u00e3o embara\u00e7ar a a\u00e7\u00e3o fiscal<\/strong> e assegurar ao Fiscal de Tributos Estaduais o acesso aos seus estabelecimentos, dep\u00f3sitos, depend\u00eancias, m\u00f3veis, im\u00f3veis, utens\u00edlios, ve\u00edculos, m\u00e1quinas e equipamentos, programas de computador, dados magn\u00e9ticos ou \u00f3ticos, mercadorias, a\u00e7\u00f5es, t\u00edtulos ou direitos a eles relativos, pap\u00e9is de controle e outros elementos relacionados ao fato gerador do ITCD e seu recolhimento;<\/li><li>V &#8211; <strong>conservar os documentos<\/strong> de arrecada\u00e7\u00e3o do imposto e, quando for o caso, os de reconhecimento de desonera\u00e7\u00e3o, bem como os demais documentos concernentes \u00e0&nbsp; transmiss\u00e3o causa mortis ou doa\u00e7\u00e3o de quaisquer bens ou direitos, pelo prazo previsto<br \/>no regulamento, n\u00e3o inferior a 5 anos, contados da data do 1\u00ba exerc\u00edcio<br \/>seguinte \u00e0quele em que ocorreu o fato gerador ou o recolhimento do imposto;<br \/>VI &#8211; <strong>cumprir as demais obriga\u00e7\u00f5es acess\u00f3rias<\/strong> previstas nesta lei, no seu regulamento e em legisla\u00e7\u00e3o complementar.<\/li><\/ul>\n\n\n\n<p>Perceba que apesar da lista, trata-se de disposi\u00e7\u00f5es \u201cl\u00f3gicas\u201d para a rela\u00e7\u00e3o fisco e contribuinte, recolher o ITCD no prazo, prestar informa\u00e7\u00f5es e entregar documentos entre outros.<\/p>\n\n\n\n<h2 class=\"wp-block-heading\" id=\"recolhimento\">Recolhimento<\/h2>\n\n\n\n<p>Continuando no Resumo das Obriga\u00e7\u00f5es do ITCD p\/ SEFAZ-MT, vejamos as disposi\u00e7\u00f5es sobre o recolhimento do ITCD.<\/p>\n\n\n\n<p>Atente-se que o prazo para recolhimento tem regras espec\u00edficas para as hip\u00f3teses de causa mortis e doa\u00e7\u00e3o, vejamos.<\/p>\n\n\n\n<p><strong><mark style=\"background-color:rgba(0, 0, 0, 0)\" class=\"has-inline-color has-vivid-cyan-blue-color\">Recolhimento <\/mark><\/strong>(Art. 21): <strong>documento pr\u00f3prio<\/strong> nos seguintes prazos:<\/p>\n\n\n\n<p><strong><mark style=\"background-color:rgba(0, 0, 0, 0)\" class=\"has-inline-color has-vivid-green-cyan-color\">Transmiss\u00e3o causa mortis<\/mark><\/strong> (Art. 21, I): &nbsp;<strong>30 dias <\/strong>ap\u00f3s a decis\u00e3o homologat\u00f3ria de c\u00e1lculo ou do despacho que determinar seu pagamento;<\/p>\n\n\n\n<p><mark style=\"background-color:rgba(0, 0, 0, 0)\" class=\"has-inline-color has-vivid-green-cyan-color\"><strong>Doa\u00e7\u00e3o<\/strong>:<\/mark><\/p>\n\n\n\n<ul class=\"wp-block-list\"><li><mark style=\"background-color:rgba(0, 0, 0, 0)\" class=\"has-inline-color has-vivid-purple-color\"><strong>Regra<\/strong> <\/mark>(Art. 21, II e Art. 21, \u00a71\u00ba, b): \u00a0<strong>antes<\/strong> da celebra\u00e7\u00e3o do ato ou contrato correspondente<br \/><\/li><li><strong><mark style=\"background-color:rgba(0, 0, 0, 0)\" class=\"has-inline-color has-vivid-purple-color\">Exce\u00e7\u00f5es<\/mark>: <\/strong>\u00a0<mark style=\"background-color:rgba(0, 0, 0, 0)\" class=\"has-inline-color has-luminous-vivid-orange-color\"><strong>exce\u00e7\u00e3o de mea\u00e7\u00e3o<\/strong> <\/mark>(Art. 21, II e \u00a71\u00ba, \u201ca\u201d): <strong>30 dias<\/strong> do tr\u00e2nsito em julgado da senten\u00e7a; <strong><mark style=\"background-color:rgba(0, 0, 0, 0)\" class=\"has-inline-color has-luminous-vivid-orange-color\">lavrado em outro Estado<\/mark><\/strong> (Art. 21, II e \u00a71\u00ba, \u201cc\u201d): <strong>30 dias<\/strong> contados da lavratura do instrumento.<\/li><\/ul>\n\n\n\n<p><strong><mark style=\"background-color:rgba(0, 0, 0, 0)\" class=\"has-inline-color has-vivid-green-cyan-color\">Demais decorrentes de atos judiciais<\/mark><\/strong> (Art. 21, III): dentro de <strong>30 dias<\/strong>, contados da sua ci\u00eancia pelo contribuinte.<\/p>\n\n\n\n<p>Podemos perceber que a regra acaba sendo 30 dias, ficando como exce\u00e7\u00e3o a doa\u00e7\u00e3o \u201cnormal\u201d.<\/p>\n\n\n\n<p><mark style=\"background-color:rgba(0, 0, 0, 0)\" class=\"has-inline-color has-luminous-vivid-amber-color\"><strong>Obs.:<\/strong> <\/mark><strong>N\u00e3o ser\u00e3o lavrados<\/strong>, registrados ou averbados pelo tabeli\u00e3o, escriv\u00e3o e oficial de Registro de Im\u00f3veis, atos e termos de seu cargo, <strong>sem a prova do pagamento do imposto<\/strong> (Art. 29)<\/p>\n\n\n\n<p><strong><mark style=\"background-color:rgba(0, 0, 0, 0)\" class=\"has-inline-color has-vivid-purple-color\">Outras disposi\u00e7\u00f5es sobre doa\u00e7\u00e3o <\/mark><\/strong>(Art. 21, \u00a71\u00ba)<\/p>\n\n\n\n<ul class=\"wp-block-list\"><li>d) os <strong>tabeli\u00e3es <\/strong>e serventu\u00e1rios, <strong>respons\u00e1veis <\/strong>pela lavratura de atos que importem em doa\u00e7\u00e3o de bens, ficam <strong>obrigados a exigir<\/strong> dos contratantes a apresenta\u00e7\u00e3o do respectivo <strong>documento de arrecada\u00e7\u00e3o do imposto,<\/strong> cujos dados devem constar no instrumento de transmiss\u00e3o;<\/li><li>e) <strong>sendo ajustada verbalmente<\/strong>, aplicam-se, no que couber, as disposi\u00e7\u00f5es deste artigo, devendo os contratantes, na forma prevista em regulamento, fazer <strong>constar no documento de arrecada\u00e7\u00e3o<\/strong> dados suficientes para identificar o ato jur\u00eddico efetivado;<\/li><li>f) <strong>todo aquele que praticar, registrar <\/strong>ou intervier em ato ou contrato, relativo a doa\u00e7\u00e3o de bens ou direitos, est\u00e1 obrigado a <strong>exigir <\/strong>dos contratantes a apresenta\u00e7\u00e3o do respectivo <strong>documento de arrecada\u00e7\u00e3o do imposto;<\/strong><\/li><li>g) em se tratando de d<strong>oa\u00e7\u00e3o de ve\u00edculos, <\/strong>a <strong>apresenta\u00e7\u00e3o do respectivo instrumento ao<\/strong> Departamento Estadual de Tr\u00e2nsito de Mato Grosso &#8211; <strong>DETRAN\/MT ser\u00e1 sempre precedida do pagamento do ITCD.<\/strong><\/li><\/ul>\n\n\n\n<p><mark style=\"background-color:rgba(0, 0, 0, 0)\" class=\"has-inline-color has-vivid-cyan-blue-color\"><strong>Parcelamento<\/strong> <\/mark>(Art. 37): em at\u00e9 <strong>36 parcelas<\/strong>, os cr\u00e9ditos tribut\u00e1rios referentes ao ITCD, constitu\u00eddos ou  n\u00e3o, inscritos em d\u00edvida ativa ou n\u00e3o. <mark style=\"background-color:rgba(0, 0, 0, 0)\" class=\"has-inline-color has-vivid-purple-color\">-> enquanto n\u00e3o quitado integralmente o parcelamento, n\u00e3o poder\u00e3o ser praticados os atos de registro de propriedade pertinentes (\u00a7\u00fa).<\/mark><\/p>\n\n\n\n<h3 class=\"wp-block-heading\" id=\"debitos-em-atraso\">D\u00e9bitos em atraso<\/h3>\n\n\n\n<p>Prosseguindo no Resumo das Obriga\u00e7\u00f5es do ITCD p\/ SEFAZ-MT, vejamos as disposi\u00e7\u00f5es sobre o d\u00e9bito do ITCD em atraso.<\/p>\n\n\n\n<p>O ITCD ser\u00e1 corrigido pelo IPCA, al\u00e9m disso os a corre\u00e7\u00e3o no m\u00eas do pagamento ser\u00e1 pelo IGP-DI, tamb\u00e9m h\u00e1 juros de mora de 1% ao m\u00eas e multa de mora.<\/p>\n\n\n\n<p><strong><mark style=\"background-color:rgba(0, 0, 0, 0)\" class=\"has-inline-color has-vivid-cyan-blue-color\">D\u00e9bitos em atraso<\/mark><\/strong> (Art. 22):&nbsp; ter\u00e3o os seus <strong>valores corrigidos pelo IPCA<\/strong> divulgado pelo IBGE, ou por outro \u00edndice de pre\u00e7os de car\u00e1ter nacional que vier a substitu\u00ed-lo.<\/p>\n\n\n\n<ul class=\"wp-block-list\"><li><mark style=\"background-color:rgba(0, 0, 0, 0)\" class=\"has-inline-color has-vivid-green-cyan-color\"><strong>Corre\u00e7\u00e3o monet\u00e1ria<\/strong> <\/mark>(Art. 22, \u00a71\u00ba):\u00a0 <strong>base nos coeficientes em vigor no m\u00eas<\/strong> em que deva ocorrer o <strong>pagamento<\/strong> do d\u00e9bito fiscal, considerando como termo inicial o m\u00eas em que houver expirado o prazo normal para recolhimento do tributo. <mark style=\"background-color:rgba(0, 0, 0, 0)\" class=\"has-inline-color has-vivid-purple-color\">-> os coeficientes ser\u00e3o calculados com base no IGP-DI divulgado pela FGV no m\u00eas anterior (\u00a72\u00ba)<\/mark><\/li><\/ul>\n\n\n\n<ul class=\"wp-block-list\"><li><mark style=\"background-color:rgba(0, 0, 0, 0)\" class=\"has-inline-color has-vivid-green-cyan-color\"><strong>Juros de mora<\/strong> <\/mark>(Art. 23): <strong>1% ao m\u00eas<\/strong> calend\u00e1rio ou fra\u00e7\u00e3o (inclusive parcelamento ou reparcelamento), incidir\u00e1 a partir do 1\u00ba dia do m\u00eas subsequente ao do vencimento (\u00a71\u00ba)<\/li><\/ul>\n\n\n\n<ul class=\"wp-block-list\"><li><mark style=\"background-color:rgba(0, 0, 0, 0)\" class=\"has-inline-color has-vivid-green-cyan-color\"><strong>Multa de mora<\/strong> <\/mark>(Art. 24): <strong>0,333% ao dia<\/strong>, at\u00e9 o limite m\u00e1ximo de <strong>20%<\/strong>.<\/li><\/ul>\n\n\n\n<p>Trata-se de disposi\u00e7\u00f5es comuns na legisla\u00e7\u00e3o do Mato Grosso, vale \u00e0 pena a memoriza\u00e7\u00e3o.<\/p>\n\n\n\n<h2 class=\"wp-block-heading\" id=\"restituicao\">Restitui\u00e7\u00e3o<\/h2>\n\n\n\n<p>Prosseguindo no Resumo das Obriga\u00e7\u00f5es do ITCD p\/ SEFAZ-MT, vejamos as disposi\u00e7\u00f5es sobre a restitui\u00e7\u00e3o.<\/p>\n\n\n\n<p>Basicamente a restitui\u00e7\u00e3o (repeti\u00e7\u00e3o ind\u00e9bito) ocorrer\u00e1 quando h\u00e1 um pagamento indevido, entretanto a Lei elencou algumas hip\u00f3teses de forma expressa. Conhe\u00e7amos<\/p>\n\n\n\n<p><strong><mark style=\"background-color:rgba(0, 0, 0, 0)\" class=\"has-inline-color has-vivid-cyan-blue-color\">Hip\u00f3teses de restitui\u00e7\u00e3o<\/mark><\/strong><\/p>\n\n\n\n<ul class=\"wp-block-list\"><li><strong><mark style=\"background-color:rgba(0, 0, 0, 0)\" class=\"has-inline-color has-vivid-green-cyan-color\">Sucess\u00e3o provis\u00f3ria<\/mark><\/strong> (Art. 1, \u00a74\u00ba e Art. 35): no caso de <strong>aparecimento<\/strong> do ausente, fica <strong>assegurada<\/strong> a <strong>restitui\u00e7\u00e3o<\/strong> do imposto.<\/li><\/ul>\n\n\n\n<ul class=\"wp-block-list\"><li><strong><mark style=\"background-color:rgba(0, 0, 0, 0)\" class=\"has-inline-color has-vivid-green-cyan-color\">BC arbitrada menor que o adotado<\/mark><\/strong> (Art. 18, \u00a72\u00ba): o imposto pago a maior dever\u00e1 ser restitu\u00eddo ao contribuinte.<\/li><\/ul>\n\n\n\n<ul class=\"wp-block-list\"><li><strong><mark style=\"background-color:rgba(0, 0, 0, 0)\" class=\"has-inline-color has-vivid-green-cyan-color\">Ato ou contrato nulo<\/mark> <\/strong>(Art. 36): declarado por decis\u00e3o judicial passada em julgado.<\/li><\/ul>\n\n\n\n<ul class=\"wp-block-list\"><li><mark style=\"background-color:rgba(0, 0, 0, 0)\" class=\"has-inline-color has-vivid-green-cyan-color\"><strong>Recolhimento indevido<\/strong> <\/mark>(Art. 34): no <strong>todo <\/strong>ou em parte, \u00e0queles que <strong>comprovarem o ind\u00e9bito<\/strong> &#8211;<mark style=\"background-color:rgba(0, 0, 0, 0)\" class=\"has-inline-color has-vivid-red-color\">> ou seja, trata-se de rol meramente explicativo, pois todo aquele que comprovar o ind\u00e9bito (ainda que n\u00e3o esteja expressamente na Lei, ter\u00e1 o direito de restitui\u00e7\u00e3o). <\/mark><\/li><\/ul>\n\n\n\n<h2 class=\"wp-block-heading\" id=\"penalidades\">Penalidades<\/h2>\n\n\n\n<p>A <strong><mark style=\"background-color:rgba(0, 0, 0, 0)\" class=\"has-inline-color has-vivid-cyan-blue-color\">imposi\u00e7\u00e3o de multa<\/mark><\/strong> <strong>n\u00e3o exime<\/strong> o infrator de <strong>cumprir a obriga\u00e7\u00e3o inobservada<\/strong> (Art. 26) e ser\u00e1 <strong>lavrada <\/strong>de forma privativa por <strong>Fiscais de Tributos Estaduais<\/strong> (Art. 27, \u00a71\u00ba) <strong>em Notifica\u00e7\u00e3o\/Auto de Infra\u00e7\u00e3o \u2013 NAI<\/strong> (Art. 27).<\/p>\n\n\n\n<p>Sabendo disso, vejamos as disposi\u00e7\u00f5es sobre as multas.<\/p>\n\n\n\n<p><mark style=\"background-color:rgba(0, 0, 0, 0)\" class=\"has-inline-color has-vivid-cyan-blue-color\"><strong>Multas<\/strong> <\/mark>(Art. 25) &#8211; descumprimento das obriga\u00e7\u00f5es principal e acess\u00f3rias<\/p>\n\n\n\n<ul class=\"wp-block-list\"><li><mark style=\"background-color:rgba(0, 0, 0, 0)\" class=\"has-inline-color has-vivid-green-cyan-color\"><strong>Invent\u00e1rio ou o arrolamento n\u00e3o aberto processo judicialmente ou extrajudicialmente<\/strong> <\/mark>(I e I-A):<\/li><\/ul>\n\n\n\n<p><strong>Ap\u00f3s 120 dias ap\u00f3s o \u00f3bito:<\/strong> <strong>5%<\/strong> do valor do imposto<\/p>\n\n\n\n<p><strong>Se o atraso exceder a 240 dias: 10%<\/strong> do valor do imposto<\/p>\n\n\n\n<ul class=\"wp-block-list\"><li><strong><mark style=\"background-color:rgba(0, 0, 0, 0)\" class=\"has-inline-color has-vivid-green-cyan-color\">Falta de recolhimento do imposto, inclusive por sonega\u00e7\u00e3o ou pagamento a menor <\/mark><\/strong>(II e III): <strong>100%<\/strong> do valor do imposto n\u00e3o recolhido.<\/li><\/ul>\n\n\n\n<ul class=\"wp-block-list\"><li><strong><mark style=\"background-color:rgba(0, 0, 0, 0)\" class=\"has-inline-color has-vivid-green-cyan-color\">Descumprimento de obriga\u00e7\u00e3o acess\u00f3ria<\/mark><\/strong> (IV): <strong>10 UPFMT <\/strong>-&gt;para a convers\u00e3o em moeda corrente, o valor correspondente a <strong>25% do valor da UPF\/MT<\/strong>, quando o pagamento for efetuado dentro do prazo fixado no documento que instrumentou a respectiva exig\u00eancia (\u00a72\u00ba)<\/li><\/ul>\n\n\n\n<p>Veja que h\u00e1 multas em UPF\/MT e em percentual, logo elas precisam \u201cse conversar\u201d, veja a regra.<\/p>\n\n\n\n<p><strong><mark style=\"background-color:rgba(0, 0, 0, 0)\" class=\"has-inline-color has-vivid-purple-color\">Convers\u00e3o\/corre\u00e7\u00e3o<\/mark><\/strong><\/p>\n\n\n\n<ul class=\"wp-block-list\"><li><strong>Multas n\u00e3o expressas em UPF\/MT<\/strong> (Art. 25, \u00a71\u00ba): ser\u00e3o calculadas sobre os respectivos valores b\u00e1sicos corrigidos monetariamente.<br \/><\/li><li><strong>Multas baseadas em UPF\/MT<\/strong> (Art. 25, \u00a73\u00ba): <strong>ser\u00e3o convertidas<\/strong> em moeda corrente, na data do respectivo lan\u00e7amento.<\/li><\/ul>\n\n\n\n<p>Saibamos tamb\u00e9m a possibilidade de desconto no pagamento das multas, quanto antes o pagamento, maior ser\u00e1 o desconto para o contribuinte.<\/p>\n\n\n\n<p><strong><mark style=\"background-color:rgba(0, 0, 0, 0)\" class=\"has-inline-color has-luminous-vivid-orange-color\">Desconto sobre as multas<\/mark><\/strong> (Art. 28):<\/p>\n\n\n\n<ul class=\"wp-block-list\"><li>I &#8211; <strong>50%,<\/strong> pagamento for dentro do prazo de <strong>30 dias<\/strong>, contados da notifica\u00e7\u00e3o da sua lavratura;<\/li><li>II &#8211; <strong>20%<\/strong>, pagamento <strong>enquanto n\u00e3o efetuado o julgamento em primeira inst\u00e2ncia<\/strong> <span style=\"text-decoration: underline;\">ou<\/span>, <strong>ap\u00f3s proferida a respectiva decis\u00e3o, durante o prazo fixado para pagamento<\/strong> do cr\u00e9dito tribut\u00e1rio correspondente;<\/li><\/ul>\n\n\n\n<p><strong><mark style=\"background-color:rgba(0, 0, 0, 0)\" class=\"has-inline-color has-luminous-vivid-amber-color\">Obs.:<\/mark><\/strong> O pagamento n\u00e3o dispensa, nem elide a aplica\u00e7\u00e3o da corre\u00e7\u00e3o monet\u00e1ria e dos juros de mora devidos (Art. 28, \u00fa).<\/p>\n\n\n\n<h2 class=\"wp-block-heading\" id=\"administracao-tributaria\">Administra\u00e7\u00e3o Tribut\u00e1ria<\/h2>\n\n\n\n<p>Continuando o Resumo das Obriga\u00e7\u00f5es do ITCD p\/ SEFAZ-MT, vejamos as sobre a Administra\u00e7\u00e3o Tribut\u00e1ria.<\/p>\n\n\n\n<p>Podemos entender como em regra a compet\u00eancia ser SEFAZ pelos Fiscais de Tributos Estaduais, entretanto a Procuradoria-Geral do Estado intervir\u00e1 nos invent\u00e1rios e arrolamentos.<\/p>\n\n\n\n<p><strong><mark style=\"background-color:rgba(0, 0, 0, 0)\" class=\"has-inline-color has-vivid-cyan-blue-color\">Compet\u00eancia:<\/mark><\/strong><\/p>\n\n\n\n<ul class=\"wp-block-list\"><li><mark style=\"background-color:rgba(0, 0, 0, 0)\" class=\"has-inline-color has-black-color\"><strong>Finaliza\u00e7\u00e3o<\/strong> <\/mark>(Art. 30): Fiscais de Tributos Estaduais<\/li><\/ul>\n\n\n\n<ul class=\"wp-block-list\"><li><strong>Reconhecimento de n\u00e3o-incid\u00eancia ou isen\u00e7\u00e3o do ITCD<\/strong> (Art. 31): apurado em processo, mediante requerimento do interessado \u00e0 autoridade fazend\u00e1ria.<\/li><\/ul>\n\n\n\n<ul class=\"wp-block-list\"><li><strong>Intervir e ser ouvida nos invent\u00e1rios, arrolamentos<\/strong> (Art. 32): Procuradoria-Geral do Estado<\/li><\/ul>\n\n\n\n<p>Tamb\u00e9m saibamos a presun\u00e7\u00e3o de veracidade das informa\u00e7\u00f5es \u201conline\u201d.<\/p>\n\n\n\n<p><strong><mark style=\"background-color:rgba(0, 0, 0, 0)\" class=\"has-inline-color has-vivid-green-cyan-color\">Presun\u00e7\u00e3o de veracidade das Informa\u00e7\u00f5es no \u00e2mbito do ITCD<\/mark><\/strong><\/p>\n\n\n\n<ul class=\"wp-block-list\"><li><strong>Prestadas pelo contribuinte (ou terceiro credenciado) por meio eletr\u00f4nico<\/strong> (Art. 33)<\/li><\/ul>\n\n\n\n<ul class=\"wp-block-list\"><li><strong>Informa\u00e7\u00f5es no banco de dados SEFAZ<\/strong> (Art. 33-A): <strong>servir\u00e3o como prova<\/strong> para constitui\u00e7\u00e3o do cr\u00e9dito ou multa (\u00a71\u00ba); cabe ao fisco promover o <strong>saneamento das informa\u00e7\u00f5es<\/strong>, <strong>mediante NAI ou Aviso de Cobran\u00e7a<\/strong> (\u00a72\u00ba); os documentos gerados dever\u00e3o conter a identifica\u00e7\u00e3o da unidade fazend\u00e1ria respons\u00e1vel por sua emiss\u00e3o, <strong>dispensada assinatura<\/strong> (\u00a73\u00ba).<\/li><\/ul>\n\n\n\n<h2 class=\"wp-block-heading\" id=\"consideracoes-finais\">Considera\u00e7\u00f5es Finais<\/h2>\n\n\n\n<p>Pessoal, chegamos ao final do Resumo das Obriga\u00e7\u00f5es do ITCD p\/ SEFAZ-MT. Espero que o artigo tenha sido \u00fatil.<\/p>\n\n\n\n<p>N\u00e3o deixe de treinar por quest\u00f5es pelo Sistema de Quest\u00f5es do Estrat\u00e9gia.<\/p>\n\n\n\n<p><a href=\"https:\/\/concursos.estrategiaeducacional.com.br\/\">Sistema de Quest\u00f5es (SQ) \u2013 Estrat\u00e9gia Concursos<\/a><\/p>\n\n\n\n<p>Gostou do artigo? Siga-nos<\/p>\n\n\n\n<p><a href=\"https:\/\/www.instagram.com\/resumospassarin\/\">https:\/\/www.instagram.com\/resumospassarin\/<\/a><\/p>\n\n\n\n<p class=\"has-text-align-center has-luminous-vivid-amber-color has-black-background-color has-text-color has-background\"> <strong><a href=\"https:\/\/www.estrategiaconcursos.com.br\/assinaturas-2022\/\" target=\"_blank\" rel=\"noreferrer noopener\">APROVEITE AS OFERTAS DE NOSSAS ASSINATURAS<\/a><\/strong> <\/p>\n\n\n\n<h2 class=\"has-text-align-center wp-block-heading\" id=\"h-quer-saber-tudo-sobre-concursos-previstos-confira-nossos-artigos\">Quer saber tudo sobre concursos previstos?<br \/>Confira nossos artigos!<\/h2>\n\n\n\n<p class=\"has-text-align-center has-white-color has-black-background-color has-text-color has-background\"><strong><a href=\"https:\/\/www.estrategiaconcursos.com.br\/blog\/concursos-abertos\/\" target=\"_blank\" rel=\"noreferrer noopener\">Concursos abertos<\/a><\/strong><\/p>\n\n\n\n<p class=\"has-text-align-center has-white-color has-black-background-color has-text-color has-background\"><strong><a href=\"https:\/\/www.estrategiaconcursos.com.br\/blog\/concursos-2022\/\" target=\"_blank\" rel=\"noreferrer noopener\">Concursos 2022<\/a><\/strong><\/p>\n\n\n\n<div class=\"container\" id=\"boxes\">\n  <div class=\"row\">\n\n    <div class=\"col-sm\">\n      <div class=\"estrategia\" id=\"box-assinatura\">\n        <h3 class=\"titulo-assinatura\">Assinatura de Concursos<\/h3>\n        <p class=\"subtitulo-assinatura\">Assinatura de 1 ano ou 2 anos<\/p>\n        <div class=\"box-botao\">\n          <a class=\"btn-assinatura\" target=\"_blank\" href=\"https:\/\/www.estrategiaconcursos.com.br\/assinaturas\/\" role=\"button\" rel=\"noopener noreferrer\">ASSINE AGORA<\/a>\n        <\/div>\n      <\/div>\n     \n    <\/div><\/div><\/div>\n\n\n\n<p>At\u00e9 mais e bons estudos!<\/p>\n","protected":false},"excerpt":{"rendered":"<p>Ol\u00e1, pessoal. Tudo certo? No artigo de hoje veremos o Resumo das Obriga\u00e7\u00f5es do ITCD p\/ SEFAZ-MT \u2013 Lei 7.850\/02. Hoje encerramento o assunto tratando os seguintes t\u00f3picos: Obriga\u00e7\u00f5es Recolhimento Restitui\u00e7\u00e3o Penalidades Administra\u00e7\u00e3o tribut\u00e1ria Lembrando que no primeiro artigo j\u00e1 vimos os seguintes t\u00f3picos: Incid\u00eancia Local da Opera\u00e7\u00e3o Momento N\u00e3o Incid\u00eancia Sujei\u00e7\u00e3o Passiva Aspecto Quantitativo [&hellip;]<\/p>\n","protected":false},"author":1763,"featured_media":834647,"comment_status":"open","ping_status":"closed","sticky":false,"template":"","format":"standard","meta":{"post_tipo":"article","footnotes":""},"categories":[1],"tags":[],"tax_estado":[219976],"class_list":["post-1032121","post","type-post","status-publish","format-standard","has-post-thumbnail","hentry","category-cursos-e-concursos","tax_estado-mt"],"acf":[],"yoast_head":"<!-- This site is optimized with the Yoast SEO Premium plugin v27.2 (Yoast SEO v27.2) - https:\/\/yoast.com\/product\/yoast-seo-premium-wordpress\/ -->\n<title>Resumo das Obriga\u00e7\u00f5es do ITCD p\/ SEFAZ-MT \u2013 Lei 7.850\/02<\/title>\n<meta name=\"description\" content=\"Veja nesse artigo o Resumo esquem\u00e1tico das Obriga\u00e7\u00f5es do ITCD p\/ SEFAZ-MT, conte\u00fado abordado pela Lei 7.850\/02.\" \/>\n<meta name=\"robots\" content=\"index, follow, max-snippet:-1, max-image-preview:large, max-video-preview:-1\" \/>\n<link rel=\"canonical\" href=\"https:\/\/www.estrategiaconcursos.com.br\/blog\/obrigacoes-itcd-p-sefaz-mt-p2\/\" \/>\n<meta property=\"og:locale\" content=\"pt_BR\" \/>\n<meta property=\"og:type\" content=\"article\" \/>\n<meta property=\"og:title\" content=\"Resumo das Obriga\u00e7\u00f5es do ITCD p\/ SEFAZ-MT \u2013 Lei 7.850\/02\" \/>\n<meta property=\"og:description\" content=\"Veja nesse artigo o Resumo esquem\u00e1tico das Obriga\u00e7\u00f5es do ITCD p\/ SEFAZ-MT, conte\u00fado abordado pela Lei 7.850\/02.\" \/>\n<meta property=\"og:url\" content=\"https:\/\/www.estrategiaconcursos.com.br\/blog\/obrigacoes-itcd-p-sefaz-mt-p2\/\" \/>\n<meta property=\"og:site_name\" content=\"Estrat\u00e9gia Concursos\" \/>\n<meta property=\"article:published_time\" content=\"2022-07-21T17:38:00+00:00\" \/>\n<meta property=\"og:image\" content=\"https:\/\/dhg1h5j42swfq.cloudfront.net\/2021\/08\/12152153\/sefaz-mt-1.jpg\" \/>\n\t<meta property=\"og:image:width\" content=\"769\" \/>\n\t<meta property=\"og:image:height\" content=\"434\" \/>\n\t<meta property=\"og:image:type\" content=\"image\/jpeg\" \/>\n<meta name=\"author\" content=\"Leonardo Menezes Passarin\" \/>\n<meta name=\"twitter:card\" content=\"summary_large_image\" \/>\n<meta name=\"twitter:creator\" content=\"@EstratConcursos\" \/>\n<meta name=\"twitter:site\" content=\"@EstratConcursos\" \/>\n<meta name=\"twitter:label1\" content=\"Escrito por\" \/>\n\t<meta name=\"twitter:data1\" content=\"Leonardo Menezes Passarin\" \/>\n\t<meta name=\"twitter:label2\" content=\"Est. tempo de leitura\" \/>\n\t<meta name=\"twitter:data2\" content=\"9 minutos\" \/>\n<script type=\"application\/ld+json\" class=\"yoast-schema-graph\">{\"@context\":\"https:\/\/schema.org\",\"@graph\":[{\"@type\":\"NewsArticle\",\"@id\":\"https:\/\/www.estrategiaconcursos.com.br\/blog\/obrigacoes-itcd-p-sefaz-mt-p2\/#article\",\"isPartOf\":{\"@id\":\"https:\/\/www.estrategiaconcursos.com.br\/blog\/obrigacoes-itcd-p-sefaz-mt-p2\/\"},\"author\":{\"name\":\"Leonardo Menezes Passarin\",\"@id\":\"https:\/\/www.estrategiaconcursos.com.br\/blog\/#\/schema\/person\/245b44e43eb13f0dbd04a7a078cd0d0d\"},\"headline\":\"Resumo das Obriga\u00e7\u00f5es do ITCD p\/ SEFAZ-MT \u2013 Lei 7.850\/02\",\"datePublished\":\"2022-07-21T17:38:00+00:00\",\"mainEntityOfPage\":{\"@id\":\"https:\/\/www.estrategiaconcursos.com.br\/blog\/obrigacoes-itcd-p-sefaz-mt-p2\/\"},\"wordCount\":1775,\"commentCount\":0,\"publisher\":{\"@id\":\"https:\/\/www.estrategiaconcursos.com.br\/blog\/#organization\"},\"image\":{\"@id\":\"https:\/\/www.estrategiaconcursos.com.br\/blog\/obrigacoes-itcd-p-sefaz-mt-p2\/#primaryimage\"},\"thumbnailUrl\":\"https:\/\/dhg1h5j42swfq.cloudfront.net\/2021\/08\/12152153\/sefaz-mt-1.jpg\",\"articleSection\":[\"Concursos P\u00fablicos\"],\"inLanguage\":\"pt-BR\",\"potentialAction\":[{\"@type\":\"CommentAction\",\"name\":\"Comment\",\"target\":[\"https:\/\/www.estrategiaconcursos.com.br\/blog\/obrigacoes-itcd-p-sefaz-mt-p2\/#respond\"]}],\"copyrightYear\":\"2022\",\"copyrightHolder\":{\"@id\":\"https:\/\/www.estrategiaconcursos.com.br\/blog\/#organization\"}},{\"@type\":\"WebPage\",\"@id\":\"https:\/\/www.estrategiaconcursos.com.br\/blog\/obrigacoes-itcd-p-sefaz-mt-p2\/\",\"url\":\"https:\/\/www.estrategiaconcursos.com.br\/blog\/obrigacoes-itcd-p-sefaz-mt-p2\/\",\"name\":\"Resumo das Obriga\u00e7\u00f5es do ITCD p\/ SEFAZ-MT \u2013 Lei 7.850\/02\",\"isPartOf\":{\"@id\":\"https:\/\/www.estrategiaconcursos.com.br\/blog\/#website\"},\"primaryImageOfPage\":{\"@id\":\"https:\/\/www.estrategiaconcursos.com.br\/blog\/obrigacoes-itcd-p-sefaz-mt-p2\/#primaryimage\"},\"image\":{\"@id\":\"https:\/\/www.estrategiaconcursos.com.br\/blog\/obrigacoes-itcd-p-sefaz-mt-p2\/#primaryimage\"},\"thumbnailUrl\":\"https:\/\/dhg1h5j42swfq.cloudfront.net\/2021\/08\/12152153\/sefaz-mt-1.jpg\",\"datePublished\":\"2022-07-21T17:38:00+00:00\",\"description\":\"Veja nesse artigo o Resumo esquem\u00e1tico das Obriga\u00e7\u00f5es do ITCD p\/ SEFAZ-MT, conte\u00fado abordado pela Lei 7.850\/02.\",\"breadcrumb\":{\"@id\":\"https:\/\/www.estrategiaconcursos.com.br\/blog\/obrigacoes-itcd-p-sefaz-mt-p2\/#breadcrumb\"},\"inLanguage\":\"pt-BR\",\"potentialAction\":[{\"@type\":\"ReadAction\",\"target\":[\"https:\/\/www.estrategiaconcursos.com.br\/blog\/obrigacoes-itcd-p-sefaz-mt-p2\/\"]}]},{\"@type\":\"ImageObject\",\"inLanguage\":\"pt-BR\",\"@id\":\"https:\/\/www.estrategiaconcursos.com.br\/blog\/obrigacoes-itcd-p-sefaz-mt-p2\/#primaryimage\",\"url\":\"https:\/\/dhg1h5j42swfq.cloudfront.net\/2021\/08\/12152153\/sefaz-mt-1.jpg\",\"contentUrl\":\"https:\/\/dhg1h5j42swfq.cloudfront.net\/2021\/08\/12152153\/sefaz-mt-1.jpg\",\"width\":769,\"height\":434,\"caption\":\"Inscri\u00e7\u00f5es concurso sefaz mt\"},{\"@type\":\"BreadcrumbList\",\"@id\":\"https:\/\/www.estrategiaconcursos.com.br\/blog\/obrigacoes-itcd-p-sefaz-mt-p2\/#breadcrumb\",\"itemListElement\":[{\"@type\":\"ListItem\",\"position\":1,\"name\":\"In\u00edcio\",\"item\":\"https:\/\/www.estrategiaconcursos.com.br\/blog\/\"},{\"@type\":\"ListItem\",\"position\":2,\"name\":\"Resumo das Obriga\u00e7\u00f5es do ITCD p\/ SEFAZ-MT \u2013 Lei 7.850\/02\"}]},{\"@type\":\"WebSite\",\"@id\":\"https:\/\/www.estrategiaconcursos.com.br\/blog\/#website\",\"url\":\"https:\/\/www.estrategiaconcursos.com.br\/blog\/\",\"name\":\"Estrat\u00e9gia Concursos\",\"description\":\"O blog da Estrat\u00e9gia Concursos traz not\u00edcias sobre concursos e artigos de professores oferecendo cursos para concursos (pdf + videaulas) no site.\",\"publisher\":{\"@id\":\"https:\/\/www.estrategiaconcursos.com.br\/blog\/#organization\"},\"potentialAction\":[{\"@type\":\"SearchAction\",\"target\":{\"@type\":\"EntryPoint\",\"urlTemplate\":\"https:\/\/www.estrategiaconcursos.com.br\/blog\/?s={search_term_string}\"},\"query-input\":{\"@type\":\"PropertyValueSpecification\",\"valueRequired\":true,\"valueName\":\"search_term_string\"}}],\"inLanguage\":\"pt-BR\"},{\"@type\":\"Organization\",\"@id\":\"https:\/\/www.estrategiaconcursos.com.br\/blog\/#organization\",\"name\":\"Estrat\u00e9gia Concursos\",\"url\":\"https:\/\/www.estrategiaconcursos.com.br\/blog\/\",\"logo\":{\"@type\":\"ImageObject\",\"inLanguage\":\"pt-BR\",\"@id\":\"https:\/\/www.estrategiaconcursos.com.br\/blog\/#\/schema\/logo\/image\/\",\"url\":\"https:\/\/dhg1h5j42swfq.cloudfront.net\/2025\/06\/03203428\/logo_concursos-1.jpg\",\"contentUrl\":\"https:\/\/dhg1h5j42swfq.cloudfront.net\/2025\/06\/03203428\/logo_concursos-1.jpg\",\"width\":230,\"height\":60,\"caption\":\"Estrat\u00e9gia Concursos\"},\"image\":{\"@id\":\"https:\/\/www.estrategiaconcursos.com.br\/blog\/#\/schema\/logo\/image\/\"},\"sameAs\":[\"https:\/\/x.com\/EstratConcursos\"]},{\"@type\":\"Person\",\"@id\":\"https:\/\/www.estrategiaconcursos.com.br\/blog\/#\/schema\/person\/245b44e43eb13f0dbd04a7a078cd0d0d\",\"name\":\"Leonardo Menezes Passarin\",\"image\":{\"@type\":\"ImageObject\",\"inLanguage\":\"pt-BR\",\"@id\":\"https:\/\/secure.gravatar.com\/avatar\/fc0e5714ceaa97f24e6e6a30eab74ba8a701c2b62f8cab100ffdb22c6d8f42c3?s=96&d=mm&r=g\",\"url\":\"https:\/\/secure.gravatar.com\/avatar\/fc0e5714ceaa97f24e6e6a30eab74ba8a701c2b62f8cab100ffdb22c6d8f42c3?s=96&d=mm&r=g\",\"contentUrl\":\"https:\/\/secure.gravatar.com\/avatar\/fc0e5714ceaa97f24e6e6a30eab74ba8a701c2b62f8cab100ffdb22c6d8f42c3?s=96&d=mm&r=g\",\"caption\":\"Leonardo Menezes Passarin\"},\"url\":\"https:\/\/www.estrategiaconcursos.com.br\/blog\/author\/passarin-leonardohotmail-com\/\"}]}<\/script>\n<!-- \/ Yoast SEO Premium plugin. -->","yoast_head_json":{"title":"Resumo das Obriga\u00e7\u00f5es do ITCD p\/ SEFAZ-MT \u2013 Lei 7.850\/02","description":"Veja nesse artigo o Resumo esquem\u00e1tico das Obriga\u00e7\u00f5es do ITCD p\/ SEFAZ-MT, conte\u00fado abordado pela Lei 7.850\/02.","robots":{"index":"index","follow":"follow","max-snippet":"max-snippet:-1","max-image-preview":"max-image-preview:large","max-video-preview":"max-video-preview:-1"},"canonical":"https:\/\/www.estrategiaconcursos.com.br\/blog\/obrigacoes-itcd-p-sefaz-mt-p2\/","og_locale":"pt_BR","og_type":"article","og_title":"Resumo das Obriga\u00e7\u00f5es do ITCD p\/ SEFAZ-MT \u2013 Lei 7.850\/02","og_description":"Veja nesse artigo o Resumo esquem\u00e1tico das Obriga\u00e7\u00f5es do ITCD p\/ SEFAZ-MT, conte\u00fado abordado pela Lei 7.850\/02.","og_url":"https:\/\/www.estrategiaconcursos.com.br\/blog\/obrigacoes-itcd-p-sefaz-mt-p2\/","og_site_name":"Estrat\u00e9gia Concursos","article_published_time":"2022-07-21T17:38:00+00:00","og_image":[{"width":769,"height":434,"url":"https:\/\/dhg1h5j42swfq.cloudfront.net\/2021\/08\/12152153\/sefaz-mt-1.jpg","type":"image\/jpeg"}],"author":"Leonardo Menezes Passarin","twitter_card":"summary_large_image","twitter_creator":"@EstratConcursos","twitter_site":"@EstratConcursos","twitter_misc":{"Escrito por":"Leonardo Menezes Passarin","Est. tempo de leitura":"9 minutos"},"schema":{"@context":"https:\/\/schema.org","@graph":[{"@type":"NewsArticle","@id":"https:\/\/www.estrategiaconcursos.com.br\/blog\/obrigacoes-itcd-p-sefaz-mt-p2\/#article","isPartOf":{"@id":"https:\/\/www.estrategiaconcursos.com.br\/blog\/obrigacoes-itcd-p-sefaz-mt-p2\/"},"author":{"name":"Leonardo Menezes Passarin","@id":"https:\/\/www.estrategiaconcursos.com.br\/blog\/#\/schema\/person\/245b44e43eb13f0dbd04a7a078cd0d0d"},"headline":"Resumo das Obriga\u00e7\u00f5es do ITCD p\/ SEFAZ-MT \u2013 Lei 7.850\/02","datePublished":"2022-07-21T17:38:00+00:00","mainEntityOfPage":{"@id":"https:\/\/www.estrategiaconcursos.com.br\/blog\/obrigacoes-itcd-p-sefaz-mt-p2\/"},"wordCount":1775,"commentCount":0,"publisher":{"@id":"https:\/\/www.estrategiaconcursos.com.br\/blog\/#organization"},"image":{"@id":"https:\/\/www.estrategiaconcursos.com.br\/blog\/obrigacoes-itcd-p-sefaz-mt-p2\/#primaryimage"},"thumbnailUrl":"https:\/\/dhg1h5j42swfq.cloudfront.net\/2021\/08\/12152153\/sefaz-mt-1.jpg","articleSection":["Concursos P\u00fablicos"],"inLanguage":"pt-BR","potentialAction":[{"@type":"CommentAction","name":"Comment","target":["https:\/\/www.estrategiaconcursos.com.br\/blog\/obrigacoes-itcd-p-sefaz-mt-p2\/#respond"]}],"copyrightYear":"2022","copyrightHolder":{"@id":"https:\/\/www.estrategiaconcursos.com.br\/blog\/#organization"}},{"@type":"WebPage","@id":"https:\/\/www.estrategiaconcursos.com.br\/blog\/obrigacoes-itcd-p-sefaz-mt-p2\/","url":"https:\/\/www.estrategiaconcursos.com.br\/blog\/obrigacoes-itcd-p-sefaz-mt-p2\/","name":"Resumo das Obriga\u00e7\u00f5es do ITCD p\/ SEFAZ-MT \u2013 Lei 7.850\/02","isPartOf":{"@id":"https:\/\/www.estrategiaconcursos.com.br\/blog\/#website"},"primaryImageOfPage":{"@id":"https:\/\/www.estrategiaconcursos.com.br\/blog\/obrigacoes-itcd-p-sefaz-mt-p2\/#primaryimage"},"image":{"@id":"https:\/\/www.estrategiaconcursos.com.br\/blog\/obrigacoes-itcd-p-sefaz-mt-p2\/#primaryimage"},"thumbnailUrl":"https:\/\/dhg1h5j42swfq.cloudfront.net\/2021\/08\/12152153\/sefaz-mt-1.jpg","datePublished":"2022-07-21T17:38:00+00:00","description":"Veja nesse artigo o Resumo esquem\u00e1tico das Obriga\u00e7\u00f5es do ITCD p\/ SEFAZ-MT, conte\u00fado abordado pela Lei 7.850\/02.","breadcrumb":{"@id":"https:\/\/www.estrategiaconcursos.com.br\/blog\/obrigacoes-itcd-p-sefaz-mt-p2\/#breadcrumb"},"inLanguage":"pt-BR","potentialAction":[{"@type":"ReadAction","target":["https:\/\/www.estrategiaconcursos.com.br\/blog\/obrigacoes-itcd-p-sefaz-mt-p2\/"]}]},{"@type":"ImageObject","inLanguage":"pt-BR","@id":"https:\/\/www.estrategiaconcursos.com.br\/blog\/obrigacoes-itcd-p-sefaz-mt-p2\/#primaryimage","url":"https:\/\/dhg1h5j42swfq.cloudfront.net\/2021\/08\/12152153\/sefaz-mt-1.jpg","contentUrl":"https:\/\/dhg1h5j42swfq.cloudfront.net\/2021\/08\/12152153\/sefaz-mt-1.jpg","width":769,"height":434,"caption":"Inscri\u00e7\u00f5es concurso sefaz mt"},{"@type":"BreadcrumbList","@id":"https:\/\/www.estrategiaconcursos.com.br\/blog\/obrigacoes-itcd-p-sefaz-mt-p2\/#breadcrumb","itemListElement":[{"@type":"ListItem","position":1,"name":"In\u00edcio","item":"https:\/\/www.estrategiaconcursos.com.br\/blog\/"},{"@type":"ListItem","position":2,"name":"Resumo das Obriga\u00e7\u00f5es do ITCD p\/ SEFAZ-MT \u2013 Lei 7.850\/02"}]},{"@type":"WebSite","@id":"https:\/\/www.estrategiaconcursos.com.br\/blog\/#website","url":"https:\/\/www.estrategiaconcursos.com.br\/blog\/","name":"Estrat\u00e9gia Concursos","description":"O blog da Estrat\u00e9gia Concursos traz not\u00edcias sobre concursos e artigos de professores oferecendo cursos para concursos (pdf + videaulas) no site.","publisher":{"@id":"https:\/\/www.estrategiaconcursos.com.br\/blog\/#organization"},"potentialAction":[{"@type":"SearchAction","target":{"@type":"EntryPoint","urlTemplate":"https:\/\/www.estrategiaconcursos.com.br\/blog\/?s={search_term_string}"},"query-input":{"@type":"PropertyValueSpecification","valueRequired":true,"valueName":"search_term_string"}}],"inLanguage":"pt-BR"},{"@type":"Organization","@id":"https:\/\/www.estrategiaconcursos.com.br\/blog\/#organization","name":"Estrat\u00e9gia Concursos","url":"https:\/\/www.estrategiaconcursos.com.br\/blog\/","logo":{"@type":"ImageObject","inLanguage":"pt-BR","@id":"https:\/\/www.estrategiaconcursos.com.br\/blog\/#\/schema\/logo\/image\/","url":"https:\/\/dhg1h5j42swfq.cloudfront.net\/2025\/06\/03203428\/logo_concursos-1.jpg","contentUrl":"https:\/\/dhg1h5j42swfq.cloudfront.net\/2025\/06\/03203428\/logo_concursos-1.jpg","width":230,"height":60,"caption":"Estrat\u00e9gia Concursos"},"image":{"@id":"https:\/\/www.estrategiaconcursos.com.br\/blog\/#\/schema\/logo\/image\/"},"sameAs":["https:\/\/x.com\/EstratConcursos"]},{"@type":"Person","@id":"https:\/\/www.estrategiaconcursos.com.br\/blog\/#\/schema\/person\/245b44e43eb13f0dbd04a7a078cd0d0d","name":"Leonardo Menezes Passarin","image":{"@type":"ImageObject","inLanguage":"pt-BR","@id":"https:\/\/secure.gravatar.com\/avatar\/fc0e5714ceaa97f24e6e6a30eab74ba8a701c2b62f8cab100ffdb22c6d8f42c3?s=96&d=mm&r=g","url":"https:\/\/secure.gravatar.com\/avatar\/fc0e5714ceaa97f24e6e6a30eab74ba8a701c2b62f8cab100ffdb22c6d8f42c3?s=96&d=mm&r=g","contentUrl":"https:\/\/secure.gravatar.com\/avatar\/fc0e5714ceaa97f24e6e6a30eab74ba8a701c2b62f8cab100ffdb22c6d8f42c3?s=96&d=mm&r=g","caption":"Leonardo Menezes Passarin"},"url":"https:\/\/www.estrategiaconcursos.com.br\/blog\/author\/passarin-leonardohotmail-com\/"}]}},"_links":{"self":[{"href":"https:\/\/www.estrategiaconcursos.com.br\/blog\/wp-json\/wp\/v2\/posts\/1032121","targetHints":{"allow":["GET"]}}],"collection":[{"href":"https:\/\/www.estrategiaconcursos.com.br\/blog\/wp-json\/wp\/v2\/posts"}],"about":[{"href":"https:\/\/www.estrategiaconcursos.com.br\/blog\/wp-json\/wp\/v2\/types\/post"}],"author":[{"embeddable":true,"href":"https:\/\/www.estrategiaconcursos.com.br\/blog\/wp-json\/wp\/v2\/users\/1763"}],"replies":[{"embeddable":true,"href":"https:\/\/www.estrategiaconcursos.com.br\/blog\/wp-json\/wp\/v2\/comments?post=1032121"}],"version-history":[{"count":5,"href":"https:\/\/www.estrategiaconcursos.com.br\/blog\/wp-json\/wp\/v2\/posts\/1032121\/revisions"}],"predecessor-version":[{"id":1062674,"href":"https:\/\/www.estrategiaconcursos.com.br\/blog\/wp-json\/wp\/v2\/posts\/1032121\/revisions\/1062674"}],"wp:featuredmedia":[{"embeddable":true,"href":"https:\/\/www.estrategiaconcursos.com.br\/blog\/wp-json\/wp\/v2\/media\/834647"}],"wp:attachment":[{"href":"https:\/\/www.estrategiaconcursos.com.br\/blog\/wp-json\/wp\/v2\/media?parent=1032121"}],"wp:term":[{"taxonomy":"category","embeddable":true,"href":"https:\/\/www.estrategiaconcursos.com.br\/blog\/wp-json\/wp\/v2\/categories?post=1032121"},{"taxonomy":"post_tag","embeddable":true,"href":"https:\/\/www.estrategiaconcursos.com.br\/blog\/wp-json\/wp\/v2\/tags?post=1032121"},{"taxonomy":"tax_estado","embeddable":true,"href":"https:\/\/www.estrategiaconcursos.com.br\/blog\/wp-json\/wp\/v2\/tax_estado?post=1032121"}],"curies":[{"name":"wp","href":"https:\/\/api.w.org\/{rel}","templated":true}]}}