{"id":1031741,"date":"2022-05-23T09:00:00","date_gmt":"2022-05-23T12:00:00","guid":{"rendered":"https:\/\/www.estrategiaconcursos.com.br\/blog\/?p=1031741"},"modified":"2023-04-14T13:56:35","modified_gmt":"2023-04-14T16:56:35","slug":"carta-aos-assinantes-082","status":"publish","type":"post","link":"https:\/\/www.estrategiaconcursos.com.br\/blog\/carta-aos-assinantes-082\/","title":{"rendered":"Carta aos Assinantes do Estrat\u00e9gia Concursos &#8211; 082"},"content":{"rendered":"\n<p class=\"has-text-align-right has-luminous-vivid-amber-background-color has-background\"><em>Confira, em nossa <strong>octog\u00e9sima<\/strong> <strong>segunda<\/strong> carta aos assinantes, a nossa programa\u00e7\u00e3o semanal, as novidades do nosso Sistema de Quest\u00f5es e as principais movimenta\u00e7\u00f5es de  concursos.<\/em><\/p>\n\n\n\n<p>Ol\u00e1, pessoal. Tudo bem?<\/p>\n\n\n\n<p><strong>Prof. Diego Cerqueira <\/strong>por aquiem nossa <strong><mark style=\"background-color:rgba(0, 0, 0, 0)\" class=\"has-inline-color has-vivid-purple-color\">octog\u00e9sima segunda carta aos Assinantes<\/mark><\/strong> do Estrat\u00e9gia Concursos.<\/p>\n\n\n\n<p>Gostaria de iniciar essa carta falando com os nossos alunos da <strong>\u00e1rea de Tribunais<\/strong>.<\/p>\n\n\n\n<p>Aos nossos alunos do <strong><mark style=\"background-color:rgba(0, 0, 0, 0)\" class=\"has-inline-color has-vivid-purple-color\">Tribunal de Justi\u00e7a do Distrito Federal e Territ\u00f3rios<\/mark><\/strong>, estamos dando continuidade \u00e0 nossa sequ\u00eancia de eventos! Ao longo desta semana teremos transmiss\u00f5es ao vivo do nosso evento chamado <strong>Hora da Verdade<\/strong>.<\/p>\n\n\n\n<p><em>Para n\u00e3o ficar de fora, inscreva-se no nosso canal da \u00c1rea de Tribunais:<\/em><\/p>\n\n\n\n<p class=\"has-text-align-center has-pale-cyan-blue-background-color has-background\"><a href=\"https:\/\/t.me\/JornadaDoEscrevente\">CANAL DO TELEGRAM \u2013 \u00c1REA DE TRIBUNAIS<\/a><\/p>\n\n\n\n<p>Ainda sobre o <strong><mark style=\"background-color:rgba(0, 0, 0, 0)\" class=\"has-inline-color has-vivid-purple-color\">TJDFT<\/mark><\/strong>, para te guiar por todo o Ato Final TJDFT, nossos professores prepararam o <strong>Manual do Futuro Aprovado<\/strong>. &nbsp;\u00c9 um material \u00fanico com tudo que voc\u00ea precisa para otimizar a sua reta final e acompanhar os eventos que ir\u00e3o te colocar em um n\u00edvel competitivo no dia da prova!<\/p>\n\n\n\n<p><em>Para acessar o seu Manual, clique no link abaixo e fa\u00e7a o download!<\/em><\/p>\n\n\n\n<p class=\"has-text-align-center has-pale-cyan-blue-background-color has-background\"><a href=\"chrome-extension:\/\/efaidnbmnnnibpcajpcglclefindmkaj\/https:\/gratis.estrategiaconcursos.com.br\/wp-content\/uploads\/2022\/05\/MANUAL-DO-APROVADO-EBOOK-TJDFT-v4-.pdf?utm_source=beamer&amp;utm_medium=sidebar&amp;utm_campaign=TJDFT-Manual-do-Futuro-Aprovado&amp;utm_content=ctalink\">Acesse aqui o Manual!<\/a><\/p>\n\n\n\n<p>Por fim, quero saber quem est\u00e1 se preparando para o concurso da <strong><mark style=\"background-color:rgba(0, 0, 0, 0)\" class=\"has-inline-color has-vivid-purple-color\">Secretaria da Fazenda do Estado da Bahia<\/mark><\/strong>. Se esse for o seu caso, a partir de hoje, dia 23\/05, come\u00e7amos a nossa sequ\u00eancia de eventos conhecida como <strong>Hora da Verdade<\/strong>.<\/p>\n\n\n\n<p><em>Para n\u00e3o ficar de fora, inscreva-se no nosso canal da \u00c1rea Fiscal:<\/em><\/p>\n\n\n\n<p class=\"has-text-align-center has-pale-cyan-blue-background-color has-background\"><a href=\"https:\/\/t.me\/+IqJ8ciwa0JFlYzQx\">CANAL DO TELEGRAM \u2013 \u00c1REA FISCAL<\/a><\/p>\n\n\n\n<h2 class=\"wp-block-heading\" id=\"h-programacao-semanal\"><strong>Programa\u00e7\u00e3o Semanal<\/strong><\/h2>\n\n\n\n<p><strong><mark style=\"background-color:rgba(0, 0, 0, 0)\" class=\"has-inline-color has-vivid-purple-color\">1. Simulados<\/mark><\/strong><\/p>\n\n\n\n<ul class=\"wp-block-list\">\n<li><strong>1\u00ba Simulado Delta PC BA \u2013 <\/strong>28 de maio (<a href=\"https:\/\/gratis.estrategiaconcursos.com.br\/area-futuro-delta-pcba\/\">Defina o Lembrete<\/a>)<\/li>\n<\/ul>\n\n\n\n<p><strong><mark style=\"background-color:rgba(0, 0, 0, 0)\" class=\"has-inline-color has-vivid-purple-color\">2. ESTRAT\u00c9GIA CONCURSOS \u2013 Webin\u00e1rios<\/mark><\/strong><\/p>\n\n\n\n<ul class=\"wp-block-list\">\n<li><strong>Aul\u00e3o Especial SEFAZ PE &#8211; Estatuto dos Servidores &#8211; Prof. Tiago Zanolla \u2013 <\/strong>23 de maio (<a href=\"https:\/\/gratis.estrategiaconcursos.com.br\/aulao-especial-sefaz-pe-estatuto-dos-servidores\/\">Defina o Lembrete<\/a>)<\/li>\n\n\n\n<li><strong>Turma Estrat\u00e9gica INSS 2.0 &#8211; A maior comunidade de futuros aprovados do INSS \u2013 <\/strong>23 de maio (<a href=\"https:\/\/youtu.be\/hC4cKYIoQAI\">Defina o Lembrete<\/a>)<\/li>\n\n\n\n<li><strong>Hora da Verdade SEFAZ BA \u2013 <\/strong>23 de maio (<a href=\"https:\/\/youtu.be\/XwzRy-Nr0gQ\">Defina o Lembrete<\/a>)<\/li>\n\n\n\n<li><strong>Concurso MP PA: O que \u00e9 mais cobrado pela Consulplan?\u2013 <\/strong>23 de maio (Defina o Lembrete)<\/li>\n\n\n\n<li><strong>Concurso ISS RJ em estudo: Raio-x e expectativas \u2013 <\/strong>23 de maio (<a href=\"https:\/\/youtu.be\/WTjpoK8swvU\">Defina o Lembrete<\/a>)<\/li>\n\n\n\n<li><strong>Turma Estrat\u00e9gica INSS 2.0 &#8211; O planejamento de estudos imbat\u00edvel \u2013 <\/strong>24 de maio (<a href=\"https:\/\/youtu.be\/vZWPjLtUaxY\">Defina o Lembrete<\/a>)<\/li>\n\n\n\n<li><strong>6 estrat\u00e9gias de estudo para melhorar o rendimento \u2013 <\/strong>24 de maio (Defina o Lembrete)<\/li>\n\n\n\n<li><strong>Aquecimento IBRAM DF &#8211; Legisla\u00e7\u00e3o Ambiental \u2013 <\/strong>25 de maio (Defina o Lembrete)<\/li>\n\n\n\n<li><strong>Turma Estrat\u00e9gica INSS 2.0 &#8211; Como estudam os aprovados \u2013 <\/strong>25 de maio (<a href=\"https:\/\/youtu.be\/lE8J4EO28mw\">Defina o Lembrete<\/a>)<\/li>\n\n\n\n<li><strong>O que fazer ap\u00f3s o concurso da PC SP? \u2013 <\/strong>25 de maio (<a href=\"https:\/\/gratis.estrategiaconcursos.com.br\/area-do-candidato-pc-sp\/\">Defina o Lembrete<\/a>)<\/li>\n\n\n\n<li><strong>\u00c1rea Fiscal: Apostar em um concurso ou fazer uma prepara\u00e7\u00e3o ampla? \u2013 <\/strong>25 de maio (<a href=\"https:\/\/gratis.estrategiaconcursos.com.br\/area-fiscal-apostar-em-um-concurso-ou-fazer-uma-preparacao-ampla\/\">Defina o Lembrete<\/a>)<\/li>\n\n\n\n<li><strong>P\u00f3s-PC SP: Como adaptar os estudos para Policial Legislativo do Senado \u2013 <\/strong>26 de maio (<a href=\"https:\/\/gratis.estrategiaconcursos.com.br\/area-do-candidato-pc-sp\/\">Defina o Lembrete<\/a>)<\/li>\n\n\n\n<li><strong>Concurso TCU: Como aproveitar os estudos para o Senado \u2013 <\/strong>26 de maio (<a href=\"https:\/\/gratis.estrategiaconcursos.com.br\/area-do-candidato-tcu\/\">Defina o Lembrete<\/a>)<\/li>\n\n\n\n<li><strong>Concurso TRT MG: Como iniciar os estudos \u2013 <\/strong>27 de maio (<a href=\"https:\/\/www.estrategiaconcursos.com.br\/blog\/concurso-trt-mg\/\">Defina o Lembrete<\/a>)<\/li>\n\n\n\n<li><strong>Apostas Finais para Discursivas TJDFT &#8211; Profs. Adriana Figueiredo e Rodolfo Gracioli \u2013 <\/strong>27 de maio (<a href=\"https:\/\/gratis.estrategiaconcursos.com.br\/area-do-candidato-tjdft\/\">Defina o Lembrete<\/a>)<\/li>\n\n\n\n<li><strong>Bombeiros GO: Como iniciar os estudos para Soldado \u2013 <\/strong>27 de maio (<a href=\"https:\/\/www.estrategiaconcursos.com.br\/blog\/concurso-bombeiro-go\/\">Defina o Lembrete<\/a>)<\/li>\n<\/ul>\n\n\n\n<p><strong><mark style=\"background-color:rgba(0, 0, 0, 0)\" class=\"has-inline-color has-vivid-purple-color\">3. ESTRAT\u00c9GIA CARREIRAS JUR\u00cdDICAS E OAB \u2013 Webin\u00e1rios<\/mark><\/strong><\/p>\n\n\n\n<ul class=\"wp-block-list\">\n<li><strong>Direito Constitucional &#8211; Organiza\u00e7\u00e3o do Estado. Reparti\u00e7\u00e3o de Compet\u00eancias. Sistema constitucional de crises. (Curso Temas Espec\u00edficos para Defensor da DPE SP) \u2013 <\/strong>23 de maio (<a href=\"https:\/\/gratis.estrategiaconcursos.com.br\/area-do-futuro-defensor-da-dpe-sp\/\">Defina o Lembrete<\/a>)<\/li>\n\n\n\n<li><strong>Direito Civil &#8211; Guarda. Regime de Conviv\u00eancia. (Curso Temas Espec\u00edficos para Defensor da DPE SP) \u2013 <\/strong>23 de maio (<a href=\"https:\/\/gratis.estrategiaconcursos.com.br\/area-do-futuro-defensor-da-dpe-sp\/\">Defina o Lembrete<\/a>)<\/li>\n\n\n\n<li><strong>Lei 13.709\/2018 Comentada (Prote\u00e7\u00e3o de Dados Pessoais) \u2013 Parte II (Curso Exclusivo de Legisla\u00e7\u00e3o Comentada &#8211; Delta PC RR) \u2013 <\/strong>23 de maio (<a href=\"https:\/\/gratis.estrategiaconcursos.com.br\/area-do-candidato-delta-pc-rr\/\">Defina o Lembrete<\/a>)<\/li>\n\n\n\n<li><strong>Constitui\u00e7\u00e3o do Estado de Alagoas (Intensivo de Reta Final &#8211; Delta PC AL) \u2013 <\/strong>23 de maio (<a href=\"https:\/\/gratis.estrategiaconcursos.com.br\/area-do-futuro-delta-pc-al\/\">Defina o Lembrete<\/a>)<\/li>\n\n\n\n<li><strong>Lei no 11.340\/2006 (Lei Viol\u00eancia Dom\u00e9stica e Familiar contra a Mulher) (Curso Exclusivo de Legisla\u00e7\u00e3o Comentada &#8211; Delta PC RR) \u2013 <\/strong>24 de maio (<a href=\"https:\/\/gratis.estrategiaconcursos.com.br\/area-do-candidato-delta-pc-rr\/\">Defina o Lembrete<\/a>)<\/li>\n\n\n\n<li><strong>Direitos Difusos e Coletivos &#8211; Despejos coletivos for\u00e7ados. Saneamento b\u00e1sico como direito humano fundamental. (Curso Temas Espec\u00edficos para Defensor da DPE SP) \u2013 <\/strong>24 de maio (<a href=\"https:\/\/gratis.estrategiaconcursos.com.br\/area-do-futuro-defensor-da-dpe-sp\/\">Defina o Lembrete<\/a>)<\/li>\n\n\n\n<li><strong>Direito Civil &#8211; Princ\u00edpios Contratuais. Elementos Contratuais. (Curso Temas Espec\u00edficos para Defensor da DPE SP) \u2013 <\/strong>24 de maio (<a href=\"https:\/\/gratis.estrategiaconcursos.com.br\/area-do-futuro-defensor-da-dpe-sp\/\">Defina o Lembrete<\/a>)<\/li>\n\n\n\n<li><strong>Direito Constitucional (Intensivo de Reta Final &#8211; Delta PC AL) \u2013 <\/strong>24 de maio (<a href=\"https:\/\/gratis.estrategiaconcursos.com.br\/area-do-futuro-delta-pc-al\/\">Defina o Lembrete<\/a>)<\/li>\n\n\n\n<li><strong>Direito Processual Civil &#8211; Defensoria P\u00fablica no CPC. Interven\u00e7\u00e3o de terceiros. (Curso Temas Espec\u00edficos para Defensor da DPE SP) \u2013 <\/strong>24 de maio (<a href=\"https:\/\/gratis.estrategiaconcursos.com.br\/area-do-futuro-defensor-da-dpe-sp\/\">Defina o Lembrete<\/a>)<\/li>\n\n\n\n<li><strong>Direito do Consumidor &#8211; Superendividamento. Pr\u00e1ticas comerciais. (Curso Temas Espec\u00edficos para Defensor da DPE SP) \u2013 <\/strong>25 de maio (<a href=\"https:\/\/gratis.estrategiaconcursos.com.br\/area-do-futuro-defensor-da-dpe-sp\/\">Defina o Lembrete<\/a>)<\/li>\n\n\n\n<li><strong>T\u00edtulos impr\u00f3prios (Curso Atualiza\u00e7\u00f5es Direito Empresarial) \u2013 <\/strong>25 de maio (<a href=\"https:\/\/youtu.be\/yoQSNkeLIPI\">Defina o Lembrete<\/a>)<\/li>\n\n\n\n<li><strong>Defensor da DPE SP: 200 temas prov\u00e1veis na prova de 2022 (DPE SP A Virada de Chave) &nbsp;\u2013 <\/strong>25 de maio (<a href=\"https:\/\/gratis.estrategiaconcursos.com.br\/dpe-sp-a-virada-de-chave\/\">Defina o Lembrete<\/a>)<\/li>\n\n\n\n<li><strong>Promotor MP MG | T.A.C &#8211; Os 3 elementos decisivos para a aprova\u00e7\u00e3o no pr\u00f3ximo concurso! \u2013 <\/strong>25 de maio (<a href=\"https:\/\/t.me\/estrategiamp\">Defina o Lembrete<\/a>)<\/li>\n\n\n\n<li><strong>Direito Constitucional &#8211; Controle de constitucionalidade. Teoria geral. A\u00e7\u00f5es de controle concentrado. (Curso Temas Espec\u00edficos para Defensor da DPE SP) \u2013 <\/strong>26 de maio (<a href=\"https:\/\/gratis.estrategiaconcursos.com.br\/area-do-futuro-defensor-da-dpe-sp\/\">Defina o Lembrete<\/a>)<\/li>\n<\/ul>\n\n\n\n<h2 class=\"wp-block-heading\" id=\"h-sistema-de-questoes-do-estrategia\"><strong>Sistema de Quest\u00f5es do Estrat\u00e9gia<\/strong><\/h2>\n\n\n\n<p>Na \u00faltima semana n\u00f3s atualizamos o seguinte artigo de Quest\u00f5es In\u00e9ditas no nosso blog.<\/p>\n\n\n\n<ul class=\"wp-block-list\">\n<li>Secretaria da Fazenda do Estado da Bahia (<a href=\"https:\/\/www.estrategiaconcursos.com.br\/blog\/questoes-ineditas-sefaz-ba\/\">Clique aqui!<\/a>)<\/li>\n<\/ul>\n\n\n\n<p>Al\u00e9m disso, a nossa equipe criou os seguintes artigos de Quest\u00f5es In\u00e9ditas e de Cadernos de Quest\u00f5es, respectivamente:<\/p>\n\n\n\n<ul class=\"wp-block-list\">\n<li>Tribunal Regional Federal da 4\u00aa Regi\u00e3o (<a href=\"https:\/\/www.estrategiaconcursos.com.br\/blog\/questoes-ineditas-trt4\/\">Clique aqui!<\/a>)<\/li>\n\n\n\n<li>Pol\u00edcia Civil da Bahia \u2013 Investigador (<a href=\"https:\/\/www.estrategiaconcursos.com.br\/blog\/cadernos-de-questoes-pcba\/\">Clique aqui!<\/a>)<\/li>\n<\/ul>\n\n\n\n<p>Por fim, para quem fez o concurso da Secretaria da Fazenda do Amazonas, precisa conferir o nosso novo artigo onde provamos que quase 90% das quest\u00f5es de Legisla\u00e7\u00e3o Tribut\u00e1ria Estadual estavam presentes no nosso Sistema de Quest\u00f5es. <a href=\"https:\/\/www.estrategiaconcursos.com.br\/blog\/questoes-sefaz-am-estavam-no-sq\/\">Clique aqui<\/a> e confira.<\/p>\n\n\n\n<h2 class=\"wp-block-heading\" id=\"h-agora-vamos-ver-as-principais-movimentacoes-de-concursos-da-ultima-semana\"><strong>Agora, vamos ver as principais movimenta\u00e7\u00f5es de concursos da \u00faltima semana?<\/strong><\/h2>\n\n\n\n<ul class=\"wp-block-list\">\n<li><a href=\"https:\/\/www.estrategiaconcursos.com.br\/blog\/concurso-sefaz-rr\">SEFAZ RR<\/a>: Foi publicada no Di\u00e1rio Oficial do Estado de Roraima a portaria que disp\u00f5e acerca da comiss\u00e3o setorial do pr\u00f3ximo concurso Sefaz RR. O grupo, formado por cinco membros e um presidente, foi institu\u00eddo no sentido de dar suporte \u00e0 comiss\u00e3o que elabora o edital de abertura do certame, por meio de relat\u00f3rios. Ao todo, ser\u00e3o contempladas 54 vagas, sendo 21 para o cargo de T\u00e9cnico de Tributos Estaduais e 33 para o Cetif (Centro de Tecnologia da Informa\u00e7\u00e3o Fazend\u00e1ria). Agora, ser\u00e1 definida uma empresa que ficar\u00e1 a cargo de aplicar as provas do concurso.<\/li>\n<\/ul>\n\n\n\n<ul class=\"wp-block-list\">\n<li><a href=\"https:\/\/www.estrategiaconcursos.com.br\/blog\/concurso-tce-al\">TCE AL<\/a>: O Tribunal de Contas de Alagoas (TCE AL) recebeu autoriza\u00e7\u00e3o para realizar um novo concurso p\u00fablico para reposi\u00e7\u00e3o do quadro de pessoal. A informa\u00e7\u00e3o foi publicada no Di\u00e1rio Oficial do Estado desta ter\u00e7a-feira (17), junto com o Projeto de Lei que disp\u00f5e sobre as diretrizes para a elabora\u00e7\u00e3o e execu\u00e7\u00e3o da LDO de 2023. Al\u00e9m disso, o \u00f3rg\u00e3o est\u00e1 autorizado a incluir previs\u00e3o para aumento de remunera\u00e7\u00e3o de servidores, assim como implanta\u00e7\u00e3o e altera\u00e7\u00e3o de estrutura de carreiras &nbsp;&nbsp;e a admiss\u00e3o ou contrata\u00e7\u00e3o de pessoal.<\/li>\n<\/ul>\n\n\n\n<ul class=\"wp-block-list\">\n<li><a href=\"https:\/\/www.estrategiaconcursos.com.br\/blog\/concurso-seplan-rr\">SEPLAN RR<\/a>: Outro concurso que recebeu autoriza\u00e7\u00e3o para ocorrer foi o da Secretaria de Planejamento e Or\u00e7amento de Roraima (Seplan RR). A oficializa\u00e7\u00e3o ocorreu nesta ter\u00e7a-feira, 17 de maio. O an\u00fancio foi feito pelo governador, Antonio Denarium, em suas redes sociais. Ser\u00e3o ofertadas vagas para o cargo de Analista de Planejamento e Or\u00e7amento (n\u00edvel superior), que possui 50 cargos criados. O vencimento inicial da carreira \u00e9 de R$ 5.273,18, podendo ser acrescido, ainda, adicional de qualifica\u00e7\u00e3o.<\/li>\n<\/ul>\n\n\n\n<ul class=\"wp-block-list\">\n<li><a href=\"https:\/\/www.estrategiaconcursos.com.br\/blog\/concurso-ibram-df\">IBRAM DF<\/a>: Foi publicada nesta quarta-feira, 18 de maio, a portaria que institui o grupo de trabalho que ser\u00e1 respons\u00e1vel pelos estudos t\u00e9cnicos do novo concurso IBRAM DF. O grupo ter\u00e1 como finalidade a contrata\u00e7\u00e3o da empresa organizadora do certame. O edital prev\u00ea ofertar 219 vagas. As oportunidades ser\u00e3o distribu\u00eddas entre os cargos de analista e t\u00e9cnico. Os contratados para os cargos mencionados devem receber sal\u00e1rios iniciais entre R$ 4.480,00 e R$ 6.760,00, para uma jornada de at\u00e9 40 horas semanais.<\/li>\n<\/ul>\n\n\n\n<ul class=\"wp-block-list\">\n<li><a href=\"https:\/\/www.estrategiaconcursos.com.br\/blog\/concurso-seger-es\">SEGER ES<\/a>: Foi publicada no Di\u00e1rio Oficial do Estado do Esp\u00edrito Santo desta sexta-feira, 20 de maio, a comiss\u00e3o organizadora do pr\u00f3ximo concurso Seger ES. O grupo ser\u00e1 respons\u00e1vel por planejar, organizar e executar os trabalhos acerca do certame. Inclusive, em rela\u00e7\u00e3o \u00e0 contrata\u00e7\u00e3o da empresa que ficar\u00e1 a cargo de aplicar as provas. O edital de abertura ser\u00e1 para provimento de vagas no cargo de Analista do Executivo, de n\u00edvel superior. Este cargo possui remunera\u00e7\u00e3o inicial de R$ 6.582,60, podendo chegar a R$ 11.536,65 no final da carreira.<\/li>\n<\/ul>\n\n\n\n<ul class=\"wp-block-list\">\n<li><a href=\"https:\/\/www.estrategiaconcursos.com.br\/blog\/concurso-smpog-bh\">SMPOG BH<\/a>: Foi publicado o edital do concurso SMPOG BH para provimento de 23 vagas imediatas para o cargo de Analista de Pol\u00edticas P\u00fablicas, nas especialidades de Servi\u00e7o Social e Psicologia. Ambos exigem forma\u00e7\u00e3o em n\u00edvel superior na respectiva \u00e1rea. O sal\u00e1rio inicial \u00e9 de R$ 4.646,28 para 40 horas semanais. Sob organiza\u00e7\u00e3o do Instituto IBDO, as inscri\u00e7\u00f5es ficar\u00e3o abertas entre os dias 20 de julho e 19 de agosto. Para garantir a participa\u00e7\u00e3o, \u00e9 necess\u00e1rio pagar uma taxa fixada em R$ 110,00. As provas ser\u00e3o aplicadas no dia 20 de novembro, conforme aponta o cronograma do concurso.<\/li>\n<\/ul>\n\n\n\n<ul class=\"wp-block-list\">\n<li><a href=\"https:\/\/www.estrategiaconcursos.com.br\/blog\/concurso-pm-ap\/\">PM AP<\/a> e <a href=\"https:\/\/www.estrategiaconcursos.com.br\/blog\/concurso-bombeiro-ap\/\">CBM AP<\/a><strong> <\/strong>Foram divulgadas as comiss\u00f5es organizadoras respons\u00e1veis pelos concursos PM e Bombeiros AM. Ser\u00e3o ofertadas vagas para os cargos de Oficiais.<\/li>\n<\/ul>\n\n\n\n<ul class=\"wp-block-list\">\n<li><a href=\"https:\/\/www.estrategiaconcursos.com.br\/blog\/concurso-camara-de-botucatu\/\">C\u00e2mara de Botucatu<\/a> Foi publicado o edital do concurso C\u00e2mara de Botucatu com 3 vagas imediatas e cadastro reserva. As oportunidades s\u00e3o para diversos cargos de n\u00edveis fundamental, m\u00e9dio e superior, com sal\u00e1rios de R$ 1.334,91 a R$ 6.818,30. Os interessados podem se candidatar entre os dias 17 de maio a 12 de junho, no site da banca Caipimes. A prova \u00e9 prevista para 03 de julho.<\/li>\n<\/ul>\n\n\n\n<ul class=\"wp-block-list\">\n<li><a href=\"https:\/\/www.estrategiaconcursos.com.br\/blog\/concurso-bombeiro-go\/\">Bombeiro GO<\/a> Foi divulgado o projeto b\u00e1sico do pr\u00f3ximo concurso Bombeiro GO, o qual revela informa\u00e7\u00f5es sobre as vagas, cargos e etapas de avalia\u00e7\u00e3o. Segundo o documento, s\u00e3o previstas 612 vagas, distribu\u00eddas em dois editais, para os cargos de Soldado Combatente, Soldado M\u00fasico, Cadete e 2\u00ba Tenente (Sa\u00fade). Al\u00e9m disso, vale ressaltar que, de acordo com o deputado e delegado Humberto Te\u00f3filo, o Instituto AOCP ser\u00e1 a banca organizadora.<\/li>\n<\/ul>\n\n\n\n<ul class=\"wp-block-list\">\n<li><a href=\"https:\/\/www.estrategiaconcursos.com.br\/blog\/concurso-camara-de-natal\/\">C\u00e2mara de Natal<\/a> Um novo concurso para a C\u00e2mara de Natal \u00e9 previsto para acontecer ainda este ano. A proposta foi encaminhada \u00e0 Procuradoria da C\u00e2mara para an\u00e1lise jur\u00eddica. A expectativa \u00e9 de que as provas objetivas sejam aplicadas no m\u00eas de setembro, com contrata\u00e7\u00f5es em 2023. S\u00e3o previstas 47 vagas imediatas, al\u00e9m da forma\u00e7\u00e3o de cadastro reserva, para os cargos de assistentes legislativos e t\u00e9cnicos legislativos.<\/li>\n<\/ul>\n\n\n\n<ul class=\"wp-block-list\">\n<li><a href=\"https:\/\/www.estrategiaconcursos.com.br\/blog\/concurso-pm-ce\/\">PM CE<\/a> A governadora do Cear\u00e1, Izolda Cela, anunciou a realiza\u00e7\u00e3o de um novo concurso PM CE com 1.000 vagas. Informa\u00e7\u00f5es sobre os cargos ainda n\u00e3o foram divulgadas.<\/li>\n<\/ul>\n\n\n\n<ul class=\"wp-block-list\">\n<li><a href=\"https:\/\/cj.estrategia.com\/portal\/concurso-trf4-juiz-federal\/\">Concurso TRF4 Juiz<\/a>: Est\u00e3o abertas entre os dias 20 de maio e 20 de junho as inscri\u00e7\u00f5es do concurso para Juiz Federal Substituto no Tribunal Regional Federal da 4\u00aa Regi\u00e3o. O certame oferta 20 vagas diretas para o cargo com sal\u00e1rio inicial de R$ 32.004,65. A taxa de participa\u00e7\u00e3o ficou fixada em R$ 320,00. A prova objetiva do concurso acontecer\u00e1 em 07 de agosto de 2022. Para ser investido, \u00e9 necess\u00e1rio que o candidato aprovado tenha conclu\u00eddo o bacharelado em Direito e comprove, no tempo da inscri\u00e7\u00e3o definitiva, o exerc\u00edcio de, no m\u00ednimo, tr\u00eas anos de atividade jur\u00eddica.<\/li>\n<\/ul>\n\n\n\n<ul class=\"wp-block-list\">\n<li><a href=\"https:\/\/cj.estrategia.com\/portal\/concurso-cartorio-sc\/\">Concurso Cart\u00f3rio SC<\/a>: O Tribunal de Justi\u00e7a de Santa Catarina publicou a dispensa de licita\u00e7\u00e3o que definiu o Cebraspe como banca respons\u00e1vel pelo pr\u00f3ximo concurso que ofertar\u00e1 23 serventias extrajudiciais declaradas vagas. Para a outorga da delega\u00e7\u00e3o pelo crit\u00e9rio de provimento, \u00e9 necess\u00e1rio ser bacharel em Direito ou comprovar o exerc\u00edcio de atividade notarial ou de registro por pelo menos 10 anos. J\u00e1 para concorrer a vagas de ingresso por remo\u00e7\u00e3o, o candidato dever\u00e1 estar no exerc\u00edcio da atividade notarial ou de registro por mais de 2 anos.<\/li>\n<\/ul>\n\n\n\n<ul class=\"wp-block-list\">\n<li><a href=\"https:\/\/cj.estrategia.com\/portal\/concurso-magistratura-rj\/\">Concurso TJ RJ Juiz<\/a>: Foi aprovado, pelo Tribunal de Justi\u00e7a do Rio de Janeiro, o regulamento do novo edital do concurso para Juiz de Direito Substituto, com remunera\u00e7\u00e3o de R$ 30.404,42. O documento estava sob an\u00e1lise desde mar\u00e7o de 2022. O n\u00famero de vagas a ser ofertado ser\u00e1 divulgado no edital. A comiss\u00e3o da sele\u00e7\u00e3o contar\u00e1 com 7 membros. Para concorrer, \u00e9 necess\u00e1rio ser bacharel em Direito e contar, na data da inscri\u00e7\u00e3o definitiva, com tr\u00eas anos de atividade jur\u00eddica, exercida ap\u00f3s a cola\u00e7\u00e3o de grau.<\/li>\n<\/ul>\n\n\n\n<ul class=\"wp-block-list\">\n<li><a href=\"https:\/\/cj.estrategia.com\/portal\/concurso-mp-am-promotor\/\">Concurso MP AM Promotor<\/a>: Segundo informa\u00e7\u00f5es que circulam nas redes, o pr\u00f3ximo para Promotor de Justi\u00e7a Substituto no Amazonas ter\u00e1 seu edital publicado em junho, com aplica\u00e7\u00e3o da primeira prova em agosto. Recentemente o Cebraspe foi definido, por meio de dispensa de licita\u00e7\u00e3o, como banca organizadora do certame. Ser\u00e3o ofertadas 18 vagas ao cargo, com sal\u00e1rio inicial de R$ 27.500,17, al\u00e9m da forma\u00e7\u00e3o de cadastro reserva. Para concorrer, \u00e9 necess\u00e1rio possuir forma\u00e7\u00e3o superior em Direito e contar com tr\u00eas anos de atividade jur\u00eddica.<\/li>\n<\/ul>\n\n\n\n<ul class=\"wp-block-list\">\n<li><a href=\"https:\/\/cj.estrategia.com\/portal\/concurso-delegado-es\/\">Concurso Delegado ES<\/a>: O delegado-geral do Esp\u00edrito Santo, Jos\u00e9 Darcy Arruda, informou que o Cebraspe, organizador do novo concurso para Delegado de Pol\u00edcia, pediu um prazo de 30 dias para elaborar o edital. Segundo ele, contudo, a expectativa \u00e9 de que o edital saia em meados de junho e a prova ocorra perto de agosto. O certame visa ofertar 40 vagas para a classe inicial da carreira. Para concorrer, \u00e9 necess\u00e1rio possuir o diploma de bacharel em Direito e comprovar exerc\u00edcio de tr\u00eas anos de pr\u00e1tica forense ou de atividade policial, na data da posse.<\/li>\n<\/ul>\n\n\n\n<ul class=\"wp-block-list\">\n<li><a href=\"https:\/\/cj.estrategia.com\/portal\/concurso-dpe-sp-defensor\/\">Concurso DPE SP Defensor<\/a>: Foi constitu\u00edda a banca examinadora do pr\u00f3ximo concurso para Defensor P\u00fablico Substituto no Estado de S\u00e3o Paulo. O Projeto de Lei N\u00ba 265\/2021 j\u00e1 previa a abertura de&nbsp;100 vagas para o cargo, com remunera\u00e7\u00e3o de R$ 20.038,40. Recentemente o Conselho Superior do \u00f3rg\u00e3o debateu realiza\u00e7\u00e3o do certame e aprovou que ela ocorra em 2022. Agora ser\u00e1 formada a comiss\u00e3o organizadora do novo edital. Para ingressar na carreira \u00e9 necess\u00e1rio ser bacharel em Direito e contar com tr\u00eas anos de atividade jur\u00eddica.<\/li>\n<\/ul>\n\n\n\n<ul class=\"wp-block-list\">\n<li><a href=\"https:\/\/cj.estrategia.com\/portal\/concurso-pgm-betim-mg\/\">Concurso PGM Betim<\/a>: Foi publicado o edital do concurso que oferta 4 vagas imediatas para Procurador Municipal de Betim, munic\u00edpio mineiro. Do total de vagas, 20% ser\u00e3o reservadas aos candidatos negros, que declararem tal condi\u00e7\u00e3o no momento da inscri\u00e7\u00e3o As inscri\u00e7\u00f5es podem ser feitas entre 25 de julho e 30 de agosto de 2022 pelo endere\u00e7o eletr\u00f4nico da Fundep \u2013 Gest\u00e3o de concursos. O valor da taxa \u00e9 de R$ 150,00. A prova objetiva est\u00e1 prevista para acontecer no dia 16 de outubro e, a discursiva, no dia 04 de dezembro de 2022.<\/li>\n<\/ul>\n\n\n\n<ul class=\"wp-block-list\">\n<li><a href=\"https:\/\/www.estrategiaconcursos.com.br\/blog\/concurso-trt-mt-reuniao\/\">Concurso TRT MT:<\/a> No dia 19 de maio foi oficialmente formada a comiss\u00e3o organizadora do novo edital. A publica\u00e7\u00e3o e a autoriza\u00e7\u00e3o formal do certame ser\u00e3o debatidas no pr\u00f3ximo dia 30 de maio pelo Tribunal Pleno do TRT MT. Al\u00e9m disso, foi solicitada a transforma\u00e7\u00e3o de especialidades de cargos atualmente vagos para que sejam preenchidos pelo novo edital. Com isso, a comiss\u00e3o dever\u00e1 dar seguimento aos trabalhos para a realiza\u00e7\u00e3o do concurso ainda em 2022.<\/li>\n<\/ul>\n\n\n\n<ul class=\"wp-block-list\">\n<li><a href=\"https:\/\/www.estrategiaconcursos.com.br\/blog\/concurso-tjdft-denuncia-fgv\/\">Concurso TJDFT:<\/a> Candidatos ao concurso TJDFT protocolaram uma den\u00fancia contra a FGV junto ao Minist\u00e9rio P\u00fablico Federal. Isso porque a banca respons\u00e1vel pelo certame alocou candidatos em regi\u00f5es e estados n\u00e3o previstos no edital. De acordo com a den\u00fancia, al\u00e9m de ter sido feita com um m\u00eas de anteced\u00eancia \u00e0 prova, a decis\u00e3o n\u00e3o obedeceu a crit\u00e9rios justos junto a candidatos de outros estados.<\/li>\n<\/ul>\n\n\n\n<ul class=\"wp-block-list\">\n<li><a href=\"https:\/\/www.estrategiaconcursos.com.br\/blog\/concurso-stj-validade-prorrogada\/\">Concurso STJ:<\/a> A validade do \u00faltimo edital STJ, publicado em 2018, deve a validade prorrogada at\u00e9 o ano de 2024, o que possibilita a convoca\u00e7\u00e3o de candidatos aprovados nos cargos de t\u00e9cnico e analista. Al\u00e9m disso, o \u00f3rg\u00e3o tem comiss\u00e3o formada para novo edital. Em contato realizado no dia 17 de maio, um dos membros confirmou a administra\u00e7\u00e3o estuda a viabilidade de um novo certame em 2022.<\/li>\n<\/ul>\n\n\n\n<ul class=\"wp-block-list\">\n<li><a href=\"https:\/\/www.estrategiaconcursos.com.br\/blog\/concurso-dpe-rr\/\">Concurso DPE RR:<\/a> Ap\u00f3s 20 anos sem realizar concurso para a \u00e1rea de apoio, a defensor geral da DPE RR afirmou que o \u00f3rg\u00e3o realizar\u00e1 durante os pr\u00f3ximos 6 meses os estudos para um novo edital. A informa\u00e7\u00e3o foi concedida durante entrevista realizada no dia 19 de maio. Ainda n\u00e3o h\u00e1 confirma\u00e7\u00e3o de quais cargos e vagas ser\u00e3o ofertados.<\/li>\n<\/ul>\n\n\n\n<ul class=\"wp-block-list\">\n<li><a href=\"https:\/\/www.estrategiaconcursos.com.br\/blog\/concurso-tj-rs-metas-para-2023-sao-divulgadas-confira\/\">Concurso TJ RS:<\/a> Foram publicadas no Di\u00e1rio Legislativo do Estado do Rio Grande do Sul, de 18 de maio de 2022, as metas e prioridades da administra\u00e7\u00e3o p\u00fablica para o exerc\u00edcio 2023. De acordo com o documento, est\u00e1 prevista a realiza\u00e7\u00e3o de concurso p\u00fablico para o preenchimento dos cargos vagos na Justi\u00e7a de 1\u00ba e 2\u00ba Graus do Tribunal de Justi\u00e7a do Rio Grande do Sul, assim como dos cargos de Magistrados e servidores a serem criados nas duas inst\u00e2ncias.<\/li>\n<\/ul>\n\n\n\n<p>Desejo a todos uma excelente semana de estudos!<\/p>\n\n\n\n<p>Abra\u00e7os,<\/p>\n\n\n\n<p><strong>Prof. Diego Cerqueira<\/strong><\/p>\n","protected":false},"excerpt":{"rendered":"<p>Confira, em nossa octog\u00e9sima segunda carta aos assinantes, a nossa programa\u00e7\u00e3o semanal, as novidades do nosso Sistema de Quest\u00f5es e as principais movimenta\u00e7\u00f5es de concursos. Ol\u00e1, pessoal. Tudo bem? Prof. Diego Cerqueira por aquiem nossa octog\u00e9sima segunda carta aos Assinantes do Estrat\u00e9gia Concursos. Gostaria de iniciar essa carta falando com os nossos alunos da \u00e1rea [&hellip;]<\/p>\n","protected":false},"author":1789,"featured_media":1031755,"comment_status":"open","ping_status":"closed","sticky":false,"template":"","format":"standard","meta":{"post_tipo":"article","footnotes":""},"categories":[1],"tags":[],"tax_estado":[219964,219965,219966,219967,219968,219969,219963,219970,219971,219972,219973,219974,219975,219976,219977,219978,219979,219980,219981,219982,219983,219984,219985,219986,219987,219988,219989,219990],"class_list":["post-1031741","post","type-post","status-publish","format-standard","has-post-thumbnail","hentry","category-cursos-e-concursos","tax_estado-ac","tax_estado-al","tax_estado-am","tax_estado-ap","tax_estado-ba","tax_estado-ce","tax_estado-concursos-federais","tax_estado-df","tax_estado-es","tax_estado-go","tax_estado-ma","tax_estado-mg","tax_estado-ms","tax_estado-mt","tax_estado-pa","tax_estado-pb","tax_estado-pe","tax_estado-pi","tax_estado-pr","tax_estado-rj","tax_estado-rn","tax_estado-ro","tax_estado-rr","tax_estado-rs","tax_estado-sc","tax_estado-se","tax_estado-sp","tax_estado-to"],"acf":[],"yoast_head":"<!-- This site is optimized with the Yoast SEO Premium plugin v27.2 (Yoast SEO v27.2) - https:\/\/yoast.com\/product\/yoast-seo-premium-wordpress\/ -->\n<title>Carta aos Assinantes do Estrat\u00e9gia Concursos - 082<\/title>\n<meta name=\"description\" content=\"Confira, em nossa 82\u00aa carta aos assinantes, a nossa programa\u00e7\u00e3o semanal, as novidades do nosso SQ e as principais movimenta\u00e7\u00f5es de concursos.\" \/>\n<meta name=\"robots\" content=\"index, follow, max-snippet:-1, max-image-preview:large, max-video-preview:-1\" \/>\n<link rel=\"canonical\" href=\"https:\/\/www.estrategiaconcursos.com.br\/blog\/carta-aos-assinantes-082\/\" \/>\n<meta property=\"og:locale\" content=\"pt_BR\" \/>\n<meta property=\"og:type\" content=\"article\" \/>\n<meta property=\"og:title\" content=\"Carta aos Assinantes do Estrat\u00e9gia Concursos - 082\" \/>\n<meta property=\"og:description\" content=\"Confira, em nossa 82\u00aa carta aos assinantes, a nossa programa\u00e7\u00e3o semanal, as novidades do nosso SQ e as principais movimenta\u00e7\u00f5es de concursos.\" \/>\n<meta property=\"og:url\" content=\"https:\/\/www.estrategiaconcursos.com.br\/blog\/carta-aos-assinantes-082\/\" \/>\n<meta property=\"og:site_name\" content=\"Estrat\u00e9gia Concursos\" \/>\n<meta property=\"article:published_time\" content=\"2022-05-23T12:00:00+00:00\" \/>\n<meta property=\"article:modified_time\" content=\"2023-04-14T16:56:35+00:00\" \/>\n<meta property=\"og:image\" content=\"https:\/\/dhg1h5j42swfq.cloudfront.net\/2022\/05\/20163213\/imagem-carta-aos-assinantes-2.png\" \/>\n\t<meta property=\"og:image:width\" content=\"800\" \/>\n\t<meta property=\"og:image:height\" content=\"450\" \/>\n\t<meta property=\"og:image:type\" content=\"image\/png\" \/>\n<meta name=\"author\" content=\"Coordena\u00e7\u00e3o Estrat\u00e9gia\" \/>\n<meta name=\"twitter:card\" content=\"summary_large_image\" \/>\n<meta name=\"twitter:creator\" content=\"@EstratConcursos\" \/>\n<meta name=\"twitter:site\" content=\"@EstratConcursos\" \/>\n<meta name=\"twitter:label1\" content=\"Escrito por\" \/>\n\t<meta name=\"twitter:data1\" content=\"Coordena\u00e7\u00e3o Estrat\u00e9gia\" \/>\n\t<meta name=\"twitter:label2\" content=\"Est. tempo de leitura\" \/>\n\t<meta name=\"twitter:data2\" content=\"15 minutos\" \/>\n<script type=\"application\/ld+json\" class=\"yoast-schema-graph\">{\"@context\":\"https:\/\/schema.org\",\"@graph\":[{\"@type\":\"NewsArticle\",\"@id\":\"https:\/\/www.estrategiaconcursos.com.br\/blog\/carta-aos-assinantes-082\/#article\",\"isPartOf\":{\"@id\":\"https:\/\/www.estrategiaconcursos.com.br\/blog\/carta-aos-assinantes-082\/\"},\"author\":{\"name\":\"Coordena\u00e7\u00e3o Estrat\u00e9gia\",\"@id\":\"https:\/\/www.estrategiaconcursos.com.br\/blog\/#\/schema\/person\/ba5fab3b1fa4a358429e37bc50f74021\"},\"headline\":\"Carta aos Assinantes do Estrat\u00e9gia Concursos &#8211; 082\",\"datePublished\":\"2022-05-23T12:00:00+00:00\",\"dateModified\":\"2023-04-14T16:56:35+00:00\",\"mainEntityOfPage\":{\"@id\":\"https:\/\/www.estrategiaconcursos.com.br\/blog\/carta-aos-assinantes-082\/\"},\"wordCount\":2863,\"commentCount\":0,\"publisher\":{\"@id\":\"https:\/\/www.estrategiaconcursos.com.br\/blog\/#organization\"},\"image\":{\"@id\":\"https:\/\/www.estrategiaconcursos.com.br\/blog\/carta-aos-assinantes-082\/#primaryimage\"},\"thumbnailUrl\":\"https:\/\/dhg1h5j42swfq.cloudfront.net\/2022\/05\/20163213\/imagem-carta-aos-assinantes-2.png\",\"articleSection\":[\"Concursos P\u00fablicos\"],\"inLanguage\":\"pt-BR\",\"potentialAction\":[{\"@type\":\"CommentAction\",\"name\":\"Comment\",\"target\":[\"https:\/\/www.estrategiaconcursos.com.br\/blog\/carta-aos-assinantes-082\/#respond\"]}],\"copyrightYear\":\"2022\",\"copyrightHolder\":{\"@id\":\"https:\/\/www.estrategiaconcursos.com.br\/blog\/#organization\"}},{\"@type\":\"WebPage\",\"@id\":\"https:\/\/www.estrategiaconcursos.com.br\/blog\/carta-aos-assinantes-082\/\",\"url\":\"https:\/\/www.estrategiaconcursos.com.br\/blog\/carta-aos-assinantes-082\/\",\"name\":\"Carta aos Assinantes do Estrat\u00e9gia Concursos - 082\",\"isPartOf\":{\"@id\":\"https:\/\/www.estrategiaconcursos.com.br\/blog\/#website\"},\"primaryImageOfPage\":{\"@id\":\"https:\/\/www.estrategiaconcursos.com.br\/blog\/carta-aos-assinantes-082\/#primaryimage\"},\"image\":{\"@id\":\"https:\/\/www.estrategiaconcursos.com.br\/blog\/carta-aos-assinantes-082\/#primaryimage\"},\"thumbnailUrl\":\"https:\/\/dhg1h5j42swfq.cloudfront.net\/2022\/05\/20163213\/imagem-carta-aos-assinantes-2.png\",\"datePublished\":\"2022-05-23T12:00:00+00:00\",\"dateModified\":\"2023-04-14T16:56:35+00:00\",\"description\":\"Confira, em nossa 82\u00aa carta aos assinantes, a nossa programa\u00e7\u00e3o semanal, as novidades do nosso SQ e as principais movimenta\u00e7\u00f5es de concursos.\",\"breadcrumb\":{\"@id\":\"https:\/\/www.estrategiaconcursos.com.br\/blog\/carta-aos-assinantes-082\/#breadcrumb\"},\"inLanguage\":\"pt-BR\",\"potentialAction\":[{\"@type\":\"ReadAction\",\"target\":[\"https:\/\/www.estrategiaconcursos.com.br\/blog\/carta-aos-assinantes-082\/\"]}]},{\"@type\":\"ImageObject\",\"inLanguage\":\"pt-BR\",\"@id\":\"https:\/\/www.estrategiaconcursos.com.br\/blog\/carta-aos-assinantes-082\/#primaryimage\",\"url\":\"https:\/\/dhg1h5j42swfq.cloudfront.net\/2022\/05\/20163213\/imagem-carta-aos-assinantes-2.png\",\"contentUrl\":\"https:\/\/dhg1h5j42swfq.cloudfront.net\/2022\/05\/20163213\/imagem-carta-aos-assinantes-2.png\",\"width\":800,\"height\":450},{\"@type\":\"BreadcrumbList\",\"@id\":\"https:\/\/www.estrategiaconcursos.com.br\/blog\/carta-aos-assinantes-082\/#breadcrumb\",\"itemListElement\":[{\"@type\":\"ListItem\",\"position\":1,\"name\":\"In\u00edcio\",\"item\":\"https:\/\/www.estrategiaconcursos.com.br\/blog\/\"},{\"@type\":\"ListItem\",\"position\":2,\"name\":\"Carta aos Assinantes do Estrat\u00e9gia Concursos &#8211; 082\"}]},{\"@type\":\"WebSite\",\"@id\":\"https:\/\/www.estrategiaconcursos.com.br\/blog\/#website\",\"url\":\"https:\/\/www.estrategiaconcursos.com.br\/blog\/\",\"name\":\"Estrat\u00e9gia Concursos\",\"description\":\"O blog da Estrat\u00e9gia Concursos traz not\u00edcias sobre concursos e artigos de professores oferecendo cursos para concursos (pdf + videaulas) no site.\",\"publisher\":{\"@id\":\"https:\/\/www.estrategiaconcursos.com.br\/blog\/#organization\"},\"potentialAction\":[{\"@type\":\"SearchAction\",\"target\":{\"@type\":\"EntryPoint\",\"urlTemplate\":\"https:\/\/www.estrategiaconcursos.com.br\/blog\/?s={search_term_string}\"},\"query-input\":{\"@type\":\"PropertyValueSpecification\",\"valueRequired\":true,\"valueName\":\"search_term_string\"}}],\"inLanguage\":\"pt-BR\"},{\"@type\":\"Organization\",\"@id\":\"https:\/\/www.estrategiaconcursos.com.br\/blog\/#organization\",\"name\":\"Estrat\u00e9gia Concursos\",\"url\":\"https:\/\/www.estrategiaconcursos.com.br\/blog\/\",\"logo\":{\"@type\":\"ImageObject\",\"inLanguage\":\"pt-BR\",\"@id\":\"https:\/\/www.estrategiaconcursos.com.br\/blog\/#\/schema\/logo\/image\/\",\"url\":\"https:\/\/dhg1h5j42swfq.cloudfront.net\/2025\/06\/03203428\/logo_concursos-1.jpg\",\"contentUrl\":\"https:\/\/dhg1h5j42swfq.cloudfront.net\/2025\/06\/03203428\/logo_concursos-1.jpg\",\"width\":230,\"height\":60,\"caption\":\"Estrat\u00e9gia Concursos\"},\"image\":{\"@id\":\"https:\/\/www.estrategiaconcursos.com.br\/blog\/#\/schema\/logo\/image\/\"},\"sameAs\":[\"https:\/\/x.com\/EstratConcursos\"]},{\"@type\":\"Person\",\"@id\":\"https:\/\/www.estrategiaconcursos.com.br\/blog\/#\/schema\/person\/ba5fab3b1fa4a358429e37bc50f74021\",\"name\":\"Coordena\u00e7\u00e3o Estrat\u00e9gia\",\"image\":{\"@type\":\"ImageObject\",\"inLanguage\":\"pt-BR\",\"@id\":\"https:\/\/secure.gravatar.com\/avatar\/adff33ff18541ba37c900dd2b1e82dbfb0fe33d873b92636b4827a8da462feb3?s=96&d=mm&r=g\",\"url\":\"https:\/\/secure.gravatar.com\/avatar\/adff33ff18541ba37c900dd2b1e82dbfb0fe33d873b92636b4827a8da462feb3?s=96&d=mm&r=g\",\"contentUrl\":\"https:\/\/secure.gravatar.com\/avatar\/adff33ff18541ba37c900dd2b1e82dbfb0fe33d873b92636b4827a8da462feb3?s=96&d=mm&r=g\",\"caption\":\"Coordena\u00e7\u00e3o Estrat\u00e9gia\"},\"url\":\"https:\/\/www.estrategiaconcursos.com.br\/blog\/author\/victor-tanakaaestrategiaconcursos-com-br\/\"}]}<\/script>\n<!-- \/ Yoast SEO Premium plugin. -->","yoast_head_json":{"title":"Carta aos Assinantes do Estrat\u00e9gia Concursos - 082","description":"Confira, em nossa 82\u00aa carta aos assinantes, a nossa programa\u00e7\u00e3o semanal, as novidades do nosso SQ e as principais movimenta\u00e7\u00f5es de concursos.","robots":{"index":"index","follow":"follow","max-snippet":"max-snippet:-1","max-image-preview":"max-image-preview:large","max-video-preview":"max-video-preview:-1"},"canonical":"https:\/\/www.estrategiaconcursos.com.br\/blog\/carta-aos-assinantes-082\/","og_locale":"pt_BR","og_type":"article","og_title":"Carta aos Assinantes do Estrat\u00e9gia Concursos - 082","og_description":"Confira, em nossa 82\u00aa carta aos assinantes, a nossa programa\u00e7\u00e3o semanal, as novidades do nosso SQ e as principais movimenta\u00e7\u00f5es de concursos.","og_url":"https:\/\/www.estrategiaconcursos.com.br\/blog\/carta-aos-assinantes-082\/","og_site_name":"Estrat\u00e9gia Concursos","article_published_time":"2022-05-23T12:00:00+00:00","article_modified_time":"2023-04-14T16:56:35+00:00","og_image":[{"width":800,"height":450,"url":"https:\/\/dhg1h5j42swfq.cloudfront.net\/2022\/05\/20163213\/imagem-carta-aos-assinantes-2.png","type":"image\/png"}],"author":"Coordena\u00e7\u00e3o Estrat\u00e9gia","twitter_card":"summary_large_image","twitter_creator":"@EstratConcursos","twitter_site":"@EstratConcursos","twitter_misc":{"Escrito por":"Coordena\u00e7\u00e3o Estrat\u00e9gia","Est. tempo de leitura":"15 minutos"},"schema":{"@context":"https:\/\/schema.org","@graph":[{"@type":"NewsArticle","@id":"https:\/\/www.estrategiaconcursos.com.br\/blog\/carta-aos-assinantes-082\/#article","isPartOf":{"@id":"https:\/\/www.estrategiaconcursos.com.br\/blog\/carta-aos-assinantes-082\/"},"author":{"name":"Coordena\u00e7\u00e3o Estrat\u00e9gia","@id":"https:\/\/www.estrategiaconcursos.com.br\/blog\/#\/schema\/person\/ba5fab3b1fa4a358429e37bc50f74021"},"headline":"Carta aos Assinantes do Estrat\u00e9gia Concursos &#8211; 082","datePublished":"2022-05-23T12:00:00+00:00","dateModified":"2023-04-14T16:56:35+00:00","mainEntityOfPage":{"@id":"https:\/\/www.estrategiaconcursos.com.br\/blog\/carta-aos-assinantes-082\/"},"wordCount":2863,"commentCount":0,"publisher":{"@id":"https:\/\/www.estrategiaconcursos.com.br\/blog\/#organization"},"image":{"@id":"https:\/\/www.estrategiaconcursos.com.br\/blog\/carta-aos-assinantes-082\/#primaryimage"},"thumbnailUrl":"https:\/\/dhg1h5j42swfq.cloudfront.net\/2022\/05\/20163213\/imagem-carta-aos-assinantes-2.png","articleSection":["Concursos P\u00fablicos"],"inLanguage":"pt-BR","potentialAction":[{"@type":"CommentAction","name":"Comment","target":["https:\/\/www.estrategiaconcursos.com.br\/blog\/carta-aos-assinantes-082\/#respond"]}],"copyrightYear":"2022","copyrightHolder":{"@id":"https:\/\/www.estrategiaconcursos.com.br\/blog\/#organization"}},{"@type":"WebPage","@id":"https:\/\/www.estrategiaconcursos.com.br\/blog\/carta-aos-assinantes-082\/","url":"https:\/\/www.estrategiaconcursos.com.br\/blog\/carta-aos-assinantes-082\/","name":"Carta aos Assinantes do Estrat\u00e9gia Concursos - 082","isPartOf":{"@id":"https:\/\/www.estrategiaconcursos.com.br\/blog\/#website"},"primaryImageOfPage":{"@id":"https:\/\/www.estrategiaconcursos.com.br\/blog\/carta-aos-assinantes-082\/#primaryimage"},"image":{"@id":"https:\/\/www.estrategiaconcursos.com.br\/blog\/carta-aos-assinantes-082\/#primaryimage"},"thumbnailUrl":"https:\/\/dhg1h5j42swfq.cloudfront.net\/2022\/05\/20163213\/imagem-carta-aos-assinantes-2.png","datePublished":"2022-05-23T12:00:00+00:00","dateModified":"2023-04-14T16:56:35+00:00","description":"Confira, em nossa 82\u00aa carta aos assinantes, a nossa programa\u00e7\u00e3o semanal, as novidades do nosso SQ e as principais movimenta\u00e7\u00f5es de concursos.","breadcrumb":{"@id":"https:\/\/www.estrategiaconcursos.com.br\/blog\/carta-aos-assinantes-082\/#breadcrumb"},"inLanguage":"pt-BR","potentialAction":[{"@type":"ReadAction","target":["https:\/\/www.estrategiaconcursos.com.br\/blog\/carta-aos-assinantes-082\/"]}]},{"@type":"ImageObject","inLanguage":"pt-BR","@id":"https:\/\/www.estrategiaconcursos.com.br\/blog\/carta-aos-assinantes-082\/#primaryimage","url":"https:\/\/dhg1h5j42swfq.cloudfront.net\/2022\/05\/20163213\/imagem-carta-aos-assinantes-2.png","contentUrl":"https:\/\/dhg1h5j42swfq.cloudfront.net\/2022\/05\/20163213\/imagem-carta-aos-assinantes-2.png","width":800,"height":450},{"@type":"BreadcrumbList","@id":"https:\/\/www.estrategiaconcursos.com.br\/blog\/carta-aos-assinantes-082\/#breadcrumb","itemListElement":[{"@type":"ListItem","position":1,"name":"In\u00edcio","item":"https:\/\/www.estrategiaconcursos.com.br\/blog\/"},{"@type":"ListItem","position":2,"name":"Carta aos Assinantes do Estrat\u00e9gia Concursos &#8211; 082"}]},{"@type":"WebSite","@id":"https:\/\/www.estrategiaconcursos.com.br\/blog\/#website","url":"https:\/\/www.estrategiaconcursos.com.br\/blog\/","name":"Estrat\u00e9gia Concursos","description":"O blog da Estrat\u00e9gia Concursos traz not\u00edcias sobre concursos e artigos de professores oferecendo cursos para concursos (pdf + videaulas) no site.","publisher":{"@id":"https:\/\/www.estrategiaconcursos.com.br\/blog\/#organization"},"potentialAction":[{"@type":"SearchAction","target":{"@type":"EntryPoint","urlTemplate":"https:\/\/www.estrategiaconcursos.com.br\/blog\/?s={search_term_string}"},"query-input":{"@type":"PropertyValueSpecification","valueRequired":true,"valueName":"search_term_string"}}],"inLanguage":"pt-BR"},{"@type":"Organization","@id":"https:\/\/www.estrategiaconcursos.com.br\/blog\/#organization","name":"Estrat\u00e9gia Concursos","url":"https:\/\/www.estrategiaconcursos.com.br\/blog\/","logo":{"@type":"ImageObject","inLanguage":"pt-BR","@id":"https:\/\/www.estrategiaconcursos.com.br\/blog\/#\/schema\/logo\/image\/","url":"https:\/\/dhg1h5j42swfq.cloudfront.net\/2025\/06\/03203428\/logo_concursos-1.jpg","contentUrl":"https:\/\/dhg1h5j42swfq.cloudfront.net\/2025\/06\/03203428\/logo_concursos-1.jpg","width":230,"height":60,"caption":"Estrat\u00e9gia Concursos"},"image":{"@id":"https:\/\/www.estrategiaconcursos.com.br\/blog\/#\/schema\/logo\/image\/"},"sameAs":["https:\/\/x.com\/EstratConcursos"]},{"@type":"Person","@id":"https:\/\/www.estrategiaconcursos.com.br\/blog\/#\/schema\/person\/ba5fab3b1fa4a358429e37bc50f74021","name":"Coordena\u00e7\u00e3o Estrat\u00e9gia","image":{"@type":"ImageObject","inLanguage":"pt-BR","@id":"https:\/\/secure.gravatar.com\/avatar\/adff33ff18541ba37c900dd2b1e82dbfb0fe33d873b92636b4827a8da462feb3?s=96&d=mm&r=g","url":"https:\/\/secure.gravatar.com\/avatar\/adff33ff18541ba37c900dd2b1e82dbfb0fe33d873b92636b4827a8da462feb3?s=96&d=mm&r=g","contentUrl":"https:\/\/secure.gravatar.com\/avatar\/adff33ff18541ba37c900dd2b1e82dbfb0fe33d873b92636b4827a8da462feb3?s=96&d=mm&r=g","caption":"Coordena\u00e7\u00e3o Estrat\u00e9gia"},"url":"https:\/\/www.estrategiaconcursos.com.br\/blog\/author\/victor-tanakaaestrategiaconcursos-com-br\/"}]}},"_links":{"self":[{"href":"https:\/\/www.estrategiaconcursos.com.br\/blog\/wp-json\/wp\/v2\/posts\/1031741","targetHints":{"allow":["GET"]}}],"collection":[{"href":"https:\/\/www.estrategiaconcursos.com.br\/blog\/wp-json\/wp\/v2\/posts"}],"about":[{"href":"https:\/\/www.estrategiaconcursos.com.br\/blog\/wp-json\/wp\/v2\/types\/post"}],"author":[{"embeddable":true,"href":"https:\/\/www.estrategiaconcursos.com.br\/blog\/wp-json\/wp\/v2\/users\/1789"}],"replies":[{"embeddable":true,"href":"https:\/\/www.estrategiaconcursos.com.br\/blog\/wp-json\/wp\/v2\/comments?post=1031741"}],"version-history":[{"count":3,"href":"https:\/\/www.estrategiaconcursos.com.br\/blog\/wp-json\/wp\/v2\/posts\/1031741\/revisions"}],"predecessor-version":[{"id":1201826,"href":"https:\/\/www.estrategiaconcursos.com.br\/blog\/wp-json\/wp\/v2\/posts\/1031741\/revisions\/1201826"}],"wp:featuredmedia":[{"embeddable":true,"href":"https:\/\/www.estrategiaconcursos.com.br\/blog\/wp-json\/wp\/v2\/media\/1031755"}],"wp:attachment":[{"href":"https:\/\/www.estrategiaconcursos.com.br\/blog\/wp-json\/wp\/v2\/media?parent=1031741"}],"wp:term":[{"taxonomy":"category","embeddable":true,"href":"https:\/\/www.estrategiaconcursos.com.br\/blog\/wp-json\/wp\/v2\/categories?post=1031741"},{"taxonomy":"post_tag","embeddable":true,"href":"https:\/\/www.estrategiaconcursos.com.br\/blog\/wp-json\/wp\/v2\/tags?post=1031741"},{"taxonomy":"tax_estado","embeddable":true,"href":"https:\/\/www.estrategiaconcursos.com.br\/blog\/wp-json\/wp\/v2\/tax_estado?post=1031741"}],"curies":[{"name":"wp","href":"https:\/\/api.w.org\/{rel}","templated":true}]}}