{"id":1031214,"date":"2022-05-20T06:36:09","date_gmt":"2022-05-20T09:36:09","guid":{"rendered":"https:\/\/www.estrategiaconcursos.com.br\/blog\/?p=1031214"},"modified":"2022-06-21T11:11:30","modified_gmt":"2022-06-21T14:11:30","slug":"concurso-unilab-edital-publicado-2022","status":"publish","type":"post","link":"https:\/\/www.estrategiaconcursos.com.br\/blog\/concurso-unilab-edital-publicado-2022\/","title":{"rendered":"Edital UNILAB: inscri\u00e7\u00f5es encerradas; 127 vagas e at\u00e9 R$ 4,1 mil"},"content":{"rendered":"\n<p>O <strong>edital UNILAB<\/strong> (Universidade da Integra\u00e7\u00e3o Internacional <a href=\"https:\/\/www.estrategiaconcursos.com.br\/cursosPorConcurso\/universidade-da-integracao-internacional-da-lusofonia-afro-brasileira-r-unilab\/\" target=\"_blank\" rel=\"noreferrer noopener\">da Lusofonia Afro-Brasileira<\/a>) est\u00e1 com as inscri\u00e7\u00f5es encerradas! <\/p>\n\n\n\n<p>Conforme o documento, a Universidade oferece ao todo <strong>127 vagas<\/strong>, entre imediatas e forma\u00e7\u00e3o de cadastro reserva de n\u00edveis m\u00e9dio e superior. <\/p>\n\n\n\n<ul class=\"has-very-light-gray-to-cyan-bluish-gray-gradient-background has-background wp-block-list\"><li><strong>Status:<\/strong> inscri\u00e7\u00f5es encerradas<\/li><li><strong style=\"background-color: initial; color: initial;\">Banca:<\/strong> IDECAN <\/li><li><strong>Vagas:<\/strong> 16 + 111 CR<\/li><li><strong>Cargo<\/strong>: diversos <\/li><li><strong>Sal\u00e1rio inicial:<\/strong> de R$ 2.446,96 a R$ 4.180,66<\/li><li><strong>Editais<\/strong>: <a href=\"https:\/\/www.in.gov.br\/web\/dou\/-\/edital-n-28-de-19-de-maio-de-2022-concurso-publico-para-provimento-de-cargos-de-tecnicos-administrativos-em-educacao-401697741\" target=\"_blank\" rel=\"noreferrer noopener\">Edital UNILAB<\/a><\/li><\/ul>\n\n\n\n<p>Os sal\u00e1rios iniciais variam de <span style=\"font-size: revert; color: initial;\"><strong>R$ 2.446,96 a R$ 4.180,66<\/strong><\/span>. Os interessados em participar da sele\u00e7\u00e3o realizaram as inscri\u00e7\u00f5es no per\u00edodo de 20 de maio a 20 de junho de 2022, no site da banca organizadora, IDECAN. <\/p>\n\n\n\n<p>As taxas foram definidas de acordo com o cargo pretendido, sendo:<\/p>\n\n\n\n<ul class=\"wp-block-list\"><li><strong>N\u00edvel M\u00e9dio<\/strong>: R$ 80,00;<\/li><li><strong>N\u00edvel Superior<\/strong>: R$ 120,00.<\/li><\/ul>\n\n\n\n<div class=\"col-sm\">\n      <div class=\"banner-estrategia\" id=\"box-assinatura\">\n        <h3 class=\"titulo-assinatura\">Cursos para UNILAB<\/h3>\n        <p class=\"subtitulo-assinatura\">Conhe\u00e7a os cursos<\/p>\n        <div class=\"box-botao\">\n          <a class=\"btn-assinatura\" target=\"_blank\" href=\"https:\/\/www.estrategiaconcursos.com.br\/cursosPorConcurso\/universidade-da-integracao-internacional-da-lusofonia-afro-brasileira-r-unilab\/\" role=\"button\" rel=\"noopener noreferrer\">Conhe\u00e7a mais<\/a>\n        <\/div>\n      <\/div>\n      <p class=\"texto-auxiliar\">Prepare-se com o melhor material e com quem mais aprova em Concursos P\u00fablicos em todo o pa\u00eds.<\/p>\n    <\/div>\n\n\n\n<h2 class=\"wp-block-heading\" id=\"datas\">Principais datas do edital UNILAB<\/h2>\n\n\n\n<p class=\"has-very-light-gray-background-color has-background\"><strong>Inscri\u00e7\u00f5es<\/strong>: <s>20 de maio a 20 de junho de 2022<\/s><br \/><strong>Isen\u00e7\u00e3o da taxa<\/strong>: <s>20 a 22 de maio de 2022.<\/s><br \/><strong>\u00daltimo dia para pagamento<\/strong>: 21 de junho de 2022<br \/><strong>Prova<\/strong>: 14 de agosto de 2022<\/p>\n\n\n\n<h2 class=\"wp-block-heading\" id=\"cargos-vagas\">Cargos e vagas do edital UNILAB<\/h2>\n\n\n\n<ul class=\"wp-block-list\"><li><a href=\"https:\/\/www.estrategiaconcursos.com.br\/cursosPorConcurso\/universidade-da-integracao-internacional-da-lusofonia-afro-brasileira-r-unilab\/\" target=\"_blank\" rel=\"noreferrer noopener\"><strong>Analista de Tecnologia da Informa\u00e7\u00e3o<\/strong><\/a><ul><li>Vagas: 05 + 28 CR<\/li><li>Jornada de trabalho: 40 horas semanais<\/li><\/ul><\/li><\/ul>\n\n\n\n<ul class=\"wp-block-list\"><li><a href=\"https:\/\/www.estrategiaconcursos.com.br\/cursosPorConcurso\/universidade-da-integracao-internacional-da-lusofonia-afro-brasileira-r-unilab\/\" target=\"_blank\" rel=\"noreferrer noopener\"><strong>Assistente em Administra\u00e7\u00e3o<\/strong><\/a><ul><li>Vagas: 01 + 14 CR<\/li><li>Jornada de trabalho: 40 horas semanais<\/li><\/ul><\/li><\/ul>\n\n\n\n<ul class=\"wp-block-list\"><li><strong><a href=\"https:\/\/www.estrategiaconcursos.com.br\/cursosPorConcurso\/universidade-da-integracao-internacional-da-lusofonia-afro-brasileira-r-unilab\/\" target=\"_blank\" rel=\"noreferrer noopener\">Contador<\/a><\/strong><ul><li>Vagas: 01 + 09 CR<\/li><li>Jornada de trabalho: 40 horas semanais<\/li><\/ul><\/li><\/ul>\n\n\n\n<ul class=\"wp-block-list\"><li><a href=\"https:\/\/www.estrategiaconcursos.com.br\/cursosPorConcurso\/universidade-da-integracao-internacional-da-lusofonia-afro-brasileira-r-unilab\/\" target=\"_blank\" rel=\"noreferrer noopener\"><strong>Engenheiro Ambiental<\/strong><\/a><ul><li>Vagas: 01 + 09 CR<\/li><li>Jornada de trabalho: 40 horas semanais<\/li><\/ul><\/li><\/ul>\n\n\n\n<ul class=\"wp-block-list\"><li><a href=\"https:\/\/www.estrategiaconcursos.com.br\/cursosPorConcurso\/universidade-da-integracao-internacional-da-lusofonia-afro-brasileira-r-unilab\/\" target=\"_blank\" rel=\"noreferrer noopener\"><strong>M\u00e9dico \u2013 \u00e1rea psiqui\u00e1trica<\/strong><\/a><ul><li>Vagas: 01 + 09 CR<\/li><li>Jornada de trabalho: 20 horas semanais<\/li><\/ul><\/li><\/ul>\n\n\n\n<ul class=\"wp-block-list\"><li><a href=\"https:\/\/www.estrategiaconcursos.com.br\/cursosPorConcurso\/universidade-da-integracao-internacional-da-lusofonia-afro-brasileira-r-unilab\/\" target=\"_blank\" rel=\"noreferrer noopener\"><strong>Pedagogo<\/strong><\/a><ul><li>Vagas: 01 + 04 CR<\/li><li>Jornada de trabalho: 40 horas semanais<\/li><\/ul><\/li><\/ul>\n\n\n\n<ul class=\"wp-block-list\"><li><a href=\"https:\/\/www.estrategiaconcursos.com.br\/cursosPorConcurso\/universidade-da-integracao-internacional-da-lusofonia-afro-brasileira-r-unilab\/\" target=\"_blank\" rel=\"noreferrer noopener\"><strong>Qu\u00edmico<\/strong><\/a><ul><li>Vagas: 01 + 09 CR<\/li><\/ul><ul><li>Jornada de trabalho: 40 horas semanais<\/li><\/ul><\/li><\/ul>\n\n\n\n<ul class=\"wp-block-list\"><li><a href=\"https:\/\/www.estrategiaconcursos.com.br\/cursosPorConcurso\/universidade-da-integracao-internacional-da-lusofonia-afro-brasileira-r-unilab\/\" target=\"_blank\" rel=\"noreferrer noopener\"><strong>T\u00e9cnico de Tecnologia da Informa\u00e7\u00e3o<\/strong><\/a><ul><li>Vagas: 03 + 16 CR<\/li><li>Jornada de trabalho: 40 horas semanais<\/li><\/ul><\/li><\/ul>\n\n\n\n<ul class=\"wp-block-list\"><li><a href=\"https:\/\/www.estrategiaconcursos.com.br\/cursosPorConcurso\/universidade-da-integracao-internacional-da-lusofonia-afro-brasileira-r-unilab\/\" target=\"_blank\" rel=\"noreferrer noopener\"><strong>T\u00e9cnico em Assuntos Educacionais<\/strong><\/a><ul><li>Vagas: 02 + 13 CR<\/li><li>Jornada de trabalho: 40 horas semanais<\/li><\/ul><\/li><\/ul>\n\n\n\n<h2 class=\"wp-block-heading\" id=\"etapas\">Etapas e provas do edital UNILAB<\/h2>\n\n\n\n<p>A sele\u00e7\u00e3o dos candidatos inscritos no edital UNILAB se dar\u00e1 mediante aplica\u00e7\u00e3o da seguinte etapa:<\/p>\n\n\n\n<ul class=\"wp-block-list\"><li>Prova preambular (objetiva) \u2013 eliminat\u00f3rio e classificat\u00f3rio;<\/li><\/ul>\n\n\n\n<h3 class=\"wp-block-heading\" id=\"objetiva\">Provas Objetivas<\/h3>\n\n\n\n<p>As provas objetivas, de car\u00e1ter eliminat\u00f3rio e classificat\u00f3rio, constar\u00e3o de 60 quest\u00f5es, com peso diferenciado e ser\u00e3o realizadas na data prevista de&nbsp;<strong>14 de agosto de 2022<\/strong>, nas cidades de:<\/p>\n\n\n\n<ul class=\"wp-block-list\"><li>Fortaleza e Reden\u00e7\u00e3o, no Estado do Cear\u00e1; e<\/li><li>Salvador e S\u00e3o Francisco do Conde, no Estado da Bahia. <\/li><\/ul>\n\n\n\n<p>As provas ter\u00e3o dura\u00e7\u00e3o de 3h e ser\u00e3o aplicadas nos turnos manh\u00e3 e tarde, a depender do cargo.  Os locais de aplica\u00e7\u00e3o das provas objetivas, para os quais dever\u00e3o se dirigir os candidatos, ser\u00e3o divulgados na data prov\u00e1vel de&nbsp;<strong>05 de agosto de 2022<\/strong>, por meio de consulta individual disponibilizada no endere\u00e7o eletr\u00f4nico do IDECAN. <\/p>\n\n\n\n<p>Os itens das provas objetivas ser\u00e3o do tipo m\u00faltipla escolha, com 4 op\u00e7\u00f5es (A a D) e uma \u00fanica resposta correta. Veja abaixo quais ser\u00e3o as disciplinas cobradas em cada cargo do concurso UNILAB:<\/p>\n\n\n\n<p><strong>Conhecimentos B\u00e1sicos para todos os cargos, exceto Analista de Tecnologia e T\u00e9cnico de Tecnologia da Informa\u00e7\u00e3o:<\/strong><\/p>\n\n\n\n<ul class=\"wp-block-list\"><li>L\u00edngua Portuguesa: 10 quest\u00f5es com peso 1;<\/li><li>Racioc\u00ednio L\u00f3gico: 10 quest\u00f5es com peso 1;<\/li><li>Legisla\u00e7\u00e3o espec\u00edfica: 10 quest\u00f5es com peso 1;<\/li><li>Inform\u00e1tica b\u00e1sica: 5 quest\u00f5es com peso 1<\/li><\/ul>\n\n\n\n<p><strong>Conhecimentos B\u00e1sicos, apenas para os cargos Analista de Tecnologia e T\u00e9cnico de Tecnologia da Informa\u00e7\u00e3o<\/strong><\/p>\n\n\n\n<ul class=\"wp-block-list\"><li>L\u00edngua Portuguesa: 12 quest\u00f5es com peso 1;<\/li><li>Racioc\u00ednio L\u00f3gico: 12 quest\u00f5es com peso 1;<\/li><li>Legisla\u00e7\u00e3o espec\u00edfica: 11 quest\u00f5es com peso 1.<\/li><\/ul>\n\n\n\n<p><strong>Conhecimentos Espec\u00edficos, para todos os cargos:<\/strong><\/p>\n\n\n\n<ul class=\"wp-block-list\"><li>Concernentes ao cargo a que est\u00e1 concorrendo: 25 quest\u00f5es com peso 2.<\/li><\/ul>\n\n\n\n<p class=\"has-text-align-center has-cyan-bluish-gray-background-color has-background has-medium-font-size\"><strong>Saiba mais: <a href=\"https:\/\/www.estrategiaconcursos.com.br\/blog\/concurso-unilab\/\" target=\"_blank\" rel=\"noreferrer noopener\">Concurso UNILAB<\/a><\/strong><\/p>\n\n\n\n<h2 class=\"has-text-align-center wp-block-heading\" id=\"h-quer-saber-tudo-sobre-concursos-previstos-confira-nossos-artigos\">Quer saber tudo sobre concursos previstos?<br \/>Confira  nossos artigos!<\/h2>\n\n\n\n<ul class=\"wp-block-list\"><li><a href=\"https:\/\/www.estrategiaconcursos.com.br\/blog\/concursos-abertos\/\" target=\"_blank\" rel=\"noreferrer noopener\">Concursos abertos<\/a><\/li><li><a href=\"https:\/\/www.estrategiaconcursos.com.br\/blog\/concursos-2022\/\" target=\"_blank\" rel=\"noreferrer noopener\">Concursos 2022<\/a><\/li><li><a href=\"https:\/\/www.estrategiaconcursos.com.br\/blog\/concursos-educacao-2022\/\" target=\"_blank\" rel=\"noreferrer noopener\">Concursos Educa\u00e7\u00e3o<\/a><\/li><\/ul>\n\n\n\n<figure class=\"wp-block-image size-large is-resized\"><img loading=\"lazy\" decoding=\"async\" src=\"https:\/\/dhg1h5j42swfq.cloudfront.net\/2025\/06\/27101122\/ficha-tecnica-1-1024x632.png\" alt=\"Informa\u00e7\u00f5es do edital unilab\" class=\"wp-image-702728\" width=\"269\" height=\"166\" srcset=\"https:\/\/dhg1h5j42swfq.cloudfront.net\/2025\/06\/27101122\/ficha-tecnica-1-1024x632.png 1024w, https:\/\/dhg1h5j42swfq.cloudfront.net\/2025\/06\/27101122\/ficha-tecnica-1-300x185.png 300w, https:\/\/dhg1h5j42swfq.cloudfront.net\/2025\/06\/27101122\/ficha-tecnica-1-768x474.png 768w, https:\/\/dhg1h5j42swfq.cloudfront.net\/2025\/06\/27101122\/ficha-tecnica-1-1536x948.png 1536w, https:\/\/dhg1h5j42swfq.cloudfront.net\/2025\/06\/27101122\/ficha-tecnica-1-610x377.png 610w, https:\/\/dhg1h5j42swfq.cloudfront.net\/2025\/06\/27101122\/ficha-tecnica-1.png 1571w\" sizes=\"auto, (max-width: 269px) 100vw, 269px\" \/><\/figure>\n\n\n\n<h3 class=\"wp-block-heading\" id=\"block-ba1614b5-988b-41ef-892d-f4c9f7e9dd42\">Informa\u00e7\u00f5es do edital UNILAB<\/h3>\n\n\n\n<ul class=\"wp-block-list\" id=\"block-46dd482c-33cf-409c-8762-75c111403f14\"><li><strong>Inscri\u00e7\u00f5es<\/strong>: 20 de maio a 20 de junho de 2022<\/li><li><strong>Provas<\/strong>: 14 de agosto de 2022<\/li><li><strong>Vagas<\/strong>: 16 + 111 CR<\/li><li><strong>Cargos<\/strong>: diversos <\/li><li><strong>Banca<\/strong>: IDECAN<\/li><li><strong>Escolaridade<\/strong>: n\u00edveis m\u00e9dio e superior <\/li><li><strong>Edital<\/strong>:&nbsp;<a href=\"https:\/\/www.in.gov.br\/web\/dou\/-\/edital-n-28-de-19-de-maio-de-2022-concurso-publico-para-provimento-de-cargos-de-tecnicos-administrativos-em-educacao-401697741\" target=\"_blank\" rel=\"noreferrer noopener\">Edital UNILAB<\/a><\/li><\/ul>\n\n\n\n<div class=\"container\" id=\"boxes\">\n  <div class=\"row\">\n\n    <div class=\"col-sm\">\n      <div class=\"estrategia\" id=\"box-assinatura\">\n        <h3 class=\"titulo-assinatura\">Assinatura de Concursos<\/h3>\n        <p class=\"subtitulo-assinatura\">Assinatura de 1 ano ou 2 anos<\/p>\n        <div class=\"box-botao\">\n          <a class=\"btn-assinatura\" target=\"_blank\" href=\"https:\/\/www.estrategiaconcursos.com.br\/assinaturas\/\" role=\"button\" rel=\"noopener noreferrer\">ASSINE AGORA<\/a>\n        <\/div>\n      <\/div>\n     \n    <\/div><\/div><\/div>\n","protected":false},"excerpt":{"rendered":"<p>O edital UNILAB (Universidade da Integra\u00e7\u00e3o Internacional da Lusofonia Afro-Brasileira) est\u00e1 com as inscri\u00e7\u00f5es encerradas! Conforme o documento, a Universidade oferece ao todo 127 vagas, entre imediatas e forma\u00e7\u00e3o de cadastro reserva de n\u00edveis m\u00e9dio e superior. Status: inscri\u00e7\u00f5es encerradas Banca: IDECAN Vagas: 16 + 111 CR Cargo: diversos Sal\u00e1rio inicial: de R$ 2.446,96 a [&hellip;]<\/p>\n","protected":false},"author":2375,"featured_media":1031215,"comment_status":"open","ping_status":"closed","sticky":false,"template":"","format":"standard","meta":{"post_tipo":"news","footnotes":""},"categories":[3766,220219],"tags":[],"tax_estado":[219968,219969],"class_list":["post-1031214","post","type-post","status-publish","format-standard","has-post-thumbnail","hentry","category-educacional","category-noticias","tax_estado-ba","tax_estado-ce"],"acf":[],"yoast_head":"<!-- This site is optimized with the Yoast SEO Premium plugin v27.2 (Yoast SEO v27.2) - https:\/\/yoast.com\/product\/yoast-seo-premium-wordpress\/ -->\n<title>Edital UNILAB: inscri\u00e7\u00f5es encerradas; 127 vagas e at\u00e9 R$ 4,1 mil<\/title>\n<meta name=\"description\" content=\"Edital UNILAB com a oferta de vagas para cargos de n\u00edveis m\u00e9dio e superior est\u00e1 com as inscri\u00e7\u00f5es encerradas. Confira os detalhes completos!\" \/>\n<meta name=\"robots\" content=\"index, follow, max-snippet:-1, max-image-preview:large, max-video-preview:-1\" \/>\n<link rel=\"canonical\" href=\"https:\/\/www.estrategiaconcursos.com.br\/blog\/concurso-unilab-edital-publicado-2022\/\" \/>\n<meta property=\"og:locale\" content=\"pt_BR\" \/>\n<meta property=\"og:type\" content=\"article\" \/>\n<meta property=\"og:title\" content=\"Edital UNILAB: inscri\u00e7\u00f5es encerradas; 127 vagas e at\u00e9 R$ 4,1 mil\" \/>\n<meta property=\"og:description\" content=\"Edital UNILAB com a oferta de vagas para cargos de n\u00edveis m\u00e9dio e superior est\u00e1 com as inscri\u00e7\u00f5es encerradas. Confira os detalhes completos!\" \/>\n<meta property=\"og:url\" content=\"https:\/\/www.estrategiaconcursos.com.br\/blog\/concurso-unilab-edital-publicado-2022\/\" \/>\n<meta property=\"og:site_name\" content=\"Estrat\u00e9gia Concursos\" \/>\n<meta property=\"article:published_time\" content=\"2022-05-20T09:36:09+00:00\" \/>\n<meta property=\"article:modified_time\" content=\"2022-06-21T14:11:30+00:00\" \/>\n<meta property=\"og:image\" content=\"https:\/\/dhg1h5j42swfq.cloudfront.net\/2022\/05\/20063523\/concurso-unilab-edital-publicado.jpg\" \/>\n\t<meta property=\"og:image:width\" content=\"150\" \/>\n\t<meta property=\"og:image:height\" content=\"150\" \/>\n\t<meta property=\"og:image:type\" content=\"image\/jpeg\" \/>\n<meta name=\"author\" content=\"Priscila Almeida\" \/>\n<meta name=\"twitter:card\" content=\"summary_large_image\" \/>\n<meta name=\"twitter:creator\" content=\"@EstratConcursos\" \/>\n<meta name=\"twitter:site\" content=\"@EstratConcursos\" \/>\n<meta name=\"twitter:label1\" content=\"Escrito por\" \/>\n\t<meta name=\"twitter:data1\" content=\"Priscila Almeida\" \/>\n\t<meta name=\"twitter:label2\" content=\"Est. tempo de leitura\" \/>\n\t<meta name=\"twitter:data2\" content=\"4 minutos\" \/>\n<script type=\"application\/ld+json\" class=\"yoast-schema-graph\">{\"@context\":\"https:\/\/schema.org\",\"@graph\":[{\"@type\":\"NewsArticle\",\"@id\":\"https:\/\/www.estrategiaconcursos.com.br\/blog\/concurso-unilab-edital-publicado-2022\/#article\",\"isPartOf\":{\"@id\":\"https:\/\/www.estrategiaconcursos.com.br\/blog\/concurso-unilab-edital-publicado-2022\/\"},\"author\":{\"name\":\"Priscila Almeida\",\"@id\":\"https:\/\/www.estrategiaconcursos.com.br\/blog\/#\/schema\/person\/a06e841e501f2e1d8c49c4e8f066bfd1\"},\"headline\":\"Edital UNILAB: inscri\u00e7\u00f5es encerradas; 127 vagas e at\u00e9 R$ 4,1 mil\",\"datePublished\":\"2022-05-20T09:36:09+00:00\",\"dateModified\":\"2022-06-21T14:11:30+00:00\",\"mainEntityOfPage\":{\"@id\":\"https:\/\/www.estrategiaconcursos.com.br\/blog\/concurso-unilab-edital-publicado-2022\/\"},\"wordCount\":649,\"commentCount\":0,\"publisher\":{\"@id\":\"https:\/\/www.estrategiaconcursos.com.br\/blog\/#organization\"},\"image\":{\"@id\":\"https:\/\/www.estrategiaconcursos.com.br\/blog\/concurso-unilab-edital-publicado-2022\/#primaryimage\"},\"thumbnailUrl\":\"https:\/\/dhg1h5j42swfq.cloudfront.net\/2022\/05\/20063523\/concurso-unilab-edital-publicado.jpg\",\"articleSection\":[\"Educa\u00e7\u00e3o\",\"\u00daltimas not\u00edcias\"],\"inLanguage\":\"pt-BR\",\"potentialAction\":[{\"@type\":\"CommentAction\",\"name\":\"Comment\",\"target\":[\"https:\/\/www.estrategiaconcursos.com.br\/blog\/concurso-unilab-edital-publicado-2022\/#respond\"]}],\"copyrightYear\":\"2022\",\"copyrightHolder\":{\"@id\":\"https:\/\/www.estrategiaconcursos.com.br\/blog\/#organization\"}},{\"@type\":\"WebPage\",\"@id\":\"https:\/\/www.estrategiaconcursos.com.br\/blog\/concurso-unilab-edital-publicado-2022\/\",\"url\":\"https:\/\/www.estrategiaconcursos.com.br\/blog\/concurso-unilab-edital-publicado-2022\/\",\"name\":\"Edital UNILAB: inscri\u00e7\u00f5es encerradas; 127 vagas e at\u00e9 R$ 4,1 mil\",\"isPartOf\":{\"@id\":\"https:\/\/www.estrategiaconcursos.com.br\/blog\/#website\"},\"primaryImageOfPage\":{\"@id\":\"https:\/\/www.estrategiaconcursos.com.br\/blog\/concurso-unilab-edital-publicado-2022\/#primaryimage\"},\"image\":{\"@id\":\"https:\/\/www.estrategiaconcursos.com.br\/blog\/concurso-unilab-edital-publicado-2022\/#primaryimage\"},\"thumbnailUrl\":\"https:\/\/dhg1h5j42swfq.cloudfront.net\/2022\/05\/20063523\/concurso-unilab-edital-publicado.jpg\",\"datePublished\":\"2022-05-20T09:36:09+00:00\",\"dateModified\":\"2022-06-21T14:11:30+00:00\",\"description\":\"Edital UNILAB com a oferta de vagas para cargos de n\u00edveis m\u00e9dio e superior est\u00e1 com as inscri\u00e7\u00f5es encerradas. Confira os detalhes completos!\",\"breadcrumb\":{\"@id\":\"https:\/\/www.estrategiaconcursos.com.br\/blog\/concurso-unilab-edital-publicado-2022\/#breadcrumb\"},\"inLanguage\":\"pt-BR\",\"potentialAction\":[{\"@type\":\"ReadAction\",\"target\":[\"https:\/\/www.estrategiaconcursos.com.br\/blog\/concurso-unilab-edital-publicado-2022\/\"]}]},{\"@type\":\"ImageObject\",\"inLanguage\":\"pt-BR\",\"@id\":\"https:\/\/www.estrategiaconcursos.com.br\/blog\/concurso-unilab-edital-publicado-2022\/#primaryimage\",\"url\":\"https:\/\/dhg1h5j42swfq.cloudfront.net\/2022\/05\/20063523\/concurso-unilab-edital-publicado.jpg\",\"contentUrl\":\"https:\/\/dhg1h5j42swfq.cloudfront.net\/2022\/05\/20063523\/concurso-unilab-edital-publicado.jpg\",\"width\":150,\"height\":150},{\"@type\":\"BreadcrumbList\",\"@id\":\"https:\/\/www.estrategiaconcursos.com.br\/blog\/concurso-unilab-edital-publicado-2022\/#breadcrumb\",\"itemListElement\":[{\"@type\":\"ListItem\",\"position\":1,\"name\":\"In\u00edcio\",\"item\":\"https:\/\/www.estrategiaconcursos.com.br\/blog\/\"},{\"@type\":\"ListItem\",\"position\":2,\"name\":\"Edital UNILAB: inscri\u00e7\u00f5es encerradas; 127 vagas e at\u00e9 R$ 4,1 mil\"}]},{\"@type\":\"WebSite\",\"@id\":\"https:\/\/www.estrategiaconcursos.com.br\/blog\/#website\",\"url\":\"https:\/\/www.estrategiaconcursos.com.br\/blog\/\",\"name\":\"Estrat\u00e9gia Concursos\",\"description\":\"O blog da Estrat\u00e9gia Concursos traz not\u00edcias sobre concursos e artigos de professores oferecendo cursos para concursos (pdf + videaulas) no site.\",\"publisher\":{\"@id\":\"https:\/\/www.estrategiaconcursos.com.br\/blog\/#organization\"},\"potentialAction\":[{\"@type\":\"SearchAction\",\"target\":{\"@type\":\"EntryPoint\",\"urlTemplate\":\"https:\/\/www.estrategiaconcursos.com.br\/blog\/?s={search_term_string}\"},\"query-input\":{\"@type\":\"PropertyValueSpecification\",\"valueRequired\":true,\"valueName\":\"search_term_string\"}}],\"inLanguage\":\"pt-BR\"},{\"@type\":\"Organization\",\"@id\":\"https:\/\/www.estrategiaconcursos.com.br\/blog\/#organization\",\"name\":\"Estrat\u00e9gia Concursos\",\"url\":\"https:\/\/www.estrategiaconcursos.com.br\/blog\/\",\"logo\":{\"@type\":\"ImageObject\",\"inLanguage\":\"pt-BR\",\"@id\":\"https:\/\/www.estrategiaconcursos.com.br\/blog\/#\/schema\/logo\/image\/\",\"url\":\"https:\/\/dhg1h5j42swfq.cloudfront.net\/2025\/06\/03203428\/logo_concursos-1.jpg\",\"contentUrl\":\"https:\/\/dhg1h5j42swfq.cloudfront.net\/2025\/06\/03203428\/logo_concursos-1.jpg\",\"width\":230,\"height\":60,\"caption\":\"Estrat\u00e9gia Concursos\"},\"image\":{\"@id\":\"https:\/\/www.estrategiaconcursos.com.br\/blog\/#\/schema\/logo\/image\/\"},\"sameAs\":[\"https:\/\/x.com\/EstratConcursos\"]},{\"@type\":\"Person\",\"@id\":\"https:\/\/www.estrategiaconcursos.com.br\/blog\/#\/schema\/person\/a06e841e501f2e1d8c49c4e8f066bfd1\",\"name\":\"Priscila Almeida\",\"image\":{\"@type\":\"ImageObject\",\"inLanguage\":\"pt-BR\",\"@id\":\"https:\/\/secure.gravatar.com\/avatar\/0a963c9e2a947fa675b669cea2b5d0ba6dd1cbf46b966190343b6c9973ad3337?s=96&d=mm&r=g\",\"url\":\"https:\/\/secure.gravatar.com\/avatar\/0a963c9e2a947fa675b669cea2b5d0ba6dd1cbf46b966190343b6c9973ad3337?s=96&d=mm&r=g\",\"contentUrl\":\"https:\/\/secure.gravatar.com\/avatar\/0a963c9e2a947fa675b669cea2b5d0ba6dd1cbf46b966190343b6c9973ad3337?s=96&d=mm&r=g\",\"caption\":\"Priscila Almeida\"},\"description\":\"Atua na \u00e1rea de concursos p\u00fablicos desde 2019. As editorias que mais t\u00eam familiaridade s\u00e3o: Tribunais (TJs; TRTs; TREs; TSTs; STJ, STF, STM e TSE); Defensorias; Minist\u00e9rios P\u00fablicos; Procuradorias; Educa\u00e7\u00e3o e Conselhos. Na \u00e1rea de comunica\u00e7\u00e3o, de maneira geral, a caminhada \u00e9 um pouco mais longa - desde 2007. Possui experi\u00eancia em reda\u00e7\u00f5es de r\u00e1dio, TV, Web e impresso, al\u00e9m de desenvolver trabalhos em assessorias de comunica\u00e7\u00e3o institucional, empresarial e p\u00fablicas. Entre outros trabalhos, se destacam a atua\u00e7\u00e3o nas \u00e1reas de Justi\u00e7a, Congresso, Esportes, Sa\u00fade, Agropecu\u00e1ria, Cidades e Avia\u00e7\u00e3o Civil.\",\"url\":\"https:\/\/www.estrategiaconcursos.com.br\/blog\/author\/priscila-almeidaestrategia-com\/\"}]}<\/script>\n<!-- \/ Yoast SEO Premium plugin. -->","yoast_head_json":{"title":"Edital UNILAB: inscri\u00e7\u00f5es encerradas; 127 vagas e at\u00e9 R$ 4,1 mil","description":"Edital UNILAB com a oferta de vagas para cargos de n\u00edveis m\u00e9dio e superior est\u00e1 com as inscri\u00e7\u00f5es encerradas. Confira os detalhes completos!","robots":{"index":"index","follow":"follow","max-snippet":"max-snippet:-1","max-image-preview":"max-image-preview:large","max-video-preview":"max-video-preview:-1"},"canonical":"https:\/\/www.estrategiaconcursos.com.br\/blog\/concurso-unilab-edital-publicado-2022\/","og_locale":"pt_BR","og_type":"article","og_title":"Edital UNILAB: inscri\u00e7\u00f5es encerradas; 127 vagas e at\u00e9 R$ 4,1 mil","og_description":"Edital UNILAB com a oferta de vagas para cargos de n\u00edveis m\u00e9dio e superior est\u00e1 com as inscri\u00e7\u00f5es encerradas. Confira os detalhes completos!","og_url":"https:\/\/www.estrategiaconcursos.com.br\/blog\/concurso-unilab-edital-publicado-2022\/","og_site_name":"Estrat\u00e9gia Concursos","article_published_time":"2022-05-20T09:36:09+00:00","article_modified_time":"2022-06-21T14:11:30+00:00","og_image":[{"width":150,"height":150,"url":"https:\/\/dhg1h5j42swfq.cloudfront.net\/2022\/05\/20063523\/concurso-unilab-edital-publicado.jpg","type":"image\/jpeg"}],"author":"Priscila Almeida","twitter_card":"summary_large_image","twitter_creator":"@EstratConcursos","twitter_site":"@EstratConcursos","twitter_misc":{"Escrito por":"Priscila Almeida","Est. tempo de leitura":"4 minutos"},"schema":{"@context":"https:\/\/schema.org","@graph":[{"@type":"NewsArticle","@id":"https:\/\/www.estrategiaconcursos.com.br\/blog\/concurso-unilab-edital-publicado-2022\/#article","isPartOf":{"@id":"https:\/\/www.estrategiaconcursos.com.br\/blog\/concurso-unilab-edital-publicado-2022\/"},"author":{"name":"Priscila Almeida","@id":"https:\/\/www.estrategiaconcursos.com.br\/blog\/#\/schema\/person\/a06e841e501f2e1d8c49c4e8f066bfd1"},"headline":"Edital UNILAB: inscri\u00e7\u00f5es encerradas; 127 vagas e at\u00e9 R$ 4,1 mil","datePublished":"2022-05-20T09:36:09+00:00","dateModified":"2022-06-21T14:11:30+00:00","mainEntityOfPage":{"@id":"https:\/\/www.estrategiaconcursos.com.br\/blog\/concurso-unilab-edital-publicado-2022\/"},"wordCount":649,"commentCount":0,"publisher":{"@id":"https:\/\/www.estrategiaconcursos.com.br\/blog\/#organization"},"image":{"@id":"https:\/\/www.estrategiaconcursos.com.br\/blog\/concurso-unilab-edital-publicado-2022\/#primaryimage"},"thumbnailUrl":"https:\/\/dhg1h5j42swfq.cloudfront.net\/2022\/05\/20063523\/concurso-unilab-edital-publicado.jpg","articleSection":["Educa\u00e7\u00e3o","\u00daltimas not\u00edcias"],"inLanguage":"pt-BR","potentialAction":[{"@type":"CommentAction","name":"Comment","target":["https:\/\/www.estrategiaconcursos.com.br\/blog\/concurso-unilab-edital-publicado-2022\/#respond"]}],"copyrightYear":"2022","copyrightHolder":{"@id":"https:\/\/www.estrategiaconcursos.com.br\/blog\/#organization"}},{"@type":"WebPage","@id":"https:\/\/www.estrategiaconcursos.com.br\/blog\/concurso-unilab-edital-publicado-2022\/","url":"https:\/\/www.estrategiaconcursos.com.br\/blog\/concurso-unilab-edital-publicado-2022\/","name":"Edital UNILAB: inscri\u00e7\u00f5es encerradas; 127 vagas e at\u00e9 R$ 4,1 mil","isPartOf":{"@id":"https:\/\/www.estrategiaconcursos.com.br\/blog\/#website"},"primaryImageOfPage":{"@id":"https:\/\/www.estrategiaconcursos.com.br\/blog\/concurso-unilab-edital-publicado-2022\/#primaryimage"},"image":{"@id":"https:\/\/www.estrategiaconcursos.com.br\/blog\/concurso-unilab-edital-publicado-2022\/#primaryimage"},"thumbnailUrl":"https:\/\/dhg1h5j42swfq.cloudfront.net\/2022\/05\/20063523\/concurso-unilab-edital-publicado.jpg","datePublished":"2022-05-20T09:36:09+00:00","dateModified":"2022-06-21T14:11:30+00:00","description":"Edital UNILAB com a oferta de vagas para cargos de n\u00edveis m\u00e9dio e superior est\u00e1 com as inscri\u00e7\u00f5es encerradas. Confira os detalhes completos!","breadcrumb":{"@id":"https:\/\/www.estrategiaconcursos.com.br\/blog\/concurso-unilab-edital-publicado-2022\/#breadcrumb"},"inLanguage":"pt-BR","potentialAction":[{"@type":"ReadAction","target":["https:\/\/www.estrategiaconcursos.com.br\/blog\/concurso-unilab-edital-publicado-2022\/"]}]},{"@type":"ImageObject","inLanguage":"pt-BR","@id":"https:\/\/www.estrategiaconcursos.com.br\/blog\/concurso-unilab-edital-publicado-2022\/#primaryimage","url":"https:\/\/dhg1h5j42swfq.cloudfront.net\/2022\/05\/20063523\/concurso-unilab-edital-publicado.jpg","contentUrl":"https:\/\/dhg1h5j42swfq.cloudfront.net\/2022\/05\/20063523\/concurso-unilab-edital-publicado.jpg","width":150,"height":150},{"@type":"BreadcrumbList","@id":"https:\/\/www.estrategiaconcursos.com.br\/blog\/concurso-unilab-edital-publicado-2022\/#breadcrumb","itemListElement":[{"@type":"ListItem","position":1,"name":"In\u00edcio","item":"https:\/\/www.estrategiaconcursos.com.br\/blog\/"},{"@type":"ListItem","position":2,"name":"Edital UNILAB: inscri\u00e7\u00f5es encerradas; 127 vagas e at\u00e9 R$ 4,1 mil"}]},{"@type":"WebSite","@id":"https:\/\/www.estrategiaconcursos.com.br\/blog\/#website","url":"https:\/\/www.estrategiaconcursos.com.br\/blog\/","name":"Estrat\u00e9gia Concursos","description":"O blog da Estrat\u00e9gia Concursos traz not\u00edcias sobre concursos e artigos de professores oferecendo cursos para concursos (pdf + videaulas) no site.","publisher":{"@id":"https:\/\/www.estrategiaconcursos.com.br\/blog\/#organization"},"potentialAction":[{"@type":"SearchAction","target":{"@type":"EntryPoint","urlTemplate":"https:\/\/www.estrategiaconcursos.com.br\/blog\/?s={search_term_string}"},"query-input":{"@type":"PropertyValueSpecification","valueRequired":true,"valueName":"search_term_string"}}],"inLanguage":"pt-BR"},{"@type":"Organization","@id":"https:\/\/www.estrategiaconcursos.com.br\/blog\/#organization","name":"Estrat\u00e9gia Concursos","url":"https:\/\/www.estrategiaconcursos.com.br\/blog\/","logo":{"@type":"ImageObject","inLanguage":"pt-BR","@id":"https:\/\/www.estrategiaconcursos.com.br\/blog\/#\/schema\/logo\/image\/","url":"https:\/\/dhg1h5j42swfq.cloudfront.net\/2025\/06\/03203428\/logo_concursos-1.jpg","contentUrl":"https:\/\/dhg1h5j42swfq.cloudfront.net\/2025\/06\/03203428\/logo_concursos-1.jpg","width":230,"height":60,"caption":"Estrat\u00e9gia Concursos"},"image":{"@id":"https:\/\/www.estrategiaconcursos.com.br\/blog\/#\/schema\/logo\/image\/"},"sameAs":["https:\/\/x.com\/EstratConcursos"]},{"@type":"Person","@id":"https:\/\/www.estrategiaconcursos.com.br\/blog\/#\/schema\/person\/a06e841e501f2e1d8c49c4e8f066bfd1","name":"Priscila Almeida","image":{"@type":"ImageObject","inLanguage":"pt-BR","@id":"https:\/\/secure.gravatar.com\/avatar\/0a963c9e2a947fa675b669cea2b5d0ba6dd1cbf46b966190343b6c9973ad3337?s=96&d=mm&r=g","url":"https:\/\/secure.gravatar.com\/avatar\/0a963c9e2a947fa675b669cea2b5d0ba6dd1cbf46b966190343b6c9973ad3337?s=96&d=mm&r=g","contentUrl":"https:\/\/secure.gravatar.com\/avatar\/0a963c9e2a947fa675b669cea2b5d0ba6dd1cbf46b966190343b6c9973ad3337?s=96&d=mm&r=g","caption":"Priscila Almeida"},"description":"Atua na \u00e1rea de concursos p\u00fablicos desde 2019. As editorias que mais t\u00eam familiaridade s\u00e3o: Tribunais (TJs; TRTs; TREs; TSTs; STJ, STF, STM e TSE); Defensorias; Minist\u00e9rios P\u00fablicos; Procuradorias; Educa\u00e7\u00e3o e Conselhos. Na \u00e1rea de comunica\u00e7\u00e3o, de maneira geral, a caminhada \u00e9 um pouco mais longa - desde 2007. Possui experi\u00eancia em reda\u00e7\u00f5es de r\u00e1dio, TV, Web e impresso, al\u00e9m de desenvolver trabalhos em assessorias de comunica\u00e7\u00e3o institucional, empresarial e p\u00fablicas. Entre outros trabalhos, se destacam a atua\u00e7\u00e3o nas \u00e1reas de Justi\u00e7a, Congresso, Esportes, Sa\u00fade, Agropecu\u00e1ria, Cidades e Avia\u00e7\u00e3o Civil.","url":"https:\/\/www.estrategiaconcursos.com.br\/blog\/author\/priscila-almeidaestrategia-com\/"}]}},"_links":{"self":[{"href":"https:\/\/www.estrategiaconcursos.com.br\/blog\/wp-json\/wp\/v2\/posts\/1031214","targetHints":{"allow":["GET"]}}],"collection":[{"href":"https:\/\/www.estrategiaconcursos.com.br\/blog\/wp-json\/wp\/v2\/posts"}],"about":[{"href":"https:\/\/www.estrategiaconcursos.com.br\/blog\/wp-json\/wp\/v2\/types\/post"}],"author":[{"embeddable":true,"href":"https:\/\/www.estrategiaconcursos.com.br\/blog\/wp-json\/wp\/v2\/users\/2375"}],"replies":[{"embeddable":true,"href":"https:\/\/www.estrategiaconcursos.com.br\/blog\/wp-json\/wp\/v2\/comments?post=1031214"}],"version-history":[{"count":25,"href":"https:\/\/www.estrategiaconcursos.com.br\/blog\/wp-json\/wp\/v2\/posts\/1031214\/revisions"}],"predecessor-version":[{"id":1047822,"href":"https:\/\/www.estrategiaconcursos.com.br\/blog\/wp-json\/wp\/v2\/posts\/1031214\/revisions\/1047822"}],"wp:featuredmedia":[{"embeddable":true,"href":"https:\/\/www.estrategiaconcursos.com.br\/blog\/wp-json\/wp\/v2\/media\/1031215"}],"wp:attachment":[{"href":"https:\/\/www.estrategiaconcursos.com.br\/blog\/wp-json\/wp\/v2\/media?parent=1031214"}],"wp:term":[{"taxonomy":"category","embeddable":true,"href":"https:\/\/www.estrategiaconcursos.com.br\/blog\/wp-json\/wp\/v2\/categories?post=1031214"},{"taxonomy":"post_tag","embeddable":true,"href":"https:\/\/www.estrategiaconcursos.com.br\/blog\/wp-json\/wp\/v2\/tags?post=1031214"},{"taxonomy":"tax_estado","embeddable":true,"href":"https:\/\/www.estrategiaconcursos.com.br\/blog\/wp-json\/wp\/v2\/tax_estado?post=1031214"}],"curies":[{"name":"wp","href":"https:\/\/api.w.org\/{rel}","templated":true}]}}