{"id":1031095,"date":"2022-05-19T18:39:56","date_gmt":"2022-05-19T21:39:56","guid":{"rendered":"https:\/\/www.estrategiaconcursos.com.br\/blog\/?p=1031095"},"modified":"2022-05-19T18:39:59","modified_gmt":"2022-05-19T21:39:59","slug":"provas-concurso-pericia-oficial-al-remarcadas","status":"publish","type":"post","link":"https:\/\/www.estrategiaconcursos.com.br\/blog\/provas-concurso-pericia-oficial-al-remarcadas\/","title":{"rendered":"Provas do concurso Per\u00edcia Oficial AL s\u00e3o remarcadas"},"content":{"rendered":"\n<p>As provas objetivas do <strong>concurso Per\u00edcia Oficial AL<\/strong> foram remarcadas. Agora, a etapa ser\u00e1 aplicada no dia 21 de agosto de 2022, segundo nova retifica\u00e7\u00e3o divulgada no <a href=\"https:\/\/dhg1h5j42swfq.cloudfront.net\/2022\/05\/19172940\/pericia-al-edital-retificado.pdf\" target=\"_blank\" rel=\"noreferrer noopener nofollow\">Di\u00e1rio Oficial de Alagoas<\/a>. Confira o novo cronograma abaixo!<\/p>\n\n\n\n<div class=\"wp-block-image\"><figure class=\"aligncenter size-full\"><img loading=\"lazy\" decoding=\"async\" width=\"931\" height=\"309\" src=\"https:\/\/dhg1h5j42swfq.cloudfront.net\/2022\/05\/19183524\/image-2-2.png\" alt=\"\" class=\"wp-image-1031096\" srcset=\"https:\/\/dhg1h5j42swfq.cloudfront.net\/2022\/05\/19183524\/image-2-2.png 931w, https:\/\/dhg1h5j42swfq.cloudfront.net\/2022\/05\/19183524\/image-2-2-300x100.png 300w, https:\/\/dhg1h5j42swfq.cloudfront.net\/2022\/05\/19183524\/image-2-2-768x255.png 768w, https:\/\/dhg1h5j42swfq.cloudfront.net\/2022\/05\/19183524\/image-2-2-610x202.png 610w\" sizes=\"auto, (max-width: 931px) 100vw, 931px\" \/><figcaption>Novo cronograma do concurso Per\u00edcia Oficial AL<\/figcaption><\/figure><\/div>\n\n\n\n<p>Importante lembrar que seguem abertas as inscri\u00e7\u00f5es para o certame, que oferece 121 vagas imediatas, al\u00e9m de outras 121 em cadastro de reserva.<\/p>\n\n\n\n<p>Os interessados devem realizar sua candidatura at\u00e9 o dia 24 de junho, no <a href=\"https:\/\/www.cebraspe.org.br\/concursos\/POLC_AL_22\" target=\"_blank\" rel=\"noreferrer noopener\">site do Cebraspe<\/a>, a um custo que varia de R$ 95,00 a R$ 200,00.<\/p>\n\n\n\n<p>As oportunidades se distribuem entre <a href=\"https:\/\/www.estrategiaconcursos.com.br\/curso\/pericia-oficial-de-alagoas-papiloscopista-pacote-2022-pos-edital\/\" target=\"_blank\" rel=\"noreferrer noopener\">Papiloscopista<\/a>, Perito Criminal,\u00a0<a href=\"https:\/\/www.estrategiaconcursos.com.br\/curso\/7-pericia-oficial-de-alagoas-perito-criminal-medico-legista-pacote-2022-pos-edital\/\" target=\"_blank\" rel=\"noreferrer noopener\">Perito M\u00e9dico-Legista<\/a>,\u00a0<a href=\"https:\/\/www.estrategiaconcursos.com.br\/curso\/8-pericia-oficial-de-alagoas-perito-criminal-odontolegista-pacote-2022-pos-edital\/\" target=\"_blank\" rel=\"noreferrer noopener\">Perito Odontolegista<\/a>,\u00a0<a href=\"https:\/\/www.estrategiaconcursos.com.br\/curso\/2-pericia-oficial-de-alagoas-auxiliar-de-pericia-pacote-2022-pos-edital\/\" target=\"_blank\" rel=\"noreferrer noopener\">Auxiliar de Per\u00edcia<\/a>\u00a0e T\u00e9cnico Forense. Os sal\u00e1rios iniciais alcan\u00e7am at\u00e9 R$ 9.646,81.<\/p>\n\n\n\n<p>Vale lembrar que j\u00e1 havia sido divulgada a <a href=\"https:\/\/dhg1h5j42swfq.cloudfront.net\/2022\/04\/29084136\/sodapdf-splitted-diariooficial-34.pdf\" target=\"_blank\" rel=\"noreferrer noopener nofollow\">primeira retifica\u00e7\u00e3o<\/a> do edital, a qual alterou os sal\u00e1rios de M\u00e9dico Legista e Odontolegista.<\/p>\n\n\n\n<p>E para mais informa\u00e7\u00f5es do concurso Per\u00edcia Oficial AL, cujas provas foram remarcadas, acesse o link abaixo. N\u00f3s, do Estrat\u00e9gia Concursos, preparamos um artigo completo para voc\u00ea!<\/p>\n\n\n\n<p class=\"has-text-align-center has-cyan-bluish-gray-background-color has-background has-medium-font-size\"><strong><a href=\"https:\/\/www.estrategiaconcursos.com.br\/blog\/concurso-pericia-oficial-al\/\" target=\"_blank\" rel=\"noreferrer noopener\">Concurso Per\u00edcia Oficial AL<\/a><\/strong><\/p>\n\n\n\n<h2 class=\"has-text-align-center wp-block-heading\" id=\"h-quer-saber-tudo-sobre-concursos-previstos-confira-nossos-artigos\">Quer saber tudo sobre concursos previstos?<br \/>Confira nossos artigos!<\/h2>\n\n\n\n<ul class=\"wp-block-list\"><li><a href=\"https:\/\/www.estrategiaconcursos.com.br\/blog\/concursos-abertos\/\" target=\"_blank\" rel=\"noreferrer noopener\">Concursos abertos<\/a><\/li><li><a href=\"https:\/\/www.estrategiaconcursos.com.br\/blog\/concursos-2022\/\" target=\"_blank\" rel=\"noreferrer noopener\">Concursos 2022<\/a><\/li><\/ul>\n\n\n\n<h2 class=\"has-text-align-center wp-block-heading\" id=\"cursos-assinatura\"><em>Quer estudar para o concurso Per\u00edcia Oficial AL?<\/em><\/h2>\n\n\n\n<div class=\"container\" id=\"boxes\">\n  <div class=\"row\">\n\n    <div class=\"col-sm\">\n      <div class=\"banner-adm\" id=\"box-assinatura\">\n        <h3 class=\"titulo-assinatura\">Concurso Per\u00edcia Oficial AL<\/h3>\n        <p class=\"subtitulo-assinatura\">Conhe\u00e7a os cursos<\/p>\n        <div class=\"box-botao\">\n          <a class=\"btn-assinatura\" target=\"_blank\" href=\"https:\/\/www.estrategiaconcursos.com.br\/cursosPorConcurso\/pericia-oficial-do-estado-de-alagoas-poal\/\" role=\"button\" rel=\"noopener noreferrer\">Conhe\u00e7a mais<\/a>\n        <\/div>\n      <\/div>\n     \n    <\/div>\n\n  <\/div>\n<\/div>\n\n\n\n<div class=\"container\" id=\"boxes\">\n  <div class=\"row\">\n\n    <div class=\"col-sm\">\n      <div class=\"estrategia\" id=\"box-assinatura\">\n        <h3 class=\"titulo-assinatura\">Assinatura de Concursos<\/h3>\n        <p class=\"subtitulo-assinatura\">Assinatura de 1 ou 2 anos<\/p>\n        <div class=\"box-botao\">\n          <a class=\"btn-assinatura\" target=\"_blank\" href=\"https:\/\/www.estrategiaconcursos.com.br\/assinaturas\/\" role=\"button\" rel=\"noopener noreferrer\">ASSINE AGORA<\/a>\n        <\/div>\n      <\/div>\n      <p class=\"texto-auxiliar\"><\/p>\n    <\/div><\/div><\/div>\n","protected":false},"excerpt":{"rendered":"<p>As provas objetivas do concurso Per\u00edcia Oficial AL foram remarcadas. Agora, a etapa ser\u00e1 aplicada no dia 21 de agosto de 2022, segundo nova retifica\u00e7\u00e3o divulgada no Di\u00e1rio Oficial de Alagoas. Confira o novo cronograma abaixo! Importante lembrar que seguem abertas as inscri\u00e7\u00f5es para o certame, que oferece 121 vagas imediatas, al\u00e9m de outras 121 [&hellip;]<\/p>\n","protected":false},"author":1483,"featured_media":993363,"comment_status":"open","ping_status":"closed","sticky":false,"template":"","format":"standard","meta":{"post_tipo":"news","footnotes":""},"categories":[220190,220219],"tags":[],"tax_estado":[219965],"class_list":["post-1031095","post","type-post","status-publish","format-standard","has-post-thumbnail","hentry","category-policial-peritos","category-noticias","tax_estado-al"],"acf":[],"yoast_head":"<!-- This site is optimized with the Yoast SEO Premium plugin v27.2 (Yoast SEO v27.2) - https:\/\/yoast.com\/product\/yoast-seo-premium-wordpress\/ -->\n<title>Provas do concurso Per\u00edcia Oficial AL s\u00e3o remarcadas<\/title>\n<meta name=\"description\" content=\"As prova objetivas do concurso Per\u00edcia Oficial AL foram remarcadas. Acesse o site do Estrat\u00e9gia Concursos e confira o novo cronograma!\" \/>\n<meta name=\"robots\" content=\"index, follow, max-snippet:-1, max-image-preview:large, max-video-preview:-1\" \/>\n<link rel=\"canonical\" href=\"https:\/\/www.estrategiaconcursos.com.br\/blog\/provas-concurso-pericia-oficial-al-remarcadas\/\" \/>\n<meta property=\"og:locale\" content=\"pt_BR\" \/>\n<meta property=\"og:type\" content=\"article\" \/>\n<meta property=\"og:title\" content=\"Provas do concurso Per\u00edcia Oficial AL s\u00e3o remarcadas\" \/>\n<meta property=\"og:description\" content=\"As prova objetivas do concurso Per\u00edcia Oficial AL foram remarcadas. Acesse o site do Estrat\u00e9gia Concursos e confira o novo cronograma!\" \/>\n<meta property=\"og:url\" content=\"https:\/\/www.estrategiaconcursos.com.br\/blog\/provas-concurso-pericia-oficial-al-remarcadas\/\" \/>\n<meta property=\"og:site_name\" content=\"Estrat\u00e9gia Concursos\" \/>\n<meta property=\"article:published_time\" content=\"2022-05-19T21:39:56+00:00\" \/>\n<meta property=\"article:modified_time\" content=\"2022-05-19T21:39:59+00:00\" \/>\n<meta property=\"og:image\" content=\"https:\/\/dhg1h5j42swfq.cloudfront.net\/2022\/03\/23153706\/pericia-oficial-al.jpg\" \/>\n\t<meta property=\"og:image:width\" content=\"768\" \/>\n\t<meta property=\"og:image:height\" content=\"432\" \/>\n\t<meta property=\"og:image:type\" content=\"image\/jpeg\" \/>\n<meta name=\"author\" content=\"Diogo Mendes\" \/>\n<meta name=\"twitter:card\" content=\"summary_large_image\" \/>\n<meta name=\"twitter:creator\" content=\"@EstratConcursos\" \/>\n<meta name=\"twitter:site\" content=\"@EstratConcursos\" \/>\n<meta name=\"twitter:label1\" content=\"Escrito por\" \/>\n\t<meta name=\"twitter:data1\" content=\"Diogo Mendes\" \/>\n\t<meta name=\"twitter:label2\" content=\"Est. tempo de leitura\" \/>\n\t<meta name=\"twitter:data2\" content=\"2 minutos\" \/>\n<script type=\"application\/ld+json\" class=\"yoast-schema-graph\">{\"@context\":\"https:\/\/schema.org\",\"@graph\":[{\"@type\":\"NewsArticle\",\"@id\":\"https:\/\/www.estrategiaconcursos.com.br\/blog\/provas-concurso-pericia-oficial-al-remarcadas\/#article\",\"isPartOf\":{\"@id\":\"https:\/\/www.estrategiaconcursos.com.br\/blog\/provas-concurso-pericia-oficial-al-remarcadas\/\"},\"author\":{\"name\":\"Diogo Mendes\",\"@id\":\"https:\/\/www.estrategiaconcursos.com.br\/blog\/#\/schema\/person\/cc9e76173880338ce9f656c88664a1f6\"},\"headline\":\"Provas do concurso Per\u00edcia Oficial AL s\u00e3o remarcadas\",\"datePublished\":\"2022-05-19T21:39:56+00:00\",\"dateModified\":\"2022-05-19T21:39:59+00:00\",\"mainEntityOfPage\":{\"@id\":\"https:\/\/www.estrategiaconcursos.com.br\/blog\/provas-concurso-pericia-oficial-al-remarcadas\/\"},\"wordCount\":234,\"commentCount\":0,\"publisher\":{\"@id\":\"https:\/\/www.estrategiaconcursos.com.br\/blog\/#organization\"},\"image\":{\"@id\":\"https:\/\/www.estrategiaconcursos.com.br\/blog\/provas-concurso-pericia-oficial-al-remarcadas\/#primaryimage\"},\"thumbnailUrl\":\"https:\/\/dhg1h5j42swfq.cloudfront.net\/2022\/03\/23153706\/pericia-oficial-al.jpg\",\"articleSection\":[\"Policial (Peritos, Papiloscopistas)\",\"\u00daltimas not\u00edcias\"],\"inLanguage\":\"pt-BR\",\"potentialAction\":[{\"@type\":\"CommentAction\",\"name\":\"Comment\",\"target\":[\"https:\/\/www.estrategiaconcursos.com.br\/blog\/provas-concurso-pericia-oficial-al-remarcadas\/#respond\"]}],\"copyrightYear\":\"2022\",\"copyrightHolder\":{\"@id\":\"https:\/\/www.estrategiaconcursos.com.br\/blog\/#organization\"}},{\"@type\":\"WebPage\",\"@id\":\"https:\/\/www.estrategiaconcursos.com.br\/blog\/provas-concurso-pericia-oficial-al-remarcadas\/\",\"url\":\"https:\/\/www.estrategiaconcursos.com.br\/blog\/provas-concurso-pericia-oficial-al-remarcadas\/\",\"name\":\"Provas do concurso Per\u00edcia Oficial AL s\u00e3o remarcadas\",\"isPartOf\":{\"@id\":\"https:\/\/www.estrategiaconcursos.com.br\/blog\/#website\"},\"primaryImageOfPage\":{\"@id\":\"https:\/\/www.estrategiaconcursos.com.br\/blog\/provas-concurso-pericia-oficial-al-remarcadas\/#primaryimage\"},\"image\":{\"@id\":\"https:\/\/www.estrategiaconcursos.com.br\/blog\/provas-concurso-pericia-oficial-al-remarcadas\/#primaryimage\"},\"thumbnailUrl\":\"https:\/\/dhg1h5j42swfq.cloudfront.net\/2022\/03\/23153706\/pericia-oficial-al.jpg\",\"datePublished\":\"2022-05-19T21:39:56+00:00\",\"dateModified\":\"2022-05-19T21:39:59+00:00\",\"description\":\"As prova objetivas do concurso Per\u00edcia Oficial AL foram remarcadas. Acesse o site do Estrat\u00e9gia Concursos e confira o novo cronograma!\",\"breadcrumb\":{\"@id\":\"https:\/\/www.estrategiaconcursos.com.br\/blog\/provas-concurso-pericia-oficial-al-remarcadas\/#breadcrumb\"},\"inLanguage\":\"pt-BR\",\"potentialAction\":[{\"@type\":\"ReadAction\",\"target\":[\"https:\/\/www.estrategiaconcursos.com.br\/blog\/provas-concurso-pericia-oficial-al-remarcadas\/\"]}]},{\"@type\":\"ImageObject\",\"inLanguage\":\"pt-BR\",\"@id\":\"https:\/\/www.estrategiaconcursos.com.br\/blog\/provas-concurso-pericia-oficial-al-remarcadas\/#primaryimage\",\"url\":\"https:\/\/dhg1h5j42swfq.cloudfront.net\/2022\/03\/23153706\/pericia-oficial-al.jpg\",\"contentUrl\":\"https:\/\/dhg1h5j42swfq.cloudfront.net\/2022\/03\/23153706\/pericia-oficial-al.jpg\",\"width\":768,\"height\":432,\"caption\":\"Per\u00edcia Oficial AL\"},{\"@type\":\"BreadcrumbList\",\"@id\":\"https:\/\/www.estrategiaconcursos.com.br\/blog\/provas-concurso-pericia-oficial-al-remarcadas\/#breadcrumb\",\"itemListElement\":[{\"@type\":\"ListItem\",\"position\":1,\"name\":\"In\u00edcio\",\"item\":\"https:\/\/www.estrategiaconcursos.com.br\/blog\/\"},{\"@type\":\"ListItem\",\"position\":2,\"name\":\"Provas do concurso Per\u00edcia Oficial AL s\u00e3o remarcadas\"}]},{\"@type\":\"WebSite\",\"@id\":\"https:\/\/www.estrategiaconcursos.com.br\/blog\/#website\",\"url\":\"https:\/\/www.estrategiaconcursos.com.br\/blog\/\",\"name\":\"Estrat\u00e9gia Concursos\",\"description\":\"O blog da Estrat\u00e9gia Concursos traz not\u00edcias sobre concursos e artigos de professores oferecendo cursos para concursos (pdf + videaulas) no site.\",\"publisher\":{\"@id\":\"https:\/\/www.estrategiaconcursos.com.br\/blog\/#organization\"},\"potentialAction\":[{\"@type\":\"SearchAction\",\"target\":{\"@type\":\"EntryPoint\",\"urlTemplate\":\"https:\/\/www.estrategiaconcursos.com.br\/blog\/?s={search_term_string}\"},\"query-input\":{\"@type\":\"PropertyValueSpecification\",\"valueRequired\":true,\"valueName\":\"search_term_string\"}}],\"inLanguage\":\"pt-BR\"},{\"@type\":\"Organization\",\"@id\":\"https:\/\/www.estrategiaconcursos.com.br\/blog\/#organization\",\"name\":\"Estrat\u00e9gia Concursos\",\"url\":\"https:\/\/www.estrategiaconcursos.com.br\/blog\/\",\"logo\":{\"@type\":\"ImageObject\",\"inLanguage\":\"pt-BR\",\"@id\":\"https:\/\/www.estrategiaconcursos.com.br\/blog\/#\/schema\/logo\/image\/\",\"url\":\"https:\/\/dhg1h5j42swfq.cloudfront.net\/2025\/06\/03203428\/logo_concursos-1.jpg\",\"contentUrl\":\"https:\/\/dhg1h5j42swfq.cloudfront.net\/2025\/06\/03203428\/logo_concursos-1.jpg\",\"width\":230,\"height\":60,\"caption\":\"Estrat\u00e9gia Concursos\"},\"image\":{\"@id\":\"https:\/\/www.estrategiaconcursos.com.br\/blog\/#\/schema\/logo\/image\/\"},\"sameAs\":[\"https:\/\/x.com\/EstratConcursos\"]},{\"@type\":\"Person\",\"@id\":\"https:\/\/www.estrategiaconcursos.com.br\/blog\/#\/schema\/person\/cc9e76173880338ce9f656c88664a1f6\",\"name\":\"Diogo Mendes\",\"image\":{\"@type\":\"ImageObject\",\"inLanguage\":\"pt-BR\",\"@id\":\"https:\/\/secure.gravatar.com\/avatar\/9754d6777d460a45ef4067b586b94c32005cc2345a0404b8d96adc620cf63806?s=96&d=mm&r=g\",\"url\":\"https:\/\/secure.gravatar.com\/avatar\/9754d6777d460a45ef4067b586b94c32005cc2345a0404b8d96adc620cf63806?s=96&d=mm&r=g\",\"contentUrl\":\"https:\/\/secure.gravatar.com\/avatar\/9754d6777d460a45ef4067b586b94c32005cc2345a0404b8d96adc620cf63806?s=96&d=mm&r=g\",\"caption\":\"Diogo Mendes\"},\"description\":\"Diogo Mendes \u00e9 jornalista formado pela Universidade Paulista, com experi\u00eancia em reda\u00e7\u00f5es de diversos ve\u00edculos e na produ\u00e7\u00e3o de conte\u00fados especializados em concursos p\u00fablicos. Desde 2019, atua no Estrat\u00e9gia Concursos como Jornalista e Analista de Conte\u00fado, com foco na apura\u00e7\u00e3o de informa\u00e7\u00f5es junto a \u00f3rg\u00e3os e fontes oficiais. Dedica-se especialmente \u00e0 produ\u00e7\u00e3o de not\u00edcias e reportagens sobre Concursos Legislativos, al\u00e9m de acompanhar diariamente os concursos policiais, banc\u00e1rios e da \u00e1rea da sa\u00fade.\",\"url\":\"https:\/\/www.estrategiaconcursos.com.br\/blog\/author\/diogo-mendesestrategiaconcursos-com-br\/\"}]}<\/script>\n<!-- \/ Yoast SEO Premium plugin. -->","yoast_head_json":{"title":"Provas do concurso Per\u00edcia Oficial AL s\u00e3o remarcadas","description":"As prova objetivas do concurso Per\u00edcia Oficial AL foram remarcadas. Acesse o site do Estrat\u00e9gia Concursos e confira o novo cronograma!","robots":{"index":"index","follow":"follow","max-snippet":"max-snippet:-1","max-image-preview":"max-image-preview:large","max-video-preview":"max-video-preview:-1"},"canonical":"https:\/\/www.estrategiaconcursos.com.br\/blog\/provas-concurso-pericia-oficial-al-remarcadas\/","og_locale":"pt_BR","og_type":"article","og_title":"Provas do concurso Per\u00edcia Oficial AL s\u00e3o remarcadas","og_description":"As prova objetivas do concurso Per\u00edcia Oficial AL foram remarcadas. Acesse o site do Estrat\u00e9gia Concursos e confira o novo cronograma!","og_url":"https:\/\/www.estrategiaconcursos.com.br\/blog\/provas-concurso-pericia-oficial-al-remarcadas\/","og_site_name":"Estrat\u00e9gia Concursos","article_published_time":"2022-05-19T21:39:56+00:00","article_modified_time":"2022-05-19T21:39:59+00:00","og_image":[{"width":768,"height":432,"url":"https:\/\/dhg1h5j42swfq.cloudfront.net\/2022\/03\/23153706\/pericia-oficial-al.jpg","type":"image\/jpeg"}],"author":"Diogo Mendes","twitter_card":"summary_large_image","twitter_creator":"@EstratConcursos","twitter_site":"@EstratConcursos","twitter_misc":{"Escrito por":"Diogo Mendes","Est. tempo de leitura":"2 minutos"},"schema":{"@context":"https:\/\/schema.org","@graph":[{"@type":"NewsArticle","@id":"https:\/\/www.estrategiaconcursos.com.br\/blog\/provas-concurso-pericia-oficial-al-remarcadas\/#article","isPartOf":{"@id":"https:\/\/www.estrategiaconcursos.com.br\/blog\/provas-concurso-pericia-oficial-al-remarcadas\/"},"author":{"name":"Diogo Mendes","@id":"https:\/\/www.estrategiaconcursos.com.br\/blog\/#\/schema\/person\/cc9e76173880338ce9f656c88664a1f6"},"headline":"Provas do concurso Per\u00edcia Oficial AL s\u00e3o remarcadas","datePublished":"2022-05-19T21:39:56+00:00","dateModified":"2022-05-19T21:39:59+00:00","mainEntityOfPage":{"@id":"https:\/\/www.estrategiaconcursos.com.br\/blog\/provas-concurso-pericia-oficial-al-remarcadas\/"},"wordCount":234,"commentCount":0,"publisher":{"@id":"https:\/\/www.estrategiaconcursos.com.br\/blog\/#organization"},"image":{"@id":"https:\/\/www.estrategiaconcursos.com.br\/blog\/provas-concurso-pericia-oficial-al-remarcadas\/#primaryimage"},"thumbnailUrl":"https:\/\/dhg1h5j42swfq.cloudfront.net\/2022\/03\/23153706\/pericia-oficial-al.jpg","articleSection":["Policial (Peritos, Papiloscopistas)","\u00daltimas not\u00edcias"],"inLanguage":"pt-BR","potentialAction":[{"@type":"CommentAction","name":"Comment","target":["https:\/\/www.estrategiaconcursos.com.br\/blog\/provas-concurso-pericia-oficial-al-remarcadas\/#respond"]}],"copyrightYear":"2022","copyrightHolder":{"@id":"https:\/\/www.estrategiaconcursos.com.br\/blog\/#organization"}},{"@type":"WebPage","@id":"https:\/\/www.estrategiaconcursos.com.br\/blog\/provas-concurso-pericia-oficial-al-remarcadas\/","url":"https:\/\/www.estrategiaconcursos.com.br\/blog\/provas-concurso-pericia-oficial-al-remarcadas\/","name":"Provas do concurso Per\u00edcia Oficial AL s\u00e3o remarcadas","isPartOf":{"@id":"https:\/\/www.estrategiaconcursos.com.br\/blog\/#website"},"primaryImageOfPage":{"@id":"https:\/\/www.estrategiaconcursos.com.br\/blog\/provas-concurso-pericia-oficial-al-remarcadas\/#primaryimage"},"image":{"@id":"https:\/\/www.estrategiaconcursos.com.br\/blog\/provas-concurso-pericia-oficial-al-remarcadas\/#primaryimage"},"thumbnailUrl":"https:\/\/dhg1h5j42swfq.cloudfront.net\/2022\/03\/23153706\/pericia-oficial-al.jpg","datePublished":"2022-05-19T21:39:56+00:00","dateModified":"2022-05-19T21:39:59+00:00","description":"As prova objetivas do concurso Per\u00edcia Oficial AL foram remarcadas. Acesse o site do Estrat\u00e9gia Concursos e confira o novo cronograma!","breadcrumb":{"@id":"https:\/\/www.estrategiaconcursos.com.br\/blog\/provas-concurso-pericia-oficial-al-remarcadas\/#breadcrumb"},"inLanguage":"pt-BR","potentialAction":[{"@type":"ReadAction","target":["https:\/\/www.estrategiaconcursos.com.br\/blog\/provas-concurso-pericia-oficial-al-remarcadas\/"]}]},{"@type":"ImageObject","inLanguage":"pt-BR","@id":"https:\/\/www.estrategiaconcursos.com.br\/blog\/provas-concurso-pericia-oficial-al-remarcadas\/#primaryimage","url":"https:\/\/dhg1h5j42swfq.cloudfront.net\/2022\/03\/23153706\/pericia-oficial-al.jpg","contentUrl":"https:\/\/dhg1h5j42swfq.cloudfront.net\/2022\/03\/23153706\/pericia-oficial-al.jpg","width":768,"height":432,"caption":"Per\u00edcia Oficial AL"},{"@type":"BreadcrumbList","@id":"https:\/\/www.estrategiaconcursos.com.br\/blog\/provas-concurso-pericia-oficial-al-remarcadas\/#breadcrumb","itemListElement":[{"@type":"ListItem","position":1,"name":"In\u00edcio","item":"https:\/\/www.estrategiaconcursos.com.br\/blog\/"},{"@type":"ListItem","position":2,"name":"Provas do concurso Per\u00edcia Oficial AL s\u00e3o remarcadas"}]},{"@type":"WebSite","@id":"https:\/\/www.estrategiaconcursos.com.br\/blog\/#website","url":"https:\/\/www.estrategiaconcursos.com.br\/blog\/","name":"Estrat\u00e9gia Concursos","description":"O blog da Estrat\u00e9gia Concursos traz not\u00edcias sobre concursos e artigos de professores oferecendo cursos para concursos (pdf + videaulas) no site.","publisher":{"@id":"https:\/\/www.estrategiaconcursos.com.br\/blog\/#organization"},"potentialAction":[{"@type":"SearchAction","target":{"@type":"EntryPoint","urlTemplate":"https:\/\/www.estrategiaconcursos.com.br\/blog\/?s={search_term_string}"},"query-input":{"@type":"PropertyValueSpecification","valueRequired":true,"valueName":"search_term_string"}}],"inLanguage":"pt-BR"},{"@type":"Organization","@id":"https:\/\/www.estrategiaconcursos.com.br\/blog\/#organization","name":"Estrat\u00e9gia Concursos","url":"https:\/\/www.estrategiaconcursos.com.br\/blog\/","logo":{"@type":"ImageObject","inLanguage":"pt-BR","@id":"https:\/\/www.estrategiaconcursos.com.br\/blog\/#\/schema\/logo\/image\/","url":"https:\/\/dhg1h5j42swfq.cloudfront.net\/2025\/06\/03203428\/logo_concursos-1.jpg","contentUrl":"https:\/\/dhg1h5j42swfq.cloudfront.net\/2025\/06\/03203428\/logo_concursos-1.jpg","width":230,"height":60,"caption":"Estrat\u00e9gia Concursos"},"image":{"@id":"https:\/\/www.estrategiaconcursos.com.br\/blog\/#\/schema\/logo\/image\/"},"sameAs":["https:\/\/x.com\/EstratConcursos"]},{"@type":"Person","@id":"https:\/\/www.estrategiaconcursos.com.br\/blog\/#\/schema\/person\/cc9e76173880338ce9f656c88664a1f6","name":"Diogo Mendes","image":{"@type":"ImageObject","inLanguage":"pt-BR","@id":"https:\/\/secure.gravatar.com\/avatar\/9754d6777d460a45ef4067b586b94c32005cc2345a0404b8d96adc620cf63806?s=96&d=mm&r=g","url":"https:\/\/secure.gravatar.com\/avatar\/9754d6777d460a45ef4067b586b94c32005cc2345a0404b8d96adc620cf63806?s=96&d=mm&r=g","contentUrl":"https:\/\/secure.gravatar.com\/avatar\/9754d6777d460a45ef4067b586b94c32005cc2345a0404b8d96adc620cf63806?s=96&d=mm&r=g","caption":"Diogo Mendes"},"description":"Diogo Mendes \u00e9 jornalista formado pela Universidade Paulista, com experi\u00eancia em reda\u00e7\u00f5es de diversos ve\u00edculos e na produ\u00e7\u00e3o de conte\u00fados especializados em concursos p\u00fablicos. Desde 2019, atua no Estrat\u00e9gia Concursos como Jornalista e Analista de Conte\u00fado, com foco na apura\u00e7\u00e3o de informa\u00e7\u00f5es junto a \u00f3rg\u00e3os e fontes oficiais. Dedica-se especialmente \u00e0 produ\u00e7\u00e3o de not\u00edcias e reportagens sobre Concursos Legislativos, al\u00e9m de acompanhar diariamente os concursos policiais, banc\u00e1rios e da \u00e1rea da sa\u00fade.","url":"https:\/\/www.estrategiaconcursos.com.br\/blog\/author\/diogo-mendesestrategiaconcursos-com-br\/"}]}},"_links":{"self":[{"href":"https:\/\/www.estrategiaconcursos.com.br\/blog\/wp-json\/wp\/v2\/posts\/1031095","targetHints":{"allow":["GET"]}}],"collection":[{"href":"https:\/\/www.estrategiaconcursos.com.br\/blog\/wp-json\/wp\/v2\/posts"}],"about":[{"href":"https:\/\/www.estrategiaconcursos.com.br\/blog\/wp-json\/wp\/v2\/types\/post"}],"author":[{"embeddable":true,"href":"https:\/\/www.estrategiaconcursos.com.br\/blog\/wp-json\/wp\/v2\/users\/1483"}],"replies":[{"embeddable":true,"href":"https:\/\/www.estrategiaconcursos.com.br\/blog\/wp-json\/wp\/v2\/comments?post=1031095"}],"version-history":[{"count":2,"href":"https:\/\/www.estrategiaconcursos.com.br\/blog\/wp-json\/wp\/v2\/posts\/1031095\/revisions"}],"predecessor-version":[{"id":1031098,"href":"https:\/\/www.estrategiaconcursos.com.br\/blog\/wp-json\/wp\/v2\/posts\/1031095\/revisions\/1031098"}],"wp:featuredmedia":[{"embeddable":true,"href":"https:\/\/www.estrategiaconcursos.com.br\/blog\/wp-json\/wp\/v2\/media\/993363"}],"wp:attachment":[{"href":"https:\/\/www.estrategiaconcursos.com.br\/blog\/wp-json\/wp\/v2\/media?parent=1031095"}],"wp:term":[{"taxonomy":"category","embeddable":true,"href":"https:\/\/www.estrategiaconcursos.com.br\/blog\/wp-json\/wp\/v2\/categories?post=1031095"},{"taxonomy":"post_tag","embeddable":true,"href":"https:\/\/www.estrategiaconcursos.com.br\/blog\/wp-json\/wp\/v2\/tags?post=1031095"},{"taxonomy":"tax_estado","embeddable":true,"href":"https:\/\/www.estrategiaconcursos.com.br\/blog\/wp-json\/wp\/v2\/tax_estado?post=1031095"}],"curies":[{"name":"wp","href":"https:\/\/api.w.org\/{rel}","templated":true}]}}