{"id":1030266,"date":"2022-06-30T23:59:00","date_gmt":"2022-07-01T02:59:00","guid":{"rendered":"https:\/\/www.estrategiaconcursos.com.br\/blog\/?p=1030266"},"modified":"2022-07-01T08:33:55","modified_gmt":"2022-07-01T11:33:55","slug":"concurso-cispar-edital-publicado","status":"publish","type":"post","link":"https:\/\/www.estrategiaconcursos.com.br\/blog\/concurso-cispar-edital-publicado\/","title":{"rendered":"Edital CISPAR oferta vagas para m\u00e9dio\/t\u00e9cnico e superior"},"content":{"rendered":"\n<h3 class=\"wp-block-heading\" id=\"inscricoes-encerradas\"><em>Inscri\u00e7\u00f5es encerradas!<\/em><\/h3>\n\n\n\n<p>O Cons\u00f3rcio Intermunicipal de Saneamento do Paran\u00e1 (CISPAR) publicou o edital do seu concurso p\u00fablico para provimento de vagas em cargos de n\u00edveis m\u00e9dio\/t\u00e9cnico e superior.<\/p>\n\n\n\n<p>As oportunidades s\u00e3o para as fun\u00e7\u00f5es de <a href=\"https:\/\/www.estrategiaconcursos.com.br\/curso\/cispar-quimico-pacote-2022-pos-edital\/\" target=\"_blank\" rel=\"noreferrer noopener\">Qu\u00edmico<\/a>, Engenheiro Civil, <a href=\"https:\/\/www.estrategiaconcursos.com.br\/curso\/cispar-auxiliar-administrativo-pacote-completo-2022-pos-edital\/\" target=\"_blank\" rel=\"noreferrer noopener\">Auxiliar Administrativo<\/a>, <a href=\"https:\/\/www.estrategiaconcursos.com.br\/curso\/cispar-auxiliar-de-laboratorio-pacote-2022-pos-edital\/\" target=\"_blank\" rel=\"noreferrer noopener\">Auxiliar de Laborat\u00f3rio<\/a>, T\u00e9cnico de Laborat\u00f3rio e <a href=\"https:\/\/www.estrategiaconcursos.com.br\/curso\/cispar-tecnico-em-saneamento-pacote-2022-pos-edital\/\" target=\"_blank\" rel=\"noreferrer noopener\">T\u00e9cnico em Saneamento<\/a>.<\/p>\n\n\n\n<p>Os contratados receber\u00e3o sal\u00e1rios iniciais que podem variar entre R$ 1.661,91 e R$ 5.115,91. A jornada de trabalho \u00e9 de at\u00e9 40 horas semanais. <\/p>\n\n\n\n<p>As <strong>inscri\u00e7\u00f5es j\u00e1 est\u00e3o encerradas<\/strong> e puderam ser feitas pelo site da <a href=\"https:\/\/www.fundacaofafipa.org.br\/informacoes\/3788\/\" target=\"_blank\" rel=\"noreferrer noopener\">Funda\u00e7\u00e3o Fafipa<\/a>, organizadora do certame, at\u00e9 o dia<strong> <\/strong>30 de junho.<\/p>\n\n\n\n<div class=\"wp-block-image\"><figure class=\"aligncenter size-full\"><img loading=\"lazy\" decoding=\"async\" width=\"800\" height=\"520\" src=\"https:\/\/dhg1h5j42swfq.cloudfront.net\/2022\/05\/18144505\/thumb_800x520_19620586105125613455893513117421105325940o-copia.jpg\" alt=\"Edital CISPAR\" class=\"wp-image-1030290\" srcset=\"https:\/\/dhg1h5j42swfq.cloudfront.net\/2022\/05\/18144505\/thumb_800x520_19620586105125613455893513117421105325940o-copia.jpg 800w, https:\/\/dhg1h5j42swfq.cloudfront.net\/2022\/05\/18144505\/thumb_800x520_19620586105125613455893513117421105325940o-copia-300x195.jpg 300w, https:\/\/dhg1h5j42swfq.cloudfront.net\/2022\/05\/18144505\/thumb_800x520_19620586105125613455893513117421105325940o-copia-768x499.jpg 768w, https:\/\/dhg1h5j42swfq.cloudfront.net\/2022\/05\/18144505\/thumb_800x520_19620586105125613455893513117421105325940o-copia-610x397.jpg 610w\" sizes=\"auto, (max-width: 800px) 100vw, 800px\" \/><figcaption>Cons\u00f3rcio Intermunicipal de Saneamento do Paran\u00e1<\/figcaption><\/figure><\/div>\n\n\n\n<h2 class=\"wp-block-heading\" id=\"edital-cispar-principais-datas\">Edital CISPAR: principais datas<\/h2>\n\n\n\n<ul class=\"wp-block-list\"><li><strong>Inscri\u00e7\u00f5es<\/strong>: <s>20\/05 a 30\/06\/2022 <\/s><\/li><li><strong>Isen\u00e7\u00e3o da taxa<\/strong>: <s>20\/05 a 10\/06\/2022<\/s><\/li><li><strong>Pagamento da taxa:\u00a0<\/strong>at\u00e9 01\/07\/2022<\/li><li><strong>Prova<\/strong>: 24\/07\/2022<\/li><\/ul>\n\n\n\n<h2 class=\"wp-block-heading\" id=\"edital-cispar-cargos-e-vagas\">Edital CISPAR: cargos e vagas<\/h2>\n\n\n\n<p>O edital CISPAR oferta uma vaga mais cadastro de reserva para diversos cargos de n\u00edveis m\u00e9dio\/t\u00e9cnico e superior. Veja mais detalhes abaixo:<\/p>\n\n\n\n<h3 class=\"wp-block-heading\" id=\"cargos-de-niveis-medio-e-tecnico\">Cargos de n\u00edveis m\u00e9dio e t\u00e9cnico<\/h3>\n\n\n\n<ul class=\"wp-block-list\"><li><a href=\"https:\/\/www.estrategiaconcursos.com.br\/curso\/cispar-auxiliar-administrativo-pacote-completo-2022-pos-edital\/\" target=\"_blank\" rel=\"noreferrer noopener\">Auxiliar Administrativo<\/a> \u2013 (Cadastro de Reserva)<\/li><li><a href=\"https:\/\/www.estrategiaconcursos.com.br\/curso\/cispar-auxiliar-de-laboratorio-pacote-2022-pos-edital\/\" target=\"_blank\" rel=\"noreferrer noopener\">Auxiliar de Laborat\u00f3rio<\/a> \u2013 (Cadastro de Reserva)<\/li><li>T\u00e9cnico em Laborat\u00f3rio \u2013 (Cadastro de Reserva)<\/li><li><a href=\"https:\/\/www.estrategiaconcursos.com.br\/curso\/cispar-tecnico-em-saneamento-pacote-2022-pos-edital\/\" target=\"_blank\" rel=\"noreferrer noopener\">T\u00e9cnico em Saneamento<\/a> \u2013 (Cadastro de Reserva)<\/li><\/ul>\n\n\n\n<h3 class=\"wp-block-heading\" id=\"superior\">N\u00edvel superior<\/h3>\n\n\n\n<ul class=\"wp-block-list\"><li>Engenheiro Civil\u00a0\u2013 (Cadastro de Reserva)<\/li><li><a href=\"https:\/\/www.estrategiaconcursos.com.br\/curso\/cispar-quimico-pacote-2022-pos-edital\/\" target=\"_blank\" rel=\"noreferrer noopener\">Qu\u00edmico<\/a>\u00a0\u2013 (01 vaga)<\/li><\/ul>\n\n\n\n<div class=\"wp-block-image\"><figure class=\"alignleft is-resized\"><img loading=\"lazy\" decoding=\"async\" src=\"https:\/\/dhg1h5j42swfq.cloudfront.net\/2020\/09\/18141901\/Coruja_Concursos%404x-506x1024.png\" alt=\"Concursos 2021 Estrat\u00e9gia Concursos\" width=\"50\" height=\"101\"\/><\/figure><\/div>\n\n\n\n<p class=\"has-background\" style=\"background-color:#f3f3f3;font-size:clamp(14px, 0.875rem + ((1vw - 3.2px) * 0.392), 18px);\"><strong>VOC\u00ca SABIA?<\/strong> Cadastro de reserva \u00e9 o conjunto de aprovados que tenham obtido classifica\u00e7\u00e3o al\u00e9m do n\u00famero de vagas oferecido por emprego. Os candidatos que comp\u00f5em o cadastro de reserva s\u00e3o contratados conforme forem surgindo vagas.<\/p>\n\n\n\n<h2 class=\"wp-block-heading\" id=\"edital-cispar-prova-objetiva-etapa-unica\">Edital CISPAR: prova objetiva (etapa \u00fanica)<\/h2>\n\n\n\n<p>O edital CISPAR \u00e9 composto de apenas uma \u00fanica etapa, sendo esta de prova objetiva. Os candidatos ser\u00e3o avaliados por meio de 40 quest\u00f5es de m\u00faltipla escolha.<\/p>\n\n\n\n<p>A avalia\u00e7\u00e3o est\u00e1 prevista para ocorrer no dia <strong>24 de julho<\/strong>, no Munic\u00edpio de Maring\u00e1, Estado do Paran\u00e1.<\/p>\n\n\n\n<p>Caso o n\u00famero de inscritos exceda a oferta de lugares existentes no Munic\u00edpio, a banca se reserva ao direito de alocar os locais de prova em cidades pr\u00f3ximas \u00e0quelas inicialmente determinadas.<\/p>\n\n\n\n<h3 class=\"wp-block-heading\" id=\"quais-disciplinas-serao-cobradas-no-edital-cispar\">Quais disciplinas ser\u00e3o cobradas no edital CISPAR?<\/h3>\n\n\n\n<p>Conforme segue no edital do concurso, as disciplinas exigidas ser\u00e3o: <\/p>\n\n\n\n<ul class=\"wp-block-list\"><li>L\u00edngua Portuguesa<em>&nbsp;\u2013 05 quest\u00f5es, peso 2,00<\/em><\/li><li>Matem\u00e1tica&nbsp;<em>\u2013 05 quest\u00f5es, peso 2,00<\/em><\/li><li>Conhecimentos Gerais&nbsp;<em>\u2013 05 quest\u00f5es, peso 2,00<\/em><\/li><li>Inform\u00e1tica B\u00e1sica&nbsp;<em>\u2013 05 quest\u00f5es, peso 2,00<\/em><\/li><li>Conhecimentos Espec\u00edficos&nbsp;<em>\u2013 20 quest\u00f5es, peso 3,00<\/em><\/li><\/ul>\n\n\n\n<hr class=\"wp-block-separator\"\/>\n\n\n\n<h2 class=\"has-text-align-center wp-block-heading\" id=\"cursos-assinatura\"><em>Quer estudar para o edital CISPAR?<\/em><\/h2>\n\n\n\n<div class=\"container\" id=\"boxes\">\n  <div class=\"row\">\n\n    <div class=\"col-sm\">\n      <div class=\"banner-estrategia\" id=\"box-assinatura\">\n        <h3 class=\"titulo-assinatura\">Cursos para concursos<\/h3>\n        <p class=\"subtitulo-assinatura\">Estude conosco<\/p>\n        <div class=\"box-botao\">\n          <a class=\"btn-assinatura\" target=\"_blank\" href=\"https:\/\/www.estrategiaconcursos.com.br\/cursosPorConcurso\/consorcio-intermunicipal-de-saneamento-do-parana-cispar\/\" role=\"button\" rel=\"noopener noreferrer\">Conhe\u00e7a os cursos<\/a>\n        <\/div>\n      <\/div>\n     \n    <\/div>\n\n  <\/div>\n<\/div>\n\n\n\n<div class=\"container\" id=\"boxes\">\n  <div class=\"row\">\n\n    <div class=\"col-sm\">\n      <div class=\"estrategia\" id=\"box-assinatura\">\n        <h3 class=\"titulo-assinatura\">Assinatura Concursos<\/h3>\n        <p class=\"subtitulo-assinatura\">Assinatura de 1 ano ou 2 anos<\/p>\n        <div class=\"box-botao\">\n          <a class=\"btn-assinatura\" target=\"_blank\" href=\"https:\/\/www.estrategiaconcursos.com.br\/assinaturas\/\" role=\"button\" rel=\"noopener noreferrer\">ASSINE AGORA<\/a>\n        <\/div>\n      <\/div><\/div><\/div><\/div>\n\n\n\n<h2 class=\"has-text-align-center wp-block-heading\" id=\"h-quer-saber-tudo-sobre-concursos-previstos-confira-nossos-artigos\">Quer saber tudo sobre concursos previstos?<br \/>Confira nossos artigos!<\/h2>\n\n\n\n<ul class=\"wp-block-list\"><li><a href=\"https:\/\/www.estrategiaconcursos.com.br\/blog\/concursos-abertos\/\" target=\"_blank\" rel=\"noreferrer noopener\">Concursos abertos<\/a><\/li><li><a href=\"https:\/\/www.estrategiaconcursos.com.br\/blog\/concursos-2022\/\" target=\"_blank\" rel=\"noreferrer noopener\">Concursos 2022<\/a><\/li><li><a href=\"https:\/\/www.estrategiaconcursos.com.br\/blog\/concursos-2023\/\" target=\"_blank\" rel=\"noreferrer noopener\">Concursos 2023<\/a><\/li><\/ul>\n\n\n\n<figure class=\"wp-block-image size-large is-resized\"><img loading=\"lazy\" decoding=\"async\" src=\"https:\/\/dhg1h5j42swfq.cloudfront.net\/2021\/07\/05112101\/ficha-tecnica-1024x632.png\" alt=\"Ficha t\u00e9cnica do edital CISPAR\" class=\"wp-image-786986\" width=\"315\" height=\"195\" srcset=\"https:\/\/dhg1h5j42swfq.cloudfront.net\/2021\/07\/05112101\/ficha-tecnica-1024x632.png 1024w, https:\/\/dhg1h5j42swfq.cloudfront.net\/2021\/07\/05112101\/ficha-tecnica-300x185.png 300w, https:\/\/dhg1h5j42swfq.cloudfront.net\/2021\/07\/05112101\/ficha-tecnica-768x474.png 768w, https:\/\/dhg1h5j42swfq.cloudfront.net\/2021\/07\/05112101\/ficha-tecnica-1536x948.png 1536w, https:\/\/dhg1h5j42swfq.cloudfront.net\/2021\/07\/05112101\/ficha-tecnica-610x377.png 610w, https:\/\/dhg1h5j42swfq.cloudfront.net\/2021\/07\/05112101\/ficha-tecnica.png 1571w\" sizes=\"auto, (max-width: 315px) 100vw, 315px\" \/><\/figure>\n\n\n\n<h3 class=\"wp-block-heading\" id=\"ficha-tecnica\">Informa\u00e7\u00f5es do edital CISPAR<\/h3>\n\n\n\n<ul class=\"wp-block-list\"><li><strong style=\"color: initial;\">Provas<\/strong><span style=\"color: initial;\">: <\/span>24\/07\/2022<\/li><li><strong>Vagas<\/strong>: 01 + CR<\/li><li><strong>Cargos<\/strong>: v\u00e1rios<\/li><li><strong>Banca<\/strong>: Funda\u00e7\u00e3o FAFIPA<\/li><li><strong>Escolaridade<\/strong>: n\u00edvel m\u00e9dio, t\u00e9cnico e superior<\/li><li><strong>Edital<\/strong>: <a href=\"https:\/\/dhg1h5j42swfq.cloudfront.net\/2022\/05\/18141027\/rdi580ud6motds1r5gxcbw1qfevxfitbmwf0msky.pdf\" target=\"_blank\" rel=\"noreferrer noopener nofollow\">CISPAR 2022<\/a><\/li><\/ul>\n\n\n\n<p><\/p>\n","protected":false},"excerpt":{"rendered":"<p>Inscri\u00e7\u00f5es encerradas! O Cons\u00f3rcio Intermunicipal de Saneamento do Paran\u00e1 (CISPAR) publicou o edital do seu concurso p\u00fablico para provimento de vagas em cargos de n\u00edveis m\u00e9dio\/t\u00e9cnico e superior. As oportunidades s\u00e3o para as fun\u00e7\u00f5es de Qu\u00edmico, Engenheiro Civil, Auxiliar Administrativo, Auxiliar de Laborat\u00f3rio, T\u00e9cnico de Laborat\u00f3rio e T\u00e9cnico em Saneamento. Os contratados receber\u00e3o sal\u00e1rios iniciais [&hellip;]<\/p>\n","protected":false},"author":656,"featured_media":1030763,"comment_status":"open","ping_status":"closed","sticky":false,"template":"","format":"standard","meta":{"post_tipo":"news","footnotes":""},"categories":[214992,220219],"tags":[],"tax_estado":[219981],"class_list":["post-1030266","post","type-post","status-publish","format-standard","has-post-thumbnail","hentry","category-concursos-administrativos","category-noticias","tax_estado-pr"],"acf":[],"yoast_head":"<!-- This site is optimized with the Yoast SEO Premium plugin v27.2 (Yoast SEO v27.2) - https:\/\/yoast.com\/product\/yoast-seo-premium-wordpress\/ -->\n<title>Edital CISPAR oferta vagas para m\u00e9dio\/t\u00e9cnico e superior<\/title>\n<meta name=\"description\" content=\"Edital CISPAR: PUBLICADO para provimento de vagas em cargos de n\u00edveis m\u00e9dio, t\u00e9cnico e superior. Inscri\u00e7\u00f5es encerradas!\" \/>\n<meta name=\"robots\" content=\"index, follow, max-snippet:-1, max-image-preview:large, max-video-preview:-1\" \/>\n<link rel=\"canonical\" href=\"https:\/\/www.estrategiaconcursos.com.br\/blog\/concurso-cispar-edital-publicado\/\" \/>\n<meta property=\"og:locale\" content=\"pt_BR\" \/>\n<meta property=\"og:type\" content=\"article\" \/>\n<meta property=\"og:title\" content=\"Edital CISPAR oferta vagas para m\u00e9dio\/t\u00e9cnico e superior\" \/>\n<meta property=\"og:description\" content=\"Edital CISPAR: PUBLICADO para provimento de vagas em cargos de n\u00edveis m\u00e9dio, t\u00e9cnico e superior. Inscri\u00e7\u00f5es encerradas!\" \/>\n<meta property=\"og:url\" content=\"https:\/\/www.estrategiaconcursos.com.br\/blog\/concurso-cispar-edital-publicado\/\" \/>\n<meta property=\"og:site_name\" content=\"Estrat\u00e9gia Concursos\" \/>\n<meta property=\"article:published_time\" content=\"2022-07-01T02:59:00+00:00\" \/>\n<meta property=\"article:modified_time\" content=\"2022-07-01T11:33:55+00:00\" \/>\n<meta property=\"og:image\" content=\"https:\/\/dhg1h5j42swfq.cloudfront.net\/2022\/05\/19104529\/cispar.jpg\" \/>\n\t<meta property=\"og:image:width\" content=\"768\" \/>\n\t<meta property=\"og:image:height\" content=\"432\" \/>\n\t<meta property=\"og:image:type\" content=\"image\/jpeg\" \/>\n<meta name=\"author\" content=\"F\u00e1bio Scaldelai\" \/>\n<meta name=\"twitter:card\" content=\"summary_large_image\" \/>\n<meta name=\"twitter:creator\" content=\"@EstratConcursos\" \/>\n<meta name=\"twitter:site\" content=\"@EstratConcursos\" \/>\n<meta name=\"twitter:label1\" content=\"Escrito por\" \/>\n\t<meta name=\"twitter:data1\" content=\"F\u00e1bio Scaldelai\" \/>\n\t<meta name=\"twitter:label2\" content=\"Est. tempo de leitura\" \/>\n\t<meta name=\"twitter:data2\" content=\"3 minutos\" \/>\n<script type=\"application\/ld+json\" class=\"yoast-schema-graph\">{\"@context\":\"https:\/\/schema.org\",\"@graph\":[{\"@type\":\"NewsArticle\",\"@id\":\"https:\/\/www.estrategiaconcursos.com.br\/blog\/concurso-cispar-edital-publicado\/#article\",\"isPartOf\":{\"@id\":\"https:\/\/www.estrategiaconcursos.com.br\/blog\/concurso-cispar-edital-publicado\/\"},\"author\":{\"name\":\"F\u00e1bio Scaldelai\",\"@id\":\"https:\/\/www.estrategiaconcursos.com.br\/blog\/#\/schema\/person\/e3b6b7ce0192dd4ad270655969d61750\"},\"headline\":\"Edital CISPAR oferta vagas para m\u00e9dio\/t\u00e9cnico e superior\",\"datePublished\":\"2022-07-01T02:59:00+00:00\",\"dateModified\":\"2022-07-01T11:33:55+00:00\",\"mainEntityOfPage\":{\"@id\":\"https:\/\/www.estrategiaconcursos.com.br\/blog\/concurso-cispar-edital-publicado\/\"},\"wordCount\":467,\"commentCount\":0,\"publisher\":{\"@id\":\"https:\/\/www.estrategiaconcursos.com.br\/blog\/#organization\"},\"image\":{\"@id\":\"https:\/\/www.estrategiaconcursos.com.br\/blog\/concurso-cispar-edital-publicado\/#primaryimage\"},\"thumbnailUrl\":\"https:\/\/dhg1h5j42swfq.cloudfront.net\/2022\/05\/19104529\/cispar.jpg\",\"articleSection\":[\"Executivo (Administrativa)\",\"\u00daltimas not\u00edcias\"],\"inLanguage\":\"pt-BR\",\"potentialAction\":[{\"@type\":\"CommentAction\",\"name\":\"Comment\",\"target\":[\"https:\/\/www.estrategiaconcursos.com.br\/blog\/concurso-cispar-edital-publicado\/#respond\"]}],\"copyrightYear\":\"2022\",\"copyrightHolder\":{\"@id\":\"https:\/\/www.estrategiaconcursos.com.br\/blog\/#organization\"}},{\"@type\":\"WebPage\",\"@id\":\"https:\/\/www.estrategiaconcursos.com.br\/blog\/concurso-cispar-edital-publicado\/\",\"url\":\"https:\/\/www.estrategiaconcursos.com.br\/blog\/concurso-cispar-edital-publicado\/\",\"name\":\"Edital CISPAR oferta vagas para m\u00e9dio\/t\u00e9cnico e superior\",\"isPartOf\":{\"@id\":\"https:\/\/www.estrategiaconcursos.com.br\/blog\/#website\"},\"primaryImageOfPage\":{\"@id\":\"https:\/\/www.estrategiaconcursos.com.br\/blog\/concurso-cispar-edital-publicado\/#primaryimage\"},\"image\":{\"@id\":\"https:\/\/www.estrategiaconcursos.com.br\/blog\/concurso-cispar-edital-publicado\/#primaryimage\"},\"thumbnailUrl\":\"https:\/\/dhg1h5j42swfq.cloudfront.net\/2022\/05\/19104529\/cispar.jpg\",\"datePublished\":\"2022-07-01T02:59:00+00:00\",\"dateModified\":\"2022-07-01T11:33:55+00:00\",\"description\":\"Edital CISPAR: PUBLICADO para provimento de vagas em cargos de n\u00edveis m\u00e9dio, t\u00e9cnico e superior. Inscri\u00e7\u00f5es encerradas!\",\"breadcrumb\":{\"@id\":\"https:\/\/www.estrategiaconcursos.com.br\/blog\/concurso-cispar-edital-publicado\/#breadcrumb\"},\"inLanguage\":\"pt-BR\",\"potentialAction\":[{\"@type\":\"ReadAction\",\"target\":[\"https:\/\/www.estrategiaconcursos.com.br\/blog\/concurso-cispar-edital-publicado\/\"]}]},{\"@type\":\"ImageObject\",\"inLanguage\":\"pt-BR\",\"@id\":\"https:\/\/www.estrategiaconcursos.com.br\/blog\/concurso-cispar-edital-publicado\/#primaryimage\",\"url\":\"https:\/\/dhg1h5j42swfq.cloudfront.net\/2022\/05\/19104529\/cispar.jpg\",\"contentUrl\":\"https:\/\/dhg1h5j42swfq.cloudfront.net\/2022\/05\/19104529\/cispar.jpg\",\"width\":768,\"height\":432},{\"@type\":\"BreadcrumbList\",\"@id\":\"https:\/\/www.estrategiaconcursos.com.br\/blog\/concurso-cispar-edital-publicado\/#breadcrumb\",\"itemListElement\":[{\"@type\":\"ListItem\",\"position\":1,\"name\":\"In\u00edcio\",\"item\":\"https:\/\/www.estrategiaconcursos.com.br\/blog\/\"},{\"@type\":\"ListItem\",\"position\":2,\"name\":\"Edital CISPAR oferta vagas para m\u00e9dio\/t\u00e9cnico e superior\"}]},{\"@type\":\"WebSite\",\"@id\":\"https:\/\/www.estrategiaconcursos.com.br\/blog\/#website\",\"url\":\"https:\/\/www.estrategiaconcursos.com.br\/blog\/\",\"name\":\"Estrat\u00e9gia Concursos\",\"description\":\"O blog da Estrat\u00e9gia Concursos traz not\u00edcias sobre concursos e artigos de professores oferecendo cursos para concursos (pdf + videaulas) no site.\",\"publisher\":{\"@id\":\"https:\/\/www.estrategiaconcursos.com.br\/blog\/#organization\"},\"potentialAction\":[{\"@type\":\"SearchAction\",\"target\":{\"@type\":\"EntryPoint\",\"urlTemplate\":\"https:\/\/www.estrategiaconcursos.com.br\/blog\/?s={search_term_string}\"},\"query-input\":{\"@type\":\"PropertyValueSpecification\",\"valueRequired\":true,\"valueName\":\"search_term_string\"}}],\"inLanguage\":\"pt-BR\"},{\"@type\":\"Organization\",\"@id\":\"https:\/\/www.estrategiaconcursos.com.br\/blog\/#organization\",\"name\":\"Estrat\u00e9gia Concursos\",\"url\":\"https:\/\/www.estrategiaconcursos.com.br\/blog\/\",\"logo\":{\"@type\":\"ImageObject\",\"inLanguage\":\"pt-BR\",\"@id\":\"https:\/\/www.estrategiaconcursos.com.br\/blog\/#\/schema\/logo\/image\/\",\"url\":\"https:\/\/dhg1h5j42swfq.cloudfront.net\/2025\/06\/03203428\/logo_concursos-1.jpg\",\"contentUrl\":\"https:\/\/dhg1h5j42swfq.cloudfront.net\/2025\/06\/03203428\/logo_concursos-1.jpg\",\"width\":230,\"height\":60,\"caption\":\"Estrat\u00e9gia Concursos\"},\"image\":{\"@id\":\"https:\/\/www.estrategiaconcursos.com.br\/blog\/#\/schema\/logo\/image\/\"},\"sameAs\":[\"https:\/\/x.com\/EstratConcursos\"]},{\"@type\":\"Person\",\"@id\":\"https:\/\/www.estrategiaconcursos.com.br\/blog\/#\/schema\/person\/e3b6b7ce0192dd4ad270655969d61750\",\"name\":\"F\u00e1bio Scaldelai\",\"image\":{\"@type\":\"ImageObject\",\"inLanguage\":\"pt-BR\",\"@id\":\"https:\/\/secure.gravatar.com\/avatar\/8ed7492c4d88d8495bc0cb24cda6847b8ae23eec459a919e08e77d0ca0fd79ec?s=96&d=mm&r=g\",\"url\":\"https:\/\/secure.gravatar.com\/avatar\/8ed7492c4d88d8495bc0cb24cda6847b8ae23eec459a919e08e77d0ca0fd79ec?s=96&d=mm&r=g\",\"contentUrl\":\"https:\/\/secure.gravatar.com\/avatar\/8ed7492c4d88d8495bc0cb24cda6847b8ae23eec459a919e08e77d0ca0fd79ec?s=96&d=mm&r=g\",\"caption\":\"F\u00e1bio Scaldelai\"},\"description\":\"Jornalista no Estrat\u00e9gia Concursos e Produtor de Televis\u00e3o, formado em Jornalismo, R\u00e1dio e TV pela Faculdade Integrada Rio Branco, com especializa\u00e7\u00f5es em Gest\u00e3o Empresarial e Marketing pelo M\u00f3dulo. Atuou como produtor no SBT, TV Bandeirantes e R\u00e1dio Band FM, al\u00e9m de acumular tr\u00eas anos de experi\u00eancia no setor de concursos p\u00fablicos pela LFG (Luiz Fl\u00e1vio Gomes). No Estrat\u00e9gia Concursos, atua na apura\u00e7\u00e3o de not\u00edcias da \u00e1rea fiscal, al\u00e9m de coberturas sobre concursos das \u00e1reas de controle (TCU, TCE, etc), concurso AFT, \u00e1rea de gest\u00e3o e administrativa, bem como dos \u00f3rg\u00e3os participantes do CNU. Tamb\u00e9m possui experi\u00eancia em link building e an\u00e1lise de m\u00eddia, adquirida durante sua atua\u00e7\u00e3o na ag\u00eancia SEO Marketing.\",\"url\":\"https:\/\/www.estrategiaconcursos.com.br\/blog\/author\/fabio-scaldelaiestrategiaconcursos-com-br\/\"}]}<\/script>\n<!-- \/ Yoast SEO Premium plugin. -->","yoast_head_json":{"title":"Edital CISPAR oferta vagas para m\u00e9dio\/t\u00e9cnico e superior","description":"Edital CISPAR: PUBLICADO para provimento de vagas em cargos de n\u00edveis m\u00e9dio, t\u00e9cnico e superior. Inscri\u00e7\u00f5es encerradas!","robots":{"index":"index","follow":"follow","max-snippet":"max-snippet:-1","max-image-preview":"max-image-preview:large","max-video-preview":"max-video-preview:-1"},"canonical":"https:\/\/www.estrategiaconcursos.com.br\/blog\/concurso-cispar-edital-publicado\/","og_locale":"pt_BR","og_type":"article","og_title":"Edital CISPAR oferta vagas para m\u00e9dio\/t\u00e9cnico e superior","og_description":"Edital CISPAR: PUBLICADO para provimento de vagas em cargos de n\u00edveis m\u00e9dio, t\u00e9cnico e superior. Inscri\u00e7\u00f5es encerradas!","og_url":"https:\/\/www.estrategiaconcursos.com.br\/blog\/concurso-cispar-edital-publicado\/","og_site_name":"Estrat\u00e9gia Concursos","article_published_time":"2022-07-01T02:59:00+00:00","article_modified_time":"2022-07-01T11:33:55+00:00","og_image":[{"width":768,"height":432,"url":"https:\/\/dhg1h5j42swfq.cloudfront.net\/2022\/05\/19104529\/cispar.jpg","type":"image\/jpeg"}],"author":"F\u00e1bio Scaldelai","twitter_card":"summary_large_image","twitter_creator":"@EstratConcursos","twitter_site":"@EstratConcursos","twitter_misc":{"Escrito por":"F\u00e1bio Scaldelai","Est. tempo de leitura":"3 minutos"},"schema":{"@context":"https:\/\/schema.org","@graph":[{"@type":"NewsArticle","@id":"https:\/\/www.estrategiaconcursos.com.br\/blog\/concurso-cispar-edital-publicado\/#article","isPartOf":{"@id":"https:\/\/www.estrategiaconcursos.com.br\/blog\/concurso-cispar-edital-publicado\/"},"author":{"name":"F\u00e1bio Scaldelai","@id":"https:\/\/www.estrategiaconcursos.com.br\/blog\/#\/schema\/person\/e3b6b7ce0192dd4ad270655969d61750"},"headline":"Edital CISPAR oferta vagas para m\u00e9dio\/t\u00e9cnico e superior","datePublished":"2022-07-01T02:59:00+00:00","dateModified":"2022-07-01T11:33:55+00:00","mainEntityOfPage":{"@id":"https:\/\/www.estrategiaconcursos.com.br\/blog\/concurso-cispar-edital-publicado\/"},"wordCount":467,"commentCount":0,"publisher":{"@id":"https:\/\/www.estrategiaconcursos.com.br\/blog\/#organization"},"image":{"@id":"https:\/\/www.estrategiaconcursos.com.br\/blog\/concurso-cispar-edital-publicado\/#primaryimage"},"thumbnailUrl":"https:\/\/dhg1h5j42swfq.cloudfront.net\/2022\/05\/19104529\/cispar.jpg","articleSection":["Executivo (Administrativa)","\u00daltimas not\u00edcias"],"inLanguage":"pt-BR","potentialAction":[{"@type":"CommentAction","name":"Comment","target":["https:\/\/www.estrategiaconcursos.com.br\/blog\/concurso-cispar-edital-publicado\/#respond"]}],"copyrightYear":"2022","copyrightHolder":{"@id":"https:\/\/www.estrategiaconcursos.com.br\/blog\/#organization"}},{"@type":"WebPage","@id":"https:\/\/www.estrategiaconcursos.com.br\/blog\/concurso-cispar-edital-publicado\/","url":"https:\/\/www.estrategiaconcursos.com.br\/blog\/concurso-cispar-edital-publicado\/","name":"Edital CISPAR oferta vagas para m\u00e9dio\/t\u00e9cnico e superior","isPartOf":{"@id":"https:\/\/www.estrategiaconcursos.com.br\/blog\/#website"},"primaryImageOfPage":{"@id":"https:\/\/www.estrategiaconcursos.com.br\/blog\/concurso-cispar-edital-publicado\/#primaryimage"},"image":{"@id":"https:\/\/www.estrategiaconcursos.com.br\/blog\/concurso-cispar-edital-publicado\/#primaryimage"},"thumbnailUrl":"https:\/\/dhg1h5j42swfq.cloudfront.net\/2022\/05\/19104529\/cispar.jpg","datePublished":"2022-07-01T02:59:00+00:00","dateModified":"2022-07-01T11:33:55+00:00","description":"Edital CISPAR: PUBLICADO para provimento de vagas em cargos de n\u00edveis m\u00e9dio, t\u00e9cnico e superior. Inscri\u00e7\u00f5es encerradas!","breadcrumb":{"@id":"https:\/\/www.estrategiaconcursos.com.br\/blog\/concurso-cispar-edital-publicado\/#breadcrumb"},"inLanguage":"pt-BR","potentialAction":[{"@type":"ReadAction","target":["https:\/\/www.estrategiaconcursos.com.br\/blog\/concurso-cispar-edital-publicado\/"]}]},{"@type":"ImageObject","inLanguage":"pt-BR","@id":"https:\/\/www.estrategiaconcursos.com.br\/blog\/concurso-cispar-edital-publicado\/#primaryimage","url":"https:\/\/dhg1h5j42swfq.cloudfront.net\/2022\/05\/19104529\/cispar.jpg","contentUrl":"https:\/\/dhg1h5j42swfq.cloudfront.net\/2022\/05\/19104529\/cispar.jpg","width":768,"height":432},{"@type":"BreadcrumbList","@id":"https:\/\/www.estrategiaconcursos.com.br\/blog\/concurso-cispar-edital-publicado\/#breadcrumb","itemListElement":[{"@type":"ListItem","position":1,"name":"In\u00edcio","item":"https:\/\/www.estrategiaconcursos.com.br\/blog\/"},{"@type":"ListItem","position":2,"name":"Edital CISPAR oferta vagas para m\u00e9dio\/t\u00e9cnico e superior"}]},{"@type":"WebSite","@id":"https:\/\/www.estrategiaconcursos.com.br\/blog\/#website","url":"https:\/\/www.estrategiaconcursos.com.br\/blog\/","name":"Estrat\u00e9gia Concursos","description":"O blog da Estrat\u00e9gia Concursos traz not\u00edcias sobre concursos e artigos de professores oferecendo cursos para concursos (pdf + videaulas) no site.","publisher":{"@id":"https:\/\/www.estrategiaconcursos.com.br\/blog\/#organization"},"potentialAction":[{"@type":"SearchAction","target":{"@type":"EntryPoint","urlTemplate":"https:\/\/www.estrategiaconcursos.com.br\/blog\/?s={search_term_string}"},"query-input":{"@type":"PropertyValueSpecification","valueRequired":true,"valueName":"search_term_string"}}],"inLanguage":"pt-BR"},{"@type":"Organization","@id":"https:\/\/www.estrategiaconcursos.com.br\/blog\/#organization","name":"Estrat\u00e9gia Concursos","url":"https:\/\/www.estrategiaconcursos.com.br\/blog\/","logo":{"@type":"ImageObject","inLanguage":"pt-BR","@id":"https:\/\/www.estrategiaconcursos.com.br\/blog\/#\/schema\/logo\/image\/","url":"https:\/\/dhg1h5j42swfq.cloudfront.net\/2025\/06\/03203428\/logo_concursos-1.jpg","contentUrl":"https:\/\/dhg1h5j42swfq.cloudfront.net\/2025\/06\/03203428\/logo_concursos-1.jpg","width":230,"height":60,"caption":"Estrat\u00e9gia Concursos"},"image":{"@id":"https:\/\/www.estrategiaconcursos.com.br\/blog\/#\/schema\/logo\/image\/"},"sameAs":["https:\/\/x.com\/EstratConcursos"]},{"@type":"Person","@id":"https:\/\/www.estrategiaconcursos.com.br\/blog\/#\/schema\/person\/e3b6b7ce0192dd4ad270655969d61750","name":"F\u00e1bio Scaldelai","image":{"@type":"ImageObject","inLanguage":"pt-BR","@id":"https:\/\/secure.gravatar.com\/avatar\/8ed7492c4d88d8495bc0cb24cda6847b8ae23eec459a919e08e77d0ca0fd79ec?s=96&d=mm&r=g","url":"https:\/\/secure.gravatar.com\/avatar\/8ed7492c4d88d8495bc0cb24cda6847b8ae23eec459a919e08e77d0ca0fd79ec?s=96&d=mm&r=g","contentUrl":"https:\/\/secure.gravatar.com\/avatar\/8ed7492c4d88d8495bc0cb24cda6847b8ae23eec459a919e08e77d0ca0fd79ec?s=96&d=mm&r=g","caption":"F\u00e1bio Scaldelai"},"description":"Jornalista no Estrat\u00e9gia Concursos e Produtor de Televis\u00e3o, formado em Jornalismo, R\u00e1dio e TV pela Faculdade Integrada Rio Branco, com especializa\u00e7\u00f5es em Gest\u00e3o Empresarial e Marketing pelo M\u00f3dulo. Atuou como produtor no SBT, TV Bandeirantes e R\u00e1dio Band FM, al\u00e9m de acumular tr\u00eas anos de experi\u00eancia no setor de concursos p\u00fablicos pela LFG (Luiz Fl\u00e1vio Gomes). No Estrat\u00e9gia Concursos, atua na apura\u00e7\u00e3o de not\u00edcias da \u00e1rea fiscal, al\u00e9m de coberturas sobre concursos das \u00e1reas de controle (TCU, TCE, etc), concurso AFT, \u00e1rea de gest\u00e3o e administrativa, bem como dos \u00f3rg\u00e3os participantes do CNU. Tamb\u00e9m possui experi\u00eancia em link building e an\u00e1lise de m\u00eddia, adquirida durante sua atua\u00e7\u00e3o na ag\u00eancia SEO Marketing.","url":"https:\/\/www.estrategiaconcursos.com.br\/blog\/author\/fabio-scaldelaiestrategiaconcursos-com-br\/"}]}},"_links":{"self":[{"href":"https:\/\/www.estrategiaconcursos.com.br\/blog\/wp-json\/wp\/v2\/posts\/1030266","targetHints":{"allow":["GET"]}}],"collection":[{"href":"https:\/\/www.estrategiaconcursos.com.br\/blog\/wp-json\/wp\/v2\/posts"}],"about":[{"href":"https:\/\/www.estrategiaconcursos.com.br\/blog\/wp-json\/wp\/v2\/types\/post"}],"author":[{"embeddable":true,"href":"https:\/\/www.estrategiaconcursos.com.br\/blog\/wp-json\/wp\/v2\/users\/656"}],"replies":[{"embeddable":true,"href":"https:\/\/www.estrategiaconcursos.com.br\/blog\/wp-json\/wp\/v2\/comments?post=1030266"}],"version-history":[{"count":22,"href":"https:\/\/www.estrategiaconcursos.com.br\/blog\/wp-json\/wp\/v2\/posts\/1030266\/revisions"}],"predecessor-version":[{"id":1053710,"href":"https:\/\/www.estrategiaconcursos.com.br\/blog\/wp-json\/wp\/v2\/posts\/1030266\/revisions\/1053710"}],"wp:featuredmedia":[{"embeddable":true,"href":"https:\/\/www.estrategiaconcursos.com.br\/blog\/wp-json\/wp\/v2\/media\/1030763"}],"wp:attachment":[{"href":"https:\/\/www.estrategiaconcursos.com.br\/blog\/wp-json\/wp\/v2\/media?parent=1030266"}],"wp:term":[{"taxonomy":"category","embeddable":true,"href":"https:\/\/www.estrategiaconcursos.com.br\/blog\/wp-json\/wp\/v2\/categories?post=1030266"},{"taxonomy":"post_tag","embeddable":true,"href":"https:\/\/www.estrategiaconcursos.com.br\/blog\/wp-json\/wp\/v2\/tags?post=1030266"},{"taxonomy":"tax_estado","embeddable":true,"href":"https:\/\/www.estrategiaconcursos.com.br\/blog\/wp-json\/wp\/v2\/tax_estado?post=1030266"}],"curies":[{"name":"wp","href":"https:\/\/api.w.org\/{rel}","templated":true}]}}