{"id":102908,"date":"2019-01-14T02:00:40","date_gmt":"2019-01-14T05:00:40","guid":{"rendered":"https:\/\/www.estrategiaconcursos.com.br\/blog\/?p=102908"},"modified":"2023-08-10T11:06:12","modified_gmt":"2023-08-10T14:06:12","slug":"concurso-policia-civil-bahia-edital","status":"publish","type":"post","link":"https:\/\/www.estrategiaconcursos.com.br\/blog\/concurso-policia-civil-bahia-edital\/","title":{"rendered":"Concurso PC BA 2019: ap\u00f3s entrevista com Governador do Estado, certame \u00e9 confirmado para este ano"},"content":{"rendered":"<p>Foi divulgado recentemente pelo Governador do Estado da Bahia, Rui Costa, o anuncio de tr\u00eas novos concursos para este ano de 2019.<\/p>\n<p>Dentre os citados, o certame da Pol\u00edcia Civil da Bahia deve sair ainda este ano, segundo o governador, a ideia \u00e9 &#8221; completar o provimento de rod\u00edzio e finais de semana com delegados e policiais.&#8221;<\/p>\n<p>Com esta confirma\u00e7\u00e3o podemos aguardar a publica\u00e7\u00e3o do edital que pode sair a qualquer momento neste ano.<\/p>\n<h3><em>Minist\u00e9rio P\u00fablico recomenda suspens\u00e3o do certame de 2018<\/em><\/h3>\n<p>Ap\u00f3s v\u00e1rios questionamentos sobre irregularidades na realiza\u00e7\u00e3o do <em><strong>Concurso PC BA 2018<\/strong><\/em>, o Minist\u00e9rio P\u00fablico do Estado da Bahia recomendou a suspens\u00e3o do certame.<\/p>\n<p>O MP da Bahia recomendou que a suspens\u00e3o ocorra durante o processo de investiga\u00e7\u00e3o, at\u00e9 que as irregularidades sejam\u00a0<em>suficientemente\u00a0apuradas e esclarecidas<\/em>.<\/p>\n<p>A recomenda\u00e7\u00e3o veio das promotoras de Justi\u00e7a Heliete Viana e Rita Tourinho e foi enviada \u00e0 Vunesp (organizadora do certame) e\u00a0ao secret\u00e1rio de Administra\u00e7\u00e3o do Estado da Bahia (Saeb), Edelvino da Silva G\u00f3es Filho na segunda-feira (21\/05).<\/p>\n<p>Segundo as promotoras, <em>as provas colhidas, quando confrontadas com informa\u00e7\u00f5es prestadas por autores das not\u00edcias de fato, apontam para a ocorr\u00eancia de graves falhas na atua\u00e7\u00e3o da equipe de aplica\u00e7\u00e3o das provas, em diversos locais que sediaram a primeira e segunda etapas do concurso p\u00fablico<\/em>.<\/p>\n<p>A prova do <a href=\"https:\/\/www.estrategiaconcursos.com.br\/blog\/concurso-pc-ba\/\" target=\"_blank\" rel=\"noopener\">concurso PC BA<\/a>, que oferta vagas para delegado, investigador e escriv\u00e3o, aconteceu dia 22 de abril e desde ent\u00e3o, v\u00e1rios candidatos se manifestaram sobre poss\u00edveis irregularidades, como o uso de celular, falta de fiscaliza\u00e7\u00e3o e descumprimento em rela\u00e7\u00e3o a posse do caderno de provas.<\/p>\n<p>Agora, tanto a Vunesp quanto a Saeb t\u00eam 20 dias \u00fateis, a partir do dia em que forem notificadas, para dar uma resposta \u00e0 recomenda\u00e7\u00e3o. Veja abaixo, um trecho do documento publicado no Di\u00e1rio Oficial de Justi\u00e7a do Estado em 22 de maio.<\/p>\n<p><img loading=\"lazy\" decoding=\"async\" class=\"size-full wp-image-122275 aligncenter\" src=\"https:\/\/dhg1h5j42swfq.cloudfront.net\/2018\/05\/22132251\/mp.jpg\" alt=\"\" width=\"678\" height=\"435\" srcset=\"https:\/\/dhg1h5j42swfq.cloudfront.net\/2018\/05\/22132251\/mp.jpg 678w, https:\/\/dhg1h5j42swfq.cloudfront.net\/2018\/05\/22132251\/mp.jpg 300w, https:\/\/dhg1h5j42swfq.cloudfront.net\/2018\/05\/22132251\/mp.jpg 610w\" sizes=\"auto, (max-width: 678px) 100vw, 678px\" \/><\/p>\n<h3>Sobre o Concurso PC BA 2018<\/h3>\n<p><span style=\"color: #000000;\">O edital do Concurso Pol\u00edcia Civil Bahia\u00a0foi publicado em 19 de janeiro no DOE-BA. O certame ofereceu 1.000 vagas para candidatos com n\u00edvel superior para os cargos de\u00a0<strong><em>Delegado<\/em><\/strong>,\u00a0<em><strong>Investigador\u00a0<\/strong><\/em>e\u00a0<strong><em>Escriv\u00e3o de Pol\u00edcia<\/em><\/strong><strong>.\u00a0<\/strong><\/span><\/p>\n<p style=\"text-align: left;\">Foram no total,\u00a0<strong>48.018 inscritos<\/strong>. Um recorde em compara\u00e7\u00e3o ao\u00a0\u00faltimo certame, de 2013. Na ocasi\u00e3o, 45.553 pessoas se inscreveram. Veja abaixo a rela\u00e7\u00e3o de inscritos para cada cargo:<\/p>\n<ul>\n<li><strong>Delegado:<\/strong>\u00a010.625 inscritos\u00a0<em>(Aproximadamente 129 candidatos por vaga)<\/em><\/li>\n<li><strong>Escriv\u00e3o:<\/strong>\u00a02.422\u00a0inscritos\u00a0<em>(Aproximadamente\u00a063 candidatos por vaga)<\/em><\/li>\n<li><strong>Investigador:<\/strong>\u00a034.971\u00a0inscritos\u00a0<em>(Aproximadamente\u00a039 candidatos por vaga)<\/em><\/li>\n<\/ul>\n<h3>Remunera\u00e7\u00e3o<\/h3>\n<p style=\"text-align: justify;\"><span style=\"color: #000000;\">A remunera\u00e7\u00e3o para o cargo de\u00a0<strong><em>Delegado de Pol\u00edcia Civil<\/em><\/strong> \u00e9 de at\u00e9\u00a0<strong><em>R$ 11.389,96<\/em><\/strong> e de\u00a0<strong><em>Investigador\u00a0<\/em><\/strong>e\u00a0<strong><em>Escriv\u00e3o de Pol\u00edcia<\/em><\/strong><strong>\u00a0<\/strong>\u00e9 de\u00a0<strong><em>R$ 3.915,85<\/em><\/strong>.<\/span><\/p>\n<h3>Requisitos para Pol\u00edcia Civil<\/h3>\n<p style=\"text-align: justify;\"><span style=\"color: #000000;\">Para o cargo de\u00a0<strong><em>Delegado de Pol\u00edcia<\/em><\/strong><strong>\u00a0<\/strong>\u00e9 necess\u00e1rio ter curso superior em Direito, reconhecido pelo Minist\u00e9rio da Educa\u00e7\u00e3o (MEC).<\/span><\/p>\n<p style=\"text-align: justify;\"><span style=\"color: #000000;\">O cargo de\u00a0<strong><em>Investigador de Pol\u00edcia<\/em><\/strong><strong>\u00a0<\/strong>requer curso superior, reconhecido pelo MEC e Carteira Nacional de Habilita\u00e7\u00e3o (CNH) na categoria B.<\/span><\/p>\n<p style=\"text-align: justify;\"><span style=\"color: #000000;\">Para ser\u00a0<strong><em>Escriv\u00e3o de Pol\u00edcia<\/em><\/strong>, o candidato deve ter curso superior, devidamente reconhecido pelo Minist\u00e9rio da Educa\u00e7\u00e3o.<\/span><\/p>\n<h3>As vagas do Concurso Pol\u00edcia Civil Bahia 2018<\/h3>\n<ul>\n<li>Delegado (82 vagas)<\/li>\n<li>Investigador (880 vagas)<\/li>\n<li>Escriv\u00e3o (38 vagas)<\/li>\n<\/ul>\n<p style=\"text-align: justify;\"><span style=\"color: #000000;\"><em><strong>Reserva de vagas<\/strong><\/em>: 30% para pessoas autodeclaradas negras e 5% para pessoas portadoras de defici\u00eancia.<\/span><\/p>\n<h3 style=\"text-align: justify;\">Etapas do concurso<\/h3>\n<p style=\"text-align: justify;\"><span style=\"color: #000000;\"><b>1)<\/b>\u00a0<em>Prova Objetiva<\/em><\/span><br \/>\n<span style=\"color: #000000;\"> <b>2)<\/b>\u00a0<em>Prova Discursiva<\/em><\/span><br \/>\n<span style=\"color: #000000;\"> <b>3)\u00a0<\/b><em>Exame Biom\u00e9dico<\/em><br \/>\n<b>4)<\/b>\u00a0<em>Teste de Aptid\u00e3o F\u00edsica<\/em><\/span><br \/>\n<span style=\"color: #000000;\"> <b>5)<\/b>\u00a0<em>Exame Psicot\u00e9cnico<\/em><\/span><br \/>\n<span style=\"color: #000000;\"> <b>6)\u00a0<\/b><em>Avalia\u00e7\u00e3o de T\u00edtulos<\/em><\/span><br \/>\n<span style=\"color: #000000;\"> <b>7)\u00a0<\/b><em>Investiga\u00e7\u00e3o Social e de Conduta Pessoal<\/em><\/span><\/p>\n<h3 style=\"text-align: justify;\">Das provas<\/h3>\n<p style=\"text-align: justify;\"><span style=\"color: #000000;\">Os candidatos aos tr\u00eas cargos foram submetidos a uma\u00a01\u00aa etapa, que consistiu em uma\u00a0<strong><em>prova objetiva<\/em><\/strong><strong>\u00a0<\/strong>com\u00a0<strong><em>100 quest\u00f5es<\/em><\/strong><strong>\u00a0<\/strong>de m\u00faltipla escolha com cinco alternativas. <\/span><\/p>\n<p style=\"text-align: justify;\"><span style=\"color: #000000;\">As provas objetivas valeram, no total,\u00a0<strong><em>100 pontos<\/em><\/strong>.\u00a0<\/span><span style=\"color: #000000;\">A\u00a02\u00aa etapa<strong><em>\u00a0<\/em><\/strong>consistiu em uma\u00a0<strong><em>prova discursiva<\/em><\/strong>.\u00a0 <\/span><\/p>\n<p style=\"text-align: justify;\"><span style=\"color: #000000;\">Para o cargo de Delegado, as provas discursivas foram dois\u00a0<strong><em>Estudos de Caso<\/em><\/strong><em>\u00a0<\/em>(25 pontos\u00a0cada)\u00a0e a elabora\u00e7\u00e3o de uma\u00a0<strong><em>Pe\u00e7a Processual\u00a0<\/em><\/strong>(50 pontos).<\/span><\/p>\n<p style=\"text-align: justify;\"><span style=\"color: #000000;\">Para os cargos de Investigador e Escriv\u00e3o de Pol\u00edcia a prova discursiva compreendeu a resolu\u00e7\u00e3o de\u00a0<strong><em>duas<\/em><\/strong> quest\u00f5es dissertativas, valendo\u00a050 pontos<strong><em>\u00a0<\/em><\/strong>cada<em>.<\/em><\/span><\/p>\n<p style=\"text-align: justify;\"><span style=\"color: #000000;\">Os candidatos tiveram 5 horas para responder a todas as quest\u00f5es.<\/span><\/p>\n<p>Confira abaixo a organiza\u00e7\u00e3o das provas e etapas do certame:<\/p>\n<p><img loading=\"lazy\" decoding=\"async\" class=\"alignnone wp-image-103032\" src=\"https:\/\/dhg1h5j42swfq.cloudfront.net\/2018\/01\/19151428\/concurso-pol%C3%ADcia-civil-bahia-3.jpg\" alt=\"concurso pol\u00edcia civil bahia\" width=\"782\" height=\"1073\" srcset=\"https:\/\/dhg1h5j42swfq.cloudfront.net\/2018\/01\/19151428\/concurso-pol%C3%ADcia-civil-bahia-3.jpg 978w, https:\/\/dhg1h5j42swfq.cloudfront.net\/2018\/01\/19151428\/concurso-pol%C3%ADcia-civil-bahia-3.jpg 219w, https:\/\/dhg1h5j42swfq.cloudfront.net\/2018\/01\/19151428\/concurso-pol%C3%ADcia-civil-bahia-3.jpg 768w, https:\/\/dhg1h5j42swfq.cloudfront.net\/2018\/01\/19151428\/concurso-pol%C3%ADcia-civil-bahia-3.jpg 746w, https:\/\/dhg1h5j42swfq.cloudfront.net\/2018\/01\/19151428\/concurso-pol%C3%ADcia-civil-bahia-3.jpg 610w\" sizes=\"auto, (max-width: 782px) 100vw, 782px\" \/><\/p>\n<p>Foram considerados\u00a0habilitados\u00a0os candidatos que obtiverem a nota m\u00ednima de\u00a07o pontos<strong>\u00a0<\/strong>na prova objetiva.<\/p>\n<p>Tiveram suas provas discursivas corrigidas, os candidatos que al\u00e9m de alcan\u00e7ar a nota m\u00ednima, tenham ficado entre os melhores classificados de acordo com a tabela abaixo:<\/p>\n<p><img loading=\"lazy\" decoding=\"async\" class=\"alignnone wp-image-103033\" src=\"https:\/\/dhg1h5j42swfq.cloudfront.net\/2018\/01\/19151653\/concurso-pol%C3%ADcia-civil-bahia-4.jpg\" alt=\"concurso PC BA\" width=\"900\" height=\"90\" srcset=\"https:\/\/dhg1h5j42swfq.cloudfront.net\/2018\/01\/19151653\/concurso-pol%C3%ADcia-civil-bahia-4.jpg 1635w, https:\/\/dhg1h5j42swfq.cloudfront.net\/2018\/01\/19151653\/concurso-pol%C3%ADcia-civil-bahia-4.jpg 300w, https:\/\/dhg1h5j42swfq.cloudfront.net\/2018\/01\/19151653\/concurso-pol%C3%ADcia-civil-bahia-4.jpg 768w, https:\/\/dhg1h5j42swfq.cloudfront.net\/2018\/01\/19151653\/concurso-pol%C3%ADcia-civil-bahia-4.jpg 1024w, https:\/\/dhg1h5j42swfq.cloudfront.net\/2018\/01\/19151653\/concurso-pol%C3%ADcia-civil-bahia-4.jpg 610w\" sizes=\"auto, (max-width: 900px) 100vw, 900px\" \/><\/p>\n<p>Nas\u00a0<em><strong>provas discursivas<\/strong><\/em> os candidatos deviam alcan\u00e7ar a pontua\u00e7\u00e3o m\u00ednima de\u00a070 pontos<strong><em>\u00a0<\/em><\/strong>para serem considerados habilitados a passar para a pr\u00f3xima fase.<\/p>\n<h3 style=\"text-align: justify;\">Conte\u00fado program\u00e1tico<\/h3>\n<p style=\"text-align: justify;\"><span style=\"color: #000000;\"><strong>Conhecimentos B\u00e1sicos (para todos os cargos)<\/strong><\/span><br \/>\n<span style=\"color: #000000;\"> <em>L\u00edngua Portuguesa<\/em><\/span><br \/>\n<span style=\"color: #000000;\"> <em>Inform\u00e1tica<\/em><\/span><br \/>\n<span style=\"color: #000000;\"> <em>Promo\u00e7\u00e3o da Igualdade Racial e de G\u00eanero<\/em><\/span><br \/>\n<span style=\"color: #000000;\"> <em>Racioc\u00ednio L\u00f3gico<br \/>\nAtualidades\u00a0<span style=\"color: #ffffff;\">concurso pc ba<\/span><br \/>\nMedicina Legal<br \/>\nNo\u00e7\u00f5es de Administra\u00e7\u00e3o<br \/>\nLegisla\u00e7\u00e3o estadual<\/em><\/span><\/p>\n<p style=\"text-align: justify;\"><span style=\"color: #000000;\"><strong>Conhecimentos Espec\u00edficos &#8211; Delegado<\/strong><\/span><br \/>\n<span style=\"color: #000000;\"> <em>Direito Penal\u00a0<span style=\"color: #ffffff;\">concurso pc ba<\/span><\/em><\/span><br \/>\n<span style=\"color: #000000;\"> <em>Direito Processual Penal<\/em><\/span><br \/>\n<span style=\"color: #000000;\"> <em>Legisla\u00e7\u00e3o Penal e Processual Penal Extravagante<\/em><\/span><br \/>\n<span style=\"color: #000000;\"> <em>Direito Constitucional<\/em><\/span><br \/>\n<span style=\"color: #000000;\"> <em>Direito Administrativo<\/em><\/span><br \/>\n<span style=\"color: #000000;\"> <em>Direito Civil\/Empresarial<\/em><\/span><br \/>\n<span style=\"color: #000000;\"> <i>Direito Processual Civil<\/i><\/span><br \/>\n<span style=\"color: #000000;\"> <em>No\u00e7\u00f5es de Direito Eleitoral<br \/>\nNo\u00e7\u00f5es de Direito Agr\u00e1rio<br \/>\nDireito Tribut\u00e1rio<br \/>\nDireito Ambiental<br \/>\nCriminologia<\/em><\/span><\/p>\n<p style=\"text-align: justify;\"><span style=\"color: #000000;\"><strong>Conhecimentos Espec\u00edficos &#8211; Investigador<\/strong><\/span><br \/>\n<span style=\"color: #000000;\"> <em>No\u00e7\u00f5es de Direito Penal<\/em><\/span><br \/>\n<span style=\"color: #000000;\"> <em>No\u00e7\u00f5es de Direito Processual Penal<br \/>\nLegisla\u00e7\u00e3o Penal Extravagante<br \/>\n<\/em><em>No\u00e7\u00f5es de Direito Constitucional<br \/>\n<\/em><em>No\u00e7\u00f5es de Direito Administrativo<br \/>\n<\/em><\/span><\/p>\n<p style=\"text-align: justify;\"><span style=\"color: #000000;\"><strong>Conhecimentos Espec\u00edficos &#8211; Escriv\u00e3o<\/strong><\/span><br \/>\n<span style=\"color: #000000;\"> <em>No\u00e7\u00f5es de Direito Penal<\/em><\/span><br \/>\n<span style=\"color: #000000;\"> <em>No\u00e7\u00f5es de Direito Processual Penal<br \/>\nLegisla\u00e7\u00e3o Penal Extravagante<br \/>\n<\/em><em>No\u00e7\u00f5es de Direito Constitucional<br \/>\n<\/em><em>No\u00e7\u00f5es de Direito Administrativo<br \/>\nNo\u00e7\u00f5es de Estat\u00edstica<br \/>\nNo\u00e7\u00f5es de Arquivologia<\/em><\/span><\/p>\n<p style=\"text-align: center;\"><em><strong>\u00a0<\/strong><\/em><\/p>\n<p><a href=\"https:\/\/www.estrategiaconcursos.com.br\/gratis\/video-grande-novidade-de-2019\/\" target=\"_blank\" rel=\"noopener noreferrer\"><img loading=\"lazy\" decoding=\"async\" class=\"aligncenter wp-image-156507 size-full\" src=\"https:\/\/dhg1h5j42swfq.cloudfront.net\/2018\/12\/21151320\/banner-lp.jpg\" alt=\"\" width=\"1200\" height=\"300\" srcset=\"https:\/\/dhg1h5j42swfq.cloudfront.net\/2018\/12\/21151320\/banner-lp.jpg 1200w, https:\/\/dhg1h5j42swfq.cloudfront.net\/2018\/12\/21151320\/banner-lp.jpg 300w, https:\/\/dhg1h5j42swfq.cloudfront.net\/2018\/12\/21151320\/banner-lp.jpg 768w, https:\/\/dhg1h5j42swfq.cloudfront.net\/2018\/12\/21151320\/banner-lp.jpg 1024w, https:\/\/dhg1h5j42swfq.cloudfront.net\/2018\/12\/21151320\/banner-lp.jpg 610w\" sizes=\"auto, (max-width: 1200px) 100vw, 1200px\" \/><\/a><\/p>\n<p><img loading=\"lazy\" decoding=\"async\" class=\"wp-image-68542 size-full alignleft\" src=\"https:\/\/dhg1h5j42swfq.cloudfront.net\/2017\/03\/28152500\/coruja-ficha-tecnica-300x102.png\" alt=\"Ficha t\u00e9cnica concurso pm mg oficial\" width=\"300\" height=\"102\" \/><\/p>\n<h4><\/h4>\n<h4><\/h4>\n<h4><\/h4>\n<h4><strong>\u2666Informa\u00e7\u00f5es do Concurso Pol\u00edcia Civil Bahia 2018<\/strong><\/h4>\n<p>\u25baData da prova: 22 de abril<br \/>\n\u25baVagas: 1.000 vagas (82 Delegado, 880 Investigador, 38 Escriv\u00e3o)<br \/>\n\u25baLota\u00e7\u00f5es: Bahia<br \/>\n\u25baRemunera\u00e7\u00e3o inicial:\u00a0R$\u00a0R$ 3.915,85 a\u00a0R$ 11.389,96.<br \/>\n\u25baBanca: VUNESP<br \/>\n\u25baEdital:\u00a0<a href=\"https:\/\/dhg1h5j42swfq.cloudfront.net\/2018\/05\/22131404\/MzI1ODcw.pdf\" target=\"_blank\" rel=\"noopener noreferrer\">Edital Pol\u00edcia Civil BA 2018<\/a><br \/>\n\u25baEscolaridade: N\u00edvel Superior<\/p>\n<p><em>Ascom Estrat\u00e9gia<\/em><br \/>\nascomestrategia@gmail.com<\/p>\n<hr \/>\n<p style=\"text-align: center;\"><span style=\"font-size: 18pt;\"><em><strong>Receba not\u00edcias de Concursos no seu WhatsApp e\/ou Telegram!<\/strong><\/em><\/span><\/p>\n<p style=\"text-align: center;\"><em><strong><span style=\"font-size: 14pt;\">Cadastre-se clicando no \u00edcone abaixo<\/span><br \/>\n<a href=\"https:\/\/www.estrategiaconcursos.com.br\/blog\/noticias-de-concursos-whatsapp-estrategia-concursos\/\" target=\"_blank\" rel=\"noopener noreferrer\"><img loading=\"lazy\" decoding=\"async\" class=\"aligncenter wp-image-112824 \" src=\"https:\/\/dhg1h5j42swfq.cloudfront.net\/2018\/03\/22113932\/whatsapptelegram-e1548177162795.png\" alt=\"\" width=\"220\" height=\"124\" \/><\/a><br \/>\n<\/strong><\/em><a href=\"https:\/\/www.estrategiaconcursos.com.br\/blog\/noticias-de-concursos-whatsapp-estrategia-concursos\/\" target=\"_blank\" rel=\"noopener noreferrer\">Not\u00edcias de concursos no seu WhatsApp e\/ou Telegram<\/a><\/p>\n","protected":false},"excerpt":{"rendered":"<p>Foi divulgado recentemente pelo Governador do Estado da Bahia, Rui Costa, o anuncio de tr\u00eas novos concursos para este ano de 2019. Dentre os citados, o certame da Pol\u00edcia Civil da Bahia deve sair ainda este ano, segundo o governador, a ideia \u00e9 &#8221; completar o provimento de rod\u00edzio e finais de semana com delegados [&hellip;]<\/p>\n","protected":false},"author":180,"featured_media":103039,"comment_status":"open","ping_status":"closed","sticky":false,"template":"","format":"standard","meta":{"post_tipo":"article","footnotes":""},"categories":[1,1988],"tags":[3397,3398,3399,3182],"tax_estado":[],"class_list":["post-102908","post","type-post","status-publish","format-standard","has-post-thumbnail","hentry","category-cursos-e-concursos","category-policia","tag-concurso-pc-ba","tag-concurso-policia-civil-ba","tag-concurso-policia-civil-bahia","tag-pc-ba"],"acf":[],"yoast_head":"<!-- This site is optimized with the Yoast SEO Premium plugin v27.2 (Yoast SEO v27.2) - https:\/\/yoast.com\/product\/yoast-seo-premium-wordpress\/ -->\n<title>Concurso PC BA 2019: certame \u00e9 confirmado por Governador do Estado<\/title>\n<meta name=\"description\" content=\"Concurso PC BA 2019: ap\u00f3s entrevista com Governador do Estado, Rui Costa, certame \u00e9 confirmado para este ano de 2019; Saiba mais!\" \/>\n<meta name=\"robots\" content=\"index, follow, max-snippet:-1, max-image-preview:large, max-video-preview:-1\" \/>\n<link rel=\"canonical\" href=\"https:\/\/www.estrategiaconcursos.com.br\/blog\/concurso-policia-civil-bahia-edital\/\" \/>\n<meta property=\"og:locale\" content=\"pt_BR\" \/>\n<meta property=\"og:type\" content=\"article\" \/>\n<meta property=\"og:title\" content=\"Concurso PC BA 2019: ap\u00f3s entrevista com Governador do Estado, certame \u00e9 confirmado para este ano\" \/>\n<meta property=\"og:description\" content=\"Concurso PC BA 2019: ap\u00f3s entrevista com Governador do Estado, Rui Costa, certame \u00e9 confirmado para este ano de 2019; Saiba mais!\" \/>\n<meta property=\"og:url\" content=\"https:\/\/www.estrategiaconcursos.com.br\/blog\/concurso-policia-civil-bahia-edital\/\" \/>\n<meta property=\"og:site_name\" content=\"Estrat\u00e9gia Concursos\" \/>\n<meta property=\"article:author\" content=\"https:\/\/www.facebook.com\/ricardo.s.torques\" \/>\n<meta property=\"article:published_time\" content=\"2019-01-14T05:00:40+00:00\" \/>\n<meta property=\"article:modified_time\" content=\"2023-08-10T14:06:12+00:00\" \/>\n<meta property=\"og:image\" content=\"https:\/\/dhg1h5j42swfq.cloudfront.net\/2018\/01\/19152811\/pc-ba-6.jpg\" \/>\n\t<meta property=\"og:image:width\" content=\"1200\" \/>\n\t<meta property=\"og:image:height\" content=\"628\" \/>\n\t<meta property=\"og:image:type\" content=\"image\/jpeg\" \/>\n<meta name=\"author\" content=\"Ricardo Torques\" \/>\n<meta name=\"twitter:card\" content=\"summary_large_image\" \/>\n<meta name=\"twitter:creator\" content=\"@EstratConcursos\" \/>\n<meta name=\"twitter:site\" content=\"@EstratConcursos\" \/>\n<meta name=\"twitter:label1\" content=\"Escrito por\" \/>\n\t<meta name=\"twitter:data1\" content=\"Ricardo Torques\" \/>\n\t<meta name=\"twitter:label2\" content=\"Est. tempo de leitura\" \/>\n\t<meta name=\"twitter:data2\" content=\"6 minutos\" \/>\n<script type=\"application\/ld+json\" class=\"yoast-schema-graph\">{\"@context\":\"https:\/\/schema.org\",\"@graph\":[{\"@type\":\"NewsArticle\",\"@id\":\"https:\/\/www.estrategiaconcursos.com.br\/blog\/concurso-policia-civil-bahia-edital\/#article\",\"isPartOf\":{\"@id\":\"https:\/\/www.estrategiaconcursos.com.br\/blog\/concurso-policia-civil-bahia-edital\/\"},\"author\":{\"name\":\"Ricardo Torques\",\"@id\":\"https:\/\/www.estrategiaconcursos.com.br\/blog\/#\/schema\/person\/aa39cf5ddb518e5bdce27c35788405e2\"},\"headline\":\"Concurso PC BA 2019: ap\u00f3s entrevista com Governador do Estado, certame \u00e9 confirmado para este ano\",\"datePublished\":\"2019-01-14T05:00:40+00:00\",\"dateModified\":\"2023-08-10T14:06:12+00:00\",\"mainEntityOfPage\":{\"@id\":\"https:\/\/www.estrategiaconcursos.com.br\/blog\/concurso-policia-civil-bahia-edital\/\"},\"wordCount\":1014,\"commentCount\":20,\"publisher\":{\"@id\":\"https:\/\/www.estrategiaconcursos.com.br\/blog\/#organization\"},\"image\":{\"@id\":\"https:\/\/www.estrategiaconcursos.com.br\/blog\/concurso-policia-civil-bahia-edital\/#primaryimage\"},\"thumbnailUrl\":\"https:\/\/dhg1h5j42swfq.cloudfront.net\/2018\/01\/19152811\/pc-ba-6.jpg\",\"keywords\":[\"Concurso PC BA\",\"Concurso Pol\u00edcia Civil BA\",\"Concurso Pol\u00edcia Civil Bahia\",\"PC BA\"],\"articleSection\":[\"Concursos P\u00fablicos\",\"Policial (Agente, Escriv\u00e3o e Investigador)\"],\"inLanguage\":\"pt-BR\",\"potentialAction\":[{\"@type\":\"CommentAction\",\"name\":\"Comment\",\"target\":[\"https:\/\/www.estrategiaconcursos.com.br\/blog\/concurso-policia-civil-bahia-edital\/#respond\"]}],\"copyrightYear\":\"2019\",\"copyrightHolder\":{\"@id\":\"https:\/\/www.estrategiaconcursos.com.br\/blog\/#organization\"}},{\"@type\":\"WebPage\",\"@id\":\"https:\/\/www.estrategiaconcursos.com.br\/blog\/concurso-policia-civil-bahia-edital\/\",\"url\":\"https:\/\/www.estrategiaconcursos.com.br\/blog\/concurso-policia-civil-bahia-edital\/\",\"name\":\"Concurso PC BA 2019: certame \u00e9 confirmado por Governador do Estado\",\"isPartOf\":{\"@id\":\"https:\/\/www.estrategiaconcursos.com.br\/blog\/#website\"},\"primaryImageOfPage\":{\"@id\":\"https:\/\/www.estrategiaconcursos.com.br\/blog\/concurso-policia-civil-bahia-edital\/#primaryimage\"},\"image\":{\"@id\":\"https:\/\/www.estrategiaconcursos.com.br\/blog\/concurso-policia-civil-bahia-edital\/#primaryimage\"},\"thumbnailUrl\":\"https:\/\/dhg1h5j42swfq.cloudfront.net\/2018\/01\/19152811\/pc-ba-6.jpg\",\"datePublished\":\"2019-01-14T05:00:40+00:00\",\"dateModified\":\"2023-08-10T14:06:12+00:00\",\"description\":\"Concurso PC BA 2019: ap\u00f3s entrevista com Governador do Estado, Rui Costa, certame \u00e9 confirmado para este ano de 2019; Saiba mais!\",\"breadcrumb\":{\"@id\":\"https:\/\/www.estrategiaconcursos.com.br\/blog\/concurso-policia-civil-bahia-edital\/#breadcrumb\"},\"inLanguage\":\"pt-BR\",\"potentialAction\":[{\"@type\":\"ReadAction\",\"target\":[\"https:\/\/www.estrategiaconcursos.com.br\/blog\/concurso-policia-civil-bahia-edital\/\"]}]},{\"@type\":\"ImageObject\",\"inLanguage\":\"pt-BR\",\"@id\":\"https:\/\/www.estrategiaconcursos.com.br\/blog\/concurso-policia-civil-bahia-edital\/#primaryimage\",\"url\":\"https:\/\/dhg1h5j42swfq.cloudfront.net\/2018\/01\/19152811\/pc-ba-6.jpg\",\"contentUrl\":\"https:\/\/dhg1h5j42swfq.cloudfront.net\/2018\/01\/19152811\/pc-ba-6.jpg\",\"width\":1200,\"height\":628,\"caption\":\"concurso pol\u00edcia civil ba\"},{\"@type\":\"BreadcrumbList\",\"@id\":\"https:\/\/www.estrategiaconcursos.com.br\/blog\/concurso-policia-civil-bahia-edital\/#breadcrumb\",\"itemListElement\":[{\"@type\":\"ListItem\",\"position\":1,\"name\":\"In\u00edcio\",\"item\":\"https:\/\/www.estrategiaconcursos.com.br\/blog\/\"},{\"@type\":\"ListItem\",\"position\":2,\"name\":\"Concurso PC BA 2019: ap\u00f3s entrevista com Governador do Estado, certame \u00e9 confirmado para este ano\"}]},{\"@type\":\"WebSite\",\"@id\":\"https:\/\/www.estrategiaconcursos.com.br\/blog\/#website\",\"url\":\"https:\/\/www.estrategiaconcursos.com.br\/blog\/\",\"name\":\"Estrat\u00e9gia Concursos\",\"description\":\"O blog da Estrat\u00e9gia Concursos traz not\u00edcias sobre concursos e artigos de professores oferecendo cursos para concursos (pdf + videaulas) no site.\",\"publisher\":{\"@id\":\"https:\/\/www.estrategiaconcursos.com.br\/blog\/#organization\"},\"potentialAction\":[{\"@type\":\"SearchAction\",\"target\":{\"@type\":\"EntryPoint\",\"urlTemplate\":\"https:\/\/www.estrategiaconcursos.com.br\/blog\/?s={search_term_string}\"},\"query-input\":{\"@type\":\"PropertyValueSpecification\",\"valueRequired\":true,\"valueName\":\"search_term_string\"}}],\"inLanguage\":\"pt-BR\"},{\"@type\":\"Organization\",\"@id\":\"https:\/\/www.estrategiaconcursos.com.br\/blog\/#organization\",\"name\":\"Estrat\u00e9gia Concursos\",\"url\":\"https:\/\/www.estrategiaconcursos.com.br\/blog\/\",\"logo\":{\"@type\":\"ImageObject\",\"inLanguage\":\"pt-BR\",\"@id\":\"https:\/\/www.estrategiaconcursos.com.br\/blog\/#\/schema\/logo\/image\/\",\"url\":\"https:\/\/dhg1h5j42swfq.cloudfront.net\/2025\/06\/03203428\/logo_concursos-1.jpg\",\"contentUrl\":\"https:\/\/dhg1h5j42swfq.cloudfront.net\/2025\/06\/03203428\/logo_concursos-1.jpg\",\"width\":230,\"height\":60,\"caption\":\"Estrat\u00e9gia Concursos\"},\"image\":{\"@id\":\"https:\/\/www.estrategiaconcursos.com.br\/blog\/#\/schema\/logo\/image\/\"},\"sameAs\":[\"https:\/\/x.com\/EstratConcursos\"]},{\"@type\":\"Person\",\"@id\":\"https:\/\/www.estrategiaconcursos.com.br\/blog\/#\/schema\/person\/aa39cf5ddb518e5bdce27c35788405e2\",\"name\":\"Ricardo Torques\",\"image\":{\"@type\":\"ImageObject\",\"inLanguage\":\"pt-BR\",\"@id\":\"https:\/\/secure.gravatar.com\/avatar\/ce9ac6c3cff25fe86d15ed568ebc64d1724baf5c0693133bcb1f6073f712f92a?s=96&d=mm&r=g\",\"url\":\"https:\/\/secure.gravatar.com\/avatar\/ce9ac6c3cff25fe86d15ed568ebc64d1724baf5c0693133bcb1f6073f712f92a?s=96&d=mm&r=g\",\"contentUrl\":\"https:\/\/secure.gravatar.com\/avatar\/ce9ac6c3cff25fe86d15ed568ebc64d1724baf5c0693133bcb1f6073f712f92a?s=96&d=mm&r=g\",\"caption\":\"Ricardo Torques\"},\"sameAs\":[\"https:\/\/www.facebook.com\/ricardo.s.torques\"],\"url\":\"https:\/\/www.estrategiaconcursos.com.br\/blog\/author\/ricardotorquesestrategiaconcursos-com-br\/\"}]}<\/script>\n<!-- \/ Yoast SEO Premium plugin. -->","yoast_head_json":{"title":"Concurso PC BA 2019: certame \u00e9 confirmado por Governador do Estado","description":"Concurso PC BA 2019: ap\u00f3s entrevista com Governador do Estado, Rui Costa, certame \u00e9 confirmado para este ano de 2019; Saiba mais!","robots":{"index":"index","follow":"follow","max-snippet":"max-snippet:-1","max-image-preview":"max-image-preview:large","max-video-preview":"max-video-preview:-1"},"canonical":"https:\/\/www.estrategiaconcursos.com.br\/blog\/concurso-policia-civil-bahia-edital\/","og_locale":"pt_BR","og_type":"article","og_title":"Concurso PC BA 2019: ap\u00f3s entrevista com Governador do Estado, certame \u00e9 confirmado para este ano","og_description":"Concurso PC BA 2019: ap\u00f3s entrevista com Governador do Estado, Rui Costa, certame \u00e9 confirmado para este ano de 2019; Saiba mais!","og_url":"https:\/\/www.estrategiaconcursos.com.br\/blog\/concurso-policia-civil-bahia-edital\/","og_site_name":"Estrat\u00e9gia Concursos","article_author":"https:\/\/www.facebook.com\/ricardo.s.torques","article_published_time":"2019-01-14T05:00:40+00:00","article_modified_time":"2023-08-10T14:06:12+00:00","og_image":[{"width":1200,"height":628,"url":"https:\/\/dhg1h5j42swfq.cloudfront.net\/2018\/01\/19152811\/pc-ba-6.jpg","type":"image\/jpeg"}],"author":"Ricardo Torques","twitter_card":"summary_large_image","twitter_creator":"@EstratConcursos","twitter_site":"@EstratConcursos","twitter_misc":{"Escrito por":"Ricardo Torques","Est. tempo de leitura":"6 minutos"},"schema":{"@context":"https:\/\/schema.org","@graph":[{"@type":"NewsArticle","@id":"https:\/\/www.estrategiaconcursos.com.br\/blog\/concurso-policia-civil-bahia-edital\/#article","isPartOf":{"@id":"https:\/\/www.estrategiaconcursos.com.br\/blog\/concurso-policia-civil-bahia-edital\/"},"author":{"name":"Ricardo Torques","@id":"https:\/\/www.estrategiaconcursos.com.br\/blog\/#\/schema\/person\/aa39cf5ddb518e5bdce27c35788405e2"},"headline":"Concurso PC BA 2019: ap\u00f3s entrevista com Governador do Estado, certame \u00e9 confirmado para este ano","datePublished":"2019-01-14T05:00:40+00:00","dateModified":"2023-08-10T14:06:12+00:00","mainEntityOfPage":{"@id":"https:\/\/www.estrategiaconcursos.com.br\/blog\/concurso-policia-civil-bahia-edital\/"},"wordCount":1014,"commentCount":20,"publisher":{"@id":"https:\/\/www.estrategiaconcursos.com.br\/blog\/#organization"},"image":{"@id":"https:\/\/www.estrategiaconcursos.com.br\/blog\/concurso-policia-civil-bahia-edital\/#primaryimage"},"thumbnailUrl":"https:\/\/dhg1h5j42swfq.cloudfront.net\/2018\/01\/19152811\/pc-ba-6.jpg","keywords":["Concurso PC BA","Concurso Pol\u00edcia Civil BA","Concurso Pol\u00edcia Civil Bahia","PC BA"],"articleSection":["Concursos P\u00fablicos","Policial (Agente, Escriv\u00e3o e Investigador)"],"inLanguage":"pt-BR","potentialAction":[{"@type":"CommentAction","name":"Comment","target":["https:\/\/www.estrategiaconcursos.com.br\/blog\/concurso-policia-civil-bahia-edital\/#respond"]}],"copyrightYear":"2019","copyrightHolder":{"@id":"https:\/\/www.estrategiaconcursos.com.br\/blog\/#organization"}},{"@type":"WebPage","@id":"https:\/\/www.estrategiaconcursos.com.br\/blog\/concurso-policia-civil-bahia-edital\/","url":"https:\/\/www.estrategiaconcursos.com.br\/blog\/concurso-policia-civil-bahia-edital\/","name":"Concurso PC BA 2019: certame \u00e9 confirmado por Governador do Estado","isPartOf":{"@id":"https:\/\/www.estrategiaconcursos.com.br\/blog\/#website"},"primaryImageOfPage":{"@id":"https:\/\/www.estrategiaconcursos.com.br\/blog\/concurso-policia-civil-bahia-edital\/#primaryimage"},"image":{"@id":"https:\/\/www.estrategiaconcursos.com.br\/blog\/concurso-policia-civil-bahia-edital\/#primaryimage"},"thumbnailUrl":"https:\/\/dhg1h5j42swfq.cloudfront.net\/2018\/01\/19152811\/pc-ba-6.jpg","datePublished":"2019-01-14T05:00:40+00:00","dateModified":"2023-08-10T14:06:12+00:00","description":"Concurso PC BA 2019: ap\u00f3s entrevista com Governador do Estado, Rui Costa, certame \u00e9 confirmado para este ano de 2019; Saiba mais!","breadcrumb":{"@id":"https:\/\/www.estrategiaconcursos.com.br\/blog\/concurso-policia-civil-bahia-edital\/#breadcrumb"},"inLanguage":"pt-BR","potentialAction":[{"@type":"ReadAction","target":["https:\/\/www.estrategiaconcursos.com.br\/blog\/concurso-policia-civil-bahia-edital\/"]}]},{"@type":"ImageObject","inLanguage":"pt-BR","@id":"https:\/\/www.estrategiaconcursos.com.br\/blog\/concurso-policia-civil-bahia-edital\/#primaryimage","url":"https:\/\/dhg1h5j42swfq.cloudfront.net\/2018\/01\/19152811\/pc-ba-6.jpg","contentUrl":"https:\/\/dhg1h5j42swfq.cloudfront.net\/2018\/01\/19152811\/pc-ba-6.jpg","width":1200,"height":628,"caption":"concurso pol\u00edcia civil ba"},{"@type":"BreadcrumbList","@id":"https:\/\/www.estrategiaconcursos.com.br\/blog\/concurso-policia-civil-bahia-edital\/#breadcrumb","itemListElement":[{"@type":"ListItem","position":1,"name":"In\u00edcio","item":"https:\/\/www.estrategiaconcursos.com.br\/blog\/"},{"@type":"ListItem","position":2,"name":"Concurso PC BA 2019: ap\u00f3s entrevista com Governador do Estado, certame \u00e9 confirmado para este ano"}]},{"@type":"WebSite","@id":"https:\/\/www.estrategiaconcursos.com.br\/blog\/#website","url":"https:\/\/www.estrategiaconcursos.com.br\/blog\/","name":"Estrat\u00e9gia Concursos","description":"O blog da Estrat\u00e9gia Concursos traz not\u00edcias sobre concursos e artigos de professores oferecendo cursos para concursos (pdf + videaulas) no site.","publisher":{"@id":"https:\/\/www.estrategiaconcursos.com.br\/blog\/#organization"},"potentialAction":[{"@type":"SearchAction","target":{"@type":"EntryPoint","urlTemplate":"https:\/\/www.estrategiaconcursos.com.br\/blog\/?s={search_term_string}"},"query-input":{"@type":"PropertyValueSpecification","valueRequired":true,"valueName":"search_term_string"}}],"inLanguage":"pt-BR"},{"@type":"Organization","@id":"https:\/\/www.estrategiaconcursos.com.br\/blog\/#organization","name":"Estrat\u00e9gia Concursos","url":"https:\/\/www.estrategiaconcursos.com.br\/blog\/","logo":{"@type":"ImageObject","inLanguage":"pt-BR","@id":"https:\/\/www.estrategiaconcursos.com.br\/blog\/#\/schema\/logo\/image\/","url":"https:\/\/dhg1h5j42swfq.cloudfront.net\/2025\/06\/03203428\/logo_concursos-1.jpg","contentUrl":"https:\/\/dhg1h5j42swfq.cloudfront.net\/2025\/06\/03203428\/logo_concursos-1.jpg","width":230,"height":60,"caption":"Estrat\u00e9gia Concursos"},"image":{"@id":"https:\/\/www.estrategiaconcursos.com.br\/blog\/#\/schema\/logo\/image\/"},"sameAs":["https:\/\/x.com\/EstratConcursos"]},{"@type":"Person","@id":"https:\/\/www.estrategiaconcursos.com.br\/blog\/#\/schema\/person\/aa39cf5ddb518e5bdce27c35788405e2","name":"Ricardo Torques","image":{"@type":"ImageObject","inLanguage":"pt-BR","@id":"https:\/\/secure.gravatar.com\/avatar\/ce9ac6c3cff25fe86d15ed568ebc64d1724baf5c0693133bcb1f6073f712f92a?s=96&d=mm&r=g","url":"https:\/\/secure.gravatar.com\/avatar\/ce9ac6c3cff25fe86d15ed568ebc64d1724baf5c0693133bcb1f6073f712f92a?s=96&d=mm&r=g","contentUrl":"https:\/\/secure.gravatar.com\/avatar\/ce9ac6c3cff25fe86d15ed568ebc64d1724baf5c0693133bcb1f6073f712f92a?s=96&d=mm&r=g","caption":"Ricardo Torques"},"sameAs":["https:\/\/www.facebook.com\/ricardo.s.torques"],"url":"https:\/\/www.estrategiaconcursos.com.br\/blog\/author\/ricardotorquesestrategiaconcursos-com-br\/"}]}},"_links":{"self":[{"href":"https:\/\/www.estrategiaconcursos.com.br\/blog\/wp-json\/wp\/v2\/posts\/102908","targetHints":{"allow":["GET"]}}],"collection":[{"href":"https:\/\/www.estrategiaconcursos.com.br\/blog\/wp-json\/wp\/v2\/posts"}],"about":[{"href":"https:\/\/www.estrategiaconcursos.com.br\/blog\/wp-json\/wp\/v2\/types\/post"}],"author":[{"embeddable":true,"href":"https:\/\/www.estrategiaconcursos.com.br\/blog\/wp-json\/wp\/v2\/users\/180"}],"replies":[{"embeddable":true,"href":"https:\/\/www.estrategiaconcursos.com.br\/blog\/wp-json\/wp\/v2\/comments?post=102908"}],"version-history":[{"count":59,"href":"https:\/\/www.estrategiaconcursos.com.br\/blog\/wp-json\/wp\/v2\/posts\/102908\/revisions"}],"predecessor-version":[{"id":1262879,"href":"https:\/\/www.estrategiaconcursos.com.br\/blog\/wp-json\/wp\/v2\/posts\/102908\/revisions\/1262879"}],"wp:featuredmedia":[{"embeddable":true,"href":"https:\/\/www.estrategiaconcursos.com.br\/blog\/wp-json\/wp\/v2\/media\/103039"}],"wp:attachment":[{"href":"https:\/\/www.estrategiaconcursos.com.br\/blog\/wp-json\/wp\/v2\/media?parent=102908"}],"wp:term":[{"taxonomy":"category","embeddable":true,"href":"https:\/\/www.estrategiaconcursos.com.br\/blog\/wp-json\/wp\/v2\/categories?post=102908"},{"taxonomy":"post_tag","embeddable":true,"href":"https:\/\/www.estrategiaconcursos.com.br\/blog\/wp-json\/wp\/v2\/tags?post=102908"},{"taxonomy":"tax_estado","embeddable":true,"href":"https:\/\/www.estrategiaconcursos.com.br\/blog\/wp-json\/wp\/v2\/tax_estado?post=102908"}],"curies":[{"name":"wp","href":"https:\/\/api.w.org\/{rel}","templated":true}]}}