{"id":1029048,"date":"2022-05-16T21:56:41","date_gmt":"2022-05-17T00:56:41","guid":{"rendered":"https:\/\/www.estrategiaconcursos.com.br\/blog\/?p=1029048"},"modified":"2022-05-18T19:31:49","modified_gmt":"2022-05-18T22:31:49","slug":"exame-cfc-2022-1-veja-as-possibilidades-de-recursos","status":"publish","type":"post","link":"https:\/\/www.estrategiaconcursos.com.br\/blog\/exame-cfc-2022-1-veja-as-possibilidades-de-recursos\/","title":{"rendered":"Exame CFC 2022.1: Veja as possibilidades de recursos"},"content":{"rendered":"\n<p>Post atualizado em 18\/05\/2022, \u00e0s 18:28. Ol\u00e1, pessoal, tudo bem? A banca Consulplan divulgou o gabarito provis\u00f3rio do primeiro exame de sufici\u00eancia de 2022 e, como era esperado, algumas quest\u00f5es s\u00e3o pass\u00edveis de recursos.<\/p>\n\n\n\n<p>Vamos compilar neste artigo as possibilidade de recursos. Fiquem atentos, pois ele est\u00e1 em atualiza\u00e7\u00e3o e vamos inserir aqui novos recursos ainda.<\/p>\n\n\n\n<p>Vamos lutar at\u00e9 o final! Lembrando que esses recursos foram elaborados pelos professores do Estrat\u00e9gia CFC<\/p>\n\n\n\n<ul class=\"wp-block-list\"><li>Julio Cardozo<\/li><li>Luciano Rosa<\/li><li>Jo\u00e3o Paulo<\/li><li>Felipe Magalh\u00e3es<\/li><\/ul>\n\n\n\n<p><\/p>\n\n\n\n<p><strong>Quest\u00e3o 10 \u2013 Prova Azul (Contabilidade Geral \/ Deprecia\u00e7\u00e3o)<\/strong><strong><\/strong><\/p>\n\n\n\n<p>Uma sociedade empres\u00e1ria adquiriu uma m\u00e1quina para uso, cuja data de in\u00edcio de opera\u00e7\u00f5es foi em 01\/07\/2018 [\u2026] considerando somente as informa\u00e7\u00f5es apresentadas e de acordo com \u00e0 NBC TG 27 (R4) \u2013 Ativo imobilizado, o valor cont\u00e1bil l\u00edquido da m\u00e1quina, em 31\/12\/2021, corresponde a:<\/p>\n\n\n\n<p><strong>Coment\u00e1rios<\/strong><strong><\/strong><\/p>\n\n\n\n<p>Diante do gabarito apresentado pela douta banca, solicitamos \u00e0 anula\u00e7\u00e3o da quest\u00e3o pelos seguintes motivos: <strong>i)<\/strong> a banca n\u00e3o deixou evidente se os tributos recuper\u00e1veis e n\u00e3o recuper\u00e1veis est\u00e3o inclusos, ou n\u00e3o, no custo de aquisi\u00e7\u00e3o dessa m\u00e1quina; <strong>ii)<\/strong> para chegarmos ao gabarito proposto, dever\u00edamos considerar os tributos recuper\u00e1veis por dentro (embutidos no custo de aquisi\u00e7\u00e3o) e os tributos n\u00e3o recuper\u00e1veis por fora (n\u00e3o embutidos no custo de aquisi\u00e7\u00e3o).<\/p>\n\n\n\n<p>Conforme nos ensina PEGAS (2017)\u201d, os tributos que deduzem a receita bruta no Brasil s\u00e3o conhecidos pelo sistema de cobran\u00e7a POR DENTRO, ou seja, integram o pre\u00e7o final do produto. O \u00fanico imposto que \u00e9 cobrado POR FORA e acrescido efetivamente ao pre\u00e7o \u00e9 o IPI. Por dentro, deduzindo a receita bruta, temos os seguintes tributos: ICMS, ISS, PIS, COFINS e INSS (sobre faturamento).\u201d<\/p>\n\n\n\n<p>Com base nesse teor, a douta banca deveria ter informado expressamente a maneira que esses tributos estariam diante dessa aquisi\u00e7\u00e3o, impossibilitando, dessa forma, o julgamento do candidato.<\/p>\n\n\n\n<p>Abaixo, deixaremos o c\u00e1lculo que a douta banca apresentou como gabarito:<\/p>\n\n\n\n<p>Valor da M\u00e1quina: R$ 154.000<\/p>\n\n\n\n<p><strong>(+)<\/strong> Tributos N\u00e3o Recuper\u00e1veis: R$ 15.400<\/p>\n\n\n\n<p><strong>(-)<\/strong> Tributos Recuper\u00e1veis: R$ 18.480<\/p>\n\n\n\n<p><strong>(+)<\/strong> Gastos iniciais de transporte: R$ 1.580<\/p>\n\n\n\n<p><strong>(+)<\/strong> Gastos com Instala\u00e7\u00e3o: R$ 3.800<\/p>\n\n\n\n<p><strong>(=) Custo de Aquisi\u00e7\u00e3o: R$ 156.300<\/strong><strong><\/strong><\/p>\n\n\n\n<p><strong>(-)<\/strong> Valor Residual: R$ 7.815<\/p>\n\n\n\n<p><strong>(=) Valor Depreci\u00e1vel: R$ 148.485<\/strong><strong><\/strong><\/p>\n\n\n\n<p>Vida \u00fatil: 5 anos<\/p>\n\n\n\n<p>Per\u00edodo de utiliza\u00e7\u00e3o: 3 anos e meio ou 3,5 anos<\/p>\n\n\n\n<p>Deprecia\u00e7\u00e3o Anual: R$ 148.485 \/ 5 anos<\/p>\n\n\n\n<p><strong>Deprecia\u00e7\u00e3o Anual: R$ 29.697<\/strong><strong><\/strong><\/p>\n\n\n\n<p>Deprecia\u00e7\u00e3o no per\u00edodo utilizado: R$ 29.697 x 3,5 anos<\/p>\n\n\n\n<p><strong>Deprecia\u00e7\u00e3o no per\u00edodo utilizado: R$ 103.939,50<\/strong><strong><\/strong><\/p>\n\n\n\n<p>Valor Cont\u00e1bil L\u00edquido em 2021: R$ 156.300 \u2013 R$ 103.939,5<\/p>\n\n\n\n<p><strong>Valor Cont\u00e1bil L\u00edquido em 2021: R$ 52.360,50<\/strong><strong><\/strong><\/p>\n\n\n\n<p><strong>Gabarito: D<\/strong><strong><\/strong><\/p>\n\n\n\n<p>Contudo, o c\u00e1lculo est\u00e1 incorreto. Abaixo, transcrevemos os dois casos citados acima:<\/p>\n\n\n\n<p><strong>1\u00ba caso:<\/strong> <strong>tributos n\u00e3o est\u00e3o contidos no pre\u00e7o de aquisi\u00e7\u00e3o<\/strong><\/p>\n\n\n\n<p>Valor da M\u00e1quina: R$ 154.000<\/p>\n\n\n\n<p><strong>(+)<\/strong> Tributos N\u00e3o Recuper\u00e1veis: R$ 15.400<\/p>\n\n\n\n<p><strong>(+)<\/strong> Gastos iniciais de transporte: R$ 1.580<\/p>\n\n\n\n<p><strong>(+)<\/strong> Gastos com Instala\u00e7\u00e3o: R$ 3.800<\/p>\n\n\n\n<p><strong>(=) Custo de Aquisi\u00e7\u00e3o: R$ 174.780<\/strong><strong><\/strong><\/p>\n\n\n\n<p><strong>(-) <\/strong>Valor Residual: R$ 7.815<\/p>\n\n\n\n<p><strong>(=) Valor Depreci\u00e1vel: 166.965<\/strong><strong><\/strong><\/p>\n\n\n\n<p>Vida \u00fatil: 5 anos<\/p>\n\n\n\n<p>Per\u00edodo de utiliza\u00e7\u00e3o: 3 anos e meio ou 3,5 anos<\/p>\n\n\n\n<p>Deprecia\u00e7\u00e3o Anual: R$ 166.965 \/ 5 anos<\/p>\n\n\n\n<p><strong>Deprecia\u00e7\u00e3o Anual: R$ 33.393<\/strong><strong><\/strong><\/p>\n\n\n\n<p>Deprecia\u00e7\u00e3o no per\u00edodo utilizado: R$ 33.393 x 3,5 anos<\/p>\n\n\n\n<p><strong>Deprecia\u00e7\u00e3o no per\u00edodo utilizado: R$ 116.875,50<\/strong><strong><\/strong><\/p>\n\n\n\n<p>Valor Cont\u00e1bil L\u00edquido em 2021: R$ 174.780 \u2013 R$ 116.875,50<\/p>\n\n\n\n<p><strong>Valor Cont\u00e1bil L\u00edquido em 2021: R$ 57.904,50<\/strong><strong><\/strong><\/p>\n\n\n\n<p><strong>2\u00ba caso:<\/strong> <strong>tributos est\u00e3o contidos no pre\u00e7o de aquisi\u00e7\u00e3o<\/strong><\/p>\n\n\n\n<p>Valor da M\u00e1quina: R$ 154.000<\/p>\n\n\n\n<p><strong>(-)<\/strong> Tributos Recuper\u00e1veis: R$ 18.480<\/p>\n\n\n\n<p><strong>(+)<\/strong> Gastos iniciais de transporte: R$ 1.580<\/p>\n\n\n\n<p><strong>(+)<\/strong> Gastos com Instala\u00e7\u00e3o: R$ 3.800<\/p>\n\n\n\n<p><strong>(=) Custo de Aquisi\u00e7\u00e3o: R$ 140.900<\/strong><strong><\/strong><\/p>\n\n\n\n<p><strong>(-)<\/strong> Valor Residual: R$ 7.815<\/p>\n\n\n\n<p><strong>(=) Valor Depreci\u00e1vel: R$ 133.085<\/strong><strong><\/strong><\/p>\n\n\n\n<p>Vida \u00fatil: 5 anos<\/p>\n\n\n\n<p>Per\u00edodo de utiliza\u00e7\u00e3o: 3 anos e meio ou 3,5 anos<\/p>\n\n\n\n<p>Deprecia\u00e7\u00e3o Anual: R$ 133.085 \/ 5 anos<\/p>\n\n\n\n<p><strong>Deprecia\u00e7\u00e3o Anual: R$ 26.617<\/strong><strong><\/strong><\/p>\n\n\n\n<p>Deprecia\u00e7\u00e3o no per\u00edodo utilizado: R$ 26.617 x 3,5 anos<\/p>\n\n\n\n<p><strong>Deprecia\u00e7\u00e3o no per\u00edodo utilizado: R$ 93.159,50<\/strong><strong><\/strong><\/p>\n\n\n\n<p>Valor Cont\u00e1bil L\u00edquido em 2021: R$ 140.900 \u2013 R$ 93.159,50<\/p>\n\n\n\n<p><strong>Valor Cont\u00e1bil L\u00edquido em 2021: R$ 47.740,50<\/strong><strong><\/strong><\/p>\n\n\n\n<p>Mediante a isso, cabe-nos solicitar \u00e0 <strong><u>ANULA\u00c7\u00c3O<\/u><\/strong> dessa quest\u00e3o.<\/p>\n\n\n\n<p>Refer\u00eancia Bibliogr\u00e1fica:<\/p>\n\n\n\n<p>P\u00eagas, Paulo Henrique<br \/>Manual de contabilidade tribut\u00e1ria \/ Paulo Henrique P\u00eagas. \u2013 9. ed. \u2013 S\u00e3o Paulo: Atlas, 2017.<\/p>\n\n\n\n<p><strong>Quest\u00e3o 11 \u2013 Prova Azul (Contabilidade Geral \/ ICMS)<\/strong><strong><\/strong><\/p>\n\n\n\n<p>Uma empresa comercial realizou as seguintes opera\u00e7\u00f5es em mar\u00e7o de 2022:<\/p>\n\n\n\n<ul class=\"wp-block-list\"><li>Adquiriu mercadorias para revenda por R$ 36.400;<\/li><li>Arcou com custos de transporte das mercadorias adquiridas no valor de R$ 580;<\/li><li>Vendeu por R$ 50.960 parte das mercadorias adquiridas;<\/li><\/ul>\n\n\n\n<p><strong><u>Outras informa\u00e7\u00f5es:<\/u><\/strong><strong><u><\/u><\/strong><\/p>\n\n\n\n<ul class=\"wp-block-list\"><li>As opera\u00e7\u00f5es ocorrem dentro do mesmo Estado, sendo a al\u00edquota interna do ICMS de 18%, sem varia\u00e7\u00f5es nas opera\u00e7\u00f5es de compra e venda das mercadorias.<\/li><li>A apura\u00e7\u00e3o do imposto \u00e9 feita pelo regime normal (ICMS Normal).<\/li><li>Havia um saldo de ICMS a Recuperar no valor de R$ 1.300.<\/li><\/ul>\n\n\n\n<p>Considerando que essas foram as \u00fanicas opera\u00e7\u00f5es ocorridas no per\u00edodo, ap\u00f3s a apura\u00e7\u00e3o do ICMS referente a mar\u00e7o de 2022, a empresa apresentar\u00e1:<\/p>\n\n\n\n<p>A) ICMS a Recolher de R$ 1.216,40.<\/p>\n\n\n\n<p>B) ICMS a Recolher de R$ 1.320,80.<\/p>\n\n\n\n<p>C) ICMS a Recuperar de R$ 2.516,40.<\/p>\n\n\n\n<p>D) ICMS a Recuperar de R$ 3.816,40.<\/p>\n\n\n\n<p><strong>Coment\u00e1rios<\/strong><strong><\/strong><\/p>\n\n\n\n<p>Conforme o gabarito preliminar evidenciado pela douta banca, solicitamos \u00e0 anula\u00e7\u00e3o desta quest\u00e3o pelos seguintes motivos:<\/p>\n\n\n\n<p><strong>i) <\/strong>foi informado que as opera\u00e7\u00f5es ocorreram dentro de um mesmo Estado, todavia, n\u00e3o foi evidenciado se esse custo do frete, ocorreu dentro de um mesmo munic\u00edpio ou em munic\u00edpios diferentes;<\/p>\n\n\n\n<p><strong>ii)<\/strong> n\u00e3o h\u00e1 evid\u00eancias de que esse transporte foi realizado pela pr\u00f3pria adquirente ou por uma transportadora contratada;<\/p>\n\n\n\n<p>Com base nessas contextualiza\u00e7\u00f5es, se o transporte, dessas mercadorias, foi realizado pela pr\u00f3pria adquirente ou por uma transportadora em opera\u00e7\u00f5es intermunicipais (munic\u00edpios diferentes), <strong>haver\u00e1 incid\u00eancia de ICMS<\/strong>. Contudo, se o transporte foi realizado por uma transportadora em opera\u00e7\u00f5es intramunicipais (mesmo munic\u00edpio), <strong>haver\u00e1 incid\u00eancia de ISS<\/strong> e n\u00e3o ICMS.<\/p>\n\n\n\n<p>De acordo com a Lei Complementar n\u00ba 116\/06, que versa sobre o ISS, podemos perceber essa men\u00e7\u00e3o do frete no item 16 da Lista Anexa, sen\u00e3o vejamos:<\/p>\n\n\n\n<p><strong>16<\/strong> \u2013 <strong><u>Servi\u00e7os de transporte de natureza municipal<\/u><\/strong>. <strong><em><\/em><\/strong><\/p>\n\n\n\n<p>A partir disso, temos duas vertentes: <strong>1)<\/strong> considerar o frete como possibilidade de cr\u00e9dito fiscal de ICMS ou <strong>2)<\/strong> n\u00e3o considerar o frete como possibilidade de cr\u00e9dito fiscal de ICMS. Vejamos as duas possibilidades:<\/p>\n\n\n\n<p><strong>1) ICMS sobre o frete &#8211; intermunicipal<\/strong><strong><\/strong><\/p>\n\n\n\n\n\n<p><strong>2) ICMS sem considerar o frete \u2013 intramunicipal<\/strong><strong><\/strong><\/p>\n\n\n\n\n\n<p>Portanto, n\u00e3o h\u00e1 uma alternativa correta para essa exa\u00e7\u00e3o, sem que a banca informe como esse evento ocorreu (transporte intermunicipal ou intramunicipal). Dessa maneira, como a quest\u00e3o possu\u00ed duas respostas poss\u00edveis, passa a medir a sorte do candidato e n\u00e3o o seu conhecimento, logo, solicitamos a <strong><u>ANULA\u00c7\u00c3O<\/u><\/strong> dessa quest\u00e3o.<\/p>\n\n\n\n<p><strong>Quest\u00e3o 12 \u2013 Prova Azul (Contabilidade Geral \/ Estoques)<\/strong><strong><\/strong><\/p>\n\n\n\n<p>Uma sociedade empres\u00e1ria apresentou, ao final do exerc\u00edcio de 2021, as seguintes informa\u00e7\u00f5es sobre o estoque de mercadorias para revenda:<\/p>\n\n\n\n<figure class=\"wp-block-table\"><table><tbody><tr><td>Discrimina\u00e7\u00e3o<\/td><td>Mercadoria A<\/td><td>Mercadoria B<\/td><\/tr><tr><td>Pre\u00e7o de venda l\u00edquido estimado<\/td><td>R$ 7.000,00<\/td><td>R$ 2.000,00<\/td><\/tr><tr><td>Mercadorias para revenda<\/td><td>R$ 5.000,00<\/td><td>R$ 1.000,00<\/td><\/tr><tr><td>Custos necess\u00e1rios para a venda<\/td><td>R$ 2.150,00<\/td><td>R$ 400,00<\/td><\/tr><\/tbody><\/table><\/figure>\n\n\n\n<p>Considerando somente as informa\u00e7\u00f5es apresentadas e o disposto na NBC TG 16 (R2) \u2013 Estoques, o valor de Perdas Estimadas para Redu\u00e7\u00e3o ao Valor Recuper\u00e1vel e o valor de Estoques de Mercadorias para Revenda, assinale a composi\u00e7\u00e3o do valor cont\u00e1bil l\u00edquido de cada tipo de mercadoria em 31\/12\/2021.<\/p>\n\n\n\n<p><strong>Coment\u00e1rios<\/strong><strong><\/strong><\/p>\n\n\n\n<p>Conforme o gabarito preliminar disponibilizado pela banca, solicitamos \u00e0 anula\u00e7\u00e3o desta exa\u00e7\u00e3o por dois motivos:<\/p>\n\n\n\n<p><strong>i)<\/strong> o termo \u201c<strong>Perdas Estimadas para Redu\u00e7\u00e3o ao Valor Recuper\u00e1vel<\/strong>\u201d n\u00e3o \u00e9 o mais adequado para os estoques; ocorre que, \u00e0 NBC TG 01 (R4) \u2013 Redu\u00e7\u00e3o ao Valor Recuper\u00e1vel de Ativos, n\u00e3o se aplica aos estoques, conforme transcrito na Norma, sen\u00e3o vejamos:<\/p>\n\n\n\n<p><strong>2.<\/strong> <strong><em>Este pronunciamento deve ser aplicado na contabiliza\u00e7\u00e3o de ajuste para perdas por desvaloriza\u00e7\u00e3o de todos os ativos<\/em><\/strong>, <strong>exceto<\/strong>:<\/p>\n\n\n\n<p><strong>(a)<\/strong> <strong><em><u>estoques<\/u><\/em><\/strong> (ver CPC 16 \u2013 Estoques);<\/p>\n\n\n\n<p>Al\u00e9m disso, o termo correto a ser utilizado \u00e9 \u201c<strong>Perdas Estimadas para Redu\u00e7\u00e3o ao Valor Realiz\u00e1vel L\u00edquido<\/strong>\u201d conforme descreve \u00e0 NBC TG 16 (R2) \u2013 Estoques, em seu item 28, sen\u00e3o vejamos:<\/p>\n\n\n\n<p><strong>28.<\/strong> <strong><em>O custo dos estoques pode n\u00e3o ser recuper\u00e1vel<\/em><\/strong> se esses estoques estiverem danificados, se se tornarem total ou parcialmente obsoletos ou se os seus pre\u00e7os de venda tiverem diminu\u00eddo. O custo dos estoques pode tamb\u00e9m n\u00e3o ser recuper\u00e1vel se os custos estimados de acabamento ou os custos estimados a serem incorridos para realizar a venda tiverem aumentado. <strong><em><u>A pr\u00e1tica de reduzir o valor de custo dos estoques<\/u><\/em><\/strong> (<strong>write down<\/strong>) <strong><em><u>para o valor realiz\u00e1vel l\u00edquido<\/u><\/em><\/strong> <strong><em>\u00e9 consistente com o ponto de vista de que os ativos n\u00e3o devem ser escriturados por quantias superiores \u00e0quelas que se espera que sejam realizadas com a sua venda ou uso<\/em><\/strong>.<\/p>\n\n\n\n<p><strong>ii)<\/strong> o examinador deixou evidente que o pre\u00e7o de venda \u00e9 o valor <strong>l\u00edquido<\/strong>, ou seja, nesse montante n\u00e3o perfaz os custos estimados para concluir a produ\u00e7\u00e3o e os gastos estimados necess\u00e1rios para concretizar a venda. Para tanto, vejamos o que nos diz \u00e0 Norma 16 a respeito dessa defini\u00e7\u00e3o:<\/p>\n\n\n\n<p><strong><u>Valor realiz\u00e1vel l\u00edquido<\/u><\/strong> \u00e9 o <strong><em>pre\u00e7o de venda estimado<\/em><\/strong> no curso normal dos neg\u00f3cios <strong><u>deduzido<\/u><\/strong> dos <strong><em>custos estimados para sua conclus\u00e3o<\/em><\/strong> <strong><em>e<\/em><\/strong> dos <strong><em>gastos estimados necess\u00e1rios para se concretizar a venda<\/em><\/strong>.<\/p>\n\n\n\n<p>Al\u00e9m disso, \u00e0 NBC TG 16 (R4) \u2013 Estoques, define que:<\/p>\n\n\n\n<p><strong>9.<\/strong> <strong><em>Os estoques<\/em><\/strong> objeto deste Pronunciamento <strong><em>devem ser mensurados pelo valor de custo ou pelo valor realiz\u00e1vel l\u00edquido<\/em><\/strong>, <strong><em>dos dois<\/em><\/strong> <strong>o menor<\/strong>.<\/p>\n\n\n\n<p>Diante dessas informa\u00e7\u00f5es, para que pud\u00e9ssemos chegar ao gabarito proposto pela banca, dever\u00edamos deduzir os custos necess\u00e1rios para a venda do pre\u00e7o de venda <strong>l\u00edquido <\/strong>estimado, o que vai defronte a defini\u00e7\u00e3o trazida pela Norma, para encontrarmos o valor realiz\u00e1vel l\u00edquido e confront\u00e1-lo com o valor de custo.<\/p>\n\n\n\n<p>Portanto, resta nos dizer que, os valores realiz\u00e1veis l\u00edquidos de ambas as mercadorias foram informados pela banca sendo para a Mercadoria A o montante de R$ 7.000 e para a Mercadoria B o valor de R$ 2.000. Logo, percebemos que, o valor de custo \u00e9 menor em ambas e n\u00e3o haver\u00e1 reconhecimento de perdas por redu\u00e7\u00e3o ao valor realiz\u00e1vel l\u00edquido para a Mercadoria A.<\/p>\n\n\n\n<p>Sendo assim, solicitamos \u00e0 <strong><u>ANULA\u00c7\u00c3O<\/u><\/strong> desta quest\u00e3o, por n\u00e3o apresentar resposta correta.<\/p>\n\n\n\n<p><\/p>\n\n\n\n<h2 class=\"wp-block-heading\" id=\"h-questao-17-contabilidade-geral\">Quest\u00e3o 17 &#8211; Contabilidade Geral<\/h2>\n\n\n\n<p><\/p>\n\n\n\n<p>Uma companhia a\u00e9rea foi acionada na Justi\u00e7a por um passageiro que teve sua bagagem extraviada. Os contadores da companhia a\u00e9rea julgaram que a perda da causa na Justi\u00e7a era prov\u00e1vel e conseguiam estimar o valor da obriga\u00e7\u00e3o de modo confi\u00e1vel. Assinale, a seguir, o tratamento cont\u00e1bil da causa pela contabilidade da companhia a\u00e9rea.<\/p>\n\n\n\n<p>A) Nada deve ser feito.<\/p>\n\n\n\n<p>B) Evidencia\u00e7\u00e3o em nota explicativa, apenas.<\/p>\n\n\n\n<p>C) Reconhecimento de passivo e de despesa, apenas.<\/p>\n\n\n\n<p>D) Reconhecimento de passivo e redu\u00e7\u00e3o de caixa, apenas.<\/p>\n\n\n\n<p>O gabarito preliminar da d. Banca foi a letra C. Trata-se de uma a\u00e7\u00e3o judicial em que a perda da causa era prov\u00e1vel.<\/p>\n\n\n\n<p>O reconhecimento de passivo e de despesa est\u00e1 correto. Mas n\u00e3o \u00e9 \u201capenas\u201d isso que a empresa deve fazer. Tamb\u00e9m \u00e9 necess\u00e1rio divulgar em nota explicativa.<\/p>\n\n\n\n<p>Segundo o CPC 25 \u2013 Provis\u00f5es, Passivos contingentes e ativos contingentes:<\/p>\n\n\n\n<p>Divulga\u00e7\u00e3o<\/p>\n\n\n\n<p>84. Para cada classe de provis\u00e3o, a entidade deve divulgar:<\/p>\n\n\n\n<p>(a) o valor cont\u00e1bil no in\u00edcio e no fim do per\u00edodo;<\/p>\n\n\n\n<p>(b) provis\u00f5es adicionais feitas no per\u00edodo, incluindo aumentos nas provis\u00f5es existentes;<\/p>\n\n\n\n<p>(c) valores utilizados (ou seja, incorridos e baixados contra a provis\u00e3o) durante o per\u00edodo;<\/p>\n\n\n\n<p>(d) valores n\u00e3o utilizados revertidos durante o per\u00edodo; e<\/p>\n\n\n\n<p>(e) o aumento durante o per\u00edodo no valor descontado a valor presente proveniente da passagem do tempo e o efeito de qualquer mudan\u00e7a na taxa de desconto. N\u00e3o \u00e9 exigida informa\u00e7\u00e3o comparativa.<\/p>\n\n\n\n<p>85. A entidade deve divulgar, para cada classe de provis\u00e3o:<\/p>\n\n\n\n<p>(a) uma breve descri\u00e7\u00e3o da natureza da obriga\u00e7\u00e3o e o cronograma esperado de quaisquer sa\u00eddas de benef\u00edcios econ\u00f4micos resultantes;<\/p>\n\n\n\n<p>(b) uma indica\u00e7\u00e3o das incertezas sobre o valor ou o cronograma dessas sa\u00eddas. Sempre que necess\u00e1rio para fornecer informa\u00e7\u00f5es adequadas, a entidade deve divulgar as principais premissas adotadas em rela\u00e7\u00e3o a eventos futuros, conforme tratado no item 48; e<\/p>\n\n\n\n<p>(c) o valor de qualquer reembolso esperado, declarando o valor de qualquer ativo que tenha sido reconhecido por conta desse reembolso esperado.<\/p>\n\n\n\n<p>Dessa forma, no caso de uma a\u00e7\u00e3o judicial em que a perda \u00e9 prov\u00e1vel, a empresa deve reconhecer o passivo e a despesa e adicionalmente divulgar as informa\u00e7\u00f5es acima.<\/p>\n\n\n\n<p>Assim, por n\u00e3o apresentar resposta correta, solicitamos a <strong>ANULA\u00c7\u00c2O<\/strong> da quest\u00e3o.<\/p>\n\n\n\n<h2 class=\"wp-block-heading\" id=\"h-questao-45-contabilidade-geral\">Quest\u00e3o 45 &#8211; Contabilidade Geral<\/h2>\n\n\n\n<p>QUEST\u00c3O 45&nbsp; &#8211; PROVA AZUL<\/p>\n\n\n\n<p>Ao iniciar os trabalhos de auditoria, Jo\u00e3o analisou detidamente os documentos que lhe foram disponibilizados. Os n\u00fameros existentes na Demonstra\u00e7\u00e3o de Resultado foram os seguintes:<\/p>\n\n\n\n\n\n<p>Considerando que Jo\u00e3o \u00e9 um auditor extremamente consciente e profissional, atento \u00e0s Normas Brasileiras de Contabilidade e \u00e0s disposi\u00e7\u00f5es da Lei n\u00ba 6.404\/1976, ao analisar referidos n\u00fameros, certamente, ele concluir\u00e1 que:<\/p>\n\n\n\n<p>A) O \u201cLucro Bruto\u201d \u00e9 de R$ 123.962 milh\u00f5es.<\/p>\n\n\n\n<p>B) O \u201cLucro do Exerc\u00edcio\u201d \u00e9 de R$ 6.246 milh\u00f5es.<\/p>\n\n\n\n<p>C) O valor do \u201cLucro antes dos impostos\u201d \u00e9 de R$ 37 milh\u00f5es e n\u00e3o de R$ 9 milh\u00f5es como afirmado.<\/p>\n\n\n\n<p>D) O valor do \u201cLucro antes do resultado financeiro, participa\u00e7\u00f5es e impostos\u201d \u00e9 de R$ 13.223 milh\u00f5es.<\/p>\n\n\n\n<p>O gabarito preliminar foi a letra D. Mas a quest\u00e3o n\u00e3o apresenta resposta correta.<\/p>\n\n\n\n<p>Vamos elaborar a Demonstra\u00e7\u00e3o do Resultado do Exerc\u00edcio (DRE) com os&nbsp; dados apresentados:<\/p>\n\n\n\n<figure class=\"wp-block-table\"><table><tbody><tr><td>Receita de Vendas<\/td><td>&nbsp;&nbsp;&nbsp;&nbsp;&nbsp;&nbsp;&nbsp; 68.017<\/td><\/tr><tr><td>Custos dos produtos e servi\u00e7os vendidos<\/td><td>&#8211;&nbsp;&nbsp;&nbsp;&nbsp;&nbsp; 37.027<\/td><\/tr><tr><td><strong>Lucro bruto<\/strong><\/td><td><strong>&nbsp;&nbsp;&nbsp;&nbsp;&nbsp;&nbsp;&nbsp; 30.990<\/strong><\/td><\/tr><tr><td>Custos com explora\u00e7\u00e3o<\/td><td>&#8211;&nbsp;&nbsp;&nbsp;&nbsp;&nbsp;&nbsp;&nbsp;&nbsp; 1.043<\/td><\/tr><tr><td>Custo com pesquisas e desenvolvimento tecnol\u00f3gico<\/td><td>&#8211;&nbsp;&nbsp;&nbsp;&nbsp;&nbsp;&nbsp;&nbsp;&nbsp;&nbsp;&nbsp;&nbsp; 455<\/td><\/tr><tr><td>despesas com vendas<\/td><td>&#8211;&nbsp;&nbsp;&nbsp;&nbsp;&nbsp;&nbsp;&nbsp;&nbsp; 6.255<\/td><\/tr><tr><td>Despesas gerais e administrativas<\/td><td>&#8211;&nbsp;&nbsp;&nbsp;&nbsp;&nbsp;&nbsp;&nbsp;&nbsp; 1.381<\/td><\/tr><tr><td>despesas tribut\u00e1rias<\/td><td>&#8211;&nbsp;&nbsp;&nbsp;&nbsp;&nbsp;&nbsp;&nbsp;&nbsp; 1.243<\/td><\/tr><tr><td>Outras receitas operacionais l\u00edquidas<\/td><td>&nbsp;&nbsp;&nbsp;&nbsp;&nbsp;&nbsp;&nbsp;&nbsp;&nbsp; 1.174<\/td><\/tr><tr><td>Perda no valor de recupera\u00e7\u00e3o de ativos<\/td><td>&#8211;&nbsp;&nbsp;&nbsp;&nbsp;&nbsp;&nbsp;&nbsp;&nbsp; 8.565<\/td><\/tr><tr><td><strong>lucro antes do resultado financeiro, participa\u00e7\u00f5es e impostos<\/strong><\/td><td><strong>&nbsp;&nbsp;&nbsp;&nbsp;&nbsp;&nbsp;&nbsp; 13.222<\/strong><\/td><\/tr><tr><td>despesas financeiras<\/td><td>&#8211;&nbsp;&nbsp;&nbsp;&nbsp;&nbsp;&nbsp;&nbsp;&nbsp; 7.777<\/td><\/tr><tr><td>receitas financeiras<\/td><td>&nbsp;&nbsp;&nbsp;&nbsp;&nbsp;&nbsp;&nbsp;&nbsp;&nbsp;&nbsp;&nbsp;&nbsp;&nbsp; 705<\/td><\/tr><tr><td>varia\u00e7\u00f5es monet\u00e1rias e cambiais<\/td><td>&#8211;&nbsp;&nbsp;&nbsp;&nbsp;&nbsp;&nbsp;&nbsp;&nbsp; 5.324<\/td><\/tr><tr><td>resultado part. Investidas<\/td><td>&#8211;&nbsp;&nbsp;&nbsp;&nbsp;&nbsp;&nbsp;&nbsp;&nbsp;&nbsp;&nbsp;&nbsp; 818<\/td><\/tr><tr><td><strong>Lucro antes do Imposto de renda<\/strong><\/td><td><strong>&nbsp;&nbsp;&nbsp;&nbsp;&nbsp;&nbsp;&nbsp;&nbsp;&nbsp;&nbsp;&nbsp;&nbsp;&nbsp;&nbsp;&nbsp;&nbsp;&nbsp;&nbsp; 8<\/strong><\/td><\/tr><tr><td>Imposto de Renda e contribui\u00e7\u00e3o social<\/td><td>&#8211;&nbsp;&nbsp;&nbsp;&nbsp;&nbsp;&nbsp;&nbsp;&nbsp; 1.552<\/td><\/tr><tr><td><strong>Lucro do exerc\u00edcio<\/strong><\/td><td><strong>&#8211;&nbsp;&nbsp;&nbsp;&nbsp;&nbsp;&nbsp;&nbsp;&nbsp; 1.544<\/strong><\/td><\/tr><\/tbody><\/table><\/figure>\n\n\n\n<p>O valor do \u201cLucro antes do resultado financeiro, participa\u00e7\u00f5es e impostos\u201d \u00e9 de R$ 13.222&nbsp; milh\u00f5es, e n\u00e3o de R$ 13.223, como indicado na quest\u00e3o.<\/p>\n\n\n\n<p>Assim, por n\u00e3o apresentar resposta correta, solicitamos a <strong>ANULA\u00c7\u00c2O<\/strong> da quest\u00e3o.<\/p>\n\n\n\n<h1 class=\"wp-block-heading\" id=\"h-questao-48-prova-azul-pericia-contabil\">Quest\u00e3o 48 \u2013 Prova Azul (Per\u00edcia Cont\u00e1bil)<\/h1>\n\n\n\n<p>Gabarito Provis\u00f3rio: A<\/p>\n\n\n\n<p>Diante do gabarito apresentado pela douta banca, solicitamos a ANULA\u00c7\u00c3O da quest\u00e3o pelos motivos que iremos apresentar.<\/p>\n\n\n\n<p>A banca examinadora considerou correta a seguinte afirma\u00e7\u00e3o:<\/p>\n\n\n\n<p>\u201cAssistente t\u00e9cnico e perito n\u00e3o s\u00e3o profissionais cujas atribui\u00e7\u00f5es devem ser entendidas como sin\u00f4nimas. O assistente t\u00e9cnico atuar\u00e1 a partir de sua admiss\u00e3o pelo Juiz e ap\u00f3s a conclus\u00e3o dos exames e elabora\u00e7\u00e3o do laudo pelos peritos oficiais.\u201d<\/p>\n\n\n\n<p>A NBC PP 01 (R1) \u2013 Perito Cont\u00e1bil define o seguinte:<\/p>\n\n\n\n<p>(a)&nbsp;&nbsp;&nbsp;&nbsp;&nbsp;&nbsp;&nbsp;&nbsp;&nbsp; perito do ju\u00edzo \u00e9 o contador nomeado pelo poder judici\u00e1rio para exerc\u00edcio da per\u00edcia cont\u00e1bil;<\/p>\n\n\n\n<p>[&#8230;]<\/p>\n\n\n\n<p>(d)&nbsp;&nbsp;&nbsp;&nbsp;&nbsp;&nbsp;&nbsp;&nbsp;&nbsp; assistente t\u00e9cnico \u00e9 o contador ou \u00f3rg\u00e3o t\u00e9cnico ou cient\u00edfico INDICADO E CONTRATADO PELA PARTE EM PER\u00cdCIAS CONT\u00c1BEIS. (GRIFO NOSSO).<\/p>\n\n\n\n<p>Destacamos que h\u00e1 clara distin\u00e7\u00e3o entre a figura do perito do ju\u00edzo e o assistente t\u00e9cnico.<\/p>\n\n\n\n<p>Nesse sentido, a primeira parte da assertiva est\u00e1 correta, visto que Assistente t\u00e9cnico e perito n\u00e3o s\u00e3o profissionais cujas atribui\u00e7\u00f5es devem ser entendidas como sin\u00f4nimas.<\/p>\n\n\n\n<p>Todavia, a segunda parte da assertiva n\u00e3o est\u00e1 correta, pois o assistente t\u00e9cnico n\u00e3o atuar\u00e1 a partir de sua admiss\u00e3o pelo Juiz e ap\u00f3s a conclus\u00e3o dos exames e elabora\u00e7\u00e3o do laudo pelos peritos oficiais.\u201d<\/p>\n\n\n\n<p>O item 6 da NBC PP 01 afirma que a indica\u00e7\u00e3o ou a contrata\u00e7\u00e3o de assistente t\u00e9cnico ocorre quando a parte ou a contratante desejar ser assistida por contador, ou comprovar algo que dependa de conhecimento t\u00e9cnico-cient\u00edfico, raz\u00e3o pela qual o profissional s\u00f3 deve aceitar o encargo se reconhecer estar capacitado com conhecimento, discernimento e independ\u00eancia para a realiza\u00e7\u00e3o do trabalho.<\/p>\n\n\n\n<p>Ou seja, o assistente t\u00e9cnico \u00e9 contratado pelas partes envolvidas no processo e sua atua\u00e7\u00e3o come\u00e7a antes mesmo de sua admiss\u00e3o pelo ju\u00edzo.<\/p>\n\n\n\n<p>Ademais, o C\u00f3digo de Processo Civil, no art. 465, \u00a7 1\u00ba, II, incumbe \u00e0s partes, dentro de 15 (quinze) dias contados da intima\u00e7\u00e3o do despacho de nomea\u00e7\u00e3o do perito indicar assistente t\u00e9cnico;<\/p>\n\n\n\n<p>Al\u00e9m disso, o Art. 466, \u00a7 1 do CPC reza que &nbsp;os assistentes t\u00e9cnicos s\u00e3o de confian\u00e7a da parte e n\u00e3o est\u00e3o sujeitos a impedimento ou suspei\u00e7\u00e3o.<\/p>\n\n\n\n<p>Ainda h\u00e1 outro erro na assertiva ao estabelecer que a atua\u00e7\u00e3o do assistente t\u00e9cnico ocorrer\u00e1 apenas ap\u00f3s a conclus\u00e3o dos exames e elabora\u00e7\u00e3o do laudo pelos peritos oficiais.<\/p>\n\n\n\n<p>O trabalho do assistente t\u00e9cnico ocorre concomitante ao trabalho dos peritos oficiais.<\/p>\n\n\n\n<p>O mesmo art. 466, \u00a7 2\u00ba afirma que o perito deve assegurar aos assistentes das partes O ACESSO E O ACOMPANHAMENTO DAS DILIG\u00caNCIAS E DOS EXAMES QUE REALIZAR, com pr\u00e9via comunica\u00e7\u00e3o, comprovada nos autos, com anteced\u00eancia m\u00ednima de 5 (cinco) dias.<\/p>\n\n\n\n<p>Conforme nos ensina Mello (2016), \u201c Nesse caso, (o assistente t\u00e9cnico) deve come\u00e7ar sua atua\u00e7\u00e3o com o IN\u00cdCIO DA ATIVIDADE DO PERITO JUDICIAL e formalizar seu lado t\u00e9cnico por meio da entrega do parecer t\u00e9cnico cr\u00edtico ao laudo, apresentado ap\u00f3s a juntada do trabalho do perito.<\/p>\n\n\n\n<p>Nesse sentido, o item 28 da NBC PP 01 reza que a realiza\u00e7\u00e3o de dilig\u00eancias, para a busca de elementos de provas, quando necess\u00e1ria, deve ser comunicada aos assistentes t\u00e9cnicos com anteced\u00eancia legal.<\/p>\n\n\n\n<p>Percebam que h\u00e1 grande embasamento que comprova a atua\u00e7\u00e3o \u201cpari passo\u201d, ou seja, concomitante do assistente t\u00e9cnico com o perito oficial.<\/p>\n\n\n\n<p>Diante dos motivos expostos, a assertiva est\u00e1 errada, assim sendo, a quest\u00e3o deve ser ANULADA.<\/p>\n\n\n\n<p>Bibliografia:<\/p>\n\n\n\n<p>S\u00e1, Ant\u00f4nio Lopes de<\/p>\n\n\n\n<p>Per\u00edcia Cont\u00e1bil\/Ant\u00f4nio Lopes de S\u00e1<\/p>\n\n\n\n<p>11 ed. S\u00e3o Paulo 2019<\/p>\n\n\n\n<p>Mello, Paulo Cordeiro de<\/p>\n\n\n\n<p>Per\u00edcia Cont\u00e1bil<\/p>\n\n\n\n<p>2 edi\u00e7\u00e3o, S\u00e3o Paulo, 2016.<\/p>\n\n\n\n<p>Me sigam l\u00e1 no instagram para mais dicas (@profjuliocardozo)<\/p>\n\n\n\n<p><\/p>\n","protected":false},"excerpt":{"rendered":"<p>Post atualizado em 18\/05\/2022, \u00e0s 18:28. Ol\u00e1, pessoal, tudo bem? A banca Consulplan divulgou o gabarito provis\u00f3rio do primeiro exame de sufici\u00eancia de 2022 e, como era esperado, algumas quest\u00f5es s\u00e3o pass\u00edveis de recursos. Vamos compilar neste artigo as possibilidade de recursos. Fiquem atentos, pois ele est\u00e1 em atualiza\u00e7\u00e3o e vamos inserir aqui novos recursos [&hellip;]<\/p>\n","protected":false},"author":232,"featured_media":0,"comment_status":"open","ping_status":"closed","sticky":false,"template":"","format":"standard","meta":{"post_tipo":"article","footnotes":""},"categories":[1],"tags":[],"tax_estado":[],"class_list":["post-1029048","post","type-post","status-publish","format-standard","hentry","category-cursos-e-concursos"],"acf":[],"yoast_head":"<!-- This site is optimized with the Yoast SEO Premium plugin v27.2 (Yoast SEO v27.2) - https:\/\/yoast.com\/product\/yoast-seo-premium-wordpress\/ -->\n<title>Exame CFC 2022.1: Veja as possibilidades de recursos<\/title>\n<meta name=\"robots\" content=\"index, follow, max-snippet:-1, max-image-preview:large, max-video-preview:-1\" \/>\n<link rel=\"canonical\" href=\"https:\/\/www.estrategiaconcursos.com.br\/blog\/exame-cfc-2022-1-veja-as-possibilidades-de-recursos\/\" \/>\n<meta property=\"og:locale\" content=\"pt_BR\" \/>\n<meta property=\"og:type\" content=\"article\" \/>\n<meta property=\"og:title\" content=\"Exame CFC 2022.1: Veja as possibilidades de recursos\" \/>\n<meta property=\"og:description\" content=\"Post atualizado em 18\/05\/2022, \u00e0s 18:28. Ol\u00e1, pessoal, tudo bem? A banca Consulplan divulgou o gabarito provis\u00f3rio do primeiro exame de sufici\u00eancia de 2022 e, como era esperado, algumas quest\u00f5es s\u00e3o pass\u00edveis de recursos. Vamos compilar neste artigo as possibilidade de recursos. Fiquem atentos, pois ele est\u00e1 em atualiza\u00e7\u00e3o e vamos inserir aqui novos recursos [&hellip;]\" \/>\n<meta property=\"og:url\" content=\"https:\/\/www.estrategiaconcursos.com.br\/blog\/exame-cfc-2022-1-veja-as-possibilidades-de-recursos\/\" \/>\n<meta property=\"og:site_name\" content=\"Estrat\u00e9gia Concursos\" \/>\n<meta property=\"article:published_time\" content=\"2022-05-17T00:56:41+00:00\" \/>\n<meta property=\"article:modified_time\" content=\"2022-05-18T22:31:49+00:00\" \/>\n<meta name=\"author\" content=\"J\u00falio Cardozo\" \/>\n<meta name=\"twitter:card\" content=\"summary_large_image\" \/>\n<meta name=\"twitter:creator\" content=\"@EstratConcursos\" \/>\n<meta name=\"twitter:site\" content=\"@EstratConcursos\" \/>\n<meta name=\"twitter:label1\" content=\"Escrito por\" \/>\n\t<meta name=\"twitter:data1\" content=\"J\u00falio Cardozo\" \/>\n\t<meta name=\"twitter:label2\" content=\"Est. tempo de leitura\" \/>\n\t<meta name=\"twitter:data2\" content=\"17 minutos\" \/>\n<script type=\"application\/ld+json\" class=\"yoast-schema-graph\">{\"@context\":\"https:\/\/schema.org\",\"@graph\":[{\"@type\":\"NewsArticle\",\"@id\":\"https:\/\/www.estrategiaconcursos.com.br\/blog\/exame-cfc-2022-1-veja-as-possibilidades-de-recursos\/#article\",\"isPartOf\":{\"@id\":\"https:\/\/www.estrategiaconcursos.com.br\/blog\/exame-cfc-2022-1-veja-as-possibilidades-de-recursos\/\"},\"author\":{\"name\":\"J\u00falio Cardozo\",\"@id\":\"https:\/\/www.estrategiaconcursos.com.br\/blog\/#\/schema\/person\/12b17ad2ca38b568b2f16011da699962\"},\"headline\":\"Exame CFC 2022.1: Veja as possibilidades de recursos\",\"datePublished\":\"2022-05-17T00:56:41+00:00\",\"dateModified\":\"2022-05-18T22:31:49+00:00\",\"mainEntityOfPage\":{\"@id\":\"https:\/\/www.estrategiaconcursos.com.br\/blog\/exame-cfc-2022-1-veja-as-possibilidades-de-recursos\/\"},\"wordCount\":3224,\"commentCount\":0,\"publisher\":{\"@id\":\"https:\/\/www.estrategiaconcursos.com.br\/blog\/#organization\"},\"articleSection\":[\"Concursos P\u00fablicos\"],\"inLanguage\":\"pt-BR\",\"potentialAction\":[{\"@type\":\"CommentAction\",\"name\":\"Comment\",\"target\":[\"https:\/\/www.estrategiaconcursos.com.br\/blog\/exame-cfc-2022-1-veja-as-possibilidades-de-recursos\/#respond\"]}],\"copyrightYear\":\"2022\",\"copyrightHolder\":{\"@id\":\"https:\/\/www.estrategiaconcursos.com.br\/blog\/#organization\"}},{\"@type\":\"WebPage\",\"@id\":\"https:\/\/www.estrategiaconcursos.com.br\/blog\/exame-cfc-2022-1-veja-as-possibilidades-de-recursos\/\",\"url\":\"https:\/\/www.estrategiaconcursos.com.br\/blog\/exame-cfc-2022-1-veja-as-possibilidades-de-recursos\/\",\"name\":\"Exame CFC 2022.1: Veja as possibilidades de recursos\",\"isPartOf\":{\"@id\":\"https:\/\/www.estrategiaconcursos.com.br\/blog\/#website\"},\"datePublished\":\"2022-05-17T00:56:41+00:00\",\"dateModified\":\"2022-05-18T22:31:49+00:00\",\"breadcrumb\":{\"@id\":\"https:\/\/www.estrategiaconcursos.com.br\/blog\/exame-cfc-2022-1-veja-as-possibilidades-de-recursos\/#breadcrumb\"},\"inLanguage\":\"pt-BR\",\"potentialAction\":[{\"@type\":\"ReadAction\",\"target\":[\"https:\/\/www.estrategiaconcursos.com.br\/blog\/exame-cfc-2022-1-veja-as-possibilidades-de-recursos\/\"]}]},{\"@type\":\"BreadcrumbList\",\"@id\":\"https:\/\/www.estrategiaconcursos.com.br\/blog\/exame-cfc-2022-1-veja-as-possibilidades-de-recursos\/#breadcrumb\",\"itemListElement\":[{\"@type\":\"ListItem\",\"position\":1,\"name\":\"In\u00edcio\",\"item\":\"https:\/\/www.estrategiaconcursos.com.br\/blog\/\"},{\"@type\":\"ListItem\",\"position\":2,\"name\":\"Exame CFC 2022.1: Veja as possibilidades de recursos\"}]},{\"@type\":\"WebSite\",\"@id\":\"https:\/\/www.estrategiaconcursos.com.br\/blog\/#website\",\"url\":\"https:\/\/www.estrategiaconcursos.com.br\/blog\/\",\"name\":\"Estrat\u00e9gia Concursos\",\"description\":\"O blog da Estrat\u00e9gia Concursos traz not\u00edcias sobre concursos e artigos de professores oferecendo cursos para concursos (pdf + videaulas) no site.\",\"publisher\":{\"@id\":\"https:\/\/www.estrategiaconcursos.com.br\/blog\/#organization\"},\"potentialAction\":[{\"@type\":\"SearchAction\",\"target\":{\"@type\":\"EntryPoint\",\"urlTemplate\":\"https:\/\/www.estrategiaconcursos.com.br\/blog\/?s={search_term_string}\"},\"query-input\":{\"@type\":\"PropertyValueSpecification\",\"valueRequired\":true,\"valueName\":\"search_term_string\"}}],\"inLanguage\":\"pt-BR\"},{\"@type\":\"Organization\",\"@id\":\"https:\/\/www.estrategiaconcursos.com.br\/blog\/#organization\",\"name\":\"Estrat\u00e9gia Concursos\",\"url\":\"https:\/\/www.estrategiaconcursos.com.br\/blog\/\",\"logo\":{\"@type\":\"ImageObject\",\"inLanguage\":\"pt-BR\",\"@id\":\"https:\/\/www.estrategiaconcursos.com.br\/blog\/#\/schema\/logo\/image\/\",\"url\":\"https:\/\/dhg1h5j42swfq.cloudfront.net\/2025\/06\/03203428\/logo_concursos-1.jpg\",\"contentUrl\":\"https:\/\/dhg1h5j42swfq.cloudfront.net\/2025\/06\/03203428\/logo_concursos-1.jpg\",\"width\":230,\"height\":60,\"caption\":\"Estrat\u00e9gia Concursos\"},\"image\":{\"@id\":\"https:\/\/www.estrategiaconcursos.com.br\/blog\/#\/schema\/logo\/image\/\"},\"sameAs\":[\"https:\/\/x.com\/EstratConcursos\"]},{\"@type\":\"Person\",\"@id\":\"https:\/\/www.estrategiaconcursos.com.br\/blog\/#\/schema\/person\/12b17ad2ca38b568b2f16011da699962\",\"name\":\"J\u00falio Cardozo\",\"image\":{\"@type\":\"ImageObject\",\"inLanguage\":\"pt-BR\",\"@id\":\"https:\/\/secure.gravatar.com\/avatar\/6f8135f7704452fdc38c593047ee5eebfecbe6f9e848790fed37d598268b7382?s=96&d=mm&r=g\",\"url\":\"https:\/\/secure.gravatar.com\/avatar\/6f8135f7704452fdc38c593047ee5eebfecbe6f9e848790fed37d598268b7382?s=96&d=mm&r=g\",\"contentUrl\":\"https:\/\/secure.gravatar.com\/avatar\/6f8135f7704452fdc38c593047ee5eebfecbe6f9e848790fed37d598268b7382?s=96&d=mm&r=g\",\"caption\":\"J\u00falio Cardozo\"},\"url\":\"https:\/\/www.estrategiaconcursos.com.br\/blog\/author\/julio_cesardasilvahotmail-com\/\"}]}<\/script>\n<!-- \/ Yoast SEO Premium plugin. -->","yoast_head_json":{"title":"Exame CFC 2022.1: Veja as possibilidades de recursos","robots":{"index":"index","follow":"follow","max-snippet":"max-snippet:-1","max-image-preview":"max-image-preview:large","max-video-preview":"max-video-preview:-1"},"canonical":"https:\/\/www.estrategiaconcursos.com.br\/blog\/exame-cfc-2022-1-veja-as-possibilidades-de-recursos\/","og_locale":"pt_BR","og_type":"article","og_title":"Exame CFC 2022.1: Veja as possibilidades de recursos","og_description":"Post atualizado em 18\/05\/2022, \u00e0s 18:28. Ol\u00e1, pessoal, tudo bem? A banca Consulplan divulgou o gabarito provis\u00f3rio do primeiro exame de sufici\u00eancia de 2022 e, como era esperado, algumas quest\u00f5es s\u00e3o pass\u00edveis de recursos. Vamos compilar neste artigo as possibilidade de recursos. Fiquem atentos, pois ele est\u00e1 em atualiza\u00e7\u00e3o e vamos inserir aqui novos recursos [&hellip;]","og_url":"https:\/\/www.estrategiaconcursos.com.br\/blog\/exame-cfc-2022-1-veja-as-possibilidades-de-recursos\/","og_site_name":"Estrat\u00e9gia Concursos","article_published_time":"2022-05-17T00:56:41+00:00","article_modified_time":"2022-05-18T22:31:49+00:00","author":"J\u00falio Cardozo","twitter_card":"summary_large_image","twitter_creator":"@EstratConcursos","twitter_site":"@EstratConcursos","twitter_misc":{"Escrito por":"J\u00falio Cardozo","Est. tempo de leitura":"17 minutos"},"schema":{"@context":"https:\/\/schema.org","@graph":[{"@type":"NewsArticle","@id":"https:\/\/www.estrategiaconcursos.com.br\/blog\/exame-cfc-2022-1-veja-as-possibilidades-de-recursos\/#article","isPartOf":{"@id":"https:\/\/www.estrategiaconcursos.com.br\/blog\/exame-cfc-2022-1-veja-as-possibilidades-de-recursos\/"},"author":{"name":"J\u00falio Cardozo","@id":"https:\/\/www.estrategiaconcursos.com.br\/blog\/#\/schema\/person\/12b17ad2ca38b568b2f16011da699962"},"headline":"Exame CFC 2022.1: Veja as possibilidades de recursos","datePublished":"2022-05-17T00:56:41+00:00","dateModified":"2022-05-18T22:31:49+00:00","mainEntityOfPage":{"@id":"https:\/\/www.estrategiaconcursos.com.br\/blog\/exame-cfc-2022-1-veja-as-possibilidades-de-recursos\/"},"wordCount":3224,"commentCount":0,"publisher":{"@id":"https:\/\/www.estrategiaconcursos.com.br\/blog\/#organization"},"articleSection":["Concursos P\u00fablicos"],"inLanguage":"pt-BR","potentialAction":[{"@type":"CommentAction","name":"Comment","target":["https:\/\/www.estrategiaconcursos.com.br\/blog\/exame-cfc-2022-1-veja-as-possibilidades-de-recursos\/#respond"]}],"copyrightYear":"2022","copyrightHolder":{"@id":"https:\/\/www.estrategiaconcursos.com.br\/blog\/#organization"}},{"@type":"WebPage","@id":"https:\/\/www.estrategiaconcursos.com.br\/blog\/exame-cfc-2022-1-veja-as-possibilidades-de-recursos\/","url":"https:\/\/www.estrategiaconcursos.com.br\/blog\/exame-cfc-2022-1-veja-as-possibilidades-de-recursos\/","name":"Exame CFC 2022.1: Veja as possibilidades de recursos","isPartOf":{"@id":"https:\/\/www.estrategiaconcursos.com.br\/blog\/#website"},"datePublished":"2022-05-17T00:56:41+00:00","dateModified":"2022-05-18T22:31:49+00:00","breadcrumb":{"@id":"https:\/\/www.estrategiaconcursos.com.br\/blog\/exame-cfc-2022-1-veja-as-possibilidades-de-recursos\/#breadcrumb"},"inLanguage":"pt-BR","potentialAction":[{"@type":"ReadAction","target":["https:\/\/www.estrategiaconcursos.com.br\/blog\/exame-cfc-2022-1-veja-as-possibilidades-de-recursos\/"]}]},{"@type":"BreadcrumbList","@id":"https:\/\/www.estrategiaconcursos.com.br\/blog\/exame-cfc-2022-1-veja-as-possibilidades-de-recursos\/#breadcrumb","itemListElement":[{"@type":"ListItem","position":1,"name":"In\u00edcio","item":"https:\/\/www.estrategiaconcursos.com.br\/blog\/"},{"@type":"ListItem","position":2,"name":"Exame CFC 2022.1: Veja as possibilidades de recursos"}]},{"@type":"WebSite","@id":"https:\/\/www.estrategiaconcursos.com.br\/blog\/#website","url":"https:\/\/www.estrategiaconcursos.com.br\/blog\/","name":"Estrat\u00e9gia Concursos","description":"O blog da Estrat\u00e9gia Concursos traz not\u00edcias sobre concursos e artigos de professores oferecendo cursos para concursos (pdf + videaulas) no site.","publisher":{"@id":"https:\/\/www.estrategiaconcursos.com.br\/blog\/#organization"},"potentialAction":[{"@type":"SearchAction","target":{"@type":"EntryPoint","urlTemplate":"https:\/\/www.estrategiaconcursos.com.br\/blog\/?s={search_term_string}"},"query-input":{"@type":"PropertyValueSpecification","valueRequired":true,"valueName":"search_term_string"}}],"inLanguage":"pt-BR"},{"@type":"Organization","@id":"https:\/\/www.estrategiaconcursos.com.br\/blog\/#organization","name":"Estrat\u00e9gia Concursos","url":"https:\/\/www.estrategiaconcursos.com.br\/blog\/","logo":{"@type":"ImageObject","inLanguage":"pt-BR","@id":"https:\/\/www.estrategiaconcursos.com.br\/blog\/#\/schema\/logo\/image\/","url":"https:\/\/dhg1h5j42swfq.cloudfront.net\/2025\/06\/03203428\/logo_concursos-1.jpg","contentUrl":"https:\/\/dhg1h5j42swfq.cloudfront.net\/2025\/06\/03203428\/logo_concursos-1.jpg","width":230,"height":60,"caption":"Estrat\u00e9gia Concursos"},"image":{"@id":"https:\/\/www.estrategiaconcursos.com.br\/blog\/#\/schema\/logo\/image\/"},"sameAs":["https:\/\/x.com\/EstratConcursos"]},{"@type":"Person","@id":"https:\/\/www.estrategiaconcursos.com.br\/blog\/#\/schema\/person\/12b17ad2ca38b568b2f16011da699962","name":"J\u00falio Cardozo","image":{"@type":"ImageObject","inLanguage":"pt-BR","@id":"https:\/\/secure.gravatar.com\/avatar\/6f8135f7704452fdc38c593047ee5eebfecbe6f9e848790fed37d598268b7382?s=96&d=mm&r=g","url":"https:\/\/secure.gravatar.com\/avatar\/6f8135f7704452fdc38c593047ee5eebfecbe6f9e848790fed37d598268b7382?s=96&d=mm&r=g","contentUrl":"https:\/\/secure.gravatar.com\/avatar\/6f8135f7704452fdc38c593047ee5eebfecbe6f9e848790fed37d598268b7382?s=96&d=mm&r=g","caption":"J\u00falio Cardozo"},"url":"https:\/\/www.estrategiaconcursos.com.br\/blog\/author\/julio_cesardasilvahotmail-com\/"}]}},"_links":{"self":[{"href":"https:\/\/www.estrategiaconcursos.com.br\/blog\/wp-json\/wp\/v2\/posts\/1029048","targetHints":{"allow":["GET"]}}],"collection":[{"href":"https:\/\/www.estrategiaconcursos.com.br\/blog\/wp-json\/wp\/v2\/posts"}],"about":[{"href":"https:\/\/www.estrategiaconcursos.com.br\/blog\/wp-json\/wp\/v2\/types\/post"}],"author":[{"embeddable":true,"href":"https:\/\/www.estrategiaconcursos.com.br\/blog\/wp-json\/wp\/v2\/users\/232"}],"replies":[{"embeddable":true,"href":"https:\/\/www.estrategiaconcursos.com.br\/blog\/wp-json\/wp\/v2\/comments?post=1029048"}],"version-history":[{"count":5,"href":"https:\/\/www.estrategiaconcursos.com.br\/blog\/wp-json\/wp\/v2\/posts\/1029048\/revisions"}],"predecessor-version":[{"id":1030525,"href":"https:\/\/www.estrategiaconcursos.com.br\/blog\/wp-json\/wp\/v2\/posts\/1029048\/revisions\/1030525"}],"wp:attachment":[{"href":"https:\/\/www.estrategiaconcursos.com.br\/blog\/wp-json\/wp\/v2\/media?parent=1029048"}],"wp:term":[{"taxonomy":"category","embeddable":true,"href":"https:\/\/www.estrategiaconcursos.com.br\/blog\/wp-json\/wp\/v2\/categories?post=1029048"},{"taxonomy":"post_tag","embeddable":true,"href":"https:\/\/www.estrategiaconcursos.com.br\/blog\/wp-json\/wp\/v2\/tags?post=1029048"},{"taxonomy":"tax_estado","embeddable":true,"href":"https:\/\/www.estrategiaconcursos.com.br\/blog\/wp-json\/wp\/v2\/tax_estado?post=1029048"}],"curies":[{"name":"wp","href":"https:\/\/api.w.org\/{rel}","templated":true}]}}