{"id":1028875,"date":"2022-05-16T16:01:08","date_gmt":"2022-05-16T19:01:08","guid":{"rendered":"https:\/\/www.estrategiaconcursos.com.br\/blog\/?p=1028875"},"modified":"2022-05-18T08:49:11","modified_gmt":"2022-05-18T11:49:11","slug":"concurso-detran-am-recursos","status":"publish","type":"post","link":"https:\/\/www.estrategiaconcursos.com.br\/blog\/concurso-detran-am-recursos\/","title":{"rendered":"Concurso Detran AM: confira as possibilidades de recursos"},"content":{"rendered":"\n<p style=\"font-size:clamp(14.642px, 0.915rem + ((1vw - 3.2px) * 0.721), 22px);font-style:italic;font-weight:800\">Quer interpor recursos contra o gabarito do concurso Detran AM? Confira as possibilidades neste artigo!<\/p>\n\n\n\n<p>O <strong>concurso Detran AM<\/strong> teve suas provas aplicadas neste \u00faltimo domingo, 15 de maio. E, recentemente, foram divulgados os <a href=\"https:\/\/www.estrategiaconcursos.com.br\/blog\/concurso-detran-am-gabaritos-preliminares\/\" target=\"_blank\" rel=\"noreferrer noopener\">gabaritos preliminares<\/a>.&nbsp;<\/p>\n\n\n\n<p><strong>Pretende interpor recurso para o concurso Detran AM?<\/strong> Todo o processo deve ser realizado no prazo de dois dias \u00fateis, ou seja,&nbsp;<strong>de 16 e 17 de maio<\/strong>, atrav\u00e9s do&nbsp;<a href=\"https:\/\/www.ibfc.org.br\/concurso\/concurso_selecionado\/390\" target=\"_blank\" rel=\"noreferrer noopener\">site do IBFC<\/a>.<\/p>\n\n\n\n<p>E para te ajudar, assim como realizaram a corre\u00e7\u00e3o extraoficial da prova, nossos professores tamb\u00e9m analisaram os gabaritos provis\u00f3rios e identificaram algumas possibilidades de recursos. Confira abaixo e n\u00e3o perca o prazo!<\/p>\n\n\n\n<h2 class=\"has-background wp-block-heading\" id=\"h-concurso-detran-am-recursos-para-agente-de-transito\" style=\"background-color:#b3c5e5\">Concurso Detran AM: recursos para Agente de Tr\u00e2nsito<\/h2>\n\n\n\n<p><strong>Professor Renato da Costa<\/strong><\/p>\n\n\n\n<p><strong>Quest\u00e3o 15<\/strong> da prova de Agente de Tr\u00e2nsito do Detran do Amazonas, ocorrida dia 15 de maio de 2022.<\/p>\n\n\n\n<figure class=\"wp-block-image size-full\"><img loading=\"lazy\" decoding=\"async\" width=\"426\" height=\"247\" src=\"https:\/\/dhg1h5j42swfq.cloudfront.net\/2022\/05\/16155202\/image-190.png\" alt=\"Recursos Detran AM para Agente de Tr\u00e2nsito\" class=\"wp-image-1028896\" srcset=\"https:\/\/dhg1h5j42swfq.cloudfront.net\/2022\/05\/16155202\/image-190.png 426w, https:\/\/dhg1h5j42swfq.cloudfront.net\/2022\/05\/16155202\/image-190-300x174.png 300w\" sizes=\"auto, (max-width: 426px) 100vw, 426px\" \/><figcaption>Recursos Detran AM para Agente de Tr\u00e2nsito<\/figcaption><\/figure>\n\n\n\n<p>Gabarito preliminar da banca fornecido dia 16 de maio de 2022 aponta como resposta a letra C, considerando o Microsoft Windows como sendo um sistema operacional MONOUSU\u00c1RIO, sendo que n\u00e3o se trata de um assunto pac\u00edfico inclusive havendo diverg\u00eancia entre os autores referenciais da bibliografia indicada pela banca IBFC no edital do certame.<\/p>\n\n\n\n<figure class=\"wp-block-image size-full\"><img loading=\"lazy\" decoding=\"async\" width=\"562\" height=\"111\" src=\"https:\/\/dhg1h5j42swfq.cloudfront.net\/2022\/05\/16155226\/image-191.png\" alt=\"Recursos para Agente de Tr\u00e2nsito\" class=\"wp-image-1028897\" srcset=\"https:\/\/dhg1h5j42swfq.cloudfront.net\/2022\/05\/16155226\/image-191.png 562w, https:\/\/dhg1h5j42swfq.cloudfront.net\/2022\/05\/16155226\/image-191-300x59.png 300w\" sizes=\"auto, (max-width: 562px) 100vw, 562px\" \/><figcaption>Recursos Detran AM para Agente de Tr\u00e2nsito<\/figcaption><\/figure>\n\n\n\n<p>Segundo MANZANO, A.L.N.G. em Estudo Dirigido de Microsoft Windows 10 Home, S\u00e3o Paulo Editora \u00c9rica\/Saraiva, 2016, na p\u00e1gina 27 ele define conforme trecho de texto a seguir:<\/p>\n\n\n\n<blockquote class=\"wp-block-quote is-layout-flow wp-block-quote-is-layout-flow\"><p>\u201c2.14 TIPOS DE SISTEMAS OPERACIONAIS<br \/>Com a evolu\u00e7\u00e3o da m\u00e1quina e de seus processadores, pode-se perceber uma mudan\u00e7a nas caracter\u00edsticas dos sistemas operacionais, que determinou altera\u00e7\u00f5es importantes no funcionamento dessa principal categoria de software. Veja algumas:<\/p><p>\u2022 <strong>Sistema monousu\u00e1rio<\/strong>: sistema que serve somente a um usu\u00e1rio, que n\u00e3o pode compartilhar recursos ou informa\u00e7\u00f5es. <strong>Tamb\u00e9m tem a caracter\u00edstica de executar uma tarefa de cada vez<\/strong>.<\/p><p>\u2022 Sistema multitarefa: sistema que consegue executar mais de uma tarefa simultaneamente. Pode ser monousu\u00e1rio ou multiusu\u00e1rio.<\/p><p>\u2022 <strong>Sistema multiusu\u00e1rio: consegue compartilhar recursos ou informa\u00e7\u00f5es com mais de um usu\u00e1rio<\/strong>.\u201d<\/p><\/blockquote>\n\n\n\n<p>Ainda segundo MANZANO na p\u00e1gina 97 da mesma obra diz: <\/p>\n\n\n\n<blockquote class=\"wp-block-quote is-layout-flow wp-block-quote-is-layout-flow\"><p>\u201c5.1.4 CONTAS<br \/>\u2026<br \/><strong>Para que o Windows 10 assuma como um sistema operacional multiusu\u00e1rio, voc\u00ea deve criar contas previamente.<\/strong><\/p><p>Cada usu\u00e1rio criado ter\u00e1 um perfil determinado pelo usu\u00e1rio principal, com privil\u00e9gios de administra\u00e7\u00e3o. Esse usu\u00e1rio administrador normalmente \u00e9 o primeiro a ser criado quando da instala\u00e7\u00e3o do Windows 10.\u201d<\/p><\/blockquote>\n\n\n\n<p>Observamos que n\u00e3o \u00e9 pac\u00edfica a defini\u00e7\u00e3o de multiusu\u00e1rio pois ainda que para alguns autores (VELLOSO) \u00e9 necess\u00e1rio que o computador multiusu\u00e1rio possibilite a execu\u00e7\u00e3o de processos por m\u00faltiplos usu\u00e1rios simult\u00e2neos para outros autores (MANZANO) \u00e9 suficiente que haja o  compartilhamento de recursos entre usu\u00e1rios na mesma m\u00e1quina.<\/p>\n\n\n\n<p>Para aqueles que migraram do sistema operacional MS DOS que operava em modo monotarefa e monoprocessamento &#8211; predominante nas d\u00e9cadas de 80 e 90 &#8211; a quebra de paradigma obtida com o sistema operacional MS Windows ainda n primeira vers\u00e3o (95) evidenciava defini\u00e7\u00f5es como multitarefa preemptiva e multiusu\u00e1rio.<\/p>\n\n\n\n<p>Os pr\u00f3prios consultores da Microsoft sustentam o termo multiusu\u00e1rio para o produto conforme o link a seguir:<\/p>\n\n\n\n<p><a href=\"https:\/\/answers.microsoft.com\/pt-br\/windows\/forum\/windows_10-other_settings\/windows-monousu%C3%A1rio-ou-multiusu%C3%A1rio\/67f659e7-96ed-486c-88f3-e1fd53639efa?auth=1\" target=\"_blank\" rel=\"noreferrer noopener\">https:\/\/answers.microsoft.com\/pt-br\/windows\/forum\/windows_10-other_settings\/windowsmonousu%C3%A1rio-ou-multiusu%C3%A1rio\/67f659e7-96ed-486c-88f3-e1fd53639efa?auth=1<\/a><\/p>\n\n\n\n<p>\u00c9 importante frisar que o sistema operacional MS Windows 10 n\u00e3o limita as contas de usu\u00e1rio para o acesso a rede, mas possibilita o uso de pastas particulares, o compartilhamento de arquivos e pastas a n\u00edvel de usu\u00e1rio e inclusive a manuten\u00e7\u00e3o de usu\u00e1rios simult\u00e2neos na mem\u00f3ria atrav\u00e9s da <strong>TROCA DE USU\u00c1RIOS (que n\u00e3o efetua logoff)<\/strong> a partir de um simples CTRL+ALT+DEL, conceito este que percorre ambas as defini\u00e7\u00f5es de multiusu\u00e1rio existentes.<\/p>\n\n\n\n<p>Pode se concluir portanto que <strong>n\u00e3o \u00e9 correto AFIRMAR CATEGORICAMENTE que o sistema operacional Windows \u00e9 monousu\u00e1rio<\/strong>, podendo ser para outros muitos autores como MANZANO, A.L.N.G e COSTA, R. classificado como multiusu\u00e1rio.<\/p>\n\n\n\n<p><strong>CONCLUI-SE DESTA FORMA QUE DEVIDO A DIVERG\u00caNCIA QUANTO AO TEMA E A IMPOSSIBILIDADE DE TROCA DE GABARITO A QUEST\u00c3O DEVE SER ANULADA<\/strong><\/p>\n\n\n\n<p>Na certeza de apre\u00e7o e deferimento agrade\u00e7o.<\/p>\n\n\n\n<p><strong>RECURSOS IDENTICOS S\u00c3O IGNORADOS, ESCREVA COM AS SUAS PALAVRAS E AS MINHAS CITA\u00c7\u00d5ES<\/strong><\/p>\n\n\n\n<h2 class=\"has-background wp-block-heading\" id=\"h-concurso-detran-am-recursos-para-tecnico-adm\" style=\"background-color:#b3c5e5\">Concurso Detran AM: recursos para T\u00e9cnico Adm<\/h2>\n\n\n\n<p><strong>Professor Renato da Costa<\/strong><\/p>\n\n\n\n<p><strong>Quest\u00e3o 13<\/strong> da prova de T\u00e9cnico Administrativo do Detran do Amazonas, ocorrida dia 15 de maio de 2022.<\/p>\n\n\n\n<figure class=\"wp-block-image size-full\"><img loading=\"lazy\" decoding=\"async\" width=\"371\" height=\"173\" src=\"https:\/\/dhg1h5j42swfq.cloudfront.net\/2022\/05\/16155749\/image-192.png\" alt=\"Recursos Detran AM para T\u00e9cnico Adm\" class=\"wp-image-1028900\" srcset=\"https:\/\/dhg1h5j42swfq.cloudfront.net\/2022\/05\/16155749\/image-192.png 371w, https:\/\/dhg1h5j42swfq.cloudfront.net\/2022\/05\/16155749\/image-192-300x140.png 300w\" sizes=\"auto, (max-width: 371px) 100vw, 371px\" \/><figcaption>Recursos Detran AM para T\u00e9cnico Adm<\/figcaption><\/figure>\n\n\n\n<p>Gabarito preliminar da banca fornecido dia 16 de maio de 2022 <strong>aponta como resposta a letra B, considerando o Microsoft Windows como sendo um sistema operacional MONOUSU\u00c1RIO<\/strong>, sendo que n\u00e3o se trata de um assunto pac\u00edfico inclusive havendo diverg\u00eancia entre os autores referenciais da bibliografia indicada pela banca IBFC no edital do certame.<\/p>\n\n\n\n<figure class=\"wp-block-image size-full\"><img loading=\"lazy\" decoding=\"async\" width=\"562\" height=\"111\" src=\"https:\/\/dhg1h5j42swfq.cloudfront.net\/2022\/05\/16155226\/image-191.png\" alt=\"Recursos para T\u00e9cnico Adm\" class=\"wp-image-1028897\" srcset=\"https:\/\/dhg1h5j42swfq.cloudfront.net\/2022\/05\/16155226\/image-191.png 562w, https:\/\/dhg1h5j42swfq.cloudfront.net\/2022\/05\/16155226\/image-191-300x59.png 300w\" sizes=\"auto, (max-width: 562px) 100vw, 562px\" \/><figcaption>Recursos Detran AM para T\u00e9cnico Adm<\/figcaption><\/figure>\n\n\n\n<p>Segundo MANZANO, A.L.N.G. em Estudo Dirigido de Microsoft Windows 10 Home, S\u00e3o Paulo Editora \u00c9rica\/Saraiva, 2016, na p\u00e1gina 27 ele define conforme trecho de texto a seguir:<\/p>\n\n\n\n<blockquote class=\"wp-block-quote is-layout-flow wp-block-quote-is-layout-flow\"><p>\u201c2.14 TIPOS DE SISTEMAS OPERACIONAIS<br \/>Com a evolu\u00e7\u00e3o da m\u00e1quina e de seus processadores, pode-se perceber uma mudan\u00e7a nas caracter\u00edsticas dos sistemas operacionais, que determinou altera\u00e7\u00f5es importantes no funcionamento dessa principal categoria de software. Veja algumas:<\/p><p>\u2022 <strong>Sistema monousu\u00e1rio<\/strong>: sistema que serve somente a um usu\u00e1rio, que n\u00e3o pode compartilhar recursos ou informa\u00e7\u00f5es. <strong>Tamb\u00e9m tem a caracter\u00edstica de executar uma tarefa de cada vez<\/strong>.<\/p><p>\u2022 Sistema multitarefa: sistema que consegue executar mais de uma tarefa simultaneamente. Pode ser monousu\u00e1rio ou multiusu\u00e1rio.<\/p><p>\u2022 <strong>Sistema multiusu\u00e1rio: consegue compartilhar recursos ou informa\u00e7\u00f5es com mais de um usu\u00e1rio<\/strong>.\u201d<\/p><\/blockquote>\n\n\n\n<p>Ainda segundo MANZANO na p\u00e1gina 97 da mesma obra diz: <\/p>\n\n\n\n<blockquote class=\"wp-block-quote is-layout-flow wp-block-quote-is-layout-flow\"><p>\u201c5.1.4 CONTAS<br \/>\u2026<br \/><strong>Para que o Windows 10 assuma como um sistema operacional multiusu\u00e1rio, voc\u00ea deve criar contas previamente.<\/strong><\/p><p>Cada usu\u00e1rio criado ter\u00e1 um perfil determinado pelo usu\u00e1rio principal, com privil\u00e9gios de administra\u00e7\u00e3o. Esse usu\u00e1rio administrador normalmente \u00e9 o primeiro a ser criado quando da instala\u00e7\u00e3o do Windows 10.\u201d<\/p><\/blockquote>\n\n\n\n<p>Observamos que n\u00e3o \u00e9 pac\u00edfica a defini\u00e7\u00e3o de multiusu\u00e1rio pois ainda que para alguns autores (VELLOSO) \u00e9 necess\u00e1rio que o computador multiusu\u00e1rio possibilite a execu\u00e7\u00e3o de processos por m\u00faltiplos usu\u00e1rios simult\u00e2neos para outros autores (MANZANO) \u00e9 suficiente que haja o  compartilhamento de recursos entre usu\u00e1rios na mesma m\u00e1quina.<\/p>\n\n\n\n<p>Para aqueles que migraram do sistema operacional MS DOS que operava em modo monotarefa e monoprocessamento &#8211; predominante nas d\u00e9cadas de 80 e 90 &#8211; a quebra de paradigma obtida com o sistema operacional MS Windows ainda n primeira vers\u00e3o (95) evidenciava defini\u00e7\u00f5es como multitarefa preemptiva e multiusu\u00e1rio.<\/p>\n\n\n\n<p>Os pr\u00f3prios consultores da Microsoft sustentam o termo multiusu\u00e1rio para o produto conforme o link a seguir:<\/p>\n\n\n\n<p><a href=\"https:\/\/answers.microsoft.com\/pt-br\/windows\/forum\/windows_10-other_settings\/windows-monousu%C3%A1rio-ou-multiusu%C3%A1rio\/67f659e7-96ed-486c-88f3-e1fd53639efa?auth=1\" target=\"_blank\" rel=\"noreferrer noopener\">https:\/\/answers.microsoft.com\/pt-br\/windows\/forum\/windows_10-other_settings\/windowsmonousu%C3%A1rio-ou-multiusu%C3%A1rio\/67f659e7-96ed-486c-88f3-e1fd53639efa?auth=1<\/a><\/p>\n\n\n\n<p>\u00c9 importante frisar que o sistema operacional MS Windows 10 n\u00e3o limita as contas de usu\u00e1rio para o acesso a rede, mas possibilita o uso de pastas particulares, o compartilhamento de arquivos e pastas a n\u00edvel de usu\u00e1rio e inclusive a manuten\u00e7\u00e3o de usu\u00e1rios simult\u00e2neos na mem\u00f3ria atrav\u00e9s da <strong>TROCA DE USU\u00c1RIOS (que n\u00e3o efetua logoff)<\/strong> a partir de um simples CTRL+ALT+DEL, conceito este que percorre ambas as defini\u00e7\u00f5es de multiusu\u00e1rio existentes.<\/p>\n\n\n\n<p>Pode se concluir portanto que <strong>n\u00e3o \u00e9 correto AFIRMAR CATEGORICAMENTE que o sistema operacional Windows \u00e9 monousu\u00e1rio<\/strong>, podendo ser para outros muitos autores como MANZANO, A.L.N.G e COSTA, R. classificado como multiusu\u00e1rio.<\/p>\n\n\n\n<p><strong>CONCLUI-SE DESTA FORMA QUE DEVIDO A DIVERG\u00caNCIA QUANTO AO TEMA E A IMPOSSIBILIDADE DE TROCA DE GABARITO A QUEST\u00c3O DEVE SER ANULADA<\/strong><\/p>\n\n\n\n<p>Na certeza de apre\u00e7o e deferimento agrade\u00e7o.<\/p>\n\n\n\n<p><strong>RECURSOS IDENTICOS S\u00c3O IGNORADOS, ESCREVA COM AS SUAS PALAVRAS E AS MINHAS CITA\u00c7\u00d5ES<\/strong><\/p>\n\n\n\n<h2 class=\"has-text-align-center has-background has-medium-font-size wp-block-heading\" id=\"saiba-mais-concurso-detran-amazonas\" style=\"background-color:#b3c5e5\">Saiba mais: <a href=\"https:\/\/www.estrategiaconcursos.com.br\/blog\/concurso-detran-am\/\" target=\"_blank\" rel=\"noreferrer noopener\">Concurso Detran Amazonas<\/a><\/h2>\n\n\n\n<hr class=\"wp-block-separator\"\/>\n\n\n\n<h2 class=\"has-text-align-center wp-block-heading\" id=\"h-quer-saber-tudo-sobre-concursos-previstos-confira-nossos-artigos\">Quer saber tudo sobre concursos previstos?<br \/>Confira nossos artigos!<\/h2>\n\n\n\n<ul class=\"wp-block-list\"><li><a href=\"https:\/\/www.estrategiaconcursos.com.br\/blog\/concursos-abertos\/\" target=\"_blank\" rel=\"noreferrer noopener\">Concursos abertos<\/a><\/li><li><a href=\"https:\/\/www.estrategiaconcursos.com.br\/blog\/concursos-2022\/\" target=\"_blank\" rel=\"noreferrer noopener\">Concursos 2022<\/a><\/li><\/ul>\n\n\n\n<div class=\"container\" id=\"boxes\">\n  <div class=\"row\">\n\n    <div class=\"col-sm\">\n      <div class=\"banner-adm\" id=\"box-assinatura\">\n        <h3 class=\"titulo-assinatura\">Concurso Detran AM<\/h3>\n        <p class=\"subtitulo-assinatura\">Conhe\u00e7a os cursos<\/p>\n        <div class=\"box-botao\">\n          <a class=\"btn-assinatura\" target=\"_blank\" href=\"https:\/\/www.estrategiaconcursos.com.br\/cursos\/concurso\/\" role=\"button\" rel=\"noopener noreferrer\">Conhe\u00e7a mais<\/a>\n        <\/div>\n      <\/div>\n    \n    <\/div>\n\n  <\/div>\n<\/div>\n\n\n\n<div class=\"container\" id=\"boxes\">\n  <div class=\"row\">\n\n    <div class=\"col-sm\">\n      <div class=\"estrategia\" id=\"box-assinatura\">\n        <h3 class=\"titulo-assinatura\">Assinatura de Concursos<\/h3>\n        <p class=\"subtitulo-assinatura\">Assinatura de 1 ano ou 2 anos<\/p>\n        <div class=\"box-botao\">\n          <a class=\"btn-assinatura\" target=\"_blank\" href=\"https:\/\/www.estrategiaconcursos.com.br\/assinaturas\/\" role=\"button\" rel=\"noopener noreferrer\">ASSINE AGORA<\/a>\n        <\/div>\n      <\/div>\n     \n    <\/div><\/div><\/div>\n","protected":false},"excerpt":{"rendered":"<p>Quer interpor recursos contra o gabarito do concurso Detran AM? Confira as possibilidades neste artigo! O concurso Detran AM teve suas provas aplicadas neste \u00faltimo domingo, 15 de maio. E, recentemente, foram divulgados os gabaritos preliminares.&nbsp; Pretende interpor recurso para o concurso Detran AM? Todo o processo deve ser realizado no prazo de dois dias [&hellip;]<\/p>\n","protected":false},"author":1206,"featured_media":853816,"comment_status":"open","ping_status":"closed","sticky":false,"template":"","format":"standard","meta":{"post_tipo":"news","footnotes":""},"categories":[214992,220219],"tags":[],"tax_estado":[219966],"class_list":["post-1028875","post","type-post","status-publish","format-standard","has-post-thumbnail","hentry","category-concursos-administrativos","category-noticias","tax_estado-am"],"acf":[],"yoast_head":"<!-- This site is optimized with the Yoast SEO Premium plugin v27.2 (Yoast SEO v27.2) - https:\/\/yoast.com\/product\/yoast-seo-premium-wordpress\/ -->\n<title>Concurso Detran AM: confira as possibilidades de recursos<\/title>\n<meta name=\"description\" content=\"Confira as possibilidades de recursos contra o gabarito preliminar das provas do concurso Detran AM. Acesse!\" \/>\n<meta name=\"robots\" content=\"index, follow, max-snippet:-1, max-image-preview:large, max-video-preview:-1\" \/>\n<link rel=\"canonical\" href=\"https:\/\/www.estrategiaconcursos.com.br\/blog\/concurso-detran-am-recursos\/\" \/>\n<meta property=\"og:locale\" content=\"pt_BR\" \/>\n<meta property=\"og:type\" content=\"article\" \/>\n<meta property=\"og:title\" content=\"Concurso Detran AM: confira as possibilidades de recursos\" \/>\n<meta property=\"og:description\" content=\"Confira as possibilidades de recursos contra o gabarito preliminar das provas do concurso Detran AM. Acesse!\" \/>\n<meta property=\"og:url\" content=\"https:\/\/www.estrategiaconcursos.com.br\/blog\/concurso-detran-am-recursos\/\" \/>\n<meta property=\"og:site_name\" content=\"Estrat\u00e9gia Concursos\" \/>\n<meta property=\"article:published_time\" content=\"2022-05-16T19:01:08+00:00\" \/>\n<meta property=\"article:modified_time\" content=\"2022-05-18T11:49:11+00:00\" \/>\n<meta property=\"og:image\" content=\"https:\/\/dhg1h5j42swfq.cloudfront.net\/2021\/09\/03173348\/detran-am.jpg\" \/>\n\t<meta property=\"og:image:width\" content=\"768\" \/>\n\t<meta property=\"og:image:height\" content=\"432\" \/>\n\t<meta property=\"og:image:type\" content=\"image\/jpeg\" \/>\n<meta name=\"author\" content=\"Bruna de Andrade Fran\u00e7a\" \/>\n<meta name=\"twitter:card\" content=\"summary_large_image\" \/>\n<meta name=\"twitter:creator\" content=\"@EstratConcursos\" \/>\n<meta name=\"twitter:site\" content=\"@EstratConcursos\" \/>\n<meta name=\"twitter:label1\" content=\"Escrito por\" \/>\n\t<meta name=\"twitter:data1\" content=\"Bruna de Andrade Fran\u00e7a\" \/>\n\t<meta name=\"twitter:label2\" content=\"Est. tempo de leitura\" \/>\n\t<meta name=\"twitter:data2\" content=\"8 minutos\" \/>\n<script type=\"application\/ld+json\" class=\"yoast-schema-graph\">{\"@context\":\"https:\/\/schema.org\",\"@graph\":[{\"@type\":\"NewsArticle\",\"@id\":\"https:\/\/www.estrategiaconcursos.com.br\/blog\/concurso-detran-am-recursos\/#article\",\"isPartOf\":{\"@id\":\"https:\/\/www.estrategiaconcursos.com.br\/blog\/concurso-detran-am-recursos\/\"},\"author\":{\"name\":\"Bruna de Andrade Fran\u00e7a\",\"@id\":\"https:\/\/www.estrategiaconcursos.com.br\/blog\/#\/schema\/person\/6630f91134abc08115cca62ce6372855\"},\"headline\":\"Concurso Detran AM: confira as possibilidades de recursos\",\"datePublished\":\"2022-05-16T19:01:08+00:00\",\"dateModified\":\"2022-05-18T11:49:11+00:00\",\"mainEntityOfPage\":{\"@id\":\"https:\/\/www.estrategiaconcursos.com.br\/blog\/concurso-detran-am-recursos\/\"},\"wordCount\":1385,\"commentCount\":0,\"publisher\":{\"@id\":\"https:\/\/www.estrategiaconcursos.com.br\/blog\/#organization\"},\"image\":{\"@id\":\"https:\/\/www.estrategiaconcursos.com.br\/blog\/concurso-detran-am-recursos\/#primaryimage\"},\"thumbnailUrl\":\"https:\/\/dhg1h5j42swfq.cloudfront.net\/2021\/09\/03173348\/detran-am.jpg\",\"articleSection\":[\"Executivo (Administrativa)\",\"\u00daltimas not\u00edcias\"],\"inLanguage\":\"pt-BR\",\"potentialAction\":[{\"@type\":\"CommentAction\",\"name\":\"Comment\",\"target\":[\"https:\/\/www.estrategiaconcursos.com.br\/blog\/concurso-detran-am-recursos\/#respond\"]}],\"copyrightYear\":\"2022\",\"copyrightHolder\":{\"@id\":\"https:\/\/www.estrategiaconcursos.com.br\/blog\/#organization\"}},{\"@type\":\"WebPage\",\"@id\":\"https:\/\/www.estrategiaconcursos.com.br\/blog\/concurso-detran-am-recursos\/\",\"url\":\"https:\/\/www.estrategiaconcursos.com.br\/blog\/concurso-detran-am-recursos\/\",\"name\":\"Concurso Detran AM: confira as possibilidades de recursos\",\"isPartOf\":{\"@id\":\"https:\/\/www.estrategiaconcursos.com.br\/blog\/#website\"},\"primaryImageOfPage\":{\"@id\":\"https:\/\/www.estrategiaconcursos.com.br\/blog\/concurso-detran-am-recursos\/#primaryimage\"},\"image\":{\"@id\":\"https:\/\/www.estrategiaconcursos.com.br\/blog\/concurso-detran-am-recursos\/#primaryimage\"},\"thumbnailUrl\":\"https:\/\/dhg1h5j42swfq.cloudfront.net\/2021\/09\/03173348\/detran-am.jpg\",\"datePublished\":\"2022-05-16T19:01:08+00:00\",\"dateModified\":\"2022-05-18T11:49:11+00:00\",\"description\":\"Confira as possibilidades de recursos contra o gabarito preliminar das provas do concurso Detran AM. Acesse!\",\"breadcrumb\":{\"@id\":\"https:\/\/www.estrategiaconcursos.com.br\/blog\/concurso-detran-am-recursos\/#breadcrumb\"},\"inLanguage\":\"pt-BR\",\"potentialAction\":[{\"@type\":\"ReadAction\",\"target\":[\"https:\/\/www.estrategiaconcursos.com.br\/blog\/concurso-detran-am-recursos\/\"]}]},{\"@type\":\"ImageObject\",\"inLanguage\":\"pt-BR\",\"@id\":\"https:\/\/www.estrategiaconcursos.com.br\/blog\/concurso-detran-am-recursos\/#primaryimage\",\"url\":\"https:\/\/dhg1h5j42swfq.cloudfront.net\/2021\/09\/03173348\/detran-am.jpg\",\"contentUrl\":\"https:\/\/dhg1h5j42swfq.cloudfront.net\/2021\/09\/03173348\/detran-am.jpg\",\"width\":768,\"height\":432,\"caption\":\"concurso detran am\"},{\"@type\":\"BreadcrumbList\",\"@id\":\"https:\/\/www.estrategiaconcursos.com.br\/blog\/concurso-detran-am-recursos\/#breadcrumb\",\"itemListElement\":[{\"@type\":\"ListItem\",\"position\":1,\"name\":\"In\u00edcio\",\"item\":\"https:\/\/www.estrategiaconcursos.com.br\/blog\/\"},{\"@type\":\"ListItem\",\"position\":2,\"name\":\"Concurso Detran AM: confira as possibilidades de recursos\"}]},{\"@type\":\"WebSite\",\"@id\":\"https:\/\/www.estrategiaconcursos.com.br\/blog\/#website\",\"url\":\"https:\/\/www.estrategiaconcursos.com.br\/blog\/\",\"name\":\"Estrat\u00e9gia Concursos\",\"description\":\"O blog da Estrat\u00e9gia Concursos traz not\u00edcias sobre concursos e artigos de professores oferecendo cursos para concursos (pdf + videaulas) no site.\",\"publisher\":{\"@id\":\"https:\/\/www.estrategiaconcursos.com.br\/blog\/#organization\"},\"potentialAction\":[{\"@type\":\"SearchAction\",\"target\":{\"@type\":\"EntryPoint\",\"urlTemplate\":\"https:\/\/www.estrategiaconcursos.com.br\/blog\/?s={search_term_string}\"},\"query-input\":{\"@type\":\"PropertyValueSpecification\",\"valueRequired\":true,\"valueName\":\"search_term_string\"}}],\"inLanguage\":\"pt-BR\"},{\"@type\":\"Organization\",\"@id\":\"https:\/\/www.estrategiaconcursos.com.br\/blog\/#organization\",\"name\":\"Estrat\u00e9gia Concursos\",\"url\":\"https:\/\/www.estrategiaconcursos.com.br\/blog\/\",\"logo\":{\"@type\":\"ImageObject\",\"inLanguage\":\"pt-BR\",\"@id\":\"https:\/\/www.estrategiaconcursos.com.br\/blog\/#\/schema\/logo\/image\/\",\"url\":\"https:\/\/dhg1h5j42swfq.cloudfront.net\/2025\/06\/03203428\/logo_concursos-1.jpg\",\"contentUrl\":\"https:\/\/dhg1h5j42swfq.cloudfront.net\/2025\/06\/03203428\/logo_concursos-1.jpg\",\"width\":230,\"height\":60,\"caption\":\"Estrat\u00e9gia Concursos\"},\"image\":{\"@id\":\"https:\/\/www.estrategiaconcursos.com.br\/blog\/#\/schema\/logo\/image\/\"},\"sameAs\":[\"https:\/\/x.com\/EstratConcursos\"]},{\"@type\":\"Person\",\"@id\":\"https:\/\/www.estrategiaconcursos.com.br\/blog\/#\/schema\/person\/6630f91134abc08115cca62ce6372855\",\"name\":\"Bruna de Andrade Fran\u00e7a\",\"image\":{\"@type\":\"ImageObject\",\"inLanguage\":\"pt-BR\",\"@id\":\"https:\/\/secure.gravatar.com\/avatar\/d6316d36d50cea0fadae28ed3015b8870cc90a2d3d8a95c37b44006af36a00e3?s=96&d=mm&r=g\",\"url\":\"https:\/\/secure.gravatar.com\/avatar\/d6316d36d50cea0fadae28ed3015b8870cc90a2d3d8a95c37b44006af36a00e3?s=96&d=mm&r=g\",\"contentUrl\":\"https:\/\/secure.gravatar.com\/avatar\/d6316d36d50cea0fadae28ed3015b8870cc90a2d3d8a95c37b44006af36a00e3?s=96&d=mm&r=g\",\"caption\":\"Bruna de Andrade Fran\u00e7a\"},\"description\":\"Bruna de Andrade Fran\u00e7a \u00e9 publicit\u00e1ria com p\u00f3s-gradua\u00e7\u00e3o em Marketing &amp; Growth, atuando h\u00e1 mais de 6 anos no universo dos concursos p\u00fablicos. Desde 2021, lidera no Blog do Estrat\u00e9gia Concursos a cobertura editorial especializada em Concursos Policiais (PF, PRF, PM, PC, etc.), al\u00e9m das frentes de concursos banc\u00e1rios, de sa\u00fade e da \u00e1rea legislativa. Especialista em reda\u00e7\u00e3o, com pr\u00e1ticas de SEO e Copywriting, possui tamb\u00e9m atua\u00e7\u00e3o pr\u00e1tica de contato direto com \u00f3rg\u00e3os p\u00fablicos respons\u00e1veis por editais, permitindo acesso antecipado a informa\u00e7\u00f5es, desdobramentos importantes e atualiza\u00e7\u00e3o eficiente dos concursos p\u00fablicos.\",\"url\":\"https:\/\/www.estrategiaconcursos.com.br\/blog\/author\/bruna-andrade\/\"}]}<\/script>\n<!-- \/ Yoast SEO Premium plugin. -->","yoast_head_json":{"title":"Concurso Detran AM: confira as possibilidades de recursos","description":"Confira as possibilidades de recursos contra o gabarito preliminar das provas do concurso Detran AM. Acesse!","robots":{"index":"index","follow":"follow","max-snippet":"max-snippet:-1","max-image-preview":"max-image-preview:large","max-video-preview":"max-video-preview:-1"},"canonical":"https:\/\/www.estrategiaconcursos.com.br\/blog\/concurso-detran-am-recursos\/","og_locale":"pt_BR","og_type":"article","og_title":"Concurso Detran AM: confira as possibilidades de recursos","og_description":"Confira as possibilidades de recursos contra o gabarito preliminar das provas do concurso Detran AM. Acesse!","og_url":"https:\/\/www.estrategiaconcursos.com.br\/blog\/concurso-detran-am-recursos\/","og_site_name":"Estrat\u00e9gia Concursos","article_published_time":"2022-05-16T19:01:08+00:00","article_modified_time":"2022-05-18T11:49:11+00:00","og_image":[{"width":768,"height":432,"url":"https:\/\/dhg1h5j42swfq.cloudfront.net\/2021\/09\/03173348\/detran-am.jpg","type":"image\/jpeg"}],"author":"Bruna de Andrade Fran\u00e7a","twitter_card":"summary_large_image","twitter_creator":"@EstratConcursos","twitter_site":"@EstratConcursos","twitter_misc":{"Escrito por":"Bruna de Andrade Fran\u00e7a","Est. tempo de leitura":"8 minutos"},"schema":{"@context":"https:\/\/schema.org","@graph":[{"@type":"NewsArticle","@id":"https:\/\/www.estrategiaconcursos.com.br\/blog\/concurso-detran-am-recursos\/#article","isPartOf":{"@id":"https:\/\/www.estrategiaconcursos.com.br\/blog\/concurso-detran-am-recursos\/"},"author":{"name":"Bruna de Andrade Fran\u00e7a","@id":"https:\/\/www.estrategiaconcursos.com.br\/blog\/#\/schema\/person\/6630f91134abc08115cca62ce6372855"},"headline":"Concurso Detran AM: confira as possibilidades de recursos","datePublished":"2022-05-16T19:01:08+00:00","dateModified":"2022-05-18T11:49:11+00:00","mainEntityOfPage":{"@id":"https:\/\/www.estrategiaconcursos.com.br\/blog\/concurso-detran-am-recursos\/"},"wordCount":1385,"commentCount":0,"publisher":{"@id":"https:\/\/www.estrategiaconcursos.com.br\/blog\/#organization"},"image":{"@id":"https:\/\/www.estrategiaconcursos.com.br\/blog\/concurso-detran-am-recursos\/#primaryimage"},"thumbnailUrl":"https:\/\/dhg1h5j42swfq.cloudfront.net\/2021\/09\/03173348\/detran-am.jpg","articleSection":["Executivo (Administrativa)","\u00daltimas not\u00edcias"],"inLanguage":"pt-BR","potentialAction":[{"@type":"CommentAction","name":"Comment","target":["https:\/\/www.estrategiaconcursos.com.br\/blog\/concurso-detran-am-recursos\/#respond"]}],"copyrightYear":"2022","copyrightHolder":{"@id":"https:\/\/www.estrategiaconcursos.com.br\/blog\/#organization"}},{"@type":"WebPage","@id":"https:\/\/www.estrategiaconcursos.com.br\/blog\/concurso-detran-am-recursos\/","url":"https:\/\/www.estrategiaconcursos.com.br\/blog\/concurso-detran-am-recursos\/","name":"Concurso Detran AM: confira as possibilidades de recursos","isPartOf":{"@id":"https:\/\/www.estrategiaconcursos.com.br\/blog\/#website"},"primaryImageOfPage":{"@id":"https:\/\/www.estrategiaconcursos.com.br\/blog\/concurso-detran-am-recursos\/#primaryimage"},"image":{"@id":"https:\/\/www.estrategiaconcursos.com.br\/blog\/concurso-detran-am-recursos\/#primaryimage"},"thumbnailUrl":"https:\/\/dhg1h5j42swfq.cloudfront.net\/2021\/09\/03173348\/detran-am.jpg","datePublished":"2022-05-16T19:01:08+00:00","dateModified":"2022-05-18T11:49:11+00:00","description":"Confira as possibilidades de recursos contra o gabarito preliminar das provas do concurso Detran AM. Acesse!","breadcrumb":{"@id":"https:\/\/www.estrategiaconcursos.com.br\/blog\/concurso-detran-am-recursos\/#breadcrumb"},"inLanguage":"pt-BR","potentialAction":[{"@type":"ReadAction","target":["https:\/\/www.estrategiaconcursos.com.br\/blog\/concurso-detran-am-recursos\/"]}]},{"@type":"ImageObject","inLanguage":"pt-BR","@id":"https:\/\/www.estrategiaconcursos.com.br\/blog\/concurso-detran-am-recursos\/#primaryimage","url":"https:\/\/dhg1h5j42swfq.cloudfront.net\/2021\/09\/03173348\/detran-am.jpg","contentUrl":"https:\/\/dhg1h5j42swfq.cloudfront.net\/2021\/09\/03173348\/detran-am.jpg","width":768,"height":432,"caption":"concurso detran am"},{"@type":"BreadcrumbList","@id":"https:\/\/www.estrategiaconcursos.com.br\/blog\/concurso-detran-am-recursos\/#breadcrumb","itemListElement":[{"@type":"ListItem","position":1,"name":"In\u00edcio","item":"https:\/\/www.estrategiaconcursos.com.br\/blog\/"},{"@type":"ListItem","position":2,"name":"Concurso Detran AM: confira as possibilidades de recursos"}]},{"@type":"WebSite","@id":"https:\/\/www.estrategiaconcursos.com.br\/blog\/#website","url":"https:\/\/www.estrategiaconcursos.com.br\/blog\/","name":"Estrat\u00e9gia Concursos","description":"O blog da Estrat\u00e9gia Concursos traz not\u00edcias sobre concursos e artigos de professores oferecendo cursos para concursos (pdf + videaulas) no site.","publisher":{"@id":"https:\/\/www.estrategiaconcursos.com.br\/blog\/#organization"},"potentialAction":[{"@type":"SearchAction","target":{"@type":"EntryPoint","urlTemplate":"https:\/\/www.estrategiaconcursos.com.br\/blog\/?s={search_term_string}"},"query-input":{"@type":"PropertyValueSpecification","valueRequired":true,"valueName":"search_term_string"}}],"inLanguage":"pt-BR"},{"@type":"Organization","@id":"https:\/\/www.estrategiaconcursos.com.br\/blog\/#organization","name":"Estrat\u00e9gia Concursos","url":"https:\/\/www.estrategiaconcursos.com.br\/blog\/","logo":{"@type":"ImageObject","inLanguage":"pt-BR","@id":"https:\/\/www.estrategiaconcursos.com.br\/blog\/#\/schema\/logo\/image\/","url":"https:\/\/dhg1h5j42swfq.cloudfront.net\/2025\/06\/03203428\/logo_concursos-1.jpg","contentUrl":"https:\/\/dhg1h5j42swfq.cloudfront.net\/2025\/06\/03203428\/logo_concursos-1.jpg","width":230,"height":60,"caption":"Estrat\u00e9gia Concursos"},"image":{"@id":"https:\/\/www.estrategiaconcursos.com.br\/blog\/#\/schema\/logo\/image\/"},"sameAs":["https:\/\/x.com\/EstratConcursos"]},{"@type":"Person","@id":"https:\/\/www.estrategiaconcursos.com.br\/blog\/#\/schema\/person\/6630f91134abc08115cca62ce6372855","name":"Bruna de Andrade Fran\u00e7a","image":{"@type":"ImageObject","inLanguage":"pt-BR","@id":"https:\/\/secure.gravatar.com\/avatar\/d6316d36d50cea0fadae28ed3015b8870cc90a2d3d8a95c37b44006af36a00e3?s=96&d=mm&r=g","url":"https:\/\/secure.gravatar.com\/avatar\/d6316d36d50cea0fadae28ed3015b8870cc90a2d3d8a95c37b44006af36a00e3?s=96&d=mm&r=g","contentUrl":"https:\/\/secure.gravatar.com\/avatar\/d6316d36d50cea0fadae28ed3015b8870cc90a2d3d8a95c37b44006af36a00e3?s=96&d=mm&r=g","caption":"Bruna de Andrade Fran\u00e7a"},"description":"Bruna de Andrade Fran\u00e7a \u00e9 publicit\u00e1ria com p\u00f3s-gradua\u00e7\u00e3o em Marketing &amp; Growth, atuando h\u00e1 mais de 6 anos no universo dos concursos p\u00fablicos. Desde 2021, lidera no Blog do Estrat\u00e9gia Concursos a cobertura editorial especializada em Concursos Policiais (PF, PRF, PM, PC, etc.), al\u00e9m das frentes de concursos banc\u00e1rios, de sa\u00fade e da \u00e1rea legislativa. Especialista em reda\u00e7\u00e3o, com pr\u00e1ticas de SEO e Copywriting, possui tamb\u00e9m atua\u00e7\u00e3o pr\u00e1tica de contato direto com \u00f3rg\u00e3os p\u00fablicos respons\u00e1veis por editais, permitindo acesso antecipado a informa\u00e7\u00f5es, desdobramentos importantes e atualiza\u00e7\u00e3o eficiente dos concursos p\u00fablicos.","url":"https:\/\/www.estrategiaconcursos.com.br\/blog\/author\/bruna-andrade\/"}]}},"_links":{"self":[{"href":"https:\/\/www.estrategiaconcursos.com.br\/blog\/wp-json\/wp\/v2\/posts\/1028875","targetHints":{"allow":["GET"]}}],"collection":[{"href":"https:\/\/www.estrategiaconcursos.com.br\/blog\/wp-json\/wp\/v2\/posts"}],"about":[{"href":"https:\/\/www.estrategiaconcursos.com.br\/blog\/wp-json\/wp\/v2\/types\/post"}],"author":[{"embeddable":true,"href":"https:\/\/www.estrategiaconcursos.com.br\/blog\/wp-json\/wp\/v2\/users\/1206"}],"replies":[{"embeddable":true,"href":"https:\/\/www.estrategiaconcursos.com.br\/blog\/wp-json\/wp\/v2\/comments?post=1028875"}],"version-history":[{"count":7,"href":"https:\/\/www.estrategiaconcursos.com.br\/blog\/wp-json\/wp\/v2\/posts\/1028875\/revisions"}],"predecessor-version":[{"id":1029026,"href":"https:\/\/www.estrategiaconcursos.com.br\/blog\/wp-json\/wp\/v2\/posts\/1028875\/revisions\/1029026"}],"wp:featuredmedia":[{"embeddable":true,"href":"https:\/\/www.estrategiaconcursos.com.br\/blog\/wp-json\/wp\/v2\/media\/853816"}],"wp:attachment":[{"href":"https:\/\/www.estrategiaconcursos.com.br\/blog\/wp-json\/wp\/v2\/media?parent=1028875"}],"wp:term":[{"taxonomy":"category","embeddable":true,"href":"https:\/\/www.estrategiaconcursos.com.br\/blog\/wp-json\/wp\/v2\/categories?post=1028875"},{"taxonomy":"post_tag","embeddable":true,"href":"https:\/\/www.estrategiaconcursos.com.br\/blog\/wp-json\/wp\/v2\/tags?post=1028875"},{"taxonomy":"tax_estado","embeddable":true,"href":"https:\/\/www.estrategiaconcursos.com.br\/blog\/wp-json\/wp\/v2\/tax_estado?post=1028875"}],"curies":[{"name":"wp","href":"https:\/\/api.w.org\/{rel}","templated":true}]}}