{"id":1028553,"date":"2022-05-17T15:00:00","date_gmt":"2022-05-17T18:00:00","guid":{"rendered":"https:\/\/www.estrategiaconcursos.com.br\/blog\/?p=1028553"},"modified":"2022-05-16T11:16:01","modified_gmt":"2022-05-16T14:16:01","slug":"delegado-da-pcal-pacote-mentoria-pos-edital","status":"publish","type":"post","link":"https:\/\/www.estrategiaconcursos.com.br\/blog\/delegado-da-pcal-pacote-mentoria-pos-edital\/","title":{"rendered":"Delegado da PCAL: Pacote Mentoria P\u00f3s-Edital"},"content":{"rendered":"\n<p>As professoras <em><strong>Jakelline Barros<\/strong><\/em> e <em><strong>Waleska Alvarenga<\/strong><\/em> v\u00e3o ministrar a Mentoria P\u00f3s-Edital Delegado da PCAL. Ser\u00e3o 10 aulas completas para voc\u00ea tirar d\u00favidas e ganhar dicas valiosas. Mas ser\u00e1 gratuito?<\/p>\n\n\n\n<p>Concurseiro, essa mentoria \u00e9 exclusiva e todos os pontos abordados nela far\u00e1 a diferen\u00e7a no dia do exame. <\/p>\n\n\n\n<p>Sendo assim, as transmiss\u00f5es v\u00e3o ocorrer dentro da \u00e1rea de assinantes e no canal do YouTube do Estrat\u00e9gia Carreira Jur\u00eddica. <a href=\"https:\/\/www.estrategiaconcursos.com.br\/curso\/pc-al-delegado-pacote-completo-2022-pos-edital\/\" target=\"_blank\" rel=\"noreferrer noopener\">N\u00e3o perca tempo e fa\u00e7a j\u00e1 a sua assinatura! <\/a><\/p>\n\n\n\n<h3 class=\"wp-block-heading\" id=\"delegado-da-pcal-cronograma\">Delegado da PCAL: cronograma<\/h3>\n\n\n\n<figure class=\"wp-block-table is-style-stripes\"><table><tbody><tr><td class=\"has-text-align-center\" data-align=\"center\"><strong>Aula<\/strong><\/td><td class=\"has-text-align-center\" data-align=\"center\"><strong>Data<\/strong><\/td><td class=\"has-text-align-center\" data-align=\"center\"><strong>Dia da Semana<\/strong><\/td><td class=\"has-text-align-center\" data-align=\"center\"><strong>Hor\u00e1rio<\/strong><\/td><td class=\"has-text-align-center\" data-align=\"center\"><strong>Transmiss\u00e3o<\/strong><\/td><td class=\"has-text-align-center\" data-align=\"center\"><strong>Professor<\/strong><\/td><td class=\"has-text-align-center\" data-align=\"center\"><strong>Tema<\/strong><\/td><\/tr><tr><td class=\"has-text-align-center\" data-align=\"center\">Aula 01<\/td><td class=\"has-text-align-center\" data-align=\"center\">17\/05\/22<\/td><td class=\"has-text-align-center\" data-align=\"center\">3\u00aa feira<\/td><td class=\"has-text-align-center\" data-align=\"center\">19:00<\/td><td class=\"has-text-align-center\" data-align=\"center\">Ao vivo<\/td><td class=\"has-text-align-center\" data-align=\"center\">Jakelline Barros<\/td><td class=\"has-text-align-center\" data-align=\"center\">Como iniciar os estudos&nbsp; no p\u00f3s-edital<\/td><\/tr><tr><td class=\"has-text-align-center\" data-align=\"center\">Aula 02<\/td><td class=\"has-text-align-center\" data-align=\"center\">24\/05\/22<\/td><td class=\"has-text-align-center\" data-align=\"center\">3\u00aa feira<\/td><td class=\"has-text-align-center\" data-align=\"center\">19:00<\/td><td class=\"has-text-align-center\" data-align=\"center\">Ao vivo<\/td><td class=\"has-text-align-center\" data-align=\"center\">Waleska Alvarenga<\/td><td class=\"has-text-align-center\" data-align=\"center\">Estudando para as fases Objetiva e Discursiva<\/td><\/tr><tr><td class=\"has-text-align-center\" data-align=\"center\">Aula 03<\/td><td class=\"has-text-align-center\" data-align=\"center\">31\/05\/22<\/td><td class=\"has-text-align-center\" data-align=\"center\">3\u00aa feira<\/td><td class=\"has-text-align-center\" data-align=\"center\">19:00<\/td><td class=\"has-text-align-center\" data-align=\"center\">Ao vivo<\/td><td class=\"has-text-align-center\" data-align=\"center\">Jakelline Barros<\/td><td class=\"has-text-align-center\" data-align=\"center\">An\u00e1lise dos conhecimentos Gerais<\/td><\/tr><tr><td class=\"has-text-align-center\" data-align=\"center\">Aula 04<\/td><td class=\"has-text-align-center\" data-align=\"center\">07\/06\/22<\/td><td class=\"has-text-align-center\" data-align=\"center\">3\u00aa feira<\/td><td class=\"has-text-align-center\" data-align=\"center\">19:00<\/td><td class=\"has-text-align-center\" data-align=\"center\">Ao vivo<\/td><td class=\"has-text-align-center\" data-align=\"center\">Waleska Alvarenga<\/td><td class=\"has-text-align-center\" data-align=\"center\">An\u00e1lise das disciplinas Direito Penal e Constitucional<\/td><\/tr><tr><td class=\"has-text-align-center\" data-align=\"center\">Aula 05<\/td><td class=\"has-text-align-center\" data-align=\"center\">14\/06\/22<\/td><td class=\"has-text-align-center\" data-align=\"center\">3\u00aa feira<\/td><td class=\"has-text-align-center\" data-align=\"center\">19:00<\/td><td class=\"has-text-align-center\" data-align=\"center\">Ao vivo<\/td><td class=\"has-text-align-center\" data-align=\"center\">Jakelline Barros<\/td><td class=\"has-text-align-center\" data-align=\"center\">An\u00e1lise das disciplinas Direito Processual Penal e Administrativo<\/td><\/tr><tr><td class=\"has-text-align-center\" data-align=\"center\">Aula 06<\/td><td class=\"has-text-align-center\" data-align=\"center\">21\/06\/22<\/td><td class=\"has-text-align-center\" data-align=\"center\">3\u00aa feira<\/td><td class=\"has-text-align-center\" data-align=\"center\">19:00<\/td><td class=\"has-text-align-center\" data-align=\"center\">Ao vivo<\/td><td class=\"has-text-align-center\" data-align=\"center\">Waleska Alvarenga<\/td><td class=\"has-text-align-center\" data-align=\"center\">An\u00e1lise das disciplinas Direito Civil, Medicina Legal e Legisla\u00e7\u00e3o Complementar<\/td><\/tr><tr><td class=\"has-text-align-center\" data-align=\"center\">Aula 07<\/td><td class=\"has-text-align-center\" data-align=\"center\">28\/06\/22<\/td><td class=\"has-text-align-center\" data-align=\"center\">3\u00aa feira<\/td><td class=\"has-text-align-center\" data-align=\"center\">19:00<\/td><td class=\"has-text-align-center\" data-align=\"center\">Ao vivo<\/td><td class=\"has-text-align-center\" data-align=\"center\">Jakelline Barros<\/td><td class=\"has-text-align-center\" data-align=\"center\">Prova Discursiva: Processo Penal &#8211; Apostas<\/td><\/tr><tr><td class=\"has-text-align-center\" data-align=\"center\">Aula 08<\/td><td class=\"has-text-align-center\" data-align=\"center\">05\/07\/22<\/td><td class=\"has-text-align-center\" data-align=\"center\">3\u00aa feira<\/td><td class=\"has-text-align-center\" data-align=\"center\">19:00<\/td><td class=\"has-text-align-center\" data-align=\"center\">Ao vivo<\/td><td class=\"has-text-align-center\" data-align=\"center\">Waleska Alvarenga<\/td><td class=\"has-text-align-center\" data-align=\"center\">Prova Discursiva: Penal &#8211; Apostas<\/td><\/tr><tr><td class=\"has-text-align-center\" data-align=\"center\">Aula 09<\/td><td class=\"has-text-align-center\" data-align=\"center\">11\/07\/22<\/td><td class=\"has-text-align-center\" data-align=\"center\">2\u00aa feira<\/td><td class=\"has-text-align-center\" data-align=\"center\">19:00<\/td><td class=\"has-text-align-center\" data-align=\"center\">Ao vivo<\/td><td class=\"has-text-align-center\" data-align=\"center\">Jakelline Barros<\/td><td class=\"has-text-align-center\" data-align=\"center\">Prova Discursiva: Constitucional &#8211; Apostas<\/td><\/tr><tr><td class=\"has-text-align-center\" data-align=\"center\">Aula 10<\/td><td class=\"has-text-align-center\" data-align=\"center\">19\/07\/22<\/td><td class=\"has-text-align-center\" data-align=\"center\">3\u00aa feira<\/td><td class=\"has-text-align-center\" data-align=\"center\">19:00<\/td><td class=\"has-text-align-center\" data-align=\"center\">Ao vivo<\/td><td class=\"has-text-align-center\" data-align=\"center\">Jakelline Barros<\/td><td class=\"has-text-align-center\" data-align=\"center\">Reta Final: O que priorizar?<\/td><\/tr><\/tbody><\/table><figcaption>CRONOGRAMA<\/figcaption><\/figure>\n\n\n\n<h3 class=\"wp-block-heading\" id=\"delegado-da-pcal-curiosidades\">Delegado da PCAL: curiosidades<\/h3>\n\n\n\n<h4 class=\"wp-block-heading\" id=\"atribui\u00e7\u00f5es\">Atribui\u00e7\u00f5es do Cargo<\/h4>\n\n\n\n<p>O&nbsp;<strong>Delegado&nbsp;<\/strong>ter\u00e1 que&nbsp;executar atividades de dire\u00e7\u00e3o, de supervis\u00e3o, de coordena\u00e7\u00e3o, de planejamento, de orienta\u00e7\u00e3o, de execu\u00e7\u00e3o e de controle da administra\u00e7\u00e3o da pol\u00edcia judici\u00e1ria, bem como das investiga\u00e7\u00f5es e opera\u00e7\u00f5es policiais, al\u00e9m de instaurar e presidir procedimentos policiais.<\/p>\n\n\n\n<p class=\"has-text-align-center has-luminous-vivid-amber-background-color has-background has-medium-font-size\"><strong>Saiba mais:<a href=\"https:\/\/cj.estrategia.com\/portal\/concurso-delegado-al\/\" target=\"_blank\" rel=\"noreferrer noopener\"> Concurso Delegado AL <\/a><\/strong><\/p>\n\n\n\n<h2 class=\"has-text-align-center wp-block-heading\" id=\"cursos\">Quer saber tudo sobre concursos previstos?<br \/><strong>Confira nossos artigos!<\/strong><\/h2>\n\n\n\n<ul class=\"wp-block-list\"><li><a href=\"https:\/\/cj.estrategia.com\/portal\/concursos-abertos-carreiras-juridicas\/\" target=\"_blank\" rel=\"noreferrer noopener\">Concursos abertos<\/a><\/li><li><a href=\"https:\/\/cj.estrategia.com\/portal\/concursos-2022-carreira-juridicas\/\" target=\"_blank\" rel=\"noreferrer noopener\">Concursos 2022<\/a><\/li><\/ul>\n\n\n\n<h2 class=\"has-text-align-center wp-block-heading\" id=\"curso\">Cursos para o concurso PC AL<\/h2>\n\n\n\n<div class=\"container\" id=\"boxes\">\n  <div class=\"row\">\n\n    <div class=\"col-sm\">\n      <div class=\"banner-ecj\" id=\"box-assinatura\">\n        <h3 class=\"titulo-assinatura\">Curso para Delegado-AL <\/h3>\n        <p class=\"subtitulo-assinatura\">Cursos focados no edital do concurso<\/p>\n        <div class=\"box-botao\">\n          <a class=\"btn-assinatura\" target=\"_blank\" href=\"https:\/\/www.estrategiaconcursos.com.br\/cursosPorConcurso\/policia-civil-de-alagoas-pc-al\/\" role=\"button\" rel=\"noopener noreferrer\">Conhe\u00e7a mais<\/a>\n        <\/div>\n      <\/div>\n      <p class=\"texto-auxiliar\">Prepare-se com o melhor material e com quem mais aprova em concursos de Procuradorias em todo o pa\u00eds. \n<\/p>\n    <\/div>\n\n  <\/div>\n<\/div>\n\n\n\n<div class=\"container\" id=\"boxes\">\n  <div class=\"row\">\n\n    <div class=\"col-sm\">\n      <div class=\"banner-policial\" id=\"box-assinatura\">\n        <h3 class=\"titulo-assinatura\">Assinatura Delta<\/h3>\n        <p class=\"subtitulo-assinatura\">Conhe\u00e7a os planos<\/p>\n        <div class=\"box-botao\">\n          <a class=\"btn-assinatura\" target=\"_blank\" href=\"https:\/\/www.estrategiaconcursos.com.br\/assinaturas-delta\/\" role=\"button\" rel=\"noopener noreferrer\">Conhe\u00e7a mais<\/a>\n        <\/div>\n      <\/div>\n      <p class=\"texto-auxiliar\">Prepare-se com o melhor material e com quem mais aprova em Concursos P\u00fablicos em todo o pa\u00eds. Assine agora a nossa Assinatura e tenha acesso ilimitado* aos cursos para Delegado de Pol\u00edcia.<\/p>\n    <\/div>\n\n  <\/div>\n<\/div>\n\n\n\n<div class=\"container\" id=\"boxes\">\n  <div class=\"row\">\n\n    <div class=\"col-sm\">\n      <div class=\"banner-ecj\" id=\"box-assinatura\">\n        <h3 class=\"titulo-assinatura\">Assinatura Jur\u00eddica <\/h3>\n        <p class=\"subtitulo-assinatura\">Conhe\u00e7a os planos<\/p>\n        <div class=\"box-botao\">\n          <a class=\"btn-assinatura\" target=\"_blank\" href=\"https:\/\/www.estrategiaconcursos.com.br\/assinaturas-ecj\/\" role=\"button\" rel=\"noopener noreferrer\">Conhe\u00e7a mais<\/a>\n        <\/div>\n      <\/div>\n      <p class=\"texto-auxiliar\">Prepare-se com o melhor material e com quem mais aprova em Concursos P\u00fablicos em todo o pa\u00eds. \n<\/p>\n    <\/div>\n\n  <\/div>\n<\/div>\n","protected":false},"excerpt":{"rendered":"<p>As professoras Jakelline Barros e Waleska Alvarenga v\u00e3o ministrar a Mentoria P\u00f3s-Edital Delegado da PCAL. Ser\u00e3o 10 aulas completas para voc\u00ea tirar d\u00favidas e ganhar dicas valiosas. Mas ser\u00e1 gratuito? Concurseiro, essa mentoria \u00e9 exclusiva e todos os pontos abordados nela far\u00e1 a diferen\u00e7a no dia do exame. Sendo assim, as transmiss\u00f5es v\u00e3o ocorrer dentro [&hellip;]<\/p>\n","protected":false},"author":1,"featured_media":783868,"comment_status":"open","ping_status":"closed","sticky":false,"template":"","format":"standard","meta":{"post_tipo":"news","footnotes":""},"categories":[220194],"tags":[],"tax_estado":[219965],"class_list":["post-1028553","post","type-post","status-publish","format-standard","has-post-thumbnail","hentry","category-delegado","tax_estado-al"],"acf":[],"yoast_head":"<!-- This site is optimized with the Yoast SEO Premium plugin v27.2 (Yoast SEO v27.2) - https:\/\/yoast.com\/product\/yoast-seo-premium-wordpress\/ -->\n<title>Delegado da PCAL: Pacote Mentoria P\u00f3s-Edital<\/title>\n<meta name=\"description\" content=\"Delegado da PCAL: confira aqui o Pacote Mentoria P\u00f3s-Edital! N\u00e3o perca a chance de estudar com quem mais aprova!\" \/>\n<meta name=\"robots\" content=\"index, follow, max-snippet:-1, max-image-preview:large, max-video-preview:-1\" \/>\n<link rel=\"canonical\" href=\"https:\/\/www.estrategiaconcursos.com.br\/blog\/delegado-da-pcal-pacote-mentoria-pos-edital\/\" \/>\n<meta property=\"og:locale\" content=\"pt_BR\" \/>\n<meta property=\"og:type\" content=\"article\" \/>\n<meta property=\"og:title\" content=\"Delegado da PCAL: Pacote Mentoria P\u00f3s-Edital\" \/>\n<meta property=\"og:description\" content=\"Delegado da PCAL: confira aqui o Pacote Mentoria P\u00f3s-Edital! N\u00e3o perca a chance de estudar com quem mais aprova!\" \/>\n<meta property=\"og:url\" content=\"https:\/\/www.estrategiaconcursos.com.br\/blog\/delegado-da-pcal-pacote-mentoria-pos-edital\/\" \/>\n<meta property=\"og:site_name\" content=\"Estrat\u00e9gia Concursos\" \/>\n<meta property=\"article:author\" content=\"https:\/\/www.facebook.com\/EstrategiaConcursos\" \/>\n<meta property=\"article:published_time\" content=\"2022-05-17T18:00:00+00:00\" \/>\n<meta property=\"og:image\" content=\"https:\/\/dhg1h5j42swfq.cloudfront.net\/2021\/07\/02141813\/delegado_al.jpg\" \/>\n\t<meta property=\"og:image:width\" content=\"1200\" \/>\n\t<meta property=\"og:image:height\" content=\"628\" \/>\n\t<meta property=\"og:image:type\" content=\"image\/jpeg\" \/>\n<meta name=\"author\" content=\"Coordena\u00e7\u00e3o\" \/>\n<meta name=\"twitter:card\" content=\"summary_large_image\" \/>\n<meta name=\"twitter:creator\" content=\"@EstratConcursos\" \/>\n<meta name=\"twitter:site\" content=\"@EstratConcursos\" \/>\n<meta name=\"twitter:label1\" content=\"Escrito por\" \/>\n\t<meta name=\"twitter:data1\" content=\"Coordena\u00e7\u00e3o\" \/>\n\t<meta name=\"twitter:label2\" content=\"Est. tempo de leitura\" \/>\n\t<meta name=\"twitter:data2\" content=\"3 minutos\" \/>\n<script type=\"application\/ld+json\" class=\"yoast-schema-graph\">{\"@context\":\"https:\/\/schema.org\",\"@graph\":[{\"@type\":\"NewsArticle\",\"@id\":\"https:\/\/www.estrategiaconcursos.com.br\/blog\/delegado-da-pcal-pacote-mentoria-pos-edital\/#article\",\"isPartOf\":{\"@id\":\"https:\/\/www.estrategiaconcursos.com.br\/blog\/delegado-da-pcal-pacote-mentoria-pos-edital\/\"},\"author\":{\"name\":\"Coordena\u00e7\u00e3o\",\"@id\":\"https:\/\/www.estrategiaconcursos.com.br\/blog\/#\/schema\/person\/b4a388c97673c5f483d72185668afa1f\"},\"headline\":\"Delegado da PCAL: Pacote Mentoria P\u00f3s-Edital\",\"datePublished\":\"2022-05-17T18:00:00+00:00\",\"mainEntityOfPage\":{\"@id\":\"https:\/\/www.estrategiaconcursos.com.br\/blog\/delegado-da-pcal-pacote-mentoria-pos-edital\/\"},\"wordCount\":428,\"commentCount\":0,\"publisher\":{\"@id\":\"https:\/\/www.estrategiaconcursos.com.br\/blog\/#organization\"},\"image\":{\"@id\":\"https:\/\/www.estrategiaconcursos.com.br\/blog\/delegado-da-pcal-pacote-mentoria-pos-edital\/#primaryimage\"},\"thumbnailUrl\":\"https:\/\/dhg1h5j42swfq.cloudfront.net\/2021\/07\/02141813\/delegado_al.jpg\",\"articleSection\":[\"Jur\u00eddico - Delegado\"],\"inLanguage\":\"pt-BR\",\"potentialAction\":[{\"@type\":\"CommentAction\",\"name\":\"Comment\",\"target\":[\"https:\/\/www.estrategiaconcursos.com.br\/blog\/delegado-da-pcal-pacote-mentoria-pos-edital\/#respond\"]}],\"copyrightYear\":\"2022\",\"copyrightHolder\":{\"@id\":\"https:\/\/www.estrategiaconcursos.com.br\/blog\/#organization\"}},{\"@type\":\"WebPage\",\"@id\":\"https:\/\/www.estrategiaconcursos.com.br\/blog\/delegado-da-pcal-pacote-mentoria-pos-edital\/\",\"url\":\"https:\/\/www.estrategiaconcursos.com.br\/blog\/delegado-da-pcal-pacote-mentoria-pos-edital\/\",\"name\":\"Delegado da PCAL: Pacote Mentoria P\u00f3s-Edital\",\"isPartOf\":{\"@id\":\"https:\/\/www.estrategiaconcursos.com.br\/blog\/#website\"},\"primaryImageOfPage\":{\"@id\":\"https:\/\/www.estrategiaconcursos.com.br\/blog\/delegado-da-pcal-pacote-mentoria-pos-edital\/#primaryimage\"},\"image\":{\"@id\":\"https:\/\/www.estrategiaconcursos.com.br\/blog\/delegado-da-pcal-pacote-mentoria-pos-edital\/#primaryimage\"},\"thumbnailUrl\":\"https:\/\/dhg1h5j42swfq.cloudfront.net\/2021\/07\/02141813\/delegado_al.jpg\",\"datePublished\":\"2022-05-17T18:00:00+00:00\",\"description\":\"Delegado da PCAL: confira aqui o Pacote Mentoria P\u00f3s-Edital! N\u00e3o perca a chance de estudar com quem mais aprova!\",\"breadcrumb\":{\"@id\":\"https:\/\/www.estrategiaconcursos.com.br\/blog\/delegado-da-pcal-pacote-mentoria-pos-edital\/#breadcrumb\"},\"inLanguage\":\"pt-BR\",\"potentialAction\":[{\"@type\":\"ReadAction\",\"target\":[\"https:\/\/www.estrategiaconcursos.com.br\/blog\/delegado-da-pcal-pacote-mentoria-pos-edital\/\"]}]},{\"@type\":\"ImageObject\",\"inLanguage\":\"pt-BR\",\"@id\":\"https:\/\/www.estrategiaconcursos.com.br\/blog\/delegado-da-pcal-pacote-mentoria-pos-edital\/#primaryimage\",\"url\":\"https:\/\/dhg1h5j42swfq.cloudfront.net\/2021\/07\/02141813\/delegado_al.jpg\",\"contentUrl\":\"https:\/\/dhg1h5j42swfq.cloudfront.net\/2021\/07\/02141813\/delegado_al.jpg\",\"width\":1200,\"height\":628,\"caption\":\"concurso Delegado AL\"},{\"@type\":\"BreadcrumbList\",\"@id\":\"https:\/\/www.estrategiaconcursos.com.br\/blog\/delegado-da-pcal-pacote-mentoria-pos-edital\/#breadcrumb\",\"itemListElement\":[{\"@type\":\"ListItem\",\"position\":1,\"name\":\"In\u00edcio\",\"item\":\"https:\/\/www.estrategiaconcursos.com.br\/blog\/\"},{\"@type\":\"ListItem\",\"position\":2,\"name\":\"Delegado da PCAL: Pacote Mentoria P\u00f3s-Edital\"}]},{\"@type\":\"WebSite\",\"@id\":\"https:\/\/www.estrategiaconcursos.com.br\/blog\/#website\",\"url\":\"https:\/\/www.estrategiaconcursos.com.br\/blog\/\",\"name\":\"Estrat\u00e9gia Concursos\",\"description\":\"O blog da Estrat\u00e9gia Concursos traz not\u00edcias sobre concursos e artigos de professores oferecendo cursos para concursos (pdf + videaulas) no site.\",\"publisher\":{\"@id\":\"https:\/\/www.estrategiaconcursos.com.br\/blog\/#organization\"},\"potentialAction\":[{\"@type\":\"SearchAction\",\"target\":{\"@type\":\"EntryPoint\",\"urlTemplate\":\"https:\/\/www.estrategiaconcursos.com.br\/blog\/?s={search_term_string}\"},\"query-input\":{\"@type\":\"PropertyValueSpecification\",\"valueRequired\":true,\"valueName\":\"search_term_string\"}}],\"inLanguage\":\"pt-BR\"},{\"@type\":\"Organization\",\"@id\":\"https:\/\/www.estrategiaconcursos.com.br\/blog\/#organization\",\"name\":\"Estrat\u00e9gia Concursos\",\"url\":\"https:\/\/www.estrategiaconcursos.com.br\/blog\/\",\"logo\":{\"@type\":\"ImageObject\",\"inLanguage\":\"pt-BR\",\"@id\":\"https:\/\/www.estrategiaconcursos.com.br\/blog\/#\/schema\/logo\/image\/\",\"url\":\"https:\/\/dhg1h5j42swfq.cloudfront.net\/2025\/06\/03203428\/logo_concursos-1.jpg\",\"contentUrl\":\"https:\/\/dhg1h5j42swfq.cloudfront.net\/2025\/06\/03203428\/logo_concursos-1.jpg\",\"width\":230,\"height\":60,\"caption\":\"Estrat\u00e9gia Concursos\"},\"image\":{\"@id\":\"https:\/\/www.estrategiaconcursos.com.br\/blog\/#\/schema\/logo\/image\/\"},\"sameAs\":[\"https:\/\/x.com\/EstratConcursos\"]},{\"@type\":\"Person\",\"@id\":\"https:\/\/www.estrategiaconcursos.com.br\/blog\/#\/schema\/person\/b4a388c97673c5f483d72185668afa1f\",\"name\":\"Coordena\u00e7\u00e3o\",\"image\":{\"@type\":\"ImageObject\",\"inLanguage\":\"pt-BR\",\"@id\":\"https:\/\/secure.gravatar.com\/avatar\/b720319e4c9a967eb58678d110f4fe35452fc5d5f97b202bac7b8acceb18c6ad?s=96&d=mm&r=g\",\"url\":\"https:\/\/secure.gravatar.com\/avatar\/b720319e4c9a967eb58678d110f4fe35452fc5d5f97b202bac7b8acceb18c6ad?s=96&d=mm&r=g\",\"contentUrl\":\"https:\/\/secure.gravatar.com\/avatar\/b720319e4c9a967eb58678d110f4fe35452fc5d5f97b202bac7b8acceb18c6ad?s=96&d=mm&r=g\",\"caption\":\"Coordena\u00e7\u00e3o\"},\"sameAs\":[\"https:\/\/www.facebook.com\/EstrategiaConcursos\",\"https:\/\/x.com\/EstratConcursos\"],\"url\":\"https:\/\/www.estrategiaconcursos.com.br\/blog\/author\/estrategia2013\/\"}]}<\/script>\n<!-- \/ Yoast SEO Premium plugin. -->","yoast_head_json":{"title":"Delegado da PCAL: Pacote Mentoria P\u00f3s-Edital","description":"Delegado da PCAL: confira aqui o Pacote Mentoria P\u00f3s-Edital! N\u00e3o perca a chance de estudar com quem mais aprova!","robots":{"index":"index","follow":"follow","max-snippet":"max-snippet:-1","max-image-preview":"max-image-preview:large","max-video-preview":"max-video-preview:-1"},"canonical":"https:\/\/www.estrategiaconcursos.com.br\/blog\/delegado-da-pcal-pacote-mentoria-pos-edital\/","og_locale":"pt_BR","og_type":"article","og_title":"Delegado da PCAL: Pacote Mentoria P\u00f3s-Edital","og_description":"Delegado da PCAL: confira aqui o Pacote Mentoria P\u00f3s-Edital! N\u00e3o perca a chance de estudar com quem mais aprova!","og_url":"https:\/\/www.estrategiaconcursos.com.br\/blog\/delegado-da-pcal-pacote-mentoria-pos-edital\/","og_site_name":"Estrat\u00e9gia Concursos","article_author":"https:\/\/www.facebook.com\/EstrategiaConcursos","article_published_time":"2022-05-17T18:00:00+00:00","og_image":[{"width":1200,"height":628,"url":"https:\/\/dhg1h5j42swfq.cloudfront.net\/2021\/07\/02141813\/delegado_al.jpg","type":"image\/jpeg"}],"author":"Coordena\u00e7\u00e3o","twitter_card":"summary_large_image","twitter_creator":"@EstratConcursos","twitter_site":"@EstratConcursos","twitter_misc":{"Escrito por":"Coordena\u00e7\u00e3o","Est. tempo de leitura":"3 minutos"},"schema":{"@context":"https:\/\/schema.org","@graph":[{"@type":"NewsArticle","@id":"https:\/\/www.estrategiaconcursos.com.br\/blog\/delegado-da-pcal-pacote-mentoria-pos-edital\/#article","isPartOf":{"@id":"https:\/\/www.estrategiaconcursos.com.br\/blog\/delegado-da-pcal-pacote-mentoria-pos-edital\/"},"author":{"name":"Coordena\u00e7\u00e3o","@id":"https:\/\/www.estrategiaconcursos.com.br\/blog\/#\/schema\/person\/b4a388c97673c5f483d72185668afa1f"},"headline":"Delegado da PCAL: Pacote Mentoria P\u00f3s-Edital","datePublished":"2022-05-17T18:00:00+00:00","mainEntityOfPage":{"@id":"https:\/\/www.estrategiaconcursos.com.br\/blog\/delegado-da-pcal-pacote-mentoria-pos-edital\/"},"wordCount":428,"commentCount":0,"publisher":{"@id":"https:\/\/www.estrategiaconcursos.com.br\/blog\/#organization"},"image":{"@id":"https:\/\/www.estrategiaconcursos.com.br\/blog\/delegado-da-pcal-pacote-mentoria-pos-edital\/#primaryimage"},"thumbnailUrl":"https:\/\/dhg1h5j42swfq.cloudfront.net\/2021\/07\/02141813\/delegado_al.jpg","articleSection":["Jur\u00eddico - Delegado"],"inLanguage":"pt-BR","potentialAction":[{"@type":"CommentAction","name":"Comment","target":["https:\/\/www.estrategiaconcursos.com.br\/blog\/delegado-da-pcal-pacote-mentoria-pos-edital\/#respond"]}],"copyrightYear":"2022","copyrightHolder":{"@id":"https:\/\/www.estrategiaconcursos.com.br\/blog\/#organization"}},{"@type":"WebPage","@id":"https:\/\/www.estrategiaconcursos.com.br\/blog\/delegado-da-pcal-pacote-mentoria-pos-edital\/","url":"https:\/\/www.estrategiaconcursos.com.br\/blog\/delegado-da-pcal-pacote-mentoria-pos-edital\/","name":"Delegado da PCAL: Pacote Mentoria P\u00f3s-Edital","isPartOf":{"@id":"https:\/\/www.estrategiaconcursos.com.br\/blog\/#website"},"primaryImageOfPage":{"@id":"https:\/\/www.estrategiaconcursos.com.br\/blog\/delegado-da-pcal-pacote-mentoria-pos-edital\/#primaryimage"},"image":{"@id":"https:\/\/www.estrategiaconcursos.com.br\/blog\/delegado-da-pcal-pacote-mentoria-pos-edital\/#primaryimage"},"thumbnailUrl":"https:\/\/dhg1h5j42swfq.cloudfront.net\/2021\/07\/02141813\/delegado_al.jpg","datePublished":"2022-05-17T18:00:00+00:00","description":"Delegado da PCAL: confira aqui o Pacote Mentoria P\u00f3s-Edital! N\u00e3o perca a chance de estudar com quem mais aprova!","breadcrumb":{"@id":"https:\/\/www.estrategiaconcursos.com.br\/blog\/delegado-da-pcal-pacote-mentoria-pos-edital\/#breadcrumb"},"inLanguage":"pt-BR","potentialAction":[{"@type":"ReadAction","target":["https:\/\/www.estrategiaconcursos.com.br\/blog\/delegado-da-pcal-pacote-mentoria-pos-edital\/"]}]},{"@type":"ImageObject","inLanguage":"pt-BR","@id":"https:\/\/www.estrategiaconcursos.com.br\/blog\/delegado-da-pcal-pacote-mentoria-pos-edital\/#primaryimage","url":"https:\/\/dhg1h5j42swfq.cloudfront.net\/2021\/07\/02141813\/delegado_al.jpg","contentUrl":"https:\/\/dhg1h5j42swfq.cloudfront.net\/2021\/07\/02141813\/delegado_al.jpg","width":1200,"height":628,"caption":"concurso Delegado AL"},{"@type":"BreadcrumbList","@id":"https:\/\/www.estrategiaconcursos.com.br\/blog\/delegado-da-pcal-pacote-mentoria-pos-edital\/#breadcrumb","itemListElement":[{"@type":"ListItem","position":1,"name":"In\u00edcio","item":"https:\/\/www.estrategiaconcursos.com.br\/blog\/"},{"@type":"ListItem","position":2,"name":"Delegado da PCAL: Pacote Mentoria P\u00f3s-Edital"}]},{"@type":"WebSite","@id":"https:\/\/www.estrategiaconcursos.com.br\/blog\/#website","url":"https:\/\/www.estrategiaconcursos.com.br\/blog\/","name":"Estrat\u00e9gia Concursos","description":"O blog da Estrat\u00e9gia Concursos traz not\u00edcias sobre concursos e artigos de professores oferecendo cursos para concursos (pdf + videaulas) no site.","publisher":{"@id":"https:\/\/www.estrategiaconcursos.com.br\/blog\/#organization"},"potentialAction":[{"@type":"SearchAction","target":{"@type":"EntryPoint","urlTemplate":"https:\/\/www.estrategiaconcursos.com.br\/blog\/?s={search_term_string}"},"query-input":{"@type":"PropertyValueSpecification","valueRequired":true,"valueName":"search_term_string"}}],"inLanguage":"pt-BR"},{"@type":"Organization","@id":"https:\/\/www.estrategiaconcursos.com.br\/blog\/#organization","name":"Estrat\u00e9gia Concursos","url":"https:\/\/www.estrategiaconcursos.com.br\/blog\/","logo":{"@type":"ImageObject","inLanguage":"pt-BR","@id":"https:\/\/www.estrategiaconcursos.com.br\/blog\/#\/schema\/logo\/image\/","url":"https:\/\/dhg1h5j42swfq.cloudfront.net\/2025\/06\/03203428\/logo_concursos-1.jpg","contentUrl":"https:\/\/dhg1h5j42swfq.cloudfront.net\/2025\/06\/03203428\/logo_concursos-1.jpg","width":230,"height":60,"caption":"Estrat\u00e9gia Concursos"},"image":{"@id":"https:\/\/www.estrategiaconcursos.com.br\/blog\/#\/schema\/logo\/image\/"},"sameAs":["https:\/\/x.com\/EstratConcursos"]},{"@type":"Person","@id":"https:\/\/www.estrategiaconcursos.com.br\/blog\/#\/schema\/person\/b4a388c97673c5f483d72185668afa1f","name":"Coordena\u00e7\u00e3o","image":{"@type":"ImageObject","inLanguage":"pt-BR","@id":"https:\/\/secure.gravatar.com\/avatar\/b720319e4c9a967eb58678d110f4fe35452fc5d5f97b202bac7b8acceb18c6ad?s=96&d=mm&r=g","url":"https:\/\/secure.gravatar.com\/avatar\/b720319e4c9a967eb58678d110f4fe35452fc5d5f97b202bac7b8acceb18c6ad?s=96&d=mm&r=g","contentUrl":"https:\/\/secure.gravatar.com\/avatar\/b720319e4c9a967eb58678d110f4fe35452fc5d5f97b202bac7b8acceb18c6ad?s=96&d=mm&r=g","caption":"Coordena\u00e7\u00e3o"},"sameAs":["https:\/\/www.facebook.com\/EstrategiaConcursos","https:\/\/x.com\/EstratConcursos"],"url":"https:\/\/www.estrategiaconcursos.com.br\/blog\/author\/estrategia2013\/"}]}},"_links":{"self":[{"href":"https:\/\/www.estrategiaconcursos.com.br\/blog\/wp-json\/wp\/v2\/posts\/1028553","targetHints":{"allow":["GET"]}}],"collection":[{"href":"https:\/\/www.estrategiaconcursos.com.br\/blog\/wp-json\/wp\/v2\/posts"}],"about":[{"href":"https:\/\/www.estrategiaconcursos.com.br\/blog\/wp-json\/wp\/v2\/types\/post"}],"author":[{"embeddable":true,"href":"https:\/\/www.estrategiaconcursos.com.br\/blog\/wp-json\/wp\/v2\/users\/1"}],"replies":[{"embeddable":true,"href":"https:\/\/www.estrategiaconcursos.com.br\/blog\/wp-json\/wp\/v2\/comments?post=1028553"}],"version-history":[{"count":8,"href":"https:\/\/www.estrategiaconcursos.com.br\/blog\/wp-json\/wp\/v2\/posts\/1028553\/revisions"}],"predecessor-version":[{"id":1028608,"href":"https:\/\/www.estrategiaconcursos.com.br\/blog\/wp-json\/wp\/v2\/posts\/1028553\/revisions\/1028608"}],"wp:featuredmedia":[{"embeddable":true,"href":"https:\/\/www.estrategiaconcursos.com.br\/blog\/wp-json\/wp\/v2\/media\/783868"}],"wp:attachment":[{"href":"https:\/\/www.estrategiaconcursos.com.br\/blog\/wp-json\/wp\/v2\/media?parent=1028553"}],"wp:term":[{"taxonomy":"category","embeddable":true,"href":"https:\/\/www.estrategiaconcursos.com.br\/blog\/wp-json\/wp\/v2\/categories?post=1028553"},{"taxonomy":"post_tag","embeddable":true,"href":"https:\/\/www.estrategiaconcursos.com.br\/blog\/wp-json\/wp\/v2\/tags?post=1028553"},{"taxonomy":"tax_estado","embeddable":true,"href":"https:\/\/www.estrategiaconcursos.com.br\/blog\/wp-json\/wp\/v2\/tax_estado?post=1028553"}],"curies":[{"name":"wp","href":"https:\/\/api.w.org\/{rel}","templated":true}]}}