{"id":1028549,"date":"2022-05-16T10:56:39","date_gmt":"2022-05-16T13:56:39","guid":{"rendered":"https:\/\/www.estrategiaconcursos.com.br\/blog\/?p=1028549"},"modified":"2022-05-16T11:54:25","modified_gmt":"2022-05-16T14:54:25","slug":"concurso-mp-pa-requisitos","status":"publish","type":"post","link":"https:\/\/www.estrategiaconcursos.com.br\/blog\/concurso-mp-pa-requisitos\/","title":{"rendered":"Concurso MP PA: quais s\u00e3o os requisitos dos cargos?"},"content":{"rendered":"\n<p>O&nbsp;<strong>concurso MP PA<\/strong>&nbsp;(<a href=\"https:\/\/www.estrategiaconcursos.com.br\/cursosPorConcurso\/ministerio-publico-do-para-mp-pa\/\" target=\"_blank\" rel=\"noreferrer noopener\">Minist\u00e9rio P\u00fablico do Par\u00e1<\/a>) est\u00e1 com edital publicado e oferta <strong>169 vagas&nbsp;<\/strong>imediatas, al\u00e9m de oportunidades de cadastro reserva para cargos de n\u00edveis m\u00e9dio e superior.<\/p>\n\n\n\n<p>As inscri\u00e7\u00f5es ser\u00e3o abertas no dia<strong>&nbsp;25 de maio <\/strong>e poder\u00e3o ser feitas at\u00e9 o dia<strong> 23 de junho<\/strong> de 2022, no&nbsp;site da banca, <a href=\"https:\/\/www.consulplan.net\/home.aspx\" target=\"_blank\" rel=\"noreferrer noopener\">Consulplan<\/a>. <\/p>\n\n\n\n<p>Voc\u00ea pretende concorrer a uma das vagas? Ent\u00e3o, confira quais s\u00e3o os requisitos exigidos. <\/p>\n\n\n\n<h2 class=\"wp-block-heading\" id=\"h-concurso-mp-pa-requisitos\">Concurso MP PA: requisitos <\/h2>\n\n\n\n<p><strong>Cargos de n\u00edvel m\u00e9dio<\/strong><\/p>\n\n\n\n<ul class=\"wp-block-list\"><li><strong><\/strong><strong><a href=\"https:\/\/www.estrategiaconcursos.com.br\/curso\/1-mp-pa-auxiliar-de-administracao-pacote-2022-pos-edital\/\" target=\"_blank\" rel=\"noreferrer noopener\">Auxiliar de Administra\u00e7\u00e3o<\/a><\/strong>: Conclus\u00e3o de curso de n\u00edvel m\u00e9dio de escolaridade.<\/li><li><strong>Auxiliar e Enfermagem<\/strong>: Conclus\u00e3o de curso de n\u00edvel m\u00e9dio de escolaridade, com curso de Auxiliar de Enfermagem devidamente reconhecido no COREN.<\/li><li><strong>T\u00e9cnico em Inform\u00e1tica<\/strong>: Conclus\u00e3o de curso de n\u00edvel m\u00e9dio de escolaridade, com especializa\u00e7\u00e3o e\/ou curso t\u00e9cnico profissionalizante na \u00e1rea de Inform\u00e1tica com, no m\u00ednimo, 180 (cento e oitenta) horas.<\/li><\/ul>\n\n\n\n<p><strong>Cargos de n\u00edvel superior<\/strong><\/p>\n\n\n\n<ul class=\"wp-block-list\"><li><strong><a href=\"https:\/\/www.estrategiaconcursos.com.br\/curso\/3-mp-pa-analista-juridico-pacote-2022-pos-edital\/\" target=\"_blank\" rel=\"noreferrer noopener\">Analista Jur\u00eddico<\/a><\/strong>: Gradua\u00e7\u00e3o em curso superior de Direito.<\/li><li><strong><a href=\"https:\/\/www.estrategiaconcursos.com.br\/curso\/2-mp-pa-tecnico-administrador-pacote-2022-pos-edital\/\" target=\"_blank\" rel=\"noreferrer noopener\">Administrador<\/a><\/strong>: Gradua\u00e7\u00e3o em curso superior de Administra\u00e7\u00e3o. Registro no Conselho de Classe.<\/li><li><strong>Analista de Sistemas \u2013 Desenvolvimento<\/strong>: Diploma, devidamente registrado, de conclus\u00e3o de curso de gradua\u00e7\u00e3o de n\u00edvel superior na \u00e1rea de Tecnologia da Informa\u00e7\u00e3o, reconhecido pelo \u00f3rg\u00e3o governamental competente; ou curso de gradua\u00e7\u00e3o em qualquer \u00e1rea de forma\u00e7\u00e3o, reconhecido e conclu\u00eddo em institui\u00e7\u00e3o de ensino superior credenciada pelo \u00f3rg\u00e3o governamental competente, acrescido de curso de p\u00f3s-gradua\u00e7\u00e3o na \u00e1rea de Tecnologia da Informa\u00e7\u00e3o, com carga hor\u00e1ria m\u00ednima de 360 (trezentas e sessenta) horas, fornecido por institui\u00e7\u00e3o credenciada pelo \u00f3rg\u00e3o governamental competente.<\/li><li><strong>Analista de Sistemas \u2013 Modelagem de Sistemas<\/strong>: Diploma, devidamente registrado, de conclus\u00e3o de curso de gradua\u00e7\u00e3o de n\u00edvel superior na \u00e1rea de Tecnologia da Informa\u00e7\u00e3o, reconhecido pelo \u00f3rg\u00e3o governamental competente; ou curso de gradua\u00e7\u00e3o em qualquer \u00e1rea de forma\u00e7\u00e3o, reconhecido e conclu\u00eddo em institui\u00e7\u00e3o de ensino superior credenciada pelo \u00f3rg\u00e3o governamental competente, acrescido de curso de p\u00f3s-gradua\u00e7\u00e3o na \u00e1rea de Tecnologia da Informa\u00e7\u00e3o, com carga hor\u00e1ria m\u00ednima de 360 (trezentas e sessenta) horas, fornecido por institui\u00e7\u00e3o credenciada pelo \u00f3rg\u00e3o governamental competente.<\/li><li><strong>Analista de Sistemas \u2013 Suporte a banco de dados<\/strong>: Diploma, devidamente registrado, de conclus\u00e3o de curso de gradua\u00e7\u00e3o de n\u00edvel superior na \u00e1rea de Tecnologia da Informa\u00e7\u00e3o, reconhecido pelo \u00f3rg\u00e3o governamental competente; ou curso de gradua\u00e7\u00e3o em qualquer \u00e1rea de forma\u00e7\u00e3o, reconhecido e conclu\u00eddo em institui\u00e7\u00e3o de ensino superior credenciada pelo \u00f3rg\u00e3o governamental competente, acrescido de curso de p\u00f3s-gradua\u00e7\u00e3o na \u00e1rea de Tecnologia da Informa\u00e7\u00e3o, com carga hor\u00e1ria m\u00ednima de 360 (trezentas e sessenta) horas, fornecido por institui\u00e7\u00e3o credenciada pelo \u00f3rg\u00e3o governamental competente.<\/li><li><strong>Analista de Sistemas \u2013 Suporte \u00e0 Rede de Computadores<\/strong>: Diploma, devidamente registrado, de conclus\u00e3o de curso de gradua\u00e7\u00e3o de n\u00edvel superior na \u00e1rea de Tecnologia da Informa\u00e7\u00e3o, reconhecido pelo \u00f3rg\u00e3o governamental competente; ou curso de gradua\u00e7\u00e3o em qualquer \u00e1rea de forma\u00e7\u00e3o, reconhecido e conclu\u00eddo em institui\u00e7\u00e3o de ensino superior credenciada pelo \u00f3rg\u00e3o governamental competente, acrescido de curso de p\u00f3s-gradua\u00e7\u00e3o na \u00e1rea de Tecnologia da Informa\u00e7\u00e3o, com carga hor\u00e1ria m\u00ednima de 360 (trezentas e sessenta) horas, fornecido por institui\u00e7\u00e3o credenciada pelo \u00f3rg\u00e3o governamental competente.<\/li><li><strong>Assistente Social<\/strong>: Gradua\u00e7\u00e3o em curso superior de Servi\u00e7o Social. Registro no Conselho de Classe.<\/li><li><strong>Biblioteconomista<\/strong>: Gradua\u00e7\u00e3o em curso superior de Biblioteconomia. Registro no Conselho de Classe.<\/li><li><strong><\/strong><strong><a href=\"https:\/\/www.estrategiaconcursos.com.br\/curso\/3-mp-pa-tecnico-contador-pacote-2022-pos-edital\/\" target=\"_blank\" rel=\"noreferrer noopener\">Contador<\/a><\/strong>: Gradua\u00e7\u00e3o em curso superior de Ci\u00eancias Cont\u00e1beis. Registro no Conselho de Classe. <\/li><li><strong>Economista<\/strong>: Gradua\u00e7\u00e3o em curso superior de Economia ou Ci\u00eancias Econ\u00f4micas. Registro no Conselho de Classe.<\/li><li><strong>Enfermeiro<\/strong>: Gradua\u00e7\u00e3o em curso superior de Enfermagem. Registro no Conselho de Classe.<\/li><li><strong>Pedagogo<\/strong>: Gradua\u00e7\u00e3o em curso superior de Pedagogia.<\/li><li><strong>Psic\u00f3logo<\/strong>: Gradua\u00e7\u00e3o em curso superior de Psicologia. Registro no Conselho de Classe.<\/li><li><strong>Soci\u00f3logo<\/strong>: Gradua\u00e7\u00e3o em curso superior de Ci\u00eancias Sociais<\/li><li><strong>Arquiteto<\/strong>: Gradua\u00e7\u00e3o em curso superior de Arquitetura. Registro no Conselho de Classe.<\/li><li><strong>Engenheiro Civil<\/strong>: Gradua\u00e7\u00e3o em curso superior de Engenharia Civil. Registro no Conselho de Classe.<\/li><li><strong><a href=\"https:\/\/www.estrategiaconcursos.com.br\/curso\/5-mp-pa-tecnico-odontologo-pacote-2022-pos-edital\/\" target=\"_blank\" rel=\"noreferrer noopener\">Odont\u00f3logo<\/a><\/strong>: Gradua\u00e7\u00e3o em curso superior de Odontologia. Registro no Conselho de Classe.<\/li><li><strong>M\u00e9dico<\/strong>: Gradua\u00e7\u00e3o em curso superior de Medicina. Registro no Conselho de Classe.<\/li><li><strong>M\u00e9dico \u2013 Psiquiatra<\/strong>: Gradua\u00e7\u00e3o em curso superior de Medicina, com resid\u00eancia m\u00e9dica ou com especializa\u00e7\u00e3o ou com t\u00edtulo de especialista em Psiquiatria. Registro no Conselho de Classe.<\/li><\/ul>\n\n\n\n<h2 class=\"has-text-align-center has-pale-cyan-blue-background-color has-background has-medium-font-size wp-block-heading\" id=\"saiba-mais-concurso-mp-pa\">Saiba mais: <a href=\"https:\/\/www.estrategiaconcursos.com.br\/blog\/concurso-mp-pa\/\" target=\"_blank\" rel=\"noreferrer noopener\">concurso MP PA<\/a> <\/h2>\n\n\n\n<h2 class=\"has-text-align-center wp-block-heading\" id=\"h-quer-saber-tudo-sobre-concursos-previstos-confira-nossos-artigos\">Quer saber tudo sobre concursos previstos?<br \/>Confira nossos artigos!<\/h2>\n\n\n\n<ul class=\"wp-block-list\"><li><a href=\"https:\/\/www.estrategiaconcursos.com.br\/blog\/concursos-abertos\/\" target=\"_blank\" rel=\"noreferrer noopener\">Concursos abertos<\/a><\/li><li><a href=\"https:\/\/www.estrategiaconcursos.com.br\/blog\/concursos-2022\/\" target=\"_blank\" rel=\"noreferrer noopener\">Concursos 2022<\/a><\/li><\/ul>\n\n\n\n<h2 class=\"has-text-align-center wp-block-heading\" id=\"agora-que-voce-conferiu-os-requisitos-que-tal-estudar-para-o-concurso-mp-pa\">Agora que voc\u00ea conferiu os requisitos, que tal estudar para o concurso MP PA?<\/h2>\n\n\n\n<div class=\"container\" id=\"boxes\">\n  <div class=\"row\">\n\n    <div class=\"col-sm\">\n      <div class=\"banner-tribunal\" id=\"box-assinatura\">\n        <h3 class=\"titulo-assinatura\">Curso MP PA<\/h3>\n        <p class=\"subtitulo-assinatura\">Conhe\u00e7a os cursos<\/p>\n        <div class=\"box-botao\">\n          <a class=\"btn-assinatura\" target=\"_blank\" href=\"https:\/\/www.estrategiaconcursos.com.br\/cursosPorConcurso\/ministerio-publico-do-para-mp-pa\/\" role=\"button\" rel=\"noopener noreferrer\">Conhe\u00e7a mais<\/a>\n        <\/div>\n      <\/div>\n      <p class=\"texto-auxiliar\">Prepare-se com o melhor material e com quem mais aprova em Concursos P\u00fablicos em todo o pa\u00eds.<\/p>\n    <\/div>\n\n  <\/div>\n<\/div>\n\n\n\n<div class=\"container\" id=\"boxes\">\n  <div class=\"row\">\n\n    <div class=\"col-sm\">\n      <div class=\"estrategia\" id=\"box-assinatura\">\n        <h3 class=\"titulo-assinatura\">Assinatura Concursos<\/h3>\n        <p class=\"subtitulo-assinatura\">Assinatura de 1 ano ou 2 anos<\/p>\n        <div class=\"box-botao\">\n          <a class=\"btn-assinatura\" target=\"_blank\" href=\"https:\/\/www.estrategiaconcursos.com.br\/assinaturas\/\" role=\"button\" rel=\"noopener noreferrer\">ASSINE AGORA<\/a>\n        <\/div>\n      <\/div>\n     \n    <\/div><\/div><\/div>\n","protected":false},"excerpt":{"rendered":"<p>O&nbsp;concurso MP PA&nbsp;(Minist\u00e9rio P\u00fablico do Par\u00e1) est\u00e1 com edital publicado e oferta 169 vagas&nbsp;imediatas, al\u00e9m de oportunidades de cadastro reserva para cargos de n\u00edveis m\u00e9dio e superior. As inscri\u00e7\u00f5es ser\u00e3o abertas no dia&nbsp;25 de maio e poder\u00e3o ser feitas at\u00e9 o dia 23 de junho de 2022, no&nbsp;site da banca, Consulplan. Voc\u00ea pretende concorrer a [&hellip;]<\/p>\n","protected":false},"author":2375,"featured_media":1028580,"comment_status":"open","ping_status":"closed","sticky":false,"template":"","format":"standard","meta":{"post_tipo":"news","footnotes":""},"categories":[1984,220219],"tags":[],"tax_estado":[219977],"class_list":["post-1028549","post","type-post","status-publish","format-standard","has-post-thumbnail","hentry","category-tribunais","category-noticias","tax_estado-pa"],"acf":[],"yoast_head":"<!-- This site is optimized with the Yoast SEO Premium plugin v27.2 (Yoast SEO v27.2) - https:\/\/yoast.com\/product\/yoast-seo-premium-wordpress\/ -->\n<title>Concurso MP PA: quais s\u00e3o os requisitos dos cargos?<\/title>\n<meta name=\"description\" content=\"Concurso MP PA: confira com o Estrat\u00e9gia Concursos quais s\u00e3o os requisitos exigidos no edital do Minist\u00e9rio P\u00fablico do Par\u00e1.\" \/>\n<meta name=\"robots\" content=\"index, follow, max-snippet:-1, max-image-preview:large, max-video-preview:-1\" \/>\n<link rel=\"canonical\" href=\"https:\/\/www.estrategiaconcursos.com.br\/blog\/concurso-mp-pa-requisitos\/\" \/>\n<meta property=\"og:locale\" content=\"pt_BR\" \/>\n<meta property=\"og:type\" content=\"article\" \/>\n<meta property=\"og:title\" content=\"Concurso MP PA: quais s\u00e3o os requisitos dos cargos?\" \/>\n<meta property=\"og:description\" content=\"Concurso MP PA: confira com o Estrat\u00e9gia Concursos quais s\u00e3o os requisitos exigidos no edital do Minist\u00e9rio P\u00fablico do Par\u00e1.\" \/>\n<meta property=\"og:url\" content=\"https:\/\/www.estrategiaconcursos.com.br\/blog\/concurso-mp-pa-requisitos\/\" \/>\n<meta property=\"og:site_name\" content=\"Estrat\u00e9gia Concursos\" \/>\n<meta property=\"article:published_time\" content=\"2022-05-16T13:56:39+00:00\" \/>\n<meta property=\"article:modified_time\" content=\"2022-05-16T14:54:25+00:00\" \/>\n<meta property=\"og:image\" content=\"https:\/\/dhg1h5j42swfq.cloudfront.net\/2022\/05\/16105458\/concurso-mp-pa-requisitos.jpeg\" \/>\n\t<meta property=\"og:image:width\" content=\"150\" \/>\n\t<meta property=\"og:image:height\" content=\"150\" \/>\n\t<meta property=\"og:image:type\" content=\"image\/jpeg\" \/>\n<meta name=\"author\" content=\"Priscila Almeida\" \/>\n<meta name=\"twitter:card\" content=\"summary_large_image\" \/>\n<meta name=\"twitter:creator\" content=\"@EstratConcursos\" \/>\n<meta name=\"twitter:site\" content=\"@EstratConcursos\" \/>\n<meta name=\"twitter:label1\" content=\"Escrito por\" \/>\n\t<meta name=\"twitter:data1\" content=\"Priscila Almeida\" \/>\n\t<meta name=\"twitter:label2\" content=\"Est. tempo de leitura\" \/>\n\t<meta name=\"twitter:data2\" content=\"4 minutos\" \/>\n<script type=\"application\/ld+json\" class=\"yoast-schema-graph\">{\"@context\":\"https:\/\/schema.org\",\"@graph\":[{\"@type\":\"NewsArticle\",\"@id\":\"https:\/\/www.estrategiaconcursos.com.br\/blog\/concurso-mp-pa-requisitos\/#article\",\"isPartOf\":{\"@id\":\"https:\/\/www.estrategiaconcursos.com.br\/blog\/concurso-mp-pa-requisitos\/\"},\"author\":{\"name\":\"Priscila Almeida\",\"@id\":\"https:\/\/www.estrategiaconcursos.com.br\/blog\/#\/schema\/person\/a06e841e501f2e1d8c49c4e8f066bfd1\"},\"headline\":\"Concurso MP PA: quais s\u00e3o os requisitos dos cargos?\",\"datePublished\":\"2022-05-16T13:56:39+00:00\",\"dateModified\":\"2022-05-16T14:54:25+00:00\",\"mainEntityOfPage\":{\"@id\":\"https:\/\/www.estrategiaconcursos.com.br\/blog\/concurso-mp-pa-requisitos\/\"},\"wordCount\":858,\"commentCount\":0,\"publisher\":{\"@id\":\"https:\/\/www.estrategiaconcursos.com.br\/blog\/#organization\"},\"image\":{\"@id\":\"https:\/\/www.estrategiaconcursos.com.br\/blog\/concurso-mp-pa-requisitos\/#primaryimage\"},\"thumbnailUrl\":\"https:\/\/dhg1h5j42swfq.cloudfront.net\/2022\/05\/16105458\/concurso-mp-pa-requisitos.jpeg\",\"articleSection\":[\"Tribunais\",\"\u00daltimas not\u00edcias\"],\"inLanguage\":\"pt-BR\",\"potentialAction\":[{\"@type\":\"CommentAction\",\"name\":\"Comment\",\"target\":[\"https:\/\/www.estrategiaconcursos.com.br\/blog\/concurso-mp-pa-requisitos\/#respond\"]}],\"copyrightYear\":\"2022\",\"copyrightHolder\":{\"@id\":\"https:\/\/www.estrategiaconcursos.com.br\/blog\/#organization\"}},{\"@type\":\"WebPage\",\"@id\":\"https:\/\/www.estrategiaconcursos.com.br\/blog\/concurso-mp-pa-requisitos\/\",\"url\":\"https:\/\/www.estrategiaconcursos.com.br\/blog\/concurso-mp-pa-requisitos\/\",\"name\":\"Concurso MP PA: quais s\u00e3o os requisitos dos cargos?\",\"isPartOf\":{\"@id\":\"https:\/\/www.estrategiaconcursos.com.br\/blog\/#website\"},\"primaryImageOfPage\":{\"@id\":\"https:\/\/www.estrategiaconcursos.com.br\/blog\/concurso-mp-pa-requisitos\/#primaryimage\"},\"image\":{\"@id\":\"https:\/\/www.estrategiaconcursos.com.br\/blog\/concurso-mp-pa-requisitos\/#primaryimage\"},\"thumbnailUrl\":\"https:\/\/dhg1h5j42swfq.cloudfront.net\/2022\/05\/16105458\/concurso-mp-pa-requisitos.jpeg\",\"datePublished\":\"2022-05-16T13:56:39+00:00\",\"dateModified\":\"2022-05-16T14:54:25+00:00\",\"description\":\"Concurso MP PA: confira com o Estrat\u00e9gia Concursos quais s\u00e3o os requisitos exigidos no edital do Minist\u00e9rio P\u00fablico do Par\u00e1.\",\"breadcrumb\":{\"@id\":\"https:\/\/www.estrategiaconcursos.com.br\/blog\/concurso-mp-pa-requisitos\/#breadcrumb\"},\"inLanguage\":\"pt-BR\",\"potentialAction\":[{\"@type\":\"ReadAction\",\"target\":[\"https:\/\/www.estrategiaconcursos.com.br\/blog\/concurso-mp-pa-requisitos\/\"]}]},{\"@type\":\"ImageObject\",\"inLanguage\":\"pt-BR\",\"@id\":\"https:\/\/www.estrategiaconcursos.com.br\/blog\/concurso-mp-pa-requisitos\/#primaryimage\",\"url\":\"https:\/\/dhg1h5j42swfq.cloudfront.net\/2022\/05\/16105458\/concurso-mp-pa-requisitos.jpeg\",\"contentUrl\":\"https:\/\/dhg1h5j42swfq.cloudfront.net\/2022\/05\/16105458\/concurso-mp-pa-requisitos.jpeg\",\"width\":150,\"height\":150,\"caption\":\"requisitos concurso MP PA\"},{\"@type\":\"BreadcrumbList\",\"@id\":\"https:\/\/www.estrategiaconcursos.com.br\/blog\/concurso-mp-pa-requisitos\/#breadcrumb\",\"itemListElement\":[{\"@type\":\"ListItem\",\"position\":1,\"name\":\"In\u00edcio\",\"item\":\"https:\/\/www.estrategiaconcursos.com.br\/blog\/\"},{\"@type\":\"ListItem\",\"position\":2,\"name\":\"Concurso MP PA: quais s\u00e3o os requisitos dos cargos?\"}]},{\"@type\":\"WebSite\",\"@id\":\"https:\/\/www.estrategiaconcursos.com.br\/blog\/#website\",\"url\":\"https:\/\/www.estrategiaconcursos.com.br\/blog\/\",\"name\":\"Estrat\u00e9gia Concursos\",\"description\":\"O blog da Estrat\u00e9gia Concursos traz not\u00edcias sobre concursos e artigos de professores oferecendo cursos para concursos (pdf + videaulas) no site.\",\"publisher\":{\"@id\":\"https:\/\/www.estrategiaconcursos.com.br\/blog\/#organization\"},\"potentialAction\":[{\"@type\":\"SearchAction\",\"target\":{\"@type\":\"EntryPoint\",\"urlTemplate\":\"https:\/\/www.estrategiaconcursos.com.br\/blog\/?s={search_term_string}\"},\"query-input\":{\"@type\":\"PropertyValueSpecification\",\"valueRequired\":true,\"valueName\":\"search_term_string\"}}],\"inLanguage\":\"pt-BR\"},{\"@type\":\"Organization\",\"@id\":\"https:\/\/www.estrategiaconcursos.com.br\/blog\/#organization\",\"name\":\"Estrat\u00e9gia Concursos\",\"url\":\"https:\/\/www.estrategiaconcursos.com.br\/blog\/\",\"logo\":{\"@type\":\"ImageObject\",\"inLanguage\":\"pt-BR\",\"@id\":\"https:\/\/www.estrategiaconcursos.com.br\/blog\/#\/schema\/logo\/image\/\",\"url\":\"https:\/\/dhg1h5j42swfq.cloudfront.net\/2025\/06\/03203428\/logo_concursos-1.jpg\",\"contentUrl\":\"https:\/\/dhg1h5j42swfq.cloudfront.net\/2025\/06\/03203428\/logo_concursos-1.jpg\",\"width\":230,\"height\":60,\"caption\":\"Estrat\u00e9gia Concursos\"},\"image\":{\"@id\":\"https:\/\/www.estrategiaconcursos.com.br\/blog\/#\/schema\/logo\/image\/\"},\"sameAs\":[\"https:\/\/x.com\/EstratConcursos\"]},{\"@type\":\"Person\",\"@id\":\"https:\/\/www.estrategiaconcursos.com.br\/blog\/#\/schema\/person\/a06e841e501f2e1d8c49c4e8f066bfd1\",\"name\":\"Priscila Almeida\",\"image\":{\"@type\":\"ImageObject\",\"inLanguage\":\"pt-BR\",\"@id\":\"https:\/\/secure.gravatar.com\/avatar\/0a963c9e2a947fa675b669cea2b5d0ba6dd1cbf46b966190343b6c9973ad3337?s=96&d=mm&r=g\",\"url\":\"https:\/\/secure.gravatar.com\/avatar\/0a963c9e2a947fa675b669cea2b5d0ba6dd1cbf46b966190343b6c9973ad3337?s=96&d=mm&r=g\",\"contentUrl\":\"https:\/\/secure.gravatar.com\/avatar\/0a963c9e2a947fa675b669cea2b5d0ba6dd1cbf46b966190343b6c9973ad3337?s=96&d=mm&r=g\",\"caption\":\"Priscila Almeida\"},\"description\":\"Atua na \u00e1rea de concursos p\u00fablicos desde 2019. As editorias que mais t\u00eam familiaridade s\u00e3o: Tribunais (TJs; TRTs; TREs; TSTs; STJ, STF, STM e TSE); Defensorias; Minist\u00e9rios P\u00fablicos; Procuradorias; Educa\u00e7\u00e3o e Conselhos. Na \u00e1rea de comunica\u00e7\u00e3o, de maneira geral, a caminhada \u00e9 um pouco mais longa - desde 2007. Possui experi\u00eancia em reda\u00e7\u00f5es de r\u00e1dio, TV, Web e impresso, al\u00e9m de desenvolver trabalhos em assessorias de comunica\u00e7\u00e3o institucional, empresarial e p\u00fablicas. Entre outros trabalhos, se destacam a atua\u00e7\u00e3o nas \u00e1reas de Justi\u00e7a, Congresso, Esportes, Sa\u00fade, Agropecu\u00e1ria, Cidades e Avia\u00e7\u00e3o Civil.\",\"url\":\"https:\/\/www.estrategiaconcursos.com.br\/blog\/author\/priscila-almeidaestrategia-com\/\"}]}<\/script>\n<!-- \/ Yoast SEO Premium plugin. -->","yoast_head_json":{"title":"Concurso MP PA: quais s\u00e3o os requisitos dos cargos?","description":"Concurso MP PA: confira com o Estrat\u00e9gia Concursos quais s\u00e3o os requisitos exigidos no edital do Minist\u00e9rio P\u00fablico do Par\u00e1.","robots":{"index":"index","follow":"follow","max-snippet":"max-snippet:-1","max-image-preview":"max-image-preview:large","max-video-preview":"max-video-preview:-1"},"canonical":"https:\/\/www.estrategiaconcursos.com.br\/blog\/concurso-mp-pa-requisitos\/","og_locale":"pt_BR","og_type":"article","og_title":"Concurso MP PA: quais s\u00e3o os requisitos dos cargos?","og_description":"Concurso MP PA: confira com o Estrat\u00e9gia Concursos quais s\u00e3o os requisitos exigidos no edital do Minist\u00e9rio P\u00fablico do Par\u00e1.","og_url":"https:\/\/www.estrategiaconcursos.com.br\/blog\/concurso-mp-pa-requisitos\/","og_site_name":"Estrat\u00e9gia Concursos","article_published_time":"2022-05-16T13:56:39+00:00","article_modified_time":"2022-05-16T14:54:25+00:00","og_image":[{"width":150,"height":150,"url":"https:\/\/dhg1h5j42swfq.cloudfront.net\/2022\/05\/16105458\/concurso-mp-pa-requisitos.jpeg","type":"image\/jpeg"}],"author":"Priscila Almeida","twitter_card":"summary_large_image","twitter_creator":"@EstratConcursos","twitter_site":"@EstratConcursos","twitter_misc":{"Escrito por":"Priscila Almeida","Est. tempo de leitura":"4 minutos"},"schema":{"@context":"https:\/\/schema.org","@graph":[{"@type":"NewsArticle","@id":"https:\/\/www.estrategiaconcursos.com.br\/blog\/concurso-mp-pa-requisitos\/#article","isPartOf":{"@id":"https:\/\/www.estrategiaconcursos.com.br\/blog\/concurso-mp-pa-requisitos\/"},"author":{"name":"Priscila Almeida","@id":"https:\/\/www.estrategiaconcursos.com.br\/blog\/#\/schema\/person\/a06e841e501f2e1d8c49c4e8f066bfd1"},"headline":"Concurso MP PA: quais s\u00e3o os requisitos dos cargos?","datePublished":"2022-05-16T13:56:39+00:00","dateModified":"2022-05-16T14:54:25+00:00","mainEntityOfPage":{"@id":"https:\/\/www.estrategiaconcursos.com.br\/blog\/concurso-mp-pa-requisitos\/"},"wordCount":858,"commentCount":0,"publisher":{"@id":"https:\/\/www.estrategiaconcursos.com.br\/blog\/#organization"},"image":{"@id":"https:\/\/www.estrategiaconcursos.com.br\/blog\/concurso-mp-pa-requisitos\/#primaryimage"},"thumbnailUrl":"https:\/\/dhg1h5j42swfq.cloudfront.net\/2022\/05\/16105458\/concurso-mp-pa-requisitos.jpeg","articleSection":["Tribunais","\u00daltimas not\u00edcias"],"inLanguage":"pt-BR","potentialAction":[{"@type":"CommentAction","name":"Comment","target":["https:\/\/www.estrategiaconcursos.com.br\/blog\/concurso-mp-pa-requisitos\/#respond"]}],"copyrightYear":"2022","copyrightHolder":{"@id":"https:\/\/www.estrategiaconcursos.com.br\/blog\/#organization"}},{"@type":"WebPage","@id":"https:\/\/www.estrategiaconcursos.com.br\/blog\/concurso-mp-pa-requisitos\/","url":"https:\/\/www.estrategiaconcursos.com.br\/blog\/concurso-mp-pa-requisitos\/","name":"Concurso MP PA: quais s\u00e3o os requisitos dos cargos?","isPartOf":{"@id":"https:\/\/www.estrategiaconcursos.com.br\/blog\/#website"},"primaryImageOfPage":{"@id":"https:\/\/www.estrategiaconcursos.com.br\/blog\/concurso-mp-pa-requisitos\/#primaryimage"},"image":{"@id":"https:\/\/www.estrategiaconcursos.com.br\/blog\/concurso-mp-pa-requisitos\/#primaryimage"},"thumbnailUrl":"https:\/\/dhg1h5j42swfq.cloudfront.net\/2022\/05\/16105458\/concurso-mp-pa-requisitos.jpeg","datePublished":"2022-05-16T13:56:39+00:00","dateModified":"2022-05-16T14:54:25+00:00","description":"Concurso MP PA: confira com o Estrat\u00e9gia Concursos quais s\u00e3o os requisitos exigidos no edital do Minist\u00e9rio P\u00fablico do Par\u00e1.","breadcrumb":{"@id":"https:\/\/www.estrategiaconcursos.com.br\/blog\/concurso-mp-pa-requisitos\/#breadcrumb"},"inLanguage":"pt-BR","potentialAction":[{"@type":"ReadAction","target":["https:\/\/www.estrategiaconcursos.com.br\/blog\/concurso-mp-pa-requisitos\/"]}]},{"@type":"ImageObject","inLanguage":"pt-BR","@id":"https:\/\/www.estrategiaconcursos.com.br\/blog\/concurso-mp-pa-requisitos\/#primaryimage","url":"https:\/\/dhg1h5j42swfq.cloudfront.net\/2022\/05\/16105458\/concurso-mp-pa-requisitos.jpeg","contentUrl":"https:\/\/dhg1h5j42swfq.cloudfront.net\/2022\/05\/16105458\/concurso-mp-pa-requisitos.jpeg","width":150,"height":150,"caption":"requisitos concurso MP PA"},{"@type":"BreadcrumbList","@id":"https:\/\/www.estrategiaconcursos.com.br\/blog\/concurso-mp-pa-requisitos\/#breadcrumb","itemListElement":[{"@type":"ListItem","position":1,"name":"In\u00edcio","item":"https:\/\/www.estrategiaconcursos.com.br\/blog\/"},{"@type":"ListItem","position":2,"name":"Concurso MP PA: quais s\u00e3o os requisitos dos cargos?"}]},{"@type":"WebSite","@id":"https:\/\/www.estrategiaconcursos.com.br\/blog\/#website","url":"https:\/\/www.estrategiaconcursos.com.br\/blog\/","name":"Estrat\u00e9gia Concursos","description":"O blog da Estrat\u00e9gia Concursos traz not\u00edcias sobre concursos e artigos de professores oferecendo cursos para concursos (pdf + videaulas) no site.","publisher":{"@id":"https:\/\/www.estrategiaconcursos.com.br\/blog\/#organization"},"potentialAction":[{"@type":"SearchAction","target":{"@type":"EntryPoint","urlTemplate":"https:\/\/www.estrategiaconcursos.com.br\/blog\/?s={search_term_string}"},"query-input":{"@type":"PropertyValueSpecification","valueRequired":true,"valueName":"search_term_string"}}],"inLanguage":"pt-BR"},{"@type":"Organization","@id":"https:\/\/www.estrategiaconcursos.com.br\/blog\/#organization","name":"Estrat\u00e9gia Concursos","url":"https:\/\/www.estrategiaconcursos.com.br\/blog\/","logo":{"@type":"ImageObject","inLanguage":"pt-BR","@id":"https:\/\/www.estrategiaconcursos.com.br\/blog\/#\/schema\/logo\/image\/","url":"https:\/\/dhg1h5j42swfq.cloudfront.net\/2025\/06\/03203428\/logo_concursos-1.jpg","contentUrl":"https:\/\/dhg1h5j42swfq.cloudfront.net\/2025\/06\/03203428\/logo_concursos-1.jpg","width":230,"height":60,"caption":"Estrat\u00e9gia Concursos"},"image":{"@id":"https:\/\/www.estrategiaconcursos.com.br\/blog\/#\/schema\/logo\/image\/"},"sameAs":["https:\/\/x.com\/EstratConcursos"]},{"@type":"Person","@id":"https:\/\/www.estrategiaconcursos.com.br\/blog\/#\/schema\/person\/a06e841e501f2e1d8c49c4e8f066bfd1","name":"Priscila Almeida","image":{"@type":"ImageObject","inLanguage":"pt-BR","@id":"https:\/\/secure.gravatar.com\/avatar\/0a963c9e2a947fa675b669cea2b5d0ba6dd1cbf46b966190343b6c9973ad3337?s=96&d=mm&r=g","url":"https:\/\/secure.gravatar.com\/avatar\/0a963c9e2a947fa675b669cea2b5d0ba6dd1cbf46b966190343b6c9973ad3337?s=96&d=mm&r=g","contentUrl":"https:\/\/secure.gravatar.com\/avatar\/0a963c9e2a947fa675b669cea2b5d0ba6dd1cbf46b966190343b6c9973ad3337?s=96&d=mm&r=g","caption":"Priscila Almeida"},"description":"Atua na \u00e1rea de concursos p\u00fablicos desde 2019. As editorias que mais t\u00eam familiaridade s\u00e3o: Tribunais (TJs; TRTs; TREs; TSTs; STJ, STF, STM e TSE); Defensorias; Minist\u00e9rios P\u00fablicos; Procuradorias; Educa\u00e7\u00e3o e Conselhos. Na \u00e1rea de comunica\u00e7\u00e3o, de maneira geral, a caminhada \u00e9 um pouco mais longa - desde 2007. Possui experi\u00eancia em reda\u00e7\u00f5es de r\u00e1dio, TV, Web e impresso, al\u00e9m de desenvolver trabalhos em assessorias de comunica\u00e7\u00e3o institucional, empresarial e p\u00fablicas. Entre outros trabalhos, se destacam a atua\u00e7\u00e3o nas \u00e1reas de Justi\u00e7a, Congresso, Esportes, Sa\u00fade, Agropecu\u00e1ria, Cidades e Avia\u00e7\u00e3o Civil.","url":"https:\/\/www.estrategiaconcursos.com.br\/blog\/author\/priscila-almeidaestrategia-com\/"}]}},"_links":{"self":[{"href":"https:\/\/www.estrategiaconcursos.com.br\/blog\/wp-json\/wp\/v2\/posts\/1028549","targetHints":{"allow":["GET"]}}],"collection":[{"href":"https:\/\/www.estrategiaconcursos.com.br\/blog\/wp-json\/wp\/v2\/posts"}],"about":[{"href":"https:\/\/www.estrategiaconcursos.com.br\/blog\/wp-json\/wp\/v2\/types\/post"}],"author":[{"embeddable":true,"href":"https:\/\/www.estrategiaconcursos.com.br\/blog\/wp-json\/wp\/v2\/users\/2375"}],"replies":[{"embeddable":true,"href":"https:\/\/www.estrategiaconcursos.com.br\/blog\/wp-json\/wp\/v2\/comments?post=1028549"}],"version-history":[{"count":3,"href":"https:\/\/www.estrategiaconcursos.com.br\/blog\/wp-json\/wp\/v2\/posts\/1028549\/revisions"}],"predecessor-version":[{"id":1028661,"href":"https:\/\/www.estrategiaconcursos.com.br\/blog\/wp-json\/wp\/v2\/posts\/1028549\/revisions\/1028661"}],"wp:featuredmedia":[{"embeddable":true,"href":"https:\/\/www.estrategiaconcursos.com.br\/blog\/wp-json\/wp\/v2\/media\/1028580"}],"wp:attachment":[{"href":"https:\/\/www.estrategiaconcursos.com.br\/blog\/wp-json\/wp\/v2\/media?parent=1028549"}],"wp:term":[{"taxonomy":"category","embeddable":true,"href":"https:\/\/www.estrategiaconcursos.com.br\/blog\/wp-json\/wp\/v2\/categories?post=1028549"},{"taxonomy":"post_tag","embeddable":true,"href":"https:\/\/www.estrategiaconcursos.com.br\/blog\/wp-json\/wp\/v2\/tags?post=1028549"},{"taxonomy":"tax_estado","embeddable":true,"href":"https:\/\/www.estrategiaconcursos.com.br\/blog\/wp-json\/wp\/v2\/tax_estado?post=1028549"}],"curies":[{"name":"wp","href":"https:\/\/api.w.org\/{rel}","templated":true}]}}