{"id":10283,"date":"2013-07-01T10:46:34","date_gmt":"2013-07-01T10:46:34","guid":{"rendered":"https:\/\/www.estrategiaconcursos.com.br\/blog\/noticia\/publicado-o-edital-de-aft-sao-100-vagas-com-subsidio-inicial-de-r-14-28000-3\/"},"modified":"2016-06-08T11:48:53","modified_gmt":"2016-06-08T14:48:53","slug":"publicado-o-edital-de-aft-sao-100-vagas-com-subsidio-inicial-de-r-14-28000-3","status":"publish","type":"post","link":"https:\/\/www.estrategiaconcursos.com.br\/blog\/publicado-o-edital-de-aft-sao-100-vagas-com-subsidio-inicial-de-r-14-28000-3\/","title":{"rendered":"Publicado o edital de AFT! S\u00e3o 100 vagas, com subs\u00eddio inicial de R$ 14.280,00"},"content":{"rendered":"<p>Ol\u00e1, amigos do Estrat\u00e9gia! Tudo bem?<\/p>\n<div><\/div>\n<div>Hoje (01\/07\/2013) foi publicado no D.O.U o edital de <b>Auditor Fiscal do Trabalho (AFT)<\/b>.<\/div>\n<div><\/div>\n<div><a href=\"http:\/\/www.in.gov.br\/visualiza\/index.jsp?data=01\/07\/2013&amp;jornal=3&amp;pagina=174&amp;totalArquivos=280\">http:\/\/www.in.gov.br\/visualiza\/index.jsp?data=01\/07\/2013&amp;jornal=3&amp;pagina=174&amp;totalArquivos=280<\/a>&nbsp;<\/div>\n<div><\/div>\n<div>S\u00e3o <b>100 vagas,<\/b> com subs\u00eddio inicial de <b>R$ 14.280,00<\/b>.&nbsp;<\/div>\n<div><\/div>\n<div>A banca examinadora \u00e9 o <b>CESPE<\/b> e as provas ocorrer\u00e3o no dia <b>08\/09\/2013<\/b>.<\/div>\n<div><\/div>\n<div>O Estrat\u00e9gia Concursos lan\u00e7ar\u00e1 todos os cursos para esse certame. Acompanhe nossos cursos no link abaixo:<\/div>\n<div><\/div>\n<div><a href=\"http:\/\/www.estrategiaconcursos.com.br\/cursos-concursos\/11\/aft-auditor-fiscal-do-trabalho\">http:\/\/www.estrategiaconcursos.com.br\/cursos-concursos\/11\/aft-auditor-fiscal-do-trabalho<\/a><\/div>\n<div><\/div>\n<div>Abra\u00e7os e bons estudos,<\/div>\n<div><\/div>\n<div>Coordena\u00e7\u00e3o<\/div>\n<div><\/div>\n<div><\/div>\n","protected":false},"excerpt":{"rendered":"<p>Ol\u00e1, amigos do Estrat\u00e9gia! Tudo bem? Hoje (01\/07\/2013) foi publicado no D.O.U o edital de Auditor Fiscal do Trabalho (AFT). http:\/\/www.in.gov.br\/visualiza\/index.jsp?data=01\/07\/2013&amp;jornal=3&amp;pagina=174&amp;totalArquivos=280&nbsp; S\u00e3o 100 vagas, com subs\u00eddio inicial de R$ 14.280,00.&nbsp; A banca examinadora \u00e9 o CESPE e as provas ocorrer\u00e3o no dia 08\/09\/2013. O Estrat\u00e9gia Concursos lan\u00e7ar\u00e1 todos os cursos para esse certame. Acompanhe nossos [&hellip;]<\/p>\n","protected":false},"author":115,"featured_media":0,"comment_status":"open","ping_status":"open","sticky":false,"template":"","format":"standard","meta":{"post_tipo":"article","footnotes":""},"categories":[],"tags":[542],"tax_estado":[],"class_list":["post-10283","post","type-post","status-publish","format-standard","hentry","tag-aft"],"acf":[],"yoast_head":"<!-- This site is optimized with the Yoast SEO Premium plugin v27.2 (Yoast SEO v27.2) - https:\/\/yoast.com\/product\/yoast-seo-premium-wordpress\/ -->\n<title>Publicado o edital de AFT! S\u00e3o 100 vagas, com subs\u00eddio inicial de R$ 14.280,00<\/title>\n<meta name=\"robots\" content=\"index, follow, max-snippet:-1, max-image-preview:large, max-video-preview:-1\" \/>\n<link rel=\"canonical\" href=\"https:\/\/www.estrategiaconcursos.com.br\/blog\/publicado-o-edital-de-aft-sao-100-vagas-com-subsidio-inicial-de-r-14-28000-3\/\" \/>\n<meta property=\"og:locale\" content=\"pt_BR\" \/>\n<meta property=\"og:type\" content=\"article\" \/>\n<meta property=\"og:title\" content=\"Publicado o edital de AFT! S\u00e3o 100 vagas, com subs\u00eddio inicial de R$ 14.280,00\" \/>\n<meta property=\"og:description\" content=\"Ol\u00e1, amigos do Estrat\u00e9gia! Tudo bem? Hoje (01\/07\/2013) foi publicado no D.O.U o edital de Auditor Fiscal do Trabalho (AFT). http:\/\/www.in.gov.br\/visualiza\/index.jsp?data=01\/07\/2013&amp;jornal=3&amp;pagina=174&amp;totalArquivos=280&nbsp; S\u00e3o 100 vagas, com subs\u00eddio inicial de R$ 14.280,00.&nbsp; A banca examinadora \u00e9 o CESPE e as provas ocorrer\u00e3o no dia 08\/09\/2013. O Estrat\u00e9gia Concursos lan\u00e7ar\u00e1 todos os cursos para esse certame. Acompanhe nossos [&hellip;]\" \/>\n<meta property=\"og:url\" content=\"https:\/\/www.estrategiaconcursos.com.br\/blog\/publicado-o-edital-de-aft-sao-100-vagas-com-subsidio-inicial-de-r-14-28000-3\/\" \/>\n<meta property=\"og:site_name\" content=\"Estrat\u00e9gia Concursos\" \/>\n<meta property=\"article:published_time\" content=\"2013-07-01T10:46:34+00:00\" \/>\n<meta property=\"article:modified_time\" content=\"2016-06-08T14:48:53+00:00\" \/>\n<meta name=\"author\" content=\"Ricardo\" \/>\n<meta name=\"twitter:card\" content=\"summary_large_image\" \/>\n<meta name=\"twitter:creator\" content=\"@EstratConcursos\" \/>\n<meta name=\"twitter:site\" content=\"@EstratConcursos\" \/>\n<meta name=\"twitter:label1\" content=\"Escrito por\" \/>\n\t<meta name=\"twitter:data1\" content=\"Ricardo\" \/>\n<script type=\"application\/ld+json\" class=\"yoast-schema-graph\">{\"@context\":\"https:\/\/schema.org\",\"@graph\":[{\"@type\":\"NewsArticle\",\"@id\":\"https:\/\/www.estrategiaconcursos.com.br\/blog\/publicado-o-edital-de-aft-sao-100-vagas-com-subsidio-inicial-de-r-14-28000-3\/#article\",\"isPartOf\":{\"@id\":\"https:\/\/www.estrategiaconcursos.com.br\/blog\/publicado-o-edital-de-aft-sao-100-vagas-com-subsidio-inicial-de-r-14-28000-3\/\"},\"author\":{\"name\":\"Ricardo\",\"@id\":\"https:\/\/www.estrategiaconcursos.com.br\/blog\/#\/schema\/person\/92cf503602f44e39fd64aa33e0687b45\"},\"headline\":\"Publicado o edital de AFT! S\u00e3o 100 vagas, com subs\u00eddio inicial de R$ 14.280,00\",\"datePublished\":\"2013-07-01T10:46:34+00:00\",\"dateModified\":\"2016-06-08T14:48:53+00:00\",\"mainEntityOfPage\":{\"@id\":\"https:\/\/www.estrategiaconcursos.com.br\/blog\/publicado-o-edital-de-aft-sao-100-vagas-com-subsidio-inicial-de-r-14-28000-3\/\"},\"wordCount\":106,\"commentCount\":0,\"publisher\":{\"@id\":\"https:\/\/www.estrategiaconcursos.com.br\/blog\/#organization\"},\"keywords\":[\"AFT\"],\"inLanguage\":\"pt-BR\",\"potentialAction\":[{\"@type\":\"CommentAction\",\"name\":\"Comment\",\"target\":[\"https:\/\/www.estrategiaconcursos.com.br\/blog\/publicado-o-edital-de-aft-sao-100-vagas-com-subsidio-inicial-de-r-14-28000-3\/#respond\"]}],\"copyrightYear\":\"2013\",\"copyrightHolder\":{\"@id\":\"https:\/\/www.estrategiaconcursos.com.br\/blog\/#organization\"}},{\"@type\":\"WebPage\",\"@id\":\"https:\/\/www.estrategiaconcursos.com.br\/blog\/publicado-o-edital-de-aft-sao-100-vagas-com-subsidio-inicial-de-r-14-28000-3\/\",\"url\":\"https:\/\/www.estrategiaconcursos.com.br\/blog\/publicado-o-edital-de-aft-sao-100-vagas-com-subsidio-inicial-de-r-14-28000-3\/\",\"name\":\"Publicado o edital de AFT! S\u00e3o 100 vagas, com subs\u00eddio inicial de R$ 14.280,00\",\"isPartOf\":{\"@id\":\"https:\/\/www.estrategiaconcursos.com.br\/blog\/#website\"},\"datePublished\":\"2013-07-01T10:46:34+00:00\",\"dateModified\":\"2016-06-08T14:48:53+00:00\",\"breadcrumb\":{\"@id\":\"https:\/\/www.estrategiaconcursos.com.br\/blog\/publicado-o-edital-de-aft-sao-100-vagas-com-subsidio-inicial-de-r-14-28000-3\/#breadcrumb\"},\"inLanguage\":\"pt-BR\",\"potentialAction\":[{\"@type\":\"ReadAction\",\"target\":[\"https:\/\/www.estrategiaconcursos.com.br\/blog\/publicado-o-edital-de-aft-sao-100-vagas-com-subsidio-inicial-de-r-14-28000-3\/\"]}]},{\"@type\":\"BreadcrumbList\",\"@id\":\"https:\/\/www.estrategiaconcursos.com.br\/blog\/publicado-o-edital-de-aft-sao-100-vagas-com-subsidio-inicial-de-r-14-28000-3\/#breadcrumb\",\"itemListElement\":[{\"@type\":\"ListItem\",\"position\":1,\"name\":\"In\u00edcio\",\"item\":\"https:\/\/www.estrategiaconcursos.com.br\/blog\/\"},{\"@type\":\"ListItem\",\"position\":2,\"name\":\"Publicado o edital de AFT! S\u00e3o 100 vagas, com subs\u00eddio inicial de R$ 14.280,00\"}]},{\"@type\":\"WebSite\",\"@id\":\"https:\/\/www.estrategiaconcursos.com.br\/blog\/#website\",\"url\":\"https:\/\/www.estrategiaconcursos.com.br\/blog\/\",\"name\":\"Estrat\u00e9gia Concursos\",\"description\":\"O blog da Estrat\u00e9gia Concursos traz not\u00edcias sobre concursos e artigos de professores oferecendo cursos para concursos (pdf + videaulas) no site.\",\"publisher\":{\"@id\":\"https:\/\/www.estrategiaconcursos.com.br\/blog\/#organization\"},\"potentialAction\":[{\"@type\":\"SearchAction\",\"target\":{\"@type\":\"EntryPoint\",\"urlTemplate\":\"https:\/\/www.estrategiaconcursos.com.br\/blog\/?s={search_term_string}\"},\"query-input\":{\"@type\":\"PropertyValueSpecification\",\"valueRequired\":true,\"valueName\":\"search_term_string\"}}],\"inLanguage\":\"pt-BR\"},{\"@type\":\"Organization\",\"@id\":\"https:\/\/www.estrategiaconcursos.com.br\/blog\/#organization\",\"name\":\"Estrat\u00e9gia Concursos\",\"url\":\"https:\/\/www.estrategiaconcursos.com.br\/blog\/\",\"logo\":{\"@type\":\"ImageObject\",\"inLanguage\":\"pt-BR\",\"@id\":\"https:\/\/www.estrategiaconcursos.com.br\/blog\/#\/schema\/logo\/image\/\",\"url\":\"https:\/\/dhg1h5j42swfq.cloudfront.net\/2025\/06\/03203428\/logo_concursos-1.jpg\",\"contentUrl\":\"https:\/\/dhg1h5j42swfq.cloudfront.net\/2025\/06\/03203428\/logo_concursos-1.jpg\",\"width\":230,\"height\":60,\"caption\":\"Estrat\u00e9gia Concursos\"},\"image\":{\"@id\":\"https:\/\/www.estrategiaconcursos.com.br\/blog\/#\/schema\/logo\/image\/\"},\"sameAs\":[\"https:\/\/x.com\/EstratConcursos\"]},{\"@type\":\"Person\",\"@id\":\"https:\/\/www.estrategiaconcursos.com.br\/blog\/#\/schema\/person\/92cf503602f44e39fd64aa33e0687b45\",\"name\":\"Ricardo\",\"image\":{\"@type\":\"ImageObject\",\"inLanguage\":\"pt-BR\",\"@id\":\"https:\/\/secure.gravatar.com\/avatar\/6fd77014f2446836fad119fe17d138f4de251a83fdcd0261c98059c1b507b362?s=96&d=mm&r=g\",\"url\":\"https:\/\/secure.gravatar.com\/avatar\/6fd77014f2446836fad119fe17d138f4de251a83fdcd0261c98059c1b507b362?s=96&d=mm&r=g\",\"contentUrl\":\"https:\/\/secure.gravatar.com\/avatar\/6fd77014f2446836fad119fe17d138f4de251a83fdcd0261c98059c1b507b362?s=96&d=mm&r=g\",\"caption\":\"Ricardo\"},\"url\":\"https:\/\/www.estrategiaconcursos.com.br\/blog\/author\/ricardoestrategiaconcursos-com-br\/\"}]}<\/script>\n<!-- \/ Yoast SEO Premium plugin. -->","yoast_head_json":{"title":"Publicado o edital de AFT! S\u00e3o 100 vagas, com subs\u00eddio inicial de R$ 14.280,00","robots":{"index":"index","follow":"follow","max-snippet":"max-snippet:-1","max-image-preview":"max-image-preview:large","max-video-preview":"max-video-preview:-1"},"canonical":"https:\/\/www.estrategiaconcursos.com.br\/blog\/publicado-o-edital-de-aft-sao-100-vagas-com-subsidio-inicial-de-r-14-28000-3\/","og_locale":"pt_BR","og_type":"article","og_title":"Publicado o edital de AFT! S\u00e3o 100 vagas, com subs\u00eddio inicial de R$ 14.280,00","og_description":"Ol\u00e1, amigos do Estrat\u00e9gia! Tudo bem? Hoje (01\/07\/2013) foi publicado no D.O.U o edital de Auditor Fiscal do Trabalho (AFT). http:\/\/www.in.gov.br\/visualiza\/index.jsp?data=01\/07\/2013&amp;jornal=3&amp;pagina=174&amp;totalArquivos=280&nbsp; S\u00e3o 100 vagas, com subs\u00eddio inicial de R$ 14.280,00.&nbsp; A banca examinadora \u00e9 o CESPE e as provas ocorrer\u00e3o no dia 08\/09\/2013. O Estrat\u00e9gia Concursos lan\u00e7ar\u00e1 todos os cursos para esse certame. Acompanhe nossos [&hellip;]","og_url":"https:\/\/www.estrategiaconcursos.com.br\/blog\/publicado-o-edital-de-aft-sao-100-vagas-com-subsidio-inicial-de-r-14-28000-3\/","og_site_name":"Estrat\u00e9gia Concursos","article_published_time":"2013-07-01T10:46:34+00:00","article_modified_time":"2016-06-08T14:48:53+00:00","author":"Ricardo","twitter_card":"summary_large_image","twitter_creator":"@EstratConcursos","twitter_site":"@EstratConcursos","twitter_misc":{"Escrito por":"Ricardo"},"schema":{"@context":"https:\/\/schema.org","@graph":[{"@type":"NewsArticle","@id":"https:\/\/www.estrategiaconcursos.com.br\/blog\/publicado-o-edital-de-aft-sao-100-vagas-com-subsidio-inicial-de-r-14-28000-3\/#article","isPartOf":{"@id":"https:\/\/www.estrategiaconcursos.com.br\/blog\/publicado-o-edital-de-aft-sao-100-vagas-com-subsidio-inicial-de-r-14-28000-3\/"},"author":{"name":"Ricardo","@id":"https:\/\/www.estrategiaconcursos.com.br\/blog\/#\/schema\/person\/92cf503602f44e39fd64aa33e0687b45"},"headline":"Publicado o edital de AFT! S\u00e3o 100 vagas, com subs\u00eddio inicial de R$ 14.280,00","datePublished":"2013-07-01T10:46:34+00:00","dateModified":"2016-06-08T14:48:53+00:00","mainEntityOfPage":{"@id":"https:\/\/www.estrategiaconcursos.com.br\/blog\/publicado-o-edital-de-aft-sao-100-vagas-com-subsidio-inicial-de-r-14-28000-3\/"},"wordCount":106,"commentCount":0,"publisher":{"@id":"https:\/\/www.estrategiaconcursos.com.br\/blog\/#organization"},"keywords":["AFT"],"inLanguage":"pt-BR","potentialAction":[{"@type":"CommentAction","name":"Comment","target":["https:\/\/www.estrategiaconcursos.com.br\/blog\/publicado-o-edital-de-aft-sao-100-vagas-com-subsidio-inicial-de-r-14-28000-3\/#respond"]}],"copyrightYear":"2013","copyrightHolder":{"@id":"https:\/\/www.estrategiaconcursos.com.br\/blog\/#organization"}},{"@type":"WebPage","@id":"https:\/\/www.estrategiaconcursos.com.br\/blog\/publicado-o-edital-de-aft-sao-100-vagas-com-subsidio-inicial-de-r-14-28000-3\/","url":"https:\/\/www.estrategiaconcursos.com.br\/blog\/publicado-o-edital-de-aft-sao-100-vagas-com-subsidio-inicial-de-r-14-28000-3\/","name":"Publicado o edital de AFT! S\u00e3o 100 vagas, com subs\u00eddio inicial de R$ 14.280,00","isPartOf":{"@id":"https:\/\/www.estrategiaconcursos.com.br\/blog\/#website"},"datePublished":"2013-07-01T10:46:34+00:00","dateModified":"2016-06-08T14:48:53+00:00","breadcrumb":{"@id":"https:\/\/www.estrategiaconcursos.com.br\/blog\/publicado-o-edital-de-aft-sao-100-vagas-com-subsidio-inicial-de-r-14-28000-3\/#breadcrumb"},"inLanguage":"pt-BR","potentialAction":[{"@type":"ReadAction","target":["https:\/\/www.estrategiaconcursos.com.br\/blog\/publicado-o-edital-de-aft-sao-100-vagas-com-subsidio-inicial-de-r-14-28000-3\/"]}]},{"@type":"BreadcrumbList","@id":"https:\/\/www.estrategiaconcursos.com.br\/blog\/publicado-o-edital-de-aft-sao-100-vagas-com-subsidio-inicial-de-r-14-28000-3\/#breadcrumb","itemListElement":[{"@type":"ListItem","position":1,"name":"In\u00edcio","item":"https:\/\/www.estrategiaconcursos.com.br\/blog\/"},{"@type":"ListItem","position":2,"name":"Publicado o edital de AFT! S\u00e3o 100 vagas, com subs\u00eddio inicial de R$ 14.280,00"}]},{"@type":"WebSite","@id":"https:\/\/www.estrategiaconcursos.com.br\/blog\/#website","url":"https:\/\/www.estrategiaconcursos.com.br\/blog\/","name":"Estrat\u00e9gia Concursos","description":"O blog da Estrat\u00e9gia Concursos traz not\u00edcias sobre concursos e artigos de professores oferecendo cursos para concursos (pdf + videaulas) no site.","publisher":{"@id":"https:\/\/www.estrategiaconcursos.com.br\/blog\/#organization"},"potentialAction":[{"@type":"SearchAction","target":{"@type":"EntryPoint","urlTemplate":"https:\/\/www.estrategiaconcursos.com.br\/blog\/?s={search_term_string}"},"query-input":{"@type":"PropertyValueSpecification","valueRequired":true,"valueName":"search_term_string"}}],"inLanguage":"pt-BR"},{"@type":"Organization","@id":"https:\/\/www.estrategiaconcursos.com.br\/blog\/#organization","name":"Estrat\u00e9gia Concursos","url":"https:\/\/www.estrategiaconcursos.com.br\/blog\/","logo":{"@type":"ImageObject","inLanguage":"pt-BR","@id":"https:\/\/www.estrategiaconcursos.com.br\/blog\/#\/schema\/logo\/image\/","url":"https:\/\/dhg1h5j42swfq.cloudfront.net\/2025\/06\/03203428\/logo_concursos-1.jpg","contentUrl":"https:\/\/dhg1h5j42swfq.cloudfront.net\/2025\/06\/03203428\/logo_concursos-1.jpg","width":230,"height":60,"caption":"Estrat\u00e9gia Concursos"},"image":{"@id":"https:\/\/www.estrategiaconcursos.com.br\/blog\/#\/schema\/logo\/image\/"},"sameAs":["https:\/\/x.com\/EstratConcursos"]},{"@type":"Person","@id":"https:\/\/www.estrategiaconcursos.com.br\/blog\/#\/schema\/person\/92cf503602f44e39fd64aa33e0687b45","name":"Ricardo","image":{"@type":"ImageObject","inLanguage":"pt-BR","@id":"https:\/\/secure.gravatar.com\/avatar\/6fd77014f2446836fad119fe17d138f4de251a83fdcd0261c98059c1b507b362?s=96&d=mm&r=g","url":"https:\/\/secure.gravatar.com\/avatar\/6fd77014f2446836fad119fe17d138f4de251a83fdcd0261c98059c1b507b362?s=96&d=mm&r=g","contentUrl":"https:\/\/secure.gravatar.com\/avatar\/6fd77014f2446836fad119fe17d138f4de251a83fdcd0261c98059c1b507b362?s=96&d=mm&r=g","caption":"Ricardo"},"url":"https:\/\/www.estrategiaconcursos.com.br\/blog\/author\/ricardoestrategiaconcursos-com-br\/"}]}},"_links":{"self":[{"href":"https:\/\/www.estrategiaconcursos.com.br\/blog\/wp-json\/wp\/v2\/posts\/10283","targetHints":{"allow":["GET"]}}],"collection":[{"href":"https:\/\/www.estrategiaconcursos.com.br\/blog\/wp-json\/wp\/v2\/posts"}],"about":[{"href":"https:\/\/www.estrategiaconcursos.com.br\/blog\/wp-json\/wp\/v2\/types\/post"}],"author":[{"embeddable":true,"href":"https:\/\/www.estrategiaconcursos.com.br\/blog\/wp-json\/wp\/v2\/users\/115"}],"replies":[{"embeddable":true,"href":"https:\/\/www.estrategiaconcursos.com.br\/blog\/wp-json\/wp\/v2\/comments?post=10283"}],"version-history":[{"count":1,"href":"https:\/\/www.estrategiaconcursos.com.br\/blog\/wp-json\/wp\/v2\/posts\/10283\/revisions"}],"predecessor-version":[{"id":40996,"href":"https:\/\/www.estrategiaconcursos.com.br\/blog\/wp-json\/wp\/v2\/posts\/10283\/revisions\/40996"}],"wp:attachment":[{"href":"https:\/\/www.estrategiaconcursos.com.br\/blog\/wp-json\/wp\/v2\/media?parent=10283"}],"wp:term":[{"taxonomy":"category","embeddable":true,"href":"https:\/\/www.estrategiaconcursos.com.br\/blog\/wp-json\/wp\/v2\/categories?post=10283"},{"taxonomy":"post_tag","embeddable":true,"href":"https:\/\/www.estrategiaconcursos.com.br\/blog\/wp-json\/wp\/v2\/tags?post=10283"},{"taxonomy":"tax_estado","embeddable":true,"href":"https:\/\/www.estrategiaconcursos.com.br\/blog\/wp-json\/wp\/v2\/tax_estado?post=10283"}],"curies":[{"name":"wp","href":"https:\/\/api.w.org\/{rel}","templated":true}]}}