{"id":1027223,"date":"2022-05-18T15:00:00","date_gmt":"2022-05-18T18:00:00","guid":{"rendered":"https:\/\/www.estrategiaconcursos.com.br\/blog\/?p=1027223"},"modified":"2022-05-14T10:32:05","modified_gmt":"2022-05-14T13:32:05","slug":"competencias-constitucionais","status":"publish","type":"post","link":"https:\/\/www.estrategiaconcursos.com.br\/blog\/competencias-constitucionais\/","title":{"rendered":"Compet\u00eancias Constitucionais: Compet\u00eancias Administrativas"},"content":{"rendered":"\n<figure class=\"wp-block-image size-large\"><img loading=\"lazy\" decoding=\"async\" width=\"1024\" height=\"1024\" src=\"https:\/\/dhg1h5j42swfq.cloudfront.net\/2022\/05\/12192800\/reparticao-de-competencia-1-1024x1024.jpeg\" alt=\"Compet\u00eancias Constitucionais\" class=\"wp-image-1027232\" srcset=\"https:\/\/dhg1h5j42swfq.cloudfront.net\/2022\/05\/12192800\/reparticao-de-competencia-1-1024x1024.jpeg 1024w, https:\/\/dhg1h5j42swfq.cloudfront.net\/2022\/05\/12192800\/reparticao-de-competencia-1-300x300.jpeg 300w, https:\/\/dhg1h5j42swfq.cloudfront.net\/2022\/05\/12192800\/reparticao-de-competencia-1-150x150.jpeg 150w, https:\/\/dhg1h5j42swfq.cloudfront.net\/2022\/05\/12192800\/reparticao-de-competencia-1-768x768.jpeg 768w, https:\/\/dhg1h5j42swfq.cloudfront.net\/2022\/05\/12192800\/reparticao-de-competencia-1-610x610.jpeg 610w, https:\/\/dhg1h5j42swfq.cloudfront.net\/2022\/05\/12192800\/reparticao-de-competencia-1.jpeg 1080w\" sizes=\"auto, (max-width: 1024px) 100vw, 1024px\" \/><\/figure>\n\n\n\n<p>Entenda as regras de <strong>Reparti\u00e7\u00e3o de Compet\u00eancias Constitucionais entre os Entes Federativos!<\/strong><\/p>\n\n\n\n<p>Em praticamente todos os concursos p\u00fablicos do Brasil, seja qual for o \u00f3rg\u00e3o ou a carreira pleiteada, a mat\u00e9ria Direito Constitucional aparece como disciplina exigida no conte\u00fado program\u00e1tico dos editais. Dessa forma, \u00e9 evidente a import\u00e2ncia de se conhecer os detalhes dessa disciplina, j\u00e1 que isso certamente vai garantir pontos a mais na coloca\u00e7\u00e3o final dos candidatos.<\/p>\n\n\n\n<p><strong>N\u00e3o raro, em provas de concurso p\u00fablico aparecem quest\u00f5es em que \u00e9 necess\u00e1rio identificar o ente federado competente para a produ\u00e7\u00e3o de determinada norma ou a execu\u00e7\u00e3o de determinada atividade<\/strong>. Apesar de teoricamente o conte\u00fado n\u00e3o ser de t\u00e3o dif\u00edcil compreens\u00e3o, a identifica\u00e7\u00e3o aplicada costuma gerar muitas d\u00favidas nos candidatos, tendo em vista a extens\u00e3o do rol de compet\u00eancias definidas na Constitui\u00e7\u00e3o Federal.<\/p>\n\n\n\n<p>Ademais, \u00e9 vasta <strong>a jurisprud\u00eancia do STF e do STJ envolvendo a constitucionalidade e inconstitucionalidade de leis em vista da reparti\u00e7\u00e3o de compet\u00eancias<\/strong>, sendo de extrema import\u00e2ncia conhecer esses julgados, j\u00e1 que s\u00e3o reiteradamente objeto de cobran\u00e7a nos certames.<\/p>\n\n\n\n<p>Pensando nisso, a seguir <strong>vamos dispor de forma estruturada sobre as Regras de Reparti\u00e7\u00e3o de Compet\u00eancias Constitucionais<\/strong><strong>, com \u00eanfase nos dispositivos que mais aparecem em quest\u00f5es de prova,<\/strong> de forma a facilitar a compreens\u00e3o do conte\u00fado rumo a sua aprova\u00e7\u00e3o nos melhores concursos p\u00fablicos do pa\u00eds.<\/p>\n\n\n\n<p>No artigo precedente abordamos as compet\u00eancias legislativas privativas e concorrentes. <strong>Hoje falaremos sobre as compet\u00eancias administrativas exclusivas e comuns, bem como as compet\u00eancias estaduais e municipais dispostas na Constitui\u00e7\u00e3o.<\/strong> Por fim, haver\u00e1 um artigo exclusivo contemplando as decis\u00f5es jurisprudenciais mais importantes a respeito da reparti\u00e7\u00e3o de compet\u00eancias constitucionais.<\/p>\n\n\n\n<p>Para explica\u00e7\u00f5es mais detalhadas, com exemplos pr\u00e1ticos e resolu\u00e7\u00e3o passo a passo dos exerc\u00edcios, <a href=\"https:\/\/www.estrategiaconcursos.com.br\/pesquisa\/?q=direito+constitucional\">acesse aqui<\/a> nossos cursos de Direito Constitucional, elaborados pelos melhores professores da \u00e1rea.<\/p>\n\n\n\n<h2 class=\"wp-block-heading\" id=\"h-competencia-administrativa\"><strong>Compet\u00eancia Administrativa<\/strong><\/h2>\n\n\n\n<h2 class=\"wp-block-heading\" id=\"competencias-exclusivas-da-uniao\"><strong>Compet\u00eancias Exclusivas da Uni\u00e3o<\/strong><\/h2>\n\n\n\n<p>O artigo 21 da Constitui\u00e7\u00e3o Federal disp\u00f5e sobre as compet\u00eancias administrativas exclusivas da Uni\u00e3o. <strong>Tais compet\u00eancias n\u00e3o podem ser delegadas aos Estados ou munic\u00edpios, tampouco outros entes federados poder\u00e3o exerc\u00ea-las em caso de omiss\u00e3o da Uni\u00e3o<\/strong>.&nbsp; Vamos separ\u00e1-las em \u201cblocos de assuntos\u201d para que seja facilitada a memoriza\u00e7\u00e3o:<\/p>\n\n\n\n<h3 class=\"wp-block-heading\" id=\"relacoes-internacionais-e-seguranca-nacional\"><strong>Rela\u00e7\u00f5es internacionais e seguran\u00e7a nacional<\/strong><\/h3>\n\n\n\n<p>I &#8211; <strong>manter rela\u00e7\u00f5es com Estados estrangeiros<\/strong> e <strong>participar de organiza\u00e7\u00f5es internacionais<\/strong>;<\/p>\n\n\n\n<p>II &#8211; <strong>declarar a guerra e celebrar a paz;<\/strong><\/p>\n\n\n\n<p>III &#8211; assegurar a <strong>defesa nacional<\/strong>;<\/p>\n\n\n\n<p>IV &#8211; permitir, nos casos previstos em lei complementar, que <strong>for\u00e7as estrangeiras transitem pelo territ\u00f3rio nacional ou nele permane\u00e7am temporariamente<\/strong>;<\/p>\n\n\n\n<p>V &#8211; <strong>decretar o estado de s\u00edtio, o estado de defesa e a interven\u00e7\u00e3o federal<\/strong>;<\/p>\n\n\n\n<p>VI &#8211; <strong>autorizar e fiscalizar a produ\u00e7\u00e3o e o com\u00e9rcio de material b\u00e9lico<\/strong>;<\/p>\n\n\n\n<p>XXII &#8211; executar os servi\u00e7os de <strong>pol\u00edcia mar\u00edtima, aeroportu\u00e1ria e de fronteiras;<\/strong><\/p>\n\n\n\n<p>XIV &#8211; <strong>organizar e manter a pol\u00edcia civil, a pol\u00edcia penal, a pol\u00edcia militar e o corpo de bombeiros militar do Distrito Federal, bem como prestar assist\u00eancia financeira ao Distrito Federal para a execu\u00e7\u00e3o de servi\u00e7os p\u00fablico<\/strong>s, por meio de fundo pr\u00f3prio;<\/p>\n\n\n\n<p>XVII &#8211; conceder <strong>anistia<\/strong>;<\/p>\n\n\n\n<h3 class=\"wp-block-heading\" id=\"economia-e-financas-publicas\"><strong>Economia e finan\u00e7as p\u00fablicas<\/strong><\/h3>\n\n\n\n<p>VII &#8211; <strong>emitir moeda<\/strong>;<\/p>\n\n\n\n<p>VIII &#8211; administrar as <strong>reservas cambiais<\/strong> do Pa\u00eds e <strong>fiscalizar as opera\u00e7\u00f5es de natureza financeira<\/strong>, especialmente as <strong>de cr\u00e9dito, c\u00e2mbio e capitaliza\u00e7\u00e3o<\/strong>, bem como as de <strong>seguros e de previd\u00eancia privada;<\/strong><\/p>\n\n\n\n<h3 class=\"wp-block-heading\" id=\"ordenacao-do-territorio\"><strong>Ordena\u00e7\u00e3o do territ\u00f3rio<\/strong><\/h3>\n\n\n\n<p>IX &#8211; elaborar e executar <strong>planos nacionais e regionais de ordena\u00e7\u00e3o do territ\u00f3rio e de desenvolvimento econ\u00f4mico e social<\/strong>;<\/p>\n\n\n\n<p>XVIII &#8211; planejar e promover a <strong>defesa permanente contra as calamidades p\u00fablicas<\/strong>, especialmente as <strong>secas e as inunda\u00e7\u00f5es<\/strong>;<\/p>\n\n\n\n<p>XX &#8211; instituir <strong>diretrizes para o desenvolvimento urbano<\/strong>, <strong>inclusive habita\u00e7\u00e3o, saneamento b\u00e1sico e transportes urbanos<\/strong>;<\/p>\n\n\n\n<p>XXI &#8211; estabelecer <strong>princ\u00edpios e diretrizes para o sistema nacional de via\u00e7\u00e3o<\/strong>;<\/p>\n\n\n\n<h3 class=\"wp-block-heading\" id=\"servicos-publicos-essenciais\"><strong>Servi\u00e7os p\u00fablicos essenciais<\/strong><\/h3>\n\n\n\n<p>X &#8211; manter o <strong>servi\u00e7o postal e o correio a\u00e9reo nacional<\/strong>;<\/p>\n\n\n\n<p>XI &#8211; explorar, diretamente ou mediante autoriza\u00e7\u00e3o, concess\u00e3o ou permiss\u00e3o, os <strong>servi\u00e7os de telecomunica\u00e7\u00f5es<\/strong>, nos termos da lei, que dispor\u00e1 sobre a organiza\u00e7\u00e3o dos servi\u00e7os, a cria\u00e7\u00e3o de um \u00f3rg\u00e3o regulador e outros aspectos institucionais;<\/p>\n\n\n\n<p>XII &#8211; explorar, diretamente ou mediante autoriza\u00e7\u00e3o, concess\u00e3o ou permiss\u00e3o:<\/p>\n\n\n\n<p>a) os servi\u00e7os de <strong>radiodifus\u00e3o sonora, e de sons e imagens<\/strong>;<\/p>\n\n\n\n<p>b) os servi\u00e7os e instala\u00e7\u00f5es de <strong>energia el\u00e9trica<\/strong> e o <strong>aproveitamento energ\u00e9tico<\/strong> dos cursos de \u00e1gua, em articula\u00e7\u00e3o com os Estados onde se situam os potenciais hidroenerg\u00e9ticos;<\/p>\n\n\n\n<p>c) a <strong>navega\u00e7\u00e3o a\u00e9rea, aeroespacial e a infraestrutura aeroportu\u00e1ria<\/strong>;<\/p>\n\n\n\n<p>d) os servi\u00e7os de <strong>transporte ferrovi\u00e1rio e aquavi\u00e1rio entre portos brasileiros e fronteiras nacionais, ou que transponham os limites de Estado ou Territ\u00f3rio<\/strong>;<\/p>\n\n\n\n<p>e) os servi\u00e7os de <strong>transporte rodovi\u00e1rio interestadual e internacional de passageiros<\/strong>;<\/p>\n\n\n\n<p>f) os <strong>portos mar\u00edtimos, fluviais e lacustres<\/strong>;<\/p>\n\n\n\n<p>XV &#8211; organizar e manter os <strong>servi\u00e7os oficiais de estat\u00edstica, geografia, geologia e cartografia<\/strong> de \u00e2mbito nacional;<\/p>\n\n\n\n<p>XXIV &#8211; organizar, manter e executar a <strong>inspe\u00e7\u00e3o do trabalho<\/strong>;<\/p>\n\n\n\n<h3 class=\"wp-block-heading\" id=\"recursos-minerais-e-nucleares\"><strong>Recursos minerais e nucleares<\/strong><\/h3>\n\n\n\n<p>XIX &#8211; instituir <strong>sistema nacional de gerenciamento de recursos h\u00eddricos<\/strong> e definir crit\u00e9rios de <strong>outorga de direitos de seu uso<\/strong>;<\/p>\n\n\n\n<p>XXIII &#8211; explorar os <strong>servi\u00e7os e instala\u00e7\u00f5es nucleares<\/strong> de qualquer natureza e exercer monop\u00f3lio estatal sobre a pesquisa, a lavra, o enriquecimento e reprocessamento, a industrializa\u00e7\u00e3o e o com\u00e9rcio de min\u00e9rios nucleares e seus derivados, atendidos os seguintes princ\u00edpios e condi\u00e7\u00f5es:<\/p>\n\n\n\n<p>a) toda atividade nuclear em territ\u00f3rio nacional somente ser\u00e1 admitida para fins pac\u00edficos e mediante aprova\u00e7\u00e3o do Congresso Nacional;<\/p>\n\n\n\n<p>b) sob regime de permiss\u00e3o, s\u00e3o autorizadas a comercializa\u00e7\u00e3o e a utiliza\u00e7\u00e3o de radiois\u00f3topos para a pesquisa e usos m\u00e9dicos, agr\u00edcolas e industriais;<\/p>\n\n\n\n<p>c) sob regime de permiss\u00e3o, s\u00e3o autorizadas a produ\u00e7\u00e3o, comercializa\u00e7\u00e3o e utiliza\u00e7\u00e3o de radiois\u00f3topos de meia-vida igual ou inferior a duas horas;<\/p>\n\n\n\n<p>d) a responsabilidade civil por danos nucleares independe da exist\u00eancia de culpa;<\/p>\n\n\n\n<p>XXV &#8211; estabelecer as \u00e1reas e as condi\u00e7\u00f5es para o exerc\u00edcio da <strong>atividade de<\/strong> <strong>garimpagem<\/strong>, em forma associativa.<\/p>\n\n\n\n<h3 class=\"wp-block-heading\" id=\"orgaos-dos-territorios-e-df\"><strong>\u00d3rg\u00e3os dos Territ\u00f3rios e DF<\/strong><\/h3>\n\n\n\n<p>XIII &#8211; organizar e manter o <strong>Poder Judici\u00e1rio, o Minist\u00e9rio P\u00fablico do Distrito Federal e dos Territ\u00f3rios e a Defensoria P\u00fablica dos Territ\u00f3rios<\/strong>;<\/p>\n\n\n\n<h3 class=\"wp-block-heading\" id=\"classificacao-indicativa\"><strong>Classifica\u00e7\u00e3o indicativa<\/strong><\/h3>\n\n\n\n<p>XVI &#8211; exercer a <strong>classifica\u00e7\u00e3o, para efeito indicativo, de divers\u00f5es p\u00fablicas e de programas de r\u00e1dio e televis\u00e3o;<\/strong><\/p>\n\n\n\n<h2 class=\"wp-block-heading\" id=\"competencias-comuns-da-uniao-dos-estados-do-distrito-federal-e-dos-municipios\"><strong>Compet\u00eancias comuns da Uni\u00e3o, dos Estados, do Distrito Federal e dos Munic\u00edpios<\/strong><\/h2>\n\n\n\n<p>A compet\u00eancia administrativa comum retrata <strong>interesses difusos e direitos da coletividade<\/strong> como sa\u00fade, meio ambiente, patrim\u00f4nio hist\u00f3rico e cultura, raz\u00e3o pela qual \u00e9 justificada a atua\u00e7\u00e3o de todas as pessoas pol\u00edticas.<\/p>\n\n\n\n<p>S\u00e3o compet\u00eancias comuns dispostas no art. 23 da Constitui\u00e7\u00e3o:<\/p>\n\n\n\n<p>I &#8211; zelar pela <strong>guarda da Constitui\u00e7\u00e3o, das leis e das institui\u00e7\u00f5es democr\u00e1ticas e conservar o patrim\u00f4nio p\u00fablico<\/strong>;<\/p>\n\n\n\n<p>II &#8211; cuidar da <strong>sa\u00fade e assist\u00eancia p\u00fablica<\/strong>, da p<strong>rote\u00e7\u00e3o e garantia das pessoas portadoras de defici\u00eancia<\/strong>;<\/p>\n\n\n\n<p>III &#8211; proteger os <strong>documentos, as obras e outros bens de valor hist\u00f3rico, art\u00edstico e cultural, os monumentos, as paisagens naturais not\u00e1veis e os s\u00edtios arqueol\u00f3gico<\/strong>s;<\/p>\n\n\n\n<p>IV &#8211; <strong>impedir a evas\u00e3o, a destrui\u00e7\u00e3o e a descaracteriza\u00e7\u00e3o de obras de arte e de outros bens de valor hist\u00f3rico, art\u00edstico ou cultural<\/strong>;<\/p>\n\n\n\n<p>V &#8211; proporcionar os meios de <strong>acesso \u00e0 cultura, \u00e0 educa\u00e7\u00e3o, \u00e0 ci\u00eancia, \u00e0 tecnologia, \u00e0 pesquisa e \u00e0 inova\u00e7\u00e3o<\/strong>;<\/p>\n\n\n\n<p>VI &#8211; <strong>proteger o meio ambiente e combater a polui\u00e7\u00e3o<\/strong> em qualquer de suas formas;<\/p>\n\n\n\n<p>VII &#8211; <strong>preservar as florestas, a fauna e a flora<\/strong>;<\/p>\n\n\n\n<p>VIII &#8211; <strong>fomentar a produ\u00e7\u00e3o agropecu\u00e1ria e organizar o abastecimento alimentar<\/strong>;<\/p>\n\n\n\n<p>IX &#8211; promover <strong>programas de constru\u00e7\u00e3o de moradias e a melhoria das condi\u00e7\u00f5es habitacionais e de saneamento b\u00e1sico<\/strong>;<\/p>\n\n\n\n<p>X &#8211; <strong>combater as causas da pobreza e os fatores de marginaliza\u00e7\u00e3o, promovendo a integra\u00e7\u00e3o social dos setores desfavorecidos<\/strong>;<\/p>\n\n\n\n<p>XI &#8211; registrar, acompanhar e fiscalizar as <strong>concess\u00f5es de direitos de pesquisa e explora\u00e7\u00e3o de recursos h\u00eddricos e minerais <\/strong>em seus territ\u00f3rios;<\/p>\n\n\n\n<p>XII &#8211; estabelecer e implantar <strong>pol\u00edtica de educa\u00e7\u00e3o para a seguran\u00e7a do tr\u00e2nsito<\/strong>.<\/p>\n\n\n\n<h2 class=\"wp-block-heading\" id=\"competencias-dos-municipios\"><strong>Compet\u00eancias dos Munic\u00edpios<\/strong><\/h2>\n\n\n\n<p>Os Munic\u00edpios possuem compet\u00eancias constitucionais, administrativas e legislativas, enumeradas na Constitui\u00e7\u00e3o Federal. A maioria delas est\u00e1 disposta no artigo 30 da CRFB\/88. S\u00e3o elas:<\/p>\n\n\n\n<p>I &#8211; legislar sobre assuntos de<strong> interesse local;<\/strong><\/p>\n\n\n\n<p>II &#8211; <strong>suplementar a legisla\u00e7\u00e3o federal e a estadual <\/strong>no que couber;<\/p>\n\n\n\n<p>III &#8211;<strong> instituir e arrecadar os tributos de sua compet\u00eancia<\/strong>, bem como <strong>aplicar suas rendas,<\/strong> sem preju\u00edzo da obrigatoriedade de prestar contas e publicar balancetes nos prazos fixados em lei;<\/p>\n\n\n\n<p>IV &#8211; <strong>criar, organizar e suprimir distritos<\/strong>, observada a legisla\u00e7\u00e3o estadual;<\/p>\n\n\n\n<p>V &#8211; organizar e prestar, diretamente ou sob regime de concess\u00e3o ou permiss\u00e3o, os s<strong>ervi\u00e7os p\u00fablicos de interesse local, inclu\u00eddo o de transporte coletivo<\/strong>, que tem car\u00e1ter essencial;<\/p>\n\n\n\n<p>VI &#8211; manter, com a coopera\u00e7\u00e3o t\u00e9cnica e financeira da Uni\u00e3o e do Estado, programas de <strong>educa\u00e7\u00e3o infantil e de ensino fundamental<\/strong>.<\/p>\n\n\n\n<p>VII &#8211; prestar, com a coopera\u00e7\u00e3o t\u00e9cnica e financeira da Uni\u00e3o e do Estado, s<strong>ervi\u00e7os de atendimento \u00e0 sa\u00fade da popula\u00e7\u00e3o<\/strong>;<\/p>\n\n\n\n<p>VIII &#8211; promover, no que couber, adequado <strong>ordenamento territorial, mediante planejamento e controle do uso, do parcelamento e da ocupa\u00e7\u00e3o do solo urbano<\/strong>;<\/p>\n\n\n\n<p>IX &#8211; promover a <strong>prote\u00e7\u00e3o do patrim\u00f4nio hist\u00f3rico-cultural local<\/strong>, observada a legisla\u00e7\u00e3o e a a\u00e7\u00e3o fiscalizadora federal e estadual.<\/p>\n\n\n\n<h2 class=\"wp-block-heading\" id=\"competencias-dos-estados\"><strong>Compet\u00eancias dos Estados<\/strong><\/h2>\n\n\n\n<p>A compet\u00eancia dos Estados-membros \u00e9 chamada de <strong>compet\u00eancia remanescente, residual ou reservada<\/strong>. Isso porque, de acordo com o artigo 25, \u00a7 1\u00ba, da CRFB\/88, <strong>s\u00e3o reservadas aos Estados as compet\u00eancias que n\u00e3o lhes sejam vedadas pela Constitui\u00e7\u00e3o<\/strong>.<\/p>\n\n\n\n<p>Isso significa que, salvo algumas exce\u00e7\u00f5es, a compet\u00eancia dos Estados n\u00e3o est\u00e1 enumerada na Constitui\u00e7\u00e3o, podendo os Estados exercer as compet\u00eancias que n\u00e3o s\u00e3o da Uni\u00e3o e nem dos Munic\u00edpios.<\/p>\n\n\n\n<p>Podemos citar como exemplo de compet\u00eancia residual dos Estados a <strong>explora\u00e7\u00e3o do transporte coletivo intermunicipal<\/strong>. Isso porque, \u00e9 exclusiva da Uni\u00e3o a compet\u00eancia para explorar os transportes interestadual e internacional de passageiros, \u00e9 dos Munic\u00edpios a compet\u00eancia para explorar o transporte coletivo local, mas n\u00e3o h\u00e1 na Constitui\u00e7\u00e3o defini\u00e7\u00e3o sobre a compet\u00eancia para explora\u00e7\u00e3o do transporte coletivo municipal.<\/p>\n\n\n\n<p>H\u00e1 ainda algumas <strong>compet\u00eancias Estaduais expressas <\/strong>na Constitui\u00e7\u00e3o Federal. S\u00e3o elas:<\/p>\n\n\n\n<ol class=\"wp-block-list\" type=\"a\"><li>Explora\u00e7\u00e3o, diretamente ou mediante concess\u00e3o, dos <strong>servi\u00e7os locais de g\u00e1s canalizado<\/strong>, na forma da lei (estadual), vedada a edi\u00e7\u00e3o de medida provis\u00f3ria para a sua regulamenta\u00e7\u00e3o.<\/li><li>Institui\u00e7\u00e3o, por meio de lei complementar (estadual), de <strong>regi\u00f5es metropolitanas, aglomera\u00e7\u00f5es urbanas e microrregi\u00f5es<\/strong>, constitu\u00eddas por agrupamentos de munic\u00edpios lim\u00edtrofes, para integrar a organiza\u00e7\u00e3o, o planejamento e a execu\u00e7\u00e3o de fun\u00e7\u00f5es p\u00fablicas de interesse comum.<\/li><li><strong>Cria\u00e7\u00e3o de novos munic\u00edpios<\/strong> por meio de incorpora\u00e7\u00e3o, fus\u00e3o ou desmembramento.<\/li><li><strong>Organiza\u00e7\u00e3o da Justi\u00e7a Estadual.<\/strong><\/li><li>Institui\u00e7\u00e3o de <strong>seguran\u00e7a vi\u00e1ria<\/strong>.<\/li><\/ol>\n\n\n\n<h2 class=\"wp-block-heading\" id=\"bons-estudos\"><strong>Bons estudos!<\/strong><\/h2>\n\n\n\n<p>Agora que voc\u00ea j\u00e1 conhece as regras sobre<strong> <\/strong>a<strong> Reparti\u00e7\u00e3o de Compet\u00eancias Constitucionais Administrativas, as compet\u00eancias dos Estados e dos Munic\u00edpios<\/strong>, \u00e9 preciso fazer a leitura atenta dos <strong>artigos 21, 23, 25 e 30 da Constitui\u00e7\u00e3o Federal <\/strong>e treinar por meio da realiza\u00e7\u00e3o de muitas quest\u00f5es no <a href=\"https:\/\/concursos.estrategiaeducacional.com.br\/\">Sistema de Quest\u00f5es<\/a> do Estrat\u00e9gia Concursos!<\/p>\n\n\n\n<p>No pr\u00f3ximo artigo abordaremos as decis\u00f5es jurisprudenciais mais importantes a respeito da reparti\u00e7\u00e3o de compet\u00eancias constitucionais.<\/p>\n\n\n\n<p>Achou esse artigo \u00fatil?<\/p>\n\n\n\n<p>Deixe seu coment\u00e1rio!<\/p>\n\n\n\n<p>Abra\u00e7os,<\/p>\n\n\n\n<p>Ana Luiza Tib\u00farcio.<\/p>\n\n\n\n<p>Para mais dicas siga <strong><em><a href=\"https:\/\/www.instagram.com\/estudatibs\/\">@estudatibs<\/a><\/em><\/strong> no Instagram.<\/p>\n\n\n\n<h2 class=\"has-text-align-center wp-block-heading\" id=\"quer-saber-tudo-sobre-os-concursos-previstos\">Quer saber tudo sobre os concursos previstos?<\/h2>\n\n\n\n<h2 class=\"has-text-align-center wp-block-heading\" id=\"confira-nossos-artigos\">Confira nossos artigos!<\/h2>\n\n\n\n<p class=\"has-text-align-center has-luminous-vivid-orange-color has-vivid-purple-background-color has-text-color has-background\"><strong><a href=\"https:\/\/www.estrategiaconcursos.com.br\/blog\/concursos-abertos\/#concursos-fiscais\">Concursos abertos<\/a><\/strong><\/p>\n\n\n\n<p class=\"has-text-align-center has-luminous-vivid-orange-color has-vivid-purple-background-color has-text-color has-background\"><strong><a href=\"https:\/\/www.estrategiaconcursos.com.br\/blog\/concursos-2022\/\">Concursos 2022<\/a><\/strong><\/p>\n\n\n\n<div class=\"container\" id=\"boxes\">\n  <div class=\"row\">\n    <div class=\"col-sm\">\n      <div class=\"estrategia\" id=\"box-assinatura\">\n        <h3 class=\"titulo-assinatura\">Assinatura de Concursos<\/h3>\n        <p class=\"subtitulo-assinatura\">Assinatura de 1 ano ou 2 anos<\/p>\n        <div class=\"box-botao\">\n          <a class=\"btn-assinatura\" target=\"_blank\" href=\"https:\/\/www.estrategiaconcursos.com.br\/assinaturas\/\" role=\"button\" rel=\"noopener noreferrer\">ASSINE AGORA<\/a>\n        <\/div>\n      <\/div>\n     <\/div><\/div><\/div>\n\n\n\n<p><em>Compet\u00eancias Constitucionais<\/em><\/p>\n","protected":false},"excerpt":{"rendered":"<p>Entenda as regras de Reparti\u00e7\u00e3o de Compet\u00eancias Constitucionais entre os Entes Federativos! Em praticamente todos os concursos p\u00fablicos do Brasil, seja qual for o \u00f3rg\u00e3o ou a carreira pleiteada, a mat\u00e9ria Direito Constitucional aparece como disciplina exigida no conte\u00fado program\u00e1tico dos editais. Dessa forma, \u00e9 evidente a import\u00e2ncia de se conhecer os detalhes dessa disciplina, [&hellip;]<\/p>\n","protected":false},"author":1666,"featured_media":1027219,"comment_status":"open","ping_status":"closed","sticky":false,"template":"","format":"standard","meta":{"post_tipo":"article","footnotes":""},"categories":[2185,1984],"tags":[],"tax_estado":[219964,219965,219966,219967,219968,219969,219963,219970,219971,219972,219973,219974,219975,219976,219977,219978,219979,219980,219981,219982,219983,219984,219985,219986,219987,219988,219989,219990],"class_list":["post-1027223","post","type-post","status-publish","format-standard","has-post-thumbnail","hentry","category-carreiras-juridicas","category-tribunais","tax_estado-ac","tax_estado-al","tax_estado-am","tax_estado-ap","tax_estado-ba","tax_estado-ce","tax_estado-concursos-federais","tax_estado-df","tax_estado-es","tax_estado-go","tax_estado-ma","tax_estado-mg","tax_estado-ms","tax_estado-mt","tax_estado-pa","tax_estado-pb","tax_estado-pe","tax_estado-pi","tax_estado-pr","tax_estado-rj","tax_estado-rn","tax_estado-ro","tax_estado-rr","tax_estado-rs","tax_estado-sc","tax_estado-se","tax_estado-sp","tax_estado-to"],"acf":[],"yoast_head":"<!-- This site is optimized with the Yoast SEO Premium plugin v27.2 (Yoast SEO v27.2) - https:\/\/yoast.com\/product\/yoast-seo-premium-wordpress\/ -->\n<title>Compet\u00eancias Constitucionais: Compet\u00eancias Administrativas<\/title>\n<meta name=\"description\" content=\"Entenda as regras de Reparti\u00e7\u00e3o de Compet\u00eancias Constitucionais e garanta sua aprova\u00e7\u00e3o nos melhores concursos do pa\u00eds.\" \/>\n<meta name=\"robots\" content=\"index, follow, max-snippet:-1, max-image-preview:large, max-video-preview:-1\" \/>\n<link rel=\"canonical\" href=\"https:\/\/www.estrategiaconcursos.com.br\/blog\/competencias-constitucionais\/\" \/>\n<meta property=\"og:locale\" content=\"pt_BR\" \/>\n<meta property=\"og:type\" content=\"article\" \/>\n<meta property=\"og:title\" content=\"Compet\u00eancias Constitucionais: Compet\u00eancias Administrativas\" \/>\n<meta property=\"og:description\" content=\"Entenda as regras de Reparti\u00e7\u00e3o de Compet\u00eancias Constitucionais e garanta sua aprova\u00e7\u00e3o nos melhores concursos do pa\u00eds.\" \/>\n<meta property=\"og:url\" content=\"https:\/\/www.estrategiaconcursos.com.br\/blog\/competencias-constitucionais\/\" \/>\n<meta property=\"og:site_name\" content=\"Estrat\u00e9gia Concursos\" \/>\n<meta property=\"article:published_time\" content=\"2022-05-18T18:00:00+00:00\" \/>\n<meta property=\"og:image\" content=\"https:\/\/dhg1h5j42swfq.cloudfront.net\/2022\/05\/12190318\/reparticao-de-competencia.jpeg\" \/>\n\t<meta property=\"og:image:width\" content=\"1080\" \/>\n\t<meta property=\"og:image:height\" content=\"1080\" \/>\n\t<meta property=\"og:image:type\" content=\"image\/jpeg\" \/>\n<meta name=\"author\" content=\"Ana Luiza Tib\u00farcio Guimar\u00e3es\" \/>\n<meta name=\"twitter:card\" content=\"summary_large_image\" \/>\n<meta name=\"twitter:creator\" content=\"@EstratConcursos\" \/>\n<meta name=\"twitter:site\" content=\"@EstratConcursos\" \/>\n<meta name=\"twitter:label1\" content=\"Escrito por\" \/>\n\t<meta name=\"twitter:data1\" content=\"Ana Luiza Tib\u00farcio Guimar\u00e3es\" \/>\n\t<meta name=\"twitter:label2\" content=\"Est. tempo de leitura\" \/>\n\t<meta name=\"twitter:data2\" content=\"10 minutos\" \/>\n<script type=\"application\/ld+json\" class=\"yoast-schema-graph\">{\"@context\":\"https:\/\/schema.org\",\"@graph\":[{\"@type\":\"NewsArticle\",\"@id\":\"https:\/\/www.estrategiaconcursos.com.br\/blog\/competencias-constitucionais\/#article\",\"isPartOf\":{\"@id\":\"https:\/\/www.estrategiaconcursos.com.br\/blog\/competencias-constitucionais\/\"},\"author\":{\"name\":\"Ana Luiza Tib\u00farcio Guimar\u00e3es\",\"@id\":\"https:\/\/www.estrategiaconcursos.com.br\/blog\/#\/schema\/person\/adbd974f815a3acb9e572fdf7315d7c2\"},\"headline\":\"Compet\u00eancias Constitucionais: Compet\u00eancias Administrativas\",\"datePublished\":\"2022-05-18T18:00:00+00:00\",\"mainEntityOfPage\":{\"@id\":\"https:\/\/www.estrategiaconcursos.com.br\/blog\/competencias-constitucionais\/\"},\"wordCount\":2099,\"commentCount\":0,\"publisher\":{\"@id\":\"https:\/\/www.estrategiaconcursos.com.br\/blog\/#organization\"},\"image\":{\"@id\":\"https:\/\/www.estrategiaconcursos.com.br\/blog\/competencias-constitucionais\/#primaryimage\"},\"thumbnailUrl\":\"https:\/\/dhg1h5j42swfq.cloudfront.net\/2022\/05\/12190318\/reparticao-de-competencia.jpeg\",\"articleSection\":[\"Jur\u00eddico\",\"Tribunais\"],\"inLanguage\":\"pt-BR\",\"potentialAction\":[{\"@type\":\"CommentAction\",\"name\":\"Comment\",\"target\":[\"https:\/\/www.estrategiaconcursos.com.br\/blog\/competencias-constitucionais\/#respond\"]}],\"copyrightYear\":\"2022\",\"copyrightHolder\":{\"@id\":\"https:\/\/www.estrategiaconcursos.com.br\/blog\/#organization\"}},{\"@type\":\"WebPage\",\"@id\":\"https:\/\/www.estrategiaconcursos.com.br\/blog\/competencias-constitucionais\/\",\"url\":\"https:\/\/www.estrategiaconcursos.com.br\/blog\/competencias-constitucionais\/\",\"name\":\"Compet\u00eancias Constitucionais: Compet\u00eancias Administrativas\",\"isPartOf\":{\"@id\":\"https:\/\/www.estrategiaconcursos.com.br\/blog\/#website\"},\"primaryImageOfPage\":{\"@id\":\"https:\/\/www.estrategiaconcursos.com.br\/blog\/competencias-constitucionais\/#primaryimage\"},\"image\":{\"@id\":\"https:\/\/www.estrategiaconcursos.com.br\/blog\/competencias-constitucionais\/#primaryimage\"},\"thumbnailUrl\":\"https:\/\/dhg1h5j42swfq.cloudfront.net\/2022\/05\/12190318\/reparticao-de-competencia.jpeg\",\"datePublished\":\"2022-05-18T18:00:00+00:00\",\"description\":\"Entenda as regras de Reparti\u00e7\u00e3o de Compet\u00eancias Constitucionais e garanta sua aprova\u00e7\u00e3o nos melhores concursos do pa\u00eds.\",\"breadcrumb\":{\"@id\":\"https:\/\/www.estrategiaconcursos.com.br\/blog\/competencias-constitucionais\/#breadcrumb\"},\"inLanguage\":\"pt-BR\",\"potentialAction\":[{\"@type\":\"ReadAction\",\"target\":[\"https:\/\/www.estrategiaconcursos.com.br\/blog\/competencias-constitucionais\/\"]}]},{\"@type\":\"ImageObject\",\"inLanguage\":\"pt-BR\",\"@id\":\"https:\/\/www.estrategiaconcursos.com.br\/blog\/competencias-constitucionais\/#primaryimage\",\"url\":\"https:\/\/dhg1h5j42swfq.cloudfront.net\/2022\/05\/12190318\/reparticao-de-competencia.jpeg\",\"contentUrl\":\"https:\/\/dhg1h5j42swfq.cloudfront.net\/2022\/05\/12190318\/reparticao-de-competencia.jpeg\",\"width\":1080,\"height\":1080,\"caption\":\"compet\u00eancias constitucionais\"},{\"@type\":\"BreadcrumbList\",\"@id\":\"https:\/\/www.estrategiaconcursos.com.br\/blog\/competencias-constitucionais\/#breadcrumb\",\"itemListElement\":[{\"@type\":\"ListItem\",\"position\":1,\"name\":\"In\u00edcio\",\"item\":\"https:\/\/www.estrategiaconcursos.com.br\/blog\/\"},{\"@type\":\"ListItem\",\"position\":2,\"name\":\"Compet\u00eancias Constitucionais: Compet\u00eancias Administrativas\"}]},{\"@type\":\"WebSite\",\"@id\":\"https:\/\/www.estrategiaconcursos.com.br\/blog\/#website\",\"url\":\"https:\/\/www.estrategiaconcursos.com.br\/blog\/\",\"name\":\"Estrat\u00e9gia Concursos\",\"description\":\"O blog da Estrat\u00e9gia Concursos traz not\u00edcias sobre concursos e artigos de professores oferecendo cursos para concursos (pdf + videaulas) no site.\",\"publisher\":{\"@id\":\"https:\/\/www.estrategiaconcursos.com.br\/blog\/#organization\"},\"potentialAction\":[{\"@type\":\"SearchAction\",\"target\":{\"@type\":\"EntryPoint\",\"urlTemplate\":\"https:\/\/www.estrategiaconcursos.com.br\/blog\/?s={search_term_string}\"},\"query-input\":{\"@type\":\"PropertyValueSpecification\",\"valueRequired\":true,\"valueName\":\"search_term_string\"}}],\"inLanguage\":\"pt-BR\"},{\"@type\":\"Organization\",\"@id\":\"https:\/\/www.estrategiaconcursos.com.br\/blog\/#organization\",\"name\":\"Estrat\u00e9gia Concursos\",\"url\":\"https:\/\/www.estrategiaconcursos.com.br\/blog\/\",\"logo\":{\"@type\":\"ImageObject\",\"inLanguage\":\"pt-BR\",\"@id\":\"https:\/\/www.estrategiaconcursos.com.br\/blog\/#\/schema\/logo\/image\/\",\"url\":\"https:\/\/dhg1h5j42swfq.cloudfront.net\/2025\/06\/03203428\/logo_concursos-1.jpg\",\"contentUrl\":\"https:\/\/dhg1h5j42swfq.cloudfront.net\/2025\/06\/03203428\/logo_concursos-1.jpg\",\"width\":230,\"height\":60,\"caption\":\"Estrat\u00e9gia Concursos\"},\"image\":{\"@id\":\"https:\/\/www.estrategiaconcursos.com.br\/blog\/#\/schema\/logo\/image\/\"},\"sameAs\":[\"https:\/\/x.com\/EstratConcursos\"]},{\"@type\":\"Person\",\"@id\":\"https:\/\/www.estrategiaconcursos.com.br\/blog\/#\/schema\/person\/adbd974f815a3acb9e572fdf7315d7c2\",\"name\":\"Ana Luiza Tib\u00farcio Guimar\u00e3es\",\"image\":{\"@type\":\"ImageObject\",\"inLanguage\":\"pt-BR\",\"@id\":\"https:\/\/secure.gravatar.com\/avatar\/d0e9fa767d159d6bdb59324855854ef2672e0774dce8705b1c42c80a5b4de7b8?s=96&d=mm&r=g\",\"url\":\"https:\/\/secure.gravatar.com\/avatar\/d0e9fa767d159d6bdb59324855854ef2672e0774dce8705b1c42c80a5b4de7b8?s=96&d=mm&r=g\",\"contentUrl\":\"https:\/\/secure.gravatar.com\/avatar\/d0e9fa767d159d6bdb59324855854ef2672e0774dce8705b1c42c80a5b4de7b8?s=96&d=mm&r=g\",\"caption\":\"Ana Luiza Tib\u00farcio Guimar\u00e3es\"},\"description\":\"Graduada em Direito pela Pontif\u00edcia Universidade Cat\u00f3lica de Minas Gerais e graduada em Ci\u00eancias do Estado pela Universidade Federal de Minas Gerais. P\u00f3s Graduada em Direito P\u00fablico pela PUC Minas. Gradua\u00e7\u00e3o em Gest\u00e3o P\u00fablica e P\u00f3s Gradua\u00e7\u00e3o em Ci\u00eancia Pol\u00edtica em andamento. Analista de Processo Legislativo do Senado Federal, lotada na Secretaria Legislativa do Senado. Aprova\u00e7\u00f5es em concursos: Aprovada para o cargo de Analista Judici\u00e1ria do TRF 3 (2025) Aprovada para o cargo de Procuradora do Munic\u00edpio de S\u00e3o Paulo (2024) Aprovada para o cargo de Analista Legislativa do Senado Federal (2023) Aprovada em 1\u00ba lugar para o cargo de T\u00e9cnico Judici\u00e1rio do TRF 3 (2019) Aprovada para o cargo de Juiz Leigo do Tribunal de Justi\u00e7a de Minas Gerais (2019).\",\"url\":\"https:\/\/www.estrategiaconcursos.com.br\/blog\/author\/anatiburcio-ggmail-com\/\"}]}<\/script>\n<!-- \/ Yoast SEO Premium plugin. -->","yoast_head_json":{"title":"Compet\u00eancias Constitucionais: Compet\u00eancias Administrativas","description":"Entenda as regras de Reparti\u00e7\u00e3o de Compet\u00eancias Constitucionais e garanta sua aprova\u00e7\u00e3o nos melhores concursos do pa\u00eds.","robots":{"index":"index","follow":"follow","max-snippet":"max-snippet:-1","max-image-preview":"max-image-preview:large","max-video-preview":"max-video-preview:-1"},"canonical":"https:\/\/www.estrategiaconcursos.com.br\/blog\/competencias-constitucionais\/","og_locale":"pt_BR","og_type":"article","og_title":"Compet\u00eancias Constitucionais: Compet\u00eancias Administrativas","og_description":"Entenda as regras de Reparti\u00e7\u00e3o de Compet\u00eancias Constitucionais e garanta sua aprova\u00e7\u00e3o nos melhores concursos do pa\u00eds.","og_url":"https:\/\/www.estrategiaconcursos.com.br\/blog\/competencias-constitucionais\/","og_site_name":"Estrat\u00e9gia Concursos","article_published_time":"2022-05-18T18:00:00+00:00","og_image":[{"width":1080,"height":1080,"url":"https:\/\/dhg1h5j42swfq.cloudfront.net\/2022\/05\/12190318\/reparticao-de-competencia.jpeg","type":"image\/jpeg"}],"author":"Ana Luiza Tib\u00farcio Guimar\u00e3es","twitter_card":"summary_large_image","twitter_creator":"@EstratConcursos","twitter_site":"@EstratConcursos","twitter_misc":{"Escrito por":"Ana Luiza Tib\u00farcio Guimar\u00e3es","Est. tempo de leitura":"10 minutos"},"schema":{"@context":"https:\/\/schema.org","@graph":[{"@type":"NewsArticle","@id":"https:\/\/www.estrategiaconcursos.com.br\/blog\/competencias-constitucionais\/#article","isPartOf":{"@id":"https:\/\/www.estrategiaconcursos.com.br\/blog\/competencias-constitucionais\/"},"author":{"name":"Ana Luiza Tib\u00farcio Guimar\u00e3es","@id":"https:\/\/www.estrategiaconcursos.com.br\/blog\/#\/schema\/person\/adbd974f815a3acb9e572fdf7315d7c2"},"headline":"Compet\u00eancias Constitucionais: Compet\u00eancias Administrativas","datePublished":"2022-05-18T18:00:00+00:00","mainEntityOfPage":{"@id":"https:\/\/www.estrategiaconcursos.com.br\/blog\/competencias-constitucionais\/"},"wordCount":2099,"commentCount":0,"publisher":{"@id":"https:\/\/www.estrategiaconcursos.com.br\/blog\/#organization"},"image":{"@id":"https:\/\/www.estrategiaconcursos.com.br\/blog\/competencias-constitucionais\/#primaryimage"},"thumbnailUrl":"https:\/\/dhg1h5j42swfq.cloudfront.net\/2022\/05\/12190318\/reparticao-de-competencia.jpeg","articleSection":["Jur\u00eddico","Tribunais"],"inLanguage":"pt-BR","potentialAction":[{"@type":"CommentAction","name":"Comment","target":["https:\/\/www.estrategiaconcursos.com.br\/blog\/competencias-constitucionais\/#respond"]}],"copyrightYear":"2022","copyrightHolder":{"@id":"https:\/\/www.estrategiaconcursos.com.br\/blog\/#organization"}},{"@type":"WebPage","@id":"https:\/\/www.estrategiaconcursos.com.br\/blog\/competencias-constitucionais\/","url":"https:\/\/www.estrategiaconcursos.com.br\/blog\/competencias-constitucionais\/","name":"Compet\u00eancias Constitucionais: Compet\u00eancias Administrativas","isPartOf":{"@id":"https:\/\/www.estrategiaconcursos.com.br\/blog\/#website"},"primaryImageOfPage":{"@id":"https:\/\/www.estrategiaconcursos.com.br\/blog\/competencias-constitucionais\/#primaryimage"},"image":{"@id":"https:\/\/www.estrategiaconcursos.com.br\/blog\/competencias-constitucionais\/#primaryimage"},"thumbnailUrl":"https:\/\/dhg1h5j42swfq.cloudfront.net\/2022\/05\/12190318\/reparticao-de-competencia.jpeg","datePublished":"2022-05-18T18:00:00+00:00","description":"Entenda as regras de Reparti\u00e7\u00e3o de Compet\u00eancias Constitucionais e garanta sua aprova\u00e7\u00e3o nos melhores concursos do pa\u00eds.","breadcrumb":{"@id":"https:\/\/www.estrategiaconcursos.com.br\/blog\/competencias-constitucionais\/#breadcrumb"},"inLanguage":"pt-BR","potentialAction":[{"@type":"ReadAction","target":["https:\/\/www.estrategiaconcursos.com.br\/blog\/competencias-constitucionais\/"]}]},{"@type":"ImageObject","inLanguage":"pt-BR","@id":"https:\/\/www.estrategiaconcursos.com.br\/blog\/competencias-constitucionais\/#primaryimage","url":"https:\/\/dhg1h5j42swfq.cloudfront.net\/2022\/05\/12190318\/reparticao-de-competencia.jpeg","contentUrl":"https:\/\/dhg1h5j42swfq.cloudfront.net\/2022\/05\/12190318\/reparticao-de-competencia.jpeg","width":1080,"height":1080,"caption":"compet\u00eancias constitucionais"},{"@type":"BreadcrumbList","@id":"https:\/\/www.estrategiaconcursos.com.br\/blog\/competencias-constitucionais\/#breadcrumb","itemListElement":[{"@type":"ListItem","position":1,"name":"In\u00edcio","item":"https:\/\/www.estrategiaconcursos.com.br\/blog\/"},{"@type":"ListItem","position":2,"name":"Compet\u00eancias Constitucionais: Compet\u00eancias Administrativas"}]},{"@type":"WebSite","@id":"https:\/\/www.estrategiaconcursos.com.br\/blog\/#website","url":"https:\/\/www.estrategiaconcursos.com.br\/blog\/","name":"Estrat\u00e9gia Concursos","description":"O blog da Estrat\u00e9gia Concursos traz not\u00edcias sobre concursos e artigos de professores oferecendo cursos para concursos (pdf + videaulas) no site.","publisher":{"@id":"https:\/\/www.estrategiaconcursos.com.br\/blog\/#organization"},"potentialAction":[{"@type":"SearchAction","target":{"@type":"EntryPoint","urlTemplate":"https:\/\/www.estrategiaconcursos.com.br\/blog\/?s={search_term_string}"},"query-input":{"@type":"PropertyValueSpecification","valueRequired":true,"valueName":"search_term_string"}}],"inLanguage":"pt-BR"},{"@type":"Organization","@id":"https:\/\/www.estrategiaconcursos.com.br\/blog\/#organization","name":"Estrat\u00e9gia Concursos","url":"https:\/\/www.estrategiaconcursos.com.br\/blog\/","logo":{"@type":"ImageObject","inLanguage":"pt-BR","@id":"https:\/\/www.estrategiaconcursos.com.br\/blog\/#\/schema\/logo\/image\/","url":"https:\/\/dhg1h5j42swfq.cloudfront.net\/2025\/06\/03203428\/logo_concursos-1.jpg","contentUrl":"https:\/\/dhg1h5j42swfq.cloudfront.net\/2025\/06\/03203428\/logo_concursos-1.jpg","width":230,"height":60,"caption":"Estrat\u00e9gia Concursos"},"image":{"@id":"https:\/\/www.estrategiaconcursos.com.br\/blog\/#\/schema\/logo\/image\/"},"sameAs":["https:\/\/x.com\/EstratConcursos"]},{"@type":"Person","@id":"https:\/\/www.estrategiaconcursos.com.br\/blog\/#\/schema\/person\/adbd974f815a3acb9e572fdf7315d7c2","name":"Ana Luiza Tib\u00farcio Guimar\u00e3es","image":{"@type":"ImageObject","inLanguage":"pt-BR","@id":"https:\/\/secure.gravatar.com\/avatar\/d0e9fa767d159d6bdb59324855854ef2672e0774dce8705b1c42c80a5b4de7b8?s=96&d=mm&r=g","url":"https:\/\/secure.gravatar.com\/avatar\/d0e9fa767d159d6bdb59324855854ef2672e0774dce8705b1c42c80a5b4de7b8?s=96&d=mm&r=g","contentUrl":"https:\/\/secure.gravatar.com\/avatar\/d0e9fa767d159d6bdb59324855854ef2672e0774dce8705b1c42c80a5b4de7b8?s=96&d=mm&r=g","caption":"Ana Luiza Tib\u00farcio Guimar\u00e3es"},"description":"Graduada em Direito pela Pontif\u00edcia Universidade Cat\u00f3lica de Minas Gerais e graduada em Ci\u00eancias do Estado pela Universidade Federal de Minas Gerais. P\u00f3s Graduada em Direito P\u00fablico pela PUC Minas. Gradua\u00e7\u00e3o em Gest\u00e3o P\u00fablica e P\u00f3s Gradua\u00e7\u00e3o em Ci\u00eancia Pol\u00edtica em andamento. Analista de Processo Legislativo do Senado Federal, lotada na Secretaria Legislativa do Senado. Aprova\u00e7\u00f5es em concursos: Aprovada para o cargo de Analista Judici\u00e1ria do TRF 3 (2025) Aprovada para o cargo de Procuradora do Munic\u00edpio de S\u00e3o Paulo (2024) Aprovada para o cargo de Analista Legislativa do Senado Federal (2023) Aprovada em 1\u00ba lugar para o cargo de T\u00e9cnico Judici\u00e1rio do TRF 3 (2019) Aprovada para o cargo de Juiz Leigo do Tribunal de Justi\u00e7a de Minas Gerais (2019).","url":"https:\/\/www.estrategiaconcursos.com.br\/blog\/author\/anatiburcio-ggmail-com\/"}]}},"_links":{"self":[{"href":"https:\/\/www.estrategiaconcursos.com.br\/blog\/wp-json\/wp\/v2\/posts\/1027223","targetHints":{"allow":["GET"]}}],"collection":[{"href":"https:\/\/www.estrategiaconcursos.com.br\/blog\/wp-json\/wp\/v2\/posts"}],"about":[{"href":"https:\/\/www.estrategiaconcursos.com.br\/blog\/wp-json\/wp\/v2\/types\/post"}],"author":[{"embeddable":true,"href":"https:\/\/www.estrategiaconcursos.com.br\/blog\/wp-json\/wp\/v2\/users\/1666"}],"replies":[{"embeddable":true,"href":"https:\/\/www.estrategiaconcursos.com.br\/blog\/wp-json\/wp\/v2\/comments?post=1027223"}],"version-history":[{"count":3,"href":"https:\/\/www.estrategiaconcursos.com.br\/blog\/wp-json\/wp\/v2\/posts\/1027223\/revisions"}],"predecessor-version":[{"id":1028173,"href":"https:\/\/www.estrategiaconcursos.com.br\/blog\/wp-json\/wp\/v2\/posts\/1027223\/revisions\/1028173"}],"wp:featuredmedia":[{"embeddable":true,"href":"https:\/\/www.estrategiaconcursos.com.br\/blog\/wp-json\/wp\/v2\/media\/1027219"}],"wp:attachment":[{"href":"https:\/\/www.estrategiaconcursos.com.br\/blog\/wp-json\/wp\/v2\/media?parent=1027223"}],"wp:term":[{"taxonomy":"category","embeddable":true,"href":"https:\/\/www.estrategiaconcursos.com.br\/blog\/wp-json\/wp\/v2\/categories?post=1027223"},{"taxonomy":"post_tag","embeddable":true,"href":"https:\/\/www.estrategiaconcursos.com.br\/blog\/wp-json\/wp\/v2\/tags?post=1027223"},{"taxonomy":"tax_estado","embeddable":true,"href":"https:\/\/www.estrategiaconcursos.com.br\/blog\/wp-json\/wp\/v2\/tax_estado?post=1027223"}],"curies":[{"name":"wp","href":"https:\/\/api.w.org\/{rel}","templated":true}]}}