{"id":1026543,"date":"2022-05-31T08:17:00","date_gmt":"2022-05-31T11:17:00","guid":{"rendered":"https:\/\/www.estrategiaconcursos.com.br\/blog\/?p=1026543"},"modified":"2022-05-31T15:33:40","modified_gmt":"2022-05-31T18:33:40","slug":"pc-ba-principios-adm","status":"publish","type":"post","link":"https:\/\/www.estrategiaconcursos.com.br\/blog\/pc-ba-principios-adm\/","title":{"rendered":"PC BA: princ\u00edpios da administra\u00e7\u00e3o p\u00fablica &#8211; principais t\u00f3picos"},"content":{"rendered":"\n<p>Estudaremos neste artigo os principais t\u00f3picos sobre o tema <strong>PRINC\u00cdPIOS DA ADMINISTRA\u00c7\u00c3O P\u00daBLICA<\/strong>, com foco no concurso da <a href=\"http:\/\/www.policiacivil.ba.gov.br\/\" target=\"_blank\" rel=\"noreferrer noopener\">Pol\u00edcia Civil da Bahia (PC BA)<\/a>.<\/p>\n\n\n\n<figure class=\"wp-block-image size-full\"><img loading=\"lazy\" decoding=\"async\" width=\"768\" height=\"432\" src=\"https:\/\/dhg1h5j42swfq.cloudfront.net\/2021\/09\/27143047\/pc-ba.jpg\" alt=\"Princ\u00edpios da administra\u00e7\u00e3o p\u00fablica: principais t\u00f3picos para a PC BA.\" class=\"wp-image-871217\" srcset=\"https:\/\/dhg1h5j42swfq.cloudfront.net\/2021\/09\/27143047\/pc-ba.jpg 768w, https:\/\/dhg1h5j42swfq.cloudfront.net\/2021\/09\/27143047\/pc-ba-300x169.jpg 300w, https:\/\/dhg1h5j42swfq.cloudfront.net\/2021\/09\/27143047\/pc-ba-610x343.jpg 610w\" sizes=\"auto, (max-width: 768px) 100vw, 768px\" \/><figcaption>Princ\u00edpios da administra\u00e7\u00e3o p\u00fablica: principais t\u00f3picos para a PC BA<\/figcaption><\/figure>\n\n\n\n<p>Ol\u00e1, pessoal, tudo bem?<\/p>\n\n\n\n<p>No artigo de hoje estudaremos sobre os Princ\u00edpios da Administra\u00e7\u00e3o P\u00fablica para o certame da PC BA.<\/p>\n\n\n\n<p>Nesse sentido, vale ressaltar que o edital do certame \u201cest\u00e1 na pra\u00e7a\u201d desde abril de 2022 e as provas est\u00e3o previstas para julho.<\/p>\n\n\n\n<p>Ademais, a banca examinadora \u00e9 o <a href=\"https:\/\/www.ibfc.org.br\/concurso\/concurso_selecionado\/398\" target=\"_blank\" rel=\"noreferrer noopener\">Instituto Brasileiro de Forma\u00e7\u00e3o e Capacita\u00e7\u00e3o (IBFC)<\/a> e o tema Princ\u00edpios da Administra\u00e7\u00e3o P\u00fablica foi exigido no edital para o cargo de <strong>Delegado de Pol\u00edcia<\/strong>.<\/p>\n\n\n\n<p>Por oportuno, vale ressaltar que nosso tema de hoje \u00e9 extenso, portanto, iremos resumir os principais t\u00f3picos que costumam ser exigidos nas provas de concursos p\u00fablicos.<\/p>\n\n\n\n<p>Al\u00e9m disso, lembrem-se de que este artigo consiste em um resumo, portanto, n\u00e3o substitui as aulas completas acerca do tema.<\/p>\n\n\n\n<p>Assim, para uma adequada prepara\u00e7\u00e3o para a prova da PC BA, sugere-se que o aluno primeiramente acompanhe as aulas completas no curso espec\u00edfico para a PC BA (j\u00e1 dispon\u00edvel no <strong>Estrat\u00e9gia Concursos<\/strong>).<\/p>\n\n\n\n<p>Bons estudos!<\/p>\n\n\n\n<h2 class=\"wp-block-heading\" id=\"h-pc-ba-principios-da-administracao-publica-introducao\"><mark style=\"background-color:rgba(0, 0, 0, 0)\" class=\"has-inline-color has-vivid-cyan-blue-color\"><strong>PC BA:<\/strong><\/mark> <strong><mark style=\"background-color:rgba(0, 0, 0, 0)\" class=\"has-inline-color has-vivid-cyan-blue-color\">princ\u00edpios da administra\u00e7\u00e3o p\u00fablica &#8211; introdu\u00e7\u00e3o<\/mark><\/strong><\/h2>\n\n\n\n<p>Os princ\u00edpios da administra\u00e7\u00e3o p\u00fablica s\u00e3o valores que norteiam a atua\u00e7\u00e3o administrativa. Dessa forma, pode-se dizer que s\u00e3o <strong>mandamentos gerais que orientam toda a administra\u00e7\u00e3o p\u00fablica<\/strong>, desde a elabora\u00e7\u00e3o de normas at\u00e9 a execu\u00e7\u00e3o da fun\u00e7\u00e3o administrativa.<\/p>\n\n\n\n<p>Os princ\u00edpios podem ser <strong>expressos ou impl\u00edcitos<\/strong>. Nesse sentido, tome cuidado pois a <strong>defini\u00e7\u00e3o sobre se um princ\u00edpio \u00e9 expresso ou impl\u00edcito depende da refer\u00eancia<\/strong>. Por exemplo: o princ\u00edpio da seguran\u00e7a jur\u00eddica \u00e9 expresso sob a \u00e9gide da Lei 9.784\/1999, mas \u00e9 impl\u00edcito sob a refer\u00eancia da Constitui\u00e7\u00e3o de 1988.<\/p>\n\n\n\n<p>Al\u00e9m disso, vale ressaltar que <strong>n\u00e3o existe hierarquia entre os princ\u00edpios da administra\u00e7\u00e3o p\u00fablica<\/strong>. Portanto, em caso de conflitos, o int\u00e9rprete deve buscar a harmonia entre os seus n\u00facleos essenciais, podendo, todavia, dar maior realce a um deles.<\/p>\n\n\n\n<h2 class=\"wp-block-heading\" id=\"pc-ba-principios-expressos-da-administracao-publica\"><mark style=\"background-color:rgba(0, 0, 0, 0)\" class=\"has-inline-color has-vivid-cyan-blue-color\"><strong>PC BA:<\/strong><\/mark> <strong><mark style=\"background-color:rgba(0, 0, 0, 0)\" class=\"has-inline-color has-vivid-cyan-blue-color\">princ\u00edpios expressos da administra\u00e7\u00e3o p\u00fablica<\/mark><\/strong><\/h2>\n\n\n\n<p>Pessoal, geralmente quando as bancas examinadoras \u201cfalam\u201d sobre princ\u00edpios expressos elas est\u00e3o se referindo aos constantes expressamente no texto constitucional. Todavia, devemos lembrar do coment\u00e1rio anterior acerca da refer\u00eancia normativa utilizada.<\/p>\n\n\n\n<p>Nesse sentido, o art. 37 da Constitui\u00e7\u00e3o Federal de 1988 (CF\/88) cita expressamente os seguintes princ\u00edpios da administra\u00e7\u00e3o p\u00fablica:<\/p>\n\n\n\n<ul class=\"wp-block-list\"><li><strong>L<\/strong>egalidade;<\/li><li><strong>I<\/strong>mpessoalidade;<\/li><li><strong>M<\/strong>oralidade;<\/li><li><strong>P<\/strong>ublicidade;<\/li><li><strong>E<\/strong>fici\u00eancia.<\/li><\/ul>\n\n\n\n<p>Para facilitar a memoriza\u00e7\u00e3o, decore o mnem\u00f4nico <strong>LIMPE<\/strong>.<\/p>\n\n\n\n<h3 class=\"wp-block-heading\" id=\"pc-ba-principios-expressos-da-administracao-publica-legalidade\"><mark style=\"background-color:rgba(0, 0, 0, 0)\" class=\"has-inline-color has-vivid-cyan-blue-color\"><strong>PC BA: <\/strong><\/mark><strong><mark style=\"background-color:rgba(0, 0, 0, 0)\" class=\"has-inline-color has-vivid-cyan-blue-color\">princ\u00edpios expressos da administra\u00e7\u00e3o p\u00fablica &#8211; legalidade<\/mark><\/strong><\/h3>\n\n\n\n<p>Conforme o princ\u00edpio da legalidade, o <strong>agente p\u00fablico s\u00f3 pode atuar quando houver determina\u00e7\u00e3o legal ou autoriza\u00e7\u00e3o para tanto<\/strong>.<\/p>\n\n\n\n<p>Nesse sentido, \u00e9 interessante ressaltar a diferen\u00e7a entre a administra\u00e7\u00e3o p\u00fablica e o administrado. <strong>Enquanto a administra\u00e7\u00e3o p\u00fablica s\u00f3 pode fazer aquilo que a lei determina ou autoriza (vontade legal), o administrado pode fazer tudo que n\u00e3o estiver proibido por lei (autonomia da vontade)<\/strong>.<\/p>\n\n\n\n<p>Portanto, diferentemente do particular, que por for\u00e7a do art. 5\u00ba, II da CF\/88, pode fazer tudo aquilo que a lei n\u00e3o pro\u00edbe, a administra\u00e7\u00e3o somente poder\u00e1 atuar diante de previs\u00e3o legal.<\/p>\n\n\n\n<h3 class=\"wp-block-heading\" id=\"pc-ba-principios-expressos-da-administracao-publica-impessoalidade\"><mark style=\"background-color:rgba(0, 0, 0, 0)\" class=\"has-inline-color has-vivid-cyan-blue-color\"><strong>PC BA:<\/strong><\/mark> <strong><mark style=\"background-color:rgba(0, 0, 0, 0)\" class=\"has-inline-color has-vivid-cyan-blue-color\">princ\u00edpios expressos da administra\u00e7\u00e3o p\u00fablica &#8211; impessoalidade<\/mark><\/strong><\/h3>\n\n\n\n<p>O princ\u00edpio da impessoalidade, por sua vez, decorre da supremacia do interesse p\u00fablico, em busca dos ideais de isonomia e igualdade. Nesse sentido, o princ\u00edpio da impessoalidade possui <strong>4 (quatro) acep\u00e7\u00f5es<\/strong>, a saber:<\/p>\n\n\n\n<ul class=\"wp-block-list\"><li><strong>Princ\u00edpio da finalidade:<\/strong> em sentido amplo refere-se ao interesse p\u00fablico, ao tempo que em sentido estrito se refere \u00e0 finalidade espec\u00edfica prevista em lei. Portanto, o princ\u00edpio da finalidade busca, em regra, o atendimento do fim p\u00fablico por meio do tratamento impessoal.<\/li><li><strong>Princ\u00edpio da isonomia:<\/strong> a administra\u00e7\u00e3o p\u00fablica deve destinar tratamento n\u00e3o discriminat\u00f3rio a todos os administrados;<\/li><li><strong>Impedimento e suspei\u00e7\u00e3o:<\/strong> objetiva afastar dos processos administrativos e judiciais todos aqueles que, por qualquer motivo, n\u00e3o possam atuar com imparcialidade.<\/li><li><strong>Veda\u00e7\u00e3o de promo\u00e7\u00e3o pessoal:<\/strong> objetiva impedir que os agentes p\u00fablicos se beneficiem, pessoalmente, pelas a\u00e7\u00f5es que exercem na condi\u00e7\u00e3o p\u00fablica.<\/li><\/ul>\n\n\n\n<p>Posto isso, um aspecto muito cobrado em prova sobre o princ\u00edpio da impessoalidade refere-se ao Art. 37, \u00a71\u00ba da CF\/88. Conforme a Carta Magana, <strong>\u201ca publicidade dos atos, programas, obras, servi\u00e7os e campanhas dos \u00f3rg\u00e3os p\u00fablicos dever\u00e1 ter car\u00e1ter educativo, informativo ou de orienta\u00e7\u00e3o social, dela n\u00e3o podendo constar nomes, s\u00edmbolos ou imagens que caracterizem promo\u00e7\u00e3o pessoal de autoridades ou servidores p\u00fablicos\u201d<\/strong>.<\/p>\n\n\n\n<p>Portanto, a ofensa ao art. 37, \u00a71\u00ba da CF\/88 impacta diretamente no princ\u00edpio da administra\u00e7\u00e3o p\u00fablica da impessoalidade.<\/p>\n\n\n\n<h3 class=\"wp-block-heading\" id=\"pc-ba-principios-expressos-da-administracao-publica-moralidade\"><mark style=\"background-color:rgba(0, 0, 0, 0)\" class=\"has-inline-color has-vivid-cyan-blue-color\"><strong>PC BA:<\/strong><\/mark> <strong><mark style=\"background-color:rgba(0, 0, 0, 0)\" class=\"has-inline-color has-vivid-cyan-blue-color\">princ\u00edpios expressos da administra\u00e7\u00e3o p\u00fablica &#8211; moralidade<\/mark><\/strong><\/h3>\n\n\n\n<p>O princ\u00edpio da moralidade refere-se ao <strong>atendimento de preceitos \u00e9ticos<\/strong> na rotina da administra\u00e7\u00e3o p\u00fablica.<\/p>\n\n\n\n<p>Assim, reconhece-se na doutrina a exist\u00eancia de <strong>3 (tr\u00eas) sentidos<\/strong> para o princ\u00edpio da moralidade, a saber:<\/p>\n\n\n\n<ul class=\"wp-block-list\"><li><strong>Dever de atua\u00e7\u00e3o \u00e9tica: <\/strong>a conduta do agente deve ser \u00e9tica e honesta.<\/li><li><strong>Concretiza\u00e7\u00e3o dos valores legais: <\/strong>o agente p\u00fablico n\u00e3o deve buscar simplesmente o atendimento das disposi\u00e7\u00f5es legais, mas sim a concretiza\u00e7\u00e3o dos valores nelas consagrados.<\/li><li><strong>Observ\u00e2ncia dos costumes administrativos: <\/strong>As regras que surgem informalmente na administra\u00e7\u00e3o (compat\u00edveis com a lei), a partir de situa\u00e7\u00f5es reiteradas, devem ser preservadas.<\/li><\/ul>\n\n\n\n<p>Ademais, vale citar que um dos casos mais recorrentes em provas de concursos p\u00fablicos acerca da <strong>viola\u00e7\u00e3o do princ\u00edpio da moralidade<\/strong> refere-se ao <strong>nepotismo<\/strong>.<\/p>\n\n\n\n<h3 class=\"wp-block-heading\" id=\"pc-ba-principios-expressos-da-administracao-publica-publicidade\"><mark style=\"background-color:rgba(0, 0, 0, 0)\" class=\"has-inline-color has-vivid-cyan-blue-color\"><strong>PC BA:<\/strong><\/mark> <strong><mark style=\"background-color:rgba(0, 0, 0, 0)\" class=\"has-inline-color has-vivid-cyan-blue-color\">princ\u00edpios expressos da administra\u00e7\u00e3o p\u00fablica &#8211; publicidade<\/mark><\/strong><\/h3>\n\n\n\n<p>Quanto ao princ\u00edpio da publicidade, <strong>2 (dois) sentidos s\u00e3o predominantes na doutrina<\/strong>, a saber:<\/p>\n\n\n\n<ul class=\"wp-block-list\"><li><strong>Exig\u00eancia de publicidade como requisito de efic\u00e1cia: <\/strong>como regra, os atos da administra\u00e7\u00e3o que gerem efeitos negativos ao administrado ou que tenham repercuss\u00e3o geral s\u00f3 produzem efeitos ap\u00f3s a devida publica\u00e7\u00e3o.<\/li><li><strong>Exig\u00eancia de transpar\u00eancia: <\/strong>a transpar\u00eancia \u00e9 dever da administra\u00e7\u00e3o p\u00fablica intimamente relacionado com a <em>accountability.<\/em><\/li><\/ul>\n\n\n\n<p>Ademais, vale ressaltar que a publicidade \u00e9 regra na administra\u00e7\u00e3o p\u00fablica. Todavia, existem exce\u00e7\u00f5es, a exemplo das informa\u00e7\u00f5es pessoais e das informa\u00e7\u00f5es classificadas como sigilosas.<\/p>\n\n\n\n<h3 class=\"wp-block-heading\" id=\"pc-ba-principios-expressos-da-administracao-publica-eficiencia\"><mark style=\"background-color:rgba(0, 0, 0, 0)\" class=\"has-inline-color has-vivid-cyan-blue-color\"><strong>PC BA:<\/strong><\/mark> <strong><mark style=\"background-color:rgba(0, 0, 0, 0)\" class=\"has-inline-color has-vivid-cyan-blue-color\">princ\u00edpios expressos da administra\u00e7\u00e3o p\u00fablica &#8211; efici\u00eancia<\/mark><\/strong><\/h3>\n\n\n\n<p>O princ\u00edpio da efici\u00eancia foi inclu\u00eddo no rol de princ\u00edpios expressos da CF\/88 pela Emenda Constitucional n\u00b0 19\/1998.<\/p>\n\n\n\n<p>Al\u00e9m disso, esse princ\u00edpio da administra\u00e7\u00e3o <strong>guarda rela\u00e7\u00e3o com a atua\u00e7\u00e3o do agente p\u00fablico e com o modo de organiza\u00e7\u00e3o, estrutura\u00e7\u00e3o e disciplina da administra\u00e7\u00e3o<\/strong>.<\/p>\n\n\n\n<p>Assim, percebe-se neste princ\u00edpio um vi\u00e9s da reforma da administra\u00e7\u00e3o p\u00fablica gerencial, pois busca-se a substitui\u00e7\u00e3o dos antigos controles por processos pelos controles por resultado.<\/p>\n\n\n\n<h2 class=\"wp-block-heading\" id=\"pc-ba-principios-implicitos-da-administracao-publica\"><strong><mark style=\"background-color:rgba(0, 0, 0, 0)\" class=\"has-inline-color has-vivid-cyan-blue-color\">PC BA: princ\u00edpios impl\u00edcitos da administra\u00e7\u00e3o p\u00fablica<\/mark><\/strong><\/h2>\n\n\n\n<p>Pessoal, geralmente quando as bancas examinadoras se referem a princ\u00edpios impl\u00edcitos, elas se referem aos que n\u00e3o s\u00e3o citados \u201cpelo nome\u201d no texto constitucional.<\/p>\n\n\n\n<p>Nesse sentido, o rol de princ\u00edpios impl\u00edcitos na CF\/88 \u00e9 bastante extenso, por isso citaremos neste artigo apenas os principais, a saber:<\/p>\n\n\n\n<ul class=\"wp-block-list\"><li>Supremacia do interesse p\u00fablico sobre o privado;<\/li><li>Indisponibilidade do interesse p\u00fablico;<\/li><li>Razoabilidade;<\/li><li>Proporcionalidade;<\/li><li>Tutela;<\/li><li>Autotutela.<\/li><\/ul>\n\n\n\n<h3 class=\"wp-block-heading\" id=\"principios-implicitos-da-administracao-publica-supremacia-do-interesse-publico-e-indisponibilidade-do-interesse-publico\"><strong><mark style=\"background-color:rgba(0, 0, 0, 0)\" class=\"has-inline-color has-vivid-cyan-blue-color\">Princ\u00edpios impl\u00edcitos da administra\u00e7\u00e3o p\u00fablica: supremacia do interesse p\u00fablico e indisponibilidade do interesse p\u00fablico<\/mark><\/strong><\/h3>\n\n\n\n<p>O princ\u00edpio da <strong>supremacia do interesse p\u00fablico<\/strong> refere-se \u00e0s <strong>prerrogativas administrativas<\/strong>. Em outras palavras, a supremacia do interesse p\u00fablico consiste na predomin\u00e2ncia da administra\u00e7\u00e3o, que atua em prol do interesse coletivo, sobre os particulares.<\/p>\n\n\n\n<p>Conforme a doutrina, <strong>a supremacia do interesse p\u00fablico n\u00e3o est\u00e1 presente em todos os atos da administra\u00e7\u00e3o<\/strong>, mas apenas naqueles revestidos de interesse p\u00fablico. Portanto, nos atos em que a administra\u00e7\u00e3o atua sobre uma predomin\u00e2ncia do direito privado (como na celebra\u00e7\u00e3o de um contrato de aluguel, por exemplo) n\u00e3o se faz presente a supremacia do interesse p\u00fablico.<\/p>\n\n\n\n<p>A <strong>indisponibilidade do interesse p\u00fablico<\/strong>, por sua vez, em contraponto \u00e0 supremacia do interesse p\u00fablico, refere-se \u00e0s <strong>sujei\u00e7\u00f5es administrativas<\/strong>.<\/p>\n\n\n\n<p>Assim, tendo em vista que a administra\u00e7\u00e3o atua em nome de terceiros (os administrados) esta n\u00e3o pode dispor a seu bel prazer do patrim\u00f4nio p\u00fablico.<\/p>\n\n\n\n<p>Portanto, diferentemente da supremacia do interesse p\u00fablico, o <strong>princ\u00edpio da indisponibilidade do interesse p\u00fablico se aplica a toda a atua\u00e7\u00e3o administrativa.<\/strong><\/p>\n\n\n\n<h3 class=\"wp-block-heading\" id=\"principios-implicitos-da-administracao-publica-razoabilidade-e-proporcionalidade\"><strong><mark style=\"background-color:rgba(0, 0, 0, 0)\" class=\"has-inline-color has-vivid-cyan-blue-color\">Princ\u00edpios impl\u00edcitos da administra\u00e7\u00e3o p\u00fablica: razoabilidade e proporcionalidade<\/mark><\/strong><\/h3>\n\n\n\n<p>Os princ\u00edpios da razoabilidade e da proporcionalidade representam limita\u00e7\u00f5es \u00e0 discricionariedade administrativa.<\/p>\n\n\n\n<p>Nesse sentido, o <strong>princ\u00edpio da razoabilidade<\/strong> imp\u00f5e a <strong>atua\u00e7\u00e3o administrativa obediente a crit\u00e9rios aceit\u00e1veis em rela\u00e7\u00e3o ao senso normal do homem m\u00e9dio<\/strong>.<\/p>\n\n\n\n<p>Por outro lado, o <strong>princ\u00edpio da proporcionalidade<\/strong> imp\u00f5e a <strong>rela\u00e7\u00e3o equilibrada entre os meios empregados pela administra\u00e7\u00e3o para atendimento dos fins desejados<\/strong>. Assim, a intensidade do ato deve ser a m\u00ednima necess\u00e1ria para atendimento do fim p\u00fablico.<\/p>\n\n\n\n<p>Ademais, vale ressaltar que para alguns doutrinadores o <strong>princ\u00edpio da proporcionalidade est\u00e1 contido no princ\u00edpio da razoabilidade<\/strong>.<\/p>\n\n\n\n<p>Al\u00e9m disso, estes princ\u00edpios da administra\u00e7\u00e3o est\u00e3o <strong>intimamente relacionados ao controle do excesso de poder<\/strong> e <strong>podem embasar, inclusive, a anula\u00e7\u00e3o judicial de atos administrativos.<\/strong><\/p>\n\n\n\n<h3 class=\"wp-block-heading\" id=\"principios-implicitos-da-administracao-publica-tutela-e-autotutela\"><strong><mark style=\"background-color:rgba(0, 0, 0, 0)\" class=\"has-inline-color has-vivid-cyan-blue-color\">Princ\u00edpios impl\u00edcitos da administra\u00e7\u00e3o p\u00fablica: tutela e autotutela<\/mark><\/strong><\/h3>\n\n\n\n<p>O princ\u00edpio da administra\u00e7\u00e3o p\u00fablica da tutela refere-se a <strong>assegurar que as entidades da administra\u00e7\u00e3o indireta atendam a seus objetivos<\/strong>.<\/p>\n\n\n\n<p>Portanto, na tutela administrativa n\u00e3o h\u00e1 que se falar em subordina\u00e7\u00e3o hier\u00e1rquica (pois esta n\u00e3o existe na rela\u00e7\u00e3o administra\u00e7\u00e3o direta\/indireta), mas em controle final\u00edstico.<\/p>\n\n\n\n<p>Quanto \u00e0 <strong>autotutela<\/strong>, por sua vez, este princ\u00edpio refere-se \u00e0 <strong>capacidade da administra\u00e7\u00e3o p\u00fablica de anular seus atos quando ilegais ou de revog\u00e1-los quando inconvenientes<\/strong>.<\/p>\n\n\n\n<p>Todavia, vale ressaltar que o <strong>princ\u00edpio da autotutela \u00e9 limitado pelos princ\u00edpios da seguran\u00e7a jur\u00eddica.<\/strong> Nesse sentido, a Lei 9.784\/1999 estabelece que o direito de a administra\u00e7\u00e3o anular atos de que decorram efeitos favor\u00e1veis aos destinat\u00e1rios decai em 5 (cinco) anos da pr\u00e1tica do ato.<\/p>\n\n\n\n<h2 class=\"wp-block-heading\" id=\"conclusao\"><strong><mark style=\"background-color:rgba(0, 0, 0, 0)\" class=\"has-inline-color has-vivid-cyan-blue-color\">Conclus\u00e3o<\/mark><\/strong><\/h2>\n\n\n\n<p>Pessoal, finalizamos aqui mais um artigo.<\/p>\n\n\n\n<p>Vale ressaltar que tratamos acerca de um resumo sobre o tema Princ\u00edpios da Administra\u00e7\u00e3o P\u00fablica, e, portanto, abordamos os principais t\u00f3picos da mat\u00e9ria.<\/p>\n\n\n\n<p>Nesse sentido, tratamos sobre os principais princ\u00edpios expressos e impl\u00edcitos sob a \u00f3tica da CF\/88.<\/p>\n\n\n\n<p>Todavia, por ser esse um tema bastante extenso, o exaurimento da mat\u00e9ria s\u00f3 ser\u00e1 poss\u00edvel por meio do estudo da aula completa para o concurso da PC BA (j\u00e1 dispon\u00edvel no <strong>Estrat\u00e9gia Concursos<\/strong>).<\/p>\n\n\n\n<p>Nos encontramos no pr\u00f3ximo artigo.<\/p>\n\n\n\n<p>Grande abra\u00e7o.<\/p>\n\n\n\n<p><strong>Rafael Chaves<\/strong><\/p>\n\n\n\n<p class=\"has-text-align-center has-cyan-bluish-gray-background-color has-background has-medium-font-size\"><strong>Saiba mais:&nbsp;<a href=\"https:\/\/www.estrategiaconcursos.com.br\/blog\/concurso-pc-ba\/#\" target=\"_blank\" rel=\"noreferrer noopener\">Concurso PC BA<\/a><\/strong><\/p>\n\n\n\n<h2 class=\"has-text-align-center wp-block-heading\" id=\"quer-estudar-para-o-concurso-da-pc-ba\">Quer estudar para o concurso da PC BA?<\/h2>\n\n\n\n<div class=\"container\" id=\"boxes\">\n  <div class=\"row\"> \n\n    <div class=\"col-sm\">\n      <div class=\"banner-policial\" id=\"box-assinatura\">\n        <h3 class=\"titulo-assinatura\">Concurso PC BA<\/h3>\n        <p class=\"subtitulo-assinatura\">Conhe\u00e7a os cursos<\/p>\n        <div class=\"box-botao\">\n          <a class=\"btn-assinatura\" target=\"_blank\" href=\"https:\/\/www.estrategiaconcursos.com.br\/cursosPorConcurso\/policia-civil-ba\/\" role=\"button\" rel=\"noopener noreferrer\">Conhe\u00e7a mais<\/a>\n        <\/div>\n      <\/div>\n     \n\n  <\/div>\n<\/div><\/div>\n\n\n\n<div class=\"container\" id=\"boxes\">\n  <div class=\"row\">\n\n    <div class=\"col-sm\">\n      <div class=\"estrategia\" id=\"box-assinatura\">\n        <h3 class=\"titulo-assinatura\">Assinatura de Concursos<\/h3>\n        <p class=\"subtitulo-assinatura\">Assinatura de 1 ano ou 2 anos<\/p>\n        <div class=\"box-botao\">\n          <a class=\"btn-assinatura\" target=\"_blank\" href=\"https:\/\/www.estrategiaconcursos.com.br\/assinaturas\/\" role=\"button\" rel=\"noopener noreferrer\">ASSINE AGORA<\/a>\n        <\/div>\n      <\/div>\n     \n    <\/div><\/div><\/div>\n\n\n\n<h2 class=\"has-text-align-center wp-block-heading\" id=\"quer-saber-tudo-sobre-concursos-previstos-confira-nossos-artigos\">Quer saber tudo sobre concursos previstos?<br \/>Confira nossos artigos!<\/h2>\n\n\n\n<p class=\"has-text-align-center has-cyan-bluish-gray-background-color has-background has-medium-font-size\"><a href=\"https:\/\/www.estrategiaconcursos.com.br\/blog\/concursos-abertos\/#\" target=\"_blank\" rel=\"noreferrer noopener\">Concursos abertos<\/a><\/p>\n\n\n\n<p class=\"has-text-align-center has-cyan-bluish-gray-background-color has-background has-medium-font-size\"><a href=\"https:\/\/www.estrategiaconcursos.com.br\/blog\/concursos-2022\/#\" target=\"_blank\" rel=\"noreferrer noopener\">Concursos 2022<\/a><\/p>\n","protected":false},"excerpt":{"rendered":"<p>Estudaremos neste artigo os principais t\u00f3picos sobre o tema PRINC\u00cdPIOS DA ADMINISTRA\u00c7\u00c3O P\u00daBLICA, com foco no concurso da Pol\u00edcia Civil da Bahia (PC BA). Ol\u00e1, pessoal, tudo bem? No artigo de hoje estudaremos sobre os Princ\u00edpios da Administra\u00e7\u00e3o P\u00fablica para o certame da PC BA. Nesse sentido, vale ressaltar que o edital do certame \u201cest\u00e1 [&hellip;]<\/p>\n","protected":false},"author":2261,"featured_media":871217,"comment_status":"open","ping_status":"closed","sticky":false,"template":"","format":"standard","meta":{"post_tipo":"article","footnotes":""},"categories":[1,220194],"tags":[],"tax_estado":[219968],"class_list":["post-1026543","post","type-post","status-publish","format-standard","has-post-thumbnail","hentry","category-cursos-e-concursos","category-delegado","tax_estado-ba"],"acf":[],"yoast_head":"<!-- This site is optimized with the Yoast SEO Premium plugin v27.2 (Yoast SEO v27.2) - https:\/\/yoast.com\/product\/yoast-seo-premium-wordpress\/ -->\n<title>PC BA: princ\u00edpios da administra\u00e7\u00e3o p\u00fablica - principais t\u00f3picos<\/title>\n<meta name=\"description\" content=\"Aprenda os principais t\u00f3picos do tema Princ\u00edpios da Administra\u00e7\u00e3o P\u00fablica, com foco no concurso da Pol\u00edcia Civil do Estado da Bahia (PC BA).\" \/>\n<meta name=\"robots\" content=\"index, follow, max-snippet:-1, max-image-preview:large, max-video-preview:-1\" \/>\n<link rel=\"canonical\" href=\"https:\/\/www.estrategiaconcursos.com.br\/blog\/pc-ba-principios-adm\/\" \/>\n<meta property=\"og:locale\" content=\"pt_BR\" \/>\n<meta property=\"og:type\" content=\"article\" \/>\n<meta property=\"og:title\" content=\"PC BA: princ\u00edpios da administra\u00e7\u00e3o p\u00fablica - principais t\u00f3picos\" \/>\n<meta property=\"og:description\" content=\"Aprenda os principais t\u00f3picos do tema Princ\u00edpios da Administra\u00e7\u00e3o P\u00fablica, com foco no concurso da Pol\u00edcia Civil do Estado da Bahia (PC BA).\" \/>\n<meta property=\"og:url\" content=\"https:\/\/www.estrategiaconcursos.com.br\/blog\/pc-ba-principios-adm\/\" \/>\n<meta property=\"og:site_name\" content=\"Estrat\u00e9gia Concursos\" \/>\n<meta property=\"article:published_time\" content=\"2022-05-31T11:17:00+00:00\" \/>\n<meta property=\"article:modified_time\" content=\"2022-05-31T18:33:40+00:00\" \/>\n<meta property=\"og:image\" content=\"https:\/\/dhg1h5j42swfq.cloudfront.net\/2021\/09\/27143047\/pc-ba.jpg\" \/>\n\t<meta property=\"og:image:width\" content=\"768\" \/>\n\t<meta property=\"og:image:height\" content=\"432\" \/>\n\t<meta property=\"og:image:type\" content=\"image\/jpeg\" \/>\n<meta name=\"author\" content=\"Rafael Ferreira Chaves\" \/>\n<meta name=\"twitter:card\" content=\"summary_large_image\" \/>\n<meta name=\"twitter:creator\" content=\"@EstratConcursos\" \/>\n<meta name=\"twitter:site\" content=\"@EstratConcursos\" \/>\n<meta name=\"twitter:label1\" content=\"Escrito por\" \/>\n\t<meta name=\"twitter:data1\" content=\"Rafael Ferreira Chaves\" \/>\n\t<meta name=\"twitter:label2\" content=\"Est. tempo de leitura\" \/>\n\t<meta name=\"twitter:data2\" content=\"10 minutos\" \/>\n<script type=\"application\/ld+json\" class=\"yoast-schema-graph\">{\"@context\":\"https:\/\/schema.org\",\"@graph\":[{\"@type\":\"NewsArticle\",\"@id\":\"https:\/\/www.estrategiaconcursos.com.br\/blog\/pc-ba-principios-adm\/#article\",\"isPartOf\":{\"@id\":\"https:\/\/www.estrategiaconcursos.com.br\/blog\/pc-ba-principios-adm\/\"},\"author\":{\"name\":\"Rafael Ferreira Chaves\",\"@id\":\"https:\/\/www.estrategiaconcursos.com.br\/blog\/#\/schema\/person\/545cce8f1c81268ec2ca202a954284e1\"},\"headline\":\"PC BA: princ\u00edpios da administra\u00e7\u00e3o p\u00fablica &#8211; principais t\u00f3picos\",\"datePublished\":\"2022-05-31T11:17:00+00:00\",\"dateModified\":\"2022-05-31T18:33:40+00:00\",\"mainEntityOfPage\":{\"@id\":\"https:\/\/www.estrategiaconcursos.com.br\/blog\/pc-ba-principios-adm\/\"},\"wordCount\":1916,\"commentCount\":0,\"publisher\":{\"@id\":\"https:\/\/www.estrategiaconcursos.com.br\/blog\/#organization\"},\"image\":{\"@id\":\"https:\/\/www.estrategiaconcursos.com.br\/blog\/pc-ba-principios-adm\/#primaryimage\"},\"thumbnailUrl\":\"https:\/\/dhg1h5j42swfq.cloudfront.net\/2021\/09\/27143047\/pc-ba.jpg\",\"articleSection\":[\"Concursos P\u00fablicos\",\"Jur\u00eddico - Delegado\"],\"inLanguage\":\"pt-BR\",\"potentialAction\":[{\"@type\":\"CommentAction\",\"name\":\"Comment\",\"target\":[\"https:\/\/www.estrategiaconcursos.com.br\/blog\/pc-ba-principios-adm\/#respond\"]}],\"copyrightYear\":\"2022\",\"copyrightHolder\":{\"@id\":\"https:\/\/www.estrategiaconcursos.com.br\/blog\/#organization\"}},{\"@type\":\"WebPage\",\"@id\":\"https:\/\/www.estrategiaconcursos.com.br\/blog\/pc-ba-principios-adm\/\",\"url\":\"https:\/\/www.estrategiaconcursos.com.br\/blog\/pc-ba-principios-adm\/\",\"name\":\"PC BA: princ\u00edpios da administra\u00e7\u00e3o p\u00fablica - principais t\u00f3picos\",\"isPartOf\":{\"@id\":\"https:\/\/www.estrategiaconcursos.com.br\/blog\/#website\"},\"primaryImageOfPage\":{\"@id\":\"https:\/\/www.estrategiaconcursos.com.br\/blog\/pc-ba-principios-adm\/#primaryimage\"},\"image\":{\"@id\":\"https:\/\/www.estrategiaconcursos.com.br\/blog\/pc-ba-principios-adm\/#primaryimage\"},\"thumbnailUrl\":\"https:\/\/dhg1h5j42swfq.cloudfront.net\/2021\/09\/27143047\/pc-ba.jpg\",\"datePublished\":\"2022-05-31T11:17:00+00:00\",\"dateModified\":\"2022-05-31T18:33:40+00:00\",\"description\":\"Aprenda os principais t\u00f3picos do tema Princ\u00edpios da Administra\u00e7\u00e3o P\u00fablica, com foco no concurso da Pol\u00edcia Civil do Estado da Bahia (PC BA).\",\"breadcrumb\":{\"@id\":\"https:\/\/www.estrategiaconcursos.com.br\/blog\/pc-ba-principios-adm\/#breadcrumb\"},\"inLanguage\":\"pt-BR\",\"potentialAction\":[{\"@type\":\"ReadAction\",\"target\":[\"https:\/\/www.estrategiaconcursos.com.br\/blog\/pc-ba-principios-adm\/\"]}]},{\"@type\":\"ImageObject\",\"inLanguage\":\"pt-BR\",\"@id\":\"https:\/\/www.estrategiaconcursos.com.br\/blog\/pc-ba-principios-adm\/#primaryimage\",\"url\":\"https:\/\/dhg1h5j42swfq.cloudfront.net\/2021\/09\/27143047\/pc-ba.jpg\",\"contentUrl\":\"https:\/\/dhg1h5j42swfq.cloudfront.net\/2021\/09\/27143047\/pc-ba.jpg\",\"width\":768,\"height\":432,\"caption\":\"PC BA\"},{\"@type\":\"BreadcrumbList\",\"@id\":\"https:\/\/www.estrategiaconcursos.com.br\/blog\/pc-ba-principios-adm\/#breadcrumb\",\"itemListElement\":[{\"@type\":\"ListItem\",\"position\":1,\"name\":\"In\u00edcio\",\"item\":\"https:\/\/www.estrategiaconcursos.com.br\/blog\/\"},{\"@type\":\"ListItem\",\"position\":2,\"name\":\"PC BA: princ\u00edpios da administra\u00e7\u00e3o p\u00fablica &#8211; principais t\u00f3picos\"}]},{\"@type\":\"WebSite\",\"@id\":\"https:\/\/www.estrategiaconcursos.com.br\/blog\/#website\",\"url\":\"https:\/\/www.estrategiaconcursos.com.br\/blog\/\",\"name\":\"Estrat\u00e9gia Concursos\",\"description\":\"O blog da Estrat\u00e9gia Concursos traz not\u00edcias sobre concursos e artigos de professores oferecendo cursos para concursos (pdf + videaulas) no site.\",\"publisher\":{\"@id\":\"https:\/\/www.estrategiaconcursos.com.br\/blog\/#organization\"},\"potentialAction\":[{\"@type\":\"SearchAction\",\"target\":{\"@type\":\"EntryPoint\",\"urlTemplate\":\"https:\/\/www.estrategiaconcursos.com.br\/blog\/?s={search_term_string}\"},\"query-input\":{\"@type\":\"PropertyValueSpecification\",\"valueRequired\":true,\"valueName\":\"search_term_string\"}}],\"inLanguage\":\"pt-BR\"},{\"@type\":\"Organization\",\"@id\":\"https:\/\/www.estrategiaconcursos.com.br\/blog\/#organization\",\"name\":\"Estrat\u00e9gia Concursos\",\"url\":\"https:\/\/www.estrategiaconcursos.com.br\/blog\/\",\"logo\":{\"@type\":\"ImageObject\",\"inLanguage\":\"pt-BR\",\"@id\":\"https:\/\/www.estrategiaconcursos.com.br\/blog\/#\/schema\/logo\/image\/\",\"url\":\"https:\/\/dhg1h5j42swfq.cloudfront.net\/2025\/06\/03203428\/logo_concursos-1.jpg\",\"contentUrl\":\"https:\/\/dhg1h5j42swfq.cloudfront.net\/2025\/06\/03203428\/logo_concursos-1.jpg\",\"width\":230,\"height\":60,\"caption\":\"Estrat\u00e9gia Concursos\"},\"image\":{\"@id\":\"https:\/\/www.estrategiaconcursos.com.br\/blog\/#\/schema\/logo\/image\/\"},\"sameAs\":[\"https:\/\/x.com\/EstratConcursos\"]},{\"@type\":\"Person\",\"@id\":\"https:\/\/www.estrategiaconcursos.com.br\/blog\/#\/schema\/person\/545cce8f1c81268ec2ca202a954284e1\",\"name\":\"Rafael Ferreira Chaves\",\"image\":{\"@type\":\"ImageObject\",\"inLanguage\":\"pt-BR\",\"@id\":\"https:\/\/secure.gravatar.com\/avatar\/7d43172b7c8451a76fe991e14bf7b661f56fcd3e9d8f44dcd92c997cfaf1286f?s=96&d=mm&r=g\",\"url\":\"https:\/\/secure.gravatar.com\/avatar\/7d43172b7c8451a76fe991e14bf7b661f56fcd3e9d8f44dcd92c997cfaf1286f?s=96&d=mm&r=g\",\"contentUrl\":\"https:\/\/secure.gravatar.com\/avatar\/7d43172b7c8451a76fe991e14bf7b661f56fcd3e9d8f44dcd92c997cfaf1286f?s=96&d=mm&r=g\",\"caption\":\"Rafael Ferreira Chaves\"},\"description\":\"Engenheiro Civil formado pela Universidade Federal do Piau\u00ed - UFPI. Especialista em Engenharia Ambiental e Saneamento B\u00e1sico pela Faculdade Est\u00e1cio. Atualmente exerce o cargo de Auditor de Controle Externo do TCE\/AM. Aprovado e nomeado nos seguintes concursos: ARSETE\/PMT (1\u00ba lugar - Analista de Regula\u00e7\u00e3o - Eng. Civil), Prefeitura de Campinas\/SP (Eng. Civil) , CODEVASF (Analista de Desenvolvimento Regional - Eng. Civil), TCE\/AM (2\u00ba lugar - Auditor de Controle Externo - Obras P\u00fablicas \/ 14\u00ba lugar - Auditor de Controle Externo - Auditoria Governamental), TCE\/TO (2\u00ba lugar - Auditor de Controle Externo - Eng. Civil), TCE GO (Analista de Controle Externo - Controle Externo).\",\"url\":\"https:\/\/www.estrategiaconcursos.com.br\/blog\/author\/fchaves01gmail-com\/\"}]}<\/script>\n<!-- \/ Yoast SEO Premium plugin. -->","yoast_head_json":{"title":"PC BA: princ\u00edpios da administra\u00e7\u00e3o p\u00fablica - principais t\u00f3picos","description":"Aprenda os principais t\u00f3picos do tema Princ\u00edpios da Administra\u00e7\u00e3o P\u00fablica, com foco no concurso da Pol\u00edcia Civil do Estado da Bahia (PC BA).","robots":{"index":"index","follow":"follow","max-snippet":"max-snippet:-1","max-image-preview":"max-image-preview:large","max-video-preview":"max-video-preview:-1"},"canonical":"https:\/\/www.estrategiaconcursos.com.br\/blog\/pc-ba-principios-adm\/","og_locale":"pt_BR","og_type":"article","og_title":"PC BA: princ\u00edpios da administra\u00e7\u00e3o p\u00fablica - principais t\u00f3picos","og_description":"Aprenda os principais t\u00f3picos do tema Princ\u00edpios da Administra\u00e7\u00e3o P\u00fablica, com foco no concurso da Pol\u00edcia Civil do Estado da Bahia (PC BA).","og_url":"https:\/\/www.estrategiaconcursos.com.br\/blog\/pc-ba-principios-adm\/","og_site_name":"Estrat\u00e9gia Concursos","article_published_time":"2022-05-31T11:17:00+00:00","article_modified_time":"2022-05-31T18:33:40+00:00","og_image":[{"width":768,"height":432,"url":"https:\/\/dhg1h5j42swfq.cloudfront.net\/2021\/09\/27143047\/pc-ba.jpg","type":"image\/jpeg"}],"author":"Rafael Ferreira Chaves","twitter_card":"summary_large_image","twitter_creator":"@EstratConcursos","twitter_site":"@EstratConcursos","twitter_misc":{"Escrito por":"Rafael Ferreira Chaves","Est. tempo de leitura":"10 minutos"},"schema":{"@context":"https:\/\/schema.org","@graph":[{"@type":"NewsArticle","@id":"https:\/\/www.estrategiaconcursos.com.br\/blog\/pc-ba-principios-adm\/#article","isPartOf":{"@id":"https:\/\/www.estrategiaconcursos.com.br\/blog\/pc-ba-principios-adm\/"},"author":{"name":"Rafael Ferreira Chaves","@id":"https:\/\/www.estrategiaconcursos.com.br\/blog\/#\/schema\/person\/545cce8f1c81268ec2ca202a954284e1"},"headline":"PC BA: princ\u00edpios da administra\u00e7\u00e3o p\u00fablica &#8211; principais t\u00f3picos","datePublished":"2022-05-31T11:17:00+00:00","dateModified":"2022-05-31T18:33:40+00:00","mainEntityOfPage":{"@id":"https:\/\/www.estrategiaconcursos.com.br\/blog\/pc-ba-principios-adm\/"},"wordCount":1916,"commentCount":0,"publisher":{"@id":"https:\/\/www.estrategiaconcursos.com.br\/blog\/#organization"},"image":{"@id":"https:\/\/www.estrategiaconcursos.com.br\/blog\/pc-ba-principios-adm\/#primaryimage"},"thumbnailUrl":"https:\/\/dhg1h5j42swfq.cloudfront.net\/2021\/09\/27143047\/pc-ba.jpg","articleSection":["Concursos P\u00fablicos","Jur\u00eddico - Delegado"],"inLanguage":"pt-BR","potentialAction":[{"@type":"CommentAction","name":"Comment","target":["https:\/\/www.estrategiaconcursos.com.br\/blog\/pc-ba-principios-adm\/#respond"]}],"copyrightYear":"2022","copyrightHolder":{"@id":"https:\/\/www.estrategiaconcursos.com.br\/blog\/#organization"}},{"@type":"WebPage","@id":"https:\/\/www.estrategiaconcursos.com.br\/blog\/pc-ba-principios-adm\/","url":"https:\/\/www.estrategiaconcursos.com.br\/blog\/pc-ba-principios-adm\/","name":"PC BA: princ\u00edpios da administra\u00e7\u00e3o p\u00fablica - principais t\u00f3picos","isPartOf":{"@id":"https:\/\/www.estrategiaconcursos.com.br\/blog\/#website"},"primaryImageOfPage":{"@id":"https:\/\/www.estrategiaconcursos.com.br\/blog\/pc-ba-principios-adm\/#primaryimage"},"image":{"@id":"https:\/\/www.estrategiaconcursos.com.br\/blog\/pc-ba-principios-adm\/#primaryimage"},"thumbnailUrl":"https:\/\/dhg1h5j42swfq.cloudfront.net\/2021\/09\/27143047\/pc-ba.jpg","datePublished":"2022-05-31T11:17:00+00:00","dateModified":"2022-05-31T18:33:40+00:00","description":"Aprenda os principais t\u00f3picos do tema Princ\u00edpios da Administra\u00e7\u00e3o P\u00fablica, com foco no concurso da Pol\u00edcia Civil do Estado da Bahia (PC BA).","breadcrumb":{"@id":"https:\/\/www.estrategiaconcursos.com.br\/blog\/pc-ba-principios-adm\/#breadcrumb"},"inLanguage":"pt-BR","potentialAction":[{"@type":"ReadAction","target":["https:\/\/www.estrategiaconcursos.com.br\/blog\/pc-ba-principios-adm\/"]}]},{"@type":"ImageObject","inLanguage":"pt-BR","@id":"https:\/\/www.estrategiaconcursos.com.br\/blog\/pc-ba-principios-adm\/#primaryimage","url":"https:\/\/dhg1h5j42swfq.cloudfront.net\/2021\/09\/27143047\/pc-ba.jpg","contentUrl":"https:\/\/dhg1h5j42swfq.cloudfront.net\/2021\/09\/27143047\/pc-ba.jpg","width":768,"height":432,"caption":"PC BA"},{"@type":"BreadcrumbList","@id":"https:\/\/www.estrategiaconcursos.com.br\/blog\/pc-ba-principios-adm\/#breadcrumb","itemListElement":[{"@type":"ListItem","position":1,"name":"In\u00edcio","item":"https:\/\/www.estrategiaconcursos.com.br\/blog\/"},{"@type":"ListItem","position":2,"name":"PC BA: princ\u00edpios da administra\u00e7\u00e3o p\u00fablica &#8211; principais t\u00f3picos"}]},{"@type":"WebSite","@id":"https:\/\/www.estrategiaconcursos.com.br\/blog\/#website","url":"https:\/\/www.estrategiaconcursos.com.br\/blog\/","name":"Estrat\u00e9gia Concursos","description":"O blog da Estrat\u00e9gia Concursos traz not\u00edcias sobre concursos e artigos de professores oferecendo cursos para concursos (pdf + videaulas) no site.","publisher":{"@id":"https:\/\/www.estrategiaconcursos.com.br\/blog\/#organization"},"potentialAction":[{"@type":"SearchAction","target":{"@type":"EntryPoint","urlTemplate":"https:\/\/www.estrategiaconcursos.com.br\/blog\/?s={search_term_string}"},"query-input":{"@type":"PropertyValueSpecification","valueRequired":true,"valueName":"search_term_string"}}],"inLanguage":"pt-BR"},{"@type":"Organization","@id":"https:\/\/www.estrategiaconcursos.com.br\/blog\/#organization","name":"Estrat\u00e9gia Concursos","url":"https:\/\/www.estrategiaconcursos.com.br\/blog\/","logo":{"@type":"ImageObject","inLanguage":"pt-BR","@id":"https:\/\/www.estrategiaconcursos.com.br\/blog\/#\/schema\/logo\/image\/","url":"https:\/\/dhg1h5j42swfq.cloudfront.net\/2025\/06\/03203428\/logo_concursos-1.jpg","contentUrl":"https:\/\/dhg1h5j42swfq.cloudfront.net\/2025\/06\/03203428\/logo_concursos-1.jpg","width":230,"height":60,"caption":"Estrat\u00e9gia Concursos"},"image":{"@id":"https:\/\/www.estrategiaconcursos.com.br\/blog\/#\/schema\/logo\/image\/"},"sameAs":["https:\/\/x.com\/EstratConcursos"]},{"@type":"Person","@id":"https:\/\/www.estrategiaconcursos.com.br\/blog\/#\/schema\/person\/545cce8f1c81268ec2ca202a954284e1","name":"Rafael Ferreira Chaves","image":{"@type":"ImageObject","inLanguage":"pt-BR","@id":"https:\/\/secure.gravatar.com\/avatar\/7d43172b7c8451a76fe991e14bf7b661f56fcd3e9d8f44dcd92c997cfaf1286f?s=96&d=mm&r=g","url":"https:\/\/secure.gravatar.com\/avatar\/7d43172b7c8451a76fe991e14bf7b661f56fcd3e9d8f44dcd92c997cfaf1286f?s=96&d=mm&r=g","contentUrl":"https:\/\/secure.gravatar.com\/avatar\/7d43172b7c8451a76fe991e14bf7b661f56fcd3e9d8f44dcd92c997cfaf1286f?s=96&d=mm&r=g","caption":"Rafael Ferreira Chaves"},"description":"Engenheiro Civil formado pela Universidade Federal do Piau\u00ed - UFPI. Especialista em Engenharia Ambiental e Saneamento B\u00e1sico pela Faculdade Est\u00e1cio. Atualmente exerce o cargo de Auditor de Controle Externo do TCE\/AM. Aprovado e nomeado nos seguintes concursos: ARSETE\/PMT (1\u00ba lugar - Analista de Regula\u00e7\u00e3o - Eng. Civil), Prefeitura de Campinas\/SP (Eng. Civil) , CODEVASF (Analista de Desenvolvimento Regional - Eng. Civil), TCE\/AM (2\u00ba lugar - Auditor de Controle Externo - Obras P\u00fablicas \/ 14\u00ba lugar - Auditor de Controle Externo - Auditoria Governamental), TCE\/TO (2\u00ba lugar - Auditor de Controle Externo - Eng. Civil), TCE GO (Analista de Controle Externo - Controle Externo).","url":"https:\/\/www.estrategiaconcursos.com.br\/blog\/author\/fchaves01gmail-com\/"}]}},"_links":{"self":[{"href":"https:\/\/www.estrategiaconcursos.com.br\/blog\/wp-json\/wp\/v2\/posts\/1026543","targetHints":{"allow":["GET"]}}],"collection":[{"href":"https:\/\/www.estrategiaconcursos.com.br\/blog\/wp-json\/wp\/v2\/posts"}],"about":[{"href":"https:\/\/www.estrategiaconcursos.com.br\/blog\/wp-json\/wp\/v2\/types\/post"}],"author":[{"embeddable":true,"href":"https:\/\/www.estrategiaconcursos.com.br\/blog\/wp-json\/wp\/v2\/users\/2261"}],"replies":[{"embeddable":true,"href":"https:\/\/www.estrategiaconcursos.com.br\/blog\/wp-json\/wp\/v2\/comments?post=1026543"}],"version-history":[{"count":17,"href":"https:\/\/www.estrategiaconcursos.com.br\/blog\/wp-json\/wp\/v2\/posts\/1026543\/revisions"}],"predecessor-version":[{"id":1028260,"href":"https:\/\/www.estrategiaconcursos.com.br\/blog\/wp-json\/wp\/v2\/posts\/1026543\/revisions\/1028260"}],"wp:featuredmedia":[{"embeddable":true,"href":"https:\/\/www.estrategiaconcursos.com.br\/blog\/wp-json\/wp\/v2\/media\/871217"}],"wp:attachment":[{"href":"https:\/\/www.estrategiaconcursos.com.br\/blog\/wp-json\/wp\/v2\/media?parent=1026543"}],"wp:term":[{"taxonomy":"category","embeddable":true,"href":"https:\/\/www.estrategiaconcursos.com.br\/blog\/wp-json\/wp\/v2\/categories?post=1026543"},{"taxonomy":"post_tag","embeddable":true,"href":"https:\/\/www.estrategiaconcursos.com.br\/blog\/wp-json\/wp\/v2\/tags?post=1026543"},{"taxonomy":"tax_estado","embeddable":true,"href":"https:\/\/www.estrategiaconcursos.com.br\/blog\/wp-json\/wp\/v2\/tax_estado?post=1026543"}],"curies":[{"name":"wp","href":"https:\/\/api.w.org\/{rel}","templated":true}]}}