{"id":1026535,"date":"2022-05-11T19:53:05","date_gmt":"2022-05-11T22:53:05","guid":{"rendered":"https:\/\/www.estrategiaconcursos.com.br\/blog\/?p=1026535"},"modified":"2022-05-11T19:53:07","modified_gmt":"2022-05-11T22:53:07","slug":"seguranca-ro-secretario-editais","status":"publish","type":"post","link":"https:\/\/www.estrategiaconcursos.com.br\/blog\/seguranca-ro-secretario-editais\/","title":{"rendered":"Seguran\u00e7a RO: &#8220;N\u00e3o vai demorar&#8221;, diz secret\u00e1rio sobre editais"},"content":{"rendered":"\n<p>O secret\u00e1rio de Seguran\u00e7a P\u00fablica de Rond\u00f4nia (RO), Jos\u00e9 Pach\u00e1, afirmou nas redes sociais que a publica\u00e7\u00e3o dos editais dos concursos das pol\u00edcias civil e militar e bombeiros n\u00e3o vai demorar.<\/p>\n\n\n\n<figure class=\"wp-block-image size-large\"><img loading=\"lazy\" decoding=\"async\" width=\"1024\" height=\"682\" src=\"https:\/\/dhg1h5j42swfq.cloudfront.net\/2022\/05\/11194038\/whatsapp_image_2019-08-01_at_13-37-24-1024x682.jpeg\" alt=\"\" class=\"wp-image-1026541\" srcset=\"https:\/\/dhg1h5j42swfq.cloudfront.net\/2022\/05\/11194038\/whatsapp_image_2019-08-01_at_13-37-24-1024x682.jpeg 1024w, https:\/\/dhg1h5j42swfq.cloudfront.net\/2022\/05\/11194038\/whatsapp_image_2019-08-01_at_13-37-24-300x200.jpeg 300w, https:\/\/dhg1h5j42swfq.cloudfront.net\/2022\/05\/11194038\/whatsapp_image_2019-08-01_at_13-37-24-768x512.jpeg 768w, https:\/\/dhg1h5j42swfq.cloudfront.net\/2022\/05\/11194038\/whatsapp_image_2019-08-01_at_13-37-24-610x407.jpeg 610w, https:\/\/dhg1h5j42swfq.cloudfront.net\/2022\/05\/11194038\/whatsapp_image_2019-08-01_at_13-37-24.jpeg 1280w\" sizes=\"auto, (max-width: 1024px) 100vw, 1024px\" \/><figcaption>Editais seguem previstos para o primeiro semestre | Imagem: reprodu\u00e7\u00e3o<\/figcaption><\/figure>\n\n\n\n<p>&#8220;Creio que n\u00e3o vai demorar [a publica\u00e7\u00e3o dos documentos], o da PC est\u00e1 pra sair e depois PM e BM&#8221;, revelou Pach\u00e1.<\/p>\n\n\n\n<p>Questionado por internautas se os editais ainda saem no primeiro semestre, o secret\u00e1rio informou &#8216;pensar que sim&#8217;.<\/p>\n\n\n\n<p>Vale lembrar que as previs\u00f5es j\u00e1 haviam sido reveladas em diversas ocasi\u00f5es. Confira abaixo!<\/p>\n\n\n\n<p class=\"has-cyan-bluish-gray-background-color has-background has-medium-font-size\" id=\"h-concurso-pc-ro\"><strong><a href=\"https:\/\/www.estrategiaconcursos.com.br\/blog\/concurso-pc-ro\/\" target=\"_blank\" rel=\"noreferrer noopener\">Concurso PC RO<\/a><\/strong><\/p>\n\n\n\n<p>O Cebraspe foi oficialmente contratado para organizar o pr\u00f3ximo edital da institui\u00e7\u00e3o policial. Recentemente, Pach\u00e1 preveu a publica\u00e7\u00e3o do documento at\u00e9 junho de 2022.<\/p>\n\n\n\n<p>Ser\u00e3o ofertadas&nbsp;<strong>319 vagas imediatas<\/strong>, al\u00e9m de cadastro reserva, para Delegado, M\u00e9dico Legista, Agente, Escriv\u00e3o, Datiloscopista e T\u00e9cnico Necropsia.<\/p>\n\n\n\n<p class=\"has-cyan-bluish-gray-background-color has-background has-medium-font-size\"><strong><a href=\"https:\/\/www.estrategiaconcursos.com.br\/blog\/concurso-pm-ro\/\" target=\"_blank\" rel=\"noreferrer noopener\">Concurso PM RO<\/a><\/strong><\/p>\n\n\n\n<p>O extrato de contrato que selou a contrata\u00e7\u00e3o do Cebraspe como banca foi publicado e, agora, o pr\u00f3ximo passo \u00e9 a publica\u00e7\u00e3o do edital.<\/p>\n\n\n\n<p>Para este concurso, ser\u00e3o ofertadas&nbsp;<strong>20 vagas<\/strong>&nbsp;<strong>para Oficial Combatente<\/strong>, com exig\u00eancia de n\u00edvel superior em Direito.<\/p>\n\n\n\n<p class=\"has-cyan-bluish-gray-background-color has-background has-medium-font-size\"><strong><a href=\"https:\/\/www.estrategiaconcursos.com.br\/blog\/concurso-bombeiros-ro\/\" target=\"_blank\" rel=\"noreferrer noopener\">Concurso Bombeiros RO<\/a><\/strong><\/p>\n\n\n\n<p>Por fim, o contrato com o Cebraspe para organiza\u00e7\u00e3o do concurso do Corpo de Bombeiros Militar de Rond\u00f4nia foi assinado.<\/p>\n\n\n\n<p>Para a institui\u00e7\u00e3o, ser\u00e3o <strong>oito (8)&nbsp;vagas<\/strong>&nbsp;para o cargo de&nbsp;<strong>Oficial<\/strong>, com exig\u00eancia de n\u00edvel superior em engenharia.<\/p>\n\n\n\n<p>E para mais informa\u00e7\u00f5es sobre os concursos da \u00e1rea de Seguran\u00e7a de RO, agora com novas previs\u00f5es do secret\u00e1rio da Pasta sobre os editais, acesse os links abaixo. Preparamos um artigo completo para voc\u00ea!<\/p>\n\n\n\n<h2 class=\"has-text-align-center wp-block-heading\" id=\"cursos\">Quer saber tudo sobre concursos previstos? <br \/>Confira nossos artigos!<\/h2>\n\n\n\n<ul class=\"wp-block-list\"><li><a href=\"https:\/\/www.estrategiaconcursos.com.br\/blog\/concursos-abertos\/\">Concursos abertos<\/a><\/li><li><a href=\"https:\/\/www.estrategiaconcursos.com.br\/blog\/concursos-2022\/\">Concursos 2022<\/a><\/li><\/ul>\n\n\n\n<h2 class=\"has-text-align-center wp-block-heading\" id=\"cursos\">Quer estudar para os concursos policiais de Rond\u00f4nia?<\/h2>\n\n\n\n<div class=\"container\" id=\"boxes\">\n  <div class=\"row\">\n\n    <div class=\"col-sm\">\n      <div class=\"banner-policial\" id=\"box-assinatura\">\n        <h3 class=\"titulo-assinatura\">Concurso PC RO<\/h3>\n        <p class=\"subtitulo-assinatura\">Conhe\u00e7a os cursos<\/p>\n        <div class=\"box-botao\">\n          <a class=\"btn-assinatura\" target=\"_blank\" href=\"https:\/\/www.estrategiaconcursos.com.br\/cursosPorConcurso\/policia-civil-de-rondonia-pc-ro\/\" role=\"button\" rel=\"noopener noreferrer\">Conhe\u00e7a mais<\/a>\n        <\/div>\n      <\/div>\n    \n    <\/div>\n\n  <\/div>\n<\/div>\n\n\n\n<div class=\"container\" id=\"boxes\">\n  <div class=\"row\">\n\n    <div class=\"col-sm\">\n      <div class=\"banner-policial\" id=\"box-assinatura\">\n        <h3 class=\"titulo-assinatura\">Concurso PM RO<\/h3>\n        <p class=\"subtitulo-assinatura\">Conhe\u00e7a os cursos<\/p>\n        <div class=\"box-botao\">\n          <a class=\"btn-assinatura\" target=\"_blank\" href=\"https:\/\/www.estrategiaconcursos.com.br\/cursosPorConcurso\/policia-militar-de-rondonia-pm-ro\/\" role=\"button\" rel=\"noopener noreferrer\">Conhe\u00e7a mais<\/a>\n        <\/div>\n      <\/div>\n    \n    <\/div>\n\n  <\/div>\n<\/div>\n\n\n\n<div class=\"container\" id=\"boxes\">\n  <div class=\"row\">\n\n    <div class=\"col-sm\">\n      <div class=\"banner-policial\" id=\"box-assinatura\">\n        <h3 class=\"titulo-assinatura\">Concurso Bombeiros RO<\/h3>\n        <p class=\"subtitulo-assinatura\">Conhe\u00e7a os cursos<\/p>\n        <div class=\"box-botao\">\n          <a class=\"btn-assinatura\" target=\"_blank\" href=\"https:\/\/www.estrategiaconcursos.com.br\/cursosPorConcurso\/corpo-de-bombeiros-militar-do-estado-de-rondonia-cbm-ro\/\" role=\"button\" rel=\"noopener noreferrer\">Conhe\u00e7a mais<\/a>\n        <\/div>\n      <\/div>\n    \n    <\/div>\n\n  <\/div>\n<\/div>\n\n\n\n<div class=\"container\" id=\"boxes\">\n  <div class=\"row\">\n\n    <div class=\"col-sm\">\n      <div class=\"estrategia\" id=\"box-assinatura\">\n        <h3 class=\"titulo-assinatura\">Assinatura de Concursos<\/h3>\n        <p class=\"subtitulo-assinatura\">Assinatura de 1 ano ou 2 anos<\/p>\n        <div class=\"box-botao\">\n          <a class=\"btn-assinatura\" target=\"_blank\" href=\"https:\/\/www.estrategiaconcursos.com.br\/assinaturas\/\" role=\"button\" rel=\"noopener noreferrer\">ASSINE AGORA<\/a>\n        <\/div>\n      <\/div>\n     \n    <\/div><\/div><\/div>\n\n\n\n<p><\/p>\n","protected":false},"excerpt":{"rendered":"<p>O secret\u00e1rio de Seguran\u00e7a P\u00fablica de Rond\u00f4nia (RO), Jos\u00e9 Pach\u00e1, afirmou nas redes sociais que a publica\u00e7\u00e3o dos editais dos concursos das pol\u00edcias civil e militar e bombeiros n\u00e3o vai demorar. &#8220;Creio que n\u00e3o vai demorar [a publica\u00e7\u00e3o dos documentos], o da PC est\u00e1 pra sair e depois PM e BM&#8221;, revelou Pach\u00e1. Questionado por [&hellip;]<\/p>\n","protected":false},"author":1483,"featured_media":969837,"comment_status":"open","ping_status":"closed","sticky":false,"template":"","format":"standard","meta":{"post_tipo":"news","footnotes":""},"categories":[1988,220186,220187,220219],"tags":[],"tax_estado":[219984],"class_list":["post-1026535","post","type-post","status-publish","format-standard","has-post-thumbnail","hentry","category-policia","category-policial-oficial","category-policial-pracas","category-noticias","tax_estado-ro"],"acf":[],"yoast_head":"<!-- This site is optimized with the Yoast SEO Premium plugin v27.2 (Yoast SEO v27.2) - https:\/\/yoast.com\/product\/yoast-seo-premium-wordpress\/ -->\n<title>Seguran\u00e7a RO: &quot;N\u00e3o vai demorar&quot;, diz secret\u00e1rio sobre editais<\/title>\n<meta name=\"description\" content=\"O secret\u00e1rio de Seguran\u00e7a de Rond\u00f4nia (RO) afirmou nas redes sociais que a publica\u00e7\u00e3o dos editais dos concursos policiais n\u00e3o vai demorar.\" \/>\n<meta name=\"robots\" content=\"index, follow, max-snippet:-1, max-image-preview:large, max-video-preview:-1\" \/>\n<link rel=\"canonical\" href=\"https:\/\/www.estrategiaconcursos.com.br\/blog\/seguranca-ro-secretario-editais\/\" \/>\n<meta property=\"og:locale\" content=\"pt_BR\" \/>\n<meta property=\"og:type\" content=\"article\" \/>\n<meta property=\"og:title\" content=\"Seguran\u00e7a RO: &quot;N\u00e3o vai demorar&quot;, diz secret\u00e1rio sobre editais\" \/>\n<meta property=\"og:description\" content=\"O secret\u00e1rio de Seguran\u00e7a de Rond\u00f4nia (RO) afirmou nas redes sociais que a publica\u00e7\u00e3o dos editais dos concursos policiais n\u00e3o vai demorar.\" \/>\n<meta property=\"og:url\" content=\"https:\/\/www.estrategiaconcursos.com.br\/blog\/seguranca-ro-secretario-editais\/\" \/>\n<meta property=\"og:site_name\" content=\"Estrat\u00e9gia Concursos\" \/>\n<meta property=\"article:published_time\" content=\"2022-05-11T22:53:05+00:00\" \/>\n<meta property=\"article:modified_time\" content=\"2022-05-11T22:53:07+00:00\" \/>\n<meta property=\"og:image\" content=\"https:\/\/dhg1h5j42swfq.cloudfront.net\/2022\/02\/15173324\/concursos-policiais.jpg\" \/>\n\t<meta property=\"og:image:width\" content=\"768\" \/>\n\t<meta property=\"og:image:height\" content=\"432\" \/>\n\t<meta property=\"og:image:type\" content=\"image\/jpeg\" \/>\n<meta name=\"author\" content=\"Diogo Mendes\" \/>\n<meta name=\"twitter:card\" content=\"summary_large_image\" \/>\n<meta name=\"twitter:creator\" content=\"@EstratConcursos\" \/>\n<meta name=\"twitter:site\" content=\"@EstratConcursos\" \/>\n<meta name=\"twitter:label1\" content=\"Escrito por\" \/>\n\t<meta name=\"twitter:data1\" content=\"Diogo Mendes\" \/>\n\t<meta name=\"twitter:label2\" content=\"Est. tempo de leitura\" \/>\n\t<meta name=\"twitter:data2\" content=\"2 minutos\" \/>\n<script type=\"application\/ld+json\" class=\"yoast-schema-graph\">{\"@context\":\"https:\/\/schema.org\",\"@graph\":[{\"@type\":\"NewsArticle\",\"@id\":\"https:\/\/www.estrategiaconcursos.com.br\/blog\/seguranca-ro-secretario-editais\/#article\",\"isPartOf\":{\"@id\":\"https:\/\/www.estrategiaconcursos.com.br\/blog\/seguranca-ro-secretario-editais\/\"},\"author\":{\"name\":\"Diogo Mendes\",\"@id\":\"https:\/\/www.estrategiaconcursos.com.br\/blog\/#\/schema\/person\/cc9e76173880338ce9f656c88664a1f6\"},\"headline\":\"Seguran\u00e7a RO: &#8220;N\u00e3o vai demorar&#8221;, diz secret\u00e1rio sobre editais\",\"datePublished\":\"2022-05-11T22:53:05+00:00\",\"dateModified\":\"2022-05-11T22:53:07+00:00\",\"mainEntityOfPage\":{\"@id\":\"https:\/\/www.estrategiaconcursos.com.br\/blog\/seguranca-ro-secretario-editais\/\"},\"wordCount\":370,\"commentCount\":0,\"publisher\":{\"@id\":\"https:\/\/www.estrategiaconcursos.com.br\/blog\/#organization\"},\"image\":{\"@id\":\"https:\/\/www.estrategiaconcursos.com.br\/blog\/seguranca-ro-secretario-editais\/#primaryimage\"},\"thumbnailUrl\":\"https:\/\/dhg1h5j42swfq.cloudfront.net\/2022\/02\/15173324\/concursos-policiais.jpg\",\"articleSection\":[\"Policial (Agente, Escriv\u00e3o e Investigador)\",\"Policial (PM\/BM - Oficial)\",\"Policial (PM\/BM - Pra\u00e7as)\",\"\u00daltimas not\u00edcias\"],\"inLanguage\":\"pt-BR\",\"potentialAction\":[{\"@type\":\"CommentAction\",\"name\":\"Comment\",\"target\":[\"https:\/\/www.estrategiaconcursos.com.br\/blog\/seguranca-ro-secretario-editais\/#respond\"]}],\"copyrightYear\":\"2022\",\"copyrightHolder\":{\"@id\":\"https:\/\/www.estrategiaconcursos.com.br\/blog\/#organization\"}},{\"@type\":\"WebPage\",\"@id\":\"https:\/\/www.estrategiaconcursos.com.br\/blog\/seguranca-ro-secretario-editais\/\",\"url\":\"https:\/\/www.estrategiaconcursos.com.br\/blog\/seguranca-ro-secretario-editais\/\",\"name\":\"Seguran\u00e7a RO: \\\"N\u00e3o vai demorar\\\", diz secret\u00e1rio sobre editais\",\"isPartOf\":{\"@id\":\"https:\/\/www.estrategiaconcursos.com.br\/blog\/#website\"},\"primaryImageOfPage\":{\"@id\":\"https:\/\/www.estrategiaconcursos.com.br\/blog\/seguranca-ro-secretario-editais\/#primaryimage\"},\"image\":{\"@id\":\"https:\/\/www.estrategiaconcursos.com.br\/blog\/seguranca-ro-secretario-editais\/#primaryimage\"},\"thumbnailUrl\":\"https:\/\/dhg1h5j42swfq.cloudfront.net\/2022\/02\/15173324\/concursos-policiais.jpg\",\"datePublished\":\"2022-05-11T22:53:05+00:00\",\"dateModified\":\"2022-05-11T22:53:07+00:00\",\"description\":\"O secret\u00e1rio de Seguran\u00e7a de Rond\u00f4nia (RO) afirmou nas redes sociais que a publica\u00e7\u00e3o dos editais dos concursos policiais n\u00e3o vai demorar.\",\"breadcrumb\":{\"@id\":\"https:\/\/www.estrategiaconcursos.com.br\/blog\/seguranca-ro-secretario-editais\/#breadcrumb\"},\"inLanguage\":\"pt-BR\",\"potentialAction\":[{\"@type\":\"ReadAction\",\"target\":[\"https:\/\/www.estrategiaconcursos.com.br\/blog\/seguranca-ro-secretario-editais\/\"]}]},{\"@type\":\"ImageObject\",\"inLanguage\":\"pt-BR\",\"@id\":\"https:\/\/www.estrategiaconcursos.com.br\/blog\/seguranca-ro-secretario-editais\/#primaryimage\",\"url\":\"https:\/\/dhg1h5j42swfq.cloudfront.net\/2022\/02\/15173324\/concursos-policiais.jpg\",\"contentUrl\":\"https:\/\/dhg1h5j42swfq.cloudfront.net\/2022\/02\/15173324\/concursos-policiais.jpg\",\"width\":768,\"height\":432,\"caption\":\"concursos de pol\u00edcia\"},{\"@type\":\"BreadcrumbList\",\"@id\":\"https:\/\/www.estrategiaconcursos.com.br\/blog\/seguranca-ro-secretario-editais\/#breadcrumb\",\"itemListElement\":[{\"@type\":\"ListItem\",\"position\":1,\"name\":\"In\u00edcio\",\"item\":\"https:\/\/www.estrategiaconcursos.com.br\/blog\/\"},{\"@type\":\"ListItem\",\"position\":2,\"name\":\"Seguran\u00e7a RO: &#8220;N\u00e3o vai demorar&#8221;, diz secret\u00e1rio sobre editais\"}]},{\"@type\":\"WebSite\",\"@id\":\"https:\/\/www.estrategiaconcursos.com.br\/blog\/#website\",\"url\":\"https:\/\/www.estrategiaconcursos.com.br\/blog\/\",\"name\":\"Estrat\u00e9gia Concursos\",\"description\":\"O blog da Estrat\u00e9gia Concursos traz not\u00edcias sobre concursos e artigos de professores oferecendo cursos para concursos (pdf + videaulas) no site.\",\"publisher\":{\"@id\":\"https:\/\/www.estrategiaconcursos.com.br\/blog\/#organization\"},\"potentialAction\":[{\"@type\":\"SearchAction\",\"target\":{\"@type\":\"EntryPoint\",\"urlTemplate\":\"https:\/\/www.estrategiaconcursos.com.br\/blog\/?s={search_term_string}\"},\"query-input\":{\"@type\":\"PropertyValueSpecification\",\"valueRequired\":true,\"valueName\":\"search_term_string\"}}],\"inLanguage\":\"pt-BR\"},{\"@type\":\"Organization\",\"@id\":\"https:\/\/www.estrategiaconcursos.com.br\/blog\/#organization\",\"name\":\"Estrat\u00e9gia Concursos\",\"url\":\"https:\/\/www.estrategiaconcursos.com.br\/blog\/\",\"logo\":{\"@type\":\"ImageObject\",\"inLanguage\":\"pt-BR\",\"@id\":\"https:\/\/www.estrategiaconcursos.com.br\/blog\/#\/schema\/logo\/image\/\",\"url\":\"https:\/\/dhg1h5j42swfq.cloudfront.net\/2025\/06\/03203428\/logo_concursos-1.jpg\",\"contentUrl\":\"https:\/\/dhg1h5j42swfq.cloudfront.net\/2025\/06\/03203428\/logo_concursos-1.jpg\",\"width\":230,\"height\":60,\"caption\":\"Estrat\u00e9gia Concursos\"},\"image\":{\"@id\":\"https:\/\/www.estrategiaconcursos.com.br\/blog\/#\/schema\/logo\/image\/\"},\"sameAs\":[\"https:\/\/x.com\/EstratConcursos\"]},{\"@type\":\"Person\",\"@id\":\"https:\/\/www.estrategiaconcursos.com.br\/blog\/#\/schema\/person\/cc9e76173880338ce9f656c88664a1f6\",\"name\":\"Diogo Mendes\",\"image\":{\"@type\":\"ImageObject\",\"inLanguage\":\"pt-BR\",\"@id\":\"https:\/\/secure.gravatar.com\/avatar\/9754d6777d460a45ef4067b586b94c32005cc2345a0404b8d96adc620cf63806?s=96&d=mm&r=g\",\"url\":\"https:\/\/secure.gravatar.com\/avatar\/9754d6777d460a45ef4067b586b94c32005cc2345a0404b8d96adc620cf63806?s=96&d=mm&r=g\",\"contentUrl\":\"https:\/\/secure.gravatar.com\/avatar\/9754d6777d460a45ef4067b586b94c32005cc2345a0404b8d96adc620cf63806?s=96&d=mm&r=g\",\"caption\":\"Diogo Mendes\"},\"description\":\"Diogo Mendes \u00e9 jornalista formado pela Universidade Paulista, com experi\u00eancia em reda\u00e7\u00f5es de diversos ve\u00edculos e na produ\u00e7\u00e3o de conte\u00fados especializados em concursos p\u00fablicos. Desde 2019, atua no Estrat\u00e9gia Concursos como Jornalista e Analista de Conte\u00fado, com foco na apura\u00e7\u00e3o de informa\u00e7\u00f5es junto a \u00f3rg\u00e3os e fontes oficiais. Dedica-se especialmente \u00e0 produ\u00e7\u00e3o de not\u00edcias e reportagens sobre Concursos Legislativos, al\u00e9m de acompanhar diariamente os concursos policiais, banc\u00e1rios e da \u00e1rea da sa\u00fade.\",\"url\":\"https:\/\/www.estrategiaconcursos.com.br\/blog\/author\/diogo-mendesestrategiaconcursos-com-br\/\"}]}<\/script>\n<!-- \/ Yoast SEO Premium plugin. -->","yoast_head_json":{"title":"Seguran\u00e7a RO: \"N\u00e3o vai demorar\", diz secret\u00e1rio sobre editais","description":"O secret\u00e1rio de Seguran\u00e7a de Rond\u00f4nia (RO) afirmou nas redes sociais que a publica\u00e7\u00e3o dos editais dos concursos policiais n\u00e3o vai demorar.","robots":{"index":"index","follow":"follow","max-snippet":"max-snippet:-1","max-image-preview":"max-image-preview:large","max-video-preview":"max-video-preview:-1"},"canonical":"https:\/\/www.estrategiaconcursos.com.br\/blog\/seguranca-ro-secretario-editais\/","og_locale":"pt_BR","og_type":"article","og_title":"Seguran\u00e7a RO: \"N\u00e3o vai demorar\", diz secret\u00e1rio sobre editais","og_description":"O secret\u00e1rio de Seguran\u00e7a de Rond\u00f4nia (RO) afirmou nas redes sociais que a publica\u00e7\u00e3o dos editais dos concursos policiais n\u00e3o vai demorar.","og_url":"https:\/\/www.estrategiaconcursos.com.br\/blog\/seguranca-ro-secretario-editais\/","og_site_name":"Estrat\u00e9gia Concursos","article_published_time":"2022-05-11T22:53:05+00:00","article_modified_time":"2022-05-11T22:53:07+00:00","og_image":[{"width":768,"height":432,"url":"https:\/\/dhg1h5j42swfq.cloudfront.net\/2022\/02\/15173324\/concursos-policiais.jpg","type":"image\/jpeg"}],"author":"Diogo Mendes","twitter_card":"summary_large_image","twitter_creator":"@EstratConcursos","twitter_site":"@EstratConcursos","twitter_misc":{"Escrito por":"Diogo Mendes","Est. tempo de leitura":"2 minutos"},"schema":{"@context":"https:\/\/schema.org","@graph":[{"@type":"NewsArticle","@id":"https:\/\/www.estrategiaconcursos.com.br\/blog\/seguranca-ro-secretario-editais\/#article","isPartOf":{"@id":"https:\/\/www.estrategiaconcursos.com.br\/blog\/seguranca-ro-secretario-editais\/"},"author":{"name":"Diogo Mendes","@id":"https:\/\/www.estrategiaconcursos.com.br\/blog\/#\/schema\/person\/cc9e76173880338ce9f656c88664a1f6"},"headline":"Seguran\u00e7a RO: &#8220;N\u00e3o vai demorar&#8221;, diz secret\u00e1rio sobre editais","datePublished":"2022-05-11T22:53:05+00:00","dateModified":"2022-05-11T22:53:07+00:00","mainEntityOfPage":{"@id":"https:\/\/www.estrategiaconcursos.com.br\/blog\/seguranca-ro-secretario-editais\/"},"wordCount":370,"commentCount":0,"publisher":{"@id":"https:\/\/www.estrategiaconcursos.com.br\/blog\/#organization"},"image":{"@id":"https:\/\/www.estrategiaconcursos.com.br\/blog\/seguranca-ro-secretario-editais\/#primaryimage"},"thumbnailUrl":"https:\/\/dhg1h5j42swfq.cloudfront.net\/2022\/02\/15173324\/concursos-policiais.jpg","articleSection":["Policial (Agente, Escriv\u00e3o e Investigador)","Policial (PM\/BM - Oficial)","Policial (PM\/BM - Pra\u00e7as)","\u00daltimas not\u00edcias"],"inLanguage":"pt-BR","potentialAction":[{"@type":"CommentAction","name":"Comment","target":["https:\/\/www.estrategiaconcursos.com.br\/blog\/seguranca-ro-secretario-editais\/#respond"]}],"copyrightYear":"2022","copyrightHolder":{"@id":"https:\/\/www.estrategiaconcursos.com.br\/blog\/#organization"}},{"@type":"WebPage","@id":"https:\/\/www.estrategiaconcursos.com.br\/blog\/seguranca-ro-secretario-editais\/","url":"https:\/\/www.estrategiaconcursos.com.br\/blog\/seguranca-ro-secretario-editais\/","name":"Seguran\u00e7a RO: \"N\u00e3o vai demorar\", diz secret\u00e1rio sobre editais","isPartOf":{"@id":"https:\/\/www.estrategiaconcursos.com.br\/blog\/#website"},"primaryImageOfPage":{"@id":"https:\/\/www.estrategiaconcursos.com.br\/blog\/seguranca-ro-secretario-editais\/#primaryimage"},"image":{"@id":"https:\/\/www.estrategiaconcursos.com.br\/blog\/seguranca-ro-secretario-editais\/#primaryimage"},"thumbnailUrl":"https:\/\/dhg1h5j42swfq.cloudfront.net\/2022\/02\/15173324\/concursos-policiais.jpg","datePublished":"2022-05-11T22:53:05+00:00","dateModified":"2022-05-11T22:53:07+00:00","description":"O secret\u00e1rio de Seguran\u00e7a de Rond\u00f4nia (RO) afirmou nas redes sociais que a publica\u00e7\u00e3o dos editais dos concursos policiais n\u00e3o vai demorar.","breadcrumb":{"@id":"https:\/\/www.estrategiaconcursos.com.br\/blog\/seguranca-ro-secretario-editais\/#breadcrumb"},"inLanguage":"pt-BR","potentialAction":[{"@type":"ReadAction","target":["https:\/\/www.estrategiaconcursos.com.br\/blog\/seguranca-ro-secretario-editais\/"]}]},{"@type":"ImageObject","inLanguage":"pt-BR","@id":"https:\/\/www.estrategiaconcursos.com.br\/blog\/seguranca-ro-secretario-editais\/#primaryimage","url":"https:\/\/dhg1h5j42swfq.cloudfront.net\/2022\/02\/15173324\/concursos-policiais.jpg","contentUrl":"https:\/\/dhg1h5j42swfq.cloudfront.net\/2022\/02\/15173324\/concursos-policiais.jpg","width":768,"height":432,"caption":"concursos de pol\u00edcia"},{"@type":"BreadcrumbList","@id":"https:\/\/www.estrategiaconcursos.com.br\/blog\/seguranca-ro-secretario-editais\/#breadcrumb","itemListElement":[{"@type":"ListItem","position":1,"name":"In\u00edcio","item":"https:\/\/www.estrategiaconcursos.com.br\/blog\/"},{"@type":"ListItem","position":2,"name":"Seguran\u00e7a RO: &#8220;N\u00e3o vai demorar&#8221;, diz secret\u00e1rio sobre editais"}]},{"@type":"WebSite","@id":"https:\/\/www.estrategiaconcursos.com.br\/blog\/#website","url":"https:\/\/www.estrategiaconcursos.com.br\/blog\/","name":"Estrat\u00e9gia Concursos","description":"O blog da Estrat\u00e9gia Concursos traz not\u00edcias sobre concursos e artigos de professores oferecendo cursos para concursos (pdf + videaulas) no site.","publisher":{"@id":"https:\/\/www.estrategiaconcursos.com.br\/blog\/#organization"},"potentialAction":[{"@type":"SearchAction","target":{"@type":"EntryPoint","urlTemplate":"https:\/\/www.estrategiaconcursos.com.br\/blog\/?s={search_term_string}"},"query-input":{"@type":"PropertyValueSpecification","valueRequired":true,"valueName":"search_term_string"}}],"inLanguage":"pt-BR"},{"@type":"Organization","@id":"https:\/\/www.estrategiaconcursos.com.br\/blog\/#organization","name":"Estrat\u00e9gia Concursos","url":"https:\/\/www.estrategiaconcursos.com.br\/blog\/","logo":{"@type":"ImageObject","inLanguage":"pt-BR","@id":"https:\/\/www.estrategiaconcursos.com.br\/blog\/#\/schema\/logo\/image\/","url":"https:\/\/dhg1h5j42swfq.cloudfront.net\/2025\/06\/03203428\/logo_concursos-1.jpg","contentUrl":"https:\/\/dhg1h5j42swfq.cloudfront.net\/2025\/06\/03203428\/logo_concursos-1.jpg","width":230,"height":60,"caption":"Estrat\u00e9gia Concursos"},"image":{"@id":"https:\/\/www.estrategiaconcursos.com.br\/blog\/#\/schema\/logo\/image\/"},"sameAs":["https:\/\/x.com\/EstratConcursos"]},{"@type":"Person","@id":"https:\/\/www.estrategiaconcursos.com.br\/blog\/#\/schema\/person\/cc9e76173880338ce9f656c88664a1f6","name":"Diogo Mendes","image":{"@type":"ImageObject","inLanguage":"pt-BR","@id":"https:\/\/secure.gravatar.com\/avatar\/9754d6777d460a45ef4067b586b94c32005cc2345a0404b8d96adc620cf63806?s=96&d=mm&r=g","url":"https:\/\/secure.gravatar.com\/avatar\/9754d6777d460a45ef4067b586b94c32005cc2345a0404b8d96adc620cf63806?s=96&d=mm&r=g","contentUrl":"https:\/\/secure.gravatar.com\/avatar\/9754d6777d460a45ef4067b586b94c32005cc2345a0404b8d96adc620cf63806?s=96&d=mm&r=g","caption":"Diogo Mendes"},"description":"Diogo Mendes \u00e9 jornalista formado pela Universidade Paulista, com experi\u00eancia em reda\u00e7\u00f5es de diversos ve\u00edculos e na produ\u00e7\u00e3o de conte\u00fados especializados em concursos p\u00fablicos. Desde 2019, atua no Estrat\u00e9gia Concursos como Jornalista e Analista de Conte\u00fado, com foco na apura\u00e7\u00e3o de informa\u00e7\u00f5es junto a \u00f3rg\u00e3os e fontes oficiais. Dedica-se especialmente \u00e0 produ\u00e7\u00e3o de not\u00edcias e reportagens sobre Concursos Legislativos, al\u00e9m de acompanhar diariamente os concursos policiais, banc\u00e1rios e da \u00e1rea da sa\u00fade.","url":"https:\/\/www.estrategiaconcursos.com.br\/blog\/author\/diogo-mendesestrategiaconcursos-com-br\/"}]}},"_links":{"self":[{"href":"https:\/\/www.estrategiaconcursos.com.br\/blog\/wp-json\/wp\/v2\/posts\/1026535","targetHints":{"allow":["GET"]}}],"collection":[{"href":"https:\/\/www.estrategiaconcursos.com.br\/blog\/wp-json\/wp\/v2\/posts"}],"about":[{"href":"https:\/\/www.estrategiaconcursos.com.br\/blog\/wp-json\/wp\/v2\/types\/post"}],"author":[{"embeddable":true,"href":"https:\/\/www.estrategiaconcursos.com.br\/blog\/wp-json\/wp\/v2\/users\/1483"}],"replies":[{"embeddable":true,"href":"https:\/\/www.estrategiaconcursos.com.br\/blog\/wp-json\/wp\/v2\/comments?post=1026535"}],"version-history":[{"count":3,"href":"https:\/\/www.estrategiaconcursos.com.br\/blog\/wp-json\/wp\/v2\/posts\/1026535\/revisions"}],"predecessor-version":[{"id":1026546,"href":"https:\/\/www.estrategiaconcursos.com.br\/blog\/wp-json\/wp\/v2\/posts\/1026535\/revisions\/1026546"}],"wp:featuredmedia":[{"embeddable":true,"href":"https:\/\/www.estrategiaconcursos.com.br\/blog\/wp-json\/wp\/v2\/media\/969837"}],"wp:attachment":[{"href":"https:\/\/www.estrategiaconcursos.com.br\/blog\/wp-json\/wp\/v2\/media?parent=1026535"}],"wp:term":[{"taxonomy":"category","embeddable":true,"href":"https:\/\/www.estrategiaconcursos.com.br\/blog\/wp-json\/wp\/v2\/categories?post=1026535"},{"taxonomy":"post_tag","embeddable":true,"href":"https:\/\/www.estrategiaconcursos.com.br\/blog\/wp-json\/wp\/v2\/tags?post=1026535"},{"taxonomy":"tax_estado","embeddable":true,"href":"https:\/\/www.estrategiaconcursos.com.br\/blog\/wp-json\/wp\/v2\/tax_estado?post=1026535"}],"curies":[{"name":"wp","href":"https:\/\/api.w.org\/{rel}","templated":true}]}}