{"id":1026400,"date":"2022-06-11T12:23:00","date_gmt":"2022-06-11T15:23:00","guid":{"rendered":"https:\/\/www.estrategiaconcursos.com.br\/blog\/?p=1026400"},"modified":"2022-08-22T15:29:48","modified_gmt":"2022-08-22T18:29:48","slug":"adpf","status":"publish","type":"post","link":"https:\/\/www.estrategiaconcursos.com.br\/blog\/adpf\/","title":{"rendered":"O que \u00e9 ADPF (Argui\u00e7\u00e3o de Descumprimento de Preceito Fundamental)?"},"content":{"rendered":"\n<p class=\"has-medium-font-size\">Confira neste artigo o que \u00e9 a <strong><mark style=\"background-color:rgba(0, 0, 0, 0)\" class=\"has-inline-color has-vivid-cyan-blue-color\">ADPF (Argui\u00e7\u00e3o de Descumprimento de Preceito Fundamental)<\/mark><\/strong>. Vamos aprender sobre o seu <strong>conceito<\/strong>, <strong>finalidade<\/strong>, <strong>legitimados<\/strong> e <strong>julgamento<\/strong>.<\/p>\n\n\n\n<p>Preparados? Ent\u00e3o, vamos l\u00e1!<\/p>\n\n\n\n<figure class=\"wp-block-image aligncenter size-full is-resized\"><img loading=\"lazy\" decoding=\"async\" src=\"https:\/\/dhg1h5j42swfq.cloudfront.net\/2022\/05\/11165829\/image-148.png\" alt=\"O que \u00e9 a ADPF (Argui\u00e7\u00e3o de Descumprimento de Preceito Fundamental)?\" class=\"wp-image-1026405\" width=\"396\" height=\"266\" srcset=\"https:\/\/dhg1h5j42swfq.cloudfront.net\/2022\/05\/11165829\/image-148.png 314w, https:\/\/dhg1h5j42swfq.cloudfront.net\/2022\/05\/11165829\/image-148-300x202.png 300w\" sizes=\"auto, (max-width: 396px) 100vw, 396px\" \/><figcaption>O que \u00e9 a ADPF (Argui\u00e7\u00e3o de Descumprimento de Preceito Fundamental)?<\/figcaption><\/figure>\n\n\n\n<h2 class=\"wp-block-heading\" id=\"h-o-que-e-a-adpf-arguicao-de-descumprimento-de-preceito-fundamental\"><mark style=\"background-color:rgba(0, 0, 0, 0)\" class=\"has-inline-color has-vivid-cyan-blue-color\">O que \u00e9 a ADPF (Argui\u00e7\u00e3o de Descumprimento de Preceito Fundamental)?<\/mark><\/h2>\n\n\n\n<p>A <strong><mark style=\"background-color:rgba(0, 0, 0, 0)\" class=\"has-inline-color has-vivid-cyan-blue-color\">ADPF<\/mark><\/strong><mark style=\"background-color:rgba(0, 0, 0, 0)\" class=\"has-inline-color has-black-color\"><strong> <\/strong>(Argui\u00e7\u00e3o de Descumprimento de Preceito Fundamental),<\/mark> <strong>inova\u00e7\u00e3o <\/strong>da <strong>Constitui\u00e7\u00e3o Federal de 1988<\/strong>, \u00e9 um instrumento de <strong><a href=\"https:\/\/www.estrategiaconcursos.com.br\/blog\/resumo-controle-constitucionalidade\/\" target=\"_blank\" rel=\"noreferrer noopener\">controle concentrado de constitucionalidade<\/a><\/strong>, o qual \u00e9 utilizado para <strong>evitar <\/strong>ou<strong> reparar les\u00e3o<\/strong> a <strong><mark style=\"background-color:rgba(0, 0, 0, 0)\" class=\"has-inline-color has-vivid-cyan-blue-color\">preceito fundamental<\/mark><\/strong> resultante de <strong>ato<\/strong> <strong>do<\/strong> <strong>poder p\u00fablico.<\/strong><\/p>\n\n\n\n<p>Mas voc\u00ea deve estar se perguntando:<mark style=\"background-color:rgba(0, 0, 0, 0)\" class=\"has-inline-color has-vivid-cyan-blue-color\"> <strong>O que \u00e9 preceito fundamental?<\/strong><\/mark><\/p>\n\n\n\n<p>Bom, <strong>preceitos fundamentais<\/strong>&nbsp;s\u00e3o os princ\u00edpios e normas consideradas&nbsp;<strong>essenciais&nbsp;<\/strong>ao ordenamento jur\u00eddico, sejam elas impl\u00edcitas ou expl\u00edcitas na Constitui\u00e7\u00e3o Federal.<\/p>\n\n\n\n<p>Desse modo, n\u00e3o s\u00e3o todos os preceitos constitucionais que podem ser objeto de uma ADPF, mas apenas aqueles considerados <strong>fundamentais<\/strong>, como o direito \u00e0 vida, \u00e0 sa\u00fade, ao meio ambiente, os direitos e garantias individuais, entre outros.<\/p>\n\n\n\n<h2 class=\"wp-block-heading\" id=\"h-quem-pode-entrar-com-adpf-arguicao-de-descumprimento-de-preceito-fundamental\"><mark style=\"background-color:rgba(0, 0, 0, 0)\" class=\"has-inline-color has-vivid-cyan-blue-color\">Quem pode entrar com ADPF (Argui\u00e7\u00e3o de Descumprimento de Preceito Fundamental)?<\/mark><\/h2>\n\n\n\n<p>A lei que disp\u00f5e sobre a ADPF, a <strong>Lei 9.882\/99<\/strong>, traz que os legitimados para propor a argui\u00e7\u00e3o de descumprimento de preceito fundamental s\u00e3o aqueles que podem propor a <strong><a href=\"https:\/\/www.estrategiaconcursos.com.br\/blog\/adi-acao-direta-inconstitucionalidade\" target=\"_blank\" rel=\"noreferrer noopener\">a\u00e7\u00e3o direta de inconstitucionalidade<\/a><\/strong> (ADI), e que est\u00e3o presentes na Constitui\u00e7\u00e3o Federal Brasileira.<\/p>\n\n\n\n<p>Vale salientar que foi <strong>vetado <\/strong>pelo Presidente da Rep\u00fablica, na \u00e9poca da cria\u00e7\u00e3o da lei, o dispositivo que permitia que <strong>qualquer pessoa lesada ou amea\u00e7ada<\/strong> por ato do Poder P\u00fablico pudesse ingressar com a ADPF, perante o STF.<\/p>\n\n\n\n<p>Nesse sentido, <strong><mark style=\"background-color:rgba(0, 0, 0, 0)\" class=\"has-inline-color has-vivid-cyan-blue-color\">podem propor a ADPF<\/mark><mark style=\"background-color:rgba(0, 0, 0, 0)\" class=\"has-inline-color has-vivid-red-color\">:<\/mark><\/strong><\/p>\n\n\n\n<ul class=\"wp-block-list\"><li>o&nbsp;<strong>Presidente&nbsp;<\/strong>da Rep\u00fablica;<\/li><li>a&nbsp;<strong>Mesa&nbsp;<\/strong>do&nbsp;<strong>Senado<\/strong>&nbsp;Federal;<\/li><li>a&nbsp;<strong>Mesa&nbsp;<\/strong>da&nbsp;<strong>C\u00e2mara dos Deputados<\/strong>;<\/li><li>a&nbsp;<strong>Mesa<\/strong>&nbsp;de&nbsp;<strong>Assembleia Legislativa&nbsp;<\/strong>ou da&nbsp;<strong>C\u00e2mara Legislativa<\/strong>&nbsp;do Distrito Federal;&nbsp;&nbsp;&nbsp;&nbsp;&nbsp;&nbsp;&nbsp;&nbsp;<\/li><li>o&nbsp;<strong>Governador<\/strong>&nbsp;de Estado ou do Distrito Federal;<\/li><li>o&nbsp;<strong>Procurador-Geral da Rep\u00fablica<\/strong>;<\/li><li>o&nbsp;<strong>Conselho Federal&nbsp;<\/strong>da Ordem dos Advogados do Brasil (<strong>OAB<\/strong>);<\/li><li>o&nbsp;<strong>partido pol\u00edtico<\/strong>&nbsp;com <strong>representa\u00e7\u00e3o<\/strong> no Congresso Nacional;<\/li><li>a&nbsp;<strong>confedera\u00e7\u00e3o sindical<\/strong>&nbsp;ou&nbsp;<strong>entidade de classe&nbsp;<\/strong>de \u00e2mbito <strong>nacional<\/strong>.<\/li><\/ul>\n\n\n\n<p>Perceba que s\u00e3o <strong><mark style=\"background-color:rgba(0, 0, 0, 0)\" class=\"has-inline-color has-vivid-cyan-blue-color\">3 mesas<\/mark><\/strong> (Senado, C\u00e2mara e Assembleia); <strong><mark style=\"background-color:rgba(0, 0, 0, 0)\" class=\"has-inline-color has-vivid-cyan-blue-color\">3 pessoas<\/mark><\/strong> (Presidente, Governador e PGR) e<strong> <mark style=\"background-color:rgba(0, 0, 0, 0)\" class=\"has-inline-color has-vivid-cyan-blue-color\">3 \u00f3rg\u00e3os <\/mark><\/strong>(partido pol\u00edtico, confedera\u00e7\u00e3o sindical ou entidade de classe e conselho federal da OAB).<\/p>\n\n\n\n<h2 class=\"wp-block-heading\" id=\"h-quando-cabe-a-adpf-arguicao-de-descumprimento-de-preceito-fundamental\"><mark style=\"background-color:rgba(0, 0, 0, 0)\" class=\"has-inline-color has-vivid-cyan-blue-color\">Quando cabe a ADPF (Argui\u00e7\u00e3o de Descumprimento de Preceito Fundamental)?<\/mark><\/h2>\n\n\n\n<p>Al\u00e9m de a ADPF ser utilizada em casos de <strong>descumprimento <\/strong>de <strong>preceito fundamental<\/strong>, \u00e9 importante que voc\u00ea saiba que ela \u00e9 tamb\u00e9m considerada um instrumento de a\u00e7\u00e3o <strong><mark style=\"background-color:rgba(0, 0, 0, 0)\" class=\"has-inline-color has-vivid-cyan-blue-color\">subsidi\u00e1rio, residual<\/mark><\/strong>, visto que, em regra, quando <strong>n\u00e3o couber a <a href=\"https:\/\/www.estrategiaconcursos.com.br\/blog\/adi-acao-direta-inconstitucionalidade\" target=\"_blank\" rel=\"noreferrer noopener\">ADI<\/a><\/strong>,<strong> <a href=\"https:\/\/www.estrategiaconcursos.com.br\/blog\/adc-acao-declaratoria-constitucionalidade\" target=\"_blank\" rel=\"noreferrer noopener\">ADC<\/a><\/strong>, ou qualquer outro mecanismo de controle concentrado, poder\u00e1 ser utilizada a <strong>ADPF<\/strong>.<\/p>\n\n\n\n<p>Dessa maneira, tamb\u00e9m <strong><mark style=\"background-color:rgba(0, 0, 0, 0)\" class=\"has-inline-color has-vivid-cyan-blue-color\">cabe ADPF em face de<\/mark><\/strong>:<\/p>\n\n\n\n<ul class=\"wp-block-list\"><li>atos <strong>administrativos<\/strong>;<\/li><li>atos normativos <strong>municipais<\/strong>;<\/li><li>atos normativos <strong>distritais<\/strong>, exercidos no \u00e2mbito da compet\u00eancia <strong>municipal<\/strong>;<\/li><li>atos normativos <strong>pr\u00e9-constitucionais<\/strong> (editados antes da Constitui\u00e7\u00e3o de 1988);<\/li><li>atos p\u00f3s-constitucionais j\u00e1 <strong>revogados<\/strong> ou de <strong>efeitos exauridos<\/strong>;<\/li><li><strong>decis\u00f5es judiciais<\/strong>, salvo se elas tiverem transitado em julgado.<\/li><\/ul>\n\n\n\n<p>Desse modo, por exemplo, qual \u00e9 a via judicial apropriada para <strong>questionar <\/strong>o crime de <strong>aborto <\/strong>presente no <strong>C\u00f3digo Penal (CP)<\/strong>?<\/p>\n\n\n\n<p>Ora, sabe-se que o CP foi editado no ano de <strong>1940<\/strong>. Dessa maneira, como ele \u00e9 uma norma que foi criada antes da promulga\u00e7\u00e3o da Constitui\u00e7\u00e3o Federal de 1988, caber\u00e1 a argui\u00e7\u00e3o de descumprimento de preceito fundamental.<\/p>\n\n\n\n<p>E foi exatamente isto que aconteceu, j\u00e1 que o PSOL, <strong>partido pol\u00edtico<\/strong>, ingressou com a<strong> ADPF 442<\/strong>, que pleiteia a declara\u00e7\u00e3o de <strong>n\u00e3o recep\u00e7\u00e3o<\/strong> parcial dos artigos 124 e 126 do C\u00f3digo Penal, de modo a <strong>descriminalizar <\/strong>o aborto realizado no primeiro trimestre da gesta\u00e7\u00e3o.<\/p>\n\n\n\n<h2 class=\"wp-block-heading\" id=\"h-quando-nao-cabe-a-adpf-arguicao-de-descumprimento-de-preceito-fundamental\"><mark style=\"background-color:rgba(0, 0, 0, 0)\" class=\"has-inline-color has-vivid-cyan-blue-color\">Quando n\u00e3o cabe a ADPF (Argui\u00e7\u00e3o de Descumprimento de Preceito Fundamental)?<\/mark><\/h2>\n\n\n\n<p>Apesar de a ADPF ser um instrumento <strong>residual<\/strong>, h\u00e1 situa\u00e7\u00f5es em que nem mesmo ela poder\u00e1 ser utilizada, j\u00e1 que em algumas delas n\u00e3o cabe nenhum tipo de controle concentrado de constitucionalidade.<\/p>\n\n\n\n<p>Dessa maneira, a argui\u00e7\u00e3o de descumprimento de preceito fundamental <strong>(ADPF)<\/strong> <strong><mark style=\"background-color:rgba(0, 0, 0, 0)\" class=\"has-inline-color has-vivid-cyan-blue-color\">n\u00e3o pode ser ajuizada<\/mark><\/strong>:<\/p>\n\n\n\n<ul class=\"wp-block-list\"><li>contra <strong>vetos presidenciais<\/strong>;<\/li><li>contra <strong>decis\u00f5es judiciais transitadas em julgado<\/strong>;<\/li><li>em substitui\u00e7\u00e3o aos <strong>embargos em execu\u00e7\u00e3o<\/strong>;<\/li><li>para questionar norma anterior a 05\/10\/1988 frente a <strong>Constitui\u00e7\u00e3o da \u00e9poca<\/strong> (cabe apenas em face da Constitui\u00e7\u00e3o atual);<\/li><li>contra <strong>normas constitucionais origin\u00e1rias<\/strong>; e<\/li><li>contra <strong>s\u00famulas vinculantes<\/strong>.<\/li><\/ul>\n\n\n\n<div class=\"container\" id=\"boxes\">\n  <div class=\"row\">\n\n    <div class=\"col-sm\">\n      <div class=\"banner-adm\" id=\"box-assinatura\">\n        <h3 class=\"titulo-assinatura\">Concursos abertos<\/h3>\n        <p class=\"subtitulo-assinatura\">Estude conosco<\/p>\n        <div class=\"box-botao\">\n          <a class=\"btn-assinatura\" target=\"_blank\" href=\"https:\/\/www.estrategiaconcursos.com.br\/cursos\/\" role=\"button\" rel=\"noopener noreferrer\">Conhe\u00e7a os cursos<\/a>\n        <\/div>\n      <\/div>\n      \n    <\/div>\n\n  <\/div>\n<\/div>\n\n\n\n<h2 class=\"wp-block-heading\" id=\"h-processo-e-julgamento-adpf-arguicao-de-descumprimento-de-preceito-fundamental\"><mark style=\"background-color:rgba(0, 0, 0, 0)\" class=\"has-inline-color has-vivid-cyan-blue-color\">Processo e Julgamento ADPF (Argui\u00e7\u00e3o de Descumprimento de Preceito Fundamental)<\/mark><\/h2>\n\n\n\n<p>A Constitui\u00e7\u00e3o Federal trouxe, de maneira expressa, que a ADPF ser\u00e1 <strong>apreciada <\/strong>pelo <strong><mark style=\"background-color:rgba(0, 0, 0, 0)\" class=\"has-inline-color has-vivid-cyan-blue-color\">Supremo Tribunal Federal,<\/mark><\/strong> como pode ser visto abaixo:<\/p>\n\n\n\n<blockquote class=\"wp-block-quote is-layout-flow wp-block-quote-is-layout-flow\"><p><em>\u201cArt. 102 \u00a7 1\u00ba A argui\u00e7\u00e3o de descumprimento de preceito fundamental, decorrente desta Constitui\u00e7\u00e3o, ser\u00e1 apreciada pelo Supremo Tribunal Federal, na forma da lei.&nbsp;\u201c<\/em><\/p><\/blockquote>\n\n\n\n<p>Os <strong>legitimados <\/strong>para propor a ADPF, os quais tamb\u00e9m est\u00e3o presentes na lei e na CF\/88, dever\u00e3o incluir em sua <strong><mark style=\"background-color:rgba(0, 0, 0, 0)\" class=\"has-inline-color has-vivid-cyan-blue-color\">peti\u00e7\u00e3o inicial<\/mark><\/strong>:<\/p>\n\n\n\n<ul class=\"wp-block-list\"><li>a indica\u00e7\u00e3o do<strong> preceito fundamental <\/strong>que se considera violado;<\/li><li>a indica\u00e7\u00e3o do <strong>ato questionado<\/strong>;<\/li><li>a <strong>prova <\/strong>da viola\u00e7\u00e3o do preceito fundamental;<\/li><li>o <strong>pedido<\/strong>, com suas especifica\u00e7\u00f5es;<\/li><li>se for o caso, a comprova\u00e7\u00e3o da exist\u00eancia de <strong>controv\u00e9rsia judicial<\/strong> relevante sobre a aplica\u00e7\u00e3o do preceito fundamental que se considera violado.<\/li><\/ul>\n\n\n\n<p><strong><mark style=\"background-color:rgba(0, 0, 0, 0)\" class=\"has-inline-color has-vivid-red-color\">A SABER:&nbsp;<\/mark><\/strong>A peti\u00e7\u00e3o inicial poder\u00e1 ser subscrita por&nbsp;<strong>advogado&nbsp;<\/strong>do legitimado, quando acompanhado de&nbsp;<strong>procura\u00e7\u00e3o<\/strong>.<\/p>\n\n\n\n<p>Vale salientar que a peti\u00e7\u00e3o inicial ser\u00e1 <strong>indeferida liminarmente<\/strong>, pelo relator, quando n\u00e3o for o caso de argui\u00e7\u00e3o de descumprimento de preceito fundamental, faltar algum dos requisitos prescritos nesta Lei ou for inepta. Contudo, da decis\u00e3o de indeferimento da peti\u00e7\u00e3o inicial caber\u00e1 <strong>agravo<\/strong>, no prazo de<strong> 5 dias<\/strong>.<\/p>\n\n\n\n<h3 class=\"wp-block-heading\" id=\"h-medida-liminar-em-adpf\"><mark style=\"background-color:rgba(0, 0, 0, 0)\" class=\"has-inline-color has-vivid-purple-color\">Medida Liminar em ADPF<\/mark><\/h3>\n\n\n\n<p>O Supremo Tribunal Federal, por decis\u00e3o da <strong><mark style=\"background-color:rgba(0, 0, 0, 0)\" class=\"has-inline-color has-vivid-cyan-blue-color\">maioria absoluta<\/mark><\/strong> de seus membros, poder\u00e1 deferir pedido de <strong><mark style=\"background-color:rgba(0, 0, 0, 0)\" class=\"has-inline-color has-vivid-cyan-blue-color\">medida liminar<\/mark><\/strong> na argui\u00e7\u00e3o de descumprimento de preceito fundamental.<\/p>\n\n\n\n<p>A liminar poder\u00e1 ser concedida em caso de <strong>extrema urg\u00eancia<\/strong> ou<strong> perigo de les\u00e3o grave<\/strong>, ou ainda, em per\u00edodo de <strong>recesso<\/strong>, a ser posteriormente <strong>referendada<\/strong> pelo Tribunal Pleno.<\/p>\n\n\n\n<p>O relator poder\u00e1 ouvir os \u00f3rg\u00e3os ou autoridades respons\u00e1veis pelo ato questionado, bem como o Advogado-Geral da Uni\u00e3o ou o Procurador-Geral da Rep\u00fablica, no prazo comum de 5 dias.<\/p>\n\n\n\n<p><strong><mark style=\"background-color:rgba(0, 0, 0, 0)\" class=\"has-inline-color has-vivid-cyan-blue-color\">Quais os efeitos dessa liminar?<\/mark><\/strong><\/p>\n\n\n\n<p>Bom, a liminar poder\u00e1 consistir na determina\u00e7\u00e3o de que ju\u00edzes e tribunais <strong>suspendam o andamento de processos <\/strong>ou os <strong>efeitos de decis\u00f5es judiciais<\/strong>, ou de qualquer outra medida que apresente <strong>rela\u00e7\u00e3o<\/strong> com a mat\u00e9ria <strong>objeto <\/strong>da argui\u00e7\u00e3o de descumprimento de preceito fundamental, <strong>salvo <\/strong>se decorrentes da <strong>coisa julgada.<\/strong><\/p>\n\n\n\n<h3 class=\"wp-block-heading\" id=\"h-julgamento-da-adpf\"><mark style=\"background-color:rgba(0, 0, 0, 0)\" class=\"has-inline-color has-vivid-purple-color\">Julgamento da ADPF<\/mark><\/h3>\n\n\n\n<p>Ap\u00f3s a aprecia\u00e7\u00e3o do pedido de liminar, o relator solicitar\u00e1 as <strong>informa\u00e7\u00f5es <\/strong>\u00e0s autoridades respons\u00e1veis pela pr\u00e1tica do ato questionado, no prazo de <strong>10 dias<\/strong>.<\/p>\n\n\n\n<p>Caso entenda ser necess\u00e1rio, o relator da ADPF poder\u00e1 <strong>ouvir as partes<\/strong> nos processos que ensejaram a argui\u00e7\u00e3o, requisitar <strong>informa\u00e7\u00f5es adicionais<\/strong>, designar perito ou comiss\u00e3o de peritos para que emita parecer sobre a quest\u00e3o, ou ainda, fixar data para declara\u00e7\u00f5es, em audi\u00eancia p\u00fablica, de pessoas com experi\u00eancia e autoridade na mat\u00e9ria.<\/p>\n\n\n\n<p>Ap\u00f3s decorrido o prazo das informa\u00e7\u00f5es ser\u00e1 pedido o dia para <strong>julgamento <\/strong>definitivo da ADPF.<\/p>\n\n\n\n<p>Para que seja julgada a ADPF, \u00e9 necess\u00e1rio que haja pelo menos <strong><mark style=\"background-color:rgba(0, 0, 0, 0)\" class=\"has-inline-color has-vivid-cyan-blue-color\">2\/3 dos Ministros<\/mark><\/strong> do STF <strong>presentes <\/strong>na sess\u00e3o. Ademais, \u00e9 necess\u00e1rio o voto da <strong><mark style=\"background-color:rgba(0, 0, 0, 0)\" class=\"has-inline-color has-vivid-cyan-blue-color\">maioria absoluta<\/mark><\/strong> do plen\u00e1rio da Suprema Corte para que seja <strong>deferida <\/strong>a ADPF.<\/p>\n\n\n\n<p>Ap\u00f3s a a\u00e7\u00e3o ser julgada, ser\u00e1 realizada a <strong>comunica\u00e7\u00e3o<\/strong> \u00e0s autoridades ou \u00f3rg\u00e3os respons\u00e1veis pela pr\u00e1tica dos atos questionados, fixando-se as condi\u00e7\u00f5es e o modo de interpreta\u00e7\u00e3o e aplica\u00e7\u00e3o do preceito fundamental.<\/p>\n\n\n\n<p>Ao contr\u00e1rio da <a href=\"https:\/\/www.estrategiaconcursos.com.br\/blog\/adi-acao-direta-inconstitucionalidade\" target=\"_blank\" rel=\"noreferrer noopener\">ADI<\/a> e <a href=\"https:\/\/www.estrategiaconcursos.com.br\/blog\/adc-acao-declaratoria-constitucionalidade\" target=\"_blank\" rel=\"noreferrer noopener\">ADC<\/a>, a decis\u00e3o da ADPF poder\u00e1 ser cumprida <strong><mark style=\"background-color:rgba(0, 0, 0, 0)\" class=\"has-inline-color has-vivid-cyan-blue-color\">imediatamente<\/mark><\/strong>, por determina\u00e7\u00e3o do presidente do Tribunal, sendo o <strong>ac\u00f3rd\u00e3o<\/strong> lavrado e publicado <strong>posteriormente<\/strong>.<\/p>\n\n\n\n<p>Em at\u00e9<strong> 10 dias<\/strong> do tr\u00e2nsito em julgado da decis\u00e3o sobre o ADPF, sua parte dispositiva ser\u00e1 <strong>publicada <\/strong>no Di\u00e1rio da Justi\u00e7a e no Di\u00e1rio Oficial da Uni\u00e3o.<\/p>\n\n\n\n<h3 class=\"wp-block-heading\" id=\"h-efeitos-da-decisao-em-adpf\"><mark style=\"background-color:rgba(0, 0, 0, 0)\" class=\"has-inline-color has-vivid-purple-color\">Efeitos da decis\u00e3o em ADPF<\/mark><\/h3>\n\n\n\n<p>A decis\u00e3o em ADPF proferida pelo STF ter\u00e1 efic\u00e1cia <strong><mark style=\"background-color:rgba(0, 0, 0, 0)\" class=\"has-inline-color has-vivid-cyan-blue-color\">\u201cerga omnes\u201d<\/mark><\/strong>, ou seja, ter\u00e1 efic\u00e1cia<strong> contra todos<\/strong>, e n\u00e3o apenas contra aqueles que s\u00e3o partes no processo.<\/p>\n\n\n\n<p>Al\u00e9m disso, ela ter\u00e1 efeito <strong><mark style=\"background-color:rgba(0, 0, 0, 0)\" class=\"has-inline-color has-vivid-cyan-blue-color\">vinculante<\/mark><\/strong>, <strong>obrigando<\/strong> a todos os demais \u00f3rg\u00e3os do <strong>Poder P\u00fablico<\/strong>, com <strong>exce\u00e7\u00e3o <\/strong>do <strong>Poder Legislativo <\/strong>e do pr\u00f3prio <strong>STF<\/strong>.<\/p>\n\n\n\n<p>Al\u00e9m disso, o STF poder\u00e1 realizar a&nbsp;<strong><mark style=\"background-color:rgba(0, 0, 0, 0)\" class=\"has-inline-color has-vivid-cyan-blue-color\">modula\u00e7\u00e3o tempor\u00e1ria de efeitos<\/mark><\/strong>, por meio do voto de&nbsp;<strong>2\/3 dos seus ministros<\/strong>, de modo a permitir que a decis\u00e3o apenas tenha efic\u00e1cia a partir de seu tr\u00e2nsito em julgado ou de outro momento que venha a ser fixado, tendo em vista raz\u00f5es de seguran\u00e7a jur\u00eddica ou de excepcional interesse social.<\/p>\n\n\n\n<p>Assim como a <a href=\"https:\/\/www.estrategiaconcursos.com.br\/blog\/adi-acao-direta-inconstitucionalidade\" target=\"_blank\" rel=\"noreferrer noopener\">ADI<\/a> e a <a href=\"https:\/\/www.estrategiaconcursos.com.br\/blog\/adc-acao-declaratoria-constitucionalidade\" target=\"_blank\" rel=\"noreferrer noopener\">ADC<\/a>, a decis\u00e3o que julgar procedente ou improcedente o pedido em argui\u00e7\u00e3o de descumprimento de preceito fundamental \u00e9 <strong><mark style=\"background-color:rgba(0, 0, 0, 0)\" class=\"has-inline-color has-vivid-cyan-blue-color\">irrecorr\u00edvel<\/mark><\/strong>, n\u00e3o podendo ser objeto de a\u00e7\u00e3o rescis\u00f3ria.<\/p>\n\n\n\n<p>Contudo, caber\u00e1 <strong>reclama\u00e7\u00e3o <\/strong>contra o descumprimento da decis\u00e3o proferida pelo Supremo Tribunal Federal, na forma do seu Regimento Interno.<\/p>\n\n\n\n<h2 class=\"wp-block-heading\" id=\"h-finalizando\"><mark style=\"background-color:rgba(0, 0, 0, 0)\" class=\"has-inline-color has-vivid-cyan-blue-color\">Finalizando<\/mark><\/h2>\n\n\n\n<p>Pessoal, chegamos ao fim do nosso artigo. Esperamos que tenham gostado.<\/p>\n\n\n\n<p>Procuramos explicar, de maneira simples e did\u00e1tica, o que \u00e9 a ADPF (Argui\u00e7\u00e3o de Descumprimento de Preceito Fundamental). Definimos o seu conceito, bem como as suas finalidades e aplica\u00e7\u00f5es.<\/p>\n\n\n\n<p>Este t\u00f3pico \u00e9 bastante comum em concursos p\u00fablicos. Caso queira se preparar para chegar&nbsp;<strong>competitivo&nbsp;<\/strong>em qualquer prova, invista nos&nbsp;<a href=\"https:\/\/www.estrategiaconcursos.com.br\/cursos\/concurso\/\" target=\"_blank\" rel=\"noreferrer noopener\"><strong>cursos do&nbsp;Estrat\u00e9gia Concursos<\/strong><\/a>.&nbsp;<\/p>\n\n\n\n<p>L\u00e1 voc\u00ea encontrar\u00e1&nbsp;<strong>aulas completas e detalhadas, com os melhores professores do mercado<\/strong>.<\/p>\n\n\n\n<p>Conhe\u00e7a tamb\u00e9m o&nbsp;<a href=\"https:\/\/questoes.estrategiaconcursos.com.br\/\" target=\"_blank\" rel=\"noreferrer noopener\">Sistema de Quest\u00f5es do Estrat\u00e9gia<\/a>. Afinal, a \u00fanica maneira de&nbsp;<strong>consolidar o conte\u00fado&nbsp;<\/strong>de maneira satisfat\u00f3ria \u00e9 atrav\u00e9s da&nbsp;<strong>resolu\u00e7\u00e3o de quest\u00f5es.<\/strong><\/p>\n\n\n\n<p>Bons estudos a todos e at\u00e9 a pr\u00f3xima!<\/p>\n\n\n\n<h2 class=\"has-text-align-center wp-block-heading\" id=\"h-cursos-e-assinaturas\">Cursos e Assinaturas <\/h2>\n\n\n\n<p>Prepare-se com o melhor material e com quem mais aprova em Concursos P\u00fablicos em todo o pa\u00eds!<\/p>\n\n\n\n<p class=\"has-text-align-center has-vivid-cyan-blue-color has-text-color has-background\" style=\"background-color:#0078bd\"><a href=\"https:\/\/www.estrategiaconcursos.com.br\/blog\/concursos-abertos\/\" target=\"_blank\" rel=\"noreferrer noopener\"><strong><span class=\"has-inline-color has-white-color\">Concursos abertos<\/span><\/strong><\/a><\/p>\n\n\n\n<p class=\"has-text-align-center has-vivid-cyan-blue-color has-text-color has-background\" style=\"background-color:#0072b4\"><strong><a href=\"https:\/\/www.estrategiaconcursos.com.br\/blog\/concursos-2022\/\" target=\"_blank\" rel=\"noreferrer noopener\"><span class=\"has-inline-color has-white-color\">Concursos 2022<\/span><\/a><\/strong><\/p>\n\n\n\n<div class=\"container\" id=\"boxes\">\n  <div class=\"row\">\n    <div class=\"col-sm\">\n      <div class=\"estrategia\" id=\"box-assinatura\">\n        <h3 class=\"titulo-assinatura\">Assinatura de Concursos<\/h3>\n        <p class=\"subtitulo-assinatura\">Assinatura de 1 ano ou 2 anos<\/p>\n        <div class=\"box-botao\">\n          <a class=\"btn-assinatura\" target=\"_blank\" href=\"https:\/\/www.estrategiaconcursos.com.br\/assinaturas\/\" role=\"button\" rel=\"noopener noreferrer\">ASSINE AGORA<\/a>\n        <\/div>\n      <\/div>\n      \n    <\/div><\/div><\/div>\n","protected":false},"excerpt":{"rendered":"<p>Confira neste artigo o que \u00e9 a ADPF (Argui\u00e7\u00e3o de Descumprimento de Preceito Fundamental). Vamos aprender sobre o seu conceito, finalidade, legitimados e julgamento. Preparados? Ent\u00e3o, vamos l\u00e1! O que \u00e9 a ADPF (Argui\u00e7\u00e3o de Descumprimento de Preceito Fundamental)? A ADPF (Argui\u00e7\u00e3o de Descumprimento de Preceito Fundamental), inova\u00e7\u00e3o da Constitui\u00e7\u00e3o Federal de 1988, \u00e9 um [&hellip;]<\/p>\n","protected":false},"author":1976,"featured_media":1026405,"comment_status":"open","ping_status":"closed","sticky":false,"template":"","format":"standard","meta":{"post_tipo":"article","footnotes":""},"categories":[220215,220216,220192,2313,220015,1,220180,164300,3766,220184,220242,214992,220181,1983,220182,220183,6741,220185,2185,220016,220193,220194,220195,220196,220197,2017,220188,1988,220189,220190,220186,220187,220191,1981,1984,220737,214710,220219],"tags":[],"tax_estado":[219964,219965,219966,219967,219968,219969,219963,219970,219971,219972,219973,219974,219975,219976,219977,219978,219979,219980,219981,219982,219983,219984,219985,219986,219987,219988,219989,219990],"class_list":["post-1026400","post","type-post","status-publish","format-standard","has-post-thumbnail","hentry","category-agencia-reguladora","category-agencia-reguladora-agencia-reguladora","category-anpad","category-carreiras-bancarias","category-cfc","category-cursos-e-concursos","category-controle-gestao","category-concurso-diplomacia","category-educacional","category-engenharias-e-ti","category-estrategia-militares","category-concursos-administrativos","category-area-financeira","category-fiscal-estadual","category-fiscal-federal","category-fiscal-municipal","category-forcas-armadas-oficiais","category-forcas-armadas-pracas","category-carreiras-juridicas","category-cartorios","category-defensoria-publica","category-delegado","category-magistratura","category-procuradorias","category-promotor-de-justica","category-concursos-legislativos","category-policial-agente-penitenciario","category-policia","category-policial-guarda-civis","category-policial-peritos","category-policial-oficial","category-policial-pracas","category-previdenciaria","category-saude","category-tribunais","category-tribunais-tribunais","category-tribunais-de-contas","category-noticias","tax_estado-ac","tax_estado-al","tax_estado-am","tax_estado-ap","tax_estado-ba","tax_estado-ce","tax_estado-concursos-federais","tax_estado-df","tax_estado-es","tax_estado-go","tax_estado-ma","tax_estado-mg","tax_estado-ms","tax_estado-mt","tax_estado-pa","tax_estado-pb","tax_estado-pe","tax_estado-pi","tax_estado-pr","tax_estado-rj","tax_estado-rn","tax_estado-ro","tax_estado-rr","tax_estado-rs","tax_estado-sc","tax_estado-se","tax_estado-sp","tax_estado-to"],"acf":[],"yoast_head":"<!-- This site is optimized with the Yoast SEO Premium plugin v27.2 (Yoast SEO v27.2) - https:\/\/yoast.com\/product\/yoast-seo-premium-wordpress\/ -->\n<title>O que \u00e9 ADPF (Argui\u00e7\u00e3o de Descumprimento de Preceito Fundamental)?<\/title>\n<meta name=\"description\" content=\"Confira aqui o que \u00e9 ADPF (Argui\u00e7\u00e3o de Descumprimento de Preceito Fundamental). Vamos aprender sobre o seu conceito, finalidade e processo.\" \/>\n<meta name=\"robots\" content=\"index, follow, max-snippet:-1, max-image-preview:large, max-video-preview:-1\" \/>\n<link rel=\"canonical\" href=\"https:\/\/www.estrategiaconcursos.com.br\/blog\/adpf\/\" \/>\n<meta property=\"og:locale\" content=\"pt_BR\" \/>\n<meta property=\"og:type\" content=\"article\" \/>\n<meta property=\"og:title\" content=\"O que \u00e9 ADPF (Argui\u00e7\u00e3o de Descumprimento de Preceito Fundamental)?\" \/>\n<meta property=\"og:description\" content=\"Confira aqui o que \u00e9 ADPF (Argui\u00e7\u00e3o de Descumprimento de Preceito Fundamental). Vamos aprender sobre o seu conceito, finalidade e processo.\" \/>\n<meta property=\"og:url\" content=\"https:\/\/www.estrategiaconcursos.com.br\/blog\/adpf\/\" \/>\n<meta property=\"og:site_name\" content=\"Estrat\u00e9gia Concursos\" \/>\n<meta property=\"article:published_time\" content=\"2022-06-11T15:23:00+00:00\" \/>\n<meta property=\"article:modified_time\" content=\"2022-08-22T18:29:48+00:00\" \/>\n<meta property=\"og:image\" content=\"https:\/\/dhg1h5j42swfq.cloudfront.net\/2022\/05\/11165829\/image-148.png\" \/>\n\t<meta property=\"og:image:width\" content=\"314\" \/>\n\t<meta property=\"og:image:height\" content=\"211\" \/>\n\t<meta property=\"og:image:type\" content=\"image\/png\" \/>\n<meta name=\"author\" content=\"Kassio Henrique Sobral Rocha\" \/>\n<meta name=\"twitter:card\" content=\"summary_large_image\" \/>\n<meta name=\"twitter:creator\" content=\"@EstratConcursos\" \/>\n<meta name=\"twitter:site\" content=\"@EstratConcursos\" \/>\n<meta name=\"twitter:label1\" content=\"Escrito por\" \/>\n\t<meta name=\"twitter:data1\" content=\"Kassio Henrique Sobral Rocha\" \/>\n\t<meta name=\"twitter:label2\" content=\"Est. tempo de leitura\" \/>\n\t<meta name=\"twitter:data2\" content=\"9 minutos\" \/>\n<script type=\"application\/ld+json\" class=\"yoast-schema-graph\">{\"@context\":\"https:\/\/schema.org\",\"@graph\":[{\"@type\":\"NewsArticle\",\"@id\":\"https:\/\/www.estrategiaconcursos.com.br\/blog\/adpf\/#article\",\"isPartOf\":{\"@id\":\"https:\/\/www.estrategiaconcursos.com.br\/blog\/adpf\/\"},\"author\":{\"name\":\"Kassio Henrique Sobral Rocha\",\"@id\":\"https:\/\/www.estrategiaconcursos.com.br\/blog\/#\/schema\/person\/f0c830e07cfe11c231c0ea5dbb036df5\"},\"headline\":\"O que \u00e9 ADPF (Argui\u00e7\u00e3o de Descumprimento de Preceito Fundamental)?\",\"datePublished\":\"2022-06-11T15:23:00+00:00\",\"dateModified\":\"2022-08-22T18:29:48+00:00\",\"mainEntityOfPage\":{\"@id\":\"https:\/\/www.estrategiaconcursos.com.br\/blog\/adpf\/\"},\"wordCount\":1755,\"commentCount\":0,\"publisher\":{\"@id\":\"https:\/\/www.estrategiaconcursos.com.br\/blog\/#organization\"},\"image\":{\"@id\":\"https:\/\/www.estrategiaconcursos.com.br\/blog\/adpf\/#primaryimage\"},\"thumbnailUrl\":\"https:\/\/dhg1h5j42swfq.cloudfront.net\/2022\/05\/11165829\/image-148.png\",\"articleSection\":[\"Ag\u00eancia Reguladora\",\"Ag\u00eancia Reguladora\",\"ANPAD\",\"Banc\u00e1ria (BB, CEF e Bancos Estaduais)\",\"CFC\",\"Concursos P\u00fablicos\",\"Controladorias\/Gest\u00e3o (CGU, CGE, STN, EPPGG)\",\"Diplomacia (CACD)\",\"Educa\u00e7\u00e3o\",\"Engenharias e TI\",\"Estrat\u00e9gia Militares\",\"Executivo (Administrativa)\",\"Financeira (BACEN, CVM, SUSEP e BNDES)\",\"Fiscal - Estadual (ICMS)\",\"Fiscal - Federal (RFB e AFT)\",\"Fiscal - Municipal (ISS)\",\"For\u00e7as Armadas (Oficiais)\",\"For\u00e7as Armadas (Pra\u00e7as)\",\"Jur\u00eddico\",\"Jur\u00eddico - Cart\u00f3rios\",\"Jur\u00eddico - Defensoria P\u00fablica\",\"Jur\u00eddico - Delegado\",\"Jur\u00eddico - Magistratura\",\"Jur\u00eddico - Procuradorias\",\"Jur\u00eddico - Promotor de Justi\u00e7a\",\"Legislativo\",\"Policial (Agente Penitenci\u00e1rio)\",\"Policial (Agente, Escriv\u00e3o e Investigador)\",\"Policial (Guardas Civis)\",\"Policial (Peritos, Papiloscopistas)\",\"Policial (PM\/BM - Oficial)\",\"Policial (PM\/BM - Pra\u00e7as)\",\"Previdenci\u00e1ria (INSS, PREVIC)\",\"Sa\u00fade\",\"Tribunais\",\"Tribunais\",\"Tribunais de Contas (TCU, TCE, TCM)\",\"\u00daltimas not\u00edcias\"],\"inLanguage\":\"pt-BR\",\"potentialAction\":[{\"@type\":\"CommentAction\",\"name\":\"Comment\",\"target\":[\"https:\/\/www.estrategiaconcursos.com.br\/blog\/adpf\/#respond\"]}],\"copyrightYear\":\"2022\",\"copyrightHolder\":{\"@id\":\"https:\/\/www.estrategiaconcursos.com.br\/blog\/#organization\"}},{\"@type\":\"WebPage\",\"@id\":\"https:\/\/www.estrategiaconcursos.com.br\/blog\/adpf\/\",\"url\":\"https:\/\/www.estrategiaconcursos.com.br\/blog\/adpf\/\",\"name\":\"O que \u00e9 ADPF (Argui\u00e7\u00e3o de Descumprimento de Preceito Fundamental)?\",\"isPartOf\":{\"@id\":\"https:\/\/www.estrategiaconcursos.com.br\/blog\/#website\"},\"primaryImageOfPage\":{\"@id\":\"https:\/\/www.estrategiaconcursos.com.br\/blog\/adpf\/#primaryimage\"},\"image\":{\"@id\":\"https:\/\/www.estrategiaconcursos.com.br\/blog\/adpf\/#primaryimage\"},\"thumbnailUrl\":\"https:\/\/dhg1h5j42swfq.cloudfront.net\/2022\/05\/11165829\/image-148.png\",\"datePublished\":\"2022-06-11T15:23:00+00:00\",\"dateModified\":\"2022-08-22T18:29:48+00:00\",\"description\":\"Confira aqui o que \u00e9 ADPF (Argui\u00e7\u00e3o de Descumprimento de Preceito Fundamental). Vamos aprender sobre o seu conceito, finalidade e processo.\",\"breadcrumb\":{\"@id\":\"https:\/\/www.estrategiaconcursos.com.br\/blog\/adpf\/#breadcrumb\"},\"inLanguage\":\"pt-BR\",\"potentialAction\":[{\"@type\":\"ReadAction\",\"target\":[\"https:\/\/www.estrategiaconcursos.com.br\/blog\/adpf\/\"]}]},{\"@type\":\"ImageObject\",\"inLanguage\":\"pt-BR\",\"@id\":\"https:\/\/www.estrategiaconcursos.com.br\/blog\/adpf\/#primaryimage\",\"url\":\"https:\/\/dhg1h5j42swfq.cloudfront.net\/2022\/05\/11165829\/image-148.png\",\"contentUrl\":\"https:\/\/dhg1h5j42swfq.cloudfront.net\/2022\/05\/11165829\/image-148.png\",\"width\":314,\"height\":211,\"caption\":\"o que \u00e9 ADPF (Argui\u00e7\u00e3o de Descumprimento de Preceito Fundamental).\"},{\"@type\":\"BreadcrumbList\",\"@id\":\"https:\/\/www.estrategiaconcursos.com.br\/blog\/adpf\/#breadcrumb\",\"itemListElement\":[{\"@type\":\"ListItem\",\"position\":1,\"name\":\"In\u00edcio\",\"item\":\"https:\/\/www.estrategiaconcursos.com.br\/blog\/\"},{\"@type\":\"ListItem\",\"position\":2,\"name\":\"O que \u00e9 ADPF (Argui\u00e7\u00e3o de Descumprimento de Preceito Fundamental)?\"}]},{\"@type\":\"WebSite\",\"@id\":\"https:\/\/www.estrategiaconcursos.com.br\/blog\/#website\",\"url\":\"https:\/\/www.estrategiaconcursos.com.br\/blog\/\",\"name\":\"Estrat\u00e9gia Concursos\",\"description\":\"O blog da Estrat\u00e9gia Concursos traz not\u00edcias sobre concursos e artigos de professores oferecendo cursos para concursos (pdf + videaulas) no site.\",\"publisher\":{\"@id\":\"https:\/\/www.estrategiaconcursos.com.br\/blog\/#organization\"},\"potentialAction\":[{\"@type\":\"SearchAction\",\"target\":{\"@type\":\"EntryPoint\",\"urlTemplate\":\"https:\/\/www.estrategiaconcursos.com.br\/blog\/?s={search_term_string}\"},\"query-input\":{\"@type\":\"PropertyValueSpecification\",\"valueRequired\":true,\"valueName\":\"search_term_string\"}}],\"inLanguage\":\"pt-BR\"},{\"@type\":\"Organization\",\"@id\":\"https:\/\/www.estrategiaconcursos.com.br\/blog\/#organization\",\"name\":\"Estrat\u00e9gia Concursos\",\"url\":\"https:\/\/www.estrategiaconcursos.com.br\/blog\/\",\"logo\":{\"@type\":\"ImageObject\",\"inLanguage\":\"pt-BR\",\"@id\":\"https:\/\/www.estrategiaconcursos.com.br\/blog\/#\/schema\/logo\/image\/\",\"url\":\"https:\/\/dhg1h5j42swfq.cloudfront.net\/2025\/06\/03203428\/logo_concursos-1.jpg\",\"contentUrl\":\"https:\/\/dhg1h5j42swfq.cloudfront.net\/2025\/06\/03203428\/logo_concursos-1.jpg\",\"width\":230,\"height\":60,\"caption\":\"Estrat\u00e9gia Concursos\"},\"image\":{\"@id\":\"https:\/\/www.estrategiaconcursos.com.br\/blog\/#\/schema\/logo\/image\/\"},\"sameAs\":[\"https:\/\/x.com\/EstratConcursos\"]},{\"@type\":\"Person\",\"@id\":\"https:\/\/www.estrategiaconcursos.com.br\/blog\/#\/schema\/person\/f0c830e07cfe11c231c0ea5dbb036df5\",\"name\":\"Kassio Henrique Sobral Rocha\",\"image\":{\"@type\":\"ImageObject\",\"inLanguage\":\"pt-BR\",\"@id\":\"https:\/\/secure.gravatar.com\/avatar\/d10350cbdad043facd8ec77a377f86f9026afee3348e463b04854fd4490ce759?s=96&d=mm&r=g\",\"url\":\"https:\/\/secure.gravatar.com\/avatar\/d10350cbdad043facd8ec77a377f86f9026afee3348e463b04854fd4490ce759?s=96&d=mm&r=g\",\"contentUrl\":\"https:\/\/secure.gravatar.com\/avatar\/d10350cbdad043facd8ec77a377f86f9026afee3348e463b04854fd4490ce759?s=96&d=mm&r=g\",\"caption\":\"Kassio Henrique Sobral Rocha\"},\"url\":\"https:\/\/www.estrategiaconcursos.com.br\/blog\/author\/kassio-rochayahoo-com-br\/\"}]}<\/script>\n<!-- \/ Yoast SEO Premium plugin. -->","yoast_head_json":{"title":"O que \u00e9 ADPF (Argui\u00e7\u00e3o de Descumprimento de Preceito Fundamental)?","description":"Confira aqui o que \u00e9 ADPF (Argui\u00e7\u00e3o de Descumprimento de Preceito Fundamental). Vamos aprender sobre o seu conceito, finalidade e processo.","robots":{"index":"index","follow":"follow","max-snippet":"max-snippet:-1","max-image-preview":"max-image-preview:large","max-video-preview":"max-video-preview:-1"},"canonical":"https:\/\/www.estrategiaconcursos.com.br\/blog\/adpf\/","og_locale":"pt_BR","og_type":"article","og_title":"O que \u00e9 ADPF (Argui\u00e7\u00e3o de Descumprimento de Preceito Fundamental)?","og_description":"Confira aqui o que \u00e9 ADPF (Argui\u00e7\u00e3o de Descumprimento de Preceito Fundamental). Vamos aprender sobre o seu conceito, finalidade e processo.","og_url":"https:\/\/www.estrategiaconcursos.com.br\/blog\/adpf\/","og_site_name":"Estrat\u00e9gia Concursos","article_published_time":"2022-06-11T15:23:00+00:00","article_modified_time":"2022-08-22T18:29:48+00:00","og_image":[{"width":314,"height":211,"url":"https:\/\/dhg1h5j42swfq.cloudfront.net\/2022\/05\/11165829\/image-148.png","type":"image\/png"}],"author":"Kassio Henrique Sobral Rocha","twitter_card":"summary_large_image","twitter_creator":"@EstratConcursos","twitter_site":"@EstratConcursos","twitter_misc":{"Escrito por":"Kassio Henrique Sobral Rocha","Est. tempo de leitura":"9 minutos"},"schema":{"@context":"https:\/\/schema.org","@graph":[{"@type":"NewsArticle","@id":"https:\/\/www.estrategiaconcursos.com.br\/blog\/adpf\/#article","isPartOf":{"@id":"https:\/\/www.estrategiaconcursos.com.br\/blog\/adpf\/"},"author":{"name":"Kassio Henrique Sobral Rocha","@id":"https:\/\/www.estrategiaconcursos.com.br\/blog\/#\/schema\/person\/f0c830e07cfe11c231c0ea5dbb036df5"},"headline":"O que \u00e9 ADPF (Argui\u00e7\u00e3o de Descumprimento de Preceito Fundamental)?","datePublished":"2022-06-11T15:23:00+00:00","dateModified":"2022-08-22T18:29:48+00:00","mainEntityOfPage":{"@id":"https:\/\/www.estrategiaconcursos.com.br\/blog\/adpf\/"},"wordCount":1755,"commentCount":0,"publisher":{"@id":"https:\/\/www.estrategiaconcursos.com.br\/blog\/#organization"},"image":{"@id":"https:\/\/www.estrategiaconcursos.com.br\/blog\/adpf\/#primaryimage"},"thumbnailUrl":"https:\/\/dhg1h5j42swfq.cloudfront.net\/2022\/05\/11165829\/image-148.png","articleSection":["Ag\u00eancia Reguladora","Ag\u00eancia Reguladora","ANPAD","Banc\u00e1ria (BB, CEF e Bancos Estaduais)","CFC","Concursos P\u00fablicos","Controladorias\/Gest\u00e3o (CGU, CGE, STN, EPPGG)","Diplomacia (CACD)","Educa\u00e7\u00e3o","Engenharias e TI","Estrat\u00e9gia Militares","Executivo (Administrativa)","Financeira (BACEN, CVM, SUSEP e BNDES)","Fiscal - Estadual (ICMS)","Fiscal - Federal (RFB e AFT)","Fiscal - Municipal (ISS)","For\u00e7as Armadas (Oficiais)","For\u00e7as Armadas (Pra\u00e7as)","Jur\u00eddico","Jur\u00eddico - Cart\u00f3rios","Jur\u00eddico - Defensoria P\u00fablica","Jur\u00eddico - Delegado","Jur\u00eddico - Magistratura","Jur\u00eddico - Procuradorias","Jur\u00eddico - Promotor de Justi\u00e7a","Legislativo","Policial (Agente Penitenci\u00e1rio)","Policial (Agente, Escriv\u00e3o e Investigador)","Policial (Guardas Civis)","Policial (Peritos, Papiloscopistas)","Policial (PM\/BM - Oficial)","Policial (PM\/BM - Pra\u00e7as)","Previdenci\u00e1ria (INSS, PREVIC)","Sa\u00fade","Tribunais","Tribunais","Tribunais de Contas (TCU, TCE, TCM)","\u00daltimas not\u00edcias"],"inLanguage":"pt-BR","potentialAction":[{"@type":"CommentAction","name":"Comment","target":["https:\/\/www.estrategiaconcursos.com.br\/blog\/adpf\/#respond"]}],"copyrightYear":"2022","copyrightHolder":{"@id":"https:\/\/www.estrategiaconcursos.com.br\/blog\/#organization"}},{"@type":"WebPage","@id":"https:\/\/www.estrategiaconcursos.com.br\/blog\/adpf\/","url":"https:\/\/www.estrategiaconcursos.com.br\/blog\/adpf\/","name":"O que \u00e9 ADPF (Argui\u00e7\u00e3o de Descumprimento de Preceito Fundamental)?","isPartOf":{"@id":"https:\/\/www.estrategiaconcursos.com.br\/blog\/#website"},"primaryImageOfPage":{"@id":"https:\/\/www.estrategiaconcursos.com.br\/blog\/adpf\/#primaryimage"},"image":{"@id":"https:\/\/www.estrategiaconcursos.com.br\/blog\/adpf\/#primaryimage"},"thumbnailUrl":"https:\/\/dhg1h5j42swfq.cloudfront.net\/2022\/05\/11165829\/image-148.png","datePublished":"2022-06-11T15:23:00+00:00","dateModified":"2022-08-22T18:29:48+00:00","description":"Confira aqui o que \u00e9 ADPF (Argui\u00e7\u00e3o de Descumprimento de Preceito Fundamental). Vamos aprender sobre o seu conceito, finalidade e processo.","breadcrumb":{"@id":"https:\/\/www.estrategiaconcursos.com.br\/blog\/adpf\/#breadcrumb"},"inLanguage":"pt-BR","potentialAction":[{"@type":"ReadAction","target":["https:\/\/www.estrategiaconcursos.com.br\/blog\/adpf\/"]}]},{"@type":"ImageObject","inLanguage":"pt-BR","@id":"https:\/\/www.estrategiaconcursos.com.br\/blog\/adpf\/#primaryimage","url":"https:\/\/dhg1h5j42swfq.cloudfront.net\/2022\/05\/11165829\/image-148.png","contentUrl":"https:\/\/dhg1h5j42swfq.cloudfront.net\/2022\/05\/11165829\/image-148.png","width":314,"height":211,"caption":"o que \u00e9 ADPF (Argui\u00e7\u00e3o de Descumprimento de Preceito Fundamental)."},{"@type":"BreadcrumbList","@id":"https:\/\/www.estrategiaconcursos.com.br\/blog\/adpf\/#breadcrumb","itemListElement":[{"@type":"ListItem","position":1,"name":"In\u00edcio","item":"https:\/\/www.estrategiaconcursos.com.br\/blog\/"},{"@type":"ListItem","position":2,"name":"O que \u00e9 ADPF (Argui\u00e7\u00e3o de Descumprimento de Preceito Fundamental)?"}]},{"@type":"WebSite","@id":"https:\/\/www.estrategiaconcursos.com.br\/blog\/#website","url":"https:\/\/www.estrategiaconcursos.com.br\/blog\/","name":"Estrat\u00e9gia Concursos","description":"O blog da Estrat\u00e9gia Concursos traz not\u00edcias sobre concursos e artigos de professores oferecendo cursos para concursos (pdf + videaulas) no site.","publisher":{"@id":"https:\/\/www.estrategiaconcursos.com.br\/blog\/#organization"},"potentialAction":[{"@type":"SearchAction","target":{"@type":"EntryPoint","urlTemplate":"https:\/\/www.estrategiaconcursos.com.br\/blog\/?s={search_term_string}"},"query-input":{"@type":"PropertyValueSpecification","valueRequired":true,"valueName":"search_term_string"}}],"inLanguage":"pt-BR"},{"@type":"Organization","@id":"https:\/\/www.estrategiaconcursos.com.br\/blog\/#organization","name":"Estrat\u00e9gia Concursos","url":"https:\/\/www.estrategiaconcursos.com.br\/blog\/","logo":{"@type":"ImageObject","inLanguage":"pt-BR","@id":"https:\/\/www.estrategiaconcursos.com.br\/blog\/#\/schema\/logo\/image\/","url":"https:\/\/dhg1h5j42swfq.cloudfront.net\/2025\/06\/03203428\/logo_concursos-1.jpg","contentUrl":"https:\/\/dhg1h5j42swfq.cloudfront.net\/2025\/06\/03203428\/logo_concursos-1.jpg","width":230,"height":60,"caption":"Estrat\u00e9gia Concursos"},"image":{"@id":"https:\/\/www.estrategiaconcursos.com.br\/blog\/#\/schema\/logo\/image\/"},"sameAs":["https:\/\/x.com\/EstratConcursos"]},{"@type":"Person","@id":"https:\/\/www.estrategiaconcursos.com.br\/blog\/#\/schema\/person\/f0c830e07cfe11c231c0ea5dbb036df5","name":"Kassio Henrique Sobral Rocha","image":{"@type":"ImageObject","inLanguage":"pt-BR","@id":"https:\/\/secure.gravatar.com\/avatar\/d10350cbdad043facd8ec77a377f86f9026afee3348e463b04854fd4490ce759?s=96&d=mm&r=g","url":"https:\/\/secure.gravatar.com\/avatar\/d10350cbdad043facd8ec77a377f86f9026afee3348e463b04854fd4490ce759?s=96&d=mm&r=g","contentUrl":"https:\/\/secure.gravatar.com\/avatar\/d10350cbdad043facd8ec77a377f86f9026afee3348e463b04854fd4490ce759?s=96&d=mm&r=g","caption":"Kassio Henrique Sobral Rocha"},"url":"https:\/\/www.estrategiaconcursos.com.br\/blog\/author\/kassio-rochayahoo-com-br\/"}]}},"_links":{"self":[{"href":"https:\/\/www.estrategiaconcursos.com.br\/blog\/wp-json\/wp\/v2\/posts\/1026400","targetHints":{"allow":["GET"]}}],"collection":[{"href":"https:\/\/www.estrategiaconcursos.com.br\/blog\/wp-json\/wp\/v2\/posts"}],"about":[{"href":"https:\/\/www.estrategiaconcursos.com.br\/blog\/wp-json\/wp\/v2\/types\/post"}],"author":[{"embeddable":true,"href":"https:\/\/www.estrategiaconcursos.com.br\/blog\/wp-json\/wp\/v2\/users\/1976"}],"replies":[{"embeddable":true,"href":"https:\/\/www.estrategiaconcursos.com.br\/blog\/wp-json\/wp\/v2\/comments?post=1026400"}],"version-history":[{"count":12,"href":"https:\/\/www.estrategiaconcursos.com.br\/blog\/wp-json\/wp\/v2\/posts\/1026400\/revisions"}],"predecessor-version":[{"id":1082059,"href":"https:\/\/www.estrategiaconcursos.com.br\/blog\/wp-json\/wp\/v2\/posts\/1026400\/revisions\/1082059"}],"wp:featuredmedia":[{"embeddable":true,"href":"https:\/\/www.estrategiaconcursos.com.br\/blog\/wp-json\/wp\/v2\/media\/1026405"}],"wp:attachment":[{"href":"https:\/\/www.estrategiaconcursos.com.br\/blog\/wp-json\/wp\/v2\/media?parent=1026400"}],"wp:term":[{"taxonomy":"category","embeddable":true,"href":"https:\/\/www.estrategiaconcursos.com.br\/blog\/wp-json\/wp\/v2\/categories?post=1026400"},{"taxonomy":"post_tag","embeddable":true,"href":"https:\/\/www.estrategiaconcursos.com.br\/blog\/wp-json\/wp\/v2\/tags?post=1026400"},{"taxonomy":"tax_estado","embeddable":true,"href":"https:\/\/www.estrategiaconcursos.com.br\/blog\/wp-json\/wp\/v2\/tax_estado?post=1026400"}],"curies":[{"name":"wp","href":"https:\/\/api.w.org\/{rel}","templated":true}]}}