{"id":1026206,"date":"2022-05-11T15:18:37","date_gmt":"2022-05-11T18:18:37","guid":{"rendered":"https:\/\/www.estrategiaconcursos.com.br\/blog\/?p=1026206"},"modified":"2022-05-11T17:23:47","modified_gmt":"2022-05-11T20:23:47","slug":"concurso-sefaz-am-recursos-assistente-administrativo","status":"publish","type":"post","link":"https:\/\/www.estrategiaconcursos.com.br\/blog\/concurso-sefaz-am-recursos-assistente-administrativo\/","title":{"rendered":"Concurso Sefaz AM: recursos para Assistente Administrativo"},"content":{"rendered":"\n<p>O&nbsp;<strong>concurso Sefaz AM<\/strong>, ao cargo de&nbsp;<strong>Assistente Administrativo<\/strong>, teve suas provas aplicadas no \u00faltimo s\u00e1bado (07). Com isso, j\u00e1 est\u00e3o dispon\u00edveis para consulta os&nbsp;<strong><a href=\"https:\/\/dhg1h5j42swfq.cloudfront.net\/2022\/05\/10182520\/sefaz-am_2022_gabaritos_para_publicacao-1.pdf\" target=\"_blank\" rel=\"noreferrer noopener nofollow\">gabaritos preliminares<\/a><\/strong>&nbsp;da referida etapa.<\/p>\n\n\n\n<p>O prazo para&nbsp;<strong>interposi\u00e7\u00e3o de recursos<\/strong>&nbsp;ficar\u00e1 aberto at\u00e9 o dia 12 de maio, por meio de <strong><a href=\"https:\/\/recursos-fgvprojetos.fgv.br\/inscricao\/sefazam2022_recurso\/\" target=\"_blank\" rel=\"noreferrer noopener\">formul\u00e1rio<\/a><\/strong> disponibilizado no site da banca organizadora,<strong>&nbsp;<\/strong>a FGV<strong>.<\/strong><\/p>\n\n\n\n<p>E para te ajudar, assim como realizaram na\u00a0<a href=\"https:\/\/www.estrategiaconcursos.com.br\/blog\/gabarito-extraoficial-sefaz-am-assistente-administrativo-da-fazenda-estadual\/\" target=\"_blank\" rel=\"noreferrer noopener\">corre\u00e7\u00e3o da prova<\/a>, nossos professores tamb\u00e9m analisaram os gabaritos provis\u00f3rios e identificaram algumas\u00a0<strong>possibilidades de recursos<\/strong>. Confira abaixo!<\/p>\n\n\n<figure class=\"wp-block-embed-youtube wp-block-embed is-type-video is-provider-youtube wp-embed-aspect-16-9 wp-has-aspect-ratio lyte-align aligncenter\"><div class=\"lyte-wrapper\" style=\"width:853px;max-width:100%;margin:5px;\"><div class=\"lyMe\" id=\"WYL_w5RVREFkLNY\"><div id=\"lyte_w5RVREFkLNY\" data-src=\"\/\/i.ytimg.com\/vi\/w5RVREFkLNY\/hqdefault.jpg\" class=\"pL\"><div class=\"tC\"><div class=\"tT\"><\/div><\/div><div class=\"play\"><\/div><div class=\"ctrl\"><div class=\"Lctrl\"><\/div><div class=\"Rctrl\"><\/div><\/div><\/div><noscript><a href=\"https:\/\/youtu.be\/w5RVREFkLNY\" rel=\"nofollow\"><img loading=\"lazy\" decoding=\"async\" src=\"https:\/\/i.ytimg.com\/vi\/w5RVREFkLNY\/0.jpg\" alt=\"YouTube video thumbnail\" width=\"853\" height=\"460\" \/><br \/>Assista a este v\u00eddeo no YouTube<\/a><\/noscript><\/div><\/div><div class=\"lL\" style=\"max-width:100%;width:853px;margin:5px;\"><\/div><figcaption><\/figcaption><\/figure>\n\n\n<h2 class=\"wp-block-heading\" id=\"h-concurso-sefaz-am-assistente-administrativo-possiveis-recursos\">Concurso Sefaz AM \u2013 Assistente Administrativo: poss\u00edveis recursos<\/h2>\n\n\n\n<h3 class=\"has-background wp-block-heading\" id=\"questao-27-prova-tipo-2\" style=\"background-color:#e1e1e1\">Quest\u00e3o 27 &#8211; Prova Tipo 2<\/h3>\n\n\n\n<div class=\"wp-block-image\"><figure class=\"aligncenter size-full\"><img loading=\"lazy\" decoding=\"async\" width=\"485\" height=\"338\" src=\"https:\/\/dhg1h5j42swfq.cloudfront.net\/2022\/05\/11150703\/image-143.png\" alt=\"Recursos do concurso Sefaz AM para Assistente Administrativo - quest\u00e3o 27\" class=\"wp-image-1026231\" srcset=\"https:\/\/dhg1h5j42swfq.cloudfront.net\/2022\/05\/11150703\/image-143.png 485w, https:\/\/dhg1h5j42swfq.cloudfront.net\/2022\/05\/11150703\/image-143-300x209.png 300w\" sizes=\"auto, (max-width: 485px) 100vw, 485px\" \/><\/figure><\/div>\n\n\n\n<p>Gabarito preliminar da banca fornecido dia 10 de maio de 2022 a<strong>ponta como resposta a letra A, resposta que considera os itens I e II como corretos<\/strong>, sendo que conforme apresentado a seguir o<strong> item II deve ser considerado como ERRADO.<\/strong><\/p>\n\n\n\n<p>De acordo com LAMBERT em <strong><em>Microsoft Windows 10 passo a passo<\/em><\/strong>, ed. Bookman, 2016, p.97:<\/p>\n\n\n\n<p><strong><em>\u201cPara cada conta de usu\u00e1rio do computador, o Windows tamb\u00e9m cria uma pasta para a conta do usu\u00e1rio na pasta usu\u00e1rios. A pasta da conta de usu\u00e1rio cont\u00e9m v\u00e1rias subpastas, que referimos nesse livro como pastas pessoais. Algumas das suas pastas pessoais s\u00e3o vis\u00edveis na sua pasta conta de usu\u00e1rio; elas podem incluir Contatos, \u00c1rea de Trabalho, Documentos, Download, Favoritos, Links, M\u00fasicas, Imagens, Jogos Salvos, Pesquisas e V\u00eddeos.\u201d<\/em><\/strong><\/p>\n\n\n\n<p>Ainda segundo LAMBERT, o acesso ao computador \u00e9 gerenciado atrav\u00e9s de contas de usu\u00e1rio. Cada conta de usu\u00e1rio tem acesso a uma \u00e1rea de armazenamento de arquivos privada e personaliza\u00e7\u00f5es da interface do usu\u00e1rio. Caso a conta do usu\u00e1rio seja uma conta LOCAL a pasta onde os arquivos da \u00c1rea de Trabalho ser\u00e3o armazenados se encontrar\u00e1 em:<\/p>\n\n\n\n<p>C:\\USERS\\%USERPROFILE%\\DESKTOP ou seja de acordo com a quest\u00e3o a usu\u00e1ria MARIA deveria armazenar seus arquivo em C:\\USERS\\MARIA\\DESKTOP ou ainda em portugu\u00eas C:\\USU\u00c1RIOS\\MARIA\\\u00c1REA DE TRABALHO.<\/p>\n\n\n\n<p>Caso o usu\u00e1rio utilize uma conta da Microsoft as pastas de trabalho s\u00e3o automaticamente vinculadas a sua conta do OneDrive na nuvem, da\u00ed o caminho passaria a ser C:\\USERS\\ONEDRIVE\\%USERPROFILE%\\DESKTOP e portanto a pasta da \u00e1rea de trabalho de Maria seria: C:\\USERS\\ONEDRIVE\\MARIA\\DESKTOP ou ainda em portugu\u00eas ou ainda em portugu\u00eas C:\\USU\u00c1RIOS\\ONEDRIVE\\MARIA\\\u00c1REA DE TRABALHO.<\/p>\n\n\n\n<p>O tema corrobora inclusive com uma quest\u00e3o empregada abaixo pela banca FGV para o cargo de ASSISTENTE DE INFORM\u00c1TICA do concurso do MPE de GO ocorrido uma semana antes &#8211; dia 30 de abril &#8211; que apresenta o gabarito letra B:<\/p>\n\n\n\n<div class=\"wp-block-image\"><figure class=\"aligncenter size-full\"><img loading=\"lazy\" decoding=\"async\" width=\"532\" height=\"275\" src=\"https:\/\/dhg1h5j42swfq.cloudfront.net\/2022\/05\/11151049\/image-144.png\" alt=\"Recursos do concurso Sefaz AM para Assistente Administrativo - quest\u00e3o 27\" class=\"wp-image-1026235\" srcset=\"https:\/\/dhg1h5j42swfq.cloudfront.net\/2022\/05\/11151049\/image-144.png 532w, https:\/\/dhg1h5j42swfq.cloudfront.net\/2022\/05\/11151049\/image-144-300x155.png 300w\" sizes=\"auto, (max-width: 532px) 100vw, 532px\" \/><\/figure><\/div>\n\n\n\n<p>Onde a banca FGV ratifica que o caminho para o Desktop se encontra hierarquicamente abaixo da pasta WWW que identifica o usu\u00e1rio.<\/p>\n\n\n\n<p>Pode se concluir portanto que n\u00e3o \u00e9 correto AFIRMAR CATEGORICAMENTE: que para a conta Maria, os arquivos copiados para a \u00c1rea de Trabalho iriam para a pasta \u201cC:\\Usu\u00e1rios\\Maria\u201d pois o caminho completo seria para a pasta C:\\Usu\u00e1rios\\Maria\\\u00c1rea de Trabalho.<\/p>\n\n\n\n<p>CONCLUI-SE DESTA FORMA QUE O GABARITO DA QUEST\u00c3O SUPRACITADA DEVE SER RETIFICADO PARA LETRA D, ITEM I APENAS.<\/p>\n\n\n\n<h3 class=\"has-background wp-block-heading\" id=\"questao-27-prova-tipo-2\" style=\"background-color:#e1e1e1\">Quest\u00e3o 28 &#8211; Prova Tipo 2<\/h3>\n\n\n\n<div class=\"wp-block-image\"><figure class=\"aligncenter size-full\"><img loading=\"lazy\" decoding=\"async\" width=\"517\" height=\"446\" src=\"https:\/\/dhg1h5j42swfq.cloudfront.net\/2022\/05\/11151232\/image-145.png\" alt=\"Recursos do concurso Sefaz AM para Assistente Administrativo - quest\u00e3o 28\" class=\"wp-image-1026241\" srcset=\"https:\/\/dhg1h5j42swfq.cloudfront.net\/2022\/05\/11151232\/image-145.png 517w, https:\/\/dhg1h5j42swfq.cloudfront.net\/2022\/05\/11151232\/image-145-300x259.png 300w\" sizes=\"auto, (max-width: 517px) 100vw, 517px\" \/><\/figure><\/div>\n\n\n\n<p>Embora no gabarito preliminar do estrat\u00e9gia no s\u00e1bado tenhamos apresentado como resultado a letra E, ainda que o texto da afirma\u00e7\u00e3o do item II esteja de acordo, o exemplo apresentado envolvendo uma matriz implica erro, devendo ser representado exclusivamente ou por linha ou por coluna.<\/p>\n\n\n\n<div class=\"wp-block-image\"><figure class=\"aligncenter size-full\"><img loading=\"lazy\" decoding=\"async\" width=\"709\" height=\"313\" src=\"https:\/\/dhg1h5j42swfq.cloudfront.net\/2022\/05\/11151305\/image-146.png\" alt=\"Recursos do concurso Sefaz AM para Assistente Administrativo - quest\u00e3o 28\" class=\"wp-image-1026247\" srcset=\"https:\/\/dhg1h5j42swfq.cloudfront.net\/2022\/05\/11151305\/image-146.png 709w, https:\/\/dhg1h5j42swfq.cloudfront.net\/2022\/05\/11151305\/image-146-300x132.png 300w, https:\/\/dhg1h5j42swfq.cloudfront.net\/2022\/05\/11151305\/image-146-610x269.png 610w\" sizes=\"auto, (max-width: 709px) 100vw, 709px\" \/><\/figure><\/div>\n\n\n\n<p><strong>Por inobserv\u00e2ncia informamos o gabarito letra E mas hoje diante do gabarito preliminar e respectivos testes concordamos com o gabarito da banca, letra D<\/strong><\/p>\n\n\n\n<h3 class=\"has-background wp-block-heading\" id=\"questao-27-prova-tipo-2\" style=\"background-color:#e1e1e1\">Quest\u00e3o 75<\/h3>\n\n\n\n<p><a href=\"https:\/\/www.estrategiaconcursos.com.br\/blog\/concurso-sefaz-am-recursos-direito-tributario\/\" target=\"_blank\" rel=\"noreferrer noopener\">Quest\u00e3o 75 &#8211; Gabarito Preliminar E (Sugerimos alterar para A)<\/a><\/p>\n\n\n\n<p>A banca desconsiderou a jurisprud\u00eancia do STF, ao dizer que a mera cobran\u00e7a de pre\u00e7os ou tarifas do usu\u00e1rio, pela presta\u00e7\u00e3o de servi\u00e7os p\u00fablicos, ensejaria a exclus\u00e3o da imunidade do imposto de renda.<\/p>\n\n\n\n<p>Por\u00e9m, h\u00e1 jurisprud\u00eancia do STF que a cobran\u00e7a isolada de tarifas n\u00e3o justifica exclus\u00e3o da imunidade.<\/p>\n\n\n\n<p>Se n\u00e3o h\u00e1 distribui\u00e7\u00e3o de lucros, n\u00e3o h\u00e1 porque entender dessa forma. At\u00e9 porque varias entidades imunes consideradas pelo STF cobram tarifas, como o servi\u00e7o de \u00e1gua e esgoto. (RE 399.307 AgR, RE 672.187 AgR, RE 363.412 AgR)<\/p>\n\n\n\n<hr class=\"wp-block-separator\"\/>\n\n\n\n<p class=\"has-text-align-center\"><em>Para mais informa\u00e7\u00f5es sobre o concurso Sefaz AM acesse o link abaixo e fique por dentro de tudo:<\/em><\/p>\n\n\n\n<p class=\"has-text-align-center has-background\" style=\"background-color:#e1e1e1;font-size:clamp(14.642px, 0.915rem + ((1vw - 3.2px) * 0.721), 22px);\"><strong><a href=\"https:\/\/www.estrategiaconcursos.com.br\/blog\/concurso-sefaz-am\/\" target=\"_blank\" rel=\"noreferrer noopener\">Concurso Secretaria da Fazenda AM<\/a><\/strong><\/p>\n\n\n\n<div class=\"container\" id=\"boxes\">\n  <div class=\"row\">\n\n    <div class=\"col-sm\">\n      <div class=\"banner-fiscal-01\" id=\"box-assinatura\">\n        <h3 class=\"titulo-assinatura\">Concurso Sefaz AM<\/h3>\n        <p class=\"subtitulo-assinatura\">Conhe\u00e7a os cursos<\/p>\n        <div class=\"box-botao\">\n          <a class=\"btn-assinatura\" target=\"_blank\" href=\"https:\/\/www.estrategiaconcursos.com.br\/cursosPorConcurso\/sefaz-am-247\/\" role=\"button\" rel=\"noopener noreferrer\">Conhe\u00e7a mais<\/a>\n        <\/div>\n      <\/div>\n    \n    <\/div>\n\n  <\/div>\n<\/div>\n\n\n\n<div class=\"container\" id=\"boxes\">\n  <div class=\"row\">\n\n    <div class=\"col-sm\">\n      <div class=\"estrategia\" id=\"box-assinatura\">\n        <h3 class=\"titulo-assinatura\">Assinatura Concursos<\/h3>\n        <p class=\"subtitulo-assinatura\">Assinatura de 1 ano ou 2 anos<\/p>\n        <div class=\"box-botao\">\n          <a class=\"btn-assinatura\" target=\"_blank\" href=\"https:\/\/www.estrategiaconcursos.com.br\/assinaturas\/\" role=\"button\" rel=\"noopener noreferrer\">ASSINE AGORA<\/a>\n        <\/div>\n      <\/div>\n     \n    <\/div><\/div><\/div>\n\n\n\n<h2 class=\"has-text-align-center wp-block-heading\" id=\"h-quer-saber-tudo-sobre-concursos-previstos-confira-nossos-artigos\">Quer saber tudo sobre concursos previstos?<br \/>Confira nossos artigos!<\/h2>\n\n\n\n<ul class=\"wp-block-list\"><li><a href=\"https:\/\/www.estrategiaconcursos.com.br\/blog\/concursos-abertos\/\" target=\"_blank\" rel=\"noreferrer noopener\">Concursos abertos<\/a><\/li><li><a href=\"https:\/\/www.estrategiaconcursos.com.br\/blog\/concursos-2022\/\" target=\"_blank\" rel=\"noreferrer noopener\">Concursos 2022<\/a><\/li><\/ul>\n\n\n\n<p><a href=\"https:\/\/www.estrategiaconcursos.com.br\/blog\/author\/rafaela-teixeira\/\"><\/a><\/p>\n","protected":false},"excerpt":{"rendered":"<p>O&nbsp;concurso Sefaz AM, ao cargo de&nbsp;Assistente Administrativo, teve suas provas aplicadas no \u00faltimo s\u00e1bado (07). Com isso, j\u00e1 est\u00e3o dispon\u00edveis para consulta os&nbsp;gabaritos preliminares&nbsp;da referida etapa. O prazo para&nbsp;interposi\u00e7\u00e3o de recursos&nbsp;ficar\u00e1 aberto at\u00e9 o dia 12 de maio, por meio de formul\u00e1rio disponibilizado no site da banca organizadora,&nbsp;a FGV. E para te ajudar, assim como [&hellip;]<\/p>\n","protected":false},"author":659,"featured_media":729964,"comment_status":"open","ping_status":"closed","sticky":false,"template":"","format":"standard","meta":{"post_tipo":"news","footnotes":""},"categories":[1983,220219],"tags":[8,661],"tax_estado":[219966],"class_list":["post-1026206","post","type-post","status-publish","format-standard","has-post-thumbnail","hentry","category-fiscal-estadual","category-noticias","tag-recurso","tag-recursos","tax_estado-am"],"acf":[],"yoast_head":"<!-- This site is optimized with the Yoast SEO Premium plugin v27.2 (Yoast SEO v27.2) - https:\/\/yoast.com\/product\/yoast-seo-premium-wordpress\/ -->\n<title>Concurso Sefaz AM: recursos para Assistente Administrativo<\/title>\n<meta name=\"description\" content=\"Concurso Sefaz AM: confira aqui os poss\u00edveis recursos para Assistente Administrativo. Provas foram realizadas no \u00faltimo s\u00e1bado (7)!\" \/>\n<meta name=\"robots\" content=\"index, follow, max-snippet:-1, max-image-preview:large, max-video-preview:-1\" \/>\n<link rel=\"canonical\" href=\"https:\/\/www.estrategiaconcursos.com.br\/blog\/concurso-sefaz-am-recursos-assistente-administrativo\/\" \/>\n<meta property=\"og:locale\" content=\"pt_BR\" \/>\n<meta property=\"og:type\" content=\"article\" \/>\n<meta property=\"og:title\" content=\"Concurso Sefaz AM: recursos para Assistente Administrativo\" \/>\n<meta property=\"og:description\" content=\"Concurso Sefaz AM: confira aqui os poss\u00edveis recursos para Assistente Administrativo. Provas foram realizadas no \u00faltimo s\u00e1bado (7)!\" \/>\n<meta property=\"og:url\" content=\"https:\/\/www.estrategiaconcursos.com.br\/blog\/concurso-sefaz-am-recursos-assistente-administrativo\/\" \/>\n<meta property=\"og:site_name\" content=\"Estrat\u00e9gia Concursos\" \/>\n<meta property=\"article:published_time\" content=\"2022-05-11T18:18:37+00:00\" \/>\n<meta property=\"article:modified_time\" content=\"2022-05-11T20:23:47+00:00\" \/>\n<meta property=\"og:image\" content=\"https:\/\/dhg1h5j42swfq.cloudfront.net\/2021\/04\/03153919\/sefaz-am.jpg\" \/>\n\t<meta property=\"og:image:width\" content=\"768\" \/>\n\t<meta property=\"og:image:height\" content=\"432\" \/>\n\t<meta property=\"og:image:type\" content=\"image\/jpeg\" \/>\n<meta name=\"author\" content=\"Camila Leite\" \/>\n<meta name=\"twitter:card\" content=\"summary_large_image\" \/>\n<meta name=\"twitter:creator\" content=\"@EstratConcursos\" \/>\n<meta name=\"twitter:site\" content=\"@EstratConcursos\" \/>\n<meta name=\"twitter:label1\" content=\"Escrito por\" \/>\n\t<meta name=\"twitter:data1\" content=\"Camila Leite\" \/>\n\t<meta name=\"twitter:label2\" content=\"Est. tempo de leitura\" \/>\n\t<meta name=\"twitter:data2\" content=\"5 minutos\" \/>\n<script type=\"application\/ld+json\" class=\"yoast-schema-graph\">{\"@context\":\"https:\/\/schema.org\",\"@graph\":[{\"@type\":\"NewsArticle\",\"@id\":\"https:\/\/www.estrategiaconcursos.com.br\/blog\/concurso-sefaz-am-recursos-assistente-administrativo\/#article\",\"isPartOf\":{\"@id\":\"https:\/\/www.estrategiaconcursos.com.br\/blog\/concurso-sefaz-am-recursos-assistente-administrativo\/\"},\"author\":{\"name\":\"Camila Leite\",\"@id\":\"https:\/\/www.estrategiaconcursos.com.br\/blog\/#\/schema\/person\/84ecdc6eb58d3cf1689bf76c5cd8fb38\"},\"headline\":\"Concurso Sefaz AM: recursos para Assistente Administrativo\",\"datePublished\":\"2022-05-11T18:18:37+00:00\",\"dateModified\":\"2022-05-11T20:23:47+00:00\",\"mainEntityOfPage\":{\"@id\":\"https:\/\/www.estrategiaconcursos.com.br\/blog\/concurso-sefaz-am-recursos-assistente-administrativo\/\"},\"wordCount\":800,\"commentCount\":0,\"publisher\":{\"@id\":\"https:\/\/www.estrategiaconcursos.com.br\/blog\/#organization\"},\"image\":{\"@id\":\"https:\/\/www.estrategiaconcursos.com.br\/blog\/concurso-sefaz-am-recursos-assistente-administrativo\/#primaryimage\"},\"thumbnailUrl\":\"https:\/\/dhg1h5j42swfq.cloudfront.net\/2021\/04\/03153919\/sefaz-am.jpg\",\"keywords\":[\"Recurso\",\"Recursos\"],\"articleSection\":[\"Fiscal - Estadual (ICMS)\",\"\u00daltimas not\u00edcias\"],\"inLanguage\":\"pt-BR\",\"potentialAction\":[{\"@type\":\"CommentAction\",\"name\":\"Comment\",\"target\":[\"https:\/\/www.estrategiaconcursos.com.br\/blog\/concurso-sefaz-am-recursos-assistente-administrativo\/#respond\"]}],\"copyrightYear\":\"2022\",\"copyrightHolder\":{\"@id\":\"https:\/\/www.estrategiaconcursos.com.br\/blog\/#organization\"}},{\"@type\":\"WebPage\",\"@id\":\"https:\/\/www.estrategiaconcursos.com.br\/blog\/concurso-sefaz-am-recursos-assistente-administrativo\/\",\"url\":\"https:\/\/www.estrategiaconcursos.com.br\/blog\/concurso-sefaz-am-recursos-assistente-administrativo\/\",\"name\":\"Concurso Sefaz AM: recursos para Assistente Administrativo\",\"isPartOf\":{\"@id\":\"https:\/\/www.estrategiaconcursos.com.br\/blog\/#website\"},\"primaryImageOfPage\":{\"@id\":\"https:\/\/www.estrategiaconcursos.com.br\/blog\/concurso-sefaz-am-recursos-assistente-administrativo\/#primaryimage\"},\"image\":{\"@id\":\"https:\/\/www.estrategiaconcursos.com.br\/blog\/concurso-sefaz-am-recursos-assistente-administrativo\/#primaryimage\"},\"thumbnailUrl\":\"https:\/\/dhg1h5j42swfq.cloudfront.net\/2021\/04\/03153919\/sefaz-am.jpg\",\"datePublished\":\"2022-05-11T18:18:37+00:00\",\"dateModified\":\"2022-05-11T20:23:47+00:00\",\"description\":\"Concurso Sefaz AM: confira aqui os poss\u00edveis recursos para Assistente Administrativo. Provas foram realizadas no \u00faltimo s\u00e1bado (7)!\",\"breadcrumb\":{\"@id\":\"https:\/\/www.estrategiaconcursos.com.br\/blog\/concurso-sefaz-am-recursos-assistente-administrativo\/#breadcrumb\"},\"inLanguage\":\"pt-BR\",\"potentialAction\":[{\"@type\":\"ReadAction\",\"target\":[\"https:\/\/www.estrategiaconcursos.com.br\/blog\/concurso-sefaz-am-recursos-assistente-administrativo\/\"]}]},{\"@type\":\"ImageObject\",\"inLanguage\":\"pt-BR\",\"@id\":\"https:\/\/www.estrategiaconcursos.com.br\/blog\/concurso-sefaz-am-recursos-assistente-administrativo\/#primaryimage\",\"url\":\"https:\/\/dhg1h5j42swfq.cloudfront.net\/2021\/04\/03153919\/sefaz-am.jpg\",\"contentUrl\":\"https:\/\/dhg1h5j42swfq.cloudfront.net\/2021\/04\/03153919\/sefaz-am.jpg\",\"width\":768,\"height\":432,\"caption\":\"Inscritos Sefaz AM\"},{\"@type\":\"BreadcrumbList\",\"@id\":\"https:\/\/www.estrategiaconcursos.com.br\/blog\/concurso-sefaz-am-recursos-assistente-administrativo\/#breadcrumb\",\"itemListElement\":[{\"@type\":\"ListItem\",\"position\":1,\"name\":\"In\u00edcio\",\"item\":\"https:\/\/www.estrategiaconcursos.com.br\/blog\/\"},{\"@type\":\"ListItem\",\"position\":2,\"name\":\"Concurso Sefaz AM: recursos para Assistente Administrativo\"}]},{\"@type\":\"WebSite\",\"@id\":\"https:\/\/www.estrategiaconcursos.com.br\/blog\/#website\",\"url\":\"https:\/\/www.estrategiaconcursos.com.br\/blog\/\",\"name\":\"Estrat\u00e9gia Concursos\",\"description\":\"O blog da Estrat\u00e9gia Concursos traz not\u00edcias sobre concursos e artigos de professores oferecendo cursos para concursos (pdf + videaulas) no site.\",\"publisher\":{\"@id\":\"https:\/\/www.estrategiaconcursos.com.br\/blog\/#organization\"},\"potentialAction\":[{\"@type\":\"SearchAction\",\"target\":{\"@type\":\"EntryPoint\",\"urlTemplate\":\"https:\/\/www.estrategiaconcursos.com.br\/blog\/?s={search_term_string}\"},\"query-input\":{\"@type\":\"PropertyValueSpecification\",\"valueRequired\":true,\"valueName\":\"search_term_string\"}}],\"inLanguage\":\"pt-BR\"},{\"@type\":\"Organization\",\"@id\":\"https:\/\/www.estrategiaconcursos.com.br\/blog\/#organization\",\"name\":\"Estrat\u00e9gia Concursos\",\"url\":\"https:\/\/www.estrategiaconcursos.com.br\/blog\/\",\"logo\":{\"@type\":\"ImageObject\",\"inLanguage\":\"pt-BR\",\"@id\":\"https:\/\/www.estrategiaconcursos.com.br\/blog\/#\/schema\/logo\/image\/\",\"url\":\"https:\/\/dhg1h5j42swfq.cloudfront.net\/2025\/06\/03203428\/logo_concursos-1.jpg\",\"contentUrl\":\"https:\/\/dhg1h5j42swfq.cloudfront.net\/2025\/06\/03203428\/logo_concursos-1.jpg\",\"width\":230,\"height\":60,\"caption\":\"Estrat\u00e9gia Concursos\"},\"image\":{\"@id\":\"https:\/\/www.estrategiaconcursos.com.br\/blog\/#\/schema\/logo\/image\/\"},\"sameAs\":[\"https:\/\/x.com\/EstratConcursos\"]},{\"@type\":\"Person\",\"@id\":\"https:\/\/www.estrategiaconcursos.com.br\/blog\/#\/schema\/person\/84ecdc6eb58d3cf1689bf76c5cd8fb38\",\"name\":\"Camila Leite\",\"image\":{\"@type\":\"ImageObject\",\"inLanguage\":\"pt-BR\",\"@id\":\"https:\/\/secure.gravatar.com\/avatar\/f2f8faef639c8a2bfb7fb909912a56917f4c3a0aed064500168e2fb8ea55cf61?s=96&d=mm&r=g\",\"url\":\"https:\/\/secure.gravatar.com\/avatar\/f2f8faef639c8a2bfb7fb909912a56917f4c3a0aed064500168e2fb8ea55cf61?s=96&d=mm&r=g\",\"contentUrl\":\"https:\/\/secure.gravatar.com\/avatar\/f2f8faef639c8a2bfb7fb909912a56917f4c3a0aed064500168e2fb8ea55cf61?s=96&d=mm&r=g\",\"caption\":\"Camila Leite\"},\"description\":\"Formada em Design Gr\u00e1fico e em Propaganda e Marketing pela UNIP, integra a equipe de jornalismo do Estrat\u00e9gia Concursos desde 2018. Ao longo dos anos, construiu uma s\u00f3lida experi\u00eancia na produ\u00e7\u00e3o de conte\u00fado informativo e relevante para concurseiros. Desde 2020, atua na cobertura das \u00e1reas Fiscal \u2014 com \u00eanfase nas Secretarias de Fazenda (Sefaz) das regi\u00f5es Sul e Sudeste \u2014, al\u00e9m da cobertura de concursos federais, como CNU, Petrobras, CGU, Receita Federal, ag\u00eancias reguladoras (Anvisa, ANAC, entre outras) e INSS. Mant\u00e9m contato direto com os principais \u00f3rg\u00e3os p\u00fablicos, acompanhando editais, atualiza\u00e7\u00f5es e movimenta\u00e7\u00f5es importantes para os candidatos.\",\"sameAs\":[\"https:\/\/www.linkedin.com\/in\/camila-pinheiro-leite-9ba135b6\/\"],\"url\":\"https:\/\/www.estrategiaconcursos.com.br\/blog\/author\/camila-leiteestrategiaconcursos-com-br\/\"}]}<\/script>\n<!-- \/ Yoast SEO Premium plugin. -->","yoast_head_json":{"title":"Concurso Sefaz AM: recursos para Assistente Administrativo","description":"Concurso Sefaz AM: confira aqui os poss\u00edveis recursos para Assistente Administrativo. Provas foram realizadas no \u00faltimo s\u00e1bado (7)!","robots":{"index":"index","follow":"follow","max-snippet":"max-snippet:-1","max-image-preview":"max-image-preview:large","max-video-preview":"max-video-preview:-1"},"canonical":"https:\/\/www.estrategiaconcursos.com.br\/blog\/concurso-sefaz-am-recursos-assistente-administrativo\/","og_locale":"pt_BR","og_type":"article","og_title":"Concurso Sefaz AM: recursos para Assistente Administrativo","og_description":"Concurso Sefaz AM: confira aqui os poss\u00edveis recursos para Assistente Administrativo. Provas foram realizadas no \u00faltimo s\u00e1bado (7)!","og_url":"https:\/\/www.estrategiaconcursos.com.br\/blog\/concurso-sefaz-am-recursos-assistente-administrativo\/","og_site_name":"Estrat\u00e9gia Concursos","article_published_time":"2022-05-11T18:18:37+00:00","article_modified_time":"2022-05-11T20:23:47+00:00","og_image":[{"width":768,"height":432,"url":"https:\/\/dhg1h5j42swfq.cloudfront.net\/2021\/04\/03153919\/sefaz-am.jpg","type":"image\/jpeg"}],"author":"Camila Leite","twitter_card":"summary_large_image","twitter_creator":"@EstratConcursos","twitter_site":"@EstratConcursos","twitter_misc":{"Escrito por":"Camila Leite","Est. tempo de leitura":"5 minutos"},"schema":{"@context":"https:\/\/schema.org","@graph":[{"@type":"NewsArticle","@id":"https:\/\/www.estrategiaconcursos.com.br\/blog\/concurso-sefaz-am-recursos-assistente-administrativo\/#article","isPartOf":{"@id":"https:\/\/www.estrategiaconcursos.com.br\/blog\/concurso-sefaz-am-recursos-assistente-administrativo\/"},"author":{"name":"Camila Leite","@id":"https:\/\/www.estrategiaconcursos.com.br\/blog\/#\/schema\/person\/84ecdc6eb58d3cf1689bf76c5cd8fb38"},"headline":"Concurso Sefaz AM: recursos para Assistente Administrativo","datePublished":"2022-05-11T18:18:37+00:00","dateModified":"2022-05-11T20:23:47+00:00","mainEntityOfPage":{"@id":"https:\/\/www.estrategiaconcursos.com.br\/blog\/concurso-sefaz-am-recursos-assistente-administrativo\/"},"wordCount":800,"commentCount":0,"publisher":{"@id":"https:\/\/www.estrategiaconcursos.com.br\/blog\/#organization"},"image":{"@id":"https:\/\/www.estrategiaconcursos.com.br\/blog\/concurso-sefaz-am-recursos-assistente-administrativo\/#primaryimage"},"thumbnailUrl":"https:\/\/dhg1h5j42swfq.cloudfront.net\/2021\/04\/03153919\/sefaz-am.jpg","keywords":["Recurso","Recursos"],"articleSection":["Fiscal - Estadual (ICMS)","\u00daltimas not\u00edcias"],"inLanguage":"pt-BR","potentialAction":[{"@type":"CommentAction","name":"Comment","target":["https:\/\/www.estrategiaconcursos.com.br\/blog\/concurso-sefaz-am-recursos-assistente-administrativo\/#respond"]}],"copyrightYear":"2022","copyrightHolder":{"@id":"https:\/\/www.estrategiaconcursos.com.br\/blog\/#organization"}},{"@type":"WebPage","@id":"https:\/\/www.estrategiaconcursos.com.br\/blog\/concurso-sefaz-am-recursos-assistente-administrativo\/","url":"https:\/\/www.estrategiaconcursos.com.br\/blog\/concurso-sefaz-am-recursos-assistente-administrativo\/","name":"Concurso Sefaz AM: recursos para Assistente Administrativo","isPartOf":{"@id":"https:\/\/www.estrategiaconcursos.com.br\/blog\/#website"},"primaryImageOfPage":{"@id":"https:\/\/www.estrategiaconcursos.com.br\/blog\/concurso-sefaz-am-recursos-assistente-administrativo\/#primaryimage"},"image":{"@id":"https:\/\/www.estrategiaconcursos.com.br\/blog\/concurso-sefaz-am-recursos-assistente-administrativo\/#primaryimage"},"thumbnailUrl":"https:\/\/dhg1h5j42swfq.cloudfront.net\/2021\/04\/03153919\/sefaz-am.jpg","datePublished":"2022-05-11T18:18:37+00:00","dateModified":"2022-05-11T20:23:47+00:00","description":"Concurso Sefaz AM: confira aqui os poss\u00edveis recursos para Assistente Administrativo. Provas foram realizadas no \u00faltimo s\u00e1bado (7)!","breadcrumb":{"@id":"https:\/\/www.estrategiaconcursos.com.br\/blog\/concurso-sefaz-am-recursos-assistente-administrativo\/#breadcrumb"},"inLanguage":"pt-BR","potentialAction":[{"@type":"ReadAction","target":["https:\/\/www.estrategiaconcursos.com.br\/blog\/concurso-sefaz-am-recursos-assistente-administrativo\/"]}]},{"@type":"ImageObject","inLanguage":"pt-BR","@id":"https:\/\/www.estrategiaconcursos.com.br\/blog\/concurso-sefaz-am-recursos-assistente-administrativo\/#primaryimage","url":"https:\/\/dhg1h5j42swfq.cloudfront.net\/2021\/04\/03153919\/sefaz-am.jpg","contentUrl":"https:\/\/dhg1h5j42swfq.cloudfront.net\/2021\/04\/03153919\/sefaz-am.jpg","width":768,"height":432,"caption":"Inscritos Sefaz AM"},{"@type":"BreadcrumbList","@id":"https:\/\/www.estrategiaconcursos.com.br\/blog\/concurso-sefaz-am-recursos-assistente-administrativo\/#breadcrumb","itemListElement":[{"@type":"ListItem","position":1,"name":"In\u00edcio","item":"https:\/\/www.estrategiaconcursos.com.br\/blog\/"},{"@type":"ListItem","position":2,"name":"Concurso Sefaz AM: recursos para Assistente Administrativo"}]},{"@type":"WebSite","@id":"https:\/\/www.estrategiaconcursos.com.br\/blog\/#website","url":"https:\/\/www.estrategiaconcursos.com.br\/blog\/","name":"Estrat\u00e9gia Concursos","description":"O blog da Estrat\u00e9gia Concursos traz not\u00edcias sobre concursos e artigos de professores oferecendo cursos para concursos (pdf + videaulas) no site.","publisher":{"@id":"https:\/\/www.estrategiaconcursos.com.br\/blog\/#organization"},"potentialAction":[{"@type":"SearchAction","target":{"@type":"EntryPoint","urlTemplate":"https:\/\/www.estrategiaconcursos.com.br\/blog\/?s={search_term_string}"},"query-input":{"@type":"PropertyValueSpecification","valueRequired":true,"valueName":"search_term_string"}}],"inLanguage":"pt-BR"},{"@type":"Organization","@id":"https:\/\/www.estrategiaconcursos.com.br\/blog\/#organization","name":"Estrat\u00e9gia Concursos","url":"https:\/\/www.estrategiaconcursos.com.br\/blog\/","logo":{"@type":"ImageObject","inLanguage":"pt-BR","@id":"https:\/\/www.estrategiaconcursos.com.br\/blog\/#\/schema\/logo\/image\/","url":"https:\/\/dhg1h5j42swfq.cloudfront.net\/2025\/06\/03203428\/logo_concursos-1.jpg","contentUrl":"https:\/\/dhg1h5j42swfq.cloudfront.net\/2025\/06\/03203428\/logo_concursos-1.jpg","width":230,"height":60,"caption":"Estrat\u00e9gia Concursos"},"image":{"@id":"https:\/\/www.estrategiaconcursos.com.br\/blog\/#\/schema\/logo\/image\/"},"sameAs":["https:\/\/x.com\/EstratConcursos"]},{"@type":"Person","@id":"https:\/\/www.estrategiaconcursos.com.br\/blog\/#\/schema\/person\/84ecdc6eb58d3cf1689bf76c5cd8fb38","name":"Camila Leite","image":{"@type":"ImageObject","inLanguage":"pt-BR","@id":"https:\/\/secure.gravatar.com\/avatar\/f2f8faef639c8a2bfb7fb909912a56917f4c3a0aed064500168e2fb8ea55cf61?s=96&d=mm&r=g","url":"https:\/\/secure.gravatar.com\/avatar\/f2f8faef639c8a2bfb7fb909912a56917f4c3a0aed064500168e2fb8ea55cf61?s=96&d=mm&r=g","contentUrl":"https:\/\/secure.gravatar.com\/avatar\/f2f8faef639c8a2bfb7fb909912a56917f4c3a0aed064500168e2fb8ea55cf61?s=96&d=mm&r=g","caption":"Camila Leite"},"description":"Formada em Design Gr\u00e1fico e em Propaganda e Marketing pela UNIP, integra a equipe de jornalismo do Estrat\u00e9gia Concursos desde 2018. Ao longo dos anos, construiu uma s\u00f3lida experi\u00eancia na produ\u00e7\u00e3o de conte\u00fado informativo e relevante para concurseiros. Desde 2020, atua na cobertura das \u00e1reas Fiscal \u2014 com \u00eanfase nas Secretarias de Fazenda (Sefaz) das regi\u00f5es Sul e Sudeste \u2014, al\u00e9m da cobertura de concursos federais, como CNU, Petrobras, CGU, Receita Federal, ag\u00eancias reguladoras (Anvisa, ANAC, entre outras) e INSS. Mant\u00e9m contato direto com os principais \u00f3rg\u00e3os p\u00fablicos, acompanhando editais, atualiza\u00e7\u00f5es e movimenta\u00e7\u00f5es importantes para os candidatos.","sameAs":["https:\/\/www.linkedin.com\/in\/camila-pinheiro-leite-9ba135b6\/"],"url":"https:\/\/www.estrategiaconcursos.com.br\/blog\/author\/camila-leiteestrategiaconcursos-com-br\/"}]}},"_links":{"self":[{"href":"https:\/\/www.estrategiaconcursos.com.br\/blog\/wp-json\/wp\/v2\/posts\/1026206","targetHints":{"allow":["GET"]}}],"collection":[{"href":"https:\/\/www.estrategiaconcursos.com.br\/blog\/wp-json\/wp\/v2\/posts"}],"about":[{"href":"https:\/\/www.estrategiaconcursos.com.br\/blog\/wp-json\/wp\/v2\/types\/post"}],"author":[{"embeddable":true,"href":"https:\/\/www.estrategiaconcursos.com.br\/blog\/wp-json\/wp\/v2\/users\/659"}],"replies":[{"embeddable":true,"href":"https:\/\/www.estrategiaconcursos.com.br\/blog\/wp-json\/wp\/v2\/comments?post=1026206"}],"version-history":[{"count":7,"href":"https:\/\/www.estrategiaconcursos.com.br\/blog\/wp-json\/wp\/v2\/posts\/1026206\/revisions"}],"predecessor-version":[{"id":1026431,"href":"https:\/\/www.estrategiaconcursos.com.br\/blog\/wp-json\/wp\/v2\/posts\/1026206\/revisions\/1026431"}],"wp:featuredmedia":[{"embeddable":true,"href":"https:\/\/www.estrategiaconcursos.com.br\/blog\/wp-json\/wp\/v2\/media\/729964"}],"wp:attachment":[{"href":"https:\/\/www.estrategiaconcursos.com.br\/blog\/wp-json\/wp\/v2\/media?parent=1026206"}],"wp:term":[{"taxonomy":"category","embeddable":true,"href":"https:\/\/www.estrategiaconcursos.com.br\/blog\/wp-json\/wp\/v2\/categories?post=1026206"},{"taxonomy":"post_tag","embeddable":true,"href":"https:\/\/www.estrategiaconcursos.com.br\/blog\/wp-json\/wp\/v2\/tags?post=1026206"},{"taxonomy":"tax_estado","embeddable":true,"href":"https:\/\/www.estrategiaconcursos.com.br\/blog\/wp-json\/wp\/v2\/tax_estado?post=1026206"}],"curies":[{"name":"wp","href":"https:\/\/api.w.org\/{rel}","templated":true}]}}