{"id":1025893,"date":"2022-06-01T08:44:58","date_gmt":"2022-06-01T11:44:58","guid":{"rendered":"https:\/\/www.estrategiaconcursos.com.br\/blog\/?p=1025893"},"modified":"2022-06-01T10:12:29","modified_gmt":"2022-06-01T13:12:29","slug":"adi-acao-direta-inconstitucionalidade","status":"publish","type":"post","link":"https:\/\/www.estrategiaconcursos.com.br\/blog\/adi-acao-direta-inconstitucionalidade\/","title":{"rendered":"O que \u00e9 a ADI (A\u00e7\u00e3o Direta de Inconstitucionalidade)?"},"content":{"rendered":"\n<p>Voc\u00ea sabe o que \u00e9 uma <strong><mark style=\"background-color:rgba(0, 0, 0, 0)\" class=\"has-inline-color has-vivid-cyan-blue-color\">ADI (A\u00e7\u00e3o Direta de Inconstitucionalidade)<\/mark><\/strong>? <\/p>\n\n\n\n<p>N\u00e3o? Pois ent\u00e3o chegou a hora de voc\u00ea aprender, de uma vez por todas, sobre este importante instrumento de controle de constitucionalidade.<\/p>\n\n\n\n<div class=\"wp-block-image\"><figure class=\"aligncenter size-full is-resized\"><img loading=\"lazy\" decoding=\"async\" src=\"https:\/\/dhg1h5j42swfq.cloudfront.net\/2021\/02\/25104339\/constituicao-federal-do-brasil-de-1988-1.jpg\" alt=\"O que \u00e9 a ADI (A\u00e7\u00e3o Direta de Inconstitucionalidade)?\" class=\"wp-image-680019\" width=\"493\" height=\"277\" srcset=\"https:\/\/dhg1h5j42swfq.cloudfront.net\/2021\/02\/25104339\/constituicao-federal-do-brasil-de-1988-1.jpg 720w, https:\/\/dhg1h5j42swfq.cloudfront.net\/2021\/02\/25104339\/constituicao-federal-do-brasil-de-1988-1-300x169.jpg 300w, https:\/\/dhg1h5j42swfq.cloudfront.net\/2021\/02\/25104339\/constituicao-federal-do-brasil-de-1988-1-610x343.jpg 610w\" sizes=\"auto, (max-width: 493px) 100vw, 493px\" \/><figcaption>O que \u00e9 a ADI (A\u00e7\u00e3o Direta de Inconstitucionalidade)?<\/figcaption><\/figure><\/div>\n\n\n\n<h2 class=\"wp-block-heading\" id=\"h-o-que-e-a-adi-acao-direta-de-inconstitucionalidade\"><mark style=\"background-color:rgba(0, 0, 0, 0)\" class=\"has-inline-color has-vivid-cyan-blue-color\">O que \u00e9 a ADI (A\u00e7\u00e3o Direta de Inconstitucionalidade)?<\/mark><\/h2>\n\n\n\n<p>A <strong><mark style=\"background-color:rgba(0, 0, 0, 0)\" class=\"has-inline-color has-vivid-cyan-blue-color\">ADI (A\u00e7\u00e3o Direta de Inconstitucionalidade)<\/mark><\/strong> \u00e9 o principal e mais utilizado instrumento de <strong><a href=\"https:\/\/www.estrategiaconcursos.com.br\/blog\/resumo-controle-constitucionalidade\/\" target=\"_blank\" rel=\"noreferrer noopener\">controle concentrado de constitucionalidade<\/a><\/strong>, o qual \u00e9 utilizado para solicitar ao <strong>Supremo Tribunal Federal (STF)<\/strong> que algum <strong>ato normativo<\/strong>, como <strong>leis<\/strong>, ou parte dele, <strong>federal <\/strong>ou <strong>estadual<\/strong>, seja <strong><mark style=\"background-color:rgba(0, 0, 0, 0)\" class=\"has-inline-color has-vivid-cyan-blue-color\">declarado inconstitucional<\/mark><\/strong>, por acreditar que a sua reda\u00e7\u00e3o <strong>viola o texto da Constitui\u00e7\u00e3o Federal<\/strong>.<\/p>\n\n\n\n<p>Vamos a um <strong>exemplo <\/strong>real de aplica\u00e7\u00e3o de uma ADI.<\/p>\n\n\n\n<p>Os artigos 20 e 21 do <strong>C\u00f3digo Civil<\/strong> diziam que era <strong>obrigat\u00f3rio <\/strong>a <strong>autoriza\u00e7\u00e3o <\/strong>pr\u00e9via de biografados para a produ\u00e7\u00e3o de <strong>biografias<\/strong>. Desse modo, a Associa\u00e7\u00e3o Nacional dos Editores de Livros (ANEL) prop\u00f4s uma ADI perante o STF, alegando que tais dispositivos conteriam regras incompat\u00edveis com a liberdade de express\u00e3o e de informa\u00e7\u00e3o, dispostas na Constitui\u00e7\u00e3o Federal.<\/p>\n\n\n\n<p>Desse modo, a Suprema Corte julgou <strong>procedente <\/strong>o pedido da ANEL, por meio da <strong>ADI 4.815<\/strong>, tornando desnecess\u00e1ria essa autoriza\u00e7\u00e3o.<\/p>\n\n\n\n<p><strong><mark style=\"background-color:rgba(0, 0, 0, 0)\" class=\"has-inline-color has-vivid-red-color\">A SABER:<\/mark><\/strong> A ADI \u00e9 apenas utilizada para aferir atos normativos <strong>federais <\/strong>ou <strong>estaduais <\/strong>editadas <strong><mark style=\"background-color:rgba(0, 0, 0, 0)\" class=\"has-inline-color has-vivid-cyan-blue-color\">posteriormente <\/mark><\/strong>\u00e0 promulga\u00e7\u00e3o da <strong>Constitui\u00e7\u00e3o Federal de 1988<\/strong> (CF\/88).<\/p>\n\n\n\n<h2 class=\"wp-block-heading\" id=\"h-quem-pode-entrar-com-a-adi-acao-direta-de-inconstitucionalidade\"><mark style=\"background-color:rgba(0, 0, 0, 0)\" class=\"has-inline-color has-vivid-cyan-blue-color\">Quem pode entrar com a ADI (A\u00e7\u00e3o Direta de Inconstitucionalidade)?<\/mark><\/h2>\n\n\n\n<p>Primeiramente, \u00e9 importante que voc\u00ea saiba que <strong>n\u00e3o \u00e9 qualquer pessoa<\/strong> que pode ingressar com uma A\u00e7\u00e3o Direta de Inconstitucionalidade.<\/p>\n\n\n\n<p>A Constitui\u00e7\u00e3o Federal Brasileira trouxe, de maneira expressa, um rol de <strong>legitimados <\/strong>para propor a ADI perante o Supremo Tribunal Federal.<\/p>\n\n\n\n<p>Nesse sentido, <strong><mark style=\"background-color:rgba(0, 0, 0, 0)\" class=\"has-inline-color has-vivid-cyan-blue-color\">podem propor a a\u00e7\u00e3o direta de inconstitucionalidade (ADI)<\/mark><\/strong>:&nbsp;<\/p>\n\n\n\n<ul class=\"wp-block-list\"><li>o<strong> Presidente da Rep\u00fablica<\/strong>;<\/li><li>a <strong>Mesa <\/strong>do <strong>Senado Federal<\/strong>;<\/li><li>a <strong>Mesa <\/strong>da <strong>C\u00e2mara dos Deputados<\/strong>;<\/li><li>a <strong>Mesa <\/strong>de <strong>Assembleia Legislativa<\/strong> ou da <strong>C\u00e2mara Legislativa do Distrito Federal<\/strong>;&nbsp;&nbsp;&nbsp;&nbsp;&nbsp;&nbsp;&nbsp;&nbsp;&nbsp;<\/li><li>o <strong>Governador <\/strong>de Estado ou do Distrito Federal;&nbsp;<\/li><li>o <strong>Procurador-Geral da Rep\u00fablica<\/strong>;<\/li><li>o <strong>Conselho Federal <\/strong>da Ordem dos Advogados do Brasil (<strong>OAB<\/strong>);<\/li><li>o <strong>partido pol\u00edtico<\/strong> com representa\u00e7\u00e3o no Congresso Nacional;<\/li><li>a <strong>confedera\u00e7\u00e3o sindical<\/strong> ou <strong>entidade de classe<\/strong> de \u00e2mbito nacional.<\/li><\/ul>\n\n\n\n<p><strong><mark style=\"background-color:rgba(0, 0, 0, 0)\" class=\"has-inline-color has-vivid-red-color\">PARA FIXAR: <\/mark><\/strong>Podem propor a ADI:<\/p>\n\n\n\n<p><strong><mark style=\"background-color:rgba(0, 0, 0, 0)\" class=\"has-inline-color has-vivid-cyan-blue-color\">3 pessoas<\/mark><\/strong>: Presidente, PGR e Governador;<\/p>\n\n\n\n<p><strong><mark style=\"background-color:rgba(0, 0, 0, 0)\" class=\"has-inline-color has-vivid-cyan-blue-color\">3 mesas<\/mark><\/strong>: Mesa do Senado, Mesa da C\u00e2mara dos Deputados e Mesa da Assembleia Legislativa;<\/p>\n\n\n\n<p><strong><mark style=\"background-color:rgba(0, 0, 0, 0)\" class=\"has-inline-color has-vivid-cyan-blue-color\">3 \u00f3rg\u00e3os<\/mark><\/strong>: Conselho Federal da OAB, Partido Pol\u00edtico e a Confedera\u00e7\u00e3o Sindical ou Entidade de Classe.<\/p>\n\n\n\n<p>Contudo, em rela\u00e7\u00e3o a tr\u00eas dos legitimados acima, para que eles possam propor uma ADI, \u00e9 necess\u00e1rio que haja a chamada&nbsp;<strong><mark style=\"background-color:rgba(0, 0, 0, 0)\" class=\"has-inline-color has-vivid-cyan-blue-color\">pertin\u00eancia tem\u00e1tica<\/mark><\/strong>. Dessa maneira, \u00e9 imprescind\u00edvel que eles demonstrem o seu&nbsp;<strong>leg\u00edtimo interesse&nbsp;<\/strong>na declara\u00e7\u00e3o da inconstitucionalidade do ato normativo em quest\u00e3o. Por isso, s\u00e3o chamados de <strong>legitimados especiais<\/strong>. S\u00e3o eles: o&nbsp;<strong>Governador<\/strong>,&nbsp;a<strong>&nbsp;Mesa da Assembleia Legislativa&nbsp;<\/strong>e a&nbsp;<strong>Confedera\u00e7\u00e3o Sindical ou Entidade de Classe<\/strong>.<\/p>\n\n\n\n<p><strong><mark style=\"background-color:rgba(0, 0, 0, 0)\" class=\"has-inline-color has-vivid-red-color\">OBSERVA\u00c7\u00d5ES:<\/mark><\/strong><\/p>\n\n\n\n<ul class=\"wp-block-list\"><li>Apenas as <strong>Mesas&nbsp;<\/strong>da <strong>C\u00e2mara<\/strong> ou do <strong>Senado <\/strong>podem propor a ADI. Desse modo, n\u00e3o s\u00e3o legitimados a Mesa do Congresso, bem como um parlamentar, individualmente;<\/li><li>Em rela\u00e7\u00e3o \u00e0 legitimidade do <strong>Partido Pol\u00edtico<\/strong>, \u00e9 necess\u00e1rio que ele seja representado por&nbsp;<strong>pelo menos um parlamentar&nbsp;<\/strong>no Congresso;<\/li><li>As <strong>Confedera\u00e7\u00f5es Sindicais<\/strong> e<strong> Entidades de Classe<\/strong> precisam ser de&nbsp;<strong>\u00e2mbito nacional<\/strong>, n\u00e3o sendo permitidas as de \u00e2mbito local ou regional.<\/li><\/ul>\n\n\n\n<p>Importante salientar que dois dos legitimados necessitam de<strong> <mark style=\"background-color:rgba(0, 0, 0, 0)\" class=\"has-inline-color has-vivid-cyan-blue-color\">advogado <\/mark><\/strong>para a propositura da ADI: o <strong>Partido Pol\u00edtico<\/strong> e a <strong>Confedera\u00e7\u00e3o Sindical ou Entidade de Classe de \u00e2mbito nacional<\/strong>.<\/p>\n\n\n\n<div class=\"container\" id=\"boxes\">\n  <div class=\"row\">\n\n    <div class=\"col-sm\">\n      <div class=\"banner-adm\" id=\"box-assinatura\">\n        <h3 class=\"titulo-assinatura\">Concursos abertos<\/h3>\n        <p class=\"subtitulo-assinatura\">Estude conosco<\/p>\n        <div class=\"box-botao\">\n          <a class=\"btn-assinatura\" target=\"_blank\" href=\"https:\/\/www.estrategiaconcursos.com.br\/cursos\/\" role=\"button\" rel=\"noopener noreferrer\">Conhe\u00e7a os cursos<\/a>\n        <\/div>\n      <\/div>\n      \n    <\/div>\n\n  <\/div>\n<\/div>\n\n\n\n<h2 class=\"wp-block-heading\" id=\"h-quando-cabe-a-adi-acao-direta-de-inconstitucionalidade\"><mark style=\"background-color:rgba(0, 0, 0, 0)\" class=\"has-inline-color has-vivid-cyan-blue-color\">Quando cabe a ADI (A\u00e7\u00e3o Direta de Inconstitucionalidade)?<\/mark><\/h2>\n\n\n\n<p>A ADI pode ser ingressada para arguir a inconstitucionalidade de <strong>atos normativos <mark style=\"background-color:rgba(0, 0, 0, 0)\" class=\"has-inline-color has-vivid-cyan-blue-color\">federais <\/mark><\/strong>ou <strong><mark style=\"background-color:rgba(0, 0, 0, 0)\" class=\"has-inline-color has-vivid-cyan-blue-color\">estaduais<\/mark><\/strong>.<\/p>\n\n\n\n<p>Para isso, \u00e9 importante que tal ato seja eivado de <strong>generalidade <\/strong>e <strong>abstra\u00e7\u00e3o<\/strong>.<\/p>\n\n\n\n<p>Desse modo, podem ser <strong><mark style=\"background-color:rgba(0, 0, 0, 0)\" class=\"has-inline-color has-vivid-cyan-blue-color\">objetos de ADI <\/mark><\/strong>os seguintes atos normativos, <strong>federal<\/strong> ou <strong>estadual<\/strong>:<\/p>\n\n\n\n<ul class=\"wp-block-list\"><li><strong>Emendas constitucionais;<\/strong><\/li><li><strong>Leis complementares, ordin\u00e1rias <\/strong>ou <strong>delegadas;<\/strong><\/li><li><strong>Medidas Provis\u00f3rias;<\/strong><\/li><li><strong>Decretos legislativos <\/strong>e<strong> Resolu\u00e7\u00f5es do Poder Legislativo;<\/strong><\/li><li><strong>Decretos aut\u00f4nomos;<\/strong><\/li><li><strong>Tratados internacionais;<\/strong><\/li><li><strong>Regimentos Internos <\/strong>dos <strong>Tribunais <\/strong>e das<strong> Casas Legislativas;<\/strong><\/li><li><strong>Constitui\u00e7\u00f5es Estaduais;<\/strong><\/li><li><strong>Resolu\u00e7\u00e3o do TSE.<\/strong><\/li><\/ul>\n\n\n\n<p><strong><mark style=\"background-color:rgba(0, 0, 0, 0)\" class=\"has-inline-color has-vivid-red-color\">OBSERVA\u00c7\u00d5ES:<\/mark><\/strong><\/p>\n\n\n\n<p>No caso das <strong>medidas provis\u00f3rias<\/strong>, caso ela <strong>caduque<\/strong> ou seja <strong>rejeitada<\/strong>, a ADI ser\u00e1 <strong>prejudicada<\/strong>.<\/p>\n\n\n\n<p>Em rela\u00e7\u00e3o aos<strong> tratados internacionais<\/strong>, cabe ADI, <strong>independente <\/strong>da sua <strong>mat\u00e9ria<\/strong>, seja tratado comum ou de direitos humanos.<\/p>\n\n\n\n<p>Nesse sentido, tamb\u00e9m cabe ADI, inclusive, para <strong>decreto <\/strong>do<strong> Chefe do Executivo<\/strong> que <strong>promulga tratados internacionais<\/strong>.<\/p>\n\n\n\n<p>Por fim, \u00e9 v\u00e1lido ADI em face de <strong>Resolu\u00e7\u00f5es do TSE,<\/strong> desde que, a pretexto de regulamentar dispositivos legais, assuma car\u00e1ter <strong>aut\u00f4nomo<\/strong> e <strong>inovador<\/strong>.<\/p>\n\n\n\n<h2 class=\"wp-block-heading\" id=\"h-quando-nao-cabe-adi-acao-direta-de-inconstitucionalidade\"><mark style=\"background-color:rgba(0, 0, 0, 0)\" class=\"has-inline-color has-vivid-cyan-blue-color\">Quando n\u00e3o cabe ADI (A\u00e7\u00e3o Direta de Inconstitucionalidade)?<\/mark><\/h2>\n\n\n\n<p>\u00c9 importante que voc\u00ea saiba que h\u00e1 situa\u00e7\u00f5es que n\u00e3o cabem a A\u00e7\u00e3o Direta de Inconstitucionalidade, sendo que algumas j\u00e1 foram citadas no decorrer do artigo.<\/p>\n\n\n\n<p>Desse modo, <strong><mark style=\"background-color:rgba(0, 0, 0, 0)\" class=\"has-inline-color has-vivid-cyan-blue-color\">n\u00e3o cabe ADI<\/mark><\/strong> em face de:<\/p>\n\n\n\n<ul class=\"wp-block-list\"><li>Normas <strong>origin\u00e1rias <\/strong>da <strong>Constitui\u00e7\u00e3o Federal de 1988<\/strong>;<\/li><li>Atos normativos <strong>municipais<\/strong>;<\/li><li>Atos normativos criados <strong>antes<\/strong> da promulga\u00e7\u00e3o da <strong>CF\/88<\/strong>;<\/li><li><strong>Lei Distrital<\/strong> editada no exerc\u00edcio da compet\u00eancia <strong>municipal<\/strong>;<\/li><li>Atos de <strong>efeitos concretos<\/strong>;<\/li><li>Leis e atos normativos <strong>revogados<\/strong>, ou com <strong>efic\u00e1cia exaurida<\/strong>;<\/li><li><strong>S\u00famulas <\/strong>e <strong>S\u00famulas Vinculantes<\/strong>;<\/li><li>Atos <strong>infralegais<\/strong>.<\/li><\/ul>\n\n\n\n<h2 class=\"wp-block-heading\" id=\"h-quais-sao-os-efeitos-do-julgamento-da-adi-acao-direta-de-inconstitucionalidade\"><mark style=\"background-color:rgba(0, 0, 0, 0)\" class=\"has-inline-color has-vivid-cyan-blue-color\">Quais s\u00e3o os efeitos do julgamento da ADI (A\u00e7\u00e3o Direta de Inconstitucionalidade)?<\/mark><\/h2>\n\n\n\n<p>As<strong><mark style=\"background-color:rgba(0, 0, 0, 0)\" class=\"has-inline-color has-vivid-cyan-blue-color\"> decis\u00f5es definitivas <\/mark><\/strong>do <strong>julgamento <\/strong>do m\u00e9rito da <strong>ADI<\/strong>, pelo Supremo Tribunal Federal, possuem alguns&nbsp;<strong><mark style=\"background-color:rgba(0, 0, 0, 0)\" class=\"has-inline-color has-vivid-cyan-blue-color\">efeitos<\/mark>.<\/strong> Vamos a eles:<\/p>\n\n\n\n<h3 class=\"wp-block-heading\" id=\"h-efeitos-ex-tunc\"><strong><mark style=\"background-color:rgba(0, 0, 0, 0)\" class=\"has-inline-color has-vivid-purple-color\">Efeitos \u201cEx Tunc\u201d<\/mark><\/strong><\/h3>\n\n\n\n<p>Os julgamentos da ADI possuem efeito \u201cex tunc\u201d. Desse modo, em regra, a ADI ter\u00e1 efeitos&nbsp;<strong>retroativos<\/strong>. Sendo assim, a lei declarada inconstitucional ser\u00e1 considerada <strong>inv\u00e1lida <\/strong>desde a sua<strong> cria\u00e7\u00e3o<\/strong>.<\/p>\n\n\n\n<p>Contudo, o STF pode aprovar, por meio do voto de <strong>2\/3 dos seus ministros<\/strong>, a chamada&nbsp;<strong>modula\u00e7\u00e3o tempor\u00e1ria de efeitos<\/strong>, de modo a permitir que a decis\u00e3o apenas seja aplicada a partir de&nbsp;<strong>determinado momento<\/strong>.<\/p>\n\n\n\n<h3 class=\"wp-block-heading\" id=\"h-eficacia-erga-omnes\"><strong><mark style=\"background-color:rgba(0, 0, 0, 0)\" class=\"has-inline-color has-vivid-purple-color\">Efic\u00e1cia<em>&nbsp;<\/em>\u201cErga Omnes\u201d<\/mark><\/strong><\/h3>\n\n\n\n<p>A declara\u00e7\u00e3o de inconstitucionalidade possui efeito \u201cErga Omnes\u201d, ou seja, ela possui efic\u00e1cia<strong> perante todos<\/strong>, e n\u00e3o somente em rela\u00e7\u00e3o \u00e0s pessoas que s\u00e3o parte no processo.<\/p>\n\n\n\n<h3 class=\"wp-block-heading\" id=\"efeito-vinculante\"><strong><mark style=\"background-color:rgba(0, 0, 0, 0)\" class=\"has-inline-color has-vivid-purple-color\">Efeito Vinculante<\/mark><\/strong><\/h3>\n\n\n\n<p>Por fim, a decis\u00e3o tamb\u00e9m possui efeito vinculante, uma vez que ela <strong>vincula <\/strong>todos os demais \u00f3rg\u00e3os do <strong>Poder Judici\u00e1rio<\/strong>, al\u00e9m de toda a <strong>Administra\u00e7\u00e3o P\u00fablica<\/strong>. Contudo, ela&nbsp;<strong>n\u00e3o vincula <\/strong>o<strong> Poder Legislativo <\/strong>e nem o pr\u00f3prio <strong>STF.<\/strong><\/p>\n\n\n\n<p>Desse modo, a pr\u00f3pria Suprema Corte pode decidir, posteriormente, em outra a\u00e7\u00e3o, de maneira diversa. Al\u00e9m disso, n\u00e3o h\u00e1 impedimento para que o Poder Legislativo crie normas contr\u00e1rias \u00e0 decis\u00e3o proferida no julgamento da ADI.<\/p>\n\n\n\n<h2 class=\"wp-block-heading\" id=\"h-processo-e-julgamento-da-adi-acao-direta-de-inconstitucionalidade\"><mark style=\"background-color:rgba(0, 0, 0, 0)\" class=\"has-inline-color has-vivid-cyan-blue-color\">Processo e julgamento da ADI (A\u00e7\u00e3o Direta de Inconstitucionalidade)<\/mark><\/h2>\n\n\n\n<p>J\u00e1 aprendemos neste artigo quais s\u00e3o os <strong>legitimados <\/strong>para propor a a\u00e7\u00e3o direta de inconstitucionalidade. Al\u00e9m disso, tamb\u00e9m sabemos que ela dever\u00e1 ser dirigida ao <strong>STF<\/strong>, o qual possui a compet\u00eancia para julg\u00e1-la.<\/p>\n\n\n\n<p>Na <strong>peti\u00e7\u00e3o inicial<\/strong> da ADI, ela dever\u00e1 <strong>indicar<\/strong> o <strong>dispositivo <\/strong>da lei ou do ato normativo <strong>impugnado <\/strong>e os <strong>fundamentos <\/strong>jur\u00eddicos do pedido em rela\u00e7\u00e3o a cada uma das impugna\u00e7\u00f5es.<\/p>\n\n\n\n<p><strong><mark style=\"background-color:rgba(0, 0, 0, 0)\" class=\"has-inline-color has-vivid-red-color\">A SABER: <\/mark><\/strong>A peti\u00e7\u00e3o inicial poder\u00e1 ser subscrita por <strong>advogado <\/strong>do legitimado, quando acompanhado de <strong>procura\u00e7\u00e3o<\/strong>.<\/p>\n\n\n\n<p>Caso a peti\u00e7\u00e3o inicial seja <strong>inepta<\/strong>,<strong> n\u00e3o fundamentada <\/strong>ou manifestamente <strong>improcedente<\/strong>, elas ser\u00e3o <strong>liminarmente indeferidas<\/strong> pelo relator. Contudo, cabe <strong>agravo<\/strong> da decis\u00e3o que indeferir a peti\u00e7\u00e3o inicial.<\/p>\n\n\n\n<p><strong><mark style=\"background-color:rgba(0, 0, 0, 0)\" class=\"has-inline-color has-vivid-red-color\">FIQUE ATENTO:<\/mark><\/strong> Ap\u00f3s a proposi\u00e7\u00e3o da ADI,<strong> <mark style=\"background-color:rgba(0, 0, 0, 0)\" class=\"has-inline-color has-vivid-cyan-blue-color\">n\u00e3o se admitir\u00e1 desist\u00eancia<\/mark><\/strong>.<\/p>\n\n\n\n<p>O relator da ADI, durante a sua an\u00e1lise, pedir\u00e1 <strong>informa\u00e7\u00f5es <\/strong>aos \u00f3rg\u00e3os ou \u00e0s <strong>autoridades <\/strong>das quais emanou a lei ou o ato normativo impugnado. Tais informa\u00e7\u00f5es ser\u00e3o prestadas no prazo de <strong><mark style=\"background-color:rgba(0, 0, 0, 0)\" class=\"has-inline-color has-vivid-cyan-blue-color\">30 dias<\/mark><\/strong>, contado do recebimento do pedido.<\/p>\n\n\n\n<p>Importante salientar que <strong>n\u00e3o se admitir\u00e1 interven\u00e7\u00e3o de terceiros<\/strong> no processo de a\u00e7\u00e3o direta de inconstitucionalidade. Contudo, o relator, considerando a <strong>relev\u00e2ncia <\/strong>da mat\u00e9ria e a representatividade dos postulantes, poder\u00e1, por despacho irrecorr\u00edvel, admitir a manifesta\u00e7\u00e3o de outros <strong>\u00f3rg\u00e3os<\/strong> ou <strong>entidades<\/strong>.<\/p>\n\n\n\n<p>Seguindo, ap\u00f3s o decorrido o prazo de 30 dias das informa\u00e7\u00f5es, ser\u00e3o <strong>ouvidos<\/strong>, sucessivamente, o <strong>Advogado-Geral da Uni\u00e3o<\/strong> e o <strong>Procurador-Geral da Rep\u00fablica,<\/strong> que dever\u00e3o se manifestar no prazo de <strong><mark style=\"background-color:rgba(0, 0, 0, 0)\" class=\"has-inline-color has-vivid-cyan-blue-color\">15 dias<\/mark><\/strong>.<\/p>\n\n\n\n<p>Caso o relator necessite de <strong>esclarecimento <\/strong>de mat\u00e9ria ou circunst\u00e2ncia de fato ou de not\u00f3ria insufici\u00eancia das informa\u00e7\u00f5es existentes nos autos, ele poder\u00e1 requisitar <strong>informa\u00e7\u00f5es adicionais<\/strong>, designar <strong>perito <\/strong>ou comiss\u00e3o de peritos para que emita <strong>parecer <\/strong>sobre a quest\u00e3o, ou fixar data para, em audi\u00eancia p\u00fablica, ouvir depoimentos de pessoas com experi\u00eancia e autoridade na mat\u00e9ria.<\/p>\n\n\n\n<p>Al\u00e9m disso, ele tamb\u00e9m poder\u00e1 solicitar <strong>informa\u00e7\u00f5es<\/strong> aos <strong>Tribunais Superiores<\/strong>, aos <strong>Tribunais federais<\/strong> e aos <strong>Tribunais estaduais<\/strong> acerca da aplica\u00e7\u00e3o da norma impugnada no \u00e2mbito de sua jurisdi\u00e7\u00e3o.<\/p>\n\n\n\n<p>As informa\u00e7\u00f5es, per\u00edcias e audi\u00eancias citadas acima ser\u00e3o realizadas no prazo de <strong>30 dias<\/strong>, contado da solicita\u00e7\u00e3o do relator.<\/p>\n\n\n\n<p>Assim, ap\u00f3s a an\u00e1lise e o voto do relator, o plen\u00e1rio do STF julgar\u00e1 a ADI, sendo necess\u00e1rio o voto da <strong><mark style=\"background-color:rgba(0, 0, 0, 0)\" class=\"has-inline-color has-vivid-cyan-blue-color\">maioria absoluta<\/mark><\/strong> dos membros da Suprema Corte para que a ADI seja deferida. <\/p>\n\n\n\n<p>Importante salientar que o <strong>julgamento <\/strong>apenas <strong>acontecer\u00e1 <\/strong>caso estejam <strong>presentes <\/strong>na sess\u00e3o pelo menos <strong><mark style=\"background-color:rgba(0, 0, 0, 0)\" class=\"has-inline-color has-vivid-cyan-blue-color\">oito<\/mark><\/strong> Ministros.<\/p>\n\n\n\n<p>Da decis\u00e3o do STF <strong><mark style=\"background-color:rgba(0, 0, 0, 0)\" class=\"has-inline-color has-vivid-cyan-blue-color\">n\u00e3o cabe recurso<\/mark><\/strong>, mas apenas <strong>embargos de declara\u00e7\u00e3o<\/strong>, que \u00e9 um instrumento que pode ser utilizado para esclarecer contradi\u00e7\u00f5es ou omiss\u00f5es durante o julgamento do Supremo Tribunal Federal.<\/p>\n\n\n\n<h2 class=\"wp-block-heading\" id=\"h-finalizando\"><mark style=\"background-color:rgba(0, 0, 0, 0)\" class=\"has-inline-color has-vivid-cyan-blue-color\">Finalizando<\/mark><\/h2>\n\n\n\n<p>Pessoal, chegamos ao fim do nosso artigo. Esperamos que tenham gostado.<\/p>\n\n\n\n<p>Procuramos explicar, de maneira simples e did\u00e1tica, o que \u00e9 a ADI (A\u00e7\u00e3o Direta de Inconstitucionalidade). Definimos o seu conceito, bem como as suas finalidades e aplica\u00e7\u00f5es.<\/p>\n\n\n\n<p>Este t\u00f3pico \u00e9 bastante comum em concursos p\u00fablicos. Caso queira se preparar para chegar&nbsp;<strong>competitivo&nbsp;<\/strong>em qualquer prova, invista nos&nbsp;<a href=\"https:\/\/www.estrategiaconcursos.com.br\/cursos\/concurso\/\" target=\"_blank\" rel=\"noreferrer noopener\"><strong>cursos do&nbsp;Estrat\u00e9gia Concursos<\/strong><\/a>.&nbsp;<\/p>\n\n\n\n<p>L\u00e1 voc\u00ea encontrar\u00e1&nbsp;<strong>aulas completas e detalhadas, com os melhores professores do mercado<\/strong>.<\/p>\n\n\n\n<p>Conhe\u00e7a tamb\u00e9m o&nbsp;<a href=\"https:\/\/questoes.estrategiaconcursos.com.br\/\" target=\"_blank\" rel=\"noreferrer noopener\">Sistema de Quest\u00f5es do Estrat\u00e9gia<\/a>. Afinal, a \u00fanica maneira de&nbsp;<strong>consolidar o conte\u00fado&nbsp;<\/strong>de maneira satisfat\u00f3ria \u00e9 atrav\u00e9s da&nbsp;<strong>resolu\u00e7\u00e3o de quest\u00f5es.<\/strong><\/p>\n\n\n\n<p>Bons estudos a todos e at\u00e9 a pr\u00f3xima!<\/p>\n\n\n\n<h2 class=\"has-text-align-center wp-block-heading\" id=\"h-cursos-e-assinaturas\">Cursos e Assinaturas <\/h2>\n\n\n\n<p>Prepare-se com o melhor material e com quem mais aprova em Concursos P\u00fablicos em todo o pa\u00eds!<\/p>\n\n\n\n<p class=\"has-text-align-center has-vivid-cyan-blue-color has-text-color has-background\" style=\"background-color:#0078bd\"><a href=\"https:\/\/www.estrategiaconcursos.com.br\/blog\/concursos-abertos\/\" target=\"_blank\" rel=\"noreferrer noopener\"><strong><span class=\"has-inline-color has-white-color\">Concursos abertos<\/span><\/strong><\/a><\/p>\n\n\n\n<p class=\"has-text-align-center has-vivid-cyan-blue-color has-text-color has-background\" style=\"background-color:#0072b4\"><strong><a href=\"https:\/\/www.estrategiaconcursos.com.br\/blog\/concursos-2022\/\" target=\"_blank\" rel=\"noreferrer noopener\"><span class=\"has-inline-color has-white-color\">Concursos 2022<\/span><\/a><\/strong><\/p>\n\n\n\n<div class=\"container\" id=\"boxes\">\n  <div class=\"row\">\n    <div class=\"col-sm\">\n      <div class=\"estrategia\" id=\"box-assinatura\">\n        <h3 class=\"titulo-assinatura\">Assinatura de Concursos<\/h3>\n        <p class=\"subtitulo-assinatura\">Assinatura de 1 ano ou 2 anos<\/p>\n        <div class=\"box-botao\">\n          <a class=\"btn-assinatura\" target=\"_blank\" href=\"https:\/\/www.estrategiaconcursos.com.br\/assinaturas\/\" role=\"button\" rel=\"noopener noreferrer\">ASSINE AGORA<\/a>\n        <\/div>\n      <\/div>\n      \n    <\/div><\/div><\/div>\n","protected":false},"excerpt":{"rendered":"<p>Voc\u00ea sabe o que \u00e9 uma ADI (A\u00e7\u00e3o Direta de Inconstitucionalidade)? N\u00e3o? Pois ent\u00e3o chegou a hora de voc\u00ea aprender, de uma vez por todas, sobre este importante instrumento de controle de constitucionalidade. O que \u00e9 a ADI (A\u00e7\u00e3o Direta de Inconstitucionalidade)? A ADI (A\u00e7\u00e3o Direta de Inconstitucionalidade) \u00e9 o principal e mais utilizado instrumento [&hellip;]<\/p>\n","protected":false},"author":1976,"featured_media":680019,"comment_status":"open","ping_status":"closed","sticky":false,"template":"","format":"standard","meta":{"post_tipo":"article","footnotes":""},"categories":[220215,220216,220192,2313,220015,1,220180,164300,3766,220184,220242,214992,220181,1983,220182,220183,6741,220185,2185,220016,220193,220194,220195,220196,220197,2017,220188,1988,220189,220190,220186,220187,220191,1981,1984,220737,214710],"tags":[],"tax_estado":[219964,219965,219966,219967,219968,219969,219963,219970,219971,219972,219973,219974,219975,219976,219977,219978,219979,219980,219981,219982,219983,219984,219985,219986,219987,219988,219989,219990],"class_list":["post-1025893","post","type-post","status-publish","format-standard","has-post-thumbnail","hentry","category-agencia-reguladora","category-agencia-reguladora-agencia-reguladora","category-anpad","category-carreiras-bancarias","category-cfc","category-cursos-e-concursos","category-controle-gestao","category-concurso-diplomacia","category-educacional","category-engenharias-e-ti","category-estrategia-militares","category-concursos-administrativos","category-area-financeira","category-fiscal-estadual","category-fiscal-federal","category-fiscal-municipal","category-forcas-armadas-oficiais","category-forcas-armadas-pracas","category-carreiras-juridicas","category-cartorios","category-defensoria-publica","category-delegado","category-magistratura","category-procuradorias","category-promotor-de-justica","category-concursos-legislativos","category-policial-agente-penitenciario","category-policia","category-policial-guarda-civis","category-policial-peritos","category-policial-oficial","category-policial-pracas","category-previdenciaria","category-saude","category-tribunais","category-tribunais-tribunais","category-tribunais-de-contas","tax_estado-ac","tax_estado-al","tax_estado-am","tax_estado-ap","tax_estado-ba","tax_estado-ce","tax_estado-concursos-federais","tax_estado-df","tax_estado-es","tax_estado-go","tax_estado-ma","tax_estado-mg","tax_estado-ms","tax_estado-mt","tax_estado-pa","tax_estado-pb","tax_estado-pe","tax_estado-pi","tax_estado-pr","tax_estado-rj","tax_estado-rn","tax_estado-ro","tax_estado-rr","tax_estado-rs","tax_estado-sc","tax_estado-se","tax_estado-sp","tax_estado-to"],"acf":[],"yoast_head":"<!-- This site is optimized with the Yoast SEO Premium plugin v27.2 (Yoast SEO v27.2) - https:\/\/yoast.com\/product\/yoast-seo-premium-wordpress\/ -->\n<title>O que \u00e9 a ADI (A\u00e7\u00e3o Direta de Inconstitucionalidade)?<\/title>\n<meta name=\"description\" content=\"Confira neste artigo o que \u00e9 uma ADI (A\u00e7\u00e3o Direta de Inconstitucionalidade), bem como os seus legitimados, processo, julgamento e efeitos.\" \/>\n<meta name=\"robots\" content=\"index, follow, max-snippet:-1, max-image-preview:large, max-video-preview:-1\" \/>\n<link rel=\"canonical\" href=\"https:\/\/www.estrategiaconcursos.com.br\/blog\/adi-acao-direta-inconstitucionalidade\/\" \/>\n<meta property=\"og:locale\" content=\"pt_BR\" \/>\n<meta property=\"og:type\" content=\"article\" \/>\n<meta property=\"og:title\" content=\"O que \u00e9 a ADI (A\u00e7\u00e3o Direta de Inconstitucionalidade)?\" \/>\n<meta property=\"og:description\" content=\"Confira neste artigo o que \u00e9 uma ADI (A\u00e7\u00e3o Direta de Inconstitucionalidade), bem como os seus legitimados, processo, julgamento e efeitos.\" \/>\n<meta property=\"og:url\" content=\"https:\/\/www.estrategiaconcursos.com.br\/blog\/adi-acao-direta-inconstitucionalidade\/\" \/>\n<meta property=\"og:site_name\" content=\"Estrat\u00e9gia Concursos\" \/>\n<meta property=\"article:published_time\" content=\"2022-06-01T11:44:58+00:00\" \/>\n<meta property=\"article:modified_time\" content=\"2022-06-01T13:12:29+00:00\" \/>\n<meta property=\"og:image\" content=\"https:\/\/dhg1h5j42swfq.cloudfront.net\/2021\/02\/25104339\/constituicao-federal-do-brasil-de-1988-1.jpg\" \/>\n\t<meta property=\"og:image:width\" content=\"720\" \/>\n\t<meta property=\"og:image:height\" content=\"405\" \/>\n\t<meta property=\"og:image:type\" content=\"image\/jpeg\" \/>\n<meta name=\"author\" content=\"Kassio Henrique Sobral Rocha\" \/>\n<meta name=\"twitter:card\" content=\"summary_large_image\" \/>\n<meta name=\"twitter:creator\" content=\"@EstratConcursos\" \/>\n<meta name=\"twitter:site\" content=\"@EstratConcursos\" \/>\n<meta name=\"twitter:label1\" content=\"Escrito por\" \/>\n\t<meta name=\"twitter:data1\" content=\"Kassio Henrique Sobral Rocha\" \/>\n\t<meta name=\"twitter:label2\" content=\"Est. tempo de leitura\" \/>\n\t<meta name=\"twitter:data2\" content=\"9 minutos\" \/>\n<script type=\"application\/ld+json\" class=\"yoast-schema-graph\">{\"@context\":\"https:\/\/schema.org\",\"@graph\":[{\"@type\":\"NewsArticle\",\"@id\":\"https:\/\/www.estrategiaconcursos.com.br\/blog\/adi-acao-direta-inconstitucionalidade\/#article\",\"isPartOf\":{\"@id\":\"https:\/\/www.estrategiaconcursos.com.br\/blog\/adi-acao-direta-inconstitucionalidade\/\"},\"author\":{\"name\":\"Kassio Henrique Sobral Rocha\",\"@id\":\"https:\/\/www.estrategiaconcursos.com.br\/blog\/#\/schema\/person\/f0c830e07cfe11c231c0ea5dbb036df5\"},\"headline\":\"O que \u00e9 a ADI (A\u00e7\u00e3o Direta de Inconstitucionalidade)?\",\"datePublished\":\"2022-06-01T11:44:58+00:00\",\"dateModified\":\"2022-06-01T13:12:29+00:00\",\"mainEntityOfPage\":{\"@id\":\"https:\/\/www.estrategiaconcursos.com.br\/blog\/adi-acao-direta-inconstitucionalidade\/\"},\"wordCount\":1802,\"commentCount\":0,\"publisher\":{\"@id\":\"https:\/\/www.estrategiaconcursos.com.br\/blog\/#organization\"},\"image\":{\"@id\":\"https:\/\/www.estrategiaconcursos.com.br\/blog\/adi-acao-direta-inconstitucionalidade\/#primaryimage\"},\"thumbnailUrl\":\"https:\/\/dhg1h5j42swfq.cloudfront.net\/2021\/02\/25104339\/constituicao-federal-do-brasil-de-1988-1.jpg\",\"articleSection\":[\"Ag\u00eancia Reguladora\",\"Ag\u00eancia Reguladora\",\"ANPAD\",\"Banc\u00e1ria (BB, CEF e Bancos Estaduais)\",\"CFC\",\"Concursos P\u00fablicos\",\"Controladorias\/Gest\u00e3o (CGU, CGE, STN, EPPGG)\",\"Diplomacia (CACD)\",\"Educa\u00e7\u00e3o\",\"Engenharias e TI\",\"Estrat\u00e9gia Militares\",\"Executivo (Administrativa)\",\"Financeira (BACEN, CVM, SUSEP e BNDES)\",\"Fiscal - Estadual (ICMS)\",\"Fiscal - Federal (RFB e AFT)\",\"Fiscal - Municipal (ISS)\",\"For\u00e7as Armadas (Oficiais)\",\"For\u00e7as Armadas (Pra\u00e7as)\",\"Jur\u00eddico\",\"Jur\u00eddico - Cart\u00f3rios\",\"Jur\u00eddico - Defensoria P\u00fablica\",\"Jur\u00eddico - Delegado\",\"Jur\u00eddico - Magistratura\",\"Jur\u00eddico - Procuradorias\",\"Jur\u00eddico - Promotor de Justi\u00e7a\",\"Legislativo\",\"Policial (Agente Penitenci\u00e1rio)\",\"Policial (Agente, Escriv\u00e3o e Investigador)\",\"Policial (Guardas Civis)\",\"Policial (Peritos, Papiloscopistas)\",\"Policial (PM\/BM - Oficial)\",\"Policial (PM\/BM - Pra\u00e7as)\",\"Previdenci\u00e1ria (INSS, PREVIC)\",\"Sa\u00fade\",\"Tribunais\",\"Tribunais\",\"Tribunais de Contas (TCU, TCE, TCM)\"],\"inLanguage\":\"pt-BR\",\"potentialAction\":[{\"@type\":\"CommentAction\",\"name\":\"Comment\",\"target\":[\"https:\/\/www.estrategiaconcursos.com.br\/blog\/adi-acao-direta-inconstitucionalidade\/#respond\"]}],\"copyrightYear\":\"2022\",\"copyrightHolder\":{\"@id\":\"https:\/\/www.estrategiaconcursos.com.br\/blog\/#organization\"}},{\"@type\":\"WebPage\",\"@id\":\"https:\/\/www.estrategiaconcursos.com.br\/blog\/adi-acao-direta-inconstitucionalidade\/\",\"url\":\"https:\/\/www.estrategiaconcursos.com.br\/blog\/adi-acao-direta-inconstitucionalidade\/\",\"name\":\"O que \u00e9 a ADI (A\u00e7\u00e3o Direta de Inconstitucionalidade)?\",\"isPartOf\":{\"@id\":\"https:\/\/www.estrategiaconcursos.com.br\/blog\/#website\"},\"primaryImageOfPage\":{\"@id\":\"https:\/\/www.estrategiaconcursos.com.br\/blog\/adi-acao-direta-inconstitucionalidade\/#primaryimage\"},\"image\":{\"@id\":\"https:\/\/www.estrategiaconcursos.com.br\/blog\/adi-acao-direta-inconstitucionalidade\/#primaryimage\"},\"thumbnailUrl\":\"https:\/\/dhg1h5j42swfq.cloudfront.net\/2021\/02\/25104339\/constituicao-federal-do-brasil-de-1988-1.jpg\",\"datePublished\":\"2022-06-01T11:44:58+00:00\",\"dateModified\":\"2022-06-01T13:12:29+00:00\",\"description\":\"Confira neste artigo o que \u00e9 uma ADI (A\u00e7\u00e3o Direta de Inconstitucionalidade), bem como os seus legitimados, processo, julgamento e efeitos.\",\"breadcrumb\":{\"@id\":\"https:\/\/www.estrategiaconcursos.com.br\/blog\/adi-acao-direta-inconstitucionalidade\/#breadcrumb\"},\"inLanguage\":\"pt-BR\",\"potentialAction\":[{\"@type\":\"ReadAction\",\"target\":[\"https:\/\/www.estrategiaconcursos.com.br\/blog\/adi-acao-direta-inconstitucionalidade\/\"]}]},{\"@type\":\"ImageObject\",\"inLanguage\":\"pt-BR\",\"@id\":\"https:\/\/www.estrategiaconcursos.com.br\/blog\/adi-acao-direta-inconstitucionalidade\/#primaryimage\",\"url\":\"https:\/\/dhg1h5j42swfq.cloudfront.net\/2021\/02\/25104339\/constituicao-federal-do-brasil-de-1988-1.jpg\",\"contentUrl\":\"https:\/\/dhg1h5j42swfq.cloudfront.net\/2021\/02\/25104339\/constituicao-federal-do-brasil-de-1988-1.jpg\",\"width\":720,\"height\":405,\"caption\":\"S\u00famula vinculante para TJ-RN\"},{\"@type\":\"BreadcrumbList\",\"@id\":\"https:\/\/www.estrategiaconcursos.com.br\/blog\/adi-acao-direta-inconstitucionalidade\/#breadcrumb\",\"itemListElement\":[{\"@type\":\"ListItem\",\"position\":1,\"name\":\"In\u00edcio\",\"item\":\"https:\/\/www.estrategiaconcursos.com.br\/blog\/\"},{\"@type\":\"ListItem\",\"position\":2,\"name\":\"O que \u00e9 a ADI (A\u00e7\u00e3o Direta de Inconstitucionalidade)?\"}]},{\"@type\":\"WebSite\",\"@id\":\"https:\/\/www.estrategiaconcursos.com.br\/blog\/#website\",\"url\":\"https:\/\/www.estrategiaconcursos.com.br\/blog\/\",\"name\":\"Estrat\u00e9gia Concursos\",\"description\":\"O blog da Estrat\u00e9gia Concursos traz not\u00edcias sobre concursos e artigos de professores oferecendo cursos para concursos (pdf + videaulas) no site.\",\"publisher\":{\"@id\":\"https:\/\/www.estrategiaconcursos.com.br\/blog\/#organization\"},\"potentialAction\":[{\"@type\":\"SearchAction\",\"target\":{\"@type\":\"EntryPoint\",\"urlTemplate\":\"https:\/\/www.estrategiaconcursos.com.br\/blog\/?s={search_term_string}\"},\"query-input\":{\"@type\":\"PropertyValueSpecification\",\"valueRequired\":true,\"valueName\":\"search_term_string\"}}],\"inLanguage\":\"pt-BR\"},{\"@type\":\"Organization\",\"@id\":\"https:\/\/www.estrategiaconcursos.com.br\/blog\/#organization\",\"name\":\"Estrat\u00e9gia Concursos\",\"url\":\"https:\/\/www.estrategiaconcursos.com.br\/blog\/\",\"logo\":{\"@type\":\"ImageObject\",\"inLanguage\":\"pt-BR\",\"@id\":\"https:\/\/www.estrategiaconcursos.com.br\/blog\/#\/schema\/logo\/image\/\",\"url\":\"https:\/\/dhg1h5j42swfq.cloudfront.net\/2025\/06\/03203428\/logo_concursos-1.jpg\",\"contentUrl\":\"https:\/\/dhg1h5j42swfq.cloudfront.net\/2025\/06\/03203428\/logo_concursos-1.jpg\",\"width\":230,\"height\":60,\"caption\":\"Estrat\u00e9gia Concursos\"},\"image\":{\"@id\":\"https:\/\/www.estrategiaconcursos.com.br\/blog\/#\/schema\/logo\/image\/\"},\"sameAs\":[\"https:\/\/x.com\/EstratConcursos\"]},{\"@type\":\"Person\",\"@id\":\"https:\/\/www.estrategiaconcursos.com.br\/blog\/#\/schema\/person\/f0c830e07cfe11c231c0ea5dbb036df5\",\"name\":\"Kassio Henrique Sobral Rocha\",\"image\":{\"@type\":\"ImageObject\",\"inLanguage\":\"pt-BR\",\"@id\":\"https:\/\/secure.gravatar.com\/avatar\/d10350cbdad043facd8ec77a377f86f9026afee3348e463b04854fd4490ce759?s=96&d=mm&r=g\",\"url\":\"https:\/\/secure.gravatar.com\/avatar\/d10350cbdad043facd8ec77a377f86f9026afee3348e463b04854fd4490ce759?s=96&d=mm&r=g\",\"contentUrl\":\"https:\/\/secure.gravatar.com\/avatar\/d10350cbdad043facd8ec77a377f86f9026afee3348e463b04854fd4490ce759?s=96&d=mm&r=g\",\"caption\":\"Kassio Henrique Sobral Rocha\"},\"url\":\"https:\/\/www.estrategiaconcursos.com.br\/blog\/author\/kassio-rochayahoo-com-br\/\"}]}<\/script>\n<!-- \/ Yoast SEO Premium plugin. -->","yoast_head_json":{"title":"O que \u00e9 a ADI (A\u00e7\u00e3o Direta de Inconstitucionalidade)?","description":"Confira neste artigo o que \u00e9 uma ADI (A\u00e7\u00e3o Direta de Inconstitucionalidade), bem como os seus legitimados, processo, julgamento e efeitos.","robots":{"index":"index","follow":"follow","max-snippet":"max-snippet:-1","max-image-preview":"max-image-preview:large","max-video-preview":"max-video-preview:-1"},"canonical":"https:\/\/www.estrategiaconcursos.com.br\/blog\/adi-acao-direta-inconstitucionalidade\/","og_locale":"pt_BR","og_type":"article","og_title":"O que \u00e9 a ADI (A\u00e7\u00e3o Direta de Inconstitucionalidade)?","og_description":"Confira neste artigo o que \u00e9 uma ADI (A\u00e7\u00e3o Direta de Inconstitucionalidade), bem como os seus legitimados, processo, julgamento e efeitos.","og_url":"https:\/\/www.estrategiaconcursos.com.br\/blog\/adi-acao-direta-inconstitucionalidade\/","og_site_name":"Estrat\u00e9gia Concursos","article_published_time":"2022-06-01T11:44:58+00:00","article_modified_time":"2022-06-01T13:12:29+00:00","og_image":[{"width":720,"height":405,"url":"https:\/\/dhg1h5j42swfq.cloudfront.net\/2021\/02\/25104339\/constituicao-federal-do-brasil-de-1988-1.jpg","type":"image\/jpeg"}],"author":"Kassio Henrique Sobral Rocha","twitter_card":"summary_large_image","twitter_creator":"@EstratConcursos","twitter_site":"@EstratConcursos","twitter_misc":{"Escrito por":"Kassio Henrique Sobral Rocha","Est. tempo de leitura":"9 minutos"},"schema":{"@context":"https:\/\/schema.org","@graph":[{"@type":"NewsArticle","@id":"https:\/\/www.estrategiaconcursos.com.br\/blog\/adi-acao-direta-inconstitucionalidade\/#article","isPartOf":{"@id":"https:\/\/www.estrategiaconcursos.com.br\/blog\/adi-acao-direta-inconstitucionalidade\/"},"author":{"name":"Kassio Henrique Sobral Rocha","@id":"https:\/\/www.estrategiaconcursos.com.br\/blog\/#\/schema\/person\/f0c830e07cfe11c231c0ea5dbb036df5"},"headline":"O que \u00e9 a ADI (A\u00e7\u00e3o Direta de Inconstitucionalidade)?","datePublished":"2022-06-01T11:44:58+00:00","dateModified":"2022-06-01T13:12:29+00:00","mainEntityOfPage":{"@id":"https:\/\/www.estrategiaconcursos.com.br\/blog\/adi-acao-direta-inconstitucionalidade\/"},"wordCount":1802,"commentCount":0,"publisher":{"@id":"https:\/\/www.estrategiaconcursos.com.br\/blog\/#organization"},"image":{"@id":"https:\/\/www.estrategiaconcursos.com.br\/blog\/adi-acao-direta-inconstitucionalidade\/#primaryimage"},"thumbnailUrl":"https:\/\/dhg1h5j42swfq.cloudfront.net\/2021\/02\/25104339\/constituicao-federal-do-brasil-de-1988-1.jpg","articleSection":["Ag\u00eancia Reguladora","Ag\u00eancia Reguladora","ANPAD","Banc\u00e1ria (BB, CEF e Bancos Estaduais)","CFC","Concursos P\u00fablicos","Controladorias\/Gest\u00e3o (CGU, CGE, STN, EPPGG)","Diplomacia (CACD)","Educa\u00e7\u00e3o","Engenharias e TI","Estrat\u00e9gia Militares","Executivo (Administrativa)","Financeira (BACEN, CVM, SUSEP e BNDES)","Fiscal - Estadual (ICMS)","Fiscal - Federal (RFB e AFT)","Fiscal - Municipal (ISS)","For\u00e7as Armadas (Oficiais)","For\u00e7as Armadas (Pra\u00e7as)","Jur\u00eddico","Jur\u00eddico - Cart\u00f3rios","Jur\u00eddico - Defensoria P\u00fablica","Jur\u00eddico - Delegado","Jur\u00eddico - Magistratura","Jur\u00eddico - Procuradorias","Jur\u00eddico - Promotor de Justi\u00e7a","Legislativo","Policial (Agente Penitenci\u00e1rio)","Policial (Agente, Escriv\u00e3o e Investigador)","Policial (Guardas Civis)","Policial (Peritos, Papiloscopistas)","Policial (PM\/BM - Oficial)","Policial (PM\/BM - Pra\u00e7as)","Previdenci\u00e1ria (INSS, PREVIC)","Sa\u00fade","Tribunais","Tribunais","Tribunais de Contas (TCU, TCE, TCM)"],"inLanguage":"pt-BR","potentialAction":[{"@type":"CommentAction","name":"Comment","target":["https:\/\/www.estrategiaconcursos.com.br\/blog\/adi-acao-direta-inconstitucionalidade\/#respond"]}],"copyrightYear":"2022","copyrightHolder":{"@id":"https:\/\/www.estrategiaconcursos.com.br\/blog\/#organization"}},{"@type":"WebPage","@id":"https:\/\/www.estrategiaconcursos.com.br\/blog\/adi-acao-direta-inconstitucionalidade\/","url":"https:\/\/www.estrategiaconcursos.com.br\/blog\/adi-acao-direta-inconstitucionalidade\/","name":"O que \u00e9 a ADI (A\u00e7\u00e3o Direta de Inconstitucionalidade)?","isPartOf":{"@id":"https:\/\/www.estrategiaconcursos.com.br\/blog\/#website"},"primaryImageOfPage":{"@id":"https:\/\/www.estrategiaconcursos.com.br\/blog\/adi-acao-direta-inconstitucionalidade\/#primaryimage"},"image":{"@id":"https:\/\/www.estrategiaconcursos.com.br\/blog\/adi-acao-direta-inconstitucionalidade\/#primaryimage"},"thumbnailUrl":"https:\/\/dhg1h5j42swfq.cloudfront.net\/2021\/02\/25104339\/constituicao-federal-do-brasil-de-1988-1.jpg","datePublished":"2022-06-01T11:44:58+00:00","dateModified":"2022-06-01T13:12:29+00:00","description":"Confira neste artigo o que \u00e9 uma ADI (A\u00e7\u00e3o Direta de Inconstitucionalidade), bem como os seus legitimados, processo, julgamento e efeitos.","breadcrumb":{"@id":"https:\/\/www.estrategiaconcursos.com.br\/blog\/adi-acao-direta-inconstitucionalidade\/#breadcrumb"},"inLanguage":"pt-BR","potentialAction":[{"@type":"ReadAction","target":["https:\/\/www.estrategiaconcursos.com.br\/blog\/adi-acao-direta-inconstitucionalidade\/"]}]},{"@type":"ImageObject","inLanguage":"pt-BR","@id":"https:\/\/www.estrategiaconcursos.com.br\/blog\/adi-acao-direta-inconstitucionalidade\/#primaryimage","url":"https:\/\/dhg1h5j42swfq.cloudfront.net\/2021\/02\/25104339\/constituicao-federal-do-brasil-de-1988-1.jpg","contentUrl":"https:\/\/dhg1h5j42swfq.cloudfront.net\/2021\/02\/25104339\/constituicao-federal-do-brasil-de-1988-1.jpg","width":720,"height":405,"caption":"S\u00famula vinculante para TJ-RN"},{"@type":"BreadcrumbList","@id":"https:\/\/www.estrategiaconcursos.com.br\/blog\/adi-acao-direta-inconstitucionalidade\/#breadcrumb","itemListElement":[{"@type":"ListItem","position":1,"name":"In\u00edcio","item":"https:\/\/www.estrategiaconcursos.com.br\/blog\/"},{"@type":"ListItem","position":2,"name":"O que \u00e9 a ADI (A\u00e7\u00e3o Direta de Inconstitucionalidade)?"}]},{"@type":"WebSite","@id":"https:\/\/www.estrategiaconcursos.com.br\/blog\/#website","url":"https:\/\/www.estrategiaconcursos.com.br\/blog\/","name":"Estrat\u00e9gia Concursos","description":"O blog da Estrat\u00e9gia Concursos traz not\u00edcias sobre concursos e artigos de professores oferecendo cursos para concursos (pdf + videaulas) no site.","publisher":{"@id":"https:\/\/www.estrategiaconcursos.com.br\/blog\/#organization"},"potentialAction":[{"@type":"SearchAction","target":{"@type":"EntryPoint","urlTemplate":"https:\/\/www.estrategiaconcursos.com.br\/blog\/?s={search_term_string}"},"query-input":{"@type":"PropertyValueSpecification","valueRequired":true,"valueName":"search_term_string"}}],"inLanguage":"pt-BR"},{"@type":"Organization","@id":"https:\/\/www.estrategiaconcursos.com.br\/blog\/#organization","name":"Estrat\u00e9gia Concursos","url":"https:\/\/www.estrategiaconcursos.com.br\/blog\/","logo":{"@type":"ImageObject","inLanguage":"pt-BR","@id":"https:\/\/www.estrategiaconcursos.com.br\/blog\/#\/schema\/logo\/image\/","url":"https:\/\/dhg1h5j42swfq.cloudfront.net\/2025\/06\/03203428\/logo_concursos-1.jpg","contentUrl":"https:\/\/dhg1h5j42swfq.cloudfront.net\/2025\/06\/03203428\/logo_concursos-1.jpg","width":230,"height":60,"caption":"Estrat\u00e9gia Concursos"},"image":{"@id":"https:\/\/www.estrategiaconcursos.com.br\/blog\/#\/schema\/logo\/image\/"},"sameAs":["https:\/\/x.com\/EstratConcursos"]},{"@type":"Person","@id":"https:\/\/www.estrategiaconcursos.com.br\/blog\/#\/schema\/person\/f0c830e07cfe11c231c0ea5dbb036df5","name":"Kassio Henrique Sobral Rocha","image":{"@type":"ImageObject","inLanguage":"pt-BR","@id":"https:\/\/secure.gravatar.com\/avatar\/d10350cbdad043facd8ec77a377f86f9026afee3348e463b04854fd4490ce759?s=96&d=mm&r=g","url":"https:\/\/secure.gravatar.com\/avatar\/d10350cbdad043facd8ec77a377f86f9026afee3348e463b04854fd4490ce759?s=96&d=mm&r=g","contentUrl":"https:\/\/secure.gravatar.com\/avatar\/d10350cbdad043facd8ec77a377f86f9026afee3348e463b04854fd4490ce759?s=96&d=mm&r=g","caption":"Kassio Henrique Sobral Rocha"},"url":"https:\/\/www.estrategiaconcursos.com.br\/blog\/author\/kassio-rochayahoo-com-br\/"}]}},"_links":{"self":[{"href":"https:\/\/www.estrategiaconcursos.com.br\/blog\/wp-json\/wp\/v2\/posts\/1025893","targetHints":{"allow":["GET"]}}],"collection":[{"href":"https:\/\/www.estrategiaconcursos.com.br\/blog\/wp-json\/wp\/v2\/posts"}],"about":[{"href":"https:\/\/www.estrategiaconcursos.com.br\/blog\/wp-json\/wp\/v2\/types\/post"}],"author":[{"embeddable":true,"href":"https:\/\/www.estrategiaconcursos.com.br\/blog\/wp-json\/wp\/v2\/users\/1976"}],"replies":[{"embeddable":true,"href":"https:\/\/www.estrategiaconcursos.com.br\/blog\/wp-json\/wp\/v2\/comments?post=1025893"}],"version-history":[{"count":15,"href":"https:\/\/www.estrategiaconcursos.com.br\/blog\/wp-json\/wp\/v2\/posts\/1025893\/revisions"}],"predecessor-version":[{"id":1037476,"href":"https:\/\/www.estrategiaconcursos.com.br\/blog\/wp-json\/wp\/v2\/posts\/1025893\/revisions\/1037476"}],"wp:featuredmedia":[{"embeddable":true,"href":"https:\/\/www.estrategiaconcursos.com.br\/blog\/wp-json\/wp\/v2\/media\/680019"}],"wp:attachment":[{"href":"https:\/\/www.estrategiaconcursos.com.br\/blog\/wp-json\/wp\/v2\/media?parent=1025893"}],"wp:term":[{"taxonomy":"category","embeddable":true,"href":"https:\/\/www.estrategiaconcursos.com.br\/blog\/wp-json\/wp\/v2\/categories?post=1025893"},{"taxonomy":"post_tag","embeddable":true,"href":"https:\/\/www.estrategiaconcursos.com.br\/blog\/wp-json\/wp\/v2\/tags?post=1025893"},{"taxonomy":"tax_estado","embeddable":true,"href":"https:\/\/www.estrategiaconcursos.com.br\/blog\/wp-json\/wp\/v2\/tax_estado?post=1025893"}],"curies":[{"name":"wp","href":"https:\/\/api.w.org\/{rel}","templated":true}]}}