{"id":1025463,"date":"2022-05-11T18:00:00","date_gmt":"2022-05-11T21:00:00","guid":{"rendered":"https:\/\/www.estrategiaconcursos.com.br\/blog\/?p=1025463"},"modified":"2022-05-12T12:27:36","modified_gmt":"2022-05-12T15:27:36","slug":"concurso-pm-ap-prova-objetiva","status":"publish","type":"post","link":"https:\/\/www.estrategiaconcursos.com.br\/blog\/concurso-pm-ap-prova-objetiva\/","title":{"rendered":"Concurso PM AP: como ser\u00e1 a aplica\u00e7\u00e3o da prova objetiva?"},"content":{"rendered":"\n<p>Como ser\u00e1 a aplica\u00e7\u00e3o da <strong>prova objetiva do concurso p\u00fablico da Pol\u00edcia Militar do Amap\u00e1<\/strong> (PM AP)?<\/p>\n\n\n\n<div class=\"wp-block-image\"><figure class=\"aligncenter size-large\"><img loading=\"lazy\" decoding=\"async\" width=\"1024\" height=\"682\" src=\"https:\/\/dhg1h5j42swfq.cloudfront.net\/2022\/05\/10161341\/concurso-pm-ap-destaque-1024x682.jpg\" alt=\"\" class=\"wp-image-1025480\" srcset=\"https:\/\/dhg1h5j42swfq.cloudfront.net\/2022\/05\/10161341\/concurso-pm-ap-destaque-1024x682.jpg 1024w, https:\/\/dhg1h5j42swfq.cloudfront.net\/2022\/05\/10161341\/concurso-pm-ap-destaque-300x200.jpg 300w, https:\/\/dhg1h5j42swfq.cloudfront.net\/2022\/05\/10161341\/concurso-pm-ap-destaque-768x511.jpg 768w, https:\/\/dhg1h5j42swfq.cloudfront.net\/2022\/05\/10161341\/concurso-pm-ap-destaque-1536x1022.jpg 1536w, https:\/\/dhg1h5j42swfq.cloudfront.net\/2022\/05\/10161341\/concurso-pm-ap-destaque-610x406.jpg 610w, https:\/\/dhg1h5j42swfq.cloudfront.net\/2022\/05\/10161341\/concurso-pm-ap-destaque.jpg 2048w\" sizes=\"auto, (max-width: 1024px) 100vw, 1024px\" \/><figcaption>Oportunidades s\u00e3o para forma\u00e7\u00e3o de cadastro de reserva | Imagem: reprodu\u00e7\u00e3o<\/figcaption><\/figure><\/div>\n\n\n\n<p>Bom, como voc\u00eas sabem, as inscri\u00e7\u00f5es para a nova sele\u00e7\u00e3o da institui\u00e7\u00e3o policial est\u00e3o oficialmente abertas. <strong>2.500 vagas<\/strong> para forma\u00e7\u00e3o de cadastro reserva para o cargo de <a href=\"https:\/\/www.estrategiaconcursos.com.br\/curso\/pm-ap-soldado-pacote-2022-pos-edital\/\" target=\"_blank\" rel=\"noreferrer noopener\">Soldado da Pol\u00edcia Militar do Amap\u00e1<\/a> est\u00e3o em jogo.<\/p>\n\n\n\n<p>Os interessados em participar da sele\u00e7\u00e3o devem se candidatar at\u00e9 o dia 3 de junho, no <a href=\"https:\/\/www.concursosfcc.com.br\/concursos\/seaap122\/index.html\" target=\"_blank\" rel=\"noreferrer noopener\">site da FCC<\/a>, ao custo de R$ 100,00.<\/p>\n\n\n\n<h3 class=\"wp-block-heading\" id=\"h-veja-abaixo-como-sera-a-aplicacao-da-prova-objetiva-do-concurso-pm-ap\">Veja abaixo como ser\u00e1 a aplica\u00e7\u00e3o da prova objetiva do concurso PM AP!<\/h3>\n\n\n\n<p>A Prova Objetiva ser\u00e1 composta por quest\u00f5es de m\u00faltipla escolha (A, B, C, D, E). Com dura\u00e7\u00e3o de 4 horas, sua aplica\u00e7\u00e3o \u00e9 prevista para o dia 17 de julho, na cidade de Macap\u00e1\/AP, no per\u00edodo da manh\u00e3.<\/p>\n\n\n\n<ul class=\"wp-block-list\"><li><em>L\u00edngua Portuguesa \u2013 12<\/em><\/li><li><em>No\u00e7\u00f5es de Direito Constitucional<\/em> <em>\u2013 06<\/em><\/li><li><em>No\u00e7\u00f5es de Direito Administrativo<\/em> <em>\u2013 06<\/em><\/li><li><em>No\u00e7\u00f5es de Direito Penal<\/em> <em>\u2013 06<\/em><\/li><li><em>No\u00e7\u00f5es de Direitos Humanos \u2013 06<\/em><\/li><li><em>Racioc\u00ednio l\u00f3gico e Matem\u00e1tica \u2013 06<\/em><\/li><li><em>Atualidades \u2013 06<\/em><\/li><li><em>Hist\u00f3ria do Estado do Amap\u00e1 \u2013 06<\/em><\/li><li><em>Geografia do Estado do Amap\u00e1 \u2013 06<\/em><\/li><\/ul>\n\n\n\n<p>De car\u00e1ter habilitat\u00f3rio e classificat\u00f3rio, a prova do concurso PM AP ser\u00e1 avaliada na escala de 0,00 a 60,00, sendo que cada quest\u00e3o valer\u00e1 1,00 ponto. Para ser habilitado o candidato deve, simultaneamente:<\/p>\n\n\n\n<ul class=\"wp-block-list\"><li>a) obter, no m\u00ednimo, 60% de acerto na prova;<\/li><li>b) n\u00e3o zerar em nenhuma das disciplinas;<\/li><li>c) estar classificado at\u00e9 a 2.500\u00aa posi\u00e7\u00e3o (v\u00e1lido para todos os empatados).<\/li><\/ul>\n\n\n\n<p>Na hip\u00f3tese de igualdade de nota final, para fins de desempate, prevalecer\u00e1, sucessivamente, o candidato que:<\/p>\n\n\n\n<ul class=\"wp-block-list\"><li>obtiver maior n\u00famero de acertos nas quest\u00f5es de L\u00edngua Portuguesa;<\/li><li>obtiver maior n\u00famero de acertos nas quest\u00f5es de Hist\u00f3ria do Estado do Amap\u00e1;<\/li><li>obtiver maior n\u00famero de acertos nas quest\u00f5es de Geografia do Estado do Amap\u00e1;<\/li><li>obtiver maior n\u00famero de acertos nas quest\u00f5es de No\u00e7\u00f5es de Direito Penal;<\/li><li>obtiver maior n\u00famero de acertos nas quest\u00f5es de No\u00e7\u00f5es de Direitos Humanos;<\/li><li>tiver maior idade;<\/li><li>tiver exercido efetivamente a fun\u00e7\u00e3o de jurado, nos termos do art. 440 do C\u00f3digo de Processo Penal, no per\u00edodo compreendido entre a data de entrada em vigor da Lei n\u00ba 11.689\/2008, e a data de t\u00e9rmino das inscri\u00e7\u00f5es do concurso PM AP.<\/li><\/ul>\n\n\n\n<p>Os candidatos devem possuir forma\u00e7\u00e3o de n\u00edvel m\u00e9dio, al\u00e9m de idade entre 18 a 30 anos. O sal\u00e1rio inicial da carreira \u00e9 de R$ 5.313,18.<\/p>\n\n\n\n<p>Para mais informa\u00e7\u00f5es sobre a prova objetiva do concurso PM AP, acesse o link abaixo!<\/p>\n\n\n\n<p class=\"has-text-align-center has-cyan-bluish-gray-background-color has-background has-medium-font-size\"><strong><a href=\"https:\/\/www.estrategiaconcursos.com.br\/blog\/concurso-pm-ap\/\" target=\"_blank\" rel=\"noreferrer noopener\">Concurso PM AP<\/a><\/strong><\/p>\n\n\n\n<h2 class=\"has-text-align-center wp-block-heading\" id=\"h-quer-saber-tudo-sobre-concursos-previstos-confira-nossos-artigos\">Quer saber tudo sobre concursos previstos?<br \/>Confira nossos artigos!<\/h2>\n\n\n\n<ul class=\"wp-block-list\"><li><a href=\"https:\/\/www.estrategiaconcursos.com.br\/blog\/concursos-abertos\/\" target=\"_blank\" rel=\"noreferrer noopener\">Concursos abertos<\/a><\/li><li><a href=\"https:\/\/www.estrategiaconcursos.com.br\/blog\/concursos-2022\/\" target=\"_blank\" rel=\"noreferrer noopener\">Concursos 2022<\/a><\/li><\/ul>\n\n\n\n<h2 class=\"has-text-align-center wp-block-heading\" id=\"cursos-assinatura\">Quer estudar para o concurso PM AP?<\/h2>\n\n\n\n<div class=\"container\" id=\"boxes\">\n  <div class=\"row\">\n\n    <div class=\"col-sm\">\n      <div class=\"banner-policial\" id=\"box-assinatura\">\n        <h3 class=\"titulo-assinatura\">Concurso PM AP<\/h3>\n        <p class=\"subtitulo-assinatura\">Conhe\u00e7a os cursos<\/p>\n        <div class=\"box-botao\">\n          <a class=\"btn-assinatura\" target=\"_blank\" href=\"https:\/\/www.estrategiaconcursos.com.br\/cursosPorConcurso\/policia-militar-ap\/\" role=\"button\" rel=\"noopener noreferrer\">Conhe\u00e7a mais<\/a>\n        <\/div>\n      <\/div>\n     \n\n  <\/div>\n<\/div><\/div>\n\n\n\n<div class=\"container\" id=\"boxes\">\n  <div class=\"row\">\n\n    <div class=\"col-sm\">\n      <div class=\"estrategia\" id=\"box-assinatura\">\n        <h3 class=\"titulo-assinatura\">Assinatura Concursos<\/h3>\n        <p class=\"subtitulo-assinatura\">Assinatura de 1 ano ou 2 anos<\/p>\n        <div class=\"box-botao\">\n          <a class=\"btn-assinatura\" target=\"_blank\" href=\"https:\/\/www.estrategiaconcursos.com.br\/assinaturas\/\" role=\"button\" rel=\"noopener noreferrer\">ASSINE AGORA<\/a>\n        <\/div>\n      <\/div>\n     \n    <\/div><\/div><\/div>\n","protected":false},"excerpt":{"rendered":"<p>Como ser\u00e1 a aplica\u00e7\u00e3o da prova objetiva do concurso p\u00fablico da Pol\u00edcia Militar do Amap\u00e1 (PM AP)? Bom, como voc\u00eas sabem, as inscri\u00e7\u00f5es para a nova sele\u00e7\u00e3o da institui\u00e7\u00e3o policial est\u00e3o oficialmente abertas. 2.500 vagas para forma\u00e7\u00e3o de cadastro reserva para o cargo de Soldado da Pol\u00edcia Militar do Amap\u00e1 est\u00e3o em jogo. Os interessados [&hellip;]<\/p>\n","protected":false},"author":1483,"featured_media":777118,"comment_status":"open","ping_status":"closed","sticky":false,"template":"","format":"standard","meta":{"post_tipo":"news","footnotes":""},"categories":[220187,220219],"tags":[],"tax_estado":[219967],"class_list":["post-1025463","post","type-post","status-publish","format-standard","has-post-thumbnail","hentry","category-policial-pracas","category-noticias","tax_estado-ap"],"acf":[],"yoast_head":"<!-- This site is optimized with the Yoast SEO Premium plugin v27.2 (Yoast SEO v27.2) - https:\/\/yoast.com\/product\/yoast-seo-premium-wordpress\/ -->\n<title>Concurso PM AP: como ser\u00e1 a aplica\u00e7\u00e3o da prova objetiva?<\/title>\n<meta name=\"description\" content=\"Como ser\u00e1 a aplica\u00e7\u00e3o da prova objetiva do concurso p\u00fablico da Pol\u00edcia Militar do Amap\u00e1 (PM AP)? Confira ao longo deste artigo!\" \/>\n<meta name=\"robots\" content=\"index, follow, max-snippet:-1, max-image-preview:large, max-video-preview:-1\" \/>\n<link rel=\"canonical\" href=\"https:\/\/www.estrategiaconcursos.com.br\/blog\/concurso-pm-ap-prova-objetiva\/\" \/>\n<meta property=\"og:locale\" content=\"pt_BR\" \/>\n<meta property=\"og:type\" content=\"article\" \/>\n<meta property=\"og:title\" content=\"Concurso PM AP: como ser\u00e1 a aplica\u00e7\u00e3o da prova objetiva?\" \/>\n<meta property=\"og:description\" content=\"Como ser\u00e1 a aplica\u00e7\u00e3o da prova objetiva do concurso p\u00fablico da Pol\u00edcia Militar do Amap\u00e1 (PM AP)? Confira ao longo deste artigo!\" \/>\n<meta property=\"og:url\" content=\"https:\/\/www.estrategiaconcursos.com.br\/blog\/concurso-pm-ap-prova-objetiva\/\" \/>\n<meta property=\"og:site_name\" content=\"Estrat\u00e9gia Concursos\" \/>\n<meta property=\"article:published_time\" content=\"2022-05-11T21:00:00+00:00\" \/>\n<meta property=\"article:modified_time\" content=\"2022-05-12T15:27:36+00:00\" \/>\n<meta property=\"og:image\" content=\"https:\/\/dhg1h5j42swfq.cloudfront.net\/2021\/06\/25131101\/pm-ap.jpg\" \/>\n\t<meta property=\"og:image:width\" content=\"768\" \/>\n\t<meta property=\"og:image:height\" content=\"432\" \/>\n\t<meta property=\"og:image:type\" content=\"image\/jpeg\" \/>\n<meta name=\"author\" content=\"Diogo Mendes\" \/>\n<meta name=\"twitter:card\" content=\"summary_large_image\" \/>\n<meta name=\"twitter:creator\" content=\"@EstratConcursos\" \/>\n<meta name=\"twitter:site\" content=\"@EstratConcursos\" \/>\n<meta name=\"twitter:label1\" content=\"Escrito por\" \/>\n\t<meta name=\"twitter:data1\" content=\"Diogo Mendes\" \/>\n\t<meta name=\"twitter:label2\" content=\"Est. tempo de leitura\" \/>\n\t<meta name=\"twitter:data2\" content=\"3 minutos\" \/>\n<script type=\"application\/ld+json\" class=\"yoast-schema-graph\">{\"@context\":\"https:\/\/schema.org\",\"@graph\":[{\"@type\":\"NewsArticle\",\"@id\":\"https:\/\/www.estrategiaconcursos.com.br\/blog\/concurso-pm-ap-prova-objetiva\/#article\",\"isPartOf\":{\"@id\":\"https:\/\/www.estrategiaconcursos.com.br\/blog\/concurso-pm-ap-prova-objetiva\/\"},\"author\":{\"name\":\"Diogo Mendes\",\"@id\":\"https:\/\/www.estrategiaconcursos.com.br\/blog\/#\/schema\/person\/cc9e76173880338ce9f656c88664a1f6\"},\"headline\":\"Concurso PM AP: como ser\u00e1 a aplica\u00e7\u00e3o da prova objetiva?\",\"datePublished\":\"2022-05-11T21:00:00+00:00\",\"dateModified\":\"2022-05-12T15:27:36+00:00\",\"mainEntityOfPage\":{\"@id\":\"https:\/\/www.estrategiaconcursos.com.br\/blog\/concurso-pm-ap-prova-objetiva\/\"},\"wordCount\":493,\"commentCount\":0,\"publisher\":{\"@id\":\"https:\/\/www.estrategiaconcursos.com.br\/blog\/#organization\"},\"image\":{\"@id\":\"https:\/\/www.estrategiaconcursos.com.br\/blog\/concurso-pm-ap-prova-objetiva\/#primaryimage\"},\"thumbnailUrl\":\"https:\/\/dhg1h5j42swfq.cloudfront.net\/2021\/06\/25131101\/pm-ap.jpg\",\"articleSection\":[\"Policial (PM\/BM - Pra\u00e7as)\",\"\u00daltimas not\u00edcias\"],\"inLanguage\":\"pt-BR\",\"potentialAction\":[{\"@type\":\"CommentAction\",\"name\":\"Comment\",\"target\":[\"https:\/\/www.estrategiaconcursos.com.br\/blog\/concurso-pm-ap-prova-objetiva\/#respond\"]}],\"copyrightYear\":\"2022\",\"copyrightHolder\":{\"@id\":\"https:\/\/www.estrategiaconcursos.com.br\/blog\/#organization\"}},{\"@type\":\"WebPage\",\"@id\":\"https:\/\/www.estrategiaconcursos.com.br\/blog\/concurso-pm-ap-prova-objetiva\/\",\"url\":\"https:\/\/www.estrategiaconcursos.com.br\/blog\/concurso-pm-ap-prova-objetiva\/\",\"name\":\"Concurso PM AP: como ser\u00e1 a aplica\u00e7\u00e3o da prova objetiva?\",\"isPartOf\":{\"@id\":\"https:\/\/www.estrategiaconcursos.com.br\/blog\/#website\"},\"primaryImageOfPage\":{\"@id\":\"https:\/\/www.estrategiaconcursos.com.br\/blog\/concurso-pm-ap-prova-objetiva\/#primaryimage\"},\"image\":{\"@id\":\"https:\/\/www.estrategiaconcursos.com.br\/blog\/concurso-pm-ap-prova-objetiva\/#primaryimage\"},\"thumbnailUrl\":\"https:\/\/dhg1h5j42swfq.cloudfront.net\/2021\/06\/25131101\/pm-ap.jpg\",\"datePublished\":\"2022-05-11T21:00:00+00:00\",\"dateModified\":\"2022-05-12T15:27:36+00:00\",\"description\":\"Como ser\u00e1 a aplica\u00e7\u00e3o da prova objetiva do concurso p\u00fablico da Pol\u00edcia Militar do Amap\u00e1 (PM AP)? Confira ao longo deste artigo!\",\"breadcrumb\":{\"@id\":\"https:\/\/www.estrategiaconcursos.com.br\/blog\/concurso-pm-ap-prova-objetiva\/#breadcrumb\"},\"inLanguage\":\"pt-BR\",\"potentialAction\":[{\"@type\":\"ReadAction\",\"target\":[\"https:\/\/www.estrategiaconcursos.com.br\/blog\/concurso-pm-ap-prova-objetiva\/\"]}]},{\"@type\":\"ImageObject\",\"inLanguage\":\"pt-BR\",\"@id\":\"https:\/\/www.estrategiaconcursos.com.br\/blog\/concurso-pm-ap-prova-objetiva\/#primaryimage\",\"url\":\"https:\/\/dhg1h5j42swfq.cloudfront.net\/2021\/06\/25131101\/pm-ap.jpg\",\"contentUrl\":\"https:\/\/dhg1h5j42swfq.cloudfront.net\/2021\/06\/25131101\/pm-ap.jpg\",\"width\":768,\"height\":432,\"caption\":\"PM AP\"},{\"@type\":\"BreadcrumbList\",\"@id\":\"https:\/\/www.estrategiaconcursos.com.br\/blog\/concurso-pm-ap-prova-objetiva\/#breadcrumb\",\"itemListElement\":[{\"@type\":\"ListItem\",\"position\":1,\"name\":\"In\u00edcio\",\"item\":\"https:\/\/www.estrategiaconcursos.com.br\/blog\/\"},{\"@type\":\"ListItem\",\"position\":2,\"name\":\"Concurso PM AP: como ser\u00e1 a aplica\u00e7\u00e3o da prova objetiva?\"}]},{\"@type\":\"WebSite\",\"@id\":\"https:\/\/www.estrategiaconcursos.com.br\/blog\/#website\",\"url\":\"https:\/\/www.estrategiaconcursos.com.br\/blog\/\",\"name\":\"Estrat\u00e9gia Concursos\",\"description\":\"O blog da Estrat\u00e9gia Concursos traz not\u00edcias sobre concursos e artigos de professores oferecendo cursos para concursos (pdf + videaulas) no site.\",\"publisher\":{\"@id\":\"https:\/\/www.estrategiaconcursos.com.br\/blog\/#organization\"},\"potentialAction\":[{\"@type\":\"SearchAction\",\"target\":{\"@type\":\"EntryPoint\",\"urlTemplate\":\"https:\/\/www.estrategiaconcursos.com.br\/blog\/?s={search_term_string}\"},\"query-input\":{\"@type\":\"PropertyValueSpecification\",\"valueRequired\":true,\"valueName\":\"search_term_string\"}}],\"inLanguage\":\"pt-BR\"},{\"@type\":\"Organization\",\"@id\":\"https:\/\/www.estrategiaconcursos.com.br\/blog\/#organization\",\"name\":\"Estrat\u00e9gia Concursos\",\"url\":\"https:\/\/www.estrategiaconcursos.com.br\/blog\/\",\"logo\":{\"@type\":\"ImageObject\",\"inLanguage\":\"pt-BR\",\"@id\":\"https:\/\/www.estrategiaconcursos.com.br\/blog\/#\/schema\/logo\/image\/\",\"url\":\"https:\/\/dhg1h5j42swfq.cloudfront.net\/2025\/06\/03203428\/logo_concursos-1.jpg\",\"contentUrl\":\"https:\/\/dhg1h5j42swfq.cloudfront.net\/2025\/06\/03203428\/logo_concursos-1.jpg\",\"width\":230,\"height\":60,\"caption\":\"Estrat\u00e9gia Concursos\"},\"image\":{\"@id\":\"https:\/\/www.estrategiaconcursos.com.br\/blog\/#\/schema\/logo\/image\/\"},\"sameAs\":[\"https:\/\/x.com\/EstratConcursos\"]},{\"@type\":\"Person\",\"@id\":\"https:\/\/www.estrategiaconcursos.com.br\/blog\/#\/schema\/person\/cc9e76173880338ce9f656c88664a1f6\",\"name\":\"Diogo Mendes\",\"image\":{\"@type\":\"ImageObject\",\"inLanguage\":\"pt-BR\",\"@id\":\"https:\/\/secure.gravatar.com\/avatar\/9754d6777d460a45ef4067b586b94c32005cc2345a0404b8d96adc620cf63806?s=96&d=mm&r=g\",\"url\":\"https:\/\/secure.gravatar.com\/avatar\/9754d6777d460a45ef4067b586b94c32005cc2345a0404b8d96adc620cf63806?s=96&d=mm&r=g\",\"contentUrl\":\"https:\/\/secure.gravatar.com\/avatar\/9754d6777d460a45ef4067b586b94c32005cc2345a0404b8d96adc620cf63806?s=96&d=mm&r=g\",\"caption\":\"Diogo Mendes\"},\"description\":\"Diogo Mendes \u00e9 jornalista formado pela Universidade Paulista, com experi\u00eancia em reda\u00e7\u00f5es de diversos ve\u00edculos e na produ\u00e7\u00e3o de conte\u00fados especializados em concursos p\u00fablicos. Desde 2019, atua no Estrat\u00e9gia Concursos como Jornalista e Analista de Conte\u00fado, com foco na apura\u00e7\u00e3o de informa\u00e7\u00f5es junto a \u00f3rg\u00e3os e fontes oficiais. Dedica-se especialmente \u00e0 produ\u00e7\u00e3o de not\u00edcias e reportagens sobre Concursos Legislativos, al\u00e9m de acompanhar diariamente os concursos policiais, banc\u00e1rios e da \u00e1rea da sa\u00fade.\",\"url\":\"https:\/\/www.estrategiaconcursos.com.br\/blog\/author\/diogo-mendesestrategiaconcursos-com-br\/\"}]}<\/script>\n<!-- \/ Yoast SEO Premium plugin. -->","yoast_head_json":{"title":"Concurso PM AP: como ser\u00e1 a aplica\u00e7\u00e3o da prova objetiva?","description":"Como ser\u00e1 a aplica\u00e7\u00e3o da prova objetiva do concurso p\u00fablico da Pol\u00edcia Militar do Amap\u00e1 (PM AP)? Confira ao longo deste artigo!","robots":{"index":"index","follow":"follow","max-snippet":"max-snippet:-1","max-image-preview":"max-image-preview:large","max-video-preview":"max-video-preview:-1"},"canonical":"https:\/\/www.estrategiaconcursos.com.br\/blog\/concurso-pm-ap-prova-objetiva\/","og_locale":"pt_BR","og_type":"article","og_title":"Concurso PM AP: como ser\u00e1 a aplica\u00e7\u00e3o da prova objetiva?","og_description":"Como ser\u00e1 a aplica\u00e7\u00e3o da prova objetiva do concurso p\u00fablico da Pol\u00edcia Militar do Amap\u00e1 (PM AP)? Confira ao longo deste artigo!","og_url":"https:\/\/www.estrategiaconcursos.com.br\/blog\/concurso-pm-ap-prova-objetiva\/","og_site_name":"Estrat\u00e9gia Concursos","article_published_time":"2022-05-11T21:00:00+00:00","article_modified_time":"2022-05-12T15:27:36+00:00","og_image":[{"width":768,"height":432,"url":"https:\/\/dhg1h5j42swfq.cloudfront.net\/2021\/06\/25131101\/pm-ap.jpg","type":"image\/jpeg"}],"author":"Diogo Mendes","twitter_card":"summary_large_image","twitter_creator":"@EstratConcursos","twitter_site":"@EstratConcursos","twitter_misc":{"Escrito por":"Diogo Mendes","Est. tempo de leitura":"3 minutos"},"schema":{"@context":"https:\/\/schema.org","@graph":[{"@type":"NewsArticle","@id":"https:\/\/www.estrategiaconcursos.com.br\/blog\/concurso-pm-ap-prova-objetiva\/#article","isPartOf":{"@id":"https:\/\/www.estrategiaconcursos.com.br\/blog\/concurso-pm-ap-prova-objetiva\/"},"author":{"name":"Diogo Mendes","@id":"https:\/\/www.estrategiaconcursos.com.br\/blog\/#\/schema\/person\/cc9e76173880338ce9f656c88664a1f6"},"headline":"Concurso PM AP: como ser\u00e1 a aplica\u00e7\u00e3o da prova objetiva?","datePublished":"2022-05-11T21:00:00+00:00","dateModified":"2022-05-12T15:27:36+00:00","mainEntityOfPage":{"@id":"https:\/\/www.estrategiaconcursos.com.br\/blog\/concurso-pm-ap-prova-objetiva\/"},"wordCount":493,"commentCount":0,"publisher":{"@id":"https:\/\/www.estrategiaconcursos.com.br\/blog\/#organization"},"image":{"@id":"https:\/\/www.estrategiaconcursos.com.br\/blog\/concurso-pm-ap-prova-objetiva\/#primaryimage"},"thumbnailUrl":"https:\/\/dhg1h5j42swfq.cloudfront.net\/2021\/06\/25131101\/pm-ap.jpg","articleSection":["Policial (PM\/BM - Pra\u00e7as)","\u00daltimas not\u00edcias"],"inLanguage":"pt-BR","potentialAction":[{"@type":"CommentAction","name":"Comment","target":["https:\/\/www.estrategiaconcursos.com.br\/blog\/concurso-pm-ap-prova-objetiva\/#respond"]}],"copyrightYear":"2022","copyrightHolder":{"@id":"https:\/\/www.estrategiaconcursos.com.br\/blog\/#organization"}},{"@type":"WebPage","@id":"https:\/\/www.estrategiaconcursos.com.br\/blog\/concurso-pm-ap-prova-objetiva\/","url":"https:\/\/www.estrategiaconcursos.com.br\/blog\/concurso-pm-ap-prova-objetiva\/","name":"Concurso PM AP: como ser\u00e1 a aplica\u00e7\u00e3o da prova objetiva?","isPartOf":{"@id":"https:\/\/www.estrategiaconcursos.com.br\/blog\/#website"},"primaryImageOfPage":{"@id":"https:\/\/www.estrategiaconcursos.com.br\/blog\/concurso-pm-ap-prova-objetiva\/#primaryimage"},"image":{"@id":"https:\/\/www.estrategiaconcursos.com.br\/blog\/concurso-pm-ap-prova-objetiva\/#primaryimage"},"thumbnailUrl":"https:\/\/dhg1h5j42swfq.cloudfront.net\/2021\/06\/25131101\/pm-ap.jpg","datePublished":"2022-05-11T21:00:00+00:00","dateModified":"2022-05-12T15:27:36+00:00","description":"Como ser\u00e1 a aplica\u00e7\u00e3o da prova objetiva do concurso p\u00fablico da Pol\u00edcia Militar do Amap\u00e1 (PM AP)? Confira ao longo deste artigo!","breadcrumb":{"@id":"https:\/\/www.estrategiaconcursos.com.br\/blog\/concurso-pm-ap-prova-objetiva\/#breadcrumb"},"inLanguage":"pt-BR","potentialAction":[{"@type":"ReadAction","target":["https:\/\/www.estrategiaconcursos.com.br\/blog\/concurso-pm-ap-prova-objetiva\/"]}]},{"@type":"ImageObject","inLanguage":"pt-BR","@id":"https:\/\/www.estrategiaconcursos.com.br\/blog\/concurso-pm-ap-prova-objetiva\/#primaryimage","url":"https:\/\/dhg1h5j42swfq.cloudfront.net\/2021\/06\/25131101\/pm-ap.jpg","contentUrl":"https:\/\/dhg1h5j42swfq.cloudfront.net\/2021\/06\/25131101\/pm-ap.jpg","width":768,"height":432,"caption":"PM AP"},{"@type":"BreadcrumbList","@id":"https:\/\/www.estrategiaconcursos.com.br\/blog\/concurso-pm-ap-prova-objetiva\/#breadcrumb","itemListElement":[{"@type":"ListItem","position":1,"name":"In\u00edcio","item":"https:\/\/www.estrategiaconcursos.com.br\/blog\/"},{"@type":"ListItem","position":2,"name":"Concurso PM AP: como ser\u00e1 a aplica\u00e7\u00e3o da prova objetiva?"}]},{"@type":"WebSite","@id":"https:\/\/www.estrategiaconcursos.com.br\/blog\/#website","url":"https:\/\/www.estrategiaconcursos.com.br\/blog\/","name":"Estrat\u00e9gia Concursos","description":"O blog da Estrat\u00e9gia Concursos traz not\u00edcias sobre concursos e artigos de professores oferecendo cursos para concursos (pdf + videaulas) no site.","publisher":{"@id":"https:\/\/www.estrategiaconcursos.com.br\/blog\/#organization"},"potentialAction":[{"@type":"SearchAction","target":{"@type":"EntryPoint","urlTemplate":"https:\/\/www.estrategiaconcursos.com.br\/blog\/?s={search_term_string}"},"query-input":{"@type":"PropertyValueSpecification","valueRequired":true,"valueName":"search_term_string"}}],"inLanguage":"pt-BR"},{"@type":"Organization","@id":"https:\/\/www.estrategiaconcursos.com.br\/blog\/#organization","name":"Estrat\u00e9gia Concursos","url":"https:\/\/www.estrategiaconcursos.com.br\/blog\/","logo":{"@type":"ImageObject","inLanguage":"pt-BR","@id":"https:\/\/www.estrategiaconcursos.com.br\/blog\/#\/schema\/logo\/image\/","url":"https:\/\/dhg1h5j42swfq.cloudfront.net\/2025\/06\/03203428\/logo_concursos-1.jpg","contentUrl":"https:\/\/dhg1h5j42swfq.cloudfront.net\/2025\/06\/03203428\/logo_concursos-1.jpg","width":230,"height":60,"caption":"Estrat\u00e9gia Concursos"},"image":{"@id":"https:\/\/www.estrategiaconcursos.com.br\/blog\/#\/schema\/logo\/image\/"},"sameAs":["https:\/\/x.com\/EstratConcursos"]},{"@type":"Person","@id":"https:\/\/www.estrategiaconcursos.com.br\/blog\/#\/schema\/person\/cc9e76173880338ce9f656c88664a1f6","name":"Diogo Mendes","image":{"@type":"ImageObject","inLanguage":"pt-BR","@id":"https:\/\/secure.gravatar.com\/avatar\/9754d6777d460a45ef4067b586b94c32005cc2345a0404b8d96adc620cf63806?s=96&d=mm&r=g","url":"https:\/\/secure.gravatar.com\/avatar\/9754d6777d460a45ef4067b586b94c32005cc2345a0404b8d96adc620cf63806?s=96&d=mm&r=g","contentUrl":"https:\/\/secure.gravatar.com\/avatar\/9754d6777d460a45ef4067b586b94c32005cc2345a0404b8d96adc620cf63806?s=96&d=mm&r=g","caption":"Diogo Mendes"},"description":"Diogo Mendes \u00e9 jornalista formado pela Universidade Paulista, com experi\u00eancia em reda\u00e7\u00f5es de diversos ve\u00edculos e na produ\u00e7\u00e3o de conte\u00fados especializados em concursos p\u00fablicos. Desde 2019, atua no Estrat\u00e9gia Concursos como Jornalista e Analista de Conte\u00fado, com foco na apura\u00e7\u00e3o de informa\u00e7\u00f5es junto a \u00f3rg\u00e3os e fontes oficiais. Dedica-se especialmente \u00e0 produ\u00e7\u00e3o de not\u00edcias e reportagens sobre Concursos Legislativos, al\u00e9m de acompanhar diariamente os concursos policiais, banc\u00e1rios e da \u00e1rea da sa\u00fade.","url":"https:\/\/www.estrategiaconcursos.com.br\/blog\/author\/diogo-mendesestrategiaconcursos-com-br\/"}]}},"_links":{"self":[{"href":"https:\/\/www.estrategiaconcursos.com.br\/blog\/wp-json\/wp\/v2\/posts\/1025463","targetHints":{"allow":["GET"]}}],"collection":[{"href":"https:\/\/www.estrategiaconcursos.com.br\/blog\/wp-json\/wp\/v2\/posts"}],"about":[{"href":"https:\/\/www.estrategiaconcursos.com.br\/blog\/wp-json\/wp\/v2\/types\/post"}],"author":[{"embeddable":true,"href":"https:\/\/www.estrategiaconcursos.com.br\/blog\/wp-json\/wp\/v2\/users\/1483"}],"replies":[{"embeddable":true,"href":"https:\/\/www.estrategiaconcursos.com.br\/blog\/wp-json\/wp\/v2\/comments?post=1025463"}],"version-history":[{"count":5,"href":"https:\/\/www.estrategiaconcursos.com.br\/blog\/wp-json\/wp\/v2\/posts\/1025463\/revisions"}],"predecessor-version":[{"id":1026899,"href":"https:\/\/www.estrategiaconcursos.com.br\/blog\/wp-json\/wp\/v2\/posts\/1025463\/revisions\/1026899"}],"wp:featuredmedia":[{"embeddable":true,"href":"https:\/\/www.estrategiaconcursos.com.br\/blog\/wp-json\/wp\/v2\/media\/777118"}],"wp:attachment":[{"href":"https:\/\/www.estrategiaconcursos.com.br\/blog\/wp-json\/wp\/v2\/media?parent=1025463"}],"wp:term":[{"taxonomy":"category","embeddable":true,"href":"https:\/\/www.estrategiaconcursos.com.br\/blog\/wp-json\/wp\/v2\/categories?post=1025463"},{"taxonomy":"post_tag","embeddable":true,"href":"https:\/\/www.estrategiaconcursos.com.br\/blog\/wp-json\/wp\/v2\/tags?post=1025463"},{"taxonomy":"tax_estado","embeddable":true,"href":"https:\/\/www.estrategiaconcursos.com.br\/blog\/wp-json\/wp\/v2\/tax_estado?post=1025463"}],"curies":[{"name":"wp","href":"https:\/\/api.w.org\/{rel}","templated":true}]}}