{"id":1025364,"date":"2022-06-02T08:17:00","date_gmt":"2022-06-02T11:17:00","guid":{"rendered":"https:\/\/www.estrategiaconcursos.com.br\/blog\/?p=1025364"},"modified":"2022-05-31T15:27:23","modified_gmt":"2022-05-31T18:27:23","slug":"governo-eletronico-sefaz-pe","status":"publish","type":"post","link":"https:\/\/www.estrategiaconcursos.com.br\/blog\/governo-eletronico-sefaz-pe\/","title":{"rendered":"Governo Eletr\u00f4nico para o SEFAZ-PE"},"content":{"rendered":"\n<p>Ol\u00e1, pessoal, como est\u00e3o? Hoje iremos tratar de um tema atual de extrema import\u00e2ncia para concursos, a <strong>introdu\u00e7\u00e3o do governo eletr\u00f4nico na Administra\u00e7\u00e3o P\u00fablica<\/strong> para o concurso do SEFAZ-PE.<\/p>\n\n\n\n<p>O concurso da Secretaria da Fazenda do Estado de Pernambuco (SEFAZ-PE) englobou em seu <a href=\"http:\/\/www.upenet.com.br\/concursos\/22_Sefaz\/Arquivos\/Edital.pdf\">conte\u00fado program\u00e1tico<\/a> a parte de <strong>governo eletr\u00f4nico<\/strong>, dentro da disciplina de Administra\u00e7\u00e3o Geral e P\u00fablica. Portanto, vamos entender o que \u00e9 o governo eletr\u00f4nico, seus est\u00e1gios, fundamentos, diretrizes e aplica\u00e7\u00e3o na esfera p\u00fablica.<\/p>\n\n\n\n<div class=\"wp-block-image\"><figure class=\"aligncenter size-full\"><img loading=\"lazy\" decoding=\"async\" width=\"768\" height=\"550\" src=\"https:\/\/dhg1h5j42swfq.cloudfront.net\/2022\/05\/10152707\/img_9989.jpg\" alt=\"Governo Eletr\u00f4nico\" class=\"wp-image-1025374\" srcset=\"https:\/\/dhg1h5j42swfq.cloudfront.net\/2022\/05\/10152707\/img_9989.jpg 768w, https:\/\/dhg1h5j42swfq.cloudfront.net\/2022\/05\/10152707\/img_9989-300x215.jpg 300w, https:\/\/dhg1h5j42swfq.cloudfront.net\/2022\/05\/10152707\/img_9989-610x437.jpg 610w\" sizes=\"auto, (max-width: 768px) 100vw, 768px\" \/><figcaption>Governo Eletr\u00f4nico para o SEFAZ-PE<\/figcaption><\/figure><\/div>\n\n\n\n<p>A ideia de governo eletr\u00f4nico pode ser associada ao uso de tecnologia de informa\u00e7\u00e3o no setor p\u00fablico, mas na verdade, ela ultrapassa essa defini\u00e7\u00e3o.<\/p>\n\n\n\n<p>Em alguns casos, pode estar vinculada ao <strong>uso de tecnologias de informa\u00e7\u00e3o e comunica\u00e7\u00e3o (TICs) na moderniza\u00e7\u00e3o da Administra\u00e7\u00e3o P\u00fablica<\/strong> ou \u00e0 <strong>melhoria da efici\u00eancia dos processos operacionais e administrativos dos governos.<\/strong> Mas tamb\u00e9m pode estar relacionada ao <strong>uso de internet no setor p\u00fablico para presta\u00e7\u00e3o de servi\u00e7os p\u00fablicos eletr\u00f4nicos<\/strong>, por exemplo.<\/p>\n\n\n\n<p>Os <strong>principais objetivos<\/strong> da introdu\u00e7\u00e3o do governo eletr\u00f4nico s\u00e3o:<\/p>\n\n\n\n<p>&#8211; Democratizar o acesso \u00e0 informa\u00e7\u00e3o (<strong>inclus\u00e3o digital<\/strong>);<\/p>\n\n\n\n<p>&#8211; <strong>Modernizar a m\u00e1quina p\u00fablica<\/strong> e <strong>minimizar a burocracia p\u00fablica<\/strong>;<\/p>\n\n\n\n<p>&#8211; <strong>Reduzir custos<\/strong> e <strong>melhorar a efici\u00eancia<\/strong> da administra\u00e7\u00e3o p\u00fablica no que se refere aos seus processos internos;<\/p>\n\n\n\n<p>&#8211; <strong>Aumentar a efici\u00eancia<\/strong> e a <strong>qualidade dos servi\u00e7os p\u00fablicos<\/strong>;<\/p>\n\n\n\n<p>&#8211; Permitir <strong>maior participa\u00e7\u00e3o popular do cidad\u00e3o<\/strong> na gest\u00e3o p\u00fablica;<\/p>\n\n\n\n<p>&#8211; <strong>Aumentar a transpar\u00eancia<\/strong>, o controle social e a accountability;<\/p>\n\n\n\n<p>&#8211; Criar mecanismos de <strong>gest\u00e3o do conhecimento<\/strong>; e<\/p>\n\n\n\n<p>&#8211; <strong>Aprimorar a governan\u00e7a<\/strong>.<\/p>\n\n\n\n<p>Portanto, podemos observar a import\u00e2ncia do governo digital para a interatividade do governo com os cidad\u00e3os e consequentemente para a melhora no processo de democratiza\u00e7\u00e3o do pa\u00eds.<\/p>\n\n\n\n<h2 class=\"wp-block-heading\" id=\"h-estagios-do-governo-eletronico-para-o-sefaz-pe\"><strong>Est\u00e1gios do Governo Eletr\u00f4nico<\/strong> <strong>para o SEFAZ-PE<\/strong><\/h2>\n\n\n\n<p>De acordo com o modelo da Organiza\u00e7\u00e3o das Na\u00e7\u00f5es Unidas (ONU), o governo digital pode ser dividido em 5 est\u00e1gios em rela\u00e7\u00e3o aos seus esfor\u00e7os de implementa\u00e7\u00e3o deste governo. S\u00e3o eles:<\/p>\n\n\n\n<p><strong>Est\u00e1gio I &#8211; Emergente<\/strong>: A aten\u00e7\u00e3o se concentra na informa\u00e7\u00e3o e dissemina\u00e7\u00e3o de conte\u00fados de interesse. Neste est\u00e1gio, informa\u00e7\u00f5es s\u00e3o catalogadas, com os esfor\u00e7os do governo concentrados na presen\u00e7a on-line; n\u00e3o h\u00e1 transa\u00e7\u00f5es.<\/p>\n\n\n\n<p><strong>Est\u00e1gio II &#8211; Aprimorado<\/strong>: Os governos fornecem mais informa\u00e7\u00f5es sobre pol\u00edticas p\u00fablicas e governan\u00e7a. Neste est\u00e1gio, por causa da intera\u00e7\u00e3o, o governo eletr\u00f4nico possibilita que cidad\u00e3os e companhias se envolvam no processo de governan\u00e7a e defini\u00e7\u00e3o de pol\u00edticas p\u00fablicas.<\/p>\n\n\n\n<p><strong>Est\u00e1gio III &#8211; Interativo<\/strong>: Evidencia-se o in\u00edcio de um portal interativo ou site com servi\u00e7os para melhorar a conveni\u00eancia dos cidad\u00e3os. Neste est\u00e1gio surge a necessidade de desenvolvimento de aplica\u00e7\u00f5es inter-ag\u00eancias de governo, de forma a possibilitar transa\u00e7\u00f5es completas que envolvem, em geral, mais de um agente de governo.<\/p>\n\n\n\n<p><strong>Est\u00e1gio IV &#8211; Transacional<\/strong>: Os governos come\u00e7am a se transformar, introduzindo intera\u00e7\u00f5es bidirecionais entre &#8220;cidad\u00e3o e governo&#8221;. Neste est\u00e1gio, os servi\u00e7os se tornam mais sofisticados e completos, com um ponto de acesso \u00fanico pelo cidad\u00e3o, o que torna o governo muito mais transparente.<\/p>\n\n\n\n<p><strong>Est\u00e1gio V &#8211; Conectado<\/strong>: Neste \u00faltimo n\u00edvel, os governos se transformam em uma entidade conectada que responde \u00e0s necessidades de seus cidad\u00e3os, desenvolvendo uma <strong>infraestrutura integrada de suporte ao cidad\u00e3o<\/strong>. Desaparecem as fronteiras entre agentes de governo e entre estes e a comunidade, com processos altamente integrados e eliminando as interfaces existentes entre organismos p\u00fablicos e privados.<\/p>\n\n\n\n<h2 class=\"wp-block-heading\" id=\"h-fundamentos-e-diretrizes-do-governo-eletronico\"><strong>Fundamentos e Diretrizes do Governo Eletr\u00f4nico<\/strong><\/h2>\n\n\n\n<p>No Brasil, a pol\u00edtica de&nbsp;Governo Eletr\u00f4nico&nbsp;segue um conjunto de&nbsp;diretrizes&nbsp;que atuam em <strong>tr\u00eas ideias fundamentais<\/strong>:<\/p>\n\n\n\n<p>&#8211; <strong>Junto ao cidad\u00e3o<\/strong>;<\/p>\n\n\n\n<p>&#8211; Na <strong>melhoria da gest\u00e3o interna<\/strong>; e<\/p>\n\n\n\n<p>&#8211; Na <strong>integra\u00e7\u00e3o com parceiros e fornecedores<\/strong>.<\/p>\n\n\n\n<p>Tendo como base esses fundamentos, o <strong>Comit\u00ea Executivo do Governo Eletr\u00f4nico (CEGE)<\/strong> &#8211; criado pelo Decreto de 18 de outubro de 2000, com o objetivo de formular pol\u00edticas, estabelecer diretrizes, coordenar e articular as a\u00e7\u00f5es de implanta\u00e7\u00e3o do Governo Eletr\u00f4nico &#8211; <strong>definiu 7 Diretrizes Gerais<\/strong> que servem de refer\u00eancia para estruturar as estrat\u00e9gias de governo eletr\u00f4nico, e que devem ser observadas quando da implementa\u00e7\u00e3o e opera\u00e7\u00e3o do governo eletr\u00f4nico. Essas diretrizes s\u00e3o:<\/p>\n\n\n\n<p>1) A prioridade do Governo Eletr\u00f4nico \u00e9 a promo\u00e7\u00e3o da cidadania;<\/p>\n\n\n\n<p>2) A Inclus\u00e3o Digital \u00e9 indissoci\u00e1vel do Governo Eletr\u00f4nico;<\/p>\n\n\n\n<p>3) O Software Livre \u00e9 um recurso estrat\u00e9gico para a implementa\u00e7\u00e3o do Governo Eletr\u00f4nico;<\/p>\n\n\n\n<p>4) A gest\u00e3o do conhecimento \u00e9 um instrumento estrat\u00e9gico de articula\u00e7\u00e3o e gest\u00e3o das pol\u00edticas p\u00fablicas do Governo Eletr\u00f4nico;<\/p>\n\n\n\n<p>5) O Governo Eletr\u00f4nico deve racionalizar o uso de recursos;<\/p>\n\n\n\n<p>6) O Governo Eletr\u00f4nico deve contar com um arcabou\u00e7o integrado de pol\u00edticas, sistemas, padr\u00f5es e normas;<\/p>\n\n\n\n<p>7) Integra\u00e7\u00e3o das a\u00e7\u00f5es de Governo Eletr\u00f4nico com outros n\u00edveis de governo e outros poderes.<\/p>\n\n\n\n<h2 class=\"wp-block-heading\" id=\"h-aplicacao-do-governo-eletronico\"><strong>Aplica\u00e7\u00e3o do Governo Eletr\u00f4nico<\/strong><\/h2>\n\n\n\n<p>O&nbsp;governo eletr\u00f4nico&nbsp;utiliza as tecnologias de informa\u00e7\u00e3o e comunica\u00e7\u00e3o (TICs), com \u00eanfase para a internet, visando fornecer informa\u00e7\u00f5es p\u00fablicas, presta\u00e7\u00e3o de servi\u00e7os \u00e0 sociedade e aos \u00f3rg\u00e3os de&nbsp;governo, modernizar os processos internos da gest\u00e3o p\u00fablica e melhorar o relacionamento do&nbsp;governo&nbsp;com a sociedade.<\/p>\n\n\n\n<p>O <strong>com\u00e9rcio eletr\u00f4nico<\/strong> (<em>e-commerce<\/em>) \u00e9 um setor em crescimento exponencial e no que se refere ao setor p\u00fablico, <strong>as transa\u00e7\u00f5es eletr\u00f4nicas envolvendo o governo envolvem 3 atores principais<\/strong>: o <strong>governo<\/strong>, os <strong>cidad\u00e3os<\/strong> e as <strong>empresas<\/strong>. Sendo assim, essas rela\u00e7\u00f5es entre eles podem se dar das seguintes formas:<\/p>\n\n\n\n<p>&#8211; <strong>Governo para Cidad\u00e3o\/Consumidor (G2C):<\/strong> A intera\u00e7\u00e3o entre o governo e os cidad\u00e3os pode se dar atrav\u00e9s da disponibiliza\u00e7\u00e3o de informa\u00e7\u00f5es, presta\u00e7\u00e3o de servi\u00e7os, participa\u00e7\u00e3o do cidad\u00e3o na gest\u00e3o p\u00fablica, etc.<\/p>\n\n\n\n<p>&#8211; <strong>Governo para Empresas\/Neg\u00f3cios (C2B):<\/strong> Essa intera\u00e7\u00e3o entre o governo e as empresas pode se dar atrav\u00e9s da realiza\u00e7\u00e3o de licita\u00e7\u00f5es, divulga\u00e7\u00e3o de compras governamentais, cadastro de fornecedores, etc.<\/p>\n\n\n\n<p>&#8211; <strong>Governo para Governo (G2G):<\/strong> Atrav\u00e9s da utiliza\u00e7\u00e3o das TICs, os \u00f3rg\u00e3os e entidades da administra\u00e7\u00e3o p\u00fablica se relacionam entre si. Esse relacionamento pode se dar na forma de transa\u00e7\u00f5es horizontais (\u00f3rg\u00e3os e entidades do mesmo Ente Federativo) ou verticais (\u00f3rg\u00e3os e entidades de diferentes Entes Federativos).<\/p>\n\n\n\n<p>&#8211; <strong>Governo para Servidor\/Empregado (G2E):<\/strong> S\u00e3o as transa\u00e7\u00f5es que envolvem a utiliza\u00e7\u00e3o das TICs para o governo se relacionar com seus servidores\/empregados, com o objetivo de fornecer informa\u00e7\u00f5es e servi\u00e7os.<\/p>\n\n\n\n<h2 class=\"wp-block-heading\" id=\"h-governanca-eletronica\"><strong>Governan\u00e7a Eletr\u00f4nica<\/strong><\/h2>\n\n\n\n<p>A <strong>Governan\u00e7a Eletr\u00f4nica<\/strong> pode ser entendida como um processo que visa a <strong>manifesta\u00e7\u00e3o pol\u00edtica e a participa\u00e7\u00e3o da sociedade civil, junto ao governo, por meios eletr\u00f4nicos<\/strong>, na formula\u00e7\u00e3o, acompanhamento da implementa\u00e7\u00e3o e avalia\u00e7\u00e3o das pol\u00edticas p\u00fablicas, com vista ao <strong>desenvolvimento da cidadania e da democracia<\/strong>.<\/p>\n\n\n\n<p>A UNESCO segue uma linha na qual a governan\u00e7a eletr\u00f4nica \u00e9 considerada um conceito mais amplo que o governo eletr\u00f4nico, pois pode provocar uma mudan\u00e7a na maneira como os cidad\u00e3os se relacionam com os governos e entre si. De acordo com a UNESCO, a <strong>Governan\u00e7a Eletr\u00f4nica pode ser dividida em 3 campos de implementa\u00e7\u00e3o<\/strong>, s\u00e3o eles:<\/p>\n\n\n\n<p>&#8211; <strong>Administra\u00e7\u00e3o eletr\u00f4nica<\/strong> (<em>e-administration<\/em>): est\u00e1 relacionado \u00e0 melhoria dos processos governamentais e do funcionamento interno do setor p\u00fablico.<\/p>\n\n\n\n<p>&#8211; <strong>Servi\u00e7os eletr\u00f4nicos<\/strong> (<em>e-services<\/em>): refere-se \u00e0 melhoria da presta\u00e7\u00e3o de servi\u00e7os p\u00fablicos aos cidad\u00e3os.<\/p>\n\n\n\n<p>&#8211; <strong>Democracia eletr\u00f4nica<\/strong> (<em>e-democracy<\/em>): est\u00e1 ligado a maior e mais ativa participa\u00e7\u00e3o e envolvimento do cidad\u00e3o no processo de tomada de decis\u00f5es governamentais.<\/p>\n\n\n\n<h2 class=\"wp-block-heading\" id=\"h-estrategia-de-governo-digital\"><strong>Estrat\u00e9gia de Governo Digital<\/strong><\/h2>\n\n\n\n<p>O <strong>Decreto 10.332 de 28 de abril de 2020<\/strong>, instituiu a <strong>Estrat\u00e9gia de Governo Digital<\/strong> para o <strong>per\u00edodo de 2020 a 2022<\/strong>, no \u00e2mbito dos \u00f3rg\u00e3os e das entidades da administra\u00e7\u00e3o p\u00fablica federal direta, aut\u00e1rquica e fundacional. Por\u00e9m, \u00e9 v\u00e1lido salientar que o governo federal j\u00e1 havia adotado uma primeira vers\u00e3o da estrat\u00e9gia, concebida para o per\u00edodo de 2016 a 2019.<\/p>\n\n\n\n<p>Com a nova Estrat\u00e9gia de Governo Digital, o Estado brasileiro sinaliza um esfor\u00e7o ainda mais vigoroso e colaborativo para enfrentar poss\u00edveis desafios e entregar muito mais servi\u00e7os digitais \u00e0 popula\u00e7\u00e3o. <strong>O que se pretende \u00e9 melhorar ainda mais o n\u00edvel de confian\u00e7a no governo e sua rela\u00e7\u00e3o com os cidad\u00e3os por meio do digital<\/strong>.<\/p>\n\n\n\n<p>O referido Decreto, al\u00e9m de legitimar, d\u00e1 publicidade ao plano estrat\u00e9gico junto a todos os \u00f3rg\u00e3os da administra\u00e7\u00e3o p\u00fablica e \u00e0 sociedade.<\/p>\n\n\n\n<p>Os <strong>objetivos<\/strong> a serem alcan\u00e7ados, por meio da <strong>Estrat\u00e9gia de Governo Digital<\/strong> incluem:<\/p>\n\n\n\n<p>&#8211; Oferecer servi\u00e7os p\u00fablicos digitais simples e intuitivos, consolidados em plataforma \u00fanica e com avalia\u00e7\u00e3o de satisfa\u00e7\u00e3o dispon\u00edvel;<\/p>\n\n\n\n<p>&#8211; Conceder acesso amplo \u00e0 informa\u00e7\u00e3o e aos dados abertos governamentais, para possibilitar o exerc\u00edcio da cidadania e a inova\u00e7\u00e3o em tecnologias digitais;<\/p>\n\n\n\n<p>&#8211; Promover a integra\u00e7\u00e3o e a interoperabilidade das bases de dados governamentais;<\/p>\n\n\n\n<p>&#8211; Promover pol\u00edticas p\u00fablicas baseadas em dados e evid\u00eancias e em servi\u00e7os preditivos e personalizados, com utiliza\u00e7\u00e3o de tecnologias emergentes;<\/p>\n\n\n\n<p>&#8211; Implementar a Lei Geral de Prote\u00e7\u00e3o de Dados, no \u00e2mbito do Governo Federal, e garantir a seguran\u00e7a das plataformas de governo digital;<\/p>\n\n\n\n<p>&#8211; Disponibilizar a identifica\u00e7\u00e3o digital ao cidad\u00e3o;<\/p>\n\n\n\n<p>&#8211; Adotar tecnologia de processos e servi\u00e7os governamentais em nuvem como parte da estrutura tecnol\u00f3gica dos servi\u00e7os e setores da administra\u00e7\u00e3o p\u00fablica federal;<\/p>\n\n\n\n<p>&#8211; Otimizar as infraestruturas de tecnologia da informa\u00e7\u00e3o e comunica\u00e7\u00e3o; e<\/p>\n\n\n\n<p>&#8211; Formar equipes de governo com compet\u00eancias digitais.<\/p>\n\n\n\n<p>O anexo do Decreto prev\u00ea que a Estrat\u00e9gia de Governo Digital para o per\u00edodo de 2020 a 2022 est\u00e1 organizada em princ\u00edpios, objetivos e iniciativas que nortear\u00e3o a transforma\u00e7\u00e3o do governo por meio do uso de tecnologias digitais, com a promo\u00e7\u00e3o da efetividade das pol\u00edticas e da qualidade dos servi\u00e7os p\u00fablicos e com o objetivo final de reconquistar a confian\u00e7a dos brasileiros.<\/p>\n\n\n\n<h2 class=\"wp-block-heading\" id=\"h-consideracoes-finais\"><strong>Considera\u00e7\u00f5es Finais<\/strong><\/h2>\n\n\n\n<p>Portanto, pudemos observar que o <strong>governo digital<\/strong> vai muito&nbsp;al\u00e9m da adapta\u00e7\u00e3o de processos f\u00edsicos para o meio digital, mas tamb\u00e9m <strong>engloba a busca por&nbsp;meios&nbsp;de presta\u00e7\u00e3o de&nbsp;servi\u00e7os p\u00fablicos&nbsp;de forma mais eficiente, garantindo a&nbsp;transpar\u00eancia&nbsp;e a&nbsp;intera\u00e7\u00e3o&nbsp;entre governo e sociedade.<\/strong><\/p>\n\n\n\n<p>Ele tem originado mudan\u00e7as significativas e duradouras na forma como as pessoas vivem e interagem entre si e com o ambiente e os servi\u00e7os p\u00fablicos.<\/p>\n\n\n\n<p>O governo eletr\u00f4nico \u00e9 uma nova realidade em cont\u00ednuo crescimento e expans\u00e3o, ou seja, \u00e9 um tema muito relevante para provas de concurso p\u00fablico e merece a sua aten\u00e7\u00e3o, especialmente para a pr\u00f3xima prova da SEFAZ-PE.<\/p>\n\n\n\n<p>Ent\u00e3o \u00e9 isso, pessoal, hoje ficamos por aqui, um grande abra\u00e7o e bons estudos!<\/p>\n\n\n\n<p>D\u00e9bora Vaz Ferreira<\/p>\n\n\n\n<p>Prepare-se com o melhor material e com quem mais aprova em Concursos P\u00fablicos em todo o pa\u00eds!<\/p>\n\n\n\n<p class=\"has-text-align-center has-white-color has-vivid-purple-background-color has-text-color has-background\"><a href=\"https:\/\/www.estrategiaconcursos.com.br\/blog\/concursos-abertos\/\" target=\"_blank\" rel=\"noreferrer noopener\"><strong>Concursos abertos<\/strong><\/a><\/p>\n\n\n\n<p class=\"has-text-align-center has-white-color has-vivid-purple-background-color has-text-color has-background\"><strong><a href=\"https:\/\/www.estrategiaconcursos.com.br\/blog\/concursos-2022\/\" target=\"_blank\" rel=\"noreferrer noopener\">Concursos 2022<\/a><\/strong><\/p>\n","protected":false},"excerpt":{"rendered":"<p>Ol\u00e1, pessoal, como est\u00e3o? Hoje iremos tratar de um tema atual de extrema import\u00e2ncia para concursos, a introdu\u00e7\u00e3o do governo eletr\u00f4nico na Administra\u00e7\u00e3o P\u00fablica para o concurso do SEFAZ-PE. O concurso da Secretaria da Fazenda do Estado de Pernambuco (SEFAZ-PE) englobou em seu conte\u00fado program\u00e1tico a parte de governo eletr\u00f4nico, dentro da disciplina de Administra\u00e7\u00e3o [&hellip;]<\/p>\n","protected":false},"author":2407,"featured_media":1025392,"comment_status":"open","ping_status":"closed","sticky":false,"template":"","format":"standard","meta":{"post_tipo":"article","footnotes":""},"categories":[1],"tags":[],"tax_estado":[219979],"class_list":["post-1025364","post","type-post","status-publish","format-standard","has-post-thumbnail","hentry","category-cursos-e-concursos","tax_estado-pe"],"acf":[],"yoast_head":"<!-- This site is optimized with the Yoast SEO Premium plugin v27.2 (Yoast SEO v27.2) - https:\/\/yoast.com\/product\/yoast-seo-premium-wordpress\/ -->\n<title>Governo Eletr\u00f4nico para o SEFAZ-PE<\/title>\n<meta name=\"description\" content=\"Analisaremos o que \u00e9 o governo eletr\u00f4nico, seus est\u00e1gios, fundamentos, diretrizes e aplica\u00e7\u00e3o na esfera p\u00fablica para a prova do SEFAZ-PE\" \/>\n<meta name=\"robots\" content=\"index, follow, max-snippet:-1, max-image-preview:large, max-video-preview:-1\" \/>\n<link rel=\"canonical\" href=\"https:\/\/www.estrategiaconcursos.com.br\/blog\/governo-eletronico-sefaz-pe\/\" \/>\n<meta property=\"og:locale\" content=\"pt_BR\" \/>\n<meta property=\"og:type\" content=\"article\" \/>\n<meta property=\"og:title\" content=\"Governo Eletr\u00f4nico para o SEFAZ-PE\" \/>\n<meta property=\"og:description\" content=\"Analisaremos o que \u00e9 o governo eletr\u00f4nico, seus est\u00e1gios, fundamentos, diretrizes e aplica\u00e7\u00e3o na esfera p\u00fablica para a prova do SEFAZ-PE\" \/>\n<meta property=\"og:url\" content=\"https:\/\/www.estrategiaconcursos.com.br\/blog\/governo-eletronico-sefaz-pe\/\" \/>\n<meta property=\"og:site_name\" content=\"Estrat\u00e9gia Concursos\" \/>\n<meta property=\"article:published_time\" content=\"2022-06-02T11:17:00+00:00\" \/>\n<meta property=\"og:image\" content=\"https:\/\/dhg1h5j42swfq.cloudfront.net\/2022\/05\/10153452\/img_9989-1.jpg\" \/>\n\t<meta property=\"og:image:width\" content=\"768\" \/>\n\t<meta property=\"og:image:height\" content=\"550\" \/>\n\t<meta property=\"og:image:type\" content=\"image\/jpeg\" \/>\n<meta name=\"author\" content=\"D\u00e9bora Vaz Ferreira\" \/>\n<meta name=\"twitter:card\" content=\"summary_large_image\" \/>\n<meta name=\"twitter:creator\" content=\"@EstratConcursos\" \/>\n<meta name=\"twitter:site\" content=\"@EstratConcursos\" \/>\n<meta name=\"twitter:label1\" content=\"Escrito por\" \/>\n\t<meta name=\"twitter:data1\" content=\"D\u00e9bora Vaz Ferreira\" \/>\n\t<meta name=\"twitter:label2\" content=\"Est. tempo de leitura\" \/>\n\t<meta name=\"twitter:data2\" content=\"9 minutos\" \/>\n<script type=\"application\/ld+json\" class=\"yoast-schema-graph\">{\"@context\":\"https:\/\/schema.org\",\"@graph\":[{\"@type\":\"NewsArticle\",\"@id\":\"https:\/\/www.estrategiaconcursos.com.br\/blog\/governo-eletronico-sefaz-pe\/#article\",\"isPartOf\":{\"@id\":\"https:\/\/www.estrategiaconcursos.com.br\/blog\/governo-eletronico-sefaz-pe\/\"},\"author\":{\"name\":\"D\u00e9bora Vaz Ferreira\",\"@id\":\"https:\/\/www.estrategiaconcursos.com.br\/blog\/#\/schema\/person\/3ac3a2171af8f7657d180d6ae5f2f484\"},\"headline\":\"Governo Eletr\u00f4nico para o SEFAZ-PE\",\"datePublished\":\"2022-06-02T11:17:00+00:00\",\"mainEntityOfPage\":{\"@id\":\"https:\/\/www.estrategiaconcursos.com.br\/blog\/governo-eletronico-sefaz-pe\/\"},\"wordCount\":1954,\"commentCount\":0,\"publisher\":{\"@id\":\"https:\/\/www.estrategiaconcursos.com.br\/blog\/#organization\"},\"image\":{\"@id\":\"https:\/\/www.estrategiaconcursos.com.br\/blog\/governo-eletronico-sefaz-pe\/#primaryimage\"},\"thumbnailUrl\":\"https:\/\/dhg1h5j42swfq.cloudfront.net\/2022\/05\/10153452\/img_9989-1.jpg\",\"articleSection\":[\"Concursos P\u00fablicos\"],\"inLanguage\":\"pt-BR\",\"potentialAction\":[{\"@type\":\"CommentAction\",\"name\":\"Comment\",\"target\":[\"https:\/\/www.estrategiaconcursos.com.br\/blog\/governo-eletronico-sefaz-pe\/#respond\"]}],\"copyrightYear\":\"2022\",\"copyrightHolder\":{\"@id\":\"https:\/\/www.estrategiaconcursos.com.br\/blog\/#organization\"}},{\"@type\":\"WebPage\",\"@id\":\"https:\/\/www.estrategiaconcursos.com.br\/blog\/governo-eletronico-sefaz-pe\/\",\"url\":\"https:\/\/www.estrategiaconcursos.com.br\/blog\/governo-eletronico-sefaz-pe\/\",\"name\":\"Governo Eletr\u00f4nico para o SEFAZ-PE\",\"isPartOf\":{\"@id\":\"https:\/\/www.estrategiaconcursos.com.br\/blog\/#website\"},\"primaryImageOfPage\":{\"@id\":\"https:\/\/www.estrategiaconcursos.com.br\/blog\/governo-eletronico-sefaz-pe\/#primaryimage\"},\"image\":{\"@id\":\"https:\/\/www.estrategiaconcursos.com.br\/blog\/governo-eletronico-sefaz-pe\/#primaryimage\"},\"thumbnailUrl\":\"https:\/\/dhg1h5j42swfq.cloudfront.net\/2022\/05\/10153452\/img_9989-1.jpg\",\"datePublished\":\"2022-06-02T11:17:00+00:00\",\"description\":\"Analisaremos o que \u00e9 o governo eletr\u00f4nico, seus est\u00e1gios, fundamentos, diretrizes e aplica\u00e7\u00e3o na esfera p\u00fablica para a prova do SEFAZ-PE\",\"breadcrumb\":{\"@id\":\"https:\/\/www.estrategiaconcursos.com.br\/blog\/governo-eletronico-sefaz-pe\/#breadcrumb\"},\"inLanguage\":\"pt-BR\",\"potentialAction\":[{\"@type\":\"ReadAction\",\"target\":[\"https:\/\/www.estrategiaconcursos.com.br\/blog\/governo-eletronico-sefaz-pe\/\"]}]},{\"@type\":\"ImageObject\",\"inLanguage\":\"pt-BR\",\"@id\":\"https:\/\/www.estrategiaconcursos.com.br\/blog\/governo-eletronico-sefaz-pe\/#primaryimage\",\"url\":\"https:\/\/dhg1h5j42swfq.cloudfront.net\/2022\/05\/10153452\/img_9989-1.jpg\",\"contentUrl\":\"https:\/\/dhg1h5j42swfq.cloudfront.net\/2022\/05\/10153452\/img_9989-1.jpg\",\"width\":768,\"height\":550},{\"@type\":\"BreadcrumbList\",\"@id\":\"https:\/\/www.estrategiaconcursos.com.br\/blog\/governo-eletronico-sefaz-pe\/#breadcrumb\",\"itemListElement\":[{\"@type\":\"ListItem\",\"position\":1,\"name\":\"In\u00edcio\",\"item\":\"https:\/\/www.estrategiaconcursos.com.br\/blog\/\"},{\"@type\":\"ListItem\",\"position\":2,\"name\":\"Governo Eletr\u00f4nico para o SEFAZ-PE\"}]},{\"@type\":\"WebSite\",\"@id\":\"https:\/\/www.estrategiaconcursos.com.br\/blog\/#website\",\"url\":\"https:\/\/www.estrategiaconcursos.com.br\/blog\/\",\"name\":\"Estrat\u00e9gia Concursos\",\"description\":\"O blog da Estrat\u00e9gia Concursos traz not\u00edcias sobre concursos e artigos de professores oferecendo cursos para concursos (pdf + videaulas) no site.\",\"publisher\":{\"@id\":\"https:\/\/www.estrategiaconcursos.com.br\/blog\/#organization\"},\"potentialAction\":[{\"@type\":\"SearchAction\",\"target\":{\"@type\":\"EntryPoint\",\"urlTemplate\":\"https:\/\/www.estrategiaconcursos.com.br\/blog\/?s={search_term_string}\"},\"query-input\":{\"@type\":\"PropertyValueSpecification\",\"valueRequired\":true,\"valueName\":\"search_term_string\"}}],\"inLanguage\":\"pt-BR\"},{\"@type\":\"Organization\",\"@id\":\"https:\/\/www.estrategiaconcursos.com.br\/blog\/#organization\",\"name\":\"Estrat\u00e9gia Concursos\",\"url\":\"https:\/\/www.estrategiaconcursos.com.br\/blog\/\",\"logo\":{\"@type\":\"ImageObject\",\"inLanguage\":\"pt-BR\",\"@id\":\"https:\/\/www.estrategiaconcursos.com.br\/blog\/#\/schema\/logo\/image\/\",\"url\":\"https:\/\/dhg1h5j42swfq.cloudfront.net\/2025\/06\/03203428\/logo_concursos-1.jpg\",\"contentUrl\":\"https:\/\/dhg1h5j42swfq.cloudfront.net\/2025\/06\/03203428\/logo_concursos-1.jpg\",\"width\":230,\"height\":60,\"caption\":\"Estrat\u00e9gia Concursos\"},\"image\":{\"@id\":\"https:\/\/www.estrategiaconcursos.com.br\/blog\/#\/schema\/logo\/image\/\"},\"sameAs\":[\"https:\/\/x.com\/EstratConcursos\"]},{\"@type\":\"Person\",\"@id\":\"https:\/\/www.estrategiaconcursos.com.br\/blog\/#\/schema\/person\/3ac3a2171af8f7657d180d6ae5f2f484\",\"name\":\"D\u00e9bora Vaz Ferreira\",\"image\":{\"@type\":\"ImageObject\",\"inLanguage\":\"pt-BR\",\"@id\":\"https:\/\/secure.gravatar.com\/avatar\/59ca904a5c31c9d452c94b546e93d8f4edc959802fcdcfd9cf11f8913663abfa?s=96&d=mm&r=g\",\"url\":\"https:\/\/secure.gravatar.com\/avatar\/59ca904a5c31c9d452c94b546e93d8f4edc959802fcdcfd9cf11f8913663abfa?s=96&d=mm&r=g\",\"contentUrl\":\"https:\/\/secure.gravatar.com\/avatar\/59ca904a5c31c9d452c94b546e93d8f4edc959802fcdcfd9cf11f8913663abfa?s=96&d=mm&r=g\",\"caption\":\"D\u00e9bora Vaz Ferreira\"},\"url\":\"https:\/\/www.estrategiaconcursos.com.br\/blog\/author\/debora-vazfgmail-com\/\"}]}<\/script>\n<!-- \/ Yoast SEO Premium plugin. -->","yoast_head_json":{"title":"Governo Eletr\u00f4nico para o SEFAZ-PE","description":"Analisaremos o que \u00e9 o governo eletr\u00f4nico, seus est\u00e1gios, fundamentos, diretrizes e aplica\u00e7\u00e3o na esfera p\u00fablica para a prova do SEFAZ-PE","robots":{"index":"index","follow":"follow","max-snippet":"max-snippet:-1","max-image-preview":"max-image-preview:large","max-video-preview":"max-video-preview:-1"},"canonical":"https:\/\/www.estrategiaconcursos.com.br\/blog\/governo-eletronico-sefaz-pe\/","og_locale":"pt_BR","og_type":"article","og_title":"Governo Eletr\u00f4nico para o SEFAZ-PE","og_description":"Analisaremos o que \u00e9 o governo eletr\u00f4nico, seus est\u00e1gios, fundamentos, diretrizes e aplica\u00e7\u00e3o na esfera p\u00fablica para a prova do SEFAZ-PE","og_url":"https:\/\/www.estrategiaconcursos.com.br\/blog\/governo-eletronico-sefaz-pe\/","og_site_name":"Estrat\u00e9gia Concursos","article_published_time":"2022-06-02T11:17:00+00:00","og_image":[{"width":768,"height":550,"url":"https:\/\/dhg1h5j42swfq.cloudfront.net\/2022\/05\/10153452\/img_9989-1.jpg","type":"image\/jpeg"}],"author":"D\u00e9bora Vaz Ferreira","twitter_card":"summary_large_image","twitter_creator":"@EstratConcursos","twitter_site":"@EstratConcursos","twitter_misc":{"Escrito por":"D\u00e9bora Vaz Ferreira","Est. tempo de leitura":"9 minutos"},"schema":{"@context":"https:\/\/schema.org","@graph":[{"@type":"NewsArticle","@id":"https:\/\/www.estrategiaconcursos.com.br\/blog\/governo-eletronico-sefaz-pe\/#article","isPartOf":{"@id":"https:\/\/www.estrategiaconcursos.com.br\/blog\/governo-eletronico-sefaz-pe\/"},"author":{"name":"D\u00e9bora Vaz Ferreira","@id":"https:\/\/www.estrategiaconcursos.com.br\/blog\/#\/schema\/person\/3ac3a2171af8f7657d180d6ae5f2f484"},"headline":"Governo Eletr\u00f4nico para o SEFAZ-PE","datePublished":"2022-06-02T11:17:00+00:00","mainEntityOfPage":{"@id":"https:\/\/www.estrategiaconcursos.com.br\/blog\/governo-eletronico-sefaz-pe\/"},"wordCount":1954,"commentCount":0,"publisher":{"@id":"https:\/\/www.estrategiaconcursos.com.br\/blog\/#organization"},"image":{"@id":"https:\/\/www.estrategiaconcursos.com.br\/blog\/governo-eletronico-sefaz-pe\/#primaryimage"},"thumbnailUrl":"https:\/\/dhg1h5j42swfq.cloudfront.net\/2022\/05\/10153452\/img_9989-1.jpg","articleSection":["Concursos P\u00fablicos"],"inLanguage":"pt-BR","potentialAction":[{"@type":"CommentAction","name":"Comment","target":["https:\/\/www.estrategiaconcursos.com.br\/blog\/governo-eletronico-sefaz-pe\/#respond"]}],"copyrightYear":"2022","copyrightHolder":{"@id":"https:\/\/www.estrategiaconcursos.com.br\/blog\/#organization"}},{"@type":"WebPage","@id":"https:\/\/www.estrategiaconcursos.com.br\/blog\/governo-eletronico-sefaz-pe\/","url":"https:\/\/www.estrategiaconcursos.com.br\/blog\/governo-eletronico-sefaz-pe\/","name":"Governo Eletr\u00f4nico para o SEFAZ-PE","isPartOf":{"@id":"https:\/\/www.estrategiaconcursos.com.br\/blog\/#website"},"primaryImageOfPage":{"@id":"https:\/\/www.estrategiaconcursos.com.br\/blog\/governo-eletronico-sefaz-pe\/#primaryimage"},"image":{"@id":"https:\/\/www.estrategiaconcursos.com.br\/blog\/governo-eletronico-sefaz-pe\/#primaryimage"},"thumbnailUrl":"https:\/\/dhg1h5j42swfq.cloudfront.net\/2022\/05\/10153452\/img_9989-1.jpg","datePublished":"2022-06-02T11:17:00+00:00","description":"Analisaremos o que \u00e9 o governo eletr\u00f4nico, seus est\u00e1gios, fundamentos, diretrizes e aplica\u00e7\u00e3o na esfera p\u00fablica para a prova do SEFAZ-PE","breadcrumb":{"@id":"https:\/\/www.estrategiaconcursos.com.br\/blog\/governo-eletronico-sefaz-pe\/#breadcrumb"},"inLanguage":"pt-BR","potentialAction":[{"@type":"ReadAction","target":["https:\/\/www.estrategiaconcursos.com.br\/blog\/governo-eletronico-sefaz-pe\/"]}]},{"@type":"ImageObject","inLanguage":"pt-BR","@id":"https:\/\/www.estrategiaconcursos.com.br\/blog\/governo-eletronico-sefaz-pe\/#primaryimage","url":"https:\/\/dhg1h5j42swfq.cloudfront.net\/2022\/05\/10153452\/img_9989-1.jpg","contentUrl":"https:\/\/dhg1h5j42swfq.cloudfront.net\/2022\/05\/10153452\/img_9989-1.jpg","width":768,"height":550},{"@type":"BreadcrumbList","@id":"https:\/\/www.estrategiaconcursos.com.br\/blog\/governo-eletronico-sefaz-pe\/#breadcrumb","itemListElement":[{"@type":"ListItem","position":1,"name":"In\u00edcio","item":"https:\/\/www.estrategiaconcursos.com.br\/blog\/"},{"@type":"ListItem","position":2,"name":"Governo Eletr\u00f4nico para o SEFAZ-PE"}]},{"@type":"WebSite","@id":"https:\/\/www.estrategiaconcursos.com.br\/blog\/#website","url":"https:\/\/www.estrategiaconcursos.com.br\/blog\/","name":"Estrat\u00e9gia Concursos","description":"O blog da Estrat\u00e9gia Concursos traz not\u00edcias sobre concursos e artigos de professores oferecendo cursos para concursos (pdf + videaulas) no site.","publisher":{"@id":"https:\/\/www.estrategiaconcursos.com.br\/blog\/#organization"},"potentialAction":[{"@type":"SearchAction","target":{"@type":"EntryPoint","urlTemplate":"https:\/\/www.estrategiaconcursos.com.br\/blog\/?s={search_term_string}"},"query-input":{"@type":"PropertyValueSpecification","valueRequired":true,"valueName":"search_term_string"}}],"inLanguage":"pt-BR"},{"@type":"Organization","@id":"https:\/\/www.estrategiaconcursos.com.br\/blog\/#organization","name":"Estrat\u00e9gia Concursos","url":"https:\/\/www.estrategiaconcursos.com.br\/blog\/","logo":{"@type":"ImageObject","inLanguage":"pt-BR","@id":"https:\/\/www.estrategiaconcursos.com.br\/blog\/#\/schema\/logo\/image\/","url":"https:\/\/dhg1h5j42swfq.cloudfront.net\/2025\/06\/03203428\/logo_concursos-1.jpg","contentUrl":"https:\/\/dhg1h5j42swfq.cloudfront.net\/2025\/06\/03203428\/logo_concursos-1.jpg","width":230,"height":60,"caption":"Estrat\u00e9gia Concursos"},"image":{"@id":"https:\/\/www.estrategiaconcursos.com.br\/blog\/#\/schema\/logo\/image\/"},"sameAs":["https:\/\/x.com\/EstratConcursos"]},{"@type":"Person","@id":"https:\/\/www.estrategiaconcursos.com.br\/blog\/#\/schema\/person\/3ac3a2171af8f7657d180d6ae5f2f484","name":"D\u00e9bora Vaz Ferreira","image":{"@type":"ImageObject","inLanguage":"pt-BR","@id":"https:\/\/secure.gravatar.com\/avatar\/59ca904a5c31c9d452c94b546e93d8f4edc959802fcdcfd9cf11f8913663abfa?s=96&d=mm&r=g","url":"https:\/\/secure.gravatar.com\/avatar\/59ca904a5c31c9d452c94b546e93d8f4edc959802fcdcfd9cf11f8913663abfa?s=96&d=mm&r=g","contentUrl":"https:\/\/secure.gravatar.com\/avatar\/59ca904a5c31c9d452c94b546e93d8f4edc959802fcdcfd9cf11f8913663abfa?s=96&d=mm&r=g","caption":"D\u00e9bora Vaz Ferreira"},"url":"https:\/\/www.estrategiaconcursos.com.br\/blog\/author\/debora-vazfgmail-com\/"}]}},"_links":{"self":[{"href":"https:\/\/www.estrategiaconcursos.com.br\/blog\/wp-json\/wp\/v2\/posts\/1025364","targetHints":{"allow":["GET"]}}],"collection":[{"href":"https:\/\/www.estrategiaconcursos.com.br\/blog\/wp-json\/wp\/v2\/posts"}],"about":[{"href":"https:\/\/www.estrategiaconcursos.com.br\/blog\/wp-json\/wp\/v2\/types\/post"}],"author":[{"embeddable":true,"href":"https:\/\/www.estrategiaconcursos.com.br\/blog\/wp-json\/wp\/v2\/users\/2407"}],"replies":[{"embeddable":true,"href":"https:\/\/www.estrategiaconcursos.com.br\/blog\/wp-json\/wp\/v2\/comments?post=1025364"}],"version-history":[{"count":7,"href":"https:\/\/www.estrategiaconcursos.com.br\/blog\/wp-json\/wp\/v2\/posts\/1025364\/revisions"}],"predecessor-version":[{"id":1029046,"href":"https:\/\/www.estrategiaconcursos.com.br\/blog\/wp-json\/wp\/v2\/posts\/1025364\/revisions\/1029046"}],"wp:featuredmedia":[{"embeddable":true,"href":"https:\/\/www.estrategiaconcursos.com.br\/blog\/wp-json\/wp\/v2\/media\/1025392"}],"wp:attachment":[{"href":"https:\/\/www.estrategiaconcursos.com.br\/blog\/wp-json\/wp\/v2\/media?parent=1025364"}],"wp:term":[{"taxonomy":"category","embeddable":true,"href":"https:\/\/www.estrategiaconcursos.com.br\/blog\/wp-json\/wp\/v2\/categories?post=1025364"},{"taxonomy":"post_tag","embeddable":true,"href":"https:\/\/www.estrategiaconcursos.com.br\/blog\/wp-json\/wp\/v2\/tags?post=1025364"},{"taxonomy":"tax_estado","embeddable":true,"href":"https:\/\/www.estrategiaconcursos.com.br\/blog\/wp-json\/wp\/v2\/tax_estado?post=1025364"}],"curies":[{"name":"wp","href":"https:\/\/api.w.org\/{rel}","templated":true}]}}